{"id":476636,"date":"2024-04-04T16:55:44","date_gmt":"2024-04-04T14:55:44","guid":{"rendered":"https:\/\/dicodusport.fr\/blog\/?p=476636&#038;preview=true&#038;preview_id=476636"},"modified":"2024-04-04T21:03:04","modified_gmt":"2024-04-04T19:03:04","slug":"tour-du-pays-basque-2024-vingegaard-evenepoel-et-roglic-abandonnent-apres-une-terrible-chute","status":"publish","type":"post","link":"https:\/\/dicodusport.fr\/blog\/tour-du-pays-basque-2024-vingegaard-evenepoel-et-roglic-abandonnent-apres-une-terrible-chute\/","title":{"rendered":"Tour du Pays Basque 2024 : Vingegaard, Evenepoel et Roglic abandonnent apr\u00e8s une terrible chute"},"content":{"rendered":"<p style=\"text-align: justify;\"><strong><em>TOUR DU PAYS BASQUE 2024 &#8211; Une terrible chute a envoy\u00e9 au sol la t\u00eate du peloton sur les routes du Tour du Pays Basque, ce jeudi. Jonas Vingegaard, Primoz Roglic et Remco Evenepoel sont contraints \u00e0 l&rsquo;abandon. Le double vainqueur du Tour de France, en 2022 et 2023, est tr\u00e8s s\u00e9rieusement touch\u00e9 au dos.<\/em><\/strong><\/p>\n<ul>\n<li style=\"text-align: justify;\"><strong>\u00c0 ce sujet \u2013\u00a0<a href=\"https:\/\/dicodusport.fr\/blog\/tour-du-pays-basque-2024-parcours-detaille-et-profils-des-etapes\/\">Tour du Pays Basque 2024 : Parcours d\u00e9taill\u00e9 et profils des \u00e9tapes<\/a><\/strong><\/li>\n<\/ul>\n<p style=\"text-align: justify;\">C&rsquo;est encore une fois le KO sur les routes du <strong>Tour du Pays Basque<\/strong>. Une troisi\u00e8me \u00e9norme chute en trois jours. Mais celle-ci risque bien de marquer un tournant dans la suite de la saison. Toute la premi\u00e8re partie du peloton, qui \u00e9tait dans une descente \u00e0 35 kilom\u00e8tres de l&rsquo;arriv\u00e9e, est tomb\u00e9e. <strong>Natnael Tesfatsion<\/strong><em>\u00a0(<\/em>Lidl-Trek) en premier, qui a emmen\u00e9 d&rsquo;autres coureurs avec lui, dans une partie dangereuse et avec un petit muret.<\/p>\n<h2 style=\"text-align: justify;\">Roglic, Evenepoel et Vingegaard out<\/h2>\n<p style=\"text-align: justify;\">Car parmi les coureurs qui ont chut\u00e9, figure <strong>Primoz Roglic<\/strong> (Bora-Hangrohe), d\u00e9j\u00e0 \u00e0 terre hier. Le leader du <a href=\"https:\/\/dicodusport.fr\/blog\/tour-du-pays-basque-2024-classement-general\/\">classement g\u00e9n\u00e9ral<\/a>\u00a0a pu se relever, mais est contraint \u00e0 l&rsquo;abandon. Mais ce n&rsquo;est rien compar\u00e9 \u00e0 <strong>Remco Evenepoel <\/strong>(Soudal-Quick Step), dont la clavicule droite semble avoir souffert. \u00c0 quelques jours des Ardennaises, le champion de Belgique risque de voir ses r\u00eaves de tripl\u00e9 sur Li\u00e8ge-Bastogne-Li\u00e8ge s&rsquo;envoler. Mais le bilan semble encore plus grave pour <strong>Jonas Vingegaard<\/strong> (Visma-Lease a Bike). Le double vainqueur du Tour de France, en 2022 et 202,3 est rest\u00e9 de longues minutes allong\u00e9 sur l&rsquo;herbe, avant d&rsquo;\u00eatre \u00e9vacu\u00e9 sur une civi\u00e8re. On peut craindre le pire pour le Danois. <strong>Jay Vine<\/strong> (UAE Team Emirates), semblait lourdement touch\u00e9 \u00e9galement. Tout comme le Belge de la TotalEnergies, <strong>Steff Cras<\/strong>.<\/p>\n<blockquote class=\"twitter-tweet\">\n<p dir=\"ltr\" lang=\"es\">\ud83d\udea8 CA\u00cdDA EN EL PELOT\u00d3N\ud83d\udea8<\/p>\n<p>Entre los ca\u00eddos, Primoz Roglic, Remco Evenepoel, Quinten Hermans y Jonas Vingegaard<\/p>\n<p>\ud83c\udfc6 <a href=\"https:\/\/twitter.com\/BancoSabadell?ref_src=twsrc%5Etfw\">@bancosabadell<\/a><\/p>\n<p>\ud83d\udd34 MORE INFO \u2b07\ufe0f<\/p>\n<p>\ud83d\udd17 <a href=\"https:\/\/t.co\/JABIxm2MWO\">https:\/\/t.co\/JABIxm2MWO<\/a> <a href=\"https:\/\/twitter.com\/hashtag\/Itzulia2024?src=hash&amp;ref_src=twsrc%5Etfw\">#Itzulia2024<\/a> <a href=\"https:\/\/t.co\/YnprHUo5Nr\">pic.twitter.com\/YnprHUo5Nr<\/a><\/p>\n<p>\u2014 Itzulia Basque Country (@ehitzulia) <a href=\"https:\/\/twitter.com\/ehitzulia\/status\/1775895569027981704?ref_src=twsrc%5Etfw\">April 4, 2024<\/a><\/p><\/blockquote>\n<p><script async src=\"https:\/\/platform.twitter.com\/widgets.js\" charset=\"utf-8\"><\/script><\/p>\n<p style=\"text-align: justify;\">Cette chute vient une nouvelle fois marquer les esprits, apr\u00e8s celle d&rsquo;\u00c0 Travers la Flandre, de la m\u00eame ampleur. On ne peut qu&rsquo;esp\u00e9rer que le bilan ne soit pas trop lourd pour tous ceux qui sont tomb\u00e9s. La course est, \u00e0 l&rsquo;heure o\u00f9 on \u00e9crit ces lignes, neutralis\u00e9e.<\/p>\n<p>&nbsp;<\/p>\n","protected":false},"excerpt":{"rendered":"<p>TOUR DU PAYS BASQUE 2024 &#8211; Une terrible chute a envoy\u00e9 au sol la t\u00eate du peloton sur les routes du Tour du Pays Basque, ce jeudi.<\/p>\n","protected":false},"author":83,"featured_media":476642,"comment_status":"open","ping_status":"closed","sticky":false,"template":"","format":"standard","meta":{"_acf_changed":false,"_daextam_enable_autolinks":"1","footnotes":""},"categories":[46994],"tags":[16878,17721,7855,8420,24,7583],"class_list":["post-476636","post","type-post","status-publish","format-standard","has-post-thumbnail","hentry","category-cyclisme-sur-route","tag-breve","tag-jonas-vingegaard","tag-primoz-roglic","tag-remco-evenepoel","tag-sport","tag-tour-du-pays-basque"],"acf":[],"yoast_head":"<!-- This site is optimized with the Yoast SEO Premium plugin v26.7 (Yoast SEO v26.7) - https:\/\/yoast.com\/wordpress\/plugins\/seo\/ -->\n<title>Tour du Pays Basque 2024 : Vingegaard, Evenepoel et Roglic abandonnent apr\u00e8s une terrible chute<\/title>\n<meta name=\"description\" content=\"TOUR DU PAYS BASQUE 2024 - Une terrible chute a envoy\u00e9 au sol la t\u00eate du peloton sur les routes du Tour du Pays Basque.\" \/>\n<meta name=\"robots\" content=\"index, follow, max-snippet:-1, max-image-preview:large, max-video-preview:-1\" \/>\n<link rel=\"canonical\" href=\"https:\/\/dicodusport.fr\/blog\/tour-du-pays-basque-2024-vingegaard-evenepoel-et-roglic-abandonnent-apres-une-terrible-chute\/\" \/>\n<meta property=\"og:locale\" content=\"fr_FR\" \/>\n<meta property=\"og:type\" content=\"article\" \/>\n<meta property=\"og:title\" content=\"Tour du Pays Basque 2024 : Vingegaard, Evenepoel et Roglic abandonnent apr\u00e8s une terrible chute\" \/>\n<meta property=\"og:description\" content=\"TOUR DU PAYS BASQUE 2024 - Une terrible chute a envoy\u00e9 au sol la t\u00eate du peloton sur les routes du Tour du Pays Basque.\" \/>\n<meta property=\"og:url\" content=\"https:\/\/dicodusport.fr\/blog\/tour-du-pays-basque-2024-vingegaard-evenepoel-et-roglic-abandonnent-apres-une-terrible-chute\/\" \/>\n<meta property=\"og:site_name\" content=\"Dicodusport\" \/>\n<meta property=\"article:publisher\" content=\"https:\/\/www.facebook.com\/dicodusport\" \/>\n<meta property=\"article:published_time\" content=\"2024-04-04T14:55:44+00:00\" \/>\n<meta property=\"article:modified_time\" content=\"2024-04-04T19:03:04+00:00\" \/>\n<meta property=\"og:image\" content=\"https:\/\/dicodusport.fr\/blog\/wp-content\/uploads\/2024\/04\/Tour-du-Pays-Basque-2024-Vingegaard-Evenepoel-et-Roglic-abandonnent-apres-une-terrible-chute.png\" \/>\n\t<meta property=\"og:image:width\" content=\"1200\" \/>\n\t<meta property=\"og:image:height\" content=\"674\" \/>\n\t<meta property=\"og:image:type\" content=\"image\/png\" \/>\n<meta name=\"author\" content=\"Etienne Goursaud\" \/>\n<meta name=\"twitter:card\" content=\"summary_large_image\" \/>\n<meta name=\"twitter:title\" content=\"Tour du Pays Basque 2024 : Vingegaard, Evenepoel et Roglic abandonnent apr\u00e8s une terrible chute\" \/>\n<meta name=\"twitter:creator\" content=\"@dicodusport\" \/>\n<meta name=\"twitter:site\" content=\"@dicodusport\" \/>\n<script type=\"application\/ld+json\" class=\"yoast-schema-graph\">{\"@context\":\"https:\/\/schema.org\",\"@graph\":[{\"@type\":\"NewsArticle\",\"@id\":\"https:\/\/dicodusport.fr\/blog\/tour-du-pays-basque-2024-vingegaard-evenepoel-et-roglic-abandonnent-apres-une-terrible-chute\/#article\",\"isPartOf\":{\"@id\":\"https:\/\/dicodusport.fr\/blog\/tour-du-pays-basque-2024-vingegaard-evenepoel-et-roglic-abandonnent-apres-une-terrible-chute\/\"},\"author\":{\"name\":\"Etienne Goursaud\",\"@id\":\"https:\/\/dicodusport.fr\/blog\/#\/schema\/person\/d603dd7da31fb2b46c82b9835a77ec13\"},\"headline\":\"Tour du Pays Basque 2024 : Vingegaard, Evenepoel et Roglic abandonnent apr\u00e8s une terrible chute\",\"datePublished\":\"2024-04-04T14:55:44+00:00\",\"dateModified\":\"2024-04-04T19:03:04+00:00\",\"mainEntityOfPage\":{\"@id\":\"https:\/\/dicodusport.fr\/blog\/tour-du-pays-basque-2024-vingegaard-evenepoel-et-roglic-abandonnent-apres-une-terrible-chute\/\"},\"wordCount\":395,\"commentCount\":0,\"publisher\":{\"@id\":\"https:\/\/dicodusport.fr\/blog\/#organization\"},\"image\":{\"@id\":\"https:\/\/dicodusport.fr\/blog\/tour-du-pays-basque-2024-vingegaard-evenepoel-et-roglic-abandonnent-apres-une-terrible-chute\/#primaryimage\"},\"thumbnailUrl\":\"https:\/\/dicodusport.fr\/blog\/wp-content\/uploads\/2024\/04\/Tour-du-Pays-Basque-2024-Vingegaard-Evenepoel-et-Roglic-abandonnent-apres-une-terrible-chute.png\",\"keywords\":[\"br\u00e8ve\",\"Jonas Vingegaard\",\"Primoz Roglic\",\"Remco Evenepoel\",\"sport\",\"Tour du Pays Basque\"],\"articleSection\":[\"Cyclisme sur route\"],\"inLanguage\":\"fr-FR\",\"potentialAction\":[{\"@type\":\"CommentAction\",\"name\":\"Comment\",\"target\":[\"https:\/\/dicodusport.fr\/blog\/tour-du-pays-basque-2024-vingegaard-evenepoel-et-roglic-abandonnent-apres-une-terrible-chute\/#respond\"]}],\"copyrightYear\":\"2024\",\"copyrightHolder\":{\"@id\":\"https:\/\/dicodusport.fr\/blog\/#organization\"}},{\"@type\":\"WebPage\",\"@id\":\"https:\/\/dicodusport.fr\/blog\/tour-du-pays-basque-2024-vingegaard-evenepoel-et-roglic-abandonnent-apres-une-terrible-chute\/\",\"url\":\"https:\/\/dicodusport.fr\/blog\/tour-du-pays-basque-2024-vingegaard-evenepoel-et-roglic-abandonnent-apres-une-terrible-chute\/\",\"name\":\"Tour du Pays Basque 2024 : Vingegaard, Evenepoel et Roglic abandonnent apr\u00e8s une terrible chute\",\"isPartOf\":{\"@id\":\"https:\/\/dicodusport.fr\/blog\/#website\"},\"primaryImageOfPage\":{\"@id\":\"https:\/\/dicodusport.fr\/blog\/tour-du-pays-basque-2024-vingegaard-evenepoel-et-roglic-abandonnent-apres-une-terrible-chute\/#primaryimage\"},\"image\":{\"@id\":\"https:\/\/dicodusport.fr\/blog\/tour-du-pays-basque-2024-vingegaard-evenepoel-et-roglic-abandonnent-apres-une-terrible-chute\/#primaryimage\"},\"thumbnailUrl\":\"https:\/\/dicodusport.fr\/blog\/wp-content\/uploads\/2024\/04\/Tour-du-Pays-Basque-2024-Vingegaard-Evenepoel-et-Roglic-abandonnent-apres-une-terrible-chute.png\",\"datePublished\":\"2024-04-04T14:55:44+00:00\",\"dateModified\":\"2024-04-04T19:03:04+00:00\",\"description\":\"TOUR DU PAYS BASQUE 2024 - Une terrible chute a envoy\u00e9 au sol la t\u00eate du peloton sur les routes du Tour du Pays Basque.\",\"breadcrumb\":{\"@id\":\"https:\/\/dicodusport.fr\/blog\/tour-du-pays-basque-2024-vingegaard-evenepoel-et-roglic-abandonnent-apres-une-terrible-chute\/#breadcrumb\"},\"inLanguage\":\"fr-FR\",\"potentialAction\":[{\"@type\":\"ReadAction\",\"target\":[\"https:\/\/dicodusport.fr\/blog\/tour-du-pays-basque-2024-vingegaard-evenepoel-et-roglic-abandonnent-apres-une-terrible-chute\/\"]}]},{\"@type\":\"ImageObject\",\"inLanguage\":\"fr-FR\",\"@id\":\"https:\/\/dicodusport.fr\/blog\/tour-du-pays-basque-2024-vingegaard-evenepoel-et-roglic-abandonnent-apres-une-terrible-chute\/#primaryimage\",\"url\":\"https:\/\/dicodusport.fr\/blog\/wp-content\/uploads\/2024\/04\/Tour-du-Pays-Basque-2024-Vingegaard-Evenepoel-et-Roglic-abandonnent-apres-une-terrible-chute.png\",\"contentUrl\":\"https:\/\/dicodusport.fr\/blog\/wp-content\/uploads\/2024\/04\/Tour-du-Pays-Basque-2024-Vingegaard-Evenepoel-et-Roglic-abandonnent-apres-une-terrible-chute.png\",\"width\":1200,\"height\":674,\"caption\":\"Tour du Pays Basque 2024 Vingegaard, Evenepoel et Roglic abandonnent apr\u00e8s une terrible chute\"},{\"@type\":\"BreadcrumbList\",\"@id\":\"https:\/\/dicodusport.fr\/blog\/tour-du-pays-basque-2024-vingegaard-evenepoel-et-roglic-abandonnent-apres-une-terrible-chute\/#breadcrumb\",\"itemListElement\":[{\"@type\":\"ListItem\",\"position\":1,\"name\":\"Accueil\",\"item\":\"https:\/\/dicodusport.fr\/blog\/\"},{\"@type\":\"ListItem\",\"position\":2,\"name\":\"Tour du Pays Basque 2024 : Vingegaard, Evenepoel et Roglic abandonnent apr\u00e8s une terrible chute\"}]},{\"@type\":\"WebSite\",\"@id\":\"https:\/\/dicodusport.fr\/blog\/#website\",\"url\":\"https:\/\/dicodusport.fr\/blog\/\",\"name\":\"Dicodusport\",\"description\":\"L&#039;encyclop\u00e9die de l&#039;actualit\u00e9 sportive\",\"publisher\":{\"@id\":\"https:\/\/dicodusport.fr\/blog\/#organization\"},\"potentialAction\":[{\"@type\":\"SearchAction\",\"target\":{\"@type\":\"EntryPoint\",\"urlTemplate\":\"https:\/\/dicodusport.fr\/blog\/?s={search_term_string}\"},\"query-input\":{\"@type\":\"PropertyValueSpecification\",\"valueRequired\":true,\"valueName\":\"search_term_string\"}}],\"inLanguage\":\"fr-FR\"},{\"@type\":\"NewsMediaOrganization\",\"@id\":\"https:\/\/dicodusport.fr\/blog\/#organization\",\"name\":\"Dicodusport\",\"url\":\"https:\/\/dicodusport.fr\/blog\/\",\"logo\":{\"@type\":\"ImageObject\",\"inLanguage\":\"fr-FR\",\"@id\":\"https:\/\/dicodusport.fr\/blog\/#\/schema\/logo\/image\/\",\"url\":\"https:\/\/dicodusport.fr\/blog\/wp-content\/uploads\/2020\/06\/cropped-LOGO-DICODUSPORT-2020-SANS-FOND-SANS-TEXTE.png\",\"contentUrl\":\"https:\/\/dicodusport.fr\/blog\/wp-content\/uploads\/2020\/06\/cropped-LOGO-DICODUSPORT-2020-SANS-FOND-SANS-TEXTE.png\",\"width\":512,\"height\":512,\"caption\":\"Dicodusport\"},\"image\":{\"@id\":\"https:\/\/dicodusport.fr\/blog\/#\/schema\/logo\/image\/\"},\"sameAs\":[\"https:\/\/www.facebook.com\/dicodusport\",\"https:\/\/x.com\/dicodusport\",\"https:\/\/www.instagram.com\/dicodusport\/\",\"https:\/\/www.youtube.com\/channel\/UC7V2KZ5sd3htJivAbA4ZG3w\"],\"description\":\"Dicodusport est l'encyclop\u00e9die de l'actualit\u00e9 sportive.\",\"email\":\"bonjour@dicodusport.fr\",\"legalName\":\"DICODUSPORT\",\"foundingDate\":\"2018-01-14\",\"vatID\":\"FR71834470973\",\"taxID\":\"83447097300043\",\"numberOfEmployees\":{\"@type\":\"QuantitativeValue\",\"minValue\":\"1\",\"maxValue\":\"10\"}},{\"@type\":\"Person\",\"@id\":\"https:\/\/dicodusport.fr\/blog\/#\/schema\/person\/d603dd7da31fb2b46c82b9835a77ec13\",\"name\":\"Etienne Goursaud\",\"image\":{\"@type\":\"ImageObject\",\"inLanguage\":\"fr-FR\",\"@id\":\"https:\/\/dicodusport.fr\/blog\/#\/schema\/person\/image\/\",\"url\":\"https:\/\/dicodusport.fr\/blog\/wp-content\/uploads\/2023\/12\/410122264_10231602061736049_5565839791558026645_n-150x150.jpg\",\"contentUrl\":\"https:\/\/dicodusport.fr\/blog\/wp-content\/uploads\/2023\/12\/410122264_10231602061736049_5565839791558026645_n-150x150.jpg\",\"caption\":\"Etienne Goursaud\"},\"description\":\"Journaliste et amoureux de sport. Ancien footballeur reconverti athl\u00e8te quand ses muscles le laissent tranquille. \u00c9lev\u00e9 \u00e0 la sauce des exploits de Thomas Voeckler en 2004, du dernier essai de l\u00e9gende de Eunice Barber \u00e0 la longueur lors des championnats du monde d'athl\u00e9tisme de 2003 mais aussi Zidane, Omeyer et Titou Lamaison.\",\"url\":\"https:\/\/dicodusport.fr\/blog\/author\/etienne-goursaud\/\"}]}<\/script>\n<!-- \/ Yoast SEO Premium plugin. -->","yoast_head_json":{"title":"Tour du Pays Basque 2024 : Vingegaard, Evenepoel et Roglic abandonnent apr\u00e8s une terrible chute","description":"TOUR DU PAYS BASQUE 2024 - Une terrible chute a envoy\u00e9 au sol la t\u00eate du peloton sur les routes du Tour du Pays Basque.","robots":{"index":"index","follow":"follow","max-snippet":"max-snippet:-1","max-image-preview":"max-image-preview:large","max-video-preview":"max-video-preview:-1"},"canonical":"https:\/\/dicodusport.fr\/blog\/tour-du-pays-basque-2024-vingegaard-evenepoel-et-roglic-abandonnent-apres-une-terrible-chute\/","og_locale":"fr_FR","og_type":"article","og_title":"Tour du Pays Basque 2024 : Vingegaard, Evenepoel et Roglic abandonnent apr\u00e8s une terrible chute","og_description":"TOUR DU PAYS BASQUE 2024 - Une terrible chute a envoy\u00e9 au sol la t\u00eate du peloton sur les routes du Tour du Pays Basque.","og_url":"https:\/\/dicodusport.fr\/blog\/tour-du-pays-basque-2024-vingegaard-evenepoel-et-roglic-abandonnent-apres-une-terrible-chute\/","og_site_name":"Dicodusport","article_publisher":"https:\/\/www.facebook.com\/dicodusport","article_published_time":"2024-04-04T14:55:44+00:00","article_modified_time":"2024-04-04T19:03:04+00:00","og_image":[{"width":1200,"height":674,"url":"https:\/\/dicodusport.fr\/blog\/wp-content\/uploads\/2024\/04\/Tour-du-Pays-Basque-2024-Vingegaard-Evenepoel-et-Roglic-abandonnent-apres-une-terrible-chute.png","type":"image\/png"}],"author":"Etienne Goursaud","twitter_card":"summary_large_image","twitter_title":"Tour du Pays Basque 2024 : Vingegaard, Evenepoel et Roglic abandonnent apr\u00e8s une terrible chute","twitter_creator":"@dicodusport","twitter_site":"@dicodusport","schema":{"@context":"https:\/\/schema.org","@graph":[{"@type":"NewsArticle","@id":"https:\/\/dicodusport.fr\/blog\/tour-du-pays-basque-2024-vingegaard-evenepoel-et-roglic-abandonnent-apres-une-terrible-chute\/#article","isPartOf":{"@id":"https:\/\/dicodusport.fr\/blog\/tour-du-pays-basque-2024-vingegaard-evenepoel-et-roglic-abandonnent-apres-une-terrible-chute\/"},"author":{"name":"Etienne Goursaud","@id":"https:\/\/dicodusport.fr\/blog\/#\/schema\/person\/d603dd7da31fb2b46c82b9835a77ec13"},"headline":"Tour du Pays Basque 2024 : Vingegaard, Evenepoel et Roglic abandonnent apr\u00e8s une terrible chute","datePublished":"2024-04-04T14:55:44+00:00","dateModified":"2024-04-04T19:03:04+00:00","mainEntityOfPage":{"@id":"https:\/\/dicodusport.fr\/blog\/tour-du-pays-basque-2024-vingegaard-evenepoel-et-roglic-abandonnent-apres-une-terrible-chute\/"},"wordCount":395,"commentCount":0,"publisher":{"@id":"https:\/\/dicodusport.fr\/blog\/#organization"},"image":{"@id":"https:\/\/dicodusport.fr\/blog\/tour-du-pays-basque-2024-vingegaard-evenepoel-et-roglic-abandonnent-apres-une-terrible-chute\/#primaryimage"},"thumbnailUrl":"https:\/\/dicodusport.fr\/blog\/wp-content\/uploads\/2024\/04\/Tour-du-Pays-Basque-2024-Vingegaard-Evenepoel-et-Roglic-abandonnent-apres-une-terrible-chute.png","keywords":["br\u00e8ve","Jonas Vingegaard","Primoz Roglic","Remco Evenepoel","sport","Tour du Pays Basque"],"articleSection":["Cyclisme sur route"],"inLanguage":"fr-FR","potentialAction":[{"@type":"CommentAction","name":"Comment","target":["https:\/\/dicodusport.fr\/blog\/tour-du-pays-basque-2024-vingegaard-evenepoel-et-roglic-abandonnent-apres-une-terrible-chute\/#respond"]}],"copyrightYear":"2024","copyrightHolder":{"@id":"https:\/\/dicodusport.fr\/blog\/#organization"}},{"@type":"WebPage","@id":"https:\/\/dicodusport.fr\/blog\/tour-du-pays-basque-2024-vingegaard-evenepoel-et-roglic-abandonnent-apres-une-terrible-chute\/","url":"https:\/\/dicodusport.fr\/blog\/tour-du-pays-basque-2024-vingegaard-evenepoel-et-roglic-abandonnent-apres-une-terrible-chute\/","name":"Tour du Pays Basque 2024 : Vingegaard, Evenepoel et Roglic abandonnent apr\u00e8s une terrible chute","isPartOf":{"@id":"https:\/\/dicodusport.fr\/blog\/#website"},"primaryImageOfPage":{"@id":"https:\/\/dicodusport.fr\/blog\/tour-du-pays-basque-2024-vingegaard-evenepoel-et-roglic-abandonnent-apres-une-terrible-chute\/#primaryimage"},"image":{"@id":"https:\/\/dicodusport.fr\/blog\/tour-du-pays-basque-2024-vingegaard-evenepoel-et-roglic-abandonnent-apres-une-terrible-chute\/#primaryimage"},"thumbnailUrl":"https:\/\/dicodusport.fr\/blog\/wp-content\/uploads\/2024\/04\/Tour-du-Pays-Basque-2024-Vingegaard-Evenepoel-et-Roglic-abandonnent-apres-une-terrible-chute.png","datePublished":"2024-04-04T14:55:44+00:00","dateModified":"2024-04-04T19:03:04+00:00","description":"TOUR DU PAYS BASQUE 2024 - Une terrible chute a envoy\u00e9 au sol la t\u00eate du peloton sur les routes du Tour du Pays Basque.","breadcrumb":{"@id":"https:\/\/dicodusport.fr\/blog\/tour-du-pays-basque-2024-vingegaard-evenepoel-et-roglic-abandonnent-apres-une-terrible-chute\/#breadcrumb"},"inLanguage":"fr-FR","potentialAction":[{"@type":"ReadAction","target":["https:\/\/dicodusport.fr\/blog\/tour-du-pays-basque-2024-vingegaard-evenepoel-et-roglic-abandonnent-apres-une-terrible-chute\/"]}]},{"@type":"ImageObject","inLanguage":"fr-FR","@id":"https:\/\/dicodusport.fr\/blog\/tour-du-pays-basque-2024-vingegaard-evenepoel-et-roglic-abandonnent-apres-une-terrible-chute\/#primaryimage","url":"https:\/\/dicodusport.fr\/blog\/wp-content\/uploads\/2024\/04\/Tour-du-Pays-Basque-2024-Vingegaard-Evenepoel-et-Roglic-abandonnent-apres-une-terrible-chute.png","contentUrl":"https:\/\/dicodusport.fr\/blog\/wp-content\/uploads\/2024\/04\/Tour-du-Pays-Basque-2024-Vingegaard-Evenepoel-et-Roglic-abandonnent-apres-une-terrible-chute.png","width":1200,"height":674,"caption":"Tour du Pays Basque 2024 Vingegaard, Evenepoel et Roglic abandonnent apr\u00e8s une terrible chute"},{"@type":"BreadcrumbList","@id":"https:\/\/dicodusport.fr\/blog\/tour-du-pays-basque-2024-vingegaard-evenepoel-et-roglic-abandonnent-apres-une-terrible-chute\/#breadcrumb","itemListElement":[{"@type":"ListItem","position":1,"name":"Accueil","item":"https:\/\/dicodusport.fr\/blog\/"},{"@type":"ListItem","position":2,"name":"Tour du Pays Basque 2024 : Vingegaard, Evenepoel et Roglic abandonnent apr\u00e8s une terrible chute"}]},{"@type":"WebSite","@id":"https:\/\/dicodusport.fr\/blog\/#website","url":"https:\/\/dicodusport.fr\/blog\/","name":"Dicodusport","description":"L&#039;encyclop\u00e9die de l&#039;actualit\u00e9 sportive","publisher":{"@id":"https:\/\/dicodusport.fr\/blog\/#organization"},"potentialAction":[{"@type":"SearchAction","target":{"@type":"EntryPoint","urlTemplate":"https:\/\/dicodusport.fr\/blog\/?s={search_term_string}"},"query-input":{"@type":"PropertyValueSpecification","valueRequired":true,"valueName":"search_term_string"}}],"inLanguage":"fr-FR"},{"@type":"NewsMediaOrganization","@id":"https:\/\/dicodusport.fr\/blog\/#organization","name":"Dicodusport","url":"https:\/\/dicodusport.fr\/blog\/","logo":{"@type":"ImageObject","inLanguage":"fr-FR","@id":"https:\/\/dicodusport.fr\/blog\/#\/schema\/logo\/image\/","url":"https:\/\/dicodusport.fr\/blog\/wp-content\/uploads\/2020\/06\/cropped-LOGO-DICODUSPORT-2020-SANS-FOND-SANS-TEXTE.png","contentUrl":"https:\/\/dicodusport.fr\/blog\/wp-content\/uploads\/2020\/06\/cropped-LOGO-DICODUSPORT-2020-SANS-FOND-SANS-TEXTE.png","width":512,"height":512,"caption":"Dicodusport"},"image":{"@id":"https:\/\/dicodusport.fr\/blog\/#\/schema\/logo\/image\/"},"sameAs":["https:\/\/www.facebook.com\/dicodusport","https:\/\/x.com\/dicodusport","https:\/\/www.instagram.com\/dicodusport\/","https:\/\/www.youtube.com\/channel\/UC7V2KZ5sd3htJivAbA4ZG3w"],"description":"Dicodusport est l'encyclop\u00e9die de l'actualit\u00e9 sportive.","email":"bonjour@dicodusport.fr","legalName":"DICODUSPORT","foundingDate":"2018-01-14","vatID":"FR71834470973","taxID":"83447097300043","numberOfEmployees":{"@type":"QuantitativeValue","minValue":"1","maxValue":"10"}},{"@type":"Person","@id":"https:\/\/dicodusport.fr\/blog\/#\/schema\/person\/d603dd7da31fb2b46c82b9835a77ec13","name":"Etienne Goursaud","image":{"@type":"ImageObject","inLanguage":"fr-FR","@id":"https:\/\/dicodusport.fr\/blog\/#\/schema\/person\/image\/","url":"https:\/\/dicodusport.fr\/blog\/wp-content\/uploads\/2023\/12\/410122264_10231602061736049_5565839791558026645_n-150x150.jpg","contentUrl":"https:\/\/dicodusport.fr\/blog\/wp-content\/uploads\/2023\/12\/410122264_10231602061736049_5565839791558026645_n-150x150.jpg","caption":"Etienne Goursaud"},"description":"Journaliste et amoureux de sport. Ancien footballeur reconverti athl\u00e8te quand ses muscles le laissent tranquille. \u00c9lev\u00e9 \u00e0 la sauce des exploits de Thomas Voeckler en 2004, du dernier essai de l\u00e9gende de Eunice Barber \u00e0 la longueur lors des championnats du monde d'athl\u00e9tisme de 2003 mais aussi Zidane, Omeyer et Titou Lamaison.","url":"https:\/\/dicodusport.fr\/blog\/author\/etienne-goursaud\/"}]}},"_links":{"self":[{"href":"https:\/\/dicodusport.fr\/blog\/wp-json\/wp\/v2\/posts\/476636","targetHints":{"allow":["GET"]}}],"collection":[{"href":"https:\/\/dicodusport.fr\/blog\/wp-json\/wp\/v2\/posts"}],"about":[{"href":"https:\/\/dicodusport.fr\/blog\/wp-json\/wp\/v2\/types\/post"}],"author":[{"embeddable":true,"href":"https:\/\/dicodusport.fr\/blog\/wp-json\/wp\/v2\/users\/83"}],"replies":[{"embeddable":true,"href":"https:\/\/dicodusport.fr\/blog\/wp-json\/wp\/v2\/comments?post=476636"}],"version-history":[{"count":6,"href":"https:\/\/dicodusport.fr\/blog\/wp-json\/wp\/v2\/posts\/476636\/revisions"}],"predecessor-version":[{"id":476717,"href":"https:\/\/dicodusport.fr\/blog\/wp-json\/wp\/v2\/posts\/476636\/revisions\/476717"}],"wp:featuredmedia":[{"embeddable":true,"href":"https:\/\/dicodusport.fr\/blog\/wp-json\/wp\/v2\/media\/476642"}],"wp:attachment":[{"href":"https:\/\/dicodusport.fr\/blog\/wp-json\/wp\/v2\/media?parent=476636"}],"wp:term":[{"taxonomy":"category","embeddable":true,"href":"https:\/\/dicodusport.fr\/blog\/wp-json\/wp\/v2\/categories?post=476636"},{"taxonomy":"post_tag","embeddable":true,"href":"https:\/\/dicodusport.fr\/blog\/wp-json\/wp\/v2\/tags?post=476636"}],"curies":[{"name":"wp","href":"https:\/\/api.w.org\/{rel}","templated":true}]}}