{"id":476738,"date":"2024-04-05T08:07:32","date_gmt":"2024-04-05T06:07:32","guid":{"rendered":"https:\/\/dicodusport.fr\/blog\/?p=476738&#038;preview=true&#038;preview_id=476738"},"modified":"2024-04-05T13:36:38","modified_gmt":"2024-04-05T11:36:38","slug":"championnats-deurope-de-trampoline-2024-un-double-inedit-pour-les-equipes-de-france","status":"publish","type":"post","link":"https:\/\/dicodusport.fr\/blog\/championnats-deurope-de-trampoline-2024-un-double-inedit-pour-les-equipes-de-france\/","title":{"rendered":"Championnats d&rsquo;Europe de trampoline 2024 : Un doubl\u00e9 in\u00e9dit pour les \u00e9quipes de France !"},"content":{"rendered":"<p style=\"text-align: justify;\"><strong><em>TRAMPOLINE &#8211; Pour la premi\u00e8re fois dans l&rsquo;histoire de l&rsquo;\u00e9quipe de France de trampoline, le collectif des hommes et celui des femmes sont devenus champions d&rsquo;Europe par \u00e9quipes.<\/em><\/strong><\/p>\n<p style=\"text-align: justify;\">Historique ! C&rsquo;est le mot qui convient au terme de cette journ\u00e9e de comp\u00e9tition \u00e0 Guimaraes (Portugal). Les \u00e9quipes de France masculine et f\u00e9minine sont toutes deux devenues championnes d&rsquo;Europe \u00e0 quelques instants d&rsquo;intervalle. Il s&rsquo;agit du premier titre pour les femmes alors que leurs homologues \u00e9taient les tenants du titre et signent ainsi un troisi\u00e8me podium cons\u00e9cutif (apr\u00e8s le bronze en 2021 et l&rsquo;or en 2022).<\/p>\n<p style=\"text-align: justify;\">Chez les hommes, <strong>Julian Chartier<\/strong> et <strong>Pierre Gouzou<\/strong> ont bien lanc\u00e9 l&rsquo;\u00e9quipe de France en prenant chacun la deuxi\u00e8me place de leur groupe. De quoi mettre en confiance <strong>Allan Morante<\/strong> qui a conclu la belle soir\u00e9e des messieurs en prenant les cinq points r\u00e9serv\u00e9s au premier de la derni\u00e8re s\u00e9rie. Les Bleus devancent, avec 13 points, l&rsquo;Allemagne et l&rsquo;Espagne (9 points pour les deux pays). Chez les femmes, le titre a \u00e9t\u00e9 plus disput\u00e9. <strong>Cl\u00e9a Brousse<\/strong> et <strong>Laura Paris<\/strong> ont lanc\u00e9 l&rsquo;\u00e9quipe sur de bons rails en finissant respectivement deuxi\u00e8me et premi\u00e8re de leur s\u00e9rie. <strong>L\u00e9a Labrousse<\/strong>, termine troisi\u00e8me, tr\u00e8s proche de sa concurrente g\u00e9orgienne et de celle portugaise dont les \u00e9quipes accompagnent la France sur le podium. En conservant plus de deux points d&rsquo;avance sur la concurrente allemande, quatri\u00e8me, la Fran\u00e7aise permet \u00e0 son \u00e9quipe de d\u00e9crocher le titre, avec le m\u00eame nombre de points que la G\u00e9orgie.<\/p>\n<ul>\n<li style=\"text-align: justify;\"><strong>\u00c0 voir \u00e9galement : JO Paris 2024 : <a href=\"https:\/\/dicodusport.fr\/blog\/jo-paris-2024-le-calendrier-des-epreuves-qualificatives-du-mois-davril\/\">Le calendrier des \u00e9preuves qualificatives du mois d\u2019avril<\/a><\/strong><\/li>\n<\/ul>\n<h2>Solidaires&#8230; puis adversaires !<\/h2>\n<p style=\"text-align: justify;\">La d\u00e9l\u00e9gation fran\u00e7aise lance ainsi ses championnats de la meilleure des mani\u00e8res. Ces championnats permettront, en outre, d&rsquo;attribuer le quota olympique r\u00e9serv\u00e9 au pays h\u00f4te. L&rsquo;enjeu est donc de taille pour les Fran\u00e7ais, qui devront marquer les esprits de la f\u00e9d\u00e9ration. En individuel justement, <strong>L\u00e9a Labrousse<\/strong> et <strong>Allan Morrante<\/strong> terminent respectivement deuxi\u00e8me et troisi\u00e8me des qualifications et disputeront ainsi les demi-finales. Les deux Tricolores seront accompagn\u00e9s par <strong>Cl\u00e9a Brousse<\/strong> (15\u00e8me), <strong>Julian Chartier<\/strong> (5\u00e8me) et <strong>Pierre Gouzou<\/strong> (10\u00e8me). On les retrouvera dimanche pour les demi-finales et la finale alors que les \u00e9preuves synchronis\u00e9es auront lieu samedi.<\/p>\n<blockquote class=\"twitter-tweet\">\n<p dir=\"ltr\" lang=\"fr\">[TR\/TU &#8211; CHAMPIONNATS D&rsquo;EUROPE \ud83d\udccd Guimar\u00e3es \ud83c\uddf5\ud83c\uddf9]\n<p>DOUBL\u00c9 HISTORIQUE DES \u00c9QUIPES DE FRANCE DE TRAMPOLINE \ud83e\udd29\ud83d\ude31\ud83e\udd47\ud83c\uddeb\ud83c\uddf7<\/p>\n<p>\u2795 <a href=\"https:\/\/t.co\/2mSa6NOFqC\">https:\/\/t.co\/2mSa6NOFqC<\/a> <a href=\"https:\/\/t.co\/FWPAvX1KVg\">pic.twitter.com\/FWPAvX1KVg<\/a><\/p>\n<p>\u2014 F\u00e9d\u00e9ration Fran\u00e7aise de Gymnastique (@ffgymnastique) <a href=\"https:\/\/twitter.com\/ffgymnastique\/status\/1775985916638646345?ref_src=twsrc%5Etfw\">April 4, 2024<\/a><\/p><\/blockquote>\n<p><script async src=\"https:\/\/platform.twitter.com\/widgets.js\" charset=\"utf-8\"><\/script><\/p>\n","protected":false},"excerpt":{"rendered":"<p>Pour la premi\u00e8re fois dans l&rsquo;histoire de l&rsquo;\u00e9quipe de France de trampoline, le collectif des hommes et celui des femmes sont devenus champions d&rsquo;Europe par \u00e9quipes.<\/p>\n","protected":false},"author":91,"featured_media":476817,"comment_status":"open","ping_status":"closed","sticky":false,"template":"","format":"standard","meta":{"_acf_changed":false,"_daextam_enable_autolinks":"1","footnotes":""},"categories":[10429],"tags":[16878,16385,24,16379],"class_list":["post-476738","post","type-post","status-publish","format-standard","has-post-thumbnail","hentry","category-gymnastique","tag-breve","tag-championnats-deurope-de-trampoline","tag-sport","tag-trampoline"],"acf":[],"yoast_head":"<!-- This site is optimized with the Yoast SEO Premium plugin v26.7 (Yoast SEO v26.7) - https:\/\/yoast.com\/wordpress\/plugins\/seo\/ -->\n<title>Championnats d&#039;Europe de trampoline 2024 : Un doubl\u00e9 in\u00e9dit pour les \u00e9quipes de France !<\/title>\n<meta name=\"description\" content=\"CHAMPIONNATS D&#039;EUROPE DE TRAMPOLINE 2024 - Les \u00e9quipes de France masculine et f\u00e9minines ont \u00e9t\u00e9 sacr\u00e9es championnes d&#039;Europe par \u00e9quipes !\" \/>\n<meta name=\"robots\" content=\"index, follow, max-snippet:-1, max-image-preview:large, max-video-preview:-1\" \/>\n<link rel=\"canonical\" href=\"https:\/\/dicodusport.fr\/blog\/championnats-deurope-de-trampoline-2024-un-double-inedit-pour-les-equipes-de-france\/\" \/>\n<meta property=\"og:locale\" content=\"fr_FR\" \/>\n<meta property=\"og:type\" content=\"article\" \/>\n<meta property=\"og:title\" content=\"Championnats d&#039;Europe de trampoline 2024 : Un doubl\u00e9 in\u00e9dit pour les \u00e9quipes de France !\" \/>\n<meta property=\"og:description\" content=\"CHAMPIONNATS D&#039;EUROPE DE TRAMPOLINE 2024 - Les \u00e9quipes de France masculine et f\u00e9minines ont \u00e9t\u00e9 sacr\u00e9es championnes d&#039;Europe par \u00e9quipes !\" \/>\n<meta property=\"og:url\" content=\"https:\/\/dicodusport.fr\/blog\/championnats-deurope-de-trampoline-2024-un-double-inedit-pour-les-equipes-de-france\/\" \/>\n<meta property=\"og:site_name\" content=\"Dicodusport\" \/>\n<meta property=\"article:publisher\" content=\"https:\/\/www.facebook.com\/dicodusport\" \/>\n<meta property=\"article:published_time\" content=\"2024-04-05T06:07:32+00:00\" \/>\n<meta property=\"article:modified_time\" content=\"2024-04-05T11:36:38+00:00\" \/>\n<meta property=\"og:image\" content=\"https:\/\/dicodusport.fr\/blog\/wp-content\/uploads\/2024\/04\/Championnats-dEurope-de-trampoline-2024-Un-double-inedit-pour-les-equipes-de-France-1.png\" \/>\n\t<meta property=\"og:image:width\" content=\"1200\" \/>\n\t<meta property=\"og:image:height\" content=\"674\" \/>\n\t<meta property=\"og:image:type\" content=\"image\/png\" \/>\n<meta name=\"author\" content=\"Victor Clot-Amiot\" \/>\n<meta name=\"twitter:card\" content=\"summary_large_image\" \/>\n<meta name=\"twitter:title\" content=\"Championnats d&#039;Europe de trampoline 2024 : Un doubl\u00e9 in\u00e9dit pour les \u00e9quipes de France !\" \/>\n<meta name=\"twitter:creator\" content=\"@https:\/\/x.com\/VictorClotAmiot\" \/>\n<meta name=\"twitter:site\" content=\"@dicodusport\" \/>\n<script type=\"application\/ld+json\" class=\"yoast-schema-graph\">{\"@context\":\"https:\/\/schema.org\",\"@graph\":[{\"@type\":\"NewsArticle\",\"@id\":\"https:\/\/dicodusport.fr\/blog\/championnats-deurope-de-trampoline-2024-un-double-inedit-pour-les-equipes-de-france\/#article\",\"isPartOf\":{\"@id\":\"https:\/\/dicodusport.fr\/blog\/championnats-deurope-de-trampoline-2024-un-double-inedit-pour-les-equipes-de-france\/\"},\"author\":{\"name\":\"Victor Clot-Amiot\",\"@id\":\"https:\/\/dicodusport.fr\/blog\/#\/schema\/person\/b623199cba9ba90fe84a3d16e9282360\"},\"headline\":\"Championnats d&rsquo;Europe de trampoline 2024 : Un doubl\u00e9 in\u00e9dit pour les \u00e9quipes de France !\",\"datePublished\":\"2024-04-05T06:07:32+00:00\",\"dateModified\":\"2024-04-05T11:36:38+00:00\",\"mainEntityOfPage\":{\"@id\":\"https:\/\/dicodusport.fr\/blog\/championnats-deurope-de-trampoline-2024-un-double-inedit-pour-les-equipes-de-france\/\"},\"wordCount\":452,\"commentCount\":0,\"publisher\":{\"@id\":\"https:\/\/dicodusport.fr\/blog\/#organization\"},\"image\":{\"@id\":\"https:\/\/dicodusport.fr\/blog\/championnats-deurope-de-trampoline-2024-un-double-inedit-pour-les-equipes-de-france\/#primaryimage\"},\"thumbnailUrl\":\"https:\/\/dicodusport.fr\/blog\/wp-content\/uploads\/2024\/04\/Championnats-dEurope-de-trampoline-2024-Un-double-inedit-pour-les-equipes-de-France-1.png\",\"keywords\":[\"br\u00e8ve\",\"Championnats d'Europe de trampoline\",\"sport\",\"trampoline\"],\"articleSection\":[\"Gymnastique\"],\"inLanguage\":\"fr-FR\",\"potentialAction\":[{\"@type\":\"CommentAction\",\"name\":\"Comment\",\"target\":[\"https:\/\/dicodusport.fr\/blog\/championnats-deurope-de-trampoline-2024-un-double-inedit-pour-les-equipes-de-france\/#respond\"]}],\"copyrightYear\":\"2024\",\"copyrightHolder\":{\"@id\":\"https:\/\/dicodusport.fr\/blog\/#organization\"}},{\"@type\":\"WebPage\",\"@id\":\"https:\/\/dicodusport.fr\/blog\/championnats-deurope-de-trampoline-2024-un-double-inedit-pour-les-equipes-de-france\/\",\"url\":\"https:\/\/dicodusport.fr\/blog\/championnats-deurope-de-trampoline-2024-un-double-inedit-pour-les-equipes-de-france\/\",\"name\":\"Championnats d'Europe de trampoline 2024 : Un doubl\u00e9 in\u00e9dit pour les \u00e9quipes de France !\",\"isPartOf\":{\"@id\":\"https:\/\/dicodusport.fr\/blog\/#website\"},\"primaryImageOfPage\":{\"@id\":\"https:\/\/dicodusport.fr\/blog\/championnats-deurope-de-trampoline-2024-un-double-inedit-pour-les-equipes-de-france\/#primaryimage\"},\"image\":{\"@id\":\"https:\/\/dicodusport.fr\/blog\/championnats-deurope-de-trampoline-2024-un-double-inedit-pour-les-equipes-de-france\/#primaryimage\"},\"thumbnailUrl\":\"https:\/\/dicodusport.fr\/blog\/wp-content\/uploads\/2024\/04\/Championnats-dEurope-de-trampoline-2024-Un-double-inedit-pour-les-equipes-de-France-1.png\",\"datePublished\":\"2024-04-05T06:07:32+00:00\",\"dateModified\":\"2024-04-05T11:36:38+00:00\",\"description\":\"CHAMPIONNATS D'EUROPE DE TRAMPOLINE 2024 - Les \u00e9quipes de France masculine et f\u00e9minines ont \u00e9t\u00e9 sacr\u00e9es championnes d'Europe par \u00e9quipes !\",\"breadcrumb\":{\"@id\":\"https:\/\/dicodusport.fr\/blog\/championnats-deurope-de-trampoline-2024-un-double-inedit-pour-les-equipes-de-france\/#breadcrumb\"},\"inLanguage\":\"fr-FR\",\"potentialAction\":[{\"@type\":\"ReadAction\",\"target\":[\"https:\/\/dicodusport.fr\/blog\/championnats-deurope-de-trampoline-2024-un-double-inedit-pour-les-equipes-de-france\/\"]}]},{\"@type\":\"ImageObject\",\"inLanguage\":\"fr-FR\",\"@id\":\"https:\/\/dicodusport.fr\/blog\/championnats-deurope-de-trampoline-2024-un-double-inedit-pour-les-equipes-de-france\/#primaryimage\",\"url\":\"https:\/\/dicodusport.fr\/blog\/wp-content\/uploads\/2024\/04\/Championnats-dEurope-de-trampoline-2024-Un-double-inedit-pour-les-equipes-de-France-1.png\",\"contentUrl\":\"https:\/\/dicodusport.fr\/blog\/wp-content\/uploads\/2024\/04\/Championnats-dEurope-de-trampoline-2024-Un-double-inedit-pour-les-equipes-de-France-1.png\",\"width\":1200,\"height\":674,\"caption\":\"Championnats d'Europe de trampoline 2024 Un doubl\u00e9 in\u00e9dit pour les \u00e9quipes de France ! (1)\"},{\"@type\":\"BreadcrumbList\",\"@id\":\"https:\/\/dicodusport.fr\/blog\/championnats-deurope-de-trampoline-2024-un-double-inedit-pour-les-equipes-de-france\/#breadcrumb\",\"itemListElement\":[{\"@type\":\"ListItem\",\"position\":1,\"name\":\"Accueil\",\"item\":\"https:\/\/dicodusport.fr\/blog\/\"},{\"@type\":\"ListItem\",\"position\":2,\"name\":\"Championnats d&rsquo;Europe de trampoline 2024 : Un doubl\u00e9 in\u00e9dit pour les \u00e9quipes de France !\"}]},{\"@type\":\"WebSite\",\"@id\":\"https:\/\/dicodusport.fr\/blog\/#website\",\"url\":\"https:\/\/dicodusport.fr\/blog\/\",\"name\":\"Dicodusport\",\"description\":\"L&#039;encyclop\u00e9die de l&#039;actualit\u00e9 sportive\",\"publisher\":{\"@id\":\"https:\/\/dicodusport.fr\/blog\/#organization\"},\"potentialAction\":[{\"@type\":\"SearchAction\",\"target\":{\"@type\":\"EntryPoint\",\"urlTemplate\":\"https:\/\/dicodusport.fr\/blog\/?s={search_term_string}\"},\"query-input\":{\"@type\":\"PropertyValueSpecification\",\"valueRequired\":true,\"valueName\":\"search_term_string\"}}],\"inLanguage\":\"fr-FR\"},{\"@type\":\"NewsMediaOrganization\",\"@id\":\"https:\/\/dicodusport.fr\/blog\/#organization\",\"name\":\"Dicodusport\",\"url\":\"https:\/\/dicodusport.fr\/blog\/\",\"logo\":{\"@type\":\"ImageObject\",\"inLanguage\":\"fr-FR\",\"@id\":\"https:\/\/dicodusport.fr\/blog\/#\/schema\/logo\/image\/\",\"url\":\"https:\/\/dicodusport.fr\/blog\/wp-content\/uploads\/2020\/06\/cropped-LOGO-DICODUSPORT-2020-SANS-FOND-SANS-TEXTE.png\",\"contentUrl\":\"https:\/\/dicodusport.fr\/blog\/wp-content\/uploads\/2020\/06\/cropped-LOGO-DICODUSPORT-2020-SANS-FOND-SANS-TEXTE.png\",\"width\":512,\"height\":512,\"caption\":\"Dicodusport\"},\"image\":{\"@id\":\"https:\/\/dicodusport.fr\/blog\/#\/schema\/logo\/image\/\"},\"sameAs\":[\"https:\/\/www.facebook.com\/dicodusport\",\"https:\/\/x.com\/dicodusport\",\"https:\/\/www.instagram.com\/dicodusport\/\",\"https:\/\/www.youtube.com\/channel\/UC7V2KZ5sd3htJivAbA4ZG3w\"],\"description\":\"Dicodusport est l'encyclop\u00e9die de l'actualit\u00e9 sportive.\",\"email\":\"bonjour@dicodusport.fr\",\"legalName\":\"DICODUSPORT\",\"foundingDate\":\"2018-01-14\",\"vatID\":\"FR71834470973\",\"taxID\":\"83447097300043\",\"numberOfEmployees\":{\"@type\":\"QuantitativeValue\",\"minValue\":\"1\",\"maxValue\":\"10\"}},{\"@type\":\"Person\",\"@id\":\"https:\/\/dicodusport.fr\/blog\/#\/schema\/person\/b623199cba9ba90fe84a3d16e9282360\",\"name\":\"Victor Clot-Amiot\",\"image\":{\"@type\":\"ImageObject\",\"inLanguage\":\"fr-FR\",\"@id\":\"https:\/\/dicodusport.fr\/blog\/#\/schema\/person\/image\/\",\"url\":\"https:\/\/dicodusport.fr\/blog\/wp-content\/uploads\/2023\/09\/IMG_20190826_114722-150x150.jpg\",\"contentUrl\":\"https:\/\/dicodusport.fr\/blog\/wp-content\/uploads\/2023\/09\/IMG_20190826_114722-150x150.jpg\",\"caption\":\"Victor Clot-Amiot\"},\"description\":\"Passionn\u00e9 de sport depuis toujours, un jour \u00e0 l'adolescence mes parents m'ont dit : \\\"quitte \u00e0 passer ton temps \u00e0 regarder du sport, au moins va le voir en vrai\\\" ! Depuis, cette remarque ne m'a plus quitt\u00e9 et je passe une grande partie de mon temps libre \u00e0 assister \u00e0 des comp\u00e9titions de tous sports. Je m\u00eale d'ailleurs mes deux passions, le sport et les voyages afin de faire une pierre deux coups ! Outre l'US Open ou l'Euro 2021 par exemple, j'ai assist\u00e9 cet \u00e9t\u00e9 aux Mondiaux d'athl\u00e9tisme \u00e0 Budapest. Mon plus gros coup dur est et restera les JO 2020-2021 pour lesquels j'avais r\u00e9serv\u00e9 17 \u00e9preuves. La suite, vous la connaissez...\",\"sameAs\":[\"https:\/\/x.com\/https:\/\/x.com\/VictorClotAmiot\"],\"url\":\"https:\/\/dicodusport.fr\/blog\/author\/victor-clot-amiot\/\"}]}<\/script>\n<!-- \/ Yoast SEO Premium plugin. -->","yoast_head_json":{"title":"Championnats d'Europe de trampoline 2024 : Un doubl\u00e9 in\u00e9dit pour les \u00e9quipes de France !","description":"CHAMPIONNATS D'EUROPE DE TRAMPOLINE 2024 - Les \u00e9quipes de France masculine et f\u00e9minines ont \u00e9t\u00e9 sacr\u00e9es championnes d'Europe par \u00e9quipes !","robots":{"index":"index","follow":"follow","max-snippet":"max-snippet:-1","max-image-preview":"max-image-preview:large","max-video-preview":"max-video-preview:-1"},"canonical":"https:\/\/dicodusport.fr\/blog\/championnats-deurope-de-trampoline-2024-un-double-inedit-pour-les-equipes-de-france\/","og_locale":"fr_FR","og_type":"article","og_title":"Championnats d'Europe de trampoline 2024 : Un doubl\u00e9 in\u00e9dit pour les \u00e9quipes de France !","og_description":"CHAMPIONNATS D'EUROPE DE TRAMPOLINE 2024 - Les \u00e9quipes de France masculine et f\u00e9minines ont \u00e9t\u00e9 sacr\u00e9es championnes d'Europe par \u00e9quipes !","og_url":"https:\/\/dicodusport.fr\/blog\/championnats-deurope-de-trampoline-2024-un-double-inedit-pour-les-equipes-de-france\/","og_site_name":"Dicodusport","article_publisher":"https:\/\/www.facebook.com\/dicodusport","article_published_time":"2024-04-05T06:07:32+00:00","article_modified_time":"2024-04-05T11:36:38+00:00","og_image":[{"width":1200,"height":674,"url":"https:\/\/dicodusport.fr\/blog\/wp-content\/uploads\/2024\/04\/Championnats-dEurope-de-trampoline-2024-Un-double-inedit-pour-les-equipes-de-France-1.png","type":"image\/png"}],"author":"Victor Clot-Amiot","twitter_card":"summary_large_image","twitter_title":"Championnats d'Europe de trampoline 2024 : Un doubl\u00e9 in\u00e9dit pour les \u00e9quipes de France !","twitter_creator":"@https:\/\/x.com\/VictorClotAmiot","twitter_site":"@dicodusport","schema":{"@context":"https:\/\/schema.org","@graph":[{"@type":"NewsArticle","@id":"https:\/\/dicodusport.fr\/blog\/championnats-deurope-de-trampoline-2024-un-double-inedit-pour-les-equipes-de-france\/#article","isPartOf":{"@id":"https:\/\/dicodusport.fr\/blog\/championnats-deurope-de-trampoline-2024-un-double-inedit-pour-les-equipes-de-france\/"},"author":{"name":"Victor Clot-Amiot","@id":"https:\/\/dicodusport.fr\/blog\/#\/schema\/person\/b623199cba9ba90fe84a3d16e9282360"},"headline":"Championnats d&rsquo;Europe de trampoline 2024 : Un doubl\u00e9 in\u00e9dit pour les \u00e9quipes de France !","datePublished":"2024-04-05T06:07:32+00:00","dateModified":"2024-04-05T11:36:38+00:00","mainEntityOfPage":{"@id":"https:\/\/dicodusport.fr\/blog\/championnats-deurope-de-trampoline-2024-un-double-inedit-pour-les-equipes-de-france\/"},"wordCount":452,"commentCount":0,"publisher":{"@id":"https:\/\/dicodusport.fr\/blog\/#organization"},"image":{"@id":"https:\/\/dicodusport.fr\/blog\/championnats-deurope-de-trampoline-2024-un-double-inedit-pour-les-equipes-de-france\/#primaryimage"},"thumbnailUrl":"https:\/\/dicodusport.fr\/blog\/wp-content\/uploads\/2024\/04\/Championnats-dEurope-de-trampoline-2024-Un-double-inedit-pour-les-equipes-de-France-1.png","keywords":["br\u00e8ve","Championnats d'Europe de trampoline","sport","trampoline"],"articleSection":["Gymnastique"],"inLanguage":"fr-FR","potentialAction":[{"@type":"CommentAction","name":"Comment","target":["https:\/\/dicodusport.fr\/blog\/championnats-deurope-de-trampoline-2024-un-double-inedit-pour-les-equipes-de-france\/#respond"]}],"copyrightYear":"2024","copyrightHolder":{"@id":"https:\/\/dicodusport.fr\/blog\/#organization"}},{"@type":"WebPage","@id":"https:\/\/dicodusport.fr\/blog\/championnats-deurope-de-trampoline-2024-un-double-inedit-pour-les-equipes-de-france\/","url":"https:\/\/dicodusport.fr\/blog\/championnats-deurope-de-trampoline-2024-un-double-inedit-pour-les-equipes-de-france\/","name":"Championnats d'Europe de trampoline 2024 : Un doubl\u00e9 in\u00e9dit pour les \u00e9quipes de France !","isPartOf":{"@id":"https:\/\/dicodusport.fr\/blog\/#website"},"primaryImageOfPage":{"@id":"https:\/\/dicodusport.fr\/blog\/championnats-deurope-de-trampoline-2024-un-double-inedit-pour-les-equipes-de-france\/#primaryimage"},"image":{"@id":"https:\/\/dicodusport.fr\/blog\/championnats-deurope-de-trampoline-2024-un-double-inedit-pour-les-equipes-de-france\/#primaryimage"},"thumbnailUrl":"https:\/\/dicodusport.fr\/blog\/wp-content\/uploads\/2024\/04\/Championnats-dEurope-de-trampoline-2024-Un-double-inedit-pour-les-equipes-de-France-1.png","datePublished":"2024-04-05T06:07:32+00:00","dateModified":"2024-04-05T11:36:38+00:00","description":"CHAMPIONNATS D'EUROPE DE TRAMPOLINE 2024 - Les \u00e9quipes de France masculine et f\u00e9minines ont \u00e9t\u00e9 sacr\u00e9es championnes d'Europe par \u00e9quipes !","breadcrumb":{"@id":"https:\/\/dicodusport.fr\/blog\/championnats-deurope-de-trampoline-2024-un-double-inedit-pour-les-equipes-de-france\/#breadcrumb"},"inLanguage":"fr-FR","potentialAction":[{"@type":"ReadAction","target":["https:\/\/dicodusport.fr\/blog\/championnats-deurope-de-trampoline-2024-un-double-inedit-pour-les-equipes-de-france\/"]}]},{"@type":"ImageObject","inLanguage":"fr-FR","@id":"https:\/\/dicodusport.fr\/blog\/championnats-deurope-de-trampoline-2024-un-double-inedit-pour-les-equipes-de-france\/#primaryimage","url":"https:\/\/dicodusport.fr\/blog\/wp-content\/uploads\/2024\/04\/Championnats-dEurope-de-trampoline-2024-Un-double-inedit-pour-les-equipes-de-France-1.png","contentUrl":"https:\/\/dicodusport.fr\/blog\/wp-content\/uploads\/2024\/04\/Championnats-dEurope-de-trampoline-2024-Un-double-inedit-pour-les-equipes-de-France-1.png","width":1200,"height":674,"caption":"Championnats d'Europe de trampoline 2024 Un doubl\u00e9 in\u00e9dit pour les \u00e9quipes de France ! (1)"},{"@type":"BreadcrumbList","@id":"https:\/\/dicodusport.fr\/blog\/championnats-deurope-de-trampoline-2024-un-double-inedit-pour-les-equipes-de-france\/#breadcrumb","itemListElement":[{"@type":"ListItem","position":1,"name":"Accueil","item":"https:\/\/dicodusport.fr\/blog\/"},{"@type":"ListItem","position":2,"name":"Championnats d&rsquo;Europe de trampoline 2024 : Un doubl\u00e9 in\u00e9dit pour les \u00e9quipes de France !"}]},{"@type":"WebSite","@id":"https:\/\/dicodusport.fr\/blog\/#website","url":"https:\/\/dicodusport.fr\/blog\/","name":"Dicodusport","description":"L&#039;encyclop\u00e9die de l&#039;actualit\u00e9 sportive","publisher":{"@id":"https:\/\/dicodusport.fr\/blog\/#organization"},"potentialAction":[{"@type":"SearchAction","target":{"@type":"EntryPoint","urlTemplate":"https:\/\/dicodusport.fr\/blog\/?s={search_term_string}"},"query-input":{"@type":"PropertyValueSpecification","valueRequired":true,"valueName":"search_term_string"}}],"inLanguage":"fr-FR"},{"@type":"NewsMediaOrganization","@id":"https:\/\/dicodusport.fr\/blog\/#organization","name":"Dicodusport","url":"https:\/\/dicodusport.fr\/blog\/","logo":{"@type":"ImageObject","inLanguage":"fr-FR","@id":"https:\/\/dicodusport.fr\/blog\/#\/schema\/logo\/image\/","url":"https:\/\/dicodusport.fr\/blog\/wp-content\/uploads\/2020\/06\/cropped-LOGO-DICODUSPORT-2020-SANS-FOND-SANS-TEXTE.png","contentUrl":"https:\/\/dicodusport.fr\/blog\/wp-content\/uploads\/2020\/06\/cropped-LOGO-DICODUSPORT-2020-SANS-FOND-SANS-TEXTE.png","width":512,"height":512,"caption":"Dicodusport"},"image":{"@id":"https:\/\/dicodusport.fr\/blog\/#\/schema\/logo\/image\/"},"sameAs":["https:\/\/www.facebook.com\/dicodusport","https:\/\/x.com\/dicodusport","https:\/\/www.instagram.com\/dicodusport\/","https:\/\/www.youtube.com\/channel\/UC7V2KZ5sd3htJivAbA4ZG3w"],"description":"Dicodusport est l'encyclop\u00e9die de l'actualit\u00e9 sportive.","email":"bonjour@dicodusport.fr","legalName":"DICODUSPORT","foundingDate":"2018-01-14","vatID":"FR71834470973","taxID":"83447097300043","numberOfEmployees":{"@type":"QuantitativeValue","minValue":"1","maxValue":"10"}},{"@type":"Person","@id":"https:\/\/dicodusport.fr\/blog\/#\/schema\/person\/b623199cba9ba90fe84a3d16e9282360","name":"Victor Clot-Amiot","image":{"@type":"ImageObject","inLanguage":"fr-FR","@id":"https:\/\/dicodusport.fr\/blog\/#\/schema\/person\/image\/","url":"https:\/\/dicodusport.fr\/blog\/wp-content\/uploads\/2023\/09\/IMG_20190826_114722-150x150.jpg","contentUrl":"https:\/\/dicodusport.fr\/blog\/wp-content\/uploads\/2023\/09\/IMG_20190826_114722-150x150.jpg","caption":"Victor Clot-Amiot"},"description":"Passionn\u00e9 de sport depuis toujours, un jour \u00e0 l'adolescence mes parents m'ont dit : \"quitte \u00e0 passer ton temps \u00e0 regarder du sport, au moins va le voir en vrai\" ! Depuis, cette remarque ne m'a plus quitt\u00e9 et je passe une grande partie de mon temps libre \u00e0 assister \u00e0 des comp\u00e9titions de tous sports. Je m\u00eale d'ailleurs mes deux passions, le sport et les voyages afin de faire une pierre deux coups ! Outre l'US Open ou l'Euro 2021 par exemple, j'ai assist\u00e9 cet \u00e9t\u00e9 aux Mondiaux d'athl\u00e9tisme \u00e0 Budapest. Mon plus gros coup dur est et restera les JO 2020-2021 pour lesquels j'avais r\u00e9serv\u00e9 17 \u00e9preuves. La suite, vous la connaissez...","sameAs":["https:\/\/x.com\/https:\/\/x.com\/VictorClotAmiot"],"url":"https:\/\/dicodusport.fr\/blog\/author\/victor-clot-amiot\/"}]}},"_links":{"self":[{"href":"https:\/\/dicodusport.fr\/blog\/wp-json\/wp\/v2\/posts\/476738","targetHints":{"allow":["GET"]}}],"collection":[{"href":"https:\/\/dicodusport.fr\/blog\/wp-json\/wp\/v2\/posts"}],"about":[{"href":"https:\/\/dicodusport.fr\/blog\/wp-json\/wp\/v2\/types\/post"}],"author":[{"embeddable":true,"href":"https:\/\/dicodusport.fr\/blog\/wp-json\/wp\/v2\/users\/91"}],"replies":[{"embeddable":true,"href":"https:\/\/dicodusport.fr\/blog\/wp-json\/wp\/v2\/comments?post=476738"}],"version-history":[{"count":4,"href":"https:\/\/dicodusport.fr\/blog\/wp-json\/wp\/v2\/posts\/476738\/revisions"}],"predecessor-version":[{"id":476757,"href":"https:\/\/dicodusport.fr\/blog\/wp-json\/wp\/v2\/posts\/476738\/revisions\/476757"}],"wp:featuredmedia":[{"embeddable":true,"href":"https:\/\/dicodusport.fr\/blog\/wp-json\/wp\/v2\/media\/476817"}],"wp:attachment":[{"href":"https:\/\/dicodusport.fr\/blog\/wp-json\/wp\/v2\/media?parent=476738"}],"wp:term":[{"taxonomy":"category","embeddable":true,"href":"https:\/\/dicodusport.fr\/blog\/wp-json\/wp\/v2\/categories?post=476738"},{"taxonomy":"post_tag","embeddable":true,"href":"https:\/\/dicodusport.fr\/blog\/wp-json\/wp\/v2\/tags?post=476738"}],"curies":[{"name":"wp","href":"https:\/\/api.w.org\/{rel}","templated":true}]}}