{"id":477083,"date":"2024-04-06T13:33:00","date_gmt":"2024-04-06T11:33:00","guid":{"rendered":"https:\/\/dicodusport.fr\/blog\/?p=477083&#038;preview=true&#038;preview_id=477083"},"modified":"2025-04-03T14:25:27","modified_gmt":"2025-04-03T12:25:27","slug":"coupe-du-monde-ski-alpinisme-axelle-gachet-mollaret-remporte-la-vertical-race-de-cortina-dampezzo","status":"publish","type":"post","link":"https:\/\/dicodusport.fr\/blog\/coupe-du-monde-ski-alpinisme-axelle-gachet-mollaret-remporte-la-vertical-race-de-cortina-dampezzo\/","title":{"rendered":"Coupe du monde Ski alpinisme : Axelle Gachet-Mollaret remporte la Vertical Race de Cortina d&rsquo;Ampezzo"},"content":{"rendered":"<p style=\"text-align: justify;\" align=\"justify\"><em><a style=\"font-weight: bold;\" href=\"https:\/\/dicodusport.fr\/blog\/?s=ski+alpinisme\">SKI ALPINISME<\/a><b> &#8211; Ce samedi, Axelle Gachet-Mollaret a remport\u00e9 la Vertical Race disput\u00e9e \u00e0 Cortina d&rsquo;Ampezzo, et confirme son retour au premier plan. Chez les hommes, le Suisse R\u00e9mi Bonnet a de nouveau \u00e9cras\u00e9 la concurrence.<\/b><\/em><\/p>\n<p style=\"text-align: justify;\" align=\"justify\">Cette saison, pour cause de maternit\u00e9, <strong>Axelle Gachet-Mollaret<\/strong> n&rsquo;aura pu disputer ses chances au classement g\u00e9n\u00e9ral. Malgr\u00e9 tout, depuis son retour il y a quelques semaines, la multiple championne du monde prouve qu&rsquo;elle en a encore sous les skis \u00e0 31 ans.<\/p>\n<h2 style=\"text-align: justify;\" align=\"justify\">Gachet-Mollaret \u00e9crase la course f\u00e9minine, R\u00e9mi Bonnet seul au monde<\/h2>\n<p style=\"text-align: justify;\" align=\"justify\">Ce weekend, l&rsquo;ultime manche de la Coupe du monde se dispute dans les Alpes italiennes, \u00e0 <strong>Cortina d&rsquo;Ampezzo<\/strong>. Ce samedi, la Vertical Race \u00e9tait au programme pour lancer les hostilit\u00e9s. Pour l&rsquo;occasion, Axelle Gachet-Mollaret a frapp\u00e9 un \u00e9norme coup en d\u00e9crochant la victoire, mais surtout en cr\u00e9ant un \u00e9cart monumental avec ses poursuivantes. 2e et donc gagnante du petit globe de la discipline, l&rsquo;Autrichienne<strong> Sarah Dreier<\/strong> a coup\u00e9 la ligne avec 1:24 de retard ! Apr\u00e8s <a href=\"https:\/\/dicodusport.fr\/blog\/coupe-du-monde-ski-alpinisme-axelle-et-xavier-gachet-remportent-les-courses-individuelles-de-val-martello\/\">sa victoire sur l&rsquo;individuelle \u00e0 Val Martello<\/a>, elle s&rsquo;offre sa deuxi\u00e8me victoire de la saison, et pourrait bien faire gonfler son total lors des prochains jours au vu de la forme affich\u00e9e. De son c\u00f4t\u00e9, <strong>Emily Harrop<\/strong> a pris la 5e place. Sa rivale au classement g\u00e9n\u00e9ral<strong> Alba De Silvestro<\/strong> ayant termin\u00e9 juste devant (4e), la Tricolore conserve toujours une marge confortable avant les derni\u00e8res \u00e9preuves.<\/p>\n<p align=\"justify\">C\u00f4t\u00e9 masculin, il n&rsquo;y a pas eu de surprise concernant l&rsquo;identit\u00e9 du vainqueur. Champion d&rsquo;Europe et auteur d&rsquo;un 2\/2 dans la sp\u00e9cialit\u00e9 jusque-l\u00e0, <strong>R\u00e9mi Bonnet<\/strong> a de nouveau remport\u00e9 la Vertical Race. En toute logique, il s&#8217;empare donc du petit globe. C\u00f4t\u00e9 Fran\u00e7ais, <strong>Thibault Anselmet<\/strong> a franchi la ligne en 8e position, et gratte des points importants dans la lutte pour le globe de cristal. Non pr\u00e9sent sur la Vertical race, Xavier Gachet conserve la t\u00eate du classement g\u00e9n\u00e9ral. Autre Tricolore dans le Top 10, <strong>G\u00e9d\u00e9on Pochat Cottilloux<\/strong> s&#8217;empare de la 9e place.<\/p>\n<p align=\"justify\">Les courses individuelles dimanche et les sprints mardi seront les deux derni\u00e8res \u00e9preuves du calendrier individuel. Puis, les relais mixtes mercredi mettront d\u00e9finitivement un terme \u00e0 la saison 2023-2024.<\/p>\n<p><iframe loading=\"lazy\" style=\"border: none; overflow: hidden;\" src=\"https:\/\/www.facebook.com\/plugins\/post.php?href=https%3A%2F%2Fwww.facebook.com%2Fismf.ski%2Fposts%2Fpfbid035EqYHgvzwssLfJS2nFLZFbjTcBLKQnSoqDpnZhffTuwHMCfkbBsJX3pPB98h75dal&amp;show_text=true&amp;width=500\" width=\"500\" height=\"653\" frameborder=\"0\" scrolling=\"no\" allowfullscreen=\"allowfullscreen\"><\/iframe><\/p>\n","protected":false},"excerpt":{"rendered":"<p>SKI ALPINISME &#8211; Ce samedi, Axelle Gachet-Mollaret a remport\u00e9 la Vertical Race disput\u00e9e \u00e0 Cortina d&rsquo;Ampezzo, et confirme son retour au premier plan. Chez les hommes, le Suisse R\u00e9mi Bonnet a de nouveau \u00e9cras\u00e9 la concurrence.<\/p>\n","protected":false},"author":55,"featured_media":477084,"comment_status":"open","ping_status":"closed","sticky":false,"template":"","format":"standard","meta":{"_acf_changed":false,"_daextam_enable_autolinks":"1","footnotes":""},"categories":[45757],"tags":[16878,37201,22884,13905,4230],"class_list":["post-477083","post","type-post","status-publish","format-standard","has-post-thumbnail","hentry","category-ski-alpinisme","tag-breve","tag-coupe-du-monde-ski-alpinisme","tag-emily-harrop","tag-schladming","tag-ski-alpinisme"],"acf":[],"yoast_head":"<!-- This site is optimized with the Yoast SEO Premium plugin v26.7 (Yoast SEO v26.7) - https:\/\/yoast.com\/wordpress\/plugins\/seo\/ -->\n<title>Coupe du monde Ski alpinisme : Axelle Gachet-Mollaret remporte la Vertical Race de Cortina d&#039;Ampezzo<\/title>\n<meta name=\"description\" content=\"COUPE DU MONDE SKI ALPINISME - Axelle Gachet-Mollaret a d\u00e9croch\u00e9 sa deuxi\u00e8me victoire de la saison \u00e0 Cortina d&#039;Ampezzo.\" \/>\n<meta name=\"robots\" content=\"index, follow, max-snippet:-1, max-image-preview:large, max-video-preview:-1\" \/>\n<link rel=\"canonical\" href=\"https:\/\/dicodusport.fr\/blog\/coupe-du-monde-ski-alpinisme-axelle-gachet-mollaret-remporte-la-vertical-race-de-cortina-dampezzo\/\" \/>\n<meta property=\"og:locale\" content=\"fr_FR\" \/>\n<meta property=\"og:type\" content=\"article\" \/>\n<meta property=\"og:title\" content=\"Coupe du monde Ski alpinisme : Axelle Gachet-Mollaret remporte la Vertical Race de Cortina d&#039;Ampezzo\" \/>\n<meta property=\"og:description\" content=\"COUPE DU MONDE SKI ALPINISME - Axelle Gachet-Mollaret a d\u00e9croch\u00e9 sa deuxi\u00e8me victoire de la saison \u00e0 Cortina d&#039;Ampezzo.\" \/>\n<meta property=\"og:url\" content=\"https:\/\/dicodusport.fr\/blog\/coupe-du-monde-ski-alpinisme-axelle-gachet-mollaret-remporte-la-vertical-race-de-cortina-dampezzo\/\" \/>\n<meta property=\"og:site_name\" content=\"Dicodusport\" \/>\n<meta property=\"article:publisher\" content=\"https:\/\/www.facebook.com\/dicodusport\" \/>\n<meta property=\"article:published_time\" content=\"2024-04-06T11:33:00+00:00\" \/>\n<meta property=\"article:modified_time\" content=\"2025-04-03T12:25:27+00:00\" \/>\n<meta property=\"og:image\" content=\"https:\/\/dicodusport.fr\/blog\/wp-content\/uploads\/2024\/04\/Coupe-du-monde-Ski-alpinisme-Axelle-Gachet-Mollaret-remporte-la-Vertical-Race-de-Cortina-dAmpezzo.png\" \/>\n\t<meta property=\"og:image:width\" content=\"1200\" \/>\n\t<meta property=\"og:image:height\" content=\"674\" \/>\n\t<meta property=\"og:image:type\" content=\"image\/png\" \/>\n<meta name=\"author\" content=\"Maxime Cazenave\" \/>\n<meta name=\"twitter:card\" content=\"summary_large_image\" \/>\n<meta name=\"twitter:title\" content=\"Coupe du monde Ski alpinisme : Axelle Gachet-Mollaret remporte la Vertical Race de Cortina d&#039;Ampezzo\" \/>\n<meta name=\"twitter:creator\" content=\"@https:\/\/twitter.com\/Maxime_Caze\" \/>\n<meta name=\"twitter:site\" content=\"@dicodusport\" \/>\n<script type=\"application\/ld+json\" class=\"yoast-schema-graph\">{\"@context\":\"https:\/\/schema.org\",\"@graph\":[{\"@type\":\"NewsArticle\",\"@id\":\"https:\/\/dicodusport.fr\/blog\/coupe-du-monde-ski-alpinisme-axelle-gachet-mollaret-remporte-la-vertical-race-de-cortina-dampezzo\/#article\",\"isPartOf\":{\"@id\":\"https:\/\/dicodusport.fr\/blog\/coupe-du-monde-ski-alpinisme-axelle-gachet-mollaret-remporte-la-vertical-race-de-cortina-dampezzo\/\"},\"author\":{\"name\":\"Maxime Cazenave\",\"@id\":\"https:\/\/dicodusport.fr\/blog\/#\/schema\/person\/37def232098a7a5cbab3974a3690abb0\"},\"headline\":\"Coupe du monde Ski alpinisme : Axelle Gachet-Mollaret remporte la Vertical Race de Cortina d&rsquo;Ampezzo\",\"datePublished\":\"2024-04-06T11:33:00+00:00\",\"dateModified\":\"2025-04-03T12:25:27+00:00\",\"mainEntityOfPage\":{\"@id\":\"https:\/\/dicodusport.fr\/blog\/coupe-du-monde-ski-alpinisme-axelle-gachet-mollaret-remporte-la-vertical-race-de-cortina-dampezzo\/\"},\"wordCount\":401,\"commentCount\":0,\"publisher\":{\"@id\":\"https:\/\/dicodusport.fr\/blog\/#organization\"},\"image\":{\"@id\":\"https:\/\/dicodusport.fr\/blog\/coupe-du-monde-ski-alpinisme-axelle-gachet-mollaret-remporte-la-vertical-race-de-cortina-dampezzo\/#primaryimage\"},\"thumbnailUrl\":\"https:\/\/dicodusport.fr\/blog\/wp-content\/uploads\/2024\/04\/Coupe-du-monde-Ski-alpinisme-Axelle-Gachet-Mollaret-remporte-la-Vertical-Race-de-Cortina-dAmpezzo.png\",\"keywords\":[\"br\u00e8ve\",\"Coupe du monde ski alpinisme\",\"Emily Harrop\",\"Schladming\",\"Ski alpinisme\"],\"articleSection\":[\"Ski alpinisme\"],\"inLanguage\":\"fr-FR\",\"potentialAction\":[{\"@type\":\"CommentAction\",\"name\":\"Comment\",\"target\":[\"https:\/\/dicodusport.fr\/blog\/coupe-du-monde-ski-alpinisme-axelle-gachet-mollaret-remporte-la-vertical-race-de-cortina-dampezzo\/#respond\"]}],\"copyrightYear\":\"2024\",\"copyrightHolder\":{\"@id\":\"https:\/\/dicodusport.fr\/blog\/#organization\"}},{\"@type\":\"WebPage\",\"@id\":\"https:\/\/dicodusport.fr\/blog\/coupe-du-monde-ski-alpinisme-axelle-gachet-mollaret-remporte-la-vertical-race-de-cortina-dampezzo\/\",\"url\":\"https:\/\/dicodusport.fr\/blog\/coupe-du-monde-ski-alpinisme-axelle-gachet-mollaret-remporte-la-vertical-race-de-cortina-dampezzo\/\",\"name\":\"Coupe du monde Ski alpinisme : Axelle Gachet-Mollaret remporte la Vertical Race de Cortina d'Ampezzo\",\"isPartOf\":{\"@id\":\"https:\/\/dicodusport.fr\/blog\/#website\"},\"primaryImageOfPage\":{\"@id\":\"https:\/\/dicodusport.fr\/blog\/coupe-du-monde-ski-alpinisme-axelle-gachet-mollaret-remporte-la-vertical-race-de-cortina-dampezzo\/#primaryimage\"},\"image\":{\"@id\":\"https:\/\/dicodusport.fr\/blog\/coupe-du-monde-ski-alpinisme-axelle-gachet-mollaret-remporte-la-vertical-race-de-cortina-dampezzo\/#primaryimage\"},\"thumbnailUrl\":\"https:\/\/dicodusport.fr\/blog\/wp-content\/uploads\/2024\/04\/Coupe-du-monde-Ski-alpinisme-Axelle-Gachet-Mollaret-remporte-la-Vertical-Race-de-Cortina-dAmpezzo.png\",\"datePublished\":\"2024-04-06T11:33:00+00:00\",\"dateModified\":\"2025-04-03T12:25:27+00:00\",\"description\":\"COUPE DU MONDE SKI ALPINISME - Axelle Gachet-Mollaret a d\u00e9croch\u00e9 sa deuxi\u00e8me victoire de la saison \u00e0 Cortina d'Ampezzo.\",\"breadcrumb\":{\"@id\":\"https:\/\/dicodusport.fr\/blog\/coupe-du-monde-ski-alpinisme-axelle-gachet-mollaret-remporte-la-vertical-race-de-cortina-dampezzo\/#breadcrumb\"},\"inLanguage\":\"fr-FR\",\"potentialAction\":[{\"@type\":\"ReadAction\",\"target\":[\"https:\/\/dicodusport.fr\/blog\/coupe-du-monde-ski-alpinisme-axelle-gachet-mollaret-remporte-la-vertical-race-de-cortina-dampezzo\/\"]}]},{\"@type\":\"ImageObject\",\"inLanguage\":\"fr-FR\",\"@id\":\"https:\/\/dicodusport.fr\/blog\/coupe-du-monde-ski-alpinisme-axelle-gachet-mollaret-remporte-la-vertical-race-de-cortina-dampezzo\/#primaryimage\",\"url\":\"https:\/\/dicodusport.fr\/blog\/wp-content\/uploads\/2024\/04\/Coupe-du-monde-Ski-alpinisme-Axelle-Gachet-Mollaret-remporte-la-Vertical-Race-de-Cortina-dAmpezzo.png\",\"contentUrl\":\"https:\/\/dicodusport.fr\/blog\/wp-content\/uploads\/2024\/04\/Coupe-du-monde-Ski-alpinisme-Axelle-Gachet-Mollaret-remporte-la-Vertical-Race-de-Cortina-dAmpezzo.png\",\"width\":1200,\"height\":674,\"caption\":\"Coupe du monde Ski alpinisme : Axelle Gachet-Mollaret remporte la Vertical Race de Cortina d'Ampezzo\"},{\"@type\":\"BreadcrumbList\",\"@id\":\"https:\/\/dicodusport.fr\/blog\/coupe-du-monde-ski-alpinisme-axelle-gachet-mollaret-remporte-la-vertical-race-de-cortina-dampezzo\/#breadcrumb\",\"itemListElement\":[{\"@type\":\"ListItem\",\"position\":1,\"name\":\"Accueil\",\"item\":\"https:\/\/dicodusport.fr\/blog\/\"},{\"@type\":\"ListItem\",\"position\":2,\"name\":\"Coupe du monde Ski alpinisme : Axelle Gachet-Mollaret remporte la Vertical Race de Cortina d&rsquo;Ampezzo\"}]},{\"@type\":\"WebSite\",\"@id\":\"https:\/\/dicodusport.fr\/blog\/#website\",\"url\":\"https:\/\/dicodusport.fr\/blog\/\",\"name\":\"Dicodusport\",\"description\":\"L&#039;encyclop\u00e9die de l&#039;actualit\u00e9 sportive\",\"publisher\":{\"@id\":\"https:\/\/dicodusport.fr\/blog\/#organization\"},\"potentialAction\":[{\"@type\":\"SearchAction\",\"target\":{\"@type\":\"EntryPoint\",\"urlTemplate\":\"https:\/\/dicodusport.fr\/blog\/?s={search_term_string}\"},\"query-input\":{\"@type\":\"PropertyValueSpecification\",\"valueRequired\":true,\"valueName\":\"search_term_string\"}}],\"inLanguage\":\"fr-FR\"},{\"@type\":\"NewsMediaOrganization\",\"@id\":\"https:\/\/dicodusport.fr\/blog\/#organization\",\"name\":\"Dicodusport\",\"url\":\"https:\/\/dicodusport.fr\/blog\/\",\"logo\":{\"@type\":\"ImageObject\",\"inLanguage\":\"fr-FR\",\"@id\":\"https:\/\/dicodusport.fr\/blog\/#\/schema\/logo\/image\/\",\"url\":\"https:\/\/dicodusport.fr\/blog\/wp-content\/uploads\/2020\/06\/cropped-LOGO-DICODUSPORT-2020-SANS-FOND-SANS-TEXTE.png\",\"contentUrl\":\"https:\/\/dicodusport.fr\/blog\/wp-content\/uploads\/2020\/06\/cropped-LOGO-DICODUSPORT-2020-SANS-FOND-SANS-TEXTE.png\",\"width\":512,\"height\":512,\"caption\":\"Dicodusport\"},\"image\":{\"@id\":\"https:\/\/dicodusport.fr\/blog\/#\/schema\/logo\/image\/\"},\"sameAs\":[\"https:\/\/www.facebook.com\/dicodusport\",\"https:\/\/x.com\/dicodusport\",\"https:\/\/www.instagram.com\/dicodusport\/\",\"https:\/\/www.youtube.com\/channel\/UC7V2KZ5sd3htJivAbA4ZG3w\"],\"description\":\"Dicodusport est l'encyclop\u00e9die de l'actualit\u00e9 sportive.\",\"email\":\"bonjour@dicodusport.fr\",\"legalName\":\"DICODUSPORT\",\"foundingDate\":\"2018-01-14\",\"vatID\":\"FR71834470973\",\"taxID\":\"83447097300043\",\"numberOfEmployees\":{\"@type\":\"QuantitativeValue\",\"minValue\":\"1\",\"maxValue\":\"10\"}},{\"@type\":\"Person\",\"@id\":\"https:\/\/dicodusport.fr\/blog\/#\/schema\/person\/37def232098a7a5cbab3974a3690abb0\",\"name\":\"Maxime Cazenave\",\"image\":{\"@type\":\"ImageObject\",\"inLanguage\":\"fr-FR\",\"@id\":\"https:\/\/dicodusport.fr\/blog\/#\/schema\/person\/image\/\",\"url\":\"https:\/\/dicodusport.fr\/blog\/wp-content\/uploads\/2021\/05\/Maxime-Cazenave-150x150.jpg\",\"contentUrl\":\"https:\/\/dicodusport.fr\/blog\/wp-content\/uploads\/2021\/05\/Maxime-Cazenave-150x150.jpg\",\"caption\":\"Maxime Cazenave\"},\"description\":\"Journaliste\/R\u00e9dacteur depuis 2012 - Berc\u00e9 par l\u2019amour des Girondins de Bordeaux, les \u00e9checs de Christophe Moreau sur le Tour de France sous l'\u00e8re Lance Armstrong et le fade-away l\u00e9tal de Dirk Nowitzki, ma passion d\u00e9vorante pour le sport a toujours \u00e9t\u00e9 un pan incontournable de ma vie. Transmettre ma passion \u00e0 l\u2019\u00e9crit a \u00e9t\u00e9 une transition naturelle. Suiveur assidu de basket et de hockey sur glace, je garde toujours un peu de place pour suivre le cyclisme, le football et le maximum de performances fran\u00e7aises.\",\"sameAs\":[\"https:\/\/x.com\/https:\/\/twitter.com\/Maxime_Caze\"],\"url\":\"https:\/\/dicodusport.fr\/blog\/author\/maximec\/\"}]}<\/script>\n<!-- \/ Yoast SEO Premium plugin. -->","yoast_head_json":{"title":"Coupe du monde Ski alpinisme : Axelle Gachet-Mollaret remporte la Vertical Race de Cortina d'Ampezzo","description":"COUPE DU MONDE SKI ALPINISME - Axelle Gachet-Mollaret a d\u00e9croch\u00e9 sa deuxi\u00e8me victoire de la saison \u00e0 Cortina d'Ampezzo.","robots":{"index":"index","follow":"follow","max-snippet":"max-snippet:-1","max-image-preview":"max-image-preview:large","max-video-preview":"max-video-preview:-1"},"canonical":"https:\/\/dicodusport.fr\/blog\/coupe-du-monde-ski-alpinisme-axelle-gachet-mollaret-remporte-la-vertical-race-de-cortina-dampezzo\/","og_locale":"fr_FR","og_type":"article","og_title":"Coupe du monde Ski alpinisme : Axelle Gachet-Mollaret remporte la Vertical Race de Cortina d'Ampezzo","og_description":"COUPE DU MONDE SKI ALPINISME - Axelle Gachet-Mollaret a d\u00e9croch\u00e9 sa deuxi\u00e8me victoire de la saison \u00e0 Cortina d'Ampezzo.","og_url":"https:\/\/dicodusport.fr\/blog\/coupe-du-monde-ski-alpinisme-axelle-gachet-mollaret-remporte-la-vertical-race-de-cortina-dampezzo\/","og_site_name":"Dicodusport","article_publisher":"https:\/\/www.facebook.com\/dicodusport","article_published_time":"2024-04-06T11:33:00+00:00","article_modified_time":"2025-04-03T12:25:27+00:00","og_image":[{"width":1200,"height":674,"url":"https:\/\/dicodusport.fr\/blog\/wp-content\/uploads\/2024\/04\/Coupe-du-monde-Ski-alpinisme-Axelle-Gachet-Mollaret-remporte-la-Vertical-Race-de-Cortina-dAmpezzo.png","type":"image\/png"}],"author":"Maxime Cazenave","twitter_card":"summary_large_image","twitter_title":"Coupe du monde Ski alpinisme : Axelle Gachet-Mollaret remporte la Vertical Race de Cortina d'Ampezzo","twitter_creator":"@https:\/\/twitter.com\/Maxime_Caze","twitter_site":"@dicodusport","schema":{"@context":"https:\/\/schema.org","@graph":[{"@type":"NewsArticle","@id":"https:\/\/dicodusport.fr\/blog\/coupe-du-monde-ski-alpinisme-axelle-gachet-mollaret-remporte-la-vertical-race-de-cortina-dampezzo\/#article","isPartOf":{"@id":"https:\/\/dicodusport.fr\/blog\/coupe-du-monde-ski-alpinisme-axelle-gachet-mollaret-remporte-la-vertical-race-de-cortina-dampezzo\/"},"author":{"name":"Maxime Cazenave","@id":"https:\/\/dicodusport.fr\/blog\/#\/schema\/person\/37def232098a7a5cbab3974a3690abb0"},"headline":"Coupe du monde Ski alpinisme : Axelle Gachet-Mollaret remporte la Vertical Race de Cortina d&rsquo;Ampezzo","datePublished":"2024-04-06T11:33:00+00:00","dateModified":"2025-04-03T12:25:27+00:00","mainEntityOfPage":{"@id":"https:\/\/dicodusport.fr\/blog\/coupe-du-monde-ski-alpinisme-axelle-gachet-mollaret-remporte-la-vertical-race-de-cortina-dampezzo\/"},"wordCount":401,"commentCount":0,"publisher":{"@id":"https:\/\/dicodusport.fr\/blog\/#organization"},"image":{"@id":"https:\/\/dicodusport.fr\/blog\/coupe-du-monde-ski-alpinisme-axelle-gachet-mollaret-remporte-la-vertical-race-de-cortina-dampezzo\/#primaryimage"},"thumbnailUrl":"https:\/\/dicodusport.fr\/blog\/wp-content\/uploads\/2024\/04\/Coupe-du-monde-Ski-alpinisme-Axelle-Gachet-Mollaret-remporte-la-Vertical-Race-de-Cortina-dAmpezzo.png","keywords":["br\u00e8ve","Coupe du monde ski alpinisme","Emily Harrop","Schladming","Ski alpinisme"],"articleSection":["Ski alpinisme"],"inLanguage":"fr-FR","potentialAction":[{"@type":"CommentAction","name":"Comment","target":["https:\/\/dicodusport.fr\/blog\/coupe-du-monde-ski-alpinisme-axelle-gachet-mollaret-remporte-la-vertical-race-de-cortina-dampezzo\/#respond"]}],"copyrightYear":"2024","copyrightHolder":{"@id":"https:\/\/dicodusport.fr\/blog\/#organization"}},{"@type":"WebPage","@id":"https:\/\/dicodusport.fr\/blog\/coupe-du-monde-ski-alpinisme-axelle-gachet-mollaret-remporte-la-vertical-race-de-cortina-dampezzo\/","url":"https:\/\/dicodusport.fr\/blog\/coupe-du-monde-ski-alpinisme-axelle-gachet-mollaret-remporte-la-vertical-race-de-cortina-dampezzo\/","name":"Coupe du monde Ski alpinisme : Axelle Gachet-Mollaret remporte la Vertical Race de Cortina d'Ampezzo","isPartOf":{"@id":"https:\/\/dicodusport.fr\/blog\/#website"},"primaryImageOfPage":{"@id":"https:\/\/dicodusport.fr\/blog\/coupe-du-monde-ski-alpinisme-axelle-gachet-mollaret-remporte-la-vertical-race-de-cortina-dampezzo\/#primaryimage"},"image":{"@id":"https:\/\/dicodusport.fr\/blog\/coupe-du-monde-ski-alpinisme-axelle-gachet-mollaret-remporte-la-vertical-race-de-cortina-dampezzo\/#primaryimage"},"thumbnailUrl":"https:\/\/dicodusport.fr\/blog\/wp-content\/uploads\/2024\/04\/Coupe-du-monde-Ski-alpinisme-Axelle-Gachet-Mollaret-remporte-la-Vertical-Race-de-Cortina-dAmpezzo.png","datePublished":"2024-04-06T11:33:00+00:00","dateModified":"2025-04-03T12:25:27+00:00","description":"COUPE DU MONDE SKI ALPINISME - Axelle Gachet-Mollaret a d\u00e9croch\u00e9 sa deuxi\u00e8me victoire de la saison \u00e0 Cortina d'Ampezzo.","breadcrumb":{"@id":"https:\/\/dicodusport.fr\/blog\/coupe-du-monde-ski-alpinisme-axelle-gachet-mollaret-remporte-la-vertical-race-de-cortina-dampezzo\/#breadcrumb"},"inLanguage":"fr-FR","potentialAction":[{"@type":"ReadAction","target":["https:\/\/dicodusport.fr\/blog\/coupe-du-monde-ski-alpinisme-axelle-gachet-mollaret-remporte-la-vertical-race-de-cortina-dampezzo\/"]}]},{"@type":"ImageObject","inLanguage":"fr-FR","@id":"https:\/\/dicodusport.fr\/blog\/coupe-du-monde-ski-alpinisme-axelle-gachet-mollaret-remporte-la-vertical-race-de-cortina-dampezzo\/#primaryimage","url":"https:\/\/dicodusport.fr\/blog\/wp-content\/uploads\/2024\/04\/Coupe-du-monde-Ski-alpinisme-Axelle-Gachet-Mollaret-remporte-la-Vertical-Race-de-Cortina-dAmpezzo.png","contentUrl":"https:\/\/dicodusport.fr\/blog\/wp-content\/uploads\/2024\/04\/Coupe-du-monde-Ski-alpinisme-Axelle-Gachet-Mollaret-remporte-la-Vertical-Race-de-Cortina-dAmpezzo.png","width":1200,"height":674,"caption":"Coupe du monde Ski alpinisme : Axelle Gachet-Mollaret remporte la Vertical Race de Cortina d'Ampezzo"},{"@type":"BreadcrumbList","@id":"https:\/\/dicodusport.fr\/blog\/coupe-du-monde-ski-alpinisme-axelle-gachet-mollaret-remporte-la-vertical-race-de-cortina-dampezzo\/#breadcrumb","itemListElement":[{"@type":"ListItem","position":1,"name":"Accueil","item":"https:\/\/dicodusport.fr\/blog\/"},{"@type":"ListItem","position":2,"name":"Coupe du monde Ski alpinisme : Axelle Gachet-Mollaret remporte la Vertical Race de Cortina d&rsquo;Ampezzo"}]},{"@type":"WebSite","@id":"https:\/\/dicodusport.fr\/blog\/#website","url":"https:\/\/dicodusport.fr\/blog\/","name":"Dicodusport","description":"L&#039;encyclop\u00e9die de l&#039;actualit\u00e9 sportive","publisher":{"@id":"https:\/\/dicodusport.fr\/blog\/#organization"},"potentialAction":[{"@type":"SearchAction","target":{"@type":"EntryPoint","urlTemplate":"https:\/\/dicodusport.fr\/blog\/?s={search_term_string}"},"query-input":{"@type":"PropertyValueSpecification","valueRequired":true,"valueName":"search_term_string"}}],"inLanguage":"fr-FR"},{"@type":"NewsMediaOrganization","@id":"https:\/\/dicodusport.fr\/blog\/#organization","name":"Dicodusport","url":"https:\/\/dicodusport.fr\/blog\/","logo":{"@type":"ImageObject","inLanguage":"fr-FR","@id":"https:\/\/dicodusport.fr\/blog\/#\/schema\/logo\/image\/","url":"https:\/\/dicodusport.fr\/blog\/wp-content\/uploads\/2020\/06\/cropped-LOGO-DICODUSPORT-2020-SANS-FOND-SANS-TEXTE.png","contentUrl":"https:\/\/dicodusport.fr\/blog\/wp-content\/uploads\/2020\/06\/cropped-LOGO-DICODUSPORT-2020-SANS-FOND-SANS-TEXTE.png","width":512,"height":512,"caption":"Dicodusport"},"image":{"@id":"https:\/\/dicodusport.fr\/blog\/#\/schema\/logo\/image\/"},"sameAs":["https:\/\/www.facebook.com\/dicodusport","https:\/\/x.com\/dicodusport","https:\/\/www.instagram.com\/dicodusport\/","https:\/\/www.youtube.com\/channel\/UC7V2KZ5sd3htJivAbA4ZG3w"],"description":"Dicodusport est l'encyclop\u00e9die de l'actualit\u00e9 sportive.","email":"bonjour@dicodusport.fr","legalName":"DICODUSPORT","foundingDate":"2018-01-14","vatID":"FR71834470973","taxID":"83447097300043","numberOfEmployees":{"@type":"QuantitativeValue","minValue":"1","maxValue":"10"}},{"@type":"Person","@id":"https:\/\/dicodusport.fr\/blog\/#\/schema\/person\/37def232098a7a5cbab3974a3690abb0","name":"Maxime Cazenave","image":{"@type":"ImageObject","inLanguage":"fr-FR","@id":"https:\/\/dicodusport.fr\/blog\/#\/schema\/person\/image\/","url":"https:\/\/dicodusport.fr\/blog\/wp-content\/uploads\/2021\/05\/Maxime-Cazenave-150x150.jpg","contentUrl":"https:\/\/dicodusport.fr\/blog\/wp-content\/uploads\/2021\/05\/Maxime-Cazenave-150x150.jpg","caption":"Maxime Cazenave"},"description":"Journaliste\/R\u00e9dacteur depuis 2012 - Berc\u00e9 par l\u2019amour des Girondins de Bordeaux, les \u00e9checs de Christophe Moreau sur le Tour de France sous l'\u00e8re Lance Armstrong et le fade-away l\u00e9tal de Dirk Nowitzki, ma passion d\u00e9vorante pour le sport a toujours \u00e9t\u00e9 un pan incontournable de ma vie. Transmettre ma passion \u00e0 l\u2019\u00e9crit a \u00e9t\u00e9 une transition naturelle. Suiveur assidu de basket et de hockey sur glace, je garde toujours un peu de place pour suivre le cyclisme, le football et le maximum de performances fran\u00e7aises.","sameAs":["https:\/\/x.com\/https:\/\/twitter.com\/Maxime_Caze"],"url":"https:\/\/dicodusport.fr\/blog\/author\/maximec\/"}]}},"_links":{"self":[{"href":"https:\/\/dicodusport.fr\/blog\/wp-json\/wp\/v2\/posts\/477083","targetHints":{"allow":["GET"]}}],"collection":[{"href":"https:\/\/dicodusport.fr\/blog\/wp-json\/wp\/v2\/posts"}],"about":[{"href":"https:\/\/dicodusport.fr\/blog\/wp-json\/wp\/v2\/types\/post"}],"author":[{"embeddable":true,"href":"https:\/\/dicodusport.fr\/blog\/wp-json\/wp\/v2\/users\/55"}],"replies":[{"embeddable":true,"href":"https:\/\/dicodusport.fr\/blog\/wp-json\/wp\/v2\/comments?post=477083"}],"version-history":[{"count":3,"href":"https:\/\/dicodusport.fr\/blog\/wp-json\/wp\/v2\/posts\/477083\/revisions"}],"predecessor-version":[{"id":477099,"href":"https:\/\/dicodusport.fr\/blog\/wp-json\/wp\/v2\/posts\/477083\/revisions\/477099"}],"wp:featuredmedia":[{"embeddable":true,"href":"https:\/\/dicodusport.fr\/blog\/wp-json\/wp\/v2\/media\/477084"}],"wp:attachment":[{"href":"https:\/\/dicodusport.fr\/blog\/wp-json\/wp\/v2\/media?parent=477083"}],"wp:term":[{"taxonomy":"category","embeddable":true,"href":"https:\/\/dicodusport.fr\/blog\/wp-json\/wp\/v2\/categories?post=477083"},{"taxonomy":"post_tag","embeddable":true,"href":"https:\/\/dicodusport.fr\/blog\/wp-json\/wp\/v2\/tags?post=477083"}],"curies":[{"name":"wp","href":"https:\/\/api.w.org\/{rel}","templated":true}]}}