{"id":477427,"date":"2024-04-07T16:53:02","date_gmt":"2024-04-07T14:53:02","guid":{"rendered":"https:\/\/dicodusport.fr\/blog\/?p=477427&#038;preview=true&#038;preview_id=477427"},"modified":"2024-04-08T09:16:31","modified_gmt":"2024-04-08T07:16:31","slug":"paris-roubaix-2024-en-demonstration-mathieu-van-der-poel-conserve-son-bien","status":"publish","type":"post","link":"https:\/\/dicodusport.fr\/blog\/paris-roubaix-2024-en-demonstration-mathieu-van-der-poel-conserve-son-bien\/","title":{"rendered":"Paris-Roubaix 2024 : En d\u00e9monstration, Mathieu van der Poel conserve son bien"},"content":{"rendered":"<p style=\"text-align: justify;\"><em><span class=\"tojvnm2t a6sixzi8 abs2jz4q a8s20v7p t1p8iaqh k5wvi7nf q3lfd5jv pk4s997a bipmatt0 cebpdrjk qowsmv63 owwhemhu dp1hu0rb dhp61c6y iyyx5f41\"><strong>PARIS-ROUBAIX 2024 &#8211; Mathieu van der Poel (Alpecin-Deceuninck) a gagn\u00e9 Paris-Roubaix 2024, apr\u00e8s un num\u00e9ro en solitaire de 60 kilom\u00e8tres. Il a rejoint Rik Van Looy pour avoir r\u00e9alis\u00e9 le doubl\u00e9 Tour des Flandres et Paris-Roubaix avec le maillot de champion du monde sur les \u00e9paules, c&rsquo;\u00e9tait en 1962.\u00a0<\/strong><\/span><\/em><\/p>\n<ul style=\"text-align: justify;\">\n<li style=\"text-align: justify;\"><strong>\u00c0 ce sujet &#8211; <a href=\"https:\/\/dicodusport.fr\/blog\/classement-paris-roubaix-2024\/\">Classement de Paris-Roubaix 2024<\/a><\/strong><\/li>\n<\/ul>\n<h2 style=\"text-align: justify;\">Asgreen se glisse dans l&rsquo;\u00e9chapp\u00e9e, Alpecin-Deceuncinck \u00e9cr\u00e8me<\/h2>\n<p style=\"text-align: justify;\">259,7 kilom\u00e8tres dont 55,7 kilom\u00e8tres de pav\u00e9s, r\u00e9partis sur 29 secteurs, \u00e9taient au programme de cette 121\u00e8me \u00e9dition. D&rsquo;abord, sept coureurs sont sortis du peloton : <strong>Kasper Asgreen<\/strong> (Soudal Quick-Step), <strong>Rasmus Tiller<\/strong> (Uno-X Mobility), <strong>Per Strand Hagenes<\/strong> (Visma Lease a Bike), <strong>Marco Haller<\/strong> (Bora-Hansgrohe), <strong>Gleb Syritsa<\/strong> (Astana Qazaqstan), <strong>Liam Slock<\/strong> (Lotto-Dstny) et <strong>Kamil Malecki<\/strong> (Q36.5 Pro Cycling) alors que la premi\u00e8re chute de la journ\u00e9e a mis \u00e0 terre <strong>Laurenz Rex<\/strong> (Intermarch\u00e9-Wanty), <strong>Elia Viviani<\/strong> (Ineos Grenadiers), <strong>Jonathan Milan<\/strong> (Lidl-Trek), Nils Politt (UAE Team Emirates), <strong>Tim Merlier<\/strong> (Soudal-QuickStep) et <strong>Sandy Dujardin<\/strong> (TotalEnergies).<\/p>\n<p style=\"text-align: justify;\">Puis, <strong>Dries De Bondt<\/strong> (Decathlon AG2R La Mondiale) et <strong>Dusan Rajovic<\/strong> (Bahrain-Victorious) sont partis en contre afin de faire la jonction avec le groupe de t\u00eate avant d\u2019entamer le premier secteur pav\u00e9. La vitesse moyenne a \u00e9t\u00e9 tr\u00e8s rapide sur la longue partie de liaison depuis Compi\u00e8gne avec 52,4 km\/h. Les \u00e9chapp\u00e9es ont attaqu\u00e9 le premier secteur avec seulement 1 minute 30 d&rsquo;avance sur le peloton.<\/p>\n<p style=\"text-align: justify;\">Le peloton a \u00e9t\u00e9 \u00e9tir\u00e9 par la formation Alpecin-Deceuninck d\u00e8s les premi\u00e8res sections pav\u00e9es \u00e0 cause du vent de c\u00f4t\u00e9. Pr\u00e9sent dans le premier peloton compos\u00e9 d\u2019une quarantaine de coureurs, <strong>Laurenz Rex<\/strong> (Intermarch\u00e9-Wanty) a fait un soleil \u00e0 cause d\u2019un s\u00e9parateur et a abandonn\u00e9, tandis que l\u2019\u00e9chapp\u00e9e a \u00e9t\u00e9 reprise \u00e0 plus de 140 kilom\u00e8tres de l&rsquo;arriv\u00e9e. Victime d\u2019une crevaison d\u00e8s le premier secteur, <strong>Christophe Laporte<\/strong> (Visma Lease a Bike) a figur\u00e9 dans un deuxi\u00e8me peloton.<\/p>\n<p style=\"text-align: justify;\"><strong>Stefan K\u00fcng<\/strong> (Groupama-FDJ) et <strong>Nils Politt<\/strong> (UAE Team Emirates) sont partis, avec <strong>Gianni Vermeersch<\/strong> (Alpecin-Deceuninck) \u00e0 la sortie du secteur de Pont-Gibus. Bien s\u00fbr, le coureur belge n\u2019a pas collabor\u00e9 avec ses deux compagnons de fugue. La Lidl-Trek a alors pris en charge la chasse avec le champion de Tch\u00e9quie <strong>Mathias Vacek<\/strong> et <strong>Edward Theuns<\/strong>. Mais, la jonction a \u00e9t\u00e9 faite apr\u00e8s le secteur num\u00e9ro 15 gr\u00e2ce \u00e0 un ultime effort de <strong>Mads Pedersen<\/strong> (Lidl-Trek).<\/p>\n<ul>\n<li style=\"text-align: justify;\"><strong>\u00c0 ce sujet \u2013\u00a0<a href=\"https:\/\/dicodusport.fr\/blog\/cyclisme-calendrier-world-tour-2024\/\">Cyclisme \u2013 Calendrier World Tour 2024<\/a><\/strong><\/li>\n<\/ul>\n<h2 style=\"text-align: justify;\">Mathieu van der Poel s&rsquo;envole \u00e0 60 km de l&rsquo;arriv\u00e9e<\/h2>\n<p style=\"text-align: justify;\">Ensuite, <strong>Mathieu van der Poel<\/strong> (Alpecin-Deceuninck) a port\u00e9 une puissante acc\u00e9l\u00e9ration dans le secteur d\u2019Orchies, \u00e0 60 kilom\u00e8tres du terme. Derri\u00e8re, <strong>Jasper Philipsen<\/strong> et <strong>Gianni Vermeersch<\/strong> (Alpecin-Deceuninck) ont neutralis\u00e9 les vell\u00e9it\u00e9s. Cependant, <strong>Nils Politt<\/strong> (UAE Team Emirates), <strong>Mads Pedersen<\/strong> (Lidl-Trek), <strong>Laurence Pithie, Stefan Kung<\/strong> (Groupama FDJ) et <strong>Jasper Philipsen<\/strong> (Alpecin-Deceuninck) ont constitu\u00e9 un groupe de chasse dans le secteur num\u00e9ro 10. Malheureusement, le coureur n\u00e9o-z\u00e9landais a chut\u00e9 lourdement \u00e0 plus de 30 kilom\u00e8tres de l&rsquo;arriv\u00e9e, et a \u00e9t\u00e9 repris par <strong>Gianni Vermeersch<\/strong> (Alpecin-Deceuninck).<\/p>\n<blockquote class=\"twitter-tweet\">\n<p dir=\"ltr\" lang=\"fr\">\ud83d\udeb4 <a href=\"https:\/\/twitter.com\/hashtag\/ParisRoubaix?src=hash&amp;ref_src=twsrc%5Etfw\">#ParisRoubaix<\/a> | \ud835\udde9\ud835\uddee\ud835\uddfb \ud835\uddf1\ud835\uddf2\ud835\uddff \ud835\udde3\ud835\uddfc\ud835\uddf2\ud835\uddf9 \ud835\ude00&rsquo;\ud835\uddf2\u0301\ud835\uddf0\ud835\uddf5\ud835\uddee\ud835\uddfd\ud835\uddfd\ud835\uddf2 !<\/p>\n<p>Le champion du monde tente un coup dans secteur d&rsquo;Orchies, \u00e0 59km de l&rsquo;arriv\u00e9e, personne ne peut suivre !<\/p>\n<p>\ud83d\udcfa Le direct : <a href=\"https:\/\/t.co\/4TFulQFZ21\">https:\/\/t.co\/4TFulQFZ21<\/a> <a href=\"https:\/\/t.co\/9peHTGNjXQ\">pic.twitter.com\/9peHTGNjXQ<\/a><\/p>\n<p>\u2014 francetvsport (@francetvsport) <a href=\"https:\/\/twitter.com\/francetvsport\/status\/1776968714694377831?ref_src=twsrc%5Etfw\">April 7, 2024<\/a><\/p><\/blockquote>\n<p><script async src=\"https:\/\/platform.twitter.com\/widgets.js\" charset=\"utf-8\"><\/script><\/p>\n<p style=\"text-align: justify;\">Dans le secteur de Gruson, <strong>Jasper Philipsen<\/strong> (Alpecin-Deceuninck) a fait exploser <strong>Stefan K\u00fcng<\/strong> (Groupama-FDJ). Le rouleur suisse a \u00e9t\u00e9 cherch\u00e9 la cinqui\u00e8me place \u00e0 3 minutes 12 alors que le sprinteur belge a collabor\u00e9 pour \u00e9viter le retour de Kung.<\/p>\n<p style=\"text-align: justify;\">Finalement, <strong>Mathieu van der Poel<\/strong> (Alpecin-Deceuninck) s&rsquo;est impos\u00e9 pour la deuxi\u00e8me ann\u00e9e cons\u00e9cutive et a d\u00e9croch\u00e9 son sixi\u00e8me Monument. \u00c0 2 minutes 56, <strong>Jasper Philipsen<\/strong> (Alpecin-Deceuninck) a r\u00e9gl\u00e9 le trio de chasse devant <strong>Mads Pedersen<\/strong> (Lidl-Trek) et <strong>Nils Politt<\/strong> (UAE Team Emirates). \u00c0 3 minutes 43, <strong>Gianni Vermeersch<\/strong> (Alpecin-Deceuninck) a devanc\u00e9 <strong>Laurence Pithie<\/strong> (Groupama-FDJ) pour la sixi\u00e8me place. <strong>Tim van Dijke<\/strong> (Visma Lease a Bike) a \u00e9t\u00e9 chercher la huiti\u00e8me place, avant d&rsquo;\u00eatre d\u00e9class\u00e9. C&rsquo;est <strong>Jordi Meeus<\/strong> (Bora-Hansgrohe) qui compl\u00e8te le top 8, devant <strong>Soren Waerenskjold<\/strong> (Uno X Mobility). Premier fran\u00e7ais, <strong>Christophe Laporte<\/strong> (Visma Lease a Bike), plomb\u00e9 par une crevaison d\u00e8s le premier secteur pav\u00e9, est 25\u00e8me.<\/p>\n<blockquote class=\"twitter-tweet\">\n<p dir=\"ltr\" lang=\"fr\">\ud83d\udeb4 <a href=\"https:\/\/twitter.com\/hashtag\/ParisRoubaix?src=hash&amp;ref_src=twsrc%5Etfw\">#ParisRoubaix<\/a> | \ud835\udde0\ud835\uddd4\ud835\udde7\ud835\udddb\ud835\udddc\ud835\uddd8\ud835\udde8 \ud835\udde9\ud835\uddd4\ud835\udde1 \ud835\uddd7\ud835\uddd8\ud835\udde5 \ud835\udde3\ud835\udde2\ud835\uddd8\ud835\udddf \ud835\udde5\ud835\uddd8\ud835\udde0\ud835\udde3\ud835\udde2\ud835\udde5\ud835\udde7\ud835\uddd8 \ud835\udde3\ud835\uddd4\ud835\udde5\ud835\udddc\ud835\udde6-\ud835\udde5\ud835\udde2\ud835\udde8\ud835\uddd5\ud835\uddd4\ud835\udddc\ud835\uddeb !<\/p>\n<p>\ud83d\udcaa Apr\u00e8s une nouvelle d\u00e9monstration, le champion du monde s&rsquo;impose en solitaire dans le V\u00e9lodrome de Roubaix pour la deuxi\u00e8me ann\u00e9e cons\u00e9cutive ! <a href=\"https:\/\/t.co\/Ip1vXSjJAv\">pic.twitter.com\/Ip1vXSjJAv<\/a><\/p>\n<p>\u2014 francetvsport (@francetvsport) <a href=\"https:\/\/twitter.com\/francetvsport\/status\/1776987074748412311?ref_src=twsrc%5Etfw\">April 7, 2024<\/a><\/p><\/blockquote>\n<p><script async src=\"https:\/\/platform.twitter.com\/widgets.js\" charset=\"utf-8\"><\/script><\/p>\n","protected":false},"excerpt":{"rendered":"<p>PARIS-ROUBAIX 2024 &#8211; Mathieu van der Poel (Alpecin-Deceuninck) a gagn\u00e9 Paris-Roubaix 2024, apr\u00e8s un num\u00e9ro en solitaire de 60 kilom\u00e8tres.<\/p>\n","protected":false},"author":48,"featured_media":477546,"comment_status":"open","ping_status":"closed","sticky":false,"template":"","format":"standard","meta":{"_acf_changed":false,"_daextam_enable_autolinks":"1","footnotes":""},"categories":[46994],"tags":[3119,16878,4164,24],"class_list":["post-477427","post","type-post","status-publish","format-standard","has-post-thumbnail","hentry","category-cyclisme-sur-route","tag-actualite-cyclisme","tag-breve","tag-paris-roubaix","tag-sport"],"acf":[],"yoast_head":"<!-- This site is optimized with the Yoast SEO Premium plugin v26.7 (Yoast SEO v26.7) - https:\/\/yoast.com\/wordpress\/plugins\/seo\/ -->\n<title>Paris-Roubaix 2024 : En d\u00e9monstration, Mathieu van der Poel conserve son bien<\/title>\n<meta name=\"description\" content=\"PARIS-ROUBAIX 2024 - Mathieu van der Poel (Alpecin-Deceuninck) a remport\u00e9 la 121\u00e8me \u00e9dition de Paris-Roubaix en solitaire.\" \/>\n<meta name=\"robots\" content=\"index, follow, max-snippet:-1, max-image-preview:large, max-video-preview:-1\" \/>\n<link rel=\"canonical\" href=\"https:\/\/dicodusport.fr\/blog\/paris-roubaix-2024-en-demonstration-mathieu-van-der-poel-conserve-son-bien\/\" \/>\n<meta property=\"og:locale\" content=\"fr_FR\" \/>\n<meta property=\"og:type\" content=\"article\" \/>\n<meta property=\"og:title\" content=\"Paris-Roubaix 2024 : En d\u00e9monstration, Mathieu van der Poel conserve son bien\" \/>\n<meta property=\"og:description\" content=\"PARIS-ROUBAIX 2024 - Mathieu van der Poel (Alpecin-Deceuninck) a remport\u00e9 la 121\u00e8me \u00e9dition de Paris-Roubaix en solitaire.\" \/>\n<meta property=\"og:url\" content=\"https:\/\/dicodusport.fr\/blog\/paris-roubaix-2024-en-demonstration-mathieu-van-der-poel-conserve-son-bien\/\" \/>\n<meta property=\"og:site_name\" content=\"Dicodusport\" \/>\n<meta property=\"article:publisher\" content=\"https:\/\/www.facebook.com\/dicodusport\" \/>\n<meta property=\"article:author\" content=\"https:\/\/www.facebook.com\/groups\/LesRoisDuPeloton\" \/>\n<meta property=\"article:published_time\" content=\"2024-04-07T14:53:02+00:00\" \/>\n<meta property=\"article:modified_time\" content=\"2024-04-08T07:16:31+00:00\" \/>\n<meta property=\"og:image\" content=\"https:\/\/dicodusport.fr\/blog\/wp-content\/uploads\/2024\/04\/Paris-Roubaix-2024-En-demonstration-Mathieu-van-der-Poel-conserve-son-bien-1.png\" \/>\n\t<meta property=\"og:image:width\" content=\"1200\" \/>\n\t<meta property=\"og:image:height\" content=\"674\" \/>\n\t<meta property=\"og:image:type\" content=\"image\/png\" \/>\n<meta name=\"author\" content=\"Emilien Descampiaux\" \/>\n<meta name=\"twitter:card\" content=\"summary_large_image\" \/>\n<meta name=\"twitter:title\" content=\"Paris-Roubaix 2024 : En d\u00e9monstration, Mathieu van der Poel conserve son bien\" \/>\n<meta name=\"twitter:creator\" content=\"@https:\/\/twitter.com\/LRoisDuPeloton\" \/>\n<meta name=\"twitter:site\" content=\"@dicodusport\" \/>\n<script type=\"application\/ld+json\" class=\"yoast-schema-graph\">{\"@context\":\"https:\/\/schema.org\",\"@graph\":[{\"@type\":\"NewsArticle\",\"@id\":\"https:\/\/dicodusport.fr\/blog\/paris-roubaix-2024-en-demonstration-mathieu-van-der-poel-conserve-son-bien\/#article\",\"isPartOf\":{\"@id\":\"https:\/\/dicodusport.fr\/blog\/paris-roubaix-2024-en-demonstration-mathieu-van-der-poel-conserve-son-bien\/\"},\"author\":{\"name\":\"Emilien Descampiaux\",\"@id\":\"https:\/\/dicodusport.fr\/blog\/#\/schema\/person\/6db4bae06b171592211be385b32876a7\"},\"headline\":\"Paris-Roubaix 2024 : En d\u00e9monstration, Mathieu van der Poel conserve son bien\",\"datePublished\":\"2024-04-07T14:53:02+00:00\",\"dateModified\":\"2024-04-08T07:16:31+00:00\",\"mainEntityOfPage\":{\"@id\":\"https:\/\/dicodusport.fr\/blog\/paris-roubaix-2024-en-demonstration-mathieu-van-der-poel-conserve-son-bien\/\"},\"wordCount\":745,\"commentCount\":0,\"publisher\":{\"@id\":\"https:\/\/dicodusport.fr\/blog\/#organization\"},\"image\":{\"@id\":\"https:\/\/dicodusport.fr\/blog\/paris-roubaix-2024-en-demonstration-mathieu-van-der-poel-conserve-son-bien\/#primaryimage\"},\"thumbnailUrl\":\"https:\/\/dicodusport.fr\/blog\/wp-content\/uploads\/2024\/04\/Paris-Roubaix-2024-En-demonstration-Mathieu-van-der-Poel-conserve-son-bien-1.png\",\"keywords\":[\"Actualit\u00e9 Cyclisme\",\"br\u00e8ve\",\"Paris-Roubaix\",\"sport\"],\"articleSection\":[\"Cyclisme sur route\"],\"inLanguage\":\"fr-FR\",\"potentialAction\":[{\"@type\":\"CommentAction\",\"name\":\"Comment\",\"target\":[\"https:\/\/dicodusport.fr\/blog\/paris-roubaix-2024-en-demonstration-mathieu-van-der-poel-conserve-son-bien\/#respond\"]}],\"copyrightYear\":\"2024\",\"copyrightHolder\":{\"@id\":\"https:\/\/dicodusport.fr\/blog\/#organization\"}},{\"@type\":\"WebPage\",\"@id\":\"https:\/\/dicodusport.fr\/blog\/paris-roubaix-2024-en-demonstration-mathieu-van-der-poel-conserve-son-bien\/\",\"url\":\"https:\/\/dicodusport.fr\/blog\/paris-roubaix-2024-en-demonstration-mathieu-van-der-poel-conserve-son-bien\/\",\"name\":\"Paris-Roubaix 2024 : En d\u00e9monstration, Mathieu van der Poel conserve son bien\",\"isPartOf\":{\"@id\":\"https:\/\/dicodusport.fr\/blog\/#website\"},\"primaryImageOfPage\":{\"@id\":\"https:\/\/dicodusport.fr\/blog\/paris-roubaix-2024-en-demonstration-mathieu-van-der-poel-conserve-son-bien\/#primaryimage\"},\"image\":{\"@id\":\"https:\/\/dicodusport.fr\/blog\/paris-roubaix-2024-en-demonstration-mathieu-van-der-poel-conserve-son-bien\/#primaryimage\"},\"thumbnailUrl\":\"https:\/\/dicodusport.fr\/blog\/wp-content\/uploads\/2024\/04\/Paris-Roubaix-2024-En-demonstration-Mathieu-van-der-Poel-conserve-son-bien-1.png\",\"datePublished\":\"2024-04-07T14:53:02+00:00\",\"dateModified\":\"2024-04-08T07:16:31+00:00\",\"description\":\"PARIS-ROUBAIX 2024 - Mathieu van der Poel (Alpecin-Deceuninck) a remport\u00e9 la 121\u00e8me \u00e9dition de Paris-Roubaix en solitaire.\",\"breadcrumb\":{\"@id\":\"https:\/\/dicodusport.fr\/blog\/paris-roubaix-2024-en-demonstration-mathieu-van-der-poel-conserve-son-bien\/#breadcrumb\"},\"inLanguage\":\"fr-FR\",\"potentialAction\":[{\"@type\":\"ReadAction\",\"target\":[\"https:\/\/dicodusport.fr\/blog\/paris-roubaix-2024-en-demonstration-mathieu-van-der-poel-conserve-son-bien\/\"]}]},{\"@type\":\"ImageObject\",\"inLanguage\":\"fr-FR\",\"@id\":\"https:\/\/dicodusport.fr\/blog\/paris-roubaix-2024-en-demonstration-mathieu-van-der-poel-conserve-son-bien\/#primaryimage\",\"url\":\"https:\/\/dicodusport.fr\/blog\/wp-content\/uploads\/2024\/04\/Paris-Roubaix-2024-En-demonstration-Mathieu-van-der-Poel-conserve-son-bien-1.png\",\"contentUrl\":\"https:\/\/dicodusport.fr\/blog\/wp-content\/uploads\/2024\/04\/Paris-Roubaix-2024-En-demonstration-Mathieu-van-der-Poel-conserve-son-bien-1.png\",\"width\":1200,\"height\":674,\"caption\":\"Paris-Roubaix 2024 - En d\u00e9monstration, Mathieu van der Poel conserve son bien - Photo Icon Sport\"},{\"@type\":\"BreadcrumbList\",\"@id\":\"https:\/\/dicodusport.fr\/blog\/paris-roubaix-2024-en-demonstration-mathieu-van-der-poel-conserve-son-bien\/#breadcrumb\",\"itemListElement\":[{\"@type\":\"ListItem\",\"position\":1,\"name\":\"Accueil\",\"item\":\"https:\/\/dicodusport.fr\/blog\/\"},{\"@type\":\"ListItem\",\"position\":2,\"name\":\"Paris-Roubaix 2024 : En d\u00e9monstration, Mathieu van der Poel conserve son bien\"}]},{\"@type\":\"WebSite\",\"@id\":\"https:\/\/dicodusport.fr\/blog\/#website\",\"url\":\"https:\/\/dicodusport.fr\/blog\/\",\"name\":\"Dicodusport\",\"description\":\"L&#039;encyclop\u00e9die de l&#039;actualit\u00e9 sportive\",\"publisher\":{\"@id\":\"https:\/\/dicodusport.fr\/blog\/#organization\"},\"potentialAction\":[{\"@type\":\"SearchAction\",\"target\":{\"@type\":\"EntryPoint\",\"urlTemplate\":\"https:\/\/dicodusport.fr\/blog\/?s={search_term_string}\"},\"query-input\":{\"@type\":\"PropertyValueSpecification\",\"valueRequired\":true,\"valueName\":\"search_term_string\"}}],\"inLanguage\":\"fr-FR\"},{\"@type\":\"NewsMediaOrganization\",\"@id\":\"https:\/\/dicodusport.fr\/blog\/#organization\",\"name\":\"Dicodusport\",\"url\":\"https:\/\/dicodusport.fr\/blog\/\",\"logo\":{\"@type\":\"ImageObject\",\"inLanguage\":\"fr-FR\",\"@id\":\"https:\/\/dicodusport.fr\/blog\/#\/schema\/logo\/image\/\",\"url\":\"https:\/\/dicodusport.fr\/blog\/wp-content\/uploads\/2020\/06\/cropped-LOGO-DICODUSPORT-2020-SANS-FOND-SANS-TEXTE.png\",\"contentUrl\":\"https:\/\/dicodusport.fr\/blog\/wp-content\/uploads\/2020\/06\/cropped-LOGO-DICODUSPORT-2020-SANS-FOND-SANS-TEXTE.png\",\"width\":512,\"height\":512,\"caption\":\"Dicodusport\"},\"image\":{\"@id\":\"https:\/\/dicodusport.fr\/blog\/#\/schema\/logo\/image\/\"},\"sameAs\":[\"https:\/\/www.facebook.com\/dicodusport\",\"https:\/\/x.com\/dicodusport\",\"https:\/\/www.instagram.com\/dicodusport\/\",\"https:\/\/www.youtube.com\/channel\/UC7V2KZ5sd3htJivAbA4ZG3w\"],\"description\":\"Dicodusport est l'encyclop\u00e9die de l'actualit\u00e9 sportive.\",\"email\":\"bonjour@dicodusport.fr\",\"legalName\":\"DICODUSPORT\",\"foundingDate\":\"2018-01-14\",\"vatID\":\"FR71834470973\",\"taxID\":\"83447097300043\",\"numberOfEmployees\":{\"@type\":\"QuantitativeValue\",\"minValue\":\"1\",\"maxValue\":\"10\"}},{\"@type\":\"Person\",\"@id\":\"https:\/\/dicodusport.fr\/blog\/#\/schema\/person\/6db4bae06b171592211be385b32876a7\",\"name\":\"Emilien Descampiaux\",\"image\":{\"@type\":\"ImageObject\",\"inLanguage\":\"fr-FR\",\"@id\":\"https:\/\/dicodusport.fr\/blog\/#\/schema\/person\/image\/\",\"url\":\"https:\/\/dicodusport.fr\/blog\/wp-content\/uploads\/2021\/05\/Emilien-Descampiaux-150x150.jpg\",\"contentUrl\":\"https:\/\/dicodusport.fr\/blog\/wp-content\/uploads\/2021\/05\/Emilien-Descampiaux-150x150.jpg\",\"caption\":\"Emilien Descampiaux\"},\"description\":\"Journaliste\/r\u00e9dacteur depuis 2014 - Fan de la classe de Frank Vandenbroucke, je vis cyclisme (et de ses paysages) depuis plus de 20 ans. Je suis tr\u00e8s impliqu\u00e9 sur mes diff\u00e9rents r\u00e9seaux sociaux pour partager ma passion sur le monde et l'Histoire de la bicyclette avec ma voix sur les images en noir et blanc du succ\u00e8s de Rik Van Steenbergen lors du Ronde sur le V\u00e9lodrome de Gand.\",\"sameAs\":[\"https:\/\/www.facebook.com\/groups\/LesRoisDuPeloton\",\"https:\/\/x.com\/https:\/\/twitter.com\/LRoisDuPeloton\"],\"url\":\"https:\/\/dicodusport.fr\/blog\/author\/emiliend\/\"}]}<\/script>\n<!-- \/ Yoast SEO Premium plugin. -->","yoast_head_json":{"title":"Paris-Roubaix 2024 : En d\u00e9monstration, Mathieu van der Poel conserve son bien","description":"PARIS-ROUBAIX 2024 - Mathieu van der Poel (Alpecin-Deceuninck) a remport\u00e9 la 121\u00e8me \u00e9dition de Paris-Roubaix en solitaire.","robots":{"index":"index","follow":"follow","max-snippet":"max-snippet:-1","max-image-preview":"max-image-preview:large","max-video-preview":"max-video-preview:-1"},"canonical":"https:\/\/dicodusport.fr\/blog\/paris-roubaix-2024-en-demonstration-mathieu-van-der-poel-conserve-son-bien\/","og_locale":"fr_FR","og_type":"article","og_title":"Paris-Roubaix 2024 : En d\u00e9monstration, Mathieu van der Poel conserve son bien","og_description":"PARIS-ROUBAIX 2024 - Mathieu van der Poel (Alpecin-Deceuninck) a remport\u00e9 la 121\u00e8me \u00e9dition de Paris-Roubaix en solitaire.","og_url":"https:\/\/dicodusport.fr\/blog\/paris-roubaix-2024-en-demonstration-mathieu-van-der-poel-conserve-son-bien\/","og_site_name":"Dicodusport","article_publisher":"https:\/\/www.facebook.com\/dicodusport","article_author":"https:\/\/www.facebook.com\/groups\/LesRoisDuPeloton","article_published_time":"2024-04-07T14:53:02+00:00","article_modified_time":"2024-04-08T07:16:31+00:00","og_image":[{"width":1200,"height":674,"url":"https:\/\/dicodusport.fr\/blog\/wp-content\/uploads\/2024\/04\/Paris-Roubaix-2024-En-demonstration-Mathieu-van-der-Poel-conserve-son-bien-1.png","type":"image\/png"}],"author":"Emilien Descampiaux","twitter_card":"summary_large_image","twitter_title":"Paris-Roubaix 2024 : En d\u00e9monstration, Mathieu van der Poel conserve son bien","twitter_creator":"@https:\/\/twitter.com\/LRoisDuPeloton","twitter_site":"@dicodusport","schema":{"@context":"https:\/\/schema.org","@graph":[{"@type":"NewsArticle","@id":"https:\/\/dicodusport.fr\/blog\/paris-roubaix-2024-en-demonstration-mathieu-van-der-poel-conserve-son-bien\/#article","isPartOf":{"@id":"https:\/\/dicodusport.fr\/blog\/paris-roubaix-2024-en-demonstration-mathieu-van-der-poel-conserve-son-bien\/"},"author":{"name":"Emilien Descampiaux","@id":"https:\/\/dicodusport.fr\/blog\/#\/schema\/person\/6db4bae06b171592211be385b32876a7"},"headline":"Paris-Roubaix 2024 : En d\u00e9monstration, Mathieu van der Poel conserve son bien","datePublished":"2024-04-07T14:53:02+00:00","dateModified":"2024-04-08T07:16:31+00:00","mainEntityOfPage":{"@id":"https:\/\/dicodusport.fr\/blog\/paris-roubaix-2024-en-demonstration-mathieu-van-der-poel-conserve-son-bien\/"},"wordCount":745,"commentCount":0,"publisher":{"@id":"https:\/\/dicodusport.fr\/blog\/#organization"},"image":{"@id":"https:\/\/dicodusport.fr\/blog\/paris-roubaix-2024-en-demonstration-mathieu-van-der-poel-conserve-son-bien\/#primaryimage"},"thumbnailUrl":"https:\/\/dicodusport.fr\/blog\/wp-content\/uploads\/2024\/04\/Paris-Roubaix-2024-En-demonstration-Mathieu-van-der-Poel-conserve-son-bien-1.png","keywords":["Actualit\u00e9 Cyclisme","br\u00e8ve","Paris-Roubaix","sport"],"articleSection":["Cyclisme sur route"],"inLanguage":"fr-FR","potentialAction":[{"@type":"CommentAction","name":"Comment","target":["https:\/\/dicodusport.fr\/blog\/paris-roubaix-2024-en-demonstration-mathieu-van-der-poel-conserve-son-bien\/#respond"]}],"copyrightYear":"2024","copyrightHolder":{"@id":"https:\/\/dicodusport.fr\/blog\/#organization"}},{"@type":"WebPage","@id":"https:\/\/dicodusport.fr\/blog\/paris-roubaix-2024-en-demonstration-mathieu-van-der-poel-conserve-son-bien\/","url":"https:\/\/dicodusport.fr\/blog\/paris-roubaix-2024-en-demonstration-mathieu-van-der-poel-conserve-son-bien\/","name":"Paris-Roubaix 2024 : En d\u00e9monstration, Mathieu van der Poel conserve son bien","isPartOf":{"@id":"https:\/\/dicodusport.fr\/blog\/#website"},"primaryImageOfPage":{"@id":"https:\/\/dicodusport.fr\/blog\/paris-roubaix-2024-en-demonstration-mathieu-van-der-poel-conserve-son-bien\/#primaryimage"},"image":{"@id":"https:\/\/dicodusport.fr\/blog\/paris-roubaix-2024-en-demonstration-mathieu-van-der-poel-conserve-son-bien\/#primaryimage"},"thumbnailUrl":"https:\/\/dicodusport.fr\/blog\/wp-content\/uploads\/2024\/04\/Paris-Roubaix-2024-En-demonstration-Mathieu-van-der-Poel-conserve-son-bien-1.png","datePublished":"2024-04-07T14:53:02+00:00","dateModified":"2024-04-08T07:16:31+00:00","description":"PARIS-ROUBAIX 2024 - Mathieu van der Poel (Alpecin-Deceuninck) a remport\u00e9 la 121\u00e8me \u00e9dition de Paris-Roubaix en solitaire.","breadcrumb":{"@id":"https:\/\/dicodusport.fr\/blog\/paris-roubaix-2024-en-demonstration-mathieu-van-der-poel-conserve-son-bien\/#breadcrumb"},"inLanguage":"fr-FR","potentialAction":[{"@type":"ReadAction","target":["https:\/\/dicodusport.fr\/blog\/paris-roubaix-2024-en-demonstration-mathieu-van-der-poel-conserve-son-bien\/"]}]},{"@type":"ImageObject","inLanguage":"fr-FR","@id":"https:\/\/dicodusport.fr\/blog\/paris-roubaix-2024-en-demonstration-mathieu-van-der-poel-conserve-son-bien\/#primaryimage","url":"https:\/\/dicodusport.fr\/blog\/wp-content\/uploads\/2024\/04\/Paris-Roubaix-2024-En-demonstration-Mathieu-van-der-Poel-conserve-son-bien-1.png","contentUrl":"https:\/\/dicodusport.fr\/blog\/wp-content\/uploads\/2024\/04\/Paris-Roubaix-2024-En-demonstration-Mathieu-van-der-Poel-conserve-son-bien-1.png","width":1200,"height":674,"caption":"Paris-Roubaix 2024 - En d\u00e9monstration, Mathieu van der Poel conserve son bien - Photo Icon Sport"},{"@type":"BreadcrumbList","@id":"https:\/\/dicodusport.fr\/blog\/paris-roubaix-2024-en-demonstration-mathieu-van-der-poel-conserve-son-bien\/#breadcrumb","itemListElement":[{"@type":"ListItem","position":1,"name":"Accueil","item":"https:\/\/dicodusport.fr\/blog\/"},{"@type":"ListItem","position":2,"name":"Paris-Roubaix 2024 : En d\u00e9monstration, Mathieu van der Poel conserve son bien"}]},{"@type":"WebSite","@id":"https:\/\/dicodusport.fr\/blog\/#website","url":"https:\/\/dicodusport.fr\/blog\/","name":"Dicodusport","description":"L&#039;encyclop\u00e9die de l&#039;actualit\u00e9 sportive","publisher":{"@id":"https:\/\/dicodusport.fr\/blog\/#organization"},"potentialAction":[{"@type":"SearchAction","target":{"@type":"EntryPoint","urlTemplate":"https:\/\/dicodusport.fr\/blog\/?s={search_term_string}"},"query-input":{"@type":"PropertyValueSpecification","valueRequired":true,"valueName":"search_term_string"}}],"inLanguage":"fr-FR"},{"@type":"NewsMediaOrganization","@id":"https:\/\/dicodusport.fr\/blog\/#organization","name":"Dicodusport","url":"https:\/\/dicodusport.fr\/blog\/","logo":{"@type":"ImageObject","inLanguage":"fr-FR","@id":"https:\/\/dicodusport.fr\/blog\/#\/schema\/logo\/image\/","url":"https:\/\/dicodusport.fr\/blog\/wp-content\/uploads\/2020\/06\/cropped-LOGO-DICODUSPORT-2020-SANS-FOND-SANS-TEXTE.png","contentUrl":"https:\/\/dicodusport.fr\/blog\/wp-content\/uploads\/2020\/06\/cropped-LOGO-DICODUSPORT-2020-SANS-FOND-SANS-TEXTE.png","width":512,"height":512,"caption":"Dicodusport"},"image":{"@id":"https:\/\/dicodusport.fr\/blog\/#\/schema\/logo\/image\/"},"sameAs":["https:\/\/www.facebook.com\/dicodusport","https:\/\/x.com\/dicodusport","https:\/\/www.instagram.com\/dicodusport\/","https:\/\/www.youtube.com\/channel\/UC7V2KZ5sd3htJivAbA4ZG3w"],"description":"Dicodusport est l'encyclop\u00e9die de l'actualit\u00e9 sportive.","email":"bonjour@dicodusport.fr","legalName":"DICODUSPORT","foundingDate":"2018-01-14","vatID":"FR71834470973","taxID":"83447097300043","numberOfEmployees":{"@type":"QuantitativeValue","minValue":"1","maxValue":"10"}},{"@type":"Person","@id":"https:\/\/dicodusport.fr\/blog\/#\/schema\/person\/6db4bae06b171592211be385b32876a7","name":"Emilien Descampiaux","image":{"@type":"ImageObject","inLanguage":"fr-FR","@id":"https:\/\/dicodusport.fr\/blog\/#\/schema\/person\/image\/","url":"https:\/\/dicodusport.fr\/blog\/wp-content\/uploads\/2021\/05\/Emilien-Descampiaux-150x150.jpg","contentUrl":"https:\/\/dicodusport.fr\/blog\/wp-content\/uploads\/2021\/05\/Emilien-Descampiaux-150x150.jpg","caption":"Emilien Descampiaux"},"description":"Journaliste\/r\u00e9dacteur depuis 2014 - Fan de la classe de Frank Vandenbroucke, je vis cyclisme (et de ses paysages) depuis plus de 20 ans. Je suis tr\u00e8s impliqu\u00e9 sur mes diff\u00e9rents r\u00e9seaux sociaux pour partager ma passion sur le monde et l'Histoire de la bicyclette avec ma voix sur les images en noir et blanc du succ\u00e8s de Rik Van Steenbergen lors du Ronde sur le V\u00e9lodrome de Gand.","sameAs":["https:\/\/www.facebook.com\/groups\/LesRoisDuPeloton","https:\/\/x.com\/https:\/\/twitter.com\/LRoisDuPeloton"],"url":"https:\/\/dicodusport.fr\/blog\/author\/emiliend\/"}]}},"_links":{"self":[{"href":"https:\/\/dicodusport.fr\/blog\/wp-json\/wp\/v2\/posts\/477427","targetHints":{"allow":["GET"]}}],"collection":[{"href":"https:\/\/dicodusport.fr\/blog\/wp-json\/wp\/v2\/posts"}],"about":[{"href":"https:\/\/dicodusport.fr\/blog\/wp-json\/wp\/v2\/types\/post"}],"author":[{"embeddable":true,"href":"https:\/\/dicodusport.fr\/blog\/wp-json\/wp\/v2\/users\/48"}],"replies":[{"embeddable":true,"href":"https:\/\/dicodusport.fr\/blog\/wp-json\/wp\/v2\/comments?post=477427"}],"version-history":[{"count":5,"href":"https:\/\/dicodusport.fr\/blog\/wp-json\/wp\/v2\/posts\/477427\/revisions"}],"predecessor-version":[{"id":477664,"href":"https:\/\/dicodusport.fr\/blog\/wp-json\/wp\/v2\/posts\/477427\/revisions\/477664"}],"wp:featuredmedia":[{"embeddable":true,"href":"https:\/\/dicodusport.fr\/blog\/wp-json\/wp\/v2\/media\/477546"}],"wp:attachment":[{"href":"https:\/\/dicodusport.fr\/blog\/wp-json\/wp\/v2\/media?parent=477427"}],"wp:term":[{"taxonomy":"category","embeddable":true,"href":"https:\/\/dicodusport.fr\/blog\/wp-json\/wp\/v2\/categories?post=477427"},{"taxonomy":"post_tag","embeddable":true,"href":"https:\/\/dicodusport.fr\/blog\/wp-json\/wp\/v2\/tags?post=477427"}],"curies":[{"name":"wp","href":"https:\/\/api.w.org\/{rel}","templated":true}]}}