{"id":47745,"date":"2019-09-10T17:39:32","date_gmt":"2019-09-10T15:39:32","guid":{"rendered":"http:\/\/dicodusport.fr\/blog\/?p=47745&#038;preview=true&#038;preview_id=47745"},"modified":"2019-09-11T12:12:34","modified_gmt":"2019-09-11T10:12:34","slug":"coupe-du-monde-2019-le-canada-a-la-recherche-d-un-nouveau-souffle","status":"publish","type":"post","link":"https:\/\/dicodusport.fr\/blog\/coupe-du-monde-2019-le-canada-a-la-recherche-d-un-nouveau-souffle\/","title":{"rendered":"Coupe du monde 2019 : le Canada \u00e0 la recherche d&rsquo;un nouveau souffle"},"content":{"rendered":"<p style=\"text-align: justify;\"><em><strong>Chaque jour, retrouvez nos pr\u00e9sentations des 20 nations qui vont participer \u00e0 la Coupe du monde de rugby 2019, au Japon. Place au Canada,<\/strong> <strong>22\u00e8me nation au classement World Rugby.<\/strong><br \/>\n<\/em><\/p>\n<p style=\"text-align: justify;\"><strong>22\u00e8me nation au <a href=\"https:\/\/www.world.rugby\/rankings\/mru?lang=fr\" target=\"_blank\" rel=\"noopener\">classement World Rugby<\/a><\/strong>, le <a href=\"https:\/\/rugby.ca\/en\" target=\"_blank\" rel=\"noopener\"><strong>Canada<\/strong><\/a> stagne dans le ventre mou des pays qualifi\u00e9s pour le Mondial. 18\u00e8mes avant la Coupe du monde 2015, les <em>Canucks<\/em> ont vu des nations comme la Russie ou le Portugal leur passer devant. Enthousiasmante en 2015, la s\u00e9lection canadienne est en qu\u00eate de renouveau, et d&rsquo;exploit, apr\u00e8s sept matchs sans la moindre victoire en 2019, s\u00e9rie en cours. Dans une poule B piquante (Nouvelle-Z\u00e9lande, Afrique du Sud, Italie et Namibie), les Canadiens tenteront de ne pas repartir bredouilles du Japon.<\/p>\n<h2 style=\"text-align: justify;\">Historique en Coupe du monde<\/h2>\n<p style=\"text-align: justify;\"><strong>1987 :<\/strong> \u00c9limin\u00e9 d\u00e8s le premier tour, 3\u00e8me de la poule B<br \/>\n<strong>1991 :<\/strong> Quart de finaliste, \u00e9limin\u00e9 par la Nouvelle-Z\u00e9lande<br \/>\n<strong>1995 :<\/strong> \u00c9limin\u00e9 d\u00e8s le premier tour, 3\u00e8me de la poule A<br \/>\n<strong>1999 :<\/strong> \u00c9limin\u00e9 d\u00e8s le premier tour, 3\u00e8me de la poule C<br \/>\n<strong>2003 :<\/strong> \u00c9limin\u00e9 d\u00e8s le premier tour, 4\u00e8me de la poule D<br \/>\n<strong>2007 :<\/strong> \u00c9limin\u00e9 d\u00e8s le premier tour, 5\u00e8me et dernier de la poule B<br \/>\n<strong>2011 :<\/strong> \u00c9limin\u00e9 d\u00e8s le premier tour, 4\u00e8me de la poule A<br \/>\n<strong>2015 :<\/strong> \u00c9limin\u00e9 d\u00e8s le premier tour, 5\u00e8me et dernier de la poule D<\/p>\n<h2 style=\"text-align: justify;\">Les cinq derniers matchs du Canada<\/h2>\n<p style=\"text-align: justify;\"><strong>8 septembre 2019<br \/>\n<\/strong>&#x1f1e8;&#x1f1e6; Canada 15 &#8211; 20 \u00c9tats-Unis &#x1f1fa;&#x1f1f8;<\/p>\n<p style=\"text-align: justify;\"><strong>24 ao\u00fbt 2019<br \/>\n<\/strong>&#x1f1e8;&#x1f1e6; Canada 35 &#8211; 38 Leinster (IRL) <img loading=\"lazy\" decoding=\"async\" class=\"irc_mi\" src=\"https:\/\/upload.wikimedia.org\/wikipedia\/fr\/thumb\/2\/2c\/Logo_Leinster_Rugby.svg\/1200px-Logo_Leinster_Rugby.svg.png\" alt=\"R\u00e9sultat de recherche d'images pour &quot;logo leinster&quot;\" width=\"28\" height=\"25\" \/><\/p>\n<p style=\"text-align: justify;\"><strong>9 ao\u00fbt 2019<br \/>\n<\/strong>&#x1f1f9;&#x1f1f4; Tonga 33 &#8211; 23 Canada &#x1f1e8;&#x1f1e6;<\/p>\n<p style=\"text-align: justify;\"><strong>3 ao\u00fbt 2019<br \/>\n<\/strong>&#x1f1eb;&#x1f1ef; Fidji 38 &#8211; 13 Canada &#x1f1e8;&#x1f1e6;<\/p>\n<p style=\"text-align: justify;\"><strong>28 juillet 2019<br \/>\n<\/strong>&#x1f1fa;&#x1f1f8; \u00c9tats-Unis 47 &#8211; 19 Canada &#x1f1e8;&#x1f1e6;<\/p>\n<div id=\"attachment_47747\" style=\"width: 1034px\" class=\"wp-caption aligncenter\"><a href=\"http:\/\/dicodusport.fr\/blog\/wp-content\/uploads\/2019\/09\/Le-trois-quart-polyvalent-DTH-van-der-Merwe-va-disputer-sa-4\u00e8me-Coupe-du-monde-avec-les-Canucks-Planet-Rugby.jpg\"><img loading=\"lazy\" decoding=\"async\" aria-describedby=\"caption-attachment-47747\" class=\"size-full wp-image-47747\" src=\"http:\/\/dicodusport.fr\/blog\/wp-content\/uploads\/2019\/09\/Le-trois-quart-polyvalent-DTH-van-der-Merwe-va-disputer-sa-4\u00e8me-Coupe-du-monde-avec-les-Canucks-Planet-Rugby.jpg\" alt=\"\" width=\"1024\" height=\"768\" srcset=\"https:\/\/dicodusport.fr\/blog\/wp-content\/uploads\/2019\/09\/Le-trois-quart-polyvalent-DTH-van-der-Merwe-va-disputer-sa-4\u00e8me-Coupe-du-monde-avec-les-Canucks-Planet-Rugby.jpg 1024w, https:\/\/dicodusport.fr\/blog\/wp-content\/uploads\/2019\/09\/Le-trois-quart-polyvalent-DTH-van-der-Merwe-va-disputer-sa-4\u00e8me-Coupe-du-monde-avec-les-Canucks-Planet-Rugby-300x225.jpg 300w, https:\/\/dicodusport.fr\/blog\/wp-content\/uploads\/2019\/09\/Le-trois-quart-polyvalent-DTH-van-der-Merwe-va-disputer-sa-4\u00e8me-Coupe-du-monde-avec-les-Canucks-Planet-Rugby-768x576.jpg 768w\" sizes=\"auto, (max-width: 1024px) 100vw, 1024px\" \/><\/a><p id=\"caption-attachment-47747\" class=\"wp-caption-text\">Le trois-quart polyvalent DTH van der Merwe va disputer sa 4\u00e8me Coupe du monde avec les Canucks &#8211; Planet Rugby<\/p><\/div>\n<h2 style=\"text-align: justify;\">La liste des 31 joueurs s\u00e9lectionn\u00e9s<\/h2>\n<p style=\"text-align: justify;\"><strong>Avants :<\/strong> Tyler Ardron (cap.), Kyle Baillie, Justin Blanchet, Hubert Buydens, Luke Campell, Matt Heaton, Eric Howard, Jakeilnicki, Cole Keith, Conor Keys, Evan Olmstead, Benoit Piffero, Andrew Quattrin, Lucas Rumball,Djustice Sears-Duru, Mike Sheppard, Matthew Tierney.<\/p>\n<p style=\"text-align: justify;\"><strong>Arri\u00e8res :<\/strong> Nick Blevins, Andrew Coe, Jeff Hassler, Ciaran Hearn, Ben Lesage, Phil Mack, Jamie Mackenzie, Gordon Mcrorie, Peter Nelson, Shane O\u2019Leary, Patrick Parfrey, Taylor Paris, Conor Trainor, Dth Van Der Merwe.<\/p>\n<h2 style=\"text-align: justify;\">Le calendrier du Canada au Japon (poule B)<\/h2>\n<p style=\"text-align: justify;\"><strong>Jeudi 26 septembre, \u00e0 9h45 sur TMC<\/strong><br \/>\n&#x1f1ee;&#x1f1f9; Italie &#8211; Canada &#x1f1e8;&#x1f1e6;<\/p>\n<p style=\"text-align: justify;\"><strong>Mercredi 2 octobre, \u00e0 12h15 sur TMC<\/strong><br \/>\n&#x1f1f3;&#x1f1ff; Nouvelle-Z\u00e9lande &#8211; Canada &#x1f1e8;&#x1f1e6;<\/p>\n<p style=\"text-align: justify;\"><strong>Mardi 8 octobre, \u00e0 12h15 sur TMC<\/strong><br \/>\n&#x1f1ff;&#x1f1e6; Afrique du Sud &#8211; Canada &#x1f1e8;&#x1f1e6;<\/p>\n<p style=\"text-align: justify;\"><strong>Dimanche 13 octobre, \u00e0 5h15 sur TF1<\/strong><br \/>\n&#x1f1f3;&#x1f1e6; Namibie &#8211; Canada &#x1f1e8;&#x1f1e6;<\/p>\n<p><strong><em>Dicodusport<br \/>\n<a href=\"https:\/\/www.facebook.com\/dicodusport\/\" target=\"_blank\" rel=\"noopener\"><img loading=\"lazy\" decoding=\"async\" class=\"alignnone wp-image-2909\" src=\"http:\/\/dicodusport.fr\/blog\/wp-content\/uploads\/2017\/07\/logo-facebook-150x150.png\" alt=\"\" width=\"40\" height=\"40\" \/><\/a><a href=\"https:\/\/twitter.com\/dicodusport\" target=\"_blank\" rel=\"noopener\"><img loading=\"lazy\" decoding=\"async\" class=\"alignnone wp-image-2908\" src=\"http:\/\/dicodusport.fr\/blog\/wp-content\/uploads\/2017\/07\/logo-twitter-150x150.png\" alt=\"\" width=\"39\" height=\"39\" \/><\/a><\/em><\/strong><\/p>\n","protected":false},"excerpt":{"rendered":"<p>Chaque jour, retrouvez nos pr\u00e9sentations des 20 nations qui vont participer \u00e0 la Coupe du monde de rugby 2019, au Japon. Aujourd&rsquo;hui, au Canada, 22\u00e8me nation au classement World Rugby.<\/p>\n","protected":false},"author":4,"featured_media":47746,"comment_status":"open","ping_status":"closed","sticky":false,"template":"","format":"standard","meta":{"_acf_changed":false,"_daextam_enable_autolinks":"","footnotes":""},"categories":[47049,2303],"tags":[548,13,24],"class_list":["post-47745","post","type-post","status-publish","format-standard","has-post-thumbnail","hentry","category-coupe-du-monde-de-rugby","category-rugby","tag-canada","tag-rugby","tag-sport"],"acf":[],"yoast_head":"<!-- This site is optimized with the Yoast SEO Premium plugin v26.7 (Yoast SEO v26.7) - https:\/\/yoast.com\/wordpress\/plugins\/seo\/ -->\n<title>Coupe du monde 2019 : le Canada \u00e0 la recherche d&#039;un nouveau souffle<\/title>\n<meta name=\"description\" content=\"Retrouvez nos pr\u00e9sentations des 20 nations qui vont participer \u00e0 la Coupe du monde de rugby 2019. Place au Canada, 22\u00e8me nation au classement World Rugby.\" \/>\n<meta name=\"robots\" content=\"index, follow, max-snippet:-1, max-image-preview:large, max-video-preview:-1\" \/>\n<link rel=\"canonical\" href=\"https:\/\/dicodusport.fr\/blog\/coupe-du-monde-2019-le-canada-a-la-recherche-d-un-nouveau-souffle\/\" \/>\n<meta property=\"og:locale\" content=\"fr_FR\" \/>\n<meta property=\"og:type\" content=\"article\" \/>\n<meta property=\"og:title\" content=\"Coupe du monde 2019 : le Canada \u00e0 la recherche d&#039;un nouveau souffle\" \/>\n<meta property=\"og:description\" content=\"Retrouvez nos pr\u00e9sentations des 20 nations qui vont participer \u00e0 la Coupe du monde de rugby 2019. Place au Canada, 22\u00e8me nation au classement World Rugby.\" \/>\n<meta property=\"og:url\" content=\"https:\/\/dicodusport.fr\/blog\/coupe-du-monde-2019-le-canada-a-la-recherche-d-un-nouveau-souffle\/\" \/>\n<meta property=\"og:site_name\" content=\"Dicodusport\" \/>\n<meta property=\"article:publisher\" content=\"https:\/\/www.facebook.com\/dicodusport\" \/>\n<meta property=\"article:author\" content=\"https:\/\/www.facebook.com\/florent.ostermann\" \/>\n<meta property=\"article:published_time\" content=\"2019-09-10T15:39:32+00:00\" \/>\n<meta property=\"article:modified_time\" content=\"2019-09-11T10:12:34+00:00\" \/>\n<meta property=\"og:image\" content=\"https:\/\/dicodusport.fr\/blog\/wp-content\/uploads\/2019\/09\/Coupe-du-monde-2019-le-Canada-\u00e0-la-recherche-dun-nouveau-souffle.png\" \/>\n\t<meta property=\"og:image:width\" content=\"800\" \/>\n\t<meta property=\"og:image:height\" content=\"445\" \/>\n\t<meta property=\"og:image:type\" content=\"image\/png\" \/>\n<meta name=\"author\" content=\"Flo Ostermann\" \/>\n<meta name=\"twitter:card\" content=\"summary_large_image\" \/>\n<meta name=\"twitter:title\" content=\"Coupe du monde 2019 : le Canada \u00e0 la recherche d&#039;un nouveau souffle\" \/>\n<meta name=\"twitter:creator\" content=\"@https:\/\/twitter.com\/FlOstermann\" \/>\n<meta name=\"twitter:site\" content=\"@dicodusport\" \/>\n<script type=\"application\/ld+json\" class=\"yoast-schema-graph\">{\"@context\":\"https:\/\/schema.org\",\"@graph\":[{\"@type\":\"NewsArticle\",\"@id\":\"https:\/\/dicodusport.fr\/blog\/coupe-du-monde-2019-le-canada-a-la-recherche-d-un-nouveau-souffle\/#article\",\"isPartOf\":{\"@id\":\"https:\/\/dicodusport.fr\/blog\/coupe-du-monde-2019-le-canada-a-la-recherche-d-un-nouveau-souffle\/\"},\"author\":{\"name\":\"Flo Ostermann\",\"@id\":\"https:\/\/dicodusport.fr\/blog\/#\/schema\/person\/cb02af4c173ce4a653b55e9baf388d4a\"},\"headline\":\"Coupe du monde 2019 : le Canada \u00e0 la recherche d&rsquo;un nouveau souffle\",\"datePublished\":\"2019-09-10T15:39:32+00:00\",\"dateModified\":\"2019-09-11T10:12:34+00:00\",\"mainEntityOfPage\":{\"@id\":\"https:\/\/dicodusport.fr\/blog\/coupe-du-monde-2019-le-canada-a-la-recherche-d-un-nouveau-souffle\/\"},\"wordCount\":503,\"commentCount\":0,\"publisher\":{\"@id\":\"https:\/\/dicodusport.fr\/blog\/#organization\"},\"image\":{\"@id\":\"https:\/\/dicodusport.fr\/blog\/coupe-du-monde-2019-le-canada-a-la-recherche-d-un-nouveau-souffle\/#primaryimage\"},\"thumbnailUrl\":\"https:\/\/dicodusport.fr\/blog\/wp-content\/uploads\/2019\/09\/Coupe-du-monde-2019-le-Canada-\u00e0-la-recherche-dun-nouveau-souffle.png\",\"keywords\":[\"canada\",\"Rugby\",\"sport\"],\"articleSection\":[\"Coupe du monde de rugby\",\"Rugby\"],\"inLanguage\":\"fr-FR\",\"potentialAction\":[{\"@type\":\"CommentAction\",\"name\":\"Comment\",\"target\":[\"https:\/\/dicodusport.fr\/blog\/coupe-du-monde-2019-le-canada-a-la-recherche-d-un-nouveau-souffle\/#respond\"]}],\"copyrightYear\":\"2019\",\"copyrightHolder\":{\"@id\":\"https:\/\/dicodusport.fr\/blog\/#organization\"}},{\"@type\":\"WebPage\",\"@id\":\"https:\/\/dicodusport.fr\/blog\/coupe-du-monde-2019-le-canada-a-la-recherche-d-un-nouveau-souffle\/\",\"url\":\"https:\/\/dicodusport.fr\/blog\/coupe-du-monde-2019-le-canada-a-la-recherche-d-un-nouveau-souffle\/\",\"name\":\"Coupe du monde 2019 : le Canada \u00e0 la recherche d'un nouveau souffle\",\"isPartOf\":{\"@id\":\"https:\/\/dicodusport.fr\/blog\/#website\"},\"primaryImageOfPage\":{\"@id\":\"https:\/\/dicodusport.fr\/blog\/coupe-du-monde-2019-le-canada-a-la-recherche-d-un-nouveau-souffle\/#primaryimage\"},\"image\":{\"@id\":\"https:\/\/dicodusport.fr\/blog\/coupe-du-monde-2019-le-canada-a-la-recherche-d-un-nouveau-souffle\/#primaryimage\"},\"thumbnailUrl\":\"https:\/\/dicodusport.fr\/blog\/wp-content\/uploads\/2019\/09\/Coupe-du-monde-2019-le-Canada-\u00e0-la-recherche-dun-nouveau-souffle.png\",\"datePublished\":\"2019-09-10T15:39:32+00:00\",\"dateModified\":\"2019-09-11T10:12:34+00:00\",\"description\":\"Retrouvez nos pr\u00e9sentations des 20 nations qui vont participer \u00e0 la Coupe du monde de rugby 2019. Place au Canada, 22\u00e8me nation au classement World Rugby.\",\"breadcrumb\":{\"@id\":\"https:\/\/dicodusport.fr\/blog\/coupe-du-monde-2019-le-canada-a-la-recherche-d-un-nouveau-souffle\/#breadcrumb\"},\"inLanguage\":\"fr-FR\",\"potentialAction\":[{\"@type\":\"ReadAction\",\"target\":[\"https:\/\/dicodusport.fr\/blog\/coupe-du-monde-2019-le-canada-a-la-recherche-d-un-nouveau-souffle\/\"]}]},{\"@type\":\"ImageObject\",\"inLanguage\":\"fr-FR\",\"@id\":\"https:\/\/dicodusport.fr\/blog\/coupe-du-monde-2019-le-canada-a-la-recherche-d-un-nouveau-souffle\/#primaryimage\",\"url\":\"https:\/\/dicodusport.fr\/blog\/wp-content\/uploads\/2019\/09\/Coupe-du-monde-2019-le-Canada-\u00e0-la-recherche-dun-nouveau-souffle.png\",\"contentUrl\":\"https:\/\/dicodusport.fr\/blog\/wp-content\/uploads\/2019\/09\/Coupe-du-monde-2019-le-Canada-\u00e0-la-recherche-dun-nouveau-souffle.png\",\"width\":800,\"height\":445},{\"@type\":\"BreadcrumbList\",\"@id\":\"https:\/\/dicodusport.fr\/blog\/coupe-du-monde-2019-le-canada-a-la-recherche-d-un-nouveau-souffle\/#breadcrumb\",\"itemListElement\":[{\"@type\":\"ListItem\",\"position\":1,\"name\":\"Accueil\",\"item\":\"https:\/\/dicodusport.fr\/blog\/\"},{\"@type\":\"ListItem\",\"position\":2,\"name\":\"Coupe du monde 2019 : le Canada \u00e0 la recherche d&rsquo;un nouveau souffle\"}]},{\"@type\":\"WebSite\",\"@id\":\"https:\/\/dicodusport.fr\/blog\/#website\",\"url\":\"https:\/\/dicodusport.fr\/blog\/\",\"name\":\"Dicodusport\",\"description\":\"L&#039;encyclop\u00e9die de l&#039;actualit\u00e9 sportive\",\"publisher\":{\"@id\":\"https:\/\/dicodusport.fr\/blog\/#organization\"},\"potentialAction\":[{\"@type\":\"SearchAction\",\"target\":{\"@type\":\"EntryPoint\",\"urlTemplate\":\"https:\/\/dicodusport.fr\/blog\/?s={search_term_string}\"},\"query-input\":{\"@type\":\"PropertyValueSpecification\",\"valueRequired\":true,\"valueName\":\"search_term_string\"}}],\"inLanguage\":\"fr-FR\"},{\"@type\":\"NewsMediaOrganization\",\"@id\":\"https:\/\/dicodusport.fr\/blog\/#organization\",\"name\":\"Dicodusport\",\"url\":\"https:\/\/dicodusport.fr\/blog\/\",\"logo\":{\"@type\":\"ImageObject\",\"inLanguage\":\"fr-FR\",\"@id\":\"https:\/\/dicodusport.fr\/blog\/#\/schema\/logo\/image\/\",\"url\":\"https:\/\/dicodusport.fr\/blog\/wp-content\/uploads\/2020\/06\/cropped-LOGO-DICODUSPORT-2020-SANS-FOND-SANS-TEXTE.png\",\"contentUrl\":\"https:\/\/dicodusport.fr\/blog\/wp-content\/uploads\/2020\/06\/cropped-LOGO-DICODUSPORT-2020-SANS-FOND-SANS-TEXTE.png\",\"width\":512,\"height\":512,\"caption\":\"Dicodusport\"},\"image\":{\"@id\":\"https:\/\/dicodusport.fr\/blog\/#\/schema\/logo\/image\/\"},\"sameAs\":[\"https:\/\/www.facebook.com\/dicodusport\",\"https:\/\/x.com\/dicodusport\",\"https:\/\/www.instagram.com\/dicodusport\/\",\"https:\/\/www.youtube.com\/channel\/UC7V2KZ5sd3htJivAbA4ZG3w\"],\"description\":\"Dicodusport est l'encyclop\u00e9die de l'actualit\u00e9 sportive.\",\"email\":\"bonjour@dicodusport.fr\",\"legalName\":\"DICODUSPORT\",\"foundingDate\":\"2018-01-14\",\"vatID\":\"FR71834470973\",\"taxID\":\"83447097300043\",\"numberOfEmployees\":{\"@type\":\"QuantitativeValue\",\"minValue\":\"1\",\"maxValue\":\"10\"}},{\"@type\":\"Person\",\"@id\":\"https:\/\/dicodusport.fr\/blog\/#\/schema\/person\/cb02af4c173ce4a653b55e9baf388d4a\",\"name\":\"Flo Ostermann\",\"image\":{\"@type\":\"ImageObject\",\"inLanguage\":\"fr-FR\",\"@id\":\"https:\/\/dicodusport.fr\/blog\/#\/schema\/person\/image\/\",\"url\":\"https:\/\/dicodusport.fr\/blog\/wp-content\/uploads\/2021\/05\/Flo-Ostermann-150x150.jpg\",\"contentUrl\":\"https:\/\/dicodusport.fr\/blog\/wp-content\/uploads\/2021\/05\/Flo-Ostermann-150x150.jpg\",\"caption\":\"Flo Ostermann\"},\"description\":\"Journaliste\/R\u00e9dacteur depuis septembre 2015 - Mes premiers souvenirs dans le sport ? Les envol\u00e9es du Stade Toulousain et les duels Villeneuve-Schumacher et H\u00e4kkinen-Schumacher \u00e0 la fin des ann\u00e9es 90, la Coupe du monde de football en 1998, l\u2019exploit du XV de France face aux All Blacks en 1999, mais aussi Richard C\u0153ur de Lion qui vole sur les montagnes du Tour de France. Bien parti pour devenir professeur d\u2019EPS, les \u00e9v\u00e9nements de la vie (et la flemme d\u2019animer des s\u00e9ances de 3x500 m\u00e8tres toute ma vie) m\u2019ont conduit \u00e0 revoir mes plans. Me voil\u00e0 depuis fin 2017 sur Dicodusport, m\u00e9dia gr\u00e2ce (et pour) lequel je partage ma passion : le sport dans tous ses \u00e9tats. Le tout accompagn\u00e9 par les fous furieux et folles furieuses cit\u00e9s sur cette page !\",\"sameAs\":[\"https:\/\/www.facebook.com\/florent.ostermann\",\"https:\/\/x.com\/https:\/\/twitter.com\/FlOstermann\",\"admin\"],\"url\":\"https:\/\/dicodusport.fr\/blog\/author\/flo\/\"}]}<\/script>\n<!-- \/ Yoast SEO Premium plugin. -->","yoast_head_json":{"title":"Coupe du monde 2019 : le Canada \u00e0 la recherche d'un nouveau souffle","description":"Retrouvez nos pr\u00e9sentations des 20 nations qui vont participer \u00e0 la Coupe du monde de rugby 2019. Place au Canada, 22\u00e8me nation au classement World Rugby.","robots":{"index":"index","follow":"follow","max-snippet":"max-snippet:-1","max-image-preview":"max-image-preview:large","max-video-preview":"max-video-preview:-1"},"canonical":"https:\/\/dicodusport.fr\/blog\/coupe-du-monde-2019-le-canada-a-la-recherche-d-un-nouveau-souffle\/","og_locale":"fr_FR","og_type":"article","og_title":"Coupe du monde 2019 : le Canada \u00e0 la recherche d'un nouveau souffle","og_description":"Retrouvez nos pr\u00e9sentations des 20 nations qui vont participer \u00e0 la Coupe du monde de rugby 2019. Place au Canada, 22\u00e8me nation au classement World Rugby.","og_url":"https:\/\/dicodusport.fr\/blog\/coupe-du-monde-2019-le-canada-a-la-recherche-d-un-nouveau-souffle\/","og_site_name":"Dicodusport","article_publisher":"https:\/\/www.facebook.com\/dicodusport","article_author":"https:\/\/www.facebook.com\/florent.ostermann","article_published_time":"2019-09-10T15:39:32+00:00","article_modified_time":"2019-09-11T10:12:34+00:00","og_image":[{"width":800,"height":445,"url":"https:\/\/dicodusport.fr\/blog\/wp-content\/uploads\/2019\/09\/Coupe-du-monde-2019-le-Canada-\u00e0-la-recherche-dun-nouveau-souffle.png","type":"image\/png"}],"author":"Flo Ostermann","twitter_card":"summary_large_image","twitter_title":"Coupe du monde 2019 : le Canada \u00e0 la recherche d'un nouveau souffle","twitter_creator":"@https:\/\/twitter.com\/FlOstermann","twitter_site":"@dicodusport","schema":{"@context":"https:\/\/schema.org","@graph":[{"@type":"NewsArticle","@id":"https:\/\/dicodusport.fr\/blog\/coupe-du-monde-2019-le-canada-a-la-recherche-d-un-nouveau-souffle\/#article","isPartOf":{"@id":"https:\/\/dicodusport.fr\/blog\/coupe-du-monde-2019-le-canada-a-la-recherche-d-un-nouveau-souffle\/"},"author":{"name":"Flo Ostermann","@id":"https:\/\/dicodusport.fr\/blog\/#\/schema\/person\/cb02af4c173ce4a653b55e9baf388d4a"},"headline":"Coupe du monde 2019 : le Canada \u00e0 la recherche d&rsquo;un nouveau souffle","datePublished":"2019-09-10T15:39:32+00:00","dateModified":"2019-09-11T10:12:34+00:00","mainEntityOfPage":{"@id":"https:\/\/dicodusport.fr\/blog\/coupe-du-monde-2019-le-canada-a-la-recherche-d-un-nouveau-souffle\/"},"wordCount":503,"commentCount":0,"publisher":{"@id":"https:\/\/dicodusport.fr\/blog\/#organization"},"image":{"@id":"https:\/\/dicodusport.fr\/blog\/coupe-du-monde-2019-le-canada-a-la-recherche-d-un-nouveau-souffle\/#primaryimage"},"thumbnailUrl":"https:\/\/dicodusport.fr\/blog\/wp-content\/uploads\/2019\/09\/Coupe-du-monde-2019-le-Canada-\u00e0-la-recherche-dun-nouveau-souffle.png","keywords":["canada","Rugby","sport"],"articleSection":["Coupe du monde de rugby","Rugby"],"inLanguage":"fr-FR","potentialAction":[{"@type":"CommentAction","name":"Comment","target":["https:\/\/dicodusport.fr\/blog\/coupe-du-monde-2019-le-canada-a-la-recherche-d-un-nouveau-souffle\/#respond"]}],"copyrightYear":"2019","copyrightHolder":{"@id":"https:\/\/dicodusport.fr\/blog\/#organization"}},{"@type":"WebPage","@id":"https:\/\/dicodusport.fr\/blog\/coupe-du-monde-2019-le-canada-a-la-recherche-d-un-nouveau-souffle\/","url":"https:\/\/dicodusport.fr\/blog\/coupe-du-monde-2019-le-canada-a-la-recherche-d-un-nouveau-souffle\/","name":"Coupe du monde 2019 : le Canada \u00e0 la recherche d'un nouveau souffle","isPartOf":{"@id":"https:\/\/dicodusport.fr\/blog\/#website"},"primaryImageOfPage":{"@id":"https:\/\/dicodusport.fr\/blog\/coupe-du-monde-2019-le-canada-a-la-recherche-d-un-nouveau-souffle\/#primaryimage"},"image":{"@id":"https:\/\/dicodusport.fr\/blog\/coupe-du-monde-2019-le-canada-a-la-recherche-d-un-nouveau-souffle\/#primaryimage"},"thumbnailUrl":"https:\/\/dicodusport.fr\/blog\/wp-content\/uploads\/2019\/09\/Coupe-du-monde-2019-le-Canada-\u00e0-la-recherche-dun-nouveau-souffle.png","datePublished":"2019-09-10T15:39:32+00:00","dateModified":"2019-09-11T10:12:34+00:00","description":"Retrouvez nos pr\u00e9sentations des 20 nations qui vont participer \u00e0 la Coupe du monde de rugby 2019. Place au Canada, 22\u00e8me nation au classement World Rugby.","breadcrumb":{"@id":"https:\/\/dicodusport.fr\/blog\/coupe-du-monde-2019-le-canada-a-la-recherche-d-un-nouveau-souffle\/#breadcrumb"},"inLanguage":"fr-FR","potentialAction":[{"@type":"ReadAction","target":["https:\/\/dicodusport.fr\/blog\/coupe-du-monde-2019-le-canada-a-la-recherche-d-un-nouveau-souffle\/"]}]},{"@type":"ImageObject","inLanguage":"fr-FR","@id":"https:\/\/dicodusport.fr\/blog\/coupe-du-monde-2019-le-canada-a-la-recherche-d-un-nouveau-souffle\/#primaryimage","url":"https:\/\/dicodusport.fr\/blog\/wp-content\/uploads\/2019\/09\/Coupe-du-monde-2019-le-Canada-\u00e0-la-recherche-dun-nouveau-souffle.png","contentUrl":"https:\/\/dicodusport.fr\/blog\/wp-content\/uploads\/2019\/09\/Coupe-du-monde-2019-le-Canada-\u00e0-la-recherche-dun-nouveau-souffle.png","width":800,"height":445},{"@type":"BreadcrumbList","@id":"https:\/\/dicodusport.fr\/blog\/coupe-du-monde-2019-le-canada-a-la-recherche-d-un-nouveau-souffle\/#breadcrumb","itemListElement":[{"@type":"ListItem","position":1,"name":"Accueil","item":"https:\/\/dicodusport.fr\/blog\/"},{"@type":"ListItem","position":2,"name":"Coupe du monde 2019 : le Canada \u00e0 la recherche d&rsquo;un nouveau souffle"}]},{"@type":"WebSite","@id":"https:\/\/dicodusport.fr\/blog\/#website","url":"https:\/\/dicodusport.fr\/blog\/","name":"Dicodusport","description":"L&#039;encyclop\u00e9die de l&#039;actualit\u00e9 sportive","publisher":{"@id":"https:\/\/dicodusport.fr\/blog\/#organization"},"potentialAction":[{"@type":"SearchAction","target":{"@type":"EntryPoint","urlTemplate":"https:\/\/dicodusport.fr\/blog\/?s={search_term_string}"},"query-input":{"@type":"PropertyValueSpecification","valueRequired":true,"valueName":"search_term_string"}}],"inLanguage":"fr-FR"},{"@type":"NewsMediaOrganization","@id":"https:\/\/dicodusport.fr\/blog\/#organization","name":"Dicodusport","url":"https:\/\/dicodusport.fr\/blog\/","logo":{"@type":"ImageObject","inLanguage":"fr-FR","@id":"https:\/\/dicodusport.fr\/blog\/#\/schema\/logo\/image\/","url":"https:\/\/dicodusport.fr\/blog\/wp-content\/uploads\/2020\/06\/cropped-LOGO-DICODUSPORT-2020-SANS-FOND-SANS-TEXTE.png","contentUrl":"https:\/\/dicodusport.fr\/blog\/wp-content\/uploads\/2020\/06\/cropped-LOGO-DICODUSPORT-2020-SANS-FOND-SANS-TEXTE.png","width":512,"height":512,"caption":"Dicodusport"},"image":{"@id":"https:\/\/dicodusport.fr\/blog\/#\/schema\/logo\/image\/"},"sameAs":["https:\/\/www.facebook.com\/dicodusport","https:\/\/x.com\/dicodusport","https:\/\/www.instagram.com\/dicodusport\/","https:\/\/www.youtube.com\/channel\/UC7V2KZ5sd3htJivAbA4ZG3w"],"description":"Dicodusport est l'encyclop\u00e9die de l'actualit\u00e9 sportive.","email":"bonjour@dicodusport.fr","legalName":"DICODUSPORT","foundingDate":"2018-01-14","vatID":"FR71834470973","taxID":"83447097300043","numberOfEmployees":{"@type":"QuantitativeValue","minValue":"1","maxValue":"10"}},{"@type":"Person","@id":"https:\/\/dicodusport.fr\/blog\/#\/schema\/person\/cb02af4c173ce4a653b55e9baf388d4a","name":"Flo Ostermann","image":{"@type":"ImageObject","inLanguage":"fr-FR","@id":"https:\/\/dicodusport.fr\/blog\/#\/schema\/person\/image\/","url":"https:\/\/dicodusport.fr\/blog\/wp-content\/uploads\/2021\/05\/Flo-Ostermann-150x150.jpg","contentUrl":"https:\/\/dicodusport.fr\/blog\/wp-content\/uploads\/2021\/05\/Flo-Ostermann-150x150.jpg","caption":"Flo Ostermann"},"description":"Journaliste\/R\u00e9dacteur depuis septembre 2015 - Mes premiers souvenirs dans le sport ? Les envol\u00e9es du Stade Toulousain et les duels Villeneuve-Schumacher et H\u00e4kkinen-Schumacher \u00e0 la fin des ann\u00e9es 90, la Coupe du monde de football en 1998, l\u2019exploit du XV de France face aux All Blacks en 1999, mais aussi Richard C\u0153ur de Lion qui vole sur les montagnes du Tour de France. Bien parti pour devenir professeur d\u2019EPS, les \u00e9v\u00e9nements de la vie (et la flemme d\u2019animer des s\u00e9ances de 3x500 m\u00e8tres toute ma vie) m\u2019ont conduit \u00e0 revoir mes plans. Me voil\u00e0 depuis fin 2017 sur Dicodusport, m\u00e9dia gr\u00e2ce (et pour) lequel je partage ma passion : le sport dans tous ses \u00e9tats. Le tout accompagn\u00e9 par les fous furieux et folles furieuses cit\u00e9s sur cette page !","sameAs":["https:\/\/www.facebook.com\/florent.ostermann","https:\/\/x.com\/https:\/\/twitter.com\/FlOstermann","admin"],"url":"https:\/\/dicodusport.fr\/blog\/author\/flo\/"}]}},"_links":{"self":[{"href":"https:\/\/dicodusport.fr\/blog\/wp-json\/wp\/v2\/posts\/47745","targetHints":{"allow":["GET"]}}],"collection":[{"href":"https:\/\/dicodusport.fr\/blog\/wp-json\/wp\/v2\/posts"}],"about":[{"href":"https:\/\/dicodusport.fr\/blog\/wp-json\/wp\/v2\/types\/post"}],"author":[{"embeddable":true,"href":"https:\/\/dicodusport.fr\/blog\/wp-json\/wp\/v2\/users\/4"}],"replies":[{"embeddable":true,"href":"https:\/\/dicodusport.fr\/blog\/wp-json\/wp\/v2\/comments?post=47745"}],"version-history":[{"count":0,"href":"https:\/\/dicodusport.fr\/blog\/wp-json\/wp\/v2\/posts\/47745\/revisions"}],"wp:featuredmedia":[{"embeddable":true,"href":"https:\/\/dicodusport.fr\/blog\/wp-json\/wp\/v2\/media\/47746"}],"wp:attachment":[{"href":"https:\/\/dicodusport.fr\/blog\/wp-json\/wp\/v2\/media?parent=47745"}],"wp:term":[{"taxonomy":"category","embeddable":true,"href":"https:\/\/dicodusport.fr\/blog\/wp-json\/wp\/v2\/categories?post=47745"},{"taxonomy":"post_tag","embeddable":true,"href":"https:\/\/dicodusport.fr\/blog\/wp-json\/wp\/v2\/tags?post=47745"}],"curies":[{"name":"wp","href":"https:\/\/api.w.org\/{rel}","templated":true}]}}