{"id":477641,"date":"2024-04-08T09:47:37","date_gmt":"2024-04-08T07:47:37","guid":{"rendered":"https:\/\/dicodusport.fr\/blog\/?p=477641"},"modified":"2024-04-08T09:47:37","modified_gmt":"2024-04-08T07:47:37","slug":"ligue-1-le-stade-de-reims-vise-leurope","status":"publish","type":"post","link":"https:\/\/dicodusport.fr\/blog\/ligue-1-le-stade-de-reims-vise-leurope\/","title":{"rendered":"Ligue 1 : Le Stade de Reims vise l\u2019Europe"},"content":{"rendered":"<p style=\"text-align: justify;\"><em><strong><a href=\"https:\/\/dicodusport.fr\/blog\/actualites\/football\/ligue-1-2023-2024\/\">LIGUE 1 2023-2024<\/a> &#8211; A l\u2019issue de la 28\u00e8me journ\u00e9e de Ligue 1, le Stade de Reims se positionne au septi\u00e8me rang du championnat. Une position qui pourrait s\u2019av\u00e9rer qualificative pour la Ligue Europa Conf\u00e9rence en cas de sacre du PSG en finale de Coupe de France. Mais le chemin vers l\u2019Europe est encore bien loin.<\/strong><\/em><\/p>\n<ul>\n<li style=\"text-align: justify;\"><strong>\u00c0 ce sujet &#8211; <a href=\"https:\/\/dicodusport.fr\/blog\/classement-ligue-1-2023-2024\/\">Classement de la Ligue 1 2023-2024<\/a><\/strong><\/li>\n<\/ul>\n<p style=\"text-align: justify;\"><span style=\"font-weight: 400;\">Actuellement \u00e0 la septi\u00e8me place du championnat, le <strong>Stade de Reims<\/strong> esp\u00e8re endosser le costume d\u2019europ\u00e9en en fin de saison. Cette position pourrait projeter le club qui s\u2019y situe en Ligue Europa Conf\u00e9rence en remplissant une condition \u00e0 l\u2019issue de la fin de saison. Celle-ci r\u00e9side dans l\u2019hypoth\u00e8se que le Paris Saint-Germain remporte la Coupe de France face \u00e0 l\u2019Olympique Lyonnais lors de la finale programm\u00e9e le 25 mai au Stade Pierre Mauroy. Au Stade de Reims, cette possibilit\u00e9 est dans les esprits et le club peut esp\u00e9rer s\u2019accrocher au fil europ\u00e9en. <\/span><\/p>\n<p style=\"text-align: justify;\"><span style=\"font-weight: 400;\">Apr\u00e8s son match nul r\u00e9colt\u00e9 sur sa pelouse face \u00e0 l\u2019OGC Nice, le club marnais dispose de 40 points, soit un de plus que l\u2019OM (8e) et le Stade Rennais (9e) ainsi que deux points d\u2019avance sur l\u2019OL (10e). Devant les R\u00e9mois, le RC Lens (6e) b\u00e9n\u00e9ficie de trois unit\u00e9s d\u2019avance. Reims a manqu\u00e9 l\u2019occasion de se rapprocher de son adversaire de la 28\u00e8me journ\u00e9e de Ligue 1 face aux Ni\u00e7ois, actuellement cinqui\u00e8mes. <em>\u00ab<\/em> <em>Ce genre de matchs se joue vraiment sur des d\u00e9tails si petits. C\u2019est frustrant, mais on prend un point et on avance \u00bb<\/em>, confie<strong> Will Still<\/strong>, entra\u00eeneur du Stade de Reims, apr\u00e8s la rencontre entre son \u00e9quipe et l\u2019OGC Nice (0-0, le 7 avril).\u00a0<\/span><\/p>\n<h2 style=\"text-align: justify;\"><strong>Une bonne dynamique r\u00e9moise\u00a0<\/strong><\/h2>\n<p style=\"text-align: justify;\"><span style=\"font-weight: 400;\">Les R\u00e9mois sont sur une dynamique de quatre matchs sans d\u00e9faite depuis le r\u00e9sultat obtenu en d\u00e9placement face au <strong>Paris Saint-Germain<\/strong> (2-2, le 10 mars). <em>\u00ab <\/em><em>On va essayer d\u2019aller emb\u00eater le plus d\u2019\u00e9quipes possible. Le compteur \u00e0 points continue de tourner et temps que nous sommes dans la course \u00e0 l&rsquo;Europe. C\u2019est un parcours honorable que nous sommes en train d\u2019effectuer \u00bb<\/em>, se r\u00e9jouit l\u2019entra\u00eeneur r\u00e9mois. Face \u00e0 Nice, Reims s\u2019est d\u00e9j\u00e0 mesur\u00e9 \u00e0 un pr\u00e9tendant europ\u00e9en qui n\u2019avait pas pu valider son ticket pour la sc\u00e8ne europ\u00e9enne la saison derni\u00e8re. <\/span><\/p>\n<p style=\"text-align: justify;\"><span style=\"font-weight: 400;\"><em>\u00ab Quand on voit la profondeur de banc de ce type d\u2019\u00e9quipes, on voit bien que l\u2019on ne joue pas dans la m\u00eame cour. Notre prestation contre Nice n\u2019est pas inint\u00e9ressante et on note des choses positives. Le fait que Reims rivalise avec ce type d\u2019\u00e9quipes (comme le PSG le mois dernier \u00e9galement) montre de la satisfaction. On a forc\u00e9ment envie d\u2019encore plus ou de faire encore mieux, mais il ne faut pas oublier d\u2019o\u00f9 l\u2019on vient \u00bb<\/em>, confie-t-il. La dynamique sera mise \u00e0 rude \u00e9preuve du c\u00f4t\u00e9 du Stade de la Meinau d\u00e8s le samedi 13 avril \u00e0 17h contre le RC Strasbourg qui navigue dans des eaux plus turbulentes en qu\u00eate d\u2019un climat plus apais\u00e9 avec sept points d\u2019avance sur le barragiste lorientais.<\/span><\/p>\n<blockquote class=\"twitter-tweet\">\n<p dir=\"ltr\" lang=\"fr\">\u23f1 90+5\u2019 [0-0]\n<p>\ud83c\udfc1 Fin de match \u00e0 Delaune ! Quatri\u00e8me match cons\u00e9cutif sans d\u00e9faite pour nos R\u00e9mois qui, \u00e0 d\u00e9faut d&rsquo;\u00eatre parvenus \u00e0 faire c\u00e9der une solide \u00e9quipe ni\u00e7oise cet apr\u00e8s-midi, partagent les points \ud83d\udc4a<a href=\"https:\/\/twitter.com\/hashtag\/SDROGCN?src=hash&amp;ref_src=twsrc%5Etfw\">#SDROGCN<\/a> <a href=\"https:\/\/twitter.com\/hashtag\/NousSommesReims?src=hash&amp;ref_src=twsrc%5Etfw\">#NousSommesReims<\/a> <a href=\"https:\/\/t.co\/KB0ANuE5BX\">pic.twitter.com\/KB0ANuE5BX<\/a><\/p>\n<p>\u2014 Stade de Reims (@StadeDeReims) <a href=\"https:\/\/twitter.com\/StadeDeReims\/status\/1776987480295637424?ref_src=twsrc%5Etfw\">April 7, 2024<\/a><\/p><\/blockquote>\n<p><script async src=\"https:\/\/platform.twitter.com\/widgets.js\" charset=\"utf-8\"><\/script><\/p>\n","protected":false},"excerpt":{"rendered":"<p>LIGUE 1 2023-2024 &#8211; A l\u2019issue de la 28\u00e8me journ\u00e9e de Ligue 1, le Stade de Reims se positionne au septi\u00e8me rang du championnat.<\/p>\n","protected":false},"author":62,"featured_media":477667,"comment_status":"open","ping_status":"closed","sticky":false,"template":"","format":"standard","meta":{"_acf_changed":false,"_daextam_enable_autolinks":"1","footnotes":""},"categories":[2301,47045],"tags":[16878,75,1554,4334,7160],"class_list":["post-477641","post","type-post","status-publish","format-standard","has-post-thumbnail","hentry","category-football","category-ligue-1","tag-breve","tag-football","tag-ligue-1","tag-reims","tag-stade-de-reims"],"acf":[],"yoast_head":"<!-- This site is optimized with the Yoast SEO Premium plugin v26.7 (Yoast SEO v26.7) - https:\/\/yoast.com\/wordpress\/plugins\/seo\/ -->\n<title>Ligue 1 : Le Stade de Reims vise l\u2019Europe<\/title>\n<meta name=\"description\" content=\"Ligue 1 - A l\u2019issue de la 28\u00e8me journ\u00e9e de Ligue 1, le Stade de Reims se positionne au septi\u00e8me rang du championnat.\" \/>\n<meta name=\"robots\" content=\"index, follow, max-snippet:-1, max-image-preview:large, max-video-preview:-1\" \/>\n<link rel=\"canonical\" href=\"https:\/\/dicodusport.fr\/blog\/ligue-1-le-stade-de-reims-vise-leurope\/\" \/>\n<meta property=\"og:locale\" content=\"fr_FR\" \/>\n<meta property=\"og:type\" content=\"article\" \/>\n<meta property=\"og:title\" content=\"Ligue 1 : Le Stade de Reims vise l\u2019Europe\" \/>\n<meta property=\"og:description\" content=\"Ligue 1 - A l\u2019issue de la 28\u00e8me journ\u00e9e de Ligue 1, le Stade de Reims se positionne au septi\u00e8me rang du championnat.\" \/>\n<meta property=\"og:url\" content=\"https:\/\/dicodusport.fr\/blog\/ligue-1-le-stade-de-reims-vise-leurope\/\" \/>\n<meta property=\"og:site_name\" content=\"Dicodusport\" \/>\n<meta property=\"article:publisher\" content=\"https:\/\/www.facebook.com\/dicodusport\" \/>\n<meta property=\"article:published_time\" content=\"2024-04-08T07:47:37+00:00\" \/>\n<meta property=\"og:image\" content=\"https:\/\/dicodusport.fr\/blog\/wp-content\/uploads\/2024\/04\/Ligue-1-Le-Stade-de-Reims-vise-lEurope.png\" \/>\n\t<meta property=\"og:image:width\" content=\"1200\" \/>\n\t<meta property=\"og:image:height\" content=\"674\" \/>\n\t<meta property=\"og:image:type\" content=\"image\/png\" \/>\n<meta name=\"author\" content=\"Andr\u00e9a Lamy\" \/>\n<meta name=\"twitter:card\" content=\"summary_large_image\" \/>\n<meta name=\"twitter:title\" content=\"Ligue 1 : Le Stade de Reims vise l\u2019Europe\" \/>\n<meta name=\"twitter:creator\" content=\"@dicodusport\" \/>\n<meta name=\"twitter:site\" content=\"@dicodusport\" \/>\n<script type=\"application\/ld+json\" class=\"yoast-schema-graph\">{\"@context\":\"https:\/\/schema.org\",\"@graph\":[{\"@type\":\"NewsArticle\",\"@id\":\"https:\/\/dicodusport.fr\/blog\/ligue-1-le-stade-de-reims-vise-leurope\/#article\",\"isPartOf\":{\"@id\":\"https:\/\/dicodusport.fr\/blog\/ligue-1-le-stade-de-reims-vise-leurope\/\"},\"author\":{\"name\":\"Andr\u00e9a Lamy\",\"@id\":\"https:\/\/dicodusport.fr\/blog\/#\/schema\/person\/5b73f4b55b8683f37e9f75d6dc039f31\"},\"headline\":\"Ligue 1 : Le Stade de Reims vise l\u2019Europe\",\"datePublished\":\"2024-04-08T07:47:37+00:00\",\"mainEntityOfPage\":{\"@id\":\"https:\/\/dicodusport.fr\/blog\/ligue-1-le-stade-de-reims-vise-leurope\/\"},\"wordCount\":609,\"commentCount\":0,\"publisher\":{\"@id\":\"https:\/\/dicodusport.fr\/blog\/#organization\"},\"image\":{\"@id\":\"https:\/\/dicodusport.fr\/blog\/ligue-1-le-stade-de-reims-vise-leurope\/#primaryimage\"},\"thumbnailUrl\":\"https:\/\/dicodusport.fr\/blog\/wp-content\/uploads\/2024\/04\/Ligue-1-Le-Stade-de-Reims-vise-lEurope.png\",\"keywords\":[\"br\u00e8ve\",\"Football\",\"Ligue 1\",\"Reims\",\"Stade de Reims\"],\"articleSection\":[\"Football\",\"Ligue 1\"],\"inLanguage\":\"fr-FR\",\"potentialAction\":[{\"@type\":\"CommentAction\",\"name\":\"Comment\",\"target\":[\"https:\/\/dicodusport.fr\/blog\/ligue-1-le-stade-de-reims-vise-leurope\/#respond\"]}],\"copyrightYear\":\"2024\",\"copyrightHolder\":{\"@id\":\"https:\/\/dicodusport.fr\/blog\/#organization\"}},{\"@type\":\"WebPage\",\"@id\":\"https:\/\/dicodusport.fr\/blog\/ligue-1-le-stade-de-reims-vise-leurope\/\",\"url\":\"https:\/\/dicodusport.fr\/blog\/ligue-1-le-stade-de-reims-vise-leurope\/\",\"name\":\"Ligue 1 : Le Stade de Reims vise l\u2019Europe\",\"isPartOf\":{\"@id\":\"https:\/\/dicodusport.fr\/blog\/#website\"},\"primaryImageOfPage\":{\"@id\":\"https:\/\/dicodusport.fr\/blog\/ligue-1-le-stade-de-reims-vise-leurope\/#primaryimage\"},\"image\":{\"@id\":\"https:\/\/dicodusport.fr\/blog\/ligue-1-le-stade-de-reims-vise-leurope\/#primaryimage\"},\"thumbnailUrl\":\"https:\/\/dicodusport.fr\/blog\/wp-content\/uploads\/2024\/04\/Ligue-1-Le-Stade-de-Reims-vise-lEurope.png\",\"datePublished\":\"2024-04-08T07:47:37+00:00\",\"description\":\"Ligue 1 - A l\u2019issue de la 28\u00e8me journ\u00e9e de Ligue 1, le Stade de Reims se positionne au septi\u00e8me rang du championnat.\",\"breadcrumb\":{\"@id\":\"https:\/\/dicodusport.fr\/blog\/ligue-1-le-stade-de-reims-vise-leurope\/#breadcrumb\"},\"inLanguage\":\"fr-FR\",\"potentialAction\":[{\"@type\":\"ReadAction\",\"target\":[\"https:\/\/dicodusport.fr\/blog\/ligue-1-le-stade-de-reims-vise-leurope\/\"]}]},{\"@type\":\"ImageObject\",\"inLanguage\":\"fr-FR\",\"@id\":\"https:\/\/dicodusport.fr\/blog\/ligue-1-le-stade-de-reims-vise-leurope\/#primaryimage\",\"url\":\"https:\/\/dicodusport.fr\/blog\/wp-content\/uploads\/2024\/04\/Ligue-1-Le-Stade-de-Reims-vise-lEurope.png\",\"contentUrl\":\"https:\/\/dicodusport.fr\/blog\/wp-content\/uploads\/2024\/04\/Ligue-1-Le-Stade-de-Reims-vise-lEurope.png\",\"width\":1200,\"height\":674,\"caption\":\"Ligue 1 Le Stade de Reims vise l\u2019Europe\"},{\"@type\":\"BreadcrumbList\",\"@id\":\"https:\/\/dicodusport.fr\/blog\/ligue-1-le-stade-de-reims-vise-leurope\/#breadcrumb\",\"itemListElement\":[{\"@type\":\"ListItem\",\"position\":1,\"name\":\"Accueil\",\"item\":\"https:\/\/dicodusport.fr\/blog\/\"},{\"@type\":\"ListItem\",\"position\":2,\"name\":\"Ligue 1 : Le Stade de Reims vise l\u2019Europe\"}]},{\"@type\":\"WebSite\",\"@id\":\"https:\/\/dicodusport.fr\/blog\/#website\",\"url\":\"https:\/\/dicodusport.fr\/blog\/\",\"name\":\"Dicodusport\",\"description\":\"L&#039;encyclop\u00e9die de l&#039;actualit\u00e9 sportive\",\"publisher\":{\"@id\":\"https:\/\/dicodusport.fr\/blog\/#organization\"},\"potentialAction\":[{\"@type\":\"SearchAction\",\"target\":{\"@type\":\"EntryPoint\",\"urlTemplate\":\"https:\/\/dicodusport.fr\/blog\/?s={search_term_string}\"},\"query-input\":{\"@type\":\"PropertyValueSpecification\",\"valueRequired\":true,\"valueName\":\"search_term_string\"}}],\"inLanguage\":\"fr-FR\"},{\"@type\":\"NewsMediaOrganization\",\"@id\":\"https:\/\/dicodusport.fr\/blog\/#organization\",\"name\":\"Dicodusport\",\"url\":\"https:\/\/dicodusport.fr\/blog\/\",\"logo\":{\"@type\":\"ImageObject\",\"inLanguage\":\"fr-FR\",\"@id\":\"https:\/\/dicodusport.fr\/blog\/#\/schema\/logo\/image\/\",\"url\":\"https:\/\/dicodusport.fr\/blog\/wp-content\/uploads\/2020\/06\/cropped-LOGO-DICODUSPORT-2020-SANS-FOND-SANS-TEXTE.png\",\"contentUrl\":\"https:\/\/dicodusport.fr\/blog\/wp-content\/uploads\/2020\/06\/cropped-LOGO-DICODUSPORT-2020-SANS-FOND-SANS-TEXTE.png\",\"width\":512,\"height\":512,\"caption\":\"Dicodusport\"},\"image\":{\"@id\":\"https:\/\/dicodusport.fr\/blog\/#\/schema\/logo\/image\/\"},\"sameAs\":[\"https:\/\/www.facebook.com\/dicodusport\",\"https:\/\/x.com\/dicodusport\",\"https:\/\/www.instagram.com\/dicodusport\/\",\"https:\/\/www.youtube.com\/channel\/UC7V2KZ5sd3htJivAbA4ZG3w\"],\"description\":\"Dicodusport est l'encyclop\u00e9die de l'actualit\u00e9 sportive.\",\"email\":\"bonjour@dicodusport.fr\",\"legalName\":\"DICODUSPORT\",\"foundingDate\":\"2018-01-14\",\"vatID\":\"FR71834470973\",\"taxID\":\"83447097300043\",\"numberOfEmployees\":{\"@type\":\"QuantitativeValue\",\"minValue\":\"1\",\"maxValue\":\"10\"}},{\"@type\":\"Person\",\"@id\":\"https:\/\/dicodusport.fr\/blog\/#\/schema\/person\/5b73f4b55b8683f37e9f75d6dc039f31\",\"name\":\"Andr\u00e9a Lamy\",\"image\":{\"@type\":\"ImageObject\",\"inLanguage\":\"fr-FR\",\"@id\":\"https:\/\/dicodusport.fr\/blog\/#\/schema\/person\/image\/\",\"url\":\"https:\/\/dicodusport.fr\/blog\/wp-content\/uploads\/2022\/03\/Andrea-150x150.jpg\",\"contentUrl\":\"https:\/\/dicodusport.fr\/blog\/wp-content\/uploads\/2022\/03\/Andrea-150x150.jpg\",\"caption\":\"Andr\u00e9a Lamy\"},\"url\":\"https:\/\/dicodusport.fr\/blog\/author\/andrea-lamy\/\"}]}<\/script>\n<!-- \/ Yoast SEO Premium plugin. -->","yoast_head_json":{"title":"Ligue 1 : Le Stade de Reims vise l\u2019Europe","description":"Ligue 1 - A l\u2019issue de la 28\u00e8me journ\u00e9e de Ligue 1, le Stade de Reims se positionne au septi\u00e8me rang du championnat.","robots":{"index":"index","follow":"follow","max-snippet":"max-snippet:-1","max-image-preview":"max-image-preview:large","max-video-preview":"max-video-preview:-1"},"canonical":"https:\/\/dicodusport.fr\/blog\/ligue-1-le-stade-de-reims-vise-leurope\/","og_locale":"fr_FR","og_type":"article","og_title":"Ligue 1 : Le Stade de Reims vise l\u2019Europe","og_description":"Ligue 1 - A l\u2019issue de la 28\u00e8me journ\u00e9e de Ligue 1, le Stade de Reims se positionne au septi\u00e8me rang du championnat.","og_url":"https:\/\/dicodusport.fr\/blog\/ligue-1-le-stade-de-reims-vise-leurope\/","og_site_name":"Dicodusport","article_publisher":"https:\/\/www.facebook.com\/dicodusport","article_published_time":"2024-04-08T07:47:37+00:00","og_image":[{"width":1200,"height":674,"url":"https:\/\/dicodusport.fr\/blog\/wp-content\/uploads\/2024\/04\/Ligue-1-Le-Stade-de-Reims-vise-lEurope.png","type":"image\/png"}],"author":"Andr\u00e9a Lamy","twitter_card":"summary_large_image","twitter_title":"Ligue 1 : Le Stade de Reims vise l\u2019Europe","twitter_creator":"@dicodusport","twitter_site":"@dicodusport","schema":{"@context":"https:\/\/schema.org","@graph":[{"@type":"NewsArticle","@id":"https:\/\/dicodusport.fr\/blog\/ligue-1-le-stade-de-reims-vise-leurope\/#article","isPartOf":{"@id":"https:\/\/dicodusport.fr\/blog\/ligue-1-le-stade-de-reims-vise-leurope\/"},"author":{"name":"Andr\u00e9a Lamy","@id":"https:\/\/dicodusport.fr\/blog\/#\/schema\/person\/5b73f4b55b8683f37e9f75d6dc039f31"},"headline":"Ligue 1 : Le Stade de Reims vise l\u2019Europe","datePublished":"2024-04-08T07:47:37+00:00","mainEntityOfPage":{"@id":"https:\/\/dicodusport.fr\/blog\/ligue-1-le-stade-de-reims-vise-leurope\/"},"wordCount":609,"commentCount":0,"publisher":{"@id":"https:\/\/dicodusport.fr\/blog\/#organization"},"image":{"@id":"https:\/\/dicodusport.fr\/blog\/ligue-1-le-stade-de-reims-vise-leurope\/#primaryimage"},"thumbnailUrl":"https:\/\/dicodusport.fr\/blog\/wp-content\/uploads\/2024\/04\/Ligue-1-Le-Stade-de-Reims-vise-lEurope.png","keywords":["br\u00e8ve","Football","Ligue 1","Reims","Stade de Reims"],"articleSection":["Football","Ligue 1"],"inLanguage":"fr-FR","potentialAction":[{"@type":"CommentAction","name":"Comment","target":["https:\/\/dicodusport.fr\/blog\/ligue-1-le-stade-de-reims-vise-leurope\/#respond"]}],"copyrightYear":"2024","copyrightHolder":{"@id":"https:\/\/dicodusport.fr\/blog\/#organization"}},{"@type":"WebPage","@id":"https:\/\/dicodusport.fr\/blog\/ligue-1-le-stade-de-reims-vise-leurope\/","url":"https:\/\/dicodusport.fr\/blog\/ligue-1-le-stade-de-reims-vise-leurope\/","name":"Ligue 1 : Le Stade de Reims vise l\u2019Europe","isPartOf":{"@id":"https:\/\/dicodusport.fr\/blog\/#website"},"primaryImageOfPage":{"@id":"https:\/\/dicodusport.fr\/blog\/ligue-1-le-stade-de-reims-vise-leurope\/#primaryimage"},"image":{"@id":"https:\/\/dicodusport.fr\/blog\/ligue-1-le-stade-de-reims-vise-leurope\/#primaryimage"},"thumbnailUrl":"https:\/\/dicodusport.fr\/blog\/wp-content\/uploads\/2024\/04\/Ligue-1-Le-Stade-de-Reims-vise-lEurope.png","datePublished":"2024-04-08T07:47:37+00:00","description":"Ligue 1 - A l\u2019issue de la 28\u00e8me journ\u00e9e de Ligue 1, le Stade de Reims se positionne au septi\u00e8me rang du championnat.","breadcrumb":{"@id":"https:\/\/dicodusport.fr\/blog\/ligue-1-le-stade-de-reims-vise-leurope\/#breadcrumb"},"inLanguage":"fr-FR","potentialAction":[{"@type":"ReadAction","target":["https:\/\/dicodusport.fr\/blog\/ligue-1-le-stade-de-reims-vise-leurope\/"]}]},{"@type":"ImageObject","inLanguage":"fr-FR","@id":"https:\/\/dicodusport.fr\/blog\/ligue-1-le-stade-de-reims-vise-leurope\/#primaryimage","url":"https:\/\/dicodusport.fr\/blog\/wp-content\/uploads\/2024\/04\/Ligue-1-Le-Stade-de-Reims-vise-lEurope.png","contentUrl":"https:\/\/dicodusport.fr\/blog\/wp-content\/uploads\/2024\/04\/Ligue-1-Le-Stade-de-Reims-vise-lEurope.png","width":1200,"height":674,"caption":"Ligue 1 Le Stade de Reims vise l\u2019Europe"},{"@type":"BreadcrumbList","@id":"https:\/\/dicodusport.fr\/blog\/ligue-1-le-stade-de-reims-vise-leurope\/#breadcrumb","itemListElement":[{"@type":"ListItem","position":1,"name":"Accueil","item":"https:\/\/dicodusport.fr\/blog\/"},{"@type":"ListItem","position":2,"name":"Ligue 1 : Le Stade de Reims vise l\u2019Europe"}]},{"@type":"WebSite","@id":"https:\/\/dicodusport.fr\/blog\/#website","url":"https:\/\/dicodusport.fr\/blog\/","name":"Dicodusport","description":"L&#039;encyclop\u00e9die de l&#039;actualit\u00e9 sportive","publisher":{"@id":"https:\/\/dicodusport.fr\/blog\/#organization"},"potentialAction":[{"@type":"SearchAction","target":{"@type":"EntryPoint","urlTemplate":"https:\/\/dicodusport.fr\/blog\/?s={search_term_string}"},"query-input":{"@type":"PropertyValueSpecification","valueRequired":true,"valueName":"search_term_string"}}],"inLanguage":"fr-FR"},{"@type":"NewsMediaOrganization","@id":"https:\/\/dicodusport.fr\/blog\/#organization","name":"Dicodusport","url":"https:\/\/dicodusport.fr\/blog\/","logo":{"@type":"ImageObject","inLanguage":"fr-FR","@id":"https:\/\/dicodusport.fr\/blog\/#\/schema\/logo\/image\/","url":"https:\/\/dicodusport.fr\/blog\/wp-content\/uploads\/2020\/06\/cropped-LOGO-DICODUSPORT-2020-SANS-FOND-SANS-TEXTE.png","contentUrl":"https:\/\/dicodusport.fr\/blog\/wp-content\/uploads\/2020\/06\/cropped-LOGO-DICODUSPORT-2020-SANS-FOND-SANS-TEXTE.png","width":512,"height":512,"caption":"Dicodusport"},"image":{"@id":"https:\/\/dicodusport.fr\/blog\/#\/schema\/logo\/image\/"},"sameAs":["https:\/\/www.facebook.com\/dicodusport","https:\/\/x.com\/dicodusport","https:\/\/www.instagram.com\/dicodusport\/","https:\/\/www.youtube.com\/channel\/UC7V2KZ5sd3htJivAbA4ZG3w"],"description":"Dicodusport est l'encyclop\u00e9die de l'actualit\u00e9 sportive.","email":"bonjour@dicodusport.fr","legalName":"DICODUSPORT","foundingDate":"2018-01-14","vatID":"FR71834470973","taxID":"83447097300043","numberOfEmployees":{"@type":"QuantitativeValue","minValue":"1","maxValue":"10"}},{"@type":"Person","@id":"https:\/\/dicodusport.fr\/blog\/#\/schema\/person\/5b73f4b55b8683f37e9f75d6dc039f31","name":"Andr\u00e9a Lamy","image":{"@type":"ImageObject","inLanguage":"fr-FR","@id":"https:\/\/dicodusport.fr\/blog\/#\/schema\/person\/image\/","url":"https:\/\/dicodusport.fr\/blog\/wp-content\/uploads\/2022\/03\/Andrea-150x150.jpg","contentUrl":"https:\/\/dicodusport.fr\/blog\/wp-content\/uploads\/2022\/03\/Andrea-150x150.jpg","caption":"Andr\u00e9a Lamy"},"url":"https:\/\/dicodusport.fr\/blog\/author\/andrea-lamy\/"}]}},"_links":{"self":[{"href":"https:\/\/dicodusport.fr\/blog\/wp-json\/wp\/v2\/posts\/477641","targetHints":{"allow":["GET"]}}],"collection":[{"href":"https:\/\/dicodusport.fr\/blog\/wp-json\/wp\/v2\/posts"}],"about":[{"href":"https:\/\/dicodusport.fr\/blog\/wp-json\/wp\/v2\/types\/post"}],"author":[{"embeddable":true,"href":"https:\/\/dicodusport.fr\/blog\/wp-json\/wp\/v2\/users\/62"}],"replies":[{"embeddable":true,"href":"https:\/\/dicodusport.fr\/blog\/wp-json\/wp\/v2\/comments?post=477641"}],"version-history":[{"count":5,"href":"https:\/\/dicodusport.fr\/blog\/wp-json\/wp\/v2\/posts\/477641\/revisions"}],"predecessor-version":[{"id":477668,"href":"https:\/\/dicodusport.fr\/blog\/wp-json\/wp\/v2\/posts\/477641\/revisions\/477668"}],"wp:featuredmedia":[{"embeddable":true,"href":"https:\/\/dicodusport.fr\/blog\/wp-json\/wp\/v2\/media\/477667"}],"wp:attachment":[{"href":"https:\/\/dicodusport.fr\/blog\/wp-json\/wp\/v2\/media?parent=477641"}],"wp:term":[{"taxonomy":"category","embeddable":true,"href":"https:\/\/dicodusport.fr\/blog\/wp-json\/wp\/v2\/categories?post=477641"},{"taxonomy":"post_tag","embeddable":true,"href":"https:\/\/dicodusport.fr\/blog\/wp-json\/wp\/v2\/tags?post=477641"}],"curies":[{"name":"wp","href":"https:\/\/api.w.org\/{rel}","templated":true}]}}