{"id":477681,"date":"2024-04-08T15:37:23","date_gmt":"2024-04-08T13:37:23","guid":{"rendered":"https:\/\/dicodusport.fr\/blog\/?p=477681&#038;preview=true&#038;preview_id=477681"},"modified":"2024-04-08T16:46:30","modified_gmt":"2024-04-08T14:46:30","slug":"athletisme-stey-ducos-djouhan-les-performances-francaises-de-la-semaine","status":"publish","type":"post","link":"https:\/\/dicodusport.fr\/blog\/athletisme-stey-ducos-djouhan-les-performances-francaises-de-la-semaine\/","title":{"rendered":"Athl\u00e9tisme : Stey, Ducos, Djouhan, les performances fran\u00e7aises de la semaine"},"content":{"rendered":"<p style=\"text-align: justify;\"><strong><em>ATHL\u00c9TISME &#8211; Tour d&rsquo;horizon sur les performances fran\u00e7aises dans une semaine, marqu\u00e9e par des records de Pauline Stey et Cl\u00e9ment Ducos, mais aussi le retour de Lolassonn Djouhan.<\/em><\/strong><\/p>\n<h2 style=\"text-align: justify;\">Deux records et des d\u00e9couvertes pour les marcheurs \u00e0 Podebrady<\/h2>\n<h3 style=\"text-align: justify;\">Pauline Stey sous les 1h30 sur 20 km<\/h3>\n<p style=\"text-align: justify;\">Les marcheurs fran\u00e7ais avaient rendez-vous avec Podebrady et un match international de marche. L&rsquo;occasion de porter le maillot de l&rsquo;\u00e9quipe de France pour la premi\u00e8re fois de la saison. Et de se jauger face aux meilleurs mondiaux en R\u00e9publique Tch\u00e8que. Les trois performances du jour sont \u00e0 mettre \u00e0 l&rsquo;actif de <strong>Pauline Stey, Camille Moutard <\/strong>et<strong> Gabriel Bordier.<\/strong> La premi\u00e8re est pass\u00e9e pour la premi\u00e8re fois de sa carri\u00e8re sous les 1h30 sur 20 kilom\u00e8tres marche. Bouclant sa course \u00e0 la 9e place d&rsquo;un Gold (malheureusement la premi\u00e8re qui ne donne pas de points au ranking) mais avec un 1h29:49 qui la rapproche \u00e0 29 secondes des minima olympiques. C&rsquo;est 21 secondes de mieux que son ancien record. Qui datait d&rsquo;un mois aux championnats de France<\/p>\n<blockquote class=\"twitter-tweet\">\n<p dir=\"ltr\" lang=\"fr\"><a href=\"https:\/\/twitter.com\/hashtag\/podebrady?src=hash&amp;ref_src=twsrc%5Etfw\">#podebrady<\/a> 20km\ud83c\udfc3\u200d\u2642\ufe0f<br \/>\n1. Karlstr\u00f6m \ud83c\uddf8\ud83c\uddea 1:18:22<br \/>\n2. Dunfee \ud83c\udde8\ud83c\udde6 1:18:41<br \/>\n3. Bonfim \ud83c\udde7\ud83c\uddf7 1:18:50<br \/>\n4. Bordier \ud83c\uddeb\ud83c\uddf7 1:19:56<\/p>\n<p>Tr\u00e8s grosse perf de Gabriel Bordier, 4e d&rsquo;une course tr\u00e8s relev\u00e9e<\/p>\n<p>\u2014 konchellah92 (@konchellah92) <a href=\"https:\/\/twitter.com\/konchellah92\/status\/1776616481716912527?ref_src=twsrc%5Etfw\">April 6, 2024<\/a><\/p><\/blockquote>\n<p><script async src=\"https:\/\/platform.twitter.com\/widgets.js\" charset=\"utf-8\"><\/script><\/p>\n<p style=\"text-align: justify;\"><strong>Camille Moutard<\/strong> termine \u00e0 la 11e place, avec un nouveau record battu de 12 secondes, port\u00e9 \u00e0 1h30:08. <strong>Cl\u00e9mence Beretta<\/strong> a connu une journ\u00e9e \u00ab\u00a0sans\u00a0\u00bb comme elle l&rsquo;a confi\u00e9 sur les r\u00e9seaux sociaux. Mais elle a termin\u00e9 sa course et la France a remport\u00e9 l&rsquo;\u00e9preuve par \u00e9quipes. Une grande premi\u00e8re dans l&rsquo;histoire de la marche tricolore, qui confirme ses immenses progr\u00e8s.<\/p>\n<h3 style=\"text-align: justify;\">Gabriel Bordier 4e d&rsquo;un \u00ab\u00a0Gold\u00a0\u00bb<\/h3>\n<p style=\"text-align: justify;\">Et <strong>Gabriel Bordier<\/strong> n&rsquo;a certes pas battu son record. Mais s&rsquo;offre une 4e place d&rsquo;un Gold qui a une valeur tr\u00e8s significative, au vu de la valeur des concurrents devant et derri\u00e8re le Fran\u00e7ais. Qui s&rsquo;inscrit d\u00e9sormais dans les meilleurs marcheurs mondiaux \u00e0 quelques mois des Jeux Olympiques. Il am\u00e9liore son meilleur temps de la saison, avec 1h19:56. Une course que n&rsquo;a pas termin\u00e9e <strong>Aur\u00e9lien Quinion<\/strong>, qui se dit <em>\u00ab pas dedans \u00bb<\/em> depuis quelques semaines, sur les r\u00e9seaux sociaux. On esp\u00e8re que le recordman de France du 35 km marche trouvera les cl\u00e9s, lui qui est pour l&rsquo;heure qualifi\u00e9 pour les JO.<\/p>\n<blockquote class=\"twitter-tweet\">\n<p dir=\"ltr\" lang=\"fr\" style=\"text-align: justify;\"><a href=\"https:\/\/twitter.com\/hashtag\/podebrady?src=hash&amp;ref_src=twsrc%5Etfw\">#podebrady<\/a> 20km\ud83c\udfc3\u200d\u2642\ufe0f<br \/>\n1. Karlstr\u00f6m \ud83c\uddf8\ud83c\uddea 1:18:22<br \/>\n2. Dunfee \ud83c\udde8\ud83c\udde6 1:18:41<br \/>\n3. Bonfim \ud83c\udde7\ud83c\uddf7 1:18:50<br \/>\n4. Bordier \ud83c\uddeb\ud83c\uddf7 1:19:56<\/p>\n<p>Tr\u00e8s grosse perf de Gabriel Bordier, 4e d&rsquo;une course tr\u00e8s relev\u00e9e<\/p>\n<p>\u2014 konchellah92 (@konchellah92) <a href=\"https:\/\/twitter.com\/konchellah92\/status\/1776616481716912527?ref_src=twsrc%5Etfw\">April 6, 2024<\/a><\/p><\/blockquote>\n<p><script async src=\"https:\/\/platform.twitter.com\/widgets.js\" charset=\"utf-8\"><\/script><\/p>\n<h3 style=\"text-align: justify;\">Chlo\u00e9 Le Roch et L\u00e9na Auvray en d\u00e9couverte, les gar\u00e7ons au top<\/h3>\n<p style=\"text-align: justify;\">Les juniors \u00e9taient \u00e9galement pr\u00e9sents, du c\u00f4t\u00e9 de la R\u00e9publique Tch\u00e8que, pour 10 km. Et c&rsquo;est <strong>Quentin Chenuet<\/strong> qui l&#8217;emporte, avec un nouveau record personnel en 42:15. Dominant de 29 secondes tout le monde.<strong> Bastien Picart<\/strong> monte sur la 3e marche du podium, lui aussi avec un record personnel port\u00e9 \u00e0 43:04. De bon augure, en sachant qu&rsquo;<strong>Hugo Ellul<\/strong> prend la 5e place en 44:22.<\/p>\n<p style=\"text-align: justify;\">Chez les femmes, les deux jeunes prodiges <strong>L\u00e9na Auvray<\/strong> et <strong>Chlo\u00e9 Le Roch<\/strong> prennent la 4e et 5e place, pour leur d\u00e9couverte sur la distance. Avec des chronos de 48:14 et 48:35. L&rsquo;une est junior premi\u00e8re ann\u00e9e et l&rsquo;autre encore cadette. <strong>Em\u00e8lie Ch\u00e8ze<\/strong>\u00a0prend la 9e place en passant sous les 50 minutes (49:39).<\/p>\n<h2 style=\"text-align: justify;\">Lolassonn Djouhan soigne son retour<\/h2>\n<p style=\"text-align: justify;\">C&rsquo;est la performance qui nous fait plaisir. Plus d&rsquo;un an apr\u00e8s une tr\u00e8s grave blessure au muscle pectoral, qui l&rsquo;a \u00e9loign\u00e9 des plateaux, <strong>Lolassonn Djouhan<\/strong> soigne son retour en forme. Au Cameroun, il remporte un meeting Silver. Non seulement avec une jolie performance de 62.15 m mais \u00e9galement 1100 points plus les 100 points bonus d&rsquo;un vainqueur d&rsquo;un meeting Silver. Voil\u00e0 une performance qui va compter dans son ranking.<\/p>\n<blockquote class=\"twitter-tweet\">\n<p dir=\"ltr\" lang=\"fr\">Lolasson Djouhan r\u00e9alise 62m15 au disque au Silver Continental Tour de Douala au Cameroun.<br \/>\nIl confirme son retour apr\u00e9s sa grave blessure d\u2019il y a deux ans.<\/p>\n<p>\u2014 Cl\u00e9ment Breysse (@BreysseClement) <a href=\"https:\/\/twitter.com\/BreysseClement\/status\/1776705460780818846?ref_src=twsrc%5Etfw\">April 6, 2024<\/a><\/p><\/blockquote>\n<p><script async src=\"https:\/\/platform.twitter.com\/widgets.js\" charset=\"utf-8\"><\/script><\/p>\n<p style=\"text-align: justify;\"><strong>Etienne Daguinos<\/strong>, lors du 10 km Asics Speed Race, a descendu son record en 28:09, devenant le 12e meilleur fran\u00e7ais de tous les temps sur la distance. <strong>Cl\u00e9ment Ducos<\/strong>, du c\u00f4t\u00e9 des \u00c9tats-Unis, frappe un grand coup avec un record port\u00e9 \u00e0 49.03 sur 400 m haies. Il devient le 9e meilleur fran\u00e7ais de tous les temps et se rapproche \u00e0 33 centi\u00e8mes des minima olympiques. Cela promet !<\/p>\n","protected":false},"excerpt":{"rendered":"<p>ATHL\u00c9TISME &#8211; Tour d&rsquo;horizon sur les performances fran\u00e7aises dans une semaine de transition avant la saison estivale, marqu\u00e9e par l&rsquo;abandon de Kevin Mayer au d\u00e9cathlon de San Diego (USA).<\/p>\n","protected":false},"author":83,"featured_media":477692,"comment_status":"open","ping_status":"closed","sticky":false,"template":"","format":"standard","meta":{"_acf_changed":false,"_daextam_enable_autolinks":"1","footnotes":""},"categories":[2308],"tags":[143,10976,16878,31431,38823,36766,33623,17905],"class_list":["post-477681","post","type-post","status-publish","format-standard","has-post-thumbnail","hentry","category-athletisme","tag-athletisme","tag-athletisme-francais","tag-breve","tag-camille-moutard","tag-clement-ducos","tag-etienne-daguinos","tag-gabriel-bordier","tag-pauline-stey"],"acf":[],"yoast_head":"<!-- This site is optimized with the Yoast SEO Premium plugin v26.7 (Yoast SEO v26.7) - https:\/\/yoast.com\/wordpress\/plugins\/seo\/ -->\n<title>Athl\u00e9tisme : Stey, Ducos, Djouhan, les performances fran\u00e7aises de la semaine<\/title>\n<meta name=\"description\" content=\"ATHL\u00c9TISME - Tour d&#039;horizon sur les performances fran\u00e7aises dans une semaine marqu\u00e9e par le match international de marche \u00e0 Podebrady.\" \/>\n<meta name=\"robots\" content=\"index, follow, max-snippet:-1, max-image-preview:large, max-video-preview:-1\" \/>\n<link rel=\"canonical\" href=\"https:\/\/dicodusport.fr\/blog\/athletisme-stey-ducos-djouhan-les-performances-francaises-de-la-semaine\/\" \/>\n<meta property=\"og:locale\" content=\"fr_FR\" \/>\n<meta property=\"og:type\" content=\"article\" \/>\n<meta property=\"og:title\" content=\"Athl\u00e9tisme : Stey, Ducos, Djouhan, les performances fran\u00e7aises de la semaine\" \/>\n<meta property=\"og:description\" content=\"ATHL\u00c9TISME - Tour d&#039;horizon sur les performances fran\u00e7aises dans une semaine marqu\u00e9e par le match international de marche \u00e0 Podebrady.\" \/>\n<meta property=\"og:url\" content=\"https:\/\/dicodusport.fr\/blog\/athletisme-stey-ducos-djouhan-les-performances-francaises-de-la-semaine\/\" \/>\n<meta property=\"og:site_name\" content=\"Dicodusport\" \/>\n<meta property=\"article:publisher\" content=\"https:\/\/www.facebook.com\/dicodusport\" \/>\n<meta property=\"article:published_time\" content=\"2024-04-08T13:37:23+00:00\" \/>\n<meta property=\"article:modified_time\" content=\"2024-04-08T14:46:30+00:00\" \/>\n<meta property=\"og:image\" content=\"https:\/\/dicodusport.fr\/blog\/wp-content\/uploads\/2024\/04\/Athletisme-Stey-Ducos-Djouhan-les-performances-francaises-de-la-semaine.png\" \/>\n\t<meta property=\"og:image:width\" content=\"1200\" \/>\n\t<meta property=\"og:image:height\" content=\"674\" \/>\n\t<meta property=\"og:image:type\" content=\"image\/png\" \/>\n<meta name=\"author\" content=\"Etienne Goursaud\" \/>\n<meta name=\"twitter:card\" content=\"summary_large_image\" \/>\n<meta name=\"twitter:title\" content=\"Athl\u00e9tisme : Stey, Ducos, Djouhan, les performances fran\u00e7aises de la semaine\" \/>\n<meta name=\"twitter:creator\" content=\"@dicodusport\" \/>\n<meta name=\"twitter:site\" content=\"@dicodusport\" \/>\n<script type=\"application\/ld+json\" class=\"yoast-schema-graph\">{\"@context\":\"https:\/\/schema.org\",\"@graph\":[{\"@type\":\"NewsArticle\",\"@id\":\"https:\/\/dicodusport.fr\/blog\/athletisme-stey-ducos-djouhan-les-performances-francaises-de-la-semaine\/#article\",\"isPartOf\":{\"@id\":\"https:\/\/dicodusport.fr\/blog\/athletisme-stey-ducos-djouhan-les-performances-francaises-de-la-semaine\/\"},\"author\":{\"name\":\"Etienne Goursaud\",\"@id\":\"https:\/\/dicodusport.fr\/blog\/#\/schema\/person\/d603dd7da31fb2b46c82b9835a77ec13\"},\"headline\":\"Athl\u00e9tisme : Stey, Ducos, Djouhan, les performances fran\u00e7aises de la semaine\",\"datePublished\":\"2024-04-08T13:37:23+00:00\",\"dateModified\":\"2024-04-08T14:46:30+00:00\",\"mainEntityOfPage\":{\"@id\":\"https:\/\/dicodusport.fr\/blog\/athletisme-stey-ducos-djouhan-les-performances-francaises-de-la-semaine\/\"},\"wordCount\":752,\"commentCount\":0,\"publisher\":{\"@id\":\"https:\/\/dicodusport.fr\/blog\/#organization\"},\"image\":{\"@id\":\"https:\/\/dicodusport.fr\/blog\/athletisme-stey-ducos-djouhan-les-performances-francaises-de-la-semaine\/#primaryimage\"},\"thumbnailUrl\":\"https:\/\/dicodusport.fr\/blog\/wp-content\/uploads\/2024\/04\/Athletisme-Stey-Ducos-Djouhan-les-performances-francaises-de-la-semaine.png\",\"keywords\":[\"Athl\u00e9tisme\",\"Athl\u00e9tisme fran\u00e7ais\",\"br\u00e8ve\",\"Camille Moutard\",\"Cl\u00e9ment Ducos\",\"Etienne Daguinos\",\"Gabriel Bordier\",\"Pauline Stey\"],\"articleSection\":[\"Athl\u00e9tisme\"],\"inLanguage\":\"fr-FR\",\"potentialAction\":[{\"@type\":\"CommentAction\",\"name\":\"Comment\",\"target\":[\"https:\/\/dicodusport.fr\/blog\/athletisme-stey-ducos-djouhan-les-performances-francaises-de-la-semaine\/#respond\"]}],\"copyrightYear\":\"2024\",\"copyrightHolder\":{\"@id\":\"https:\/\/dicodusport.fr\/blog\/#organization\"}},{\"@type\":\"WebPage\",\"@id\":\"https:\/\/dicodusport.fr\/blog\/athletisme-stey-ducos-djouhan-les-performances-francaises-de-la-semaine\/\",\"url\":\"https:\/\/dicodusport.fr\/blog\/athletisme-stey-ducos-djouhan-les-performances-francaises-de-la-semaine\/\",\"name\":\"Athl\u00e9tisme : Stey, Ducos, Djouhan, les performances fran\u00e7aises de la semaine\",\"isPartOf\":{\"@id\":\"https:\/\/dicodusport.fr\/blog\/#website\"},\"primaryImageOfPage\":{\"@id\":\"https:\/\/dicodusport.fr\/blog\/athletisme-stey-ducos-djouhan-les-performances-francaises-de-la-semaine\/#primaryimage\"},\"image\":{\"@id\":\"https:\/\/dicodusport.fr\/blog\/athletisme-stey-ducos-djouhan-les-performances-francaises-de-la-semaine\/#primaryimage\"},\"thumbnailUrl\":\"https:\/\/dicodusport.fr\/blog\/wp-content\/uploads\/2024\/04\/Athletisme-Stey-Ducos-Djouhan-les-performances-francaises-de-la-semaine.png\",\"datePublished\":\"2024-04-08T13:37:23+00:00\",\"dateModified\":\"2024-04-08T14:46:30+00:00\",\"description\":\"ATHL\u00c9TISME - Tour d'horizon sur les performances fran\u00e7aises dans une semaine marqu\u00e9e par le match international de marche \u00e0 Podebrady.\",\"breadcrumb\":{\"@id\":\"https:\/\/dicodusport.fr\/blog\/athletisme-stey-ducos-djouhan-les-performances-francaises-de-la-semaine\/#breadcrumb\"},\"inLanguage\":\"fr-FR\",\"potentialAction\":[{\"@type\":\"ReadAction\",\"target\":[\"https:\/\/dicodusport.fr\/blog\/athletisme-stey-ducos-djouhan-les-performances-francaises-de-la-semaine\/\"]}]},{\"@type\":\"ImageObject\",\"inLanguage\":\"fr-FR\",\"@id\":\"https:\/\/dicodusport.fr\/blog\/athletisme-stey-ducos-djouhan-les-performances-francaises-de-la-semaine\/#primaryimage\",\"url\":\"https:\/\/dicodusport.fr\/blog\/wp-content\/uploads\/2024\/04\/Athletisme-Stey-Ducos-Djouhan-les-performances-francaises-de-la-semaine.png\",\"contentUrl\":\"https:\/\/dicodusport.fr\/blog\/wp-content\/uploads\/2024\/04\/Athletisme-Stey-Ducos-Djouhan-les-performances-francaises-de-la-semaine.png\",\"width\":1200,\"height\":674,\"caption\":\"Athl\u00e9tisme : Stey, Ducos, Djouhan, les performances fran\u00e7aises de la semaine\"},{\"@type\":\"BreadcrumbList\",\"@id\":\"https:\/\/dicodusport.fr\/blog\/athletisme-stey-ducos-djouhan-les-performances-francaises-de-la-semaine\/#breadcrumb\",\"itemListElement\":[{\"@type\":\"ListItem\",\"position\":1,\"name\":\"Accueil\",\"item\":\"https:\/\/dicodusport.fr\/blog\/\"},{\"@type\":\"ListItem\",\"position\":2,\"name\":\"Athl\u00e9tisme : Stey, Ducos, Djouhan, les performances fran\u00e7aises de la semaine\"}]},{\"@type\":\"WebSite\",\"@id\":\"https:\/\/dicodusport.fr\/blog\/#website\",\"url\":\"https:\/\/dicodusport.fr\/blog\/\",\"name\":\"Dicodusport\",\"description\":\"L&#039;encyclop\u00e9die de l&#039;actualit\u00e9 sportive\",\"publisher\":{\"@id\":\"https:\/\/dicodusport.fr\/blog\/#organization\"},\"potentialAction\":[{\"@type\":\"SearchAction\",\"target\":{\"@type\":\"EntryPoint\",\"urlTemplate\":\"https:\/\/dicodusport.fr\/blog\/?s={search_term_string}\"},\"query-input\":{\"@type\":\"PropertyValueSpecification\",\"valueRequired\":true,\"valueName\":\"search_term_string\"}}],\"inLanguage\":\"fr-FR\"},{\"@type\":\"NewsMediaOrganization\",\"@id\":\"https:\/\/dicodusport.fr\/blog\/#organization\",\"name\":\"Dicodusport\",\"url\":\"https:\/\/dicodusport.fr\/blog\/\",\"logo\":{\"@type\":\"ImageObject\",\"inLanguage\":\"fr-FR\",\"@id\":\"https:\/\/dicodusport.fr\/blog\/#\/schema\/logo\/image\/\",\"url\":\"https:\/\/dicodusport.fr\/blog\/wp-content\/uploads\/2020\/06\/cropped-LOGO-DICODUSPORT-2020-SANS-FOND-SANS-TEXTE.png\",\"contentUrl\":\"https:\/\/dicodusport.fr\/blog\/wp-content\/uploads\/2020\/06\/cropped-LOGO-DICODUSPORT-2020-SANS-FOND-SANS-TEXTE.png\",\"width\":512,\"height\":512,\"caption\":\"Dicodusport\"},\"image\":{\"@id\":\"https:\/\/dicodusport.fr\/blog\/#\/schema\/logo\/image\/\"},\"sameAs\":[\"https:\/\/www.facebook.com\/dicodusport\",\"https:\/\/x.com\/dicodusport\",\"https:\/\/www.instagram.com\/dicodusport\/\",\"https:\/\/www.youtube.com\/channel\/UC7V2KZ5sd3htJivAbA4ZG3w\"],\"description\":\"Dicodusport est l'encyclop\u00e9die de l'actualit\u00e9 sportive.\",\"email\":\"bonjour@dicodusport.fr\",\"legalName\":\"DICODUSPORT\",\"foundingDate\":\"2018-01-14\",\"vatID\":\"FR71834470973\",\"taxID\":\"83447097300043\",\"numberOfEmployees\":{\"@type\":\"QuantitativeValue\",\"minValue\":\"1\",\"maxValue\":\"10\"}},{\"@type\":\"Person\",\"@id\":\"https:\/\/dicodusport.fr\/blog\/#\/schema\/person\/d603dd7da31fb2b46c82b9835a77ec13\",\"name\":\"Etienne Goursaud\",\"image\":{\"@type\":\"ImageObject\",\"inLanguage\":\"fr-FR\",\"@id\":\"https:\/\/dicodusport.fr\/blog\/#\/schema\/person\/image\/\",\"url\":\"https:\/\/dicodusport.fr\/blog\/wp-content\/uploads\/2023\/12\/410122264_10231602061736049_5565839791558026645_n-150x150.jpg\",\"contentUrl\":\"https:\/\/dicodusport.fr\/blog\/wp-content\/uploads\/2023\/12\/410122264_10231602061736049_5565839791558026645_n-150x150.jpg\",\"caption\":\"Etienne Goursaud\"},\"description\":\"Journaliste et amoureux de sport. Ancien footballeur reconverti athl\u00e8te quand ses muscles le laissent tranquille. \u00c9lev\u00e9 \u00e0 la sauce des exploits de Thomas Voeckler en 2004, du dernier essai de l\u00e9gende de Eunice Barber \u00e0 la longueur lors des championnats du monde d'athl\u00e9tisme de 2003 mais aussi Zidane, Omeyer et Titou Lamaison.\",\"url\":\"https:\/\/dicodusport.fr\/blog\/author\/etienne-goursaud\/\"}]}<\/script>\n<!-- \/ Yoast SEO Premium plugin. -->","yoast_head_json":{"title":"Athl\u00e9tisme : Stey, Ducos, Djouhan, les performances fran\u00e7aises de la semaine","description":"ATHL\u00c9TISME - Tour d'horizon sur les performances fran\u00e7aises dans une semaine marqu\u00e9e par le match international de marche \u00e0 Podebrady.","robots":{"index":"index","follow":"follow","max-snippet":"max-snippet:-1","max-image-preview":"max-image-preview:large","max-video-preview":"max-video-preview:-1"},"canonical":"https:\/\/dicodusport.fr\/blog\/athletisme-stey-ducos-djouhan-les-performances-francaises-de-la-semaine\/","og_locale":"fr_FR","og_type":"article","og_title":"Athl\u00e9tisme : Stey, Ducos, Djouhan, les performances fran\u00e7aises de la semaine","og_description":"ATHL\u00c9TISME - Tour d'horizon sur les performances fran\u00e7aises dans une semaine marqu\u00e9e par le match international de marche \u00e0 Podebrady.","og_url":"https:\/\/dicodusport.fr\/blog\/athletisme-stey-ducos-djouhan-les-performances-francaises-de-la-semaine\/","og_site_name":"Dicodusport","article_publisher":"https:\/\/www.facebook.com\/dicodusport","article_published_time":"2024-04-08T13:37:23+00:00","article_modified_time":"2024-04-08T14:46:30+00:00","og_image":[{"width":1200,"height":674,"url":"https:\/\/dicodusport.fr\/blog\/wp-content\/uploads\/2024\/04\/Athletisme-Stey-Ducos-Djouhan-les-performances-francaises-de-la-semaine.png","type":"image\/png"}],"author":"Etienne Goursaud","twitter_card":"summary_large_image","twitter_title":"Athl\u00e9tisme : Stey, Ducos, Djouhan, les performances fran\u00e7aises de la semaine","twitter_creator":"@dicodusport","twitter_site":"@dicodusport","schema":{"@context":"https:\/\/schema.org","@graph":[{"@type":"NewsArticle","@id":"https:\/\/dicodusport.fr\/blog\/athletisme-stey-ducos-djouhan-les-performances-francaises-de-la-semaine\/#article","isPartOf":{"@id":"https:\/\/dicodusport.fr\/blog\/athletisme-stey-ducos-djouhan-les-performances-francaises-de-la-semaine\/"},"author":{"name":"Etienne Goursaud","@id":"https:\/\/dicodusport.fr\/blog\/#\/schema\/person\/d603dd7da31fb2b46c82b9835a77ec13"},"headline":"Athl\u00e9tisme : Stey, Ducos, Djouhan, les performances fran\u00e7aises de la semaine","datePublished":"2024-04-08T13:37:23+00:00","dateModified":"2024-04-08T14:46:30+00:00","mainEntityOfPage":{"@id":"https:\/\/dicodusport.fr\/blog\/athletisme-stey-ducos-djouhan-les-performances-francaises-de-la-semaine\/"},"wordCount":752,"commentCount":0,"publisher":{"@id":"https:\/\/dicodusport.fr\/blog\/#organization"},"image":{"@id":"https:\/\/dicodusport.fr\/blog\/athletisme-stey-ducos-djouhan-les-performances-francaises-de-la-semaine\/#primaryimage"},"thumbnailUrl":"https:\/\/dicodusport.fr\/blog\/wp-content\/uploads\/2024\/04\/Athletisme-Stey-Ducos-Djouhan-les-performances-francaises-de-la-semaine.png","keywords":["Athl\u00e9tisme","Athl\u00e9tisme fran\u00e7ais","br\u00e8ve","Camille Moutard","Cl\u00e9ment Ducos","Etienne Daguinos","Gabriel Bordier","Pauline Stey"],"articleSection":["Athl\u00e9tisme"],"inLanguage":"fr-FR","potentialAction":[{"@type":"CommentAction","name":"Comment","target":["https:\/\/dicodusport.fr\/blog\/athletisme-stey-ducos-djouhan-les-performances-francaises-de-la-semaine\/#respond"]}],"copyrightYear":"2024","copyrightHolder":{"@id":"https:\/\/dicodusport.fr\/blog\/#organization"}},{"@type":"WebPage","@id":"https:\/\/dicodusport.fr\/blog\/athletisme-stey-ducos-djouhan-les-performances-francaises-de-la-semaine\/","url":"https:\/\/dicodusport.fr\/blog\/athletisme-stey-ducos-djouhan-les-performances-francaises-de-la-semaine\/","name":"Athl\u00e9tisme : Stey, Ducos, Djouhan, les performances fran\u00e7aises de la semaine","isPartOf":{"@id":"https:\/\/dicodusport.fr\/blog\/#website"},"primaryImageOfPage":{"@id":"https:\/\/dicodusport.fr\/blog\/athletisme-stey-ducos-djouhan-les-performances-francaises-de-la-semaine\/#primaryimage"},"image":{"@id":"https:\/\/dicodusport.fr\/blog\/athletisme-stey-ducos-djouhan-les-performances-francaises-de-la-semaine\/#primaryimage"},"thumbnailUrl":"https:\/\/dicodusport.fr\/blog\/wp-content\/uploads\/2024\/04\/Athletisme-Stey-Ducos-Djouhan-les-performances-francaises-de-la-semaine.png","datePublished":"2024-04-08T13:37:23+00:00","dateModified":"2024-04-08T14:46:30+00:00","description":"ATHL\u00c9TISME - Tour d'horizon sur les performances fran\u00e7aises dans une semaine marqu\u00e9e par le match international de marche \u00e0 Podebrady.","breadcrumb":{"@id":"https:\/\/dicodusport.fr\/blog\/athletisme-stey-ducos-djouhan-les-performances-francaises-de-la-semaine\/#breadcrumb"},"inLanguage":"fr-FR","potentialAction":[{"@type":"ReadAction","target":["https:\/\/dicodusport.fr\/blog\/athletisme-stey-ducos-djouhan-les-performances-francaises-de-la-semaine\/"]}]},{"@type":"ImageObject","inLanguage":"fr-FR","@id":"https:\/\/dicodusport.fr\/blog\/athletisme-stey-ducos-djouhan-les-performances-francaises-de-la-semaine\/#primaryimage","url":"https:\/\/dicodusport.fr\/blog\/wp-content\/uploads\/2024\/04\/Athletisme-Stey-Ducos-Djouhan-les-performances-francaises-de-la-semaine.png","contentUrl":"https:\/\/dicodusport.fr\/blog\/wp-content\/uploads\/2024\/04\/Athletisme-Stey-Ducos-Djouhan-les-performances-francaises-de-la-semaine.png","width":1200,"height":674,"caption":"Athl\u00e9tisme : Stey, Ducos, Djouhan, les performances fran\u00e7aises de la semaine"},{"@type":"BreadcrumbList","@id":"https:\/\/dicodusport.fr\/blog\/athletisme-stey-ducos-djouhan-les-performances-francaises-de-la-semaine\/#breadcrumb","itemListElement":[{"@type":"ListItem","position":1,"name":"Accueil","item":"https:\/\/dicodusport.fr\/blog\/"},{"@type":"ListItem","position":2,"name":"Athl\u00e9tisme : Stey, Ducos, Djouhan, les performances fran\u00e7aises de la semaine"}]},{"@type":"WebSite","@id":"https:\/\/dicodusport.fr\/blog\/#website","url":"https:\/\/dicodusport.fr\/blog\/","name":"Dicodusport","description":"L&#039;encyclop\u00e9die de l&#039;actualit\u00e9 sportive","publisher":{"@id":"https:\/\/dicodusport.fr\/blog\/#organization"},"potentialAction":[{"@type":"SearchAction","target":{"@type":"EntryPoint","urlTemplate":"https:\/\/dicodusport.fr\/blog\/?s={search_term_string}"},"query-input":{"@type":"PropertyValueSpecification","valueRequired":true,"valueName":"search_term_string"}}],"inLanguage":"fr-FR"},{"@type":"NewsMediaOrganization","@id":"https:\/\/dicodusport.fr\/blog\/#organization","name":"Dicodusport","url":"https:\/\/dicodusport.fr\/blog\/","logo":{"@type":"ImageObject","inLanguage":"fr-FR","@id":"https:\/\/dicodusport.fr\/blog\/#\/schema\/logo\/image\/","url":"https:\/\/dicodusport.fr\/blog\/wp-content\/uploads\/2020\/06\/cropped-LOGO-DICODUSPORT-2020-SANS-FOND-SANS-TEXTE.png","contentUrl":"https:\/\/dicodusport.fr\/blog\/wp-content\/uploads\/2020\/06\/cropped-LOGO-DICODUSPORT-2020-SANS-FOND-SANS-TEXTE.png","width":512,"height":512,"caption":"Dicodusport"},"image":{"@id":"https:\/\/dicodusport.fr\/blog\/#\/schema\/logo\/image\/"},"sameAs":["https:\/\/www.facebook.com\/dicodusport","https:\/\/x.com\/dicodusport","https:\/\/www.instagram.com\/dicodusport\/","https:\/\/www.youtube.com\/channel\/UC7V2KZ5sd3htJivAbA4ZG3w"],"description":"Dicodusport est l'encyclop\u00e9die de l'actualit\u00e9 sportive.","email":"bonjour@dicodusport.fr","legalName":"DICODUSPORT","foundingDate":"2018-01-14","vatID":"FR71834470973","taxID":"83447097300043","numberOfEmployees":{"@type":"QuantitativeValue","minValue":"1","maxValue":"10"}},{"@type":"Person","@id":"https:\/\/dicodusport.fr\/blog\/#\/schema\/person\/d603dd7da31fb2b46c82b9835a77ec13","name":"Etienne Goursaud","image":{"@type":"ImageObject","inLanguage":"fr-FR","@id":"https:\/\/dicodusport.fr\/blog\/#\/schema\/person\/image\/","url":"https:\/\/dicodusport.fr\/blog\/wp-content\/uploads\/2023\/12\/410122264_10231602061736049_5565839791558026645_n-150x150.jpg","contentUrl":"https:\/\/dicodusport.fr\/blog\/wp-content\/uploads\/2023\/12\/410122264_10231602061736049_5565839791558026645_n-150x150.jpg","caption":"Etienne Goursaud"},"description":"Journaliste et amoureux de sport. Ancien footballeur reconverti athl\u00e8te quand ses muscles le laissent tranquille. \u00c9lev\u00e9 \u00e0 la sauce des exploits de Thomas Voeckler en 2004, du dernier essai de l\u00e9gende de Eunice Barber \u00e0 la longueur lors des championnats du monde d'athl\u00e9tisme de 2003 mais aussi Zidane, Omeyer et Titou Lamaison.","url":"https:\/\/dicodusport.fr\/blog\/author\/etienne-goursaud\/"}]}},"_links":{"self":[{"href":"https:\/\/dicodusport.fr\/blog\/wp-json\/wp\/v2\/posts\/477681","targetHints":{"allow":["GET"]}}],"collection":[{"href":"https:\/\/dicodusport.fr\/blog\/wp-json\/wp\/v2\/posts"}],"about":[{"href":"https:\/\/dicodusport.fr\/blog\/wp-json\/wp\/v2\/types\/post"}],"author":[{"embeddable":true,"href":"https:\/\/dicodusport.fr\/blog\/wp-json\/wp\/v2\/users\/83"}],"replies":[{"embeddable":true,"href":"https:\/\/dicodusport.fr\/blog\/wp-json\/wp\/v2\/comments?post=477681"}],"version-history":[{"count":4,"href":"https:\/\/dicodusport.fr\/blog\/wp-json\/wp\/v2\/posts\/477681\/revisions"}],"predecessor-version":[{"id":477734,"href":"https:\/\/dicodusport.fr\/blog\/wp-json\/wp\/v2\/posts\/477681\/revisions\/477734"}],"wp:featuredmedia":[{"embeddable":true,"href":"https:\/\/dicodusport.fr\/blog\/wp-json\/wp\/v2\/media\/477692"}],"wp:attachment":[{"href":"https:\/\/dicodusport.fr\/blog\/wp-json\/wp\/v2\/media?parent=477681"}],"wp:term":[{"taxonomy":"category","embeddable":true,"href":"https:\/\/dicodusport.fr\/blog\/wp-json\/wp\/v2\/categories?post=477681"},{"taxonomy":"post_tag","embeddable":true,"href":"https:\/\/dicodusport.fr\/blog\/wp-json\/wp\/v2\/tags?post=477681"}],"curies":[{"name":"wp","href":"https:\/\/api.w.org\/{rel}","templated":true}]}}