{"id":477718,"date":"2024-04-08T15:41:47","date_gmt":"2024-04-08T13:41:47","guid":{"rendered":"https:\/\/dicodusport.fr\/blog\/?p=477718&#038;preview=true&#038;preview_id=477718"},"modified":"2024-04-10T12:06:27","modified_gmt":"2024-04-10T10:06:27","slug":"fleche-brabanconne-2024-les-engages","status":"publish","type":"post","link":"https:\/\/dicodusport.fr\/blog\/fleche-brabanconne-2024-les-engages\/","title":{"rendered":"Fl\u00e8che Braban\u00e7onne 2024 : Les engag\u00e9s"},"content":{"rendered":"<p style=\"text-align: justify;\"><strong><em><a href=\"https:\/\/dicodusport.fr\/blog\/actualites\/cyclisme\/cyclisme-sur-route-2024\/\">CYCLISME SUR ROUTE 2024<\/a> &#8211; La Fl\u00e8che Braban\u00e7onne 2024 aura lieu le mercredi 10 avril. D\u00e9couvrez la liste des engag\u00e9s pour l&rsquo;\u00e9preuve belge.<\/em><\/strong><\/p>\n<ul style=\"text-align: justify;\">\n<li style=\"text-align: justify;\"><strong>\u00c0 ce sujet &#8211; <a href=\"https:\/\/dicodusport.fr\/blog\/la-fleche-brabanconne-2024-parcours-profil-et-favoris\/\">Fl\u00e8che Braban\u00e7onne 2024 : Parcours, profil et favoris<\/a><\/strong><\/li>\n<\/ul>\n<p style=\"text-align: justify;\">Qui pour succ\u00e9der \u00e0 <strong>Dorian<\/strong> <strong>Godon<\/strong> (D\u00e9cathlon AG2R La Mondiale), vainqueur de l&rsquo;\u00e9preuve en 2023 ? Le Fran\u00e7ais avait ce jour-l\u00e0 sign\u00e9 le succ\u00e8s le plus marquant de sa carri\u00e8re en prenant le dessus sur un certain <strong>Ben<\/strong> <strong>Healy<\/strong> (EF Education EasyPost) \u00e0 l&rsquo;arriv\u00e9e. Le Tricolore sera bien au d\u00e9part pour d\u00e9fendre son titre, mais l&rsquo;Irlandais a lui d\u00e9cid\u00e9 de faire l&rsquo;impasse.<\/p>\n<div class=\"vlp-link-container vlp-layout-article\"><a href=\"https:\/\/dicodusport.fr\/blog\/la-fleche-brabanconne-2023-victoire-de-dorian-godon-benoit-cosnefroy-3eme\/\" class=\"vlp-link\" title=\"La Fl\u00e8che Braban\u00e7onne 2023 : Victoire de Dorian Godon, Beno\u00eet Cosnefroy 3\u00e8me\"><\/a><div class=\"vlp-layout-zone-side\"><div class=\"vlp-block-4 vlp-link-image\"><img loading=\"lazy\" decoding=\"async\" style=\"max-width: 800px;\" width=\"800\" height=\"445\" src=\"https:\/\/dicodusport.fr\/blog\/wp-content\/uploads\/2023\/04\/La-Fleche-Brabanconne-2023-Victoire-de-Dorian-Godon-Benoit-Cosnefroy-3eme.png\" class=\"attachment-800x445 size-800x445\" alt=\"La Fl\u00e8che Braban\u00e7onne 2023 Victoire de Dorian Godon, Beno\u00eet Cosnefroy 3\u00e8me\" srcset=\"https:\/\/dicodusport.fr\/blog\/wp-content\/uploads\/2023\/04\/La-Fleche-Brabanconne-2023-Victoire-de-Dorian-Godon-Benoit-Cosnefroy-3eme.png 800w, https:\/\/dicodusport.fr\/blog\/wp-content\/uploads\/2023\/04\/La-Fleche-Brabanconne-2023-Victoire-de-Dorian-Godon-Benoit-Cosnefroy-3eme-300x167.png 300w, https:\/\/dicodusport.fr\/blog\/wp-content\/uploads\/2023\/04\/La-Fleche-Brabanconne-2023-Victoire-de-Dorian-Godon-Benoit-Cosnefroy-3eme-768x427.png 768w\" sizes=\"auto, (max-width: 800px) 100vw, 800px\" \/><\/div><\/div><div class=\"vlp-layout-zone-main\"><div class=\"vlp-block-0 vlp-link-title\">La Fl\u00e8che Braban\u00e7onne 2023 : Victoire de Dorian Godon, Beno\u00eet Cosnefroy 3\u00e8me<\/div><div class=\"vlp-block-1 vlp-link-summary\">FL\u00c8CHE BRABAN\u00c7ONNE 2023 - Dorian Godon (AG2R Citro\u00ebn) s'est impos\u00e9 sur la 69\u00e8me \u00e9dition de La Fl\u00e8che Braban\u00e7onne \u00e0 Overijse, mercredi. Il a devanc\u00e9 Ben Healy (EF Education EasyPost) et son co\u00e9quipier Beno\u00eet Cosnefroy (AG2R Citro\u00ebn). Warren Barguil (Ark\u00e9a-Samsic) et Axel Zingle (Cofidis) compl\u00e8tent le top 5.<\/div><div class=\"vlp-block-2 vlp-link-button\">Lire l'article<\/div><div class=\"vlp-block-3 vlp-link-url\">dicodusport.fr<\/div><\/div><\/div>\n<p style=\"text-align: justify;\">Le vainqueur sortant sera notamment \u00e9paul\u00e9 par <strong>Beno\u00eet Cosnefroy<\/strong> (D\u00e9cathlon AG2R La Mondiale) qui avait pris la troisi\u00e8me place de la <a href=\"https:\/\/dicodusport.fr\/blog\/classement-la-fleche-brabanconne-2023\/\"><strong>Fl\u00e8che<\/strong> <strong>Braban\u00e7onne 2023<\/strong><\/a>. <strong>Richard<\/strong> <strong>Carapaz<\/strong> (EF Education EasyPost) sera \u00e0 suivre sur cette course tout comme <strong>Marc<\/strong> <strong>Hirschi<\/strong> (UAE Team Emirates), <strong>Nils<\/strong> <strong>Politt<\/strong> (UAE Team Emirates) ou encore <strong>Tobias<\/strong> <strong>Halland<\/strong> <strong>Johannessen<\/strong> (Uno-X Mobility).<\/p>\n<ul style=\"text-align: justify;\">\n<li style=\"text-align: justify;\"><strong>\u00c0 ce sujet \u2013\u00a0<a href=\"https:\/\/dicodusport.fr\/blog\/actualites\/cyclisme\/cyclisme-sur-route-2024\/\">L\u2019actualit\u00e9 du cyclisme sur route<\/a><\/strong><\/li>\n<\/ul>\n<p style=\"text-align: justify;\">Les Australiens <strong>Michael<\/strong> <strong>Matthews<\/strong> (Team Jayco AlUla) et <strong>Kaden<\/strong> <strong>Groves<\/strong> (Alpecin Deceuninck) seront aussi au d\u00e9part. Dans les rangs fran\u00e7ais, en plus des deux coureurs d\u00e9j\u00e0 cit\u00e9s, <strong>Axel<\/strong> <strong>Laurance<\/strong> (Alpecin Deceuninck) a une belle carte \u00e0 jouer sur une course qui correspond \u00e0 ses qualit\u00e9s physiques. <strong>Warren<\/strong> <strong>Barguil<\/strong> (Team DSM Firmenich PostNL) est aussi pr\u00e9sent.<\/p>\n<h2 style=\"text-align: justify;\">Les engag\u00e9s de la Fl\u00e8che Braban\u00e7onne 2024<\/h2>\n<p style=\"text-align: justify;\"><a href=\"https:\/\/dicodusport.fr\/blog\/wp-content\/uploads\/2024\/04\/Engages-La-Fleche-Brabanconne.pdf\" class=\"pdfemb-viewer\" style=\"\" data-width=\"max\" data-height=\"max\"  data-toolbar=\"both\" data-toolbar-fixed=\"on\">Engage\u0301s La Fle\u0300che Brabanc\u0327onne<br\/><\/a>\n","protected":false},"excerpt":{"rendered":"<p>CYCLISME SUR ROUTE 2024 &#8211; La Fl\u00e8che Braban\u00e7onne 2024 aura lieu le mercredi 10 avril. D\u00e9couvrez la liste des engag\u00e9s pour l&rsquo;\u00e9preuve belge.<\/p>\n","protected":false},"author":1,"featured_media":477719,"comment_status":"open","ping_status":"closed","sticky":false,"template":"","format":"standard","meta":{"_acf_changed":false,"_daextam_enable_autolinks":"1","footnotes":""},"categories":[46994],"tags":[16878,574],"class_list":["post-477718","post","type-post","status-publish","format-standard","has-post-thumbnail","hentry","category-cyclisme-sur-route","tag-breve","tag-cyclisme"],"acf":[],"yoast_head":"<!-- This site is optimized with the Yoast SEO Premium plugin v26.7 (Yoast SEO v26.7) - https:\/\/yoast.com\/wordpress\/plugins\/seo\/ -->\n<title>Fl\u00e8che Braban\u00e7onne 2024 : Les engag\u00e9s<\/title>\n<meta name=\"description\" content=\"CYCLISME SUR ROUTE 2024 - La Fl\u00e8che Braban\u00e7onne 2024 aura lieu le mercredi 10 avril. D\u00e9couvrez la liste des engag\u00e9s pour l&#039;\u00e9preuve belge.\" \/>\n<meta name=\"robots\" content=\"index, follow, max-snippet:-1, max-image-preview:large, max-video-preview:-1\" \/>\n<link rel=\"canonical\" href=\"https:\/\/dicodusport.fr\/blog\/fleche-brabanconne-2024-les-engages\/\" \/>\n<meta property=\"og:locale\" content=\"fr_FR\" \/>\n<meta property=\"og:type\" content=\"article\" \/>\n<meta property=\"og:title\" content=\"Fl\u00e8che Braban\u00e7onne 2024 : Les engag\u00e9s\" \/>\n<meta property=\"og:description\" content=\"CYCLISME SUR ROUTE 2024 - La Fl\u00e8che Braban\u00e7onne 2024 aura lieu le mercredi 10 avril. D\u00e9couvrez la liste des engag\u00e9s pour l&#039;\u00e9preuve belge.\" \/>\n<meta property=\"og:url\" content=\"https:\/\/dicodusport.fr\/blog\/fleche-brabanconne-2024-les-engages\/\" \/>\n<meta property=\"og:site_name\" content=\"Dicodusport\" \/>\n<meta property=\"article:publisher\" content=\"https:\/\/www.facebook.com\/dicodusport\" \/>\n<meta property=\"article:author\" content=\"https:\/\/www.facebook.com\/dicodusport\" \/>\n<meta property=\"article:published_time\" content=\"2024-04-08T13:41:47+00:00\" \/>\n<meta property=\"article:modified_time\" content=\"2024-04-10T10:06:27+00:00\" \/>\n<meta property=\"og:image\" content=\"https:\/\/dicodusport.fr\/blog\/wp-content\/uploads\/2024\/04\/Fleche-Brabanconne-2024-Les-engages-Axel-Laurance.png\" \/>\n\t<meta property=\"og:image:width\" content=\"1200\" \/>\n\t<meta property=\"og:image:height\" content=\"674\" \/>\n\t<meta property=\"og:image:type\" content=\"image\/png\" \/>\n<meta name=\"author\" content=\"Nicolas Jacquemard\" \/>\n<meta name=\"twitter:card\" content=\"summary_large_image\" \/>\n<meta name=\"twitter:title\" content=\"Fl\u00e8che Braban\u00e7onne 2024 : Les engag\u00e9s\" \/>\n<meta name=\"twitter:creator\" content=\"@https:\/\/twitter.com\/Nico_Jacquemard\" \/>\n<meta name=\"twitter:site\" content=\"@dicodusport\" \/>\n<script type=\"application\/ld+json\" class=\"yoast-schema-graph\">{\"@context\":\"https:\/\/schema.org\",\"@graph\":[{\"@type\":\"NewsArticle\",\"@id\":\"https:\/\/dicodusport.fr\/blog\/fleche-brabanconne-2024-les-engages\/#article\",\"isPartOf\":{\"@id\":\"https:\/\/dicodusport.fr\/blog\/fleche-brabanconne-2024-les-engages\/\"},\"author\":{\"name\":\"Nicolas Jacquemard\",\"@id\":\"https:\/\/dicodusport.fr\/blog\/#\/schema\/person\/55dcb50ad410894e431ed812bbb70191\"},\"headline\":\"Fl\u00e8che Braban\u00e7onne 2024 : Les engag\u00e9s\",\"datePublished\":\"2024-04-08T13:41:47+00:00\",\"dateModified\":\"2024-04-10T10:06:27+00:00\",\"mainEntityOfPage\":{\"@id\":\"https:\/\/dicodusport.fr\/blog\/fleche-brabanconne-2024-les-engages\/\"},\"wordCount\":383,\"commentCount\":0,\"publisher\":{\"@id\":\"https:\/\/dicodusport.fr\/blog\/#organization\"},\"image\":{\"@id\":\"https:\/\/dicodusport.fr\/blog\/fleche-brabanconne-2024-les-engages\/#primaryimage\"},\"thumbnailUrl\":\"https:\/\/dicodusport.fr\/blog\/wp-content\/uploads\/2024\/04\/Fleche-Brabanconne-2024-Les-engages-Axel-Laurance.png\",\"keywords\":[\"br\u00e8ve\",\"Cyclisme\"],\"articleSection\":[\"Cyclisme sur route\"],\"inLanguage\":\"fr-FR\",\"potentialAction\":[{\"@type\":\"CommentAction\",\"name\":\"Comment\",\"target\":[\"https:\/\/dicodusport.fr\/blog\/fleche-brabanconne-2024-les-engages\/#respond\"]}],\"copyrightYear\":\"2024\",\"copyrightHolder\":{\"@id\":\"https:\/\/dicodusport.fr\/blog\/#organization\"}},{\"@type\":\"WebPage\",\"@id\":\"https:\/\/dicodusport.fr\/blog\/fleche-brabanconne-2024-les-engages\/\",\"url\":\"https:\/\/dicodusport.fr\/blog\/fleche-brabanconne-2024-les-engages\/\",\"name\":\"Fl\u00e8che Braban\u00e7onne 2024 : Les engag\u00e9s\",\"isPartOf\":{\"@id\":\"https:\/\/dicodusport.fr\/blog\/#website\"},\"primaryImageOfPage\":{\"@id\":\"https:\/\/dicodusport.fr\/blog\/fleche-brabanconne-2024-les-engages\/#primaryimage\"},\"image\":{\"@id\":\"https:\/\/dicodusport.fr\/blog\/fleche-brabanconne-2024-les-engages\/#primaryimage\"},\"thumbnailUrl\":\"https:\/\/dicodusport.fr\/blog\/wp-content\/uploads\/2024\/04\/Fleche-Brabanconne-2024-Les-engages-Axel-Laurance.png\",\"datePublished\":\"2024-04-08T13:41:47+00:00\",\"dateModified\":\"2024-04-10T10:06:27+00:00\",\"description\":\"CYCLISME SUR ROUTE 2024 - La Fl\u00e8che Braban\u00e7onne 2024 aura lieu le mercredi 10 avril. D\u00e9couvrez la liste des engag\u00e9s pour l'\u00e9preuve belge.\",\"breadcrumb\":{\"@id\":\"https:\/\/dicodusport.fr\/blog\/fleche-brabanconne-2024-les-engages\/#breadcrumb\"},\"inLanguage\":\"fr-FR\",\"potentialAction\":[{\"@type\":\"ReadAction\",\"target\":[\"https:\/\/dicodusport.fr\/blog\/fleche-brabanconne-2024-les-engages\/\"]}]},{\"@type\":\"ImageObject\",\"inLanguage\":\"fr-FR\",\"@id\":\"https:\/\/dicodusport.fr\/blog\/fleche-brabanconne-2024-les-engages\/#primaryimage\",\"url\":\"https:\/\/dicodusport.fr\/blog\/wp-content\/uploads\/2024\/04\/Fleche-Brabanconne-2024-Les-engages-Axel-Laurance.png\",\"contentUrl\":\"https:\/\/dicodusport.fr\/blog\/wp-content\/uploads\/2024\/04\/Fleche-Brabanconne-2024-Les-engages-Axel-Laurance.png\",\"width\":1200,\"height\":674},{\"@type\":\"BreadcrumbList\",\"@id\":\"https:\/\/dicodusport.fr\/blog\/fleche-brabanconne-2024-les-engages\/#breadcrumb\",\"itemListElement\":[{\"@type\":\"ListItem\",\"position\":1,\"name\":\"Accueil\",\"item\":\"https:\/\/dicodusport.fr\/blog\/\"},{\"@type\":\"ListItem\",\"position\":2,\"name\":\"Fl\u00e8che Braban\u00e7onne 2024 : Les engag\u00e9s\"}]},{\"@type\":\"WebSite\",\"@id\":\"https:\/\/dicodusport.fr\/blog\/#website\",\"url\":\"https:\/\/dicodusport.fr\/blog\/\",\"name\":\"Dicodusport\",\"description\":\"L&#039;encyclop\u00e9die de l&#039;actualit\u00e9 sportive\",\"publisher\":{\"@id\":\"https:\/\/dicodusport.fr\/blog\/#organization\"},\"potentialAction\":[{\"@type\":\"SearchAction\",\"target\":{\"@type\":\"EntryPoint\",\"urlTemplate\":\"https:\/\/dicodusport.fr\/blog\/?s={search_term_string}\"},\"query-input\":{\"@type\":\"PropertyValueSpecification\",\"valueRequired\":true,\"valueName\":\"search_term_string\"}}],\"inLanguage\":\"fr-FR\"},{\"@type\":\"NewsMediaOrganization\",\"@id\":\"https:\/\/dicodusport.fr\/blog\/#organization\",\"name\":\"Dicodusport\",\"url\":\"https:\/\/dicodusport.fr\/blog\/\",\"logo\":{\"@type\":\"ImageObject\",\"inLanguage\":\"fr-FR\",\"@id\":\"https:\/\/dicodusport.fr\/blog\/#\/schema\/logo\/image\/\",\"url\":\"https:\/\/dicodusport.fr\/blog\/wp-content\/uploads\/2020\/06\/cropped-LOGO-DICODUSPORT-2020-SANS-FOND-SANS-TEXTE.png\",\"contentUrl\":\"https:\/\/dicodusport.fr\/blog\/wp-content\/uploads\/2020\/06\/cropped-LOGO-DICODUSPORT-2020-SANS-FOND-SANS-TEXTE.png\",\"width\":512,\"height\":512,\"caption\":\"Dicodusport\"},\"image\":{\"@id\":\"https:\/\/dicodusport.fr\/blog\/#\/schema\/logo\/image\/\"},\"sameAs\":[\"https:\/\/www.facebook.com\/dicodusport\",\"https:\/\/x.com\/dicodusport\",\"https:\/\/www.instagram.com\/dicodusport\/\",\"https:\/\/www.youtube.com\/channel\/UC7V2KZ5sd3htJivAbA4ZG3w\"],\"description\":\"Dicodusport est l'encyclop\u00e9die de l'actualit\u00e9 sportive.\",\"email\":\"bonjour@dicodusport.fr\",\"legalName\":\"DICODUSPORT\",\"foundingDate\":\"2018-01-14\",\"vatID\":\"FR71834470973\",\"taxID\":\"83447097300043\",\"numberOfEmployees\":{\"@type\":\"QuantitativeValue\",\"minValue\":\"1\",\"maxValue\":\"10\"}},{\"@type\":\"Person\",\"@id\":\"https:\/\/dicodusport.fr\/blog\/#\/schema\/person\/55dcb50ad410894e431ed812bbb70191\",\"name\":\"Nicolas Jacquemard\",\"image\":{\"@type\":\"ImageObject\",\"inLanguage\":\"fr-FR\",\"@id\":\"https:\/\/dicodusport.fr\/blog\/#\/schema\/person\/image\/\",\"url\":\"https:\/\/dicodusport.fr\/blog\/wp-content\/uploads\/2021\/05\/Nicolas-Jacquemard-150x150.jpeg\",\"contentUrl\":\"https:\/\/dicodusport.fr\/blog\/wp-content\/uploads\/2021\/05\/Nicolas-Jacquemard-150x150.jpeg\",\"caption\":\"Nicolas Jacquemard\"},\"description\":\"Passionn\u00e9 de sport et entrepreneur depuis mes 18 ans, la cr\u00e9ation de Dicodusport m'a sembl\u00e9 \u00e9vidente pour participer \u00e0 la m\u00e9diatisation d'un plus grand nombre de sports. Le chemin est long mais avec une \u00e9quipe des plus motiv\u00e9es et les Jeux Olympiques de Paris 2024 en point de mire, nous y arriverons ! Journaliste dans le monde du sport depuis plus de 5 ans, je traite aussi bien de football, de rugby, de biathlon que de cyclisme.\",\"sameAs\":[\"https:\/\/www.facebook.com\/dicodusport\",\"https:\/\/x.com\/https:\/\/twitter.com\/Nico_Jacquemard\"],\"url\":\"https:\/\/dicodusport.fr\/blog\/author\/dicodusport\/\"}]}<\/script>\n<!-- \/ Yoast SEO Premium plugin. -->","yoast_head_json":{"title":"Fl\u00e8che Braban\u00e7onne 2024 : Les engag\u00e9s","description":"CYCLISME SUR ROUTE 2024 - La Fl\u00e8che Braban\u00e7onne 2024 aura lieu le mercredi 10 avril. D\u00e9couvrez la liste des engag\u00e9s pour l'\u00e9preuve belge.","robots":{"index":"index","follow":"follow","max-snippet":"max-snippet:-1","max-image-preview":"max-image-preview:large","max-video-preview":"max-video-preview:-1"},"canonical":"https:\/\/dicodusport.fr\/blog\/fleche-brabanconne-2024-les-engages\/","og_locale":"fr_FR","og_type":"article","og_title":"Fl\u00e8che Braban\u00e7onne 2024 : Les engag\u00e9s","og_description":"CYCLISME SUR ROUTE 2024 - La Fl\u00e8che Braban\u00e7onne 2024 aura lieu le mercredi 10 avril. D\u00e9couvrez la liste des engag\u00e9s pour l'\u00e9preuve belge.","og_url":"https:\/\/dicodusport.fr\/blog\/fleche-brabanconne-2024-les-engages\/","og_site_name":"Dicodusport","article_publisher":"https:\/\/www.facebook.com\/dicodusport","article_author":"https:\/\/www.facebook.com\/dicodusport","article_published_time":"2024-04-08T13:41:47+00:00","article_modified_time":"2024-04-10T10:06:27+00:00","og_image":[{"width":1200,"height":674,"url":"https:\/\/dicodusport.fr\/blog\/wp-content\/uploads\/2024\/04\/Fleche-Brabanconne-2024-Les-engages-Axel-Laurance.png","type":"image\/png"}],"author":"Nicolas Jacquemard","twitter_card":"summary_large_image","twitter_title":"Fl\u00e8che Braban\u00e7onne 2024 : Les engag\u00e9s","twitter_creator":"@https:\/\/twitter.com\/Nico_Jacquemard","twitter_site":"@dicodusport","schema":{"@context":"https:\/\/schema.org","@graph":[{"@type":"NewsArticle","@id":"https:\/\/dicodusport.fr\/blog\/fleche-brabanconne-2024-les-engages\/#article","isPartOf":{"@id":"https:\/\/dicodusport.fr\/blog\/fleche-brabanconne-2024-les-engages\/"},"author":{"name":"Nicolas Jacquemard","@id":"https:\/\/dicodusport.fr\/blog\/#\/schema\/person\/55dcb50ad410894e431ed812bbb70191"},"headline":"Fl\u00e8che Braban\u00e7onne 2024 : Les engag\u00e9s","datePublished":"2024-04-08T13:41:47+00:00","dateModified":"2024-04-10T10:06:27+00:00","mainEntityOfPage":{"@id":"https:\/\/dicodusport.fr\/blog\/fleche-brabanconne-2024-les-engages\/"},"wordCount":383,"commentCount":0,"publisher":{"@id":"https:\/\/dicodusport.fr\/blog\/#organization"},"image":{"@id":"https:\/\/dicodusport.fr\/blog\/fleche-brabanconne-2024-les-engages\/#primaryimage"},"thumbnailUrl":"https:\/\/dicodusport.fr\/blog\/wp-content\/uploads\/2024\/04\/Fleche-Brabanconne-2024-Les-engages-Axel-Laurance.png","keywords":["br\u00e8ve","Cyclisme"],"articleSection":["Cyclisme sur route"],"inLanguage":"fr-FR","potentialAction":[{"@type":"CommentAction","name":"Comment","target":["https:\/\/dicodusport.fr\/blog\/fleche-brabanconne-2024-les-engages\/#respond"]}],"copyrightYear":"2024","copyrightHolder":{"@id":"https:\/\/dicodusport.fr\/blog\/#organization"}},{"@type":"WebPage","@id":"https:\/\/dicodusport.fr\/blog\/fleche-brabanconne-2024-les-engages\/","url":"https:\/\/dicodusport.fr\/blog\/fleche-brabanconne-2024-les-engages\/","name":"Fl\u00e8che Braban\u00e7onne 2024 : Les engag\u00e9s","isPartOf":{"@id":"https:\/\/dicodusport.fr\/blog\/#website"},"primaryImageOfPage":{"@id":"https:\/\/dicodusport.fr\/blog\/fleche-brabanconne-2024-les-engages\/#primaryimage"},"image":{"@id":"https:\/\/dicodusport.fr\/blog\/fleche-brabanconne-2024-les-engages\/#primaryimage"},"thumbnailUrl":"https:\/\/dicodusport.fr\/blog\/wp-content\/uploads\/2024\/04\/Fleche-Brabanconne-2024-Les-engages-Axel-Laurance.png","datePublished":"2024-04-08T13:41:47+00:00","dateModified":"2024-04-10T10:06:27+00:00","description":"CYCLISME SUR ROUTE 2024 - La Fl\u00e8che Braban\u00e7onne 2024 aura lieu le mercredi 10 avril. D\u00e9couvrez la liste des engag\u00e9s pour l'\u00e9preuve belge.","breadcrumb":{"@id":"https:\/\/dicodusport.fr\/blog\/fleche-brabanconne-2024-les-engages\/#breadcrumb"},"inLanguage":"fr-FR","potentialAction":[{"@type":"ReadAction","target":["https:\/\/dicodusport.fr\/blog\/fleche-brabanconne-2024-les-engages\/"]}]},{"@type":"ImageObject","inLanguage":"fr-FR","@id":"https:\/\/dicodusport.fr\/blog\/fleche-brabanconne-2024-les-engages\/#primaryimage","url":"https:\/\/dicodusport.fr\/blog\/wp-content\/uploads\/2024\/04\/Fleche-Brabanconne-2024-Les-engages-Axel-Laurance.png","contentUrl":"https:\/\/dicodusport.fr\/blog\/wp-content\/uploads\/2024\/04\/Fleche-Brabanconne-2024-Les-engages-Axel-Laurance.png","width":1200,"height":674},{"@type":"BreadcrumbList","@id":"https:\/\/dicodusport.fr\/blog\/fleche-brabanconne-2024-les-engages\/#breadcrumb","itemListElement":[{"@type":"ListItem","position":1,"name":"Accueil","item":"https:\/\/dicodusport.fr\/blog\/"},{"@type":"ListItem","position":2,"name":"Fl\u00e8che Braban\u00e7onne 2024 : Les engag\u00e9s"}]},{"@type":"WebSite","@id":"https:\/\/dicodusport.fr\/blog\/#website","url":"https:\/\/dicodusport.fr\/blog\/","name":"Dicodusport","description":"L&#039;encyclop\u00e9die de l&#039;actualit\u00e9 sportive","publisher":{"@id":"https:\/\/dicodusport.fr\/blog\/#organization"},"potentialAction":[{"@type":"SearchAction","target":{"@type":"EntryPoint","urlTemplate":"https:\/\/dicodusport.fr\/blog\/?s={search_term_string}"},"query-input":{"@type":"PropertyValueSpecification","valueRequired":true,"valueName":"search_term_string"}}],"inLanguage":"fr-FR"},{"@type":"NewsMediaOrganization","@id":"https:\/\/dicodusport.fr\/blog\/#organization","name":"Dicodusport","url":"https:\/\/dicodusport.fr\/blog\/","logo":{"@type":"ImageObject","inLanguage":"fr-FR","@id":"https:\/\/dicodusport.fr\/blog\/#\/schema\/logo\/image\/","url":"https:\/\/dicodusport.fr\/blog\/wp-content\/uploads\/2020\/06\/cropped-LOGO-DICODUSPORT-2020-SANS-FOND-SANS-TEXTE.png","contentUrl":"https:\/\/dicodusport.fr\/blog\/wp-content\/uploads\/2020\/06\/cropped-LOGO-DICODUSPORT-2020-SANS-FOND-SANS-TEXTE.png","width":512,"height":512,"caption":"Dicodusport"},"image":{"@id":"https:\/\/dicodusport.fr\/blog\/#\/schema\/logo\/image\/"},"sameAs":["https:\/\/www.facebook.com\/dicodusport","https:\/\/x.com\/dicodusport","https:\/\/www.instagram.com\/dicodusport\/","https:\/\/www.youtube.com\/channel\/UC7V2KZ5sd3htJivAbA4ZG3w"],"description":"Dicodusport est l'encyclop\u00e9die de l'actualit\u00e9 sportive.","email":"bonjour@dicodusport.fr","legalName":"DICODUSPORT","foundingDate":"2018-01-14","vatID":"FR71834470973","taxID":"83447097300043","numberOfEmployees":{"@type":"QuantitativeValue","minValue":"1","maxValue":"10"}},{"@type":"Person","@id":"https:\/\/dicodusport.fr\/blog\/#\/schema\/person\/55dcb50ad410894e431ed812bbb70191","name":"Nicolas Jacquemard","image":{"@type":"ImageObject","inLanguage":"fr-FR","@id":"https:\/\/dicodusport.fr\/blog\/#\/schema\/person\/image\/","url":"https:\/\/dicodusport.fr\/blog\/wp-content\/uploads\/2021\/05\/Nicolas-Jacquemard-150x150.jpeg","contentUrl":"https:\/\/dicodusport.fr\/blog\/wp-content\/uploads\/2021\/05\/Nicolas-Jacquemard-150x150.jpeg","caption":"Nicolas Jacquemard"},"description":"Passionn\u00e9 de sport et entrepreneur depuis mes 18 ans, la cr\u00e9ation de Dicodusport m'a sembl\u00e9 \u00e9vidente pour participer \u00e0 la m\u00e9diatisation d'un plus grand nombre de sports. Le chemin est long mais avec une \u00e9quipe des plus motiv\u00e9es et les Jeux Olympiques de Paris 2024 en point de mire, nous y arriverons ! Journaliste dans le monde du sport depuis plus de 5 ans, je traite aussi bien de football, de rugby, de biathlon que de cyclisme.","sameAs":["https:\/\/www.facebook.com\/dicodusport","https:\/\/x.com\/https:\/\/twitter.com\/Nico_Jacquemard"],"url":"https:\/\/dicodusport.fr\/blog\/author\/dicodusport\/"}]}},"_links":{"self":[{"href":"https:\/\/dicodusport.fr\/blog\/wp-json\/wp\/v2\/posts\/477718","targetHints":{"allow":["GET"]}}],"collection":[{"href":"https:\/\/dicodusport.fr\/blog\/wp-json\/wp\/v2\/posts"}],"about":[{"href":"https:\/\/dicodusport.fr\/blog\/wp-json\/wp\/v2\/types\/post"}],"author":[{"embeddable":true,"href":"https:\/\/dicodusport.fr\/blog\/wp-json\/wp\/v2\/users\/1"}],"replies":[{"embeddable":true,"href":"https:\/\/dicodusport.fr\/blog\/wp-json\/wp\/v2\/comments?post=477718"}],"version-history":[{"count":4,"href":"https:\/\/dicodusport.fr\/blog\/wp-json\/wp\/v2\/posts\/477718\/revisions"}],"predecessor-version":[{"id":477984,"href":"https:\/\/dicodusport.fr\/blog\/wp-json\/wp\/v2\/posts\/477718\/revisions\/477984"}],"wp:featuredmedia":[{"embeddable":true,"href":"https:\/\/dicodusport.fr\/blog\/wp-json\/wp\/v2\/media\/477719"}],"wp:attachment":[{"href":"https:\/\/dicodusport.fr\/blog\/wp-json\/wp\/v2\/media?parent=477718"}],"wp:term":[{"taxonomy":"category","embeddable":true,"href":"https:\/\/dicodusport.fr\/blog\/wp-json\/wp\/v2\/categories?post=477718"},{"taxonomy":"post_tag","embeddable":true,"href":"https:\/\/dicodusport.fr\/blog\/wp-json\/wp\/v2\/tags?post=477718"}],"curies":[{"name":"wp","href":"https:\/\/api.w.org\/{rel}","templated":true}]}}