{"id":477770,"date":"2024-04-28T16:54:28","date_gmt":"2024-04-28T14:54:28","guid":{"rendered":"https:\/\/dicodusport.fr\/blog\/?p=477770&#038;preview=true&#038;preview_id=477770"},"modified":"2024-12-27T00:43:03","modified_gmt":"2024-12-26T23:43:03","slug":"programme-et-resultats-championnats-deurope-de-judo-2024","status":"publish","type":"post","link":"https:\/\/dicodusport.fr\/blog\/programme-et-resultats-championnats-deurope-de-judo-2024\/","title":{"rendered":"Programme et r\u00e9sultats Championnats d&rsquo;Europe de judo 2024"},"content":{"rendered":"<p style=\"text-align: justify;\"><strong><em>JUDO &#8211; Les Championnats d&rsquo;Europe se d\u00e9roulent du 25 au 28 avril \u00e0 Zagreb (Croatie). Voici le programme et les r\u00e9sultats.<br \/>\n<\/em><\/strong><\/p>\n<ul>\n<li style=\"text-align: justify;\"><strong>\u00c0 lire aussi &#8211; <a title=\"Judo Championnats d\u2019Europe 2024 : La s\u00e9lection fran\u00e7aise\" href=\"https:\/\/dicodusport.fr\/blog\/judo-championnats-deurope-2024-la-selection-francaise\/\" target=\"_blank\" rel=\"noopener\">Championnats d\u2019Europe de judo : La s\u00e9lection fran\u00e7aise<\/a><\/strong><\/li>\n<li><strong>\u00c0 lire aussi &#8211;\u00a0<a title=\"Judo : Non s\u00e9lectionn\u00e9s pour les JO, ces Fran\u00e7ais ont l\u2019occasion de briller aux championnats d\u2019Europe\" href=\"https:\/\/dicodusport.fr\/blog\/judo-non-selectionnes-pour-les-jo-ces-francais-ont-loccasion-de-briller-aux-championnats-deurope\/\" target=\"_blank\" rel=\"noopener\">Judo : Non s\u00e9lectionn\u00e9s pour les JO, ces Fran\u00e7ais ont l\u2019occasion de briller<\/a><\/strong><\/li>\n<\/ul>\n<h3>Jeudi 25 avril<\/h3>\n<p><strong>10h30 : \u00e9liminatoires<\/strong><br \/>\n<strong>17h : finales\u00a0<\/strong><\/p>\n<p><strong>Femmes<\/strong><br \/>\n<a href=\"https:\/\/judobase.ijf.org\/#\/competition\/profile\/2673\/contest_sheets\/8\">-48 kg<\/a>, <a href=\"https:\/\/judobase.ijf.org\/#\/competition\/profile\/2673\/contest_sheets\/9\">-52 kg<\/a>, <a href=\"https:\/\/judobase.ijf.org\/#\/competition\/profile\/2673\/contest_sheets\/10\">-57 kg<\/a><\/p>\n<p><strong>Hommes<\/strong><br \/>\n<a href=\"https:\/\/judobase.ijf.org\/#\/competition\/profile\/2673\/contest_sheets\/1\">-60 kg<\/a>, <a href=\"https:\/\/judobase.ijf.org\/#\/competition\/profile\/2673\/contest_sheets\/2\">-66 kg<\/a><\/p>\n<hr \/>\n<h3 style=\"text-align: justify;\">Vendredi 26 avril<\/h3>\n<p style=\"text-align: justify;\"><strong>10h : \u00e9liminatoires<\/strong><br \/>\n<strong>16h30 : finales\u00a0<\/strong><\/p>\n<p style=\"text-align: justify;\"><strong>Femmes<\/strong><br \/>\n<a href=\"https:\/\/judobase.ijf.org\/#\/competition\/profile\/2673\/contest_sheets\/11\">-63 kg<\/a>, <a href=\"https:\/\/judobase.ijf.org\/#\/competition\/profile\/2673\/contest_sheets\/12\">-70 kg<\/a><\/p>\n<p style=\"text-align: justify;\"><strong>Hommes<\/strong><br \/>\n<a href=\"https:\/\/judobase.ijf.org\/#\/competition\/profile\/2673\/contest_sheets\/3\">-73 kg<\/a>, <a href=\"https:\/\/judobase.ijf.org\/#\/competition\/profile\/2673\/contest_sheets\/4\">-81 kg<\/a><\/p>\n<hr \/>\n<h3 style=\"text-align: justify;\">Samedi 27 avril<\/h3>\n<p style=\"text-align: justify;\"><strong>10h30 : \u00e9liminatoires<\/strong><br \/>\n<strong>17h : finales<\/strong><\/p>\n<p style=\"text-align: justify;\"><strong>Femmes<\/strong><br \/>\n<a href=\"https:\/\/judobase.ijf.org\/#\/competition\/profile\/2673\/contest_sheets\/13\">-78 kg<\/a>, <a href=\"https:\/\/judobase.ijf.org\/#\/competition\/profile\/2673\/contest_sheets\/14\">+78 kg<\/a><\/p>\n<p style=\"text-align: justify;\"><strong>Hommes<\/strong><br \/>\n<a href=\"https:\/\/judobase.ijf.org\/#\/competition\/profile\/2673\/contest_sheets\/5\">-90 kg<\/a>, <a href=\"https:\/\/judobase.ijf.org\/#\/competition\/profile\/2673\/contest_sheets\/6\">-100 kg<\/a>, <a href=\"https:\/\/judobase.ijf.org\/#\/competition\/profile\/2673\/contest_sheets\/7\">+100 kg<\/a><\/p>\n<hr \/>\n<h3 style=\"text-align: justify;\">Dimanche 28 avril : comp\u00e9tition par \u00e9quipes<\/h3>\n<p style=\"text-align: justify;\"><strong>10h30 : \u00e9liminatoires<\/strong><br \/>\n<strong>15h : finales<\/strong><\/p>\n<p><strong><a href=\"https:\/\/dicodusport.fr\/blog\/wp-content\/uploads\/2024\/04\/Tableau-Championnats-dEurope-par-equipes-judo-2024.png\" target=\"_blank\" rel=\"noopener\">Le tableau<\/a><br \/>\n<\/strong><\/p>\n<p>&nbsp;<\/p>\n<p style=\"text-align: justify;\">Les phases \u00e9liminatoires sont \u00e0 suivre sur Judo TV (compte payant en France).<\/p>\n<p style=\"text-align: justify;\">Les finales sont \u00e0 suivre en int\u00e9gralit\u00e9 sur <a href=\"https:\/\/www.lequipe.fr\/tv\/\" target=\"_blank\" rel=\"noopener\">L&rsquo;\u00c9quipe live<\/a> et sur La Cha\u00eene L&rsquo;\u00c9quipe \u00e0 partir de 17h35 jeudi et vendredi et 17h dimanche.<\/p>\n<hr \/>\n<h2>Les podiums<\/h2>\n<h3 style=\"text-align: justify;\">Femmes<\/h3>\n<div class=\"su-table su-table-alternate\">\n<table style=\"width: 800px;border-collapse: collapse\">\n<tbody>\n<tr>\n<td style=\"text-align: center;width: 200px;vertical-align: middle\"><strong>\u00c9preuves<\/strong><\/td>\n<td style=\"background-color: #fff242;text-align: center;width: 200px;vertical-align: middle\"><strong>\ud83e\udd47 Or<\/strong><\/td>\n<td style=\"background-color: #a8a8a8;text-align: center;width: 200px;vertical-align: middle\"><strong>\ud83e\udd48 Argent<\/strong><\/td>\n<td style=\"background-color: #c97159;text-align: center;width: 200px;vertical-align: middle\"><strong>\ud83e\udd49 Bronze<\/strong><\/td>\n<\/tr>\n<tr>\n<td style=\"text-align: center;width: 200px;vertical-align: middle\"><strong>-48 kg<\/strong><\/td>\n<td style=\"text-align: center;width: 200px;vertical-align: middle\"><strong>Kristina Dudina<\/strong><\/td>\n<td style=\"text-align: center;width: 200px;vertical-align: middle\">\ud83c\uddeb\ud83c\uddf7 <a title=\"Judo : Blandine Pont battue en finale des Championnats d\u2019Europe chez les -48 kg\" href=\"https:\/\/dicodusport.fr\/blog\/judo-blandine-pont-battue-en-finale-des-championnats-deurope-chez-les-48-kg\/\" target=\"_blank\" rel=\"noopener\">Blandine Pont<\/a><\/td>\n<td style=\"text-align: center;width: 200px;vertical-align: middle\">\ud83c\uddee\ud83c\uddf1 Tamar Malca<br \/>\n\ud83c\uddf5\ud83c\uddf9 Catarina Costa<\/td>\n<\/tr>\n<tr>\n<td style=\"text-align: center;width: 200px;vertical-align: middle\"><strong>-52 kg<\/strong><\/td>\n<td style=\"text-align: center;width: 200px;vertical-align: middle\">\ud83c\uddfd\ud83c\uddf0<strong>\u00a0Distria Krasniqi<\/strong><\/td>\n<td style=\"text-align: center;width: 200px;vertical-align: middle\"><strong>\ud83c\uddee\ud83c\uddf9<\/strong> Odette Giuffrida<\/td>\n<td style=\"text-align: center;width: 200px;vertical-align: middle\">\ud83c\udded\ud83c\uddfa Reka Pupp<br \/>\n\ud83c\uddea\ud83c\uddf8 Ariane Toro Soler<\/td>\n<\/tr>\n<tr>\n<td style=\"text-align: center;width: 200px;vertical-align: middle\"><strong>-57 kg<\/strong><\/td>\n<td style=\"text-align: center;width: 200px;vertical-align: middle\">\ud83c\uddfa\ud83c\udde6 <strong>Daria Bilodid<\/strong><\/td>\n<td style=\"text-align: center;width: 200px;vertical-align: middle\">\ud83c\uddf8\ud83c\uddee Kaja Kajzer<\/td>\n<td style=\"text-align: center;width: 200px;vertical-align: middle\">\ud83c\uddee\ud83c\uddf1 Timna Nelson Levy<br \/>\n\ud83c\uddec\ud83c\uddea Eteri Liparteliani<\/td>\n<\/tr>\n<tr>\n<td style=\"text-align: center;width: 200px;vertical-align: middle\"><strong>-63 kg<\/strong><\/td>\n<td style=\"text-align: center;width: 200px;vertical-align: middle\">\ud83c\udde8\ud83c\uddff <strong>Renata Zachova<\/strong><\/td>\n<td style=\"text-align: center;width: 200px;vertical-align: middle\">\ud83c\uddf3\ud83c\uddf1 Joanne van Lieshout<\/td>\n<td style=\"text-align: center;width: 200px;vertical-align: middle\">\ud83c\uddee\ud83c\uddf9 Savita Russo<br \/>\n\ud83c\uddf8\ud83c\uddee Andreja Leski<\/td>\n<\/tr>\n<tr>\n<td style=\"text-align: center;width: 200px;vertical-align: middle\"><strong>-70 kg<\/strong><\/td>\n<td style=\"text-align: center;width: 200px;vertical-align: middle\">\ud83c\udded\ud83c\uddf7 <strong>Barbara Matic<\/strong><\/td>\n<td style=\"text-align: center;width: 200px;vertical-align: middle\">\ud83c\uddec\ud83c\uddf7 Elisavet Teltsidou<\/td>\n<td style=\"text-align: center;width: 200px;vertical-align: middle\">\ud83c\udded\ud83c\uddf7 Lara Cvjetko<br \/>\n\ud83c\uddea\ud83c\uddf8 Ai Tsunoda Roustant<\/td>\n<\/tr>\n<tr>\n<td style=\"text-align: center;width: 200px;vertical-align: middle\"><strong>-78 kg<\/strong><\/td>\n<td style=\"text-align: center;width: 200px;vertical-align: middle\"><strong>\ud83c\uddeb\ud83c\uddf7 <a href=\"https:\/\/dicodusport.fr\/blog\/judo-audrey-tcheumeo-championne-deurope-pour-la-5e-fois\/\" target=\"_blank\" rel=\"noopener\">Audrey Tcheum\u00e9o<\/a><\/strong><\/td>\n<td style=\"text-align: center;width: 200px;vertical-align: middle\">\ud83c\udde9\ud83c\uddea Anna-Maria Wagner<\/td>\n<td style=\"text-align: center;width: 200px;vertical-align: middle\">\ud83c\udde9\ud83c\uddea Alina Boehm<br \/>\n\ud83c\uddee\ud83c\uddf1 Inbar Lanir<\/td>\n<\/tr>\n<tr>\n<td style=\"text-align: center;width: 200px;vertical-align: middle\"><strong>+78 kg<\/strong><\/td>\n<td style=\"text-align: center;width: 200px;vertical-align: middle\">\ud83c\uddee\ud83c\uddf1 <strong>Raz Hershko<\/strong><strong><br \/>\n<\/strong><\/td>\n<td style=\"text-align: center;width: 200px;vertical-align: middle\">\ud83c\uddeb\ud83c\uddf7 <a title=\"Judo : Julia Tolofua vice-championne d\u2019Europe, L\u00e9a Fontaine en bronze\" href=\"https:\/\/dicodusport.fr\/blog\/judo-julia-tolofua-vice-championne-deurope-lea-fontaine-en-bronze\/\" target=\"_blank\" rel=\"noopener\">Julia Tolofua<\/a><\/td>\n<td style=\"text-align: center;width: 200px;vertical-align: middle\"><strong>\ud83c\uddeb\ud83c\uddf7<\/strong> <a href=\"https:\/\/dicodusport.fr\/blog\/judo-julia-tolofua-vice-championne-deurope-lea-fontaine-en-bronze\/\" target=\"_blank\" rel=\"noopener\">L\u00e9a Fontaine<\/a><br \/>\n\ud83c\uddf9\ud83c\uddf7 Kayra Ozdemir<\/td>\n<\/tr>\n<\/tbody>\n<\/table>\n<\/div>\n<h3 style=\"text-align: justify;\">Hommes<\/h3>\n<div class=\"su-table su-table-alternate\">\n<table style=\"width: 800px;border-collapse: collapse\">\n<tbody>\n<tr>\n<td style=\"text-align: center;width: 200px;vertical-align: middle\"><strong>\u00c9preuves<\/strong><\/td>\n<td style=\"background-color: #fff242;text-align: center;width: 200px;vertical-align: middle\"><strong>\ud83e\udd47 Or<\/strong><\/td>\n<td style=\"background-color: #a8a8a8;text-align: center;width: 200px;vertical-align: middle\"><strong>\ud83e\udd48 Argent<\/strong><\/td>\n<td style=\"background-color: #c97159;text-align: center;width: 200px;vertical-align: middle\"><strong>\ud83e\udd49 Bronze<\/strong><\/td>\n<\/tr>\n<tr>\n<td style=\"text-align: center;width: 200px;vertical-align: middle\"><strong>-60 kg<\/strong><\/td>\n<td style=\"text-align: center;width: 200px;vertical-align: middle\">\ud83c\uddea\ud83c\uddf8 <strong>Francisco Garrigos<\/strong><\/td>\n<td style=\"text-align: center;width: 200px;vertical-align: middle\">\ud83c\udde6\ud83c\uddff Balabay Aghayev<\/td>\n<td style=\"text-align: center;width: 200px;vertical-align: middle\">\ud83c\uddeb\ud83c\uddf7 <a title=\"Judo : C\u00e9dric Revol en bronze aux Championnats d\u2019Europe chez les -60 kg\" href=\"https:\/\/dicodusport.fr\/blog\/judo-cedric-revol-en-bronze-aux-championnats-deurope-chez-les-60-kg\/\" target=\"_blank\" rel=\"noopener\">C\u00e9dric Revol<\/a><br \/>\n\ud83c\uddf9\ud83c\uddf7 Salih Yildiz<\/td>\n<\/tr>\n<tr>\n<td style=\"text-align: center;width: 200px;vertical-align: middle\"><strong>-66 kg<\/strong><\/td>\n<td style=\"text-align: center;width: 200px;vertical-align: middle\">\ud83c\uddec\ud83c\uddea <strong>Vazha Margvelashvili<\/strong><\/td>\n<td style=\"text-align: center;width: 200px;vertical-align: middle\">\ud83c\uddf9\ud83c\uddf7 Muhammed Demirel<\/td>\n<td style=\"text-align: center;width: 200px;vertical-align: middle\">\ud83c\udded\ud83c\uddfa Bence Pongracz<br \/>\n\ud83c\uddee\ud83c\uddf9 Elios Manzi<\/td>\n<\/tr>\n<tr>\n<td style=\"text-align: center;width: 200px;vertical-align: middle\"><strong>-73 kg<\/strong><\/td>\n<td style=\"text-align: center;width: 200px;vertical-align: middle\">\ud83c\udde6\ud83c\uddff <strong>Hildayat Heydarov<\/strong><\/td>\n<td style=\"text-align: center;width: 200px;vertical-align: middle\">Danil Lavrentev<\/td>\n<td style=\"text-align: center;width: 200px;vertical-align: middle\">\ud83c\uddeb\ud83c\uddf7 <a title=\"Judo : Joan-Benjamin Gaba (-73 kg) en bronze aux Championnats d\u2019Europe\" href=\"https:\/\/dicodusport.fr\/blog\/judo-joan-benjamin-gaba-73-kg-en-bronze-aux-championnats-deurope\/\" target=\"_blank\" rel=\"noopener\">Joan-Benjamin Gaba<\/a><br \/>\n\ud83c\uddec\ud83c\uddea Lasha Shavdatuashvili<\/td>\n<\/tr>\n<tr>\n<td style=\"text-align: center;width: 200px;vertical-align: middle\"><strong>-81 kg<\/strong><\/td>\n<td style=\"text-align: center;width: 200px;vertical-align: middle\">\ud83c\uddec\ud83c\uddea <strong>Tato Grigalashvili<\/strong><\/td>\n<td style=\"text-align: center;width: 200px;vertical-align: middle\">\ud83c\uddf3\ud83c\uddf1 Frank de Wit<\/td>\n<td style=\"text-align: center;width: 200px;vertical-align: middle\">\ud83c\uddf9\ud83c\uddf7 Vedat Albayrak<br \/>\n\ud83c\udde6\ud83c\uddf9 Shamil Borchashvili<\/td>\n<\/tr>\n<tr>\n<td style=\"text-align: center;width: 200px;vertical-align: middle\"><strong>-90 kg<\/strong><\/td>\n<td style=\"text-align: center;width: 200px;vertical-align: middle\">\ud83c\udde6\ud83c\uddff <strong>Eljan Hajiyev<\/strong><\/td>\n<td style=\"text-align: center;width: 200px;vertical-align: middle\">\ud83c\udded\ud83c\uddfa Krisztian Toth<\/td>\n<td style=\"text-align: center;width: 200px;vertical-align: middle\">\ud83c\uddec\ud83c\uddea Lasha Bekauri<br \/>\n\ud83c\uddf7\ud83c\uddf4 Alex Cret<\/td>\n<\/tr>\n<tr>\n<td style=\"text-align: center;width: 200px;vertical-align: middle\"><strong>-100 kg<\/strong><\/td>\n<td style=\"text-align: center;width: 200px;vertical-align: middle\"><strong>Matvey Kanikovskiy<\/strong><\/td>\n<td style=\"text-align: center;width: 200px;vertical-align: middle\">\ud83c\uddec\ud83c\uddea Ilia Sulamanidze<\/td>\n<td style=\"text-align: center;width: 200px;vertical-align: middle\">\ud83c\uddf3\ud83c\uddf1 Michael Korrel<br \/>\n\ud83c\uddee\ud83c\uddf9 Gennaro Pirelli<\/td>\n<\/tr>\n<tr>\n<td style=\"text-align: center;width: 200px;vertical-align: middle\"><strong>+100 kg<\/strong><\/td>\n<td style=\"text-align: center;width: 200px;vertical-align: middle\"><strong>Inal Tasoev<\/strong><\/td>\n<td style=\"text-align: center;width: 200px;vertical-align: middle\">\ud83c\uddec\ud83c\uddea Guram Tushisshvili<\/td>\n<td style=\"text-align: center;width: 200px;vertical-align: middle\">Tamerlan Bashaev<br \/>\n\ud83c\uddf8\ud83c\uddf0 Marius Fizel<\/td>\n<\/tr>\n<\/tbody>\n<\/table>\n<\/div>\n<h3>Par \u00e9quipes<\/h3>\n<p><span style=\"font-size: 16px;\"><div class=\"su-table su-table-alternate\"><\/span><\/p>\n<table style=\"width: 801px;border-collapse: collapse\">\n<tbody>\n<tr>\n<td style=\"background-color: #fff242;text-align: center;width: 267px;vertical-align: middle\"><span style=\"font-size: 16px\"><strong>\ud83e\udd47 Or<\/strong><\/span><\/td>\n<td style=\"background-color: #a8a8a8;text-align: center;width: 267px;vertical-align: middle\"><span style=\"font-size: 16px\"><strong>\ud83e\udd48 Argent<\/strong><\/span><\/td>\n<td style=\"background-color: #c97159;text-align: center;width: 267px;vertical-align: middle\"><span style=\"font-size: 16px\"><strong>\ud83e\udd49 Bronze<\/strong><\/span><\/td>\n<\/tr>\n<tr>\n<td style=\"text-align: center;width: 267px;vertical-align: top\">\ud83c\uddeb\ud83c\uddf7 <a title=\"Championnats d\u2019Europe Judo 2024 : L\u2019\u00e9quipe de France r\u00e9cup\u00e8re son titre par \u00e9quipes !\" href=\"https:\/\/dicodusport.fr\/blog\/championnats-deurope-judo-2024-lequipe-de-france-recupere-son-titre-par-equipes\/\" target=\"_blank\" rel=\"noopener\"><strong>France<\/strong><\/a><br \/>\n<span style=\"font-size: 12px\">Priscilla Gneto<\/span><br \/>\n<span style=\"font-size: 12px\">Fa\u00efza Mokdar<\/span><br \/>\n<span style=\"font-size: 12px\">Margaux Pinot<\/span><br \/>\n<span style=\"font-size: 12px\">L\u00e9a Fontaine<\/span><br \/>\n<span style=\"font-size: 12px\">Joan-Benjamin Gaba<\/span><br \/>\n<span style=\"font-size: 12px\">Alexis Mathieu<\/span><br \/>\n<span style=\"font-size: 12px\">Khamzat Saparbaev<\/span><br \/>\n<span style=\"font-size: 12px\">Math\u00e9o Akiana Mongo<\/span><\/td>\n<td style=\"text-align: center;width: 267px;vertical-align: top\">\ud83c\uddec\ud83c\uddea G\u00e9orgie<br \/>\n<span style=\"font-size: 12px\">Eteri Liparteliani<\/span><br \/>\n<span style=\"font-size: 12px\">Mariam Tchanturia<\/span><br \/>\n<span style=\"font-size: 12px\">Sophio Somkhishvili<\/span><br \/>\n<span style=\"font-size: 12px\">Lasha Shavdatuashvili<\/span><br \/>\n<span style=\"font-size: 12px\">Lasha Bekauri<\/span><br \/>\n<span style=\"font-size: 12px\">Guram Tushishvili<\/span><\/td>\n<td style=\"text-align: center;width: 267px;vertical-align: top\"><span style=\"font-size: 16px\">\ud83c\uddf7\ud83c\uddf8 Serbie<\/span><br \/>\n<span style=\"font-size: 12px\">Marica Perisic<\/span><br \/>\n<span style=\"font-size: 12px\">Jovana Cakarevic<\/span><br \/>\n<span style=\"font-size: 12px\">Jovana Buncic<\/span><br \/>\n<span style=\"font-size: 12px\">Milica Zabic<\/span><br \/>\n<span style=\"font-size: 12px\">Strahinja Buncic<\/span><br \/>\n<span style=\"font-size: 12px\">Filip Jovanovic<\/span><br \/>\n<span style=\"font-size: 12px\">Darko Brasnjovic<\/span><br \/>\n<span style=\"font-size: 12px\">Bojan Dosen<\/span><\/p>\n<hr \/>\n<p><span style=\"font-size: 16px\">\ud83c\udde9\ud83c\uddea Allemagne<\/span><br \/>\n<span style=\"font-size: 12px\">Jana Ziegler<\/span><br \/>\n<span style=\"font-size: 12px\">Samira Bock<\/span><br \/>\n<span style=\"font-size: 12px\">Anna Monta Olek<\/span><br \/>\n<span style=\"font-size: 12px\">Jano Ruebo<\/span><br \/>\n<span style=\"font-size: 12px\">Johann Lenz<\/span><br \/>\n<span style=\"font-size: 12px\">Johannes Frey<\/span><\/td>\n<\/tr>\n<\/tbody>\n<\/table>\n<p><span style=\"font-size: 16px\"><\/div><\/span><\/p>\n<p>&nbsp;<\/p>\n","protected":false},"excerpt":{"rendered":"<p>JUDO &#8211; Les Championnats d&rsquo;Europe se d\u00e9roulent du 25 au 28 avril \u00e0 Zagreb (Croatie). Voici le programme et les r\u00e9sultats.<\/p>\n","protected":false},"author":12,"featured_media":481089,"comment_status":"open","ping_status":"closed","sticky":false,"template":"","format":"standard","meta":{"_acf_changed":false,"_daextam_enable_autolinks":"1","footnotes":""},"categories":[8651],"tags":[16878,68],"class_list":["post-477770","post","type-post","status-publish","format-standard","has-post-thumbnail","hentry","category-judo","tag-breve","tag-judo"],"acf":[],"yoast_head":"<!-- This site is optimized with the Yoast SEO Premium plugin v26.7 (Yoast SEO v26.7) - https:\/\/yoast.com\/wordpress\/plugins\/seo\/ -->\n<title>Programme et r\u00e9sultats Championnats d&#039;Europe de judo 2024<\/title>\n<meta name=\"description\" content=\"JUDO - Les Championnats d&#039;Europe se d\u00e9roulent du 25 au 28 avril \u00e0 Zagreb (Croatie). Voici le programme et les r\u00e9sultats.\" \/>\n<meta name=\"robots\" content=\"index, follow, max-snippet:-1, max-image-preview:large, max-video-preview:-1\" \/>\n<link rel=\"canonical\" href=\"https:\/\/dicodusport.fr\/blog\/programme-et-resultats-championnats-deurope-de-judo-2024\/\" \/>\n<meta property=\"og:locale\" content=\"fr_FR\" \/>\n<meta property=\"og:type\" content=\"article\" \/>\n<meta property=\"og:title\" content=\"Programme et r\u00e9sultats Championnats d&#039;Europe de judo 2024\" \/>\n<meta property=\"og:description\" content=\"JUDO - Les Championnats d&#039;Europe se d\u00e9roulent du 25 au 28 avril \u00e0 Zagreb (Croatie). Voici le programme et les r\u00e9sultats.\" \/>\n<meta property=\"og:url\" content=\"https:\/\/dicodusport.fr\/blog\/programme-et-resultats-championnats-deurope-de-judo-2024\/\" \/>\n<meta property=\"og:site_name\" content=\"Dicodusport\" \/>\n<meta property=\"article:publisher\" content=\"https:\/\/www.facebook.com\/dicodusport\" \/>\n<meta property=\"article:published_time\" content=\"2024-04-28T14:54:28+00:00\" \/>\n<meta property=\"article:modified_time\" content=\"2024-12-26T23:43:03+00:00\" \/>\n<meta property=\"og:image\" content=\"https:\/\/dicodusport.fr\/blog\/wp-content\/uploads\/2024\/04\/Programme-et-resultats-Championnats-dEurope-de-judo-2024.png\" \/>\n\t<meta property=\"og:image:width\" content=\"1200\" \/>\n\t<meta property=\"og:image:height\" content=\"674\" \/>\n\t<meta property=\"og:image:type\" content=\"image\/png\" \/>\n<meta name=\"author\" content=\"Arlette Yeye\" \/>\n<meta name=\"twitter:card\" content=\"summary_large_image\" \/>\n<meta name=\"twitter:title\" content=\"Programme et r\u00e9sultats Championnats d&#039;Europe de judo 2024\" \/>\n<meta name=\"twitter:creator\" content=\"@https:\/\/twitter.com\/Shiclette94\" \/>\n<meta name=\"twitter:site\" content=\"@dicodusport\" \/>\n<script type=\"application\/ld+json\" class=\"yoast-schema-graph\">{\"@context\":\"https:\/\/schema.org\",\"@graph\":[{\"@type\":\"NewsArticle\",\"@id\":\"https:\/\/dicodusport.fr\/blog\/programme-et-resultats-championnats-deurope-de-judo-2024\/#article\",\"isPartOf\":{\"@id\":\"https:\/\/dicodusport.fr\/blog\/programme-et-resultats-championnats-deurope-de-judo-2024\/\"},\"author\":{\"name\":\"Arlette Yeye\",\"@id\":\"https:\/\/dicodusport.fr\/blog\/#\/schema\/person\/cce96fa88785bd8573e3d43078ac8c79\"},\"headline\":\"Programme et r\u00e9sultats Championnats d&rsquo;Europe de judo 2024\",\"datePublished\":\"2024-04-28T14:54:28+00:00\",\"dateModified\":\"2024-12-26T23:43:03+00:00\",\"mainEntityOfPage\":{\"@id\":\"https:\/\/dicodusport.fr\/blog\/programme-et-resultats-championnats-deurope-de-judo-2024\/\"},\"wordCount\":406,\"commentCount\":0,\"publisher\":{\"@id\":\"https:\/\/dicodusport.fr\/blog\/#organization\"},\"image\":{\"@id\":\"https:\/\/dicodusport.fr\/blog\/programme-et-resultats-championnats-deurope-de-judo-2024\/#primaryimage\"},\"thumbnailUrl\":\"https:\/\/dicodusport.fr\/blog\/wp-content\/uploads\/2024\/04\/Programme-et-resultats-Championnats-dEurope-de-judo-2024.png\",\"keywords\":[\"br\u00e8ve\",\"Judo\"],\"articleSection\":[\"Judo\"],\"inLanguage\":\"fr-FR\",\"potentialAction\":[{\"@type\":\"CommentAction\",\"name\":\"Comment\",\"target\":[\"https:\/\/dicodusport.fr\/blog\/programme-et-resultats-championnats-deurope-de-judo-2024\/#respond\"]}],\"copyrightYear\":\"2024\",\"copyrightHolder\":{\"@id\":\"https:\/\/dicodusport.fr\/blog\/#organization\"}},{\"@type\":\"WebPage\",\"@id\":\"https:\/\/dicodusport.fr\/blog\/programme-et-resultats-championnats-deurope-de-judo-2024\/\",\"url\":\"https:\/\/dicodusport.fr\/blog\/programme-et-resultats-championnats-deurope-de-judo-2024\/\",\"name\":\"Programme et r\u00e9sultats Championnats d'Europe de judo 2024\",\"isPartOf\":{\"@id\":\"https:\/\/dicodusport.fr\/blog\/#website\"},\"primaryImageOfPage\":{\"@id\":\"https:\/\/dicodusport.fr\/blog\/programme-et-resultats-championnats-deurope-de-judo-2024\/#primaryimage\"},\"image\":{\"@id\":\"https:\/\/dicodusport.fr\/blog\/programme-et-resultats-championnats-deurope-de-judo-2024\/#primaryimage\"},\"thumbnailUrl\":\"https:\/\/dicodusport.fr\/blog\/wp-content\/uploads\/2024\/04\/Programme-et-resultats-Championnats-dEurope-de-judo-2024.png\",\"datePublished\":\"2024-04-28T14:54:28+00:00\",\"dateModified\":\"2024-12-26T23:43:03+00:00\",\"description\":\"JUDO - Les Championnats d'Europe se d\u00e9roulent du 25 au 28 avril \u00e0 Zagreb (Croatie). Voici le programme et les r\u00e9sultats.\",\"breadcrumb\":{\"@id\":\"https:\/\/dicodusport.fr\/blog\/programme-et-resultats-championnats-deurope-de-judo-2024\/#breadcrumb\"},\"inLanguage\":\"fr-FR\",\"potentialAction\":[{\"@type\":\"ReadAction\",\"target\":[\"https:\/\/dicodusport.fr\/blog\/programme-et-resultats-championnats-deurope-de-judo-2024\/\"]}]},{\"@type\":\"ImageObject\",\"inLanguage\":\"fr-FR\",\"@id\":\"https:\/\/dicodusport.fr\/blog\/programme-et-resultats-championnats-deurope-de-judo-2024\/#primaryimage\",\"url\":\"https:\/\/dicodusport.fr\/blog\/wp-content\/uploads\/2024\/04\/Programme-et-resultats-Championnats-dEurope-de-judo-2024.png\",\"contentUrl\":\"https:\/\/dicodusport.fr\/blog\/wp-content\/uploads\/2024\/04\/Programme-et-resultats-Championnats-dEurope-de-judo-2024.png\",\"width\":1200,\"height\":674,\"caption\":\"Programme et r\u00e9sultats Championnats d'Europe de judo 2024\"},{\"@type\":\"BreadcrumbList\",\"@id\":\"https:\/\/dicodusport.fr\/blog\/programme-et-resultats-championnats-deurope-de-judo-2024\/#breadcrumb\",\"itemListElement\":[{\"@type\":\"ListItem\",\"position\":1,\"name\":\"Accueil\",\"item\":\"https:\/\/dicodusport.fr\/blog\/\"},{\"@type\":\"ListItem\",\"position\":2,\"name\":\"Programme et r\u00e9sultats Championnats d&#8217;Europe de judo 2024\"}]},{\"@type\":\"WebSite\",\"@id\":\"https:\/\/dicodusport.fr\/blog\/#website\",\"url\":\"https:\/\/dicodusport.fr\/blog\/\",\"name\":\"Dicodusport\",\"description\":\"L&#039;encyclop\u00e9die de l&#039;actualit\u00e9 sportive\",\"publisher\":{\"@id\":\"https:\/\/dicodusport.fr\/blog\/#organization\"},\"potentialAction\":[{\"@type\":\"SearchAction\",\"target\":{\"@type\":\"EntryPoint\",\"urlTemplate\":\"https:\/\/dicodusport.fr\/blog\/?s={search_term_string}\"},\"query-input\":{\"@type\":\"PropertyValueSpecification\",\"valueRequired\":true,\"valueName\":\"search_term_string\"}}],\"inLanguage\":\"fr-FR\"},{\"@type\":\"NewsMediaOrganization\",\"@id\":\"https:\/\/dicodusport.fr\/blog\/#organization\",\"name\":\"Dicodusport\",\"url\":\"https:\/\/dicodusport.fr\/blog\/\",\"logo\":{\"@type\":\"ImageObject\",\"inLanguage\":\"fr-FR\",\"@id\":\"https:\/\/dicodusport.fr\/blog\/#\/schema\/logo\/image\/\",\"url\":\"https:\/\/dicodusport.fr\/blog\/wp-content\/uploads\/2020\/06\/cropped-LOGO-DICODUSPORT-2020-SANS-FOND-SANS-TEXTE.png\",\"contentUrl\":\"https:\/\/dicodusport.fr\/blog\/wp-content\/uploads\/2020\/06\/cropped-LOGO-DICODUSPORT-2020-SANS-FOND-SANS-TEXTE.png\",\"width\":512,\"height\":512,\"caption\":\"Dicodusport\"},\"image\":{\"@id\":\"https:\/\/dicodusport.fr\/blog\/#\/schema\/logo\/image\/\"},\"sameAs\":[\"https:\/\/www.facebook.com\/dicodusport\",\"https:\/\/x.com\/dicodusport\",\"https:\/\/www.instagram.com\/dicodusport\/\",\"https:\/\/www.youtube.com\/channel\/UC7V2KZ5sd3htJivAbA4ZG3w\"],\"description\":\"Dicodusport est l'encyclop\u00e9die de l'actualit\u00e9 sportive.\",\"email\":\"bonjour@dicodusport.fr\",\"legalName\":\"DICODUSPORT\",\"foundingDate\":\"2018-01-14\",\"vatID\":\"FR71834470973\",\"taxID\":\"83447097300043\",\"numberOfEmployees\":{\"@type\":\"QuantitativeValue\",\"minValue\":\"1\",\"maxValue\":\"10\"}},{\"@type\":\"Person\",\"@id\":\"https:\/\/dicodusport.fr\/blog\/#\/schema\/person\/cce96fa88785bd8573e3d43078ac8c79\",\"name\":\"Arlette Yeye\",\"image\":{\"@type\":\"ImageObject\",\"inLanguage\":\"fr-FR\",\"@id\":\"https:\/\/dicodusport.fr\/blog\/#\/schema\/person\/image\/\",\"url\":\"https:\/\/secure.gravatar.com\/avatar\/dca4a6239e6d708e46c45d60e160de6c?s=96&d=wp_user_avatar&r=g\",\"contentUrl\":\"https:\/\/secure.gravatar.com\/avatar\/dca4a6239e6d708e46c45d60e160de6c?s=96&d=wp_user_avatar&r=g\",\"caption\":\"Arlette Yeye\"},\"description\":\"Journaliste\/r\u00e9dactrice depuis septembre 2015 - Supportrice de Chelsea, j'ai pour sports de pr\u00e9dilection le handball, l'athl\u00e9tisme et le tennis. Si je tweete plus vite que mon ombre, vous pouvez aussi me retrouver les week-ends sur les playgrounds de Bruxelles pour un petit foot ou basket entre potes. Parcourir la France, l'Europe et plus si affinit\u00e9s pour suivre mes sportifs pr\u00e9f\u00e9r\u00e9s ? Mon kif ! Et c'est avec plaisir que je partage les r\u00e9sultats des sports populaires mais \u00e9galement plus confidentiels pour Dicodusport.\",\"sameAs\":[\"https:\/\/x.com\/https:\/\/twitter.com\/Shiclette94\"],\"url\":\"https:\/\/dicodusport.fr\/blog\/author\/arlette\/\"}]}<\/script>\n<!-- \/ Yoast SEO Premium plugin. -->","yoast_head_json":{"title":"Programme et r\u00e9sultats Championnats d'Europe de judo 2024","description":"JUDO - Les Championnats d'Europe se d\u00e9roulent du 25 au 28 avril \u00e0 Zagreb (Croatie). Voici le programme et les r\u00e9sultats.","robots":{"index":"index","follow":"follow","max-snippet":"max-snippet:-1","max-image-preview":"max-image-preview:large","max-video-preview":"max-video-preview:-1"},"canonical":"https:\/\/dicodusport.fr\/blog\/programme-et-resultats-championnats-deurope-de-judo-2024\/","og_locale":"fr_FR","og_type":"article","og_title":"Programme et r\u00e9sultats Championnats d'Europe de judo 2024","og_description":"JUDO - Les Championnats d'Europe se d\u00e9roulent du 25 au 28 avril \u00e0 Zagreb (Croatie). Voici le programme et les r\u00e9sultats.","og_url":"https:\/\/dicodusport.fr\/blog\/programme-et-resultats-championnats-deurope-de-judo-2024\/","og_site_name":"Dicodusport","article_publisher":"https:\/\/www.facebook.com\/dicodusport","article_published_time":"2024-04-28T14:54:28+00:00","article_modified_time":"2024-12-26T23:43:03+00:00","og_image":[{"width":1200,"height":674,"url":"https:\/\/dicodusport.fr\/blog\/wp-content\/uploads\/2024\/04\/Programme-et-resultats-Championnats-dEurope-de-judo-2024.png","type":"image\/png"}],"author":"Arlette Yeye","twitter_card":"summary_large_image","twitter_title":"Programme et r\u00e9sultats Championnats d'Europe de judo 2024","twitter_creator":"@https:\/\/twitter.com\/Shiclette94","twitter_site":"@dicodusport","schema":{"@context":"https:\/\/schema.org","@graph":[{"@type":"NewsArticle","@id":"https:\/\/dicodusport.fr\/blog\/programme-et-resultats-championnats-deurope-de-judo-2024\/#article","isPartOf":{"@id":"https:\/\/dicodusport.fr\/blog\/programme-et-resultats-championnats-deurope-de-judo-2024\/"},"author":{"name":"Arlette Yeye","@id":"https:\/\/dicodusport.fr\/blog\/#\/schema\/person\/cce96fa88785bd8573e3d43078ac8c79"},"headline":"Programme et r\u00e9sultats Championnats d&rsquo;Europe de judo 2024","datePublished":"2024-04-28T14:54:28+00:00","dateModified":"2024-12-26T23:43:03+00:00","mainEntityOfPage":{"@id":"https:\/\/dicodusport.fr\/blog\/programme-et-resultats-championnats-deurope-de-judo-2024\/"},"wordCount":406,"commentCount":0,"publisher":{"@id":"https:\/\/dicodusport.fr\/blog\/#organization"},"image":{"@id":"https:\/\/dicodusport.fr\/blog\/programme-et-resultats-championnats-deurope-de-judo-2024\/#primaryimage"},"thumbnailUrl":"https:\/\/dicodusport.fr\/blog\/wp-content\/uploads\/2024\/04\/Programme-et-resultats-Championnats-dEurope-de-judo-2024.png","keywords":["br\u00e8ve","Judo"],"articleSection":["Judo"],"inLanguage":"fr-FR","potentialAction":[{"@type":"CommentAction","name":"Comment","target":["https:\/\/dicodusport.fr\/blog\/programme-et-resultats-championnats-deurope-de-judo-2024\/#respond"]}],"copyrightYear":"2024","copyrightHolder":{"@id":"https:\/\/dicodusport.fr\/blog\/#organization"}},{"@type":"WebPage","@id":"https:\/\/dicodusport.fr\/blog\/programme-et-resultats-championnats-deurope-de-judo-2024\/","url":"https:\/\/dicodusport.fr\/blog\/programme-et-resultats-championnats-deurope-de-judo-2024\/","name":"Programme et r\u00e9sultats Championnats d'Europe de judo 2024","isPartOf":{"@id":"https:\/\/dicodusport.fr\/blog\/#website"},"primaryImageOfPage":{"@id":"https:\/\/dicodusport.fr\/blog\/programme-et-resultats-championnats-deurope-de-judo-2024\/#primaryimage"},"image":{"@id":"https:\/\/dicodusport.fr\/blog\/programme-et-resultats-championnats-deurope-de-judo-2024\/#primaryimage"},"thumbnailUrl":"https:\/\/dicodusport.fr\/blog\/wp-content\/uploads\/2024\/04\/Programme-et-resultats-Championnats-dEurope-de-judo-2024.png","datePublished":"2024-04-28T14:54:28+00:00","dateModified":"2024-12-26T23:43:03+00:00","description":"JUDO - Les Championnats d'Europe se d\u00e9roulent du 25 au 28 avril \u00e0 Zagreb (Croatie). Voici le programme et les r\u00e9sultats.","breadcrumb":{"@id":"https:\/\/dicodusport.fr\/blog\/programme-et-resultats-championnats-deurope-de-judo-2024\/#breadcrumb"},"inLanguage":"fr-FR","potentialAction":[{"@type":"ReadAction","target":["https:\/\/dicodusport.fr\/blog\/programme-et-resultats-championnats-deurope-de-judo-2024\/"]}]},{"@type":"ImageObject","inLanguage":"fr-FR","@id":"https:\/\/dicodusport.fr\/blog\/programme-et-resultats-championnats-deurope-de-judo-2024\/#primaryimage","url":"https:\/\/dicodusport.fr\/blog\/wp-content\/uploads\/2024\/04\/Programme-et-resultats-Championnats-dEurope-de-judo-2024.png","contentUrl":"https:\/\/dicodusport.fr\/blog\/wp-content\/uploads\/2024\/04\/Programme-et-resultats-Championnats-dEurope-de-judo-2024.png","width":1200,"height":674,"caption":"Programme et r\u00e9sultats Championnats d'Europe de judo 2024"},{"@type":"BreadcrumbList","@id":"https:\/\/dicodusport.fr\/blog\/programme-et-resultats-championnats-deurope-de-judo-2024\/#breadcrumb","itemListElement":[{"@type":"ListItem","position":1,"name":"Accueil","item":"https:\/\/dicodusport.fr\/blog\/"},{"@type":"ListItem","position":2,"name":"Programme et r\u00e9sultats Championnats d&#8217;Europe de judo 2024"}]},{"@type":"WebSite","@id":"https:\/\/dicodusport.fr\/blog\/#website","url":"https:\/\/dicodusport.fr\/blog\/","name":"Dicodusport","description":"L&#039;encyclop\u00e9die de l&#039;actualit\u00e9 sportive","publisher":{"@id":"https:\/\/dicodusport.fr\/blog\/#organization"},"potentialAction":[{"@type":"SearchAction","target":{"@type":"EntryPoint","urlTemplate":"https:\/\/dicodusport.fr\/blog\/?s={search_term_string}"},"query-input":{"@type":"PropertyValueSpecification","valueRequired":true,"valueName":"search_term_string"}}],"inLanguage":"fr-FR"},{"@type":"NewsMediaOrganization","@id":"https:\/\/dicodusport.fr\/blog\/#organization","name":"Dicodusport","url":"https:\/\/dicodusport.fr\/blog\/","logo":{"@type":"ImageObject","inLanguage":"fr-FR","@id":"https:\/\/dicodusport.fr\/blog\/#\/schema\/logo\/image\/","url":"https:\/\/dicodusport.fr\/blog\/wp-content\/uploads\/2020\/06\/cropped-LOGO-DICODUSPORT-2020-SANS-FOND-SANS-TEXTE.png","contentUrl":"https:\/\/dicodusport.fr\/blog\/wp-content\/uploads\/2020\/06\/cropped-LOGO-DICODUSPORT-2020-SANS-FOND-SANS-TEXTE.png","width":512,"height":512,"caption":"Dicodusport"},"image":{"@id":"https:\/\/dicodusport.fr\/blog\/#\/schema\/logo\/image\/"},"sameAs":["https:\/\/www.facebook.com\/dicodusport","https:\/\/x.com\/dicodusport","https:\/\/www.instagram.com\/dicodusport\/","https:\/\/www.youtube.com\/channel\/UC7V2KZ5sd3htJivAbA4ZG3w"],"description":"Dicodusport est l'encyclop\u00e9die de l'actualit\u00e9 sportive.","email":"bonjour@dicodusport.fr","legalName":"DICODUSPORT","foundingDate":"2018-01-14","vatID":"FR71834470973","taxID":"83447097300043","numberOfEmployees":{"@type":"QuantitativeValue","minValue":"1","maxValue":"10"}},{"@type":"Person","@id":"https:\/\/dicodusport.fr\/blog\/#\/schema\/person\/cce96fa88785bd8573e3d43078ac8c79","name":"Arlette Yeye","image":{"@type":"ImageObject","inLanguage":"fr-FR","@id":"https:\/\/dicodusport.fr\/blog\/#\/schema\/person\/image\/","url":"https:\/\/secure.gravatar.com\/avatar\/dca4a6239e6d708e46c45d60e160de6c?s=96&d=wp_user_avatar&r=g","contentUrl":"https:\/\/secure.gravatar.com\/avatar\/dca4a6239e6d708e46c45d60e160de6c?s=96&d=wp_user_avatar&r=g","caption":"Arlette Yeye"},"description":"Journaliste\/r\u00e9dactrice depuis septembre 2015 - Supportrice de Chelsea, j'ai pour sports de pr\u00e9dilection le handball, l'athl\u00e9tisme et le tennis. Si je tweete plus vite que mon ombre, vous pouvez aussi me retrouver les week-ends sur les playgrounds de Bruxelles pour un petit foot ou basket entre potes. Parcourir la France, l'Europe et plus si affinit\u00e9s pour suivre mes sportifs pr\u00e9f\u00e9r\u00e9s ? Mon kif ! Et c'est avec plaisir que je partage les r\u00e9sultats des sports populaires mais \u00e9galement plus confidentiels pour Dicodusport.","sameAs":["https:\/\/x.com\/https:\/\/twitter.com\/Shiclette94"],"url":"https:\/\/dicodusport.fr\/blog\/author\/arlette\/"}]}},"_links":{"self":[{"href":"https:\/\/dicodusport.fr\/blog\/wp-json\/wp\/v2\/posts\/477770","targetHints":{"allow":["GET"]}}],"collection":[{"href":"https:\/\/dicodusport.fr\/blog\/wp-json\/wp\/v2\/posts"}],"about":[{"href":"https:\/\/dicodusport.fr\/blog\/wp-json\/wp\/v2\/types\/post"}],"author":[{"embeddable":true,"href":"https:\/\/dicodusport.fr\/blog\/wp-json\/wp\/v2\/users\/12"}],"replies":[{"embeddable":true,"href":"https:\/\/dicodusport.fr\/blog\/wp-json\/wp\/v2\/comments?post=477770"}],"version-history":[{"count":5,"href":"https:\/\/dicodusport.fr\/blog\/wp-json\/wp\/v2\/posts\/477770\/revisions"}],"predecessor-version":[{"id":482173,"href":"https:\/\/dicodusport.fr\/blog\/wp-json\/wp\/v2\/posts\/477770\/revisions\/482173"}],"wp:featuredmedia":[{"embeddable":true,"href":"https:\/\/dicodusport.fr\/blog\/wp-json\/wp\/v2\/media\/481089"}],"wp:attachment":[{"href":"https:\/\/dicodusport.fr\/blog\/wp-json\/wp\/v2\/media?parent=477770"}],"wp:term":[{"taxonomy":"category","embeddable":true,"href":"https:\/\/dicodusport.fr\/blog\/wp-json\/wp\/v2\/categories?post=477770"},{"taxonomy":"post_tag","embeddable":true,"href":"https:\/\/dicodusport.fr\/blog\/wp-json\/wp\/v2\/tags?post=477770"}],"curies":[{"name":"wp","href":"https:\/\/api.w.org\/{rel}","templated":true}]}}