{"id":477809,"date":"2024-04-10T13:01:44","date_gmt":"2024-04-10T11:01:44","guid":{"rendered":"https:\/\/dicodusport.fr\/blog\/?p=477809&#038;preview=true&#038;preview_id=477809"},"modified":"2024-04-12T10:30:32","modified_gmt":"2024-04-12T08:30:32","slug":"benjamin-thomas-pour-les-jo-les-objectifs-sont-eleves","status":"publish","type":"post","link":"https:\/\/dicodusport.fr\/blog\/benjamin-thomas-pour-les-jo-les-objectifs-sont-eleves\/","title":{"rendered":"Benjamin Thomas : \u00ab\u00a0Pour les JO, les objectifs sont \u00e9lev\u00e9s\u00a0\u00bb"},"content":{"rendered":"<p style=\"text-align: justify;\"><strong><em>CYCLISME &#8211; Benjamin Thomas fait partie des plus beaux palmar\u00e8s du cyclisme sur piste fran\u00e7ais, avec cinq titres de champion du monde. Les Jeux Olympiques ont lieu dans quatre mois, un grand objectif pour le coureur de 28 ans qui a d\u00e9cid\u00e9 d&rsquo;un changement majeur dans sa carri\u00e8re apr\u00e8s les Jeux.<\/em><\/strong><\/p>\n<ul>\n<li style=\"text-align: justify;\"><strong>\u00c0 ce sujet &#8211; <a href=\"https:\/\/dicodusport.fr\/blog\/benjamin-thomas-je-vais-sur-le-giro-pour-gagner-une-etape\/\">Benjamin Thomas : \u00ab Je vais sur le Giro pour gagner une \u00e9tape \u00bb<\/a><\/strong><\/li>\n<\/ul>\n<h3 style=\"text-align: justify;\">Quel programme pour vous pendant les Jeux ? Vous pourriez concourir sur la poursuite par \u00e9quipes, l\u2019omnium et la course \u00e0 l\u2019am\u00e9ricaine.<\/h3>\n<p style=\"text-align: justify;\">Ce n\u2019est pas tr\u00e8s compliqu\u00e9, car nous ne sommes que quatre \u00e0 la poursuite par \u00e9quipes. Donc, je vais participer \u00e0 tout (poursuite par \u00e9quipes, omnium et course \u00e0 l\u2019am\u00e9ricaine). Pour la poursuite par \u00e9quipes, la Coupe du monde \u00e0 Milton (du 12 au 14 avril) va nous permettre de faire un point, pour voir o\u00f9 nous en sommes au niveau chrono, par rapport \u00e0 une \u00e9ventuelle m\u00e9daille aux Jeux. Il y a des poursuites les trois premiers jours des Jeux et l\u2019omnium le quatri\u00e8me jour. Donc, c&rsquo;est quand m\u00eame assez espac\u00e9, on va dire, m\u00eame si c&rsquo;est une par jour. Cela reste plus facile que trois dans une journ\u00e9e par exemple. Sur les Jeux, \u00e7a fera cinq courses en sept jours.<\/p>\n<p style=\"text-align: justify;\">Quand on prend le d\u00e9part d\u2019une comp\u00e9tition, c\u2019est pour briller. Ce sont des comp\u00e9titions sur auxquelles j&rsquo;ai d\u00e9j\u00e0 particip\u00e9. \u00c7a sera comme \u00e0 Tokyo, mis \u00e0 part la poursuite par \u00e9quipes. Mais pour la poursuite, on a fait des championnats du monde, des championnats d\u2019Europe. Donc, je sais ce qui m&rsquo;attend. L\u2019objectif est la m\u00e9daille. On ira chercher course apr\u00e8s course. Mais oui, les objectifs sont \u00e9lev\u00e9s.<span class=\"Apple-converted-space\">\u00a0<\/span><\/p>\n<div class=\"vlp-link-container vlp-layout-article\"><a href=\"https:\/\/dicodusport.fr\/blog\/piste-championnats-deurope-2023-benjamin-thomas-remporte-lor-sur-lomnium\/\" class=\"vlp-link\" title=\"Piste Championnats d&#039;Europe 2023 : Benjamin Thomas remporte l&#039;or sur l&#039;omnium !\"><\/a><div class=\"vlp-layout-zone-side\"><div class=\"vlp-block-4 vlp-link-image\"><img loading=\"lazy\" decoding=\"async\" style=\"max-width: 800px;\" width=\"800\" height=\"445\" src=\"https:\/\/dicodusport.fr\/blog\/wp-content\/uploads\/2023\/02\/Piste-Championnats-dEurope-2023-Benjamin-Thomas-remporte-lor-sur-lomnium-1.png\" class=\"attachment-800x445 size-800x445\" alt=\"Piste Championnats d&#039;Europe 2023 Benjamin Thomas remporte l&#039;or sur l&#039;omnium ! (1)\" srcset=\"https:\/\/dicodusport.fr\/blog\/wp-content\/uploads\/2023\/02\/Piste-Championnats-dEurope-2023-Benjamin-Thomas-remporte-lor-sur-lomnium-1.png 800w, https:\/\/dicodusport.fr\/blog\/wp-content\/uploads\/2023\/02\/Piste-Championnats-dEurope-2023-Benjamin-Thomas-remporte-lor-sur-lomnium-1-300x167.png 300w, https:\/\/dicodusport.fr\/blog\/wp-content\/uploads\/2023\/02\/Piste-Championnats-dEurope-2023-Benjamin-Thomas-remporte-lor-sur-lomnium-1-768x427.png 768w\" sizes=\"auto, (max-width: 800px) 100vw, 800px\" \/><\/div><\/div><div class=\"vlp-layout-zone-main\"><div class=\"vlp-block-0 vlp-link-title\">Piste Championnats d'Europe 2023 : Benjamin Thomas remporte l'or sur l'omnium !<\/div><div class=\"vlp-block-1 vlp-link-summary\">CHAMPIONNATS D'EUROPE DE CYCLISME SUR PISTE 2023 -\u00a0Elle est l\u00e0 la premi\u00e8re m\u00e9daille d'or tricolore ! Benjamin Thomas a d\u00e9croch\u00e9 le titre europ\u00e9en sur l'omnium au bout du suspense en surpassant Simone Consonni d'un fil.<\/div><div class=\"vlp-block-2 vlp-link-button\">Lire l'article<\/div><div class=\"vlp-block-3 vlp-link-url\">dicodusport.fr<\/div><\/div><\/div>\n<h3 style=\"text-align: justify;\">S\u2019il ne fallait choisir qu\u2019une course que vous pr\u00e9f\u00e9rez parmi toutes celles de la piste, laquelle choisiriez-vous ?<\/h3>\n<p style=\"text-align: justify;\">\u00c0 chaque fois, j\u2019h\u00e9site entre l\u2019am\u00e9ricaine et l\u2019omnium. Et \u00e0 chaque fois, je change d\u2019avis. On va dire que celle qui me pla\u00eet le plus \u00e0 courir, c\u2019est l\u2019omnium, c\u2019est ma sp\u00e9cialit\u00e9. Mais celle que je trouve la plus belle, c\u2019est l\u2019am\u00e9ricaine. Parfois, on remporte l\u2019omnium sans \u00eatre le plus fort. Il se passe souvent les m\u00eames choses \u00e0 l\u2019omnium alors que l\u2019am\u00e9ricaine a un v\u00e9ritable sc\u00e9nario, avec des retournements de situation r\u00e9guliers. Sur la piste, c\u2019est fou. Peu importe le niveau, que ce soit au niveau r\u00e9gional ou dans un championnat du monde, j\u2019ai un grand plaisir \u00e0 regarder une am\u00e9ricaine.<\/p>\n<p style=\"text-align: justify;\">J\u2019adore analyser tous les mouvements, toutes les strat\u00e9gies, les performances de chacun. Et le fait d\u2019\u00eatre en duo sur ces courses, \u00e7a change tout. \u00c7a m\u2019est d\u00e9j\u00e0 arriv\u00e9 lors d\u2019un championnat du monde d\u2019\u00eatre nul sur les 100 premiers tours. Vraiment, j\u2019\u00e9tais \u00e0 c\u00f4t\u00e9 de mes pompes. Et puis, sur la fin de course, on est all\u00e9s chercher le titre. Si je n\u2019avais pas eu un co\u00e9quipier qui assure au d\u00e9but, on n&rsquo;aurait jamais pu avoir ce r\u00e9sultat. C\u2019est \u00e7a, la beaut\u00e9 de l\u2019am\u00e9ricaine.<\/p>\n<ul>\n<li style=\"text-align: justify;\"><strong>\u00c0 ce sujet &#8211; <a href=\"https:\/\/dicodusport.fr\/blog\/actualites\/cyclisme\/cyclisme-sur-piste\/\">L&rsquo;actualit\u00e9 du cyclisme sur piste<\/a><\/strong><\/li>\n<\/ul>\n<h3 style=\"text-align: justify;\">Quelle coupure allez-vous r\u00e9aliser apr\u00e8s les Jeux ?<\/h3>\n<p style=\"text-align: justify;\">Je pense que je vais avoir besoin de r\u00e9cup\u00e9rer un peu apr\u00e8s. Mais je voudrais finir la saison sur route. Je n\u2019ai pas encore d\u00e9fini le programme avec l\u2019\u00e9quipe, mais j\u2019aimerais aller jusqu\u2019au mois d\u2019octobre. M\u00eame si je coupe apr\u00e8s les Jeux, \u00e7a ne sera pas de grandes vacances, juste quelques jours pour d\u00e9compresser. Et puis je remonterai vite sur mon v\u00e9lo. Normalement, la condition sera bonne, donc j&rsquo;en profiterai pour finir la saison comme il faut.<span class=\"Apple-converted-space\">\u00a0<\/span><\/p>\n<p style=\"text-align: justify;\">J\u2019aimerais finir la saison sur piste avec les championnats du monde sur piste mi-octobre au Danemark. Ils seraient un bon moyen de boucler la saison. Je pense qu\u2019apr\u00e8s, je prendrai une petite pause avec la piste, avec cette belle note en fin de saison.<\/p>\n<div class=\"vlp-link-container vlp-layout-article\"><a href=\"https:\/\/dicodusport.fr\/blog\/mondiaux-de-cyclisme-sur-piste-benjamin-thomas-et-donavan-grondin-titres-sur-l-americaine\/\" class=\"vlp-link\" title=\"Mondiaux Cyclisme sur piste : Benjamin Thomas et Donavan Grondin titr\u00e9s sur l&#039;Am\u00e9ricaine\"><\/a><div class=\"vlp-layout-zone-side\"><div class=\"vlp-block-4 vlp-link-image\"><img loading=\"lazy\" decoding=\"async\" style=\"max-width: 800px;\" width=\"800\" height=\"445\" src=\"https:\/\/dicodusport.fr\/blog\/wp-content\/uploads\/2022\/10\/Mondiaux-Cyclisme-sur-piste-Benjamin-Thomas-et-Donavan-Grondin-titres-sur-lAmericaine-1.png\" class=\"attachment-800x445 size-800x445\" alt=\"Mondiaux Cyclisme sur piste Benjamin Thomas et Donavan Grondin titr\u00e9s sur l&#039;Am\u00e9ricaine (1)\" srcset=\"https:\/\/dicodusport.fr\/blog\/wp-content\/uploads\/2022\/10\/Mondiaux-Cyclisme-sur-piste-Benjamin-Thomas-et-Donavan-Grondin-titres-sur-lAmericaine-1.png 800w, https:\/\/dicodusport.fr\/blog\/wp-content\/uploads\/2022\/10\/Mondiaux-Cyclisme-sur-piste-Benjamin-Thomas-et-Donavan-Grondin-titres-sur-lAmericaine-1-300x167.png 300w, https:\/\/dicodusport.fr\/blog\/wp-content\/uploads\/2022\/10\/Mondiaux-Cyclisme-sur-piste-Benjamin-Thomas-et-Donavan-Grondin-titres-sur-lAmericaine-1-768x427.png 768w\" sizes=\"auto, (max-width: 800px) 100vw, 800px\" \/><\/div><\/div><div class=\"vlp-layout-zone-main\"><div class=\"vlp-block-0 vlp-link-title\">Mondiaux Cyclisme sur piste : Benjamin Thomas et Donavan Grondin titr\u00e9s sur l'Am\u00e9ricaine<\/div><div class=\"vlp-block-1 vlp-link-summary\">CHAMPIONNATS DU MONDE DE CYCLISME SUR PISTE - Au terme d'une Am\u00e9ricaine sublime, Benjamin Thomas et Donavan Grondin sont all\u00e9s chercher la m\u00e9daille d'or. Monstrueux d'efficacit\u00e9, le duo tricolore a \u00e9c\u0153ur\u00e9 la concurrence pour s'imposer avec plus de 20 points d'avance. C'est le 6\u00e8me titre mondial pour la France en Am\u00e9ricaine masculine.\u00a0<\/div><div class=\"vlp-block-2 vlp-link-button\">Lire l'article<\/div><div class=\"vlp-block-3 vlp-link-url\">dicodusport.fr<\/div><\/div><\/div>\n<h3 style=\"text-align: justify;\">Donc pas de Benjamin Thomas sur la piste en 2025 ?<span class=\"Apple-converted-space\">\u00a0<\/span><\/h3>\n<p style=\"text-align: justify;\">Je pense que j\u2019y serai, mais comme en 2022. J\u2019avais particip\u00e9 de temps en temps \u00e0 quelques comp\u00e9titions. Mais j\u2019avais vraiment mis l\u2019accent sur la route. L\u2019ann\u00e9e prochaine, je m\u2019en servirai plut\u00f4t comme une pr\u00e9paration. Ce qui est s\u00fbr, c\u2019est qu\u2019en 2025, il n\u2019y aura pas d\u2019objectif sur la piste, je ne baserai pas mon calendrier l\u00e0-dessus.<\/p>\n<ul>\n<li style=\"text-align: justify;\"><strong>\u00c0 ce sujet \u2013\u00a0<a href=\"https:\/\/dicodusport.fr\/blog\/jo-paris-2024\/\">L\u2019actualit\u00e9 des JO de Paris 2024<\/a><\/strong><\/li>\n<\/ul>\n","protected":false},"excerpt":{"rendered":"<p>CYCLISME &#8211; Benjamin Thomas fait partie des plus beaux palmar\u00e8s du cyclisme sur piste fran\u00e7ais, avec cinq titres de champion du monde.<\/p>\n","protected":false},"author":88,"featured_media":477996,"comment_status":"open","ping_status":"closed","sticky":false,"template":"","format":"standard","meta":{"_acf_changed":false,"_daextam_enable_autolinks":"1","footnotes":""},"categories":[14089,8436],"tags":[2182,16878,1186,24],"class_list":["post-477809","post","type-post","status-publish","format-standard","has-post-thumbnail","hentry","category-cyclisme-sur-piste","category-jo-paris-2024","tag-benjamin-thomas","tag-breve","tag-cofidis","tag-sport"],"acf":[],"yoast_head":"<!-- This site is optimized with the Yoast SEO Premium plugin v26.7 (Yoast SEO v26.7) - https:\/\/yoast.com\/wordpress\/plugins\/seo\/ -->\n<title>Benjamin Thomas : &quot;Pour les JO, les objectifs sont \u00e9lev\u00e9s&quot;<\/title>\n<meta name=\"description\" content=\"CYCLISME - Benjamin Thomas fait partie des plus beaux palmar\u00e8s du cyclisme sur piste fran\u00e7ais, avec cinq titres de champion du monde.\" \/>\n<meta name=\"robots\" content=\"index, follow, max-snippet:-1, max-image-preview:large, max-video-preview:-1\" \/>\n<link rel=\"canonical\" href=\"https:\/\/dicodusport.fr\/blog\/benjamin-thomas-pour-les-jo-les-objectifs-sont-eleves\/\" \/>\n<meta property=\"og:locale\" content=\"fr_FR\" \/>\n<meta property=\"og:type\" content=\"article\" \/>\n<meta property=\"og:title\" content=\"Benjamin Thomas : &quot;Pour les JO, les objectifs sont \u00e9lev\u00e9s&quot;\" \/>\n<meta property=\"og:description\" content=\"CYCLISME - Benjamin Thomas fait partie des plus beaux palmar\u00e8s du cyclisme sur piste fran\u00e7ais, avec cinq titres de champion du monde.\" \/>\n<meta property=\"og:url\" content=\"https:\/\/dicodusport.fr\/blog\/benjamin-thomas-pour-les-jo-les-objectifs-sont-eleves\/\" \/>\n<meta property=\"og:site_name\" content=\"Dicodusport\" \/>\n<meta property=\"article:publisher\" content=\"https:\/\/www.facebook.com\/dicodusport\" \/>\n<meta property=\"article:published_time\" content=\"2024-04-10T11:01:44+00:00\" \/>\n<meta property=\"article:modified_time\" content=\"2024-04-12T08:30:32+00:00\" \/>\n<meta property=\"og:image\" content=\"https:\/\/dicodusport.fr\/blog\/wp-content\/uploads\/2024\/04\/Benjamin-Thomas-Pour-les-JO-les-objectifs-sont-eleves.png\" \/>\n\t<meta property=\"og:image:width\" content=\"1200\" \/>\n\t<meta property=\"og:image:height\" content=\"674\" \/>\n\t<meta property=\"og:image:type\" content=\"image\/png\" \/>\n<meta name=\"author\" content=\"Paul Lalevee\" \/>\n<meta name=\"twitter:card\" content=\"summary_large_image\" \/>\n<meta name=\"twitter:title\" content=\"Benjamin Thomas : &quot;Pour les JO, les objectifs sont \u00e9lev\u00e9s&quot;\" \/>\n<meta name=\"twitter:creator\" content=\"@dicodusport\" \/>\n<meta name=\"twitter:site\" content=\"@dicodusport\" \/>\n<script type=\"application\/ld+json\" class=\"yoast-schema-graph\">{\"@context\":\"https:\/\/schema.org\",\"@graph\":[{\"@type\":\"NewsArticle\",\"@id\":\"https:\/\/dicodusport.fr\/blog\/benjamin-thomas-pour-les-jo-les-objectifs-sont-eleves\/#article\",\"isPartOf\":{\"@id\":\"https:\/\/dicodusport.fr\/blog\/benjamin-thomas-pour-les-jo-les-objectifs-sont-eleves\/\"},\"author\":{\"name\":\"Paul Lalevee\",\"@id\":\"https:\/\/dicodusport.fr\/blog\/#\/schema\/person\/1eaa63dfac40b5e5c47f03a71920c1cd\"},\"headline\":\"Benjamin Thomas : \u00ab\u00a0Pour les JO, les objectifs sont \u00e9lev\u00e9s\u00a0\u00bb\",\"datePublished\":\"2024-04-10T11:01:44+00:00\",\"dateModified\":\"2024-04-12T08:30:32+00:00\",\"mainEntityOfPage\":{\"@id\":\"https:\/\/dicodusport.fr\/blog\/benjamin-thomas-pour-les-jo-les-objectifs-sont-eleves\/\"},\"wordCount\":1005,\"commentCount\":0,\"publisher\":{\"@id\":\"https:\/\/dicodusport.fr\/blog\/#organization\"},\"image\":{\"@id\":\"https:\/\/dicodusport.fr\/blog\/benjamin-thomas-pour-les-jo-les-objectifs-sont-eleves\/#primaryimage\"},\"thumbnailUrl\":\"https:\/\/dicodusport.fr\/blog\/wp-content\/uploads\/2024\/04\/Benjamin-Thomas-Pour-les-JO-les-objectifs-sont-eleves.png\",\"keywords\":[\"Benjamin Thomas\",\"br\u00e8ve\",\"cofidis\",\"sport\"],\"articleSection\":[\"Cyclisme sur piste\",\"JO Paris 2024\"],\"inLanguage\":\"fr-FR\",\"potentialAction\":[{\"@type\":\"CommentAction\",\"name\":\"Comment\",\"target\":[\"https:\/\/dicodusport.fr\/blog\/benjamin-thomas-pour-les-jo-les-objectifs-sont-eleves\/#respond\"]}],\"copyrightYear\":\"2024\",\"copyrightHolder\":{\"@id\":\"https:\/\/dicodusport.fr\/blog\/#organization\"}},{\"@type\":\"WebPage\",\"@id\":\"https:\/\/dicodusport.fr\/blog\/benjamin-thomas-pour-les-jo-les-objectifs-sont-eleves\/\",\"url\":\"https:\/\/dicodusport.fr\/blog\/benjamin-thomas-pour-les-jo-les-objectifs-sont-eleves\/\",\"name\":\"Benjamin Thomas : \\\"Pour les JO, les objectifs sont \u00e9lev\u00e9s\\\"\",\"isPartOf\":{\"@id\":\"https:\/\/dicodusport.fr\/blog\/#website\"},\"primaryImageOfPage\":{\"@id\":\"https:\/\/dicodusport.fr\/blog\/benjamin-thomas-pour-les-jo-les-objectifs-sont-eleves\/#primaryimage\"},\"image\":{\"@id\":\"https:\/\/dicodusport.fr\/blog\/benjamin-thomas-pour-les-jo-les-objectifs-sont-eleves\/#primaryimage\"},\"thumbnailUrl\":\"https:\/\/dicodusport.fr\/blog\/wp-content\/uploads\/2024\/04\/Benjamin-Thomas-Pour-les-JO-les-objectifs-sont-eleves.png\",\"datePublished\":\"2024-04-10T11:01:44+00:00\",\"dateModified\":\"2024-04-12T08:30:32+00:00\",\"description\":\"CYCLISME - Benjamin Thomas fait partie des plus beaux palmar\u00e8s du cyclisme sur piste fran\u00e7ais, avec cinq titres de champion du monde.\",\"breadcrumb\":{\"@id\":\"https:\/\/dicodusport.fr\/blog\/benjamin-thomas-pour-les-jo-les-objectifs-sont-eleves\/#breadcrumb\"},\"inLanguage\":\"fr-FR\",\"potentialAction\":[{\"@type\":\"ReadAction\",\"target\":[\"https:\/\/dicodusport.fr\/blog\/benjamin-thomas-pour-les-jo-les-objectifs-sont-eleves\/\"]}]},{\"@type\":\"ImageObject\",\"inLanguage\":\"fr-FR\",\"@id\":\"https:\/\/dicodusport.fr\/blog\/benjamin-thomas-pour-les-jo-les-objectifs-sont-eleves\/#primaryimage\",\"url\":\"https:\/\/dicodusport.fr\/blog\/wp-content\/uploads\/2024\/04\/Benjamin-Thomas-Pour-les-JO-les-objectifs-sont-eleves.png\",\"contentUrl\":\"https:\/\/dicodusport.fr\/blog\/wp-content\/uploads\/2024\/04\/Benjamin-Thomas-Pour-les-JO-les-objectifs-sont-eleves.png\",\"width\":1200,\"height\":674,\"caption\":\"Benjamin Thomas Pour les JO, les objectifs sont \u00e9lev\u00e9s\"},{\"@type\":\"BreadcrumbList\",\"@id\":\"https:\/\/dicodusport.fr\/blog\/benjamin-thomas-pour-les-jo-les-objectifs-sont-eleves\/#breadcrumb\",\"itemListElement\":[{\"@type\":\"ListItem\",\"position\":1,\"name\":\"Accueil\",\"item\":\"https:\/\/dicodusport.fr\/blog\/\"},{\"@type\":\"ListItem\",\"position\":2,\"name\":\"Benjamin Thomas : \u00ab\u00a0Pour les JO, les objectifs sont \u00e9lev\u00e9s\u00a0\u00bb\"}]},{\"@type\":\"WebSite\",\"@id\":\"https:\/\/dicodusport.fr\/blog\/#website\",\"url\":\"https:\/\/dicodusport.fr\/blog\/\",\"name\":\"Dicodusport\",\"description\":\"L&#039;encyclop\u00e9die de l&#039;actualit\u00e9 sportive\",\"publisher\":{\"@id\":\"https:\/\/dicodusport.fr\/blog\/#organization\"},\"potentialAction\":[{\"@type\":\"SearchAction\",\"target\":{\"@type\":\"EntryPoint\",\"urlTemplate\":\"https:\/\/dicodusport.fr\/blog\/?s={search_term_string}\"},\"query-input\":{\"@type\":\"PropertyValueSpecification\",\"valueRequired\":true,\"valueName\":\"search_term_string\"}}],\"inLanguage\":\"fr-FR\"},{\"@type\":\"NewsMediaOrganization\",\"@id\":\"https:\/\/dicodusport.fr\/blog\/#organization\",\"name\":\"Dicodusport\",\"url\":\"https:\/\/dicodusport.fr\/blog\/\",\"logo\":{\"@type\":\"ImageObject\",\"inLanguage\":\"fr-FR\",\"@id\":\"https:\/\/dicodusport.fr\/blog\/#\/schema\/logo\/image\/\",\"url\":\"https:\/\/dicodusport.fr\/blog\/wp-content\/uploads\/2020\/06\/cropped-LOGO-DICODUSPORT-2020-SANS-FOND-SANS-TEXTE.png\",\"contentUrl\":\"https:\/\/dicodusport.fr\/blog\/wp-content\/uploads\/2020\/06\/cropped-LOGO-DICODUSPORT-2020-SANS-FOND-SANS-TEXTE.png\",\"width\":512,\"height\":512,\"caption\":\"Dicodusport\"},\"image\":{\"@id\":\"https:\/\/dicodusport.fr\/blog\/#\/schema\/logo\/image\/\"},\"sameAs\":[\"https:\/\/www.facebook.com\/dicodusport\",\"https:\/\/x.com\/dicodusport\",\"https:\/\/www.instagram.com\/dicodusport\/\",\"https:\/\/www.youtube.com\/channel\/UC7V2KZ5sd3htJivAbA4ZG3w\"],\"description\":\"Dicodusport est l'encyclop\u00e9die de l'actualit\u00e9 sportive.\",\"email\":\"bonjour@dicodusport.fr\",\"legalName\":\"DICODUSPORT\",\"foundingDate\":\"2018-01-14\",\"vatID\":\"FR71834470973\",\"taxID\":\"83447097300043\",\"numberOfEmployees\":{\"@type\":\"QuantitativeValue\",\"minValue\":\"1\",\"maxValue\":\"10\"}},{\"@type\":\"Person\",\"@id\":\"https:\/\/dicodusport.fr\/blog\/#\/schema\/person\/1eaa63dfac40b5e5c47f03a71920c1cd\",\"name\":\"Paul Lalevee\",\"image\":{\"@type\":\"ImageObject\",\"inLanguage\":\"fr-FR\",\"@id\":\"https:\/\/dicodusport.fr\/blog\/#\/schema\/person\/image\/\",\"url\":\"https:\/\/dicodusport.fr\/blog\/wp-content\/uploads\/2023\/10\/291154246_1690604071293245_3118259335115946499_n-150x150.jpg\",\"contentUrl\":\"https:\/\/dicodusport.fr\/blog\/wp-content\/uploads\/2023\/10\/291154246_1690604071293245_3118259335115946499_n-150x150.jpg\",\"caption\":\"Paul Lalevee\"},\"description\":\"La bulle Disney pendant le Covid, le Tour 2019, la Coupe du monde 2018. Ces trois \u00e9v\u00e9nements majeurs sont ancr\u00e9s dans ma t\u00eate de fan de sport, n\u00e9gativement ou positivement. Passionn\u00e9 de sport depuis l'enfance, j'ai d\u00e9cid\u00e9 de mettre ma passion de l'\u00e9criture au service de cette premi\u00e8re passion.\",\"url\":\"https:\/\/dicodusport.fr\/blog\/author\/paul-lalevee\/\"}]}<\/script>\n<!-- \/ Yoast SEO Premium plugin. -->","yoast_head_json":{"title":"Benjamin Thomas : \"Pour les JO, les objectifs sont \u00e9lev\u00e9s\"","description":"CYCLISME - Benjamin Thomas fait partie des plus beaux palmar\u00e8s du cyclisme sur piste fran\u00e7ais, avec cinq titres de champion du monde.","robots":{"index":"index","follow":"follow","max-snippet":"max-snippet:-1","max-image-preview":"max-image-preview:large","max-video-preview":"max-video-preview:-1"},"canonical":"https:\/\/dicodusport.fr\/blog\/benjamin-thomas-pour-les-jo-les-objectifs-sont-eleves\/","og_locale":"fr_FR","og_type":"article","og_title":"Benjamin Thomas : \"Pour les JO, les objectifs sont \u00e9lev\u00e9s\"","og_description":"CYCLISME - Benjamin Thomas fait partie des plus beaux palmar\u00e8s du cyclisme sur piste fran\u00e7ais, avec cinq titres de champion du monde.","og_url":"https:\/\/dicodusport.fr\/blog\/benjamin-thomas-pour-les-jo-les-objectifs-sont-eleves\/","og_site_name":"Dicodusport","article_publisher":"https:\/\/www.facebook.com\/dicodusport","article_published_time":"2024-04-10T11:01:44+00:00","article_modified_time":"2024-04-12T08:30:32+00:00","og_image":[{"width":1200,"height":674,"url":"https:\/\/dicodusport.fr\/blog\/wp-content\/uploads\/2024\/04\/Benjamin-Thomas-Pour-les-JO-les-objectifs-sont-eleves.png","type":"image\/png"}],"author":"Paul Lalevee","twitter_card":"summary_large_image","twitter_title":"Benjamin Thomas : \"Pour les JO, les objectifs sont \u00e9lev\u00e9s\"","twitter_creator":"@dicodusport","twitter_site":"@dicodusport","schema":{"@context":"https:\/\/schema.org","@graph":[{"@type":"NewsArticle","@id":"https:\/\/dicodusport.fr\/blog\/benjamin-thomas-pour-les-jo-les-objectifs-sont-eleves\/#article","isPartOf":{"@id":"https:\/\/dicodusport.fr\/blog\/benjamin-thomas-pour-les-jo-les-objectifs-sont-eleves\/"},"author":{"name":"Paul Lalevee","@id":"https:\/\/dicodusport.fr\/blog\/#\/schema\/person\/1eaa63dfac40b5e5c47f03a71920c1cd"},"headline":"Benjamin Thomas : \u00ab\u00a0Pour les JO, les objectifs sont \u00e9lev\u00e9s\u00a0\u00bb","datePublished":"2024-04-10T11:01:44+00:00","dateModified":"2024-04-12T08:30:32+00:00","mainEntityOfPage":{"@id":"https:\/\/dicodusport.fr\/blog\/benjamin-thomas-pour-les-jo-les-objectifs-sont-eleves\/"},"wordCount":1005,"commentCount":0,"publisher":{"@id":"https:\/\/dicodusport.fr\/blog\/#organization"},"image":{"@id":"https:\/\/dicodusport.fr\/blog\/benjamin-thomas-pour-les-jo-les-objectifs-sont-eleves\/#primaryimage"},"thumbnailUrl":"https:\/\/dicodusport.fr\/blog\/wp-content\/uploads\/2024\/04\/Benjamin-Thomas-Pour-les-JO-les-objectifs-sont-eleves.png","keywords":["Benjamin Thomas","br\u00e8ve","cofidis","sport"],"articleSection":["Cyclisme sur piste","JO Paris 2024"],"inLanguage":"fr-FR","potentialAction":[{"@type":"CommentAction","name":"Comment","target":["https:\/\/dicodusport.fr\/blog\/benjamin-thomas-pour-les-jo-les-objectifs-sont-eleves\/#respond"]}],"copyrightYear":"2024","copyrightHolder":{"@id":"https:\/\/dicodusport.fr\/blog\/#organization"}},{"@type":"WebPage","@id":"https:\/\/dicodusport.fr\/blog\/benjamin-thomas-pour-les-jo-les-objectifs-sont-eleves\/","url":"https:\/\/dicodusport.fr\/blog\/benjamin-thomas-pour-les-jo-les-objectifs-sont-eleves\/","name":"Benjamin Thomas : \"Pour les JO, les objectifs sont \u00e9lev\u00e9s\"","isPartOf":{"@id":"https:\/\/dicodusport.fr\/blog\/#website"},"primaryImageOfPage":{"@id":"https:\/\/dicodusport.fr\/blog\/benjamin-thomas-pour-les-jo-les-objectifs-sont-eleves\/#primaryimage"},"image":{"@id":"https:\/\/dicodusport.fr\/blog\/benjamin-thomas-pour-les-jo-les-objectifs-sont-eleves\/#primaryimage"},"thumbnailUrl":"https:\/\/dicodusport.fr\/blog\/wp-content\/uploads\/2024\/04\/Benjamin-Thomas-Pour-les-JO-les-objectifs-sont-eleves.png","datePublished":"2024-04-10T11:01:44+00:00","dateModified":"2024-04-12T08:30:32+00:00","description":"CYCLISME - Benjamin Thomas fait partie des plus beaux palmar\u00e8s du cyclisme sur piste fran\u00e7ais, avec cinq titres de champion du monde.","breadcrumb":{"@id":"https:\/\/dicodusport.fr\/blog\/benjamin-thomas-pour-les-jo-les-objectifs-sont-eleves\/#breadcrumb"},"inLanguage":"fr-FR","potentialAction":[{"@type":"ReadAction","target":["https:\/\/dicodusport.fr\/blog\/benjamin-thomas-pour-les-jo-les-objectifs-sont-eleves\/"]}]},{"@type":"ImageObject","inLanguage":"fr-FR","@id":"https:\/\/dicodusport.fr\/blog\/benjamin-thomas-pour-les-jo-les-objectifs-sont-eleves\/#primaryimage","url":"https:\/\/dicodusport.fr\/blog\/wp-content\/uploads\/2024\/04\/Benjamin-Thomas-Pour-les-JO-les-objectifs-sont-eleves.png","contentUrl":"https:\/\/dicodusport.fr\/blog\/wp-content\/uploads\/2024\/04\/Benjamin-Thomas-Pour-les-JO-les-objectifs-sont-eleves.png","width":1200,"height":674,"caption":"Benjamin Thomas Pour les JO, les objectifs sont \u00e9lev\u00e9s"},{"@type":"BreadcrumbList","@id":"https:\/\/dicodusport.fr\/blog\/benjamin-thomas-pour-les-jo-les-objectifs-sont-eleves\/#breadcrumb","itemListElement":[{"@type":"ListItem","position":1,"name":"Accueil","item":"https:\/\/dicodusport.fr\/blog\/"},{"@type":"ListItem","position":2,"name":"Benjamin Thomas : \u00ab\u00a0Pour les JO, les objectifs sont \u00e9lev\u00e9s\u00a0\u00bb"}]},{"@type":"WebSite","@id":"https:\/\/dicodusport.fr\/blog\/#website","url":"https:\/\/dicodusport.fr\/blog\/","name":"Dicodusport","description":"L&#039;encyclop\u00e9die de l&#039;actualit\u00e9 sportive","publisher":{"@id":"https:\/\/dicodusport.fr\/blog\/#organization"},"potentialAction":[{"@type":"SearchAction","target":{"@type":"EntryPoint","urlTemplate":"https:\/\/dicodusport.fr\/blog\/?s={search_term_string}"},"query-input":{"@type":"PropertyValueSpecification","valueRequired":true,"valueName":"search_term_string"}}],"inLanguage":"fr-FR"},{"@type":"NewsMediaOrganization","@id":"https:\/\/dicodusport.fr\/blog\/#organization","name":"Dicodusport","url":"https:\/\/dicodusport.fr\/blog\/","logo":{"@type":"ImageObject","inLanguage":"fr-FR","@id":"https:\/\/dicodusport.fr\/blog\/#\/schema\/logo\/image\/","url":"https:\/\/dicodusport.fr\/blog\/wp-content\/uploads\/2020\/06\/cropped-LOGO-DICODUSPORT-2020-SANS-FOND-SANS-TEXTE.png","contentUrl":"https:\/\/dicodusport.fr\/blog\/wp-content\/uploads\/2020\/06\/cropped-LOGO-DICODUSPORT-2020-SANS-FOND-SANS-TEXTE.png","width":512,"height":512,"caption":"Dicodusport"},"image":{"@id":"https:\/\/dicodusport.fr\/blog\/#\/schema\/logo\/image\/"},"sameAs":["https:\/\/www.facebook.com\/dicodusport","https:\/\/x.com\/dicodusport","https:\/\/www.instagram.com\/dicodusport\/","https:\/\/www.youtube.com\/channel\/UC7V2KZ5sd3htJivAbA4ZG3w"],"description":"Dicodusport est l'encyclop\u00e9die de l'actualit\u00e9 sportive.","email":"bonjour@dicodusport.fr","legalName":"DICODUSPORT","foundingDate":"2018-01-14","vatID":"FR71834470973","taxID":"83447097300043","numberOfEmployees":{"@type":"QuantitativeValue","minValue":"1","maxValue":"10"}},{"@type":"Person","@id":"https:\/\/dicodusport.fr\/blog\/#\/schema\/person\/1eaa63dfac40b5e5c47f03a71920c1cd","name":"Paul Lalevee","image":{"@type":"ImageObject","inLanguage":"fr-FR","@id":"https:\/\/dicodusport.fr\/blog\/#\/schema\/person\/image\/","url":"https:\/\/dicodusport.fr\/blog\/wp-content\/uploads\/2023\/10\/291154246_1690604071293245_3118259335115946499_n-150x150.jpg","contentUrl":"https:\/\/dicodusport.fr\/blog\/wp-content\/uploads\/2023\/10\/291154246_1690604071293245_3118259335115946499_n-150x150.jpg","caption":"Paul Lalevee"},"description":"La bulle Disney pendant le Covid, le Tour 2019, la Coupe du monde 2018. Ces trois \u00e9v\u00e9nements majeurs sont ancr\u00e9s dans ma t\u00eate de fan de sport, n\u00e9gativement ou positivement. Passionn\u00e9 de sport depuis l'enfance, j'ai d\u00e9cid\u00e9 de mettre ma passion de l'\u00e9criture au service de cette premi\u00e8re passion.","url":"https:\/\/dicodusport.fr\/blog\/author\/paul-lalevee\/"}]}},"_links":{"self":[{"href":"https:\/\/dicodusport.fr\/blog\/wp-json\/wp\/v2\/posts\/477809","targetHints":{"allow":["GET"]}}],"collection":[{"href":"https:\/\/dicodusport.fr\/blog\/wp-json\/wp\/v2\/posts"}],"about":[{"href":"https:\/\/dicodusport.fr\/blog\/wp-json\/wp\/v2\/types\/post"}],"author":[{"embeddable":true,"href":"https:\/\/dicodusport.fr\/blog\/wp-json\/wp\/v2\/users\/88"}],"replies":[{"embeddable":true,"href":"https:\/\/dicodusport.fr\/blog\/wp-json\/wp\/v2\/comments?post=477809"}],"version-history":[{"count":3,"href":"https:\/\/dicodusport.fr\/blog\/wp-json\/wp\/v2\/posts\/477809\/revisions"}],"predecessor-version":[{"id":478024,"href":"https:\/\/dicodusport.fr\/blog\/wp-json\/wp\/v2\/posts\/477809\/revisions\/478024"}],"wp:featuredmedia":[{"embeddable":true,"href":"https:\/\/dicodusport.fr\/blog\/wp-json\/wp\/v2\/media\/477996"}],"wp:attachment":[{"href":"https:\/\/dicodusport.fr\/blog\/wp-json\/wp\/v2\/media?parent=477809"}],"wp:term":[{"taxonomy":"category","embeddable":true,"href":"https:\/\/dicodusport.fr\/blog\/wp-json\/wp\/v2\/categories?post=477809"},{"taxonomy":"post_tag","embeddable":true,"href":"https:\/\/dicodusport.fr\/blog\/wp-json\/wp\/v2\/tags?post=477809"}],"curies":[{"name":"wp","href":"https:\/\/api.w.org\/{rel}","templated":true}]}}