{"id":477817,"date":"2024-04-09T14:39:56","date_gmt":"2024-04-09T12:39:56","guid":{"rendered":"https:\/\/dicodusport.fr\/blog\/?p=477817&#038;preview=true&#038;preview_id=477817"},"modified":"2024-04-09T17:25:52","modified_gmt":"2024-04-09T15:25:52","slug":"mondiaux-de-marche-par-equipes-la-selection-francaise","status":"publish","type":"post","link":"https:\/\/dicodusport.fr\/blog\/mondiaux-de-marche-par-equipes-la-selection-francaise\/","title":{"rendered":"Mondiaux de marche par \u00e9quipes : La s\u00e9lection fran\u00e7aise"},"content":{"rendered":"<p style=\"text-align: justify;\"><strong><em>ATHL\u00c9TISME &#8211; D\u00e9couvrez la s\u00e9lection fran\u00e7aise pour les championnats du monde de marche par \u00e9quipes qui ont lieu \u00e0 Antalya (Turquie) le 21 avril.<\/em><\/strong><\/p>\n<h2 style=\"text-align: justify;\">Des \u00e9quipes juniors inchang\u00e9es<\/h2>\n<p style=\"text-align: justify;\">On prend les m\u00eames et on recommence. Quinze jours apr\u00e8s le match international, qui a eu lieu le week-end dernier \u00e0 Podebrady, les Fran\u00e7ais remettent le couvert \u00e0 Antalya (Turquie), pour les championnats du monde de marche par \u00e9quipes. Et la FFA a d\u00e9cid\u00e9 de reconduire les six m\u00eames juniors qu&rsquo;en R\u00e9publique Tch\u00e8que. Vainqueur du 10 km, <strong>Quentin Chenuet<\/strong> emm\u00e8nera une \u00e9quipe de France tr\u00e8s prometteuse, puisque <strong>Bastien Picart<\/strong> a pris la 3e place ce samedi et <strong>Hugo Ellul<\/strong> la 5e place. Tous avec des nouveaux records personnels. Face \u00e0 une concurrence qui risque d&rsquo;\u00eatre encore plus rude, on a d\u00e9j\u00e0 h\u00e2te de voir ces trois hommes d\u00e9fendre les couleurs de la France.<\/p>\n<p style=\"text-align: justify;\">Chez les femmes, s\u00e9lection inchang\u00e9e, avec <strong>L\u00e9na Auvray<\/strong>, junior premi\u00e8re ann\u00e9e et 4e en R\u00e9publique Tch\u00e8que et la cadette multiple recordwoman de France jeunes <strong>Chlo\u00e9 Le Roch<\/strong>. Les deux Bretonnes ont d\u00e9couvert cette distance du 10 kilom\u00e8tres et auront un peu plus de rep\u00e8res. Pour, pourquoi pas, faire descendre le chrono. <strong>Marine Merbitz<\/strong> aura \u00e0 c\u0153ur de prendre sa revanche, apr\u00e8s son abandon ce samedi.<\/p>\n<h2 style=\"text-align: justify;\">Une grosse s\u00e9lection en relais mixte<\/h2>\n<p style=\"text-align: justify;\">On va en savoir un peu sur les chances de l&rsquo;\u00e9quipe de France en relais mixte,<a href=\"https:\/\/dicodusport.fr\/blog\/athletisme-pourquoi-la-france-peut-briller-sur-le-relais-marche-des-jo-de-paris\/\"> \u00e9preuve lors des JO de Paris 2024<\/a>. Avec des relais qui ont fi\u00e8re allure. Si les compositions n&rsquo;ont pas encore \u00e9t\u00e9 d\u00e9voil\u00e9es, <strong>Cl\u00e9mence Beretta, Ana Delahaie et Pauline Stey<\/strong>, chez les femmes, et <strong>Matt\u00e9o Duc, Aur\u00e9lien Quinion et Gabriel Bordier<\/strong> ont \u00e9t\u00e9 s\u00e9lectionn\u00e9s. Pour rappel, 10 kilom\u00e8tres \u00e0 parcourir deux fois pour chaque athl\u00e8te en duo. Avec la possibilit\u00e9, pour chaque nation, de qualifier deux relais pour Paris. On attendra avec impatience la composition de chaque duo. Mais la France a une vraie carte \u00e0 jouer pour une belle place \u00e0 Paris et ce premier rendez-vous, en plus d&rsquo;\u00eatre qualificatif, offrira bien des indications.<\/p>\n<div class=\"vlp-link-container vlp-layout-article\"><a href=\"https:\/\/dicodusport.fr\/blog\/championnats-de-france-de-marche-stey-moutard-bordier-les-resultats\/\" class=\"vlp-link\" title=\"Championnats de France de marche : Stey, Moutard, Bordier, les r\u00e9sultats\"><\/a><div class=\"vlp-layout-zone-side\"><div class=\"vlp-block-4 vlp-link-image\"><img loading=\"lazy\" decoding=\"async\" style=\"max-width: 792px;\" width=\"792\" height=\"445\" src=\"https:\/\/dicodusport.fr\/blog\/wp-content\/uploads\/2024\/03\/Championnats-de-France-de-marche-Stey-Moutard-Bordier-les-resultats.png\" class=\"attachment-800x445 size-800x445\" alt=\"Championnats de France de marche : Stey, Moutard, Bordier, les r\u00e9sultats\" srcset=\"https:\/\/dicodusport.fr\/blog\/wp-content\/uploads\/2024\/03\/Championnats-de-France-de-marche-Stey-Moutard-Bordier-les-resultats.png 1200w, https:\/\/dicodusport.fr\/blog\/wp-content\/uploads\/2024\/03\/Championnats-de-France-de-marche-Stey-Moutard-Bordier-les-resultats-300x169.png 300w, https:\/\/dicodusport.fr\/blog\/wp-content\/uploads\/2024\/03\/Championnats-de-France-de-marche-Stey-Moutard-Bordier-les-resultats-1024x575.png 1024w, https:\/\/dicodusport.fr\/blog\/wp-content\/uploads\/2024\/03\/Championnats-de-France-de-marche-Stey-Moutard-Bordier-les-resultats-768x431.png 768w\" sizes=\"auto, (max-width: 792px) 100vw, 792px\" \/><\/div><\/div><div class=\"vlp-layout-zone-main\"><div class=\"vlp-block-0 vlp-link-title\">Championnats de France de marche : Stey, Moutard, Bordier, les r\u00e9sultats<\/div><div class=\"vlp-block-1 vlp-link-summary\">ATHL\u00c9TISME - Pauline Stey et Camille Moutard ont explos\u00e9 leur record personnel sur 20 km marche. Sur la m\u00eame distance, Gabriel Bordier a survol\u00e9 les championnats de France de marche.<\/div><div class=\"vlp-block-2 vlp-link-button\">Lire l'article<\/div><div class=\"vlp-block-3 vlp-link-url\">dicodusport.fr<\/div><\/div><\/div>\n<h2 style=\"text-align: justify;\">Des compositions boulevers\u00e9es pour le 20 km<\/h2>\n<p style=\"text-align: justify;\">Forc\u00e9ment, les trois coureurs s\u00e9lectionn\u00e9s pour le 20 km changent. Chez les femmes, seule <strong>Camille Moutard<\/strong>, qui ne figure pas dans le relais mixte, retrouve les joies du 20 km. Elle reste sur deux records personnels sur ses deux derni\u00e8res sorties et va encha\u00eener de nouveau. Elle qui a d\u00e9sormais un record \u00e0 1h30:08. Elle sera associ\u00e9e \u00e0 <strong>Ma\u00eble Bir\u00e9-Heslouis<\/strong>, qui a brill\u00e9 aux championnats de France, avec sa 3e place et <strong>Elvina Carr\u00e9<\/strong>, qui a \u00e9galement brill\u00e9 chez les jeunes.<\/p>\n<p style=\"text-align: justify;\">Chez les hommes, parmi ceux qui sont all\u00e9s en R\u00e9publique Tch\u00e8que, seul <strong>K\u00e9vin Campion<\/strong> sera align\u00e9 sur le 20 km. Avec, dans le viseur, de se rapprocher des minima olympiques sur la distance. Celui qui va f\u00eater sa 30e cape en \u00e9quipe de France A, sera associ\u00e9 \u00e0 <strong>Martin Madeline-Degy<\/strong>, un des jeunes prometteurs (record \u00e0 1h25:13) et <strong>Dimitri Durand<\/strong>, seulement 21 ans (record \u00e0 1h26:25). Les deux derniers cit\u00e9s f\u00eateront leur 2e cape en bleu.<\/p>\n<p style=\"text-align: justify;\"><strong>Relais mixte<\/strong><\/p>\n<p style=\"text-align: justify;\">Cl\u00e9mence Beretta, Ana Delahaie, Pauline Stey, Gabriel Bordier, Matteo Duc, Aur\u00e9lien Quinion<\/p>\n<p style=\"text-align: justify;\"><strong>10 km U20 femmes<\/strong><\/p>\n<p style=\"text-align: justify;\">L\u00e9na Auvray, Chlo\u00e9 Le Roch, Marine Merbitz.<\/p>\n<p style=\"text-align: justify;\"><strong>20 km femmes<\/strong><\/p>\n<p style=\"text-align: justify;\">Ma\u00eble Bir\u00e9-Heslouis, Camille Moutard, Elvina Carr\u00e9.<\/p>\n<p style=\"text-align: justify;\"><strong>10 km U20 hommes<\/strong><\/p>\n<p style=\"text-align: justify;\">Quentin Chenuet, Hugo Ellul et Bastien Picart.<\/p>\n<p style=\"text-align: justify;\"><strong>20 km hommes\u00a0<\/strong><\/p>\n<p style=\"text-align: justify;\">Dimitri Durand, Kevin Campion, Martin Madeline-Degy<\/p>\n<p>&nbsp;<\/p>\n","protected":false},"excerpt":{"rendered":"<p>ATHL\u00c9TISME &#8211; D\u00e9couvrez la s\u00e9lection fran\u00e7aise pour les championnats du monde de marche par \u00e9quipes qui ont lieu \u00e0 Antalya (Turquie) le 21 avril.<\/p>\n","protected":false},"author":83,"featured_media":477823,"comment_status":"open","ping_status":"closed","sticky":false,"template":"","format":"standard","meta":{"_acf_changed":false,"_daextam_enable_autolinks":"1","footnotes":""},"categories":[2308],"tags":[143,10976,29559,16878,31431,31430,30285,33623,17905],"class_list":["post-477817","post","type-post","status-publish","format-standard","has-post-thumbnail","hentry","category-athletisme","tag-athletisme","tag-athletisme-francais","tag-aurelien-quinion","tag-breve","tag-camille-moutard","tag-chloe-le-roch","tag-clemence-beretta","tag-gabriel-bordier","tag-pauline-stey"],"acf":[],"yoast_head":"<!-- This site is optimized with the Yoast SEO Premium plugin v26.7 (Yoast SEO v26.7) - https:\/\/yoast.com\/wordpress\/plugins\/seo\/ -->\n<title>Mondiaux de marche par \u00e9quipes : La s\u00e9lection fran\u00e7aise<\/title>\n<meta name=\"description\" content=\"ATHL\u00c9TISME - D\u00e9couvrez la s\u00e9lection fran\u00e7aise pour les championnats du monde de marche par \u00e9quipes qui ont lieu \u00e0 Antalya (Turquie) le 21 avril.\" \/>\n<meta name=\"robots\" content=\"index, follow, max-snippet:-1, max-image-preview:large, max-video-preview:-1\" \/>\n<link rel=\"canonical\" href=\"https:\/\/dicodusport.fr\/blog\/mondiaux-de-marche-par-equipes-la-selection-francaise\/\" \/>\n<meta property=\"og:locale\" content=\"fr_FR\" \/>\n<meta property=\"og:type\" content=\"article\" \/>\n<meta property=\"og:title\" content=\"Mondiaux de marche par \u00e9quipes : La s\u00e9lection fran\u00e7aise\" \/>\n<meta property=\"og:description\" content=\"ATHL\u00c9TISME - D\u00e9couvrez la s\u00e9lection fran\u00e7aise pour les championnats du monde de marche par \u00e9quipes qui ont lieu \u00e0 Antalya (Turquie) le 21 avril.\" \/>\n<meta property=\"og:url\" content=\"https:\/\/dicodusport.fr\/blog\/mondiaux-de-marche-par-equipes-la-selection-francaise\/\" \/>\n<meta property=\"og:site_name\" content=\"Dicodusport\" \/>\n<meta property=\"article:publisher\" content=\"https:\/\/www.facebook.com\/dicodusport\" \/>\n<meta property=\"article:published_time\" content=\"2024-04-09T12:39:56+00:00\" \/>\n<meta property=\"article:modified_time\" content=\"2024-04-09T15:25:52+00:00\" \/>\n<meta property=\"og:image\" content=\"https:\/\/dicodusport.fr\/blog\/wp-content\/uploads\/2024\/04\/Championnats-du-monde-de-marche-par-equipes-La-selection-francaise.png\" \/>\n\t<meta property=\"og:image:width\" content=\"1200\" \/>\n\t<meta property=\"og:image:height\" content=\"674\" \/>\n\t<meta property=\"og:image:type\" content=\"image\/png\" \/>\n<meta name=\"author\" content=\"Etienne Goursaud\" \/>\n<meta name=\"twitter:card\" content=\"summary_large_image\" \/>\n<meta name=\"twitter:title\" content=\"Mondiaux de marche par \u00e9quipes : La s\u00e9lection fran\u00e7aise\" \/>\n<meta name=\"twitter:creator\" content=\"@dicodusport\" \/>\n<meta name=\"twitter:site\" content=\"@dicodusport\" \/>\n<script type=\"application\/ld+json\" class=\"yoast-schema-graph\">{\"@context\":\"https:\/\/schema.org\",\"@graph\":[{\"@type\":\"NewsArticle\",\"@id\":\"https:\/\/dicodusport.fr\/blog\/mondiaux-de-marche-par-equipes-la-selection-francaise\/#article\",\"isPartOf\":{\"@id\":\"https:\/\/dicodusport.fr\/blog\/mondiaux-de-marche-par-equipes-la-selection-francaise\/\"},\"author\":{\"name\":\"Etienne Goursaud\",\"@id\":\"https:\/\/dicodusport.fr\/blog\/#\/schema\/person\/d603dd7da31fb2b46c82b9835a77ec13\"},\"headline\":\"Mondiaux de marche par \u00e9quipes : La s\u00e9lection fran\u00e7aise\",\"datePublished\":\"2024-04-09T12:39:56+00:00\",\"dateModified\":\"2024-04-09T15:25:52+00:00\",\"mainEntityOfPage\":{\"@id\":\"https:\/\/dicodusport.fr\/blog\/mondiaux-de-marche-par-equipes-la-selection-francaise\/\"},\"wordCount\":689,\"commentCount\":0,\"publisher\":{\"@id\":\"https:\/\/dicodusport.fr\/blog\/#organization\"},\"image\":{\"@id\":\"https:\/\/dicodusport.fr\/blog\/mondiaux-de-marche-par-equipes-la-selection-francaise\/#primaryimage\"},\"thumbnailUrl\":\"https:\/\/dicodusport.fr\/blog\/wp-content\/uploads\/2024\/04\/Championnats-du-monde-de-marche-par-equipes-La-selection-francaise.png\",\"keywords\":[\"Athl\u00e9tisme\",\"Athl\u00e9tisme fran\u00e7ais\",\"Aur\u00e9lien Quinion\",\"br\u00e8ve\",\"Camille Moutard\",\"Chlo\u00e9 Le Roch\",\"Cl\u00e9mence Beretta\",\"Gabriel Bordier\",\"Pauline Stey\"],\"articleSection\":[\"Athl\u00e9tisme\"],\"inLanguage\":\"fr-FR\",\"potentialAction\":[{\"@type\":\"CommentAction\",\"name\":\"Comment\",\"target\":[\"https:\/\/dicodusport.fr\/blog\/mondiaux-de-marche-par-equipes-la-selection-francaise\/#respond\"]}],\"copyrightYear\":\"2024\",\"copyrightHolder\":{\"@id\":\"https:\/\/dicodusport.fr\/blog\/#organization\"}},{\"@type\":\"WebPage\",\"@id\":\"https:\/\/dicodusport.fr\/blog\/mondiaux-de-marche-par-equipes-la-selection-francaise\/\",\"url\":\"https:\/\/dicodusport.fr\/blog\/mondiaux-de-marche-par-equipes-la-selection-francaise\/\",\"name\":\"Mondiaux de marche par \u00e9quipes : La s\u00e9lection fran\u00e7aise\",\"isPartOf\":{\"@id\":\"https:\/\/dicodusport.fr\/blog\/#website\"},\"primaryImageOfPage\":{\"@id\":\"https:\/\/dicodusport.fr\/blog\/mondiaux-de-marche-par-equipes-la-selection-francaise\/#primaryimage\"},\"image\":{\"@id\":\"https:\/\/dicodusport.fr\/blog\/mondiaux-de-marche-par-equipes-la-selection-francaise\/#primaryimage\"},\"thumbnailUrl\":\"https:\/\/dicodusport.fr\/blog\/wp-content\/uploads\/2024\/04\/Championnats-du-monde-de-marche-par-equipes-La-selection-francaise.png\",\"datePublished\":\"2024-04-09T12:39:56+00:00\",\"dateModified\":\"2024-04-09T15:25:52+00:00\",\"description\":\"ATHL\u00c9TISME - D\u00e9couvrez la s\u00e9lection fran\u00e7aise pour les championnats du monde de marche par \u00e9quipes qui ont lieu \u00e0 Antalya (Turquie) le 21 avril.\",\"breadcrumb\":{\"@id\":\"https:\/\/dicodusport.fr\/blog\/mondiaux-de-marche-par-equipes-la-selection-francaise\/#breadcrumb\"},\"inLanguage\":\"fr-FR\",\"potentialAction\":[{\"@type\":\"ReadAction\",\"target\":[\"https:\/\/dicodusport.fr\/blog\/mondiaux-de-marche-par-equipes-la-selection-francaise\/\"]}]},{\"@type\":\"ImageObject\",\"inLanguage\":\"fr-FR\",\"@id\":\"https:\/\/dicodusport.fr\/blog\/mondiaux-de-marche-par-equipes-la-selection-francaise\/#primaryimage\",\"url\":\"https:\/\/dicodusport.fr\/blog\/wp-content\/uploads\/2024\/04\/Championnats-du-monde-de-marche-par-equipes-La-selection-francaise.png\",\"contentUrl\":\"https:\/\/dicodusport.fr\/blog\/wp-content\/uploads\/2024\/04\/Championnats-du-monde-de-marche-par-equipes-La-selection-francaise.png\",\"width\":1200,\"height\":674,\"caption\":\"Championnats du monde de marche par \u00e9quipes - La s\u00e9lection fran\u00e7aise\"},{\"@type\":\"BreadcrumbList\",\"@id\":\"https:\/\/dicodusport.fr\/blog\/mondiaux-de-marche-par-equipes-la-selection-francaise\/#breadcrumb\",\"itemListElement\":[{\"@type\":\"ListItem\",\"position\":1,\"name\":\"Accueil\",\"item\":\"https:\/\/dicodusport.fr\/blog\/\"},{\"@type\":\"ListItem\",\"position\":2,\"name\":\"Mondiaux de marche par \u00e9quipes : La s\u00e9lection fran\u00e7aise\"}]},{\"@type\":\"WebSite\",\"@id\":\"https:\/\/dicodusport.fr\/blog\/#website\",\"url\":\"https:\/\/dicodusport.fr\/blog\/\",\"name\":\"Dicodusport\",\"description\":\"L&#039;encyclop\u00e9die de l&#039;actualit\u00e9 sportive\",\"publisher\":{\"@id\":\"https:\/\/dicodusport.fr\/blog\/#organization\"},\"potentialAction\":[{\"@type\":\"SearchAction\",\"target\":{\"@type\":\"EntryPoint\",\"urlTemplate\":\"https:\/\/dicodusport.fr\/blog\/?s={search_term_string}\"},\"query-input\":{\"@type\":\"PropertyValueSpecification\",\"valueRequired\":true,\"valueName\":\"search_term_string\"}}],\"inLanguage\":\"fr-FR\"},{\"@type\":\"NewsMediaOrganization\",\"@id\":\"https:\/\/dicodusport.fr\/blog\/#organization\",\"name\":\"Dicodusport\",\"url\":\"https:\/\/dicodusport.fr\/blog\/\",\"logo\":{\"@type\":\"ImageObject\",\"inLanguage\":\"fr-FR\",\"@id\":\"https:\/\/dicodusport.fr\/blog\/#\/schema\/logo\/image\/\",\"url\":\"https:\/\/dicodusport.fr\/blog\/wp-content\/uploads\/2020\/06\/cropped-LOGO-DICODUSPORT-2020-SANS-FOND-SANS-TEXTE.png\",\"contentUrl\":\"https:\/\/dicodusport.fr\/blog\/wp-content\/uploads\/2020\/06\/cropped-LOGO-DICODUSPORT-2020-SANS-FOND-SANS-TEXTE.png\",\"width\":512,\"height\":512,\"caption\":\"Dicodusport\"},\"image\":{\"@id\":\"https:\/\/dicodusport.fr\/blog\/#\/schema\/logo\/image\/\"},\"sameAs\":[\"https:\/\/www.facebook.com\/dicodusport\",\"https:\/\/x.com\/dicodusport\",\"https:\/\/www.instagram.com\/dicodusport\/\",\"https:\/\/www.youtube.com\/channel\/UC7V2KZ5sd3htJivAbA4ZG3w\"],\"description\":\"Dicodusport est l'encyclop\u00e9die de l'actualit\u00e9 sportive.\",\"email\":\"bonjour@dicodusport.fr\",\"legalName\":\"DICODUSPORT\",\"foundingDate\":\"2018-01-14\",\"vatID\":\"FR71834470973\",\"taxID\":\"83447097300043\",\"numberOfEmployees\":{\"@type\":\"QuantitativeValue\",\"minValue\":\"1\",\"maxValue\":\"10\"}},{\"@type\":\"Person\",\"@id\":\"https:\/\/dicodusport.fr\/blog\/#\/schema\/person\/d603dd7da31fb2b46c82b9835a77ec13\",\"name\":\"Etienne Goursaud\",\"image\":{\"@type\":\"ImageObject\",\"inLanguage\":\"fr-FR\",\"@id\":\"https:\/\/dicodusport.fr\/blog\/#\/schema\/person\/image\/\",\"url\":\"https:\/\/dicodusport.fr\/blog\/wp-content\/uploads\/2023\/12\/410122264_10231602061736049_5565839791558026645_n-150x150.jpg\",\"contentUrl\":\"https:\/\/dicodusport.fr\/blog\/wp-content\/uploads\/2023\/12\/410122264_10231602061736049_5565839791558026645_n-150x150.jpg\",\"caption\":\"Etienne Goursaud\"},\"description\":\"Journaliste et amoureux de sport. Ancien footballeur reconverti athl\u00e8te quand ses muscles le laissent tranquille. \u00c9lev\u00e9 \u00e0 la sauce des exploits de Thomas Voeckler en 2004, du dernier essai de l\u00e9gende de Eunice Barber \u00e0 la longueur lors des championnats du monde d'athl\u00e9tisme de 2003 mais aussi Zidane, Omeyer et Titou Lamaison.\",\"url\":\"https:\/\/dicodusport.fr\/blog\/author\/etienne-goursaud\/\"}]}<\/script>\n<!-- \/ Yoast SEO Premium plugin. -->","yoast_head_json":{"title":"Mondiaux de marche par \u00e9quipes : La s\u00e9lection fran\u00e7aise","description":"ATHL\u00c9TISME - D\u00e9couvrez la s\u00e9lection fran\u00e7aise pour les championnats du monde de marche par \u00e9quipes qui ont lieu \u00e0 Antalya (Turquie) le 21 avril.","robots":{"index":"index","follow":"follow","max-snippet":"max-snippet:-1","max-image-preview":"max-image-preview:large","max-video-preview":"max-video-preview:-1"},"canonical":"https:\/\/dicodusport.fr\/blog\/mondiaux-de-marche-par-equipes-la-selection-francaise\/","og_locale":"fr_FR","og_type":"article","og_title":"Mondiaux de marche par \u00e9quipes : La s\u00e9lection fran\u00e7aise","og_description":"ATHL\u00c9TISME - D\u00e9couvrez la s\u00e9lection fran\u00e7aise pour les championnats du monde de marche par \u00e9quipes qui ont lieu \u00e0 Antalya (Turquie) le 21 avril.","og_url":"https:\/\/dicodusport.fr\/blog\/mondiaux-de-marche-par-equipes-la-selection-francaise\/","og_site_name":"Dicodusport","article_publisher":"https:\/\/www.facebook.com\/dicodusport","article_published_time":"2024-04-09T12:39:56+00:00","article_modified_time":"2024-04-09T15:25:52+00:00","og_image":[{"width":1200,"height":674,"url":"https:\/\/dicodusport.fr\/blog\/wp-content\/uploads\/2024\/04\/Championnats-du-monde-de-marche-par-equipes-La-selection-francaise.png","type":"image\/png"}],"author":"Etienne Goursaud","twitter_card":"summary_large_image","twitter_title":"Mondiaux de marche par \u00e9quipes : La s\u00e9lection fran\u00e7aise","twitter_creator":"@dicodusport","twitter_site":"@dicodusport","schema":{"@context":"https:\/\/schema.org","@graph":[{"@type":"NewsArticle","@id":"https:\/\/dicodusport.fr\/blog\/mondiaux-de-marche-par-equipes-la-selection-francaise\/#article","isPartOf":{"@id":"https:\/\/dicodusport.fr\/blog\/mondiaux-de-marche-par-equipes-la-selection-francaise\/"},"author":{"name":"Etienne Goursaud","@id":"https:\/\/dicodusport.fr\/blog\/#\/schema\/person\/d603dd7da31fb2b46c82b9835a77ec13"},"headline":"Mondiaux de marche par \u00e9quipes : La s\u00e9lection fran\u00e7aise","datePublished":"2024-04-09T12:39:56+00:00","dateModified":"2024-04-09T15:25:52+00:00","mainEntityOfPage":{"@id":"https:\/\/dicodusport.fr\/blog\/mondiaux-de-marche-par-equipes-la-selection-francaise\/"},"wordCount":689,"commentCount":0,"publisher":{"@id":"https:\/\/dicodusport.fr\/blog\/#organization"},"image":{"@id":"https:\/\/dicodusport.fr\/blog\/mondiaux-de-marche-par-equipes-la-selection-francaise\/#primaryimage"},"thumbnailUrl":"https:\/\/dicodusport.fr\/blog\/wp-content\/uploads\/2024\/04\/Championnats-du-monde-de-marche-par-equipes-La-selection-francaise.png","keywords":["Athl\u00e9tisme","Athl\u00e9tisme fran\u00e7ais","Aur\u00e9lien Quinion","br\u00e8ve","Camille Moutard","Chlo\u00e9 Le Roch","Cl\u00e9mence Beretta","Gabriel Bordier","Pauline Stey"],"articleSection":["Athl\u00e9tisme"],"inLanguage":"fr-FR","potentialAction":[{"@type":"CommentAction","name":"Comment","target":["https:\/\/dicodusport.fr\/blog\/mondiaux-de-marche-par-equipes-la-selection-francaise\/#respond"]}],"copyrightYear":"2024","copyrightHolder":{"@id":"https:\/\/dicodusport.fr\/blog\/#organization"}},{"@type":"WebPage","@id":"https:\/\/dicodusport.fr\/blog\/mondiaux-de-marche-par-equipes-la-selection-francaise\/","url":"https:\/\/dicodusport.fr\/blog\/mondiaux-de-marche-par-equipes-la-selection-francaise\/","name":"Mondiaux de marche par \u00e9quipes : La s\u00e9lection fran\u00e7aise","isPartOf":{"@id":"https:\/\/dicodusport.fr\/blog\/#website"},"primaryImageOfPage":{"@id":"https:\/\/dicodusport.fr\/blog\/mondiaux-de-marche-par-equipes-la-selection-francaise\/#primaryimage"},"image":{"@id":"https:\/\/dicodusport.fr\/blog\/mondiaux-de-marche-par-equipes-la-selection-francaise\/#primaryimage"},"thumbnailUrl":"https:\/\/dicodusport.fr\/blog\/wp-content\/uploads\/2024\/04\/Championnats-du-monde-de-marche-par-equipes-La-selection-francaise.png","datePublished":"2024-04-09T12:39:56+00:00","dateModified":"2024-04-09T15:25:52+00:00","description":"ATHL\u00c9TISME - D\u00e9couvrez la s\u00e9lection fran\u00e7aise pour les championnats du monde de marche par \u00e9quipes qui ont lieu \u00e0 Antalya (Turquie) le 21 avril.","breadcrumb":{"@id":"https:\/\/dicodusport.fr\/blog\/mondiaux-de-marche-par-equipes-la-selection-francaise\/#breadcrumb"},"inLanguage":"fr-FR","potentialAction":[{"@type":"ReadAction","target":["https:\/\/dicodusport.fr\/blog\/mondiaux-de-marche-par-equipes-la-selection-francaise\/"]}]},{"@type":"ImageObject","inLanguage":"fr-FR","@id":"https:\/\/dicodusport.fr\/blog\/mondiaux-de-marche-par-equipes-la-selection-francaise\/#primaryimage","url":"https:\/\/dicodusport.fr\/blog\/wp-content\/uploads\/2024\/04\/Championnats-du-monde-de-marche-par-equipes-La-selection-francaise.png","contentUrl":"https:\/\/dicodusport.fr\/blog\/wp-content\/uploads\/2024\/04\/Championnats-du-monde-de-marche-par-equipes-La-selection-francaise.png","width":1200,"height":674,"caption":"Championnats du monde de marche par \u00e9quipes - La s\u00e9lection fran\u00e7aise"},{"@type":"BreadcrumbList","@id":"https:\/\/dicodusport.fr\/blog\/mondiaux-de-marche-par-equipes-la-selection-francaise\/#breadcrumb","itemListElement":[{"@type":"ListItem","position":1,"name":"Accueil","item":"https:\/\/dicodusport.fr\/blog\/"},{"@type":"ListItem","position":2,"name":"Mondiaux de marche par \u00e9quipes : La s\u00e9lection fran\u00e7aise"}]},{"@type":"WebSite","@id":"https:\/\/dicodusport.fr\/blog\/#website","url":"https:\/\/dicodusport.fr\/blog\/","name":"Dicodusport","description":"L&#039;encyclop\u00e9die de l&#039;actualit\u00e9 sportive","publisher":{"@id":"https:\/\/dicodusport.fr\/blog\/#organization"},"potentialAction":[{"@type":"SearchAction","target":{"@type":"EntryPoint","urlTemplate":"https:\/\/dicodusport.fr\/blog\/?s={search_term_string}"},"query-input":{"@type":"PropertyValueSpecification","valueRequired":true,"valueName":"search_term_string"}}],"inLanguage":"fr-FR"},{"@type":"NewsMediaOrganization","@id":"https:\/\/dicodusport.fr\/blog\/#organization","name":"Dicodusport","url":"https:\/\/dicodusport.fr\/blog\/","logo":{"@type":"ImageObject","inLanguage":"fr-FR","@id":"https:\/\/dicodusport.fr\/blog\/#\/schema\/logo\/image\/","url":"https:\/\/dicodusport.fr\/blog\/wp-content\/uploads\/2020\/06\/cropped-LOGO-DICODUSPORT-2020-SANS-FOND-SANS-TEXTE.png","contentUrl":"https:\/\/dicodusport.fr\/blog\/wp-content\/uploads\/2020\/06\/cropped-LOGO-DICODUSPORT-2020-SANS-FOND-SANS-TEXTE.png","width":512,"height":512,"caption":"Dicodusport"},"image":{"@id":"https:\/\/dicodusport.fr\/blog\/#\/schema\/logo\/image\/"},"sameAs":["https:\/\/www.facebook.com\/dicodusport","https:\/\/x.com\/dicodusport","https:\/\/www.instagram.com\/dicodusport\/","https:\/\/www.youtube.com\/channel\/UC7V2KZ5sd3htJivAbA4ZG3w"],"description":"Dicodusport est l'encyclop\u00e9die de l'actualit\u00e9 sportive.","email":"bonjour@dicodusport.fr","legalName":"DICODUSPORT","foundingDate":"2018-01-14","vatID":"FR71834470973","taxID":"83447097300043","numberOfEmployees":{"@type":"QuantitativeValue","minValue":"1","maxValue":"10"}},{"@type":"Person","@id":"https:\/\/dicodusport.fr\/blog\/#\/schema\/person\/d603dd7da31fb2b46c82b9835a77ec13","name":"Etienne Goursaud","image":{"@type":"ImageObject","inLanguage":"fr-FR","@id":"https:\/\/dicodusport.fr\/blog\/#\/schema\/person\/image\/","url":"https:\/\/dicodusport.fr\/blog\/wp-content\/uploads\/2023\/12\/410122264_10231602061736049_5565839791558026645_n-150x150.jpg","contentUrl":"https:\/\/dicodusport.fr\/blog\/wp-content\/uploads\/2023\/12\/410122264_10231602061736049_5565839791558026645_n-150x150.jpg","caption":"Etienne Goursaud"},"description":"Journaliste et amoureux de sport. Ancien footballeur reconverti athl\u00e8te quand ses muscles le laissent tranquille. \u00c9lev\u00e9 \u00e0 la sauce des exploits de Thomas Voeckler en 2004, du dernier essai de l\u00e9gende de Eunice Barber \u00e0 la longueur lors des championnats du monde d'athl\u00e9tisme de 2003 mais aussi Zidane, Omeyer et Titou Lamaison.","url":"https:\/\/dicodusport.fr\/blog\/author\/etienne-goursaud\/"}]}},"_links":{"self":[{"href":"https:\/\/dicodusport.fr\/blog\/wp-json\/wp\/v2\/posts\/477817","targetHints":{"allow":["GET"]}}],"collection":[{"href":"https:\/\/dicodusport.fr\/blog\/wp-json\/wp\/v2\/posts"}],"about":[{"href":"https:\/\/dicodusport.fr\/blog\/wp-json\/wp\/v2\/types\/post"}],"author":[{"embeddable":true,"href":"https:\/\/dicodusport.fr\/blog\/wp-json\/wp\/v2\/users\/83"}],"replies":[{"embeddable":true,"href":"https:\/\/dicodusport.fr\/blog\/wp-json\/wp\/v2\/comments?post=477817"}],"version-history":[{"count":5,"href":"https:\/\/dicodusport.fr\/blog\/wp-json\/wp\/v2\/posts\/477817\/revisions"}],"predecessor-version":[{"id":477876,"href":"https:\/\/dicodusport.fr\/blog\/wp-json\/wp\/v2\/posts\/477817\/revisions\/477876"}],"wp:featuredmedia":[{"embeddable":true,"href":"https:\/\/dicodusport.fr\/blog\/wp-json\/wp\/v2\/media\/477823"}],"wp:attachment":[{"href":"https:\/\/dicodusport.fr\/blog\/wp-json\/wp\/v2\/media?parent=477817"}],"wp:term":[{"taxonomy":"category","embeddable":true,"href":"https:\/\/dicodusport.fr\/blog\/wp-json\/wp\/v2\/categories?post=477817"},{"taxonomy":"post_tag","embeddable":true,"href":"https:\/\/dicodusport.fr\/blog\/wp-json\/wp\/v2\/tags?post=477817"}],"curies":[{"name":"wp","href":"https:\/\/api.w.org\/{rel}","templated":true}]}}