{"id":478171,"date":"2024-04-14T11:43:10","date_gmt":"2024-04-14T09:43:10","guid":{"rendered":"https:\/\/dicodusport.fr\/blog\/?p=478171&#038;preview=true&#038;preview_id=478171"},"modified":"2024-04-14T11:43:46","modified_gmt":"2024-04-14T09:43:46","slug":"tour-du-doubs-2024-parcours-detaille-et-profil","status":"publish","type":"post","link":"https:\/\/dicodusport.fr\/blog\/tour-du-doubs-2024-parcours-detaille-et-profil\/","title":{"rendered":"Tour du Doubs 2024 : Parcours et profil"},"content":{"rendered":"<p style=\"text-align: justify;\"><strong><em>TOUR DU DOUBS 2024 &#8211; Le 38e Tour du Doubs se tiendra le dimanche 14 avril 2024, pour 200 kilom\u00e8tres de course entre Morteau et Pontarlier. Cette course conclura le Triptyque jurassien. Cette \u00e9dition sera plus difficile que les ann\u00e9es pr\u00e9c\u00e9dentes. Parcours, profil et favoris.<\/em><\/strong><\/p>\n<ul>\n<li style=\"text-align: justify;\"><strong>\u00c0 ce sujet &#8211; <a href=\"https:\/\/dicodusport.fr\/blog\/tour-du-doubs-2024-engages-et-favoris\/\">Tour du Doubs 2024 : Engag\u00e9s et favoris<\/a><\/strong><\/li>\n<\/ul>\n<h2 style=\"text-align: justify;\">Parcours et profil du Tour du Doubs 2024<\/h2>\n<p style=\"text-align: justify;\">D&rsquo;abord, les concurrents s&rsquo;\u00e9lanceront de <strong>Morteau<\/strong> sur la Place de la Halle pour sept premiers kilom\u00e8tres plats. Le roulant <strong>Col du Tonet<\/strong> (7,5 km \u00e0 2,8 %) permettra \u00e0 l&rsquo;\u00e9chapp\u00e9e matinale de se former.<\/p>\n<p style=\"text-align: justify;\">Apr\u00e8s une descente en deux temps par <strong>Orchamps-Vennes<\/strong>, les coureurs monteront jusqu&rsquo;\u00e0 <strong>Bretonvillers<\/strong> pour une ascension de 4,7 kilom\u00e8tres \u00e0 4,9 %, avant d&rsquo;atteindre un plateau de 45 kilom\u00e8tres. Sur ce plateau, il y aura quelques petites bosses, notamment \u00e0 <strong>Belleherbe<\/strong> (1,7 km \u00e0 4,6 %).<\/p>\n<p style=\"text-align: justify;\">Ensuite, la descente suivante m\u00e8nera les coureurs au pied de la mont\u00e9e vers <strong>Longeville<\/strong> (5,3 km \u00e0 5,5 %). Au sommet, les coureurs retrouveront un grand plateau sur pr\u00e8s de 60 kilom\u00e8tres. Cependant, il sera marqu\u00e9 d&rsquo;une belle mont\u00e9e de 4 km \u00e0 4 % avant d&rsquo;entrer dans le Parc Naturel R\u00e9gional des Troubli\u00e8res de Frasnes. Au kilom\u00e8tre 152, les coureurs emprunteront une route foresti\u00e8re \u00e9troite (non gravel), d&rsquo;un kilom\u00e8tre avec un pourcentage moyen de 12 %, avec un court passage \u00e0 16 %.<\/p>\n<p style=\"text-align: justify;\">Puis, le peloton montera ensuite le <strong>Col de la R\u00e9publique<\/strong> (5,1 km \u00e0 3,5 %). Apr\u00e8s une descente en deux temps, ce sera une nouvelle portion plate pr\u00e9sentant tout de m\u00eame un raidard \u00e0 <strong>Montperreux<\/strong> (1,5 km m\u00e8tres \u00e0 5,6 %) pour atteindre <strong>Pontarlier.<\/strong> Enfin, ce sera la mont\u00e9e finale vers <strong>Le Larmont<\/strong> (6,4 km \u00e0 5,4 %) qui fera office de juge de paix ce dimanche.<\/p>\n<div id=\"attachment_478584\" style=\"width: 2058px\" class=\"wp-caption aligncenter\"><img loading=\"lazy\" decoding=\"async\" aria-describedby=\"caption-attachment-478584\" class=\"size-full wp-image-478584\" src=\"https:\/\/dicodusport.fr\/blog\/wp-content\/uploads\/2024\/04\/Profil-du-Tour-du-Doubs-2024.jpg\" alt=\"Profil Tour du Jura 2024\" width=\"2048\" height=\"1051\" srcset=\"https:\/\/dicodusport.fr\/blog\/wp-content\/uploads\/2024\/04\/Profil-du-Tour-du-Doubs-2024.jpg 2048w, https:\/\/dicodusport.fr\/blog\/wp-content\/uploads\/2024\/04\/Profil-du-Tour-du-Doubs-2024-300x154.jpg 300w, https:\/\/dicodusport.fr\/blog\/wp-content\/uploads\/2024\/04\/Profil-du-Tour-du-Doubs-2024-1024x526.jpg 1024w, https:\/\/dicodusport.fr\/blog\/wp-content\/uploads\/2024\/04\/Profil-du-Tour-du-Doubs-2024-768x394.jpg 768w, https:\/\/dicodusport.fr\/blog\/wp-content\/uploads\/2024\/04\/Profil-du-Tour-du-Doubs-2024-1536x788.jpg 1536w\" sizes=\"auto, (max-width: 2048px) 100vw, 2048px\" \/><p id=\"caption-attachment-478584\" class=\"wp-caption-text\">Profil Tour du Jura 2024<\/p><\/div>\n<hr \/>\n<ul>\n<li style=\"text-align: justify;\"><strong>\u00c0 ce sujet \u2013\u00a0<a href=\"https:\/\/dicodusport.fr\/blog\/cyclisme-calendrier-et-resultats-coupe-de-france-2024\/\">R\u00e9sultats et calendrier Coupe de France de cyclisme 2024<\/a><\/strong><\/li>\n<li style=\"text-align: justify;\"><strong>\u00c0 ce sujet \u2013\u00a0<a href=\"https:\/\/dicodusport.fr\/blog\/cyclisme-classement-general-coupe-de-france-2024\/\">Cyclisme Coupe de France 2024 \u2013 Classement g\u00e9n\u00e9ral<\/a><\/strong><\/li>\n<\/ul>\n<hr \/>\n<h2 style=\"text-align: justify;\">Palmar\u00e8s du Tour du Doubs<\/h2>\n<p>2023 &#8211; HERRADA Jesus &#8211; <a href=\"https:\/\/dicodusport.fr\/blog\/classement-tour-du-doubs-2023\/\"><em>Classement de la course<\/em><\/a><\/p>\n<p style=\"text-align: justify;\">2022 &#8211; MADOUAS Valentin &#8211; <em><a href=\"https:\/\/dicodusport.fr\/blog\/classement-tour-du-doubs-2022\/\">Classement de la course<\/a><\/em><\/p>\n<p style=\"text-align: justify;\">2021 &#8211; GODON Dorian<\/p>\n<p style=\"text-align: justify;\">2020 &#8211; VLIEGEN Lo\u00efc<\/p>\n<p style=\"text-align: justify;\">2019 &#8211; K\u00dcNG Stefan<\/p>\n<p style=\"text-align: justify;\">2018 &#8211; SIMON Julien<\/p>\n<p style=\"text-align: justify;\">2017 &#8211; HARDY Romain<\/p>\n<p style=\"text-align: justify;\">2016 &#8211; DUMOULIN Samuel<\/p>\n<p style=\"text-align: justify;\">2015 &#8211; SEP\u00daLVEDA Eduardo<\/p>\n<p style=\"text-align: justify;\">2014 &#8211; TAARAM\u00c4E Rein<\/p>\n<p style=\"text-align: justify;\">2013 &#8211; SARAMOTINS Aleksejs<\/p>\n<p style=\"text-align: justify;\">\n","protected":false},"excerpt":{"rendered":"<p>TOUR DU DOUBS 2024 &#8211; Le 38e Tour du Doubs se tiendra le dimanche 14 avril 2024. Parcours et profil de la course doubiste.<\/p>\n","protected":false},"author":48,"featured_media":478612,"comment_status":"open","ping_status":"closed","sticky":false,"template":"","format":"standard","meta":{"_acf_changed":false,"_daextam_enable_autolinks":"1","footnotes":""},"categories":[46994],"tags":[3119,16878,19025],"class_list":["post-478171","post","type-post","status-publish","format-standard","has-post-thumbnail","hentry","category-cyclisme-sur-route","tag-actualite-cyclisme","tag-breve","tag-tour-du-doubs"],"acf":[],"yoast_head":"<!-- This site is optimized with the Yoast SEO Premium plugin v26.7 (Yoast SEO v26.7) - https:\/\/yoast.com\/wordpress\/plugins\/seo\/ -->\n<title>Tour du Doubs 2024 : Parcours et profil<\/title>\n<meta name=\"description\" content=\"TOUR DU DOUBS 2024 - Le 38e Tour du Doubs se tiendra le dimanche 14 avril 2024. Parcours et profil de la course doubiste.\" \/>\n<meta name=\"robots\" content=\"index, follow, max-snippet:-1, max-image-preview:large, max-video-preview:-1\" \/>\n<link rel=\"canonical\" href=\"https:\/\/dicodusport.fr\/blog\/tour-du-doubs-2024-parcours-detaille-et-profil\/\" \/>\n<meta property=\"og:locale\" content=\"fr_FR\" \/>\n<meta property=\"og:type\" content=\"article\" \/>\n<meta property=\"og:title\" content=\"Tour du Doubs 2024 : Parcours et profil\" \/>\n<meta property=\"og:description\" content=\"TOUR DU DOUBS 2024 - Le 38e Tour du Doubs se tiendra le dimanche 14 avril 2024. Parcours et profil de la course doubiste.\" \/>\n<meta property=\"og:url\" content=\"https:\/\/dicodusport.fr\/blog\/tour-du-doubs-2024-parcours-detaille-et-profil\/\" \/>\n<meta property=\"og:site_name\" content=\"Dicodusport\" \/>\n<meta property=\"article:publisher\" content=\"https:\/\/www.facebook.com\/dicodusport\" \/>\n<meta property=\"article:author\" content=\"https:\/\/www.facebook.com\/groups\/LesRoisDuPeloton\" \/>\n<meta property=\"article:published_time\" content=\"2024-04-14T09:43:10+00:00\" \/>\n<meta property=\"article:modified_time\" content=\"2024-04-14T09:43:46+00:00\" \/>\n<meta property=\"og:image\" content=\"https:\/\/dicodusport.fr\/blog\/wp-content\/uploads\/2024\/04\/Tour-du-Doubs-2024-Parcours-detaille-et-profil.png\" \/>\n\t<meta property=\"og:image:width\" content=\"1200\" \/>\n\t<meta property=\"og:image:height\" content=\"674\" \/>\n\t<meta property=\"og:image:type\" content=\"image\/png\" \/>\n<meta name=\"author\" content=\"Emilien Descampiaux\" \/>\n<meta name=\"twitter:card\" content=\"summary_large_image\" \/>\n<meta name=\"twitter:title\" content=\"Tour du Doubs 2024 : Parcours et profil\" \/>\n<meta name=\"twitter:creator\" content=\"@https:\/\/twitter.com\/LRoisDuPeloton\" \/>\n<meta name=\"twitter:site\" content=\"@dicodusport\" \/>\n<script type=\"application\/ld+json\" class=\"yoast-schema-graph\">{\"@context\":\"https:\/\/schema.org\",\"@graph\":[{\"@type\":\"NewsArticle\",\"@id\":\"https:\/\/dicodusport.fr\/blog\/tour-du-doubs-2024-parcours-detaille-et-profil\/#article\",\"isPartOf\":{\"@id\":\"https:\/\/dicodusport.fr\/blog\/tour-du-doubs-2024-parcours-detaille-et-profil\/\"},\"author\":{\"name\":\"Emilien Descampiaux\",\"@id\":\"https:\/\/dicodusport.fr\/blog\/#\/schema\/person\/6db4bae06b171592211be385b32876a7\"},\"headline\":\"Tour du Doubs 2024 : Parcours et profil\",\"datePublished\":\"2024-04-14T09:43:10+00:00\",\"dateModified\":\"2024-04-14T09:43:46+00:00\",\"mainEntityOfPage\":{\"@id\":\"https:\/\/dicodusport.fr\/blog\/tour-du-doubs-2024-parcours-detaille-et-profil\/\"},\"wordCount\":369,\"commentCount\":0,\"publisher\":{\"@id\":\"https:\/\/dicodusport.fr\/blog\/#organization\"},\"image\":{\"@id\":\"https:\/\/dicodusport.fr\/blog\/tour-du-doubs-2024-parcours-detaille-et-profil\/#primaryimage\"},\"thumbnailUrl\":\"https:\/\/dicodusport.fr\/blog\/wp-content\/uploads\/2024\/04\/Tour-du-Doubs-2024-Parcours-detaille-et-profil.png\",\"keywords\":[\"Actualit\u00e9 Cyclisme\",\"br\u00e8ve\",\"Tour du Doubs\"],\"articleSection\":[\"Cyclisme sur route\"],\"inLanguage\":\"fr-FR\",\"potentialAction\":[{\"@type\":\"CommentAction\",\"name\":\"Comment\",\"target\":[\"https:\/\/dicodusport.fr\/blog\/tour-du-doubs-2024-parcours-detaille-et-profil\/#respond\"]}],\"copyrightYear\":\"2024\",\"copyrightHolder\":{\"@id\":\"https:\/\/dicodusport.fr\/blog\/#organization\"}},{\"@type\":\"WebPage\",\"@id\":\"https:\/\/dicodusport.fr\/blog\/tour-du-doubs-2024-parcours-detaille-et-profil\/\",\"url\":\"https:\/\/dicodusport.fr\/blog\/tour-du-doubs-2024-parcours-detaille-et-profil\/\",\"name\":\"Tour du Doubs 2024 : Parcours et profil\",\"isPartOf\":{\"@id\":\"https:\/\/dicodusport.fr\/blog\/#website\"},\"primaryImageOfPage\":{\"@id\":\"https:\/\/dicodusport.fr\/blog\/tour-du-doubs-2024-parcours-detaille-et-profil\/#primaryimage\"},\"image\":{\"@id\":\"https:\/\/dicodusport.fr\/blog\/tour-du-doubs-2024-parcours-detaille-et-profil\/#primaryimage\"},\"thumbnailUrl\":\"https:\/\/dicodusport.fr\/blog\/wp-content\/uploads\/2024\/04\/Tour-du-Doubs-2024-Parcours-detaille-et-profil.png\",\"datePublished\":\"2024-04-14T09:43:10+00:00\",\"dateModified\":\"2024-04-14T09:43:46+00:00\",\"description\":\"TOUR DU DOUBS 2024 - Le 38e Tour du Doubs se tiendra le dimanche 14 avril 2024. Parcours et profil de la course doubiste.\",\"breadcrumb\":{\"@id\":\"https:\/\/dicodusport.fr\/blog\/tour-du-doubs-2024-parcours-detaille-et-profil\/#breadcrumb\"},\"inLanguage\":\"fr-FR\",\"potentialAction\":[{\"@type\":\"ReadAction\",\"target\":[\"https:\/\/dicodusport.fr\/blog\/tour-du-doubs-2024-parcours-detaille-et-profil\/\"]}]},{\"@type\":\"ImageObject\",\"inLanguage\":\"fr-FR\",\"@id\":\"https:\/\/dicodusport.fr\/blog\/tour-du-doubs-2024-parcours-detaille-et-profil\/#primaryimage\",\"url\":\"https:\/\/dicodusport.fr\/blog\/wp-content\/uploads\/2024\/04\/Tour-du-Doubs-2024-Parcours-detaille-et-profil.png\",\"contentUrl\":\"https:\/\/dicodusport.fr\/blog\/wp-content\/uploads\/2024\/04\/Tour-du-Doubs-2024-Parcours-detaille-et-profil.png\",\"width\":1200,\"height\":674,\"caption\":\"Tour du Doubs 2024 Parcours d\u00e9taill\u00e9 et profil\"},{\"@type\":\"BreadcrumbList\",\"@id\":\"https:\/\/dicodusport.fr\/blog\/tour-du-doubs-2024-parcours-detaille-et-profil\/#breadcrumb\",\"itemListElement\":[{\"@type\":\"ListItem\",\"position\":1,\"name\":\"Accueil\",\"item\":\"https:\/\/dicodusport.fr\/blog\/\"},{\"@type\":\"ListItem\",\"position\":2,\"name\":\"Tour du Doubs 2024 : Parcours et profil\"}]},{\"@type\":\"WebSite\",\"@id\":\"https:\/\/dicodusport.fr\/blog\/#website\",\"url\":\"https:\/\/dicodusport.fr\/blog\/\",\"name\":\"Dicodusport\",\"description\":\"L&#039;encyclop\u00e9die de l&#039;actualit\u00e9 sportive\",\"publisher\":{\"@id\":\"https:\/\/dicodusport.fr\/blog\/#organization\"},\"potentialAction\":[{\"@type\":\"SearchAction\",\"target\":{\"@type\":\"EntryPoint\",\"urlTemplate\":\"https:\/\/dicodusport.fr\/blog\/?s={search_term_string}\"},\"query-input\":{\"@type\":\"PropertyValueSpecification\",\"valueRequired\":true,\"valueName\":\"search_term_string\"}}],\"inLanguage\":\"fr-FR\"},{\"@type\":\"NewsMediaOrganization\",\"@id\":\"https:\/\/dicodusport.fr\/blog\/#organization\",\"name\":\"Dicodusport\",\"url\":\"https:\/\/dicodusport.fr\/blog\/\",\"logo\":{\"@type\":\"ImageObject\",\"inLanguage\":\"fr-FR\",\"@id\":\"https:\/\/dicodusport.fr\/blog\/#\/schema\/logo\/image\/\",\"url\":\"https:\/\/dicodusport.fr\/blog\/wp-content\/uploads\/2020\/06\/cropped-LOGO-DICODUSPORT-2020-SANS-FOND-SANS-TEXTE.png\",\"contentUrl\":\"https:\/\/dicodusport.fr\/blog\/wp-content\/uploads\/2020\/06\/cropped-LOGO-DICODUSPORT-2020-SANS-FOND-SANS-TEXTE.png\",\"width\":512,\"height\":512,\"caption\":\"Dicodusport\"},\"image\":{\"@id\":\"https:\/\/dicodusport.fr\/blog\/#\/schema\/logo\/image\/\"},\"sameAs\":[\"https:\/\/www.facebook.com\/dicodusport\",\"https:\/\/x.com\/dicodusport\",\"https:\/\/www.instagram.com\/dicodusport\/\",\"https:\/\/www.youtube.com\/channel\/UC7V2KZ5sd3htJivAbA4ZG3w\"],\"description\":\"Dicodusport est l'encyclop\u00e9die de l'actualit\u00e9 sportive.\",\"email\":\"bonjour@dicodusport.fr\",\"legalName\":\"DICODUSPORT\",\"foundingDate\":\"2018-01-14\",\"vatID\":\"FR71834470973\",\"taxID\":\"83447097300043\",\"numberOfEmployees\":{\"@type\":\"QuantitativeValue\",\"minValue\":\"1\",\"maxValue\":\"10\"}},{\"@type\":\"Person\",\"@id\":\"https:\/\/dicodusport.fr\/blog\/#\/schema\/person\/6db4bae06b171592211be385b32876a7\",\"name\":\"Emilien Descampiaux\",\"image\":{\"@type\":\"ImageObject\",\"inLanguage\":\"fr-FR\",\"@id\":\"https:\/\/dicodusport.fr\/blog\/#\/schema\/person\/image\/\",\"url\":\"https:\/\/dicodusport.fr\/blog\/wp-content\/uploads\/2021\/05\/Emilien-Descampiaux-150x150.jpg\",\"contentUrl\":\"https:\/\/dicodusport.fr\/blog\/wp-content\/uploads\/2021\/05\/Emilien-Descampiaux-150x150.jpg\",\"caption\":\"Emilien Descampiaux\"},\"description\":\"Journaliste\/r\u00e9dacteur depuis 2014 - Fan de la classe de Frank Vandenbroucke, je vis cyclisme (et de ses paysages) depuis plus de 20 ans. Je suis tr\u00e8s impliqu\u00e9 sur mes diff\u00e9rents r\u00e9seaux sociaux pour partager ma passion sur le monde et l'Histoire de la bicyclette avec ma voix sur les images en noir et blanc du succ\u00e8s de Rik Van Steenbergen lors du Ronde sur le V\u00e9lodrome de Gand.\",\"sameAs\":[\"https:\/\/www.facebook.com\/groups\/LesRoisDuPeloton\",\"https:\/\/x.com\/https:\/\/twitter.com\/LRoisDuPeloton\"],\"url\":\"https:\/\/dicodusport.fr\/blog\/author\/emiliend\/\"}]}<\/script>\n<!-- \/ Yoast SEO Premium plugin. -->","yoast_head_json":{"title":"Tour du Doubs 2024 : Parcours et profil","description":"TOUR DU DOUBS 2024 - Le 38e Tour du Doubs se tiendra le dimanche 14 avril 2024. Parcours et profil de la course doubiste.","robots":{"index":"index","follow":"follow","max-snippet":"max-snippet:-1","max-image-preview":"max-image-preview:large","max-video-preview":"max-video-preview:-1"},"canonical":"https:\/\/dicodusport.fr\/blog\/tour-du-doubs-2024-parcours-detaille-et-profil\/","og_locale":"fr_FR","og_type":"article","og_title":"Tour du Doubs 2024 : Parcours et profil","og_description":"TOUR DU DOUBS 2024 - Le 38e Tour du Doubs se tiendra le dimanche 14 avril 2024. Parcours et profil de la course doubiste.","og_url":"https:\/\/dicodusport.fr\/blog\/tour-du-doubs-2024-parcours-detaille-et-profil\/","og_site_name":"Dicodusport","article_publisher":"https:\/\/www.facebook.com\/dicodusport","article_author":"https:\/\/www.facebook.com\/groups\/LesRoisDuPeloton","article_published_time":"2024-04-14T09:43:10+00:00","article_modified_time":"2024-04-14T09:43:46+00:00","og_image":[{"width":1200,"height":674,"url":"https:\/\/dicodusport.fr\/blog\/wp-content\/uploads\/2024\/04\/Tour-du-Doubs-2024-Parcours-detaille-et-profil.png","type":"image\/png"}],"author":"Emilien Descampiaux","twitter_card":"summary_large_image","twitter_title":"Tour du Doubs 2024 : Parcours et profil","twitter_creator":"@https:\/\/twitter.com\/LRoisDuPeloton","twitter_site":"@dicodusport","schema":{"@context":"https:\/\/schema.org","@graph":[{"@type":"NewsArticle","@id":"https:\/\/dicodusport.fr\/blog\/tour-du-doubs-2024-parcours-detaille-et-profil\/#article","isPartOf":{"@id":"https:\/\/dicodusport.fr\/blog\/tour-du-doubs-2024-parcours-detaille-et-profil\/"},"author":{"name":"Emilien Descampiaux","@id":"https:\/\/dicodusport.fr\/blog\/#\/schema\/person\/6db4bae06b171592211be385b32876a7"},"headline":"Tour du Doubs 2024 : Parcours et profil","datePublished":"2024-04-14T09:43:10+00:00","dateModified":"2024-04-14T09:43:46+00:00","mainEntityOfPage":{"@id":"https:\/\/dicodusport.fr\/blog\/tour-du-doubs-2024-parcours-detaille-et-profil\/"},"wordCount":369,"commentCount":0,"publisher":{"@id":"https:\/\/dicodusport.fr\/blog\/#organization"},"image":{"@id":"https:\/\/dicodusport.fr\/blog\/tour-du-doubs-2024-parcours-detaille-et-profil\/#primaryimage"},"thumbnailUrl":"https:\/\/dicodusport.fr\/blog\/wp-content\/uploads\/2024\/04\/Tour-du-Doubs-2024-Parcours-detaille-et-profil.png","keywords":["Actualit\u00e9 Cyclisme","br\u00e8ve","Tour du Doubs"],"articleSection":["Cyclisme sur route"],"inLanguage":"fr-FR","potentialAction":[{"@type":"CommentAction","name":"Comment","target":["https:\/\/dicodusport.fr\/blog\/tour-du-doubs-2024-parcours-detaille-et-profil\/#respond"]}],"copyrightYear":"2024","copyrightHolder":{"@id":"https:\/\/dicodusport.fr\/blog\/#organization"}},{"@type":"WebPage","@id":"https:\/\/dicodusport.fr\/blog\/tour-du-doubs-2024-parcours-detaille-et-profil\/","url":"https:\/\/dicodusport.fr\/blog\/tour-du-doubs-2024-parcours-detaille-et-profil\/","name":"Tour du Doubs 2024 : Parcours et profil","isPartOf":{"@id":"https:\/\/dicodusport.fr\/blog\/#website"},"primaryImageOfPage":{"@id":"https:\/\/dicodusport.fr\/blog\/tour-du-doubs-2024-parcours-detaille-et-profil\/#primaryimage"},"image":{"@id":"https:\/\/dicodusport.fr\/blog\/tour-du-doubs-2024-parcours-detaille-et-profil\/#primaryimage"},"thumbnailUrl":"https:\/\/dicodusport.fr\/blog\/wp-content\/uploads\/2024\/04\/Tour-du-Doubs-2024-Parcours-detaille-et-profil.png","datePublished":"2024-04-14T09:43:10+00:00","dateModified":"2024-04-14T09:43:46+00:00","description":"TOUR DU DOUBS 2024 - Le 38e Tour du Doubs se tiendra le dimanche 14 avril 2024. Parcours et profil de la course doubiste.","breadcrumb":{"@id":"https:\/\/dicodusport.fr\/blog\/tour-du-doubs-2024-parcours-detaille-et-profil\/#breadcrumb"},"inLanguage":"fr-FR","potentialAction":[{"@type":"ReadAction","target":["https:\/\/dicodusport.fr\/blog\/tour-du-doubs-2024-parcours-detaille-et-profil\/"]}]},{"@type":"ImageObject","inLanguage":"fr-FR","@id":"https:\/\/dicodusport.fr\/blog\/tour-du-doubs-2024-parcours-detaille-et-profil\/#primaryimage","url":"https:\/\/dicodusport.fr\/blog\/wp-content\/uploads\/2024\/04\/Tour-du-Doubs-2024-Parcours-detaille-et-profil.png","contentUrl":"https:\/\/dicodusport.fr\/blog\/wp-content\/uploads\/2024\/04\/Tour-du-Doubs-2024-Parcours-detaille-et-profil.png","width":1200,"height":674,"caption":"Tour du Doubs 2024 Parcours d\u00e9taill\u00e9 et profil"},{"@type":"BreadcrumbList","@id":"https:\/\/dicodusport.fr\/blog\/tour-du-doubs-2024-parcours-detaille-et-profil\/#breadcrumb","itemListElement":[{"@type":"ListItem","position":1,"name":"Accueil","item":"https:\/\/dicodusport.fr\/blog\/"},{"@type":"ListItem","position":2,"name":"Tour du Doubs 2024 : Parcours et profil"}]},{"@type":"WebSite","@id":"https:\/\/dicodusport.fr\/blog\/#website","url":"https:\/\/dicodusport.fr\/blog\/","name":"Dicodusport","description":"L&#039;encyclop\u00e9die de l&#039;actualit\u00e9 sportive","publisher":{"@id":"https:\/\/dicodusport.fr\/blog\/#organization"},"potentialAction":[{"@type":"SearchAction","target":{"@type":"EntryPoint","urlTemplate":"https:\/\/dicodusport.fr\/blog\/?s={search_term_string}"},"query-input":{"@type":"PropertyValueSpecification","valueRequired":true,"valueName":"search_term_string"}}],"inLanguage":"fr-FR"},{"@type":"NewsMediaOrganization","@id":"https:\/\/dicodusport.fr\/blog\/#organization","name":"Dicodusport","url":"https:\/\/dicodusport.fr\/blog\/","logo":{"@type":"ImageObject","inLanguage":"fr-FR","@id":"https:\/\/dicodusport.fr\/blog\/#\/schema\/logo\/image\/","url":"https:\/\/dicodusport.fr\/blog\/wp-content\/uploads\/2020\/06\/cropped-LOGO-DICODUSPORT-2020-SANS-FOND-SANS-TEXTE.png","contentUrl":"https:\/\/dicodusport.fr\/blog\/wp-content\/uploads\/2020\/06\/cropped-LOGO-DICODUSPORT-2020-SANS-FOND-SANS-TEXTE.png","width":512,"height":512,"caption":"Dicodusport"},"image":{"@id":"https:\/\/dicodusport.fr\/blog\/#\/schema\/logo\/image\/"},"sameAs":["https:\/\/www.facebook.com\/dicodusport","https:\/\/x.com\/dicodusport","https:\/\/www.instagram.com\/dicodusport\/","https:\/\/www.youtube.com\/channel\/UC7V2KZ5sd3htJivAbA4ZG3w"],"description":"Dicodusport est l'encyclop\u00e9die de l'actualit\u00e9 sportive.","email":"bonjour@dicodusport.fr","legalName":"DICODUSPORT","foundingDate":"2018-01-14","vatID":"FR71834470973","taxID":"83447097300043","numberOfEmployees":{"@type":"QuantitativeValue","minValue":"1","maxValue":"10"}},{"@type":"Person","@id":"https:\/\/dicodusport.fr\/blog\/#\/schema\/person\/6db4bae06b171592211be385b32876a7","name":"Emilien Descampiaux","image":{"@type":"ImageObject","inLanguage":"fr-FR","@id":"https:\/\/dicodusport.fr\/blog\/#\/schema\/person\/image\/","url":"https:\/\/dicodusport.fr\/blog\/wp-content\/uploads\/2021\/05\/Emilien-Descampiaux-150x150.jpg","contentUrl":"https:\/\/dicodusport.fr\/blog\/wp-content\/uploads\/2021\/05\/Emilien-Descampiaux-150x150.jpg","caption":"Emilien Descampiaux"},"description":"Journaliste\/r\u00e9dacteur depuis 2014 - Fan de la classe de Frank Vandenbroucke, je vis cyclisme (et de ses paysages) depuis plus de 20 ans. Je suis tr\u00e8s impliqu\u00e9 sur mes diff\u00e9rents r\u00e9seaux sociaux pour partager ma passion sur le monde et l'Histoire de la bicyclette avec ma voix sur les images en noir et blanc du succ\u00e8s de Rik Van Steenbergen lors du Ronde sur le V\u00e9lodrome de Gand.","sameAs":["https:\/\/www.facebook.com\/groups\/LesRoisDuPeloton","https:\/\/x.com\/https:\/\/twitter.com\/LRoisDuPeloton"],"url":"https:\/\/dicodusport.fr\/blog\/author\/emiliend\/"}]}},"_links":{"self":[{"href":"https:\/\/dicodusport.fr\/blog\/wp-json\/wp\/v2\/posts\/478171","targetHints":{"allow":["GET"]}}],"collection":[{"href":"https:\/\/dicodusport.fr\/blog\/wp-json\/wp\/v2\/posts"}],"about":[{"href":"https:\/\/dicodusport.fr\/blog\/wp-json\/wp\/v2\/types\/post"}],"author":[{"embeddable":true,"href":"https:\/\/dicodusport.fr\/blog\/wp-json\/wp\/v2\/users\/48"}],"replies":[{"embeddable":true,"href":"https:\/\/dicodusport.fr\/blog\/wp-json\/wp\/v2\/comments?post=478171"}],"version-history":[{"count":5,"href":"https:\/\/dicodusport.fr\/blog\/wp-json\/wp\/v2\/posts\/478171\/revisions"}],"predecessor-version":[{"id":478937,"href":"https:\/\/dicodusport.fr\/blog\/wp-json\/wp\/v2\/posts\/478171\/revisions\/478937"}],"wp:featuredmedia":[{"embeddable":true,"href":"https:\/\/dicodusport.fr\/blog\/wp-json\/wp\/v2\/media\/478612"}],"wp:attachment":[{"href":"https:\/\/dicodusport.fr\/blog\/wp-json\/wp\/v2\/media?parent=478171"}],"wp:term":[{"taxonomy":"category","embeddable":true,"href":"https:\/\/dicodusport.fr\/blog\/wp-json\/wp\/v2\/categories?post=478171"},{"taxonomy":"post_tag","embeddable":true,"href":"https:\/\/dicodusport.fr\/blog\/wp-json\/wp\/v2\/tags?post=478171"}],"curies":[{"name":"wp","href":"https:\/\/api.w.org\/{rel}","templated":true}]}}