{"id":478215,"date":"2024-04-11T15:34:23","date_gmt":"2024-04-11T13:34:23","guid":{"rendered":"https:\/\/dicodusport.fr\/blog\/?p=478215&#038;preview=true&#038;preview_id=478215"},"modified":"2024-04-11T18:06:50","modified_gmt":"2024-04-11T16:06:50","slug":"om-la-composition-probable-de-marseille-pour-affronter-benfica","status":"publish","type":"post","link":"https:\/\/dicodusport.fr\/blog\/om-la-composition-probable-de-marseille-pour-affronter-benfica\/","title":{"rendered":"OM : La composition probable de Marseille pour affronter Benfica"},"content":{"rendered":"<p style=\"text-align: justify;\" align=\"justify\"><em><strong>LIGUE EUROPA 2023-2024<b>\u00a0\u2013<\/b> Selon L&rsquo;\u00c9quipe, l&rsquo;Olympique de Marseille va \u00e9voluer dans son sch\u00e9ma habituel pour le match aller face \u00e0 Benfica.<\/strong><\/em><\/p>\n<ul style=\"text-align: justify;\">\n<li><strong>\u00c0 ce sujet &#8211; <a href=\"https:\/\/dicodusport.fr\/blog\/benfica-marseille-chaine-tv-et-heure-du-match-de-ligue-europa\/\" target=\"_blank\" rel=\"noopener\">Benfica \u2013 Marseille : Cha\u00eene TV et Heure du match de Ligue Europa<\/a><br \/>\n<\/strong><\/li>\n<\/ul>\n<p style=\"text-align: justify;\">L&rsquo;<strong>Olympique de Marseille<\/strong> n&rsquo;y arrive plus depuis quelques semaines et vient d&rsquo;encha\u00eener quatre d\u00e9faites de rang toutes comp\u00e9titions confondues. Les Olympiens ont notamment \u00e9t\u00e9 surclass\u00e9s par le <strong>LOSC<\/strong> dimanche en <strong>Ligue<\/strong> <strong>1<\/strong>, une semaine apr\u00e8s s&rsquo;\u00eatre inclin\u00e9s au <strong>V\u00e9lodrome<\/strong> face au <strong>Paris Saint-Germain<\/strong>.<\/p>\n<p style=\"text-align: justify;\"><strong>Jean-Louis Gasset<\/strong> doit composer sans<strong> Jonathan Clauss<\/strong> et c&rsquo;est donc <strong>Chancel<\/strong> <strong>Mbemba<\/strong> qui devrait prendre le couloir droit. Pour le reste, du classique avec <strong>Quentin<\/strong> <strong>Merlin<\/strong> \u00e0 gauche et une charni\u00e8re compos\u00e9e de <strong>Leonardo<\/strong> <strong>Balerdi<\/strong> et <strong>Samuel<\/strong> <strong>Gigot<\/strong>.<\/p>\n<p style=\"text-align: justify;\"><strong>Geoffrey<\/strong> <strong>Kondogbia<\/strong>, et <strong>Jordan<\/strong> <strong>Veretout<\/strong> seront associ\u00e9s \u00e0 <strong>Amine<\/strong> <strong>Harit<\/strong> au milieu de terrain. Pierre-Emerick Aubameyang va lui \u00e9voluer dans le couloir gauche puisque <strong>Faris<\/strong> <strong>Moumbagna<\/strong> devrait \u00eatre \u00e0 la pointe de l&rsquo;attaque de l&rsquo;<strong>Olympique de Marseille<\/strong>.<\/p>\n<h2 style=\"text-align: justify;\" align=\"justify\">La composition probable de l&rsquo;OM face \u00e0 Benfica<\/h2>\n<p style=\"text-align: justify;\" align=\"justify\">Lopez &#8211; Mbemba, Gigot, Balerdi, Merlin &#8211; Veretout, Kondogbia, Harit &#8211; Aubameyang, Moumbagna, Ndiaye.<\/p>\n<p style=\"text-align: justify;\">\n","protected":false},"excerpt":{"rendered":"<p>LIGUE EUROPA 2023-2024\u00a0\u2013 Selon L&rsquo;\u00c9quipe, l&rsquo;Olympique de Marseille va \u00e9voluer dans son sch\u00e9ma habituel pour le match aller face \u00e0 Benfica.<\/p>\n","protected":false},"author":1,"featured_media":478217,"comment_status":"open","ping_status":"closed","sticky":false,"template":"","format":"standard","meta":{"_acf_changed":false,"_daextam_enable_autolinks":"1","footnotes":""},"categories":[2301],"tags":[8234,16878,75,446,1889],"class_list":["post-478215","post","type-post","status-publish","format-standard","has-post-thumbnail","hentry","category-football","tag-benfica","tag-breve","tag-football","tag-marseille","tag-om"],"acf":[],"yoast_head":"<!-- This site is optimized with the Yoast SEO Premium plugin v26.7 (Yoast SEO v26.7) - https:\/\/yoast.com\/wordpress\/plugins\/seo\/ -->\n<title>OM : La composition probable de Marseille pour affronter Benfica<\/title>\n<meta name=\"description\" content=\"LIGUE EUROPA 2023-2024\u00a0\u2013 Selon L&#039;\u00c9quipe, l&#039;Olympique de Marseille va \u00e9voluer dans son sch\u00e9ma habituel pour le match aller face \u00e0 Benfica.\" \/>\n<meta name=\"robots\" content=\"index, follow, max-snippet:-1, max-image-preview:large, max-video-preview:-1\" \/>\n<link rel=\"canonical\" href=\"https:\/\/dicodusport.fr\/blog\/om-la-composition-probable-de-marseille-pour-affronter-benfica\/\" \/>\n<meta property=\"og:locale\" content=\"fr_FR\" \/>\n<meta property=\"og:type\" content=\"article\" \/>\n<meta property=\"og:title\" content=\"OM : La composition probable de Marseille pour affronter Benfica\" \/>\n<meta property=\"og:description\" content=\"LIGUE EUROPA 2023-2024\u00a0\u2013 Selon L&#039;\u00c9quipe, l&#039;Olympique de Marseille va \u00e9voluer dans son sch\u00e9ma habituel pour le match aller face \u00e0 Benfica.\" \/>\n<meta property=\"og:url\" content=\"https:\/\/dicodusport.fr\/blog\/om-la-composition-probable-de-marseille-pour-affronter-benfica\/\" \/>\n<meta property=\"og:site_name\" content=\"Dicodusport\" \/>\n<meta property=\"article:publisher\" content=\"https:\/\/www.facebook.com\/dicodusport\" \/>\n<meta property=\"article:author\" content=\"https:\/\/www.facebook.com\/dicodusport\" \/>\n<meta property=\"article:published_time\" content=\"2024-04-11T13:34:23+00:00\" \/>\n<meta property=\"article:modified_time\" content=\"2024-04-11T16:06:50+00:00\" \/>\n<meta property=\"og:image\" content=\"https:\/\/dicodusport.fr\/blog\/wp-content\/uploads\/2024\/04\/OM-La-composition-probable-de-Marseille-pour-affronter-Benfica.png\" \/>\n\t<meta property=\"og:image:width\" content=\"1200\" \/>\n\t<meta property=\"og:image:height\" content=\"674\" \/>\n\t<meta property=\"og:image:type\" content=\"image\/png\" \/>\n<meta name=\"author\" content=\"Nicolas Jacquemard\" \/>\n<meta name=\"twitter:card\" content=\"summary_large_image\" \/>\n<meta name=\"twitter:title\" content=\"OM : La composition probable de Marseille pour affronter Benfica\" \/>\n<meta name=\"twitter:creator\" content=\"@https:\/\/twitter.com\/Nico_Jacquemard\" \/>\n<meta name=\"twitter:site\" content=\"@dicodusport\" \/>\n<script type=\"application\/ld+json\" class=\"yoast-schema-graph\">{\"@context\":\"https:\/\/schema.org\",\"@graph\":[{\"@type\":\"NewsArticle\",\"@id\":\"https:\/\/dicodusport.fr\/blog\/om-la-composition-probable-de-marseille-pour-affronter-benfica\/#article\",\"isPartOf\":{\"@id\":\"https:\/\/dicodusport.fr\/blog\/om-la-composition-probable-de-marseille-pour-affronter-benfica\/\"},\"author\":{\"name\":\"Nicolas Jacquemard\",\"@id\":\"https:\/\/dicodusport.fr\/blog\/#\/schema\/person\/55dcb50ad410894e431ed812bbb70191\"},\"headline\":\"OM : La composition probable de Marseille pour affronter Benfica\",\"datePublished\":\"2024-04-11T13:34:23+00:00\",\"dateModified\":\"2024-04-11T16:06:50+00:00\",\"mainEntityOfPage\":{\"@id\":\"https:\/\/dicodusport.fr\/blog\/om-la-composition-probable-de-marseille-pour-affronter-benfica\/\"},\"wordCount\":200,\"commentCount\":0,\"publisher\":{\"@id\":\"https:\/\/dicodusport.fr\/blog\/#organization\"},\"image\":{\"@id\":\"https:\/\/dicodusport.fr\/blog\/om-la-composition-probable-de-marseille-pour-affronter-benfica\/#primaryimage\"},\"thumbnailUrl\":\"https:\/\/dicodusport.fr\/blog\/wp-content\/uploads\/2024\/04\/OM-La-composition-probable-de-Marseille-pour-affronter-Benfica.png\",\"keywords\":[\"Benfica\",\"br\u00e8ve\",\"Football\",\"Marseille\",\"OM\"],\"articleSection\":[\"Football\"],\"inLanguage\":\"fr-FR\",\"potentialAction\":[{\"@type\":\"CommentAction\",\"name\":\"Comment\",\"target\":[\"https:\/\/dicodusport.fr\/blog\/om-la-composition-probable-de-marseille-pour-affronter-benfica\/#respond\"]}],\"copyrightYear\":\"2024\",\"copyrightHolder\":{\"@id\":\"https:\/\/dicodusport.fr\/blog\/#organization\"}},{\"@type\":\"WebPage\",\"@id\":\"https:\/\/dicodusport.fr\/blog\/om-la-composition-probable-de-marseille-pour-affronter-benfica\/\",\"url\":\"https:\/\/dicodusport.fr\/blog\/om-la-composition-probable-de-marseille-pour-affronter-benfica\/\",\"name\":\"OM : La composition probable de Marseille pour affronter Benfica\",\"isPartOf\":{\"@id\":\"https:\/\/dicodusport.fr\/blog\/#website\"},\"primaryImageOfPage\":{\"@id\":\"https:\/\/dicodusport.fr\/blog\/om-la-composition-probable-de-marseille-pour-affronter-benfica\/#primaryimage\"},\"image\":{\"@id\":\"https:\/\/dicodusport.fr\/blog\/om-la-composition-probable-de-marseille-pour-affronter-benfica\/#primaryimage\"},\"thumbnailUrl\":\"https:\/\/dicodusport.fr\/blog\/wp-content\/uploads\/2024\/04\/OM-La-composition-probable-de-Marseille-pour-affronter-Benfica.png\",\"datePublished\":\"2024-04-11T13:34:23+00:00\",\"dateModified\":\"2024-04-11T16:06:50+00:00\",\"description\":\"LIGUE EUROPA 2023-2024\u00a0\u2013 Selon L'\u00c9quipe, l'Olympique de Marseille va \u00e9voluer dans son sch\u00e9ma habituel pour le match aller face \u00e0 Benfica.\",\"breadcrumb\":{\"@id\":\"https:\/\/dicodusport.fr\/blog\/om-la-composition-probable-de-marseille-pour-affronter-benfica\/#breadcrumb\"},\"inLanguage\":\"fr-FR\",\"potentialAction\":[{\"@type\":\"ReadAction\",\"target\":[\"https:\/\/dicodusport.fr\/blog\/om-la-composition-probable-de-marseille-pour-affronter-benfica\/\"]}]},{\"@type\":\"ImageObject\",\"inLanguage\":\"fr-FR\",\"@id\":\"https:\/\/dicodusport.fr\/blog\/om-la-composition-probable-de-marseille-pour-affronter-benfica\/#primaryimage\",\"url\":\"https:\/\/dicodusport.fr\/blog\/wp-content\/uploads\/2024\/04\/OM-La-composition-probable-de-Marseille-pour-affronter-Benfica.png\",\"contentUrl\":\"https:\/\/dicodusport.fr\/blog\/wp-content\/uploads\/2024\/04\/OM-La-composition-probable-de-Marseille-pour-affronter-Benfica.png\",\"width\":1200,\"height\":674},{\"@type\":\"BreadcrumbList\",\"@id\":\"https:\/\/dicodusport.fr\/blog\/om-la-composition-probable-de-marseille-pour-affronter-benfica\/#breadcrumb\",\"itemListElement\":[{\"@type\":\"ListItem\",\"position\":1,\"name\":\"Accueil\",\"item\":\"https:\/\/dicodusport.fr\/blog\/\"},{\"@type\":\"ListItem\",\"position\":2,\"name\":\"OM : La composition probable de Marseille pour affronter Benfica\"}]},{\"@type\":\"WebSite\",\"@id\":\"https:\/\/dicodusport.fr\/blog\/#website\",\"url\":\"https:\/\/dicodusport.fr\/blog\/\",\"name\":\"Dicodusport\",\"description\":\"L&#039;encyclop\u00e9die de l&#039;actualit\u00e9 sportive\",\"publisher\":{\"@id\":\"https:\/\/dicodusport.fr\/blog\/#organization\"},\"potentialAction\":[{\"@type\":\"SearchAction\",\"target\":{\"@type\":\"EntryPoint\",\"urlTemplate\":\"https:\/\/dicodusport.fr\/blog\/?s={search_term_string}\"},\"query-input\":{\"@type\":\"PropertyValueSpecification\",\"valueRequired\":true,\"valueName\":\"search_term_string\"}}],\"inLanguage\":\"fr-FR\"},{\"@type\":\"NewsMediaOrganization\",\"@id\":\"https:\/\/dicodusport.fr\/blog\/#organization\",\"name\":\"Dicodusport\",\"url\":\"https:\/\/dicodusport.fr\/blog\/\",\"logo\":{\"@type\":\"ImageObject\",\"inLanguage\":\"fr-FR\",\"@id\":\"https:\/\/dicodusport.fr\/blog\/#\/schema\/logo\/image\/\",\"url\":\"https:\/\/dicodusport.fr\/blog\/wp-content\/uploads\/2020\/06\/cropped-LOGO-DICODUSPORT-2020-SANS-FOND-SANS-TEXTE.png\",\"contentUrl\":\"https:\/\/dicodusport.fr\/blog\/wp-content\/uploads\/2020\/06\/cropped-LOGO-DICODUSPORT-2020-SANS-FOND-SANS-TEXTE.png\",\"width\":512,\"height\":512,\"caption\":\"Dicodusport\"},\"image\":{\"@id\":\"https:\/\/dicodusport.fr\/blog\/#\/schema\/logo\/image\/\"},\"sameAs\":[\"https:\/\/www.facebook.com\/dicodusport\",\"https:\/\/x.com\/dicodusport\",\"https:\/\/www.instagram.com\/dicodusport\/\",\"https:\/\/www.youtube.com\/channel\/UC7V2KZ5sd3htJivAbA4ZG3w\"],\"description\":\"Dicodusport est l'encyclop\u00e9die de l'actualit\u00e9 sportive.\",\"email\":\"bonjour@dicodusport.fr\",\"legalName\":\"DICODUSPORT\",\"foundingDate\":\"2018-01-14\",\"vatID\":\"FR71834470973\",\"taxID\":\"83447097300043\",\"numberOfEmployees\":{\"@type\":\"QuantitativeValue\",\"minValue\":\"1\",\"maxValue\":\"10\"}},{\"@type\":\"Person\",\"@id\":\"https:\/\/dicodusport.fr\/blog\/#\/schema\/person\/55dcb50ad410894e431ed812bbb70191\",\"name\":\"Nicolas Jacquemard\",\"image\":{\"@type\":\"ImageObject\",\"inLanguage\":\"fr-FR\",\"@id\":\"https:\/\/dicodusport.fr\/blog\/#\/schema\/person\/image\/\",\"url\":\"https:\/\/dicodusport.fr\/blog\/wp-content\/uploads\/2021\/05\/Nicolas-Jacquemard-150x150.jpeg\",\"contentUrl\":\"https:\/\/dicodusport.fr\/blog\/wp-content\/uploads\/2021\/05\/Nicolas-Jacquemard-150x150.jpeg\",\"caption\":\"Nicolas Jacquemard\"},\"description\":\"Passionn\u00e9 de sport et entrepreneur depuis mes 18 ans, la cr\u00e9ation de Dicodusport m'a sembl\u00e9 \u00e9vidente pour participer \u00e0 la m\u00e9diatisation d'un plus grand nombre de sports. Le chemin est long mais avec une \u00e9quipe des plus motiv\u00e9es et les Jeux Olympiques de Paris 2024 en point de mire, nous y arriverons ! Journaliste dans le monde du sport depuis plus de 5 ans, je traite aussi bien de football, de rugby, de biathlon que de cyclisme.\",\"sameAs\":[\"https:\/\/www.facebook.com\/dicodusport\",\"https:\/\/x.com\/https:\/\/twitter.com\/Nico_Jacquemard\"],\"url\":\"https:\/\/dicodusport.fr\/blog\/author\/dicodusport\/\"}]}<\/script>\n<!-- \/ Yoast SEO Premium plugin. -->","yoast_head_json":{"title":"OM : La composition probable de Marseille pour affronter Benfica","description":"LIGUE EUROPA 2023-2024\u00a0\u2013 Selon L'\u00c9quipe, l'Olympique de Marseille va \u00e9voluer dans son sch\u00e9ma habituel pour le match aller face \u00e0 Benfica.","robots":{"index":"index","follow":"follow","max-snippet":"max-snippet:-1","max-image-preview":"max-image-preview:large","max-video-preview":"max-video-preview:-1"},"canonical":"https:\/\/dicodusport.fr\/blog\/om-la-composition-probable-de-marseille-pour-affronter-benfica\/","og_locale":"fr_FR","og_type":"article","og_title":"OM : La composition probable de Marseille pour affronter Benfica","og_description":"LIGUE EUROPA 2023-2024\u00a0\u2013 Selon L'\u00c9quipe, l'Olympique de Marseille va \u00e9voluer dans son sch\u00e9ma habituel pour le match aller face \u00e0 Benfica.","og_url":"https:\/\/dicodusport.fr\/blog\/om-la-composition-probable-de-marseille-pour-affronter-benfica\/","og_site_name":"Dicodusport","article_publisher":"https:\/\/www.facebook.com\/dicodusport","article_author":"https:\/\/www.facebook.com\/dicodusport","article_published_time":"2024-04-11T13:34:23+00:00","article_modified_time":"2024-04-11T16:06:50+00:00","og_image":[{"width":1200,"height":674,"url":"https:\/\/dicodusport.fr\/blog\/wp-content\/uploads\/2024\/04\/OM-La-composition-probable-de-Marseille-pour-affronter-Benfica.png","type":"image\/png"}],"author":"Nicolas Jacquemard","twitter_card":"summary_large_image","twitter_title":"OM : La composition probable de Marseille pour affronter Benfica","twitter_creator":"@https:\/\/twitter.com\/Nico_Jacquemard","twitter_site":"@dicodusport","schema":{"@context":"https:\/\/schema.org","@graph":[{"@type":"NewsArticle","@id":"https:\/\/dicodusport.fr\/blog\/om-la-composition-probable-de-marseille-pour-affronter-benfica\/#article","isPartOf":{"@id":"https:\/\/dicodusport.fr\/blog\/om-la-composition-probable-de-marseille-pour-affronter-benfica\/"},"author":{"name":"Nicolas Jacquemard","@id":"https:\/\/dicodusport.fr\/blog\/#\/schema\/person\/55dcb50ad410894e431ed812bbb70191"},"headline":"OM : La composition probable de Marseille pour affronter Benfica","datePublished":"2024-04-11T13:34:23+00:00","dateModified":"2024-04-11T16:06:50+00:00","mainEntityOfPage":{"@id":"https:\/\/dicodusport.fr\/blog\/om-la-composition-probable-de-marseille-pour-affronter-benfica\/"},"wordCount":200,"commentCount":0,"publisher":{"@id":"https:\/\/dicodusport.fr\/blog\/#organization"},"image":{"@id":"https:\/\/dicodusport.fr\/blog\/om-la-composition-probable-de-marseille-pour-affronter-benfica\/#primaryimage"},"thumbnailUrl":"https:\/\/dicodusport.fr\/blog\/wp-content\/uploads\/2024\/04\/OM-La-composition-probable-de-Marseille-pour-affronter-Benfica.png","keywords":["Benfica","br\u00e8ve","Football","Marseille","OM"],"articleSection":["Football"],"inLanguage":"fr-FR","potentialAction":[{"@type":"CommentAction","name":"Comment","target":["https:\/\/dicodusport.fr\/blog\/om-la-composition-probable-de-marseille-pour-affronter-benfica\/#respond"]}],"copyrightYear":"2024","copyrightHolder":{"@id":"https:\/\/dicodusport.fr\/blog\/#organization"}},{"@type":"WebPage","@id":"https:\/\/dicodusport.fr\/blog\/om-la-composition-probable-de-marseille-pour-affronter-benfica\/","url":"https:\/\/dicodusport.fr\/blog\/om-la-composition-probable-de-marseille-pour-affronter-benfica\/","name":"OM : La composition probable de Marseille pour affronter Benfica","isPartOf":{"@id":"https:\/\/dicodusport.fr\/blog\/#website"},"primaryImageOfPage":{"@id":"https:\/\/dicodusport.fr\/blog\/om-la-composition-probable-de-marseille-pour-affronter-benfica\/#primaryimage"},"image":{"@id":"https:\/\/dicodusport.fr\/blog\/om-la-composition-probable-de-marseille-pour-affronter-benfica\/#primaryimage"},"thumbnailUrl":"https:\/\/dicodusport.fr\/blog\/wp-content\/uploads\/2024\/04\/OM-La-composition-probable-de-Marseille-pour-affronter-Benfica.png","datePublished":"2024-04-11T13:34:23+00:00","dateModified":"2024-04-11T16:06:50+00:00","description":"LIGUE EUROPA 2023-2024\u00a0\u2013 Selon L'\u00c9quipe, l'Olympique de Marseille va \u00e9voluer dans son sch\u00e9ma habituel pour le match aller face \u00e0 Benfica.","breadcrumb":{"@id":"https:\/\/dicodusport.fr\/blog\/om-la-composition-probable-de-marseille-pour-affronter-benfica\/#breadcrumb"},"inLanguage":"fr-FR","potentialAction":[{"@type":"ReadAction","target":["https:\/\/dicodusport.fr\/blog\/om-la-composition-probable-de-marseille-pour-affronter-benfica\/"]}]},{"@type":"ImageObject","inLanguage":"fr-FR","@id":"https:\/\/dicodusport.fr\/blog\/om-la-composition-probable-de-marseille-pour-affronter-benfica\/#primaryimage","url":"https:\/\/dicodusport.fr\/blog\/wp-content\/uploads\/2024\/04\/OM-La-composition-probable-de-Marseille-pour-affronter-Benfica.png","contentUrl":"https:\/\/dicodusport.fr\/blog\/wp-content\/uploads\/2024\/04\/OM-La-composition-probable-de-Marseille-pour-affronter-Benfica.png","width":1200,"height":674},{"@type":"BreadcrumbList","@id":"https:\/\/dicodusport.fr\/blog\/om-la-composition-probable-de-marseille-pour-affronter-benfica\/#breadcrumb","itemListElement":[{"@type":"ListItem","position":1,"name":"Accueil","item":"https:\/\/dicodusport.fr\/blog\/"},{"@type":"ListItem","position":2,"name":"OM : La composition probable de Marseille pour affronter Benfica"}]},{"@type":"WebSite","@id":"https:\/\/dicodusport.fr\/blog\/#website","url":"https:\/\/dicodusport.fr\/blog\/","name":"Dicodusport","description":"L&#039;encyclop\u00e9die de l&#039;actualit\u00e9 sportive","publisher":{"@id":"https:\/\/dicodusport.fr\/blog\/#organization"},"potentialAction":[{"@type":"SearchAction","target":{"@type":"EntryPoint","urlTemplate":"https:\/\/dicodusport.fr\/blog\/?s={search_term_string}"},"query-input":{"@type":"PropertyValueSpecification","valueRequired":true,"valueName":"search_term_string"}}],"inLanguage":"fr-FR"},{"@type":"NewsMediaOrganization","@id":"https:\/\/dicodusport.fr\/blog\/#organization","name":"Dicodusport","url":"https:\/\/dicodusport.fr\/blog\/","logo":{"@type":"ImageObject","inLanguage":"fr-FR","@id":"https:\/\/dicodusport.fr\/blog\/#\/schema\/logo\/image\/","url":"https:\/\/dicodusport.fr\/blog\/wp-content\/uploads\/2020\/06\/cropped-LOGO-DICODUSPORT-2020-SANS-FOND-SANS-TEXTE.png","contentUrl":"https:\/\/dicodusport.fr\/blog\/wp-content\/uploads\/2020\/06\/cropped-LOGO-DICODUSPORT-2020-SANS-FOND-SANS-TEXTE.png","width":512,"height":512,"caption":"Dicodusport"},"image":{"@id":"https:\/\/dicodusport.fr\/blog\/#\/schema\/logo\/image\/"},"sameAs":["https:\/\/www.facebook.com\/dicodusport","https:\/\/x.com\/dicodusport","https:\/\/www.instagram.com\/dicodusport\/","https:\/\/www.youtube.com\/channel\/UC7V2KZ5sd3htJivAbA4ZG3w"],"description":"Dicodusport est l'encyclop\u00e9die de l'actualit\u00e9 sportive.","email":"bonjour@dicodusport.fr","legalName":"DICODUSPORT","foundingDate":"2018-01-14","vatID":"FR71834470973","taxID":"83447097300043","numberOfEmployees":{"@type":"QuantitativeValue","minValue":"1","maxValue":"10"}},{"@type":"Person","@id":"https:\/\/dicodusport.fr\/blog\/#\/schema\/person\/55dcb50ad410894e431ed812bbb70191","name":"Nicolas Jacquemard","image":{"@type":"ImageObject","inLanguage":"fr-FR","@id":"https:\/\/dicodusport.fr\/blog\/#\/schema\/person\/image\/","url":"https:\/\/dicodusport.fr\/blog\/wp-content\/uploads\/2021\/05\/Nicolas-Jacquemard-150x150.jpeg","contentUrl":"https:\/\/dicodusport.fr\/blog\/wp-content\/uploads\/2021\/05\/Nicolas-Jacquemard-150x150.jpeg","caption":"Nicolas Jacquemard"},"description":"Passionn\u00e9 de sport et entrepreneur depuis mes 18 ans, la cr\u00e9ation de Dicodusport m'a sembl\u00e9 \u00e9vidente pour participer \u00e0 la m\u00e9diatisation d'un plus grand nombre de sports. Le chemin est long mais avec une \u00e9quipe des plus motiv\u00e9es et les Jeux Olympiques de Paris 2024 en point de mire, nous y arriverons ! Journaliste dans le monde du sport depuis plus de 5 ans, je traite aussi bien de football, de rugby, de biathlon que de cyclisme.","sameAs":["https:\/\/www.facebook.com\/dicodusport","https:\/\/x.com\/https:\/\/twitter.com\/Nico_Jacquemard"],"url":"https:\/\/dicodusport.fr\/blog\/author\/dicodusport\/"}]}},"_links":{"self":[{"href":"https:\/\/dicodusport.fr\/blog\/wp-json\/wp\/v2\/posts\/478215","targetHints":{"allow":["GET"]}}],"collection":[{"href":"https:\/\/dicodusport.fr\/blog\/wp-json\/wp\/v2\/posts"}],"about":[{"href":"https:\/\/dicodusport.fr\/blog\/wp-json\/wp\/v2\/types\/post"}],"author":[{"embeddable":true,"href":"https:\/\/dicodusport.fr\/blog\/wp-json\/wp\/v2\/users\/1"}],"replies":[{"embeddable":true,"href":"https:\/\/dicodusport.fr\/blog\/wp-json\/wp\/v2\/comments?post=478215"}],"version-history":[{"count":3,"href":"https:\/\/dicodusport.fr\/blog\/wp-json\/wp\/v2\/posts\/478215\/revisions"}],"predecessor-version":[{"id":478251,"href":"https:\/\/dicodusport.fr\/blog\/wp-json\/wp\/v2\/posts\/478215\/revisions\/478251"}],"wp:featuredmedia":[{"embeddable":true,"href":"https:\/\/dicodusport.fr\/blog\/wp-json\/wp\/v2\/media\/478217"}],"wp:attachment":[{"href":"https:\/\/dicodusport.fr\/blog\/wp-json\/wp\/v2\/media?parent=478215"}],"wp:term":[{"taxonomy":"category","embeddable":true,"href":"https:\/\/dicodusport.fr\/blog\/wp-json\/wp\/v2\/categories?post=478215"},{"taxonomy":"post_tag","embeddable":true,"href":"https:\/\/dicodusport.fr\/blog\/wp-json\/wp\/v2\/tags?post=478215"}],"curies":[{"name":"wp","href":"https:\/\/api.w.org\/{rel}","templated":true}]}}