{"id":478450,"date":"2024-04-12T19:11:16","date_gmt":"2024-04-12T17:11:16","guid":{"rendered":"https:\/\/dicodusport.fr\/blog\/?p=478450&#038;preview=true&#038;preview_id=478450"},"modified":"2024-04-12T19:11:16","modified_gmt":"2024-04-12T17:11:16","slug":"athletisme-jo-2024-just-kwaou-mathey-gravement-blesse-et-forfait-pour-paris","status":"publish","type":"post","link":"https:\/\/dicodusport.fr\/blog\/athletisme-jo-2024-just-kwaou-mathey-gravement-blesse-et-forfait-pour-paris\/","title":{"rendered":"Athl\u00e9tisme JO 2024 : Just Kwaou-Mathey gravement bless\u00e9 et forfait pour Paris"},"content":{"rendered":"<p style=\"text-align: justify;\"><strong><em>ATHLETISME JO 2024 &#8211; Just Kwaou-Mathey ne sera pas pr\u00e9sent aux Jeux Olympiques cet \u00e9t\u00e9. Bless\u00e9 lors d&rsquo;un stage \u00e0 Dubai en d\u00e9but de semaine, le hurdleur fran\u00e7ais doit tirer un trait sur la saison.<\/em><\/strong><\/p>\n<p style=\"text-align: justify;\">Le diagnostic ne laisse pas l&rsquo;ombre d&rsquo;une chance. <strong>Just Kwaou-Mathey<\/strong>, victime en d\u00e9but de semaine d&rsquo;une rupture du tendon d&rsquo;Achille, est forfait pour les <a href=\"https:\/\/dicodusport.fr\/blog\/jo-paris-2024\/\">Jeux Olympiques de Paris<\/a> qui doivent d\u00e9buter dans \u00e0 peine plus de 100 jours. La nouvelle a \u00e9t\u00e9 annonc\u00e9e par l&rsquo;athl\u00e8te lui-m\u00eame, <a href=\"https:\/\/www.instagram.com\/jmatheyy\/\">sur son compte instagram<\/a>\u00a0ce vendredi quelques minutes apr\u00e8s l&rsquo;annonce du forfait de la <em>recordwoman<\/em> du monde du triple saut, <strong>Yulimar Rojas,<\/strong> pour une blessure similaire.<\/p>\n<p style=\"text-align: justify;\">Le Fran\u00e7ais, gr\u00e2ce \u00e0 sa belle progression ces derni\u00e8res saisons (record en 13.09 \u00e0 Paris, en 2023), s&rsquo;avan\u00e7ait comme un solide <em>outsider<\/em> \u00e0 domicile sur le 110 m\u00e8tres haies. Il n&rsquo;en sera rien. S&rsquo;il est n\u00e9anmoins trop t\u00f4t pour estimer avec pr\u00e9cision la dur\u00e9e de son indisponibilit\u00e9, il est d&rsquo;ores et d\u00e9j\u00e0 possible d&rsquo;affirmer que le Tricolore doit tirer un trait sur sa saison. Le mois dernier, <strong>Kwaou-Mathey<\/strong> avait d\u00e9croch\u00e9 le bronze, lors des Championnats du monde en salle, sur 60m haies. Il s&rsquo;agissait de sa premi\u00e8re m\u00e9daille mondiale en grand championnat, apr\u00e8s deux m\u00e9dailles de bronze lors des Championnats d&rsquo;Europe <em>outdoor<\/em> 2022 et <em>indoor<\/em> 2023. Seuls l&rsquo;invincible Am\u00e9ricain <strong>Grant Holloway<\/strong> et l&rsquo;Italien <strong>Lorenzo Simonelli <\/strong>avaient devanc\u00e9 le Fran\u00e7ais.<\/p>\n<blockquote class=\"twitter-tweet\">\n<p dir=\"ltr\" lang=\"fr\">Le m\u00e9daill\u00e9 de bronze des derniers Mondiaux en salle du 60m haies, Just Kwaou-Mathey, s&rsquo;est gravement bless\u00e9 \u00e0 un tendon d&rsquo;Achille lors d&rsquo;un stage \u00e0 Duba\u00ef.<\/p>\n<p>Ce vendredi, il a communiqu\u00e9 sur sa blessure dans sa story Instagram : \u00ab\u00a0Ce matin, je me suis fait op\u00e9rer avec succ\u00e8s pour\u2026 <a href=\"https:\/\/t.co\/tnfTnHpzTk\">pic.twitter.com\/tnfTnHpzTk<\/a><\/p>\n<p>\u2014 francetvsport (@francetvsport) <a href=\"https:\/\/twitter.com\/francetvsport\/status\/1778831087759753387?ref_src=twsrc%5Etfw\">April 12, 2024<\/a><\/p><\/blockquote>\n<p><script async src=\"https:\/\/platform.twitter.com\/widgets.js\" charset=\"utf-8\"><\/script><\/p>\n<div class=\"vlp-link-container vlp-layout-article\"><a href=\"https:\/\/dicodusport.fr\/blog\/athletisme-mondiaux-en-salle-grant-holloway-remporte-le-60-m-haies-just-kwaou-mathey-en-bronze\/\" class=\"vlp-link\" title=\"Athl\u00e9tisme Mondiaux en salle : Grant Holloway remporte le 60 m haies, Just Kwaou-Mathey en bronze !\"><\/a><div class=\"vlp-layout-zone-side\"><div class=\"vlp-block-4 vlp-link-image\"><img loading=\"lazy\" decoding=\"async\" style=\"max-width: 792px;\" width=\"792\" height=\"445\" src=\"https:\/\/dicodusport.fr\/blog\/wp-content\/uploads\/2024\/03\/Athletisme-Mondiaux-en-salle-Grant-Holloway-remporte-le-60-m-haies-Just-Kwaou-Mathey-en-bronze-1-1.png\" class=\"attachment-800x445 size-800x445\" alt=\"Athl\u00e9tisme Mondiaux en salle Grant Holloway remporte le 60 m haies, Just Kwaou-Mathey en bronze !\" srcset=\"https:\/\/dicodusport.fr\/blog\/wp-content\/uploads\/2024\/03\/Athletisme-Mondiaux-en-salle-Grant-Holloway-remporte-le-60-m-haies-Just-Kwaou-Mathey-en-bronze-1-1.png 1200w, https:\/\/dicodusport.fr\/blog\/wp-content\/uploads\/2024\/03\/Athletisme-Mondiaux-en-salle-Grant-Holloway-remporte-le-60-m-haies-Just-Kwaou-Mathey-en-bronze-1-1-300x169.png 300w, https:\/\/dicodusport.fr\/blog\/wp-content\/uploads\/2024\/03\/Athletisme-Mondiaux-en-salle-Grant-Holloway-remporte-le-60-m-haies-Just-Kwaou-Mathey-en-bronze-1-1-1024x575.png 1024w, https:\/\/dicodusport.fr\/blog\/wp-content\/uploads\/2024\/03\/Athletisme-Mondiaux-en-salle-Grant-Holloway-remporte-le-60-m-haies-Just-Kwaou-Mathey-en-bronze-1-1-768x431.png 768w\" sizes=\"auto, (max-width: 792px) 100vw, 792px\" \/><\/div><\/div><div class=\"vlp-layout-zone-main\"><div class=\"vlp-block-0 vlp-link-title\">Athl\u00e9tisme Mondiaux en salle : Grant Holloway remporte le 60 m haies, Just Kwaou-Mathey en bronze !<\/div><div class=\"vlp-block-1 vlp-link-summary\">CHAMPIONNATS DU MONDE EN SALLE D'ATHL\u00c9TISME 2024 - Grant Holloway s'offre le record des championnats et Just Kwaou-Mathey remporte la premi\u00e8re m\u00e9daille de l'\u00e9quipe de France : le bronze.<\/div><div class=\"vlp-block-2 vlp-link-button\">Lire l'article<\/div><div class=\"vlp-block-3 vlp-link-url\">dicodusport.fr<\/div><\/div><\/div>\n","protected":false},"excerpt":{"rendered":"<p>ATHLETISME JO 2024 &#8211; Just Kwaou-Mathey ne sera pas pr\u00e9sent aux Jeux Olympiques cet \u00e9t\u00e9. Bless\u00e9 lors d&rsquo;un stage \u00e0 Dubai en d\u00e9but de semaine, le hurdleur fran\u00e7ais doit tirer un trait sur la saison.<\/p>\n","protected":false},"author":91,"featured_media":478464,"comment_status":"open","ping_status":"closed","sticky":false,"template":"","format":"standard","meta":{"_acf_changed":false,"_daextam_enable_autolinks":"1","footnotes":""},"categories":[2308,8436],"tags":[143,16878,1506,1504,25905],"class_list":["post-478450","post","type-post","status-publish","format-standard","has-post-thumbnail","hentry","category-athletisme","category-jo-paris-2024","tag-athletisme","tag-breve","tag-jeux-olympiques-2024","tag-jo-2024","tag-just-kwaou-mathey"],"acf":[],"yoast_head":"<!-- This site is optimized with the Yoast SEO Premium plugin v26.7 (Yoast SEO v26.7) - https:\/\/yoast.com\/wordpress\/plugins\/seo\/ -->\n<title>Athl\u00e9tisme JO 2024 : Just Kwaou-Mathey gravement bless\u00e9 et forfait pour Paris<\/title>\n<meta name=\"description\" content=\"ATHLETISME JO 2024 - Just Kwaou-Mathey ne sera pas pr\u00e9sent aux JO cet \u00e9t\u00e9. Bless\u00e9, le Fran\u00e7ais doit renoncer \u00e0 ses ambitions olympiques.\" \/>\n<meta name=\"robots\" content=\"index, follow, max-snippet:-1, max-image-preview:large, max-video-preview:-1\" \/>\n<link rel=\"canonical\" href=\"https:\/\/dicodusport.fr\/blog\/athletisme-jo-2024-just-kwaou-mathey-gravement-blesse-et-forfait-pour-paris\/\" \/>\n<meta property=\"og:locale\" content=\"fr_FR\" \/>\n<meta property=\"og:type\" content=\"article\" \/>\n<meta property=\"og:title\" content=\"Athl\u00e9tisme JO 2024 : Just Kwaou-Mathey gravement bless\u00e9 et forfait pour Paris\" \/>\n<meta property=\"og:description\" content=\"ATHLETISME JO 2024 - Just Kwaou-Mathey ne sera pas pr\u00e9sent aux JO cet \u00e9t\u00e9. Bless\u00e9, le Fran\u00e7ais doit renoncer \u00e0 ses ambitions olympiques.\" \/>\n<meta property=\"og:url\" content=\"https:\/\/dicodusport.fr\/blog\/athletisme-jo-2024-just-kwaou-mathey-gravement-blesse-et-forfait-pour-paris\/\" \/>\n<meta property=\"og:site_name\" content=\"Dicodusport\" \/>\n<meta property=\"article:publisher\" content=\"https:\/\/www.facebook.com\/dicodusport\" \/>\n<meta property=\"article:published_time\" content=\"2024-04-12T17:11:16+00:00\" \/>\n<meta property=\"og:image\" content=\"https:\/\/dicodusport.fr\/blog\/wp-content\/uploads\/2024\/04\/Athletisme-JO-2024-Just-Kwaou-Mathey-gravement-blesse-et-forfait-pour-Paris.png\" \/>\n\t<meta property=\"og:image:width\" content=\"1200\" \/>\n\t<meta property=\"og:image:height\" content=\"674\" \/>\n\t<meta property=\"og:image:type\" content=\"image\/png\" \/>\n<meta name=\"author\" content=\"Victor Clot-Amiot\" \/>\n<meta name=\"twitter:card\" content=\"summary_large_image\" \/>\n<meta name=\"twitter:title\" content=\"Athl\u00e9tisme JO 2024 : Just Kwaou-Mathey gravement bless\u00e9 et forfait pour Paris\" \/>\n<meta name=\"twitter:creator\" content=\"@https:\/\/x.com\/VictorClotAmiot\" \/>\n<meta name=\"twitter:site\" content=\"@dicodusport\" \/>\n<script type=\"application\/ld+json\" class=\"yoast-schema-graph\">{\"@context\":\"https:\/\/schema.org\",\"@graph\":[{\"@type\":\"NewsArticle\",\"@id\":\"https:\/\/dicodusport.fr\/blog\/athletisme-jo-2024-just-kwaou-mathey-gravement-blesse-et-forfait-pour-paris\/#article\",\"isPartOf\":{\"@id\":\"https:\/\/dicodusport.fr\/blog\/athletisme-jo-2024-just-kwaou-mathey-gravement-blesse-et-forfait-pour-paris\/\"},\"author\":{\"name\":\"Victor Clot-Amiot\",\"@id\":\"https:\/\/dicodusport.fr\/blog\/#\/schema\/person\/b623199cba9ba90fe84a3d16e9282360\"},\"headline\":\"Athl\u00e9tisme JO 2024 : Just Kwaou-Mathey gravement bless\u00e9 et forfait pour Paris\",\"datePublished\":\"2024-04-12T17:11:16+00:00\",\"mainEntityOfPage\":{\"@id\":\"https:\/\/dicodusport.fr\/blog\/athletisme-jo-2024-just-kwaou-mathey-gravement-blesse-et-forfait-pour-paris\/\"},\"wordCount\":447,\"commentCount\":0,\"publisher\":{\"@id\":\"https:\/\/dicodusport.fr\/blog\/#organization\"},\"image\":{\"@id\":\"https:\/\/dicodusport.fr\/blog\/athletisme-jo-2024-just-kwaou-mathey-gravement-blesse-et-forfait-pour-paris\/#primaryimage\"},\"thumbnailUrl\":\"https:\/\/dicodusport.fr\/blog\/wp-content\/uploads\/2024\/04\/Athletisme-JO-2024-Just-Kwaou-Mathey-gravement-blesse-et-forfait-pour-Paris.png\",\"keywords\":[\"Athl\u00e9tisme\",\"br\u00e8ve\",\"Jeux olympiques 2024\",\"JO 2024\",\"Just Kwaou-Mathey\"],\"articleSection\":[\"Athl\u00e9tisme\",\"JO Paris 2024\"],\"inLanguage\":\"fr-FR\",\"potentialAction\":[{\"@type\":\"CommentAction\",\"name\":\"Comment\",\"target\":[\"https:\/\/dicodusport.fr\/blog\/athletisme-jo-2024-just-kwaou-mathey-gravement-blesse-et-forfait-pour-paris\/#respond\"]}],\"copyrightYear\":\"2024\",\"copyrightHolder\":{\"@id\":\"https:\/\/dicodusport.fr\/blog\/#organization\"}},{\"@type\":\"WebPage\",\"@id\":\"https:\/\/dicodusport.fr\/blog\/athletisme-jo-2024-just-kwaou-mathey-gravement-blesse-et-forfait-pour-paris\/\",\"url\":\"https:\/\/dicodusport.fr\/blog\/athletisme-jo-2024-just-kwaou-mathey-gravement-blesse-et-forfait-pour-paris\/\",\"name\":\"Athl\u00e9tisme JO 2024 : Just Kwaou-Mathey gravement bless\u00e9 et forfait pour Paris\",\"isPartOf\":{\"@id\":\"https:\/\/dicodusport.fr\/blog\/#website\"},\"primaryImageOfPage\":{\"@id\":\"https:\/\/dicodusport.fr\/blog\/athletisme-jo-2024-just-kwaou-mathey-gravement-blesse-et-forfait-pour-paris\/#primaryimage\"},\"image\":{\"@id\":\"https:\/\/dicodusport.fr\/blog\/athletisme-jo-2024-just-kwaou-mathey-gravement-blesse-et-forfait-pour-paris\/#primaryimage\"},\"thumbnailUrl\":\"https:\/\/dicodusport.fr\/blog\/wp-content\/uploads\/2024\/04\/Athletisme-JO-2024-Just-Kwaou-Mathey-gravement-blesse-et-forfait-pour-Paris.png\",\"datePublished\":\"2024-04-12T17:11:16+00:00\",\"description\":\"ATHLETISME JO 2024 - Just Kwaou-Mathey ne sera pas pr\u00e9sent aux JO cet \u00e9t\u00e9. Bless\u00e9, le Fran\u00e7ais doit renoncer \u00e0 ses ambitions olympiques.\",\"breadcrumb\":{\"@id\":\"https:\/\/dicodusport.fr\/blog\/athletisme-jo-2024-just-kwaou-mathey-gravement-blesse-et-forfait-pour-paris\/#breadcrumb\"},\"inLanguage\":\"fr-FR\",\"potentialAction\":[{\"@type\":\"ReadAction\",\"target\":[\"https:\/\/dicodusport.fr\/blog\/athletisme-jo-2024-just-kwaou-mathey-gravement-blesse-et-forfait-pour-paris\/\"]}]},{\"@type\":\"ImageObject\",\"inLanguage\":\"fr-FR\",\"@id\":\"https:\/\/dicodusport.fr\/blog\/athletisme-jo-2024-just-kwaou-mathey-gravement-blesse-et-forfait-pour-paris\/#primaryimage\",\"url\":\"https:\/\/dicodusport.fr\/blog\/wp-content\/uploads\/2024\/04\/Athletisme-JO-2024-Just-Kwaou-Mathey-gravement-blesse-et-forfait-pour-Paris.png\",\"contentUrl\":\"https:\/\/dicodusport.fr\/blog\/wp-content\/uploads\/2024\/04\/Athletisme-JO-2024-Just-Kwaou-Mathey-gravement-blesse-et-forfait-pour-Paris.png\",\"width\":1200,\"height\":674,\"caption\":\"Athl\u00e9tisme JO 2024 Just Kwaou-Mathey gravement bless\u00e9 et forfait pour Paris\"},{\"@type\":\"BreadcrumbList\",\"@id\":\"https:\/\/dicodusport.fr\/blog\/athletisme-jo-2024-just-kwaou-mathey-gravement-blesse-et-forfait-pour-paris\/#breadcrumb\",\"itemListElement\":[{\"@type\":\"ListItem\",\"position\":1,\"name\":\"Accueil\",\"item\":\"https:\/\/dicodusport.fr\/blog\/\"},{\"@type\":\"ListItem\",\"position\":2,\"name\":\"Athl\u00e9tisme JO 2024 : Just Kwaou-Mathey gravement bless\u00e9 et forfait pour Paris\"}]},{\"@type\":\"WebSite\",\"@id\":\"https:\/\/dicodusport.fr\/blog\/#website\",\"url\":\"https:\/\/dicodusport.fr\/blog\/\",\"name\":\"Dicodusport\",\"description\":\"L&#039;encyclop\u00e9die de l&#039;actualit\u00e9 sportive\",\"publisher\":{\"@id\":\"https:\/\/dicodusport.fr\/blog\/#organization\"},\"potentialAction\":[{\"@type\":\"SearchAction\",\"target\":{\"@type\":\"EntryPoint\",\"urlTemplate\":\"https:\/\/dicodusport.fr\/blog\/?s={search_term_string}\"},\"query-input\":{\"@type\":\"PropertyValueSpecification\",\"valueRequired\":true,\"valueName\":\"search_term_string\"}}],\"inLanguage\":\"fr-FR\"},{\"@type\":\"NewsMediaOrganization\",\"@id\":\"https:\/\/dicodusport.fr\/blog\/#organization\",\"name\":\"Dicodusport\",\"url\":\"https:\/\/dicodusport.fr\/blog\/\",\"logo\":{\"@type\":\"ImageObject\",\"inLanguage\":\"fr-FR\",\"@id\":\"https:\/\/dicodusport.fr\/blog\/#\/schema\/logo\/image\/\",\"url\":\"https:\/\/dicodusport.fr\/blog\/wp-content\/uploads\/2020\/06\/cropped-LOGO-DICODUSPORT-2020-SANS-FOND-SANS-TEXTE.png\",\"contentUrl\":\"https:\/\/dicodusport.fr\/blog\/wp-content\/uploads\/2020\/06\/cropped-LOGO-DICODUSPORT-2020-SANS-FOND-SANS-TEXTE.png\",\"width\":512,\"height\":512,\"caption\":\"Dicodusport\"},\"image\":{\"@id\":\"https:\/\/dicodusport.fr\/blog\/#\/schema\/logo\/image\/\"},\"sameAs\":[\"https:\/\/www.facebook.com\/dicodusport\",\"https:\/\/x.com\/dicodusport\",\"https:\/\/www.instagram.com\/dicodusport\/\",\"https:\/\/www.youtube.com\/channel\/UC7V2KZ5sd3htJivAbA4ZG3w\"],\"description\":\"Dicodusport est l'encyclop\u00e9die de l'actualit\u00e9 sportive.\",\"email\":\"bonjour@dicodusport.fr\",\"legalName\":\"DICODUSPORT\",\"foundingDate\":\"2018-01-14\",\"vatID\":\"FR71834470973\",\"taxID\":\"83447097300043\",\"numberOfEmployees\":{\"@type\":\"QuantitativeValue\",\"minValue\":\"1\",\"maxValue\":\"10\"}},{\"@type\":\"Person\",\"@id\":\"https:\/\/dicodusport.fr\/blog\/#\/schema\/person\/b623199cba9ba90fe84a3d16e9282360\",\"name\":\"Victor Clot-Amiot\",\"image\":{\"@type\":\"ImageObject\",\"inLanguage\":\"fr-FR\",\"@id\":\"https:\/\/dicodusport.fr\/blog\/#\/schema\/person\/image\/\",\"url\":\"https:\/\/dicodusport.fr\/blog\/wp-content\/uploads\/2023\/09\/IMG_20190826_114722-150x150.jpg\",\"contentUrl\":\"https:\/\/dicodusport.fr\/blog\/wp-content\/uploads\/2023\/09\/IMG_20190826_114722-150x150.jpg\",\"caption\":\"Victor Clot-Amiot\"},\"description\":\"Passionn\u00e9 de sport depuis toujours, un jour \u00e0 l'adolescence mes parents m'ont dit : \\\"quitte \u00e0 passer ton temps \u00e0 regarder du sport, au moins va le voir en vrai\\\" ! Depuis, cette remarque ne m'a plus quitt\u00e9 et je passe une grande partie de mon temps libre \u00e0 assister \u00e0 des comp\u00e9titions de tous sports. Je m\u00eale d'ailleurs mes deux passions, le sport et les voyages afin de faire une pierre deux coups ! Outre l'US Open ou l'Euro 2021 par exemple, j'ai assist\u00e9 cet \u00e9t\u00e9 aux Mondiaux d'athl\u00e9tisme \u00e0 Budapest. Mon plus gros coup dur est et restera les JO 2020-2021 pour lesquels j'avais r\u00e9serv\u00e9 17 \u00e9preuves. La suite, vous la connaissez...\",\"sameAs\":[\"https:\/\/x.com\/https:\/\/x.com\/VictorClotAmiot\"],\"url\":\"https:\/\/dicodusport.fr\/blog\/author\/victor-clot-amiot\/\"}]}<\/script>\n<!-- \/ Yoast SEO Premium plugin. -->","yoast_head_json":{"title":"Athl\u00e9tisme JO 2024 : Just Kwaou-Mathey gravement bless\u00e9 et forfait pour Paris","description":"ATHLETISME JO 2024 - Just Kwaou-Mathey ne sera pas pr\u00e9sent aux JO cet \u00e9t\u00e9. Bless\u00e9, le Fran\u00e7ais doit renoncer \u00e0 ses ambitions olympiques.","robots":{"index":"index","follow":"follow","max-snippet":"max-snippet:-1","max-image-preview":"max-image-preview:large","max-video-preview":"max-video-preview:-1"},"canonical":"https:\/\/dicodusport.fr\/blog\/athletisme-jo-2024-just-kwaou-mathey-gravement-blesse-et-forfait-pour-paris\/","og_locale":"fr_FR","og_type":"article","og_title":"Athl\u00e9tisme JO 2024 : Just Kwaou-Mathey gravement bless\u00e9 et forfait pour Paris","og_description":"ATHLETISME JO 2024 - Just Kwaou-Mathey ne sera pas pr\u00e9sent aux JO cet \u00e9t\u00e9. Bless\u00e9, le Fran\u00e7ais doit renoncer \u00e0 ses ambitions olympiques.","og_url":"https:\/\/dicodusport.fr\/blog\/athletisme-jo-2024-just-kwaou-mathey-gravement-blesse-et-forfait-pour-paris\/","og_site_name":"Dicodusport","article_publisher":"https:\/\/www.facebook.com\/dicodusport","article_published_time":"2024-04-12T17:11:16+00:00","og_image":[{"width":1200,"height":674,"url":"https:\/\/dicodusport.fr\/blog\/wp-content\/uploads\/2024\/04\/Athletisme-JO-2024-Just-Kwaou-Mathey-gravement-blesse-et-forfait-pour-Paris.png","type":"image\/png"}],"author":"Victor Clot-Amiot","twitter_card":"summary_large_image","twitter_title":"Athl\u00e9tisme JO 2024 : Just Kwaou-Mathey gravement bless\u00e9 et forfait pour Paris","twitter_creator":"@https:\/\/x.com\/VictorClotAmiot","twitter_site":"@dicodusport","schema":{"@context":"https:\/\/schema.org","@graph":[{"@type":"NewsArticle","@id":"https:\/\/dicodusport.fr\/blog\/athletisme-jo-2024-just-kwaou-mathey-gravement-blesse-et-forfait-pour-paris\/#article","isPartOf":{"@id":"https:\/\/dicodusport.fr\/blog\/athletisme-jo-2024-just-kwaou-mathey-gravement-blesse-et-forfait-pour-paris\/"},"author":{"name":"Victor Clot-Amiot","@id":"https:\/\/dicodusport.fr\/blog\/#\/schema\/person\/b623199cba9ba90fe84a3d16e9282360"},"headline":"Athl\u00e9tisme JO 2024 : Just Kwaou-Mathey gravement bless\u00e9 et forfait pour Paris","datePublished":"2024-04-12T17:11:16+00:00","mainEntityOfPage":{"@id":"https:\/\/dicodusport.fr\/blog\/athletisme-jo-2024-just-kwaou-mathey-gravement-blesse-et-forfait-pour-paris\/"},"wordCount":447,"commentCount":0,"publisher":{"@id":"https:\/\/dicodusport.fr\/blog\/#organization"},"image":{"@id":"https:\/\/dicodusport.fr\/blog\/athletisme-jo-2024-just-kwaou-mathey-gravement-blesse-et-forfait-pour-paris\/#primaryimage"},"thumbnailUrl":"https:\/\/dicodusport.fr\/blog\/wp-content\/uploads\/2024\/04\/Athletisme-JO-2024-Just-Kwaou-Mathey-gravement-blesse-et-forfait-pour-Paris.png","keywords":["Athl\u00e9tisme","br\u00e8ve","Jeux olympiques 2024","JO 2024","Just Kwaou-Mathey"],"articleSection":["Athl\u00e9tisme","JO Paris 2024"],"inLanguage":"fr-FR","potentialAction":[{"@type":"CommentAction","name":"Comment","target":["https:\/\/dicodusport.fr\/blog\/athletisme-jo-2024-just-kwaou-mathey-gravement-blesse-et-forfait-pour-paris\/#respond"]}],"copyrightYear":"2024","copyrightHolder":{"@id":"https:\/\/dicodusport.fr\/blog\/#organization"}},{"@type":"WebPage","@id":"https:\/\/dicodusport.fr\/blog\/athletisme-jo-2024-just-kwaou-mathey-gravement-blesse-et-forfait-pour-paris\/","url":"https:\/\/dicodusport.fr\/blog\/athletisme-jo-2024-just-kwaou-mathey-gravement-blesse-et-forfait-pour-paris\/","name":"Athl\u00e9tisme JO 2024 : Just Kwaou-Mathey gravement bless\u00e9 et forfait pour Paris","isPartOf":{"@id":"https:\/\/dicodusport.fr\/blog\/#website"},"primaryImageOfPage":{"@id":"https:\/\/dicodusport.fr\/blog\/athletisme-jo-2024-just-kwaou-mathey-gravement-blesse-et-forfait-pour-paris\/#primaryimage"},"image":{"@id":"https:\/\/dicodusport.fr\/blog\/athletisme-jo-2024-just-kwaou-mathey-gravement-blesse-et-forfait-pour-paris\/#primaryimage"},"thumbnailUrl":"https:\/\/dicodusport.fr\/blog\/wp-content\/uploads\/2024\/04\/Athletisme-JO-2024-Just-Kwaou-Mathey-gravement-blesse-et-forfait-pour-Paris.png","datePublished":"2024-04-12T17:11:16+00:00","description":"ATHLETISME JO 2024 - Just Kwaou-Mathey ne sera pas pr\u00e9sent aux JO cet \u00e9t\u00e9. Bless\u00e9, le Fran\u00e7ais doit renoncer \u00e0 ses ambitions olympiques.","breadcrumb":{"@id":"https:\/\/dicodusport.fr\/blog\/athletisme-jo-2024-just-kwaou-mathey-gravement-blesse-et-forfait-pour-paris\/#breadcrumb"},"inLanguage":"fr-FR","potentialAction":[{"@type":"ReadAction","target":["https:\/\/dicodusport.fr\/blog\/athletisme-jo-2024-just-kwaou-mathey-gravement-blesse-et-forfait-pour-paris\/"]}]},{"@type":"ImageObject","inLanguage":"fr-FR","@id":"https:\/\/dicodusport.fr\/blog\/athletisme-jo-2024-just-kwaou-mathey-gravement-blesse-et-forfait-pour-paris\/#primaryimage","url":"https:\/\/dicodusport.fr\/blog\/wp-content\/uploads\/2024\/04\/Athletisme-JO-2024-Just-Kwaou-Mathey-gravement-blesse-et-forfait-pour-Paris.png","contentUrl":"https:\/\/dicodusport.fr\/blog\/wp-content\/uploads\/2024\/04\/Athletisme-JO-2024-Just-Kwaou-Mathey-gravement-blesse-et-forfait-pour-Paris.png","width":1200,"height":674,"caption":"Athl\u00e9tisme JO 2024 Just Kwaou-Mathey gravement bless\u00e9 et forfait pour Paris"},{"@type":"BreadcrumbList","@id":"https:\/\/dicodusport.fr\/blog\/athletisme-jo-2024-just-kwaou-mathey-gravement-blesse-et-forfait-pour-paris\/#breadcrumb","itemListElement":[{"@type":"ListItem","position":1,"name":"Accueil","item":"https:\/\/dicodusport.fr\/blog\/"},{"@type":"ListItem","position":2,"name":"Athl\u00e9tisme JO 2024 : Just Kwaou-Mathey gravement bless\u00e9 et forfait pour Paris"}]},{"@type":"WebSite","@id":"https:\/\/dicodusport.fr\/blog\/#website","url":"https:\/\/dicodusport.fr\/blog\/","name":"Dicodusport","description":"L&#039;encyclop\u00e9die de l&#039;actualit\u00e9 sportive","publisher":{"@id":"https:\/\/dicodusport.fr\/blog\/#organization"},"potentialAction":[{"@type":"SearchAction","target":{"@type":"EntryPoint","urlTemplate":"https:\/\/dicodusport.fr\/blog\/?s={search_term_string}"},"query-input":{"@type":"PropertyValueSpecification","valueRequired":true,"valueName":"search_term_string"}}],"inLanguage":"fr-FR"},{"@type":"NewsMediaOrganization","@id":"https:\/\/dicodusport.fr\/blog\/#organization","name":"Dicodusport","url":"https:\/\/dicodusport.fr\/blog\/","logo":{"@type":"ImageObject","inLanguage":"fr-FR","@id":"https:\/\/dicodusport.fr\/blog\/#\/schema\/logo\/image\/","url":"https:\/\/dicodusport.fr\/blog\/wp-content\/uploads\/2020\/06\/cropped-LOGO-DICODUSPORT-2020-SANS-FOND-SANS-TEXTE.png","contentUrl":"https:\/\/dicodusport.fr\/blog\/wp-content\/uploads\/2020\/06\/cropped-LOGO-DICODUSPORT-2020-SANS-FOND-SANS-TEXTE.png","width":512,"height":512,"caption":"Dicodusport"},"image":{"@id":"https:\/\/dicodusport.fr\/blog\/#\/schema\/logo\/image\/"},"sameAs":["https:\/\/www.facebook.com\/dicodusport","https:\/\/x.com\/dicodusport","https:\/\/www.instagram.com\/dicodusport\/","https:\/\/www.youtube.com\/channel\/UC7V2KZ5sd3htJivAbA4ZG3w"],"description":"Dicodusport est l'encyclop\u00e9die de l'actualit\u00e9 sportive.","email":"bonjour@dicodusport.fr","legalName":"DICODUSPORT","foundingDate":"2018-01-14","vatID":"FR71834470973","taxID":"83447097300043","numberOfEmployees":{"@type":"QuantitativeValue","minValue":"1","maxValue":"10"}},{"@type":"Person","@id":"https:\/\/dicodusport.fr\/blog\/#\/schema\/person\/b623199cba9ba90fe84a3d16e9282360","name":"Victor Clot-Amiot","image":{"@type":"ImageObject","inLanguage":"fr-FR","@id":"https:\/\/dicodusport.fr\/blog\/#\/schema\/person\/image\/","url":"https:\/\/dicodusport.fr\/blog\/wp-content\/uploads\/2023\/09\/IMG_20190826_114722-150x150.jpg","contentUrl":"https:\/\/dicodusport.fr\/blog\/wp-content\/uploads\/2023\/09\/IMG_20190826_114722-150x150.jpg","caption":"Victor Clot-Amiot"},"description":"Passionn\u00e9 de sport depuis toujours, un jour \u00e0 l'adolescence mes parents m'ont dit : \"quitte \u00e0 passer ton temps \u00e0 regarder du sport, au moins va le voir en vrai\" ! Depuis, cette remarque ne m'a plus quitt\u00e9 et je passe une grande partie de mon temps libre \u00e0 assister \u00e0 des comp\u00e9titions de tous sports. Je m\u00eale d'ailleurs mes deux passions, le sport et les voyages afin de faire une pierre deux coups ! Outre l'US Open ou l'Euro 2021 par exemple, j'ai assist\u00e9 cet \u00e9t\u00e9 aux Mondiaux d'athl\u00e9tisme \u00e0 Budapest. Mon plus gros coup dur est et restera les JO 2020-2021 pour lesquels j'avais r\u00e9serv\u00e9 17 \u00e9preuves. La suite, vous la connaissez...","sameAs":["https:\/\/x.com\/https:\/\/x.com\/VictorClotAmiot"],"url":"https:\/\/dicodusport.fr\/blog\/author\/victor-clot-amiot\/"}]}},"_links":{"self":[{"href":"https:\/\/dicodusport.fr\/blog\/wp-json\/wp\/v2\/posts\/478450","targetHints":{"allow":["GET"]}}],"collection":[{"href":"https:\/\/dicodusport.fr\/blog\/wp-json\/wp\/v2\/posts"}],"about":[{"href":"https:\/\/dicodusport.fr\/blog\/wp-json\/wp\/v2\/types\/post"}],"author":[{"embeddable":true,"href":"https:\/\/dicodusport.fr\/blog\/wp-json\/wp\/v2\/users\/91"}],"replies":[{"embeddable":true,"href":"https:\/\/dicodusport.fr\/blog\/wp-json\/wp\/v2\/comments?post=478450"}],"version-history":[{"count":2,"href":"https:\/\/dicodusport.fr\/blog\/wp-json\/wp\/v2\/posts\/478450\/revisions"}],"predecessor-version":[{"id":478465,"href":"https:\/\/dicodusport.fr\/blog\/wp-json\/wp\/v2\/posts\/478450\/revisions\/478465"}],"wp:featuredmedia":[{"embeddable":true,"href":"https:\/\/dicodusport.fr\/blog\/wp-json\/wp\/v2\/media\/478464"}],"wp:attachment":[{"href":"https:\/\/dicodusport.fr\/blog\/wp-json\/wp\/v2\/media?parent=478450"}],"wp:term":[{"taxonomy":"category","embeddable":true,"href":"https:\/\/dicodusport.fr\/blog\/wp-json\/wp\/v2\/categories?post=478450"},{"taxonomy":"post_tag","embeddable":true,"href":"https:\/\/dicodusport.fr\/blog\/wp-json\/wp\/v2\/tags?post=478450"}],"curies":[{"name":"wp","href":"https:\/\/api.w.org\/{rel}","templated":true}]}}