{"id":478991,"date":"2024-04-15T14:34:41","date_gmt":"2024-04-15T12:34:41","guid":{"rendered":"https:\/\/dicodusport.fr\/blog\/?p=478991&#038;preview=true&#038;preview_id=478991"},"modified":"2024-04-15T17:52:23","modified_gmt":"2024-04-15T15:52:23","slug":"athletisme-ducos-joseph-rollin-samba-mayela-les-performances-francaises-de-la-semaine","status":"publish","type":"post","link":"https:\/\/dicodusport.fr\/blog\/athletisme-ducos-joseph-rollin-samba-mayela-les-performances-francaises-de-la-semaine\/","title":{"rendered":"Athl\u00e9tisme : Ducos, Joseph, Rollin, Samba-Mayela, les performances fran\u00e7aises de la semaine"},"content":{"rendered":"<p style=\"text-align: justify;\"><strong><em>ATHL\u00c9TISME &#8211; Tour d&rsquo;horizon sur les performances fran\u00e7aises dans une semaine, marqu\u00e9e par les minima olympique de G\u00e9mima Joseph et Cl\u00e9ment Ducos, mais aussi de belles performances et une Cyr\u00e9na Samba-Mayela pass\u00e9e toute proche d&rsquo;un nouveau record de France.<\/em><\/strong><\/p>\n<h2 style=\"text-align: justify;\">Minima olympiques pour Cl\u00e9ment Ducos et G\u00e9mima Joseph<\/h2>\n<p style=\"text-align: justify;\">Et hop ! Deux nouveaux fran\u00e7ais qui ont r\u00e9alis\u00e9 les minima olympiques. Deux tr\u00e8s belles surprises. D&rsquo;abord, <a href=\"https:\/\/dicodusport.fr\/blog\/athletisme-minima-olympiques-pour-clement-ducos-sur-400-m-haies\/\">Cl\u00e9ment Ducos, sur 400 m haies<\/a>, qui devient le 3e Fran\u00e7ais \u00e0 les r\u00e9aliser sur la distance, avec un record personnel port\u00e9 \u00e0 48.26 aux \u00c9tats-Unis. Dans la nuit de samedi \u00e0 dimanche, <a href=\"https:\/\/dicodusport.fr\/blog\/athletisme-minima-olympiques-pour-gemina-joseph-sur-100-m\/\">c&rsquo;est G\u00e9mima Joseph qui l&rsquo;a imit\u00e9<\/a>. Et la Guyanaise n&rsquo;a pas fait les choses \u00e0 moiti\u00e9, avec un 11.04 au 100 m, 6e performance fran\u00e7aise de tous les temps et ses 22.57 sur 200 m. Elle vient de changer de dimension. Et c&rsquo;est toujours \u00e7a de pression en moins, pour l&rsquo;un comme pour l&rsquo;autre, pour la suite de la saison.<\/p>\n<blockquote class=\"twitter-tweet\">\n<p dir=\"ltr\" lang=\"fr\">\ud83c\udfc3\u200d\u2640\ufe0f 200M &#8211; TOP 8 MPF \ud83c\uddeb\ud83c\uddf7 DE TOUS LES TEMPS :<\/p>\n<p>1. Marie-Jos\u00e9 P\u00e9rec 21.99 RF<br \/>\n2. Soumar\u00e9 22.11<br \/>\n3. Arron 22.26<br \/>\n4. Hurtis 22.31<br \/>\n5. Cazier-Richet 22.32<br \/>\n6. Bacoul 22.53<br \/>\n7. F\u00e9lix 22.56<br \/>\n8. G\u00e9mima Joseph 22.57 \ud83c\udd95<a href=\"https:\/\/twitter.com\/hashtag\/Athl%C3%A9tisme?src=hash&amp;ref_src=twsrc%5Etfw\">#Athl\u00e9tisme<\/a> <a href=\"https:\/\/t.co\/lPvV7f3vVm\">pic.twitter.com\/lPvV7f3vVm<\/a><\/p>\n<p>\u2014 MR.CARTER (@NelsonCarterJr) <a href=\"https:\/\/twitter.com\/NelsonCarterJr\/status\/1779458521358110945?ref_src=twsrc%5Etfw\">April 14, 2024<\/a><\/p><\/blockquote>\n<p><script async src=\"https:\/\/platform.twitter.com\/widgets.js\" charset=\"utf-8\"><\/script><\/p>\n<p style=\"text-align: justify;\">Elle aussi a fait les minima, mais les avaient faits auparavant. <strong>Cyr\u00e9na Samba-Mayela<\/strong> est pass\u00e9e toute proche d&rsquo;un record de France du 100 m haies. Elle a boucl\u00e9 sa course en 12.51, six centi\u00e8mes de mieux que <strong>Monique Ewanj\u00e9-Ep\u00e9e <\/strong>et<strong> Cindy Billaud<\/strong>. Mais le vent a souffl\u00e9 trop fort pour une homologation (+2.5). Mais elle signe son record personnel en finale, avec 12.65, vent n\u00e9gatif (-0.8).<\/p>\n<h2 style=\"text-align: justify;\">M\u00e9line Rollin et Rapha\u00ebl Montoya remportent les France de 10 km<\/h2>\n<p style=\"text-align: justify;\">Mine de rien, de bon augure pour le marathon des JO, m\u00eame si elle n&rsquo;est pas encore s\u00fbre d&rsquo;\u00eatre qualifi\u00e9e. Mais <strong>M\u00e9line Rollin<\/strong> a remport\u00e9 les championnats de France du 10 km, ce dimanche matin \u00e0 Roanne. Avec un nouveau record personnel avec son chrono de 33:22. Elle devance<strong> M\u00e9lody Julien<\/strong>, qualifi\u00e9e pour les JO sur marathon, qui r\u00e9alise un chrono de 33:22. Mathilde S\u00e9n\u00e9chal prend la 3e place en 33:49. \u00c0 propos de marathon, <strong>Manon Trapp<\/strong> plus dans l&rsquo;allure apr\u00e8s 25 kilom\u00e8tres, a abandonn\u00e9 sur le marathon de Rotterdam. Pour elle, malgr\u00e9 les minima en poche, ce sont les Jeux Olympiques qui s&rsquo;\u00e9loignent.<\/p>\n<p style=\"text-align: justify;\">Chez les hommes, <strong>Rapha\u00ebl Montoya<\/strong> a fait cavalier seul sur la course, le seul sous les 29 minutes (28:58). Pour devancer <strong>Thomas Reau<\/strong>, qui a \u00e9t\u00e9 chercher un record personnel, au terme d&rsquo;une belle derni\u00e8re ligne droite en 29:10. <strong>Antonin Marquant<\/strong> boucle sa course en 3e position, en 29:18. Chez les juniors, <strong>Gaston Rohmer<\/strong> a domin\u00e9 la course en 29:47, alors que <strong>Caroline Dennilauler<\/strong> s&rsquo;est impos\u00e9e chez les femmes en 34:50.<\/p>\n<ul>\n<li style=\"text-align: justify;\"><strong>\u00c0 ce sujet &#8211; <a href=\"https:\/\/dicodusport.fr\/blog\/classement-championnats-de-france-10-km-2024\/\">Classement Championnats de France 10 km 2024<\/a><\/strong><\/li>\n<\/ul>\n<h2 style=\"text-align: justify;\">Lolasson Djouhan encore au rendez-vous<\/h2>\n<p style=\"text-align: justify;\"><strong>Lolasson Djouhan<\/strong>, au-m\u00eame endroit que <strong>G\u00e9mima Joseph<\/strong>, a confirm\u00e9 au disque, avec 62.62 m, son meilleur jet de la saison. <strong>La\u00ebticia Bapt\u00e9<\/strong> a r\u00e9ussi \u00e0 passer sous les 13 secondes sur 100 m haies (12.90) et affiche d\u00e9j\u00e0 une belle forme. Le jeune <strong>Ylann Bizasene<\/strong> a am\u00e9lior\u00e9 son record au 100 m, avec ses 10.43. Du c\u00f4t\u00e9 des \u00c9tats-Unis,<strong> Thomas Jordier<\/strong> est pass\u00e9 sous les 46 secondes au 400 m (45.89). <strong>Ma\u00ebl Gouyette<\/strong> affiche d\u00e9j\u00e0 une belle forme sur 1500 m, avec 3:38.92, alors que Bastien Augusto est plus loin en 3:40.79.<\/p>\n<p style=\"text-align: justify;\">Mais ce dernier avait sans doute un 5000 m dans les jambes. Lui et <strong>Romain Legendre<\/strong> ont fait les minima pour les championnats d&rsquo;Europe, avec 13:16.53, contre 13:16.85. Une course dans laquelle <strong>Florian Le Pallec<\/strong> s&rsquo;est distingu\u00e9 avec 13:29.78. \u00c0 noter \u00e9galement les 16:06.10 de <strong>Fleur Templier,<\/strong> 2e performance fran\u00e7aise U20 de tous les temps. <strong>Ma\u00eblle Porcher<\/strong> a r\u00e9alis\u00e9 15:44.25, 4e performance fran\u00e7aise de tous les temps chez les U23. Le demi-fond et fond fran\u00e7ais toujours plus fort.<\/p>\n<blockquote class=\"twitter-tweet\">\n<p dir=\"ltr\" lang=\"fr\">Les fran\u00e7ais aux \u00c9tats-Unis cette nuit :<\/p>\n<p>Cl\u00e9ment Duclos | 48&Prime;26<br \/>\nMinima Olympiques | 5e MPF TT \ud83d\udd25<\/p>\n<p>Romain Legendre | 13\u201916&Prime;53<br \/>\nBastien Augusto | 13\u201916&Prime;85<br \/>\nFlorian Le Pallec | 13\u201929&Prime;78<br \/>\nSimon B\u00e9dard | 13\u201934&Prime;17<\/p>\n<p>Ma\u00eblle Porcher (U23) | 15\u201944&Prime;25<br \/>\nFleur Templier (U20) | 16\u201906&Prime;10<\/p>\n<p>\u2014 Vincent Guyot (@Vinc_Guyot) <a href=\"https:\/\/twitter.com\/Vinc_Guyot\/status\/1779024108346351747?ref_src=twsrc%5Etfw\">April 13, 2024<\/a><\/p><\/blockquote>\n<p><script async src=\"https:\/\/platform.twitter.com\/widgets.js\" charset=\"utf-8\"><\/script><\/p>\n","protected":false},"excerpt":{"rendered":"<p>ATHL\u00c9TISME &#8211; Tour d&rsquo;horizon sur les performances fran\u00e7aises dans une semaine, marqu\u00e9e par les minima olympique de G\u00e9mima Joseph et Cl\u00e9ment Ducos.<\/p>\n","protected":false},"author":83,"featured_media":479010,"comment_status":"open","ping_status":"closed","sticky":false,"template":"","format":"standard","meta":{"_acf_changed":false,"_daextam_enable_autolinks":"1","footnotes":""},"categories":[2308],"tags":[143,10976,16878,38823,14537,17946],"class_list":["post-478991","post","type-post","status-publish","format-standard","has-post-thumbnail","hentry","category-athletisme","tag-athletisme","tag-athletisme-francais","tag-breve","tag-clement-ducos","tag-cyrena-samba-mayela","tag-gemima-joseph"],"acf":[],"yoast_head":"<!-- This site is optimized with the Yoast SEO Premium plugin v26.7 (Yoast SEO v26.7) - https:\/\/yoast.com\/wordpress\/plugins\/seo\/ -->\n<title>Athl\u00e9tisme : Ducos, Joseph, Rollin, Samba-Mayela, les performances fran\u00e7aises de la semaine<\/title>\n<meta name=\"description\" content=\"ATHL\u00c9TISME - Tour d&#039;horizon sur les performances fran\u00e7aises dans une semaine, marqu\u00e9e par les minima olympique de G\u00e9mima Joseph et Cl\u00e9ment Ducos.\" \/>\n<meta name=\"robots\" content=\"index, follow, max-snippet:-1, max-image-preview:large, max-video-preview:-1\" \/>\n<link rel=\"canonical\" href=\"https:\/\/dicodusport.fr\/blog\/athletisme-ducos-joseph-rollin-samba-mayela-les-performances-francaises-de-la-semaine\/\" \/>\n<meta property=\"og:locale\" content=\"fr_FR\" \/>\n<meta property=\"og:type\" content=\"article\" \/>\n<meta property=\"og:title\" content=\"Athl\u00e9tisme : Ducos, Joseph, Rollin, Samba-Mayela, les performances fran\u00e7aises de la semaine\" \/>\n<meta property=\"og:description\" content=\"ATHL\u00c9TISME - Tour d&#039;horizon sur les performances fran\u00e7aises dans une semaine, marqu\u00e9e par les minima olympique de G\u00e9mima Joseph et Cl\u00e9ment Ducos.\" \/>\n<meta property=\"og:url\" content=\"https:\/\/dicodusport.fr\/blog\/athletisme-ducos-joseph-rollin-samba-mayela-les-performances-francaises-de-la-semaine\/\" \/>\n<meta property=\"og:site_name\" content=\"Dicodusport\" \/>\n<meta property=\"article:publisher\" content=\"https:\/\/www.facebook.com\/dicodusport\" \/>\n<meta property=\"article:published_time\" content=\"2024-04-15T12:34:41+00:00\" \/>\n<meta property=\"article:modified_time\" content=\"2024-04-15T15:52:23+00:00\" \/>\n<meta property=\"og:image\" content=\"https:\/\/dicodusport.fr\/blog\/wp-content\/uploads\/2024\/04\/Athletisme-Ducos-Joseph-Rollin-Samba-Mayela-les-performances-francaises-de-la-semaine.png\" \/>\n\t<meta property=\"og:image:width\" content=\"1200\" \/>\n\t<meta property=\"og:image:height\" content=\"674\" \/>\n\t<meta property=\"og:image:type\" content=\"image\/png\" \/>\n<meta name=\"author\" content=\"Etienne Goursaud\" \/>\n<meta name=\"twitter:card\" content=\"summary_large_image\" \/>\n<meta name=\"twitter:title\" content=\"Athl\u00e9tisme : Ducos, Joseph, Rollin, Samba-Mayela, les performances fran\u00e7aises de la semaine\" \/>\n<meta name=\"twitter:creator\" content=\"@dicodusport\" \/>\n<meta name=\"twitter:site\" content=\"@dicodusport\" \/>\n<script type=\"application\/ld+json\" class=\"yoast-schema-graph\">{\"@context\":\"https:\/\/schema.org\",\"@graph\":[{\"@type\":\"NewsArticle\",\"@id\":\"https:\/\/dicodusport.fr\/blog\/athletisme-ducos-joseph-rollin-samba-mayela-les-performances-francaises-de-la-semaine\/#article\",\"isPartOf\":{\"@id\":\"https:\/\/dicodusport.fr\/blog\/athletisme-ducos-joseph-rollin-samba-mayela-les-performances-francaises-de-la-semaine\/\"},\"author\":{\"name\":\"Etienne Goursaud\",\"@id\":\"https:\/\/dicodusport.fr\/blog\/#\/schema\/person\/d603dd7da31fb2b46c82b9835a77ec13\"},\"headline\":\"Athl\u00e9tisme : Ducos, Joseph, Rollin, Samba-Mayela, les performances fran\u00e7aises de la semaine\",\"datePublished\":\"2024-04-15T12:34:41+00:00\",\"dateModified\":\"2024-04-15T15:52:23+00:00\",\"mainEntityOfPage\":{\"@id\":\"https:\/\/dicodusport.fr\/blog\/athletisme-ducos-joseph-rollin-samba-mayela-les-performances-francaises-de-la-semaine\/\"},\"wordCount\":698,\"commentCount\":0,\"publisher\":{\"@id\":\"https:\/\/dicodusport.fr\/blog\/#organization\"},\"image\":{\"@id\":\"https:\/\/dicodusport.fr\/blog\/athletisme-ducos-joseph-rollin-samba-mayela-les-performances-francaises-de-la-semaine\/#primaryimage\"},\"thumbnailUrl\":\"https:\/\/dicodusport.fr\/blog\/wp-content\/uploads\/2024\/04\/Athletisme-Ducos-Joseph-Rollin-Samba-Mayela-les-performances-francaises-de-la-semaine.png\",\"keywords\":[\"Athl\u00e9tisme\",\"Athl\u00e9tisme fran\u00e7ais\",\"br\u00e8ve\",\"Cl\u00e9ment Ducos\",\"Cyr\u00e9na Samba-Mayela\",\"Gemima Joseph\"],\"articleSection\":[\"Athl\u00e9tisme\"],\"inLanguage\":\"fr-FR\",\"potentialAction\":[{\"@type\":\"CommentAction\",\"name\":\"Comment\",\"target\":[\"https:\/\/dicodusport.fr\/blog\/athletisme-ducos-joseph-rollin-samba-mayela-les-performances-francaises-de-la-semaine\/#respond\"]}],\"copyrightYear\":\"2024\",\"copyrightHolder\":{\"@id\":\"https:\/\/dicodusport.fr\/blog\/#organization\"}},{\"@type\":\"WebPage\",\"@id\":\"https:\/\/dicodusport.fr\/blog\/athletisme-ducos-joseph-rollin-samba-mayela-les-performances-francaises-de-la-semaine\/\",\"url\":\"https:\/\/dicodusport.fr\/blog\/athletisme-ducos-joseph-rollin-samba-mayela-les-performances-francaises-de-la-semaine\/\",\"name\":\"Athl\u00e9tisme : Ducos, Joseph, Rollin, Samba-Mayela, les performances fran\u00e7aises de la semaine\",\"isPartOf\":{\"@id\":\"https:\/\/dicodusport.fr\/blog\/#website\"},\"primaryImageOfPage\":{\"@id\":\"https:\/\/dicodusport.fr\/blog\/athletisme-ducos-joseph-rollin-samba-mayela-les-performances-francaises-de-la-semaine\/#primaryimage\"},\"image\":{\"@id\":\"https:\/\/dicodusport.fr\/blog\/athletisme-ducos-joseph-rollin-samba-mayela-les-performances-francaises-de-la-semaine\/#primaryimage\"},\"thumbnailUrl\":\"https:\/\/dicodusport.fr\/blog\/wp-content\/uploads\/2024\/04\/Athletisme-Ducos-Joseph-Rollin-Samba-Mayela-les-performances-francaises-de-la-semaine.png\",\"datePublished\":\"2024-04-15T12:34:41+00:00\",\"dateModified\":\"2024-04-15T15:52:23+00:00\",\"description\":\"ATHL\u00c9TISME - Tour d'horizon sur les performances fran\u00e7aises dans une semaine, marqu\u00e9e par les minima olympique de G\u00e9mima Joseph et Cl\u00e9ment Ducos.\",\"breadcrumb\":{\"@id\":\"https:\/\/dicodusport.fr\/blog\/athletisme-ducos-joseph-rollin-samba-mayela-les-performances-francaises-de-la-semaine\/#breadcrumb\"},\"inLanguage\":\"fr-FR\",\"potentialAction\":[{\"@type\":\"ReadAction\",\"target\":[\"https:\/\/dicodusport.fr\/blog\/athletisme-ducos-joseph-rollin-samba-mayela-les-performances-francaises-de-la-semaine\/\"]}]},{\"@type\":\"ImageObject\",\"inLanguage\":\"fr-FR\",\"@id\":\"https:\/\/dicodusport.fr\/blog\/athletisme-ducos-joseph-rollin-samba-mayela-les-performances-francaises-de-la-semaine\/#primaryimage\",\"url\":\"https:\/\/dicodusport.fr\/blog\/wp-content\/uploads\/2024\/04\/Athletisme-Ducos-Joseph-Rollin-Samba-Mayela-les-performances-francaises-de-la-semaine.png\",\"contentUrl\":\"https:\/\/dicodusport.fr\/blog\/wp-content\/uploads\/2024\/04\/Athletisme-Ducos-Joseph-Rollin-Samba-Mayela-les-performances-francaises-de-la-semaine.png\",\"width\":1200,\"height\":674,\"caption\":\"Athl\u00e9tisme : Ducos, Joseph, Rollin, Samba-Mayela, les performances fran\u00e7aises de la semaine\"},{\"@type\":\"BreadcrumbList\",\"@id\":\"https:\/\/dicodusport.fr\/blog\/athletisme-ducos-joseph-rollin-samba-mayela-les-performances-francaises-de-la-semaine\/#breadcrumb\",\"itemListElement\":[{\"@type\":\"ListItem\",\"position\":1,\"name\":\"Accueil\",\"item\":\"https:\/\/dicodusport.fr\/blog\/\"},{\"@type\":\"ListItem\",\"position\":2,\"name\":\"Athl\u00e9tisme : Ducos, Joseph, Rollin, Samba-Mayela, les performances fran\u00e7aises de la semaine\"}]},{\"@type\":\"WebSite\",\"@id\":\"https:\/\/dicodusport.fr\/blog\/#website\",\"url\":\"https:\/\/dicodusport.fr\/blog\/\",\"name\":\"Dicodusport\",\"description\":\"L&#039;encyclop\u00e9die de l&#039;actualit\u00e9 sportive\",\"publisher\":{\"@id\":\"https:\/\/dicodusport.fr\/blog\/#organization\"},\"potentialAction\":[{\"@type\":\"SearchAction\",\"target\":{\"@type\":\"EntryPoint\",\"urlTemplate\":\"https:\/\/dicodusport.fr\/blog\/?s={search_term_string}\"},\"query-input\":{\"@type\":\"PropertyValueSpecification\",\"valueRequired\":true,\"valueName\":\"search_term_string\"}}],\"inLanguage\":\"fr-FR\"},{\"@type\":\"NewsMediaOrganization\",\"@id\":\"https:\/\/dicodusport.fr\/blog\/#organization\",\"name\":\"Dicodusport\",\"url\":\"https:\/\/dicodusport.fr\/blog\/\",\"logo\":{\"@type\":\"ImageObject\",\"inLanguage\":\"fr-FR\",\"@id\":\"https:\/\/dicodusport.fr\/blog\/#\/schema\/logo\/image\/\",\"url\":\"https:\/\/dicodusport.fr\/blog\/wp-content\/uploads\/2020\/06\/cropped-LOGO-DICODUSPORT-2020-SANS-FOND-SANS-TEXTE.png\",\"contentUrl\":\"https:\/\/dicodusport.fr\/blog\/wp-content\/uploads\/2020\/06\/cropped-LOGO-DICODUSPORT-2020-SANS-FOND-SANS-TEXTE.png\",\"width\":512,\"height\":512,\"caption\":\"Dicodusport\"},\"image\":{\"@id\":\"https:\/\/dicodusport.fr\/blog\/#\/schema\/logo\/image\/\"},\"sameAs\":[\"https:\/\/www.facebook.com\/dicodusport\",\"https:\/\/x.com\/dicodusport\",\"https:\/\/www.instagram.com\/dicodusport\/\",\"https:\/\/www.youtube.com\/channel\/UC7V2KZ5sd3htJivAbA4ZG3w\"],\"description\":\"Dicodusport est l'encyclop\u00e9die de l'actualit\u00e9 sportive.\",\"email\":\"bonjour@dicodusport.fr\",\"legalName\":\"DICODUSPORT\",\"foundingDate\":\"2018-01-14\",\"vatID\":\"FR71834470973\",\"taxID\":\"83447097300043\",\"numberOfEmployees\":{\"@type\":\"QuantitativeValue\",\"minValue\":\"1\",\"maxValue\":\"10\"}},{\"@type\":\"Person\",\"@id\":\"https:\/\/dicodusport.fr\/blog\/#\/schema\/person\/d603dd7da31fb2b46c82b9835a77ec13\",\"name\":\"Etienne Goursaud\",\"image\":{\"@type\":\"ImageObject\",\"inLanguage\":\"fr-FR\",\"@id\":\"https:\/\/dicodusport.fr\/blog\/#\/schema\/person\/image\/\",\"url\":\"https:\/\/dicodusport.fr\/blog\/wp-content\/uploads\/2023\/12\/410122264_10231602061736049_5565839791558026645_n-150x150.jpg\",\"contentUrl\":\"https:\/\/dicodusport.fr\/blog\/wp-content\/uploads\/2023\/12\/410122264_10231602061736049_5565839791558026645_n-150x150.jpg\",\"caption\":\"Etienne Goursaud\"},\"description\":\"Journaliste et amoureux de sport. Ancien footballeur reconverti athl\u00e8te quand ses muscles le laissent tranquille. \u00c9lev\u00e9 \u00e0 la sauce des exploits de Thomas Voeckler en 2004, du dernier essai de l\u00e9gende de Eunice Barber \u00e0 la longueur lors des championnats du monde d'athl\u00e9tisme de 2003 mais aussi Zidane, Omeyer et Titou Lamaison.\",\"url\":\"https:\/\/dicodusport.fr\/blog\/author\/etienne-goursaud\/\"}]}<\/script>\n<!-- \/ Yoast SEO Premium plugin. -->","yoast_head_json":{"title":"Athl\u00e9tisme : Ducos, Joseph, Rollin, Samba-Mayela, les performances fran\u00e7aises de la semaine","description":"ATHL\u00c9TISME - Tour d'horizon sur les performances fran\u00e7aises dans une semaine, marqu\u00e9e par les minima olympique de G\u00e9mima Joseph et Cl\u00e9ment Ducos.","robots":{"index":"index","follow":"follow","max-snippet":"max-snippet:-1","max-image-preview":"max-image-preview:large","max-video-preview":"max-video-preview:-1"},"canonical":"https:\/\/dicodusport.fr\/blog\/athletisme-ducos-joseph-rollin-samba-mayela-les-performances-francaises-de-la-semaine\/","og_locale":"fr_FR","og_type":"article","og_title":"Athl\u00e9tisme : Ducos, Joseph, Rollin, Samba-Mayela, les performances fran\u00e7aises de la semaine","og_description":"ATHL\u00c9TISME - Tour d'horizon sur les performances fran\u00e7aises dans une semaine, marqu\u00e9e par les minima olympique de G\u00e9mima Joseph et Cl\u00e9ment Ducos.","og_url":"https:\/\/dicodusport.fr\/blog\/athletisme-ducos-joseph-rollin-samba-mayela-les-performances-francaises-de-la-semaine\/","og_site_name":"Dicodusport","article_publisher":"https:\/\/www.facebook.com\/dicodusport","article_published_time":"2024-04-15T12:34:41+00:00","article_modified_time":"2024-04-15T15:52:23+00:00","og_image":[{"width":1200,"height":674,"url":"https:\/\/dicodusport.fr\/blog\/wp-content\/uploads\/2024\/04\/Athletisme-Ducos-Joseph-Rollin-Samba-Mayela-les-performances-francaises-de-la-semaine.png","type":"image\/png"}],"author":"Etienne Goursaud","twitter_card":"summary_large_image","twitter_title":"Athl\u00e9tisme : Ducos, Joseph, Rollin, Samba-Mayela, les performances fran\u00e7aises de la semaine","twitter_creator":"@dicodusport","twitter_site":"@dicodusport","schema":{"@context":"https:\/\/schema.org","@graph":[{"@type":"NewsArticle","@id":"https:\/\/dicodusport.fr\/blog\/athletisme-ducos-joseph-rollin-samba-mayela-les-performances-francaises-de-la-semaine\/#article","isPartOf":{"@id":"https:\/\/dicodusport.fr\/blog\/athletisme-ducos-joseph-rollin-samba-mayela-les-performances-francaises-de-la-semaine\/"},"author":{"name":"Etienne Goursaud","@id":"https:\/\/dicodusport.fr\/blog\/#\/schema\/person\/d603dd7da31fb2b46c82b9835a77ec13"},"headline":"Athl\u00e9tisme : Ducos, Joseph, Rollin, Samba-Mayela, les performances fran\u00e7aises de la semaine","datePublished":"2024-04-15T12:34:41+00:00","dateModified":"2024-04-15T15:52:23+00:00","mainEntityOfPage":{"@id":"https:\/\/dicodusport.fr\/blog\/athletisme-ducos-joseph-rollin-samba-mayela-les-performances-francaises-de-la-semaine\/"},"wordCount":698,"commentCount":0,"publisher":{"@id":"https:\/\/dicodusport.fr\/blog\/#organization"},"image":{"@id":"https:\/\/dicodusport.fr\/blog\/athletisme-ducos-joseph-rollin-samba-mayela-les-performances-francaises-de-la-semaine\/#primaryimage"},"thumbnailUrl":"https:\/\/dicodusport.fr\/blog\/wp-content\/uploads\/2024\/04\/Athletisme-Ducos-Joseph-Rollin-Samba-Mayela-les-performances-francaises-de-la-semaine.png","keywords":["Athl\u00e9tisme","Athl\u00e9tisme fran\u00e7ais","br\u00e8ve","Cl\u00e9ment Ducos","Cyr\u00e9na Samba-Mayela","Gemima Joseph"],"articleSection":["Athl\u00e9tisme"],"inLanguage":"fr-FR","potentialAction":[{"@type":"CommentAction","name":"Comment","target":["https:\/\/dicodusport.fr\/blog\/athletisme-ducos-joseph-rollin-samba-mayela-les-performances-francaises-de-la-semaine\/#respond"]}],"copyrightYear":"2024","copyrightHolder":{"@id":"https:\/\/dicodusport.fr\/blog\/#organization"}},{"@type":"WebPage","@id":"https:\/\/dicodusport.fr\/blog\/athletisme-ducos-joseph-rollin-samba-mayela-les-performances-francaises-de-la-semaine\/","url":"https:\/\/dicodusport.fr\/blog\/athletisme-ducos-joseph-rollin-samba-mayela-les-performances-francaises-de-la-semaine\/","name":"Athl\u00e9tisme : Ducos, Joseph, Rollin, Samba-Mayela, les performances fran\u00e7aises de la semaine","isPartOf":{"@id":"https:\/\/dicodusport.fr\/blog\/#website"},"primaryImageOfPage":{"@id":"https:\/\/dicodusport.fr\/blog\/athletisme-ducos-joseph-rollin-samba-mayela-les-performances-francaises-de-la-semaine\/#primaryimage"},"image":{"@id":"https:\/\/dicodusport.fr\/blog\/athletisme-ducos-joseph-rollin-samba-mayela-les-performances-francaises-de-la-semaine\/#primaryimage"},"thumbnailUrl":"https:\/\/dicodusport.fr\/blog\/wp-content\/uploads\/2024\/04\/Athletisme-Ducos-Joseph-Rollin-Samba-Mayela-les-performances-francaises-de-la-semaine.png","datePublished":"2024-04-15T12:34:41+00:00","dateModified":"2024-04-15T15:52:23+00:00","description":"ATHL\u00c9TISME - Tour d'horizon sur les performances fran\u00e7aises dans une semaine, marqu\u00e9e par les minima olympique de G\u00e9mima Joseph et Cl\u00e9ment Ducos.","breadcrumb":{"@id":"https:\/\/dicodusport.fr\/blog\/athletisme-ducos-joseph-rollin-samba-mayela-les-performances-francaises-de-la-semaine\/#breadcrumb"},"inLanguage":"fr-FR","potentialAction":[{"@type":"ReadAction","target":["https:\/\/dicodusport.fr\/blog\/athletisme-ducos-joseph-rollin-samba-mayela-les-performances-francaises-de-la-semaine\/"]}]},{"@type":"ImageObject","inLanguage":"fr-FR","@id":"https:\/\/dicodusport.fr\/blog\/athletisme-ducos-joseph-rollin-samba-mayela-les-performances-francaises-de-la-semaine\/#primaryimage","url":"https:\/\/dicodusport.fr\/blog\/wp-content\/uploads\/2024\/04\/Athletisme-Ducos-Joseph-Rollin-Samba-Mayela-les-performances-francaises-de-la-semaine.png","contentUrl":"https:\/\/dicodusport.fr\/blog\/wp-content\/uploads\/2024\/04\/Athletisme-Ducos-Joseph-Rollin-Samba-Mayela-les-performances-francaises-de-la-semaine.png","width":1200,"height":674,"caption":"Athl\u00e9tisme : Ducos, Joseph, Rollin, Samba-Mayela, les performances fran\u00e7aises de la semaine"},{"@type":"BreadcrumbList","@id":"https:\/\/dicodusport.fr\/blog\/athletisme-ducos-joseph-rollin-samba-mayela-les-performances-francaises-de-la-semaine\/#breadcrumb","itemListElement":[{"@type":"ListItem","position":1,"name":"Accueil","item":"https:\/\/dicodusport.fr\/blog\/"},{"@type":"ListItem","position":2,"name":"Athl\u00e9tisme : Ducos, Joseph, Rollin, Samba-Mayela, les performances fran\u00e7aises de la semaine"}]},{"@type":"WebSite","@id":"https:\/\/dicodusport.fr\/blog\/#website","url":"https:\/\/dicodusport.fr\/blog\/","name":"Dicodusport","description":"L&#039;encyclop\u00e9die de l&#039;actualit\u00e9 sportive","publisher":{"@id":"https:\/\/dicodusport.fr\/blog\/#organization"},"potentialAction":[{"@type":"SearchAction","target":{"@type":"EntryPoint","urlTemplate":"https:\/\/dicodusport.fr\/blog\/?s={search_term_string}"},"query-input":{"@type":"PropertyValueSpecification","valueRequired":true,"valueName":"search_term_string"}}],"inLanguage":"fr-FR"},{"@type":"NewsMediaOrganization","@id":"https:\/\/dicodusport.fr\/blog\/#organization","name":"Dicodusport","url":"https:\/\/dicodusport.fr\/blog\/","logo":{"@type":"ImageObject","inLanguage":"fr-FR","@id":"https:\/\/dicodusport.fr\/blog\/#\/schema\/logo\/image\/","url":"https:\/\/dicodusport.fr\/blog\/wp-content\/uploads\/2020\/06\/cropped-LOGO-DICODUSPORT-2020-SANS-FOND-SANS-TEXTE.png","contentUrl":"https:\/\/dicodusport.fr\/blog\/wp-content\/uploads\/2020\/06\/cropped-LOGO-DICODUSPORT-2020-SANS-FOND-SANS-TEXTE.png","width":512,"height":512,"caption":"Dicodusport"},"image":{"@id":"https:\/\/dicodusport.fr\/blog\/#\/schema\/logo\/image\/"},"sameAs":["https:\/\/www.facebook.com\/dicodusport","https:\/\/x.com\/dicodusport","https:\/\/www.instagram.com\/dicodusport\/","https:\/\/www.youtube.com\/channel\/UC7V2KZ5sd3htJivAbA4ZG3w"],"description":"Dicodusport est l'encyclop\u00e9die de l'actualit\u00e9 sportive.","email":"bonjour@dicodusport.fr","legalName":"DICODUSPORT","foundingDate":"2018-01-14","vatID":"FR71834470973","taxID":"83447097300043","numberOfEmployees":{"@type":"QuantitativeValue","minValue":"1","maxValue":"10"}},{"@type":"Person","@id":"https:\/\/dicodusport.fr\/blog\/#\/schema\/person\/d603dd7da31fb2b46c82b9835a77ec13","name":"Etienne Goursaud","image":{"@type":"ImageObject","inLanguage":"fr-FR","@id":"https:\/\/dicodusport.fr\/blog\/#\/schema\/person\/image\/","url":"https:\/\/dicodusport.fr\/blog\/wp-content\/uploads\/2023\/12\/410122264_10231602061736049_5565839791558026645_n-150x150.jpg","contentUrl":"https:\/\/dicodusport.fr\/blog\/wp-content\/uploads\/2023\/12\/410122264_10231602061736049_5565839791558026645_n-150x150.jpg","caption":"Etienne Goursaud"},"description":"Journaliste et amoureux de sport. Ancien footballeur reconverti athl\u00e8te quand ses muscles le laissent tranquille. \u00c9lev\u00e9 \u00e0 la sauce des exploits de Thomas Voeckler en 2004, du dernier essai de l\u00e9gende de Eunice Barber \u00e0 la longueur lors des championnats du monde d'athl\u00e9tisme de 2003 mais aussi Zidane, Omeyer et Titou Lamaison.","url":"https:\/\/dicodusport.fr\/blog\/author\/etienne-goursaud\/"}]}},"_links":{"self":[{"href":"https:\/\/dicodusport.fr\/blog\/wp-json\/wp\/v2\/posts\/478991","targetHints":{"allow":["GET"]}}],"collection":[{"href":"https:\/\/dicodusport.fr\/blog\/wp-json\/wp\/v2\/posts"}],"about":[{"href":"https:\/\/dicodusport.fr\/blog\/wp-json\/wp\/v2\/types\/post"}],"author":[{"embeddable":true,"href":"https:\/\/dicodusport.fr\/blog\/wp-json\/wp\/v2\/users\/83"}],"replies":[{"embeddable":true,"href":"https:\/\/dicodusport.fr\/blog\/wp-json\/wp\/v2\/comments?post=478991"}],"version-history":[{"count":5,"href":"https:\/\/dicodusport.fr\/blog\/wp-json\/wp\/v2\/posts\/478991\/revisions"}],"predecessor-version":[{"id":479308,"href":"https:\/\/dicodusport.fr\/blog\/wp-json\/wp\/v2\/posts\/478991\/revisions\/479308"}],"wp:featuredmedia":[{"embeddable":true,"href":"https:\/\/dicodusport.fr\/blog\/wp-json\/wp\/v2\/media\/479010"}],"wp:attachment":[{"href":"https:\/\/dicodusport.fr\/blog\/wp-json\/wp\/v2\/media?parent=478991"}],"wp:term":[{"taxonomy":"category","embeddable":true,"href":"https:\/\/dicodusport.fr\/blog\/wp-json\/wp\/v2\/categories?post=478991"},{"taxonomy":"post_tag","embeddable":true,"href":"https:\/\/dicodusport.fr\/blog\/wp-json\/wp\/v2\/tags?post=478991"}],"curies":[{"name":"wp","href":"https:\/\/api.w.org\/{rel}","templated":true}]}}