{"id":479022,"date":"2024-04-14T18:37:25","date_gmt":"2024-04-14T16:37:25","guid":{"rendered":"https:\/\/dicodusport.fr\/blog\/?p=479022&#038;preview=true&#038;preview_id=479022"},"modified":"2024-04-15T10:18:45","modified_gmt":"2024-04-15T08:18:45","slug":"vtt-xco-mairipora-jenny-rissveds-gagnante-du-premier-format-long-de-la-saison","status":"publish","type":"post","link":"https:\/\/dicodusport.fr\/blog\/vtt-xco-mairipora-jenny-rissveds-gagnante-du-premier-format-long-de-la-saison\/","title":{"rendered":"VTT XCO Mairipora : Jenny Rissveds gagnante du premier format long de la saison"},"content":{"rendered":"<p style=\"text-align: justify;\"><strong><em>VTT COUPE DU MONDE 2024 &#8211; Jenny Rissveds s&rsquo;impose \u00e0 Mairipora pour le premier XCO de cette saison de Coupe du monde. La Su\u00e9doise gagne pour la 5e fois de sa carri\u00e8re devant les Am\u00e9ricaines Blunk et Batten.<\/em><\/strong><\/p>\n<ul>\n<li style=\"text-align: justify;\"><strong>\u00c0 ce sujet \u2013\u00a0<a href=\"https:\/\/dicodusport.fr\/blog\/vtt-xco-mairipora-classement-course-femmes\/\">VTT XCO Mairipor\u00e3 \u2013 Classement Course femmes<\/a><\/strong><\/li>\n<\/ul>\n<p style=\"text-align: justify;\"><span style=\"font-weight: 400;\">La course dames a tenu toutes ses promesses, la d\u00e9cision s\u2019est faite dans les derni\u00e8res minutes de ce XCO. <\/span><b>Jenny Rissveds <\/b><span style=\"font-weight: 400;\">se pla\u00eet visiblement au Br\u00e9sil. Apr\u00e8s la m\u00e9daille d\u2019or olympique obtenue \u00e0 Rio en 2016, la Su\u00e9doise s\u2019impose en patronne pour ce premier rendez-vous de la saison. Elle a r\u00e9sist\u00e9 aux attaques de ses principales adversaires pour donner le coup de gr\u00e2ce dans le dernier tour. <\/span><b>Savilia Blunk<\/b><span style=\"font-weight: 400;\"> finit \u00e0 la 2e place devant sa compatriote <\/span><b>Haley Batten<\/b><span style=\"font-weight: 400;\">. L\u2019athl\u00e8te du Team 31 Ibis empoche son 5e succ\u00e8s en Coupe du monde et frappe fort pour commencer 2024.\u00a0<\/span><\/p>\n<p style=\"text-align: justify;\"><span style=\"font-weight: 400;\">Les v\u00e9t\u00e9tistes ont fait connaissance avec cette piste br\u00e9silienne sous son format long, et cela, d\u00e8s le start loop. Le trac\u00e9 est par moments tr\u00e8s pentu, avec des portions \u00e0 30%. Lors de la premi\u00e8re d\u2019entre elles, <\/span><b>Loana Lecomte<\/b><span style=\"font-weight: 400;\"> doit mettre pied \u00e0 terre et bloque ses concurrentes. La Haut-Savoyarde a \u00e9galement chut\u00e9 rapidement dans cette course puisque son cuissard est couvert de poussi\u00e8re sur le flanc gauche. \u00c0 l\u2019entame de la premi\u00e8re boucle, la Fran\u00e7aise pointe au 13e rang.<\/span><\/p>\n<ul>\n<li style=\"text-align: justify;\"><strong>\u00c0 ce sujet \u2013\u00a0<a href=\"https:\/\/dicodusport.fr\/blog\/vtt-cross-country-calendrier-de-la-coupe-du-monde-2024\/\">VTT Cross-country : Calendrier de la Coupe du monde 2024<\/a><\/strong><\/li>\n<\/ul>\n<h2 style=\"text-align: justify;\">La patience de Jenny Rissveds a pay\u00e9<\/h2>\n<p style=\"text-align: justify;\"><span style=\"font-weight: 400;\">Il n\u2019y a pas eu de round d\u2019observation puisque les \u00e9carts se sont cr\u00e9\u00e9s d\u00e8s les premiers tours de roue. Le Top 10 est r\u00e9uni en 10 secondes, mais c\u2019est ensuite que la marge est plus importante. Les Am\u00e9ricaines ont d\u00e9cid\u00e9 de se d\u00e9couvrir. <\/span><b>Savilia Blunk <\/b><span style=\"font-weight: 400;\">et <\/span><b>Haley Batten<\/b><span style=\"font-weight: 400;\"> jouent leur qualification pour Paris et sont \u00e0 l\u2019avant avec la championne olympique 2016 <\/span><b>Jenny Rissveds<\/b><span style=\"font-weight: 400;\">. <\/span><a href=\"https:\/\/dicodusport.fr\/blog\/vtt-mairipora-xcc-evie-richards-simpose-sur-la-premiere-epreuve-de-la-saison\/\"><span style=\"font-weight: 400;\">Victorieuse du XCC samedi<\/span><\/a><span style=\"font-weight: 400;\">, <\/span><b>Evie Richards<\/b><span style=\"font-weight: 400;\"> a disparu des radars, <\/span><b>Alessandra Keller<\/b><span style=\"font-weight: 400;\"> et l\u2019<\/span><b>Italienne d\u2019Orbea Chiara Teocchi<\/b><span style=\"font-weight: 400;\"> sont en embuscade. La mi-course est d\u00e9pass\u00e9e.\u00a0<\/span><\/p>\n<p style=\"text-align: justify;\"><span style=\"font-weight: 400;\">Une premi\u00e8re attaque est effectu\u00e9e dans le trio de t\u00eate juste avant la bascule dans le dernier tour. <\/span><b>Haley Batten<\/b><span style=\"font-weight: 400;\"> acc\u00e9l\u00e8re et l\u00e2che sa compatriote de l\u2019\u00e9quipe Decathlon Ford, mais <\/span><b>Rissveds <\/b><span style=\"font-weight: 400;\">tient le coup. Et m\u00eame mieux que \u00e7a. La Su\u00e9doise a attendu le bon moment pour distancer les repr\u00e9sentantes de la banni\u00e8re \u00e9toil\u00e9e. Le coup parfait. <\/span><b>Batten <\/b><span style=\"font-weight: 400;\">chute m\u00eame lors de l\u2019une des derni\u00e8res descentes. <\/span><b>Savilia Blunk <\/b><span style=\"font-weight: 400;\">finit \u00e0 la 2e place, le meilleur r\u00e9sultat de sa carri\u00e8re. La patience a port\u00e9 ses fruits pour <\/span><b>Jenny Rissveds<\/b><span style=\"font-weight: 400;\">, premi\u00e8re laur\u00e9ate sur le circuit cette ann\u00e9e. <\/span><b>Loana Lecomte <\/b><span style=\"font-weight: 400;\">a voulu faire le d\u00e9placement en Am\u00e9rique du Sud m\u00eame si elle se savait pas au top de sa forme. \u00c0 plus de trois mois des JO, l\u2019Ann\u00e9cienne n\u2019est pas encore pr\u00eate et termine 21e \u00e0 plus de cinq minutes de la victoire.<\/span><\/p>\n<blockquote class=\"twitter-tweet\">\n<p dir=\"ltr\" lang=\"en\">Jenny Rissveds \ud83e\udd47 Women Elite XCO<\/p>\n<p>WHAT \ud83d\udc4f A \ud83d\udc4fRACE \ud83d\udc4f<a href=\"https:\/\/twitter.com\/MTBworldseries?ref_src=twsrc%5Etfw\">@MTBworldseries<\/a> <a href=\"https:\/\/twitter.com\/hashtag\/MTBWorldCup?src=hash&amp;ref_src=twsrc%5Etfw\">#MTBWorldCup<\/a> <a href=\"https:\/\/t.co\/TAHrKjbIPG\">pic.twitter.com\/TAHrKjbIPG<\/a><\/p>\n<p>\u2014 UCI MTB (@UCI_MTB) <a href=\"https:\/\/twitter.com\/UCI_MTB\/status\/1779549189627674686?ref_src=twsrc%5Etfw\">April 14, 2024<\/a><\/p><\/blockquote>\n<p><script async src=\"https:\/\/platform.twitter.com\/widgets.js\" charset=\"utf-8\"><\/script><\/p>\n<p style=\"text-align: justify;\"><strong>Chiara Teocchi\u00a0<\/strong>am\u00e9liore nettement sa meilleure performance sur le circuit mondial en finissant 4e sur ces poussi\u00e9reuses pistes br\u00e9siliennes.\u00a0<strong>Jolanda Neff\u00a0<\/strong>est revenue de l&rsquo;arri\u00e8re pour prendre une 5e place int\u00e9ressante. La championne olympique en titre a m\u00eame devanc\u00e9 la vainqueure du classement g\u00e9n\u00e9ral 2022 <strong>Alessandra Keller<\/strong> dans les derni\u00e8res difficult\u00e9s de la course.<\/p>\n","protected":false},"excerpt":{"rendered":"<p>VTT COUPE DU MONDE 2024 &#8211; Jenny Rissveds s&rsquo;impose \u00e0 Mairipora pour le premier XCO de cette saison de Coupe du monde. La Su\u00e9doise gagne pour la 5e fois de sa carri\u00e8re devant les Am\u00e9ricaines Blunk et Batten.<\/p>\n","protected":false},"author":61,"featured_media":479228,"comment_status":"open","ping_status":"closed","sticky":false,"template":"","format":"standard","meta":{"_acf_changed":false,"_daextam_enable_autolinks":"1","footnotes":""},"categories":[10279],"tags":[16878,1530,692],"class_list":["post-479022","post","type-post","status-publish","format-standard","has-post-thumbnail","hentry","category-vtt","tag-breve","tag-coupe-du-monde","tag-vtt"],"acf":[],"yoast_head":"<!-- This site is optimized with the Yoast SEO Premium plugin v26.7 (Yoast SEO v26.7) - https:\/\/yoast.com\/wordpress\/plugins\/seo\/ -->\n<title>VTT XCO Mairipora : Jenny Rissveds gagnante du premier format long de la saison<\/title>\n<meta name=\"description\" content=\"Jenny Rissveds s&#039;impose \u00e0 Mairipora pour le premier XCO de cette saison de Coupe du monde. La Su\u00e9doise gagne pour la 5e fois de sa carri\u00e8re.\" \/>\n<meta name=\"robots\" content=\"index, follow, max-snippet:-1, max-image-preview:large, max-video-preview:-1\" \/>\n<link rel=\"canonical\" href=\"https:\/\/dicodusport.fr\/blog\/vtt-xco-mairipora-jenny-rissveds-gagnante-du-premier-format-long-de-la-saison\/\" \/>\n<meta property=\"og:locale\" content=\"fr_FR\" \/>\n<meta property=\"og:type\" content=\"article\" \/>\n<meta property=\"og:title\" content=\"VTT XCO Mairipora : Jenny Rissveds gagnante du premier format long de la saison\" \/>\n<meta property=\"og:description\" content=\"Jenny Rissveds s&#039;impose \u00e0 Mairipora pour le premier XCO de cette saison de Coupe du monde. La Su\u00e9doise gagne pour la 5e fois de sa carri\u00e8re.\" \/>\n<meta property=\"og:url\" content=\"https:\/\/dicodusport.fr\/blog\/vtt-xco-mairipora-jenny-rissveds-gagnante-du-premier-format-long-de-la-saison\/\" \/>\n<meta property=\"og:site_name\" content=\"Dicodusport\" \/>\n<meta property=\"article:publisher\" content=\"https:\/\/www.facebook.com\/dicodusport\" \/>\n<meta property=\"article:published_time\" content=\"2024-04-14T16:37:25+00:00\" \/>\n<meta property=\"article:modified_time\" content=\"2024-04-15T08:18:45+00:00\" \/>\n<meta property=\"og:image\" content=\"https:\/\/dicodusport.fr\/blog\/wp-content\/uploads\/2024\/04\/VTT-XCO-Mairipora-Jenny-Rissveds-gagnante-du-premier-format-long-de-la-saison-1.png\" \/>\n\t<meta property=\"og:image:width\" content=\"1200\" \/>\n\t<meta property=\"og:image:height\" content=\"674\" \/>\n\t<meta property=\"og:image:type\" content=\"image\/png\" \/>\n<meta name=\"author\" content=\"Pierre Gorce\" \/>\n<meta name=\"twitter:card\" content=\"summary_large_image\" \/>\n<meta name=\"twitter:title\" content=\"VTT XCO Mairipora : Jenny Rissveds gagnante du premier format long de la saison\" \/>\n<meta name=\"twitter:creator\" content=\"@https:\/\/twitter.com\/pierregorce12\" \/>\n<meta name=\"twitter:site\" content=\"@dicodusport\" \/>\n<script type=\"application\/ld+json\" class=\"yoast-schema-graph\">{\"@context\":\"https:\/\/schema.org\",\"@graph\":[{\"@type\":\"NewsArticle\",\"@id\":\"https:\/\/dicodusport.fr\/blog\/vtt-xco-mairipora-jenny-rissveds-gagnante-du-premier-format-long-de-la-saison\/#article\",\"isPartOf\":{\"@id\":\"https:\/\/dicodusport.fr\/blog\/vtt-xco-mairipora-jenny-rissveds-gagnante-du-premier-format-long-de-la-saison\/\"},\"author\":{\"name\":\"Pierre Gorce\",\"@id\":\"https:\/\/dicodusport.fr\/blog\/#\/schema\/person\/0eaf70b33d703a1a66b1155ac1bda018\"},\"headline\":\"VTT XCO Mairipora : Jenny Rissveds gagnante du premier format long de la saison\",\"datePublished\":\"2024-04-14T16:37:25+00:00\",\"dateModified\":\"2024-04-15T08:18:45+00:00\",\"mainEntityOfPage\":{\"@id\":\"https:\/\/dicodusport.fr\/blog\/vtt-xco-mairipora-jenny-rissveds-gagnante-du-premier-format-long-de-la-saison\/\"},\"wordCount\":619,\"commentCount\":0,\"publisher\":{\"@id\":\"https:\/\/dicodusport.fr\/blog\/#organization\"},\"image\":{\"@id\":\"https:\/\/dicodusport.fr\/blog\/vtt-xco-mairipora-jenny-rissveds-gagnante-du-premier-format-long-de-la-saison\/#primaryimage\"},\"thumbnailUrl\":\"https:\/\/dicodusport.fr\/blog\/wp-content\/uploads\/2024\/04\/VTT-XCO-Mairipora-Jenny-Rissveds-gagnante-du-premier-format-long-de-la-saison-1.png\",\"keywords\":[\"br\u00e8ve\",\"Coupe du monde\",\"VTT\"],\"articleSection\":[\"VTT\"],\"inLanguage\":\"fr-FR\",\"potentialAction\":[{\"@type\":\"CommentAction\",\"name\":\"Comment\",\"target\":[\"https:\/\/dicodusport.fr\/blog\/vtt-xco-mairipora-jenny-rissveds-gagnante-du-premier-format-long-de-la-saison\/#respond\"]}],\"copyrightYear\":\"2024\",\"copyrightHolder\":{\"@id\":\"https:\/\/dicodusport.fr\/blog\/#organization\"}},{\"@type\":\"WebPage\",\"@id\":\"https:\/\/dicodusport.fr\/blog\/vtt-xco-mairipora-jenny-rissveds-gagnante-du-premier-format-long-de-la-saison\/\",\"url\":\"https:\/\/dicodusport.fr\/blog\/vtt-xco-mairipora-jenny-rissveds-gagnante-du-premier-format-long-de-la-saison\/\",\"name\":\"VTT XCO Mairipora : Jenny Rissveds gagnante du premier format long de la saison\",\"isPartOf\":{\"@id\":\"https:\/\/dicodusport.fr\/blog\/#website\"},\"primaryImageOfPage\":{\"@id\":\"https:\/\/dicodusport.fr\/blog\/vtt-xco-mairipora-jenny-rissveds-gagnante-du-premier-format-long-de-la-saison\/#primaryimage\"},\"image\":{\"@id\":\"https:\/\/dicodusport.fr\/blog\/vtt-xco-mairipora-jenny-rissveds-gagnante-du-premier-format-long-de-la-saison\/#primaryimage\"},\"thumbnailUrl\":\"https:\/\/dicodusport.fr\/blog\/wp-content\/uploads\/2024\/04\/VTT-XCO-Mairipora-Jenny-Rissveds-gagnante-du-premier-format-long-de-la-saison-1.png\",\"datePublished\":\"2024-04-14T16:37:25+00:00\",\"dateModified\":\"2024-04-15T08:18:45+00:00\",\"description\":\"Jenny Rissveds s'impose \u00e0 Mairipora pour le premier XCO de cette saison de Coupe du monde. La Su\u00e9doise gagne pour la 5e fois de sa carri\u00e8re.\",\"breadcrumb\":{\"@id\":\"https:\/\/dicodusport.fr\/blog\/vtt-xco-mairipora-jenny-rissveds-gagnante-du-premier-format-long-de-la-saison\/#breadcrumb\"},\"inLanguage\":\"fr-FR\",\"potentialAction\":[{\"@type\":\"ReadAction\",\"target\":[\"https:\/\/dicodusport.fr\/blog\/vtt-xco-mairipora-jenny-rissveds-gagnante-du-premier-format-long-de-la-saison\/\"]}]},{\"@type\":\"ImageObject\",\"inLanguage\":\"fr-FR\",\"@id\":\"https:\/\/dicodusport.fr\/blog\/vtt-xco-mairipora-jenny-rissveds-gagnante-du-premier-format-long-de-la-saison\/#primaryimage\",\"url\":\"https:\/\/dicodusport.fr\/blog\/wp-content\/uploads\/2024\/04\/VTT-XCO-Mairipora-Jenny-Rissveds-gagnante-du-premier-format-long-de-la-saison-1.png\",\"contentUrl\":\"https:\/\/dicodusport.fr\/blog\/wp-content\/uploads\/2024\/04\/VTT-XCO-Mairipora-Jenny-Rissveds-gagnante-du-premier-format-long-de-la-saison-1.png\",\"width\":1200,\"height\":674,\"caption\":\"VTT XCO Mairipora Jenny Rissveds gagnante du premier format long de la saison\"},{\"@type\":\"BreadcrumbList\",\"@id\":\"https:\/\/dicodusport.fr\/blog\/vtt-xco-mairipora-jenny-rissveds-gagnante-du-premier-format-long-de-la-saison\/#breadcrumb\",\"itemListElement\":[{\"@type\":\"ListItem\",\"position\":1,\"name\":\"Accueil\",\"item\":\"https:\/\/dicodusport.fr\/blog\/\"},{\"@type\":\"ListItem\",\"position\":2,\"name\":\"VTT XCO Mairipora : Jenny Rissveds gagnante du premier format long de la saison\"}]},{\"@type\":\"WebSite\",\"@id\":\"https:\/\/dicodusport.fr\/blog\/#website\",\"url\":\"https:\/\/dicodusport.fr\/blog\/\",\"name\":\"Dicodusport\",\"description\":\"L&#039;encyclop\u00e9die de l&#039;actualit\u00e9 sportive\",\"publisher\":{\"@id\":\"https:\/\/dicodusport.fr\/blog\/#organization\"},\"potentialAction\":[{\"@type\":\"SearchAction\",\"target\":{\"@type\":\"EntryPoint\",\"urlTemplate\":\"https:\/\/dicodusport.fr\/blog\/?s={search_term_string}\"},\"query-input\":{\"@type\":\"PropertyValueSpecification\",\"valueRequired\":true,\"valueName\":\"search_term_string\"}}],\"inLanguage\":\"fr-FR\"},{\"@type\":\"NewsMediaOrganization\",\"@id\":\"https:\/\/dicodusport.fr\/blog\/#organization\",\"name\":\"Dicodusport\",\"url\":\"https:\/\/dicodusport.fr\/blog\/\",\"logo\":{\"@type\":\"ImageObject\",\"inLanguage\":\"fr-FR\",\"@id\":\"https:\/\/dicodusport.fr\/blog\/#\/schema\/logo\/image\/\",\"url\":\"https:\/\/dicodusport.fr\/blog\/wp-content\/uploads\/2020\/06\/cropped-LOGO-DICODUSPORT-2020-SANS-FOND-SANS-TEXTE.png\",\"contentUrl\":\"https:\/\/dicodusport.fr\/blog\/wp-content\/uploads\/2020\/06\/cropped-LOGO-DICODUSPORT-2020-SANS-FOND-SANS-TEXTE.png\",\"width\":512,\"height\":512,\"caption\":\"Dicodusport\"},\"image\":{\"@id\":\"https:\/\/dicodusport.fr\/blog\/#\/schema\/logo\/image\/\"},\"sameAs\":[\"https:\/\/www.facebook.com\/dicodusport\",\"https:\/\/x.com\/dicodusport\",\"https:\/\/www.instagram.com\/dicodusport\/\",\"https:\/\/www.youtube.com\/channel\/UC7V2KZ5sd3htJivAbA4ZG3w\"],\"description\":\"Dicodusport est l'encyclop\u00e9die de l'actualit\u00e9 sportive.\",\"email\":\"bonjour@dicodusport.fr\",\"legalName\":\"DICODUSPORT\",\"foundingDate\":\"2018-01-14\",\"vatID\":\"FR71834470973\",\"taxID\":\"83447097300043\",\"numberOfEmployees\":{\"@type\":\"QuantitativeValue\",\"minValue\":\"1\",\"maxValue\":\"10\"}},{\"@type\":\"Person\",\"@id\":\"https:\/\/dicodusport.fr\/blog\/#\/schema\/person\/0eaf70b33d703a1a66b1155ac1bda018\",\"name\":\"Pierre Gorce\",\"image\":{\"@type\":\"ImageObject\",\"inLanguage\":\"fr-FR\",\"@id\":\"https:\/\/dicodusport.fr\/blog\/#\/schema\/person\/image\/\",\"url\":\"https:\/\/dicodusport.fr\/blog\/wp-content\/uploads\/2022\/03\/IMG_20211214_233053_722-150x150.jpg\",\"contentUrl\":\"https:\/\/dicodusport.fr\/blog\/wp-content\/uploads\/2022\/03\/IMG_20211214_233053_722-150x150.jpg\",\"caption\":\"Pierre Gorce\"},\"description\":\"Couteau suisse venant tout droit de Haute-Savoie. Habitu\u00e9 \u00e0 regarder du sport depuis petit, j'en ai maintenant fait mon m\u00e9tier. Des sports d'hiver au surf, en passant par le tennis, la F1, le handball et l'athl\u00e9tisme, j'essaie d'avoir mes yeux sur l'enti\u00e8ret\u00e9 de l'actualit\u00e9. Jeune homme berc\u00e9 par les exploits de Jean-Baptiste Grange, Sebastian Vettel et des Experts. Membre de la g\u00e9n\u00e9ration 1999 comme Luka Doncic, Sydney McLaughlin, Lando Norris et Loana Lecomte, mais avec beaucoup moins de talent qu'eux.\",\"sameAs\":[\"https:\/\/x.com\/https:\/\/twitter.com\/pierregorce12\"],\"birthDate\":\"1999-08-29\",\"url\":\"https:\/\/dicodusport.fr\/blog\/author\/pierreg\/\"}]}<\/script>\n<!-- \/ Yoast SEO Premium plugin. -->","yoast_head_json":{"title":"VTT XCO Mairipora : Jenny Rissveds gagnante du premier format long de la saison","description":"Jenny Rissveds s'impose \u00e0 Mairipora pour le premier XCO de cette saison de Coupe du monde. La Su\u00e9doise gagne pour la 5e fois de sa carri\u00e8re.","robots":{"index":"index","follow":"follow","max-snippet":"max-snippet:-1","max-image-preview":"max-image-preview:large","max-video-preview":"max-video-preview:-1"},"canonical":"https:\/\/dicodusport.fr\/blog\/vtt-xco-mairipora-jenny-rissveds-gagnante-du-premier-format-long-de-la-saison\/","og_locale":"fr_FR","og_type":"article","og_title":"VTT XCO Mairipora : Jenny Rissveds gagnante du premier format long de la saison","og_description":"Jenny Rissveds s'impose \u00e0 Mairipora pour le premier XCO de cette saison de Coupe du monde. La Su\u00e9doise gagne pour la 5e fois de sa carri\u00e8re.","og_url":"https:\/\/dicodusport.fr\/blog\/vtt-xco-mairipora-jenny-rissveds-gagnante-du-premier-format-long-de-la-saison\/","og_site_name":"Dicodusport","article_publisher":"https:\/\/www.facebook.com\/dicodusport","article_published_time":"2024-04-14T16:37:25+00:00","article_modified_time":"2024-04-15T08:18:45+00:00","og_image":[{"width":1200,"height":674,"url":"https:\/\/dicodusport.fr\/blog\/wp-content\/uploads\/2024\/04\/VTT-XCO-Mairipora-Jenny-Rissveds-gagnante-du-premier-format-long-de-la-saison-1.png","type":"image\/png"}],"author":"Pierre Gorce","twitter_card":"summary_large_image","twitter_title":"VTT XCO Mairipora : Jenny Rissveds gagnante du premier format long de la saison","twitter_creator":"@https:\/\/twitter.com\/pierregorce12","twitter_site":"@dicodusport","schema":{"@context":"https:\/\/schema.org","@graph":[{"@type":"NewsArticle","@id":"https:\/\/dicodusport.fr\/blog\/vtt-xco-mairipora-jenny-rissveds-gagnante-du-premier-format-long-de-la-saison\/#article","isPartOf":{"@id":"https:\/\/dicodusport.fr\/blog\/vtt-xco-mairipora-jenny-rissveds-gagnante-du-premier-format-long-de-la-saison\/"},"author":{"name":"Pierre Gorce","@id":"https:\/\/dicodusport.fr\/blog\/#\/schema\/person\/0eaf70b33d703a1a66b1155ac1bda018"},"headline":"VTT XCO Mairipora : Jenny Rissveds gagnante du premier format long de la saison","datePublished":"2024-04-14T16:37:25+00:00","dateModified":"2024-04-15T08:18:45+00:00","mainEntityOfPage":{"@id":"https:\/\/dicodusport.fr\/blog\/vtt-xco-mairipora-jenny-rissveds-gagnante-du-premier-format-long-de-la-saison\/"},"wordCount":619,"commentCount":0,"publisher":{"@id":"https:\/\/dicodusport.fr\/blog\/#organization"},"image":{"@id":"https:\/\/dicodusport.fr\/blog\/vtt-xco-mairipora-jenny-rissveds-gagnante-du-premier-format-long-de-la-saison\/#primaryimage"},"thumbnailUrl":"https:\/\/dicodusport.fr\/blog\/wp-content\/uploads\/2024\/04\/VTT-XCO-Mairipora-Jenny-Rissveds-gagnante-du-premier-format-long-de-la-saison-1.png","keywords":["br\u00e8ve","Coupe du monde","VTT"],"articleSection":["VTT"],"inLanguage":"fr-FR","potentialAction":[{"@type":"CommentAction","name":"Comment","target":["https:\/\/dicodusport.fr\/blog\/vtt-xco-mairipora-jenny-rissveds-gagnante-du-premier-format-long-de-la-saison\/#respond"]}],"copyrightYear":"2024","copyrightHolder":{"@id":"https:\/\/dicodusport.fr\/blog\/#organization"}},{"@type":"WebPage","@id":"https:\/\/dicodusport.fr\/blog\/vtt-xco-mairipora-jenny-rissveds-gagnante-du-premier-format-long-de-la-saison\/","url":"https:\/\/dicodusport.fr\/blog\/vtt-xco-mairipora-jenny-rissveds-gagnante-du-premier-format-long-de-la-saison\/","name":"VTT XCO Mairipora : Jenny Rissveds gagnante du premier format long de la saison","isPartOf":{"@id":"https:\/\/dicodusport.fr\/blog\/#website"},"primaryImageOfPage":{"@id":"https:\/\/dicodusport.fr\/blog\/vtt-xco-mairipora-jenny-rissveds-gagnante-du-premier-format-long-de-la-saison\/#primaryimage"},"image":{"@id":"https:\/\/dicodusport.fr\/blog\/vtt-xco-mairipora-jenny-rissveds-gagnante-du-premier-format-long-de-la-saison\/#primaryimage"},"thumbnailUrl":"https:\/\/dicodusport.fr\/blog\/wp-content\/uploads\/2024\/04\/VTT-XCO-Mairipora-Jenny-Rissveds-gagnante-du-premier-format-long-de-la-saison-1.png","datePublished":"2024-04-14T16:37:25+00:00","dateModified":"2024-04-15T08:18:45+00:00","description":"Jenny Rissveds s'impose \u00e0 Mairipora pour le premier XCO de cette saison de Coupe du monde. La Su\u00e9doise gagne pour la 5e fois de sa carri\u00e8re.","breadcrumb":{"@id":"https:\/\/dicodusport.fr\/blog\/vtt-xco-mairipora-jenny-rissveds-gagnante-du-premier-format-long-de-la-saison\/#breadcrumb"},"inLanguage":"fr-FR","potentialAction":[{"@type":"ReadAction","target":["https:\/\/dicodusport.fr\/blog\/vtt-xco-mairipora-jenny-rissveds-gagnante-du-premier-format-long-de-la-saison\/"]}]},{"@type":"ImageObject","inLanguage":"fr-FR","@id":"https:\/\/dicodusport.fr\/blog\/vtt-xco-mairipora-jenny-rissveds-gagnante-du-premier-format-long-de-la-saison\/#primaryimage","url":"https:\/\/dicodusport.fr\/blog\/wp-content\/uploads\/2024\/04\/VTT-XCO-Mairipora-Jenny-Rissveds-gagnante-du-premier-format-long-de-la-saison-1.png","contentUrl":"https:\/\/dicodusport.fr\/blog\/wp-content\/uploads\/2024\/04\/VTT-XCO-Mairipora-Jenny-Rissveds-gagnante-du-premier-format-long-de-la-saison-1.png","width":1200,"height":674,"caption":"VTT XCO Mairipora Jenny Rissveds gagnante du premier format long de la saison"},{"@type":"BreadcrumbList","@id":"https:\/\/dicodusport.fr\/blog\/vtt-xco-mairipora-jenny-rissveds-gagnante-du-premier-format-long-de-la-saison\/#breadcrumb","itemListElement":[{"@type":"ListItem","position":1,"name":"Accueil","item":"https:\/\/dicodusport.fr\/blog\/"},{"@type":"ListItem","position":2,"name":"VTT XCO Mairipora : Jenny Rissveds gagnante du premier format long de la saison"}]},{"@type":"WebSite","@id":"https:\/\/dicodusport.fr\/blog\/#website","url":"https:\/\/dicodusport.fr\/blog\/","name":"Dicodusport","description":"L&#039;encyclop\u00e9die de l&#039;actualit\u00e9 sportive","publisher":{"@id":"https:\/\/dicodusport.fr\/blog\/#organization"},"potentialAction":[{"@type":"SearchAction","target":{"@type":"EntryPoint","urlTemplate":"https:\/\/dicodusport.fr\/blog\/?s={search_term_string}"},"query-input":{"@type":"PropertyValueSpecification","valueRequired":true,"valueName":"search_term_string"}}],"inLanguage":"fr-FR"},{"@type":"NewsMediaOrganization","@id":"https:\/\/dicodusport.fr\/blog\/#organization","name":"Dicodusport","url":"https:\/\/dicodusport.fr\/blog\/","logo":{"@type":"ImageObject","inLanguage":"fr-FR","@id":"https:\/\/dicodusport.fr\/blog\/#\/schema\/logo\/image\/","url":"https:\/\/dicodusport.fr\/blog\/wp-content\/uploads\/2020\/06\/cropped-LOGO-DICODUSPORT-2020-SANS-FOND-SANS-TEXTE.png","contentUrl":"https:\/\/dicodusport.fr\/blog\/wp-content\/uploads\/2020\/06\/cropped-LOGO-DICODUSPORT-2020-SANS-FOND-SANS-TEXTE.png","width":512,"height":512,"caption":"Dicodusport"},"image":{"@id":"https:\/\/dicodusport.fr\/blog\/#\/schema\/logo\/image\/"},"sameAs":["https:\/\/www.facebook.com\/dicodusport","https:\/\/x.com\/dicodusport","https:\/\/www.instagram.com\/dicodusport\/","https:\/\/www.youtube.com\/channel\/UC7V2KZ5sd3htJivAbA4ZG3w"],"description":"Dicodusport est l'encyclop\u00e9die de l'actualit\u00e9 sportive.","email":"bonjour@dicodusport.fr","legalName":"DICODUSPORT","foundingDate":"2018-01-14","vatID":"FR71834470973","taxID":"83447097300043","numberOfEmployees":{"@type":"QuantitativeValue","minValue":"1","maxValue":"10"}},{"@type":"Person","@id":"https:\/\/dicodusport.fr\/blog\/#\/schema\/person\/0eaf70b33d703a1a66b1155ac1bda018","name":"Pierre Gorce","image":{"@type":"ImageObject","inLanguage":"fr-FR","@id":"https:\/\/dicodusport.fr\/blog\/#\/schema\/person\/image\/","url":"https:\/\/dicodusport.fr\/blog\/wp-content\/uploads\/2022\/03\/IMG_20211214_233053_722-150x150.jpg","contentUrl":"https:\/\/dicodusport.fr\/blog\/wp-content\/uploads\/2022\/03\/IMG_20211214_233053_722-150x150.jpg","caption":"Pierre Gorce"},"description":"Couteau suisse venant tout droit de Haute-Savoie. Habitu\u00e9 \u00e0 regarder du sport depuis petit, j'en ai maintenant fait mon m\u00e9tier. Des sports d'hiver au surf, en passant par le tennis, la F1, le handball et l'athl\u00e9tisme, j'essaie d'avoir mes yeux sur l'enti\u00e8ret\u00e9 de l'actualit\u00e9. Jeune homme berc\u00e9 par les exploits de Jean-Baptiste Grange, Sebastian Vettel et des Experts. Membre de la g\u00e9n\u00e9ration 1999 comme Luka Doncic, Sydney McLaughlin, Lando Norris et Loana Lecomte, mais avec beaucoup moins de talent qu'eux.","sameAs":["https:\/\/x.com\/https:\/\/twitter.com\/pierregorce12"],"birthDate":"1999-08-29","url":"https:\/\/dicodusport.fr\/blog\/author\/pierreg\/"}]}},"_links":{"self":[{"href":"https:\/\/dicodusport.fr\/blog\/wp-json\/wp\/v2\/posts\/479022","targetHints":{"allow":["GET"]}}],"collection":[{"href":"https:\/\/dicodusport.fr\/blog\/wp-json\/wp\/v2\/posts"}],"about":[{"href":"https:\/\/dicodusport.fr\/blog\/wp-json\/wp\/v2\/types\/post"}],"author":[{"embeddable":true,"href":"https:\/\/dicodusport.fr\/blog\/wp-json\/wp\/v2\/users\/61"}],"replies":[{"embeddable":true,"href":"https:\/\/dicodusport.fr\/blog\/wp-json\/wp\/v2\/comments?post=479022"}],"version-history":[{"count":5,"href":"https:\/\/dicodusport.fr\/blog\/wp-json\/wp\/v2\/posts\/479022\/revisions"}],"predecessor-version":[{"id":479229,"href":"https:\/\/dicodusport.fr\/blog\/wp-json\/wp\/v2\/posts\/479022\/revisions\/479229"}],"wp:featuredmedia":[{"embeddable":true,"href":"https:\/\/dicodusport.fr\/blog\/wp-json\/wp\/v2\/media\/479228"}],"wp:attachment":[{"href":"https:\/\/dicodusport.fr\/blog\/wp-json\/wp\/v2\/media?parent=479022"}],"wp:term":[{"taxonomy":"category","embeddable":true,"href":"https:\/\/dicodusport.fr\/blog\/wp-json\/wp\/v2\/categories?post=479022"},{"taxonomy":"post_tag","embeddable":true,"href":"https:\/\/dicodusport.fr\/blog\/wp-json\/wp\/v2\/tags?post=479022"}],"curies":[{"name":"wp","href":"https:\/\/api.w.org\/{rel}","templated":true}]}}