{"id":479338,"date":"2024-04-16T18:04:10","date_gmt":"2024-04-16T16:04:10","guid":{"rendered":"https:\/\/dicodusport.fr\/blog\/?p=479338&#038;preview=true&#038;preview_id=479338"},"modified":"2024-04-16T18:21:39","modified_gmt":"2024-04-16T16:21:39","slug":"la-fleche-wallonne-2024-les-favoris-et-outsiders","status":"publish","type":"post","link":"https:\/\/dicodusport.fr\/blog\/la-fleche-wallonne-2024-les-favoris-et-outsiders\/","title":{"rendered":"La Fl\u00e8che Wallonne 2024 : Les favoris et outsiders"},"content":{"rendered":"<p style=\"text-align: justify;\"><b><i>LA FL\u00c8CHE WALLONNE 2024 &#8211; Trois minutes. Il ne faut pas longtemps aux meilleurs puncheurs pour gravir le Mur de Huy, pour glaner la Fl\u00e8che Wallonne, qui est devenue depuis de nombreuses ann\u00e9es une course de c\u00f4te. Favoris et outsiders de l&rsquo;\u00e9preuve.<\/i><\/b><\/p>\n<ul>\n<li style=\"text-align: justify;\"><strong>\u00c0 ce sujet &#8211; <a href=\"https:\/\/dicodusport.fr\/blog\/la-fleche-wallonne-2024-parcours-complet-et-profil\/\" target=\"_blank\" rel=\"noopener\">La Fl\u00e8che Wallonne 2024\u00a0: Parcours d\u00e9taill\u00e9 et profil<\/a><\/strong><\/li>\n<\/ul>\n<h2 style=\"text-align: justify;\">Pidcock, Teuns, Hirschi : trio gagnant ?<\/h2>\n<p style=\"text-align: justify;\">Vainqueur de l&rsquo;<a href=\"https:\/\/dicodusport.fr\/blog\/classement-amstel-gold-race-2024\/\">Amstel Gold Race<\/a>, dimanche, <strong>Tom Pidcock<\/strong> (INEOS Grenadiers) sera un des favoris de Fl\u00e8che Wallonne, mercredi. Le Britannique est en excellente forme et, en tant que poids l\u00e9ger explosif, il est taill\u00e9 pour le Mur de Huy. Sur le papier, du moins. Le sp\u00e9cialiste du VTT et du cyclo-cross n\u2019a pour l\u2019instant pas fait mieux que sixi\u00e8me au sommet de Huy.<\/p>\n<div class=\"vlp-link-container vlp-layout-article\"><a href=\"https:\/\/dicodusport.fr\/blog\/amstel-gold-race-2024-tom-pidcock-simpose\/\" class=\"vlp-link\" title=\"Amstel Gold Race 2024 : Tom Pidcock s&#039;impose !\"><\/a><div class=\"vlp-layout-zone-side\"><div class=\"vlp-block-4 vlp-link-image\"><img loading=\"lazy\" decoding=\"async\" style=\"max-width: 792px;\" width=\"792\" height=\"445\" src=\"https:\/\/dicodusport.fr\/blog\/wp-content\/uploads\/2024\/04\/Amstel-Gold-Race-2024-Tom-Pidcock-simpose-1.png\" class=\"attachment-800x445 size-800x445\" alt=\"Amstel Gold Race 2024 Tom Pidcock s&#039;impose ! (1)\" srcset=\"https:\/\/dicodusport.fr\/blog\/wp-content\/uploads\/2024\/04\/Amstel-Gold-Race-2024-Tom-Pidcock-simpose-1.png 1200w, https:\/\/dicodusport.fr\/blog\/wp-content\/uploads\/2024\/04\/Amstel-Gold-Race-2024-Tom-Pidcock-simpose-1-300x169.png 300w, https:\/\/dicodusport.fr\/blog\/wp-content\/uploads\/2024\/04\/Amstel-Gold-Race-2024-Tom-Pidcock-simpose-1-1024x575.png 1024w, https:\/\/dicodusport.fr\/blog\/wp-content\/uploads\/2024\/04\/Amstel-Gold-Race-2024-Tom-Pidcock-simpose-1-768x431.png 768w\" sizes=\"auto, (max-width: 792px) 100vw, 792px\" \/><\/div><\/div><div class=\"vlp-layout-zone-main\"><div class=\"vlp-block-0 vlp-link-title\">Amstel Gold Race 2024 : Tom Pidcock s'impose !<\/div><div class=\"vlp-block-1 vlp-link-summary\">AMSTEL GOLD RACE 2024 - Tom Pidcock (INEOS Grenadiers) s'est impos\u00e9 sur la 58e \u00e9dition de la course n\u00e9erlandaise, dimanche.<\/div><div class=\"vlp-block-2 vlp-link-button\">Lire l'article<\/div><div class=\"vlp-block-3 vlp-link-url\">dicodusport.fr<\/div><\/div><\/div>\n<p style=\"text-align: justify;\"><strong>Dylan Teuns<\/strong> (Israel Premier Tech) n&rsquo;a termin\u00e9 \u00ab\u00a0que\u00a0\u00bb quinzi\u00e8me dans le sud du Limbourg, dimanche, mais il n&rsquo;y a aucun doute sur sa forme physique, comme on a pu le constater sur le Tour des Flandres et la Fl\u00e8che Braban\u00e7onne, plus t\u00f4t ce printemps. En 2017, il a termin\u00e9 troisi\u00e8me de la Fl\u00e8che Wallonne et, cinq ans plus tard, le Belge s&rsquo;\u00e9tait impos\u00e9.<\/p>\n<p style=\"text-align: justify;\">UAE Team Emirates comptera \u00e9galement sur un ancien vainqueur. En l\u2019absence de Tadej Pogacar, victorieux il y a douze mois, <strong>Marc Hirschi<\/strong>, vainqueur de la Fl\u00e8che Wallonne en 2020, semble avoir (enfin) \u00e0 nouveau atteint le niveau de l&rsquo;ann\u00e9e de son succ\u00e8s, pour viser la passe de deux \u00e0 Huy. Dimanche, il a termin\u00e9 deuxi\u00e8me de l&rsquo;Amstel Gold Race, battu au sprint par Pidcock.<\/p>\n<p style=\"text-align: justify;\">Co\u00e9quipier de Hirschi, <strong>Juan Ayuso<\/strong> sera aussi au d\u00e9part \u00e0 Charleroi. L&rsquo;Espagnol a \u00e9t\u00e9 un peu d\u00e9cevant lors de l&rsquo;Amstel Gold Race, mais il ne faut pas en tirer trop de conclusions. Avec son fort punch, le jeune espagnol pourrait faire mieux mercredi, comme lors du dernier <a href=\"https:\/\/dicodusport.fr\/blog\/tour-du-pays-basque-2024-classement-general\/\">Tour du Pays Basque<\/a>, o\u00f9 il s&rsquo;\u00e9tait impos\u00e9, bien aid\u00e9, il est vrai, par les absences de Jonas Vingegaard, Remco Evenepoel et Primoz Roglic. D&rsquo;ailleurs, ces deux derniers \u00e9taient pr\u00e9vus au d\u00e9part, mais leur chute a mis fin \u00e0 leur printemps.<\/p>\n<ul>\n<li style=\"text-align: justify;\"><strong>\u00c0 ce sujet &#8211; <a href=\"https:\/\/dicodusport.fr\/blog\/la-fleche-wallonne-2024-les-engages\/\">La Fl\u00e8che Wallonne 2024 : Les engag\u00e9s<\/a><\/strong><\/li>\n<\/ul>\n<h2 style=\"text-align: justify;\">Skjelmose et Cosnefroy en embuscade<\/h2>\n<p style=\"text-align: justify;\"><strong>Mattias Skjelmose<\/strong> a perdu le Tour du Pays Basque le dernier jour contre Ayuso. Le champion du Danemark a fini deuxi\u00e8me de la Fl\u00e8che Wallonne l&rsquo;ann\u00e9e derni\u00e8re, ou le premier du commun des mortels, derri\u00e8re Pogacar. Cette ann\u00e9e, le coureur du Lidl-Trek s&rsquo;est encore montr\u00e9 tr\u00e8s r\u00e9gulier en \u00e9tant performant sur Paris-Nice et sur le Tour du Pays Basque.<\/p>\n<p style=\"text-align: justify;\"><strong>Beno\u00eet Cosnefroy<\/strong> (Decathlon AG2R La Mondiale) a d\u00e9j\u00e0 ajout\u00e9 cette ann\u00e9e une course majeure \u00e0 son palmar\u00e8s, <a href=\"https:\/\/dicodusport.fr\/blog\/classement-la-fleche-brabanconne-2024\/\">la Fl\u00e8che Braban\u00e7onne<\/a>. Apr\u00e8s une mauvaise ann\u00e9e 2022, le Fran\u00e7ais est de retour, en t\u00e9moignent des victoires sur le Tour des Alpes-Maritimes et le Paris-Camembert, et une sixi\u00e8me place aux Strade Bianche. M\u00eame si le Normand est moins \u00e0 l&rsquo;aise sur les tr\u00e8s forts pourcentages, il a d\u00e9j\u00e0 fini deuxi\u00e8me en 2020.<\/p>\n<div class=\"vlp-link-container vlp-layout-article\"><a href=\"https:\/\/dicodusport.fr\/blog\/la-fleche-brabanconne-2024-benoit-cosnefroy-simpose-en-costaud\/\" class=\"vlp-link\" title=\"La Fl\u00e8che Braban\u00e7onne 2024 : Beno\u00eet Cosnefroy s&#039;impose en costaud\"><\/a><div class=\"vlp-layout-zone-side\"><div class=\"vlp-block-4 vlp-link-image\"><img loading=\"lazy\" decoding=\"async\" style=\"max-width: 792px;\" width=\"792\" height=\"445\" src=\"https:\/\/dicodusport.fr\/blog\/wp-content\/uploads\/2024\/04\/La-Fleche-Brabanconne-2024-Benoit-Cosnefroy-simpose-en-costaud-1.png\" class=\"attachment-800x445 size-800x445\" alt=\"La Fl\u00e8che Braban\u00e7onne 2024 Beno\u00eet Cosnefroy s&#039;impose en costaud (1)\" srcset=\"https:\/\/dicodusport.fr\/blog\/wp-content\/uploads\/2024\/04\/La-Fleche-Brabanconne-2024-Benoit-Cosnefroy-simpose-en-costaud-1.png 1200w, https:\/\/dicodusport.fr\/blog\/wp-content\/uploads\/2024\/04\/La-Fleche-Brabanconne-2024-Benoit-Cosnefroy-simpose-en-costaud-1-300x169.png 300w, https:\/\/dicodusport.fr\/blog\/wp-content\/uploads\/2024\/04\/La-Fleche-Brabanconne-2024-Benoit-Cosnefroy-simpose-en-costaud-1-1024x575.png 1024w, https:\/\/dicodusport.fr\/blog\/wp-content\/uploads\/2024\/04\/La-Fleche-Brabanconne-2024-Benoit-Cosnefroy-simpose-en-costaud-1-768x431.png 768w\" sizes=\"auto, (max-width: 792px) 100vw, 792px\" \/><\/div><\/div><div class=\"vlp-layout-zone-main\"><div class=\"vlp-block-0 vlp-link-title\">La Fl\u00e8che Braban\u00e7onne 2024 : Beno\u00eet Cosnefroy s'impose en costaud<\/div><div class=\"vlp-block-1 vlp-link-summary\">Au terme d'une course de mouvement, Beno\u00eet Cosnefroy s'est impos\u00e9 \u00e0 Overjise. Le Fran\u00e7ais a r\u00e9gl\u00e9 un petit groupe au sprint pour glaner un beau succ\u00e8s.\u00a0<\/div><div class=\"vlp-block-2 vlp-link-button\">Lire l'article<\/div><div class=\"vlp-block-3 vlp-link-url\">dicodusport.fr<\/div><\/div><\/div>\n<p><strong>Maxim Van Gils<\/strong> (Lotto-Dstny) a termin\u00e9 troisi\u00e8me sur les routes blanches italiennes et deuxi\u00e8me du Grand Prix Miguel Indurain. Le Belge de 24 ans, huiti\u00e8me au Mur de Huy l&rsquo;an dernier, se porte tr\u00e8s bien ce printemps. S&rsquo;il a les jambes du Grand Prix Miguel Indurain, il peut viser un podium, voire mieux.<\/p>\n<p style=\"text-align: justify;\">Enfin, de nombreux autres coureurs pourraient pr\u00e9tendre \u00e0 des places d&rsquo;honneurn comme le laur\u00e9at du Mont Brouilly sur Paris-Nice, <strong>Santiago Buitrago<\/strong> (Bahrain-Victorious), <strong>Tobias Halland Johannessen<\/strong> (Uno-X Mobility) &#8211; tr\u00e8s solide sur le Mont-Faron lors de la Classic Var ou encore <strong>Andreas Kron<\/strong> (Lotto Dstny). On citera aussi le vainqueur du Tour Down Under, <strong>Stephen Williams<\/strong> (Israel-Premier Tech), <strong>Guillaume Martin<\/strong> (Cofidis) qui a trouv\u00e9 de tr\u00e8s bonnes jambes lors du dernier tryptique franc-comtois, <strong>Tao Geoghegan Hart<\/strong> (Lidl-Trek), <strong>Romain Gr\u00e9goire <\/strong>(Groupama-FDJ),\u00a0le champion de France <strong>Valentin Madouas<\/strong> (Groupama-FDJ) ou encore <strong>Simon Yates<\/strong> (Team Jayco AlUla), en qu\u00eate de meilleures sensations cette ann\u00e9e.<\/p>\n","protected":false},"excerpt":{"rendered":"<p>LA FL\u00c8CHE WALLONNE 2024 &#8211; Retrouvez les favoris et outsiders de la Fl\u00e8che Wallonne 2024, qui se d\u00e9roule ce mercredi 17 avril.<\/p>\n","protected":false},"author":48,"featured_media":479482,"comment_status":"open","ping_status":"closed","sticky":false,"template":"","format":"standard","meta":{"_acf_changed":false,"_daextam_enable_autolinks":"1","footnotes":""},"categories":[46994],"tags":[3119,16878,4547,7706,24],"class_list":["post-479338","post","type-post","status-publish","format-standard","has-post-thumbnail","hentry","category-cyclisme-sur-route","tag-actualite-cyclisme","tag-breve","tag-fleche-wallonne","tag-la-fleche-wallonne","tag-sport"],"acf":[],"yoast_head":"<!-- This site is optimized with the Yoast SEO Premium plugin v26.7 (Yoast SEO v26.7) - https:\/\/yoast.com\/wordpress\/plugins\/seo\/ -->\n<title>La Fl\u00e8che Wallonne 2024 : Les favoris et outsiders<\/title>\n<meta name=\"description\" content=\"LA FL\u00c8CHE WALLONNE 2024 - Retrouvez les favoris et outsiders de la Fl\u00e8che Wallonne 2024, qui se d\u00e9roule ce mercredi 17 avril.\" \/>\n<meta name=\"robots\" content=\"index, follow, max-snippet:-1, max-image-preview:large, max-video-preview:-1\" \/>\n<link rel=\"canonical\" href=\"https:\/\/dicodusport.fr\/blog\/la-fleche-wallonne-2024-les-favoris-et-outsiders\/\" \/>\n<meta property=\"og:locale\" content=\"fr_FR\" \/>\n<meta property=\"og:type\" content=\"article\" \/>\n<meta property=\"og:title\" content=\"La Fl\u00e8che Wallonne 2024 : Les favoris et outsiders\" \/>\n<meta property=\"og:description\" content=\"LA FL\u00c8CHE WALLONNE 2024 - Retrouvez les favoris et outsiders de la Fl\u00e8che Wallonne 2024, qui se d\u00e9roule ce mercredi 17 avril.\" \/>\n<meta property=\"og:url\" content=\"https:\/\/dicodusport.fr\/blog\/la-fleche-wallonne-2024-les-favoris-et-outsiders\/\" \/>\n<meta property=\"og:site_name\" content=\"Dicodusport\" \/>\n<meta property=\"article:publisher\" content=\"https:\/\/www.facebook.com\/dicodusport\" \/>\n<meta property=\"article:author\" content=\"https:\/\/www.facebook.com\/groups\/LesRoisDuPeloton\" \/>\n<meta property=\"article:published_time\" content=\"2024-04-16T16:04:10+00:00\" \/>\n<meta property=\"article:modified_time\" content=\"2024-04-16T16:21:39+00:00\" \/>\n<meta property=\"og:image\" content=\"https:\/\/dicodusport.fr\/blog\/wp-content\/uploads\/2024\/04\/La-Fleche-Wallonne-2024-Les-favoris-et-outsiders.png\" \/>\n\t<meta property=\"og:image:width\" content=\"1200\" \/>\n\t<meta property=\"og:image:height\" content=\"674\" \/>\n\t<meta property=\"og:image:type\" content=\"image\/png\" \/>\n<meta name=\"author\" content=\"Emilien Descampiaux\" \/>\n<meta name=\"twitter:card\" content=\"summary_large_image\" \/>\n<meta name=\"twitter:title\" content=\"La Fl\u00e8che Wallonne 2024 : Les favoris et outsiders\" \/>\n<meta name=\"twitter:creator\" content=\"@https:\/\/twitter.com\/LRoisDuPeloton\" \/>\n<meta name=\"twitter:site\" content=\"@dicodusport\" \/>\n<script type=\"application\/ld+json\" class=\"yoast-schema-graph\">{\"@context\":\"https:\/\/schema.org\",\"@graph\":[{\"@type\":\"NewsArticle\",\"@id\":\"https:\/\/dicodusport.fr\/blog\/la-fleche-wallonne-2024-les-favoris-et-outsiders\/#article\",\"isPartOf\":{\"@id\":\"https:\/\/dicodusport.fr\/blog\/la-fleche-wallonne-2024-les-favoris-et-outsiders\/\"},\"author\":{\"name\":\"Emilien Descampiaux\",\"@id\":\"https:\/\/dicodusport.fr\/blog\/#\/schema\/person\/6db4bae06b171592211be385b32876a7\"},\"headline\":\"La Fl\u00e8che Wallonne 2024 : Les favoris et outsiders\",\"datePublished\":\"2024-04-16T16:04:10+00:00\",\"dateModified\":\"2024-04-16T16:21:39+00:00\",\"mainEntityOfPage\":{\"@id\":\"https:\/\/dicodusport.fr\/blog\/la-fleche-wallonne-2024-les-favoris-et-outsiders\/\"},\"wordCount\":872,\"commentCount\":0,\"publisher\":{\"@id\":\"https:\/\/dicodusport.fr\/blog\/#organization\"},\"image\":{\"@id\":\"https:\/\/dicodusport.fr\/blog\/la-fleche-wallonne-2024-les-favoris-et-outsiders\/#primaryimage\"},\"thumbnailUrl\":\"https:\/\/dicodusport.fr\/blog\/wp-content\/uploads\/2024\/04\/La-Fleche-Wallonne-2024-Les-favoris-et-outsiders.png\",\"keywords\":[\"Actualit\u00e9 Cyclisme\",\"br\u00e8ve\",\"fl\u00e8che wallonne\",\"La Fl\u00e8che Wallonne\",\"sport\"],\"articleSection\":[\"Cyclisme sur route\"],\"inLanguage\":\"fr-FR\",\"potentialAction\":[{\"@type\":\"CommentAction\",\"name\":\"Comment\",\"target\":[\"https:\/\/dicodusport.fr\/blog\/la-fleche-wallonne-2024-les-favoris-et-outsiders\/#respond\"]}],\"copyrightYear\":\"2024\",\"copyrightHolder\":{\"@id\":\"https:\/\/dicodusport.fr\/blog\/#organization\"}},{\"@type\":\"WebPage\",\"@id\":\"https:\/\/dicodusport.fr\/blog\/la-fleche-wallonne-2024-les-favoris-et-outsiders\/\",\"url\":\"https:\/\/dicodusport.fr\/blog\/la-fleche-wallonne-2024-les-favoris-et-outsiders\/\",\"name\":\"La Fl\u00e8che Wallonne 2024 : Les favoris et outsiders\",\"isPartOf\":{\"@id\":\"https:\/\/dicodusport.fr\/blog\/#website\"},\"primaryImageOfPage\":{\"@id\":\"https:\/\/dicodusport.fr\/blog\/la-fleche-wallonne-2024-les-favoris-et-outsiders\/#primaryimage\"},\"image\":{\"@id\":\"https:\/\/dicodusport.fr\/blog\/la-fleche-wallonne-2024-les-favoris-et-outsiders\/#primaryimage\"},\"thumbnailUrl\":\"https:\/\/dicodusport.fr\/blog\/wp-content\/uploads\/2024\/04\/La-Fleche-Wallonne-2024-Les-favoris-et-outsiders.png\",\"datePublished\":\"2024-04-16T16:04:10+00:00\",\"dateModified\":\"2024-04-16T16:21:39+00:00\",\"description\":\"LA FL\u00c8CHE WALLONNE 2024 - Retrouvez les favoris et outsiders de la Fl\u00e8che Wallonne 2024, qui se d\u00e9roule ce mercredi 17 avril.\",\"breadcrumb\":{\"@id\":\"https:\/\/dicodusport.fr\/blog\/la-fleche-wallonne-2024-les-favoris-et-outsiders\/#breadcrumb\"},\"inLanguage\":\"fr-FR\",\"potentialAction\":[{\"@type\":\"ReadAction\",\"target\":[\"https:\/\/dicodusport.fr\/blog\/la-fleche-wallonne-2024-les-favoris-et-outsiders\/\"]}]},{\"@type\":\"ImageObject\",\"inLanguage\":\"fr-FR\",\"@id\":\"https:\/\/dicodusport.fr\/blog\/la-fleche-wallonne-2024-les-favoris-et-outsiders\/#primaryimage\",\"url\":\"https:\/\/dicodusport.fr\/blog\/wp-content\/uploads\/2024\/04\/La-Fleche-Wallonne-2024-Les-favoris-et-outsiders.png\",\"contentUrl\":\"https:\/\/dicodusport.fr\/blog\/wp-content\/uploads\/2024\/04\/La-Fleche-Wallonne-2024-Les-favoris-et-outsiders.png\",\"width\":1200,\"height\":674,\"caption\":\"La Fl\u00e8che Wallonne 2024 Les favoris et outsiders\"},{\"@type\":\"BreadcrumbList\",\"@id\":\"https:\/\/dicodusport.fr\/blog\/la-fleche-wallonne-2024-les-favoris-et-outsiders\/#breadcrumb\",\"itemListElement\":[{\"@type\":\"ListItem\",\"position\":1,\"name\":\"Accueil\",\"item\":\"https:\/\/dicodusport.fr\/blog\/\"},{\"@type\":\"ListItem\",\"position\":2,\"name\":\"La Fl\u00e8che Wallonne 2024 : Les favoris et outsiders\"}]},{\"@type\":\"WebSite\",\"@id\":\"https:\/\/dicodusport.fr\/blog\/#website\",\"url\":\"https:\/\/dicodusport.fr\/blog\/\",\"name\":\"Dicodusport\",\"description\":\"L&#039;encyclop\u00e9die de l&#039;actualit\u00e9 sportive\",\"publisher\":{\"@id\":\"https:\/\/dicodusport.fr\/blog\/#organization\"},\"potentialAction\":[{\"@type\":\"SearchAction\",\"target\":{\"@type\":\"EntryPoint\",\"urlTemplate\":\"https:\/\/dicodusport.fr\/blog\/?s={search_term_string}\"},\"query-input\":{\"@type\":\"PropertyValueSpecification\",\"valueRequired\":true,\"valueName\":\"search_term_string\"}}],\"inLanguage\":\"fr-FR\"},{\"@type\":\"NewsMediaOrganization\",\"@id\":\"https:\/\/dicodusport.fr\/blog\/#organization\",\"name\":\"Dicodusport\",\"url\":\"https:\/\/dicodusport.fr\/blog\/\",\"logo\":{\"@type\":\"ImageObject\",\"inLanguage\":\"fr-FR\",\"@id\":\"https:\/\/dicodusport.fr\/blog\/#\/schema\/logo\/image\/\",\"url\":\"https:\/\/dicodusport.fr\/blog\/wp-content\/uploads\/2020\/06\/cropped-LOGO-DICODUSPORT-2020-SANS-FOND-SANS-TEXTE.png\",\"contentUrl\":\"https:\/\/dicodusport.fr\/blog\/wp-content\/uploads\/2020\/06\/cropped-LOGO-DICODUSPORT-2020-SANS-FOND-SANS-TEXTE.png\",\"width\":512,\"height\":512,\"caption\":\"Dicodusport\"},\"image\":{\"@id\":\"https:\/\/dicodusport.fr\/blog\/#\/schema\/logo\/image\/\"},\"sameAs\":[\"https:\/\/www.facebook.com\/dicodusport\",\"https:\/\/x.com\/dicodusport\",\"https:\/\/www.instagram.com\/dicodusport\/\",\"https:\/\/www.youtube.com\/channel\/UC7V2KZ5sd3htJivAbA4ZG3w\"],\"description\":\"Dicodusport est l'encyclop\u00e9die de l'actualit\u00e9 sportive.\",\"email\":\"bonjour@dicodusport.fr\",\"legalName\":\"DICODUSPORT\",\"foundingDate\":\"2018-01-14\",\"vatID\":\"FR71834470973\",\"taxID\":\"83447097300043\",\"numberOfEmployees\":{\"@type\":\"QuantitativeValue\",\"minValue\":\"1\",\"maxValue\":\"10\"}},{\"@type\":\"Person\",\"@id\":\"https:\/\/dicodusport.fr\/blog\/#\/schema\/person\/6db4bae06b171592211be385b32876a7\",\"name\":\"Emilien Descampiaux\",\"image\":{\"@type\":\"ImageObject\",\"inLanguage\":\"fr-FR\",\"@id\":\"https:\/\/dicodusport.fr\/blog\/#\/schema\/person\/image\/\",\"url\":\"https:\/\/dicodusport.fr\/blog\/wp-content\/uploads\/2021\/05\/Emilien-Descampiaux-150x150.jpg\",\"contentUrl\":\"https:\/\/dicodusport.fr\/blog\/wp-content\/uploads\/2021\/05\/Emilien-Descampiaux-150x150.jpg\",\"caption\":\"Emilien Descampiaux\"},\"description\":\"Journaliste\/r\u00e9dacteur depuis 2014 - Fan de la classe de Frank Vandenbroucke, je vis cyclisme (et de ses paysages) depuis plus de 20 ans. Je suis tr\u00e8s impliqu\u00e9 sur mes diff\u00e9rents r\u00e9seaux sociaux pour partager ma passion sur le monde et l'Histoire de la bicyclette avec ma voix sur les images en noir et blanc du succ\u00e8s de Rik Van Steenbergen lors du Ronde sur le V\u00e9lodrome de Gand.\",\"sameAs\":[\"https:\/\/www.facebook.com\/groups\/LesRoisDuPeloton\",\"https:\/\/x.com\/https:\/\/twitter.com\/LRoisDuPeloton\"],\"url\":\"https:\/\/dicodusport.fr\/blog\/author\/emiliend\/\"}]}<\/script>\n<!-- \/ Yoast SEO Premium plugin. -->","yoast_head_json":{"title":"La Fl\u00e8che Wallonne 2024 : Les favoris et outsiders","description":"LA FL\u00c8CHE WALLONNE 2024 - Retrouvez les favoris et outsiders de la Fl\u00e8che Wallonne 2024, qui se d\u00e9roule ce mercredi 17 avril.","robots":{"index":"index","follow":"follow","max-snippet":"max-snippet:-1","max-image-preview":"max-image-preview:large","max-video-preview":"max-video-preview:-1"},"canonical":"https:\/\/dicodusport.fr\/blog\/la-fleche-wallonne-2024-les-favoris-et-outsiders\/","og_locale":"fr_FR","og_type":"article","og_title":"La Fl\u00e8che Wallonne 2024 : Les favoris et outsiders","og_description":"LA FL\u00c8CHE WALLONNE 2024 - Retrouvez les favoris et outsiders de la Fl\u00e8che Wallonne 2024, qui se d\u00e9roule ce mercredi 17 avril.","og_url":"https:\/\/dicodusport.fr\/blog\/la-fleche-wallonne-2024-les-favoris-et-outsiders\/","og_site_name":"Dicodusport","article_publisher":"https:\/\/www.facebook.com\/dicodusport","article_author":"https:\/\/www.facebook.com\/groups\/LesRoisDuPeloton","article_published_time":"2024-04-16T16:04:10+00:00","article_modified_time":"2024-04-16T16:21:39+00:00","og_image":[{"width":1200,"height":674,"url":"https:\/\/dicodusport.fr\/blog\/wp-content\/uploads\/2024\/04\/La-Fleche-Wallonne-2024-Les-favoris-et-outsiders.png","type":"image\/png"}],"author":"Emilien Descampiaux","twitter_card":"summary_large_image","twitter_title":"La Fl\u00e8che Wallonne 2024 : Les favoris et outsiders","twitter_creator":"@https:\/\/twitter.com\/LRoisDuPeloton","twitter_site":"@dicodusport","schema":{"@context":"https:\/\/schema.org","@graph":[{"@type":"NewsArticle","@id":"https:\/\/dicodusport.fr\/blog\/la-fleche-wallonne-2024-les-favoris-et-outsiders\/#article","isPartOf":{"@id":"https:\/\/dicodusport.fr\/blog\/la-fleche-wallonne-2024-les-favoris-et-outsiders\/"},"author":{"name":"Emilien Descampiaux","@id":"https:\/\/dicodusport.fr\/blog\/#\/schema\/person\/6db4bae06b171592211be385b32876a7"},"headline":"La Fl\u00e8che Wallonne 2024 : Les favoris et outsiders","datePublished":"2024-04-16T16:04:10+00:00","dateModified":"2024-04-16T16:21:39+00:00","mainEntityOfPage":{"@id":"https:\/\/dicodusport.fr\/blog\/la-fleche-wallonne-2024-les-favoris-et-outsiders\/"},"wordCount":872,"commentCount":0,"publisher":{"@id":"https:\/\/dicodusport.fr\/blog\/#organization"},"image":{"@id":"https:\/\/dicodusport.fr\/blog\/la-fleche-wallonne-2024-les-favoris-et-outsiders\/#primaryimage"},"thumbnailUrl":"https:\/\/dicodusport.fr\/blog\/wp-content\/uploads\/2024\/04\/La-Fleche-Wallonne-2024-Les-favoris-et-outsiders.png","keywords":["Actualit\u00e9 Cyclisme","br\u00e8ve","fl\u00e8che wallonne","La Fl\u00e8che Wallonne","sport"],"articleSection":["Cyclisme sur route"],"inLanguage":"fr-FR","potentialAction":[{"@type":"CommentAction","name":"Comment","target":["https:\/\/dicodusport.fr\/blog\/la-fleche-wallonne-2024-les-favoris-et-outsiders\/#respond"]}],"copyrightYear":"2024","copyrightHolder":{"@id":"https:\/\/dicodusport.fr\/blog\/#organization"}},{"@type":"WebPage","@id":"https:\/\/dicodusport.fr\/blog\/la-fleche-wallonne-2024-les-favoris-et-outsiders\/","url":"https:\/\/dicodusport.fr\/blog\/la-fleche-wallonne-2024-les-favoris-et-outsiders\/","name":"La Fl\u00e8che Wallonne 2024 : Les favoris et outsiders","isPartOf":{"@id":"https:\/\/dicodusport.fr\/blog\/#website"},"primaryImageOfPage":{"@id":"https:\/\/dicodusport.fr\/blog\/la-fleche-wallonne-2024-les-favoris-et-outsiders\/#primaryimage"},"image":{"@id":"https:\/\/dicodusport.fr\/blog\/la-fleche-wallonne-2024-les-favoris-et-outsiders\/#primaryimage"},"thumbnailUrl":"https:\/\/dicodusport.fr\/blog\/wp-content\/uploads\/2024\/04\/La-Fleche-Wallonne-2024-Les-favoris-et-outsiders.png","datePublished":"2024-04-16T16:04:10+00:00","dateModified":"2024-04-16T16:21:39+00:00","description":"LA FL\u00c8CHE WALLONNE 2024 - Retrouvez les favoris et outsiders de la Fl\u00e8che Wallonne 2024, qui se d\u00e9roule ce mercredi 17 avril.","breadcrumb":{"@id":"https:\/\/dicodusport.fr\/blog\/la-fleche-wallonne-2024-les-favoris-et-outsiders\/#breadcrumb"},"inLanguage":"fr-FR","potentialAction":[{"@type":"ReadAction","target":["https:\/\/dicodusport.fr\/blog\/la-fleche-wallonne-2024-les-favoris-et-outsiders\/"]}]},{"@type":"ImageObject","inLanguage":"fr-FR","@id":"https:\/\/dicodusport.fr\/blog\/la-fleche-wallonne-2024-les-favoris-et-outsiders\/#primaryimage","url":"https:\/\/dicodusport.fr\/blog\/wp-content\/uploads\/2024\/04\/La-Fleche-Wallonne-2024-Les-favoris-et-outsiders.png","contentUrl":"https:\/\/dicodusport.fr\/blog\/wp-content\/uploads\/2024\/04\/La-Fleche-Wallonne-2024-Les-favoris-et-outsiders.png","width":1200,"height":674,"caption":"La Fl\u00e8che Wallonne 2024 Les favoris et outsiders"},{"@type":"BreadcrumbList","@id":"https:\/\/dicodusport.fr\/blog\/la-fleche-wallonne-2024-les-favoris-et-outsiders\/#breadcrumb","itemListElement":[{"@type":"ListItem","position":1,"name":"Accueil","item":"https:\/\/dicodusport.fr\/blog\/"},{"@type":"ListItem","position":2,"name":"La Fl\u00e8che Wallonne 2024 : Les favoris et outsiders"}]},{"@type":"WebSite","@id":"https:\/\/dicodusport.fr\/blog\/#website","url":"https:\/\/dicodusport.fr\/blog\/","name":"Dicodusport","description":"L&#039;encyclop\u00e9die de l&#039;actualit\u00e9 sportive","publisher":{"@id":"https:\/\/dicodusport.fr\/blog\/#organization"},"potentialAction":[{"@type":"SearchAction","target":{"@type":"EntryPoint","urlTemplate":"https:\/\/dicodusport.fr\/blog\/?s={search_term_string}"},"query-input":{"@type":"PropertyValueSpecification","valueRequired":true,"valueName":"search_term_string"}}],"inLanguage":"fr-FR"},{"@type":"NewsMediaOrganization","@id":"https:\/\/dicodusport.fr\/blog\/#organization","name":"Dicodusport","url":"https:\/\/dicodusport.fr\/blog\/","logo":{"@type":"ImageObject","inLanguage":"fr-FR","@id":"https:\/\/dicodusport.fr\/blog\/#\/schema\/logo\/image\/","url":"https:\/\/dicodusport.fr\/blog\/wp-content\/uploads\/2020\/06\/cropped-LOGO-DICODUSPORT-2020-SANS-FOND-SANS-TEXTE.png","contentUrl":"https:\/\/dicodusport.fr\/blog\/wp-content\/uploads\/2020\/06\/cropped-LOGO-DICODUSPORT-2020-SANS-FOND-SANS-TEXTE.png","width":512,"height":512,"caption":"Dicodusport"},"image":{"@id":"https:\/\/dicodusport.fr\/blog\/#\/schema\/logo\/image\/"},"sameAs":["https:\/\/www.facebook.com\/dicodusport","https:\/\/x.com\/dicodusport","https:\/\/www.instagram.com\/dicodusport\/","https:\/\/www.youtube.com\/channel\/UC7V2KZ5sd3htJivAbA4ZG3w"],"description":"Dicodusport est l'encyclop\u00e9die de l'actualit\u00e9 sportive.","email":"bonjour@dicodusport.fr","legalName":"DICODUSPORT","foundingDate":"2018-01-14","vatID":"FR71834470973","taxID":"83447097300043","numberOfEmployees":{"@type":"QuantitativeValue","minValue":"1","maxValue":"10"}},{"@type":"Person","@id":"https:\/\/dicodusport.fr\/blog\/#\/schema\/person\/6db4bae06b171592211be385b32876a7","name":"Emilien Descampiaux","image":{"@type":"ImageObject","inLanguage":"fr-FR","@id":"https:\/\/dicodusport.fr\/blog\/#\/schema\/person\/image\/","url":"https:\/\/dicodusport.fr\/blog\/wp-content\/uploads\/2021\/05\/Emilien-Descampiaux-150x150.jpg","contentUrl":"https:\/\/dicodusport.fr\/blog\/wp-content\/uploads\/2021\/05\/Emilien-Descampiaux-150x150.jpg","caption":"Emilien Descampiaux"},"description":"Journaliste\/r\u00e9dacteur depuis 2014 - Fan de la classe de Frank Vandenbroucke, je vis cyclisme (et de ses paysages) depuis plus de 20 ans. Je suis tr\u00e8s impliqu\u00e9 sur mes diff\u00e9rents r\u00e9seaux sociaux pour partager ma passion sur le monde et l'Histoire de la bicyclette avec ma voix sur les images en noir et blanc du succ\u00e8s de Rik Van Steenbergen lors du Ronde sur le V\u00e9lodrome de Gand.","sameAs":["https:\/\/www.facebook.com\/groups\/LesRoisDuPeloton","https:\/\/x.com\/https:\/\/twitter.com\/LRoisDuPeloton"],"url":"https:\/\/dicodusport.fr\/blog\/author\/emiliend\/"}]}},"_links":{"self":[{"href":"https:\/\/dicodusport.fr\/blog\/wp-json\/wp\/v2\/posts\/479338","targetHints":{"allow":["GET"]}}],"collection":[{"href":"https:\/\/dicodusport.fr\/blog\/wp-json\/wp\/v2\/posts"}],"about":[{"href":"https:\/\/dicodusport.fr\/blog\/wp-json\/wp\/v2\/types\/post"}],"author":[{"embeddable":true,"href":"https:\/\/dicodusport.fr\/blog\/wp-json\/wp\/v2\/users\/48"}],"replies":[{"embeddable":true,"href":"https:\/\/dicodusport.fr\/blog\/wp-json\/wp\/v2\/comments?post=479338"}],"version-history":[{"count":5,"href":"https:\/\/dicodusport.fr\/blog\/wp-json\/wp\/v2\/posts\/479338\/revisions"}],"predecessor-version":[{"id":479495,"href":"https:\/\/dicodusport.fr\/blog\/wp-json\/wp\/v2\/posts\/479338\/revisions\/479495"}],"wp:featuredmedia":[{"embeddable":true,"href":"https:\/\/dicodusport.fr\/blog\/wp-json\/wp\/v2\/media\/479482"}],"wp:attachment":[{"href":"https:\/\/dicodusport.fr\/blog\/wp-json\/wp\/v2\/media?parent=479338"}],"wp:term":[{"taxonomy":"category","embeddable":true,"href":"https:\/\/dicodusport.fr\/blog\/wp-json\/wp\/v2\/categories?post=479338"},{"taxonomy":"post_tag","embeddable":true,"href":"https:\/\/dicodusport.fr\/blog\/wp-json\/wp\/v2\/tags?post=479338"}],"curies":[{"name":"wp","href":"https:\/\/api.w.org\/{rel}","templated":true}]}}