{"id":479433,"date":"2024-04-16T14:46:33","date_gmt":"2024-04-16T12:46:33","guid":{"rendered":"https:\/\/dicodusport.fr\/blog\/?p=479433&#038;preview=true&#038;preview_id=479433"},"modified":"2024-04-16T15:30:52","modified_gmt":"2024-04-16T13:30:52","slug":"handball-le-mondial-masculin-2029-aura-lieu-en-france-et-en-allemagne","status":"publish","type":"post","link":"https:\/\/dicodusport.fr\/blog\/handball-le-mondial-masculin-2029-aura-lieu-en-france-et-en-allemagne\/","title":{"rendered":"Handball : Le Mondial masculin 2029 aura lieu en France et en Allemagne"},"content":{"rendered":"<p style=\"text-align: justify;\"><strong><em>HANDBALL &#8211; La France et l&rsquo;Allemagne unissent leurs forces, pour organiser le Mondial de handball masculin en 2029.\u00a0<\/em><\/strong><\/p>\n<p style=\"text-align: justify;\">Deux pays \u00ab\u00a0institutionnels\u00a0\u00bb du <a href=\"https:\/\/dicodusport.fr\/sports-en-h\/handball\/\">handball<\/a>\u00a0vont organiser le Mondial masculin 2029. La <strong>France<\/strong> et l&rsquo;<strong>Allemagne<\/strong> s&rsquo;unissent pour organiser la comp\u00e9tition plan\u00e9taire dans cinq ans, un an apr\u00e8s les JO 2028 de Los Angeles. Pour la France, ce sera un rapide retour aux amours, apr\u00e8s les JO 2024, mais aussi le Mondial organis\u00e9 (et gagn\u00e9) par la France en 2017. Le dernier titre mondial des Bleus \u00e0 ce jour. L&rsquo;Allemagne a organis\u00e9 (et remport\u00e9 \u00e9galement) le Mondial de 2007. Mais sort d&rsquo;une brillante organisation de l&rsquo;Euro 2024 (remport\u00e9 par&#8230; la France). Avec un record de spectateurs pour un match de handball, pour le match de poule entre l&rsquo;Allemagne et la Mac\u00e9doine du Nord. <b>53 586\u00a0<\/b>personnes s&rsquo;\u00e9taient donn\u00e9es rendez-vous \u00e0 D\u00fcsseldorf pour ce rendez-vous unique.<\/p>\n<p style=\"text-align: justify;\">Mais, on se souviendra des <strong>28 010<\/strong> spectateurs, au Stade Pierre Mauroy de Lille, lors de deux matchs de l&rsquo;\u00e9quipe de France. Record en France, pour un match de handball. Deux pays, deux institutions du handball, deux grands savoir-faire qui unissent leurs forces pour organiser un grand championnat, on en salive d&rsquo;avance. La pr\u00e9sentation a \u00e9t\u00e9 assur\u00e9e par deux l\u00e9gendes :<strong>\u00a0Uwe Gensheimer<\/strong> et <strong>Bertrand Gille<\/strong>.<\/p>\n<blockquote class=\"twitter-tweet\">\n<p dir=\"ltr\" lang=\"en\">The 2029 and 2031 editions of the IHF flagship events have been awarded \ud83d\ude4c<\/p>\n<p>2029 IHF Men\u2019s WCh: France\/Germany<br \/>\n2029 IHF Women\u2019s WCh: Spain<br \/>\n2031 IHF Men\u2019s WCh: Denmark\/Iceland\/Norway<br \/>\n2031 IHF Women\u2019s WCh: Czechia\/Poland<\/p>\n<p>Read more \ud83d\udc47 <a href=\"https:\/\/t.co\/CZ7CU3ssQC\">https:\/\/t.co\/CZ7CU3ssQC<\/a><\/p>\n<p>\u2014 International Handball Federation (@ihfhandball) <a href=\"https:\/\/twitter.com\/ihfhandball\/status\/1780212986084291011?ref_src=twsrc%5Etfw\">April 16, 2024<\/a><\/p><\/blockquote>\n<p><script async src=\"https:\/\/platform.twitter.com\/widgets.js\" charset=\"utf-8\"><\/script><\/p>\n<p style=\"text-align: justify;\"><div class=\"su-quote su-quote-style-default su-quote-has-cite\"><div class=\"su-quote-inner su-u-clearfix su-u-trim\">\u00ab\u00a0Je tiens \u00e0 remercier la f\u00e9d\u00e9ration internationale de nous confier l\u2019organisation du Mondial IHF 2029 qui salue la qualit\u00e9 de la candidature de nos deux f\u00e9d\u00e9rations. Apr\u00e8s les Mondiaux de 1970, de 2001 et plus r\u00e9cemment de 2017, l\u2019accueil de cette comp\u00e9tition en France constitue une opportunit\u00e9 suppl\u00e9mentaire de poursuivre le d\u00e9veloppement du handball.<span class=\"su-quote-cite\">Philippe Bana, Pr\u00e9sident de la FFHandball :<\/span><\/div><\/div>\n<p style=\"text-align: justify;\"><div class=\"su-quote su-quote-style-default su-quote-has-cite\"><div class=\"su-quote-inner su-u-clearfix su-u-trim\">\u00ab\u00a0Recevoir ce championnat du monde est un signe de confiance \u00e0 bien des \u00e9gards. La France nous fait confiance en tant que partenaire tandis que la F\u00e9d\u00e9ration Internationale de Handball (IHF) fait confiance \u00e0 la coop\u00e9ration commune d&rsquo;accueil de la France et de l&rsquo;Allemagne. La France et l&rsquo;Allemagne sont deux grands pays h\u00f4tes<span class=\"su-quote-cite\">Andreas Michelmann, pr\u00e9sident de la F\u00e9d\u00e9ration allemande de handball :<\/span><\/div><\/div>\n","protected":false},"excerpt":{"rendered":"<p>HANDBALL &#8211; La France et l&rsquo;Allemagne unissent leurs forces, pour organiser le Mondial de handball masculin en 2029.\u00a0<\/p>\n","protected":false},"author":83,"featured_media":479440,"comment_status":"open","ping_status":"closed","sticky":false,"template":"","format":"standard","meta":{"_acf_changed":false,"_daextam_enable_autolinks":"1","footnotes":""},"categories":[2304],"tags":[16878,7008,405],"class_list":["post-479433","post","type-post","status-publish","format-standard","has-post-thumbnail","hentry","category-handball","tag-breve","tag-championnats-du-monde-de-handball","tag-handball"],"acf":[],"yoast_head":"<!-- This site is optimized with the Yoast SEO Premium plugin v26.7 (Yoast SEO v26.7) - https:\/\/yoast.com\/wordpress\/plugins\/seo\/ -->\n<title>Handball : Le Mondial masculin 2029 aura lieu en France et en Allemagne<\/title>\n<meta name=\"description\" content=\"HANDBALL - La France et l&#039;Allemagne unissent leurs forces, pour organiser le Mondial de handball masculin en 2029.\u00a0\" \/>\n<meta name=\"robots\" content=\"index, follow, max-snippet:-1, max-image-preview:large, max-video-preview:-1\" \/>\n<link rel=\"canonical\" href=\"https:\/\/dicodusport.fr\/blog\/handball-le-mondial-masculin-2029-aura-lieu-en-france-et-en-allemagne\/\" \/>\n<meta property=\"og:locale\" content=\"fr_FR\" \/>\n<meta property=\"og:type\" content=\"article\" \/>\n<meta property=\"og:title\" content=\"Handball : Le Mondial masculin 2029 aura lieu en France et en Allemagne\" \/>\n<meta property=\"og:description\" content=\"HANDBALL - La France et l&#039;Allemagne unissent leurs forces, pour organiser le Mondial de handball masculin en 2029.\u00a0\" \/>\n<meta property=\"og:url\" content=\"https:\/\/dicodusport.fr\/blog\/handball-le-mondial-masculin-2029-aura-lieu-en-france-et-en-allemagne\/\" \/>\n<meta property=\"og:site_name\" content=\"Dicodusport\" \/>\n<meta property=\"article:publisher\" content=\"https:\/\/www.facebook.com\/dicodusport\" \/>\n<meta property=\"article:published_time\" content=\"2024-04-16T12:46:33+00:00\" \/>\n<meta property=\"article:modified_time\" content=\"2024-04-16T13:30:52+00:00\" \/>\n<meta property=\"og:image\" content=\"https:\/\/dicodusport.fr\/blog\/wp-content\/uploads\/2024\/04\/Handball-Le-Mondial-masculin-2029-aura-lieu-en-France-et-en-Allemagne.png\" \/>\n\t<meta property=\"og:image:width\" content=\"1200\" \/>\n\t<meta property=\"og:image:height\" content=\"674\" \/>\n\t<meta property=\"og:image:type\" content=\"image\/png\" \/>\n<meta name=\"author\" content=\"Etienne Goursaud\" \/>\n<meta name=\"twitter:card\" content=\"summary_large_image\" \/>\n<meta name=\"twitter:title\" content=\"Handball : Le Mondial masculin 2029 aura lieu en France et en Allemagne\" \/>\n<meta name=\"twitter:creator\" content=\"@dicodusport\" \/>\n<meta name=\"twitter:site\" content=\"@dicodusport\" \/>\n<script type=\"application\/ld+json\" class=\"yoast-schema-graph\">{\"@context\":\"https:\/\/schema.org\",\"@graph\":[{\"@type\":\"NewsArticle\",\"@id\":\"https:\/\/dicodusport.fr\/blog\/handball-le-mondial-masculin-2029-aura-lieu-en-france-et-en-allemagne\/#article\",\"isPartOf\":{\"@id\":\"https:\/\/dicodusport.fr\/blog\/handball-le-mondial-masculin-2029-aura-lieu-en-france-et-en-allemagne\/\"},\"author\":{\"name\":\"Etienne Goursaud\",\"@id\":\"https:\/\/dicodusport.fr\/blog\/#\/schema\/person\/d603dd7da31fb2b46c82b9835a77ec13\"},\"headline\":\"Handball : Le Mondial masculin 2029 aura lieu en France et en Allemagne\",\"datePublished\":\"2024-04-16T12:46:33+00:00\",\"dateModified\":\"2024-04-16T13:30:52+00:00\",\"mainEntityOfPage\":{\"@id\":\"https:\/\/dicodusport.fr\/blog\/handball-le-mondial-masculin-2029-aura-lieu-en-france-et-en-allemagne\/\"},\"wordCount\":420,\"commentCount\":0,\"publisher\":{\"@id\":\"https:\/\/dicodusport.fr\/blog\/#organization\"},\"image\":{\"@id\":\"https:\/\/dicodusport.fr\/blog\/handball-le-mondial-masculin-2029-aura-lieu-en-france-et-en-allemagne\/#primaryimage\"},\"thumbnailUrl\":\"https:\/\/dicodusport.fr\/blog\/wp-content\/uploads\/2024\/04\/Handball-Le-Mondial-masculin-2029-aura-lieu-en-France-et-en-Allemagne.png\",\"keywords\":[\"br\u00e8ve\",\"championnats du monde de handball\",\"Handball\"],\"articleSection\":[\"Handball\"],\"inLanguage\":\"fr-FR\",\"potentialAction\":[{\"@type\":\"CommentAction\",\"name\":\"Comment\",\"target\":[\"https:\/\/dicodusport.fr\/blog\/handball-le-mondial-masculin-2029-aura-lieu-en-france-et-en-allemagne\/#respond\"]}],\"copyrightYear\":\"2024\",\"copyrightHolder\":{\"@id\":\"https:\/\/dicodusport.fr\/blog\/#organization\"}},{\"@type\":\"WebPage\",\"@id\":\"https:\/\/dicodusport.fr\/blog\/handball-le-mondial-masculin-2029-aura-lieu-en-france-et-en-allemagne\/\",\"url\":\"https:\/\/dicodusport.fr\/blog\/handball-le-mondial-masculin-2029-aura-lieu-en-france-et-en-allemagne\/\",\"name\":\"Handball : Le Mondial masculin 2029 aura lieu en France et en Allemagne\",\"isPartOf\":{\"@id\":\"https:\/\/dicodusport.fr\/blog\/#website\"},\"primaryImageOfPage\":{\"@id\":\"https:\/\/dicodusport.fr\/blog\/handball-le-mondial-masculin-2029-aura-lieu-en-france-et-en-allemagne\/#primaryimage\"},\"image\":{\"@id\":\"https:\/\/dicodusport.fr\/blog\/handball-le-mondial-masculin-2029-aura-lieu-en-france-et-en-allemagne\/#primaryimage\"},\"thumbnailUrl\":\"https:\/\/dicodusport.fr\/blog\/wp-content\/uploads\/2024\/04\/Handball-Le-Mondial-masculin-2029-aura-lieu-en-France-et-en-Allemagne.png\",\"datePublished\":\"2024-04-16T12:46:33+00:00\",\"dateModified\":\"2024-04-16T13:30:52+00:00\",\"description\":\"HANDBALL - La France et l'Allemagne unissent leurs forces, pour organiser le Mondial de handball masculin en 2029.\u00a0\",\"breadcrumb\":{\"@id\":\"https:\/\/dicodusport.fr\/blog\/handball-le-mondial-masculin-2029-aura-lieu-en-france-et-en-allemagne\/#breadcrumb\"},\"inLanguage\":\"fr-FR\",\"potentialAction\":[{\"@type\":\"ReadAction\",\"target\":[\"https:\/\/dicodusport.fr\/blog\/handball-le-mondial-masculin-2029-aura-lieu-en-france-et-en-allemagne\/\"]}]},{\"@type\":\"ImageObject\",\"inLanguage\":\"fr-FR\",\"@id\":\"https:\/\/dicodusport.fr\/blog\/handball-le-mondial-masculin-2029-aura-lieu-en-france-et-en-allemagne\/#primaryimage\",\"url\":\"https:\/\/dicodusport.fr\/blog\/wp-content\/uploads\/2024\/04\/Handball-Le-Mondial-masculin-2029-aura-lieu-en-France-et-en-Allemagne.png\",\"contentUrl\":\"https:\/\/dicodusport.fr\/blog\/wp-content\/uploads\/2024\/04\/Handball-Le-Mondial-masculin-2029-aura-lieu-en-France-et-en-Allemagne.png\",\"width\":1200,\"height\":674,\"caption\":\"Handball Le Mondial masculin 2029 aura lieu en France et en Allemagne\"},{\"@type\":\"BreadcrumbList\",\"@id\":\"https:\/\/dicodusport.fr\/blog\/handball-le-mondial-masculin-2029-aura-lieu-en-france-et-en-allemagne\/#breadcrumb\",\"itemListElement\":[{\"@type\":\"ListItem\",\"position\":1,\"name\":\"Accueil\",\"item\":\"https:\/\/dicodusport.fr\/blog\/\"},{\"@type\":\"ListItem\",\"position\":2,\"name\":\"Handball : Le Mondial masculin 2029 aura lieu en France et en Allemagne\"}]},{\"@type\":\"WebSite\",\"@id\":\"https:\/\/dicodusport.fr\/blog\/#website\",\"url\":\"https:\/\/dicodusport.fr\/blog\/\",\"name\":\"Dicodusport\",\"description\":\"L&#039;encyclop\u00e9die de l&#039;actualit\u00e9 sportive\",\"publisher\":{\"@id\":\"https:\/\/dicodusport.fr\/blog\/#organization\"},\"potentialAction\":[{\"@type\":\"SearchAction\",\"target\":{\"@type\":\"EntryPoint\",\"urlTemplate\":\"https:\/\/dicodusport.fr\/blog\/?s={search_term_string}\"},\"query-input\":{\"@type\":\"PropertyValueSpecification\",\"valueRequired\":true,\"valueName\":\"search_term_string\"}}],\"inLanguage\":\"fr-FR\"},{\"@type\":\"NewsMediaOrganization\",\"@id\":\"https:\/\/dicodusport.fr\/blog\/#organization\",\"name\":\"Dicodusport\",\"url\":\"https:\/\/dicodusport.fr\/blog\/\",\"logo\":{\"@type\":\"ImageObject\",\"inLanguage\":\"fr-FR\",\"@id\":\"https:\/\/dicodusport.fr\/blog\/#\/schema\/logo\/image\/\",\"url\":\"https:\/\/dicodusport.fr\/blog\/wp-content\/uploads\/2020\/06\/cropped-LOGO-DICODUSPORT-2020-SANS-FOND-SANS-TEXTE.png\",\"contentUrl\":\"https:\/\/dicodusport.fr\/blog\/wp-content\/uploads\/2020\/06\/cropped-LOGO-DICODUSPORT-2020-SANS-FOND-SANS-TEXTE.png\",\"width\":512,\"height\":512,\"caption\":\"Dicodusport\"},\"image\":{\"@id\":\"https:\/\/dicodusport.fr\/blog\/#\/schema\/logo\/image\/\"},\"sameAs\":[\"https:\/\/www.facebook.com\/dicodusport\",\"https:\/\/x.com\/dicodusport\",\"https:\/\/www.instagram.com\/dicodusport\/\",\"https:\/\/www.youtube.com\/channel\/UC7V2KZ5sd3htJivAbA4ZG3w\"],\"description\":\"Dicodusport est l'encyclop\u00e9die de l'actualit\u00e9 sportive.\",\"email\":\"bonjour@dicodusport.fr\",\"legalName\":\"DICODUSPORT\",\"foundingDate\":\"2018-01-14\",\"vatID\":\"FR71834470973\",\"taxID\":\"83447097300043\",\"numberOfEmployees\":{\"@type\":\"QuantitativeValue\",\"minValue\":\"1\",\"maxValue\":\"10\"}},{\"@type\":\"Person\",\"@id\":\"https:\/\/dicodusport.fr\/blog\/#\/schema\/person\/d603dd7da31fb2b46c82b9835a77ec13\",\"name\":\"Etienne Goursaud\",\"image\":{\"@type\":\"ImageObject\",\"inLanguage\":\"fr-FR\",\"@id\":\"https:\/\/dicodusport.fr\/blog\/#\/schema\/person\/image\/\",\"url\":\"https:\/\/dicodusport.fr\/blog\/wp-content\/uploads\/2023\/12\/410122264_10231602061736049_5565839791558026645_n-150x150.jpg\",\"contentUrl\":\"https:\/\/dicodusport.fr\/blog\/wp-content\/uploads\/2023\/12\/410122264_10231602061736049_5565839791558026645_n-150x150.jpg\",\"caption\":\"Etienne Goursaud\"},\"description\":\"Journaliste et amoureux de sport. Ancien footballeur reconverti athl\u00e8te quand ses muscles le laissent tranquille. \u00c9lev\u00e9 \u00e0 la sauce des exploits de Thomas Voeckler en 2004, du dernier essai de l\u00e9gende de Eunice Barber \u00e0 la longueur lors des championnats du monde d'athl\u00e9tisme de 2003 mais aussi Zidane, Omeyer et Titou Lamaison.\",\"url\":\"https:\/\/dicodusport.fr\/blog\/author\/etienne-goursaud\/\"}]}<\/script>\n<!-- \/ Yoast SEO Premium plugin. -->","yoast_head_json":{"title":"Handball : Le Mondial masculin 2029 aura lieu en France et en Allemagne","description":"HANDBALL - La France et l'Allemagne unissent leurs forces, pour organiser le Mondial de handball masculin en 2029.\u00a0","robots":{"index":"index","follow":"follow","max-snippet":"max-snippet:-1","max-image-preview":"max-image-preview:large","max-video-preview":"max-video-preview:-1"},"canonical":"https:\/\/dicodusport.fr\/blog\/handball-le-mondial-masculin-2029-aura-lieu-en-france-et-en-allemagne\/","og_locale":"fr_FR","og_type":"article","og_title":"Handball : Le Mondial masculin 2029 aura lieu en France et en Allemagne","og_description":"HANDBALL - La France et l'Allemagne unissent leurs forces, pour organiser le Mondial de handball masculin en 2029.\u00a0","og_url":"https:\/\/dicodusport.fr\/blog\/handball-le-mondial-masculin-2029-aura-lieu-en-france-et-en-allemagne\/","og_site_name":"Dicodusport","article_publisher":"https:\/\/www.facebook.com\/dicodusport","article_published_time":"2024-04-16T12:46:33+00:00","article_modified_time":"2024-04-16T13:30:52+00:00","og_image":[{"width":1200,"height":674,"url":"https:\/\/dicodusport.fr\/blog\/wp-content\/uploads\/2024\/04\/Handball-Le-Mondial-masculin-2029-aura-lieu-en-France-et-en-Allemagne.png","type":"image\/png"}],"author":"Etienne Goursaud","twitter_card":"summary_large_image","twitter_title":"Handball : Le Mondial masculin 2029 aura lieu en France et en Allemagne","twitter_creator":"@dicodusport","twitter_site":"@dicodusport","schema":{"@context":"https:\/\/schema.org","@graph":[{"@type":"NewsArticle","@id":"https:\/\/dicodusport.fr\/blog\/handball-le-mondial-masculin-2029-aura-lieu-en-france-et-en-allemagne\/#article","isPartOf":{"@id":"https:\/\/dicodusport.fr\/blog\/handball-le-mondial-masculin-2029-aura-lieu-en-france-et-en-allemagne\/"},"author":{"name":"Etienne Goursaud","@id":"https:\/\/dicodusport.fr\/blog\/#\/schema\/person\/d603dd7da31fb2b46c82b9835a77ec13"},"headline":"Handball : Le Mondial masculin 2029 aura lieu en France et en Allemagne","datePublished":"2024-04-16T12:46:33+00:00","dateModified":"2024-04-16T13:30:52+00:00","mainEntityOfPage":{"@id":"https:\/\/dicodusport.fr\/blog\/handball-le-mondial-masculin-2029-aura-lieu-en-france-et-en-allemagne\/"},"wordCount":420,"commentCount":0,"publisher":{"@id":"https:\/\/dicodusport.fr\/blog\/#organization"},"image":{"@id":"https:\/\/dicodusport.fr\/blog\/handball-le-mondial-masculin-2029-aura-lieu-en-france-et-en-allemagne\/#primaryimage"},"thumbnailUrl":"https:\/\/dicodusport.fr\/blog\/wp-content\/uploads\/2024\/04\/Handball-Le-Mondial-masculin-2029-aura-lieu-en-France-et-en-Allemagne.png","keywords":["br\u00e8ve","championnats du monde de handball","Handball"],"articleSection":["Handball"],"inLanguage":"fr-FR","potentialAction":[{"@type":"CommentAction","name":"Comment","target":["https:\/\/dicodusport.fr\/blog\/handball-le-mondial-masculin-2029-aura-lieu-en-france-et-en-allemagne\/#respond"]}],"copyrightYear":"2024","copyrightHolder":{"@id":"https:\/\/dicodusport.fr\/blog\/#organization"}},{"@type":"WebPage","@id":"https:\/\/dicodusport.fr\/blog\/handball-le-mondial-masculin-2029-aura-lieu-en-france-et-en-allemagne\/","url":"https:\/\/dicodusport.fr\/blog\/handball-le-mondial-masculin-2029-aura-lieu-en-france-et-en-allemagne\/","name":"Handball : Le Mondial masculin 2029 aura lieu en France et en Allemagne","isPartOf":{"@id":"https:\/\/dicodusport.fr\/blog\/#website"},"primaryImageOfPage":{"@id":"https:\/\/dicodusport.fr\/blog\/handball-le-mondial-masculin-2029-aura-lieu-en-france-et-en-allemagne\/#primaryimage"},"image":{"@id":"https:\/\/dicodusport.fr\/blog\/handball-le-mondial-masculin-2029-aura-lieu-en-france-et-en-allemagne\/#primaryimage"},"thumbnailUrl":"https:\/\/dicodusport.fr\/blog\/wp-content\/uploads\/2024\/04\/Handball-Le-Mondial-masculin-2029-aura-lieu-en-France-et-en-Allemagne.png","datePublished":"2024-04-16T12:46:33+00:00","dateModified":"2024-04-16T13:30:52+00:00","description":"HANDBALL - La France et l'Allemagne unissent leurs forces, pour organiser le Mondial de handball masculin en 2029.\u00a0","breadcrumb":{"@id":"https:\/\/dicodusport.fr\/blog\/handball-le-mondial-masculin-2029-aura-lieu-en-france-et-en-allemagne\/#breadcrumb"},"inLanguage":"fr-FR","potentialAction":[{"@type":"ReadAction","target":["https:\/\/dicodusport.fr\/blog\/handball-le-mondial-masculin-2029-aura-lieu-en-france-et-en-allemagne\/"]}]},{"@type":"ImageObject","inLanguage":"fr-FR","@id":"https:\/\/dicodusport.fr\/blog\/handball-le-mondial-masculin-2029-aura-lieu-en-france-et-en-allemagne\/#primaryimage","url":"https:\/\/dicodusport.fr\/blog\/wp-content\/uploads\/2024\/04\/Handball-Le-Mondial-masculin-2029-aura-lieu-en-France-et-en-Allemagne.png","contentUrl":"https:\/\/dicodusport.fr\/blog\/wp-content\/uploads\/2024\/04\/Handball-Le-Mondial-masculin-2029-aura-lieu-en-France-et-en-Allemagne.png","width":1200,"height":674,"caption":"Handball Le Mondial masculin 2029 aura lieu en France et en Allemagne"},{"@type":"BreadcrumbList","@id":"https:\/\/dicodusport.fr\/blog\/handball-le-mondial-masculin-2029-aura-lieu-en-france-et-en-allemagne\/#breadcrumb","itemListElement":[{"@type":"ListItem","position":1,"name":"Accueil","item":"https:\/\/dicodusport.fr\/blog\/"},{"@type":"ListItem","position":2,"name":"Handball : Le Mondial masculin 2029 aura lieu en France et en Allemagne"}]},{"@type":"WebSite","@id":"https:\/\/dicodusport.fr\/blog\/#website","url":"https:\/\/dicodusport.fr\/blog\/","name":"Dicodusport","description":"L&#039;encyclop\u00e9die de l&#039;actualit\u00e9 sportive","publisher":{"@id":"https:\/\/dicodusport.fr\/blog\/#organization"},"potentialAction":[{"@type":"SearchAction","target":{"@type":"EntryPoint","urlTemplate":"https:\/\/dicodusport.fr\/blog\/?s={search_term_string}"},"query-input":{"@type":"PropertyValueSpecification","valueRequired":true,"valueName":"search_term_string"}}],"inLanguage":"fr-FR"},{"@type":"NewsMediaOrganization","@id":"https:\/\/dicodusport.fr\/blog\/#organization","name":"Dicodusport","url":"https:\/\/dicodusport.fr\/blog\/","logo":{"@type":"ImageObject","inLanguage":"fr-FR","@id":"https:\/\/dicodusport.fr\/blog\/#\/schema\/logo\/image\/","url":"https:\/\/dicodusport.fr\/blog\/wp-content\/uploads\/2020\/06\/cropped-LOGO-DICODUSPORT-2020-SANS-FOND-SANS-TEXTE.png","contentUrl":"https:\/\/dicodusport.fr\/blog\/wp-content\/uploads\/2020\/06\/cropped-LOGO-DICODUSPORT-2020-SANS-FOND-SANS-TEXTE.png","width":512,"height":512,"caption":"Dicodusport"},"image":{"@id":"https:\/\/dicodusport.fr\/blog\/#\/schema\/logo\/image\/"},"sameAs":["https:\/\/www.facebook.com\/dicodusport","https:\/\/x.com\/dicodusport","https:\/\/www.instagram.com\/dicodusport\/","https:\/\/www.youtube.com\/channel\/UC7V2KZ5sd3htJivAbA4ZG3w"],"description":"Dicodusport est l'encyclop\u00e9die de l'actualit\u00e9 sportive.","email":"bonjour@dicodusport.fr","legalName":"DICODUSPORT","foundingDate":"2018-01-14","vatID":"FR71834470973","taxID":"83447097300043","numberOfEmployees":{"@type":"QuantitativeValue","minValue":"1","maxValue":"10"}},{"@type":"Person","@id":"https:\/\/dicodusport.fr\/blog\/#\/schema\/person\/d603dd7da31fb2b46c82b9835a77ec13","name":"Etienne Goursaud","image":{"@type":"ImageObject","inLanguage":"fr-FR","@id":"https:\/\/dicodusport.fr\/blog\/#\/schema\/person\/image\/","url":"https:\/\/dicodusport.fr\/blog\/wp-content\/uploads\/2023\/12\/410122264_10231602061736049_5565839791558026645_n-150x150.jpg","contentUrl":"https:\/\/dicodusport.fr\/blog\/wp-content\/uploads\/2023\/12\/410122264_10231602061736049_5565839791558026645_n-150x150.jpg","caption":"Etienne Goursaud"},"description":"Journaliste et amoureux de sport. Ancien footballeur reconverti athl\u00e8te quand ses muscles le laissent tranquille. \u00c9lev\u00e9 \u00e0 la sauce des exploits de Thomas Voeckler en 2004, du dernier essai de l\u00e9gende de Eunice Barber \u00e0 la longueur lors des championnats du monde d'athl\u00e9tisme de 2003 mais aussi Zidane, Omeyer et Titou Lamaison.","url":"https:\/\/dicodusport.fr\/blog\/author\/etienne-goursaud\/"}]}},"_links":{"self":[{"href":"https:\/\/dicodusport.fr\/blog\/wp-json\/wp\/v2\/posts\/479433","targetHints":{"allow":["GET"]}}],"collection":[{"href":"https:\/\/dicodusport.fr\/blog\/wp-json\/wp\/v2\/posts"}],"about":[{"href":"https:\/\/dicodusport.fr\/blog\/wp-json\/wp\/v2\/types\/post"}],"author":[{"embeddable":true,"href":"https:\/\/dicodusport.fr\/blog\/wp-json\/wp\/v2\/users\/83"}],"replies":[{"embeddable":true,"href":"https:\/\/dicodusport.fr\/blog\/wp-json\/wp\/v2\/comments?post=479433"}],"version-history":[{"count":5,"href":"https:\/\/dicodusport.fr\/blog\/wp-json\/wp\/v2\/posts\/479433\/revisions"}],"predecessor-version":[{"id":479453,"href":"https:\/\/dicodusport.fr\/blog\/wp-json\/wp\/v2\/posts\/479433\/revisions\/479453"}],"wp:featuredmedia":[{"embeddable":true,"href":"https:\/\/dicodusport.fr\/blog\/wp-json\/wp\/v2\/media\/479440"}],"wp:attachment":[{"href":"https:\/\/dicodusport.fr\/blog\/wp-json\/wp\/v2\/media?parent=479433"}],"wp:term":[{"taxonomy":"category","embeddable":true,"href":"https:\/\/dicodusport.fr\/blog\/wp-json\/wp\/v2\/categories?post=479433"},{"taxonomy":"post_tag","embeddable":true,"href":"https:\/\/dicodusport.fr\/blog\/wp-json\/wp\/v2\/tags?post=479433"}],"curies":[{"name":"wp","href":"https:\/\/api.w.org\/{rel}","templated":true}]}}