{"id":479466,"date":"2024-04-16T16:29:19","date_gmt":"2024-04-16T14:29:19","guid":{"rendered":"https:\/\/dicodusport.fr\/blog\/?p=479466&#038;preview=true&#038;preview_id=479466"},"modified":"2024-04-16T18:26:11","modified_gmt":"2024-04-16T16:26:11","slug":"la-fleche-wallonne-2024-les-engages","status":"publish","type":"post","link":"https:\/\/dicodusport.fr\/blog\/la-fleche-wallonne-2024-les-engages\/","title":{"rendered":"La Fl\u00e8che Wallonne 2024 : Les engag\u00e9s"},"content":{"rendered":"<p style=\"text-align: justify;\"><strong><em><a href=\"https:\/\/dicodusport.fr\/blog\/actualites\/cyclisme\/cyclisme-sur-route-2024\/\">CYCLISME SUR ROUTE 2024<\/a> &#8211; La Fl\u00e8che Wallonne 2024 aura lieu le mercredi 17 avril. D\u00e9couvrez la liste des engag\u00e9s pour l&rsquo;\u00e9preuve belge.<\/em><\/strong><\/p>\n<ul style=\"text-align: justify;\">\n<li style=\"text-align: justify;\"><strong>\u00c0 ce sujet &#8211; <a href=\"https:\/\/dicodusport.fr\/blog\/la-fleche-wallonne-2024-parcours-complet-et-profil\/\" target=\"_blank\" rel=\"noopener\">La Fl\u00e8che Wallonne 2024\u00a0: Parcours d\u00e9taill\u00e9 et profil<\/a><br \/>\n<\/strong><\/li>\n<\/ul>\n<p style=\"text-align: justify;\">Qui pour succ\u00e9der \u00e0 <strong>Tadej Pogacar<\/strong> (UAE Team Emirates), vainqueur de l&rsquo;\u00e9dition 2023 de La Fl\u00e8che Wallonne ? Si le Slov\u00e8ne sera bien au d\u00e9part de Li\u00e8ge-Bastogne-Li\u00e8ge dimanche, il a d\u00e9cid\u00e9 de faire l&rsquo;impasse sur cette course. Son \u00e9quipe aura tout de m\u00eame de belles cartes \u00e0 jouer, avec notamment un ancien vainqueur au d\u00e9part, <strong>Marc<\/strong> <strong>Hirschi<\/strong>.<\/p>\n<p style=\"text-align: justify;\"><strong>Juan<\/strong> <strong>Ayuso<\/strong> (UAE Team Emirates), qui a montr\u00e9 ses limites actuelles sur l&rsquo;Amstel Gold Race dimanche, est aussi attendu. <strong>Mattias Skjelmose<\/strong> (Lidl &#8211; Trek), deuxi\u00e8me en 2023, sera lui bien au d\u00e9part et tentera de remporter pour la premi\u00e8re fois cette \u00e9preuve. <strong>Beno\u00eet<\/strong> <strong>Cosnefroy<\/strong> (Decathlon AG2R La Mondiale), deuxi\u00e8me en 2020, est aussi align\u00e9.<\/p>\n<div class=\"nwVKo\" style=\"text-align: justify;\">\n<div class=\"loJjTe\"><strong>Tom<\/strong> <strong>Pidcock<\/strong> (INEOS Grenadiers), vainqueur de l&rsquo;Amstel Gold Race dimanche, sera un des grands favoris ce mercredi. Parmi les autres coureurs \u00e0 suivre, on peut citer <strong>Pello<\/strong> <strong>Bilbao<\/strong> (Bahrain Victorious), <strong>Aleksandr<\/strong> <strong>Vlasov<\/strong> (Bora &#8211; Hansgrohe) ou encore le Fran\u00e7ais <strong>Axel<\/strong> <strong>Laurance<\/strong> (Alpecin Deceuninck).<\/div>\n<\/div>\n<ul>\n<li><strong>\u00c0 ce sujet &#8211; <a href=\"https:\/\/dicodusport.fr\/blog\/la-fleche-wallonne-2024-les-favoris-et-outsiders\/\">La Fl\u00e8che Wallonne 2024 : Les favoris et outsiders<\/a><\/strong><\/li>\n<\/ul>\n<h2 style=\"text-align: justify;\">Les engag\u00e9s de La Fl\u00e8che Wallonne 2024<\/h2>\n<p style=\"text-align: justify;\"><a href=\"https:\/\/dicodusport.fr\/blog\/wp-content\/uploads\/2024\/04\/Engages-Fleche-Wallonne.pdf\" class=\"pdfemb-viewer\" style=\"\" data-width=\"max\" data-height=\"max\"  data-toolbar=\"both\" data-toolbar-fixed=\"on\">Engage\u0301s Fle\u0300che Wallonne<br\/><\/a>\n","protected":false},"excerpt":{"rendered":"<p>CYCLISME SUR ROUTE 2024 &#8211; La Fl\u00e8che Wallonne 2024 aura lieu le mercredi 17 avril. D\u00e9couvrez la liste des engag\u00e9s pour l&rsquo;\u00e9preuve belge.<\/p>\n","protected":false},"author":1,"featured_media":479469,"comment_status":"open","ping_status":"closed","sticky":false,"template":"","format":"standard","meta":{"_acf_changed":false,"_daextam_enable_autolinks":"1","footnotes":""},"categories":[46994],"tags":[16878,574,7706],"class_list":["post-479466","post","type-post","status-publish","format-standard","has-post-thumbnail","hentry","category-cyclisme-sur-route","tag-breve","tag-cyclisme","tag-la-fleche-wallonne"],"acf":[],"yoast_head":"<!-- This site is optimized with the Yoast SEO Premium plugin v26.7 (Yoast SEO v26.7) - https:\/\/yoast.com\/wordpress\/plugins\/seo\/ -->\n<title>La Fl\u00e8che Wallonne 2024 : Les engag\u00e9s<\/title>\n<meta name=\"description\" content=\"CYCLISME SUR ROUTE 2024 - La Fl\u00e8che Wallonne 2024 aura lieu le mercredi 17 avril. D\u00e9couvrez la liste des engag\u00e9s pour l&#039;\u00e9preuve belge.\" \/>\n<meta name=\"robots\" content=\"index, follow, max-snippet:-1, max-image-preview:large, max-video-preview:-1\" \/>\n<link rel=\"canonical\" href=\"https:\/\/dicodusport.fr\/blog\/la-fleche-wallonne-2024-les-engages\/\" \/>\n<meta property=\"og:locale\" content=\"fr_FR\" \/>\n<meta property=\"og:type\" content=\"article\" \/>\n<meta property=\"og:title\" content=\"La Fl\u00e8che Wallonne 2024 : Les engag\u00e9s\" \/>\n<meta property=\"og:description\" content=\"CYCLISME SUR ROUTE 2024 - La Fl\u00e8che Wallonne 2024 aura lieu le mercredi 17 avril. D\u00e9couvrez la liste des engag\u00e9s pour l&#039;\u00e9preuve belge.\" \/>\n<meta property=\"og:url\" content=\"https:\/\/dicodusport.fr\/blog\/la-fleche-wallonne-2024-les-engages\/\" \/>\n<meta property=\"og:site_name\" content=\"Dicodusport\" \/>\n<meta property=\"article:publisher\" content=\"https:\/\/www.facebook.com\/dicodusport\" \/>\n<meta property=\"article:author\" content=\"https:\/\/www.facebook.com\/dicodusport\" \/>\n<meta property=\"article:published_time\" content=\"2024-04-16T14:29:19+00:00\" \/>\n<meta property=\"article:modified_time\" content=\"2024-04-16T16:26:11+00:00\" \/>\n<meta property=\"og:image\" content=\"https:\/\/dicodusport.fr\/blog\/wp-content\/uploads\/2024\/04\/La-Fleche-Wallonne-2024-Les-engages.png\" \/>\n\t<meta property=\"og:image:width\" content=\"1200\" \/>\n\t<meta property=\"og:image:height\" content=\"674\" \/>\n\t<meta property=\"og:image:type\" content=\"image\/png\" \/>\n<meta name=\"author\" content=\"Nicolas Jacquemard\" \/>\n<meta name=\"twitter:card\" content=\"summary_large_image\" \/>\n<meta name=\"twitter:title\" content=\"La Fl\u00e8che Wallonne 2024 : Les engag\u00e9s\" \/>\n<meta name=\"twitter:creator\" content=\"@https:\/\/twitter.com\/Nico_Jacquemard\" \/>\n<meta name=\"twitter:site\" content=\"@dicodusport\" \/>\n<script type=\"application\/ld+json\" class=\"yoast-schema-graph\">{\"@context\":\"https:\/\/schema.org\",\"@graph\":[{\"@type\":\"NewsArticle\",\"@id\":\"https:\/\/dicodusport.fr\/blog\/la-fleche-wallonne-2024-les-engages\/#article\",\"isPartOf\":{\"@id\":\"https:\/\/dicodusport.fr\/blog\/la-fleche-wallonne-2024-les-engages\/\"},\"author\":{\"name\":\"Nicolas Jacquemard\",\"@id\":\"https:\/\/dicodusport.fr\/blog\/#\/schema\/person\/55dcb50ad410894e431ed812bbb70191\"},\"headline\":\"La Fl\u00e8che Wallonne 2024 : Les engag\u00e9s\",\"datePublished\":\"2024-04-16T14:29:19+00:00\",\"dateModified\":\"2024-04-16T16:26:11+00:00\",\"mainEntityOfPage\":{\"@id\":\"https:\/\/dicodusport.fr\/blog\/la-fleche-wallonne-2024-les-engages\/\"},\"wordCount\":245,\"commentCount\":0,\"publisher\":{\"@id\":\"https:\/\/dicodusport.fr\/blog\/#organization\"},\"image\":{\"@id\":\"https:\/\/dicodusport.fr\/blog\/la-fleche-wallonne-2024-les-engages\/#primaryimage\"},\"thumbnailUrl\":\"https:\/\/dicodusport.fr\/blog\/wp-content\/uploads\/2024\/04\/La-Fleche-Wallonne-2024-Les-engages.png\",\"keywords\":[\"br\u00e8ve\",\"Cyclisme\",\"La Fl\u00e8che Wallonne\"],\"articleSection\":[\"Cyclisme sur route\"],\"inLanguage\":\"fr-FR\",\"potentialAction\":[{\"@type\":\"CommentAction\",\"name\":\"Comment\",\"target\":[\"https:\/\/dicodusport.fr\/blog\/la-fleche-wallonne-2024-les-engages\/#respond\"]}],\"copyrightYear\":\"2024\",\"copyrightHolder\":{\"@id\":\"https:\/\/dicodusport.fr\/blog\/#organization\"}},{\"@type\":\"WebPage\",\"@id\":\"https:\/\/dicodusport.fr\/blog\/la-fleche-wallonne-2024-les-engages\/\",\"url\":\"https:\/\/dicodusport.fr\/blog\/la-fleche-wallonne-2024-les-engages\/\",\"name\":\"La Fl\u00e8che Wallonne 2024 : Les engag\u00e9s\",\"isPartOf\":{\"@id\":\"https:\/\/dicodusport.fr\/blog\/#website\"},\"primaryImageOfPage\":{\"@id\":\"https:\/\/dicodusport.fr\/blog\/la-fleche-wallonne-2024-les-engages\/#primaryimage\"},\"image\":{\"@id\":\"https:\/\/dicodusport.fr\/blog\/la-fleche-wallonne-2024-les-engages\/#primaryimage\"},\"thumbnailUrl\":\"https:\/\/dicodusport.fr\/blog\/wp-content\/uploads\/2024\/04\/La-Fleche-Wallonne-2024-Les-engages.png\",\"datePublished\":\"2024-04-16T14:29:19+00:00\",\"dateModified\":\"2024-04-16T16:26:11+00:00\",\"description\":\"CYCLISME SUR ROUTE 2024 - La Fl\u00e8che Wallonne 2024 aura lieu le mercredi 17 avril. D\u00e9couvrez la liste des engag\u00e9s pour l'\u00e9preuve belge.\",\"breadcrumb\":{\"@id\":\"https:\/\/dicodusport.fr\/blog\/la-fleche-wallonne-2024-les-engages\/#breadcrumb\"},\"inLanguage\":\"fr-FR\",\"potentialAction\":[{\"@type\":\"ReadAction\",\"target\":[\"https:\/\/dicodusport.fr\/blog\/la-fleche-wallonne-2024-les-engages\/\"]}]},{\"@type\":\"ImageObject\",\"inLanguage\":\"fr-FR\",\"@id\":\"https:\/\/dicodusport.fr\/blog\/la-fleche-wallonne-2024-les-engages\/#primaryimage\",\"url\":\"https:\/\/dicodusport.fr\/blog\/wp-content\/uploads\/2024\/04\/La-Fleche-Wallonne-2024-Les-engages.png\",\"contentUrl\":\"https:\/\/dicodusport.fr\/blog\/wp-content\/uploads\/2024\/04\/La-Fleche-Wallonne-2024-Les-engages.png\",\"width\":1200,\"height\":674},{\"@type\":\"BreadcrumbList\",\"@id\":\"https:\/\/dicodusport.fr\/blog\/la-fleche-wallonne-2024-les-engages\/#breadcrumb\",\"itemListElement\":[{\"@type\":\"ListItem\",\"position\":1,\"name\":\"Accueil\",\"item\":\"https:\/\/dicodusport.fr\/blog\/\"},{\"@type\":\"ListItem\",\"position\":2,\"name\":\"La Fl\u00e8che Wallonne 2024 : Les engag\u00e9s\"}]},{\"@type\":\"WebSite\",\"@id\":\"https:\/\/dicodusport.fr\/blog\/#website\",\"url\":\"https:\/\/dicodusport.fr\/blog\/\",\"name\":\"Dicodusport\",\"description\":\"L&#039;encyclop\u00e9die de l&#039;actualit\u00e9 sportive\",\"publisher\":{\"@id\":\"https:\/\/dicodusport.fr\/blog\/#organization\"},\"potentialAction\":[{\"@type\":\"SearchAction\",\"target\":{\"@type\":\"EntryPoint\",\"urlTemplate\":\"https:\/\/dicodusport.fr\/blog\/?s={search_term_string}\"},\"query-input\":{\"@type\":\"PropertyValueSpecification\",\"valueRequired\":true,\"valueName\":\"search_term_string\"}}],\"inLanguage\":\"fr-FR\"},{\"@type\":\"NewsMediaOrganization\",\"@id\":\"https:\/\/dicodusport.fr\/blog\/#organization\",\"name\":\"Dicodusport\",\"url\":\"https:\/\/dicodusport.fr\/blog\/\",\"logo\":{\"@type\":\"ImageObject\",\"inLanguage\":\"fr-FR\",\"@id\":\"https:\/\/dicodusport.fr\/blog\/#\/schema\/logo\/image\/\",\"url\":\"https:\/\/dicodusport.fr\/blog\/wp-content\/uploads\/2020\/06\/cropped-LOGO-DICODUSPORT-2020-SANS-FOND-SANS-TEXTE.png\",\"contentUrl\":\"https:\/\/dicodusport.fr\/blog\/wp-content\/uploads\/2020\/06\/cropped-LOGO-DICODUSPORT-2020-SANS-FOND-SANS-TEXTE.png\",\"width\":512,\"height\":512,\"caption\":\"Dicodusport\"},\"image\":{\"@id\":\"https:\/\/dicodusport.fr\/blog\/#\/schema\/logo\/image\/\"},\"sameAs\":[\"https:\/\/www.facebook.com\/dicodusport\",\"https:\/\/x.com\/dicodusport\",\"https:\/\/www.instagram.com\/dicodusport\/\",\"https:\/\/www.youtube.com\/channel\/UC7V2KZ5sd3htJivAbA4ZG3w\"],\"description\":\"Dicodusport est l'encyclop\u00e9die de l'actualit\u00e9 sportive.\",\"email\":\"bonjour@dicodusport.fr\",\"legalName\":\"DICODUSPORT\",\"foundingDate\":\"2018-01-14\",\"vatID\":\"FR71834470973\",\"taxID\":\"83447097300043\",\"numberOfEmployees\":{\"@type\":\"QuantitativeValue\",\"minValue\":\"1\",\"maxValue\":\"10\"}},{\"@type\":\"Person\",\"@id\":\"https:\/\/dicodusport.fr\/blog\/#\/schema\/person\/55dcb50ad410894e431ed812bbb70191\",\"name\":\"Nicolas Jacquemard\",\"image\":{\"@type\":\"ImageObject\",\"inLanguage\":\"fr-FR\",\"@id\":\"https:\/\/dicodusport.fr\/blog\/#\/schema\/person\/image\/\",\"url\":\"https:\/\/dicodusport.fr\/blog\/wp-content\/uploads\/2021\/05\/Nicolas-Jacquemard-150x150.jpeg\",\"contentUrl\":\"https:\/\/dicodusport.fr\/blog\/wp-content\/uploads\/2021\/05\/Nicolas-Jacquemard-150x150.jpeg\",\"caption\":\"Nicolas Jacquemard\"},\"description\":\"Passionn\u00e9 de sport et entrepreneur depuis mes 18 ans, la cr\u00e9ation de Dicodusport m'a sembl\u00e9 \u00e9vidente pour participer \u00e0 la m\u00e9diatisation d'un plus grand nombre de sports. Le chemin est long mais avec une \u00e9quipe des plus motiv\u00e9es et les Jeux Olympiques de Paris 2024 en point de mire, nous y arriverons ! Journaliste dans le monde du sport depuis plus de 5 ans, je traite aussi bien de football, de rugby, de biathlon que de cyclisme.\",\"sameAs\":[\"https:\/\/www.facebook.com\/dicodusport\",\"https:\/\/x.com\/https:\/\/twitter.com\/Nico_Jacquemard\"],\"url\":\"https:\/\/dicodusport.fr\/blog\/author\/dicodusport\/\"}]}<\/script>\n<!-- \/ Yoast SEO Premium plugin. -->","yoast_head_json":{"title":"La Fl\u00e8che Wallonne 2024 : Les engag\u00e9s","description":"CYCLISME SUR ROUTE 2024 - La Fl\u00e8che Wallonne 2024 aura lieu le mercredi 17 avril. D\u00e9couvrez la liste des engag\u00e9s pour l'\u00e9preuve belge.","robots":{"index":"index","follow":"follow","max-snippet":"max-snippet:-1","max-image-preview":"max-image-preview:large","max-video-preview":"max-video-preview:-1"},"canonical":"https:\/\/dicodusport.fr\/blog\/la-fleche-wallonne-2024-les-engages\/","og_locale":"fr_FR","og_type":"article","og_title":"La Fl\u00e8che Wallonne 2024 : Les engag\u00e9s","og_description":"CYCLISME SUR ROUTE 2024 - La Fl\u00e8che Wallonne 2024 aura lieu le mercredi 17 avril. D\u00e9couvrez la liste des engag\u00e9s pour l'\u00e9preuve belge.","og_url":"https:\/\/dicodusport.fr\/blog\/la-fleche-wallonne-2024-les-engages\/","og_site_name":"Dicodusport","article_publisher":"https:\/\/www.facebook.com\/dicodusport","article_author":"https:\/\/www.facebook.com\/dicodusport","article_published_time":"2024-04-16T14:29:19+00:00","article_modified_time":"2024-04-16T16:26:11+00:00","og_image":[{"width":1200,"height":674,"url":"https:\/\/dicodusport.fr\/blog\/wp-content\/uploads\/2024\/04\/La-Fleche-Wallonne-2024-Les-engages.png","type":"image\/png"}],"author":"Nicolas Jacquemard","twitter_card":"summary_large_image","twitter_title":"La Fl\u00e8che Wallonne 2024 : Les engag\u00e9s","twitter_creator":"@https:\/\/twitter.com\/Nico_Jacquemard","twitter_site":"@dicodusport","schema":{"@context":"https:\/\/schema.org","@graph":[{"@type":"NewsArticle","@id":"https:\/\/dicodusport.fr\/blog\/la-fleche-wallonne-2024-les-engages\/#article","isPartOf":{"@id":"https:\/\/dicodusport.fr\/blog\/la-fleche-wallonne-2024-les-engages\/"},"author":{"name":"Nicolas Jacquemard","@id":"https:\/\/dicodusport.fr\/blog\/#\/schema\/person\/55dcb50ad410894e431ed812bbb70191"},"headline":"La Fl\u00e8che Wallonne 2024 : Les engag\u00e9s","datePublished":"2024-04-16T14:29:19+00:00","dateModified":"2024-04-16T16:26:11+00:00","mainEntityOfPage":{"@id":"https:\/\/dicodusport.fr\/blog\/la-fleche-wallonne-2024-les-engages\/"},"wordCount":245,"commentCount":0,"publisher":{"@id":"https:\/\/dicodusport.fr\/blog\/#organization"},"image":{"@id":"https:\/\/dicodusport.fr\/blog\/la-fleche-wallonne-2024-les-engages\/#primaryimage"},"thumbnailUrl":"https:\/\/dicodusport.fr\/blog\/wp-content\/uploads\/2024\/04\/La-Fleche-Wallonne-2024-Les-engages.png","keywords":["br\u00e8ve","Cyclisme","La Fl\u00e8che Wallonne"],"articleSection":["Cyclisme sur route"],"inLanguage":"fr-FR","potentialAction":[{"@type":"CommentAction","name":"Comment","target":["https:\/\/dicodusport.fr\/blog\/la-fleche-wallonne-2024-les-engages\/#respond"]}],"copyrightYear":"2024","copyrightHolder":{"@id":"https:\/\/dicodusport.fr\/blog\/#organization"}},{"@type":"WebPage","@id":"https:\/\/dicodusport.fr\/blog\/la-fleche-wallonne-2024-les-engages\/","url":"https:\/\/dicodusport.fr\/blog\/la-fleche-wallonne-2024-les-engages\/","name":"La Fl\u00e8che Wallonne 2024 : Les engag\u00e9s","isPartOf":{"@id":"https:\/\/dicodusport.fr\/blog\/#website"},"primaryImageOfPage":{"@id":"https:\/\/dicodusport.fr\/blog\/la-fleche-wallonne-2024-les-engages\/#primaryimage"},"image":{"@id":"https:\/\/dicodusport.fr\/blog\/la-fleche-wallonne-2024-les-engages\/#primaryimage"},"thumbnailUrl":"https:\/\/dicodusport.fr\/blog\/wp-content\/uploads\/2024\/04\/La-Fleche-Wallonne-2024-Les-engages.png","datePublished":"2024-04-16T14:29:19+00:00","dateModified":"2024-04-16T16:26:11+00:00","description":"CYCLISME SUR ROUTE 2024 - La Fl\u00e8che Wallonne 2024 aura lieu le mercredi 17 avril. D\u00e9couvrez la liste des engag\u00e9s pour l'\u00e9preuve belge.","breadcrumb":{"@id":"https:\/\/dicodusport.fr\/blog\/la-fleche-wallonne-2024-les-engages\/#breadcrumb"},"inLanguage":"fr-FR","potentialAction":[{"@type":"ReadAction","target":["https:\/\/dicodusport.fr\/blog\/la-fleche-wallonne-2024-les-engages\/"]}]},{"@type":"ImageObject","inLanguage":"fr-FR","@id":"https:\/\/dicodusport.fr\/blog\/la-fleche-wallonne-2024-les-engages\/#primaryimage","url":"https:\/\/dicodusport.fr\/blog\/wp-content\/uploads\/2024\/04\/La-Fleche-Wallonne-2024-Les-engages.png","contentUrl":"https:\/\/dicodusport.fr\/blog\/wp-content\/uploads\/2024\/04\/La-Fleche-Wallonne-2024-Les-engages.png","width":1200,"height":674},{"@type":"BreadcrumbList","@id":"https:\/\/dicodusport.fr\/blog\/la-fleche-wallonne-2024-les-engages\/#breadcrumb","itemListElement":[{"@type":"ListItem","position":1,"name":"Accueil","item":"https:\/\/dicodusport.fr\/blog\/"},{"@type":"ListItem","position":2,"name":"La Fl\u00e8che Wallonne 2024 : Les engag\u00e9s"}]},{"@type":"WebSite","@id":"https:\/\/dicodusport.fr\/blog\/#website","url":"https:\/\/dicodusport.fr\/blog\/","name":"Dicodusport","description":"L&#039;encyclop\u00e9die de l&#039;actualit\u00e9 sportive","publisher":{"@id":"https:\/\/dicodusport.fr\/blog\/#organization"},"potentialAction":[{"@type":"SearchAction","target":{"@type":"EntryPoint","urlTemplate":"https:\/\/dicodusport.fr\/blog\/?s={search_term_string}"},"query-input":{"@type":"PropertyValueSpecification","valueRequired":true,"valueName":"search_term_string"}}],"inLanguage":"fr-FR"},{"@type":"NewsMediaOrganization","@id":"https:\/\/dicodusport.fr\/blog\/#organization","name":"Dicodusport","url":"https:\/\/dicodusport.fr\/blog\/","logo":{"@type":"ImageObject","inLanguage":"fr-FR","@id":"https:\/\/dicodusport.fr\/blog\/#\/schema\/logo\/image\/","url":"https:\/\/dicodusport.fr\/blog\/wp-content\/uploads\/2020\/06\/cropped-LOGO-DICODUSPORT-2020-SANS-FOND-SANS-TEXTE.png","contentUrl":"https:\/\/dicodusport.fr\/blog\/wp-content\/uploads\/2020\/06\/cropped-LOGO-DICODUSPORT-2020-SANS-FOND-SANS-TEXTE.png","width":512,"height":512,"caption":"Dicodusport"},"image":{"@id":"https:\/\/dicodusport.fr\/blog\/#\/schema\/logo\/image\/"},"sameAs":["https:\/\/www.facebook.com\/dicodusport","https:\/\/x.com\/dicodusport","https:\/\/www.instagram.com\/dicodusport\/","https:\/\/www.youtube.com\/channel\/UC7V2KZ5sd3htJivAbA4ZG3w"],"description":"Dicodusport est l'encyclop\u00e9die de l'actualit\u00e9 sportive.","email":"bonjour@dicodusport.fr","legalName":"DICODUSPORT","foundingDate":"2018-01-14","vatID":"FR71834470973","taxID":"83447097300043","numberOfEmployees":{"@type":"QuantitativeValue","minValue":"1","maxValue":"10"}},{"@type":"Person","@id":"https:\/\/dicodusport.fr\/blog\/#\/schema\/person\/55dcb50ad410894e431ed812bbb70191","name":"Nicolas Jacquemard","image":{"@type":"ImageObject","inLanguage":"fr-FR","@id":"https:\/\/dicodusport.fr\/blog\/#\/schema\/person\/image\/","url":"https:\/\/dicodusport.fr\/blog\/wp-content\/uploads\/2021\/05\/Nicolas-Jacquemard-150x150.jpeg","contentUrl":"https:\/\/dicodusport.fr\/blog\/wp-content\/uploads\/2021\/05\/Nicolas-Jacquemard-150x150.jpeg","caption":"Nicolas Jacquemard"},"description":"Passionn\u00e9 de sport et entrepreneur depuis mes 18 ans, la cr\u00e9ation de Dicodusport m'a sembl\u00e9 \u00e9vidente pour participer \u00e0 la m\u00e9diatisation d'un plus grand nombre de sports. Le chemin est long mais avec une \u00e9quipe des plus motiv\u00e9es et les Jeux Olympiques de Paris 2024 en point de mire, nous y arriverons ! Journaliste dans le monde du sport depuis plus de 5 ans, je traite aussi bien de football, de rugby, de biathlon que de cyclisme.","sameAs":["https:\/\/www.facebook.com\/dicodusport","https:\/\/x.com\/https:\/\/twitter.com\/Nico_Jacquemard"],"url":"https:\/\/dicodusport.fr\/blog\/author\/dicodusport\/"}]}},"_links":{"self":[{"href":"https:\/\/dicodusport.fr\/blog\/wp-json\/wp\/v2\/posts\/479466","targetHints":{"allow":["GET"]}}],"collection":[{"href":"https:\/\/dicodusport.fr\/blog\/wp-json\/wp\/v2\/posts"}],"about":[{"href":"https:\/\/dicodusport.fr\/blog\/wp-json\/wp\/v2\/types\/post"}],"author":[{"embeddable":true,"href":"https:\/\/dicodusport.fr\/blog\/wp-json\/wp\/v2\/users\/1"}],"replies":[{"embeddable":true,"href":"https:\/\/dicodusport.fr\/blog\/wp-json\/wp\/v2\/comments?post=479466"}],"version-history":[{"count":4,"href":"https:\/\/dicodusport.fr\/blog\/wp-json\/wp\/v2\/posts\/479466\/revisions"}],"predecessor-version":[{"id":479513,"href":"https:\/\/dicodusport.fr\/blog\/wp-json\/wp\/v2\/posts\/479466\/revisions\/479513"}],"wp:featuredmedia":[{"embeddable":true,"href":"https:\/\/dicodusport.fr\/blog\/wp-json\/wp\/v2\/media\/479469"}],"wp:attachment":[{"href":"https:\/\/dicodusport.fr\/blog\/wp-json\/wp\/v2\/media?parent=479466"}],"wp:term":[{"taxonomy":"category","embeddable":true,"href":"https:\/\/dicodusport.fr\/blog\/wp-json\/wp\/v2\/categories?post=479466"},{"taxonomy":"post_tag","embeddable":true,"href":"https:\/\/dicodusport.fr\/blog\/wp-json\/wp\/v2\/tags?post=479466"}],"curies":[{"name":"wp","href":"https:\/\/api.w.org\/{rel}","templated":true}]}}