{"id":479937,"date":"2024-04-19T15:24:17","date_gmt":"2024-04-19T13:24:17","guid":{"rendered":"https:\/\/dicodusport.fr\/blog\/?p=479937&#038;preview=true&#038;preview_id=479937"},"modified":"2024-04-19T18:59:17","modified_gmt":"2024-04-19T16:59:17","slug":"tour-des-alpes-2024-la-5eme-etape-pour-aurelien-paret-peintre-le-general-pour-juan-pedro-lopez","status":"publish","type":"post","link":"https:\/\/dicodusport.fr\/blog\/tour-des-alpes-2024-la-5eme-etape-pour-aurelien-paret-peintre-le-general-pour-juan-pedro-lopez\/","title":{"rendered":"Tour des Alpes 2024 : La 5\u00e8me \u00e9tape pour Aur\u00e9lien Paret-Peintre, le g\u00e9n\u00e9ral pour Juan Pedro Lopez"},"content":{"rendered":"<p style=\"text-align: justify;\"><em><b>TOUR DES ALPES 2024 &#8211; Dans une derni\u00e8re \u00e9tape o\u00f9 aucun coureur n&rsquo;est parvenu \u00e0 faire la diff\u00e9rence dans les deux cols au programme, la victoire est finalement revenue \u00e0 Aur\u00e9lien Paret-Peintre. L&rsquo;Espagnol Juan Pedro Lopez remporte quant \u00e0 lui sa premi\u00e8re course par \u00e9tapes.<\/b><\/em><\/p>\n<ul>\n<li style=\"text-align: justify;\"><strong>\u00c0 ce sujet \u2013\u00a0<a href=\"https:\/\/dicodusport.fr\/blog\/tour-des-alpes-2024-classement-5eme-etape\/\">Tour des Alpes 2024 \u2013 Classement de la 5\u00e8me \u00e9tape<\/a><\/strong><\/li>\n<li style=\"text-align: justify;\"><strong>\u00c0 ce sujet \u2013\u00a0<a href=\"https:\/\/dicodusport.fr\/blog\/tour-des-alpes-2024-classement-general\/\">Tour des Alpes 2024 \u2013 Classement g\u00e9n\u00e9ral<\/a><\/strong><\/li>\n<\/ul>\n<p style=\"text-align: justify;\">Sur les 118 cyclistes pr\u00e9sents lundi, lors du lancement de ce 47e Tour des Alpes, seuls 99 \u00e9taient au d\u00e9part, vendredi, pour cette ultime \u00e9tape. Qui pour succ\u00e9der \u00e0 <strong>Tao Geoghegan Hart<\/strong> victorieux en 2023 ? <strong>Juan Pedro Lopez<\/strong> (Lidl-Trek), vainqueur sur la troisi\u00e8me \u00e9tape &#8211; sa premi\u00e8re victoire en pro &#8211; faisait figure de favori alors que <strong>Ben O&rsquo;Connor<\/strong> (Decathlon AG2R La Mondiale) \u00e9tait en embuscade \u00e0 38 secondes. Il restait alors 118 kilom\u00e8tres et la double ascension de la mont\u00e9e vers Pal\u00f9 del Fersina (12,5 km \u00e0 6,2%) avant de conna\u00eetre le vainqueur final.<\/p>\n<p style=\"text-align: justify;\">Les 50 premiers kilom\u00e8tres de plat n&rsquo;ont pas permis \u00e0 une \u00e9chapp\u00e9e de se former malgr\u00e9 les tentatives, en vain donc. Il faut finalement attendre la mi-pente de la premi\u00e8re mont\u00e9e vers Pal\u00f9 del Fersina pour que les premi\u00e8res diff\u00e9rences se fassent r\u00e9ellement : trois hommes parviennent ainsi \u00e0 s&rsquo;isoler \u00e0 l&rsquo;avant. On retrouve ainsi <strong>Geraint Thomas<\/strong> (Ineos Grenadiers), <strong>Giulio Pellizzari<\/strong> (VF Group &#8211; Bardiani CSF &#8211; Faizan\u00e8) et <strong>Hugh Carty<\/strong> (EF Education &#8211; EasyPost). Les trois hommes passent ainsi au sommet avec une trentaine de secondes d&rsquo;avances sur un peloton d\u00e9j\u00e0 bien \u00e9cr\u00e9m\u00e9 puisqu&rsquo;on n&rsquo;y retrouve qu&rsquo;une grosse trentaine de coureurs. Les trois fuyards ne font pas long feu pour autant puisqu&rsquo;ils sont repris d\u00e8s le pied de la deuxi\u00e8me mont\u00e9e, leur avance n&rsquo;ayant fait que diminuer au gr\u00e9 de la longue descente s\u00e9parant les deux ascensions.<\/p>\n<h2 style=\"text-align: justify;\">Des tentatives, mais pas de diff\u00e9rence<\/h2>\n<p style=\"text-align: justify;\">Tout l&rsquo;enjeu donc pour les leaders en embuscade \u00e9tait d&rsquo;isoler <strong>Juan Pedro Lopez<\/strong>, encore accompagn\u00e9 par deux \u00e9quipiers. Pourtant, ce sont <strong>Amanuel Ghebreigzabhier<\/strong> et <strong>Carlos Verona<\/strong> qui impriment le rythme en t\u00eate de peloton, afin de d\u00e9fendre le maillot de l&rsquo;Espagnol. C&rsquo;est finalement <strong>Antonio Tiberi<\/strong> (Bahrain &#8211; Victorious), troisi\u00e8me du g\u00e9n\u00e9ral, qui lance les hostilit\u00e9s \u00e0 six kilom\u00e8tres du sommet. S&rsquo;il rentre dans le rang quelques kilom\u00e8tres plus tard, son \u00e9quipier <strong>Wouter Poels<\/strong> intensifie la pression sur <strong>Juan Pedro Lopez<\/strong> en initiant une nouvelle attaque, obligeant Decathlon AG2R La Mondiale \u00e0 rouler \u00e0 la poursuite du N\u00e9erlandais.<\/p>\n<p style=\"text-align: justify;\">Quatri\u00e8me du g\u00e9n\u00e9ral, dans le m\u00eame temps que <strong>Tiberi, Poels<\/strong> voit finalement le peloton revenir sur lui \u00e0 15 kilom\u00e8tres de l&rsquo;arriv\u00e9e. La derni\u00e8re tentative franche intervient \u00e0 sept kilom\u00e8tres de l&rsquo;arriv\u00e9e dans le Valico di Tenna (2km \u00e0 6,2%). <strong>Romain Bardet<\/strong> et<strong> Ben O&rsquo;Connor<\/strong> attaquent d\u00e8s le pied, imm\u00e9diatement suivis par <strong>Tiberi<\/strong> et&#8230; <strong>Lopez<\/strong>. L&rsquo;Espagnol valide ainsi sa premi\u00e8re victoire sur une course par \u00e9tapes. Finalement, l&rsquo;Australien explose compl\u00e8tement, mais le peloton se reforme en raison de la d\u00e9sorganisation \u00e0 l&rsquo;avant. Au terme d&rsquo;un sprint d&rsquo;une quinzaine de coureurs, <strong>Aur\u00e9lien Paret-Peintre<\/strong> remporte sa quatri\u00e8me victoire en pro et offre \u00e0 Decathlon AG2R La Mondiale son dixi\u00e8me bouquet de la saison. Son fr\u00e8re <strong>Valentin<\/strong> termine troisi\u00e8me de l&rsquo;\u00e9tape, derri\u00e8re <strong>Antonio Tiberi<\/strong>. Au g\u00e9n\u00e9ral, <strong>Ben O&rsquo;Connor<\/strong> et <strong>Tiberi<\/strong> donc, compl\u00e8tent le podium.<\/p>\n<blockquote class=\"twitter-tweet\">\n<p dir=\"ltr\" lang=\"fr\">Aur\u00e9lien Paret-Peintre remporte la derni\u00e8re \u00e9tape du Tour des Alpes, Valentin Paret-Peintre, son fr\u00e8re, prend la 3e place ! <a href=\"https:\/\/twitter.com\/hashtag\/lequipeVELO?src=hash&amp;ref_src=twsrc%5Etfw\">#lequipeVELO<\/a> <a href=\"https:\/\/t.co\/2XyrglU1K1\">pic.twitter.com\/2XyrglU1K1<\/a><\/p>\n<p>\u2014 la chaine L&rsquo;\u00c9quipe (@lachainelequipe) <a href=\"https:\/\/twitter.com\/lachainelequipe\/status\/1781312428963242214?ref_src=twsrc%5Etfw\">April 19, 2024<\/a><\/p><\/blockquote>\n<p><script async src=\"https:\/\/platform.twitter.com\/widgets.js\" charset=\"utf-8\"><\/script><\/p>\n","protected":false},"excerpt":{"rendered":"<p>TOUR DES ALPES 2024 &#8211; Aur\u00e9lien Paret-Peintre s&rsquo;est impos\u00e9 sur la cinqui\u00e8me et derni\u00e8re \u00e9tape. Juan Pedro Lopez remporte le g\u00e9n\u00e9ral.<\/p>\n","protected":false},"author":91,"featured_media":480059,"comment_status":"open","ping_status":"closed","sticky":false,"template":"","format":"standard","meta":{"_acf_changed":false,"_daextam_enable_autolinks":"1","footnotes":""},"categories":[46994],"tags":[14045,16878,574,7669],"class_list":["post-479937","post","type-post","status-publish","format-standard","has-post-thumbnail","hentry","category-cyclisme-sur-route","tag-aurelien-paret-peintre","tag-breve","tag-cyclisme","tag-tour-des-alpes"],"acf":[],"yoast_head":"<!-- This site is optimized with the Yoast SEO Premium plugin v26.7 (Yoast SEO v26.7) - https:\/\/yoast.com\/wordpress\/plugins\/seo\/ -->\n<title>Tour des Alpes 2024 : La 5\u00e8me \u00e9tape pour Aur\u00e9lien Paret-Peintre, le g\u00e9n\u00e9ral pour Juan Pedro Lopez<\/title>\n<meta name=\"description\" content=\"TOUR DES ALPES 2024 - Aur\u00e9lien Paret-Peintre s&#039;est impos\u00e9 sur la cinqui\u00e8me et derni\u00e8re \u00e9tape. Juan Pedro Lopez remporte le g\u00e9n\u00e9ral.\" \/>\n<meta name=\"robots\" content=\"index, follow, max-snippet:-1, max-image-preview:large, max-video-preview:-1\" \/>\n<link rel=\"canonical\" href=\"https:\/\/dicodusport.fr\/blog\/tour-des-alpes-2024-la-5eme-etape-pour-aurelien-paret-peintre-le-general-pour-juan-pedro-lopez\/\" \/>\n<meta property=\"og:locale\" content=\"fr_FR\" \/>\n<meta property=\"og:type\" content=\"article\" \/>\n<meta property=\"og:title\" content=\"Tour des Alpes 2024 : La 5\u00e8me \u00e9tape pour Aur\u00e9lien Paret-Peintre, le g\u00e9n\u00e9ral pour Juan Pedro Lopez\" \/>\n<meta property=\"og:description\" content=\"TOUR DES ALPES 2024 - Aur\u00e9lien Paret-Peintre s&#039;est impos\u00e9 sur la cinqui\u00e8me et derni\u00e8re \u00e9tape. Juan Pedro Lopez remporte le g\u00e9n\u00e9ral.\" \/>\n<meta property=\"og:url\" content=\"https:\/\/dicodusport.fr\/blog\/tour-des-alpes-2024-la-5eme-etape-pour-aurelien-paret-peintre-le-general-pour-juan-pedro-lopez\/\" \/>\n<meta property=\"og:site_name\" content=\"Dicodusport\" \/>\n<meta property=\"article:publisher\" content=\"https:\/\/www.facebook.com\/dicodusport\" \/>\n<meta property=\"article:published_time\" content=\"2024-04-19T13:24:17+00:00\" \/>\n<meta property=\"article:modified_time\" content=\"2024-04-19T16:59:17+00:00\" \/>\n<meta property=\"og:image\" content=\"https:\/\/dicodusport.fr\/blog\/wp-content\/uploads\/2024\/04\/Tour-des-Alpes-2024-La-5eme-etape-pour-Aurelien-Paret-Peintre-le-general-pour-Juan-Pedro-Lopez-1.png\" \/>\n\t<meta property=\"og:image:width\" content=\"1200\" \/>\n\t<meta property=\"og:image:height\" content=\"674\" \/>\n\t<meta property=\"og:image:type\" content=\"image\/png\" \/>\n<meta name=\"author\" content=\"Victor Clot-Amiot\" \/>\n<meta name=\"twitter:card\" content=\"summary_large_image\" \/>\n<meta name=\"twitter:title\" content=\"Tour des Alpes 2024 : La 5\u00e8me \u00e9tape pour Aur\u00e9lien Paret-Peintre, le g\u00e9n\u00e9ral pour Juan Pedro Lopez\" \/>\n<meta name=\"twitter:creator\" content=\"@https:\/\/x.com\/VictorClotAmiot\" \/>\n<meta name=\"twitter:site\" content=\"@dicodusport\" \/>\n<script type=\"application\/ld+json\" class=\"yoast-schema-graph\">{\"@context\":\"https:\/\/schema.org\",\"@graph\":[{\"@type\":\"NewsArticle\",\"@id\":\"https:\/\/dicodusport.fr\/blog\/tour-des-alpes-2024-la-5eme-etape-pour-aurelien-paret-peintre-le-general-pour-juan-pedro-lopez\/#article\",\"isPartOf\":{\"@id\":\"https:\/\/dicodusport.fr\/blog\/tour-des-alpes-2024-la-5eme-etape-pour-aurelien-paret-peintre-le-general-pour-juan-pedro-lopez\/\"},\"author\":{\"name\":\"Victor Clot-Amiot\",\"@id\":\"https:\/\/dicodusport.fr\/blog\/#\/schema\/person\/b623199cba9ba90fe84a3d16e9282360\"},\"headline\":\"Tour des Alpes 2024 : La 5\u00e8me \u00e9tape pour Aur\u00e9lien Paret-Peintre, le g\u00e9n\u00e9ral pour Juan Pedro Lopez\",\"datePublished\":\"2024-04-19T13:24:17+00:00\",\"dateModified\":\"2024-04-19T16:59:17+00:00\",\"mainEntityOfPage\":{\"@id\":\"https:\/\/dicodusport.fr\/blog\/tour-des-alpes-2024-la-5eme-etape-pour-aurelien-paret-peintre-le-general-pour-juan-pedro-lopez\/\"},\"wordCount\":641,\"commentCount\":0,\"publisher\":{\"@id\":\"https:\/\/dicodusport.fr\/blog\/#organization\"},\"image\":{\"@id\":\"https:\/\/dicodusport.fr\/blog\/tour-des-alpes-2024-la-5eme-etape-pour-aurelien-paret-peintre-le-general-pour-juan-pedro-lopez\/#primaryimage\"},\"thumbnailUrl\":\"https:\/\/dicodusport.fr\/blog\/wp-content\/uploads\/2024\/04\/Tour-des-Alpes-2024-La-5eme-etape-pour-Aurelien-Paret-Peintre-le-general-pour-Juan-Pedro-Lopez-1.png\",\"keywords\":[\"Aur\u00e9lien Paret-Peintre\",\"br\u00e8ve\",\"Cyclisme\",\"Tour des Alpes\"],\"articleSection\":[\"Cyclisme sur route\"],\"inLanguage\":\"fr-FR\",\"potentialAction\":[{\"@type\":\"CommentAction\",\"name\":\"Comment\",\"target\":[\"https:\/\/dicodusport.fr\/blog\/tour-des-alpes-2024-la-5eme-etape-pour-aurelien-paret-peintre-le-general-pour-juan-pedro-lopez\/#respond\"]}],\"copyrightYear\":\"2024\",\"copyrightHolder\":{\"@id\":\"https:\/\/dicodusport.fr\/blog\/#organization\"}},{\"@type\":\"WebPage\",\"@id\":\"https:\/\/dicodusport.fr\/blog\/tour-des-alpes-2024-la-5eme-etape-pour-aurelien-paret-peintre-le-general-pour-juan-pedro-lopez\/\",\"url\":\"https:\/\/dicodusport.fr\/blog\/tour-des-alpes-2024-la-5eme-etape-pour-aurelien-paret-peintre-le-general-pour-juan-pedro-lopez\/\",\"name\":\"Tour des Alpes 2024 : La 5\u00e8me \u00e9tape pour Aur\u00e9lien Paret-Peintre, le g\u00e9n\u00e9ral pour Juan Pedro Lopez\",\"isPartOf\":{\"@id\":\"https:\/\/dicodusport.fr\/blog\/#website\"},\"primaryImageOfPage\":{\"@id\":\"https:\/\/dicodusport.fr\/blog\/tour-des-alpes-2024-la-5eme-etape-pour-aurelien-paret-peintre-le-general-pour-juan-pedro-lopez\/#primaryimage\"},\"image\":{\"@id\":\"https:\/\/dicodusport.fr\/blog\/tour-des-alpes-2024-la-5eme-etape-pour-aurelien-paret-peintre-le-general-pour-juan-pedro-lopez\/#primaryimage\"},\"thumbnailUrl\":\"https:\/\/dicodusport.fr\/blog\/wp-content\/uploads\/2024\/04\/Tour-des-Alpes-2024-La-5eme-etape-pour-Aurelien-Paret-Peintre-le-general-pour-Juan-Pedro-Lopez-1.png\",\"datePublished\":\"2024-04-19T13:24:17+00:00\",\"dateModified\":\"2024-04-19T16:59:17+00:00\",\"description\":\"TOUR DES ALPES 2024 - Aur\u00e9lien Paret-Peintre s'est impos\u00e9 sur la cinqui\u00e8me et derni\u00e8re \u00e9tape. Juan Pedro Lopez remporte le g\u00e9n\u00e9ral.\",\"breadcrumb\":{\"@id\":\"https:\/\/dicodusport.fr\/blog\/tour-des-alpes-2024-la-5eme-etape-pour-aurelien-paret-peintre-le-general-pour-juan-pedro-lopez\/#breadcrumb\"},\"inLanguage\":\"fr-FR\",\"potentialAction\":[{\"@type\":\"ReadAction\",\"target\":[\"https:\/\/dicodusport.fr\/blog\/tour-des-alpes-2024-la-5eme-etape-pour-aurelien-paret-peintre-le-general-pour-juan-pedro-lopez\/\"]}]},{\"@type\":\"ImageObject\",\"inLanguage\":\"fr-FR\",\"@id\":\"https:\/\/dicodusport.fr\/blog\/tour-des-alpes-2024-la-5eme-etape-pour-aurelien-paret-peintre-le-general-pour-juan-pedro-lopez\/#primaryimage\",\"url\":\"https:\/\/dicodusport.fr\/blog\/wp-content\/uploads\/2024\/04\/Tour-des-Alpes-2024-La-5eme-etape-pour-Aurelien-Paret-Peintre-le-general-pour-Juan-Pedro-Lopez-1.png\",\"contentUrl\":\"https:\/\/dicodusport.fr\/blog\/wp-content\/uploads\/2024\/04\/Tour-des-Alpes-2024-La-5eme-etape-pour-Aurelien-Paret-Peintre-le-general-pour-Juan-Pedro-Lopez-1.png\",\"width\":1200,\"height\":674,\"caption\":\"Tour des Alpes 2024 La 5\u00e8me \u00e9tape pour Aur\u00e9lien Paret-Peintre, le g\u00e9n\u00e9ral pour Juan Pedro Lopez (1)\"},{\"@type\":\"BreadcrumbList\",\"@id\":\"https:\/\/dicodusport.fr\/blog\/tour-des-alpes-2024-la-5eme-etape-pour-aurelien-paret-peintre-le-general-pour-juan-pedro-lopez\/#breadcrumb\",\"itemListElement\":[{\"@type\":\"ListItem\",\"position\":1,\"name\":\"Accueil\",\"item\":\"https:\/\/dicodusport.fr\/blog\/\"},{\"@type\":\"ListItem\",\"position\":2,\"name\":\"Tour des Alpes 2024 : La 5\u00e8me \u00e9tape pour Aur\u00e9lien Paret-Peintre, le g\u00e9n\u00e9ral pour Juan Pedro Lopez\"}]},{\"@type\":\"WebSite\",\"@id\":\"https:\/\/dicodusport.fr\/blog\/#website\",\"url\":\"https:\/\/dicodusport.fr\/blog\/\",\"name\":\"Dicodusport\",\"description\":\"L&#039;encyclop\u00e9die de l&#039;actualit\u00e9 sportive\",\"publisher\":{\"@id\":\"https:\/\/dicodusport.fr\/blog\/#organization\"},\"potentialAction\":[{\"@type\":\"SearchAction\",\"target\":{\"@type\":\"EntryPoint\",\"urlTemplate\":\"https:\/\/dicodusport.fr\/blog\/?s={search_term_string}\"},\"query-input\":{\"@type\":\"PropertyValueSpecification\",\"valueRequired\":true,\"valueName\":\"search_term_string\"}}],\"inLanguage\":\"fr-FR\"},{\"@type\":\"NewsMediaOrganization\",\"@id\":\"https:\/\/dicodusport.fr\/blog\/#organization\",\"name\":\"Dicodusport\",\"url\":\"https:\/\/dicodusport.fr\/blog\/\",\"logo\":{\"@type\":\"ImageObject\",\"inLanguage\":\"fr-FR\",\"@id\":\"https:\/\/dicodusport.fr\/blog\/#\/schema\/logo\/image\/\",\"url\":\"https:\/\/dicodusport.fr\/blog\/wp-content\/uploads\/2020\/06\/cropped-LOGO-DICODUSPORT-2020-SANS-FOND-SANS-TEXTE.png\",\"contentUrl\":\"https:\/\/dicodusport.fr\/blog\/wp-content\/uploads\/2020\/06\/cropped-LOGO-DICODUSPORT-2020-SANS-FOND-SANS-TEXTE.png\",\"width\":512,\"height\":512,\"caption\":\"Dicodusport\"},\"image\":{\"@id\":\"https:\/\/dicodusport.fr\/blog\/#\/schema\/logo\/image\/\"},\"sameAs\":[\"https:\/\/www.facebook.com\/dicodusport\",\"https:\/\/x.com\/dicodusport\",\"https:\/\/www.instagram.com\/dicodusport\/\",\"https:\/\/www.youtube.com\/channel\/UC7V2KZ5sd3htJivAbA4ZG3w\"],\"description\":\"Dicodusport est l'encyclop\u00e9die de l'actualit\u00e9 sportive.\",\"email\":\"bonjour@dicodusport.fr\",\"legalName\":\"DICODUSPORT\",\"foundingDate\":\"2018-01-14\",\"vatID\":\"FR71834470973\",\"taxID\":\"83447097300043\",\"numberOfEmployees\":{\"@type\":\"QuantitativeValue\",\"minValue\":\"1\",\"maxValue\":\"10\"}},{\"@type\":\"Person\",\"@id\":\"https:\/\/dicodusport.fr\/blog\/#\/schema\/person\/b623199cba9ba90fe84a3d16e9282360\",\"name\":\"Victor Clot-Amiot\",\"image\":{\"@type\":\"ImageObject\",\"inLanguage\":\"fr-FR\",\"@id\":\"https:\/\/dicodusport.fr\/blog\/#\/schema\/person\/image\/\",\"url\":\"https:\/\/dicodusport.fr\/blog\/wp-content\/uploads\/2023\/09\/IMG_20190826_114722-150x150.jpg\",\"contentUrl\":\"https:\/\/dicodusport.fr\/blog\/wp-content\/uploads\/2023\/09\/IMG_20190826_114722-150x150.jpg\",\"caption\":\"Victor Clot-Amiot\"},\"description\":\"Passionn\u00e9 de sport depuis toujours, un jour \u00e0 l'adolescence mes parents m'ont dit : \\\"quitte \u00e0 passer ton temps \u00e0 regarder du sport, au moins va le voir en vrai\\\" ! Depuis, cette remarque ne m'a plus quitt\u00e9 et je passe une grande partie de mon temps libre \u00e0 assister \u00e0 des comp\u00e9titions de tous sports. Je m\u00eale d'ailleurs mes deux passions, le sport et les voyages afin de faire une pierre deux coups ! Outre l'US Open ou l'Euro 2021 par exemple, j'ai assist\u00e9 cet \u00e9t\u00e9 aux Mondiaux d'athl\u00e9tisme \u00e0 Budapest. Mon plus gros coup dur est et restera les JO 2020-2021 pour lesquels j'avais r\u00e9serv\u00e9 17 \u00e9preuves. La suite, vous la connaissez...\",\"sameAs\":[\"https:\/\/x.com\/https:\/\/x.com\/VictorClotAmiot\"],\"url\":\"https:\/\/dicodusport.fr\/blog\/author\/victor-clot-amiot\/\"}]}<\/script>\n<!-- \/ Yoast SEO Premium plugin. -->","yoast_head_json":{"title":"Tour des Alpes 2024 : La 5\u00e8me \u00e9tape pour Aur\u00e9lien Paret-Peintre, le g\u00e9n\u00e9ral pour Juan Pedro Lopez","description":"TOUR DES ALPES 2024 - Aur\u00e9lien Paret-Peintre s'est impos\u00e9 sur la cinqui\u00e8me et derni\u00e8re \u00e9tape. Juan Pedro Lopez remporte le g\u00e9n\u00e9ral.","robots":{"index":"index","follow":"follow","max-snippet":"max-snippet:-1","max-image-preview":"max-image-preview:large","max-video-preview":"max-video-preview:-1"},"canonical":"https:\/\/dicodusport.fr\/blog\/tour-des-alpes-2024-la-5eme-etape-pour-aurelien-paret-peintre-le-general-pour-juan-pedro-lopez\/","og_locale":"fr_FR","og_type":"article","og_title":"Tour des Alpes 2024 : La 5\u00e8me \u00e9tape pour Aur\u00e9lien Paret-Peintre, le g\u00e9n\u00e9ral pour Juan Pedro Lopez","og_description":"TOUR DES ALPES 2024 - Aur\u00e9lien Paret-Peintre s'est impos\u00e9 sur la cinqui\u00e8me et derni\u00e8re \u00e9tape. Juan Pedro Lopez remporte le g\u00e9n\u00e9ral.","og_url":"https:\/\/dicodusport.fr\/blog\/tour-des-alpes-2024-la-5eme-etape-pour-aurelien-paret-peintre-le-general-pour-juan-pedro-lopez\/","og_site_name":"Dicodusport","article_publisher":"https:\/\/www.facebook.com\/dicodusport","article_published_time":"2024-04-19T13:24:17+00:00","article_modified_time":"2024-04-19T16:59:17+00:00","og_image":[{"width":1200,"height":674,"url":"https:\/\/dicodusport.fr\/blog\/wp-content\/uploads\/2024\/04\/Tour-des-Alpes-2024-La-5eme-etape-pour-Aurelien-Paret-Peintre-le-general-pour-Juan-Pedro-Lopez-1.png","type":"image\/png"}],"author":"Victor Clot-Amiot","twitter_card":"summary_large_image","twitter_title":"Tour des Alpes 2024 : La 5\u00e8me \u00e9tape pour Aur\u00e9lien Paret-Peintre, le g\u00e9n\u00e9ral pour Juan Pedro Lopez","twitter_creator":"@https:\/\/x.com\/VictorClotAmiot","twitter_site":"@dicodusport","schema":{"@context":"https:\/\/schema.org","@graph":[{"@type":"NewsArticle","@id":"https:\/\/dicodusport.fr\/blog\/tour-des-alpes-2024-la-5eme-etape-pour-aurelien-paret-peintre-le-general-pour-juan-pedro-lopez\/#article","isPartOf":{"@id":"https:\/\/dicodusport.fr\/blog\/tour-des-alpes-2024-la-5eme-etape-pour-aurelien-paret-peintre-le-general-pour-juan-pedro-lopez\/"},"author":{"name":"Victor Clot-Amiot","@id":"https:\/\/dicodusport.fr\/blog\/#\/schema\/person\/b623199cba9ba90fe84a3d16e9282360"},"headline":"Tour des Alpes 2024 : La 5\u00e8me \u00e9tape pour Aur\u00e9lien Paret-Peintre, le g\u00e9n\u00e9ral pour Juan Pedro Lopez","datePublished":"2024-04-19T13:24:17+00:00","dateModified":"2024-04-19T16:59:17+00:00","mainEntityOfPage":{"@id":"https:\/\/dicodusport.fr\/blog\/tour-des-alpes-2024-la-5eme-etape-pour-aurelien-paret-peintre-le-general-pour-juan-pedro-lopez\/"},"wordCount":641,"commentCount":0,"publisher":{"@id":"https:\/\/dicodusport.fr\/blog\/#organization"},"image":{"@id":"https:\/\/dicodusport.fr\/blog\/tour-des-alpes-2024-la-5eme-etape-pour-aurelien-paret-peintre-le-general-pour-juan-pedro-lopez\/#primaryimage"},"thumbnailUrl":"https:\/\/dicodusport.fr\/blog\/wp-content\/uploads\/2024\/04\/Tour-des-Alpes-2024-La-5eme-etape-pour-Aurelien-Paret-Peintre-le-general-pour-Juan-Pedro-Lopez-1.png","keywords":["Aur\u00e9lien Paret-Peintre","br\u00e8ve","Cyclisme","Tour des Alpes"],"articleSection":["Cyclisme sur route"],"inLanguage":"fr-FR","potentialAction":[{"@type":"CommentAction","name":"Comment","target":["https:\/\/dicodusport.fr\/blog\/tour-des-alpes-2024-la-5eme-etape-pour-aurelien-paret-peintre-le-general-pour-juan-pedro-lopez\/#respond"]}],"copyrightYear":"2024","copyrightHolder":{"@id":"https:\/\/dicodusport.fr\/blog\/#organization"}},{"@type":"WebPage","@id":"https:\/\/dicodusport.fr\/blog\/tour-des-alpes-2024-la-5eme-etape-pour-aurelien-paret-peintre-le-general-pour-juan-pedro-lopez\/","url":"https:\/\/dicodusport.fr\/blog\/tour-des-alpes-2024-la-5eme-etape-pour-aurelien-paret-peintre-le-general-pour-juan-pedro-lopez\/","name":"Tour des Alpes 2024 : La 5\u00e8me \u00e9tape pour Aur\u00e9lien Paret-Peintre, le g\u00e9n\u00e9ral pour Juan Pedro Lopez","isPartOf":{"@id":"https:\/\/dicodusport.fr\/blog\/#website"},"primaryImageOfPage":{"@id":"https:\/\/dicodusport.fr\/blog\/tour-des-alpes-2024-la-5eme-etape-pour-aurelien-paret-peintre-le-general-pour-juan-pedro-lopez\/#primaryimage"},"image":{"@id":"https:\/\/dicodusport.fr\/blog\/tour-des-alpes-2024-la-5eme-etape-pour-aurelien-paret-peintre-le-general-pour-juan-pedro-lopez\/#primaryimage"},"thumbnailUrl":"https:\/\/dicodusport.fr\/blog\/wp-content\/uploads\/2024\/04\/Tour-des-Alpes-2024-La-5eme-etape-pour-Aurelien-Paret-Peintre-le-general-pour-Juan-Pedro-Lopez-1.png","datePublished":"2024-04-19T13:24:17+00:00","dateModified":"2024-04-19T16:59:17+00:00","description":"TOUR DES ALPES 2024 - Aur\u00e9lien Paret-Peintre s'est impos\u00e9 sur la cinqui\u00e8me et derni\u00e8re \u00e9tape. Juan Pedro Lopez remporte le g\u00e9n\u00e9ral.","breadcrumb":{"@id":"https:\/\/dicodusport.fr\/blog\/tour-des-alpes-2024-la-5eme-etape-pour-aurelien-paret-peintre-le-general-pour-juan-pedro-lopez\/#breadcrumb"},"inLanguage":"fr-FR","potentialAction":[{"@type":"ReadAction","target":["https:\/\/dicodusport.fr\/blog\/tour-des-alpes-2024-la-5eme-etape-pour-aurelien-paret-peintre-le-general-pour-juan-pedro-lopez\/"]}]},{"@type":"ImageObject","inLanguage":"fr-FR","@id":"https:\/\/dicodusport.fr\/blog\/tour-des-alpes-2024-la-5eme-etape-pour-aurelien-paret-peintre-le-general-pour-juan-pedro-lopez\/#primaryimage","url":"https:\/\/dicodusport.fr\/blog\/wp-content\/uploads\/2024\/04\/Tour-des-Alpes-2024-La-5eme-etape-pour-Aurelien-Paret-Peintre-le-general-pour-Juan-Pedro-Lopez-1.png","contentUrl":"https:\/\/dicodusport.fr\/blog\/wp-content\/uploads\/2024\/04\/Tour-des-Alpes-2024-La-5eme-etape-pour-Aurelien-Paret-Peintre-le-general-pour-Juan-Pedro-Lopez-1.png","width":1200,"height":674,"caption":"Tour des Alpes 2024 La 5\u00e8me \u00e9tape pour Aur\u00e9lien Paret-Peintre, le g\u00e9n\u00e9ral pour Juan Pedro Lopez (1)"},{"@type":"BreadcrumbList","@id":"https:\/\/dicodusport.fr\/blog\/tour-des-alpes-2024-la-5eme-etape-pour-aurelien-paret-peintre-le-general-pour-juan-pedro-lopez\/#breadcrumb","itemListElement":[{"@type":"ListItem","position":1,"name":"Accueil","item":"https:\/\/dicodusport.fr\/blog\/"},{"@type":"ListItem","position":2,"name":"Tour des Alpes 2024 : La 5\u00e8me \u00e9tape pour Aur\u00e9lien Paret-Peintre, le g\u00e9n\u00e9ral pour Juan Pedro Lopez"}]},{"@type":"WebSite","@id":"https:\/\/dicodusport.fr\/blog\/#website","url":"https:\/\/dicodusport.fr\/blog\/","name":"Dicodusport","description":"L&#039;encyclop\u00e9die de l&#039;actualit\u00e9 sportive","publisher":{"@id":"https:\/\/dicodusport.fr\/blog\/#organization"},"potentialAction":[{"@type":"SearchAction","target":{"@type":"EntryPoint","urlTemplate":"https:\/\/dicodusport.fr\/blog\/?s={search_term_string}"},"query-input":{"@type":"PropertyValueSpecification","valueRequired":true,"valueName":"search_term_string"}}],"inLanguage":"fr-FR"},{"@type":"NewsMediaOrganization","@id":"https:\/\/dicodusport.fr\/blog\/#organization","name":"Dicodusport","url":"https:\/\/dicodusport.fr\/blog\/","logo":{"@type":"ImageObject","inLanguage":"fr-FR","@id":"https:\/\/dicodusport.fr\/blog\/#\/schema\/logo\/image\/","url":"https:\/\/dicodusport.fr\/blog\/wp-content\/uploads\/2020\/06\/cropped-LOGO-DICODUSPORT-2020-SANS-FOND-SANS-TEXTE.png","contentUrl":"https:\/\/dicodusport.fr\/blog\/wp-content\/uploads\/2020\/06\/cropped-LOGO-DICODUSPORT-2020-SANS-FOND-SANS-TEXTE.png","width":512,"height":512,"caption":"Dicodusport"},"image":{"@id":"https:\/\/dicodusport.fr\/blog\/#\/schema\/logo\/image\/"},"sameAs":["https:\/\/www.facebook.com\/dicodusport","https:\/\/x.com\/dicodusport","https:\/\/www.instagram.com\/dicodusport\/","https:\/\/www.youtube.com\/channel\/UC7V2KZ5sd3htJivAbA4ZG3w"],"description":"Dicodusport est l'encyclop\u00e9die de l'actualit\u00e9 sportive.","email":"bonjour@dicodusport.fr","legalName":"DICODUSPORT","foundingDate":"2018-01-14","vatID":"FR71834470973","taxID":"83447097300043","numberOfEmployees":{"@type":"QuantitativeValue","minValue":"1","maxValue":"10"}},{"@type":"Person","@id":"https:\/\/dicodusport.fr\/blog\/#\/schema\/person\/b623199cba9ba90fe84a3d16e9282360","name":"Victor Clot-Amiot","image":{"@type":"ImageObject","inLanguage":"fr-FR","@id":"https:\/\/dicodusport.fr\/blog\/#\/schema\/person\/image\/","url":"https:\/\/dicodusport.fr\/blog\/wp-content\/uploads\/2023\/09\/IMG_20190826_114722-150x150.jpg","contentUrl":"https:\/\/dicodusport.fr\/blog\/wp-content\/uploads\/2023\/09\/IMG_20190826_114722-150x150.jpg","caption":"Victor Clot-Amiot"},"description":"Passionn\u00e9 de sport depuis toujours, un jour \u00e0 l'adolescence mes parents m'ont dit : \"quitte \u00e0 passer ton temps \u00e0 regarder du sport, au moins va le voir en vrai\" ! Depuis, cette remarque ne m'a plus quitt\u00e9 et je passe une grande partie de mon temps libre \u00e0 assister \u00e0 des comp\u00e9titions de tous sports. Je m\u00eale d'ailleurs mes deux passions, le sport et les voyages afin de faire une pierre deux coups ! Outre l'US Open ou l'Euro 2021 par exemple, j'ai assist\u00e9 cet \u00e9t\u00e9 aux Mondiaux d'athl\u00e9tisme \u00e0 Budapest. Mon plus gros coup dur est et restera les JO 2020-2021 pour lesquels j'avais r\u00e9serv\u00e9 17 \u00e9preuves. La suite, vous la connaissez...","sameAs":["https:\/\/x.com\/https:\/\/x.com\/VictorClotAmiot"],"url":"https:\/\/dicodusport.fr\/blog\/author\/victor-clot-amiot\/"}]}},"_links":{"self":[{"href":"https:\/\/dicodusport.fr\/blog\/wp-json\/wp\/v2\/posts\/479937","targetHints":{"allow":["GET"]}}],"collection":[{"href":"https:\/\/dicodusport.fr\/blog\/wp-json\/wp\/v2\/posts"}],"about":[{"href":"https:\/\/dicodusport.fr\/blog\/wp-json\/wp\/v2\/types\/post"}],"author":[{"embeddable":true,"href":"https:\/\/dicodusport.fr\/blog\/wp-json\/wp\/v2\/users\/91"}],"replies":[{"embeddable":true,"href":"https:\/\/dicodusport.fr\/blog\/wp-json\/wp\/v2\/comments?post=479937"}],"version-history":[{"count":5,"href":"https:\/\/dicodusport.fr\/blog\/wp-json\/wp\/v2\/posts\/479937\/revisions"}],"predecessor-version":[{"id":480014,"href":"https:\/\/dicodusport.fr\/blog\/wp-json\/wp\/v2\/posts\/479937\/revisions\/480014"}],"wp:featuredmedia":[{"embeddable":true,"href":"https:\/\/dicodusport.fr\/blog\/wp-json\/wp\/v2\/media\/480059"}],"wp:attachment":[{"href":"https:\/\/dicodusport.fr\/blog\/wp-json\/wp\/v2\/media?parent=479937"}],"wp:term":[{"taxonomy":"category","embeddable":true,"href":"https:\/\/dicodusport.fr\/blog\/wp-json\/wp\/v2\/categories?post=479937"},{"taxonomy":"post_tag","embeddable":true,"href":"https:\/\/dicodusport.fr\/blog\/wp-json\/wp\/v2\/tags?post=479937"}],"curies":[{"name":"wp","href":"https:\/\/api.w.org\/{rel}","templated":true}]}}