{"id":480626,"date":"2024-04-21T16:29:55","date_gmt":"2024-04-21T14:29:55","guid":{"rendered":"https:\/\/dicodusport.fr\/blog\/?p=480626&#038;preview=true&#038;preview_id=480626"},"modified":"2024-04-21T18:03:22","modified_gmt":"2024-04-21T16:03:22","slug":"liege-bastogne-liege-2024-le-nouveau-numero-de-tadej-pogacar","status":"publish","type":"post","link":"https:\/\/dicodusport.fr\/blog\/liege-bastogne-liege-2024-le-nouveau-numero-de-tadej-pogacar\/","title":{"rendered":"Li\u00e8ge-Bastogne-Li\u00e8ge 2024 : Le nouveau num\u00e9ro de Tadej Pogacar"},"content":{"rendered":"<p style=\"text-align: justify;\"><em><strong>LI\u00c8GE-BASTOGNE-LI\u00c8GE 2024 \u2013 Tadej Pogacar (UAE Team Emirates) s&rsquo;est impos\u00e9 en solitaire sur la 110\u00e8me \u00e9dition Li\u00e8ge-Bastogne-Li\u00e8ge, dimanche. C&rsquo;est son deuxi\u00e8me succ\u00e8s sur La Doyenne apr\u00e8s 2021 et son sixi\u00e8me Monument en carri\u00e8re.\u00a0<\/strong><\/em><\/p>\n<ul style=\"text-align: justify;\">\n<li style=\"text-align: justify;\"><strong>\u00c0 ce sujet &#8211; <a href=\"https:\/\/dicodusport.fr\/blog\/classement-liege-bastogne-liege-2024\/\">Classement de Li\u00e8ge-Bastogne-Li\u00e8ge 2024<\/a><\/strong><\/li>\n<\/ul>\n<p style=\"text-align: justify;\">D&rsquo;abord, d\u00e8s les premiers kilom\u00e8tres de course, <strong>Gil Gelders<\/strong> (Soudal-Quick Step), <strong>R\u00e9my Rochas<\/strong> (Groupama-FDJ), <strong>Enzo Leijnse<\/strong> (Team DSM-Firmenich PostNL), <strong>Christian Scaroni<\/strong> (Astana Qazaqstan), <strong>Lilian Calmejane<\/strong> (Intermarch\u00e9-Wanty), <strong>Ivan Romeo<\/strong> (Movistar), <strong>Fabien Doubey, Paul Ourselin<\/strong> (TotalEnergies) et <strong>Lo\u00efc Vliegen<\/strong> (Bingoal WB) ont form\u00e9 l&rsquo;\u00e9chapp\u00e9e matinale. Ces attaquants ont eu jusqu&rsquo;\u00e0 4 minutes 30 d&rsquo;avance sur un peloton emmen\u00e9 par l&rsquo;\u00e9quipe UAE Team Emirates.<\/p>\n<h2 style=\"text-align: justify;\">Frayeur pour van der Poel, Pidcock et Gr\u00e9goire<\/h2>\n<p style=\"text-align: justify;\">Puis, les formations Bahrain-Victorious, Dsm-Firmenich PostNL, Israel Premier Tech et INEOS Grenadiers se sont port\u00e9es \u00e0 l\u2019avant du peloton. \u00c0 moins de 100 kilom\u00e8tres de l&rsquo;arriv\u00e9e, une chute massive a scind\u00e9 le peloton en plusieurs morceaux \u00e0 cause d\u2019un ralentisseur. Mal plac\u00e9s, <strong>Mathieu van der Poel<\/strong> (Alpecin-Deceuninck), <strong>Aleksandr Vlasov<\/strong> (Bora Hansgrohe), <strong>Romain Gr\u00e9goire, Valentin Madouas<\/strong> (Groupama FDJ), <strong>Tom Pidcock<\/strong> (INEOS Grenadiers), <strong>Pello Bilbao, Santiago Buitrago<\/strong> (Bahrain-Victorious), <strong>Simon Yates<\/strong> (Team Jayco AlUla), <strong>Mauri Vansevenant<\/strong> (Soudal Quick-Step) et <strong>Tobias Johannessen<\/strong> (Uno X Mobility), notamment, ont \u00e9t\u00e9 g\u00ean\u00e9s par cette chute.<\/p>\n<p style=\"text-align: justify;\">Dans la C\u00f4te Mont-le-Soie, <strong>Gil Gelders<\/strong> (Soudal-Quick Step), <strong>R\u00e9my Rochas<\/strong> (Groupama-FDJ), <strong>Christian Scaroni<\/strong> (Astana Qazaqstan), <strong>Fabien Doubey<\/strong> et <strong>Paul Ourselin<\/strong> (TotalEnergies) ont l\u00e2ch\u00e9 leurs compagnons de fugue alors que le peloton a fortement augment\u00e9 son allure sous l\u2019impulsion des \u00e9quipes Israel Premier Tech et UAE Team Emirates. Les quatre hommes de t\u00eate ont \u00e9t\u00e9 repris \u00e0 87 kilom\u00e8tres du terme tandis que les pr\u00e9tendants pi\u00e8g\u00e9s sont revenus dans le peloton principal apr\u00e8s la C\u00f4te de la Haute-Lev\u00e9e.<\/p>\n<ul>\n<li style=\"text-align: justify;\"><strong>\u00c0 ce sujet &#8211; <a href=\"https:\/\/dicodusport.fr\/blog\/cyclisme-calendrier-world-tour-2024\/\">Cyclisme \u2013 Calendrier World Tour 2024<\/a><\/strong><\/li>\n<\/ul>\n<h2 style=\"text-align: justify;\">Pogacar d\u00e9gaine dans la Redoute, Bardet h\u00e9ro\u00efque<\/h2>\n<p style=\"text-align: justify;\">Puis, un peloton d\u2019une cinquantaine de coureurs a fonc\u00e9 en direction de la C\u00f4te de la Redoute. <strong>Tadej Pogacar<\/strong> (UAE Team Emirates) a port\u00e9 une puissante acc\u00e9l\u00e9ration avant les plus forts pourcentages. <strong>Richard Carapaz<\/strong> (EF Education-EasyPost) n\u2019a pu prendre le sillage du champion de Slov\u00e9nie que quelques instants. Quatre coureurs sont sortis en contre avant la C\u00f4te des Forges, \u00e0 plus d\u2019une minute de l\u2019homme de t\u00eate : <strong>Ben Healy<\/strong> (EF Education-EasyPost), <strong>Beno\u00eet Cosnefroy<\/strong> (Decathlon AG2R La Mondiale), <strong>Romain Gr\u00e9goire<\/strong> (Groupama-FDJ) et <strong>Romain Bardet<\/strong> (Team DSM Firmenich PostNL).<\/p>\n<blockquote class=\"twitter-tweet\">\n<p dir=\"ltr\" lang=\"fr\">\ud83d\udca5 L&rsquo;attaque de Pogacar dans la c\u00f4te de la La Redoute ! Le crack slov\u00e8ne s&rsquo;isole en t\u00eate de course \u00e0 34 kilom\u00e8tres de l&rsquo;arriv\u00e9e&#8230;<\/p>\n<p>Suivez Li\u00e8ge-Bastogne-Li\u00e8ge sur Eurosport avec <a href=\"https:\/\/twitter.com\/hashtag\/LesRP?src=hash&amp;ref_src=twsrc%5Etfw\">#LesRP<\/a> <a href=\"https:\/\/twitter.com\/hashtag\/LBL?src=hash&amp;ref_src=twsrc%5Etfw\">#LBL<\/a> <a href=\"https:\/\/t.co\/nNKisUvri4\">https:\/\/t.co\/nNKisUvri4<\/a> <a href=\"https:\/\/t.co\/LLswwQ3CxX\">pic.twitter.com\/LLswwQ3CxX<\/a><\/p>\n<p>\u2014 Eurosport France (@Eurosport_FR) <a href=\"https:\/\/twitter.com\/Eurosport_FR\/status\/1782044541349990815?ref_src=twsrc%5Etfw\">April 21, 2024<\/a><\/p><\/blockquote>\n<p><script async src=\"https:\/\/platform.twitter.com\/widgets.js\" charset=\"utf-8\"><\/script><\/p>\n<p style=\"text-align: justify;\">Dans la C\u00f4te de La Roche-aux-Faucons, <strong>Romain Bardet<\/strong> (Team DSM Firmenich PostNL) a pris quelques m\u00e8tres d\u2019avance, alors que <strong>Egan Bernal<\/strong> (INEOS Grenadiers), <strong>Paul Lapeira<\/strong> (Decathlon AG2R La Mondiale), <strong>Maxim Van Gils<\/strong> (Lotto Dstny), <strong>Pello Bilbao<\/strong> (Bahrain-Victorious), <strong>Mauri Vansevenant<\/strong> (Soudal Quick-Step), <strong>Alexey Lutsenko<\/strong> (Astana Qazaqstan), <strong>Tiesj Benoot<\/strong> (Visma Lease a Bike) et <strong>Richard Carapaz<\/strong> (EF Education-EasyPost) ont fait la jonction avec le trio de poursuivants. Dans la descente, de nombreux coureurs sont revenus sur le groupe de chasse.<\/p>\n<ul>\n<li style=\"text-align: justify;\"><strong>\u00c0 ce sujet &#8211; <a href=\"https:\/\/dicodusport.fr\/blog\/actualites\/cyclisme\/cyclisme-sur-route-2024\/\">L\u2019actualit\u00e9 du cyclisme<\/a><\/strong><\/li>\n<\/ul>\n<p style=\"text-align: justify;\">Finalement, <strong>Tadej Pogacar<\/strong> (UAE Team Emirates) s\u2019est impos\u00e9 en solitaire pour signer son septi\u00e8me succ\u00e8s de la saison en 10 jours de course. <strong>Romain Bardet<\/strong> (Team DSM Firmenich PostNL) a d\u00e9croch\u00e9 son deuxi\u00e8me podium sur La Doyenne apr\u00e8s sa troisi\u00e8me place en 2018. Le grimpeur de Brioude a pris la deuxi\u00e8me place \u00e0 1 minute 39. Dans un groupe de 16 coureurs, <strong>Mathieu<\/strong> <strong>van der Poel<\/strong> (Alpecin-Deceuninck) a compl\u00e9t\u00e9 le podium, \u00e0 deux minutes et deux secondes, de cette 110\u00e8me \u00e9dition devant <strong>Maxim Van Gils<\/strong> (Lotto Dstny) et <strong>Aur\u00e9lien Paret-Peintre<\/strong> (Decathlon AG2R La Mondiale). Le champion de France <strong>Valentin Madouas<\/strong> (Groupama FDJ) a termin\u00e9 septi\u00e8me.<\/p>\n<blockquote class=\"twitter-tweet\">\n<p dir=\"ltr\" lang=\"fr\">\ud835\udc0c\ud835\udc28\ud835\udc27\ud835\udc2e\ud835\udc26\ud835\udc1e\ud835\udc27\ud835\udc2d\ud835\udc1a\ud835\udc25 \ud835\udc13\ud835\udc1a\ud835\udc1d\ud835\udc1e\ud835\udc23 \ud835\udc0f\ud835\udc28\ud835\udc20\ud835\udc1a\ud835\udc1c\ud835\udc1a\ud835\udc2b ! Le Slov\u00e8ne a fait la diff\u00e9rence dans la c\u00f4te de La Redoute et remporte Li\u00e8ge-Bastogne-Li\u00e8ge pour la deuxi\u00e8me fois, son sixi\u00e8me Monument \u00e0 25 ans !<\/p>\n<p>Romain Bardet et Mathieu van der Poel compl\u00e8tent le podium <a href=\"https:\/\/twitter.com\/hashtag\/LesRP?src=hash&amp;ref_src=twsrc%5Etfw\">#LesRP<\/a> <a href=\"https:\/\/twitter.com\/hashtag\/LBL?src=hash&amp;ref_src=twsrc%5Etfw\">#LBL<\/a> <a href=\"https:\/\/t.co\/n8gBdhmcxf\">pic.twitter.com\/n8gBdhmcxf<\/a><\/p>\n<p>\u2014 Eurosport France (@Eurosport_FR) <a href=\"https:\/\/twitter.com\/Eurosport_FR\/status\/1782057030489981055?ref_src=twsrc%5Etfw\">April 21, 2024<\/a><\/p><\/blockquote>\n<p><script async src=\"https:\/\/platform.twitter.com\/widgets.js\" charset=\"utf-8\"><\/script><\/p>\n","protected":false},"excerpt":{"rendered":"<p>LI\u00c8GE-BASTOGNE-LI\u00c8GE 2024 \u2013 Tadej Pogacar (UAE Team Emirates) s&rsquo;est impos\u00e9 en solitaire sur la 110\u00e8me \u00e9dition Li\u00e8ge-Bastogne-Li\u00e8ge, dimanche.<\/p>\n","protected":false},"author":48,"featured_media":480675,"comment_status":"open","ping_status":"closed","sticky":false,"template":"","format":"standard","meta":{"_acf_changed":false,"_daextam_enable_autolinks":"1","footnotes":""},"categories":[46994],"tags":[3119,16878,4165,24],"class_list":["post-480626","post","type-post","status-publish","format-standard","has-post-thumbnail","hentry","category-cyclisme-sur-route","tag-actualite-cyclisme","tag-breve","tag-liege-bastogne-liege","tag-sport"],"acf":[],"yoast_head":"<!-- This site is optimized with the Yoast SEO Premium plugin v26.7 (Yoast SEO v26.7) - https:\/\/yoast.com\/wordpress\/plugins\/seo\/ -->\n<title>Li\u00e8ge-Bastogne-Li\u00e8ge 2024 : Le nouveau num\u00e9ro de Tadej Pogacar<\/title>\n<meta name=\"description\" content=\"LI\u00c8GE-BASTOGNE-LI\u00c8GE 2024 \u2013 Tadej Pogacar (UAE Team Emirates) s&#039;est impos\u00e9 en solitaire sur la 110\u00e8me \u00e9dition Li\u00e8ge-Bastogne-Li\u00e8ge, dimanche.\" \/>\n<meta name=\"robots\" content=\"index, follow, max-snippet:-1, max-image-preview:large, max-video-preview:-1\" \/>\n<link rel=\"canonical\" href=\"https:\/\/dicodusport.fr\/blog\/liege-bastogne-liege-2024-le-nouveau-numero-de-tadej-pogacar\/\" \/>\n<meta property=\"og:locale\" content=\"fr_FR\" \/>\n<meta property=\"og:type\" content=\"article\" \/>\n<meta property=\"og:title\" content=\"Li\u00e8ge-Bastogne-Li\u00e8ge 2024 : Le nouveau num\u00e9ro de Tadej Pogacar\" \/>\n<meta property=\"og:description\" content=\"LI\u00c8GE-BASTOGNE-LI\u00c8GE 2024 \u2013 Tadej Pogacar (UAE Team Emirates) s&#039;est impos\u00e9 en solitaire sur la 110\u00e8me \u00e9dition Li\u00e8ge-Bastogne-Li\u00e8ge, dimanche.\" \/>\n<meta property=\"og:url\" content=\"https:\/\/dicodusport.fr\/blog\/liege-bastogne-liege-2024-le-nouveau-numero-de-tadej-pogacar\/\" \/>\n<meta property=\"og:site_name\" content=\"Dicodusport\" \/>\n<meta property=\"article:publisher\" content=\"https:\/\/www.facebook.com\/dicodusport\" \/>\n<meta property=\"article:author\" content=\"https:\/\/www.facebook.com\/groups\/LesRoisDuPeloton\" \/>\n<meta property=\"article:published_time\" content=\"2024-04-21T14:29:55+00:00\" \/>\n<meta property=\"article:modified_time\" content=\"2024-04-21T16:03:22+00:00\" \/>\n<meta property=\"og:image\" content=\"https:\/\/dicodusport.fr\/blog\/wp-content\/uploads\/2024\/04\/Liege-Bastogne-Liege-2024-Le-nouveau-numero-de-Tadej-Pogacar-1.png\" \/>\n\t<meta property=\"og:image:width\" content=\"1200\" \/>\n\t<meta property=\"og:image:height\" content=\"674\" \/>\n\t<meta property=\"og:image:type\" content=\"image\/png\" \/>\n<meta name=\"author\" content=\"Emilien Descampiaux\" \/>\n<meta name=\"twitter:card\" content=\"summary_large_image\" \/>\n<meta name=\"twitter:title\" content=\"Li\u00e8ge-Bastogne-Li\u00e8ge 2024 : Le nouveau num\u00e9ro de Tadej Pogacar\" \/>\n<meta name=\"twitter:creator\" content=\"@https:\/\/twitter.com\/LRoisDuPeloton\" \/>\n<meta name=\"twitter:site\" content=\"@dicodusport\" \/>\n<script type=\"application\/ld+json\" class=\"yoast-schema-graph\">{\"@context\":\"https:\/\/schema.org\",\"@graph\":[{\"@type\":\"NewsArticle\",\"@id\":\"https:\/\/dicodusport.fr\/blog\/liege-bastogne-liege-2024-le-nouveau-numero-de-tadej-pogacar\/#article\",\"isPartOf\":{\"@id\":\"https:\/\/dicodusport.fr\/blog\/liege-bastogne-liege-2024-le-nouveau-numero-de-tadej-pogacar\/\"},\"author\":{\"name\":\"Emilien Descampiaux\",\"@id\":\"https:\/\/dicodusport.fr\/blog\/#\/schema\/person\/6db4bae06b171592211be385b32876a7\"},\"headline\":\"Li\u00e8ge-Bastogne-Li\u00e8ge 2024 : Le nouveau num\u00e9ro de Tadej Pogacar\",\"datePublished\":\"2024-04-21T14:29:55+00:00\",\"dateModified\":\"2024-04-21T16:03:22+00:00\",\"mainEntityOfPage\":{\"@id\":\"https:\/\/dicodusport.fr\/blog\/liege-bastogne-liege-2024-le-nouveau-numero-de-tadej-pogacar\/\"},\"wordCount\":738,\"commentCount\":0,\"publisher\":{\"@id\":\"https:\/\/dicodusport.fr\/blog\/#organization\"},\"image\":{\"@id\":\"https:\/\/dicodusport.fr\/blog\/liege-bastogne-liege-2024-le-nouveau-numero-de-tadej-pogacar\/#primaryimage\"},\"thumbnailUrl\":\"https:\/\/dicodusport.fr\/blog\/wp-content\/uploads\/2024\/04\/Liege-Bastogne-Liege-2024-Le-nouveau-numero-de-Tadej-Pogacar-1.png\",\"keywords\":[\"Actualit\u00e9 Cyclisme\",\"br\u00e8ve\",\"Li\u00e8ge-Bastogne-Li\u00e8ge\",\"sport\"],\"articleSection\":[\"Cyclisme sur route\"],\"inLanguage\":\"fr-FR\",\"potentialAction\":[{\"@type\":\"CommentAction\",\"name\":\"Comment\",\"target\":[\"https:\/\/dicodusport.fr\/blog\/liege-bastogne-liege-2024-le-nouveau-numero-de-tadej-pogacar\/#respond\"]}],\"copyrightYear\":\"2024\",\"copyrightHolder\":{\"@id\":\"https:\/\/dicodusport.fr\/blog\/#organization\"}},{\"@type\":\"WebPage\",\"@id\":\"https:\/\/dicodusport.fr\/blog\/liege-bastogne-liege-2024-le-nouveau-numero-de-tadej-pogacar\/\",\"url\":\"https:\/\/dicodusport.fr\/blog\/liege-bastogne-liege-2024-le-nouveau-numero-de-tadej-pogacar\/\",\"name\":\"Li\u00e8ge-Bastogne-Li\u00e8ge 2024 : Le nouveau num\u00e9ro de Tadej Pogacar\",\"isPartOf\":{\"@id\":\"https:\/\/dicodusport.fr\/blog\/#website\"},\"primaryImageOfPage\":{\"@id\":\"https:\/\/dicodusport.fr\/blog\/liege-bastogne-liege-2024-le-nouveau-numero-de-tadej-pogacar\/#primaryimage\"},\"image\":{\"@id\":\"https:\/\/dicodusport.fr\/blog\/liege-bastogne-liege-2024-le-nouveau-numero-de-tadej-pogacar\/#primaryimage\"},\"thumbnailUrl\":\"https:\/\/dicodusport.fr\/blog\/wp-content\/uploads\/2024\/04\/Liege-Bastogne-Liege-2024-Le-nouveau-numero-de-Tadej-Pogacar-1.png\",\"datePublished\":\"2024-04-21T14:29:55+00:00\",\"dateModified\":\"2024-04-21T16:03:22+00:00\",\"description\":\"LI\u00c8GE-BASTOGNE-LI\u00c8GE 2024 \u2013 Tadej Pogacar (UAE Team Emirates) s'est impos\u00e9 en solitaire sur la 110\u00e8me \u00e9dition Li\u00e8ge-Bastogne-Li\u00e8ge, dimanche.\",\"breadcrumb\":{\"@id\":\"https:\/\/dicodusport.fr\/blog\/liege-bastogne-liege-2024-le-nouveau-numero-de-tadej-pogacar\/#breadcrumb\"},\"inLanguage\":\"fr-FR\",\"potentialAction\":[{\"@type\":\"ReadAction\",\"target\":[\"https:\/\/dicodusport.fr\/blog\/liege-bastogne-liege-2024-le-nouveau-numero-de-tadej-pogacar\/\"]}]},{\"@type\":\"ImageObject\",\"inLanguage\":\"fr-FR\",\"@id\":\"https:\/\/dicodusport.fr\/blog\/liege-bastogne-liege-2024-le-nouveau-numero-de-tadej-pogacar\/#primaryimage\",\"url\":\"https:\/\/dicodusport.fr\/blog\/wp-content\/uploads\/2024\/04\/Liege-Bastogne-Liege-2024-Le-nouveau-numero-de-Tadej-Pogacar-1.png\",\"contentUrl\":\"https:\/\/dicodusport.fr\/blog\/wp-content\/uploads\/2024\/04\/Liege-Bastogne-Liege-2024-Le-nouveau-numero-de-Tadej-Pogacar-1.png\",\"width\":1200,\"height\":674,\"caption\":\"Li\u00e8ge-Bastogne-Li\u00e8ge 2024 Le nouveau num\u00e9ro de Tadej Pogacar (1)\"},{\"@type\":\"BreadcrumbList\",\"@id\":\"https:\/\/dicodusport.fr\/blog\/liege-bastogne-liege-2024-le-nouveau-numero-de-tadej-pogacar\/#breadcrumb\",\"itemListElement\":[{\"@type\":\"ListItem\",\"position\":1,\"name\":\"Accueil\",\"item\":\"https:\/\/dicodusport.fr\/blog\/\"},{\"@type\":\"ListItem\",\"position\":2,\"name\":\"Li\u00e8ge-Bastogne-Li\u00e8ge 2024 : Le nouveau num\u00e9ro de Tadej Pogacar\"}]},{\"@type\":\"WebSite\",\"@id\":\"https:\/\/dicodusport.fr\/blog\/#website\",\"url\":\"https:\/\/dicodusport.fr\/blog\/\",\"name\":\"Dicodusport\",\"description\":\"L&#039;encyclop\u00e9die de l&#039;actualit\u00e9 sportive\",\"publisher\":{\"@id\":\"https:\/\/dicodusport.fr\/blog\/#organization\"},\"potentialAction\":[{\"@type\":\"SearchAction\",\"target\":{\"@type\":\"EntryPoint\",\"urlTemplate\":\"https:\/\/dicodusport.fr\/blog\/?s={search_term_string}\"},\"query-input\":{\"@type\":\"PropertyValueSpecification\",\"valueRequired\":true,\"valueName\":\"search_term_string\"}}],\"inLanguage\":\"fr-FR\"},{\"@type\":\"NewsMediaOrganization\",\"@id\":\"https:\/\/dicodusport.fr\/blog\/#organization\",\"name\":\"Dicodusport\",\"url\":\"https:\/\/dicodusport.fr\/blog\/\",\"logo\":{\"@type\":\"ImageObject\",\"inLanguage\":\"fr-FR\",\"@id\":\"https:\/\/dicodusport.fr\/blog\/#\/schema\/logo\/image\/\",\"url\":\"https:\/\/dicodusport.fr\/blog\/wp-content\/uploads\/2020\/06\/cropped-LOGO-DICODUSPORT-2020-SANS-FOND-SANS-TEXTE.png\",\"contentUrl\":\"https:\/\/dicodusport.fr\/blog\/wp-content\/uploads\/2020\/06\/cropped-LOGO-DICODUSPORT-2020-SANS-FOND-SANS-TEXTE.png\",\"width\":512,\"height\":512,\"caption\":\"Dicodusport\"},\"image\":{\"@id\":\"https:\/\/dicodusport.fr\/blog\/#\/schema\/logo\/image\/\"},\"sameAs\":[\"https:\/\/www.facebook.com\/dicodusport\",\"https:\/\/x.com\/dicodusport\",\"https:\/\/www.instagram.com\/dicodusport\/\",\"https:\/\/www.youtube.com\/channel\/UC7V2KZ5sd3htJivAbA4ZG3w\"],\"description\":\"Dicodusport est l'encyclop\u00e9die de l'actualit\u00e9 sportive.\",\"email\":\"bonjour@dicodusport.fr\",\"legalName\":\"DICODUSPORT\",\"foundingDate\":\"2018-01-14\",\"vatID\":\"FR71834470973\",\"taxID\":\"83447097300043\",\"numberOfEmployees\":{\"@type\":\"QuantitativeValue\",\"minValue\":\"1\",\"maxValue\":\"10\"}},{\"@type\":\"Person\",\"@id\":\"https:\/\/dicodusport.fr\/blog\/#\/schema\/person\/6db4bae06b171592211be385b32876a7\",\"name\":\"Emilien Descampiaux\",\"image\":{\"@type\":\"ImageObject\",\"inLanguage\":\"fr-FR\",\"@id\":\"https:\/\/dicodusport.fr\/blog\/#\/schema\/person\/image\/\",\"url\":\"https:\/\/dicodusport.fr\/blog\/wp-content\/uploads\/2021\/05\/Emilien-Descampiaux-150x150.jpg\",\"contentUrl\":\"https:\/\/dicodusport.fr\/blog\/wp-content\/uploads\/2021\/05\/Emilien-Descampiaux-150x150.jpg\",\"caption\":\"Emilien Descampiaux\"},\"description\":\"Journaliste\/r\u00e9dacteur depuis 2014 - Fan de la classe de Frank Vandenbroucke, je vis cyclisme (et de ses paysages) depuis plus de 20 ans. Je suis tr\u00e8s impliqu\u00e9 sur mes diff\u00e9rents r\u00e9seaux sociaux pour partager ma passion sur le monde et l'Histoire de la bicyclette avec ma voix sur les images en noir et blanc du succ\u00e8s de Rik Van Steenbergen lors du Ronde sur le V\u00e9lodrome de Gand.\",\"sameAs\":[\"https:\/\/www.facebook.com\/groups\/LesRoisDuPeloton\",\"https:\/\/x.com\/https:\/\/twitter.com\/LRoisDuPeloton\"],\"url\":\"https:\/\/dicodusport.fr\/blog\/author\/emiliend\/\"}]}<\/script>\n<!-- \/ Yoast SEO Premium plugin. -->","yoast_head_json":{"title":"Li\u00e8ge-Bastogne-Li\u00e8ge 2024 : Le nouveau num\u00e9ro de Tadej Pogacar","description":"LI\u00c8GE-BASTOGNE-LI\u00c8GE 2024 \u2013 Tadej Pogacar (UAE Team Emirates) s'est impos\u00e9 en solitaire sur la 110\u00e8me \u00e9dition Li\u00e8ge-Bastogne-Li\u00e8ge, dimanche.","robots":{"index":"index","follow":"follow","max-snippet":"max-snippet:-1","max-image-preview":"max-image-preview:large","max-video-preview":"max-video-preview:-1"},"canonical":"https:\/\/dicodusport.fr\/blog\/liege-bastogne-liege-2024-le-nouveau-numero-de-tadej-pogacar\/","og_locale":"fr_FR","og_type":"article","og_title":"Li\u00e8ge-Bastogne-Li\u00e8ge 2024 : Le nouveau num\u00e9ro de Tadej Pogacar","og_description":"LI\u00c8GE-BASTOGNE-LI\u00c8GE 2024 \u2013 Tadej Pogacar (UAE Team Emirates) s'est impos\u00e9 en solitaire sur la 110\u00e8me \u00e9dition Li\u00e8ge-Bastogne-Li\u00e8ge, dimanche.","og_url":"https:\/\/dicodusport.fr\/blog\/liege-bastogne-liege-2024-le-nouveau-numero-de-tadej-pogacar\/","og_site_name":"Dicodusport","article_publisher":"https:\/\/www.facebook.com\/dicodusport","article_author":"https:\/\/www.facebook.com\/groups\/LesRoisDuPeloton","article_published_time":"2024-04-21T14:29:55+00:00","article_modified_time":"2024-04-21T16:03:22+00:00","og_image":[{"width":1200,"height":674,"url":"https:\/\/dicodusport.fr\/blog\/wp-content\/uploads\/2024\/04\/Liege-Bastogne-Liege-2024-Le-nouveau-numero-de-Tadej-Pogacar-1.png","type":"image\/png"}],"author":"Emilien Descampiaux","twitter_card":"summary_large_image","twitter_title":"Li\u00e8ge-Bastogne-Li\u00e8ge 2024 : Le nouveau num\u00e9ro de Tadej Pogacar","twitter_creator":"@https:\/\/twitter.com\/LRoisDuPeloton","twitter_site":"@dicodusport","schema":{"@context":"https:\/\/schema.org","@graph":[{"@type":"NewsArticle","@id":"https:\/\/dicodusport.fr\/blog\/liege-bastogne-liege-2024-le-nouveau-numero-de-tadej-pogacar\/#article","isPartOf":{"@id":"https:\/\/dicodusport.fr\/blog\/liege-bastogne-liege-2024-le-nouveau-numero-de-tadej-pogacar\/"},"author":{"name":"Emilien Descampiaux","@id":"https:\/\/dicodusport.fr\/blog\/#\/schema\/person\/6db4bae06b171592211be385b32876a7"},"headline":"Li\u00e8ge-Bastogne-Li\u00e8ge 2024 : Le nouveau num\u00e9ro de Tadej Pogacar","datePublished":"2024-04-21T14:29:55+00:00","dateModified":"2024-04-21T16:03:22+00:00","mainEntityOfPage":{"@id":"https:\/\/dicodusport.fr\/blog\/liege-bastogne-liege-2024-le-nouveau-numero-de-tadej-pogacar\/"},"wordCount":738,"commentCount":0,"publisher":{"@id":"https:\/\/dicodusport.fr\/blog\/#organization"},"image":{"@id":"https:\/\/dicodusport.fr\/blog\/liege-bastogne-liege-2024-le-nouveau-numero-de-tadej-pogacar\/#primaryimage"},"thumbnailUrl":"https:\/\/dicodusport.fr\/blog\/wp-content\/uploads\/2024\/04\/Liege-Bastogne-Liege-2024-Le-nouveau-numero-de-Tadej-Pogacar-1.png","keywords":["Actualit\u00e9 Cyclisme","br\u00e8ve","Li\u00e8ge-Bastogne-Li\u00e8ge","sport"],"articleSection":["Cyclisme sur route"],"inLanguage":"fr-FR","potentialAction":[{"@type":"CommentAction","name":"Comment","target":["https:\/\/dicodusport.fr\/blog\/liege-bastogne-liege-2024-le-nouveau-numero-de-tadej-pogacar\/#respond"]}],"copyrightYear":"2024","copyrightHolder":{"@id":"https:\/\/dicodusport.fr\/blog\/#organization"}},{"@type":"WebPage","@id":"https:\/\/dicodusport.fr\/blog\/liege-bastogne-liege-2024-le-nouveau-numero-de-tadej-pogacar\/","url":"https:\/\/dicodusport.fr\/blog\/liege-bastogne-liege-2024-le-nouveau-numero-de-tadej-pogacar\/","name":"Li\u00e8ge-Bastogne-Li\u00e8ge 2024 : Le nouveau num\u00e9ro de Tadej Pogacar","isPartOf":{"@id":"https:\/\/dicodusport.fr\/blog\/#website"},"primaryImageOfPage":{"@id":"https:\/\/dicodusport.fr\/blog\/liege-bastogne-liege-2024-le-nouveau-numero-de-tadej-pogacar\/#primaryimage"},"image":{"@id":"https:\/\/dicodusport.fr\/blog\/liege-bastogne-liege-2024-le-nouveau-numero-de-tadej-pogacar\/#primaryimage"},"thumbnailUrl":"https:\/\/dicodusport.fr\/blog\/wp-content\/uploads\/2024\/04\/Liege-Bastogne-Liege-2024-Le-nouveau-numero-de-Tadej-Pogacar-1.png","datePublished":"2024-04-21T14:29:55+00:00","dateModified":"2024-04-21T16:03:22+00:00","description":"LI\u00c8GE-BASTOGNE-LI\u00c8GE 2024 \u2013 Tadej Pogacar (UAE Team Emirates) s'est impos\u00e9 en solitaire sur la 110\u00e8me \u00e9dition Li\u00e8ge-Bastogne-Li\u00e8ge, dimanche.","breadcrumb":{"@id":"https:\/\/dicodusport.fr\/blog\/liege-bastogne-liege-2024-le-nouveau-numero-de-tadej-pogacar\/#breadcrumb"},"inLanguage":"fr-FR","potentialAction":[{"@type":"ReadAction","target":["https:\/\/dicodusport.fr\/blog\/liege-bastogne-liege-2024-le-nouveau-numero-de-tadej-pogacar\/"]}]},{"@type":"ImageObject","inLanguage":"fr-FR","@id":"https:\/\/dicodusport.fr\/blog\/liege-bastogne-liege-2024-le-nouveau-numero-de-tadej-pogacar\/#primaryimage","url":"https:\/\/dicodusport.fr\/blog\/wp-content\/uploads\/2024\/04\/Liege-Bastogne-Liege-2024-Le-nouveau-numero-de-Tadej-Pogacar-1.png","contentUrl":"https:\/\/dicodusport.fr\/blog\/wp-content\/uploads\/2024\/04\/Liege-Bastogne-Liege-2024-Le-nouveau-numero-de-Tadej-Pogacar-1.png","width":1200,"height":674,"caption":"Li\u00e8ge-Bastogne-Li\u00e8ge 2024 Le nouveau num\u00e9ro de Tadej Pogacar (1)"},{"@type":"BreadcrumbList","@id":"https:\/\/dicodusport.fr\/blog\/liege-bastogne-liege-2024-le-nouveau-numero-de-tadej-pogacar\/#breadcrumb","itemListElement":[{"@type":"ListItem","position":1,"name":"Accueil","item":"https:\/\/dicodusport.fr\/blog\/"},{"@type":"ListItem","position":2,"name":"Li\u00e8ge-Bastogne-Li\u00e8ge 2024 : Le nouveau num\u00e9ro de Tadej Pogacar"}]},{"@type":"WebSite","@id":"https:\/\/dicodusport.fr\/blog\/#website","url":"https:\/\/dicodusport.fr\/blog\/","name":"Dicodusport","description":"L&#039;encyclop\u00e9die de l&#039;actualit\u00e9 sportive","publisher":{"@id":"https:\/\/dicodusport.fr\/blog\/#organization"},"potentialAction":[{"@type":"SearchAction","target":{"@type":"EntryPoint","urlTemplate":"https:\/\/dicodusport.fr\/blog\/?s={search_term_string}"},"query-input":{"@type":"PropertyValueSpecification","valueRequired":true,"valueName":"search_term_string"}}],"inLanguage":"fr-FR"},{"@type":"NewsMediaOrganization","@id":"https:\/\/dicodusport.fr\/blog\/#organization","name":"Dicodusport","url":"https:\/\/dicodusport.fr\/blog\/","logo":{"@type":"ImageObject","inLanguage":"fr-FR","@id":"https:\/\/dicodusport.fr\/blog\/#\/schema\/logo\/image\/","url":"https:\/\/dicodusport.fr\/blog\/wp-content\/uploads\/2020\/06\/cropped-LOGO-DICODUSPORT-2020-SANS-FOND-SANS-TEXTE.png","contentUrl":"https:\/\/dicodusport.fr\/blog\/wp-content\/uploads\/2020\/06\/cropped-LOGO-DICODUSPORT-2020-SANS-FOND-SANS-TEXTE.png","width":512,"height":512,"caption":"Dicodusport"},"image":{"@id":"https:\/\/dicodusport.fr\/blog\/#\/schema\/logo\/image\/"},"sameAs":["https:\/\/www.facebook.com\/dicodusport","https:\/\/x.com\/dicodusport","https:\/\/www.instagram.com\/dicodusport\/","https:\/\/www.youtube.com\/channel\/UC7V2KZ5sd3htJivAbA4ZG3w"],"description":"Dicodusport est l'encyclop\u00e9die de l'actualit\u00e9 sportive.","email":"bonjour@dicodusport.fr","legalName":"DICODUSPORT","foundingDate":"2018-01-14","vatID":"FR71834470973","taxID":"83447097300043","numberOfEmployees":{"@type":"QuantitativeValue","minValue":"1","maxValue":"10"}},{"@type":"Person","@id":"https:\/\/dicodusport.fr\/blog\/#\/schema\/person\/6db4bae06b171592211be385b32876a7","name":"Emilien Descampiaux","image":{"@type":"ImageObject","inLanguage":"fr-FR","@id":"https:\/\/dicodusport.fr\/blog\/#\/schema\/person\/image\/","url":"https:\/\/dicodusport.fr\/blog\/wp-content\/uploads\/2021\/05\/Emilien-Descampiaux-150x150.jpg","contentUrl":"https:\/\/dicodusport.fr\/blog\/wp-content\/uploads\/2021\/05\/Emilien-Descampiaux-150x150.jpg","caption":"Emilien Descampiaux"},"description":"Journaliste\/r\u00e9dacteur depuis 2014 - Fan de la classe de Frank Vandenbroucke, je vis cyclisme (et de ses paysages) depuis plus de 20 ans. Je suis tr\u00e8s impliqu\u00e9 sur mes diff\u00e9rents r\u00e9seaux sociaux pour partager ma passion sur le monde et l'Histoire de la bicyclette avec ma voix sur les images en noir et blanc du succ\u00e8s de Rik Van Steenbergen lors du Ronde sur le V\u00e9lodrome de Gand.","sameAs":["https:\/\/www.facebook.com\/groups\/LesRoisDuPeloton","https:\/\/x.com\/https:\/\/twitter.com\/LRoisDuPeloton"],"url":"https:\/\/dicodusport.fr\/blog\/author\/emiliend\/"}]}},"_links":{"self":[{"href":"https:\/\/dicodusport.fr\/blog\/wp-json\/wp\/v2\/posts\/480626","targetHints":{"allow":["GET"]}}],"collection":[{"href":"https:\/\/dicodusport.fr\/blog\/wp-json\/wp\/v2\/posts"}],"about":[{"href":"https:\/\/dicodusport.fr\/blog\/wp-json\/wp\/v2\/types\/post"}],"author":[{"embeddable":true,"href":"https:\/\/dicodusport.fr\/blog\/wp-json\/wp\/v2\/users\/48"}],"replies":[{"embeddable":true,"href":"https:\/\/dicodusport.fr\/blog\/wp-json\/wp\/v2\/comments?post=480626"}],"version-history":[{"count":5,"href":"https:\/\/dicodusport.fr\/blog\/wp-json\/wp\/v2\/posts\/480626\/revisions"}],"predecessor-version":[{"id":480661,"href":"https:\/\/dicodusport.fr\/blog\/wp-json\/wp\/v2\/posts\/480626\/revisions\/480661"}],"wp:featuredmedia":[{"embeddable":true,"href":"https:\/\/dicodusport.fr\/blog\/wp-json\/wp\/v2\/media\/480675"}],"wp:attachment":[{"href":"https:\/\/dicodusport.fr\/blog\/wp-json\/wp\/v2\/media?parent=480626"}],"wp:term":[{"taxonomy":"category","embeddable":true,"href":"https:\/\/dicodusport.fr\/blog\/wp-json\/wp\/v2\/categories?post=480626"},{"taxonomy":"post_tag","embeddable":true,"href":"https:\/\/dicodusport.fr\/blog\/wp-json\/wp\/v2\/tags?post=480626"}],"curies":[{"name":"wp","href":"https:\/\/api.w.org\/{rel}","templated":true}]}}