{"id":480851,"date":"2024-04-23T11:56:08","date_gmt":"2024-04-23T09:56:08","guid":{"rendered":"https:\/\/dicodusport.fr\/blog\/?p=480851&#038;preview=true&#038;preview_id=480851"},"modified":"2024-04-23T11:58:57","modified_gmt":"2024-04-23T09:58:57","slug":"irvin-cardona-lhomme-providentiel-de-las-saint-etienne","status":"publish","type":"post","link":"https:\/\/dicodusport.fr\/blog\/irvin-cardona-lhomme-providentiel-de-las-saint-etienne\/","title":{"rendered":"Irvin Cardona, l&rsquo;homme providentiel de l&rsquo;AS Saint-\u00c9tienne"},"content":{"rendered":"<p style=\"text-align: justify;\"><strong><em>LIGUE 2 BKT &#8211; Auteur d&rsquo;un doubl\u00e9 d\u00e9cisif contre Bordeaux (2-1), Irvin Cardona traverse la meilleure p\u00e9riode de sa carri\u00e8re. \u00c0 cinq journ\u00e9es de la fin du championnat, l&rsquo;AS Saint-\u00c9tienne compte sur le Fran\u00e7ais pour remonter en Ligue 1.<\/em><\/strong><\/p>\n<p style=\"text-align: justify;\">Le silence, puis l&rsquo;explosion de joie. Six minutes, deux buts dans le temps additionnel et trois points. Voici comment <strong>Irvin Cardona<\/strong> a particip\u00e9 \u00e0 l&rsquo;un des plus beaux moments de la saison en Ligue 2. <strong>Saint-\u00c9tienne<\/strong> devait gagner face \u00e0 <strong>Bordeaux<\/strong> pour rester dans la course \u00e0 la mont\u00e9e directe en Ligue 1, et si les Verts sont de plus en proche de l&rsquo;objectif, l&rsquo;attaquant fran\u00e7ais est une des principales raisons.<\/p>\n<ul>\n<li style=\"text-align: justify;\"><strong>\u00c0 ce sujet &#8211; <a href=\"https:\/\/dicodusport.fr\/blog\/grenoble-saint-etienne-chaine-tv-et-heure-du-match\/\">Grenoble \u2013 Saint-\u00c9tienne : Cha\u00eene TV et Heure du match<\/a><\/strong><\/li>\n<\/ul>\n<h2>\u00ab C&rsquo;est un fou furieux \u00bb<\/h2>\n<p style=\"text-align: justify;\"><strong>Irvin Cardona<\/strong> a d\u00e9pos\u00e9 ses valises dans le Forez le 3 janvier 2024. Ses premi\u00e8res apparitions ont \u00e9t\u00e9 timides. Mais le 17 f\u00e9vrier, contre Angers (0-3), le joueur form\u00e9 \u00e0 Monaco a eu un d\u00e9clic. Un premier doubl\u00e9 avec Saint-\u00c9tienne synonyme d&rsquo;une confiance retrouv\u00e9e. Depuis, il ne s&rsquo;arr\u00eate plus. Huit buts sur les neuf derniers matchs, soit plus de la moiti\u00e9 de ceux inscrits par les <em>Verts<\/em> (15). En seulement quatre mois, <strong>Cardona<\/strong> est devenu indispensable.<\/p>\n<p style=\"text-align: justify;\">Son capitaine, <strong>Anthony Brian\u00e7on<\/strong>, n&rsquo;a pas manqu\u00e9 de le f\u00e9liciter apr\u00e8s la victoire contre Bordeaux. <em>\u00ab<\/em> <em>C&rsquo;est un fou furieux. Il est capable de rater l\u2019immanquable en premi\u00e8re p\u00e9riode m\u00eame si c\u2019est difficile pour un attaquant et puis il te met deux buts dans le temps additionnel <\/em>[&#8230;] <em>On connait ses capacit\u00e9s, il nous fait le plus grand bien, on va le chouchouter pour qu\u2019il continue de faite ce genre de performances \u00bb.<\/em><\/p>\n<p style=\"text-align: justify;\">Mais alors pourquoi l&rsquo;attaquant, pr\u00eat\u00e9 par Augsbourg jusqu&rsquo;\u00e0 la fin de la saison, est dans la meilleure forme de sa carri\u00e8re ? Habituellement associ\u00e9 \u00e0 <strong>Ibrahim Sissoko<\/strong> (bless\u00e9 depuis le 13 avril) \u00e0 la pointe de l&rsquo;attaque st\u00e9phanoise, Cardona pr\u00e9f\u00e8re ce syst\u00e8me de jeu. Lorsque Sissoko a \u00e9t\u00e9 absent contre <strong>Ajaccio<\/strong> (0-2, 13 avril), l&rsquo;apport offensif du Fran\u00e7ais a diminu\u00e9. Preuve qu&rsquo;il a besoin d&rsquo;un point d&rsquo;appui \u00e0 ses c\u00f4t\u00e9s pour profiter des espaces. Face \u00e0 Bordeaux, l&rsquo;ancien Brestois (2019-2023) a eu du mal \u00e0 se procurer des occasions avant ses deux \u00e9clairs de g\u00e9nie en fin de match (90+1, 90+6). Son repositionnement sur l&rsquo;aile droite durant la rencontre a pour autant \u00e9t\u00e9 int\u00e9ressant pour d\u00e9stabiliser la d\u00e9fense girondine.<\/p>\n<blockquote class=\"twitter-tweet\">\n<p dir=\"ltr\" lang=\"fr\">20h52. Irvin Cardona. Le Chaudron. <a href=\"https:\/\/t.co\/cu5K1qLnpv\">pic.twitter.com\/cu5K1qLnpv<\/a><\/p>\n<p>\u2014 AS Saint-\u00c9tienne (@ASSEofficiel) <a href=\"https:\/\/twitter.com\/ASSEofficiel\/status\/1781784921750614515?ref_src=twsrc%5Etfw\">April 20, 2024<\/a><\/p><\/blockquote>\n<h2 style=\"text-align: justify;\"><script async src=\"https:\/\/platform.twitter.com\/widgets.js\" charset=\"utf-8\"><\/script><br \/>\nSa polyvalence comme principal atout<\/h2>\n<p style=\"text-align: justify;\"><em>\u00ab Je peux jouer partout et je me sens aussi bien dans l\u2019axe que sur les c\u00f4t\u00e9s, <\/em>a confi\u00e9 l&rsquo;int\u00e9ress\u00e9 au <a href=\"https:\/\/www.ligue2.fr\/Articles\/Interviews\/2024\/04\/10\/interview-irvin-cardona-as-saint-etienne\">site officiel de la Ligue 2<\/a>. <em>Je peux partir de plus loin et, avec ma vitesse, \u00e7a me permet d\u2019avoir un temps d\u2019avance. Mais mon poste de pr\u00e9dilection, c\u2019est attaquant axial, car j\u2019aime bien jouer avec un deuxi\u00e8me attaquant, lui tourner autour pour pouvoir lui donner des solutions quand il joue en pivot ou en d\u00e9viation \u00bb.<\/em><\/p>\n<p style=\"text-align: justify;\">\u00c0 titre de comparaison, son record de buts en une saison date de son passage en Ligue 1 \u00e0 <strong>Brest<\/strong>, en 2020-2021, avec huit r\u00e9alisations. Un chiffre qui ne devrait pas tarder \u00e0 \u00eatre battu, peut-\u00eatre m\u00eame d\u00e8s ce soir contre <strong>Grenoble<\/strong>. D&rsquo;autant qu&rsquo;en 2024, Cardona partage la t\u00eate du classement des meilleurs buteurs de Ligue 2 avec <strong>Alexandre Mendy<\/strong> (Caen). Les St\u00e9phanois le savent, ils n&rsquo;ont pas le droit \u00e0 l&rsquo;erreur. Et avec un <strong>Irvin Cardona<\/strong> de ce standing, tous les r\u00eaves sont permis.<\/p>\n<blockquote class=\"twitter-tweet\">\n<p dir=\"ltr\" lang=\"fr\">Le <a href=\"https:\/\/twitter.com\/PauFootballClub?ref_src=twsrc%5Etfw\">@PauFootballClub<\/a> se rapproche de la 5e place, synonyme de play-off \ud83d\udcc8 <a href=\"https:\/\/t.co\/zMRWxo08m6\">pic.twitter.com\/zMRWxo08m6<\/a><\/p>\n<p>\u2014 Ligue 2 BKT (@Ligue2BKT) <a href=\"https:\/\/twitter.com\/Ligue2BKT\/status\/1781940938027233572?ref_src=twsrc%5Etfw\">April 21, 2024<\/a><\/p><\/blockquote>\n<p><script async src=\"https:\/\/platform.twitter.com\/widgets.js\" charset=\"utf-8\"><\/script><\/p>\n","protected":false},"excerpt":{"rendered":"<p>LIGUE 2 BKT &#8211; Auteur d&rsquo;un doubl\u00e9 d\u00e9cisif contre Bordeaux (2-1), Irvin Cardona traverse la meilleure p\u00e9riode de sa carri\u00e8re.<\/p>\n","protected":false},"author":76,"featured_media":480974,"comment_status":"open","ping_status":"closed","sticky":false,"template":"","format":"standard","meta":{"_acf_changed":false,"_daextam_enable_autolinks":"1","footnotes":""},"categories":[2301],"tags":[2871,16878,75,1554,231],"class_list":["post-480851","post","type-post","status-publish","format-standard","has-post-thumbnail","hentry","category-football","tag-as-saint-etienne","tag-breve","tag-football","tag-ligue-1","tag-ligue-2"],"acf":[],"yoast_head":"<!-- This site is optimized with the Yoast SEO Premium plugin v26.7 (Yoast SEO v26.7) - https:\/\/yoast.com\/wordpress\/plugins\/seo\/ -->\n<title>Irvin Cardona, l&#039;homme providentiel de l&#039;AS Saint-\u00c9tienne<\/title>\n<meta name=\"description\" content=\"LIGUE 2 BKT - Auteur d&#039;un doubl\u00e9 d\u00e9cisif contre Bordeaux (2-1), Irvin Cardona traverse la meilleure p\u00e9riode de sa carri\u00e8re.\" \/>\n<meta name=\"robots\" content=\"index, follow, max-snippet:-1, max-image-preview:large, max-video-preview:-1\" \/>\n<link rel=\"canonical\" href=\"https:\/\/dicodusport.fr\/blog\/irvin-cardona-lhomme-providentiel-de-las-saint-etienne\/\" \/>\n<meta property=\"og:locale\" content=\"fr_FR\" \/>\n<meta property=\"og:type\" content=\"article\" \/>\n<meta property=\"og:title\" content=\"Irvin Cardona, l&#039;homme providentiel de l&#039;AS Saint-\u00c9tienne\" \/>\n<meta property=\"og:description\" content=\"LIGUE 2 BKT - Auteur d&#039;un doubl\u00e9 d\u00e9cisif contre Bordeaux (2-1), Irvin Cardona traverse la meilleure p\u00e9riode de sa carri\u00e8re.\" \/>\n<meta property=\"og:url\" content=\"https:\/\/dicodusport.fr\/blog\/irvin-cardona-lhomme-providentiel-de-las-saint-etienne\/\" \/>\n<meta property=\"og:site_name\" content=\"Dicodusport\" \/>\n<meta property=\"article:publisher\" content=\"https:\/\/www.facebook.com\/dicodusport\" \/>\n<meta property=\"article:published_time\" content=\"2024-04-23T09:56:08+00:00\" \/>\n<meta property=\"article:modified_time\" content=\"2024-04-23T09:58:57+00:00\" \/>\n<meta property=\"og:image\" content=\"https:\/\/dicodusport.fr\/blog\/wp-content\/uploads\/2024\/04\/Irvin-Cardona-lhomme-providentiel-de-lAS-Saint-Etienne.png\" \/>\n\t<meta property=\"og:image:width\" content=\"1200\" \/>\n\t<meta property=\"og:image:height\" content=\"674\" \/>\n\t<meta property=\"og:image:type\" content=\"image\/png\" \/>\n<meta name=\"author\" content=\"Tom Lacaille\" \/>\n<meta name=\"twitter:card\" content=\"summary_large_image\" \/>\n<meta name=\"twitter:title\" content=\"Irvin Cardona, l&#039;homme providentiel de l&#039;AS Saint-\u00c9tienne\" \/>\n<meta name=\"twitter:creator\" content=\"@Tom Lacaille\" \/>\n<meta name=\"twitter:site\" content=\"@dicodusport\" \/>\n<script type=\"application\/ld+json\" class=\"yoast-schema-graph\">{\"@context\":\"https:\/\/schema.org\",\"@graph\":[{\"@type\":\"NewsArticle\",\"@id\":\"https:\/\/dicodusport.fr\/blog\/irvin-cardona-lhomme-providentiel-de-las-saint-etienne\/#article\",\"isPartOf\":{\"@id\":\"https:\/\/dicodusport.fr\/blog\/irvin-cardona-lhomme-providentiel-de-las-saint-etienne\/\"},\"author\":{\"name\":\"Tom Lacaille\",\"@id\":\"https:\/\/dicodusport.fr\/blog\/#\/schema\/person\/8b8ec0dc77c31efd8fe9820383d505b3\"},\"headline\":\"Irvin Cardona, l&rsquo;homme providentiel de l&rsquo;AS Saint-\u00c9tienne\",\"datePublished\":\"2024-04-23T09:56:08+00:00\",\"dateModified\":\"2024-04-23T09:58:57+00:00\",\"mainEntityOfPage\":{\"@id\":\"https:\/\/dicodusport.fr\/blog\/irvin-cardona-lhomme-providentiel-de-las-saint-etienne\/\"},\"wordCount\":655,\"commentCount\":0,\"publisher\":{\"@id\":\"https:\/\/dicodusport.fr\/blog\/#organization\"},\"image\":{\"@id\":\"https:\/\/dicodusport.fr\/blog\/irvin-cardona-lhomme-providentiel-de-las-saint-etienne\/#primaryimage\"},\"thumbnailUrl\":\"https:\/\/dicodusport.fr\/blog\/wp-content\/uploads\/2024\/04\/Irvin-Cardona-lhomme-providentiel-de-lAS-Saint-Etienne.png\",\"keywords\":[\"AS Saint-Etienne\",\"br\u00e8ve\",\"Football\",\"Ligue 1\",\"ligue 2\"],\"articleSection\":[\"Football\"],\"inLanguage\":\"fr-FR\",\"potentialAction\":[{\"@type\":\"CommentAction\",\"name\":\"Comment\",\"target\":[\"https:\/\/dicodusport.fr\/blog\/irvin-cardona-lhomme-providentiel-de-las-saint-etienne\/#respond\"]}],\"copyrightYear\":\"2024\",\"copyrightHolder\":{\"@id\":\"https:\/\/dicodusport.fr\/blog\/#organization\"}},{\"@type\":\"WebPage\",\"@id\":\"https:\/\/dicodusport.fr\/blog\/irvin-cardona-lhomme-providentiel-de-las-saint-etienne\/\",\"url\":\"https:\/\/dicodusport.fr\/blog\/irvin-cardona-lhomme-providentiel-de-las-saint-etienne\/\",\"name\":\"Irvin Cardona, l'homme providentiel de l'AS Saint-\u00c9tienne\",\"isPartOf\":{\"@id\":\"https:\/\/dicodusport.fr\/blog\/#website\"},\"primaryImageOfPage\":{\"@id\":\"https:\/\/dicodusport.fr\/blog\/irvin-cardona-lhomme-providentiel-de-las-saint-etienne\/#primaryimage\"},\"image\":{\"@id\":\"https:\/\/dicodusport.fr\/blog\/irvin-cardona-lhomme-providentiel-de-las-saint-etienne\/#primaryimage\"},\"thumbnailUrl\":\"https:\/\/dicodusport.fr\/blog\/wp-content\/uploads\/2024\/04\/Irvin-Cardona-lhomme-providentiel-de-lAS-Saint-Etienne.png\",\"datePublished\":\"2024-04-23T09:56:08+00:00\",\"dateModified\":\"2024-04-23T09:58:57+00:00\",\"description\":\"LIGUE 2 BKT - Auteur d'un doubl\u00e9 d\u00e9cisif contre Bordeaux (2-1), Irvin Cardona traverse la meilleure p\u00e9riode de sa carri\u00e8re.\",\"breadcrumb\":{\"@id\":\"https:\/\/dicodusport.fr\/blog\/irvin-cardona-lhomme-providentiel-de-las-saint-etienne\/#breadcrumb\"},\"inLanguage\":\"fr-FR\",\"potentialAction\":[{\"@type\":\"ReadAction\",\"target\":[\"https:\/\/dicodusport.fr\/blog\/irvin-cardona-lhomme-providentiel-de-las-saint-etienne\/\"]}]},{\"@type\":\"ImageObject\",\"inLanguage\":\"fr-FR\",\"@id\":\"https:\/\/dicodusport.fr\/blog\/irvin-cardona-lhomme-providentiel-de-las-saint-etienne\/#primaryimage\",\"url\":\"https:\/\/dicodusport.fr\/blog\/wp-content\/uploads\/2024\/04\/Irvin-Cardona-lhomme-providentiel-de-lAS-Saint-Etienne.png\",\"contentUrl\":\"https:\/\/dicodusport.fr\/blog\/wp-content\/uploads\/2024\/04\/Irvin-Cardona-lhomme-providentiel-de-lAS-Saint-Etienne.png\",\"width\":1200,\"height\":674,\"caption\":\"Irvin Cardona, l'homme providentiel de l'AS Saint-\u00c9tienne\"},{\"@type\":\"BreadcrumbList\",\"@id\":\"https:\/\/dicodusport.fr\/blog\/irvin-cardona-lhomme-providentiel-de-las-saint-etienne\/#breadcrumb\",\"itemListElement\":[{\"@type\":\"ListItem\",\"position\":1,\"name\":\"Accueil\",\"item\":\"https:\/\/dicodusport.fr\/blog\/\"},{\"@type\":\"ListItem\",\"position\":2,\"name\":\"Irvin Cardona, l&rsquo;homme providentiel de l&rsquo;AS Saint-\u00c9tienne\"}]},{\"@type\":\"WebSite\",\"@id\":\"https:\/\/dicodusport.fr\/blog\/#website\",\"url\":\"https:\/\/dicodusport.fr\/blog\/\",\"name\":\"Dicodusport\",\"description\":\"L&#039;encyclop\u00e9die de l&#039;actualit\u00e9 sportive\",\"publisher\":{\"@id\":\"https:\/\/dicodusport.fr\/blog\/#organization\"},\"potentialAction\":[{\"@type\":\"SearchAction\",\"target\":{\"@type\":\"EntryPoint\",\"urlTemplate\":\"https:\/\/dicodusport.fr\/blog\/?s={search_term_string}\"},\"query-input\":{\"@type\":\"PropertyValueSpecification\",\"valueRequired\":true,\"valueName\":\"search_term_string\"}}],\"inLanguage\":\"fr-FR\"},{\"@type\":\"NewsMediaOrganization\",\"@id\":\"https:\/\/dicodusport.fr\/blog\/#organization\",\"name\":\"Dicodusport\",\"url\":\"https:\/\/dicodusport.fr\/blog\/\",\"logo\":{\"@type\":\"ImageObject\",\"inLanguage\":\"fr-FR\",\"@id\":\"https:\/\/dicodusport.fr\/blog\/#\/schema\/logo\/image\/\",\"url\":\"https:\/\/dicodusport.fr\/blog\/wp-content\/uploads\/2020\/06\/cropped-LOGO-DICODUSPORT-2020-SANS-FOND-SANS-TEXTE.png\",\"contentUrl\":\"https:\/\/dicodusport.fr\/blog\/wp-content\/uploads\/2020\/06\/cropped-LOGO-DICODUSPORT-2020-SANS-FOND-SANS-TEXTE.png\",\"width\":512,\"height\":512,\"caption\":\"Dicodusport\"},\"image\":{\"@id\":\"https:\/\/dicodusport.fr\/blog\/#\/schema\/logo\/image\/\"},\"sameAs\":[\"https:\/\/www.facebook.com\/dicodusport\",\"https:\/\/x.com\/dicodusport\",\"https:\/\/www.instagram.com\/dicodusport\/\",\"https:\/\/www.youtube.com\/channel\/UC7V2KZ5sd3htJivAbA4ZG3w\"],\"description\":\"Dicodusport est l'encyclop\u00e9die de l'actualit\u00e9 sportive.\",\"email\":\"bonjour@dicodusport.fr\",\"legalName\":\"DICODUSPORT\",\"foundingDate\":\"2018-01-14\",\"vatID\":\"FR71834470973\",\"taxID\":\"83447097300043\",\"numberOfEmployees\":{\"@type\":\"QuantitativeValue\",\"minValue\":\"1\",\"maxValue\":\"10\"}},{\"@type\":\"Person\",\"@id\":\"https:\/\/dicodusport.fr\/blog\/#\/schema\/person\/8b8ec0dc77c31efd8fe9820383d505b3\",\"name\":\"Tom Lacaille\",\"image\":{\"@type\":\"ImageObject\",\"inLanguage\":\"fr-FR\",\"@id\":\"https:\/\/dicodusport.fr\/blog\/#\/schema\/person\/image\/\",\"url\":\"https:\/\/dicodusport.fr\/blog\/wp-content\/uploads\/2022\/10\/photo-profil-150x150.jpg\",\"contentUrl\":\"https:\/\/dicodusport.fr\/blog\/wp-content\/uploads\/2022\/10\/photo-profil-150x150.jpg\",\"caption\":\"Tom Lacaille\"},\"description\":\"Actuellement \u00e2g\u00e9 de 19 ans, ma passion du sport est berc\u00e9e par la descente aux enfers des Verts, la d\u00e9gringolade de l'ASM Clermont et le futur triomphe des Celtics. En toute logique, je suis un grand passionn\u00e9 de sport et j'essaie de retranscrire mes analyses dans les articles. Le r\u00eave d'\u00eatre journaliste est ma principale source de motivation, en esp\u00e9rant (un jour) apporter un air nouveau \u00e0 ce si beau secteur.\",\"sameAs\":[\"https:\/\/x.com\/Tom Lacaille\"],\"url\":\"https:\/\/dicodusport.fr\/blog\/author\/tom-lacaille\/\"}]}<\/script>\n<!-- \/ Yoast SEO Premium plugin. -->","yoast_head_json":{"title":"Irvin Cardona, l'homme providentiel de l'AS Saint-\u00c9tienne","description":"LIGUE 2 BKT - Auteur d'un doubl\u00e9 d\u00e9cisif contre Bordeaux (2-1), Irvin Cardona traverse la meilleure p\u00e9riode de sa carri\u00e8re.","robots":{"index":"index","follow":"follow","max-snippet":"max-snippet:-1","max-image-preview":"max-image-preview:large","max-video-preview":"max-video-preview:-1"},"canonical":"https:\/\/dicodusport.fr\/blog\/irvin-cardona-lhomme-providentiel-de-las-saint-etienne\/","og_locale":"fr_FR","og_type":"article","og_title":"Irvin Cardona, l'homme providentiel de l'AS Saint-\u00c9tienne","og_description":"LIGUE 2 BKT - Auteur d'un doubl\u00e9 d\u00e9cisif contre Bordeaux (2-1), Irvin Cardona traverse la meilleure p\u00e9riode de sa carri\u00e8re.","og_url":"https:\/\/dicodusport.fr\/blog\/irvin-cardona-lhomme-providentiel-de-las-saint-etienne\/","og_site_name":"Dicodusport","article_publisher":"https:\/\/www.facebook.com\/dicodusport","article_published_time":"2024-04-23T09:56:08+00:00","article_modified_time":"2024-04-23T09:58:57+00:00","og_image":[{"width":1200,"height":674,"url":"https:\/\/dicodusport.fr\/blog\/wp-content\/uploads\/2024\/04\/Irvin-Cardona-lhomme-providentiel-de-lAS-Saint-Etienne.png","type":"image\/png"}],"author":"Tom Lacaille","twitter_card":"summary_large_image","twitter_title":"Irvin Cardona, l'homme providentiel de l'AS Saint-\u00c9tienne","twitter_creator":"@Tom Lacaille","twitter_site":"@dicodusport","schema":{"@context":"https:\/\/schema.org","@graph":[{"@type":"NewsArticle","@id":"https:\/\/dicodusport.fr\/blog\/irvin-cardona-lhomme-providentiel-de-las-saint-etienne\/#article","isPartOf":{"@id":"https:\/\/dicodusport.fr\/blog\/irvin-cardona-lhomme-providentiel-de-las-saint-etienne\/"},"author":{"name":"Tom Lacaille","@id":"https:\/\/dicodusport.fr\/blog\/#\/schema\/person\/8b8ec0dc77c31efd8fe9820383d505b3"},"headline":"Irvin Cardona, l&rsquo;homme providentiel de l&rsquo;AS Saint-\u00c9tienne","datePublished":"2024-04-23T09:56:08+00:00","dateModified":"2024-04-23T09:58:57+00:00","mainEntityOfPage":{"@id":"https:\/\/dicodusport.fr\/blog\/irvin-cardona-lhomme-providentiel-de-las-saint-etienne\/"},"wordCount":655,"commentCount":0,"publisher":{"@id":"https:\/\/dicodusport.fr\/blog\/#organization"},"image":{"@id":"https:\/\/dicodusport.fr\/blog\/irvin-cardona-lhomme-providentiel-de-las-saint-etienne\/#primaryimage"},"thumbnailUrl":"https:\/\/dicodusport.fr\/blog\/wp-content\/uploads\/2024\/04\/Irvin-Cardona-lhomme-providentiel-de-lAS-Saint-Etienne.png","keywords":["AS Saint-Etienne","br\u00e8ve","Football","Ligue 1","ligue 2"],"articleSection":["Football"],"inLanguage":"fr-FR","potentialAction":[{"@type":"CommentAction","name":"Comment","target":["https:\/\/dicodusport.fr\/blog\/irvin-cardona-lhomme-providentiel-de-las-saint-etienne\/#respond"]}],"copyrightYear":"2024","copyrightHolder":{"@id":"https:\/\/dicodusport.fr\/blog\/#organization"}},{"@type":"WebPage","@id":"https:\/\/dicodusport.fr\/blog\/irvin-cardona-lhomme-providentiel-de-las-saint-etienne\/","url":"https:\/\/dicodusport.fr\/blog\/irvin-cardona-lhomme-providentiel-de-las-saint-etienne\/","name":"Irvin Cardona, l'homme providentiel de l'AS Saint-\u00c9tienne","isPartOf":{"@id":"https:\/\/dicodusport.fr\/blog\/#website"},"primaryImageOfPage":{"@id":"https:\/\/dicodusport.fr\/blog\/irvin-cardona-lhomme-providentiel-de-las-saint-etienne\/#primaryimage"},"image":{"@id":"https:\/\/dicodusport.fr\/blog\/irvin-cardona-lhomme-providentiel-de-las-saint-etienne\/#primaryimage"},"thumbnailUrl":"https:\/\/dicodusport.fr\/blog\/wp-content\/uploads\/2024\/04\/Irvin-Cardona-lhomme-providentiel-de-lAS-Saint-Etienne.png","datePublished":"2024-04-23T09:56:08+00:00","dateModified":"2024-04-23T09:58:57+00:00","description":"LIGUE 2 BKT - Auteur d'un doubl\u00e9 d\u00e9cisif contre Bordeaux (2-1), Irvin Cardona traverse la meilleure p\u00e9riode de sa carri\u00e8re.","breadcrumb":{"@id":"https:\/\/dicodusport.fr\/blog\/irvin-cardona-lhomme-providentiel-de-las-saint-etienne\/#breadcrumb"},"inLanguage":"fr-FR","potentialAction":[{"@type":"ReadAction","target":["https:\/\/dicodusport.fr\/blog\/irvin-cardona-lhomme-providentiel-de-las-saint-etienne\/"]}]},{"@type":"ImageObject","inLanguage":"fr-FR","@id":"https:\/\/dicodusport.fr\/blog\/irvin-cardona-lhomme-providentiel-de-las-saint-etienne\/#primaryimage","url":"https:\/\/dicodusport.fr\/blog\/wp-content\/uploads\/2024\/04\/Irvin-Cardona-lhomme-providentiel-de-lAS-Saint-Etienne.png","contentUrl":"https:\/\/dicodusport.fr\/blog\/wp-content\/uploads\/2024\/04\/Irvin-Cardona-lhomme-providentiel-de-lAS-Saint-Etienne.png","width":1200,"height":674,"caption":"Irvin Cardona, l'homme providentiel de l'AS Saint-\u00c9tienne"},{"@type":"BreadcrumbList","@id":"https:\/\/dicodusport.fr\/blog\/irvin-cardona-lhomme-providentiel-de-las-saint-etienne\/#breadcrumb","itemListElement":[{"@type":"ListItem","position":1,"name":"Accueil","item":"https:\/\/dicodusport.fr\/blog\/"},{"@type":"ListItem","position":2,"name":"Irvin Cardona, l&rsquo;homme providentiel de l&rsquo;AS Saint-\u00c9tienne"}]},{"@type":"WebSite","@id":"https:\/\/dicodusport.fr\/blog\/#website","url":"https:\/\/dicodusport.fr\/blog\/","name":"Dicodusport","description":"L&#039;encyclop\u00e9die de l&#039;actualit\u00e9 sportive","publisher":{"@id":"https:\/\/dicodusport.fr\/blog\/#organization"},"potentialAction":[{"@type":"SearchAction","target":{"@type":"EntryPoint","urlTemplate":"https:\/\/dicodusport.fr\/blog\/?s={search_term_string}"},"query-input":{"@type":"PropertyValueSpecification","valueRequired":true,"valueName":"search_term_string"}}],"inLanguage":"fr-FR"},{"@type":"NewsMediaOrganization","@id":"https:\/\/dicodusport.fr\/blog\/#organization","name":"Dicodusport","url":"https:\/\/dicodusport.fr\/blog\/","logo":{"@type":"ImageObject","inLanguage":"fr-FR","@id":"https:\/\/dicodusport.fr\/blog\/#\/schema\/logo\/image\/","url":"https:\/\/dicodusport.fr\/blog\/wp-content\/uploads\/2020\/06\/cropped-LOGO-DICODUSPORT-2020-SANS-FOND-SANS-TEXTE.png","contentUrl":"https:\/\/dicodusport.fr\/blog\/wp-content\/uploads\/2020\/06\/cropped-LOGO-DICODUSPORT-2020-SANS-FOND-SANS-TEXTE.png","width":512,"height":512,"caption":"Dicodusport"},"image":{"@id":"https:\/\/dicodusport.fr\/blog\/#\/schema\/logo\/image\/"},"sameAs":["https:\/\/www.facebook.com\/dicodusport","https:\/\/x.com\/dicodusport","https:\/\/www.instagram.com\/dicodusport\/","https:\/\/www.youtube.com\/channel\/UC7V2KZ5sd3htJivAbA4ZG3w"],"description":"Dicodusport est l'encyclop\u00e9die de l'actualit\u00e9 sportive.","email":"bonjour@dicodusport.fr","legalName":"DICODUSPORT","foundingDate":"2018-01-14","vatID":"FR71834470973","taxID":"83447097300043","numberOfEmployees":{"@type":"QuantitativeValue","minValue":"1","maxValue":"10"}},{"@type":"Person","@id":"https:\/\/dicodusport.fr\/blog\/#\/schema\/person\/8b8ec0dc77c31efd8fe9820383d505b3","name":"Tom Lacaille","image":{"@type":"ImageObject","inLanguage":"fr-FR","@id":"https:\/\/dicodusport.fr\/blog\/#\/schema\/person\/image\/","url":"https:\/\/dicodusport.fr\/blog\/wp-content\/uploads\/2022\/10\/photo-profil-150x150.jpg","contentUrl":"https:\/\/dicodusport.fr\/blog\/wp-content\/uploads\/2022\/10\/photo-profil-150x150.jpg","caption":"Tom Lacaille"},"description":"Actuellement \u00e2g\u00e9 de 19 ans, ma passion du sport est berc\u00e9e par la descente aux enfers des Verts, la d\u00e9gringolade de l'ASM Clermont et le futur triomphe des Celtics. En toute logique, je suis un grand passionn\u00e9 de sport et j'essaie de retranscrire mes analyses dans les articles. Le r\u00eave d'\u00eatre journaliste est ma principale source de motivation, en esp\u00e9rant (un jour) apporter un air nouveau \u00e0 ce si beau secteur.","sameAs":["https:\/\/x.com\/Tom Lacaille"],"url":"https:\/\/dicodusport.fr\/blog\/author\/tom-lacaille\/"}]}},"_links":{"self":[{"href":"https:\/\/dicodusport.fr\/blog\/wp-json\/wp\/v2\/posts\/480851","targetHints":{"allow":["GET"]}}],"collection":[{"href":"https:\/\/dicodusport.fr\/blog\/wp-json\/wp\/v2\/posts"}],"about":[{"href":"https:\/\/dicodusport.fr\/blog\/wp-json\/wp\/v2\/types\/post"}],"author":[{"embeddable":true,"href":"https:\/\/dicodusport.fr\/blog\/wp-json\/wp\/v2\/users\/76"}],"replies":[{"embeddable":true,"href":"https:\/\/dicodusport.fr\/blog\/wp-json\/wp\/v2\/comments?post=480851"}],"version-history":[{"count":5,"href":"https:\/\/dicodusport.fr\/blog\/wp-json\/wp\/v2\/posts\/480851\/revisions"}],"predecessor-version":[{"id":480979,"href":"https:\/\/dicodusport.fr\/blog\/wp-json\/wp\/v2\/posts\/480851\/revisions\/480979"}],"wp:featuredmedia":[{"embeddable":true,"href":"https:\/\/dicodusport.fr\/blog\/wp-json\/wp\/v2\/media\/480974"}],"wp:attachment":[{"href":"https:\/\/dicodusport.fr\/blog\/wp-json\/wp\/v2\/media?parent=480851"}],"wp:term":[{"taxonomy":"category","embeddable":true,"href":"https:\/\/dicodusport.fr\/blog\/wp-json\/wp\/v2\/categories?post=480851"},{"taxonomy":"post_tag","embeddable":true,"href":"https:\/\/dicodusport.fr\/blog\/wp-json\/wp\/v2\/tags?post=480851"}],"curies":[{"name":"wp","href":"https:\/\/api.w.org\/{rel}","templated":true}]}}