{"id":4810,"date":"2017-09-14T11:57:08","date_gmt":"2017-09-14T10:57:08","guid":{"rendered":"http:\/\/dicodusport.fr\/blog\/?p=4810"},"modified":"2021-04-13T23:16:55","modified_gmt":"2021-04-13T21:16:55","slug":"aurelie-muller-cette-cicatrice-devenue-force","status":"publish","type":"post","link":"https:\/\/dicodusport.fr\/blog\/aurelie-muller-cette-cicatrice-devenue-force\/","title":{"rendered":"Aur\u00e9lie Muller, cette cicatrice devenue sa force"},"content":{"rendered":"<p style=\"text-align: justify;\"><span style=\"color: #000000;\"><em>Nous avons rencontr\u00e9 Aur\u00e9lie Muller, la nageuse de Philippe Lucas, qui, apr\u00e8s ses m\u00e9saventures de Rio,\u00a0a\u00a0r\u00e9ussi sa meilleure saison en remportant notamment trois m\u00e9dailles aux championnats du monde de Budapest.\u00a0<\/em><\/span><\/p>\n<h5 style=\"text-align: justify;\"><span style=\"color: #000000;\">Aur\u00e9lie, peux-tu te pr\u00e9senter en quelques mots ?<\/span><\/h5>\n<p style=\"text-align: justify;\"><span style=\"color: #000000;\">Je m\u2019appelle Aur\u00e9lie Muller, j\u2019ai 27 ans et je pratique la natation depuis tr\u00e8s longtemps. Je suis sportive professionnelle depuis 2012.<\/span><\/p>\n<h5 style=\"text-align: justify;\"><span style=\"color: #000000;\">Comment as-tu commenc\u00e9 la <span style=\"color: #0000ff;\"><a style=\"color: #0000ff;\" href=\"https:\/\/dicodusport.fr\/definition-sport\/natation\/\" target=\"_blank\" rel=\"noopener noreferrer\">natation<\/a><\/span> ?<\/span><\/h5>\n<p style=\"text-align: justify;\"><span style=\"color: #000000;\">C\u2019est tr\u00e8s simple, quand j\u2019\u00e9tais petite mon papa m\u2019emmenait aux b\u00e9b\u00e9s nageurs et j\u2019aimais vraiment \u00eatre dans l\u2019eau. Par la suite, mes parents m\u2019ont inscrit dans un club de natation et j\u2019ai vraiment accroch\u00e9, du coup j\u2019ai continu\u00e9. J\u2019ai ensuite fait les sports \u00e9tudes au coll\u00e8ge et au lyc\u00e9e et en 2006 j\u2019ai explos\u00e9 mes performances !<\/span><\/p>\n<h5 style=\"text-align: justify;\"><span style=\"color: #000000;\">Pourquoi avoir privil\u00e9gi\u00e9 l&rsquo;eau libre aux bassins ?<\/span><\/h5>\n<p style=\"text-align: justify;\"><span style=\"color: #000000;\">Quand j\u2019explose en 2006 je suis une nageuse de longues distances en bassin, 800 m\u00e8tres et 1500 m\u00e8tres. Mon r\u00eave de sportive \u00e9tait de participer aux JO, mais en 2007 c\u2019\u00e9tait compliqu\u00e9 car la concurrence \u00e9tait forte sur 800 m\u00e8tres et le 1500 m\u00e8tres f\u00e9minin n\u2019\u00e9tait pas une discipline olympique. J\u2019ai donc d\u00e9cid\u00e9 d\u2019essayer de faire un 5 km eau libre pour voir ce que c\u2019\u00e9tait et j\u2019ai ador\u00e9. Cela a tr\u00e8s vite fonctionn\u00e9 pour moi, je me qualifie pour les championnats du monde dans la foul\u00e9e. Ensuite, il fallait finir dans les dix pour aller aux JO et je finis 9\u00e8me. Tout est parti de l\u00e0 !<\/span><\/p>\n<h5 style=\"text-align: justify;\"><span style=\"color: #000000;\">Un an apr\u00e8s la d\u00e9ception de Rio, quel regard portes-tu sur ta m\u00e9saventure ? As-tu r\u00e9ussi \u00e0 la dig\u00e9rer ?<\/span><\/h5>\n<p style=\"text-align: justify;\"><span style=\"color: #000000;\">Oui c\u2019est dig\u00e9r\u00e9 mais cela restera ancr\u00e9 dans ma carri\u00e8re et mon histoire. L\u2019ann\u00e9e n\u2019a pas \u00e9t\u00e9 simple mais je peux le dire aujourd\u2019hui, j\u2019ai r\u00e9ussi \u00e0 me servir de Rio comme une force et cela m\u2019a vraiment permis de rebondir. Rio sera toujours une cicatrice mais je m\u2019en sers pour avancer maintenant plut\u00f4t que de laisser cette m\u00e9saventure me d\u00e9truire.<\/span><\/p>\n<h5 style=\"text-align: justify;\"><span style=\"color: #000000;\">On peut imaginer que Tokyo 2020 est d\u00e9j\u00e0 clairement dans ta t\u00eate pour aller la chercher cette m\u00e9daille ?<\/span><\/h5>\n<p style=\"text-align: justify;\"><span style=\"color: #000000;\">Je l\u2019ai dit quelques jours apr\u00e8s Rio, mon objectif reste une m\u00e9daille olympique. Donc oui l\u2019objectif c\u2019est 2020 mais il va bien falloir g\u00e9rer l\u2019olympiade car j\u2019aurais quand m\u00eame 30 ans en 2020. Cela va \u00eatre une organisation diff\u00e9rente, j\u2019ai d\u00e9j\u00e0 fait 2 olympiades et je n\u2019aime pas la routine donc je dois r\u00e9ussir \u00e0 organiser les trois prochaines ann\u00e9es au mieux pour atteindre mon objectif.<\/span><\/p>\n<h5 style=\"text-align: justify;\"><span style=\"color: #000000;\">Tu as r\u00e9alis\u00e9 des championnats du monde presque parfait avec deux m\u00e9dailles d&rsquo;or et une en argent, est-ce que tu peux nous raconter ces courses ?<\/span><\/h5>\n<p style=\"text-align: justify;\"><span style=\"color: #000000;\">Apr\u00e8s Rio, les championnats du monde n\u2019\u00e9taient pas v\u00e9ritablement un objectif car j\u2019\u00e9tais d\u00e9j\u00e0 championne du monde donc je n\u2019avais ni la motivation, ni l\u2019envie. C\u2019est un peu terrible de dire cela mais, apr\u00e8s une telle d\u00e9sillusion, c\u2019est compliqu\u00e9 de se remobiliser pour un titre que l\u2019on a d\u00e9j\u00e0. C\u2019est pour cela que je me suis fix\u00e9 trois d\u00e9fis pour l\u2019apr\u00e8s Rio : la Santa F\u00e9, la Coupe du monde d\u2019Abu Dhabi et un 1500 m\u00e8tres en bassin. C\u2019\u00e9tait vraiment mes objectifs de l\u2019ann\u00e9e et je les ai atteints tous les trois. En arrivant aux Championnats du monde, mon objectif \u00e9tait de refaire une comp\u00e9tition au niveau international avec l\u2019envie d\u2019accrocher un podium si la forme \u00e9tait au rendez-vous.<\/span><br \/>\n<span style=\"color: #000000;\"> Sur le 10km, j\u2019avais un peu d\u2019appr\u00e9hension mais comme j\u2019avais r\u00e9ussi mes objectifs de l\u2019ann\u00e9e, je me suis dit que ce n\u2019\u00e9tait que du bonus. J\u2019ai pris la t\u00eate de la course tr\u00e8s rapidement et j\u2019ai tenu jusqu\u2019au bout. C\u2019est vraiment la cons\u00e9cration de toucher cette plaque en premi\u00e8re et de montrer que j\u2019\u00e9tais touch\u00e9e mais pas coul\u00e9e. C\u2019est une immense fiert\u00e9 ce titre qui est \u00e0 mon image.<\/span><br \/>\n<span style=\"color: #000000;\"> Sur le 5km, j\u2019\u00e9tais plus l\u00e9g\u00e8re apr\u00e8s la m\u00e9daille alors j\u2019ai reproduit le m\u00eame sch\u00e9ma et je d\u00e9croche l\u2019argent. J&rsquo;en suis donc tr\u00e8s contente.<\/span><br \/>\n<span style=\"color: #000000;\"> Enfin le relais, avec Marco et deux jeunes, qui \u00e9tait pour la premi\u00e8re fois aux mondiaux. C\u2019est vraiment la course o\u00f9 je me suis le plus exprim\u00e9. Tout le monde nous attendait, apr\u00e8s nos m\u00e9dailles en individuel, et nous avons tenu notre rang. C\u2019est que du bonheur de r\u00e9aliser cette performance avec deux jeunes, nous avons montr\u00e9 que la France serait au rendez-vous encore longtemps en eau libre.<\/span><\/p>\n<h5 style=\"text-align: justify;\"><span style=\"color: #000000;\">Gagner en \u00e9quipe dans un sport individuel comme la natation doit procurer une \u00e9motion diff\u00e9rente ?<\/span><\/h5>\n<p style=\"text-align: justify;\"><span style=\"color: #000000;\">C\u2019\u00e9tait quelque chose de nouveau pour tout le monde et, effectivement, le bonheur est d\u00e9cupl\u00e9. Et puis c\u2019est toute l\u2019\u00e9quipe de France qui est championne du monde, pas seulement nous 4. C\u2019est une course spectaculaire, il y a de l\u2019action et cela peut aider \u00e0 la m\u00e9diatisation. J\u2019esp\u00e8re vraiment que \u00e7a deviendra une discipline olympique car nous avons eu de tr\u00e8s bons retours apr\u00e8s la course.<\/span><\/p>\n<h5 style=\"text-align: justify;\"><span style=\"color: #000000;\">Quels sont tes prochains challenges ?<\/span><\/h5>\n<p style=\"text-align: justify;\"><span style=\"color: #000000;\">Mon prochain challenge est de reprendre mes \u00e9tudes, je ferai par cons\u00e9quent un peu moins de natation. Je pense que c\u2019est vraiment la bonne ann\u00e9e pour faire cela. Je sors de ma meilleure ann\u00e9e, j\u2019ai remis les pendules \u00e0 l\u2019heure apr\u00e8s Rio donc je peux me prendre un an o\u00f9 je vais faire seulement du mi-temps dans l\u2019eau. J\u2019int\u00e8gre un BTS di\u00e9t\u00e9tique pour pr\u00e9parer ma reconversion. En terme sportif, je n\u2019ai pas encore d\u00e9fini mes objectifs mais je participerai \u00e0 des \u00e9preuves de Coupe du monde pour rester dans le bain et je verrai plus tard si je participe aux Championnats d\u2019Europe.<\/span><\/p>\n<h5 style=\"text-align: justify;\"><span style=\"color: #000000;\">Paris 2024, c\u2019est fait, qu&rsquo;est-ce que cela repr\u00e9sente pour toi ?<\/span><\/h5>\n<p style=\"text-align: justify;\"><span style=\"color: #000000;\">Ayant connu les Jeux, je sais ce que cela repr\u00e9sente, mais \u00e0 domicile je pense que c\u2019est encore autre chose. C\u2019est vraiment top et cela rentre dans ma r\u00e9flexion de continuer ou non apr\u00e8s Tokyo 2020. Je devrai prendre une d\u00e9cision, mais dans tous les cas j\u2019y serai que ce soit en tant qu&rsquo;athl\u00e8te ou en simple spectatrice ! \ud83d\ude42\u00a0Tous les athl\u00e8tes se sont mobilis\u00e9s pour cette candidature et c\u2019est vraiment beau !<\/span><\/p>\n<p style=\"text-align: justify;\"><span style=\"color: #000000;\"><em><strong>Nicolas Jacquemard<\/strong><br \/>\n<\/em><a style=\"color: #000000;\" href=\"https:\/\/twitter.com\/Nico_Jacquemard\" target=\"_blank\" rel=\"noopener noreferrer\"><img loading=\"lazy\" decoding=\"async\" class=\"alignnone wp-image-2908\" src=\"http:\/\/dicodusport.fr\/blog\/wp-content\/uploads\/2017\/07\/logo-twitter-150x150.png\" alt=\"\" width=\"39\" height=\"39\" \/><\/a><a style=\"color: #000000;\" href=\"https:\/\/www.facebook.com\/dicodusport\/\" target=\"_blank\" rel=\"noopener noreferrer\"><img loading=\"lazy\" decoding=\"async\" class=\"alignnone wp-image-2909\" src=\"http:\/\/dicodusport.fr\/blog\/wp-content\/uploads\/2017\/07\/logo-facebook-150x150.png\" alt=\"\" width=\"40\" height=\"40\" \/><\/a><\/span><\/p>\n","protected":false},"excerpt":{"rendered":"<p>Nous avons rencontr\u00e9 Aur\u00e9lie Muller, la nageuse de Philippe Lucas, qui, apr\u00e8s ses m\u00e9saventures de Rio,\u00a0a\u00a0r\u00e9ussi sa meilleure saison en remportant notamment trois m\u00e9dailles aux championnats du monde de Budapest.\u00a0 Aur\u00e9lie, peux-tu te pr\u00e9senter en quelques mots ? Je m\u2019appelle Aur\u00e9lie Muller, j\u2019ai 27 ans et je pratique la natation depuis tr\u00e8s longtemps. Je suis [&hellip;]<\/p>\n","protected":false},"author":1,"featured_media":4843,"comment_status":"open","ping_status":"closed","sticky":false,"template":"","format":"standard","meta":{"_acf_changed":false,"_daextam_enable_autolinks":"","footnotes":""},"categories":[2306,4],"tags":[1342,1414,69,1661],"class_list":["post-4810","post","type-post","status-publish","format-standard","has-post-thumbnail","hentry","category-natation","category-portraits","tag-aurelie-muller","tag-eau-libre","tag-natation","tag-natation-eau-libre"],"acf":[],"yoast_head":"<!-- This site is optimized with the Yoast SEO Premium plugin v26.7 (Yoast SEO v26.7) - https:\/\/yoast.com\/wordpress\/plugins\/seo\/ -->\n<title>Aur\u00e9lie Muller, cette cicatrice devenue sa force<\/title>\n<meta name=\"description\" content=\"Nous avons rencontr\u00e9 Aur\u00e9lie Muller, nageuse de 27 ans, qui a r\u00e9cemment remport\u00e9 trois m\u00e9dailles aux championnats du monde \u00e0 Budapest.\" \/>\n<meta name=\"robots\" content=\"index, follow, max-snippet:-1, max-image-preview:large, max-video-preview:-1\" \/>\n<link rel=\"canonical\" href=\"https:\/\/dicodusport.fr\/blog\/aurelie-muller-cette-cicatrice-devenue-force\/\" \/>\n<meta property=\"og:locale\" content=\"fr_FR\" \/>\n<meta property=\"og:type\" content=\"article\" \/>\n<meta property=\"og:title\" content=\"Aur\u00e9lie Muller, cette cicatrice devenue sa force\" \/>\n<meta property=\"og:description\" content=\"Nous avons rencontr\u00e9 Aur\u00e9lie Muller, nageuse de 27 ans, qui a r\u00e9cemment remport\u00e9 trois m\u00e9dailles aux championnats du monde \u00e0 Budapest.\" \/>\n<meta property=\"og:url\" content=\"https:\/\/dicodusport.fr\/blog\/aurelie-muller-cette-cicatrice-devenue-force\/\" \/>\n<meta property=\"og:site_name\" content=\"Dicodusport\" \/>\n<meta property=\"article:publisher\" content=\"https:\/\/www.facebook.com\/dicodusport\" \/>\n<meta property=\"article:author\" content=\"https:\/\/www.facebook.com\/dicodusport\" \/>\n<meta property=\"article:published_time\" content=\"2017-09-14T10:57:08+00:00\" \/>\n<meta property=\"article:modified_time\" content=\"2021-04-13T21:16:55+00:00\" \/>\n<meta property=\"og:image\" content=\"https:\/\/dicodusport.fr\/blog\/wp-content\/uploads\/2017\/09\/Aurelie-Muller.png\" \/>\n\t<meta property=\"og:image:width\" content=\"1200\" \/>\n\t<meta property=\"og:image:height\" content=\"670\" \/>\n\t<meta property=\"og:image:type\" content=\"image\/png\" \/>\n<meta name=\"author\" content=\"Nicolas Jacquemard\" \/>\n<meta name=\"twitter:card\" content=\"summary_large_image\" \/>\n<meta name=\"twitter:creator\" content=\"@https:\/\/twitter.com\/Nico_Jacquemard\" \/>\n<meta name=\"twitter:site\" content=\"@dicodusport\" \/>\n<script type=\"application\/ld+json\" class=\"yoast-schema-graph\">{\"@context\":\"https:\/\/schema.org\",\"@graph\":[{\"@type\":\"NewsArticle\",\"@id\":\"https:\/\/dicodusport.fr\/blog\/aurelie-muller-cette-cicatrice-devenue-force\/#article\",\"isPartOf\":{\"@id\":\"https:\/\/dicodusport.fr\/blog\/aurelie-muller-cette-cicatrice-devenue-force\/\"},\"author\":{\"name\":\"Nicolas Jacquemard\",\"@id\":\"https:\/\/dicodusport.fr\/blog\/#\/schema\/person\/55dcb50ad410894e431ed812bbb70191\"},\"headline\":\"Aur\u00e9lie Muller, cette cicatrice devenue sa force\",\"datePublished\":\"2017-09-14T10:57:08+00:00\",\"dateModified\":\"2021-04-13T21:16:55+00:00\",\"mainEntityOfPage\":{\"@id\":\"https:\/\/dicodusport.fr\/blog\/aurelie-muller-cette-cicatrice-devenue-force\/\"},\"wordCount\":1144,\"commentCount\":0,\"publisher\":{\"@id\":\"https:\/\/dicodusport.fr\/blog\/#organization\"},\"image\":{\"@id\":\"https:\/\/dicodusport.fr\/blog\/aurelie-muller-cette-cicatrice-devenue-force\/#primaryimage\"},\"thumbnailUrl\":\"https:\/\/dicodusport.fr\/blog\/wp-content\/uploads\/2017\/09\/Aurelie-Muller.png\",\"keywords\":[\"Aur\u00e9lie Muller\",\"Eau libre\",\"natation\",\"natation eau libre\"],\"articleSection\":[\"Natation\",\"Portraits\"],\"inLanguage\":\"fr-FR\",\"potentialAction\":[{\"@type\":\"CommentAction\",\"name\":\"Comment\",\"target\":[\"https:\/\/dicodusport.fr\/blog\/aurelie-muller-cette-cicatrice-devenue-force\/#respond\"]}],\"copyrightYear\":\"2017\",\"copyrightHolder\":{\"@id\":\"https:\/\/dicodusport.fr\/blog\/#organization\"}},{\"@type\":\"WebPage\",\"@id\":\"https:\/\/dicodusport.fr\/blog\/aurelie-muller-cette-cicatrice-devenue-force\/\",\"url\":\"https:\/\/dicodusport.fr\/blog\/aurelie-muller-cette-cicatrice-devenue-force\/\",\"name\":\"Aur\u00e9lie Muller, cette cicatrice devenue sa force\",\"isPartOf\":{\"@id\":\"https:\/\/dicodusport.fr\/blog\/#website\"},\"primaryImageOfPage\":{\"@id\":\"https:\/\/dicodusport.fr\/blog\/aurelie-muller-cette-cicatrice-devenue-force\/#primaryimage\"},\"image\":{\"@id\":\"https:\/\/dicodusport.fr\/blog\/aurelie-muller-cette-cicatrice-devenue-force\/#primaryimage\"},\"thumbnailUrl\":\"https:\/\/dicodusport.fr\/blog\/wp-content\/uploads\/2017\/09\/Aurelie-Muller.png\",\"datePublished\":\"2017-09-14T10:57:08+00:00\",\"dateModified\":\"2021-04-13T21:16:55+00:00\",\"description\":\"Nous avons rencontr\u00e9 Aur\u00e9lie Muller, nageuse de 27 ans, qui a r\u00e9cemment remport\u00e9 trois m\u00e9dailles aux championnats du monde \u00e0 Budapest.\",\"breadcrumb\":{\"@id\":\"https:\/\/dicodusport.fr\/blog\/aurelie-muller-cette-cicatrice-devenue-force\/#breadcrumb\"},\"inLanguage\":\"fr-FR\",\"potentialAction\":[{\"@type\":\"ReadAction\",\"target\":[\"https:\/\/dicodusport.fr\/blog\/aurelie-muller-cette-cicatrice-devenue-force\/\"]}]},{\"@type\":\"ImageObject\",\"inLanguage\":\"fr-FR\",\"@id\":\"https:\/\/dicodusport.fr\/blog\/aurelie-muller-cette-cicatrice-devenue-force\/#primaryimage\",\"url\":\"https:\/\/dicodusport.fr\/blog\/wp-content\/uploads\/2017\/09\/Aurelie-Muller.png\",\"contentUrl\":\"https:\/\/dicodusport.fr\/blog\/wp-content\/uploads\/2017\/09\/Aurelie-Muller.png\",\"width\":1200,\"height\":670,\"caption\":\"Aurelie Muller\"},{\"@type\":\"BreadcrumbList\",\"@id\":\"https:\/\/dicodusport.fr\/blog\/aurelie-muller-cette-cicatrice-devenue-force\/#breadcrumb\",\"itemListElement\":[{\"@type\":\"ListItem\",\"position\":1,\"name\":\"Accueil\",\"item\":\"https:\/\/dicodusport.fr\/blog\/\"},{\"@type\":\"ListItem\",\"position\":2,\"name\":\"Aur\u00e9lie Muller, cette cicatrice devenue sa force\"}]},{\"@type\":\"WebSite\",\"@id\":\"https:\/\/dicodusport.fr\/blog\/#website\",\"url\":\"https:\/\/dicodusport.fr\/blog\/\",\"name\":\"Dicodusport\",\"description\":\"L&#039;encyclop\u00e9die de l&#039;actualit\u00e9 sportive\",\"publisher\":{\"@id\":\"https:\/\/dicodusport.fr\/blog\/#organization\"},\"potentialAction\":[{\"@type\":\"SearchAction\",\"target\":{\"@type\":\"EntryPoint\",\"urlTemplate\":\"https:\/\/dicodusport.fr\/blog\/?s={search_term_string}\"},\"query-input\":{\"@type\":\"PropertyValueSpecification\",\"valueRequired\":true,\"valueName\":\"search_term_string\"}}],\"inLanguage\":\"fr-FR\"},{\"@type\":\"NewsMediaOrganization\",\"@id\":\"https:\/\/dicodusport.fr\/blog\/#organization\",\"name\":\"Dicodusport\",\"url\":\"https:\/\/dicodusport.fr\/blog\/\",\"logo\":{\"@type\":\"ImageObject\",\"inLanguage\":\"fr-FR\",\"@id\":\"https:\/\/dicodusport.fr\/blog\/#\/schema\/logo\/image\/\",\"url\":\"https:\/\/dicodusport.fr\/blog\/wp-content\/uploads\/2020\/06\/cropped-LOGO-DICODUSPORT-2020-SANS-FOND-SANS-TEXTE.png\",\"contentUrl\":\"https:\/\/dicodusport.fr\/blog\/wp-content\/uploads\/2020\/06\/cropped-LOGO-DICODUSPORT-2020-SANS-FOND-SANS-TEXTE.png\",\"width\":512,\"height\":512,\"caption\":\"Dicodusport\"},\"image\":{\"@id\":\"https:\/\/dicodusport.fr\/blog\/#\/schema\/logo\/image\/\"},\"sameAs\":[\"https:\/\/www.facebook.com\/dicodusport\",\"https:\/\/x.com\/dicodusport\",\"https:\/\/www.instagram.com\/dicodusport\/\",\"https:\/\/www.youtube.com\/channel\/UC7V2KZ5sd3htJivAbA4ZG3w\"],\"description\":\"Dicodusport est l'encyclop\u00e9die de l'actualit\u00e9 sportive.\",\"email\":\"bonjour@dicodusport.fr\",\"legalName\":\"DICODUSPORT\",\"foundingDate\":\"2018-01-14\",\"vatID\":\"FR71834470973\",\"taxID\":\"83447097300043\",\"numberOfEmployees\":{\"@type\":\"QuantitativeValue\",\"minValue\":\"1\",\"maxValue\":\"10\"}},{\"@type\":\"Person\",\"@id\":\"https:\/\/dicodusport.fr\/blog\/#\/schema\/person\/55dcb50ad410894e431ed812bbb70191\",\"name\":\"Nicolas Jacquemard\",\"image\":{\"@type\":\"ImageObject\",\"inLanguage\":\"fr-FR\",\"@id\":\"https:\/\/dicodusport.fr\/blog\/#\/schema\/person\/image\/\",\"url\":\"https:\/\/dicodusport.fr\/blog\/wp-content\/uploads\/2021\/05\/Nicolas-Jacquemard-150x150.jpeg\",\"contentUrl\":\"https:\/\/dicodusport.fr\/blog\/wp-content\/uploads\/2021\/05\/Nicolas-Jacquemard-150x150.jpeg\",\"caption\":\"Nicolas Jacquemard\"},\"description\":\"Passionn\u00e9 de sport et entrepreneur depuis mes 18 ans, la cr\u00e9ation de Dicodusport m'a sembl\u00e9 \u00e9vidente pour participer \u00e0 la m\u00e9diatisation d'un plus grand nombre de sports. Le chemin est long mais avec une \u00e9quipe des plus motiv\u00e9es et les Jeux Olympiques de Paris 2024 en point de mire, nous y arriverons ! Journaliste dans le monde du sport depuis plus de 5 ans, je traite aussi bien de football, de rugby, de biathlon que de cyclisme.\",\"sameAs\":[\"https:\/\/www.facebook.com\/dicodusport\",\"https:\/\/x.com\/https:\/\/twitter.com\/Nico_Jacquemard\"],\"url\":\"https:\/\/dicodusport.fr\/blog\/author\/dicodusport\/\"}]}<\/script>\n<!-- \/ Yoast SEO Premium plugin. -->","yoast_head_json":{"title":"Aur\u00e9lie Muller, cette cicatrice devenue sa force","description":"Nous avons rencontr\u00e9 Aur\u00e9lie Muller, nageuse de 27 ans, qui a r\u00e9cemment remport\u00e9 trois m\u00e9dailles aux championnats du monde \u00e0 Budapest.","robots":{"index":"index","follow":"follow","max-snippet":"max-snippet:-1","max-image-preview":"max-image-preview:large","max-video-preview":"max-video-preview:-1"},"canonical":"https:\/\/dicodusport.fr\/blog\/aurelie-muller-cette-cicatrice-devenue-force\/","og_locale":"fr_FR","og_type":"article","og_title":"Aur\u00e9lie Muller, cette cicatrice devenue sa force","og_description":"Nous avons rencontr\u00e9 Aur\u00e9lie Muller, nageuse de 27 ans, qui a r\u00e9cemment remport\u00e9 trois m\u00e9dailles aux championnats du monde \u00e0 Budapest.","og_url":"https:\/\/dicodusport.fr\/blog\/aurelie-muller-cette-cicatrice-devenue-force\/","og_site_name":"Dicodusport","article_publisher":"https:\/\/www.facebook.com\/dicodusport","article_author":"https:\/\/www.facebook.com\/dicodusport","article_published_time":"2017-09-14T10:57:08+00:00","article_modified_time":"2021-04-13T21:16:55+00:00","og_image":[{"width":1200,"height":670,"url":"https:\/\/dicodusport.fr\/blog\/wp-content\/uploads\/2017\/09\/Aurelie-Muller.png","type":"image\/png"}],"author":"Nicolas Jacquemard","twitter_card":"summary_large_image","twitter_creator":"@https:\/\/twitter.com\/Nico_Jacquemard","twitter_site":"@dicodusport","schema":{"@context":"https:\/\/schema.org","@graph":[{"@type":"NewsArticle","@id":"https:\/\/dicodusport.fr\/blog\/aurelie-muller-cette-cicatrice-devenue-force\/#article","isPartOf":{"@id":"https:\/\/dicodusport.fr\/blog\/aurelie-muller-cette-cicatrice-devenue-force\/"},"author":{"name":"Nicolas Jacquemard","@id":"https:\/\/dicodusport.fr\/blog\/#\/schema\/person\/55dcb50ad410894e431ed812bbb70191"},"headline":"Aur\u00e9lie Muller, cette cicatrice devenue sa force","datePublished":"2017-09-14T10:57:08+00:00","dateModified":"2021-04-13T21:16:55+00:00","mainEntityOfPage":{"@id":"https:\/\/dicodusport.fr\/blog\/aurelie-muller-cette-cicatrice-devenue-force\/"},"wordCount":1144,"commentCount":0,"publisher":{"@id":"https:\/\/dicodusport.fr\/blog\/#organization"},"image":{"@id":"https:\/\/dicodusport.fr\/blog\/aurelie-muller-cette-cicatrice-devenue-force\/#primaryimage"},"thumbnailUrl":"https:\/\/dicodusport.fr\/blog\/wp-content\/uploads\/2017\/09\/Aurelie-Muller.png","keywords":["Aur\u00e9lie Muller","Eau libre","natation","natation eau libre"],"articleSection":["Natation","Portraits"],"inLanguage":"fr-FR","potentialAction":[{"@type":"CommentAction","name":"Comment","target":["https:\/\/dicodusport.fr\/blog\/aurelie-muller-cette-cicatrice-devenue-force\/#respond"]}],"copyrightYear":"2017","copyrightHolder":{"@id":"https:\/\/dicodusport.fr\/blog\/#organization"}},{"@type":"WebPage","@id":"https:\/\/dicodusport.fr\/blog\/aurelie-muller-cette-cicatrice-devenue-force\/","url":"https:\/\/dicodusport.fr\/blog\/aurelie-muller-cette-cicatrice-devenue-force\/","name":"Aur\u00e9lie Muller, cette cicatrice devenue sa force","isPartOf":{"@id":"https:\/\/dicodusport.fr\/blog\/#website"},"primaryImageOfPage":{"@id":"https:\/\/dicodusport.fr\/blog\/aurelie-muller-cette-cicatrice-devenue-force\/#primaryimage"},"image":{"@id":"https:\/\/dicodusport.fr\/blog\/aurelie-muller-cette-cicatrice-devenue-force\/#primaryimage"},"thumbnailUrl":"https:\/\/dicodusport.fr\/blog\/wp-content\/uploads\/2017\/09\/Aurelie-Muller.png","datePublished":"2017-09-14T10:57:08+00:00","dateModified":"2021-04-13T21:16:55+00:00","description":"Nous avons rencontr\u00e9 Aur\u00e9lie Muller, nageuse de 27 ans, qui a r\u00e9cemment remport\u00e9 trois m\u00e9dailles aux championnats du monde \u00e0 Budapest.","breadcrumb":{"@id":"https:\/\/dicodusport.fr\/blog\/aurelie-muller-cette-cicatrice-devenue-force\/#breadcrumb"},"inLanguage":"fr-FR","potentialAction":[{"@type":"ReadAction","target":["https:\/\/dicodusport.fr\/blog\/aurelie-muller-cette-cicatrice-devenue-force\/"]}]},{"@type":"ImageObject","inLanguage":"fr-FR","@id":"https:\/\/dicodusport.fr\/blog\/aurelie-muller-cette-cicatrice-devenue-force\/#primaryimage","url":"https:\/\/dicodusport.fr\/blog\/wp-content\/uploads\/2017\/09\/Aurelie-Muller.png","contentUrl":"https:\/\/dicodusport.fr\/blog\/wp-content\/uploads\/2017\/09\/Aurelie-Muller.png","width":1200,"height":670,"caption":"Aurelie Muller"},{"@type":"BreadcrumbList","@id":"https:\/\/dicodusport.fr\/blog\/aurelie-muller-cette-cicatrice-devenue-force\/#breadcrumb","itemListElement":[{"@type":"ListItem","position":1,"name":"Accueil","item":"https:\/\/dicodusport.fr\/blog\/"},{"@type":"ListItem","position":2,"name":"Aur\u00e9lie Muller, cette cicatrice devenue sa force"}]},{"@type":"WebSite","@id":"https:\/\/dicodusport.fr\/blog\/#website","url":"https:\/\/dicodusport.fr\/blog\/","name":"Dicodusport","description":"L&#039;encyclop\u00e9die de l&#039;actualit\u00e9 sportive","publisher":{"@id":"https:\/\/dicodusport.fr\/blog\/#organization"},"potentialAction":[{"@type":"SearchAction","target":{"@type":"EntryPoint","urlTemplate":"https:\/\/dicodusport.fr\/blog\/?s={search_term_string}"},"query-input":{"@type":"PropertyValueSpecification","valueRequired":true,"valueName":"search_term_string"}}],"inLanguage":"fr-FR"},{"@type":"NewsMediaOrganization","@id":"https:\/\/dicodusport.fr\/blog\/#organization","name":"Dicodusport","url":"https:\/\/dicodusport.fr\/blog\/","logo":{"@type":"ImageObject","inLanguage":"fr-FR","@id":"https:\/\/dicodusport.fr\/blog\/#\/schema\/logo\/image\/","url":"https:\/\/dicodusport.fr\/blog\/wp-content\/uploads\/2020\/06\/cropped-LOGO-DICODUSPORT-2020-SANS-FOND-SANS-TEXTE.png","contentUrl":"https:\/\/dicodusport.fr\/blog\/wp-content\/uploads\/2020\/06\/cropped-LOGO-DICODUSPORT-2020-SANS-FOND-SANS-TEXTE.png","width":512,"height":512,"caption":"Dicodusport"},"image":{"@id":"https:\/\/dicodusport.fr\/blog\/#\/schema\/logo\/image\/"},"sameAs":["https:\/\/www.facebook.com\/dicodusport","https:\/\/x.com\/dicodusport","https:\/\/www.instagram.com\/dicodusport\/","https:\/\/www.youtube.com\/channel\/UC7V2KZ5sd3htJivAbA4ZG3w"],"description":"Dicodusport est l'encyclop\u00e9die de l'actualit\u00e9 sportive.","email":"bonjour@dicodusport.fr","legalName":"DICODUSPORT","foundingDate":"2018-01-14","vatID":"FR71834470973","taxID":"83447097300043","numberOfEmployees":{"@type":"QuantitativeValue","minValue":"1","maxValue":"10"}},{"@type":"Person","@id":"https:\/\/dicodusport.fr\/blog\/#\/schema\/person\/55dcb50ad410894e431ed812bbb70191","name":"Nicolas Jacquemard","image":{"@type":"ImageObject","inLanguage":"fr-FR","@id":"https:\/\/dicodusport.fr\/blog\/#\/schema\/person\/image\/","url":"https:\/\/dicodusport.fr\/blog\/wp-content\/uploads\/2021\/05\/Nicolas-Jacquemard-150x150.jpeg","contentUrl":"https:\/\/dicodusport.fr\/blog\/wp-content\/uploads\/2021\/05\/Nicolas-Jacquemard-150x150.jpeg","caption":"Nicolas Jacquemard"},"description":"Passionn\u00e9 de sport et entrepreneur depuis mes 18 ans, la cr\u00e9ation de Dicodusport m'a sembl\u00e9 \u00e9vidente pour participer \u00e0 la m\u00e9diatisation d'un plus grand nombre de sports. Le chemin est long mais avec une \u00e9quipe des plus motiv\u00e9es et les Jeux Olympiques de Paris 2024 en point de mire, nous y arriverons ! Journaliste dans le monde du sport depuis plus de 5 ans, je traite aussi bien de football, de rugby, de biathlon que de cyclisme.","sameAs":["https:\/\/www.facebook.com\/dicodusport","https:\/\/x.com\/https:\/\/twitter.com\/Nico_Jacquemard"],"url":"https:\/\/dicodusport.fr\/blog\/author\/dicodusport\/"}]}},"_links":{"self":[{"href":"https:\/\/dicodusport.fr\/blog\/wp-json\/wp\/v2\/posts\/4810","targetHints":{"allow":["GET"]}}],"collection":[{"href":"https:\/\/dicodusport.fr\/blog\/wp-json\/wp\/v2\/posts"}],"about":[{"href":"https:\/\/dicodusport.fr\/blog\/wp-json\/wp\/v2\/types\/post"}],"author":[{"embeddable":true,"href":"https:\/\/dicodusport.fr\/blog\/wp-json\/wp\/v2\/users\/1"}],"replies":[{"embeddable":true,"href":"https:\/\/dicodusport.fr\/blog\/wp-json\/wp\/v2\/comments?post=4810"}],"version-history":[{"count":0,"href":"https:\/\/dicodusport.fr\/blog\/wp-json\/wp\/v2\/posts\/4810\/revisions"}],"wp:featuredmedia":[{"embeddable":true,"href":"https:\/\/dicodusport.fr\/blog\/wp-json\/wp\/v2\/media\/4843"}],"wp:attachment":[{"href":"https:\/\/dicodusport.fr\/blog\/wp-json\/wp\/v2\/media?parent=4810"}],"wp:term":[{"taxonomy":"category","embeddable":true,"href":"https:\/\/dicodusport.fr\/blog\/wp-json\/wp\/v2\/categories?post=4810"},{"taxonomy":"post_tag","embeddable":true,"href":"https:\/\/dicodusport.fr\/blog\/wp-json\/wp\/v2\/tags?post=4810"}],"curies":[{"name":"wp","href":"https:\/\/api.w.org\/{rel}","templated":true}]}}