{"id":481160,"date":"2024-04-28T14:57:08","date_gmt":"2024-04-28T12:57:08","guid":{"rendered":"https:\/\/dicodusport.fr\/blog\/?p=481160&#038;preview=true&#038;preview_id=481160"},"modified":"2024-04-28T14:57:59","modified_gmt":"2024-04-28T12:57:59","slug":"motogp-espagne-2024-programme-horaires-chaine-tv-et-resultats","status":"publish","type":"post","link":"https:\/\/dicodusport.fr\/blog\/motogp-espagne-2024-programme-horaires-chaine-tv-et-resultats\/","title":{"rendered":"MotoGP Espagne 2024 : Programme, horaires, cha\u00eene TV et r\u00e9sultats"},"content":{"rendered":"<p style=\"text-align: justify;\"><em><strong><a href=\"https:\/\/dicodusport.fr\/blog\/actualites\/sports-mecaniques\/moto\/\">MOTOGP 2024<\/a> &#8211; Le Grand Prix d&rsquo;Espagne <\/strong><\/em><strong style=\"font-style: italic;\">2024 de MotoGP se d\u00e9roulera ce week-end sur le circui<\/strong><strong><em>t<\/em><\/strong>\u00a0<em><strong>de Jerez<span class=\"tsp-di\"><em><strong>.<\/strong><\/em> Apr\u00e8s une derni\u00e8re course de folie aux \u00c9tats-Unis, que se passera-t-il ce week-end ? <\/span>Programme TV, horaires, enjeux et r\u00e9sultats : soyez incollables avant la 5<sup>\u00e8me<\/sup> manche du Championnat du monde de MotoGP 2024.<\/strong><\/em><\/p>\n<ul>\n<li style=\"text-align: justify;\"><strong>\u00c0 ce sujet &#8211; <a href=\"https:\/\/dicodusport.fr\/blog\/calendrier-motogp-2024-dates-et-horaires-des-grands-prix\/\" rel=\"\">Calendrier MotoGP 2024 : Dates et horaires des Grands Prix<\/a><\/strong><\/li>\n<\/ul>\n<h2 style=\"text-align: justify;\">L&rsquo;Histoire du Grand Prix d&rsquo;Espagne de MotoGP<\/h2>\n<p style=\"text-align: justify;\">Le Grand Prix d\u2019Espagne est une \u00e9tape du championnat du monde de MotoGP, au calendrier depuis 1987. Except\u00e9 en 1988 sur le circuit du Jamara, il s\u2019est toujours d\u00e9roul\u00e9 sur le circuit de Jerez. Il n\u2019a jamais manqu\u00e9 au calendrier, m\u00eame lors des ann\u00e9es de pand\u00e9mie.<\/p>\n<p style=\"text-align: justify;\">La derni\u00e8re \u00e9dition en date de 2023 avait \u00e9t\u00e9 mouvement\u00e9e avec un drapeau rouge d\u00e8s le d\u00e9part. Le Fran\u00e7ais <strong>Fabio Quartararo<\/strong> \u00e9tait tomb\u00e9, entra\u00eenant dans sa chute <strong>Miguel Oliveira<\/strong> et <strong>Marco Bezzecchi<\/strong>. Finalement, c&rsquo;est <strong>Francesco Bagnaia<\/strong> qu&rsquo;il l&rsquo;avait emport\u00e9 en d\u00e9passant <strong>Brad Binder<\/strong> dans le dernier tour.<\/p>\n<p><iframe loading=\"lazy\" title=\"Le r\u00e9sum\u00e9 du Grand Prix d'Espagne - MotoGP\" src=\"https:\/\/www.youtube.com\/embed\/VhAPmMfej8A\" width=\"875\" height=\"492\" frameborder=\"0\" allowfullscreen=\"allowfullscreen\"><\/iframe><\/p>\n<h2 style=\"text-align: justify;\">MotoGP Espagne &#8211; Les sp\u00e9cificit\u00e9s du circuit de Jerez<\/h2>\n<p style=\"text-align: justify;\">Un tour de ce circuit, c\u2019est 4,4 km ! Le circuit permanent de Jerez comporte 13 virages, dont 5 \u00e0 gauche et 8 \u00e0 droite. Il est l\u2019un des circuits de Moto les plus populaires et appr\u00e9ci\u00e9s. Tr\u00e8s complet, il alterne entre virages lents et rapides. La course se d\u00e9roulera sur 25 tours, soit environ 111 km. La plus longue ligne droite ne mesure que 607 m, o\u00f9 les pilotes atteignent g\u00e9n\u00e9ralement tout juste les 300 km\/h.<\/p>\n<p>&nbsp;<\/p>\n<p>&nbsp;<\/p>\n<div id=\"attachment_219331\" style=\"width: 640px\" class=\"wp-caption aligncenter\"><img loading=\"lazy\" decoding=\"async\" aria-describedby=\"caption-attachment-219331\" class=\"size-full wp-image-219331\" src=\"https:\/\/dicodusport.fr\/blog\/wp-content\/uploads\/2022\/04\/Circuit-Jerez-MotoGP.png\" alt=\"Circuit Jerez MotoGP\" width=\"630\" height=\"606\" srcset=\"https:\/\/dicodusport.fr\/blog\/wp-content\/uploads\/2022\/04\/Circuit-Jerez-MotoGP.png 630w, https:\/\/dicodusport.fr\/blog\/wp-content\/uploads\/2022\/04\/Circuit-Jerez-MotoGP-300x289.png 300w\" sizes=\"auto, (max-width: 630px) 100vw, 630px\" \/><p id=\"caption-attachment-219331\" class=\"wp-caption-text\">Circuit Jerez MotoGP &#8211; Via MotoGP<\/p><\/div>\n<p style=\"text-align: justify;\">C\u00f4t\u00e9 m\u00e9t\u00e9o, il est pr\u00e9vu du beau temps avec du soleil et des temp\u00e9ratures oscillant autour des 20 degr\u00e9s ce week-end.<\/p>\n<h2 style=\"text-align: justify;\">MotoGP Grand Prix d&rsquo;Espagne 2024 &#8211; Programme TV et horaires<\/h2>\n<table style=\"width: 100%; border-collapse: collapse;\">\n<tbody>\n<tr>\n<td style=\"background-color: #c80502; width: 800px; text-align: center; vertical-align: middle;\" colspan=\"6\"><span style=\"color: #ffffff;\"><strong>VENDREDI 26 AVRIL 2024<\/strong><\/span><\/td>\n<\/tr>\n<tr>\n<td style=\"text-align: center; vertical-align: middle; width: 20%; background-color: #000000;\"><span style=\"color: #ffffff; font-size: 0.9em;\"><strong>Horaire<\/strong><\/span><\/td>\n<td style=\"text-align: center; vertical-align: middle; width: 20%; background-color: #000000;\" colspan=\"2\"><span style=\"color: #ffffff;\"><span style=\"font-size: 0.9em;\"><b>\u00c9preuve<\/b><\/span><\/span><\/td>\n<td style=\"text-align: center; vertical-align: middle; width: 20%; background-color: #000000;\"><span style=\"color: #ffffff; font-size: 0.9em;\"><strong>Premier<\/strong><\/span><\/td>\n<td style=\"text-align: center; vertical-align: middle; width: 20%; background-color: #000000;\"><span style=\"color: #ffffff; font-size: 0.9em;\"><strong>Deuxi\u00e8me<\/strong><\/span><\/td>\n<td style=\"text-align: center; vertical-align: middle; width: 20%; background-color: #000000;\"><span style=\"color: #ffffff; font-size: 0.9em;\"><strong>Troisi\u00e8me<\/strong><\/span><\/td>\n<\/tr>\n<tr>\n<td style=\"text-align: center; vertical-align: middle; width: 20%;\"><strong>10H45 &#8211; 11H30<\/strong><\/td>\n<td style=\"vertical-align: middle; width: 20%; text-align: center;\" colspan=\"2\"><strong>Essais libres 1<span style=\"font-size: 0.9em;\"><em><span style=\"font-size: 0.8em;\"><br \/>\n<\/span><\/em><\/span><a href=\"https:\/\/fr.motorsport.com\/motogp\/results\/2024\/gp-despagne-641725\/?st=FP1\"><span style=\"font-size: 11.52px;\"><i>Classement<\/i><\/span><\/a><br \/>\n<\/strong><\/td>\n<td style=\"text-align: center; vertical-align: middle; width: 20%;\"><span style=\"font-size: 0.9em;\"><strong><img loading=\"lazy\" decoding=\"async\" class=\"\" src=\"https:\/\/cdn-8.motorsport.com\/images\/vcl\/q633yq6A\/s3\/ducati-desmosedici-gp23-3.png\" width=\"55\" height=\"23\" \/><br \/>\n\ud83c\uddea\ud83c\uddf8 ALEX MARQUEZ<br \/>\n<\/strong><span style=\"font-size: 0.8em;\">GRESINI RACING MOTOGP<br \/>\n<strong><span style=\"font-size: 11.52px;\"><i>1:36.630<\/i><\/span><\/strong><br \/>\n<\/span><\/span><\/td>\n<td style=\"text-align: center; vertical-align: middle; width: 20%;\"><span style=\"font-size: 0.9em;\"><strong><img loading=\"lazy\" decoding=\"async\" class=\"\" src=\"https:\/\/cdn-8.motorsport.com\/images\/vcl\/q633yq6A\/s3\/ducati-desmosedici-gp23-3.png\" width=\"55\" height=\"23\" \/><br \/>\n\ud83c\uddea\ud83c\uddf8 MARC MARQUEZ<br \/>\n<\/strong><span style=\"font-size: 0.8em;\">GRESINI RACING MOTOGP<br \/>\n<strong><span style=\"font-size: 11.52px;\"><i>+0.507<\/i><\/span><\/strong><br \/>\n<\/span><\/span><\/td>\n<td style=\"text-align: center; vertical-align: middle; width: 20%;\"><span style=\"font-size: 0.9em;\"><strong><img loading=\"lazy\" decoding=\"async\" class=\"\" src=\"https:\/\/cdn-4.motorsport.com\/images\/vcl\/K6Ol8G0a\/s2\/aprilia-rs-gp.png\" width=\"55\" height=\"23\" \/><br \/>\n\ud83c\uddea\ud83c\uddf8 MAVERICK VINALES <br style=\"font-size: 14.4px;\" \/><\/strong><span style=\"font-size: 0.8em;\">APRILIA RACING<br \/>\n<strong><span style=\"font-size: 11.52px;\"><i>+0.591<\/i><\/span><\/strong><br \/>\n<\/span><\/span><\/td>\n<\/tr>\n<tr>\n<td style=\"text-align: center; vertical-align: middle; width: 20%;\"><strong>15H00 &#8211; 16H00<\/strong><\/td>\n<td style=\"text-align: center; vertical-align: middle;\" colspan=\"2\"><strong>Essais libres 2<br \/>\n<a href=\"https:\/\/fr.motorsport.com\/motogp\/results\/2024\/gp-despagne-641725\/?st=FiP\"><span style=\"font-size: 11.52px;\"><i>Classement<\/i><\/span><\/a><br \/>\n<\/strong><\/td>\n<td style=\"text-align: center; vertical-align: middle; width: 20%;\"><span style=\"font-size: 0.9em;\"><strong><img loading=\"lazy\" decoding=\"async\" class=\"\" src=\"https:\/\/cdn-3.motorsport.com\/images\/vcl\/KYpzmA01\/s2\/ducati-desmosedici-gp24-2.png\" width=\"55\" height=\"23\" \/><br \/>\n\ud83c\uddee\ud83c\uddf9 FRANCESCO BAGNAIA<br \/>\n<\/strong><span style=\"font-size: 0.8em;\">DUCATI LENOVO TEAM<br \/>\n<strong><span style=\"font-size: 11.52px;\"><i>1:36.025<\/i><\/span><\/strong><br \/>\n<\/span><\/span><\/td>\n<td style=\"text-align: center; vertical-align: middle; width: 20%;\"><span style=\"font-size: 0.9em;\"><strong><img loading=\"lazy\" decoding=\"async\" class=\"\" src=\"https:\/\/cdn-4.motorsport.com\/images\/vcl\/K6Ol8G0a\/s2\/aprilia-rs-gp.png\" width=\"55\" height=\"23\" \/><br \/>\n\ud83c\uddea\ud83c\uddf8 MAVERICK VINALES <br style=\"font-size: 14.4px;\" \/><\/strong><span style=\"font-size: 0.8em;\">APRILIA RACING<br \/>\n<strong><span style=\"font-size: 11.52px;\"><i>+0.100<\/i><\/span><\/strong><\/span><\/span><\/td>\n<td style=\"text-align: center; vertical-align: middle; width: 20%;\"><span style=\"font-size: 0.9em;\"><strong><img loading=\"lazy\" decoding=\"async\" class=\"\" src=\"https:\/\/cdn-8.motorsport.com\/images\/vcl\/q633yq6A\/s3\/ducati-desmosedici-gp23-3.png\" width=\"55\" height=\"23\" \/><br \/>\n\ud83c\uddea\ud83c\uddf8 MARC MARQUEZ<br \/>\n<\/strong><span style=\"font-size: 0.8em;\">GRESINI RACING MOTOGP<br \/>\n<strong><span style=\"font-size: 11.52px;\"><i>+0.143<\/i><\/span><\/strong><\/span><\/span><\/td>\n<\/tr>\n<tr>\n<td style=\"background-color: #c80502; width: 800px; text-align: center; vertical-align: middle;\" colspan=\"6\"><span style=\"color: #ffffff;\"><strong>SAMEDI 27 AVRIL 2024<\/strong><\/span><\/td>\n<\/tr>\n<tr>\n<td style=\"text-align: center; vertical-align: middle; width: 20%; background-color: #000000;\"><span style=\"color: #ffffff; font-size: 0.9em;\"><strong>Horaire<\/strong><\/span><\/td>\n<td style=\"text-align: center; vertical-align: middle; width: 20%; background-color: #000000;\" colspan=\"2\"><span style=\"color: #ffffff;\"><span style=\"font-size: 0.9em;\"><b>\u00c9preuve<\/b><\/span><\/span><\/td>\n<td style=\"text-align: center; vertical-align: middle; width: 20%; background-color: #000000;\"><span style=\"color: #ffffff; font-size: 0.9em;\"><strong>Premier<\/strong><\/span><\/td>\n<td style=\"text-align: center; vertical-align: middle; width: 20%; background-color: #000000;\"><span style=\"color: #ffffff; font-size: 0.9em;\"><strong>Deuxi\u00e8me<\/strong><\/span><\/td>\n<td style=\"text-align: center; vertical-align: middle; width: 20%; background-color: #000000;\"><span style=\"color: #ffffff; font-size: 0.9em;\"><strong>Troisi\u00e8me<\/strong><\/span><\/td>\n<\/tr>\n<tr>\n<td style=\"text-align: center; vertical-align: middle; width: 20%;\"><strong>10H10 &#8211; 10H40<\/strong><\/td>\n<td style=\"text-align: center; vertical-align: middle; width: 20%;\" colspan=\"2\"><strong>Essais libres 3<span style=\"font-size: 0.9em;\"><em><span style=\"font-size: 0.8em;\"><br \/>\n<\/span><\/em><\/span><a href=\"https:\/\/www.motogp.com\/fr\/gp-results\/2024\/spa\/motogp\/fp2\/classification\"><span style=\"font-size: 11.52px;\"><i>Classement<\/i><\/span><\/a><br \/>\n<\/strong><\/td>\n<td style=\"text-align: center; vertical-align: middle; width: 20%;\"><span style=\"font-size: 0.9em;\"><strong><img loading=\"lazy\" decoding=\"async\" class=\"\" src=\"https:\/\/cdn-8.motorsport.com\/images\/vcl\/q633yq6A\/s3\/ducati-desmosedici-gp23-3.png\" width=\"55\" height=\"23\" \/><br \/>\n\ud83c\uddea\ud83c\uddf8 MARC MARQUEZ<br \/>\n<\/strong><span style=\"font-size: 0.8em;\">GRESINI RACING MOTOGP<br \/>\n<strong><span style=\"font-size: 11.52px;\"><i>1:48.183<\/i><\/span><\/strong><br \/>\n<\/span><\/span><\/td>\n<td style=\"text-align: center; vertical-align: middle; width: 20%;\"><span style=\"font-size: 0.9em;\"><strong><img loading=\"lazy\" decoding=\"async\" class=\"\" src=\"https:\/\/cdn-1.motorsport.com\/images\/vcl\/vYMlBV2E\/s2\/ducati-desmosedici-gp23-2.png\" width=\"55\" height=\"23\" \/><br \/>\n\ud83c\uddee\ud83c\uddf9 FABIO DI GIANNANTONIO<br \/>\n<\/strong><span style=\"font-size: 0.8em;\">VR46 RACING TEAM<br \/>\n<strong><span style=\"font-size: 11.52px;\"><i>+0.076<\/i><\/span><\/strong><br \/>\n<\/span><\/span><\/td>\n<td style=\"text-align: center; vertical-align: middle; width: 20%;\"><span style=\"font-size: 0.9em;\"><strong><img loading=\"lazy\" decoding=\"async\" class=\"\" src=\"https:\/\/cdn-3.motorsport.com\/images\/vcl\/KYpzmA01\/s2\/ducati-desmosedici-gp24-2.png\" width=\"55\" height=\"23\" \/><br \/>\n\ud83c\uddee\ud83c\uddf9 FRANCESCO BAGNAIA<br \/>\n<\/strong><span style=\"font-size: 0.8em;\">DUCATI LENOVO TEAM<br \/>\n<strong><span style=\"font-size: 11.52px;\"><i>+0.470<\/i><\/span><\/strong><br \/>\n<\/span><\/span><\/td>\n<\/tr>\n<tr>\n<td style=\"text-align: center; vertical-align: middle; width: 20%;\"><strong>10H50 &#8211; 11<\/strong><strong>H05<\/strong><\/td>\n<td style=\"text-align: center; vertical-align: middle;\" colspan=\"2\"><strong>Qualifications 1<br \/>\n<a href=\"https:\/\/www.motogp.com\/fr\/gp-results\/2024\/spa\/motogp\/q1\/classification\"><span style=\"font-size: 11.52px;\"><i>Classement<\/i><\/span><\/a><br \/>\n<\/strong><\/td>\n<td style=\"text-align: center; vertical-align: middle; width: 20%;\"><span style=\"font-size: 0.9em;\"><strong><img loading=\"lazy\" decoding=\"async\" class=\"\" src=\"https:\/\/cdn-4.motorsport.com\/images\/vcl\/K6x9JM0Q\/s2\/ducati-desmosedici-gp24-2.png\" width=\"55\" height=\"23\" \/><br \/>\n\ud83c\uddee\ud83c\uddf9 FRANCO MORBIDELLI<br \/>\n<\/strong><span style=\"font-size: 0.8em;\">PRIMA PRAMAC RACING<br \/>\n<strong><span style=\"font-size: 11.52px;\"><i>1:47.887<\/i><\/span><\/strong><br \/>\n<\/span><\/span><\/td>\n<td style=\"text-align: center; vertical-align: middle; width: 20%;\"><span style=\"font-size: 0.9em;\"><strong><img loading=\"lazy\" decoding=\"async\" class=\"\" src=\"https:\/\/cdn-8.motorsport.com\/images\/vcl\/80Zl1VYe\/s2\/ktm-rc16-2.png\" width=\"55\" height=\"23\" \/><br \/>\n\ud83c\uddff\ud83c\udde6 BRAD BINDER<br style=\"font-size: 14.4px;\" \/><\/strong><span style=\"font-size: 0.8em;\">RED BULL KTM FACTORY RACING<br \/>\n<strong><span style=\"font-size: 11.52px;\"><i>+0.062<\/i><\/span><\/strong><br \/>\n<\/span><\/span><\/td>\n<td style=\"text-align: center; vertical-align: middle; width: 20%;\"><span style=\"font-size: 0.9em;\"><strong><img loading=\"lazy\" decoding=\"async\" class=\"\" src=\"https:\/\/cdn-3.motorsport.com\/images\/vcl\/x27Brv0E\/s2\/honda-rc213v-2.png\" width=\"55\" height=\"23\" \/><br \/>\n\ud83c\uddeb\ud83c\uddf7 JOHANN ZARCO<br \/>\n<\/strong><span style=\"font-size: 0.8em;\">LCR HONDA<br \/>\n<strong><span style=\"font-size: 11.52px;\"><i>+0.215<\/i><\/span><\/strong><br \/>\n<\/span><\/span><\/td>\n<\/tr>\n<tr>\n<td style=\"text-align: center; vertical-align: middle; width: 20%;\"><strong>11H15 &#8211; 11H30<\/strong><\/td>\n<td style=\"text-align: center; vertical-align: middle;\" colspan=\"2\"><strong>Qualifications 2<br \/>\n<a title=\"MotoGP Espagne Jerez 2024 : Marc Marquez pour sa 65\u00e8me pole position !\" href=\"https:\/\/dicodusport.fr\/blog\/motogp-espagne-jerez-2024-marc-marquez-pour-sa-65eme-pole-position\/\" rel=\"\"><span style=\"font-size: 11.52px;\"><i>R\u00e9sum\u00e9<\/i><\/span><\/a> &#8211;\u00a0<a href=\"https:\/\/www.motogp.com\/fr\/gp-results\/2024\/spa\/motogp\/q2\/classification\"><span style=\"font-size: 11.52px;\"><i>Classement<\/i><\/span><\/a><br \/>\n<\/strong><\/td>\n<td style=\"text-align: center; vertical-align: middle; width: 20%;\"><span style=\"font-size: 0.9em;\"><strong><img loading=\"lazy\" decoding=\"async\" class=\"\" src=\"https:\/\/cdn-8.motorsport.com\/images\/vcl\/q633yq6A\/s3\/ducati-desmosedici-gp23-3.png\" width=\"55\" height=\"23\" \/><br \/>\n\ud83c\uddea\ud83c\uddf8 MARC MARQUEZ<br \/>\n<\/strong><span style=\"font-size: 0.8em;\">GRESINI RACING MOTOGP<br \/>\n<strong><span style=\"font-size: 11.52px;\"><i>1:46.773<\/i><\/span><\/strong><\/span><\/span><\/td>\n<td style=\"text-align: center; vertical-align: middle; width: 20%;\"><span style=\"font-size: 0.9em;\"><strong><img loading=\"lazy\" decoding=\"async\" class=\"\" src=\"https:\/\/cdn-1.motorsport.com\/images\/vcl\/vYMlBV2E\/s2\/ducati-desmosedici-gp23-2.png\" width=\"55\" height=\"23\" \/><br \/>\n\ud83c\uddee\ud83c\uddf9 MARCO BEZZECCHI<br \/>\n<\/strong><span style=\"font-size: 0.8em;\">VR46 RACING TEAM<br \/>\n<strong><span style=\"font-size: 11.52px;\"><i>+0.271<\/i><\/span><\/strong><br \/>\n<\/span><\/span><\/td>\n<td style=\"text-align: center; vertical-align: middle; width: 20%;\"><strong><span style=\"font-size: 0.9em;\"><img loading=\"lazy\" decoding=\"async\" class=\"\" src=\"https:\/\/cdn-4.motorsport.com\/images\/vcl\/K6x9JM0Q\/s2\/ducati-desmosedici-gp24-2.png\" width=\"55\" height=\"23\" \/><br \/>\n\ud83c\uddea\ud83c\uddf8 JORGE MARTIN<br \/>\n<\/span><\/strong><span style=\"font-size: 0.9em;\"><span style=\"font-size: 0.8em;\">PRIMA PRAMAC RACING<br \/>\n<strong><span style=\"font-size: 11.52px;\"><i>+0.608<\/i><\/span><\/strong><br \/>\n<\/span><\/span><\/td>\n<\/tr>\n<tr>\n<td style=\"text-align: center; vertical-align: middle; width: 20%;\"><strong>15H00<\/strong><\/td>\n<td style=\"text-align: center; vertical-align: middle; width: 20%;\" colspan=\"2\"><strong>Course Sprint<br \/>\n<a title=\"MotoGP Espagne 2024 : Martin en vainqueur, Quartararo sur le podium dans une course sprint compl\u00e9tement folle\" href=\"https:\/\/dicodusport.fr\/blog\/motogp-espagne-2024-martin-en-vainqueur-quartararo-sur-le-podium-dans-une-course-sprint-completement-folle\/\" rel=\"\"><span style=\"font-size: 11.52px;\"><i>R\u00e9sum\u00e9<\/i><\/span><\/a> &#8211;\u00a0<a title=\"MotoGP Espagne 2024 \u2013 Classement Course sprint\" href=\"https:\/\/dicodusport.fr\/blog\/motogp-espagne-2024-classement-course-sprint\/\" rel=\"\"><span style=\"font-size: 11.52px;\"><i>Classement<\/i><\/span><\/a><br \/>\n<\/strong><\/td>\n<td style=\"text-align: center; vertical-align: middle; width: 20%;\"><strong><span style=\"font-size: 0.9em;\"><img loading=\"lazy\" decoding=\"async\" class=\"\" src=\"https:\/\/cdn-4.motorsport.com\/images\/vcl\/K6x9JM0Q\/s2\/ducati-desmosedici-gp24-2.png\" width=\"55\" height=\"23\" \/><br \/>\n\ud83c\uddea\ud83c\uddf8 JORGE MARTIN<br \/>\n<\/span><\/strong><span style=\"font-size: 0.9em;\"><span style=\"font-size: 0.8em;\">PRIMA PRAMAC RACING<br \/>\n<strong><span style=\"font-size: 11.52px;\"><i>19:52.682<\/i><\/span><\/strong><\/span><\/span><\/td>\n<td style=\"text-align: center; vertical-align: middle; width: 20%;\"><span style=\"font-size: 0.9em;\"><strong><img loading=\"lazy\" decoding=\"async\" class=\"\" src=\"https:\/\/cdn-1.motorsport.com\/images\/vcl\/jYNlEb0D\/s2\/ktm-rc16-2.png\" width=\"55\" height=\"23\" \/><br \/>\n\ud83c\uddea\ud83c\uddf8 PEDRO ACOSTA<br \/>\n<\/strong><span style=\"font-size: 0.8em;\">RED BULL GASGAS TECH3<br \/>\n<strong><span style=\"font-size: 11.52px;\"><i>+2.970<\/i><\/span><\/strong><br \/>\n<\/span><\/span><\/td>\n<td style=\"text-align: center; vertical-align: middle; width: 20%;\"><span style=\"font-size: 0.9em;\"><strong><img loading=\"lazy\" decoding=\"async\" class=\"\" src=\"https:\/\/cdn-8.motorsport.com\/images\/vcl\/80Zl1VYe\/s2\/ktm-rc16-2.png\" width=\"55\" height=\"23\" \/><br \/>\n\ud83c\uddea\ud83c\uddf8 DANI PEDROSA<br \/>\n<\/strong><span style=\"font-size: 0.8em;\">RED BULL KTM FACTORY RACING<br \/>\n<strong><span style=\"font-size: 11.52px;\"><i>+7.102<\/i><\/span><\/strong><br \/>\n<\/span><\/span><\/td>\n<\/tr>\n<tr>\n<td style=\"background-color: #c80502; width: 800px; text-align: center; vertical-align: middle;\" colspan=\"6\"><span style=\"color: #ffffff;\"><strong>DIMANCHE 28 AVRIL 2024<\/strong><\/span><\/td>\n<\/tr>\n<tr>\n<td style=\"text-align: center; vertical-align: middle; width: 20%; background-color: #000000;\"><span style=\"color: #ffffff; font-size: 0.9em;\"><strong>Horaire<\/strong><\/span><\/td>\n<td style=\"text-align: center; vertical-align: middle; width: 20%; background-color: #000000;\" colspan=\"2\"><span style=\"color: #ffffff;\"><span style=\"font-size: 0.9em;\"><b>\u00c9preuve<\/b><\/span><\/span><\/td>\n<td style=\"text-align: center; vertical-align: middle; width: 20%; background-color: #000000;\"><span style=\"color: #ffffff; font-size: 0.9em;\"><strong>Premier<\/strong><\/span><\/td>\n<td style=\"text-align: center; vertical-align: middle; width: 20%; background-color: #000000;\"><span style=\"color: #ffffff; font-size: 0.9em;\"><strong>Deuxi\u00e8me<\/strong><\/span><\/td>\n<td style=\"text-align: center; vertical-align: middle; width: 20%; background-color: #000000;\"><span style=\"color: #ffffff; font-size: 0.9em;\"><strong>Troisi\u00e8me<\/strong><\/span><\/td>\n<\/tr>\n<tr>\n<td style=\"text-align: center; vertical-align: middle; width: 20%;\"><strong>9H40 &#8211; 9H50<\/strong><\/td>\n<td style=\"text-align: center; vertical-align: middle;\" colspan=\"2\"><strong>Warm-up<br \/>\n<a href=\"https:\/\/www.motogp.com\/fr\/gp-results\/2024\/spa\/motogp\/wup\/classification\"><span style=\"font-size: 11.52px;\"><i>Classement<\/i><\/span><\/a><br \/>\n<\/strong><\/td>\n<td style=\"text-align: center; vertical-align: middle; width: 20%;\"><span style=\"font-size: 0.9em;\"><strong><img loading=\"lazy\" decoding=\"async\" class=\"\" src=\"https:\/\/cdn-8.motorsport.com\/images\/vcl\/q633yq6A\/s3\/ducati-desmosedici-gp23-3.png\" width=\"55\" height=\"23\" \/><br \/>\n\ud83c\uddea\ud83c\uddf8 ALEX MARQUEZ<br \/>\n<\/strong><span style=\"font-size: 0.8em;\">GRESINI RACING MOTOGP<br \/>\n<strong><span style=\"font-size: 11.52px;\"><i>1:37.943<\/i><\/span><\/strong><\/span><\/span><\/td>\n<td style=\"text-align: center; vertical-align: middle; width: 20%;\"><span style=\"font-size: 0.9em;\"><strong><img loading=\"lazy\" decoding=\"async\" class=\"\" src=\"https:\/\/cdn-3.motorsport.com\/images\/vcl\/KYpzmA01\/s2\/ducati-desmosedici-gp24-2.png\" width=\"55\" height=\"23\" \/><br \/>\n\ud83c\uddee\ud83c\uddf9 ENEA BASTIANINI<br \/>\n<\/strong><span style=\"font-size: 0.8em;\">DUCATI LENOVO TEAM<br \/>\n<strong><span style=\"font-size: 11.52px;\"><i>+0.176<\/i><\/span><\/strong><br \/>\n<\/span><\/span><\/td>\n<td style=\"text-align: center; vertical-align: middle; width: 20%;\"><span style=\"font-size: 0.9em;\"><strong><img loading=\"lazy\" decoding=\"async\" class=\"\" src=\"https:\/\/cdn-8.motorsport.com\/images\/vcl\/80Zl1VYe\/s2\/ktm-rc16-2.png\" width=\"55\" height=\"23\" \/><br \/>\n\ud83c\udde6\ud83c\uddfa JACK MILLER<br \/>\n<\/strong><span style=\"font-size: 0.8em;\">RED BULL KTM FACTORY RACING<br \/>\n<strong><span style=\"font-size: 11.52px;\"><i>+0.177<\/i><\/span><\/strong><br \/>\n<\/span><\/span><\/td>\n<\/tr>\n<tr>\n<td style=\"text-align: center; vertical-align: middle; width: 20%;\"><strong>14H00<\/strong><\/td>\n<td style=\"text-align: center; vertical-align: middle; width: 20%;\" colspan=\"2\"><strong>Grand Prix<br \/>\n<span style=\"font-size: 11.52px;\"><i><a title=\"MotoGP Espagne 2024 : Francesco Bagnaia r\u00e9siste \u00e0 Marc Marquez pour s\u2019offrir la victoire\" href=\"https:\/\/dicodusport.fr\/blog\/motogp-espagne-2024-francesco-bagnaia-resiste-a-marc-marquez-pour-soffrir-la-victoire\/\" rel=\"\">R\u00e9sum\u00e9<\/a> &#8211;\u00a0<a title=\"MotoGP Jerez \u2013 Classement du Grand Prix d\u2019Espagne 2024\" href=\"https:\/\/dicodusport.fr\/blog\/motogp-jerez-classement-du-grand-prix-despagne-2024\/\" rel=\"\">Classement<\/a><\/i><\/span><\/strong><\/td>\n<td style=\"text-align: center; vertical-align: middle; width: 20%;\"><span style=\"font-size: 0.9em;\"><strong><img loading=\"lazy\" decoding=\"async\" class=\"\" src=\"https:\/\/cdn-3.motorsport.com\/images\/vcl\/KYpzmA01\/s2\/ducati-desmosedici-gp24-2.png\" width=\"55\" height=\"23\" \/><br \/>\n\ud83c\uddee\ud83c\uddf9 FRANCESCO BAGNAIA<br \/>\n<\/strong><span style=\"font-size: 0.8em;\">DUCATI LENOVO TEAM<br \/>\n<strong><span style=\"font-size: 11.52px;\"><i>40:58.053<\/i><\/span><\/strong><\/span><\/span><\/td>\n<td style=\"text-align: center; vertical-align: middle; width: 20%;\"><span style=\"font-size: 0.9em;\"><strong><img loading=\"lazy\" decoding=\"async\" class=\"\" src=\"https:\/\/cdn-8.motorsport.com\/images\/vcl\/q633yq6A\/s3\/ducati-desmosedici-gp23-3.png\" width=\"55\" height=\"23\" \/><br \/>\n\ud83c\uddea\ud83c\uddf8 MARC MARQUEZ<br \/>\n<\/strong><span style=\"font-size: 0.8em;\">GRESINI RACING MOTOGP<br \/>\n<strong><span style=\"font-size: 11.52px;\"><i>+0.372<\/i><\/span><\/strong><\/span><\/span><\/td>\n<td style=\"text-align: center; vertical-align: middle; width: 20%;\"><span style=\"font-size: 0.9em;\"><strong><img loading=\"lazy\" decoding=\"async\" class=\"\" src=\"https:\/\/cdn-1.motorsport.com\/images\/vcl\/vYMlBV2E\/s2\/ducati-desmosedici-gp23-2.png\" width=\"55\" height=\"23\" \/><br \/>\n\ud83c\uddee\ud83c\uddf9 MARCO BEZZECCHI<br \/>\n<\/strong><span style=\"font-size: 0.8em;\">VR46 RACING TEAM<br \/>\n<strong><span style=\"font-size: 11.52px;\"><i>+3.903<\/i><\/span><\/strong><\/span><\/span><\/td>\n<\/tr>\n<\/tbody>\n<\/table>\n<ul>\n<li style=\"text-align: justify;\"><strong>\u00c0 ce sujet \u2013\u00a0<a href=\"https:\/\/dicodusport.fr\/blog\/motogp-2024-classement-championnat-du-monde-des-pilotes\/\">Moto GP 2024 \u2013 Classement Championnat du monde des pilotes<\/a><\/strong><\/li>\n<\/ul>\n<h2 style=\"text-align: justify;\">Les enjeux du Grand Prix d&rsquo;Espagne<\/h2>\n<p style=\"text-align: justify;\">Apr\u00e8s les quatre premi\u00e8res manches, nous avons d\u00e9j\u00e0 quelques r\u00e9ponses \u00e0 nos questions. <strong>Francesco Bagnaia<\/strong> et <strong>Jorge Martin<\/strong> semblent encore un cran au-dessus de la concurrence. Le premier est en confiance et son \u00e9quipe Ducati le soutient toujours suite \u00e0 ses deux titres de champion du monde. Son rival espagnol de chez Pramac Ducati montre aussi qu&rsquo;il est toujours pr\u00e9sent, et notamment sur les courses sprint. Un seul rookie\/d\u00e9butant est arriv\u00e9 cette saison : <strong>Pedro Acosta<\/strong>. Il a d&rsquo;ailleurs d\u00e9j\u00e0 impressionn\u00e9 avec deux podiums lors des derniers Grands Prix. Pour rappel, ce dernier a remport\u00e9 les championnats de Moto 2 et Moto 3 et a rejoint Red Bull GasGas Tech3 pour cette saison.<\/p>\n<p style=\"text-align: justify;\">D&rsquo;autres pilotes ont chang\u00e9 d&rsquo;\u00e9curie, dont la l\u00e9gende <strong>Marc Marquez<\/strong>, qui a quitt\u00e9 Honda apr\u00e8s 11 ans pass\u00e9s chez le constructeur japonais. L&rsquo;Espagnol pilote d\u00e9sormais pour Gresini Racing, \u00e9curie motoris\u00e9e par Ducati. Il a \u00e9galement commenc\u00e9 la saison en \u00e9tant tr\u00e8s comp\u00e9titif.<\/p>\n<p style=\"text-align: justify;\">Une fois les chaises musicales faites, nous pouvons encore observer et confirmer de gros \u00e9carts de performance selon les constructeurs et motoristes. Les Japonais sont \u00e0 la peine tandis que les Italiens sont au mieux. C\u00f4t\u00e9 classement, <strong>Jorge Martin<\/strong> m\u00e8ne la danse avec 80 points tandis que <strong>Enea Bastianini<\/strong> le suit avec 59 points apr\u00e8s un retour en force. Derri\u00e8re, c&rsquo;est tr\u00e8s serr\u00e9 entre <b>Maverick Vi\u00f1ales<\/b> qui compte 56 points apr\u00e8s son immense week-end \u00e0 Austin et le rookie <strong>Pedro Acosta<\/strong> avec 54 points. Enfin, <strong>Francesco Bagnaia<\/strong> compte 50 points, soit un de plus que Brad Binder. Plus loin, <strong>Fabio Quartararo<\/strong>, qui a prolong\u00e9 son contrat avec son \u00e9curie Yamaha r\u00e9cemment, est 12\u00e8me avec 19 points.<\/p>\n","protected":false},"excerpt":{"rendered":"<p>MOTOGP ESPAGNE 2024 &#8211; Programme, horaires, cha\u00eene TV et r\u00e9sultats du Grand Prix d&rsquo;Espagne de MotoGP 2024.<\/p>\n","protected":false},"author":54,"featured_media":481244,"comment_status":"open","ping_status":"closed","sticky":false,"template":"","format":"standard","meta":{"_acf_changed":false,"_daextam_enable_autolinks":"1","footnotes":""},"categories":[47087],"tags":[16878,39071,16272,10938,16274],"class_list":["post-481160","post","type-post","status-publish","format-standard","has-post-thumbnail","hentry","category-motogp","tag-breve","tag-circuit-de-jerez","tag-grand-prix-despagne-motogp","tag-motogp","tag-motogp-espagne"],"acf":[],"yoast_head":"<!-- This site is optimized with the Yoast SEO Premium plugin v26.7 (Yoast SEO v26.7) - https:\/\/yoast.com\/wordpress\/plugins\/seo\/ -->\n<title>MotoGP Espagne 2024 : Programme, horaires, cha\u00eene TV et r\u00e9sultats<\/title>\n<meta name=\"description\" content=\"MOTOGP ESPAGNE 2024 - Programme, horaires, cha\u00eene TV et r\u00e9sultats du Grand Prix d&#039;Espagne de MotoGP 2024.\" \/>\n<meta name=\"robots\" content=\"index, follow, max-snippet:-1, max-image-preview:large, max-video-preview:-1\" \/>\n<link rel=\"canonical\" href=\"https:\/\/dicodusport.fr\/blog\/motogp-espagne-2024-programme-horaires-chaine-tv-et-resultats\/\" \/>\n<meta property=\"og:locale\" content=\"fr_FR\" \/>\n<meta property=\"og:type\" content=\"article\" \/>\n<meta property=\"og:title\" content=\"MotoGP Espagne 2024 : Programme, horaires, cha\u00eene TV et r\u00e9sultats\" \/>\n<meta property=\"og:description\" content=\"MOTOGP ESPAGNE 2024 - Programme, horaires, cha\u00eene TV et r\u00e9sultats du Grand Prix d&#039;Espagne de MotoGP 2024.\" \/>\n<meta property=\"og:url\" content=\"https:\/\/dicodusport.fr\/blog\/motogp-espagne-2024-programme-horaires-chaine-tv-et-resultats\/\" \/>\n<meta property=\"og:site_name\" content=\"Dicodusport\" \/>\n<meta property=\"article:publisher\" content=\"https:\/\/www.facebook.com\/dicodusport\" \/>\n<meta property=\"article:author\" content=\"https:\/\/www.facebook.com\/roxane.lecacher\" \/>\n<meta property=\"article:published_time\" content=\"2024-04-28T12:57:08+00:00\" \/>\n<meta property=\"article:modified_time\" content=\"2024-04-28T12:57:59+00:00\" \/>\n<meta property=\"og:image\" content=\"https:\/\/dicodusport.fr\/blog\/wp-content\/uploads\/2024\/04\/MotoGP-Espagne-2024-Programme-horaires-chaine-TV-et-resultats.png\" \/>\n\t<meta property=\"og:image:width\" content=\"1200\" \/>\n\t<meta property=\"og:image:height\" content=\"674\" \/>\n\t<meta property=\"og:image:type\" content=\"image\/png\" \/>\n<meta name=\"author\" content=\"Roxane Lecacher\" \/>\n<meta name=\"twitter:card\" content=\"summary_large_image\" \/>\n<meta name=\"twitter:title\" content=\"MotoGP Espagne 2024 : Programme, horaires, cha\u00eene TV et r\u00e9sultats\" \/>\n<meta name=\"twitter:creator\" content=\"@dicodusport\" \/>\n<meta name=\"twitter:site\" content=\"@dicodusport\" \/>\n<script type=\"application\/ld+json\" class=\"yoast-schema-graph\">{\"@context\":\"https:\/\/schema.org\",\"@graph\":[{\"@type\":\"NewsArticle\",\"@id\":\"https:\/\/dicodusport.fr\/blog\/motogp-espagne-2024-programme-horaires-chaine-tv-et-resultats\/#article\",\"isPartOf\":{\"@id\":\"https:\/\/dicodusport.fr\/blog\/motogp-espagne-2024-programme-horaires-chaine-tv-et-resultats\/\"},\"author\":{\"name\":\"Roxane Lecacher\",\"@id\":\"https:\/\/dicodusport.fr\/blog\/#\/schema\/person\/819fb2545dd2715bd7c0580d6d4b411a\"},\"headline\":\"MotoGP Espagne 2024 : Programme, horaires, cha\u00eene TV et r\u00e9sultats\",\"datePublished\":\"2024-04-28T12:57:08+00:00\",\"dateModified\":\"2024-04-28T12:57:59+00:00\",\"mainEntityOfPage\":{\"@id\":\"https:\/\/dicodusport.fr\/blog\/motogp-espagne-2024-programme-horaires-chaine-tv-et-resultats\/\"},\"wordCount\":833,\"commentCount\":0,\"publisher\":{\"@id\":\"https:\/\/dicodusport.fr\/blog\/#organization\"},\"image\":{\"@id\":\"https:\/\/dicodusport.fr\/blog\/motogp-espagne-2024-programme-horaires-chaine-tv-et-resultats\/#primaryimage\"},\"thumbnailUrl\":\"https:\/\/dicodusport.fr\/blog\/wp-content\/uploads\/2024\/04\/MotoGP-Espagne-2024-Programme-horaires-chaine-TV-et-resultats.png\",\"keywords\":[\"br\u00e8ve\",\"Circuit de Jerez\",\"Grand Prix d'Espagne MotoGP\",\"MotoGP\",\"MotoGP Espagne\"],\"articleSection\":[\"MotoGP\"],\"inLanguage\":\"fr-FR\",\"potentialAction\":[{\"@type\":\"CommentAction\",\"name\":\"Comment\",\"target\":[\"https:\/\/dicodusport.fr\/blog\/motogp-espagne-2024-programme-horaires-chaine-tv-et-resultats\/#respond\"]}],\"copyrightYear\":\"2024\",\"copyrightHolder\":{\"@id\":\"https:\/\/dicodusport.fr\/blog\/#organization\"}},{\"@type\":\"WebPage\",\"@id\":\"https:\/\/dicodusport.fr\/blog\/motogp-espagne-2024-programme-horaires-chaine-tv-et-resultats\/\",\"url\":\"https:\/\/dicodusport.fr\/blog\/motogp-espagne-2024-programme-horaires-chaine-tv-et-resultats\/\",\"name\":\"MotoGP Espagne 2024 : Programme, horaires, cha\u00eene TV et r\u00e9sultats\",\"isPartOf\":{\"@id\":\"https:\/\/dicodusport.fr\/blog\/#website\"},\"primaryImageOfPage\":{\"@id\":\"https:\/\/dicodusport.fr\/blog\/motogp-espagne-2024-programme-horaires-chaine-tv-et-resultats\/#primaryimage\"},\"image\":{\"@id\":\"https:\/\/dicodusport.fr\/blog\/motogp-espagne-2024-programme-horaires-chaine-tv-et-resultats\/#primaryimage\"},\"thumbnailUrl\":\"https:\/\/dicodusport.fr\/blog\/wp-content\/uploads\/2024\/04\/MotoGP-Espagne-2024-Programme-horaires-chaine-TV-et-resultats.png\",\"datePublished\":\"2024-04-28T12:57:08+00:00\",\"dateModified\":\"2024-04-28T12:57:59+00:00\",\"description\":\"MOTOGP ESPAGNE 2024 - Programme, horaires, cha\u00eene TV et r\u00e9sultats du Grand Prix d'Espagne de MotoGP 2024.\",\"breadcrumb\":{\"@id\":\"https:\/\/dicodusport.fr\/blog\/motogp-espagne-2024-programme-horaires-chaine-tv-et-resultats\/#breadcrumb\"},\"inLanguage\":\"fr-FR\",\"potentialAction\":[{\"@type\":\"ReadAction\",\"target\":[\"https:\/\/dicodusport.fr\/blog\/motogp-espagne-2024-programme-horaires-chaine-tv-et-resultats\/\"]}]},{\"@type\":\"ImageObject\",\"inLanguage\":\"fr-FR\",\"@id\":\"https:\/\/dicodusport.fr\/blog\/motogp-espagne-2024-programme-horaires-chaine-tv-et-resultats\/#primaryimage\",\"url\":\"https:\/\/dicodusport.fr\/blog\/wp-content\/uploads\/2024\/04\/MotoGP-Espagne-2024-Programme-horaires-chaine-TV-et-resultats.png\",\"contentUrl\":\"https:\/\/dicodusport.fr\/blog\/wp-content\/uploads\/2024\/04\/MotoGP-Espagne-2024-Programme-horaires-chaine-TV-et-resultats.png\",\"width\":1200,\"height\":674,\"caption\":\"MotoGP Espagne 2024 Programme, horaires, cha\u00eene TV et r\u00e9sultats\"},{\"@type\":\"BreadcrumbList\",\"@id\":\"https:\/\/dicodusport.fr\/blog\/motogp-espagne-2024-programme-horaires-chaine-tv-et-resultats\/#breadcrumb\",\"itemListElement\":[{\"@type\":\"ListItem\",\"position\":1,\"name\":\"Accueil\",\"item\":\"https:\/\/dicodusport.fr\/blog\/\"},{\"@type\":\"ListItem\",\"position\":2,\"name\":\"MotoGP Espagne 2024 : Programme, horaires, cha\u00eene TV et r\u00e9sultats\"}]},{\"@type\":\"WebSite\",\"@id\":\"https:\/\/dicodusport.fr\/blog\/#website\",\"url\":\"https:\/\/dicodusport.fr\/blog\/\",\"name\":\"Dicodusport\",\"description\":\"L&#039;encyclop\u00e9die de l&#039;actualit\u00e9 sportive\",\"publisher\":{\"@id\":\"https:\/\/dicodusport.fr\/blog\/#organization\"},\"potentialAction\":[{\"@type\":\"SearchAction\",\"target\":{\"@type\":\"EntryPoint\",\"urlTemplate\":\"https:\/\/dicodusport.fr\/blog\/?s={search_term_string}\"},\"query-input\":{\"@type\":\"PropertyValueSpecification\",\"valueRequired\":true,\"valueName\":\"search_term_string\"}}],\"inLanguage\":\"fr-FR\"},{\"@type\":\"NewsMediaOrganization\",\"@id\":\"https:\/\/dicodusport.fr\/blog\/#organization\",\"name\":\"Dicodusport\",\"url\":\"https:\/\/dicodusport.fr\/blog\/\",\"logo\":{\"@type\":\"ImageObject\",\"inLanguage\":\"fr-FR\",\"@id\":\"https:\/\/dicodusport.fr\/blog\/#\/schema\/logo\/image\/\",\"url\":\"https:\/\/dicodusport.fr\/blog\/wp-content\/uploads\/2020\/06\/cropped-LOGO-DICODUSPORT-2020-SANS-FOND-SANS-TEXTE.png\",\"contentUrl\":\"https:\/\/dicodusport.fr\/blog\/wp-content\/uploads\/2020\/06\/cropped-LOGO-DICODUSPORT-2020-SANS-FOND-SANS-TEXTE.png\",\"width\":512,\"height\":512,\"caption\":\"Dicodusport\"},\"image\":{\"@id\":\"https:\/\/dicodusport.fr\/blog\/#\/schema\/logo\/image\/\"},\"sameAs\":[\"https:\/\/www.facebook.com\/dicodusport\",\"https:\/\/x.com\/dicodusport\",\"https:\/\/www.instagram.com\/dicodusport\/\",\"https:\/\/www.youtube.com\/channel\/UC7V2KZ5sd3htJivAbA4ZG3w\"],\"description\":\"Dicodusport est l'encyclop\u00e9die de l'actualit\u00e9 sportive.\",\"email\":\"bonjour@dicodusport.fr\",\"legalName\":\"DICODUSPORT\",\"foundingDate\":\"2018-01-14\",\"vatID\":\"FR71834470973\",\"taxID\":\"83447097300043\",\"numberOfEmployees\":{\"@type\":\"QuantitativeValue\",\"minValue\":\"1\",\"maxValue\":\"10\"}},{\"@type\":\"Person\",\"@id\":\"https:\/\/dicodusport.fr\/blog\/#\/schema\/person\/819fb2545dd2715bd7c0580d6d4b411a\",\"name\":\"Roxane Lecacher\",\"image\":{\"@type\":\"ImageObject\",\"inLanguage\":\"fr-FR\",\"@id\":\"https:\/\/dicodusport.fr\/blog\/#\/schema\/person\/image\/\",\"url\":\"https:\/\/dicodusport.fr\/blog\/wp-content\/uploads\/2021\/05\/Roxane-Lecacher-150x150.jpg\",\"contentUrl\":\"https:\/\/dicodusport.fr\/blog\/wp-content\/uploads\/2021\/05\/Roxane-Lecacher-150x150.jpg\",\"caption\":\"Roxane Lecacher\"},\"description\":\"Journaliste\/r\u00e9dactrice depuis janvier 2021 - N\u00e9e quelques jours avant la premi\u00e8re \u00e9toile des Bleus, je baigne dans une famille tr\u00e8s sportive. Je n\u2019ai eu d\u2019autres choix que de me passionner pour le sujet. Pratiquante de l\u2019athl\u00e9tisme depuis toute petite, j\u2019ai aussi un attrait tout particulier pour la Formule 1, le biathlon et le foot. Pendant les grands \u00e9v\u00e9nements, il est impossible de d\u00e9crocher de ma t\u00e9l\u00e9. C\u2019est \u00e0 travers Dicodusport que j\u2019aime d\u00e9sormais vous transmettre mes \u00e9motions et ma passion.\",\"sameAs\":[\"https:\/\/www.facebook.com\/roxane.lecacher\",\"https:\/\/fr.linkedin.com\/in\/roxane-lecacher-23368313b\"],\"url\":\"https:\/\/dicodusport.fr\/blog\/author\/roxanel\/\"}]}<\/script>\n<!-- \/ Yoast SEO Premium plugin. -->","yoast_head_json":{"title":"MotoGP Espagne 2024 : Programme, horaires, cha\u00eene TV et r\u00e9sultats","description":"MOTOGP ESPAGNE 2024 - Programme, horaires, cha\u00eene TV et r\u00e9sultats du Grand Prix d'Espagne de MotoGP 2024.","robots":{"index":"index","follow":"follow","max-snippet":"max-snippet:-1","max-image-preview":"max-image-preview:large","max-video-preview":"max-video-preview:-1"},"canonical":"https:\/\/dicodusport.fr\/blog\/motogp-espagne-2024-programme-horaires-chaine-tv-et-resultats\/","og_locale":"fr_FR","og_type":"article","og_title":"MotoGP Espagne 2024 : Programme, horaires, cha\u00eene TV et r\u00e9sultats","og_description":"MOTOGP ESPAGNE 2024 - Programme, horaires, cha\u00eene TV et r\u00e9sultats du Grand Prix d'Espagne de MotoGP 2024.","og_url":"https:\/\/dicodusport.fr\/blog\/motogp-espagne-2024-programme-horaires-chaine-tv-et-resultats\/","og_site_name":"Dicodusport","article_publisher":"https:\/\/www.facebook.com\/dicodusport","article_author":"https:\/\/www.facebook.com\/roxane.lecacher","article_published_time":"2024-04-28T12:57:08+00:00","article_modified_time":"2024-04-28T12:57:59+00:00","og_image":[{"width":1200,"height":674,"url":"https:\/\/dicodusport.fr\/blog\/wp-content\/uploads\/2024\/04\/MotoGP-Espagne-2024-Programme-horaires-chaine-TV-et-resultats.png","type":"image\/png"}],"author":"Roxane Lecacher","twitter_card":"summary_large_image","twitter_title":"MotoGP Espagne 2024 : Programme, horaires, cha\u00eene TV et r\u00e9sultats","twitter_creator":"@dicodusport","twitter_site":"@dicodusport","schema":{"@context":"https:\/\/schema.org","@graph":[{"@type":"NewsArticle","@id":"https:\/\/dicodusport.fr\/blog\/motogp-espagne-2024-programme-horaires-chaine-tv-et-resultats\/#article","isPartOf":{"@id":"https:\/\/dicodusport.fr\/blog\/motogp-espagne-2024-programme-horaires-chaine-tv-et-resultats\/"},"author":{"name":"Roxane Lecacher","@id":"https:\/\/dicodusport.fr\/blog\/#\/schema\/person\/819fb2545dd2715bd7c0580d6d4b411a"},"headline":"MotoGP Espagne 2024 : Programme, horaires, cha\u00eene TV et r\u00e9sultats","datePublished":"2024-04-28T12:57:08+00:00","dateModified":"2024-04-28T12:57:59+00:00","mainEntityOfPage":{"@id":"https:\/\/dicodusport.fr\/blog\/motogp-espagne-2024-programme-horaires-chaine-tv-et-resultats\/"},"wordCount":833,"commentCount":0,"publisher":{"@id":"https:\/\/dicodusport.fr\/blog\/#organization"},"image":{"@id":"https:\/\/dicodusport.fr\/blog\/motogp-espagne-2024-programme-horaires-chaine-tv-et-resultats\/#primaryimage"},"thumbnailUrl":"https:\/\/dicodusport.fr\/blog\/wp-content\/uploads\/2024\/04\/MotoGP-Espagne-2024-Programme-horaires-chaine-TV-et-resultats.png","keywords":["br\u00e8ve","Circuit de Jerez","Grand Prix d'Espagne MotoGP","MotoGP","MotoGP Espagne"],"articleSection":["MotoGP"],"inLanguage":"fr-FR","potentialAction":[{"@type":"CommentAction","name":"Comment","target":["https:\/\/dicodusport.fr\/blog\/motogp-espagne-2024-programme-horaires-chaine-tv-et-resultats\/#respond"]}],"copyrightYear":"2024","copyrightHolder":{"@id":"https:\/\/dicodusport.fr\/blog\/#organization"}},{"@type":"WebPage","@id":"https:\/\/dicodusport.fr\/blog\/motogp-espagne-2024-programme-horaires-chaine-tv-et-resultats\/","url":"https:\/\/dicodusport.fr\/blog\/motogp-espagne-2024-programme-horaires-chaine-tv-et-resultats\/","name":"MotoGP Espagne 2024 : Programme, horaires, cha\u00eene TV et r\u00e9sultats","isPartOf":{"@id":"https:\/\/dicodusport.fr\/blog\/#website"},"primaryImageOfPage":{"@id":"https:\/\/dicodusport.fr\/blog\/motogp-espagne-2024-programme-horaires-chaine-tv-et-resultats\/#primaryimage"},"image":{"@id":"https:\/\/dicodusport.fr\/blog\/motogp-espagne-2024-programme-horaires-chaine-tv-et-resultats\/#primaryimage"},"thumbnailUrl":"https:\/\/dicodusport.fr\/blog\/wp-content\/uploads\/2024\/04\/MotoGP-Espagne-2024-Programme-horaires-chaine-TV-et-resultats.png","datePublished":"2024-04-28T12:57:08+00:00","dateModified":"2024-04-28T12:57:59+00:00","description":"MOTOGP ESPAGNE 2024 - Programme, horaires, cha\u00eene TV et r\u00e9sultats du Grand Prix d'Espagne de MotoGP 2024.","breadcrumb":{"@id":"https:\/\/dicodusport.fr\/blog\/motogp-espagne-2024-programme-horaires-chaine-tv-et-resultats\/#breadcrumb"},"inLanguage":"fr-FR","potentialAction":[{"@type":"ReadAction","target":["https:\/\/dicodusport.fr\/blog\/motogp-espagne-2024-programme-horaires-chaine-tv-et-resultats\/"]}]},{"@type":"ImageObject","inLanguage":"fr-FR","@id":"https:\/\/dicodusport.fr\/blog\/motogp-espagne-2024-programme-horaires-chaine-tv-et-resultats\/#primaryimage","url":"https:\/\/dicodusport.fr\/blog\/wp-content\/uploads\/2024\/04\/MotoGP-Espagne-2024-Programme-horaires-chaine-TV-et-resultats.png","contentUrl":"https:\/\/dicodusport.fr\/blog\/wp-content\/uploads\/2024\/04\/MotoGP-Espagne-2024-Programme-horaires-chaine-TV-et-resultats.png","width":1200,"height":674,"caption":"MotoGP Espagne 2024 Programme, horaires, cha\u00eene TV et r\u00e9sultats"},{"@type":"BreadcrumbList","@id":"https:\/\/dicodusport.fr\/blog\/motogp-espagne-2024-programme-horaires-chaine-tv-et-resultats\/#breadcrumb","itemListElement":[{"@type":"ListItem","position":1,"name":"Accueil","item":"https:\/\/dicodusport.fr\/blog\/"},{"@type":"ListItem","position":2,"name":"MotoGP Espagne 2024 : Programme, horaires, cha\u00eene TV et r\u00e9sultats"}]},{"@type":"WebSite","@id":"https:\/\/dicodusport.fr\/blog\/#website","url":"https:\/\/dicodusport.fr\/blog\/","name":"Dicodusport","description":"L&#039;encyclop\u00e9die de l&#039;actualit\u00e9 sportive","publisher":{"@id":"https:\/\/dicodusport.fr\/blog\/#organization"},"potentialAction":[{"@type":"SearchAction","target":{"@type":"EntryPoint","urlTemplate":"https:\/\/dicodusport.fr\/blog\/?s={search_term_string}"},"query-input":{"@type":"PropertyValueSpecification","valueRequired":true,"valueName":"search_term_string"}}],"inLanguage":"fr-FR"},{"@type":"NewsMediaOrganization","@id":"https:\/\/dicodusport.fr\/blog\/#organization","name":"Dicodusport","url":"https:\/\/dicodusport.fr\/blog\/","logo":{"@type":"ImageObject","inLanguage":"fr-FR","@id":"https:\/\/dicodusport.fr\/blog\/#\/schema\/logo\/image\/","url":"https:\/\/dicodusport.fr\/blog\/wp-content\/uploads\/2020\/06\/cropped-LOGO-DICODUSPORT-2020-SANS-FOND-SANS-TEXTE.png","contentUrl":"https:\/\/dicodusport.fr\/blog\/wp-content\/uploads\/2020\/06\/cropped-LOGO-DICODUSPORT-2020-SANS-FOND-SANS-TEXTE.png","width":512,"height":512,"caption":"Dicodusport"},"image":{"@id":"https:\/\/dicodusport.fr\/blog\/#\/schema\/logo\/image\/"},"sameAs":["https:\/\/www.facebook.com\/dicodusport","https:\/\/x.com\/dicodusport","https:\/\/www.instagram.com\/dicodusport\/","https:\/\/www.youtube.com\/channel\/UC7V2KZ5sd3htJivAbA4ZG3w"],"description":"Dicodusport est l'encyclop\u00e9die de l'actualit\u00e9 sportive.","email":"bonjour@dicodusport.fr","legalName":"DICODUSPORT","foundingDate":"2018-01-14","vatID":"FR71834470973","taxID":"83447097300043","numberOfEmployees":{"@type":"QuantitativeValue","minValue":"1","maxValue":"10"}},{"@type":"Person","@id":"https:\/\/dicodusport.fr\/blog\/#\/schema\/person\/819fb2545dd2715bd7c0580d6d4b411a","name":"Roxane Lecacher","image":{"@type":"ImageObject","inLanguage":"fr-FR","@id":"https:\/\/dicodusport.fr\/blog\/#\/schema\/person\/image\/","url":"https:\/\/dicodusport.fr\/blog\/wp-content\/uploads\/2021\/05\/Roxane-Lecacher-150x150.jpg","contentUrl":"https:\/\/dicodusport.fr\/blog\/wp-content\/uploads\/2021\/05\/Roxane-Lecacher-150x150.jpg","caption":"Roxane Lecacher"},"description":"Journaliste\/r\u00e9dactrice depuis janvier 2021 - N\u00e9e quelques jours avant la premi\u00e8re \u00e9toile des Bleus, je baigne dans une famille tr\u00e8s sportive. Je n\u2019ai eu d\u2019autres choix que de me passionner pour le sujet. Pratiquante de l\u2019athl\u00e9tisme depuis toute petite, j\u2019ai aussi un attrait tout particulier pour la Formule 1, le biathlon et le foot. Pendant les grands \u00e9v\u00e9nements, il est impossible de d\u00e9crocher de ma t\u00e9l\u00e9. C\u2019est \u00e0 travers Dicodusport que j\u2019aime d\u00e9sormais vous transmettre mes \u00e9motions et ma passion.","sameAs":["https:\/\/www.facebook.com\/roxane.lecacher","https:\/\/fr.linkedin.com\/in\/roxane-lecacher-23368313b"],"url":"https:\/\/dicodusport.fr\/blog\/author\/roxanel\/"}]}},"_links":{"self":[{"href":"https:\/\/dicodusport.fr\/blog\/wp-json\/wp\/v2\/posts\/481160","targetHints":{"allow":["GET"]}}],"collection":[{"href":"https:\/\/dicodusport.fr\/blog\/wp-json\/wp\/v2\/posts"}],"about":[{"href":"https:\/\/dicodusport.fr\/blog\/wp-json\/wp\/v2\/types\/post"}],"author":[{"embeddable":true,"href":"https:\/\/dicodusport.fr\/blog\/wp-json\/wp\/v2\/users\/54"}],"replies":[{"embeddable":true,"href":"https:\/\/dicodusport.fr\/blog\/wp-json\/wp\/v2\/comments?post=481160"}],"version-history":[{"count":6,"href":"https:\/\/dicodusport.fr\/blog\/wp-json\/wp\/v2\/posts\/481160\/revisions"}],"predecessor-version":[{"id":482110,"href":"https:\/\/dicodusport.fr\/blog\/wp-json\/wp\/v2\/posts\/481160\/revisions\/482110"}],"wp:featuredmedia":[{"embeddable":true,"href":"https:\/\/dicodusport.fr\/blog\/wp-json\/wp\/v2\/media\/481244"}],"wp:attachment":[{"href":"https:\/\/dicodusport.fr\/blog\/wp-json\/wp\/v2\/media?parent=481160"}],"wp:term":[{"taxonomy":"category","embeddable":true,"href":"https:\/\/dicodusport.fr\/blog\/wp-json\/wp\/v2\/categories?post=481160"},{"taxonomy":"post_tag","embeddable":true,"href":"https:\/\/dicodusport.fr\/blog\/wp-json\/wp\/v2\/tags?post=481160"}],"curies":[{"name":"wp","href":"https:\/\/api.w.org\/{rel}","templated":true}]}}