{"id":481369,"date":"2024-04-25T17:30:42","date_gmt":"2024-04-25T15:30:42","guid":{"rendered":"https:\/\/dicodusport.fr\/blog\/?p=481369&#038;preview=true&#038;preview_id=481369"},"modified":"2024-04-25T19:52:55","modified_gmt":"2024-04-25T17:52:55","slug":"judo-blandine-pont-battue-en-finale-des-championnats-deurope-chez-les-48-kg","status":"publish","type":"post","link":"https:\/\/dicodusport.fr\/blog\/judo-blandine-pont-battue-en-finale-des-championnats-deurope-chez-les-48-kg\/","title":{"rendered":"Judo : Blandine Pont battue en finale des Championnats d&rsquo;Europe chez les -48 kg"},"content":{"rendered":"<p style=\"text-align: justify;\"><strong><em>CHAMPIONNATS D&rsquo;EUROPE DE JUDO 2024 &#8211; Apr\u00e8s un parcours parfait jusqu&rsquo;en finale, Blandine Pont a \u00e9t\u00e9 domin\u00e9e par l&rsquo;inattendue Kristina Dudina, et se contentera donc de l&rsquo;argent.<\/em><\/strong><\/p>\n<p style=\"text-align: justify;\"><strong>Blandine Pont<\/strong> avait \u00e9t\u00e9 une v\u00e9ritable r\u00e9v\u00e9lation en 2023. La Montpelli\u00e9raine avait d\u00e9barqu\u00e9 par surprise sur le circuit IJF en remportant pas moins de trois titres en Grand Slam, \u00e0 <a href=\"https:\/\/dicodusport.fr\/blog\/judo-paris-grand-slam-2023-blandine-pont-reine-de-paris-amandine-buchard-en-bronze\/\"><strong>Paris<\/strong><\/a>, <a href=\"https:\/\/dicodusport.fr\/blog\/judo-apres-paris-blandine-pont-enchaine-a-tel-aviv\/\"><strong>Tel-Aviv<\/strong><\/a> et <a href=\"https:\/\/dicodusport.fr\/blog\/carton-plein-pour-les-bleus-avec-les-titres-de-blandine-pont-luka-mkheidze-amandine-buchard-et-maxime-gobert-au-grand-slam-dantalya\/\"><strong>Antalya<\/strong><\/a>. Malheureusement, cela n&rsquo;a pas suffi \u00e0 convaincre le comit\u00e9 de s\u00e9lection, qui a retenu<strong> Shirine Boukli<\/strong> chez les -48 kg pour les Jeux Olympiques.<\/p>\n<ul style=\"text-align: justify;\">\n<li><strong>\u00c0 ce sujet &#8211; <a href=\"https:\/\/dicodusport.fr\/blog\/programme-et-resultats-championnats-deurope-de-judo-2024\/\">Programme et r\u00e9sultats des Championnats d&rsquo;Europe de judo 2024<\/a><\/strong><\/li>\n<\/ul>\n<p style=\"text-align: justify;\">S\u00e9lectionn\u00e9e pour les Championnats d&rsquo;Europe \u00e0 Zagreb, <strong>Blandine Pont<\/strong> esp\u00e9rait bien se consoler en succ\u00e9dant \u00e0 sa compatriote au palmar\u00e8s. Une mission bien entam\u00e9e par la Tricolore, laur\u00e9ate de la Belge <strong>Lois Petit<\/strong> par hansoku make pour son entr\u00e9e en piste en 8e de finale. Une technique appr\u00e9ci\u00e9e par la Fran\u00e7aise, qui l&rsquo;a r\u00e9p\u00e9t\u00e9e en quarts face \u00e0 la Turque <strong>Tugce Beder<\/strong> pour acc\u00e9der au dernier carr\u00e9.<\/p>\n<ul style=\"text-align: justify;\">\n<li><strong>\u00c0 ce sujet &#8211; <a href=\"https:\/\/dicodusport.fr\/blog\/tableau-des-medailles-championnats-deurope-judo-2024\/\">Tableau des m\u00e9dailles des Championnats d&rsquo;Europe de judo 2024<\/a><\/strong><\/li>\n<\/ul>\n<p style=\"text-align: justify;\">L&rsquo;adversit\u00e9 montait toutefois d&rsquo;un cran en demi-finales avec la pr\u00e9sence de la Serbe <strong>Milica Nikolic<\/strong>, soit la victime de la Fran\u00e7aise&#8230; en finale du Grand Slam de Paris 2023. Voil\u00e0 qui promettait un combat accroch\u00e9, et c&rsquo;est exactement ce qu&rsquo;il s&rsquo;est pass\u00e9. La Fran\u00e7aise, menac\u00e9e par une troisi\u00e8me p\u00e9nalit\u00e9, a \u00e9t\u00e9 emmen\u00e9e au <em>Golden Score<\/em>, mais a fini par marquer waza-ari apr\u00e8s plus de 5 minutes 30 de combat. La m\u00e9daille \u00e9tait assur\u00e9e, mais le titre \u00e9tait largement possible pour la Tricolore.<\/p>\n<ul style=\"text-align: justify;\">\n<li><strong>\u00c0 ce sujet &#8211; <a href=\"https:\/\/dicodusport.fr\/blog\/judo-championnats-deurope-2024-la-selection-francaise\/\">La s\u00e9lection fran\u00e7aise pour les Championnats d&rsquo;Europe de judo 2024<\/a><\/strong><\/li>\n<\/ul>\n<h2 style=\"text-align: justify;\">L&rsquo;argent pour Pont<\/h2>\n<p style=\"text-align: justify;\">Restait la derni\u00e8re marche contre un nouveau visage de la cat\u00e9gorie : <strong>Kristina Dudina<\/strong>, 18 ans, et laur\u00e9ate notamment de<strong> Laura Martinez Abelenda<\/strong>, m\u00e9daill\u00e9e europ\u00e9enne l&rsquo;an pass\u00e9. Une adversaire \u00e0 ne pas sous-estimer donc, ce qui s&rsquo;est vu en d\u00e9but de combat, les deux judokates se jaugeant all\u00e8grement. Jusqu&rsquo;\u00e0 une premi\u00e8re acc\u00e9l\u00e9ration de la Russe qui a marqu\u00e9 waza-ari sur un balayage parfaitement ex\u00e9cut\u00e9 apr\u00e8s \u00e0 peine plus d&rsquo;une minute de combat.<\/p>\n<p style=\"text-align: justify;\">Il fallait donc r\u00e9agir, mais la Fran\u00e7aise, se plaignant du genou, n&rsquo;en aura pas l&rsquo;occasion. Une nouvelle fois, elle va subir la technique de son adversaire, qui va contrer et balayer de nouveau la Fran\u00e7aise. Waza-ari + waza-ari = ippon, <strong>Blandine Pont<\/strong> se contentera donc de l&rsquo;argent, une premi\u00e8re m\u00e9daille europ\u00e9enne qui laissera n\u00e9anmoins un go\u00fbt d&rsquo;inachev\u00e9.<\/p>\n<blockquote class=\"twitter-tweet\">\n<p dir=\"ltr\" lang=\"fr\">VICE-CHAMPIONNE D\u2019EUROPE ! \ud83e\udd48\ud83c\uddeb\ud83c\uddf7<\/p>\n<p>Blandine Pont (-48kg) remporte la m\u00e9daille d&rsquo;argent pour ses premiers championnats d\u2019Europe ! \ud83d\udcaa\ud83d\ude0d<\/p>\n<p>F\u00e9licitations Blandine ! \ud83d\udc4f<a href=\"https:\/\/twitter.com\/hashtag\/JudoZagreb?src=hash&amp;ref_src=twsrc%5Etfw\">#JudoZagreb<\/a> <a href=\"https:\/\/twitter.com\/hashtag\/GoLesBleus?src=hash&amp;ref_src=twsrc%5Etfw\">#GoLesBleus<\/a> <a href=\"https:\/\/twitter.com\/hashtag\/FierdEtreJudoka?src=hash&amp;ref_src=twsrc%5Etfw\">#FierdEtreJudoka<\/a> <a href=\"https:\/\/t.co\/7CQQ5byHaj\">pic.twitter.com\/7CQQ5byHaj<\/a><\/p>\n<p>\u2014 France Judo (@francejudo) <a href=\"https:\/\/twitter.com\/francejudo\/status\/1783519072908398861?ref_src=twsrc%5Etfw\">April 25, 2024<\/a><\/p><\/blockquote>\n<p><script async src=\"https:\/\/platform.twitter.com\/widgets.js\" charset=\"utf-8\"><\/script><\/p>\n","protected":false},"excerpt":{"rendered":"<p>CHAMPIONNATS D&rsquo;EUROPE DE JUDO 2024 &#8211; Apr\u00e8s un parcours parfait jusqu&rsquo;en finale, Blandine Pont a \u00e9t\u00e9 domin\u00e9e par l&rsquo;inattendue Kristina Dudina, et se contentera donc de l&rsquo;argent.<\/p>\n","protected":false},"author":59,"featured_media":481437,"comment_status":"open","ping_status":"closed","sticky":false,"template":"","format":"standard","meta":{"_acf_changed":false,"_daextam_enable_autolinks":"1","footnotes":""},"categories":[8651],"tags":[19470,16878],"class_list":["post-481369","post","type-post","status-publish","format-standard","has-post-thumbnail","hentry","category-judo","tag-blandine-pont","tag-breve"],"acf":[],"yoast_head":"<!-- This site is optimized with the Yoast SEO Premium plugin v26.7 (Yoast SEO v26.7) - https:\/\/yoast.com\/wordpress\/plugins\/seo\/ -->\n<title>Judo : Blandine Pont battue en finale des Championnats d&#039;Europe chez les -48 kg<\/title>\n<meta name=\"description\" content=\"CHAMPIONNATS D&#039;EUROPE DE JUDO 2024 - Blandine Pont a \u00e9t\u00e9 domin\u00e9e par l&#039;inattendue Kristina Dudina, et se contentera donc de l&#039;argent.\" \/>\n<meta name=\"robots\" content=\"index, follow, max-snippet:-1, max-image-preview:large, max-video-preview:-1\" \/>\n<link rel=\"canonical\" href=\"https:\/\/dicodusport.fr\/blog\/judo-blandine-pont-battue-en-finale-des-championnats-deurope-chez-les-48-kg\/\" \/>\n<meta property=\"og:locale\" content=\"fr_FR\" \/>\n<meta property=\"og:type\" content=\"article\" \/>\n<meta property=\"og:title\" content=\"Judo : Blandine Pont battue en finale des Championnats d&#039;Europe chez les -48 kg\" \/>\n<meta property=\"og:description\" content=\"CHAMPIONNATS D&#039;EUROPE DE JUDO 2024 - Blandine Pont a \u00e9t\u00e9 domin\u00e9e par l&#039;inattendue Kristina Dudina, et se contentera donc de l&#039;argent.\" \/>\n<meta property=\"og:url\" content=\"https:\/\/dicodusport.fr\/blog\/judo-blandine-pont-battue-en-finale-des-championnats-deurope-chez-les-48-kg\/\" \/>\n<meta property=\"og:site_name\" content=\"Dicodusport\" \/>\n<meta property=\"article:publisher\" content=\"https:\/\/www.facebook.com\/dicodusport\" \/>\n<meta property=\"article:author\" content=\"https:\/\/www.facebook.com\/sebastien.gente\/\" \/>\n<meta property=\"article:published_time\" content=\"2024-04-25T15:30:42+00:00\" \/>\n<meta property=\"article:modified_time\" content=\"2024-04-25T17:52:55+00:00\" \/>\n<meta property=\"og:image\" content=\"https:\/\/dicodusport.fr\/blog\/wp-content\/uploads\/2024\/04\/Judo-Blandine-Pont-battue-en-finale-des-Championnats-dEurope.png\" \/>\n\t<meta property=\"og:image:width\" content=\"1200\" \/>\n\t<meta property=\"og:image:height\" content=\"674\" \/>\n\t<meta property=\"og:image:type\" content=\"image\/png\" \/>\n<meta name=\"author\" content=\"S\u00e9bastien Gente\" \/>\n<meta name=\"twitter:card\" content=\"summary_large_image\" \/>\n<meta name=\"twitter:title\" content=\"Judo : Blandine Pont battue en finale des Championnats d&#039;Europe chez les -48 kg\" \/>\n<meta name=\"twitter:creator\" content=\"@https:\/\/twitter.com\/globulo24\" \/>\n<meta name=\"twitter:site\" content=\"@dicodusport\" \/>\n<script type=\"application\/ld+json\" class=\"yoast-schema-graph\">{\"@context\":\"https:\/\/schema.org\",\"@graph\":[{\"@type\":\"NewsArticle\",\"@id\":\"https:\/\/dicodusport.fr\/blog\/judo-blandine-pont-battue-en-finale-des-championnats-deurope-chez-les-48-kg\/#article\",\"isPartOf\":{\"@id\":\"https:\/\/dicodusport.fr\/blog\/judo-blandine-pont-battue-en-finale-des-championnats-deurope-chez-les-48-kg\/\"},\"author\":{\"name\":\"S\u00e9bastien Gente\",\"@id\":\"https:\/\/dicodusport.fr\/blog\/#\/schema\/person\/627966a6cde45dbd8c5e36ac85d783da\"},\"headline\":\"Judo : Blandine Pont battue en finale des Championnats d&rsquo;Europe chez les -48 kg\",\"datePublished\":\"2024-04-25T15:30:42+00:00\",\"dateModified\":\"2024-04-25T17:52:55+00:00\",\"mainEntityOfPage\":{\"@id\":\"https:\/\/dicodusport.fr\/blog\/judo-blandine-pont-battue-en-finale-des-championnats-deurope-chez-les-48-kg\/\"},\"wordCount\":513,\"commentCount\":0,\"publisher\":{\"@id\":\"https:\/\/dicodusport.fr\/blog\/#organization\"},\"image\":{\"@id\":\"https:\/\/dicodusport.fr\/blog\/judo-blandine-pont-battue-en-finale-des-championnats-deurope-chez-les-48-kg\/#primaryimage\"},\"thumbnailUrl\":\"https:\/\/dicodusport.fr\/blog\/wp-content\/uploads\/2024\/04\/Judo-Blandine-Pont-battue-en-finale-des-Championnats-dEurope.png\",\"keywords\":[\"Blandine Pont\",\"br\u00e8ve\"],\"articleSection\":[\"Judo\"],\"inLanguage\":\"fr-FR\",\"potentialAction\":[{\"@type\":\"CommentAction\",\"name\":\"Comment\",\"target\":[\"https:\/\/dicodusport.fr\/blog\/judo-blandine-pont-battue-en-finale-des-championnats-deurope-chez-les-48-kg\/#respond\"]}],\"copyrightYear\":\"2024\",\"copyrightHolder\":{\"@id\":\"https:\/\/dicodusport.fr\/blog\/#organization\"}},{\"@type\":\"WebPage\",\"@id\":\"https:\/\/dicodusport.fr\/blog\/judo-blandine-pont-battue-en-finale-des-championnats-deurope-chez-les-48-kg\/\",\"url\":\"https:\/\/dicodusport.fr\/blog\/judo-blandine-pont-battue-en-finale-des-championnats-deurope-chez-les-48-kg\/\",\"name\":\"Judo : Blandine Pont battue en finale des Championnats d'Europe chez les -48 kg\",\"isPartOf\":{\"@id\":\"https:\/\/dicodusport.fr\/blog\/#website\"},\"primaryImageOfPage\":{\"@id\":\"https:\/\/dicodusport.fr\/blog\/judo-blandine-pont-battue-en-finale-des-championnats-deurope-chez-les-48-kg\/#primaryimage\"},\"image\":{\"@id\":\"https:\/\/dicodusport.fr\/blog\/judo-blandine-pont-battue-en-finale-des-championnats-deurope-chez-les-48-kg\/#primaryimage\"},\"thumbnailUrl\":\"https:\/\/dicodusport.fr\/blog\/wp-content\/uploads\/2024\/04\/Judo-Blandine-Pont-battue-en-finale-des-Championnats-dEurope.png\",\"datePublished\":\"2024-04-25T15:30:42+00:00\",\"dateModified\":\"2024-04-25T17:52:55+00:00\",\"description\":\"CHAMPIONNATS D'EUROPE DE JUDO 2024 - Blandine Pont a \u00e9t\u00e9 domin\u00e9e par l'inattendue Kristina Dudina, et se contentera donc de l'argent.\",\"breadcrumb\":{\"@id\":\"https:\/\/dicodusport.fr\/blog\/judo-blandine-pont-battue-en-finale-des-championnats-deurope-chez-les-48-kg\/#breadcrumb\"},\"inLanguage\":\"fr-FR\",\"potentialAction\":[{\"@type\":\"ReadAction\",\"target\":[\"https:\/\/dicodusport.fr\/blog\/judo-blandine-pont-battue-en-finale-des-championnats-deurope-chez-les-48-kg\/\"]}]},{\"@type\":\"ImageObject\",\"inLanguage\":\"fr-FR\",\"@id\":\"https:\/\/dicodusport.fr\/blog\/judo-blandine-pont-battue-en-finale-des-championnats-deurope-chez-les-48-kg\/#primaryimage\",\"url\":\"https:\/\/dicodusport.fr\/blog\/wp-content\/uploads\/2024\/04\/Judo-Blandine-Pont-battue-en-finale-des-Championnats-dEurope.png\",\"contentUrl\":\"https:\/\/dicodusport.fr\/blog\/wp-content\/uploads\/2024\/04\/Judo-Blandine-Pont-battue-en-finale-des-Championnats-dEurope.png\",\"width\":1200,\"height\":674,\"caption\":\"Judo Blandine Pont battue en finale des Championnats d'Europe\"},{\"@type\":\"BreadcrumbList\",\"@id\":\"https:\/\/dicodusport.fr\/blog\/judo-blandine-pont-battue-en-finale-des-championnats-deurope-chez-les-48-kg\/#breadcrumb\",\"itemListElement\":[{\"@type\":\"ListItem\",\"position\":1,\"name\":\"Accueil\",\"item\":\"https:\/\/dicodusport.fr\/blog\/\"},{\"@type\":\"ListItem\",\"position\":2,\"name\":\"Judo : Blandine Pont battue en finale des Championnats d&rsquo;Europe chez les -48 kg\"}]},{\"@type\":\"WebSite\",\"@id\":\"https:\/\/dicodusport.fr\/blog\/#website\",\"url\":\"https:\/\/dicodusport.fr\/blog\/\",\"name\":\"Dicodusport\",\"description\":\"L&#039;encyclop\u00e9die de l&#039;actualit\u00e9 sportive\",\"publisher\":{\"@id\":\"https:\/\/dicodusport.fr\/blog\/#organization\"},\"potentialAction\":[{\"@type\":\"SearchAction\",\"target\":{\"@type\":\"EntryPoint\",\"urlTemplate\":\"https:\/\/dicodusport.fr\/blog\/?s={search_term_string}\"},\"query-input\":{\"@type\":\"PropertyValueSpecification\",\"valueRequired\":true,\"valueName\":\"search_term_string\"}}],\"inLanguage\":\"fr-FR\"},{\"@type\":\"NewsMediaOrganization\",\"@id\":\"https:\/\/dicodusport.fr\/blog\/#organization\",\"name\":\"Dicodusport\",\"url\":\"https:\/\/dicodusport.fr\/blog\/\",\"logo\":{\"@type\":\"ImageObject\",\"inLanguage\":\"fr-FR\",\"@id\":\"https:\/\/dicodusport.fr\/blog\/#\/schema\/logo\/image\/\",\"url\":\"https:\/\/dicodusport.fr\/blog\/wp-content\/uploads\/2020\/06\/cropped-LOGO-DICODUSPORT-2020-SANS-FOND-SANS-TEXTE.png\",\"contentUrl\":\"https:\/\/dicodusport.fr\/blog\/wp-content\/uploads\/2020\/06\/cropped-LOGO-DICODUSPORT-2020-SANS-FOND-SANS-TEXTE.png\",\"width\":512,\"height\":512,\"caption\":\"Dicodusport\"},\"image\":{\"@id\":\"https:\/\/dicodusport.fr\/blog\/#\/schema\/logo\/image\/\"},\"sameAs\":[\"https:\/\/www.facebook.com\/dicodusport\",\"https:\/\/x.com\/dicodusport\",\"https:\/\/www.instagram.com\/dicodusport\/\",\"https:\/\/www.youtube.com\/channel\/UC7V2KZ5sd3htJivAbA4ZG3w\"],\"description\":\"Dicodusport est l'encyclop\u00e9die de l'actualit\u00e9 sportive.\",\"email\":\"bonjour@dicodusport.fr\",\"legalName\":\"DICODUSPORT\",\"foundingDate\":\"2018-01-14\",\"vatID\":\"FR71834470973\",\"taxID\":\"83447097300043\",\"numberOfEmployees\":{\"@type\":\"QuantitativeValue\",\"minValue\":\"1\",\"maxValue\":\"10\"}},{\"@type\":\"Person\",\"@id\":\"https:\/\/dicodusport.fr\/blog\/#\/schema\/person\/627966a6cde45dbd8c5e36ac85d783da\",\"name\":\"S\u00e9bastien Gente\",\"image\":{\"@type\":\"ImageObject\",\"inLanguage\":\"fr-FR\",\"@id\":\"https:\/\/dicodusport.fr\/blog\/#\/schema\/person\/image\/\",\"url\":\"https:\/\/dicodusport.fr\/blog\/wp-content\/uploads\/2021\/09\/1510990_10205810251400683_4124423575079401707_n-150x150.jpg\",\"contentUrl\":\"https:\/\/dicodusport.fr\/blog\/wp-content\/uploads\/2021\/09\/1510990_10205810251400683_4124423575079401707_n-150x150.jpg\",\"caption\":\"S\u00e9bastien Gente\"},\"description\":\"John Stockton, Gianni Bugno, Zinedine Zidane, Steffi Graf, Frode Andresen, St\u00e9phane Stoecklin, Davis Kamoga, Primoz Peterka, Werner Schlager et Aur\u00e9lien Rougerie. Point commun entre ces sportifs? Ils m'ont fait r\u00eaver et ont berc\u00e9 mon adolescence. Je suis un fondu de sports et j'essaie de retranscrire ma passion \u00e0 travers mes articles. Originaire du P\u00e9rigord, ma passion pour les Girondins, les Jaunards et les Jazzmen transpire dans mes \u00e9crits. \u00c0 Dicodusport depuis 2021, je d\u00e9niche les sports m\u00e9connus dans lesquels la France brille, et il y en a !\",\"sameAs\":[\"https:\/\/www.facebook.com\/sebastien.gente\/\",\"https:\/\/www.instagram.com\/sebgente\/\",\"https:\/\/www.linkedin.com\/in\/sbastien-gente-a29583169\/\",\"https:\/\/x.com\/https:\/\/twitter.com\/globulo24\",\"SebastienGente\"],\"worksFor\":\"S\u00e9bastien GENTE\",\"url\":\"https:\/\/dicodusport.fr\/blog\/author\/sebastiengente\/\"}]}<\/script>\n<!-- \/ Yoast SEO Premium plugin. -->","yoast_head_json":{"title":"Judo : Blandine Pont battue en finale des Championnats d'Europe chez les -48 kg","description":"CHAMPIONNATS D'EUROPE DE JUDO 2024 - Blandine Pont a \u00e9t\u00e9 domin\u00e9e par l'inattendue Kristina Dudina, et se contentera donc de l'argent.","robots":{"index":"index","follow":"follow","max-snippet":"max-snippet:-1","max-image-preview":"max-image-preview:large","max-video-preview":"max-video-preview:-1"},"canonical":"https:\/\/dicodusport.fr\/blog\/judo-blandine-pont-battue-en-finale-des-championnats-deurope-chez-les-48-kg\/","og_locale":"fr_FR","og_type":"article","og_title":"Judo : Blandine Pont battue en finale des Championnats d'Europe chez les -48 kg","og_description":"CHAMPIONNATS D'EUROPE DE JUDO 2024 - Blandine Pont a \u00e9t\u00e9 domin\u00e9e par l'inattendue Kristina Dudina, et se contentera donc de l'argent.","og_url":"https:\/\/dicodusport.fr\/blog\/judo-blandine-pont-battue-en-finale-des-championnats-deurope-chez-les-48-kg\/","og_site_name":"Dicodusport","article_publisher":"https:\/\/www.facebook.com\/dicodusport","article_author":"https:\/\/www.facebook.com\/sebastien.gente\/","article_published_time":"2024-04-25T15:30:42+00:00","article_modified_time":"2024-04-25T17:52:55+00:00","og_image":[{"width":1200,"height":674,"url":"https:\/\/dicodusport.fr\/blog\/wp-content\/uploads\/2024\/04\/Judo-Blandine-Pont-battue-en-finale-des-Championnats-dEurope.png","type":"image\/png"}],"author":"S\u00e9bastien Gente","twitter_card":"summary_large_image","twitter_title":"Judo : Blandine Pont battue en finale des Championnats d'Europe chez les -48 kg","twitter_creator":"@https:\/\/twitter.com\/globulo24","twitter_site":"@dicodusport","schema":{"@context":"https:\/\/schema.org","@graph":[{"@type":"NewsArticle","@id":"https:\/\/dicodusport.fr\/blog\/judo-blandine-pont-battue-en-finale-des-championnats-deurope-chez-les-48-kg\/#article","isPartOf":{"@id":"https:\/\/dicodusport.fr\/blog\/judo-blandine-pont-battue-en-finale-des-championnats-deurope-chez-les-48-kg\/"},"author":{"name":"S\u00e9bastien Gente","@id":"https:\/\/dicodusport.fr\/blog\/#\/schema\/person\/627966a6cde45dbd8c5e36ac85d783da"},"headline":"Judo : Blandine Pont battue en finale des Championnats d&rsquo;Europe chez les -48 kg","datePublished":"2024-04-25T15:30:42+00:00","dateModified":"2024-04-25T17:52:55+00:00","mainEntityOfPage":{"@id":"https:\/\/dicodusport.fr\/blog\/judo-blandine-pont-battue-en-finale-des-championnats-deurope-chez-les-48-kg\/"},"wordCount":513,"commentCount":0,"publisher":{"@id":"https:\/\/dicodusport.fr\/blog\/#organization"},"image":{"@id":"https:\/\/dicodusport.fr\/blog\/judo-blandine-pont-battue-en-finale-des-championnats-deurope-chez-les-48-kg\/#primaryimage"},"thumbnailUrl":"https:\/\/dicodusport.fr\/blog\/wp-content\/uploads\/2024\/04\/Judo-Blandine-Pont-battue-en-finale-des-Championnats-dEurope.png","keywords":["Blandine Pont","br\u00e8ve"],"articleSection":["Judo"],"inLanguage":"fr-FR","potentialAction":[{"@type":"CommentAction","name":"Comment","target":["https:\/\/dicodusport.fr\/blog\/judo-blandine-pont-battue-en-finale-des-championnats-deurope-chez-les-48-kg\/#respond"]}],"copyrightYear":"2024","copyrightHolder":{"@id":"https:\/\/dicodusport.fr\/blog\/#organization"}},{"@type":"WebPage","@id":"https:\/\/dicodusport.fr\/blog\/judo-blandine-pont-battue-en-finale-des-championnats-deurope-chez-les-48-kg\/","url":"https:\/\/dicodusport.fr\/blog\/judo-blandine-pont-battue-en-finale-des-championnats-deurope-chez-les-48-kg\/","name":"Judo : Blandine Pont battue en finale des Championnats d'Europe chez les -48 kg","isPartOf":{"@id":"https:\/\/dicodusport.fr\/blog\/#website"},"primaryImageOfPage":{"@id":"https:\/\/dicodusport.fr\/blog\/judo-blandine-pont-battue-en-finale-des-championnats-deurope-chez-les-48-kg\/#primaryimage"},"image":{"@id":"https:\/\/dicodusport.fr\/blog\/judo-blandine-pont-battue-en-finale-des-championnats-deurope-chez-les-48-kg\/#primaryimage"},"thumbnailUrl":"https:\/\/dicodusport.fr\/blog\/wp-content\/uploads\/2024\/04\/Judo-Blandine-Pont-battue-en-finale-des-Championnats-dEurope.png","datePublished":"2024-04-25T15:30:42+00:00","dateModified":"2024-04-25T17:52:55+00:00","description":"CHAMPIONNATS D'EUROPE DE JUDO 2024 - Blandine Pont a \u00e9t\u00e9 domin\u00e9e par l'inattendue Kristina Dudina, et se contentera donc de l'argent.","breadcrumb":{"@id":"https:\/\/dicodusport.fr\/blog\/judo-blandine-pont-battue-en-finale-des-championnats-deurope-chez-les-48-kg\/#breadcrumb"},"inLanguage":"fr-FR","potentialAction":[{"@type":"ReadAction","target":["https:\/\/dicodusport.fr\/blog\/judo-blandine-pont-battue-en-finale-des-championnats-deurope-chez-les-48-kg\/"]}]},{"@type":"ImageObject","inLanguage":"fr-FR","@id":"https:\/\/dicodusport.fr\/blog\/judo-blandine-pont-battue-en-finale-des-championnats-deurope-chez-les-48-kg\/#primaryimage","url":"https:\/\/dicodusport.fr\/blog\/wp-content\/uploads\/2024\/04\/Judo-Blandine-Pont-battue-en-finale-des-Championnats-dEurope.png","contentUrl":"https:\/\/dicodusport.fr\/blog\/wp-content\/uploads\/2024\/04\/Judo-Blandine-Pont-battue-en-finale-des-Championnats-dEurope.png","width":1200,"height":674,"caption":"Judo Blandine Pont battue en finale des Championnats d'Europe"},{"@type":"BreadcrumbList","@id":"https:\/\/dicodusport.fr\/blog\/judo-blandine-pont-battue-en-finale-des-championnats-deurope-chez-les-48-kg\/#breadcrumb","itemListElement":[{"@type":"ListItem","position":1,"name":"Accueil","item":"https:\/\/dicodusport.fr\/blog\/"},{"@type":"ListItem","position":2,"name":"Judo : Blandine Pont battue en finale des Championnats d&rsquo;Europe chez les -48 kg"}]},{"@type":"WebSite","@id":"https:\/\/dicodusport.fr\/blog\/#website","url":"https:\/\/dicodusport.fr\/blog\/","name":"Dicodusport","description":"L&#039;encyclop\u00e9die de l&#039;actualit\u00e9 sportive","publisher":{"@id":"https:\/\/dicodusport.fr\/blog\/#organization"},"potentialAction":[{"@type":"SearchAction","target":{"@type":"EntryPoint","urlTemplate":"https:\/\/dicodusport.fr\/blog\/?s={search_term_string}"},"query-input":{"@type":"PropertyValueSpecification","valueRequired":true,"valueName":"search_term_string"}}],"inLanguage":"fr-FR"},{"@type":"NewsMediaOrganization","@id":"https:\/\/dicodusport.fr\/blog\/#organization","name":"Dicodusport","url":"https:\/\/dicodusport.fr\/blog\/","logo":{"@type":"ImageObject","inLanguage":"fr-FR","@id":"https:\/\/dicodusport.fr\/blog\/#\/schema\/logo\/image\/","url":"https:\/\/dicodusport.fr\/blog\/wp-content\/uploads\/2020\/06\/cropped-LOGO-DICODUSPORT-2020-SANS-FOND-SANS-TEXTE.png","contentUrl":"https:\/\/dicodusport.fr\/blog\/wp-content\/uploads\/2020\/06\/cropped-LOGO-DICODUSPORT-2020-SANS-FOND-SANS-TEXTE.png","width":512,"height":512,"caption":"Dicodusport"},"image":{"@id":"https:\/\/dicodusport.fr\/blog\/#\/schema\/logo\/image\/"},"sameAs":["https:\/\/www.facebook.com\/dicodusport","https:\/\/x.com\/dicodusport","https:\/\/www.instagram.com\/dicodusport\/","https:\/\/www.youtube.com\/channel\/UC7V2KZ5sd3htJivAbA4ZG3w"],"description":"Dicodusport est l'encyclop\u00e9die de l'actualit\u00e9 sportive.","email":"bonjour@dicodusport.fr","legalName":"DICODUSPORT","foundingDate":"2018-01-14","vatID":"FR71834470973","taxID":"83447097300043","numberOfEmployees":{"@type":"QuantitativeValue","minValue":"1","maxValue":"10"}},{"@type":"Person","@id":"https:\/\/dicodusport.fr\/blog\/#\/schema\/person\/627966a6cde45dbd8c5e36ac85d783da","name":"S\u00e9bastien Gente","image":{"@type":"ImageObject","inLanguage":"fr-FR","@id":"https:\/\/dicodusport.fr\/blog\/#\/schema\/person\/image\/","url":"https:\/\/dicodusport.fr\/blog\/wp-content\/uploads\/2021\/09\/1510990_10205810251400683_4124423575079401707_n-150x150.jpg","contentUrl":"https:\/\/dicodusport.fr\/blog\/wp-content\/uploads\/2021\/09\/1510990_10205810251400683_4124423575079401707_n-150x150.jpg","caption":"S\u00e9bastien Gente"},"description":"John Stockton, Gianni Bugno, Zinedine Zidane, Steffi Graf, Frode Andresen, St\u00e9phane Stoecklin, Davis Kamoga, Primoz Peterka, Werner Schlager et Aur\u00e9lien Rougerie. Point commun entre ces sportifs? Ils m'ont fait r\u00eaver et ont berc\u00e9 mon adolescence. Je suis un fondu de sports et j'essaie de retranscrire ma passion \u00e0 travers mes articles. Originaire du P\u00e9rigord, ma passion pour les Girondins, les Jaunards et les Jazzmen transpire dans mes \u00e9crits. \u00c0 Dicodusport depuis 2021, je d\u00e9niche les sports m\u00e9connus dans lesquels la France brille, et il y en a !","sameAs":["https:\/\/www.facebook.com\/sebastien.gente\/","https:\/\/www.instagram.com\/sebgente\/","https:\/\/www.linkedin.com\/in\/sbastien-gente-a29583169\/","https:\/\/x.com\/https:\/\/twitter.com\/globulo24","SebastienGente"],"worksFor":"S\u00e9bastien GENTE","url":"https:\/\/dicodusport.fr\/blog\/author\/sebastiengente\/"}]}},"_links":{"self":[{"href":"https:\/\/dicodusport.fr\/blog\/wp-json\/wp\/v2\/posts\/481369","targetHints":{"allow":["GET"]}}],"collection":[{"href":"https:\/\/dicodusport.fr\/blog\/wp-json\/wp\/v2\/posts"}],"about":[{"href":"https:\/\/dicodusport.fr\/blog\/wp-json\/wp\/v2\/types\/post"}],"author":[{"embeddable":true,"href":"https:\/\/dicodusport.fr\/blog\/wp-json\/wp\/v2\/users\/59"}],"replies":[{"embeddable":true,"href":"https:\/\/dicodusport.fr\/blog\/wp-json\/wp\/v2\/comments?post=481369"}],"version-history":[{"count":5,"href":"https:\/\/dicodusport.fr\/blog\/wp-json\/wp\/v2\/posts\/481369\/revisions"}],"predecessor-version":[{"id":481438,"href":"https:\/\/dicodusport.fr\/blog\/wp-json\/wp\/v2\/posts\/481369\/revisions\/481438"}],"wp:featuredmedia":[{"embeddable":true,"href":"https:\/\/dicodusport.fr\/blog\/wp-json\/wp\/v2\/media\/481437"}],"wp:attachment":[{"href":"https:\/\/dicodusport.fr\/blog\/wp-json\/wp\/v2\/media?parent=481369"}],"wp:term":[{"taxonomy":"category","embeddable":true,"href":"https:\/\/dicodusport.fr\/blog\/wp-json\/wp\/v2\/categories?post=481369"},{"taxonomy":"post_tag","embeddable":true,"href":"https:\/\/dicodusport.fr\/blog\/wp-json\/wp\/v2\/tags?post=481369"}],"curies":[{"name":"wp","href":"https:\/\/api.w.org\/{rel}","templated":true}]}}