{"id":48173,"date":"2019-09-15T19:28:04","date_gmt":"2019-09-15T17:28:04","guid":{"rendered":"http:\/\/dicodusport.fr\/blog\/?p=48173"},"modified":"2019-09-16T09:05:45","modified_gmt":"2019-09-16T07:05:45","slug":"open-de-rouen-pablo-carreno-busta-vainqueur-face-a-benoit-paire","status":"publish","type":"post","link":"https:\/\/dicodusport.fr\/blog\/open-de-rouen-pablo-carreno-busta-vainqueur-face-a-benoit-paire\/","title":{"rendered":"Open de Rouen : Pablo Carre\u00f1o Busta vainqueur face \u00e0 Beno\u00eet Paire"},"content":{"rendered":"<p style=\"text-align: justify;\"><strong><em>La finale entre Beno\u00eet Paire et\u00a0Pablo Carre\u00f1o Busta a propos\u00e9 un tennis plaisant pour les spectateurs de la Kindarena pour cette finale, remport\u00e9e par l&rsquo;Espagnol.<\/em><\/strong><\/p>\n<p style=\"text-align: justify;\">La finale opposait deux joueurs qui s&rsquo;appr\u00e9cient. <strong>Beno\u00eet Paire<\/strong>, qui s&rsquo;\u00e9tait d\u00e9barrass\u00e9 d&rsquo;<strong>Edouard Roger-Vasselin<\/strong> la veille en demi-finale et <strong>Pablo Carre\u00f1o Busta<\/strong>, qui s&rsquo;\u00e9tait quant \u00e0 lui d\u00e9fait de <strong>Pablo Andujar<\/strong>.<\/p>\n<p style=\"text-align: justify;\">Dans la premi\u00e8re manche, les quatre premiers jeux ont \u00e9t\u00e9 \u00e9quilibr\u00e9s entre les deux finalistes de cet <strong>Open de Rouen<\/strong>. L&rsquo;Espagnol r\u00e9ussissait \u00e0 breaker pour mener 4 jeux \u00e0 2. Cons\u00e9quence, <strong>Beno\u00eet Paire<\/strong> commen\u00e7ait \u00e0 s&rsquo;\u00e9nerver et conc\u00e9dait un jeu blanc pour \u00eatre men\u00e9 5 jeux \u00e0 2. Gr\u00e2ce \u00e0 son service, qui lui avait manqu\u00e9 au d\u00e9but de la premi\u00e8re manche, le natif d&rsquo;Avignon a r\u00e9ussi \u00e0 rester en vie dans la premi\u00e8re manche. L&rsquo;Espagnol gagnait finalement le premier acte 6-3 en 30 minutes.<\/p>\n<h2 style=\"text-align: justify;\">Beno\u00eet Paire a r\u00e9sist\u00e9 avant de c\u00e9der<\/h2>\n<p style=\"text-align: justify;\">Dans la deuxi\u00e8me manche, l&rsquo;Espagnol breakait de nouveau d\u00e8s le deuxi\u00e8me jeu de service du Fran\u00e7ais en profitant d&rsquo;une double faute de Paire. L&rsquo;ex num\u00e9ro 10 mondial, au terme d&rsquo;un jeu de service accroch\u00e9, r\u00e9ussissait \u00e0 conserver son break pour mener 3-1. Le Fran\u00e7ais pensait avoir fait le plus dur dans le jeu suivant en menant 0-30 mais ne r\u00e9ussissait pas \u00e0 d\u00e9breaker. Ce dernier conservait son jeu de service pour revenir \u00e0 4-3. <strong>Beno\u00eet Paire<\/strong> se procurait ensuite une balle de break qu&rsquo;il ne r\u00e9ussissait pas \u00e0 convertir. 5-3 pour l&rsquo;Espagnol, le Tricolore \u00e9tait d\u00e9sormais au pied du mur. Sur son jeu de service, le Fran\u00e7ais, dans un premier temps, avait vu son adversaire gagner sans doute le point du match mais dans un deuxi\u00e8me temps r\u00e9ussissait \u00e0 sauver deux balles de match et enfin \u00e0 gagner son jeu de service.<\/p>\n<p style=\"text-align: justify;\"><strong>Beno\u00eet Paire<\/strong>, encourag\u00e9 par le public rouennais, \u00e9tait toujours en vie. L&rsquo;Espagnol, sur son jeu de service, se procurait trois balles de match en menant 40-0.\u00a0 <strong>Beno\u00eet Paire<\/strong> en sauvait deux. On croyait que la troisi\u00e8me \u00e9tait la bonne avec un ace. En r\u00e9alit\u00e9, le service de\u00a0<strong>Carre\u00f1o Busta<\/strong> semblait \u00eatre faute. L&rsquo;Espagnol, par fair-play, acceptait de rejouer le point. Quelques instants plus tard, le Fran\u00e7ais ne pouvait sauver une derni\u00e8re balle de match fatale et s&rsquo;inclina 6-3 6-4 face \u00e0 l&rsquo;Espagnol au bout d&rsquo;une heure et vingt minutes de jeu.<\/p>\n<div id=\"attachment_48224\" style=\"width: 2042px\" class=\"wp-caption aligncenter\"><a href=\"http:\/\/dicodusport.fr\/blog\/wp-content\/uploads\/2019\/09\/Pablo-Carreno-Busta-vainqueur-de-lOpen-de-Rouen.jpg\"><img loading=\"lazy\" decoding=\"async\" aria-describedby=\"caption-attachment-48224\" class=\"size-full wp-image-48224\" src=\"http:\/\/dicodusport.fr\/blog\/wp-content\/uploads\/2019\/09\/Pablo-Carreno-Busta-vainqueur-de-lOpen-de-Rouen.jpg\" alt=\"\" width=\"2032\" height=\"1809\" srcset=\"https:\/\/dicodusport.fr\/blog\/wp-content\/uploads\/2019\/09\/Pablo-Carreno-Busta-vainqueur-de-lOpen-de-Rouen.jpg 2032w, https:\/\/dicodusport.fr\/blog\/wp-content\/uploads\/2019\/09\/Pablo-Carreno-Busta-vainqueur-de-lOpen-de-Rouen-300x267.jpg 300w, https:\/\/dicodusport.fr\/blog\/wp-content\/uploads\/2019\/09\/Pablo-Carreno-Busta-vainqueur-de-lOpen-de-Rouen-768x684.jpg 768w, https:\/\/dicodusport.fr\/blog\/wp-content\/uploads\/2019\/09\/Pablo-Carreno-Busta-vainqueur-de-lOpen-de-Rouen-1024x912.jpg 1024w\" sizes=\"auto, (max-width: 2032px) 100vw, 2032px\" \/><\/a><p id=\"caption-attachment-48224\" class=\"wp-caption-text\">Pablo Carreno Busta vainqueur de l&rsquo;Open de Rouen &#8211; Fran\u00e7ois Dugu\u00e9 \/ Open de Rouen Capfinances<\/p><\/div>\n<p style=\"text-align: justify;\"><strong>Pablo<\/strong>\u00a0<strong>Carre\u00f1o Busta<\/strong> s&rsquo;impose pour la premi\u00e8re fois \u00e0 l&rsquo;<strong>Open de Rouen<\/strong> de tennis. <strong>Beno\u00eet Paire<\/strong> n&rsquo;inscrira pas cette ann\u00e9e pour la deuxi\u00e8me fois son nom au palmar\u00e8s du tournoi rouennais.<\/p>\n<p style=\"text-align: justify;\">Chez les dames, la Luxembourgeoise <strong>Mandy Minella<\/strong> s&rsquo;est impos\u00e9e en dominant la Fran\u00e7aise <strong>Aliz\u00e9e Lim<\/strong> en finale (7-5, 6-1).<\/p>\n<blockquote class=\"twitter-tweet\">\n<p dir=\"ltr\" lang=\"fr\">MINELLA, C&rsquo;EST DU \u00ab\u00a0LUX\u00a0\u00bb ! Mandy MINELLA (WTA 143 &#x1f1f1;&#x1f1fa;) a remport\u00e9 ce dimanche le Simple Dames de la 6\u00e8me \u00e9dition de l&rsquo;Open de Rouen Capfinances. La Luxembourgeoise a pris le meilleur en finale sur Aliz\u00e9 LIM (WTA 495 &#x1f1eb;&#x1f1f7;), 7\/5 6\/1. <a href=\"https:\/\/t.co\/q3ZVz1im4i\">pic.twitter.com\/q3ZVz1im4i<\/a><\/p>\n<p>\u2014 Open de Rouen Capfinances (@OpenRouen) <a href=\"https:\/\/twitter.com\/OpenRouen\/status\/1173276994743746565?ref_src=twsrc%5Etfw\">September 15, 2019<\/a><\/p><\/blockquote>\n<p><script async src=\"https:\/\/platform.twitter.com\/widgets.js\" charset=\"utf-8\"><\/script><\/p>\n<p><em><strong>Nelson Emane<br \/>\n<a href=\"https:\/\/twitter.com\/LeCanariNormand\"><img loading=\"lazy\" decoding=\"async\" class=\"alignnone size-full wp-image-2908\" src=\"http:\/\/dicodusport.fr\/blog\/wp-content\/uploads\/2017\/07\/logo-twitter-e1516110106986.png\" alt=\"\" width=\"39\" height=\"39\" \/><\/a><\/strong><\/em><\/p>\n<p>&nbsp;<\/p>\n","protected":false},"excerpt":{"rendered":"<p>La finale entre Beno\u00eet Paire et Pablo Carre\u00f1o Busta a propos\u00e9 un tennis plaisant pour les spectateurs de la Kindarena pour cette finale, remport\u00e9e par l&rsquo;Espagnol.<\/p>\n","protected":false},"author":29,"featured_media":48206,"comment_status":"open","ping_status":"closed","sticky":false,"template":"","format":"standard","meta":{"_acf_changed":false,"_daextam_enable_autolinks":"","footnotes":""},"categories":[2302],"tags":[5942,5951],"class_list":["post-48173","post","type-post","status-publish","format-standard","has-post-thumbnail","hentry","category-tennis","tag-benoit-paire","tag-pablo-carreno-busta"],"acf":[],"yoast_head":"<!-- This site is optimized with the Yoast SEO Premium plugin v26.7 (Yoast SEO v26.7) - https:\/\/yoast.com\/wordpress\/plugins\/seo\/ -->\n<title>Open de Rouen : Pablo Carre\u00f1o Busta vainqueur face \u00e0 Beno\u00eet Paire<\/title>\n<meta name=\"description\" content=\"La finale entre Beno\u00eet Paire et Pablo Carre\u00f1o Busta a propos\u00e9 un tennis plaisant pour les spectateurs de la Kindarena, remport\u00e9e par l&#039;Espagnol.\" \/>\n<meta name=\"robots\" content=\"index, follow, max-snippet:-1, max-image-preview:large, max-video-preview:-1\" \/>\n<link rel=\"canonical\" href=\"https:\/\/dicodusport.fr\/blog\/open-de-rouen-pablo-carreno-busta-vainqueur-face-a-benoit-paire\/\" \/>\n<meta property=\"og:locale\" content=\"fr_FR\" \/>\n<meta property=\"og:type\" content=\"article\" \/>\n<meta property=\"og:title\" content=\"Open de Rouen : Pablo Carre\u00f1o Busta vainqueur face \u00e0 Beno\u00eet Paire\" \/>\n<meta property=\"og:description\" content=\"La finale entre Beno\u00eet Paire et Pablo Carre\u00f1o Busta a propos\u00e9 un tennis plaisant pour les spectateurs de la Kindarena, remport\u00e9e par l&#039;Espagnol.\" \/>\n<meta property=\"og:url\" content=\"https:\/\/dicodusport.fr\/blog\/open-de-rouen-pablo-carreno-busta-vainqueur-face-a-benoit-paire\/\" \/>\n<meta property=\"og:site_name\" content=\"Dicodusport\" \/>\n<meta property=\"article:publisher\" content=\"https:\/\/www.facebook.com\/dicodusport\" \/>\n<meta property=\"article:published_time\" content=\"2019-09-15T17:28:04+00:00\" \/>\n<meta property=\"article:modified_time\" content=\"2019-09-16T07:05:45+00:00\" \/>\n<meta property=\"og:image\" content=\"https:\/\/dicodusport.fr\/blog\/wp-content\/uploads\/2019\/09\/Open-de-Rouen-Pablo-Carre\u00f1o-Busta-vainqueur-face-\u00e0-Beno\u00eet-Paire.png\" \/>\n\t<meta property=\"og:image:width\" content=\"800\" \/>\n\t<meta property=\"og:image:height\" content=\"445\" \/>\n\t<meta property=\"og:image:type\" content=\"image\/png\" \/>\n<meta name=\"author\" content=\"Nelson\" \/>\n<meta name=\"twitter:card\" content=\"summary_large_image\" \/>\n<meta name=\"twitter:title\" content=\"Open de Rouen : Pablo Carre\u00f1o Busta vainqueur face \u00e0 Beno\u00eet Paire\" \/>\n<meta name=\"twitter:creator\" content=\"@dicodusport\" \/>\n<meta name=\"twitter:site\" content=\"@dicodusport\" \/>\n<script type=\"application\/ld+json\" class=\"yoast-schema-graph\">{\"@context\":\"https:\/\/schema.org\",\"@graph\":[{\"@type\":\"NewsArticle\",\"@id\":\"https:\/\/dicodusport.fr\/blog\/open-de-rouen-pablo-carreno-busta-vainqueur-face-a-benoit-paire\/#article\",\"isPartOf\":{\"@id\":\"https:\/\/dicodusport.fr\/blog\/open-de-rouen-pablo-carreno-busta-vainqueur-face-a-benoit-paire\/\"},\"author\":{\"name\":\"Nelson\",\"@id\":\"https:\/\/dicodusport.fr\/blog\/#\/schema\/person\/5116a629167122a65c59ff0df3ccec05\"},\"headline\":\"Open de Rouen : Pablo Carre\u00f1o Busta vainqueur face \u00e0 Beno\u00eet Paire\",\"datePublished\":\"2019-09-15T17:28:04+00:00\",\"dateModified\":\"2019-09-16T07:05:45+00:00\",\"mainEntityOfPage\":{\"@id\":\"https:\/\/dicodusport.fr\/blog\/open-de-rouen-pablo-carreno-busta-vainqueur-face-a-benoit-paire\/\"},\"wordCount\":590,\"commentCount\":0,\"publisher\":{\"@id\":\"https:\/\/dicodusport.fr\/blog\/#organization\"},\"image\":{\"@id\":\"https:\/\/dicodusport.fr\/blog\/open-de-rouen-pablo-carreno-busta-vainqueur-face-a-benoit-paire\/#primaryimage\"},\"thumbnailUrl\":\"https:\/\/dicodusport.fr\/blog\/wp-content\/uploads\/2019\/09\/Open-de-Rouen-Pablo-Carre\u00f1o-Busta-vainqueur-face-\u00e0-Beno\u00eet-Paire.png\",\"keywords\":[\"Beno\u00eet Paire\",\"Pablo Carreno Busta\"],\"articleSection\":[\"Tennis\"],\"inLanguage\":\"fr-FR\",\"potentialAction\":[{\"@type\":\"CommentAction\",\"name\":\"Comment\",\"target\":[\"https:\/\/dicodusport.fr\/blog\/open-de-rouen-pablo-carreno-busta-vainqueur-face-a-benoit-paire\/#respond\"]}],\"copyrightYear\":\"2019\",\"copyrightHolder\":{\"@id\":\"https:\/\/dicodusport.fr\/blog\/#organization\"}},{\"@type\":\"WebPage\",\"@id\":\"https:\/\/dicodusport.fr\/blog\/open-de-rouen-pablo-carreno-busta-vainqueur-face-a-benoit-paire\/\",\"url\":\"https:\/\/dicodusport.fr\/blog\/open-de-rouen-pablo-carreno-busta-vainqueur-face-a-benoit-paire\/\",\"name\":\"Open de Rouen : Pablo Carre\u00f1o Busta vainqueur face \u00e0 Beno\u00eet Paire\",\"isPartOf\":{\"@id\":\"https:\/\/dicodusport.fr\/blog\/#website\"},\"primaryImageOfPage\":{\"@id\":\"https:\/\/dicodusport.fr\/blog\/open-de-rouen-pablo-carreno-busta-vainqueur-face-a-benoit-paire\/#primaryimage\"},\"image\":{\"@id\":\"https:\/\/dicodusport.fr\/blog\/open-de-rouen-pablo-carreno-busta-vainqueur-face-a-benoit-paire\/#primaryimage\"},\"thumbnailUrl\":\"https:\/\/dicodusport.fr\/blog\/wp-content\/uploads\/2019\/09\/Open-de-Rouen-Pablo-Carre\u00f1o-Busta-vainqueur-face-\u00e0-Beno\u00eet-Paire.png\",\"datePublished\":\"2019-09-15T17:28:04+00:00\",\"dateModified\":\"2019-09-16T07:05:45+00:00\",\"description\":\"La finale entre Beno\u00eet Paire et Pablo Carre\u00f1o Busta a propos\u00e9 un tennis plaisant pour les spectateurs de la Kindarena, remport\u00e9e par l'Espagnol.\",\"breadcrumb\":{\"@id\":\"https:\/\/dicodusport.fr\/blog\/open-de-rouen-pablo-carreno-busta-vainqueur-face-a-benoit-paire\/#breadcrumb\"},\"inLanguage\":\"fr-FR\",\"potentialAction\":[{\"@type\":\"ReadAction\",\"target\":[\"https:\/\/dicodusport.fr\/blog\/open-de-rouen-pablo-carreno-busta-vainqueur-face-a-benoit-paire\/\"]}]},{\"@type\":\"ImageObject\",\"inLanguage\":\"fr-FR\",\"@id\":\"https:\/\/dicodusport.fr\/blog\/open-de-rouen-pablo-carreno-busta-vainqueur-face-a-benoit-paire\/#primaryimage\",\"url\":\"https:\/\/dicodusport.fr\/blog\/wp-content\/uploads\/2019\/09\/Open-de-Rouen-Pablo-Carre\u00f1o-Busta-vainqueur-face-\u00e0-Beno\u00eet-Paire.png\",\"contentUrl\":\"https:\/\/dicodusport.fr\/blog\/wp-content\/uploads\/2019\/09\/Open-de-Rouen-Pablo-Carre\u00f1o-Busta-vainqueur-face-\u00e0-Beno\u00eet-Paire.png\",\"width\":800,\"height\":445},{\"@type\":\"BreadcrumbList\",\"@id\":\"https:\/\/dicodusport.fr\/blog\/open-de-rouen-pablo-carreno-busta-vainqueur-face-a-benoit-paire\/#breadcrumb\",\"itemListElement\":[{\"@type\":\"ListItem\",\"position\":1,\"name\":\"Accueil\",\"item\":\"https:\/\/dicodusport.fr\/blog\/\"},{\"@type\":\"ListItem\",\"position\":2,\"name\":\"Open de Rouen : Pablo Carre\u00f1o Busta vainqueur face \u00e0 Beno\u00eet Paire\"}]},{\"@type\":\"WebSite\",\"@id\":\"https:\/\/dicodusport.fr\/blog\/#website\",\"url\":\"https:\/\/dicodusport.fr\/blog\/\",\"name\":\"Dicodusport\",\"description\":\"L&#039;encyclop\u00e9die de l&#039;actualit\u00e9 sportive\",\"publisher\":{\"@id\":\"https:\/\/dicodusport.fr\/blog\/#organization\"},\"potentialAction\":[{\"@type\":\"SearchAction\",\"target\":{\"@type\":\"EntryPoint\",\"urlTemplate\":\"https:\/\/dicodusport.fr\/blog\/?s={search_term_string}\"},\"query-input\":{\"@type\":\"PropertyValueSpecification\",\"valueRequired\":true,\"valueName\":\"search_term_string\"}}],\"inLanguage\":\"fr-FR\"},{\"@type\":\"NewsMediaOrganization\",\"@id\":\"https:\/\/dicodusport.fr\/blog\/#organization\",\"name\":\"Dicodusport\",\"url\":\"https:\/\/dicodusport.fr\/blog\/\",\"logo\":{\"@type\":\"ImageObject\",\"inLanguage\":\"fr-FR\",\"@id\":\"https:\/\/dicodusport.fr\/blog\/#\/schema\/logo\/image\/\",\"url\":\"https:\/\/dicodusport.fr\/blog\/wp-content\/uploads\/2020\/06\/cropped-LOGO-DICODUSPORT-2020-SANS-FOND-SANS-TEXTE.png\",\"contentUrl\":\"https:\/\/dicodusport.fr\/blog\/wp-content\/uploads\/2020\/06\/cropped-LOGO-DICODUSPORT-2020-SANS-FOND-SANS-TEXTE.png\",\"width\":512,\"height\":512,\"caption\":\"Dicodusport\"},\"image\":{\"@id\":\"https:\/\/dicodusport.fr\/blog\/#\/schema\/logo\/image\/\"},\"sameAs\":[\"https:\/\/www.facebook.com\/dicodusport\",\"https:\/\/x.com\/dicodusport\",\"https:\/\/www.instagram.com\/dicodusport\/\",\"https:\/\/www.youtube.com\/channel\/UC7V2KZ5sd3htJivAbA4ZG3w\"],\"description\":\"Dicodusport est l'encyclop\u00e9die de l'actualit\u00e9 sportive.\",\"email\":\"bonjour@dicodusport.fr\",\"legalName\":\"DICODUSPORT\",\"foundingDate\":\"2018-01-14\",\"vatID\":\"FR71834470973\",\"taxID\":\"83447097300043\",\"numberOfEmployees\":{\"@type\":\"QuantitativeValue\",\"minValue\":\"1\",\"maxValue\":\"10\"}},{\"@type\":\"Person\",\"@id\":\"https:\/\/dicodusport.fr\/blog\/#\/schema\/person\/5116a629167122a65c59ff0df3ccec05\",\"name\":\"Nelson\",\"image\":{\"@type\":\"ImageObject\",\"inLanguage\":\"fr-FR\",\"@id\":\"https:\/\/dicodusport.fr\/blog\/#\/schema\/person\/image\/\",\"url\":\"https:\/\/dicodusport.fr\/blog\/wp-content\/uploads\/2017\/01\/cropped-logo-dicodusport-sans-fond-150x150.png\",\"contentUrl\":\"https:\/\/dicodusport.fr\/blog\/wp-content\/uploads\/2017\/01\/cropped-logo-dicodusport-sans-fond-150x150.png\",\"caption\":\"Nelson\"},\"url\":\"https:\/\/dicodusport.fr\/blog\/author\/nelson\/\"}]}<\/script>\n<!-- \/ Yoast SEO Premium plugin. -->","yoast_head_json":{"title":"Open de Rouen : Pablo Carre\u00f1o Busta vainqueur face \u00e0 Beno\u00eet Paire","description":"La finale entre Beno\u00eet Paire et Pablo Carre\u00f1o Busta a propos\u00e9 un tennis plaisant pour les spectateurs de la Kindarena, remport\u00e9e par l'Espagnol.","robots":{"index":"index","follow":"follow","max-snippet":"max-snippet:-1","max-image-preview":"max-image-preview:large","max-video-preview":"max-video-preview:-1"},"canonical":"https:\/\/dicodusport.fr\/blog\/open-de-rouen-pablo-carreno-busta-vainqueur-face-a-benoit-paire\/","og_locale":"fr_FR","og_type":"article","og_title":"Open de Rouen : Pablo Carre\u00f1o Busta vainqueur face \u00e0 Beno\u00eet Paire","og_description":"La finale entre Beno\u00eet Paire et Pablo Carre\u00f1o Busta a propos\u00e9 un tennis plaisant pour les spectateurs de la Kindarena, remport\u00e9e par l'Espagnol.","og_url":"https:\/\/dicodusport.fr\/blog\/open-de-rouen-pablo-carreno-busta-vainqueur-face-a-benoit-paire\/","og_site_name":"Dicodusport","article_publisher":"https:\/\/www.facebook.com\/dicodusport","article_published_time":"2019-09-15T17:28:04+00:00","article_modified_time":"2019-09-16T07:05:45+00:00","og_image":[{"width":800,"height":445,"url":"https:\/\/dicodusport.fr\/blog\/wp-content\/uploads\/2019\/09\/Open-de-Rouen-Pablo-Carre\u00f1o-Busta-vainqueur-face-\u00e0-Beno\u00eet-Paire.png","type":"image\/png"}],"author":"Nelson","twitter_card":"summary_large_image","twitter_title":"Open de Rouen : Pablo Carre\u00f1o Busta vainqueur face \u00e0 Beno\u00eet Paire","twitter_creator":"@dicodusport","twitter_site":"@dicodusport","schema":{"@context":"https:\/\/schema.org","@graph":[{"@type":"NewsArticle","@id":"https:\/\/dicodusport.fr\/blog\/open-de-rouen-pablo-carreno-busta-vainqueur-face-a-benoit-paire\/#article","isPartOf":{"@id":"https:\/\/dicodusport.fr\/blog\/open-de-rouen-pablo-carreno-busta-vainqueur-face-a-benoit-paire\/"},"author":{"name":"Nelson","@id":"https:\/\/dicodusport.fr\/blog\/#\/schema\/person\/5116a629167122a65c59ff0df3ccec05"},"headline":"Open de Rouen : Pablo Carre\u00f1o Busta vainqueur face \u00e0 Beno\u00eet Paire","datePublished":"2019-09-15T17:28:04+00:00","dateModified":"2019-09-16T07:05:45+00:00","mainEntityOfPage":{"@id":"https:\/\/dicodusport.fr\/blog\/open-de-rouen-pablo-carreno-busta-vainqueur-face-a-benoit-paire\/"},"wordCount":590,"commentCount":0,"publisher":{"@id":"https:\/\/dicodusport.fr\/blog\/#organization"},"image":{"@id":"https:\/\/dicodusport.fr\/blog\/open-de-rouen-pablo-carreno-busta-vainqueur-face-a-benoit-paire\/#primaryimage"},"thumbnailUrl":"https:\/\/dicodusport.fr\/blog\/wp-content\/uploads\/2019\/09\/Open-de-Rouen-Pablo-Carre\u00f1o-Busta-vainqueur-face-\u00e0-Beno\u00eet-Paire.png","keywords":["Beno\u00eet Paire","Pablo Carreno Busta"],"articleSection":["Tennis"],"inLanguage":"fr-FR","potentialAction":[{"@type":"CommentAction","name":"Comment","target":["https:\/\/dicodusport.fr\/blog\/open-de-rouen-pablo-carreno-busta-vainqueur-face-a-benoit-paire\/#respond"]}],"copyrightYear":"2019","copyrightHolder":{"@id":"https:\/\/dicodusport.fr\/blog\/#organization"}},{"@type":"WebPage","@id":"https:\/\/dicodusport.fr\/blog\/open-de-rouen-pablo-carreno-busta-vainqueur-face-a-benoit-paire\/","url":"https:\/\/dicodusport.fr\/blog\/open-de-rouen-pablo-carreno-busta-vainqueur-face-a-benoit-paire\/","name":"Open de Rouen : Pablo Carre\u00f1o Busta vainqueur face \u00e0 Beno\u00eet Paire","isPartOf":{"@id":"https:\/\/dicodusport.fr\/blog\/#website"},"primaryImageOfPage":{"@id":"https:\/\/dicodusport.fr\/blog\/open-de-rouen-pablo-carreno-busta-vainqueur-face-a-benoit-paire\/#primaryimage"},"image":{"@id":"https:\/\/dicodusport.fr\/blog\/open-de-rouen-pablo-carreno-busta-vainqueur-face-a-benoit-paire\/#primaryimage"},"thumbnailUrl":"https:\/\/dicodusport.fr\/blog\/wp-content\/uploads\/2019\/09\/Open-de-Rouen-Pablo-Carre\u00f1o-Busta-vainqueur-face-\u00e0-Beno\u00eet-Paire.png","datePublished":"2019-09-15T17:28:04+00:00","dateModified":"2019-09-16T07:05:45+00:00","description":"La finale entre Beno\u00eet Paire et Pablo Carre\u00f1o Busta a propos\u00e9 un tennis plaisant pour les spectateurs de la Kindarena, remport\u00e9e par l'Espagnol.","breadcrumb":{"@id":"https:\/\/dicodusport.fr\/blog\/open-de-rouen-pablo-carreno-busta-vainqueur-face-a-benoit-paire\/#breadcrumb"},"inLanguage":"fr-FR","potentialAction":[{"@type":"ReadAction","target":["https:\/\/dicodusport.fr\/blog\/open-de-rouen-pablo-carreno-busta-vainqueur-face-a-benoit-paire\/"]}]},{"@type":"ImageObject","inLanguage":"fr-FR","@id":"https:\/\/dicodusport.fr\/blog\/open-de-rouen-pablo-carreno-busta-vainqueur-face-a-benoit-paire\/#primaryimage","url":"https:\/\/dicodusport.fr\/blog\/wp-content\/uploads\/2019\/09\/Open-de-Rouen-Pablo-Carre\u00f1o-Busta-vainqueur-face-\u00e0-Beno\u00eet-Paire.png","contentUrl":"https:\/\/dicodusport.fr\/blog\/wp-content\/uploads\/2019\/09\/Open-de-Rouen-Pablo-Carre\u00f1o-Busta-vainqueur-face-\u00e0-Beno\u00eet-Paire.png","width":800,"height":445},{"@type":"BreadcrumbList","@id":"https:\/\/dicodusport.fr\/blog\/open-de-rouen-pablo-carreno-busta-vainqueur-face-a-benoit-paire\/#breadcrumb","itemListElement":[{"@type":"ListItem","position":1,"name":"Accueil","item":"https:\/\/dicodusport.fr\/blog\/"},{"@type":"ListItem","position":2,"name":"Open de Rouen : Pablo Carre\u00f1o Busta vainqueur face \u00e0 Beno\u00eet Paire"}]},{"@type":"WebSite","@id":"https:\/\/dicodusport.fr\/blog\/#website","url":"https:\/\/dicodusport.fr\/blog\/","name":"Dicodusport","description":"L&#039;encyclop\u00e9die de l&#039;actualit\u00e9 sportive","publisher":{"@id":"https:\/\/dicodusport.fr\/blog\/#organization"},"potentialAction":[{"@type":"SearchAction","target":{"@type":"EntryPoint","urlTemplate":"https:\/\/dicodusport.fr\/blog\/?s={search_term_string}"},"query-input":{"@type":"PropertyValueSpecification","valueRequired":true,"valueName":"search_term_string"}}],"inLanguage":"fr-FR"},{"@type":"NewsMediaOrganization","@id":"https:\/\/dicodusport.fr\/blog\/#organization","name":"Dicodusport","url":"https:\/\/dicodusport.fr\/blog\/","logo":{"@type":"ImageObject","inLanguage":"fr-FR","@id":"https:\/\/dicodusport.fr\/blog\/#\/schema\/logo\/image\/","url":"https:\/\/dicodusport.fr\/blog\/wp-content\/uploads\/2020\/06\/cropped-LOGO-DICODUSPORT-2020-SANS-FOND-SANS-TEXTE.png","contentUrl":"https:\/\/dicodusport.fr\/blog\/wp-content\/uploads\/2020\/06\/cropped-LOGO-DICODUSPORT-2020-SANS-FOND-SANS-TEXTE.png","width":512,"height":512,"caption":"Dicodusport"},"image":{"@id":"https:\/\/dicodusport.fr\/blog\/#\/schema\/logo\/image\/"},"sameAs":["https:\/\/www.facebook.com\/dicodusport","https:\/\/x.com\/dicodusport","https:\/\/www.instagram.com\/dicodusport\/","https:\/\/www.youtube.com\/channel\/UC7V2KZ5sd3htJivAbA4ZG3w"],"description":"Dicodusport est l'encyclop\u00e9die de l'actualit\u00e9 sportive.","email":"bonjour@dicodusport.fr","legalName":"DICODUSPORT","foundingDate":"2018-01-14","vatID":"FR71834470973","taxID":"83447097300043","numberOfEmployees":{"@type":"QuantitativeValue","minValue":"1","maxValue":"10"}},{"@type":"Person","@id":"https:\/\/dicodusport.fr\/blog\/#\/schema\/person\/5116a629167122a65c59ff0df3ccec05","name":"Nelson","image":{"@type":"ImageObject","inLanguage":"fr-FR","@id":"https:\/\/dicodusport.fr\/blog\/#\/schema\/person\/image\/","url":"https:\/\/dicodusport.fr\/blog\/wp-content\/uploads\/2017\/01\/cropped-logo-dicodusport-sans-fond-150x150.png","contentUrl":"https:\/\/dicodusport.fr\/blog\/wp-content\/uploads\/2017\/01\/cropped-logo-dicodusport-sans-fond-150x150.png","caption":"Nelson"},"url":"https:\/\/dicodusport.fr\/blog\/author\/nelson\/"}]}},"_links":{"self":[{"href":"https:\/\/dicodusport.fr\/blog\/wp-json\/wp\/v2\/posts\/48173","targetHints":{"allow":["GET"]}}],"collection":[{"href":"https:\/\/dicodusport.fr\/blog\/wp-json\/wp\/v2\/posts"}],"about":[{"href":"https:\/\/dicodusport.fr\/blog\/wp-json\/wp\/v2\/types\/post"}],"author":[{"embeddable":true,"href":"https:\/\/dicodusport.fr\/blog\/wp-json\/wp\/v2\/users\/29"}],"replies":[{"embeddable":true,"href":"https:\/\/dicodusport.fr\/blog\/wp-json\/wp\/v2\/comments?post=48173"}],"version-history":[{"count":0,"href":"https:\/\/dicodusport.fr\/blog\/wp-json\/wp\/v2\/posts\/48173\/revisions"}],"wp:featuredmedia":[{"embeddable":true,"href":"https:\/\/dicodusport.fr\/blog\/wp-json\/wp\/v2\/media\/48206"}],"wp:attachment":[{"href":"https:\/\/dicodusport.fr\/blog\/wp-json\/wp\/v2\/media?parent=48173"}],"wp:term":[{"taxonomy":"category","embeddable":true,"href":"https:\/\/dicodusport.fr\/blog\/wp-json\/wp\/v2\/categories?post=48173"},{"taxonomy":"post_tag","embeddable":true,"href":"https:\/\/dicodusport.fr\/blog\/wp-json\/wp\/v2\/tags?post=48173"}],"curies":[{"name":"wp","href":"https:\/\/api.w.org\/{rel}","templated":true}]}}