{"id":481784,"date":"2024-04-27T14:44:52","date_gmt":"2024-04-27T12:44:52","guid":{"rendered":"https:\/\/dicodusport.fr\/blog\/?p=481784&#038;preview=true&#038;preview_id=481784"},"modified":"2024-04-27T14:44:52","modified_gmt":"2024-04-27T12:44:52","slug":"championnats-deurope-daviron-nathalie-benoit-ouvre-le-compteur-de-la-france-le-bilan-de-la-troisieme-journee","status":"publish","type":"post","link":"https:\/\/dicodusport.fr\/blog\/championnats-deurope-daviron-nathalie-benoit-ouvre-le-compteur-de-la-france-le-bilan-de-la-troisieme-journee\/","title":{"rendered":"Championnats d&rsquo;Europe d&rsquo;aviron : Nathalie Benoit ouvre le compteur de la France, le bilan de la troisi\u00e8me journ\u00e9e"},"content":{"rendered":"<p style=\"text-align: justify;\"><strong><em>AVIRON &#8211; Alors que les Championnats d&rsquo;Europe d&rsquo;aviron ont d\u00e9but\u00e9 jeudi, les premi\u00e8res finales ont eu lieu ce samedi. La France a ainsi d\u00e9croch\u00e9 sa premi\u00e8re m\u00e9daille gr\u00e2ce \u00e0 Nathalie Benoit.<\/em><\/strong><\/p>\n<ul>\n<li><strong>\u00c0 voir \u00e9galement : <a href=\"https:\/\/dicodusport.fr\/blog\/actualites\/aviron\/\">Toute l&rsquo;actualit\u00e9 de l&rsquo;aviron<\/a><\/strong><\/li>\n<\/ul>\n<h2>Nathalie Benoit pour montrer l&rsquo;exemple !<\/h2>\n<p style=\"text-align: justify;\"><strong>Nathalie Benoit<\/strong> a bien lanc\u00e9 l&rsquo;\u00e9quipe de France, ce samedi, en d\u00e9crochant la premi\u00e8re m\u00e9daille tricolore de ces championnats. En finale du skiff, cat\u00e9gorie handisport PR1, la Fran\u00e7aise, championne du monde en 2010 et double m\u00e9daill\u00e9e olympique a termin\u00e9 troisi\u00e8me de la course, \u00e0 distance des deux premi\u00e8res, intouchables, la Norv\u00e9gienne <strong>Birgit Skarstein<\/strong> et l&rsquo;Allemande <strong>Manuela Diening<\/strong>. Quelques minutes auparavant, son compatriote, <strong>Alexis Sanchez<\/strong>, se classait quatri\u00e8me de la finale hommes et terminait au pied du podium.<\/p>\n<blockquote class=\"twitter-tweet\">\n<p dir=\"ltr\" lang=\"fr\">\ud83d\udea3\ud83d\udccd\ud83e\udd49 M\u00e9daille de bronze pour <a href=\"https:\/\/twitter.com\/nathaliebenoit3?ref_src=twsrc%5Etfw\">@nathaliebenoit3<\/a> !<\/p>\n<p>Encore un podium pour notre skiffeuse PR1, qui a tout donn\u00e9 pour revenir dans la deuxi\u00e8me moiti\u00e9 de course !<\/p>\n<p>BRAVO NATH \ud83d\ude0d<\/p>\n<p>&#8212;&#8212;<a href=\"https:\/\/twitter.com\/hashtag\/FranceAviron?src=hash&amp;ref_src=twsrc%5Etfw\">#FranceAviron<\/a> <a href=\"https:\/\/twitter.com\/hashtag\/ERCHSzeged?src=hash&amp;ref_src=twsrc%5Etfw\">#ERCHSzeged<\/a> <a href=\"https:\/\/twitter.com\/hashtag\/EuropeanChamps?src=hash&amp;ref_src=twsrc%5Etfw\">#EuropeanChamps<\/a><a href=\"https:\/\/twitter.com\/MAIF?ref_src=twsrc%5Etfw\">@maif<\/a> <a href=\"https:\/\/twitter.com\/CNR_Officiel?ref_src=twsrc%5Etfw\">@CNR_Officiel<\/a> <a href=\"https:\/\/twitter.com\/MizunoFrance?ref_src=twsrc%5Etfw\">@MizunoFrance<\/a> <a href=\"https:\/\/twitter.com\/lecoqsportif?ref_src=twsrc%5Etfw\">@lecoqsportif<\/a> <a href=\"https:\/\/t.co\/vFx2qaVVqS\">pic.twitter.com\/vFx2qaVVqS<\/a><\/p>\n<p>\u2014 F\u00e9d\u00e9ration Fran\u00e7aise d&rsquo;Aviron (@FFAviron) <a href=\"https:\/\/twitter.com\/FFAviron\/status\/1784185629711966444?ref_src=twsrc%5Etfw\">April 27, 2024<\/a><\/p><\/blockquote>\n<p><script async src=\"https:\/\/platform.twitter.com\/widgets.js\" charset=\"utf-8\"><\/script><\/p>\n<p style=\"text-align: justify;\">Par ailleurs, toujours en para aviron, <strong>Elur Alberdi Larrauri<\/strong> et <strong>Laurent Cadot<\/strong>, champions du monde en 2022, ne sont pas parvenus \u00e0 faire valoir leur exp\u00e9rience sur le deux de couple mixte PR3, pour apporter \u00e0 la France une deuxi\u00e8me m\u00e9daille. La paire fran\u00e7aise, \u00e2g\u00e9e respectivement de 47 et 40 ans, se classe derni\u00e8re. D\u00e9j\u00e0 battus la veille par les\u00a0 deux rameurs britanniques, les Fran\u00e7ais avaient l&rsquo;occasion de prendre leur revanche. Si la victoire revient logiquement \u00e0 <strong>Samuel Murray<\/strong> et <strong>Annabel Caddick<\/strong>, les Allemands et les Ukrainiens, s&rsquo;intercalent finalement, alors que les Fran\u00e7ais les avaient devanc\u00e9s la veille.<\/p>\n<p style=\"text-align: justify;\">Chez les valides, <strong>Violaine Aernoudts, Jeanne Roche, Helene Lefebvre<\/strong> et <strong>Elodie Ravera-Scaramozzino<\/strong> ont \u00e9t\u00e9 d\u00e9partag\u00e9es \u00e0 la photo finish avec l&rsquo;Allemagne pour le bronze sur le quatre de couple ! Malheureusement pour les Fran\u00e7aises, c&rsquo;est le bateau d&rsquo;outre-Rhin qui d\u00e9croche la m\u00e9daille pour quatorze petits centi\u00e8mes. Les Fran\u00e7aises signent l\u00e0 une performance encourageante derri\u00e8re une embarcation qui a d\u00e9j\u00e0 son billet pour les Jeux. Pas de m\u00e9daille non plus pour le quatre sans barreur f\u00e9minin. Avec cinq embarcations engag\u00e9es, le bateau fran\u00e7ais, emmen\u00e9 par <strong>Emma Cornelis, Pauline Rossignol-Tollard, Jos\u00e9phine <\/strong>et<strong> Maya Cornut-Danjou\u00a0<\/strong>se classe quatri\u00e8me \u00e0 vingt secondes du podium.<\/p>\n<h2 style=\"text-align: justify;\">De nombreuses finales demain<\/h2>\n<p style=\"text-align: justify;\">Enfin, demain, <strong>Baptiste Savaete<\/strong> (skiff PL hommes), <strong>Aurelie Morizot<\/strong> (skiff PL femmes), le <strong>quatre barr\u00e9 mixte PR3<\/strong>, le <strong>quatre sans barreur<\/strong>, et surtout le <strong>deux de couple mixte PR2<\/strong> emmen\u00e9 par <strong>Perle Bouge<\/strong> et <strong>Benjamin Daviet<\/strong> disputeront la finale dans leur cat\u00e9gorie respective. Concernant le dernier bateau mentionn\u00e9, <strong>Benjamin Daviet<\/strong> aura l&rsquo;occasion de d\u00e9crocher sa premi\u00e8re m\u00e9daille en para aviron lui qui est quintuple champion paralympique en&#8230; biathlon ! Effectivement, son association avec <strong>Perle Bouge<\/strong> avait \u00e9t\u00e9 annonc\u00e9e fin novembre, \u00e0 la suite du d\u00e9part \u00e0 la retraite de <strong>St\u00e9phane Tardieu<\/strong> avec qui la rameuse concourait habituellement.<\/p>\n","protected":false},"excerpt":{"rendered":"<p>AVIRON &#8211; Alors que les Championnats d&rsquo;Europe d&rsquo;aviron ont d\u00e9but\u00e9 jeudi, les premi\u00e8res finales ont eu lieu ce samedi. La France a ainsi d\u00e9croch\u00e9 sa premi\u00e8re m\u00e9daille gr\u00e2ce \u00e0 Nathalie Benoit.<\/p>\n","protected":false},"author":91,"featured_media":481798,"comment_status":"open","ping_status":"closed","sticky":false,"template":"","format":"standard","meta":{"_acf_changed":false,"_daextam_enable_autolinks":"1","footnotes":""},"categories":[2309],"tags":[739,16878],"class_list":["post-481784","post","type-post","status-publish","format-standard","has-post-thumbnail","hentry","category-aviron","tag-aviron","tag-breve"],"acf":[],"yoast_head":"<!-- This site is optimized with the Yoast SEO Premium plugin v26.7 (Yoast SEO v26.7) - https:\/\/yoast.com\/wordpress\/plugins\/seo\/ -->\n<title>Championnats d&#039;Europe d&#039;aviron : Nathalie Benoit ouvre le compteur de la France, le bilan de la troisi\u00e8me journ\u00e9e<\/title>\n<meta name=\"description\" content=\"AVIRON - LEs finales des championnats d&#039;Europe d&#039;aviron ont d\u00e9but\u00e9 ce samedi. Nathalie Benoit se pare du bronze et ouvre le compteur.\" \/>\n<meta name=\"robots\" content=\"index, follow, max-snippet:-1, max-image-preview:large, max-video-preview:-1\" \/>\n<link rel=\"canonical\" href=\"https:\/\/dicodusport.fr\/blog\/championnats-deurope-daviron-nathalie-benoit-ouvre-le-compteur-de-la-france-le-bilan-de-la-troisieme-journee\/\" \/>\n<meta property=\"og:locale\" content=\"fr_FR\" \/>\n<meta property=\"og:type\" content=\"article\" \/>\n<meta property=\"og:title\" content=\"Championnats d&#039;Europe d&#039;aviron : Nathalie Benoit ouvre le compteur de la France, le bilan de la troisi\u00e8me journ\u00e9e\" \/>\n<meta property=\"og:description\" content=\"AVIRON - LEs finales des championnats d&#039;Europe d&#039;aviron ont d\u00e9but\u00e9 ce samedi. Nathalie Benoit se pare du bronze et ouvre le compteur.\" \/>\n<meta property=\"og:url\" content=\"https:\/\/dicodusport.fr\/blog\/championnats-deurope-daviron-nathalie-benoit-ouvre-le-compteur-de-la-france-le-bilan-de-la-troisieme-journee\/\" \/>\n<meta property=\"og:site_name\" content=\"Dicodusport\" \/>\n<meta property=\"article:publisher\" content=\"https:\/\/www.facebook.com\/dicodusport\" \/>\n<meta property=\"article:published_time\" content=\"2024-04-27T12:44:52+00:00\" \/>\n<meta property=\"og:image\" content=\"https:\/\/dicodusport.fr\/blog\/wp-content\/uploads\/2024\/04\/Championnats-dEurope-daviron-Nathalie-Benoit-ouvre-le-compteur-de-la-France-le-bilan-de-la-troisieme-journee.jpg\" \/>\n\t<meta property=\"og:image:width\" content=\"1800\" \/>\n\t<meta property=\"og:image:height\" content=\"1122\" \/>\n\t<meta property=\"og:image:type\" content=\"image\/jpeg\" \/>\n<meta name=\"author\" content=\"Victor Clot-Amiot\" \/>\n<meta name=\"twitter:card\" content=\"summary_large_image\" \/>\n<meta name=\"twitter:title\" content=\"Championnats d&#039;Europe d&#039;aviron : Nathalie Benoit ouvre le compteur de la France, le bilan de la troisi\u00e8me journ\u00e9e\" \/>\n<meta name=\"twitter:creator\" content=\"@https:\/\/x.com\/VictorClotAmiot\" \/>\n<meta name=\"twitter:site\" content=\"@dicodusport\" \/>\n<script type=\"application\/ld+json\" class=\"yoast-schema-graph\">{\"@context\":\"https:\/\/schema.org\",\"@graph\":[{\"@type\":\"NewsArticle\",\"@id\":\"https:\/\/dicodusport.fr\/blog\/championnats-deurope-daviron-nathalie-benoit-ouvre-le-compteur-de-la-france-le-bilan-de-la-troisieme-journee\/#article\",\"isPartOf\":{\"@id\":\"https:\/\/dicodusport.fr\/blog\/championnats-deurope-daviron-nathalie-benoit-ouvre-le-compteur-de-la-france-le-bilan-de-la-troisieme-journee\/\"},\"author\":{\"name\":\"Victor Clot-Amiot\",\"@id\":\"https:\/\/dicodusport.fr\/blog\/#\/schema\/person\/b623199cba9ba90fe84a3d16e9282360\"},\"headline\":\"Championnats d&rsquo;Europe d&rsquo;aviron : Nathalie Benoit ouvre le compteur de la France, le bilan de la troisi\u00e8me journ\u00e9e\",\"datePublished\":\"2024-04-27T12:44:52+00:00\",\"mainEntityOfPage\":{\"@id\":\"https:\/\/dicodusport.fr\/blog\/championnats-deurope-daviron-nathalie-benoit-ouvre-le-compteur-de-la-france-le-bilan-de-la-troisieme-journee\/\"},\"wordCount\":537,\"commentCount\":0,\"publisher\":{\"@id\":\"https:\/\/dicodusport.fr\/blog\/#organization\"},\"image\":{\"@id\":\"https:\/\/dicodusport.fr\/blog\/championnats-deurope-daviron-nathalie-benoit-ouvre-le-compteur-de-la-france-le-bilan-de-la-troisieme-journee\/#primaryimage\"},\"thumbnailUrl\":\"https:\/\/dicodusport.fr\/blog\/wp-content\/uploads\/2024\/04\/Championnats-dEurope-daviron-Nathalie-Benoit-ouvre-le-compteur-de-la-France-le-bilan-de-la-troisieme-journee.jpg\",\"keywords\":[\"aviron\",\"br\u00e8ve\"],\"articleSection\":[\"Aviron\"],\"inLanguage\":\"fr-FR\",\"potentialAction\":[{\"@type\":\"CommentAction\",\"name\":\"Comment\",\"target\":[\"https:\/\/dicodusport.fr\/blog\/championnats-deurope-daviron-nathalie-benoit-ouvre-le-compteur-de-la-france-le-bilan-de-la-troisieme-journee\/#respond\"]}],\"copyrightYear\":\"2024\",\"copyrightHolder\":{\"@id\":\"https:\/\/dicodusport.fr\/blog\/#organization\"}},{\"@type\":\"WebPage\",\"@id\":\"https:\/\/dicodusport.fr\/blog\/championnats-deurope-daviron-nathalie-benoit-ouvre-le-compteur-de-la-france-le-bilan-de-la-troisieme-journee\/\",\"url\":\"https:\/\/dicodusport.fr\/blog\/championnats-deurope-daviron-nathalie-benoit-ouvre-le-compteur-de-la-france-le-bilan-de-la-troisieme-journee\/\",\"name\":\"Championnats d'Europe d'aviron : Nathalie Benoit ouvre le compteur de la France, le bilan de la troisi\u00e8me journ\u00e9e\",\"isPartOf\":{\"@id\":\"https:\/\/dicodusport.fr\/blog\/#website\"},\"primaryImageOfPage\":{\"@id\":\"https:\/\/dicodusport.fr\/blog\/championnats-deurope-daviron-nathalie-benoit-ouvre-le-compteur-de-la-france-le-bilan-de-la-troisieme-journee\/#primaryimage\"},\"image\":{\"@id\":\"https:\/\/dicodusport.fr\/blog\/championnats-deurope-daviron-nathalie-benoit-ouvre-le-compteur-de-la-france-le-bilan-de-la-troisieme-journee\/#primaryimage\"},\"thumbnailUrl\":\"https:\/\/dicodusport.fr\/blog\/wp-content\/uploads\/2024\/04\/Championnats-dEurope-daviron-Nathalie-Benoit-ouvre-le-compteur-de-la-France-le-bilan-de-la-troisieme-journee.jpg\",\"datePublished\":\"2024-04-27T12:44:52+00:00\",\"description\":\"AVIRON - LEs finales des championnats d'Europe d'aviron ont d\u00e9but\u00e9 ce samedi. Nathalie Benoit se pare du bronze et ouvre le compteur.\",\"breadcrumb\":{\"@id\":\"https:\/\/dicodusport.fr\/blog\/championnats-deurope-daviron-nathalie-benoit-ouvre-le-compteur-de-la-france-le-bilan-de-la-troisieme-journee\/#breadcrumb\"},\"inLanguage\":\"fr-FR\",\"potentialAction\":[{\"@type\":\"ReadAction\",\"target\":[\"https:\/\/dicodusport.fr\/blog\/championnats-deurope-daviron-nathalie-benoit-ouvre-le-compteur-de-la-france-le-bilan-de-la-troisieme-journee\/\"]}]},{\"@type\":\"ImageObject\",\"inLanguage\":\"fr-FR\",\"@id\":\"https:\/\/dicodusport.fr\/blog\/championnats-deurope-daviron-nathalie-benoit-ouvre-le-compteur-de-la-france-le-bilan-de-la-troisieme-journee\/#primaryimage\",\"url\":\"https:\/\/dicodusport.fr\/blog\/wp-content\/uploads\/2024\/04\/Championnats-dEurope-daviron-Nathalie-Benoit-ouvre-le-compteur-de-la-France-le-bilan-de-la-troisieme-journee.jpg\",\"contentUrl\":\"https:\/\/dicodusport.fr\/blog\/wp-content\/uploads\/2024\/04\/Championnats-dEurope-daviron-Nathalie-Benoit-ouvre-le-compteur-de-la-France-le-bilan-de-la-troisieme-journee.jpg\",\"width\":1800,\"height\":1122,\"caption\":\"Championnats d\u2019Europe d\u2019aviron Nathalie Benoit ouvre le compteur de la France, le bilan de la troisi\u00e8me journ\u00e9e\"},{\"@type\":\"BreadcrumbList\",\"@id\":\"https:\/\/dicodusport.fr\/blog\/championnats-deurope-daviron-nathalie-benoit-ouvre-le-compteur-de-la-france-le-bilan-de-la-troisieme-journee\/#breadcrumb\",\"itemListElement\":[{\"@type\":\"ListItem\",\"position\":1,\"name\":\"Accueil\",\"item\":\"https:\/\/dicodusport.fr\/blog\/\"},{\"@type\":\"ListItem\",\"position\":2,\"name\":\"Championnats d&rsquo;Europe d&rsquo;aviron : Nathalie Benoit ouvre le compteur de la France, le bilan de la troisi\u00e8me journ\u00e9e\"}]},{\"@type\":\"WebSite\",\"@id\":\"https:\/\/dicodusport.fr\/blog\/#website\",\"url\":\"https:\/\/dicodusport.fr\/blog\/\",\"name\":\"Dicodusport\",\"description\":\"L&#039;encyclop\u00e9die de l&#039;actualit\u00e9 sportive\",\"publisher\":{\"@id\":\"https:\/\/dicodusport.fr\/blog\/#organization\"},\"potentialAction\":[{\"@type\":\"SearchAction\",\"target\":{\"@type\":\"EntryPoint\",\"urlTemplate\":\"https:\/\/dicodusport.fr\/blog\/?s={search_term_string}\"},\"query-input\":{\"@type\":\"PropertyValueSpecification\",\"valueRequired\":true,\"valueName\":\"search_term_string\"}}],\"inLanguage\":\"fr-FR\"},{\"@type\":\"NewsMediaOrganization\",\"@id\":\"https:\/\/dicodusport.fr\/blog\/#organization\",\"name\":\"Dicodusport\",\"url\":\"https:\/\/dicodusport.fr\/blog\/\",\"logo\":{\"@type\":\"ImageObject\",\"inLanguage\":\"fr-FR\",\"@id\":\"https:\/\/dicodusport.fr\/blog\/#\/schema\/logo\/image\/\",\"url\":\"https:\/\/dicodusport.fr\/blog\/wp-content\/uploads\/2020\/06\/cropped-LOGO-DICODUSPORT-2020-SANS-FOND-SANS-TEXTE.png\",\"contentUrl\":\"https:\/\/dicodusport.fr\/blog\/wp-content\/uploads\/2020\/06\/cropped-LOGO-DICODUSPORT-2020-SANS-FOND-SANS-TEXTE.png\",\"width\":512,\"height\":512,\"caption\":\"Dicodusport\"},\"image\":{\"@id\":\"https:\/\/dicodusport.fr\/blog\/#\/schema\/logo\/image\/\"},\"sameAs\":[\"https:\/\/www.facebook.com\/dicodusport\",\"https:\/\/x.com\/dicodusport\",\"https:\/\/www.instagram.com\/dicodusport\/\",\"https:\/\/www.youtube.com\/channel\/UC7V2KZ5sd3htJivAbA4ZG3w\"],\"description\":\"Dicodusport est l'encyclop\u00e9die de l'actualit\u00e9 sportive.\",\"email\":\"bonjour@dicodusport.fr\",\"legalName\":\"DICODUSPORT\",\"foundingDate\":\"2018-01-14\",\"vatID\":\"FR71834470973\",\"taxID\":\"83447097300043\",\"numberOfEmployees\":{\"@type\":\"QuantitativeValue\",\"minValue\":\"1\",\"maxValue\":\"10\"}},{\"@type\":\"Person\",\"@id\":\"https:\/\/dicodusport.fr\/blog\/#\/schema\/person\/b623199cba9ba90fe84a3d16e9282360\",\"name\":\"Victor Clot-Amiot\",\"image\":{\"@type\":\"ImageObject\",\"inLanguage\":\"fr-FR\",\"@id\":\"https:\/\/dicodusport.fr\/blog\/#\/schema\/person\/image\/\",\"url\":\"https:\/\/dicodusport.fr\/blog\/wp-content\/uploads\/2023\/09\/IMG_20190826_114722-150x150.jpg\",\"contentUrl\":\"https:\/\/dicodusport.fr\/blog\/wp-content\/uploads\/2023\/09\/IMG_20190826_114722-150x150.jpg\",\"caption\":\"Victor Clot-Amiot\"},\"description\":\"Passionn\u00e9 de sport depuis toujours, un jour \u00e0 l'adolescence mes parents m'ont dit : \\\"quitte \u00e0 passer ton temps \u00e0 regarder du sport, au moins va le voir en vrai\\\" ! Depuis, cette remarque ne m'a plus quitt\u00e9 et je passe une grande partie de mon temps libre \u00e0 assister \u00e0 des comp\u00e9titions de tous sports. Je m\u00eale d'ailleurs mes deux passions, le sport et les voyages afin de faire une pierre deux coups ! Outre l'US Open ou l'Euro 2021 par exemple, j'ai assist\u00e9 cet \u00e9t\u00e9 aux Mondiaux d'athl\u00e9tisme \u00e0 Budapest. Mon plus gros coup dur est et restera les JO 2020-2021 pour lesquels j'avais r\u00e9serv\u00e9 17 \u00e9preuves. La suite, vous la connaissez...\",\"sameAs\":[\"https:\/\/x.com\/https:\/\/x.com\/VictorClotAmiot\"],\"url\":\"https:\/\/dicodusport.fr\/blog\/author\/victor-clot-amiot\/\"}]}<\/script>\n<!-- \/ Yoast SEO Premium plugin. -->","yoast_head_json":{"title":"Championnats d'Europe d'aviron : Nathalie Benoit ouvre le compteur de la France, le bilan de la troisi\u00e8me journ\u00e9e","description":"AVIRON - LEs finales des championnats d'Europe d'aviron ont d\u00e9but\u00e9 ce samedi. Nathalie Benoit se pare du bronze et ouvre le compteur.","robots":{"index":"index","follow":"follow","max-snippet":"max-snippet:-1","max-image-preview":"max-image-preview:large","max-video-preview":"max-video-preview:-1"},"canonical":"https:\/\/dicodusport.fr\/blog\/championnats-deurope-daviron-nathalie-benoit-ouvre-le-compteur-de-la-france-le-bilan-de-la-troisieme-journee\/","og_locale":"fr_FR","og_type":"article","og_title":"Championnats d'Europe d'aviron : Nathalie Benoit ouvre le compteur de la France, le bilan de la troisi\u00e8me journ\u00e9e","og_description":"AVIRON - LEs finales des championnats d'Europe d'aviron ont d\u00e9but\u00e9 ce samedi. Nathalie Benoit se pare du bronze et ouvre le compteur.","og_url":"https:\/\/dicodusport.fr\/blog\/championnats-deurope-daviron-nathalie-benoit-ouvre-le-compteur-de-la-france-le-bilan-de-la-troisieme-journee\/","og_site_name":"Dicodusport","article_publisher":"https:\/\/www.facebook.com\/dicodusport","article_published_time":"2024-04-27T12:44:52+00:00","og_image":[{"width":1800,"height":1122,"url":"https:\/\/dicodusport.fr\/blog\/wp-content\/uploads\/2024\/04\/Championnats-dEurope-daviron-Nathalie-Benoit-ouvre-le-compteur-de-la-France-le-bilan-de-la-troisieme-journee.jpg","type":"image\/jpeg"}],"author":"Victor Clot-Amiot","twitter_card":"summary_large_image","twitter_title":"Championnats d'Europe d'aviron : Nathalie Benoit ouvre le compteur de la France, le bilan de la troisi\u00e8me journ\u00e9e","twitter_creator":"@https:\/\/x.com\/VictorClotAmiot","twitter_site":"@dicodusport","schema":{"@context":"https:\/\/schema.org","@graph":[{"@type":"NewsArticle","@id":"https:\/\/dicodusport.fr\/blog\/championnats-deurope-daviron-nathalie-benoit-ouvre-le-compteur-de-la-france-le-bilan-de-la-troisieme-journee\/#article","isPartOf":{"@id":"https:\/\/dicodusport.fr\/blog\/championnats-deurope-daviron-nathalie-benoit-ouvre-le-compteur-de-la-france-le-bilan-de-la-troisieme-journee\/"},"author":{"name":"Victor Clot-Amiot","@id":"https:\/\/dicodusport.fr\/blog\/#\/schema\/person\/b623199cba9ba90fe84a3d16e9282360"},"headline":"Championnats d&rsquo;Europe d&rsquo;aviron : Nathalie Benoit ouvre le compteur de la France, le bilan de la troisi\u00e8me journ\u00e9e","datePublished":"2024-04-27T12:44:52+00:00","mainEntityOfPage":{"@id":"https:\/\/dicodusport.fr\/blog\/championnats-deurope-daviron-nathalie-benoit-ouvre-le-compteur-de-la-france-le-bilan-de-la-troisieme-journee\/"},"wordCount":537,"commentCount":0,"publisher":{"@id":"https:\/\/dicodusport.fr\/blog\/#organization"},"image":{"@id":"https:\/\/dicodusport.fr\/blog\/championnats-deurope-daviron-nathalie-benoit-ouvre-le-compteur-de-la-france-le-bilan-de-la-troisieme-journee\/#primaryimage"},"thumbnailUrl":"https:\/\/dicodusport.fr\/blog\/wp-content\/uploads\/2024\/04\/Championnats-dEurope-daviron-Nathalie-Benoit-ouvre-le-compteur-de-la-France-le-bilan-de-la-troisieme-journee.jpg","keywords":["aviron","br\u00e8ve"],"articleSection":["Aviron"],"inLanguage":"fr-FR","potentialAction":[{"@type":"CommentAction","name":"Comment","target":["https:\/\/dicodusport.fr\/blog\/championnats-deurope-daviron-nathalie-benoit-ouvre-le-compteur-de-la-france-le-bilan-de-la-troisieme-journee\/#respond"]}],"copyrightYear":"2024","copyrightHolder":{"@id":"https:\/\/dicodusport.fr\/blog\/#organization"}},{"@type":"WebPage","@id":"https:\/\/dicodusport.fr\/blog\/championnats-deurope-daviron-nathalie-benoit-ouvre-le-compteur-de-la-france-le-bilan-de-la-troisieme-journee\/","url":"https:\/\/dicodusport.fr\/blog\/championnats-deurope-daviron-nathalie-benoit-ouvre-le-compteur-de-la-france-le-bilan-de-la-troisieme-journee\/","name":"Championnats d'Europe d'aviron : Nathalie Benoit ouvre le compteur de la France, le bilan de la troisi\u00e8me journ\u00e9e","isPartOf":{"@id":"https:\/\/dicodusport.fr\/blog\/#website"},"primaryImageOfPage":{"@id":"https:\/\/dicodusport.fr\/blog\/championnats-deurope-daviron-nathalie-benoit-ouvre-le-compteur-de-la-france-le-bilan-de-la-troisieme-journee\/#primaryimage"},"image":{"@id":"https:\/\/dicodusport.fr\/blog\/championnats-deurope-daviron-nathalie-benoit-ouvre-le-compteur-de-la-france-le-bilan-de-la-troisieme-journee\/#primaryimage"},"thumbnailUrl":"https:\/\/dicodusport.fr\/blog\/wp-content\/uploads\/2024\/04\/Championnats-dEurope-daviron-Nathalie-Benoit-ouvre-le-compteur-de-la-France-le-bilan-de-la-troisieme-journee.jpg","datePublished":"2024-04-27T12:44:52+00:00","description":"AVIRON - LEs finales des championnats d'Europe d'aviron ont d\u00e9but\u00e9 ce samedi. Nathalie Benoit se pare du bronze et ouvre le compteur.","breadcrumb":{"@id":"https:\/\/dicodusport.fr\/blog\/championnats-deurope-daviron-nathalie-benoit-ouvre-le-compteur-de-la-france-le-bilan-de-la-troisieme-journee\/#breadcrumb"},"inLanguage":"fr-FR","potentialAction":[{"@type":"ReadAction","target":["https:\/\/dicodusport.fr\/blog\/championnats-deurope-daviron-nathalie-benoit-ouvre-le-compteur-de-la-france-le-bilan-de-la-troisieme-journee\/"]}]},{"@type":"ImageObject","inLanguage":"fr-FR","@id":"https:\/\/dicodusport.fr\/blog\/championnats-deurope-daviron-nathalie-benoit-ouvre-le-compteur-de-la-france-le-bilan-de-la-troisieme-journee\/#primaryimage","url":"https:\/\/dicodusport.fr\/blog\/wp-content\/uploads\/2024\/04\/Championnats-dEurope-daviron-Nathalie-Benoit-ouvre-le-compteur-de-la-France-le-bilan-de-la-troisieme-journee.jpg","contentUrl":"https:\/\/dicodusport.fr\/blog\/wp-content\/uploads\/2024\/04\/Championnats-dEurope-daviron-Nathalie-Benoit-ouvre-le-compteur-de-la-France-le-bilan-de-la-troisieme-journee.jpg","width":1800,"height":1122,"caption":"Championnats d\u2019Europe d\u2019aviron Nathalie Benoit ouvre le compteur de la France, le bilan de la troisi\u00e8me journ\u00e9e"},{"@type":"BreadcrumbList","@id":"https:\/\/dicodusport.fr\/blog\/championnats-deurope-daviron-nathalie-benoit-ouvre-le-compteur-de-la-france-le-bilan-de-la-troisieme-journee\/#breadcrumb","itemListElement":[{"@type":"ListItem","position":1,"name":"Accueil","item":"https:\/\/dicodusport.fr\/blog\/"},{"@type":"ListItem","position":2,"name":"Championnats d&rsquo;Europe d&rsquo;aviron : Nathalie Benoit ouvre le compteur de la France, le bilan de la troisi\u00e8me journ\u00e9e"}]},{"@type":"WebSite","@id":"https:\/\/dicodusport.fr\/blog\/#website","url":"https:\/\/dicodusport.fr\/blog\/","name":"Dicodusport","description":"L&#039;encyclop\u00e9die de l&#039;actualit\u00e9 sportive","publisher":{"@id":"https:\/\/dicodusport.fr\/blog\/#organization"},"potentialAction":[{"@type":"SearchAction","target":{"@type":"EntryPoint","urlTemplate":"https:\/\/dicodusport.fr\/blog\/?s={search_term_string}"},"query-input":{"@type":"PropertyValueSpecification","valueRequired":true,"valueName":"search_term_string"}}],"inLanguage":"fr-FR"},{"@type":"NewsMediaOrganization","@id":"https:\/\/dicodusport.fr\/blog\/#organization","name":"Dicodusport","url":"https:\/\/dicodusport.fr\/blog\/","logo":{"@type":"ImageObject","inLanguage":"fr-FR","@id":"https:\/\/dicodusport.fr\/blog\/#\/schema\/logo\/image\/","url":"https:\/\/dicodusport.fr\/blog\/wp-content\/uploads\/2020\/06\/cropped-LOGO-DICODUSPORT-2020-SANS-FOND-SANS-TEXTE.png","contentUrl":"https:\/\/dicodusport.fr\/blog\/wp-content\/uploads\/2020\/06\/cropped-LOGO-DICODUSPORT-2020-SANS-FOND-SANS-TEXTE.png","width":512,"height":512,"caption":"Dicodusport"},"image":{"@id":"https:\/\/dicodusport.fr\/blog\/#\/schema\/logo\/image\/"},"sameAs":["https:\/\/www.facebook.com\/dicodusport","https:\/\/x.com\/dicodusport","https:\/\/www.instagram.com\/dicodusport\/","https:\/\/www.youtube.com\/channel\/UC7V2KZ5sd3htJivAbA4ZG3w"],"description":"Dicodusport est l'encyclop\u00e9die de l'actualit\u00e9 sportive.","email":"bonjour@dicodusport.fr","legalName":"DICODUSPORT","foundingDate":"2018-01-14","vatID":"FR71834470973","taxID":"83447097300043","numberOfEmployees":{"@type":"QuantitativeValue","minValue":"1","maxValue":"10"}},{"@type":"Person","@id":"https:\/\/dicodusport.fr\/blog\/#\/schema\/person\/b623199cba9ba90fe84a3d16e9282360","name":"Victor Clot-Amiot","image":{"@type":"ImageObject","inLanguage":"fr-FR","@id":"https:\/\/dicodusport.fr\/blog\/#\/schema\/person\/image\/","url":"https:\/\/dicodusport.fr\/blog\/wp-content\/uploads\/2023\/09\/IMG_20190826_114722-150x150.jpg","contentUrl":"https:\/\/dicodusport.fr\/blog\/wp-content\/uploads\/2023\/09\/IMG_20190826_114722-150x150.jpg","caption":"Victor Clot-Amiot"},"description":"Passionn\u00e9 de sport depuis toujours, un jour \u00e0 l'adolescence mes parents m'ont dit : \"quitte \u00e0 passer ton temps \u00e0 regarder du sport, au moins va le voir en vrai\" ! Depuis, cette remarque ne m'a plus quitt\u00e9 et je passe une grande partie de mon temps libre \u00e0 assister \u00e0 des comp\u00e9titions de tous sports. Je m\u00eale d'ailleurs mes deux passions, le sport et les voyages afin de faire une pierre deux coups ! Outre l'US Open ou l'Euro 2021 par exemple, j'ai assist\u00e9 cet \u00e9t\u00e9 aux Mondiaux d'athl\u00e9tisme \u00e0 Budapest. Mon plus gros coup dur est et restera les JO 2020-2021 pour lesquels j'avais r\u00e9serv\u00e9 17 \u00e9preuves. La suite, vous la connaissez...","sameAs":["https:\/\/x.com\/https:\/\/x.com\/VictorClotAmiot"],"url":"https:\/\/dicodusport.fr\/blog\/author\/victor-clot-amiot\/"}]}},"_links":{"self":[{"href":"https:\/\/dicodusport.fr\/blog\/wp-json\/wp\/v2\/posts\/481784","targetHints":{"allow":["GET"]}}],"collection":[{"href":"https:\/\/dicodusport.fr\/blog\/wp-json\/wp\/v2\/posts"}],"about":[{"href":"https:\/\/dicodusport.fr\/blog\/wp-json\/wp\/v2\/types\/post"}],"author":[{"embeddable":true,"href":"https:\/\/dicodusport.fr\/blog\/wp-json\/wp\/v2\/users\/91"}],"replies":[{"embeddable":true,"href":"https:\/\/dicodusport.fr\/blog\/wp-json\/wp\/v2\/comments?post=481784"}],"version-history":[{"count":2,"href":"https:\/\/dicodusport.fr\/blog\/wp-json\/wp\/v2\/posts\/481784\/revisions"}],"predecessor-version":[{"id":481799,"href":"https:\/\/dicodusport.fr\/blog\/wp-json\/wp\/v2\/posts\/481784\/revisions\/481799"}],"wp:featuredmedia":[{"embeddable":true,"href":"https:\/\/dicodusport.fr\/blog\/wp-json\/wp\/v2\/media\/481798"}],"wp:attachment":[{"href":"https:\/\/dicodusport.fr\/blog\/wp-json\/wp\/v2\/media?parent=481784"}],"wp:term":[{"taxonomy":"category","embeddable":true,"href":"https:\/\/dicodusport.fr\/blog\/wp-json\/wp\/v2\/categories?post=481784"},{"taxonomy":"post_tag","embeddable":true,"href":"https:\/\/dicodusport.fr\/blog\/wp-json\/wp\/v2\/tags?post=481784"}],"curies":[{"name":"wp","href":"https:\/\/api.w.org\/{rel}","templated":true}]}}