{"id":481825,"date":"2024-05-03T08:54:58","date_gmt":"2024-05-03T06:54:58","guid":{"rendered":"https:\/\/dicodusport.fr\/blog\/?p=481825&#038;preview=true&#038;preview_id=481825"},"modified":"2024-05-03T08:54:58","modified_gmt":"2024-05-03T06:54:58","slug":"athletisme-les-cinq-dates-a-cocher-avant-les-jo-2024","status":"publish","type":"post","link":"https:\/\/dicodusport.fr\/blog\/athletisme-les-cinq-dates-a-cocher-avant-les-jo-2024\/","title":{"rendered":"Athl\u00e9tisme : Les cinq dates \u00e0 cocher avant les JO 2024"},"content":{"rendered":"<p style=\"text-align: justify;\"><strong><em>ATHL\u00c9TISME &#8211; Alors que les Jeux Olympiques marqueront le temps fort de la saison estivale, certaines \u00e9ch\u00e9ances seront \u00e0 noter dans l&rsquo;agenda pour les athl\u00e8tes fran\u00e7ais. Dans la course \u00e0 la qualification, celles-ci seront scrut\u00e9es de pr\u00e8s.<\/em><\/strong><\/p>\n<ul>\n<li class=\"mvp-post-title left entry-title\" style=\"text-align: justify;\"><strong>\u00c0 lire aussi \u2013\u00a0<a href=\"https:\/\/dicodusport.fr\/blog\/athletisme-jo-2024-les-francais-qui-ont-realise-les-minima\/\">Athl\u00e9tisme JO 2024 : Les Fran\u00e7ais qui ont r\u00e9alis\u00e9 les minima pour les JO<\/a><\/strong><\/li>\n<\/ul>\n<h2>Les Relais Mondiaux (4 et 5 mai, Nassau, Bahamas)<\/h2>\n<p style=\"text-align: justify;\">Pour \u00e9viter des n\u0153uds au cerveau, l&rsquo;objectif est simple ! Pour esp\u00e9rer disputer les Jeux Olympiques, les relais fran\u00e7ais doivent finir dans les 14 premiers, dans chacun des cinq relais, lors de l&rsquo;\u00e9preuve baham\u00e9eenne. L&rsquo;\u00e9quipe de France s&rsquo;envolera donc avec une d\u00e9l\u00e9gation pr\u00e9sentant les meilleures cartes bleues, afin de tenter de qualifier les relais 4x100m hommes et femmes et les 4x400m hommes, femmes et mixte.<\/p>\n<ul>\n<li style=\"text-align: justify;\"><strong>\u00c0 voir \u00e9galement : <a href=\"https:\/\/dicodusport.fr\/blog\/mondiaux-de-relais-2024-la-selection-francaise-pour-nassau\/\">Mondiaux de relais 2024 : La s\u00e9lection fran\u00e7aise pour Nassau<\/a><\/strong><\/li>\n<\/ul>\n<p style=\"text-align: justify;\">La F\u00e9d\u00e9ration Fran\u00e7aise pourra donc compter sur ses \u00e9l\u00e9ments en forme \u00e0 l&rsquo;image de <a href=\"https:\/\/dicodusport.fr\/blog\/athletisme-minima-olympiques-pour-gemina-joseph-sur-100-m\/\"><strong>Gemima Joseph<\/strong> qui vient de r\u00e9aliser les <em>minima<\/em> olympiques sur 100 et 200m<\/a> tout comme <a href=\"https:\/\/dicodusport.fr\/blog\/athletisme-minima-olympiques-pour-pablo-mateo-sur-200-m\/\"><strong>Pablo Mat\u00e9o<\/strong> sur 200m<\/a>. Les relais 4x100m pourront aussi compter sur <strong>H\u00e9l\u00e8ne Parisot<\/strong> qui vient de r\u00e9aliser un tr\u00e8s beau chrono de 22.71 sur 200m (un peu trop vent\u00e9) et <strong>Ryan Z\u00e9z\u00e9<\/strong>, dont les progr\u00e8s depuis la saison derni\u00e8re, impressionnent.<\/p>\n<p style=\"text-align: justify;\">Sur les relais 4x400m, les hommes tenteront de confirmer leur statut de <a href=\"https:\/\/dicodusport.fr\/blog\/mondiaux-dathletisme-2023-la-france-vice-championne-du-monde-du-4x400m-masculin\/\">vice-champions du monde<\/a> tandis que les femmes essayeront de grimper dans la hi\u00e9rarchie internationale. Le relais 4&#215;400 mixte, quelque peu d\u00e9laiss\u00e9 par le pass\u00e9, est devenu une v\u00e9ritable priorit\u00e9. Les Fran\u00e7ais ont ainsi termin\u00e9 au pied du podium l&rsquo;\u00e9t\u00e9 dernier aux Championnats du monde de Budapest.<\/p>\n<ul>\n<li><strong>\u00c0 lire \u00e9galement : <a href=\"https:\/\/dicodusport.fr\/blog\/jo-2024-ces-bleus-qui-peuvent-surprendre-les-relais-4x400m-femmes-et-mixte\/\">JO 2024, ces Bleus qui peuvent surprendre : Les relais 4x400m (femmes et mixte)<\/a><\/strong><\/li>\n<\/ul>\n<h2 style=\"text-align: justify;\">Les Championnats d&rsquo;Europe de Rome (7 au 12 juin)<\/h2>\n<p style=\"text-align: justify;\">V\u00e9ritable opportunit\u00e9 pour r\u00e9aliser les <em>minima<\/em> d&rsquo;une part, ou pour voir de jeunes athl\u00e8tes qui repr\u00e9senteront l&rsquo;\u00e9quipe de France de demain, les \u00ab\u00a0Europe\u00a0\u00bb de Rome pr\u00e9senteront ainsi un triple enjeu. Outre les <em>minima<\/em> et l&rsquo;opportunit\u00e9 d&rsquo;envoyer une d\u00e9l\u00e9gation \u00e9largie et d&rsquo;offrir une exp\u00e9rience internationale \u00e0 certains athl\u00e8tes, l&rsquo;enjeu sera \u00e9galement de faire mieux qu&rsquo;\u00e0 Munich, il y a deux ans, o\u00f9 les Fran\u00e7ais \u00e9taient rentr\u00e9s sans le moindre titre !<\/p>\n<ul>\n<li style=\"text-align: justify;\"><strong>\u00c0 lire aussi \u2013\u00a0<a href=\"https:\/\/dicodusport.fr\/blog\/athletisme-les-minima-pour-les-championnats-deurope-de-rome-2024\/\">Athl\u00e9tisme JO 2024 : Les minima pour les Championnats d&rsquo;Europe<\/a><\/strong><\/li>\n<li style=\"text-align: justify;\"><strong>\u00c0 lire aussi \u2013 <a href=\"https:\/\/dicodusport.fr\/blog\/athletisme-ces-5-athletes-francais-qui-peuvent-decoller-en-2024\/\">Athl\u00e9tisme : Ces 5 athl\u00e8tes fran\u00e7ais qui peuvent d\u00e9coller en 2024<\/a><\/strong><\/li>\n<\/ul>\n<p style=\"text-align: justify;\">L&rsquo;Italie, \u00e0 domicile, devrait envoyer une d\u00e9l\u00e9gation redoutable tandis que l&rsquo;incertitude demeure pour les autres nations phares. Les Jeux se tenant quelques semaines plus tard, tout l&rsquo;enjeu sera de savoir si les autres pays joueront le jeu de ces championnats ou enverront une \u00e9quipe bis. En novembre dernier, <strong>Romain Barras<\/strong> esp\u00e9rait pouvoir envoyer une d\u00e9l\u00e9gation de 90 athl\u00e8tes, alors que l&rsquo;Association europ\u00e9enne d&rsquo;athl\u00e9tisme envisageait d&rsquo;introduire des primes pour encourager les meilleurs athl\u00e8tes \u00e0 prendre part \u00e0 l&rsquo;\u00e9ch\u00e9ance.<\/p>\n<h2 style=\"text-align: justify;\">Les Championnats de France \u00c9lites (28 au 30 juin)<\/h2>\n<p style=\"text-align: justify;\">L&rsquo;\u00e9ch\u00e9ance est incontournable pour tout athl\u00e8te esp\u00e9rant disputer les Jeux Olympiques ! Sauf cas exceptionnel et \u00e0 l&rsquo;exception du 10 000m, du marathon et des \u00e9preuves de marche et combin\u00e9es, la participation aux Championnats de France \u00c9lites, \u00e0 Angers, est obligatoire afin d&rsquo;\u00eatre s\u00e9lectionnable. Si quelques athl\u00e8tes figurent d\u00e9j\u00e0 parmi une liste d&rsquo;athl\u00e8tes prioritaires en vue de la s\u00e9lection olympique, gr\u00e2ce \u00e0 leurs r\u00e9sultats lors des derniers mondiaux, les futurs champions de France int\u00e8greront cette liste sous r\u00e9serve d&rsquo;avoir r\u00e9alis\u00e9 les <em>minima<\/em> ou d&rsquo;\u00eatre qualifiables au ranking.<\/p>\n<p style=\"text-align: justify;\">Concr\u00e8tement, cette liste d&rsquo;athl\u00e8tes prioritaires sera d\u00e9terminante dans les disciplines o\u00f9 plus de trois Fran\u00e7ais pourraient avoir r\u00e9alis\u00e9 les <em>minima<\/em> (on pense ainsi au marathon, au 800m, ou au 110m haies). Au-del\u00e0 de trois athl\u00e8tes ayant r\u00e9alis\u00e9 ces marques impos\u00e9es, le classement aux Championnats de France permettra de d\u00e9partager les athl\u00e8tes concern\u00e9s. La comp\u00e9tition aura donc comme enjeu de d\u00e9cerner un titre national, mais aussi de se placer comme prioritaire pour la s\u00e9lection, voire de d\u00e9partager les athl\u00e8tes dans les disciplines les plus denses.<\/p>\n<h2 style=\"text-align: justify;\">Les meetings Diamond League de Paris (7 juillet) et Monaco (12 juillet)<\/h2>\n<p style=\"text-align: justify;\">Si on y verra d\u00e9j\u00e0 plus clair sur la liste potentielle des athl\u00e8tes pr\u00e9sents \u00e0 Paris aux Jeux Olympiques (celle-ci sera d\u00e9voil\u00e9e \u00e0 partir du 8 juillet), ces meetings sont habituellement l&rsquo;occasion de mettre en valeur les athl\u00e8tes fran\u00e7ais. Ces derni\u00e8res ann\u00e9es, nombreux sont les tricolores \u00e0 y avoir battu leur record personnel, voire le record de France (<strong>Jimmy Gressier<\/strong> sur le 5000m \u00e0 Monaco en 2023 par exemple). Sur le demi-fond, les organisateurs proposent souvent un plateau tr\u00e8s relev\u00e9, offrant un terrain propice \u00e0 la performance. Plusieurs records du monde y ont ainsi \u00e9t\u00e9 battus, \u00e0 l&rsquo;image de celui du 3000m steeple f\u00e9minin \u00e0 Paris en 2016 puis \u00e0 Monaco en 2018.<\/p>\n<p style=\"text-align: justify;\">Le meeting de Paris sera d&rsquo;autant plus scrut\u00e9 dans la mesure o\u00f9 les Jeux Olympiques s&rsquo;y d\u00e9rouleront (dans un stade diff\u00e9rent certes), quelques semaines apr\u00e8s. Des grands noms seront sans aucun doute au rendez-vous \u00e0 l&rsquo;image de <strong>Gianmarco Tamberi<\/strong> qui a d\u00e9j\u00e0 confirm\u00e9 sa pr\u00e9sence. \u00c0 trois semaines des Jeux Olympiques, les athl\u00e8tes se rapprocheront de leur pic de forme, ce qui laisse pr\u00e9sager des performances int\u00e9ressantes.<\/p>\n<p style=\"text-align: justify;\">Enfin, d&rsquo;autres Diamond League auront lieu d&rsquo;ici-l\u00e0. Dans l&rsquo;ordre, Doha, Marrakech, Eugene, Oslo et Stockholm. Outre ces comp\u00e9titions, d&rsquo;autres meetings, hors Diamond League, auront lieu entre mai et juillet, dont les mythiques meetings d&rsquo;Ostrava ou d&rsquo;Hengelo. Sur le sol fran\u00e7ais, les principaux rendez-vous se situeront du c\u00f4t\u00e9 de Marseille (22 mai), Nancy (25 mai) et Sotteville-l\u00e8s-Rouen (4 juillet).<\/p>\n<blockquote class=\"twitter-tweet\">\n<p dir=\"ltr\" lang=\"fr\">\ud83d\udca5 Record du monde pour Kipyegon, record de France pour Gressier : ce qu&rsquo;il faut retenir de la Diamond League de Monaco ! \ud83d\udc47 <a href=\"https:\/\/twitter.com\/hashtag\/MonacoDL?src=hash&amp;ref_src=twsrc%5Etfw\">#MonacoDL<\/a> <a href=\"https:\/\/twitter.com\/hashtag\/Herculis?src=hash&amp;ref_src=twsrc%5Etfw\">#Herculis<\/a> <a href=\"https:\/\/twitter.com\/hashtag\/DiamondLeague?src=hash&amp;ref_src=twsrc%5Etfw\">#DiamondLeague<\/a><a href=\"https:\/\/t.co\/k3VhGCmVSr\">https:\/\/t.co\/k3VhGCmVSr<\/a><\/p>\n<p>\u2014 Dicodusport \u2b50\u2b50 (@dicodusport) <a href=\"https:\/\/twitter.com\/dicodusport\/status\/1682488338756907010?ref_src=twsrc%5Etfw\">July 21, 2023<\/a><\/p><\/blockquote>\n<p><script async src=\"https:\/\/platform.twitter.com\/widgets.js\" charset=\"utf-8\"><\/script><\/p>\n","protected":false},"excerpt":{"rendered":"<p>ATHL\u00c9TISME &#8211; Alors que les Jeux Olympiques approchent, certaines \u00e9ch\u00e9ances apparaissent incontournables pour les athl\u00e8tes fran\u00e7ais.<\/p>\n","protected":false},"author":91,"featured_media":483026,"comment_status":"open","ping_status":"closed","sticky":false,"template":"","format":"standard","meta":{"_acf_changed":false,"_daextam_enable_autolinks":"1","footnotes":""},"categories":[2308],"tags":[143,16878,4643,1504],"class_list":["post-481825","post","type-post","status-publish","format-standard","has-post-thumbnail","hentry","category-athletisme","tag-athletisme","tag-breve","tag-diamond-league","tag-jo-2024"],"acf":[],"yoast_head":"<!-- This site is optimized with the Yoast SEO Premium plugin v26.7 (Yoast SEO v26.7) - https:\/\/yoast.com\/wordpress\/plugins\/seo\/ -->\n<title>Athl\u00e9tisme : Les cinq dates \u00e0 cocher avant les JO 2024<\/title>\n<meta name=\"description\" content=\"ATHL\u00c9TISME - Alors que les Jeux Olympiques approchent, certaines \u00e9ch\u00e9ances apparaissent incontournables pour les athl\u00e8tes fran\u00e7ais.\" \/>\n<meta name=\"robots\" content=\"index, follow, max-snippet:-1, max-image-preview:large, max-video-preview:-1\" \/>\n<link rel=\"canonical\" href=\"https:\/\/dicodusport.fr\/blog\/athletisme-les-cinq-dates-a-cocher-avant-les-jo-2024\/\" \/>\n<meta property=\"og:locale\" content=\"fr_FR\" \/>\n<meta property=\"og:type\" content=\"article\" \/>\n<meta property=\"og:title\" content=\"Athl\u00e9tisme : Les cinq dates \u00e0 cocher avant les JO 2024\" \/>\n<meta property=\"og:description\" content=\"ATHL\u00c9TISME - Alors que les Jeux Olympiques approchent, certaines \u00e9ch\u00e9ances apparaissent incontournables pour les athl\u00e8tes fran\u00e7ais.\" \/>\n<meta property=\"og:url\" content=\"https:\/\/dicodusport.fr\/blog\/athletisme-les-cinq-dates-a-cocher-avant-les-jo-2024\/\" \/>\n<meta property=\"og:site_name\" content=\"Dicodusport\" \/>\n<meta property=\"article:publisher\" content=\"https:\/\/www.facebook.com\/dicodusport\" \/>\n<meta property=\"article:published_time\" content=\"2024-05-03T06:54:58+00:00\" \/>\n<meta property=\"og:image\" content=\"https:\/\/dicodusport.fr\/blog\/wp-content\/uploads\/2024\/04\/Athletisme-Les-cinq-dates-a-cocher-avant-les-JO-2024.png\" \/>\n\t<meta property=\"og:image:width\" content=\"1200\" \/>\n\t<meta property=\"og:image:height\" content=\"674\" \/>\n\t<meta property=\"og:image:type\" content=\"image\/png\" \/>\n<meta name=\"author\" content=\"Victor Clot-Amiot\" \/>\n<meta name=\"twitter:card\" content=\"summary_large_image\" \/>\n<meta name=\"twitter:title\" content=\"Athl\u00e9tisme : Les cinq dates \u00e0 cocher avant les JO 2024\" \/>\n<meta name=\"twitter:creator\" content=\"@https:\/\/x.com\/VictorClotAmiot\" \/>\n<meta name=\"twitter:site\" content=\"@dicodusport\" \/>\n<script type=\"application\/ld+json\" class=\"yoast-schema-graph\">{\"@context\":\"https:\/\/schema.org\",\"@graph\":[{\"@type\":\"NewsArticle\",\"@id\":\"https:\/\/dicodusport.fr\/blog\/athletisme-les-cinq-dates-a-cocher-avant-les-jo-2024\/#article\",\"isPartOf\":{\"@id\":\"https:\/\/dicodusport.fr\/blog\/athletisme-les-cinq-dates-a-cocher-avant-les-jo-2024\/\"},\"author\":{\"name\":\"Victor Clot-Amiot\",\"@id\":\"https:\/\/dicodusport.fr\/blog\/#\/schema\/person\/b623199cba9ba90fe84a3d16e9282360\"},\"headline\":\"Athl\u00e9tisme : Les cinq dates \u00e0 cocher avant les JO 2024\",\"datePublished\":\"2024-05-03T06:54:58+00:00\",\"mainEntityOfPage\":{\"@id\":\"https:\/\/dicodusport.fr\/blog\/athletisme-les-cinq-dates-a-cocher-avant-les-jo-2024\/\"},\"wordCount\":1039,\"commentCount\":0,\"publisher\":{\"@id\":\"https:\/\/dicodusport.fr\/blog\/#organization\"},\"image\":{\"@id\":\"https:\/\/dicodusport.fr\/blog\/athletisme-les-cinq-dates-a-cocher-avant-les-jo-2024\/#primaryimage\"},\"thumbnailUrl\":\"https:\/\/dicodusport.fr\/blog\/wp-content\/uploads\/2024\/04\/Athletisme-Les-cinq-dates-a-cocher-avant-les-JO-2024.png\",\"keywords\":[\"Athl\u00e9tisme\",\"br\u00e8ve\",\"Diamond League\",\"JO 2024\"],\"articleSection\":[\"Athl\u00e9tisme\"],\"inLanguage\":\"fr-FR\",\"potentialAction\":[{\"@type\":\"CommentAction\",\"name\":\"Comment\",\"target\":[\"https:\/\/dicodusport.fr\/blog\/athletisme-les-cinq-dates-a-cocher-avant-les-jo-2024\/#respond\"]}],\"copyrightYear\":\"2024\",\"copyrightHolder\":{\"@id\":\"https:\/\/dicodusport.fr\/blog\/#organization\"}},{\"@type\":\"WebPage\",\"@id\":\"https:\/\/dicodusport.fr\/blog\/athletisme-les-cinq-dates-a-cocher-avant-les-jo-2024\/\",\"url\":\"https:\/\/dicodusport.fr\/blog\/athletisme-les-cinq-dates-a-cocher-avant-les-jo-2024\/\",\"name\":\"Athl\u00e9tisme : Les cinq dates \u00e0 cocher avant les JO 2024\",\"isPartOf\":{\"@id\":\"https:\/\/dicodusport.fr\/blog\/#website\"},\"primaryImageOfPage\":{\"@id\":\"https:\/\/dicodusport.fr\/blog\/athletisme-les-cinq-dates-a-cocher-avant-les-jo-2024\/#primaryimage\"},\"image\":{\"@id\":\"https:\/\/dicodusport.fr\/blog\/athletisme-les-cinq-dates-a-cocher-avant-les-jo-2024\/#primaryimage\"},\"thumbnailUrl\":\"https:\/\/dicodusport.fr\/blog\/wp-content\/uploads\/2024\/04\/Athletisme-Les-cinq-dates-a-cocher-avant-les-JO-2024.png\",\"datePublished\":\"2024-05-03T06:54:58+00:00\",\"description\":\"ATHL\u00c9TISME - Alors que les Jeux Olympiques approchent, certaines \u00e9ch\u00e9ances apparaissent incontournables pour les athl\u00e8tes fran\u00e7ais.\",\"breadcrumb\":{\"@id\":\"https:\/\/dicodusport.fr\/blog\/athletisme-les-cinq-dates-a-cocher-avant-les-jo-2024\/#breadcrumb\"},\"inLanguage\":\"fr-FR\",\"potentialAction\":[{\"@type\":\"ReadAction\",\"target\":[\"https:\/\/dicodusport.fr\/blog\/athletisme-les-cinq-dates-a-cocher-avant-les-jo-2024\/\"]}]},{\"@type\":\"ImageObject\",\"inLanguage\":\"fr-FR\",\"@id\":\"https:\/\/dicodusport.fr\/blog\/athletisme-les-cinq-dates-a-cocher-avant-les-jo-2024\/#primaryimage\",\"url\":\"https:\/\/dicodusport.fr\/blog\/wp-content\/uploads\/2024\/04\/Athletisme-Les-cinq-dates-a-cocher-avant-les-JO-2024.png\",\"contentUrl\":\"https:\/\/dicodusport.fr\/blog\/wp-content\/uploads\/2024\/04\/Athletisme-Les-cinq-dates-a-cocher-avant-les-JO-2024.png\",\"width\":1200,\"height\":674,\"caption\":\"Athl\u00e9tisme Les cinq dates \u00e0 cocher avant les JO 2024\"},{\"@type\":\"BreadcrumbList\",\"@id\":\"https:\/\/dicodusport.fr\/blog\/athletisme-les-cinq-dates-a-cocher-avant-les-jo-2024\/#breadcrumb\",\"itemListElement\":[{\"@type\":\"ListItem\",\"position\":1,\"name\":\"Accueil\",\"item\":\"https:\/\/dicodusport.fr\/blog\/\"},{\"@type\":\"ListItem\",\"position\":2,\"name\":\"Athl\u00e9tisme : Les cinq dates \u00e0 cocher avant les JO 2024\"}]},{\"@type\":\"WebSite\",\"@id\":\"https:\/\/dicodusport.fr\/blog\/#website\",\"url\":\"https:\/\/dicodusport.fr\/blog\/\",\"name\":\"Dicodusport\",\"description\":\"L&#039;encyclop\u00e9die de l&#039;actualit\u00e9 sportive\",\"publisher\":{\"@id\":\"https:\/\/dicodusport.fr\/blog\/#organization\"},\"potentialAction\":[{\"@type\":\"SearchAction\",\"target\":{\"@type\":\"EntryPoint\",\"urlTemplate\":\"https:\/\/dicodusport.fr\/blog\/?s={search_term_string}\"},\"query-input\":{\"@type\":\"PropertyValueSpecification\",\"valueRequired\":true,\"valueName\":\"search_term_string\"}}],\"inLanguage\":\"fr-FR\"},{\"@type\":\"NewsMediaOrganization\",\"@id\":\"https:\/\/dicodusport.fr\/blog\/#organization\",\"name\":\"Dicodusport\",\"url\":\"https:\/\/dicodusport.fr\/blog\/\",\"logo\":{\"@type\":\"ImageObject\",\"inLanguage\":\"fr-FR\",\"@id\":\"https:\/\/dicodusport.fr\/blog\/#\/schema\/logo\/image\/\",\"url\":\"https:\/\/dicodusport.fr\/blog\/wp-content\/uploads\/2020\/06\/cropped-LOGO-DICODUSPORT-2020-SANS-FOND-SANS-TEXTE.png\",\"contentUrl\":\"https:\/\/dicodusport.fr\/blog\/wp-content\/uploads\/2020\/06\/cropped-LOGO-DICODUSPORT-2020-SANS-FOND-SANS-TEXTE.png\",\"width\":512,\"height\":512,\"caption\":\"Dicodusport\"},\"image\":{\"@id\":\"https:\/\/dicodusport.fr\/blog\/#\/schema\/logo\/image\/\"},\"sameAs\":[\"https:\/\/www.facebook.com\/dicodusport\",\"https:\/\/x.com\/dicodusport\",\"https:\/\/www.instagram.com\/dicodusport\/\",\"https:\/\/www.youtube.com\/channel\/UC7V2KZ5sd3htJivAbA4ZG3w\"],\"description\":\"Dicodusport est l'encyclop\u00e9die de l'actualit\u00e9 sportive.\",\"email\":\"bonjour@dicodusport.fr\",\"legalName\":\"DICODUSPORT\",\"foundingDate\":\"2018-01-14\",\"vatID\":\"FR71834470973\",\"taxID\":\"83447097300043\",\"numberOfEmployees\":{\"@type\":\"QuantitativeValue\",\"minValue\":\"1\",\"maxValue\":\"10\"}},{\"@type\":\"Person\",\"@id\":\"https:\/\/dicodusport.fr\/blog\/#\/schema\/person\/b623199cba9ba90fe84a3d16e9282360\",\"name\":\"Victor Clot-Amiot\",\"image\":{\"@type\":\"ImageObject\",\"inLanguage\":\"fr-FR\",\"@id\":\"https:\/\/dicodusport.fr\/blog\/#\/schema\/person\/image\/\",\"url\":\"https:\/\/dicodusport.fr\/blog\/wp-content\/uploads\/2023\/09\/IMG_20190826_114722-150x150.jpg\",\"contentUrl\":\"https:\/\/dicodusport.fr\/blog\/wp-content\/uploads\/2023\/09\/IMG_20190826_114722-150x150.jpg\",\"caption\":\"Victor Clot-Amiot\"},\"description\":\"Passionn\u00e9 de sport depuis toujours, un jour \u00e0 l'adolescence mes parents m'ont dit : \\\"quitte \u00e0 passer ton temps \u00e0 regarder du sport, au moins va le voir en vrai\\\" ! Depuis, cette remarque ne m'a plus quitt\u00e9 et je passe une grande partie de mon temps libre \u00e0 assister \u00e0 des comp\u00e9titions de tous sports. Je m\u00eale d'ailleurs mes deux passions, le sport et les voyages afin de faire une pierre deux coups ! Outre l'US Open ou l'Euro 2021 par exemple, j'ai assist\u00e9 cet \u00e9t\u00e9 aux Mondiaux d'athl\u00e9tisme \u00e0 Budapest. Mon plus gros coup dur est et restera les JO 2020-2021 pour lesquels j'avais r\u00e9serv\u00e9 17 \u00e9preuves. La suite, vous la connaissez...\",\"sameAs\":[\"https:\/\/x.com\/https:\/\/x.com\/VictorClotAmiot\"],\"url\":\"https:\/\/dicodusport.fr\/blog\/author\/victor-clot-amiot\/\"}]}<\/script>\n<!-- \/ Yoast SEO Premium plugin. -->","yoast_head_json":{"title":"Athl\u00e9tisme : Les cinq dates \u00e0 cocher avant les JO 2024","description":"ATHL\u00c9TISME - Alors que les Jeux Olympiques approchent, certaines \u00e9ch\u00e9ances apparaissent incontournables pour les athl\u00e8tes fran\u00e7ais.","robots":{"index":"index","follow":"follow","max-snippet":"max-snippet:-1","max-image-preview":"max-image-preview:large","max-video-preview":"max-video-preview:-1"},"canonical":"https:\/\/dicodusport.fr\/blog\/athletisme-les-cinq-dates-a-cocher-avant-les-jo-2024\/","og_locale":"fr_FR","og_type":"article","og_title":"Athl\u00e9tisme : Les cinq dates \u00e0 cocher avant les JO 2024","og_description":"ATHL\u00c9TISME - Alors que les Jeux Olympiques approchent, certaines \u00e9ch\u00e9ances apparaissent incontournables pour les athl\u00e8tes fran\u00e7ais.","og_url":"https:\/\/dicodusport.fr\/blog\/athletisme-les-cinq-dates-a-cocher-avant-les-jo-2024\/","og_site_name":"Dicodusport","article_publisher":"https:\/\/www.facebook.com\/dicodusport","article_published_time":"2024-05-03T06:54:58+00:00","og_image":[{"width":1200,"height":674,"url":"https:\/\/dicodusport.fr\/blog\/wp-content\/uploads\/2024\/04\/Athletisme-Les-cinq-dates-a-cocher-avant-les-JO-2024.png","type":"image\/png"}],"author":"Victor Clot-Amiot","twitter_card":"summary_large_image","twitter_title":"Athl\u00e9tisme : Les cinq dates \u00e0 cocher avant les JO 2024","twitter_creator":"@https:\/\/x.com\/VictorClotAmiot","twitter_site":"@dicodusport","schema":{"@context":"https:\/\/schema.org","@graph":[{"@type":"NewsArticle","@id":"https:\/\/dicodusport.fr\/blog\/athletisme-les-cinq-dates-a-cocher-avant-les-jo-2024\/#article","isPartOf":{"@id":"https:\/\/dicodusport.fr\/blog\/athletisme-les-cinq-dates-a-cocher-avant-les-jo-2024\/"},"author":{"name":"Victor Clot-Amiot","@id":"https:\/\/dicodusport.fr\/blog\/#\/schema\/person\/b623199cba9ba90fe84a3d16e9282360"},"headline":"Athl\u00e9tisme : Les cinq dates \u00e0 cocher avant les JO 2024","datePublished":"2024-05-03T06:54:58+00:00","mainEntityOfPage":{"@id":"https:\/\/dicodusport.fr\/blog\/athletisme-les-cinq-dates-a-cocher-avant-les-jo-2024\/"},"wordCount":1039,"commentCount":0,"publisher":{"@id":"https:\/\/dicodusport.fr\/blog\/#organization"},"image":{"@id":"https:\/\/dicodusport.fr\/blog\/athletisme-les-cinq-dates-a-cocher-avant-les-jo-2024\/#primaryimage"},"thumbnailUrl":"https:\/\/dicodusport.fr\/blog\/wp-content\/uploads\/2024\/04\/Athletisme-Les-cinq-dates-a-cocher-avant-les-JO-2024.png","keywords":["Athl\u00e9tisme","br\u00e8ve","Diamond League","JO 2024"],"articleSection":["Athl\u00e9tisme"],"inLanguage":"fr-FR","potentialAction":[{"@type":"CommentAction","name":"Comment","target":["https:\/\/dicodusport.fr\/blog\/athletisme-les-cinq-dates-a-cocher-avant-les-jo-2024\/#respond"]}],"copyrightYear":"2024","copyrightHolder":{"@id":"https:\/\/dicodusport.fr\/blog\/#organization"}},{"@type":"WebPage","@id":"https:\/\/dicodusport.fr\/blog\/athletisme-les-cinq-dates-a-cocher-avant-les-jo-2024\/","url":"https:\/\/dicodusport.fr\/blog\/athletisme-les-cinq-dates-a-cocher-avant-les-jo-2024\/","name":"Athl\u00e9tisme : Les cinq dates \u00e0 cocher avant les JO 2024","isPartOf":{"@id":"https:\/\/dicodusport.fr\/blog\/#website"},"primaryImageOfPage":{"@id":"https:\/\/dicodusport.fr\/blog\/athletisme-les-cinq-dates-a-cocher-avant-les-jo-2024\/#primaryimage"},"image":{"@id":"https:\/\/dicodusport.fr\/blog\/athletisme-les-cinq-dates-a-cocher-avant-les-jo-2024\/#primaryimage"},"thumbnailUrl":"https:\/\/dicodusport.fr\/blog\/wp-content\/uploads\/2024\/04\/Athletisme-Les-cinq-dates-a-cocher-avant-les-JO-2024.png","datePublished":"2024-05-03T06:54:58+00:00","description":"ATHL\u00c9TISME - Alors que les Jeux Olympiques approchent, certaines \u00e9ch\u00e9ances apparaissent incontournables pour les athl\u00e8tes fran\u00e7ais.","breadcrumb":{"@id":"https:\/\/dicodusport.fr\/blog\/athletisme-les-cinq-dates-a-cocher-avant-les-jo-2024\/#breadcrumb"},"inLanguage":"fr-FR","potentialAction":[{"@type":"ReadAction","target":["https:\/\/dicodusport.fr\/blog\/athletisme-les-cinq-dates-a-cocher-avant-les-jo-2024\/"]}]},{"@type":"ImageObject","inLanguage":"fr-FR","@id":"https:\/\/dicodusport.fr\/blog\/athletisme-les-cinq-dates-a-cocher-avant-les-jo-2024\/#primaryimage","url":"https:\/\/dicodusport.fr\/blog\/wp-content\/uploads\/2024\/04\/Athletisme-Les-cinq-dates-a-cocher-avant-les-JO-2024.png","contentUrl":"https:\/\/dicodusport.fr\/blog\/wp-content\/uploads\/2024\/04\/Athletisme-Les-cinq-dates-a-cocher-avant-les-JO-2024.png","width":1200,"height":674,"caption":"Athl\u00e9tisme Les cinq dates \u00e0 cocher avant les JO 2024"},{"@type":"BreadcrumbList","@id":"https:\/\/dicodusport.fr\/blog\/athletisme-les-cinq-dates-a-cocher-avant-les-jo-2024\/#breadcrumb","itemListElement":[{"@type":"ListItem","position":1,"name":"Accueil","item":"https:\/\/dicodusport.fr\/blog\/"},{"@type":"ListItem","position":2,"name":"Athl\u00e9tisme : Les cinq dates \u00e0 cocher avant les JO 2024"}]},{"@type":"WebSite","@id":"https:\/\/dicodusport.fr\/blog\/#website","url":"https:\/\/dicodusport.fr\/blog\/","name":"Dicodusport","description":"L&#039;encyclop\u00e9die de l&#039;actualit\u00e9 sportive","publisher":{"@id":"https:\/\/dicodusport.fr\/blog\/#organization"},"potentialAction":[{"@type":"SearchAction","target":{"@type":"EntryPoint","urlTemplate":"https:\/\/dicodusport.fr\/blog\/?s={search_term_string}"},"query-input":{"@type":"PropertyValueSpecification","valueRequired":true,"valueName":"search_term_string"}}],"inLanguage":"fr-FR"},{"@type":"NewsMediaOrganization","@id":"https:\/\/dicodusport.fr\/blog\/#organization","name":"Dicodusport","url":"https:\/\/dicodusport.fr\/blog\/","logo":{"@type":"ImageObject","inLanguage":"fr-FR","@id":"https:\/\/dicodusport.fr\/blog\/#\/schema\/logo\/image\/","url":"https:\/\/dicodusport.fr\/blog\/wp-content\/uploads\/2020\/06\/cropped-LOGO-DICODUSPORT-2020-SANS-FOND-SANS-TEXTE.png","contentUrl":"https:\/\/dicodusport.fr\/blog\/wp-content\/uploads\/2020\/06\/cropped-LOGO-DICODUSPORT-2020-SANS-FOND-SANS-TEXTE.png","width":512,"height":512,"caption":"Dicodusport"},"image":{"@id":"https:\/\/dicodusport.fr\/blog\/#\/schema\/logo\/image\/"},"sameAs":["https:\/\/www.facebook.com\/dicodusport","https:\/\/x.com\/dicodusport","https:\/\/www.instagram.com\/dicodusport\/","https:\/\/www.youtube.com\/channel\/UC7V2KZ5sd3htJivAbA4ZG3w"],"description":"Dicodusport est l'encyclop\u00e9die de l'actualit\u00e9 sportive.","email":"bonjour@dicodusport.fr","legalName":"DICODUSPORT","foundingDate":"2018-01-14","vatID":"FR71834470973","taxID":"83447097300043","numberOfEmployees":{"@type":"QuantitativeValue","minValue":"1","maxValue":"10"}},{"@type":"Person","@id":"https:\/\/dicodusport.fr\/blog\/#\/schema\/person\/b623199cba9ba90fe84a3d16e9282360","name":"Victor Clot-Amiot","image":{"@type":"ImageObject","inLanguage":"fr-FR","@id":"https:\/\/dicodusport.fr\/blog\/#\/schema\/person\/image\/","url":"https:\/\/dicodusport.fr\/blog\/wp-content\/uploads\/2023\/09\/IMG_20190826_114722-150x150.jpg","contentUrl":"https:\/\/dicodusport.fr\/blog\/wp-content\/uploads\/2023\/09\/IMG_20190826_114722-150x150.jpg","caption":"Victor Clot-Amiot"},"description":"Passionn\u00e9 de sport depuis toujours, un jour \u00e0 l'adolescence mes parents m'ont dit : \"quitte \u00e0 passer ton temps \u00e0 regarder du sport, au moins va le voir en vrai\" ! Depuis, cette remarque ne m'a plus quitt\u00e9 et je passe une grande partie de mon temps libre \u00e0 assister \u00e0 des comp\u00e9titions de tous sports. Je m\u00eale d'ailleurs mes deux passions, le sport et les voyages afin de faire une pierre deux coups ! Outre l'US Open ou l'Euro 2021 par exemple, j'ai assist\u00e9 cet \u00e9t\u00e9 aux Mondiaux d'athl\u00e9tisme \u00e0 Budapest. Mon plus gros coup dur est et restera les JO 2020-2021 pour lesquels j'avais r\u00e9serv\u00e9 17 \u00e9preuves. La suite, vous la connaissez...","sameAs":["https:\/\/x.com\/https:\/\/x.com\/VictorClotAmiot"],"url":"https:\/\/dicodusport.fr\/blog\/author\/victor-clot-amiot\/"}]}},"_links":{"self":[{"href":"https:\/\/dicodusport.fr\/blog\/wp-json\/wp\/v2\/posts\/481825","targetHints":{"allow":["GET"]}}],"collection":[{"href":"https:\/\/dicodusport.fr\/blog\/wp-json\/wp\/v2\/posts"}],"about":[{"href":"https:\/\/dicodusport.fr\/blog\/wp-json\/wp\/v2\/types\/post"}],"author":[{"embeddable":true,"href":"https:\/\/dicodusport.fr\/blog\/wp-json\/wp\/v2\/users\/91"}],"replies":[{"embeddable":true,"href":"https:\/\/dicodusport.fr\/blog\/wp-json\/wp\/v2\/comments?post=481825"}],"version-history":[{"count":5,"href":"https:\/\/dicodusport.fr\/blog\/wp-json\/wp\/v2\/posts\/481825\/revisions"}],"predecessor-version":[{"id":483028,"href":"https:\/\/dicodusport.fr\/blog\/wp-json\/wp\/v2\/posts\/481825\/revisions\/483028"}],"wp:featuredmedia":[{"embeddable":true,"href":"https:\/\/dicodusport.fr\/blog\/wp-json\/wp\/v2\/media\/483026"}],"wp:attachment":[{"href":"https:\/\/dicodusport.fr\/blog\/wp-json\/wp\/v2\/media?parent=481825"}],"wp:term":[{"taxonomy":"category","embeddable":true,"href":"https:\/\/dicodusport.fr\/blog\/wp-json\/wp\/v2\/categories?post=481825"},{"taxonomy":"post_tag","embeddable":true,"href":"https:\/\/dicodusport.fr\/blog\/wp-json\/wp\/v2\/tags?post=481825"}],"curies":[{"name":"wp","href":"https:\/\/api.w.org\/{rel}","templated":true}]}}