{"id":481867,"date":"2024-04-27T17:49:22","date_gmt":"2024-04-27T15:49:22","guid":{"rendered":"https:\/\/dicodusport.fr\/blog\/?p=481867&#038;preview=true&#038;preview_id=481867"},"modified":"2024-04-27T20:50:55","modified_gmt":"2024-04-27T18:50:55","slug":"judo-audrey-tcheumeo-championne-deurope-pour-la-5e-fois","status":"publish","type":"post","link":"https:\/\/dicodusport.fr\/blog\/judo-audrey-tcheumeo-championne-deurope-pour-la-5e-fois\/","title":{"rendered":"Judo : Audrey Tcheum\u00e9o championne d&rsquo;Europe pour la 5e fois !"},"content":{"rendered":"<p style=\"text-align: justify;\"><strong><em>CHAMPIONNATS D&rsquo;EUROPE DE JUDO 2024 &#8211; 7 ans plus tard, Audrey Tcheum\u00e9o remonte sur le toit de l&rsquo;Europe ! Au bout d&rsquo;une belle finale, elle s&rsquo;impose face \u00e0 Anna-Maria Wagner.<\/em><\/strong><\/p>\n<p style=\"text-align: justify;\">Non s\u00e9lectionn\u00e9e pour les Jeux Olympiques et pour l&rsquo;instant pas pour les\u00a0Mondiaux,<strong> Audrey Tcheum\u00e9o<\/strong> avait l&rsquo;occasion de briller \u00e0 l&rsquo;\u00e9chelle continentale.<\/p>\n<ul style=\"text-align: justify;\">\n<li><strong>\u00c0 ce sujet &#8211; <a href=\"https:\/\/dicodusport.fr\/blog\/programme-et-resultats-championnats-deurope-de-judo-2024\/\">Programme et r\u00e9sultats des Championnats d&rsquo;Europe de judo 2024<\/a><\/strong><\/li>\n<\/ul>\n<p style=\"text-align: justify;\"><strong>Audrey Tcheum\u00e9o\u00a0<\/strong>(-78 kg) n&rsquo;a pas train\u00e9 pour son entr\u00e9e en lice ! \u00c0 peine 30 secondes pour s&rsquo;offrir la Russe <a href=\"https:\/\/twitter.com\/francejudo\/status\/1784177373262307362\">Nadezha Tatarchenko<\/a> au deuxi\u00e8me tour. En quarts, elle a battu <strong>Alina Boehm<\/strong> qui l&rsquo;avait priv\u00e9e du bronze \u00e0 Tbilissi il y a quelques semaines. C&rsquo;est au golden score que Tcheum\u00e9o s&rsquo;est impos\u00e9e.<\/p>\n<p style=\"text-align: justify;\">En demies, elle faisait face \u00e0 un grand d\u00e9fi : <strong>Inbar Lanir<\/strong>. L&rsquo;Isra\u00e9lienne de 24 ans est num\u00e9ro une mondiale, championne du monde en titre et vainqueur du dernier Masters (o\u00f9 elle a battu Madeleine Malonga en finale). En deux affrontements l&rsquo;ann\u00e9e derni\u00e8re aux Mondiaux et aux Championnats d&rsquo;Europe, la Fran\u00e7aise s&rsquo;\u00e9tait inclin\u00e9e. Respectivement en finale et aux rep\u00eachages. Mais cette fois, c&rsquo;est au bout du combat que la Fran\u00e7aise s&rsquo;est impos\u00e9e. Menac\u00e9e rapidement de deux shido, la Fran\u00e7aise va parvenir \u00e0 projeter son adversaire (tai-otoshi) en fin de combat pour rejoindre la finale. On l&rsquo;a vue \u00e9mue de cette victoire \u00e9clatante.<\/p>\n<blockquote class=\"twitter-tweet\">\n<p dir=\"ltr\" lang=\"fr\">\u26a0\ufe0f S\u00e9quence \u00e9motion \u26a0\ufe0f<\/p>\n<p>Audrey Tcheum\u00e9o s\u2019impose par ippon face \u00e0 Inbar Lanir (ISR), championne du monde en titre et actuelle num\u00e9ro 1\ufe0f\u20e3 mondiale et se qualifie pour la finale ! \u2728\ud83e\udd79<\/p>\n<p>Magique ! Encore un combat, allez Audrey ! \ud83d\udd1c\ud83d\udd25<a href=\"https:\/\/twitter.com\/hashtag\/JudoZagreb2024?src=hash&amp;ref_src=twsrc%5Etfw\">#JudoZagreb2024<\/a> <a href=\"https:\/\/twitter.com\/hashtag\/GoLesBleus?src=hash&amp;ref_src=twsrc%5Etfw\">#GoLesBleus<\/a> <a href=\"https:\/\/twitter.com\/hashtag\/FierdEtreJudoka?src=hash&amp;ref_src=twsrc%5Etfw\">#FierdEtreJudoka<\/a> <a href=\"https:\/\/t.co\/7z7WGuQgQK\">pic.twitter.com\/7z7WGuQgQK<\/a><\/p>\n<p>\u2014 France Judo (@francejudo) <a href=\"https:\/\/twitter.com\/francejudo\/status\/1784206044094251320?ref_src=twsrc%5Etfw\">April 27, 2024<\/a><\/p><\/blockquote>\n<p><script async src=\"https:\/\/platform.twitter.com\/widgets.js\" charset=\"utf-8\"><\/script><\/p>\n<p style=\"text-align: justify;\">En finale, elle affrontait une vieille connaissance : <strong>Anna-Maria Wagner<\/strong>, num\u00e9ro 3 mondiale. Cela faisait 2 ans qu&rsquo;elles ne s&rsquo;\u00e9taient pas affront\u00e9es. L&rsquo;Allemande ne r\u00e9ussit pas \u00e0 notre Fran\u00e7aise qui apr\u00e8s une victoire lors de son titre europ\u00e9en en 2011 a encha\u00een\u00e9 5 d\u00e9faites. Avant de s&rsquo;imposer au Masters 2022. Pour l&rsquo;Allemande, cette finale \u00e9tait d&rsquo;autant plus importante qu&rsquo;elle se dispute le quota olympique avec <strong>Alina Boehm<\/strong>. Celle-ci, double tenante du titre battue par Tcheum\u00e9o en quarts, d\u00e9j\u00e0 derri\u00e8re au classement a encore perdu des points. Mais il restera les Mondiaux (si les deux sont s\u00e9lectionn\u00e9es) pour encore faire pencher la balance en sa faveur aupr\u00e8s de la F\u00e9d\u00e9ration allemande.<\/p>\n<p style=\"text-align: justify;\">Encore une fois, la Fran\u00e7aise a re\u00e7u deux p\u00e9nalit\u00e9s. Et \u00e7a s&rsquo;est compliqu\u00e9 quand l&rsquo;Allemande a inscrit un waza-ari \u00e0 23 secondes de la fin. Mais finalement, il a \u00e9t\u00e9 annul\u00e9 ! Elle a failli r\u00e9aliser un hold-up ensuite mais finalement cela s&rsquo;est jou\u00e9 au golden score. La Fran\u00e7aise est enfin parvenue \u00e0 attraper la manche de son adversaire pour la faire tomber mais en dehors du tapis. Au bout d&rsquo;un magnifique combat au cours duquel elle est mont\u00e9e en puissance, la Fran\u00e7aise est parvenue \u00e0 s&rsquo;imposer apr\u00e8s 2 minutes suppl\u00e9mentaires ! Les larmes ont encore coul\u00e9 pour son 5e titre europ\u00e9en ! 2011, 2014, 2016, 2017 et donc 2024 pour \u00ab\u00a0Tchoumi\u00a0\u00bb !<\/p>\n<blockquote class=\"twitter-tweet\">\n<p dir=\"ltr\" lang=\"fr\">FOUTUE (TR\u00c8S GROSSE) POUSSI\u00c8RE DANS L\u2019\u0152IL ! \ud83e\udd72\ud83c\uddeb\ud83c\uddf7<\/p>\n<p>TCHOUMI EST QUINTUPLE CHAMPIONNE D\u2019EUROPE \ud83c\udfc6\ud83c\udfc6\ud83c\udfc6\ud83c\udfc6\ud83c\udfc6<a href=\"https:\/\/twitter.com\/hashtag\/JudoZagreb?src=hash&amp;ref_src=twsrc%5Etfw\">#JudoZagreb<\/a> <a href=\"https:\/\/twitter.com\/hashtag\/GoLesBleus?src=hash&amp;ref_src=twsrc%5Etfw\">#GoLesBleus<\/a> <a href=\"https:\/\/twitter.com\/hashtag\/FierdEtreJudoka?src=hash&amp;ref_src=twsrc%5Etfw\">#FierdEtreJudoka<\/a> <a href=\"https:\/\/t.co\/ApKiweZiSZ\">pic.twitter.com\/ApKiweZiSZ<\/a><\/p>\n<p>\u2014 France Judo (@francejudo) <a href=\"https:\/\/twitter.com\/francejudo\/status\/1784249806463853024?ref_src=twsrc%5Etfw\">April 27, 2024<\/a><\/p><\/blockquote>\n<p><script async src=\"https:\/\/platform.twitter.com\/widgets.js\" charset=\"utf-8\"><\/script><\/p>\n<h2 style=\"text-align: justify;\">Les autres r\u00e9sultats<\/h2>\n<p style=\"text-align: justify;\">Men\u00e9 d&rsquo;un waza-ari face \u00e0 Yaroslav Davydchuk, <strong>Loris Tassier<\/strong> (-90 kg) s&rsquo;est impos\u00e9 sur ippon. Vainqueur avec un waza-ari de Peter Zilka, il s&rsquo;est inclin\u00e9 sur hansoku-make face \u00e0 Alex Cret. Dans le combat de rep\u00eachages, il s&rsquo;est inclin\u00e9 face au champion olympique Lasha Bekauri.<\/p>\n<p style=\"text-align: justify;\">Dans la m\u00eame cat\u00e9gorie, <strong>Alexis Mathieu<\/strong> s&rsquo;est impos\u00e9 face \u00e0 Radomir Musil, Theodoros Tselidis et Klen Kaljulaid. En quarts face \u00e0 Murad Fatiyev, il a \u00e9t\u00e9 men\u00e9 d&rsquo;un waza-ari en milieu de combat. Il pensait avoir inscrit ippon en fin de combat mais celui-ci a \u00e9t\u00e9 annul\u00e9. Les 16 secondes restantes n&rsquo;auront pas \u00e9t\u00e9 suffisantes pour faire basculer le combat. Aux rep\u00eachages, le champion du monde 2019 No\u00ebl van &lsquo;t End s&rsquo;est impos\u00e9 en inscrivant deux waza-ari.<\/p>\n<p style=\"text-align: justify;\">Appel\u00e9 de derni\u00e8re minute, <strong>Math\u00e9o Akiana Mongo<\/strong> (+100 kg), 17 ans a disput\u00e9 ses premiers Championnats d&rsquo;Europe chez les seniors. Le m\u00e9daill\u00e9 de bronze chez les juniors l&rsquo;ann\u00e9e derni\u00e8re a \u00e9t\u00e9 battu par un autre jeune, le Chypriote Giannis Antoniou (19 ans) qui a inscrit 2 waza-ari. Le Fran\u00e7ais aura l&rsquo;occasion de continuer \u00e0 faire ses premi\u00e8res armes lors de la comp\u00e9tition par \u00e9quipes. Autre jeune poids lourd, <strong>Khamzat Saparbaev<\/strong>, 22 ans a battu Karl Stefansson sur ippon avant de s&rsquo;incliner face \u00e0 Jelle Snippe.<\/p>\n<ul>\n<li><strong>\u00c0 ce sujet &#8211; <a href=\"https:\/\/dicodusport.fr\/blog\/tableau-des-medailles-championnats-deurope-judo-2024\/\">Tableau des m\u00e9dailles des Championnats d&rsquo;Europe de judo 2024<\/a><\/strong><\/li>\n<\/ul>\n","protected":false},"excerpt":{"rendered":"<p>CHAMPIONNATS D&rsquo;EUROPE DE JUDO 2024 &#8211; 7 ans plus tard, Audrey Tcheum\u00e9o remonte sur le toit de l&rsquo;Europe ! Au bout d&rsquo;une belle finale, elle s&rsquo;impose face \u00e0 Anna-Maria Wagner.<\/p>\n","protected":false},"author":12,"featured_media":481988,"comment_status":"open","ping_status":"closed","sticky":false,"template":"","format":"standard","meta":{"_acf_changed":false,"_daextam_enable_autolinks":"1","footnotes":""},"categories":[8651],"tags":[3143,19470,16878,24],"class_list":["post-481867","post","type-post","status-publish","format-standard","has-post-thumbnail","hentry","category-judo","tag-audrey-tcheumeo","tag-blandine-pont","tag-breve","tag-sport"],"acf":[],"yoast_head":"<!-- This site is optimized with the Yoast SEO Premium plugin v26.7 (Yoast SEO v26.7) - https:\/\/yoast.com\/wordpress\/plugins\/seo\/ -->\n<title>Judo : Audrey Tcheum\u00e9o championne d&#039;Europe pour la 5e fois !<\/title>\n<meta name=\"description\" content=\"CHAMPIONNATS D&#039;EUROPE JUDO 2024 - 7 ans plus tard, Audrey Tcheum\u00e9o remonte sur le toit de l&#039;Europe ! Elle s&#039;impose face \u00e0 Anna-Maria Wagner.\" \/>\n<meta name=\"robots\" content=\"index, follow, max-snippet:-1, max-image-preview:large, max-video-preview:-1\" \/>\n<link rel=\"canonical\" href=\"https:\/\/dicodusport.fr\/blog\/judo-audrey-tcheumeo-championne-deurope-pour-la-5e-fois\/\" \/>\n<meta property=\"og:locale\" content=\"fr_FR\" \/>\n<meta property=\"og:type\" content=\"article\" \/>\n<meta property=\"og:title\" content=\"Judo : Audrey Tcheum\u00e9o championne d&#039;Europe pour la 5e fois !\" \/>\n<meta property=\"og:description\" content=\"CHAMPIONNATS D&#039;EUROPE JUDO 2024 - 7 ans plus tard, Audrey Tcheum\u00e9o remonte sur le toit de l&#039;Europe ! Elle s&#039;impose face \u00e0 Anna-Maria Wagner.\" \/>\n<meta property=\"og:url\" content=\"https:\/\/dicodusport.fr\/blog\/judo-audrey-tcheumeo-championne-deurope-pour-la-5e-fois\/\" \/>\n<meta property=\"og:site_name\" content=\"Dicodusport\" \/>\n<meta property=\"article:publisher\" content=\"https:\/\/www.facebook.com\/dicodusport\" \/>\n<meta property=\"article:published_time\" content=\"2024-04-27T15:49:22+00:00\" \/>\n<meta property=\"article:modified_time\" content=\"2024-04-27T18:50:55+00:00\" \/>\n<meta property=\"og:image\" content=\"https:\/\/dicodusport.fr\/blog\/wp-content\/uploads\/2024\/04\/Judo-Audrey-Tcheumeo-championne-dEurope-pour-la-5e-fois.png\" \/>\n\t<meta property=\"og:image:width\" content=\"1200\" \/>\n\t<meta property=\"og:image:height\" content=\"674\" \/>\n\t<meta property=\"og:image:type\" content=\"image\/png\" \/>\n<meta name=\"author\" content=\"Arlette Yeye\" \/>\n<meta name=\"twitter:card\" content=\"summary_large_image\" \/>\n<meta name=\"twitter:title\" content=\"Judo : Audrey Tcheum\u00e9o championne d&#039;Europe pour la 5e fois !\" \/>\n<meta name=\"twitter:creator\" content=\"@https:\/\/twitter.com\/Shiclette94\" \/>\n<meta name=\"twitter:site\" content=\"@dicodusport\" \/>\n<script type=\"application\/ld+json\" class=\"yoast-schema-graph\">{\"@context\":\"https:\/\/schema.org\",\"@graph\":[{\"@type\":\"NewsArticle\",\"@id\":\"https:\/\/dicodusport.fr\/blog\/judo-audrey-tcheumeo-championne-deurope-pour-la-5e-fois\/#article\",\"isPartOf\":{\"@id\":\"https:\/\/dicodusport.fr\/blog\/judo-audrey-tcheumeo-championne-deurope-pour-la-5e-fois\/\"},\"author\":{\"name\":\"Arlette Yeye\",\"@id\":\"https:\/\/dicodusport.fr\/blog\/#\/schema\/person\/cce96fa88785bd8573e3d43078ac8c79\"},\"headline\":\"Judo : Audrey Tcheum\u00e9o championne d&rsquo;Europe pour la 5e fois !\",\"datePublished\":\"2024-04-27T15:49:22+00:00\",\"dateModified\":\"2024-04-27T18:50:55+00:00\",\"mainEntityOfPage\":{\"@id\":\"https:\/\/dicodusport.fr\/blog\/judo-audrey-tcheumeo-championne-deurope-pour-la-5e-fois\/\"},\"wordCount\":810,\"commentCount\":0,\"publisher\":{\"@id\":\"https:\/\/dicodusport.fr\/blog\/#organization\"},\"image\":{\"@id\":\"https:\/\/dicodusport.fr\/blog\/judo-audrey-tcheumeo-championne-deurope-pour-la-5e-fois\/#primaryimage\"},\"thumbnailUrl\":\"https:\/\/dicodusport.fr\/blog\/wp-content\/uploads\/2024\/04\/Judo-Audrey-Tcheumeo-championne-dEurope-pour-la-5e-fois.png\",\"keywords\":[\"Audrey Tcheum\u00e9o\",\"Blandine Pont\",\"br\u00e8ve\",\"sport\"],\"articleSection\":[\"Judo\"],\"inLanguage\":\"fr-FR\",\"potentialAction\":[{\"@type\":\"CommentAction\",\"name\":\"Comment\",\"target\":[\"https:\/\/dicodusport.fr\/blog\/judo-audrey-tcheumeo-championne-deurope-pour-la-5e-fois\/#respond\"]}],\"copyrightYear\":\"2024\",\"copyrightHolder\":{\"@id\":\"https:\/\/dicodusport.fr\/blog\/#organization\"}},{\"@type\":\"WebPage\",\"@id\":\"https:\/\/dicodusport.fr\/blog\/judo-audrey-tcheumeo-championne-deurope-pour-la-5e-fois\/\",\"url\":\"https:\/\/dicodusport.fr\/blog\/judo-audrey-tcheumeo-championne-deurope-pour-la-5e-fois\/\",\"name\":\"Judo : Audrey Tcheum\u00e9o championne d'Europe pour la 5e fois !\",\"isPartOf\":{\"@id\":\"https:\/\/dicodusport.fr\/blog\/#website\"},\"primaryImageOfPage\":{\"@id\":\"https:\/\/dicodusport.fr\/blog\/judo-audrey-tcheumeo-championne-deurope-pour-la-5e-fois\/#primaryimage\"},\"image\":{\"@id\":\"https:\/\/dicodusport.fr\/blog\/judo-audrey-tcheumeo-championne-deurope-pour-la-5e-fois\/#primaryimage\"},\"thumbnailUrl\":\"https:\/\/dicodusport.fr\/blog\/wp-content\/uploads\/2024\/04\/Judo-Audrey-Tcheumeo-championne-dEurope-pour-la-5e-fois.png\",\"datePublished\":\"2024-04-27T15:49:22+00:00\",\"dateModified\":\"2024-04-27T18:50:55+00:00\",\"description\":\"CHAMPIONNATS D'EUROPE JUDO 2024 - 7 ans plus tard, Audrey Tcheum\u00e9o remonte sur le toit de l'Europe ! Elle s'impose face \u00e0 Anna-Maria Wagner.\",\"breadcrumb\":{\"@id\":\"https:\/\/dicodusport.fr\/blog\/judo-audrey-tcheumeo-championne-deurope-pour-la-5e-fois\/#breadcrumb\"},\"inLanguage\":\"fr-FR\",\"potentialAction\":[{\"@type\":\"ReadAction\",\"target\":[\"https:\/\/dicodusport.fr\/blog\/judo-audrey-tcheumeo-championne-deurope-pour-la-5e-fois\/\"]}]},{\"@type\":\"ImageObject\",\"inLanguage\":\"fr-FR\",\"@id\":\"https:\/\/dicodusport.fr\/blog\/judo-audrey-tcheumeo-championne-deurope-pour-la-5e-fois\/#primaryimage\",\"url\":\"https:\/\/dicodusport.fr\/blog\/wp-content\/uploads\/2024\/04\/Judo-Audrey-Tcheumeo-championne-dEurope-pour-la-5e-fois.png\",\"contentUrl\":\"https:\/\/dicodusport.fr\/blog\/wp-content\/uploads\/2024\/04\/Judo-Audrey-Tcheumeo-championne-dEurope-pour-la-5e-fois.png\",\"width\":1200,\"height\":674,\"caption\":\"Judo Audrey Tcheum\u00e9o championne d'Europe pour la 5e fois\"},{\"@type\":\"BreadcrumbList\",\"@id\":\"https:\/\/dicodusport.fr\/blog\/judo-audrey-tcheumeo-championne-deurope-pour-la-5e-fois\/#breadcrumb\",\"itemListElement\":[{\"@type\":\"ListItem\",\"position\":1,\"name\":\"Accueil\",\"item\":\"https:\/\/dicodusport.fr\/blog\/\"},{\"@type\":\"ListItem\",\"position\":2,\"name\":\"Judo : Audrey Tcheum\u00e9o championne d&rsquo;Europe pour la 5e fois !\"}]},{\"@type\":\"WebSite\",\"@id\":\"https:\/\/dicodusport.fr\/blog\/#website\",\"url\":\"https:\/\/dicodusport.fr\/blog\/\",\"name\":\"Dicodusport\",\"description\":\"L&#039;encyclop\u00e9die de l&#039;actualit\u00e9 sportive\",\"publisher\":{\"@id\":\"https:\/\/dicodusport.fr\/blog\/#organization\"},\"potentialAction\":[{\"@type\":\"SearchAction\",\"target\":{\"@type\":\"EntryPoint\",\"urlTemplate\":\"https:\/\/dicodusport.fr\/blog\/?s={search_term_string}\"},\"query-input\":{\"@type\":\"PropertyValueSpecification\",\"valueRequired\":true,\"valueName\":\"search_term_string\"}}],\"inLanguage\":\"fr-FR\"},{\"@type\":\"NewsMediaOrganization\",\"@id\":\"https:\/\/dicodusport.fr\/blog\/#organization\",\"name\":\"Dicodusport\",\"url\":\"https:\/\/dicodusport.fr\/blog\/\",\"logo\":{\"@type\":\"ImageObject\",\"inLanguage\":\"fr-FR\",\"@id\":\"https:\/\/dicodusport.fr\/blog\/#\/schema\/logo\/image\/\",\"url\":\"https:\/\/dicodusport.fr\/blog\/wp-content\/uploads\/2020\/06\/cropped-LOGO-DICODUSPORT-2020-SANS-FOND-SANS-TEXTE.png\",\"contentUrl\":\"https:\/\/dicodusport.fr\/blog\/wp-content\/uploads\/2020\/06\/cropped-LOGO-DICODUSPORT-2020-SANS-FOND-SANS-TEXTE.png\",\"width\":512,\"height\":512,\"caption\":\"Dicodusport\"},\"image\":{\"@id\":\"https:\/\/dicodusport.fr\/blog\/#\/schema\/logo\/image\/\"},\"sameAs\":[\"https:\/\/www.facebook.com\/dicodusport\",\"https:\/\/x.com\/dicodusport\",\"https:\/\/www.instagram.com\/dicodusport\/\",\"https:\/\/www.youtube.com\/channel\/UC7V2KZ5sd3htJivAbA4ZG3w\"],\"description\":\"Dicodusport est l'encyclop\u00e9die de l'actualit\u00e9 sportive.\",\"email\":\"bonjour@dicodusport.fr\",\"legalName\":\"DICODUSPORT\",\"foundingDate\":\"2018-01-14\",\"vatID\":\"FR71834470973\",\"taxID\":\"83447097300043\",\"numberOfEmployees\":{\"@type\":\"QuantitativeValue\",\"minValue\":\"1\",\"maxValue\":\"10\"}},{\"@type\":\"Person\",\"@id\":\"https:\/\/dicodusport.fr\/blog\/#\/schema\/person\/cce96fa88785bd8573e3d43078ac8c79\",\"name\":\"Arlette Yeye\",\"image\":{\"@type\":\"ImageObject\",\"inLanguage\":\"fr-FR\",\"@id\":\"https:\/\/dicodusport.fr\/blog\/#\/schema\/person\/image\/\",\"url\":\"https:\/\/secure.gravatar.com\/avatar\/dca4a6239e6d708e46c45d60e160de6c?s=96&d=wp_user_avatar&r=g\",\"contentUrl\":\"https:\/\/secure.gravatar.com\/avatar\/dca4a6239e6d708e46c45d60e160de6c?s=96&d=wp_user_avatar&r=g\",\"caption\":\"Arlette Yeye\"},\"description\":\"Journaliste\/r\u00e9dactrice depuis septembre 2015 - Supportrice de Chelsea, j'ai pour sports de pr\u00e9dilection le handball, l'athl\u00e9tisme et le tennis. Si je tweete plus vite que mon ombre, vous pouvez aussi me retrouver les week-ends sur les playgrounds de Bruxelles pour un petit foot ou basket entre potes. Parcourir la France, l'Europe et plus si affinit\u00e9s pour suivre mes sportifs pr\u00e9f\u00e9r\u00e9s ? Mon kif ! Et c'est avec plaisir que je partage les r\u00e9sultats des sports populaires mais \u00e9galement plus confidentiels pour Dicodusport.\",\"sameAs\":[\"https:\/\/x.com\/https:\/\/twitter.com\/Shiclette94\"],\"url\":\"https:\/\/dicodusport.fr\/blog\/author\/arlette\/\"}]}<\/script>\n<!-- \/ Yoast SEO Premium plugin. -->","yoast_head_json":{"title":"Judo : Audrey Tcheum\u00e9o championne d'Europe pour la 5e fois !","description":"CHAMPIONNATS D'EUROPE JUDO 2024 - 7 ans plus tard, Audrey Tcheum\u00e9o remonte sur le toit de l'Europe ! Elle s'impose face \u00e0 Anna-Maria Wagner.","robots":{"index":"index","follow":"follow","max-snippet":"max-snippet:-1","max-image-preview":"max-image-preview:large","max-video-preview":"max-video-preview:-1"},"canonical":"https:\/\/dicodusport.fr\/blog\/judo-audrey-tcheumeo-championne-deurope-pour-la-5e-fois\/","og_locale":"fr_FR","og_type":"article","og_title":"Judo : Audrey Tcheum\u00e9o championne d'Europe pour la 5e fois !","og_description":"CHAMPIONNATS D'EUROPE JUDO 2024 - 7 ans plus tard, Audrey Tcheum\u00e9o remonte sur le toit de l'Europe ! Elle s'impose face \u00e0 Anna-Maria Wagner.","og_url":"https:\/\/dicodusport.fr\/blog\/judo-audrey-tcheumeo-championne-deurope-pour-la-5e-fois\/","og_site_name":"Dicodusport","article_publisher":"https:\/\/www.facebook.com\/dicodusport","article_published_time":"2024-04-27T15:49:22+00:00","article_modified_time":"2024-04-27T18:50:55+00:00","og_image":[{"width":1200,"height":674,"url":"https:\/\/dicodusport.fr\/blog\/wp-content\/uploads\/2024\/04\/Judo-Audrey-Tcheumeo-championne-dEurope-pour-la-5e-fois.png","type":"image\/png"}],"author":"Arlette Yeye","twitter_card":"summary_large_image","twitter_title":"Judo : Audrey Tcheum\u00e9o championne d'Europe pour la 5e fois !","twitter_creator":"@https:\/\/twitter.com\/Shiclette94","twitter_site":"@dicodusport","schema":{"@context":"https:\/\/schema.org","@graph":[{"@type":"NewsArticle","@id":"https:\/\/dicodusport.fr\/blog\/judo-audrey-tcheumeo-championne-deurope-pour-la-5e-fois\/#article","isPartOf":{"@id":"https:\/\/dicodusport.fr\/blog\/judo-audrey-tcheumeo-championne-deurope-pour-la-5e-fois\/"},"author":{"name":"Arlette Yeye","@id":"https:\/\/dicodusport.fr\/blog\/#\/schema\/person\/cce96fa88785bd8573e3d43078ac8c79"},"headline":"Judo : Audrey Tcheum\u00e9o championne d&rsquo;Europe pour la 5e fois !","datePublished":"2024-04-27T15:49:22+00:00","dateModified":"2024-04-27T18:50:55+00:00","mainEntityOfPage":{"@id":"https:\/\/dicodusport.fr\/blog\/judo-audrey-tcheumeo-championne-deurope-pour-la-5e-fois\/"},"wordCount":810,"commentCount":0,"publisher":{"@id":"https:\/\/dicodusport.fr\/blog\/#organization"},"image":{"@id":"https:\/\/dicodusport.fr\/blog\/judo-audrey-tcheumeo-championne-deurope-pour-la-5e-fois\/#primaryimage"},"thumbnailUrl":"https:\/\/dicodusport.fr\/blog\/wp-content\/uploads\/2024\/04\/Judo-Audrey-Tcheumeo-championne-dEurope-pour-la-5e-fois.png","keywords":["Audrey Tcheum\u00e9o","Blandine Pont","br\u00e8ve","sport"],"articleSection":["Judo"],"inLanguage":"fr-FR","potentialAction":[{"@type":"CommentAction","name":"Comment","target":["https:\/\/dicodusport.fr\/blog\/judo-audrey-tcheumeo-championne-deurope-pour-la-5e-fois\/#respond"]}],"copyrightYear":"2024","copyrightHolder":{"@id":"https:\/\/dicodusport.fr\/blog\/#organization"}},{"@type":"WebPage","@id":"https:\/\/dicodusport.fr\/blog\/judo-audrey-tcheumeo-championne-deurope-pour-la-5e-fois\/","url":"https:\/\/dicodusport.fr\/blog\/judo-audrey-tcheumeo-championne-deurope-pour-la-5e-fois\/","name":"Judo : Audrey Tcheum\u00e9o championne d'Europe pour la 5e fois !","isPartOf":{"@id":"https:\/\/dicodusport.fr\/blog\/#website"},"primaryImageOfPage":{"@id":"https:\/\/dicodusport.fr\/blog\/judo-audrey-tcheumeo-championne-deurope-pour-la-5e-fois\/#primaryimage"},"image":{"@id":"https:\/\/dicodusport.fr\/blog\/judo-audrey-tcheumeo-championne-deurope-pour-la-5e-fois\/#primaryimage"},"thumbnailUrl":"https:\/\/dicodusport.fr\/blog\/wp-content\/uploads\/2024\/04\/Judo-Audrey-Tcheumeo-championne-dEurope-pour-la-5e-fois.png","datePublished":"2024-04-27T15:49:22+00:00","dateModified":"2024-04-27T18:50:55+00:00","description":"CHAMPIONNATS D'EUROPE JUDO 2024 - 7 ans plus tard, Audrey Tcheum\u00e9o remonte sur le toit de l'Europe ! Elle s'impose face \u00e0 Anna-Maria Wagner.","breadcrumb":{"@id":"https:\/\/dicodusport.fr\/blog\/judo-audrey-tcheumeo-championne-deurope-pour-la-5e-fois\/#breadcrumb"},"inLanguage":"fr-FR","potentialAction":[{"@type":"ReadAction","target":["https:\/\/dicodusport.fr\/blog\/judo-audrey-tcheumeo-championne-deurope-pour-la-5e-fois\/"]}]},{"@type":"ImageObject","inLanguage":"fr-FR","@id":"https:\/\/dicodusport.fr\/blog\/judo-audrey-tcheumeo-championne-deurope-pour-la-5e-fois\/#primaryimage","url":"https:\/\/dicodusport.fr\/blog\/wp-content\/uploads\/2024\/04\/Judo-Audrey-Tcheumeo-championne-dEurope-pour-la-5e-fois.png","contentUrl":"https:\/\/dicodusport.fr\/blog\/wp-content\/uploads\/2024\/04\/Judo-Audrey-Tcheumeo-championne-dEurope-pour-la-5e-fois.png","width":1200,"height":674,"caption":"Judo Audrey Tcheum\u00e9o championne d'Europe pour la 5e fois"},{"@type":"BreadcrumbList","@id":"https:\/\/dicodusport.fr\/blog\/judo-audrey-tcheumeo-championne-deurope-pour-la-5e-fois\/#breadcrumb","itemListElement":[{"@type":"ListItem","position":1,"name":"Accueil","item":"https:\/\/dicodusport.fr\/blog\/"},{"@type":"ListItem","position":2,"name":"Judo : Audrey Tcheum\u00e9o championne d&rsquo;Europe pour la 5e fois !"}]},{"@type":"WebSite","@id":"https:\/\/dicodusport.fr\/blog\/#website","url":"https:\/\/dicodusport.fr\/blog\/","name":"Dicodusport","description":"L&#039;encyclop\u00e9die de l&#039;actualit\u00e9 sportive","publisher":{"@id":"https:\/\/dicodusport.fr\/blog\/#organization"},"potentialAction":[{"@type":"SearchAction","target":{"@type":"EntryPoint","urlTemplate":"https:\/\/dicodusport.fr\/blog\/?s={search_term_string}"},"query-input":{"@type":"PropertyValueSpecification","valueRequired":true,"valueName":"search_term_string"}}],"inLanguage":"fr-FR"},{"@type":"NewsMediaOrganization","@id":"https:\/\/dicodusport.fr\/blog\/#organization","name":"Dicodusport","url":"https:\/\/dicodusport.fr\/blog\/","logo":{"@type":"ImageObject","inLanguage":"fr-FR","@id":"https:\/\/dicodusport.fr\/blog\/#\/schema\/logo\/image\/","url":"https:\/\/dicodusport.fr\/blog\/wp-content\/uploads\/2020\/06\/cropped-LOGO-DICODUSPORT-2020-SANS-FOND-SANS-TEXTE.png","contentUrl":"https:\/\/dicodusport.fr\/blog\/wp-content\/uploads\/2020\/06\/cropped-LOGO-DICODUSPORT-2020-SANS-FOND-SANS-TEXTE.png","width":512,"height":512,"caption":"Dicodusport"},"image":{"@id":"https:\/\/dicodusport.fr\/blog\/#\/schema\/logo\/image\/"},"sameAs":["https:\/\/www.facebook.com\/dicodusport","https:\/\/x.com\/dicodusport","https:\/\/www.instagram.com\/dicodusport\/","https:\/\/www.youtube.com\/channel\/UC7V2KZ5sd3htJivAbA4ZG3w"],"description":"Dicodusport est l'encyclop\u00e9die de l'actualit\u00e9 sportive.","email":"bonjour@dicodusport.fr","legalName":"DICODUSPORT","foundingDate":"2018-01-14","vatID":"FR71834470973","taxID":"83447097300043","numberOfEmployees":{"@type":"QuantitativeValue","minValue":"1","maxValue":"10"}},{"@type":"Person","@id":"https:\/\/dicodusport.fr\/blog\/#\/schema\/person\/cce96fa88785bd8573e3d43078ac8c79","name":"Arlette Yeye","image":{"@type":"ImageObject","inLanguage":"fr-FR","@id":"https:\/\/dicodusport.fr\/blog\/#\/schema\/person\/image\/","url":"https:\/\/secure.gravatar.com\/avatar\/dca4a6239e6d708e46c45d60e160de6c?s=96&d=wp_user_avatar&r=g","contentUrl":"https:\/\/secure.gravatar.com\/avatar\/dca4a6239e6d708e46c45d60e160de6c?s=96&d=wp_user_avatar&r=g","caption":"Arlette Yeye"},"description":"Journaliste\/r\u00e9dactrice depuis septembre 2015 - Supportrice de Chelsea, j'ai pour sports de pr\u00e9dilection le handball, l'athl\u00e9tisme et le tennis. Si je tweete plus vite que mon ombre, vous pouvez aussi me retrouver les week-ends sur les playgrounds de Bruxelles pour un petit foot ou basket entre potes. Parcourir la France, l'Europe et plus si affinit\u00e9s pour suivre mes sportifs pr\u00e9f\u00e9r\u00e9s ? Mon kif ! Et c'est avec plaisir que je partage les r\u00e9sultats des sports populaires mais \u00e9galement plus confidentiels pour Dicodusport.","sameAs":["https:\/\/x.com\/https:\/\/twitter.com\/Shiclette94"],"url":"https:\/\/dicodusport.fr\/blog\/author\/arlette\/"}]}},"_links":{"self":[{"href":"https:\/\/dicodusport.fr\/blog\/wp-json\/wp\/v2\/posts\/481867","targetHints":{"allow":["GET"]}}],"collection":[{"href":"https:\/\/dicodusport.fr\/blog\/wp-json\/wp\/v2\/posts"}],"about":[{"href":"https:\/\/dicodusport.fr\/blog\/wp-json\/wp\/v2\/types\/post"}],"author":[{"embeddable":true,"href":"https:\/\/dicodusport.fr\/blog\/wp-json\/wp\/v2\/users\/12"}],"replies":[{"embeddable":true,"href":"https:\/\/dicodusport.fr\/blog\/wp-json\/wp\/v2\/comments?post=481867"}],"version-history":[{"count":5,"href":"https:\/\/dicodusport.fr\/blog\/wp-json\/wp\/v2\/posts\/481867\/revisions"}],"predecessor-version":[{"id":481947,"href":"https:\/\/dicodusport.fr\/blog\/wp-json\/wp\/v2\/posts\/481867\/revisions\/481947"}],"wp:featuredmedia":[{"embeddable":true,"href":"https:\/\/dicodusport.fr\/blog\/wp-json\/wp\/v2\/media\/481988"}],"wp:attachment":[{"href":"https:\/\/dicodusport.fr\/blog\/wp-json\/wp\/v2\/media?parent=481867"}],"wp:term":[{"taxonomy":"category","embeddable":true,"href":"https:\/\/dicodusport.fr\/blog\/wp-json\/wp\/v2\/categories?post=481867"},{"taxonomy":"post_tag","embeddable":true,"href":"https:\/\/dicodusport.fr\/blog\/wp-json\/wp\/v2\/tags?post=481867"}],"curies":[{"name":"wp","href":"https:\/\/api.w.org\/{rel}","templated":true}]}}