{"id":481979,"date":"2024-05-02T13:17:54","date_gmt":"2024-05-02T11:17:54","guid":{"rendered":"https:\/\/dicodusport.fr\/blog\/?p=481979&#038;preview=true&#038;preview_id=481979"},"modified":"2024-05-02T13:43:49","modified_gmt":"2024-05-02T11:43:49","slug":"tour-ditalie-2024-4-coureurs-francais-a-suivre-sur-le-giro","status":"publish","type":"post","link":"https:\/\/dicodusport.fr\/blog\/tour-ditalie-2024-4-coureurs-francais-a-suivre-sur-le-giro\/","title":{"rendered":"Tour d&rsquo;Italie 2024 : 4 coureurs fran\u00e7ais \u00e0 suivre sur le Giro"},"content":{"rendered":"<p style=\"text-align: justify;\"><strong><em>TOUR D&rsquo;ITALIE 2024 &#8211; 22 Fran\u00e7ais seront au d\u00e9part de la course. Focus sur quatre d&rsquo;entre eux qui pourraient briller sur les routes italiennes.<\/em><\/strong><\/p>\n<ul>\n<li style=\"text-align: justify;\"><strong>\u00c0 ce sujet \u2013\u00a0<a href=\"https:\/\/dicodusport.fr\/blog\/actualites\/cyclisme\/cyclisme-sur-route-2024\/tour-italie-2024\/\">L\u2019actualit\u00e9 du Tour d\u2019Italie 2024<\/a><\/strong><\/li>\n<\/ul>\n<h2 style=\"text-align: justify;\">Romain Bardet (Team DSM-Firmenich PostNL)<\/h2>\n<p style=\"text-align: justify;\">Le tout r\u00e9cent 2e de <a href=\"https:\/\/dicodusport.fr\/blog\/classement-liege-bastogne-liege-2024\/\">Li\u00e8ge-Bastogne-Li\u00e8ge<\/a> revient sur les routes italiennes, deux ans apr\u00e8s son cruel abandon, alors qu&rsquo;il \u00e9tait encore en course pour un podium \u00e0 minima. Que va viser l&rsquo;Auvergnat sur le <strong>Giro 2024<\/strong> ? <strong>Romain Bardet<\/strong> avait laiss\u00e9 entendre, en d\u00e9but d&rsquo;ann\u00e9e, \u00eatre moins int\u00e9ress\u00e9 par les classements g\u00e9n\u00e9raux, notamment sur les Grands Tours. C&rsquo;\u00e9tait d&rsquo;ailleurs le cas sur les routes de la Vuelta 2023, o\u00f9 il s&rsquo;\u00e9tait focalis\u00e9 sur les \u00e9tapes. Pass\u00e9 tout pr\u00e8s, lors des 6e et 14e \u00e9tapes (3e et 2e). C&rsquo;\u00e9tait le cas aussi lors de la Vuelta 2021 et 2017. Mais jamais le Fran\u00e7ais n&rsquo;a abord\u00e9 un premier Grand Tour de l&rsquo;ann\u00e9e, dans la peau d&rsquo;un chasseur d&rsquo;\u00e9tapes.<\/p>\n<p style=\"text-align: justify;\">Et on a quelques raisons de penser qu&rsquo;il risque de se focaliser sur la r\u00e9gularit\u00e9. D&rsquo;abord, derri\u00e8re <strong>Tadej Pogacar<\/strong>, la course au podium reste relativement ouverte. Et il n&rsquo;a pas connu les joies du podium en grand tour depuis le Tour de France 2017 (3e). Et sa place (et forme) sur la Doyenne, va peut-\u00eatre augmenter son moral et le rassurer sur sa capacit\u00e9 \u00e0 jouer avec les meilleurs. La seconde raison est davantage comptable. Sa formation joue le maintien en World Tour.<\/p>\n<p style=\"text-align: justify;\">Elle est actuellement 20e sur les saisons 2023-2024-2025. Et donc virtuellement en Pro Teams 2026 (mais avec wild-card automatiques aux courses World Tour). Elle est \u00e0 ce jour 16e sur l&rsquo;ann\u00e9e 2024, bien aid\u00e9e par les points du Fran\u00e7ais \u00e0 Li\u00e8ge (640). Or, une 2e place au g\u00e9n\u00e9ral sur un Giro (hors places \u00e9tapes) rapporte 885 points. 495 pour le 5e et 180 pour le 10e. Autant dire qu&rsquo;un top 5 peut apporter du beurre dans les \u00e9pinards.<\/p>\n<div id=\"attachment_482458\" style=\"width: 1210px\" class=\"wp-caption aligncenter\"><img loading=\"lazy\" decoding=\"async\" aria-describedby=\"caption-attachment-482458\" class=\"wp-image-482458 size-full\" src=\"https:\/\/dicodusport.fr\/blog\/wp-content\/uploads\/2024\/04\/Deuxieme-de-Liege-Bastogne-Liege-derriere-Tadej-Pogacar-Romain-Bardet-DSM-Firmenich-PostNL-sera-a-suivre-sur-le-Giro.png\" alt=\"Deuxi\u00e8me de Li\u00e8ge-Bastogne-Li\u00e8ge derri\u00e8re Tadej Pogacar, Romain Bardet (DSM-Firmenich PostNL) sera \u00e0 suivre sur le Giro\" width=\"1200\" height=\"674\" srcset=\"https:\/\/dicodusport.fr\/blog\/wp-content\/uploads\/2024\/04\/Deuxieme-de-Liege-Bastogne-Liege-derriere-Tadej-Pogacar-Romain-Bardet-DSM-Firmenich-PostNL-sera-a-suivre-sur-le-Giro.png 1200w, https:\/\/dicodusport.fr\/blog\/wp-content\/uploads\/2024\/04\/Deuxieme-de-Liege-Bastogne-Liege-derriere-Tadej-Pogacar-Romain-Bardet-DSM-Firmenich-PostNL-sera-a-suivre-sur-le-Giro-300x169.png 300w, https:\/\/dicodusport.fr\/blog\/wp-content\/uploads\/2024\/04\/Deuxieme-de-Liege-Bastogne-Liege-derriere-Tadej-Pogacar-Romain-Bardet-DSM-Firmenich-PostNL-sera-a-suivre-sur-le-Giro-1024x575.png 1024w, https:\/\/dicodusport.fr\/blog\/wp-content\/uploads\/2024\/04\/Deuxieme-de-Liege-Bastogne-Liege-derriere-Tadej-Pogacar-Romain-Bardet-DSM-Firmenich-PostNL-sera-a-suivre-sur-le-Giro-768x431.png 768w\" sizes=\"auto, (max-width: 1200px) 100vw, 1200px\" \/><p id=\"caption-attachment-482458\" class=\"wp-caption-text\">Deuxi\u00e8me de Li\u00e8ge-Bastogne-Li\u00e8ge derri\u00e8re Tadej Pogacar, Romain Bardet (DSM-Firmenich PostNL) sera \u00e0 suivre sur le Giro &#8211; Photo Icon Sport<\/p><\/div>\n<ul>\n<li style=\"text-align: justify;\"><strong>\u00c0 ce sujet \u2013\u00a0<a href=\"https:\/\/dicodusport.fr\/blog\/favoris-tour-ditalie-2024-tadej-pogacar-contre-le-reste-du-monde\/\">Favoris Tour d\u2019Italie 2024 : Tadej Pogacar contre le reste du monde<\/a><\/strong><\/li>\n<\/ul>\n<h2 style=\"text-align: justify;\">Julian Alaphilippe (Soudal Quick-Step)<\/h2>\n<p style=\"text-align: justify;\">\u00c0 l&rsquo;inverse de son compatriote ci-dessus, <strong>Julian Alaphilippe<\/strong> devrait viser les victoires d&rsquo;\u00e9tape. Le classement g\u00e9n\u00e9ral d&rsquo;un Grand Tour, ce n&rsquo;est pas son truc. Ce n&rsquo;est pas sa 5e place sur le Tour de France 2019 qui a chang\u00e9 la donne. Attendu sur le Tour de Romandie, le Fran\u00e7ais n&rsquo;a pas r\u00e9pondu totalement aux attentes, malgr\u00e9 sa 3e place sur un prologue qui \u00e9tait vraiment sp\u00e9cial. N\u00e9anmoins, on sent qu&rsquo;il ne manque pas grand-chose pour le Fran\u00e7ais, pour faire basculer la pi\u00e8ce du bon c\u00f4t\u00e9.<\/p>\n<p style=\"text-align: justify;\">Le Giro, traditionnellement, sourit aux \u00e9chapp\u00e9es. Que ce soit en 2022 ou 2023, plus de la moiti\u00e9 des \u00e9tapes ont \u00e9t\u00e9 gagn\u00e9es par des baroudeurs. Ok, il y a <strong>Tadej Pogacar<\/strong>, terreur et ogre des temps modernes. Mais le Slov\u00e8ne, s&rsquo;il veut briller sur le Tour de France, quelques semaines plus tard, devra temp\u00e9rer ses ardeurs en Italie. S&rsquo;il parvient \u00e0 assommer la course assez t\u00f4t, les opportunit\u00e9s seront nombreuses. <strong>Julian Alaphilippe<\/strong> devra jouer malin. Mais il aura des occasions de briller, pour sa d\u00e9couverte du Giro. On le voit bien entrer dans le club des coureurs ayant gagn\u00e9 une \u00e9tape sur chaque Grand Tour.<\/p>\n<div class=\"vlp-link-container vlp-layout-article\"><a href=\"https:\/\/dicodusport.fr\/blog\/cyclisme-patrick-lefevere-ouvre-la-porte-a-une-prolongation-de-julian-alaphilippe\/\" class=\"vlp-link\" title=\"Cyclisme : Patrick Lefevere ouvre la porte \u00e0 une prolongation de Julian Alaphilippe\"><\/a><div class=\"vlp-layout-zone-side\"><div class=\"vlp-block-4 vlp-link-image\"><img loading=\"lazy\" decoding=\"async\" style=\"max-width: 792px;\" width=\"792\" height=\"445\" src=\"https:\/\/dicodusport.fr\/blog\/wp-content\/uploads\/2024\/04\/Cyclisme-Patrick-Lefevere-ouvre-la-porte-a-une-prolongation-de-Julian-Alaphilippe.png\" class=\"attachment-800x445 size-800x445\" alt=\"Cyclisme : Patrick Lefevere ouvre la porte \u00e0 une prolongation de Julian Alaphilippe\" srcset=\"https:\/\/dicodusport.fr\/blog\/wp-content\/uploads\/2024\/04\/Cyclisme-Patrick-Lefevere-ouvre-la-porte-a-une-prolongation-de-Julian-Alaphilippe.png 1200w, https:\/\/dicodusport.fr\/blog\/wp-content\/uploads\/2024\/04\/Cyclisme-Patrick-Lefevere-ouvre-la-porte-a-une-prolongation-de-Julian-Alaphilippe-300x169.png 300w, https:\/\/dicodusport.fr\/blog\/wp-content\/uploads\/2024\/04\/Cyclisme-Patrick-Lefevere-ouvre-la-porte-a-une-prolongation-de-Julian-Alaphilippe-1024x575.png 1024w, https:\/\/dicodusport.fr\/blog\/wp-content\/uploads\/2024\/04\/Cyclisme-Patrick-Lefevere-ouvre-la-porte-a-une-prolongation-de-Julian-Alaphilippe-768x431.png 768w\" sizes=\"auto, (max-width: 792px) 100vw, 792px\" \/><\/div><\/div><div class=\"vlp-layout-zone-main\"><div class=\"vlp-block-0 vlp-link-title\">Cyclisme : Patrick Lefevere ouvre la porte \u00e0 une prolongation de Julian Alaphilippe<\/div><div class=\"vlp-block-1 vlp-link-summary\">CYCLISME SUR ROUTE - Aupr\u00e8s de nos confr\u00e8res de GCN, Patrick Lefevere a ouvert la porte \u00e0 une prolongation de Julian Alaphilippe chez Soudal Quick-Step.<\/div><div class=\"vlp-block-2 vlp-link-button\">Lire l'article<\/div><div class=\"vlp-block-3 vlp-link-url\">dicodusport.fr<\/div><\/div><\/div>\n<h2>Christophe Laporte (Visma-Lease a Bike)<\/h2>\n<p style=\"text-align: justify;\">Rempla\u00e7ant de <strong>Wout Van Aert<\/strong>, <a href=\"https:\/\/dicodusport.fr\/blog\/a-travers-la-flandre-van-aert-pedersen-et-girmay-chutent-lourdement\/\">qui a connu une terrible chute fin mars<\/a>, le Fran\u00e7ais va aussi d\u00e9couvrir le Tour d&rsquo;Italie, malgr\u00e9 ses 31 ans et sa consid\u00e9rable exp\u00e9rience au niveau international. Le champion d&rsquo;Europe en titre, ralenti par un virus en d\u00e9but de saison, qui a pourri sa campagne de classiques, pourrait bien \u00eatre revanchard sur les routes italiennes. Revanchard, mais possiblement bris\u00e9 par sa formation n\u00e9erlandaise.<\/p>\n<p style=\"text-align: justify;\">Car elle va aligner un sprinteur <strong>Olav Koiij<\/strong>, qui a de grandes ambitions de succ\u00e8s d&rsquo;\u00e9tape. Et qui, en plus, a quelque peu progress\u00e9 sur les \u00e9tapes plus difficiles, on l&rsquo;a vu sur Paris-Nice. Le Fran\u00e7ais pourrait bien \u00eatre le dernier lanceur du N\u00e9erlandais. Comme il pourrait travailler \u00e9galement pour <strong>Cian Uijtdebroeks<\/strong>, qui vise une bonne place au classement g\u00e9n\u00e9ral, voire le maillot de meilleur jeune du Giro. On conna\u00eet le travail pr\u00e9cieux du coureur fran\u00e7ais, notamment dans la plaine, comme dans certaines premi\u00e8res ascensions d&rsquo;\u00e9tapes montagneuses. Il a largement contribu\u00e9 au double succ\u00e8s de <strong>Jonas Vingegaard<\/strong> sur le Tour de France, en 2022 et 2023. Mais, \u00e0 partir de l\u00e0, difficile d&rsquo;avoir une carte personnelle. Et s&rsquo;il en a une ou deux, il lui faudra \u00eatre tr\u00e8s malin et tr\u00e8s fort.<\/p>\n<div class=\"vlp-link-container vlp-layout-article\"><a href=\"https:\/\/dicodusport.fr\/blog\/tour-ditalie-2024-wout-van-aert-forfait-pour-le-giro-christophe-laporte-y-sera\/\" class=\"vlp-link\" title=\"Tour d&#039;Italie 2024 : Wout Van Aert forfait pour le Giro, Christophe Laporte y sera\"><\/a><div class=\"vlp-layout-zone-side\"><div class=\"vlp-block-4 vlp-link-image\"><img loading=\"lazy\" decoding=\"async\" style=\"max-width: 792px;\" width=\"792\" height=\"445\" src=\"https:\/\/dicodusport.fr\/blog\/wp-content\/uploads\/2024\/04\/Tour-dItalie-2024-Wout-Van-Aert-forfait-pour-le-Giro-Christophe-Laporte-y-sera.png\" class=\"attachment-800x445 size-800x445\" alt=\"Tour d&#039;Italie 2024 Wout Van Aert forfait pour le Giro, Christophe Laporte y sera\" srcset=\"https:\/\/dicodusport.fr\/blog\/wp-content\/uploads\/2024\/04\/Tour-dItalie-2024-Wout-Van-Aert-forfait-pour-le-Giro-Christophe-Laporte-y-sera.png 1200w, https:\/\/dicodusport.fr\/blog\/wp-content\/uploads\/2024\/04\/Tour-dItalie-2024-Wout-Van-Aert-forfait-pour-le-Giro-Christophe-Laporte-y-sera-300x169.png 300w, https:\/\/dicodusport.fr\/blog\/wp-content\/uploads\/2024\/04\/Tour-dItalie-2024-Wout-Van-Aert-forfait-pour-le-Giro-Christophe-Laporte-y-sera-1024x575.png 1024w, https:\/\/dicodusport.fr\/blog\/wp-content\/uploads\/2024\/04\/Tour-dItalie-2024-Wout-Van-Aert-forfait-pour-le-Giro-Christophe-Laporte-y-sera-768x431.png 768w\" sizes=\"auto, (max-width: 792px) 100vw, 792px\" \/><\/div><\/div><div class=\"vlp-layout-zone-main\"><div class=\"vlp-block-0 vlp-link-title\">Tour d'Italie 2024 : Wout Van Aert forfait pour le Giro, Christophe Laporte y sera<\/div><div class=\"vlp-block-1 vlp-link-summary\">CYCLISME SUR ROUTE 2024 - Wout Van Aert a lourdement chut\u00e9 et souffre de nombreuses fractures. Il est forfait pour les prochaines classiques.<\/div><div class=\"vlp-block-2 vlp-link-button\">Lire l'article<\/div><div class=\"vlp-block-3 vlp-link-url\">dicodusport.fr<\/div><\/div><\/div>\n<h2>Valentin Paret-Peintre (Decathlon AG2R La Mondiale)<\/h2>\n<p style=\"text-align: justify;\"><strong>Valentin Paret-Peintre<\/strong>, c&rsquo;est le 4e du dernier Tour des Alpes. Et qui aurait pu monter sur le podium s&rsquo;il avait termin\u00e9 2e derri\u00e8re son fr\u00e8re Aur\u00e9lien, lors de la derni\u00e8re \u00e9tape. \u00c0 cela s&rsquo;ajoute une excellente 8e place du classement g\u00e9n\u00e9ral sur le Tour Down Under (World Tour), mais aussi un gros travail pour<strong> Ben O&rsquo;Connor<\/strong>, 2e de l&rsquo;UAE Tour, le propulsant lors de <a href=\"https:\/\/dicodusport.fr\/blog\/uae-tour-2024-ben-oconnor-remporte-letape-reine\/\">son succ\u00e8s d&rsquo;\u00e9tape sur <strong>Jebel Jais<\/strong><\/a>. En bref, un d\u00e9but de saison tr\u00e8s solide pour le coureur, qui n&rsquo;a eu que 23 ans en ce d\u00e9but d&rsquo;ann\u00e9e 2024. Et le Giro pourrait lui ouvrir la porte de belles opportunit\u00e9s, m\u00eame s&rsquo;il ne sera pas le leader de Decathlon AG2R La Mondiale.<\/p>\n<p style=\"text-align: justify;\">Ce sera bien <strong> Ben O&rsquo;Connor <\/strong>le leader. Mais l&rsquo;Australien, candidat au podium, n&rsquo;aura pas, normalement, tout le poids de la course sur ses \u00e9paules. On en revient encore une fois \u00e0 Tadej Pogacar, mais sa pr\u00e9sence et son statut d&rsquo;hyper favori lib\u00e8re des possibilit\u00e9s pour les autres \u00e9quipes. \u00c0 partir de l\u00e0, le Fran\u00e7ais, qui a fait ses preuves en montagne, pourrait bien \u00eatre tent\u00e9 de s&rsquo;\u00e9chapper sur une ou deux \u00e9tapes difficiles. Et ses qualit\u00e9s de grimpeur, conjugu\u00e9 \u00e0 une pointe de vitesse loin d&rsquo;\u00eatre mauvaise, peut en faire un pr\u00e9tendant \u00e0 un succ\u00e8s de prestige. Le Giro s&rsquo;est d\u00e9j\u00e0 offert \u00e0 de jeunes fran\u00e7ais audacieux, comme son co\u00e9quipier <strong>Victor Lafay<\/strong> en 2021&#8230; Ou son grand fr\u00e8re Aur\u00e9lien, qui avait lev\u00e9 les bras l&rsquo;an pass\u00e9. Devan\u00e7ant <strong>Andreas Leknessund<\/strong>. Un succ\u00e8s qui pourrait bien inspirer le petit fr\u00e8re.<\/p>\n<div id=\"attachment_482880\" style=\"width: 1210px\" class=\"wp-caption aligncenter\"><img loading=\"lazy\" decoding=\"async\" aria-describedby=\"caption-attachment-482880\" class=\"wp-image-482880 size-full\" src=\"https:\/\/dicodusport.fr\/blog\/wp-content\/uploads\/2024\/05\/Valentin-Paret-Peintre.png\" alt=\"Valentin Paret-Peintre\" width=\"1200\" height=\"674\" srcset=\"https:\/\/dicodusport.fr\/blog\/wp-content\/uploads\/2024\/05\/Valentin-Paret-Peintre.png 1200w, https:\/\/dicodusport.fr\/blog\/wp-content\/uploads\/2024\/05\/Valentin-Paret-Peintre-300x169.png 300w, https:\/\/dicodusport.fr\/blog\/wp-content\/uploads\/2024\/05\/Valentin-Paret-Peintre-1024x575.png 1024w, https:\/\/dicodusport.fr\/blog\/wp-content\/uploads\/2024\/05\/Valentin-Paret-Peintre-768x431.png 768w\" sizes=\"auto, (max-width: 1200px) 100vw, 1200px\" \/><p id=\"caption-attachment-482880\" class=\"wp-caption-text\">Valentin Paret-Peintre &#8211; Photo Icon Sport<\/p><\/div>\n","protected":false},"excerpt":{"rendered":"<p>TOUR D&rsquo;ITALIE 2024 &#8211; 22 Fran\u00e7ais seront au d\u00e9part de la course. Focus sur quatre d&rsquo;entre eux qui pourraient briller sur les routes italiennes.<\/p>\n","protected":false},"author":83,"featured_media":482876,"comment_status":"open","ping_status":"closed","sticky":false,"template":"","format":"standard","meta":{"_acf_changed":false,"_daextam_enable_autolinks":"1","footnotes":""},"categories":[47041],"tags":[16878,5172,574,11197,1719,3646,24,4722],"class_list":["post-481979","post","type-post","status-publish","format-standard","has-post-thumbnail","hentry","category-tour-d-italie","tag-breve","tag-christophe-laporte","tag-cyclisme","tag-cyclisme-sur-route","tag-julian-alaphilippe","tag-romain-bardet","tag-sport","tag-tour-ditalie"],"acf":[],"yoast_head":"<!-- This site is optimized with the Yoast SEO Premium plugin v26.7 (Yoast SEO v26.7) - https:\/\/yoast.com\/wordpress\/plugins\/seo\/ -->\n<title>Tour d&#039;Italie 2024 : 4 coureurs fran\u00e7ais \u00e0 suivre sur le Giro<\/title>\n<meta name=\"description\" content=\"TOUR D&#039;ITALIE 2024 - 22 Fran\u00e7ais seront au d\u00e9part de la course. Focus sur quatre d&#039;entre eux qui pourraient briller sur les routes italiennes.\" \/>\n<meta name=\"robots\" content=\"index, follow, max-snippet:-1, max-image-preview:large, max-video-preview:-1\" \/>\n<link rel=\"canonical\" href=\"https:\/\/dicodusport.fr\/blog\/tour-ditalie-2024-4-coureurs-francais-a-suivre-sur-le-giro\/\" \/>\n<meta property=\"og:locale\" content=\"fr_FR\" \/>\n<meta property=\"og:type\" content=\"article\" \/>\n<meta property=\"og:title\" content=\"Tour d&#039;Italie 2024 : 4 coureurs fran\u00e7ais \u00e0 suivre sur le Giro\" \/>\n<meta property=\"og:description\" content=\"TOUR D&#039;ITALIE 2024 - 22 Fran\u00e7ais seront au d\u00e9part de la course. Focus sur quatre d&#039;entre eux qui pourraient briller sur les routes italiennes.\" \/>\n<meta property=\"og:url\" content=\"https:\/\/dicodusport.fr\/blog\/tour-ditalie-2024-4-coureurs-francais-a-suivre-sur-le-giro\/\" \/>\n<meta property=\"og:site_name\" content=\"Dicodusport\" \/>\n<meta property=\"article:publisher\" content=\"https:\/\/www.facebook.com\/dicodusport\" \/>\n<meta property=\"article:published_time\" content=\"2024-05-02T11:17:54+00:00\" \/>\n<meta property=\"article:modified_time\" content=\"2024-05-02T11:43:49+00:00\" \/>\n<meta property=\"og:image\" content=\"https:\/\/dicodusport.fr\/blog\/wp-content\/uploads\/2024\/04\/Tour-dItalie-2024-4-coureurs-francais-a-suivre-sur-le-Giro.png\" \/>\n\t<meta property=\"og:image:width\" content=\"1200\" \/>\n\t<meta property=\"og:image:height\" content=\"674\" \/>\n\t<meta property=\"og:image:type\" content=\"image\/png\" \/>\n<meta name=\"author\" content=\"Etienne Goursaud\" \/>\n<meta name=\"twitter:card\" content=\"summary_large_image\" \/>\n<meta name=\"twitter:title\" content=\"Tour d&#039;Italie 2024 : 4 coureurs fran\u00e7ais \u00e0 suivre sur le Giro\" \/>\n<meta name=\"twitter:creator\" content=\"@dicodusport\" \/>\n<meta name=\"twitter:site\" content=\"@dicodusport\" \/>\n<script type=\"application\/ld+json\" class=\"yoast-schema-graph\">{\"@context\":\"https:\/\/schema.org\",\"@graph\":[{\"@type\":\"NewsArticle\",\"@id\":\"https:\/\/dicodusport.fr\/blog\/tour-ditalie-2024-4-coureurs-francais-a-suivre-sur-le-giro\/#article\",\"isPartOf\":{\"@id\":\"https:\/\/dicodusport.fr\/blog\/tour-ditalie-2024-4-coureurs-francais-a-suivre-sur-le-giro\/\"},\"author\":{\"name\":\"Etienne Goursaud\",\"@id\":\"https:\/\/dicodusport.fr\/blog\/#\/schema\/person\/d603dd7da31fb2b46c82b9835a77ec13\"},\"headline\":\"Tour d&rsquo;Italie 2024 : 4 coureurs fran\u00e7ais \u00e0 suivre sur le Giro\",\"datePublished\":\"2024-05-02T11:17:54+00:00\",\"dateModified\":\"2024-05-02T11:43:49+00:00\",\"mainEntityOfPage\":{\"@id\":\"https:\/\/dicodusport.fr\/blog\/tour-ditalie-2024-4-coureurs-francais-a-suivre-sur-le-giro\/\"},\"wordCount\":1313,\"commentCount\":0,\"publisher\":{\"@id\":\"https:\/\/dicodusport.fr\/blog\/#organization\"},\"image\":{\"@id\":\"https:\/\/dicodusport.fr\/blog\/tour-ditalie-2024-4-coureurs-francais-a-suivre-sur-le-giro\/#primaryimage\"},\"thumbnailUrl\":\"https:\/\/dicodusport.fr\/blog\/wp-content\/uploads\/2024\/04\/Tour-dItalie-2024-4-coureurs-francais-a-suivre-sur-le-Giro.png\",\"keywords\":[\"br\u00e8ve\",\"Christophe Laporte\",\"Cyclisme\",\"Cyclisme sur route\",\"Julian Alaphilippe\",\"Romain Bardet\",\"sport\",\"Tour d'Italie\"],\"articleSection\":[\"Tour d'Italie\"],\"inLanguage\":\"fr-FR\",\"potentialAction\":[{\"@type\":\"CommentAction\",\"name\":\"Comment\",\"target\":[\"https:\/\/dicodusport.fr\/blog\/tour-ditalie-2024-4-coureurs-francais-a-suivre-sur-le-giro\/#respond\"]}],\"copyrightYear\":\"2024\",\"copyrightHolder\":{\"@id\":\"https:\/\/dicodusport.fr\/blog\/#organization\"}},{\"@type\":\"WebPage\",\"@id\":\"https:\/\/dicodusport.fr\/blog\/tour-ditalie-2024-4-coureurs-francais-a-suivre-sur-le-giro\/\",\"url\":\"https:\/\/dicodusport.fr\/blog\/tour-ditalie-2024-4-coureurs-francais-a-suivre-sur-le-giro\/\",\"name\":\"Tour d'Italie 2024 : 4 coureurs fran\u00e7ais \u00e0 suivre sur le Giro\",\"isPartOf\":{\"@id\":\"https:\/\/dicodusport.fr\/blog\/#website\"},\"primaryImageOfPage\":{\"@id\":\"https:\/\/dicodusport.fr\/blog\/tour-ditalie-2024-4-coureurs-francais-a-suivre-sur-le-giro\/#primaryimage\"},\"image\":{\"@id\":\"https:\/\/dicodusport.fr\/blog\/tour-ditalie-2024-4-coureurs-francais-a-suivre-sur-le-giro\/#primaryimage\"},\"thumbnailUrl\":\"https:\/\/dicodusport.fr\/blog\/wp-content\/uploads\/2024\/04\/Tour-dItalie-2024-4-coureurs-francais-a-suivre-sur-le-Giro.png\",\"datePublished\":\"2024-05-02T11:17:54+00:00\",\"dateModified\":\"2024-05-02T11:43:49+00:00\",\"description\":\"TOUR D'ITALIE 2024 - 22 Fran\u00e7ais seront au d\u00e9part de la course. Focus sur quatre d'entre eux qui pourraient briller sur les routes italiennes.\",\"breadcrumb\":{\"@id\":\"https:\/\/dicodusport.fr\/blog\/tour-ditalie-2024-4-coureurs-francais-a-suivre-sur-le-giro\/#breadcrumb\"},\"inLanguage\":\"fr-FR\",\"potentialAction\":[{\"@type\":\"ReadAction\",\"target\":[\"https:\/\/dicodusport.fr\/blog\/tour-ditalie-2024-4-coureurs-francais-a-suivre-sur-le-giro\/\"]}]},{\"@type\":\"ImageObject\",\"inLanguage\":\"fr-FR\",\"@id\":\"https:\/\/dicodusport.fr\/blog\/tour-ditalie-2024-4-coureurs-francais-a-suivre-sur-le-giro\/#primaryimage\",\"url\":\"https:\/\/dicodusport.fr\/blog\/wp-content\/uploads\/2024\/04\/Tour-dItalie-2024-4-coureurs-francais-a-suivre-sur-le-Giro.png\",\"contentUrl\":\"https:\/\/dicodusport.fr\/blog\/wp-content\/uploads\/2024\/04\/Tour-dItalie-2024-4-coureurs-francais-a-suivre-sur-le-Giro.png\",\"width\":1200,\"height\":674,\"caption\":\"Tour d'Italie 2024 4 coureurs fran\u00e7ais \u00e0 suivre sur le Giro\"},{\"@type\":\"BreadcrumbList\",\"@id\":\"https:\/\/dicodusport.fr\/blog\/tour-ditalie-2024-4-coureurs-francais-a-suivre-sur-le-giro\/#breadcrumb\",\"itemListElement\":[{\"@type\":\"ListItem\",\"position\":1,\"name\":\"Accueil\",\"item\":\"https:\/\/dicodusport.fr\/blog\/\"},{\"@type\":\"ListItem\",\"position\":2,\"name\":\"Tour d&rsquo;Italie 2024 : 4 coureurs fran\u00e7ais \u00e0 suivre sur le Giro\"}]},{\"@type\":\"WebSite\",\"@id\":\"https:\/\/dicodusport.fr\/blog\/#website\",\"url\":\"https:\/\/dicodusport.fr\/blog\/\",\"name\":\"Dicodusport\",\"description\":\"L&#039;encyclop\u00e9die de l&#039;actualit\u00e9 sportive\",\"publisher\":{\"@id\":\"https:\/\/dicodusport.fr\/blog\/#organization\"},\"potentialAction\":[{\"@type\":\"SearchAction\",\"target\":{\"@type\":\"EntryPoint\",\"urlTemplate\":\"https:\/\/dicodusport.fr\/blog\/?s={search_term_string}\"},\"query-input\":{\"@type\":\"PropertyValueSpecification\",\"valueRequired\":true,\"valueName\":\"search_term_string\"}}],\"inLanguage\":\"fr-FR\"},{\"@type\":\"NewsMediaOrganization\",\"@id\":\"https:\/\/dicodusport.fr\/blog\/#organization\",\"name\":\"Dicodusport\",\"url\":\"https:\/\/dicodusport.fr\/blog\/\",\"logo\":{\"@type\":\"ImageObject\",\"inLanguage\":\"fr-FR\",\"@id\":\"https:\/\/dicodusport.fr\/blog\/#\/schema\/logo\/image\/\",\"url\":\"https:\/\/dicodusport.fr\/blog\/wp-content\/uploads\/2020\/06\/cropped-LOGO-DICODUSPORT-2020-SANS-FOND-SANS-TEXTE.png\",\"contentUrl\":\"https:\/\/dicodusport.fr\/blog\/wp-content\/uploads\/2020\/06\/cropped-LOGO-DICODUSPORT-2020-SANS-FOND-SANS-TEXTE.png\",\"width\":512,\"height\":512,\"caption\":\"Dicodusport\"},\"image\":{\"@id\":\"https:\/\/dicodusport.fr\/blog\/#\/schema\/logo\/image\/\"},\"sameAs\":[\"https:\/\/www.facebook.com\/dicodusport\",\"https:\/\/x.com\/dicodusport\",\"https:\/\/www.instagram.com\/dicodusport\/\",\"https:\/\/www.youtube.com\/channel\/UC7V2KZ5sd3htJivAbA4ZG3w\"],\"description\":\"Dicodusport est l'encyclop\u00e9die de l'actualit\u00e9 sportive.\",\"email\":\"bonjour@dicodusport.fr\",\"legalName\":\"DICODUSPORT\",\"foundingDate\":\"2018-01-14\",\"vatID\":\"FR71834470973\",\"taxID\":\"83447097300043\",\"numberOfEmployees\":{\"@type\":\"QuantitativeValue\",\"minValue\":\"1\",\"maxValue\":\"10\"}},{\"@type\":\"Person\",\"@id\":\"https:\/\/dicodusport.fr\/blog\/#\/schema\/person\/d603dd7da31fb2b46c82b9835a77ec13\",\"name\":\"Etienne Goursaud\",\"image\":{\"@type\":\"ImageObject\",\"inLanguage\":\"fr-FR\",\"@id\":\"https:\/\/dicodusport.fr\/blog\/#\/schema\/person\/image\/\",\"url\":\"https:\/\/dicodusport.fr\/blog\/wp-content\/uploads\/2023\/12\/410122264_10231602061736049_5565839791558026645_n-150x150.jpg\",\"contentUrl\":\"https:\/\/dicodusport.fr\/blog\/wp-content\/uploads\/2023\/12\/410122264_10231602061736049_5565839791558026645_n-150x150.jpg\",\"caption\":\"Etienne Goursaud\"},\"description\":\"Journaliste et amoureux de sport. Ancien footballeur reconverti athl\u00e8te quand ses muscles le laissent tranquille. \u00c9lev\u00e9 \u00e0 la sauce des exploits de Thomas Voeckler en 2004, du dernier essai de l\u00e9gende de Eunice Barber \u00e0 la longueur lors des championnats du monde d'athl\u00e9tisme de 2003 mais aussi Zidane, Omeyer et Titou Lamaison.\",\"url\":\"https:\/\/dicodusport.fr\/blog\/author\/etienne-goursaud\/\"}]}<\/script>\n<!-- \/ Yoast SEO Premium plugin. -->","yoast_head_json":{"title":"Tour d'Italie 2024 : 4 coureurs fran\u00e7ais \u00e0 suivre sur le Giro","description":"TOUR D'ITALIE 2024 - 22 Fran\u00e7ais seront au d\u00e9part de la course. Focus sur quatre d'entre eux qui pourraient briller sur les routes italiennes.","robots":{"index":"index","follow":"follow","max-snippet":"max-snippet:-1","max-image-preview":"max-image-preview:large","max-video-preview":"max-video-preview:-1"},"canonical":"https:\/\/dicodusport.fr\/blog\/tour-ditalie-2024-4-coureurs-francais-a-suivre-sur-le-giro\/","og_locale":"fr_FR","og_type":"article","og_title":"Tour d'Italie 2024 : 4 coureurs fran\u00e7ais \u00e0 suivre sur le Giro","og_description":"TOUR D'ITALIE 2024 - 22 Fran\u00e7ais seront au d\u00e9part de la course. Focus sur quatre d'entre eux qui pourraient briller sur les routes italiennes.","og_url":"https:\/\/dicodusport.fr\/blog\/tour-ditalie-2024-4-coureurs-francais-a-suivre-sur-le-giro\/","og_site_name":"Dicodusport","article_publisher":"https:\/\/www.facebook.com\/dicodusport","article_published_time":"2024-05-02T11:17:54+00:00","article_modified_time":"2024-05-02T11:43:49+00:00","og_image":[{"width":1200,"height":674,"url":"https:\/\/dicodusport.fr\/blog\/wp-content\/uploads\/2024\/04\/Tour-dItalie-2024-4-coureurs-francais-a-suivre-sur-le-Giro.png","type":"image\/png"}],"author":"Etienne Goursaud","twitter_card":"summary_large_image","twitter_title":"Tour d'Italie 2024 : 4 coureurs fran\u00e7ais \u00e0 suivre sur le Giro","twitter_creator":"@dicodusport","twitter_site":"@dicodusport","schema":{"@context":"https:\/\/schema.org","@graph":[{"@type":"NewsArticle","@id":"https:\/\/dicodusport.fr\/blog\/tour-ditalie-2024-4-coureurs-francais-a-suivre-sur-le-giro\/#article","isPartOf":{"@id":"https:\/\/dicodusport.fr\/blog\/tour-ditalie-2024-4-coureurs-francais-a-suivre-sur-le-giro\/"},"author":{"name":"Etienne Goursaud","@id":"https:\/\/dicodusport.fr\/blog\/#\/schema\/person\/d603dd7da31fb2b46c82b9835a77ec13"},"headline":"Tour d&rsquo;Italie 2024 : 4 coureurs fran\u00e7ais \u00e0 suivre sur le Giro","datePublished":"2024-05-02T11:17:54+00:00","dateModified":"2024-05-02T11:43:49+00:00","mainEntityOfPage":{"@id":"https:\/\/dicodusport.fr\/blog\/tour-ditalie-2024-4-coureurs-francais-a-suivre-sur-le-giro\/"},"wordCount":1313,"commentCount":0,"publisher":{"@id":"https:\/\/dicodusport.fr\/blog\/#organization"},"image":{"@id":"https:\/\/dicodusport.fr\/blog\/tour-ditalie-2024-4-coureurs-francais-a-suivre-sur-le-giro\/#primaryimage"},"thumbnailUrl":"https:\/\/dicodusport.fr\/blog\/wp-content\/uploads\/2024\/04\/Tour-dItalie-2024-4-coureurs-francais-a-suivre-sur-le-Giro.png","keywords":["br\u00e8ve","Christophe Laporte","Cyclisme","Cyclisme sur route","Julian Alaphilippe","Romain Bardet","sport","Tour d'Italie"],"articleSection":["Tour d'Italie"],"inLanguage":"fr-FR","potentialAction":[{"@type":"CommentAction","name":"Comment","target":["https:\/\/dicodusport.fr\/blog\/tour-ditalie-2024-4-coureurs-francais-a-suivre-sur-le-giro\/#respond"]}],"copyrightYear":"2024","copyrightHolder":{"@id":"https:\/\/dicodusport.fr\/blog\/#organization"}},{"@type":"WebPage","@id":"https:\/\/dicodusport.fr\/blog\/tour-ditalie-2024-4-coureurs-francais-a-suivre-sur-le-giro\/","url":"https:\/\/dicodusport.fr\/blog\/tour-ditalie-2024-4-coureurs-francais-a-suivre-sur-le-giro\/","name":"Tour d'Italie 2024 : 4 coureurs fran\u00e7ais \u00e0 suivre sur le Giro","isPartOf":{"@id":"https:\/\/dicodusport.fr\/blog\/#website"},"primaryImageOfPage":{"@id":"https:\/\/dicodusport.fr\/blog\/tour-ditalie-2024-4-coureurs-francais-a-suivre-sur-le-giro\/#primaryimage"},"image":{"@id":"https:\/\/dicodusport.fr\/blog\/tour-ditalie-2024-4-coureurs-francais-a-suivre-sur-le-giro\/#primaryimage"},"thumbnailUrl":"https:\/\/dicodusport.fr\/blog\/wp-content\/uploads\/2024\/04\/Tour-dItalie-2024-4-coureurs-francais-a-suivre-sur-le-Giro.png","datePublished":"2024-05-02T11:17:54+00:00","dateModified":"2024-05-02T11:43:49+00:00","description":"TOUR D'ITALIE 2024 - 22 Fran\u00e7ais seront au d\u00e9part de la course. Focus sur quatre d'entre eux qui pourraient briller sur les routes italiennes.","breadcrumb":{"@id":"https:\/\/dicodusport.fr\/blog\/tour-ditalie-2024-4-coureurs-francais-a-suivre-sur-le-giro\/#breadcrumb"},"inLanguage":"fr-FR","potentialAction":[{"@type":"ReadAction","target":["https:\/\/dicodusport.fr\/blog\/tour-ditalie-2024-4-coureurs-francais-a-suivre-sur-le-giro\/"]}]},{"@type":"ImageObject","inLanguage":"fr-FR","@id":"https:\/\/dicodusport.fr\/blog\/tour-ditalie-2024-4-coureurs-francais-a-suivre-sur-le-giro\/#primaryimage","url":"https:\/\/dicodusport.fr\/blog\/wp-content\/uploads\/2024\/04\/Tour-dItalie-2024-4-coureurs-francais-a-suivre-sur-le-Giro.png","contentUrl":"https:\/\/dicodusport.fr\/blog\/wp-content\/uploads\/2024\/04\/Tour-dItalie-2024-4-coureurs-francais-a-suivre-sur-le-Giro.png","width":1200,"height":674,"caption":"Tour d'Italie 2024 4 coureurs fran\u00e7ais \u00e0 suivre sur le Giro"},{"@type":"BreadcrumbList","@id":"https:\/\/dicodusport.fr\/blog\/tour-ditalie-2024-4-coureurs-francais-a-suivre-sur-le-giro\/#breadcrumb","itemListElement":[{"@type":"ListItem","position":1,"name":"Accueil","item":"https:\/\/dicodusport.fr\/blog\/"},{"@type":"ListItem","position":2,"name":"Tour d&rsquo;Italie 2024 : 4 coureurs fran\u00e7ais \u00e0 suivre sur le Giro"}]},{"@type":"WebSite","@id":"https:\/\/dicodusport.fr\/blog\/#website","url":"https:\/\/dicodusport.fr\/blog\/","name":"Dicodusport","description":"L&#039;encyclop\u00e9die de l&#039;actualit\u00e9 sportive","publisher":{"@id":"https:\/\/dicodusport.fr\/blog\/#organization"},"potentialAction":[{"@type":"SearchAction","target":{"@type":"EntryPoint","urlTemplate":"https:\/\/dicodusport.fr\/blog\/?s={search_term_string}"},"query-input":{"@type":"PropertyValueSpecification","valueRequired":true,"valueName":"search_term_string"}}],"inLanguage":"fr-FR"},{"@type":"NewsMediaOrganization","@id":"https:\/\/dicodusport.fr\/blog\/#organization","name":"Dicodusport","url":"https:\/\/dicodusport.fr\/blog\/","logo":{"@type":"ImageObject","inLanguage":"fr-FR","@id":"https:\/\/dicodusport.fr\/blog\/#\/schema\/logo\/image\/","url":"https:\/\/dicodusport.fr\/blog\/wp-content\/uploads\/2020\/06\/cropped-LOGO-DICODUSPORT-2020-SANS-FOND-SANS-TEXTE.png","contentUrl":"https:\/\/dicodusport.fr\/blog\/wp-content\/uploads\/2020\/06\/cropped-LOGO-DICODUSPORT-2020-SANS-FOND-SANS-TEXTE.png","width":512,"height":512,"caption":"Dicodusport"},"image":{"@id":"https:\/\/dicodusport.fr\/blog\/#\/schema\/logo\/image\/"},"sameAs":["https:\/\/www.facebook.com\/dicodusport","https:\/\/x.com\/dicodusport","https:\/\/www.instagram.com\/dicodusport\/","https:\/\/www.youtube.com\/channel\/UC7V2KZ5sd3htJivAbA4ZG3w"],"description":"Dicodusport est l'encyclop\u00e9die de l'actualit\u00e9 sportive.","email":"bonjour@dicodusport.fr","legalName":"DICODUSPORT","foundingDate":"2018-01-14","vatID":"FR71834470973","taxID":"83447097300043","numberOfEmployees":{"@type":"QuantitativeValue","minValue":"1","maxValue":"10"}},{"@type":"Person","@id":"https:\/\/dicodusport.fr\/blog\/#\/schema\/person\/d603dd7da31fb2b46c82b9835a77ec13","name":"Etienne Goursaud","image":{"@type":"ImageObject","inLanguage":"fr-FR","@id":"https:\/\/dicodusport.fr\/blog\/#\/schema\/person\/image\/","url":"https:\/\/dicodusport.fr\/blog\/wp-content\/uploads\/2023\/12\/410122264_10231602061736049_5565839791558026645_n-150x150.jpg","contentUrl":"https:\/\/dicodusport.fr\/blog\/wp-content\/uploads\/2023\/12\/410122264_10231602061736049_5565839791558026645_n-150x150.jpg","caption":"Etienne Goursaud"},"description":"Journaliste et amoureux de sport. Ancien footballeur reconverti athl\u00e8te quand ses muscles le laissent tranquille. \u00c9lev\u00e9 \u00e0 la sauce des exploits de Thomas Voeckler en 2004, du dernier essai de l\u00e9gende de Eunice Barber \u00e0 la longueur lors des championnats du monde d'athl\u00e9tisme de 2003 mais aussi Zidane, Omeyer et Titou Lamaison.","url":"https:\/\/dicodusport.fr\/blog\/author\/etienne-goursaud\/"}]}},"_links":{"self":[{"href":"https:\/\/dicodusport.fr\/blog\/wp-json\/wp\/v2\/posts\/481979","targetHints":{"allow":["GET"]}}],"collection":[{"href":"https:\/\/dicodusport.fr\/blog\/wp-json\/wp\/v2\/posts"}],"about":[{"href":"https:\/\/dicodusport.fr\/blog\/wp-json\/wp\/v2\/types\/post"}],"author":[{"embeddable":true,"href":"https:\/\/dicodusport.fr\/blog\/wp-json\/wp\/v2\/users\/83"}],"replies":[{"embeddable":true,"href":"https:\/\/dicodusport.fr\/blog\/wp-json\/wp\/v2\/comments?post=481979"}],"version-history":[{"count":5,"href":"https:\/\/dicodusport.fr\/blog\/wp-json\/wp\/v2\/posts\/481979\/revisions"}],"predecessor-version":[{"id":482881,"href":"https:\/\/dicodusport.fr\/blog\/wp-json\/wp\/v2\/posts\/481979\/revisions\/482881"}],"wp:featuredmedia":[{"embeddable":true,"href":"https:\/\/dicodusport.fr\/blog\/wp-json\/wp\/v2\/media\/482876"}],"wp:attachment":[{"href":"https:\/\/dicodusport.fr\/blog\/wp-json\/wp\/v2\/media?parent=481979"}],"wp:term":[{"taxonomy":"category","embeddable":true,"href":"https:\/\/dicodusport.fr\/blog\/wp-json\/wp\/v2\/categories?post=481979"},{"taxonomy":"post_tag","embeddable":true,"href":"https:\/\/dicodusport.fr\/blog\/wp-json\/wp\/v2\/tags?post=481979"}],"curies":[{"name":"wp","href":"https:\/\/api.w.org\/{rel}","templated":true}]}}