{"id":482095,"date":"2024-04-28T15:45:41","date_gmt":"2024-04-28T13:45:41","guid":{"rendered":"https:\/\/dicodusport.fr\/blog\/?p=482095&#038;preview=true&#038;preview_id=482095"},"modified":"2024-04-28T22:42:34","modified_gmt":"2024-04-28T20:42:34","slug":"tour-de-romandie-2024-dorian-godon-sadjuge-la-derniere-etape-carlos-rodriguez-gagne-le-general","status":"publish","type":"post","link":"https:\/\/dicodusport.fr\/blog\/tour-de-romandie-2024-dorian-godon-sadjuge-la-derniere-etape-carlos-rodriguez-gagne-le-general\/","title":{"rendered":"Tour de Romandie 2024 : Dorian Godon s&rsquo;adjuge la derni\u00e8re \u00e9tape, Carlos Rodriguez gagne le g\u00e9n\u00e9ral"},"content":{"rendered":"<p style=\"text-align: justify;\"><em><b>TOUR DE ROMANDIE 2024 &#8211; D\u00e9j\u00e0 vainqueur de la premi\u00e8re \u00e9tape, Dorian Godon (Decathlon AG2R La Mondiale) a \u00e9galement gagn\u00e9 la derni\u00e8re de la 77e \u00e9dition du Tour de Romandie \u00e0 Vernier, en Suisse<\/b><span class=\"arrivo-value\" style=\"font-weight: bold;\">. Carlos Rodriguez (INEOS Grenadiers) a remport\u00e9 le classement g\u00e9n\u00e9ral final.<\/span><\/em><\/p>\n<ul style=\"text-align: justify;\">\n<li style=\"text-align: justify;\"><strong>\u00c0 ce sujet &#8211; <a href=\"https:\/\/dicodusport.fr\/blog\/tour-de-romandie-2024-classement-5eme-etape\/\">Tour de Romandie 2024 : classement de la 5e \u00e9tape <\/a><\/strong><\/li>\n<li style=\"text-align: justify;\"><strong>\u00c0 ce sujet &#8211; <a href=\"https:\/\/dicodusport.fr\/blog\/tour-de-romandie-2024-classement-general\/\">Tour de Romandie 2024 &#8211; Classement g\u00e9n\u00e9ral<\/a><\/strong><\/li>\n<\/ul>\n<p style=\"text-align: justify;\">Tout d&rsquo;abord, gr\u00e2ce \u00e0 la premi\u00e8re difficult\u00e9 du jour, quatre coureurs ont form\u00e9 l&rsquo;\u00e9chapp\u00e9e du jour : <strong>R\u00e9mi Cavagna<\/strong> (Movistar), <strong>Darren Rafferty<\/strong> (EF Education-EasyPost), <strong>Alexandre<\/strong> <strong>Balmer<\/strong> (Suisse) et <strong>Marco Brenner<\/strong> (Tudor Pro Cycling). Mais, le parcours vallonn\u00e9 et sinueux a oblig\u00e9 le peloton \u00e0 laisser peu d&rsquo;avance aux fuyards avec au maximum deux minutes. De plus, les conditions m\u00e9t\u00e9orologiques tr\u00e8s pluvieuses ont oblig\u00e9 l&rsquo;\u00e9quipe INEOS Grenadiers \u00e0 rester aux avant-postes pour prot\u00e9ger <strong>Carlos Rodriguez<\/strong> (INEOS Grenadiers).<\/p>\n<h2>Godon fait la passe de deux<\/h2>\n<p style=\"text-align: justify;\">Voyant l&rsquo;\u00e9cart s&rsquo;approcher de la minute, <strong>R\u00e9mi Cavagna<\/strong> (Movistar) s&rsquo;est isol\u00e9 quelques instants \u00e0 l&rsquo;avant de la course avant d&rsquo;\u00eatre rejoint par <strong>Darren Rafferty<\/strong> (EF Education-EasyPost) et <strong>Marco Brenner<\/strong> (Tudor Pro Cycling). Mais, les derniers reliefs de cette boucle \u00e0 l&rsquo;est de Gen\u00e8ve ont donn\u00e9 des envies \u00e0 certains coureurs pour mettre \u00e0 mal le leader du classement g\u00e9n\u00e9ral, peu \u00e0 l&rsquo;aise sous la pluie.<\/p>\n<p style=\"text-align: justify;\">Apr\u00e8s avoir repris les trois derniers attaquants, on a donc assist\u00e9 \u00e0 des attaques de la part de <strong>Juan Ayuso<\/strong> (UAE Team Emirates), <strong>Florian Lipowitz<\/strong> (Bora Hansgrohe), <strong>Guillaume Martin<\/strong> (Cofidis) ou encore <strong>Andrea Vendrame<\/strong> (Decathlon AG2R La Mondiale), <strong>Michael Valgren<\/strong> (EF Education-EasyPost) et <strong>Michael Hepburn<\/strong> (Team Jayco AlUla). Malheureusement, de nombreuses \u00e9quipes \u00e9taient int\u00e9ress\u00e9es par une arriv\u00e9e massive. Un temps pi\u00e9g\u00e9, <strong>Carlos Rodriguez<\/strong> (INEOS Grenadiers) a \u00e9t\u00e9 ramen\u00e9 au sein du peloton principal par des \u00e9quipiers.<\/p>\n<p style=\"text-align: justify;\">Finalement, un sprint a eu lieu \u00e0 Vernier. <strong>Clement Venturini<\/strong> (Arkea B&amp;B H\u00f4tels) a parfaitement anticip\u00e9 la derni\u00e8re courbe. Mais, le sp\u00e9cialiste de cyclo-cross a \u00e9t\u00e9 d\u00e9pass\u00e9 par <strong>Dorian Godon<\/strong> (Decathlon AG2R La Mondiale), qui a d\u00e9croch\u00e9 facilement un second bouquet en Romandie. <strong>Simone Consonni<\/strong> (Lidl Trek) a fini deuxi\u00e8me devant <strong>Dion Smith<\/strong> (Intermarch\u00e9 Wanty). Arriv\u00e9 au sein du peloton, <strong>Carlos Rodriguez<\/strong> (INEOS Grenadiers) a remport\u00e9 son premier classement g\u00e9n\u00e9ral en World Tour, devant le duo de la Bora Hansgrohe : <strong>Florian Lipowitz<\/strong> et <strong>Aleksandr Vlasov<\/strong>.<\/p>\n<blockquote class=\"twitter-tweet\">\n<p dir=\"ltr\" lang=\"fr\">Dorian Godon double la mise et remporte une nouvelle \u00e9tape du Tour de Romandie ! <a href=\"https:\/\/twitter.com\/hashtag\/lequipeVELO?src=hash&amp;ref_src=twsrc%5Etfw\">#lequipeVELO<\/a> <a href=\"https:\/\/twitter.com\/hashtag\/TDR2024?src=hash&amp;ref_src=twsrc%5Etfw\">#TDR2024<\/a> <a href=\"https:\/\/t.co\/0SVQIONFts\">pic.twitter.com\/0SVQIONFts<\/a><\/p>\n<p>\u2014 la chaine L&rsquo;\u00c9quipe (@lachainelequipe) <a href=\"https:\/\/twitter.com\/lachainelequipe\/status\/1784579338504983018?ref_src=twsrc%5Etfw\">April 28, 2024<\/a><\/p><\/blockquote>\n<p><script async src=\"https:\/\/platform.twitter.com\/widgets.js\" charset=\"utf-8\"><\/script><\/p>\n","protected":false},"excerpt":{"rendered":"<p>TOUR DE ROMANDIE 2024 &#8211; D\u00e9j\u00e0 vainqueur de la premi\u00e8re \u00e9tape, Dorian Godon (Decathlon AG2R La Mondiale) a \u00e9galement gagn\u00e9 la derni\u00e8re de la 77e \u00e9dition du Tour de Romandie \u00e0 Vernier, en Suisse. Carlos Rodriguez (INEOS Grenadiers) a remport\u00e9 le classement g\u00e9n\u00e9ral final.<\/p>\n","protected":false},"author":48,"featured_media":482128,"comment_status":"open","ping_status":"closed","sticky":false,"template":"","format":"standard","meta":{"_acf_changed":false,"_daextam_enable_autolinks":"1","footnotes":""},"categories":[46994],"tags":[16878,574,24,7747],"class_list":["post-482095","post","type-post","status-publish","format-standard","has-post-thumbnail","hentry","category-cyclisme-sur-route","tag-breve","tag-cyclisme","tag-sport","tag-tour-de-romandie"],"acf":[],"yoast_head":"<!-- This site is optimized with the Yoast SEO Premium plugin v26.7 (Yoast SEO v26.7) - https:\/\/yoast.com\/wordpress\/plugins\/seo\/ -->\n<title>Tour de Romandie 2024 : Dorian Godon s&#039;adjuge la derni\u00e8re \u00e9tape, Carlos Rodriguez gagne le g\u00e9n\u00e9ral<\/title>\n<meta name=\"description\" content=\"TOUR DE ROMANDIE 2024 - Dorian Godon (Decathlon AG2R La Mondiale) a \u00e9galement gagn\u00e9 la derni\u00e8re de la 77e \u00e9dition du Tour de Romandie.\" \/>\n<meta name=\"robots\" content=\"index, follow, max-snippet:-1, max-image-preview:large, max-video-preview:-1\" \/>\n<link rel=\"canonical\" href=\"https:\/\/dicodusport.fr\/blog\/tour-de-romandie-2024-dorian-godon-sadjuge-la-derniere-etape-carlos-rodriguez-gagne-le-general\/\" \/>\n<meta property=\"og:locale\" content=\"fr_FR\" \/>\n<meta property=\"og:type\" content=\"article\" \/>\n<meta property=\"og:title\" content=\"Tour de Romandie 2024 : Dorian Godon s&#039;adjuge la derni\u00e8re \u00e9tape, Carlos Rodriguez gagne le g\u00e9n\u00e9ral\" \/>\n<meta property=\"og:description\" content=\"TOUR DE ROMANDIE 2024 - Dorian Godon (Decathlon AG2R La Mondiale) a \u00e9galement gagn\u00e9 la derni\u00e8re de la 77e \u00e9dition du Tour de Romandie.\" \/>\n<meta property=\"og:url\" content=\"https:\/\/dicodusport.fr\/blog\/tour-de-romandie-2024-dorian-godon-sadjuge-la-derniere-etape-carlos-rodriguez-gagne-le-general\/\" \/>\n<meta property=\"og:site_name\" content=\"Dicodusport\" \/>\n<meta property=\"article:publisher\" content=\"https:\/\/www.facebook.com\/dicodusport\" \/>\n<meta property=\"article:author\" content=\"https:\/\/www.facebook.com\/groups\/LesRoisDuPeloton\" \/>\n<meta property=\"article:published_time\" content=\"2024-04-28T13:45:41+00:00\" \/>\n<meta property=\"article:modified_time\" content=\"2024-04-28T20:42:34+00:00\" \/>\n<meta property=\"og:image\" content=\"https:\/\/dicodusport.fr\/blog\/wp-content\/uploads\/2024\/04\/Tour-de-Romandie-2024-Dorian-Godon-sadjuge-la-derniere-etape-Carlos-Rodriguez-gagne-le-general.png\" \/>\n\t<meta property=\"og:image:width\" content=\"1200\" \/>\n\t<meta property=\"og:image:height\" content=\"674\" \/>\n\t<meta property=\"og:image:type\" content=\"image\/png\" \/>\n<meta name=\"author\" content=\"Emilien Descampiaux\" \/>\n<meta name=\"twitter:card\" content=\"summary_large_image\" \/>\n<meta name=\"twitter:title\" content=\"Tour de Romandie 2024 : Dorian Godon s&#039;adjuge la derni\u00e8re \u00e9tape, Carlos Rodriguez gagne le g\u00e9n\u00e9ral\" \/>\n<meta name=\"twitter:creator\" content=\"@https:\/\/twitter.com\/LRoisDuPeloton\" \/>\n<meta name=\"twitter:site\" content=\"@dicodusport\" \/>\n<script type=\"application\/ld+json\" class=\"yoast-schema-graph\">{\"@context\":\"https:\/\/schema.org\",\"@graph\":[{\"@type\":\"NewsArticle\",\"@id\":\"https:\/\/dicodusport.fr\/blog\/tour-de-romandie-2024-dorian-godon-sadjuge-la-derniere-etape-carlos-rodriguez-gagne-le-general\/#article\",\"isPartOf\":{\"@id\":\"https:\/\/dicodusport.fr\/blog\/tour-de-romandie-2024-dorian-godon-sadjuge-la-derniere-etape-carlos-rodriguez-gagne-le-general\/\"},\"author\":{\"name\":\"Emilien Descampiaux\",\"@id\":\"https:\/\/dicodusport.fr\/blog\/#\/schema\/person\/6db4bae06b171592211be385b32876a7\"},\"headline\":\"Tour de Romandie 2024 : Dorian Godon s&rsquo;adjuge la derni\u00e8re \u00e9tape, Carlos Rodriguez gagne le g\u00e9n\u00e9ral\",\"datePublished\":\"2024-04-28T13:45:41+00:00\",\"dateModified\":\"2024-04-28T20:42:34+00:00\",\"mainEntityOfPage\":{\"@id\":\"https:\/\/dicodusport.fr\/blog\/tour-de-romandie-2024-dorian-godon-sadjuge-la-derniere-etape-carlos-rodriguez-gagne-le-general\/\"},\"wordCount\":451,\"commentCount\":0,\"publisher\":{\"@id\":\"https:\/\/dicodusport.fr\/blog\/#organization\"},\"image\":{\"@id\":\"https:\/\/dicodusport.fr\/blog\/tour-de-romandie-2024-dorian-godon-sadjuge-la-derniere-etape-carlos-rodriguez-gagne-le-general\/#primaryimage\"},\"thumbnailUrl\":\"https:\/\/dicodusport.fr\/blog\/wp-content\/uploads\/2024\/04\/Tour-de-Romandie-2024-Dorian-Godon-sadjuge-la-derniere-etape-Carlos-Rodriguez-gagne-le-general.png\",\"keywords\":[\"br\u00e8ve\",\"Cyclisme\",\"sport\",\"Tour de Romandie\"],\"articleSection\":[\"Cyclisme sur route\"],\"inLanguage\":\"fr-FR\",\"potentialAction\":[{\"@type\":\"CommentAction\",\"name\":\"Comment\",\"target\":[\"https:\/\/dicodusport.fr\/blog\/tour-de-romandie-2024-dorian-godon-sadjuge-la-derniere-etape-carlos-rodriguez-gagne-le-general\/#respond\"]}],\"copyrightYear\":\"2024\",\"copyrightHolder\":{\"@id\":\"https:\/\/dicodusport.fr\/blog\/#organization\"}},{\"@type\":\"WebPage\",\"@id\":\"https:\/\/dicodusport.fr\/blog\/tour-de-romandie-2024-dorian-godon-sadjuge-la-derniere-etape-carlos-rodriguez-gagne-le-general\/\",\"url\":\"https:\/\/dicodusport.fr\/blog\/tour-de-romandie-2024-dorian-godon-sadjuge-la-derniere-etape-carlos-rodriguez-gagne-le-general\/\",\"name\":\"Tour de Romandie 2024 : Dorian Godon s'adjuge la derni\u00e8re \u00e9tape, Carlos Rodriguez gagne le g\u00e9n\u00e9ral\",\"isPartOf\":{\"@id\":\"https:\/\/dicodusport.fr\/blog\/#website\"},\"primaryImageOfPage\":{\"@id\":\"https:\/\/dicodusport.fr\/blog\/tour-de-romandie-2024-dorian-godon-sadjuge-la-derniere-etape-carlos-rodriguez-gagne-le-general\/#primaryimage\"},\"image\":{\"@id\":\"https:\/\/dicodusport.fr\/blog\/tour-de-romandie-2024-dorian-godon-sadjuge-la-derniere-etape-carlos-rodriguez-gagne-le-general\/#primaryimage\"},\"thumbnailUrl\":\"https:\/\/dicodusport.fr\/blog\/wp-content\/uploads\/2024\/04\/Tour-de-Romandie-2024-Dorian-Godon-sadjuge-la-derniere-etape-Carlos-Rodriguez-gagne-le-general.png\",\"datePublished\":\"2024-04-28T13:45:41+00:00\",\"dateModified\":\"2024-04-28T20:42:34+00:00\",\"description\":\"TOUR DE ROMANDIE 2024 - Dorian Godon (Decathlon AG2R La Mondiale) a \u00e9galement gagn\u00e9 la derni\u00e8re de la 77e \u00e9dition du Tour de Romandie.\",\"breadcrumb\":{\"@id\":\"https:\/\/dicodusport.fr\/blog\/tour-de-romandie-2024-dorian-godon-sadjuge-la-derniere-etape-carlos-rodriguez-gagne-le-general\/#breadcrumb\"},\"inLanguage\":\"fr-FR\",\"potentialAction\":[{\"@type\":\"ReadAction\",\"target\":[\"https:\/\/dicodusport.fr\/blog\/tour-de-romandie-2024-dorian-godon-sadjuge-la-derniere-etape-carlos-rodriguez-gagne-le-general\/\"]}]},{\"@type\":\"ImageObject\",\"inLanguage\":\"fr-FR\",\"@id\":\"https:\/\/dicodusport.fr\/blog\/tour-de-romandie-2024-dorian-godon-sadjuge-la-derniere-etape-carlos-rodriguez-gagne-le-general\/#primaryimage\",\"url\":\"https:\/\/dicodusport.fr\/blog\/wp-content\/uploads\/2024\/04\/Tour-de-Romandie-2024-Dorian-Godon-sadjuge-la-derniere-etape-Carlos-Rodriguez-gagne-le-general.png\",\"contentUrl\":\"https:\/\/dicodusport.fr\/blog\/wp-content\/uploads\/2024\/04\/Tour-de-Romandie-2024-Dorian-Godon-sadjuge-la-derniere-etape-Carlos-Rodriguez-gagne-le-general.png\",\"width\":1200,\"height\":674,\"caption\":\"Tour de Romandie 2024 Dorian Godon s'adjuge la derni\u00e8re \u00e9tape, Carlos Rodriguez gagne le g\u00e9n\u00e9ral\"},{\"@type\":\"BreadcrumbList\",\"@id\":\"https:\/\/dicodusport.fr\/blog\/tour-de-romandie-2024-dorian-godon-sadjuge-la-derniere-etape-carlos-rodriguez-gagne-le-general\/#breadcrumb\",\"itemListElement\":[{\"@type\":\"ListItem\",\"position\":1,\"name\":\"Accueil\",\"item\":\"https:\/\/dicodusport.fr\/blog\/\"},{\"@type\":\"ListItem\",\"position\":2,\"name\":\"Tour de Romandie 2024 : Dorian Godon s&rsquo;adjuge la derni\u00e8re \u00e9tape, Carlos Rodriguez gagne le g\u00e9n\u00e9ral\"}]},{\"@type\":\"WebSite\",\"@id\":\"https:\/\/dicodusport.fr\/blog\/#website\",\"url\":\"https:\/\/dicodusport.fr\/blog\/\",\"name\":\"Dicodusport\",\"description\":\"L&#039;encyclop\u00e9die de l&#039;actualit\u00e9 sportive\",\"publisher\":{\"@id\":\"https:\/\/dicodusport.fr\/blog\/#organization\"},\"potentialAction\":[{\"@type\":\"SearchAction\",\"target\":{\"@type\":\"EntryPoint\",\"urlTemplate\":\"https:\/\/dicodusport.fr\/blog\/?s={search_term_string}\"},\"query-input\":{\"@type\":\"PropertyValueSpecification\",\"valueRequired\":true,\"valueName\":\"search_term_string\"}}],\"inLanguage\":\"fr-FR\"},{\"@type\":\"NewsMediaOrganization\",\"@id\":\"https:\/\/dicodusport.fr\/blog\/#organization\",\"name\":\"Dicodusport\",\"url\":\"https:\/\/dicodusport.fr\/blog\/\",\"logo\":{\"@type\":\"ImageObject\",\"inLanguage\":\"fr-FR\",\"@id\":\"https:\/\/dicodusport.fr\/blog\/#\/schema\/logo\/image\/\",\"url\":\"https:\/\/dicodusport.fr\/blog\/wp-content\/uploads\/2020\/06\/cropped-LOGO-DICODUSPORT-2020-SANS-FOND-SANS-TEXTE.png\",\"contentUrl\":\"https:\/\/dicodusport.fr\/blog\/wp-content\/uploads\/2020\/06\/cropped-LOGO-DICODUSPORT-2020-SANS-FOND-SANS-TEXTE.png\",\"width\":512,\"height\":512,\"caption\":\"Dicodusport\"},\"image\":{\"@id\":\"https:\/\/dicodusport.fr\/blog\/#\/schema\/logo\/image\/\"},\"sameAs\":[\"https:\/\/www.facebook.com\/dicodusport\",\"https:\/\/x.com\/dicodusport\",\"https:\/\/www.instagram.com\/dicodusport\/\",\"https:\/\/www.youtube.com\/channel\/UC7V2KZ5sd3htJivAbA4ZG3w\"],\"description\":\"Dicodusport est l'encyclop\u00e9die de l'actualit\u00e9 sportive.\",\"email\":\"bonjour@dicodusport.fr\",\"legalName\":\"DICODUSPORT\",\"foundingDate\":\"2018-01-14\",\"vatID\":\"FR71834470973\",\"taxID\":\"83447097300043\",\"numberOfEmployees\":{\"@type\":\"QuantitativeValue\",\"minValue\":\"1\",\"maxValue\":\"10\"}},{\"@type\":\"Person\",\"@id\":\"https:\/\/dicodusport.fr\/blog\/#\/schema\/person\/6db4bae06b171592211be385b32876a7\",\"name\":\"Emilien Descampiaux\",\"image\":{\"@type\":\"ImageObject\",\"inLanguage\":\"fr-FR\",\"@id\":\"https:\/\/dicodusport.fr\/blog\/#\/schema\/person\/image\/\",\"url\":\"https:\/\/dicodusport.fr\/blog\/wp-content\/uploads\/2021\/05\/Emilien-Descampiaux-150x150.jpg\",\"contentUrl\":\"https:\/\/dicodusport.fr\/blog\/wp-content\/uploads\/2021\/05\/Emilien-Descampiaux-150x150.jpg\",\"caption\":\"Emilien Descampiaux\"},\"description\":\"Journaliste\/r\u00e9dacteur depuis 2014 - Fan de la classe de Frank Vandenbroucke, je vis cyclisme (et de ses paysages) depuis plus de 20 ans. Je suis tr\u00e8s impliqu\u00e9 sur mes diff\u00e9rents r\u00e9seaux sociaux pour partager ma passion sur le monde et l'Histoire de la bicyclette avec ma voix sur les images en noir et blanc du succ\u00e8s de Rik Van Steenbergen lors du Ronde sur le V\u00e9lodrome de Gand.\",\"sameAs\":[\"https:\/\/www.facebook.com\/groups\/LesRoisDuPeloton\",\"https:\/\/x.com\/https:\/\/twitter.com\/LRoisDuPeloton\"],\"url\":\"https:\/\/dicodusport.fr\/blog\/author\/emiliend\/\"}]}<\/script>\n<!-- \/ Yoast SEO Premium plugin. -->","yoast_head_json":{"title":"Tour de Romandie 2024 : Dorian Godon s'adjuge la derni\u00e8re \u00e9tape, Carlos Rodriguez gagne le g\u00e9n\u00e9ral","description":"TOUR DE ROMANDIE 2024 - Dorian Godon (Decathlon AG2R La Mondiale) a \u00e9galement gagn\u00e9 la derni\u00e8re de la 77e \u00e9dition du Tour de Romandie.","robots":{"index":"index","follow":"follow","max-snippet":"max-snippet:-1","max-image-preview":"max-image-preview:large","max-video-preview":"max-video-preview:-1"},"canonical":"https:\/\/dicodusport.fr\/blog\/tour-de-romandie-2024-dorian-godon-sadjuge-la-derniere-etape-carlos-rodriguez-gagne-le-general\/","og_locale":"fr_FR","og_type":"article","og_title":"Tour de Romandie 2024 : Dorian Godon s'adjuge la derni\u00e8re \u00e9tape, Carlos Rodriguez gagne le g\u00e9n\u00e9ral","og_description":"TOUR DE ROMANDIE 2024 - Dorian Godon (Decathlon AG2R La Mondiale) a \u00e9galement gagn\u00e9 la derni\u00e8re de la 77e \u00e9dition du Tour de Romandie.","og_url":"https:\/\/dicodusport.fr\/blog\/tour-de-romandie-2024-dorian-godon-sadjuge-la-derniere-etape-carlos-rodriguez-gagne-le-general\/","og_site_name":"Dicodusport","article_publisher":"https:\/\/www.facebook.com\/dicodusport","article_author":"https:\/\/www.facebook.com\/groups\/LesRoisDuPeloton","article_published_time":"2024-04-28T13:45:41+00:00","article_modified_time":"2024-04-28T20:42:34+00:00","og_image":[{"width":1200,"height":674,"url":"https:\/\/dicodusport.fr\/blog\/wp-content\/uploads\/2024\/04\/Tour-de-Romandie-2024-Dorian-Godon-sadjuge-la-derniere-etape-Carlos-Rodriguez-gagne-le-general.png","type":"image\/png"}],"author":"Emilien Descampiaux","twitter_card":"summary_large_image","twitter_title":"Tour de Romandie 2024 : Dorian Godon s'adjuge la derni\u00e8re \u00e9tape, Carlos Rodriguez gagne le g\u00e9n\u00e9ral","twitter_creator":"@https:\/\/twitter.com\/LRoisDuPeloton","twitter_site":"@dicodusport","schema":{"@context":"https:\/\/schema.org","@graph":[{"@type":"NewsArticle","@id":"https:\/\/dicodusport.fr\/blog\/tour-de-romandie-2024-dorian-godon-sadjuge-la-derniere-etape-carlos-rodriguez-gagne-le-general\/#article","isPartOf":{"@id":"https:\/\/dicodusport.fr\/blog\/tour-de-romandie-2024-dorian-godon-sadjuge-la-derniere-etape-carlos-rodriguez-gagne-le-general\/"},"author":{"name":"Emilien Descampiaux","@id":"https:\/\/dicodusport.fr\/blog\/#\/schema\/person\/6db4bae06b171592211be385b32876a7"},"headline":"Tour de Romandie 2024 : Dorian Godon s&rsquo;adjuge la derni\u00e8re \u00e9tape, Carlos Rodriguez gagne le g\u00e9n\u00e9ral","datePublished":"2024-04-28T13:45:41+00:00","dateModified":"2024-04-28T20:42:34+00:00","mainEntityOfPage":{"@id":"https:\/\/dicodusport.fr\/blog\/tour-de-romandie-2024-dorian-godon-sadjuge-la-derniere-etape-carlos-rodriguez-gagne-le-general\/"},"wordCount":451,"commentCount":0,"publisher":{"@id":"https:\/\/dicodusport.fr\/blog\/#organization"},"image":{"@id":"https:\/\/dicodusport.fr\/blog\/tour-de-romandie-2024-dorian-godon-sadjuge-la-derniere-etape-carlos-rodriguez-gagne-le-general\/#primaryimage"},"thumbnailUrl":"https:\/\/dicodusport.fr\/blog\/wp-content\/uploads\/2024\/04\/Tour-de-Romandie-2024-Dorian-Godon-sadjuge-la-derniere-etape-Carlos-Rodriguez-gagne-le-general.png","keywords":["br\u00e8ve","Cyclisme","sport","Tour de Romandie"],"articleSection":["Cyclisme sur route"],"inLanguage":"fr-FR","potentialAction":[{"@type":"CommentAction","name":"Comment","target":["https:\/\/dicodusport.fr\/blog\/tour-de-romandie-2024-dorian-godon-sadjuge-la-derniere-etape-carlos-rodriguez-gagne-le-general\/#respond"]}],"copyrightYear":"2024","copyrightHolder":{"@id":"https:\/\/dicodusport.fr\/blog\/#organization"}},{"@type":"WebPage","@id":"https:\/\/dicodusport.fr\/blog\/tour-de-romandie-2024-dorian-godon-sadjuge-la-derniere-etape-carlos-rodriguez-gagne-le-general\/","url":"https:\/\/dicodusport.fr\/blog\/tour-de-romandie-2024-dorian-godon-sadjuge-la-derniere-etape-carlos-rodriguez-gagne-le-general\/","name":"Tour de Romandie 2024 : Dorian Godon s'adjuge la derni\u00e8re \u00e9tape, Carlos Rodriguez gagne le g\u00e9n\u00e9ral","isPartOf":{"@id":"https:\/\/dicodusport.fr\/blog\/#website"},"primaryImageOfPage":{"@id":"https:\/\/dicodusport.fr\/blog\/tour-de-romandie-2024-dorian-godon-sadjuge-la-derniere-etape-carlos-rodriguez-gagne-le-general\/#primaryimage"},"image":{"@id":"https:\/\/dicodusport.fr\/blog\/tour-de-romandie-2024-dorian-godon-sadjuge-la-derniere-etape-carlos-rodriguez-gagne-le-general\/#primaryimage"},"thumbnailUrl":"https:\/\/dicodusport.fr\/blog\/wp-content\/uploads\/2024\/04\/Tour-de-Romandie-2024-Dorian-Godon-sadjuge-la-derniere-etape-Carlos-Rodriguez-gagne-le-general.png","datePublished":"2024-04-28T13:45:41+00:00","dateModified":"2024-04-28T20:42:34+00:00","description":"TOUR DE ROMANDIE 2024 - Dorian Godon (Decathlon AG2R La Mondiale) a \u00e9galement gagn\u00e9 la derni\u00e8re de la 77e \u00e9dition du Tour de Romandie.","breadcrumb":{"@id":"https:\/\/dicodusport.fr\/blog\/tour-de-romandie-2024-dorian-godon-sadjuge-la-derniere-etape-carlos-rodriguez-gagne-le-general\/#breadcrumb"},"inLanguage":"fr-FR","potentialAction":[{"@type":"ReadAction","target":["https:\/\/dicodusport.fr\/blog\/tour-de-romandie-2024-dorian-godon-sadjuge-la-derniere-etape-carlos-rodriguez-gagne-le-general\/"]}]},{"@type":"ImageObject","inLanguage":"fr-FR","@id":"https:\/\/dicodusport.fr\/blog\/tour-de-romandie-2024-dorian-godon-sadjuge-la-derniere-etape-carlos-rodriguez-gagne-le-general\/#primaryimage","url":"https:\/\/dicodusport.fr\/blog\/wp-content\/uploads\/2024\/04\/Tour-de-Romandie-2024-Dorian-Godon-sadjuge-la-derniere-etape-Carlos-Rodriguez-gagne-le-general.png","contentUrl":"https:\/\/dicodusport.fr\/blog\/wp-content\/uploads\/2024\/04\/Tour-de-Romandie-2024-Dorian-Godon-sadjuge-la-derniere-etape-Carlos-Rodriguez-gagne-le-general.png","width":1200,"height":674,"caption":"Tour de Romandie 2024 Dorian Godon s'adjuge la derni\u00e8re \u00e9tape, Carlos Rodriguez gagne le g\u00e9n\u00e9ral"},{"@type":"BreadcrumbList","@id":"https:\/\/dicodusport.fr\/blog\/tour-de-romandie-2024-dorian-godon-sadjuge-la-derniere-etape-carlos-rodriguez-gagne-le-general\/#breadcrumb","itemListElement":[{"@type":"ListItem","position":1,"name":"Accueil","item":"https:\/\/dicodusport.fr\/blog\/"},{"@type":"ListItem","position":2,"name":"Tour de Romandie 2024 : Dorian Godon s&rsquo;adjuge la derni\u00e8re \u00e9tape, Carlos Rodriguez gagne le g\u00e9n\u00e9ral"}]},{"@type":"WebSite","@id":"https:\/\/dicodusport.fr\/blog\/#website","url":"https:\/\/dicodusport.fr\/blog\/","name":"Dicodusport","description":"L&#039;encyclop\u00e9die de l&#039;actualit\u00e9 sportive","publisher":{"@id":"https:\/\/dicodusport.fr\/blog\/#organization"},"potentialAction":[{"@type":"SearchAction","target":{"@type":"EntryPoint","urlTemplate":"https:\/\/dicodusport.fr\/blog\/?s={search_term_string}"},"query-input":{"@type":"PropertyValueSpecification","valueRequired":true,"valueName":"search_term_string"}}],"inLanguage":"fr-FR"},{"@type":"NewsMediaOrganization","@id":"https:\/\/dicodusport.fr\/blog\/#organization","name":"Dicodusport","url":"https:\/\/dicodusport.fr\/blog\/","logo":{"@type":"ImageObject","inLanguage":"fr-FR","@id":"https:\/\/dicodusport.fr\/blog\/#\/schema\/logo\/image\/","url":"https:\/\/dicodusport.fr\/blog\/wp-content\/uploads\/2020\/06\/cropped-LOGO-DICODUSPORT-2020-SANS-FOND-SANS-TEXTE.png","contentUrl":"https:\/\/dicodusport.fr\/blog\/wp-content\/uploads\/2020\/06\/cropped-LOGO-DICODUSPORT-2020-SANS-FOND-SANS-TEXTE.png","width":512,"height":512,"caption":"Dicodusport"},"image":{"@id":"https:\/\/dicodusport.fr\/blog\/#\/schema\/logo\/image\/"},"sameAs":["https:\/\/www.facebook.com\/dicodusport","https:\/\/x.com\/dicodusport","https:\/\/www.instagram.com\/dicodusport\/","https:\/\/www.youtube.com\/channel\/UC7V2KZ5sd3htJivAbA4ZG3w"],"description":"Dicodusport est l'encyclop\u00e9die de l'actualit\u00e9 sportive.","email":"bonjour@dicodusport.fr","legalName":"DICODUSPORT","foundingDate":"2018-01-14","vatID":"FR71834470973","taxID":"83447097300043","numberOfEmployees":{"@type":"QuantitativeValue","minValue":"1","maxValue":"10"}},{"@type":"Person","@id":"https:\/\/dicodusport.fr\/blog\/#\/schema\/person\/6db4bae06b171592211be385b32876a7","name":"Emilien Descampiaux","image":{"@type":"ImageObject","inLanguage":"fr-FR","@id":"https:\/\/dicodusport.fr\/blog\/#\/schema\/person\/image\/","url":"https:\/\/dicodusport.fr\/blog\/wp-content\/uploads\/2021\/05\/Emilien-Descampiaux-150x150.jpg","contentUrl":"https:\/\/dicodusport.fr\/blog\/wp-content\/uploads\/2021\/05\/Emilien-Descampiaux-150x150.jpg","caption":"Emilien Descampiaux"},"description":"Journaliste\/r\u00e9dacteur depuis 2014 - Fan de la classe de Frank Vandenbroucke, je vis cyclisme (et de ses paysages) depuis plus de 20 ans. Je suis tr\u00e8s impliqu\u00e9 sur mes diff\u00e9rents r\u00e9seaux sociaux pour partager ma passion sur le monde et l'Histoire de la bicyclette avec ma voix sur les images en noir et blanc du succ\u00e8s de Rik Van Steenbergen lors du Ronde sur le V\u00e9lodrome de Gand.","sameAs":["https:\/\/www.facebook.com\/groups\/LesRoisDuPeloton","https:\/\/x.com\/https:\/\/twitter.com\/LRoisDuPeloton"],"url":"https:\/\/dicodusport.fr\/blog\/author\/emiliend\/"}]}},"_links":{"self":[{"href":"https:\/\/dicodusport.fr\/blog\/wp-json\/wp\/v2\/posts\/482095","targetHints":{"allow":["GET"]}}],"collection":[{"href":"https:\/\/dicodusport.fr\/blog\/wp-json\/wp\/v2\/posts"}],"about":[{"href":"https:\/\/dicodusport.fr\/blog\/wp-json\/wp\/v2\/types\/post"}],"author":[{"embeddable":true,"href":"https:\/\/dicodusport.fr\/blog\/wp-json\/wp\/v2\/users\/48"}],"replies":[{"embeddable":true,"href":"https:\/\/dicodusport.fr\/blog\/wp-json\/wp\/v2\/comments?post=482095"}],"version-history":[{"count":5,"href":"https:\/\/dicodusport.fr\/blog\/wp-json\/wp\/v2\/posts\/482095\/revisions"}],"predecessor-version":[{"id":482265,"href":"https:\/\/dicodusport.fr\/blog\/wp-json\/wp\/v2\/posts\/482095\/revisions\/482265"}],"wp:featuredmedia":[{"embeddable":true,"href":"https:\/\/dicodusport.fr\/blog\/wp-json\/wp\/v2\/media\/482128"}],"wp:attachment":[{"href":"https:\/\/dicodusport.fr\/blog\/wp-json\/wp\/v2\/media?parent=482095"}],"wp:term":[{"taxonomy":"category","embeddable":true,"href":"https:\/\/dicodusport.fr\/blog\/wp-json\/wp\/v2\/categories?post=482095"},{"taxonomy":"post_tag","embeddable":true,"href":"https:\/\/dicodusport.fr\/blog\/wp-json\/wp\/v2\/tags?post=482095"}],"curies":[{"name":"wp","href":"https:\/\/api.w.org\/{rel}","templated":true}]}}