{"id":482255,"date":"2024-04-29T15:17:10","date_gmt":"2024-04-29T13:17:10","guid":{"rendered":"https:\/\/dicodusport.fr\/blog\/?p=482255&#038;preview=true&#038;preview_id=482255"},"modified":"2024-04-30T06:50:23","modified_gmt":"2024-04-30T04:50:23","slug":"athletisme-brossier-djouhan-meniker-les-performances-francaises-de-la-semaine","status":"publish","type":"post","link":"https:\/\/dicodusport.fr\/blog\/athletisme-brossier-djouhan-meniker-les-performances-francaises-de-la-semaine\/","title":{"rendered":"Athl\u00e9tisme : Brossier, Djouhan, Meniker, les performances fran\u00e7aises de la semaine"},"content":{"rendered":"<p style=\"text-align: justify;\"><strong><em>ATHL\u00c9TISME &#8211; Brossier, Djouhan, Meniker, retrouvez les principales performances fran\u00e7aises de cette riche semaine d&rsquo;athl\u00e9tisme.<\/em><\/strong><\/p>\n<h2 style=\"text-align: justify;\">Amandine Brossier rentre fort aux USA<\/h2>\n<p style=\"text-align: justify;\">De nombreux athl\u00e8tes fran\u00e7ais ont concouru outre-Atlantique. Avec de tr\u00e8s jolies performances. En premier lieu <strong>Amandine Brossier<\/strong>, qui a r\u00e9alis\u00e9 un gros chrono de rentr\u00e9e sur le tour de piste, boucl\u00e9 en 51.61. Sa meilleure rentr\u00e9e en carri\u00e8re, qui lui ouvre l&rsquo;espoir des minima pour Paris (50.95). Et ce, malgr\u00e9 du vent sur la comp\u00e9tition. Les femmes du collectif 4x400m ont \u00e9galement fait leur rentr\u00e9e. Fanny Peltier a r\u00e9alis\u00e9 un tr\u00e8s bon 52.73, juste devant <strong>Sounkamba Sylla<\/strong> (52.81). <strong>Diana Iscaye<\/strong> a failli passer sous les 53 secondes (53.03). <strong>Marjorie Veyssi\u00e8re<\/strong> et <strong>Estelle Raffa\u00ef<\/strong> bouclent leur course en 53.28 et 53.80. Les hommes ont aussi fait leur rentr\u00e9e. <strong>David Somb\u00e9, Thomas Jordier, T\u00e9o Andant<\/strong> ont r\u00e9alis\u00e9 respectivement 46.50, 46.59 et 46.62. Perturb\u00e9s par le vent.<\/p>\n<blockquote class=\"twitter-tweet\">\n<p dir=\"ltr\" lang=\"fr\">Excellente nouvelle venant des \ud83c\uddfa\ud83c\uddf8 notre dalleuse Amandine Brossier vient de r\u00e9aliser sa meilleure rentr\u00e9e estivale avec un chrono de 51 61 sur 400m Rdv dans 1 semaine aux \ud83c\udde7\ud83c\uddf8 Chpts monde de relais avec \ud83c\uddeb\ud83c\uddf7<a href=\"https:\/\/twitter.com\/hashtag\/SportAngers?src=hash&amp;ref_src=twsrc%5Etfw\">#SportAngers<\/a> <a href=\"https:\/\/twitter.com\/hashtag\/Angers?src=hash&amp;ref_src=twsrc%5Etfw\">#Angers<\/a> <a href=\"https:\/\/twitter.com\/hashtag\/Paris2024?src=hash&amp;ref_src=twsrc%5Etfw\">#Paris2024<\/a> <a href=\"https:\/\/t.co\/JlS3tAJOkS\">pic.twitter.com\/JlS3tAJOkS<\/a><\/p>\n<p>\u2014 SCO Angers Athl\u00e9 (@SCOAngersAthle) <a href=\"https:\/\/twitter.com\/SCOAngersAthle\/status\/1784297574452609190?ref_src=twsrc%5Etfw\">April 27, 2024<\/a><\/p><\/blockquote>\n<p><script async src=\"https:\/\/platform.twitter.com\/widgets.js\" charset=\"utf-8\"><\/script><\/p>\n<p style=\"text-align: justify;\">\u00c9galement membre du collectif 4&#215;400, <strong>Louise Maraval<\/strong> a r\u00e9alis\u00e9 un tr\u00e8s joli 56.03 sur 400 m haies. \u00c0 deux dixi\u00e8mes de son record personnel. Aux USA, le collectif 4x100m a \u00e9galement fait une sortie. Le vent a souffl\u00e9 trop fort (+3.7) pour homologuer les 10.15 d&rsquo;<strong>Antoine Thoraval<\/strong> et les 10.24 d&rsquo;<strong>Allan Lagui. Jeff Erius<\/strong> et <strong>Aymeric Priam<\/strong> bouclent leur ligne droite, respectivement en 10.37 et 10.36. Alors que <strong>G\u00e9mima Joseph<\/strong> est celle qui s&rsquo;en est le mieux tir\u00e9 chez les femmes, mais en retrait par rapport \u00e0 ce qu&rsquo;elle a montr\u00e9 en d\u00e9but de saison (11.44). Le vent, trop capricieux aussi sur le 200 m d&rsquo;<strong>H\u00e9l\u00e8ne Parisot<\/strong>. Qui avait r\u00e9alis\u00e9 un magnifique 22.71, avec un +2.2 de vent bien frustrant. Cela aurait \u00e9t\u00e9 les minima pour Rome, et proche de ceux des JO (22.57).<\/p>\n<p style=\"text-align: justify;\">Vent trop capricieux aussi pour <strong>Pablo Mateo<\/strong> qui a r\u00e9alis\u00e9 20.12 sur la m\u00eame distance. Mais aussi pour<strong> Laura Valette<\/strong>, qui \u00e9tait repass\u00e9e sous les 13 secondes au 100 m haies (12.99). En revanche, saut valid\u00e9 pour <strong>Yanis David,<\/strong> qui est retomb\u00e9e \u00e0 un prometteur 6.64 m \u00e0 la longueur. Dans l&rsquo;Arizona, <strong>Nawal Meniker<\/strong> a r\u00e9alis\u00e9 son meilleur saut de la saison en hauteur. Avec une barre franchie \u00e0 1.92 m, minima pour Rome et \u00e0 un centim\u00e8tre de son record personnel.<\/p>\n<h2 style=\"text-align: justify;\">De belles performances en Europe<\/h2>\n<p style=\"text-align: justify;\">\u00c9galement \u00e0 l&rsquo;\u00e9tranger, mais plus proche de la France, <strong>B\u00e9r\u00e9nice Cleyet-Merle<\/strong> a r\u00e9alis\u00e9 une rentr\u00e9e plus que solide sur 1500 m. Une course boucl\u00e9e en 4:05.38, \u00e0 38 centi\u00e8mes des minima pour Rome. Et \u00e0 moins d&rsquo;une seconde et demie de son record, qui semble d\u00e9j\u00e0 en grand danger (4:03.91). <strong>Paul Anselmini<\/strong> a boucl\u00e9 son 1000 m en 2:17.01, 5e performance U23 de tous les temps. Et s&rsquo;offre le scalp de <strong>Jimmy Gressier<\/strong> (2:18.88). En Allemagne, sur la m\u00eame distance, <strong>Baptiste Mischler<\/strong> a lui r\u00e9alis\u00e9 2:18.89. Enfin, du c\u00f4t\u00e9 de Brescia, <strong>T\u00e9o Bastien<\/strong> a fait trembler son record au d\u00e9cathlon, avec 7963 points, \u00e0 13 points de son record. Les 8000 points vont lui tendre les bras cette saison. Au Portugal, <strong>Lolassonn Djouhan<\/strong> am\u00e9liore sa meilleure marque de la saison et se rapproche de Rome, avec un jet \u00e0 64 m\u00e8tres tout pile.<\/p>\n<blockquote class=\"twitter-tweet\">\n<p dir=\"ltr\" lang=\"fr\">Jolie performance pour Berenice Cleyet Merle<\/p>\n<p>Qui boucle son 1500 m en 4.05.38 \u00e0 moins de trois secondes de son record.<\/p>\n<p>Elle aussi trouve une r\u00e9gularit\u00e9<\/p>\n<p>(Merci <a href=\"https:\/\/twitter.com\/ParceLaGarce?ref_src=twsrc%5Etfw\">@ParceLaGarce<\/a> pour l&rsquo;information)<\/p>\n<p>\u2014 Etienne Goursaud \ud83d\udc26 (@EtienneGoursaud) <a href=\"https:\/\/twitter.com\/EtienneGoursaud\/status\/1784329036048572792?ref_src=twsrc%5Etfw\">April 27, 2024<\/a><\/p><\/blockquote>\n<p><script async src=\"https:\/\/platform.twitter.com\/widgets.js\" charset=\"utf-8\"><\/script><\/p>\n<h2 style=\"text-align: justify;\">Le premier tour interclubs a permis aux athl\u00e8tes de briller<\/h2>\n<p style=\"text-align: justify;\">Si la formule des interclubs a chang\u00e9 cette ann\u00e9e, avec un premier tour rendu facultatif, certains clubs ont jou\u00e9 le jeu pour permettre de savoir o\u00f9 ils en sont. Et certains athl\u00e8tes en ont profit\u00e9 aussi pour r\u00e9aliser de jolies performances. On pense \u00e0 certains marcheurs qui, une semaine apr\u00e8s les mondiaux par \u00e9quipes \u00e0 Antalya, sont venus marcher. <strong>Chlo\u00e9 Le Roch<\/strong> a r\u00e9alis\u00e9 13:00.97 sur 3000 m marche, alors que <strong>Lena Auvray<\/strong> s&rsquo;est offerte sa meilleure performance en ext\u00e9rieur, sur la m\u00eame distance, avec 13:07.79. Les deux Bretonnes confirment leur forme. Du c\u00f4t\u00e9 de Blagnac, <strong>Martin Madeline-Degy<\/strong>, une semaine apr\u00e8s son record sur 20 km, a boucl\u00e9 son 5000 m marche en 20:30.18.<\/p>\n<p style=\"text-align: justify;\"><strong>Melvin Raffin<\/strong>, dont la carri\u00e8re est perturb\u00e9e par les blessures, est retomb\u00e9 \u00e0 16.23 m\u00e8tres au triple saut \u00e0 Pontoise. O\u00f9 la combinarde <strong>No\u00e9mie Desailly<\/strong> a r\u00e9alis\u00e9 14.30 sur 100 m haies, la lanceuse de marteau <strong>Xena Ngomateke<\/strong> a propuls\u00e9 son boulet \u00e0 67.69 m. <strong>Pamera Losange<\/strong> a elle boucl\u00e9 son 200 m en 24.13. \u00c9galement en r\u00e9gion parisienne, \u00e0 Palaiseau, la vice-championne d&rsquo;Europe juniors du 400 m <strong>Alexe Deau<\/strong> a r\u00e9alis\u00e9 23.96 sur 200 m. \u00c0 noter, du c\u00f4t\u00e9 de Noisy-le-Grand, une belle performance et un record personnel pour <strong>Aelys Gente,<\/strong> avec 13.31 sur 100 m haies. Celle qui a franchi un gros cap cet hiver sera \u00e0 surveiller pour des comp\u00e9titions internationales.<\/p>\n<div style=\"text-align: justify;\" data-offset-key=\"a7sd5-0-0\">On peut aussi noter le joli 9:03.59 pour<strong> Agathe Guillemot<\/strong> sur 3000 m. Ses camarades de club <strong>L\u00e9na Kandissounon<\/strong> et<strong> Clara Liberman<\/strong> ont respectivement r\u00e9alis\u00e9 54.61 sur 400 m et 4:25.17 sur 1500 m. Tandis que Jordan Terrasse a boucl\u00e9 son 400 m haies en 51.32 et que Tom Reux a lanc\u00e9 son disque \u00e0 59.22 m.<\/div>\n<div data-offset-key=\"a7sd5-0-0\"><\/div>\n<div style=\"text-align: justify;\" data-offset-key=\"a7sd5-0-0\"><strong>Alexis Miellet<\/strong>, qui ambitionne de se qualifier aux JO sur 3000 m steeple, une distance qu&rsquo;il va d\u00e9couvrir, a boucl\u00e9 un 2000 m steeple en 5:30.83. Des bases de 8:15, qu&rsquo;il faudra confirmer. Mais il a couru seul. Ce chrono est prometteur.<\/div>\n<div data-offset-key=\"a7sd5-0-0\">\n<div class=\"css-175oi2r\"><\/div>\n<div class=\"css-175oi2r r-1r5su4o\">\n<div class=\"css-175oi2r r-k4xj1c r-18u37iz r-1wtj0ep\">\n<div class=\"css-175oi2r r-1wbh5a2 r-1b7u577\">\n<div class=\"css-175oi2r r-1d09ksm r-18u37iz r-1wbh5a2 r-1471scf\">\n<div class=\"css-1rynq56 r-bcqeeo r-qvutc0 r-37j5jr r-a023e6 r-rjixqe r-16dba41\" dir=\"ltr\"><\/div>\n<\/div>\n<\/div>\n<\/div>\n<\/div>\n<\/div>\n<div class=\"\" data-block=\"true\" data-editor=\"7tvmk\" data-offset-key=\"7qq70-0-0\"><\/div>\n","protected":false},"excerpt":{"rendered":"<p>ATHL\u00c9TISME &#8211; Brossier, Djouhan, Meniker, retrouvez les principales performances fran\u00e7aises de cette riche semaine d&rsquo;athl\u00e9tisme.<\/p>\n","protected":false},"author":83,"featured_media":482324,"comment_status":"open","ping_status":"closed","sticky":false,"template":"","format":"standard","meta":{"_acf_changed":false,"_daextam_enable_autolinks":"1","footnotes":""},"categories":[2308],"tags":[14967,143,10976,16878,17946],"class_list":["post-482255","post","type-post","status-publish","format-standard","has-post-thumbnail","hentry","category-athletisme","tag-amandine-brossier","tag-athletisme","tag-athletisme-francais","tag-breve","tag-gemima-joseph"],"acf":[],"yoast_head":"<!-- This site is optimized with the Yoast SEO Premium plugin v26.7 (Yoast SEO v26.7) - https:\/\/yoast.com\/wordpress\/plugins\/seo\/ -->\n<title>Athl\u00e9tisme : Brossier, Djouhan, Meniker, les performances fran\u00e7aises de la semaine<\/title>\n<meta name=\"description\" content=\"ATHL\u00c9TISME - Brossier, Djouhan, Meniker, retrouvez les principales performances fran\u00e7aises de cette riche semaine d&#039;athl\u00e9tisme.\" \/>\n<meta name=\"robots\" content=\"index, follow, max-snippet:-1, max-image-preview:large, max-video-preview:-1\" \/>\n<link rel=\"canonical\" href=\"https:\/\/dicodusport.fr\/blog\/athletisme-brossier-djouhan-meniker-les-performances-francaises-de-la-semaine\/\" \/>\n<meta property=\"og:locale\" content=\"fr_FR\" \/>\n<meta property=\"og:type\" content=\"article\" \/>\n<meta property=\"og:title\" content=\"Athl\u00e9tisme : Brossier, Djouhan, Meniker, les performances fran\u00e7aises de la semaine\" \/>\n<meta property=\"og:description\" content=\"ATHL\u00c9TISME - Brossier, Djouhan, Meniker, retrouvez les principales performances fran\u00e7aises de cette riche semaine d&#039;athl\u00e9tisme.\" \/>\n<meta property=\"og:url\" content=\"https:\/\/dicodusport.fr\/blog\/athletisme-brossier-djouhan-meniker-les-performances-francaises-de-la-semaine\/\" \/>\n<meta property=\"og:site_name\" content=\"Dicodusport\" \/>\n<meta property=\"article:publisher\" content=\"https:\/\/www.facebook.com\/dicodusport\" \/>\n<meta property=\"article:published_time\" content=\"2024-04-29T13:17:10+00:00\" \/>\n<meta property=\"article:modified_time\" content=\"2024-04-30T04:50:23+00:00\" \/>\n<meta property=\"og:image\" content=\"https:\/\/dicodusport.fr\/blog\/wp-content\/uploads\/2024\/04\/Athletisme-Brossier-Djouhan-Meniker-les-performances-francaises-de-la-semaine.png\" \/>\n\t<meta property=\"og:image:width\" content=\"1200\" \/>\n\t<meta property=\"og:image:height\" content=\"674\" \/>\n\t<meta property=\"og:image:type\" content=\"image\/png\" \/>\n<meta name=\"author\" content=\"Etienne Goursaud\" \/>\n<meta name=\"twitter:card\" content=\"summary_large_image\" \/>\n<meta name=\"twitter:title\" content=\"Athl\u00e9tisme : Brossier, Djouhan, Meniker, les performances fran\u00e7aises de la semaine\" \/>\n<meta name=\"twitter:creator\" content=\"@dicodusport\" \/>\n<meta name=\"twitter:site\" content=\"@dicodusport\" \/>\n<script type=\"application\/ld+json\" class=\"yoast-schema-graph\">{\"@context\":\"https:\/\/schema.org\",\"@graph\":[{\"@type\":\"NewsArticle\",\"@id\":\"https:\/\/dicodusport.fr\/blog\/athletisme-brossier-djouhan-meniker-les-performances-francaises-de-la-semaine\/#article\",\"isPartOf\":{\"@id\":\"https:\/\/dicodusport.fr\/blog\/athletisme-brossier-djouhan-meniker-les-performances-francaises-de-la-semaine\/\"},\"author\":{\"name\":\"Etienne Goursaud\",\"@id\":\"https:\/\/dicodusport.fr\/blog\/#\/schema\/person\/d603dd7da31fb2b46c82b9835a77ec13\"},\"headline\":\"Athl\u00e9tisme : Brossier, Djouhan, Meniker, les performances fran\u00e7aises de la semaine\",\"datePublished\":\"2024-04-29T13:17:10+00:00\",\"dateModified\":\"2024-04-30T04:50:23+00:00\",\"mainEntityOfPage\":{\"@id\":\"https:\/\/dicodusport.fr\/blog\/athletisme-brossier-djouhan-meniker-les-performances-francaises-de-la-semaine\/\"},\"wordCount\":931,\"commentCount\":0,\"publisher\":{\"@id\":\"https:\/\/dicodusport.fr\/blog\/#organization\"},\"image\":{\"@id\":\"https:\/\/dicodusport.fr\/blog\/athletisme-brossier-djouhan-meniker-les-performances-francaises-de-la-semaine\/#primaryimage\"},\"thumbnailUrl\":\"https:\/\/dicodusport.fr\/blog\/wp-content\/uploads\/2024\/04\/Athletisme-Brossier-Djouhan-Meniker-les-performances-francaises-de-la-semaine.png\",\"keywords\":[\"Amandine Brossier\",\"Athl\u00e9tisme\",\"Athl\u00e9tisme fran\u00e7ais\",\"br\u00e8ve\",\"Gemima Joseph\"],\"articleSection\":[\"Athl\u00e9tisme\"],\"inLanguage\":\"fr-FR\",\"potentialAction\":[{\"@type\":\"CommentAction\",\"name\":\"Comment\",\"target\":[\"https:\/\/dicodusport.fr\/blog\/athletisme-brossier-djouhan-meniker-les-performances-francaises-de-la-semaine\/#respond\"]}],\"copyrightYear\":\"2024\",\"copyrightHolder\":{\"@id\":\"https:\/\/dicodusport.fr\/blog\/#organization\"}},{\"@type\":\"WebPage\",\"@id\":\"https:\/\/dicodusport.fr\/blog\/athletisme-brossier-djouhan-meniker-les-performances-francaises-de-la-semaine\/\",\"url\":\"https:\/\/dicodusport.fr\/blog\/athletisme-brossier-djouhan-meniker-les-performances-francaises-de-la-semaine\/\",\"name\":\"Athl\u00e9tisme : Brossier, Djouhan, Meniker, les performances fran\u00e7aises de la semaine\",\"isPartOf\":{\"@id\":\"https:\/\/dicodusport.fr\/blog\/#website\"},\"primaryImageOfPage\":{\"@id\":\"https:\/\/dicodusport.fr\/blog\/athletisme-brossier-djouhan-meniker-les-performances-francaises-de-la-semaine\/#primaryimage\"},\"image\":{\"@id\":\"https:\/\/dicodusport.fr\/blog\/athletisme-brossier-djouhan-meniker-les-performances-francaises-de-la-semaine\/#primaryimage\"},\"thumbnailUrl\":\"https:\/\/dicodusport.fr\/blog\/wp-content\/uploads\/2024\/04\/Athletisme-Brossier-Djouhan-Meniker-les-performances-francaises-de-la-semaine.png\",\"datePublished\":\"2024-04-29T13:17:10+00:00\",\"dateModified\":\"2024-04-30T04:50:23+00:00\",\"description\":\"ATHL\u00c9TISME - Brossier, Djouhan, Meniker, retrouvez les principales performances fran\u00e7aises de cette riche semaine d'athl\u00e9tisme.\",\"breadcrumb\":{\"@id\":\"https:\/\/dicodusport.fr\/blog\/athletisme-brossier-djouhan-meniker-les-performances-francaises-de-la-semaine\/#breadcrumb\"},\"inLanguage\":\"fr-FR\",\"potentialAction\":[{\"@type\":\"ReadAction\",\"target\":[\"https:\/\/dicodusport.fr\/blog\/athletisme-brossier-djouhan-meniker-les-performances-francaises-de-la-semaine\/\"]}]},{\"@type\":\"ImageObject\",\"inLanguage\":\"fr-FR\",\"@id\":\"https:\/\/dicodusport.fr\/blog\/athletisme-brossier-djouhan-meniker-les-performances-francaises-de-la-semaine\/#primaryimage\",\"url\":\"https:\/\/dicodusport.fr\/blog\/wp-content\/uploads\/2024\/04\/Athletisme-Brossier-Djouhan-Meniker-les-performances-francaises-de-la-semaine.png\",\"contentUrl\":\"https:\/\/dicodusport.fr\/blog\/wp-content\/uploads\/2024\/04\/Athletisme-Brossier-Djouhan-Meniker-les-performances-francaises-de-la-semaine.png\",\"width\":1200,\"height\":674,\"caption\":\"Athl\u00e9tisme : Brossier, Djouhan, Meniker, les performances fran\u00e7aises de la semaine\"},{\"@type\":\"BreadcrumbList\",\"@id\":\"https:\/\/dicodusport.fr\/blog\/athletisme-brossier-djouhan-meniker-les-performances-francaises-de-la-semaine\/#breadcrumb\",\"itemListElement\":[{\"@type\":\"ListItem\",\"position\":1,\"name\":\"Accueil\",\"item\":\"https:\/\/dicodusport.fr\/blog\/\"},{\"@type\":\"ListItem\",\"position\":2,\"name\":\"Athl\u00e9tisme : Brossier, Djouhan, Meniker, les performances fran\u00e7aises de la semaine\"}]},{\"@type\":\"WebSite\",\"@id\":\"https:\/\/dicodusport.fr\/blog\/#website\",\"url\":\"https:\/\/dicodusport.fr\/blog\/\",\"name\":\"Dicodusport\",\"description\":\"L&#039;encyclop\u00e9die de l&#039;actualit\u00e9 sportive\",\"publisher\":{\"@id\":\"https:\/\/dicodusport.fr\/blog\/#organization\"},\"potentialAction\":[{\"@type\":\"SearchAction\",\"target\":{\"@type\":\"EntryPoint\",\"urlTemplate\":\"https:\/\/dicodusport.fr\/blog\/?s={search_term_string}\"},\"query-input\":{\"@type\":\"PropertyValueSpecification\",\"valueRequired\":true,\"valueName\":\"search_term_string\"}}],\"inLanguage\":\"fr-FR\"},{\"@type\":\"NewsMediaOrganization\",\"@id\":\"https:\/\/dicodusport.fr\/blog\/#organization\",\"name\":\"Dicodusport\",\"url\":\"https:\/\/dicodusport.fr\/blog\/\",\"logo\":{\"@type\":\"ImageObject\",\"inLanguage\":\"fr-FR\",\"@id\":\"https:\/\/dicodusport.fr\/blog\/#\/schema\/logo\/image\/\",\"url\":\"https:\/\/dicodusport.fr\/blog\/wp-content\/uploads\/2020\/06\/cropped-LOGO-DICODUSPORT-2020-SANS-FOND-SANS-TEXTE.png\",\"contentUrl\":\"https:\/\/dicodusport.fr\/blog\/wp-content\/uploads\/2020\/06\/cropped-LOGO-DICODUSPORT-2020-SANS-FOND-SANS-TEXTE.png\",\"width\":512,\"height\":512,\"caption\":\"Dicodusport\"},\"image\":{\"@id\":\"https:\/\/dicodusport.fr\/blog\/#\/schema\/logo\/image\/\"},\"sameAs\":[\"https:\/\/www.facebook.com\/dicodusport\",\"https:\/\/x.com\/dicodusport\",\"https:\/\/www.instagram.com\/dicodusport\/\",\"https:\/\/www.youtube.com\/channel\/UC7V2KZ5sd3htJivAbA4ZG3w\"],\"description\":\"Dicodusport est l'encyclop\u00e9die de l'actualit\u00e9 sportive.\",\"email\":\"bonjour@dicodusport.fr\",\"legalName\":\"DICODUSPORT\",\"foundingDate\":\"2018-01-14\",\"vatID\":\"FR71834470973\",\"taxID\":\"83447097300043\",\"numberOfEmployees\":{\"@type\":\"QuantitativeValue\",\"minValue\":\"1\",\"maxValue\":\"10\"}},{\"@type\":\"Person\",\"@id\":\"https:\/\/dicodusport.fr\/blog\/#\/schema\/person\/d603dd7da31fb2b46c82b9835a77ec13\",\"name\":\"Etienne Goursaud\",\"image\":{\"@type\":\"ImageObject\",\"inLanguage\":\"fr-FR\",\"@id\":\"https:\/\/dicodusport.fr\/blog\/#\/schema\/person\/image\/\",\"url\":\"https:\/\/dicodusport.fr\/blog\/wp-content\/uploads\/2023\/12\/410122264_10231602061736049_5565839791558026645_n-150x150.jpg\",\"contentUrl\":\"https:\/\/dicodusport.fr\/blog\/wp-content\/uploads\/2023\/12\/410122264_10231602061736049_5565839791558026645_n-150x150.jpg\",\"caption\":\"Etienne Goursaud\"},\"description\":\"Journaliste et amoureux de sport. Ancien footballeur reconverti athl\u00e8te quand ses muscles le laissent tranquille. \u00c9lev\u00e9 \u00e0 la sauce des exploits de Thomas Voeckler en 2004, du dernier essai de l\u00e9gende de Eunice Barber \u00e0 la longueur lors des championnats du monde d'athl\u00e9tisme de 2003 mais aussi Zidane, Omeyer et Titou Lamaison.\",\"url\":\"https:\/\/dicodusport.fr\/blog\/author\/etienne-goursaud\/\"}]}<\/script>\n<!-- \/ Yoast SEO Premium plugin. -->","yoast_head_json":{"title":"Athl\u00e9tisme : Brossier, Djouhan, Meniker, les performances fran\u00e7aises de la semaine","description":"ATHL\u00c9TISME - Brossier, Djouhan, Meniker, retrouvez les principales performances fran\u00e7aises de cette riche semaine d'athl\u00e9tisme.","robots":{"index":"index","follow":"follow","max-snippet":"max-snippet:-1","max-image-preview":"max-image-preview:large","max-video-preview":"max-video-preview:-1"},"canonical":"https:\/\/dicodusport.fr\/blog\/athletisme-brossier-djouhan-meniker-les-performances-francaises-de-la-semaine\/","og_locale":"fr_FR","og_type":"article","og_title":"Athl\u00e9tisme : Brossier, Djouhan, Meniker, les performances fran\u00e7aises de la semaine","og_description":"ATHL\u00c9TISME - Brossier, Djouhan, Meniker, retrouvez les principales performances fran\u00e7aises de cette riche semaine d'athl\u00e9tisme.","og_url":"https:\/\/dicodusport.fr\/blog\/athletisme-brossier-djouhan-meniker-les-performances-francaises-de-la-semaine\/","og_site_name":"Dicodusport","article_publisher":"https:\/\/www.facebook.com\/dicodusport","article_published_time":"2024-04-29T13:17:10+00:00","article_modified_time":"2024-04-30T04:50:23+00:00","og_image":[{"width":1200,"height":674,"url":"https:\/\/dicodusport.fr\/blog\/wp-content\/uploads\/2024\/04\/Athletisme-Brossier-Djouhan-Meniker-les-performances-francaises-de-la-semaine.png","type":"image\/png"}],"author":"Etienne Goursaud","twitter_card":"summary_large_image","twitter_title":"Athl\u00e9tisme : Brossier, Djouhan, Meniker, les performances fran\u00e7aises de la semaine","twitter_creator":"@dicodusport","twitter_site":"@dicodusport","schema":{"@context":"https:\/\/schema.org","@graph":[{"@type":"NewsArticle","@id":"https:\/\/dicodusport.fr\/blog\/athletisme-brossier-djouhan-meniker-les-performances-francaises-de-la-semaine\/#article","isPartOf":{"@id":"https:\/\/dicodusport.fr\/blog\/athletisme-brossier-djouhan-meniker-les-performances-francaises-de-la-semaine\/"},"author":{"name":"Etienne Goursaud","@id":"https:\/\/dicodusport.fr\/blog\/#\/schema\/person\/d603dd7da31fb2b46c82b9835a77ec13"},"headline":"Athl\u00e9tisme : Brossier, Djouhan, Meniker, les performances fran\u00e7aises de la semaine","datePublished":"2024-04-29T13:17:10+00:00","dateModified":"2024-04-30T04:50:23+00:00","mainEntityOfPage":{"@id":"https:\/\/dicodusport.fr\/blog\/athletisme-brossier-djouhan-meniker-les-performances-francaises-de-la-semaine\/"},"wordCount":931,"commentCount":0,"publisher":{"@id":"https:\/\/dicodusport.fr\/blog\/#organization"},"image":{"@id":"https:\/\/dicodusport.fr\/blog\/athletisme-brossier-djouhan-meniker-les-performances-francaises-de-la-semaine\/#primaryimage"},"thumbnailUrl":"https:\/\/dicodusport.fr\/blog\/wp-content\/uploads\/2024\/04\/Athletisme-Brossier-Djouhan-Meniker-les-performances-francaises-de-la-semaine.png","keywords":["Amandine Brossier","Athl\u00e9tisme","Athl\u00e9tisme fran\u00e7ais","br\u00e8ve","Gemima Joseph"],"articleSection":["Athl\u00e9tisme"],"inLanguage":"fr-FR","potentialAction":[{"@type":"CommentAction","name":"Comment","target":["https:\/\/dicodusport.fr\/blog\/athletisme-brossier-djouhan-meniker-les-performances-francaises-de-la-semaine\/#respond"]}],"copyrightYear":"2024","copyrightHolder":{"@id":"https:\/\/dicodusport.fr\/blog\/#organization"}},{"@type":"WebPage","@id":"https:\/\/dicodusport.fr\/blog\/athletisme-brossier-djouhan-meniker-les-performances-francaises-de-la-semaine\/","url":"https:\/\/dicodusport.fr\/blog\/athletisme-brossier-djouhan-meniker-les-performances-francaises-de-la-semaine\/","name":"Athl\u00e9tisme : Brossier, Djouhan, Meniker, les performances fran\u00e7aises de la semaine","isPartOf":{"@id":"https:\/\/dicodusport.fr\/blog\/#website"},"primaryImageOfPage":{"@id":"https:\/\/dicodusport.fr\/blog\/athletisme-brossier-djouhan-meniker-les-performances-francaises-de-la-semaine\/#primaryimage"},"image":{"@id":"https:\/\/dicodusport.fr\/blog\/athletisme-brossier-djouhan-meniker-les-performances-francaises-de-la-semaine\/#primaryimage"},"thumbnailUrl":"https:\/\/dicodusport.fr\/blog\/wp-content\/uploads\/2024\/04\/Athletisme-Brossier-Djouhan-Meniker-les-performances-francaises-de-la-semaine.png","datePublished":"2024-04-29T13:17:10+00:00","dateModified":"2024-04-30T04:50:23+00:00","description":"ATHL\u00c9TISME - Brossier, Djouhan, Meniker, retrouvez les principales performances fran\u00e7aises de cette riche semaine d'athl\u00e9tisme.","breadcrumb":{"@id":"https:\/\/dicodusport.fr\/blog\/athletisme-brossier-djouhan-meniker-les-performances-francaises-de-la-semaine\/#breadcrumb"},"inLanguage":"fr-FR","potentialAction":[{"@type":"ReadAction","target":["https:\/\/dicodusport.fr\/blog\/athletisme-brossier-djouhan-meniker-les-performances-francaises-de-la-semaine\/"]}]},{"@type":"ImageObject","inLanguage":"fr-FR","@id":"https:\/\/dicodusport.fr\/blog\/athletisme-brossier-djouhan-meniker-les-performances-francaises-de-la-semaine\/#primaryimage","url":"https:\/\/dicodusport.fr\/blog\/wp-content\/uploads\/2024\/04\/Athletisme-Brossier-Djouhan-Meniker-les-performances-francaises-de-la-semaine.png","contentUrl":"https:\/\/dicodusport.fr\/blog\/wp-content\/uploads\/2024\/04\/Athletisme-Brossier-Djouhan-Meniker-les-performances-francaises-de-la-semaine.png","width":1200,"height":674,"caption":"Athl\u00e9tisme : Brossier, Djouhan, Meniker, les performances fran\u00e7aises de la semaine"},{"@type":"BreadcrumbList","@id":"https:\/\/dicodusport.fr\/blog\/athletisme-brossier-djouhan-meniker-les-performances-francaises-de-la-semaine\/#breadcrumb","itemListElement":[{"@type":"ListItem","position":1,"name":"Accueil","item":"https:\/\/dicodusport.fr\/blog\/"},{"@type":"ListItem","position":2,"name":"Athl\u00e9tisme : Brossier, Djouhan, Meniker, les performances fran\u00e7aises de la semaine"}]},{"@type":"WebSite","@id":"https:\/\/dicodusport.fr\/blog\/#website","url":"https:\/\/dicodusport.fr\/blog\/","name":"Dicodusport","description":"L&#039;encyclop\u00e9die de l&#039;actualit\u00e9 sportive","publisher":{"@id":"https:\/\/dicodusport.fr\/blog\/#organization"},"potentialAction":[{"@type":"SearchAction","target":{"@type":"EntryPoint","urlTemplate":"https:\/\/dicodusport.fr\/blog\/?s={search_term_string}"},"query-input":{"@type":"PropertyValueSpecification","valueRequired":true,"valueName":"search_term_string"}}],"inLanguage":"fr-FR"},{"@type":"NewsMediaOrganization","@id":"https:\/\/dicodusport.fr\/blog\/#organization","name":"Dicodusport","url":"https:\/\/dicodusport.fr\/blog\/","logo":{"@type":"ImageObject","inLanguage":"fr-FR","@id":"https:\/\/dicodusport.fr\/blog\/#\/schema\/logo\/image\/","url":"https:\/\/dicodusport.fr\/blog\/wp-content\/uploads\/2020\/06\/cropped-LOGO-DICODUSPORT-2020-SANS-FOND-SANS-TEXTE.png","contentUrl":"https:\/\/dicodusport.fr\/blog\/wp-content\/uploads\/2020\/06\/cropped-LOGO-DICODUSPORT-2020-SANS-FOND-SANS-TEXTE.png","width":512,"height":512,"caption":"Dicodusport"},"image":{"@id":"https:\/\/dicodusport.fr\/blog\/#\/schema\/logo\/image\/"},"sameAs":["https:\/\/www.facebook.com\/dicodusport","https:\/\/x.com\/dicodusport","https:\/\/www.instagram.com\/dicodusport\/","https:\/\/www.youtube.com\/channel\/UC7V2KZ5sd3htJivAbA4ZG3w"],"description":"Dicodusport est l'encyclop\u00e9die de l'actualit\u00e9 sportive.","email":"bonjour@dicodusport.fr","legalName":"DICODUSPORT","foundingDate":"2018-01-14","vatID":"FR71834470973","taxID":"83447097300043","numberOfEmployees":{"@type":"QuantitativeValue","minValue":"1","maxValue":"10"}},{"@type":"Person","@id":"https:\/\/dicodusport.fr\/blog\/#\/schema\/person\/d603dd7da31fb2b46c82b9835a77ec13","name":"Etienne Goursaud","image":{"@type":"ImageObject","inLanguage":"fr-FR","@id":"https:\/\/dicodusport.fr\/blog\/#\/schema\/person\/image\/","url":"https:\/\/dicodusport.fr\/blog\/wp-content\/uploads\/2023\/12\/410122264_10231602061736049_5565839791558026645_n-150x150.jpg","contentUrl":"https:\/\/dicodusport.fr\/blog\/wp-content\/uploads\/2023\/12\/410122264_10231602061736049_5565839791558026645_n-150x150.jpg","caption":"Etienne Goursaud"},"description":"Journaliste et amoureux de sport. Ancien footballeur reconverti athl\u00e8te quand ses muscles le laissent tranquille. \u00c9lev\u00e9 \u00e0 la sauce des exploits de Thomas Voeckler en 2004, du dernier essai de l\u00e9gende de Eunice Barber \u00e0 la longueur lors des championnats du monde d'athl\u00e9tisme de 2003 mais aussi Zidane, Omeyer et Titou Lamaison.","url":"https:\/\/dicodusport.fr\/blog\/author\/etienne-goursaud\/"}]}},"_links":{"self":[{"href":"https:\/\/dicodusport.fr\/blog\/wp-json\/wp\/v2\/posts\/482255","targetHints":{"allow":["GET"]}}],"collection":[{"href":"https:\/\/dicodusport.fr\/blog\/wp-json\/wp\/v2\/posts"}],"about":[{"href":"https:\/\/dicodusport.fr\/blog\/wp-json\/wp\/v2\/types\/post"}],"author":[{"embeddable":true,"href":"https:\/\/dicodusport.fr\/blog\/wp-json\/wp\/v2\/users\/83"}],"replies":[{"embeddable":true,"href":"https:\/\/dicodusport.fr\/blog\/wp-json\/wp\/v2\/comments?post=482255"}],"version-history":[{"count":5,"href":"https:\/\/dicodusport.fr\/blog\/wp-json\/wp\/v2\/posts\/482255\/revisions"}],"predecessor-version":[{"id":482442,"href":"https:\/\/dicodusport.fr\/blog\/wp-json\/wp\/v2\/posts\/482255\/revisions\/482442"}],"wp:featuredmedia":[{"embeddable":true,"href":"https:\/\/dicodusport.fr\/blog\/wp-json\/wp\/v2\/media\/482324"}],"wp:attachment":[{"href":"https:\/\/dicodusport.fr\/blog\/wp-json\/wp\/v2\/media?parent=482255"}],"wp:term":[{"taxonomy":"category","embeddable":true,"href":"https:\/\/dicodusport.fr\/blog\/wp-json\/wp\/v2\/categories?post=482255"},{"taxonomy":"post_tag","embeddable":true,"href":"https:\/\/dicodusport.fr\/blog\/wp-json\/wp\/v2\/tags?post=482255"}],"curies":[{"name":"wp","href":"https:\/\/api.w.org\/{rel}","templated":true}]}}