{"id":482446,"date":"2024-04-30T09:44:37","date_gmt":"2024-04-30T07:44:37","guid":{"rendered":"https:\/\/dicodusport.fr\/blog\/?p=482446&#038;preview=true&#038;preview_id=482446"},"modified":"2024-05-01T14:06:25","modified_gmt":"2024-05-01T12:06:25","slug":"transferts-usap-avenir-scelle-pour-le-staff-de-perpignan","status":"publish","type":"post","link":"https:\/\/dicodusport.fr\/blog\/transferts-usap-avenir-scelle-pour-le-staff-de-perpignan\/","title":{"rendered":"Transferts USAP : Avenir scell\u00e9 pour le staff de Perpignan"},"content":{"rendered":"<p style=\"text-align: justify;\"><strong><em>TOP 14 2023-2024 &#8211; L&rsquo;USAP a annonc\u00e9 la prolongation de tous les membres de son staff pour deux saisons suppl\u00e9mentaires.\u00a0<\/em><\/strong><\/p>\n<p style=\"text-align: justify;\">Arriv\u00e9 cette saison \u00e0 Perpignan en provenance du <strong>RC<\/strong> <strong>Toulon<\/strong>, <strong>Franck<\/strong> <strong>Az\u00e9ma<\/strong> a paraph\u00e9 un contrat de trois ans. L&rsquo;ancien manager de l&rsquo;ASM Clermont est donc li\u00e9 au club catalan jusqu&rsquo;en juin 2026, mais son staff arrivait en fin de contrat cet \u00e9t\u00e9. Alors que l&rsquo;<strong>USAP<\/strong> r\u00e9alise une magnifique saison, les quatre membres du staff ont \u00e9t\u00e9 r\u00e9compens\u00e9s.<\/p>\n<h2 style=\"text-align: justify;\">David Marty, Guillaume Vilaceca, Perry Freshwater, G\u00e9rald Bastide et Jeremy Ruiz rempilent<\/h2>\n<p style=\"text-align: justify;\">Habitu\u00e9 \u00e0 jouer le maintien depuis plusieurs saisons, <strong>Perpignan<\/strong> peut m\u00eame esp\u00e9rer se qualifier pour la phase finale cette saison. Les Catalans sont septi\u00e8mes avec deux points de retard sur le RC Toulon, premier qualifi\u00e9.<\/p>\n<p style=\"text-align: justify;\"><strong>David<\/strong> <strong>Marty<\/strong>, entra\u00eeneur en chef de l&rsquo;USAP, est donc prolong\u00e9 pour deux saisons, tout comme les trois autres bras droits de <strong>Franck<\/strong> <strong>Az\u00e9ma<\/strong>, <strong>Guillaume<\/strong> <strong>Vilaceca<\/strong>, en charge de la touche, Perry Freshwater, en charge de la m\u00eal\u00e9e, <strong>G\u00e9rald Bastide<\/strong>, responsable de la d\u00e9fense. <strong>Jeremy<\/strong> <strong>Ruiz<\/strong>, pr\u00e9parateur physique, a aussi sign\u00e9 un nouveau bail jusqu&rsquo;en 2026.<\/p>\n<blockquote class=\"twitter-tweet\">\n<p dir=\"ltr\" lang=\"fr\">\ud835\udde3\ud835\uddff\ud835\uddfc\ud835\uddf9\ud835\uddfc\ud835\uddfb\ud835\uddf4\ud835\uddee\ud835\ude01\ud835\uddf6\ud835\uddfc\ud835\uddfb \ud835\uddf1\ud835\ude02 \ud835\ude00\ud835\ude01\ud835\uddee\ud835\uddf3\ud835\uddf3 \ud83d\udd8b<\/p>\n<p>David Marty, Guillaume Vilaceca, Perry Freshwater, Gerald Bastide et Jeremy Ruiz prolongent l\u2019aventure \u00e0 l\u2019USAP \ud83d\udd34\ud83d\udfe1 <a href=\"https:\/\/t.co\/QtVFEUCUdk\">pic.twitter.com\/QtVFEUCUdk<\/a><\/p>\n<p>\u2014 USAP (@usap_officiel) <a href=\"https:\/\/twitter.com\/usap_officiel\/status\/1784985399540015462?ref_src=twsrc%5Etfw\">April 29, 2024<\/a><\/p><\/blockquote>\n<p style=\"text-align: justify;\"><script async src=\"https:\/\/platform.twitter.com\/widgets.js\" charset=\"utf-8\"><\/script><\/p>\n","protected":false},"excerpt":{"rendered":"<p>TOP 14 2023-2024 &#8211; L&rsquo;USAP a annonc\u00e9 la prolongation de tous les membres de son staff pour deux saisons suppl\u00e9mentaires.\u00a0<\/p>\n","protected":false},"author":1,"featured_media":482453,"comment_status":"open","ping_status":"closed","sticky":false,"template":"","format":"standard","meta":{"_acf_changed":false,"_daextam_enable_autolinks":"1","footnotes":""},"categories":[9129,47050],"tags":[16878,4512,4765],"class_list":["post-482446","post","type-post","status-publish","format-standard","has-post-thumbnail","hentry","category-rugby-a-xv","category-top-14","tag-breve","tag-perpignan","tag-usap"],"acf":[],"yoast_head":"<!-- This site is optimized with the Yoast SEO Premium plugin v26.7 (Yoast SEO v26.7) - https:\/\/yoast.com\/wordpress\/plugins\/seo\/ -->\n<title>Transferts USAP : Avenir scell\u00e9 pour le staff de Perpignan<\/title>\n<meta name=\"description\" content=\"TOP 14 2023-2024 - L&#039;USAP a annonc\u00e9 la prolongation de tous les membres de son staff pour deux saisons suppl\u00e9mentaires.\u00a0\" \/>\n<meta name=\"robots\" content=\"index, follow, max-snippet:-1, max-image-preview:large, max-video-preview:-1\" \/>\n<link rel=\"canonical\" href=\"https:\/\/dicodusport.fr\/blog\/transferts-usap-avenir-scelle-pour-le-staff-de-perpignan\/\" \/>\n<meta property=\"og:locale\" content=\"fr_FR\" \/>\n<meta property=\"og:type\" content=\"article\" \/>\n<meta property=\"og:title\" content=\"Transferts USAP : Avenir scell\u00e9 pour le staff de Perpignan\" \/>\n<meta property=\"og:description\" content=\"TOP 14 2023-2024 - L&#039;USAP a annonc\u00e9 la prolongation de tous les membres de son staff pour deux saisons suppl\u00e9mentaires.\u00a0\" \/>\n<meta property=\"og:url\" content=\"https:\/\/dicodusport.fr\/blog\/transferts-usap-avenir-scelle-pour-le-staff-de-perpignan\/\" \/>\n<meta property=\"og:site_name\" content=\"Dicodusport\" \/>\n<meta property=\"article:publisher\" content=\"https:\/\/www.facebook.com\/dicodusport\" \/>\n<meta property=\"article:author\" content=\"https:\/\/www.facebook.com\/dicodusport\" \/>\n<meta property=\"article:published_time\" content=\"2024-04-30T07:44:37+00:00\" \/>\n<meta property=\"article:modified_time\" content=\"2024-05-01T12:06:25+00:00\" \/>\n<meta property=\"og:image\" content=\"https:\/\/dicodusport.fr\/blog\/wp-content\/uploads\/2024\/04\/Transferts-USAP-Avenir-scelle-pour-le-staff-de-Perpignan.png\" \/>\n\t<meta property=\"og:image:width\" content=\"1200\" \/>\n\t<meta property=\"og:image:height\" content=\"674\" \/>\n\t<meta property=\"og:image:type\" content=\"image\/png\" \/>\n<meta name=\"author\" content=\"Nicolas Jacquemard\" \/>\n<meta name=\"twitter:card\" content=\"summary_large_image\" \/>\n<meta name=\"twitter:title\" content=\"Transferts USAP : Avenir scell\u00e9 pour le staff de Perpignan\" \/>\n<meta name=\"twitter:creator\" content=\"@https:\/\/twitter.com\/Nico_Jacquemard\" \/>\n<meta name=\"twitter:site\" content=\"@dicodusport\" \/>\n<script type=\"application\/ld+json\" class=\"yoast-schema-graph\">{\"@context\":\"https:\/\/schema.org\",\"@graph\":[{\"@type\":\"NewsArticle\",\"@id\":\"https:\/\/dicodusport.fr\/blog\/transferts-usap-avenir-scelle-pour-le-staff-de-perpignan\/#article\",\"isPartOf\":{\"@id\":\"https:\/\/dicodusport.fr\/blog\/transferts-usap-avenir-scelle-pour-le-staff-de-perpignan\/\"},\"author\":{\"name\":\"Nicolas Jacquemard\",\"@id\":\"https:\/\/dicodusport.fr\/blog\/#\/schema\/person\/55dcb50ad410894e431ed812bbb70191\"},\"headline\":\"Transferts USAP : Avenir scell\u00e9 pour le staff de Perpignan\",\"datePublished\":\"2024-04-30T07:44:37+00:00\",\"dateModified\":\"2024-05-01T12:06:25+00:00\",\"mainEntityOfPage\":{\"@id\":\"https:\/\/dicodusport.fr\/blog\/transferts-usap-avenir-scelle-pour-le-staff-de-perpignan\/\"},\"wordCount\":231,\"commentCount\":0,\"publisher\":{\"@id\":\"https:\/\/dicodusport.fr\/blog\/#organization\"},\"image\":{\"@id\":\"https:\/\/dicodusport.fr\/blog\/transferts-usap-avenir-scelle-pour-le-staff-de-perpignan\/#primaryimage\"},\"thumbnailUrl\":\"https:\/\/dicodusport.fr\/blog\/wp-content\/uploads\/2024\/04\/Transferts-USAP-Avenir-scelle-pour-le-staff-de-Perpignan.png\",\"keywords\":[\"br\u00e8ve\",\"Perpignan\",\"USAP\"],\"articleSection\":[\"Rugby \u00e0 XV\",\"Top 14\"],\"inLanguage\":\"fr-FR\",\"potentialAction\":[{\"@type\":\"CommentAction\",\"name\":\"Comment\",\"target\":[\"https:\/\/dicodusport.fr\/blog\/transferts-usap-avenir-scelle-pour-le-staff-de-perpignan\/#respond\"]}],\"copyrightYear\":\"2024\",\"copyrightHolder\":{\"@id\":\"https:\/\/dicodusport.fr\/blog\/#organization\"}},{\"@type\":\"WebPage\",\"@id\":\"https:\/\/dicodusport.fr\/blog\/transferts-usap-avenir-scelle-pour-le-staff-de-perpignan\/\",\"url\":\"https:\/\/dicodusport.fr\/blog\/transferts-usap-avenir-scelle-pour-le-staff-de-perpignan\/\",\"name\":\"Transferts USAP : Avenir scell\u00e9 pour le staff de Perpignan\",\"isPartOf\":{\"@id\":\"https:\/\/dicodusport.fr\/blog\/#website\"},\"primaryImageOfPage\":{\"@id\":\"https:\/\/dicodusport.fr\/blog\/transferts-usap-avenir-scelle-pour-le-staff-de-perpignan\/#primaryimage\"},\"image\":{\"@id\":\"https:\/\/dicodusport.fr\/blog\/transferts-usap-avenir-scelle-pour-le-staff-de-perpignan\/#primaryimage\"},\"thumbnailUrl\":\"https:\/\/dicodusport.fr\/blog\/wp-content\/uploads\/2024\/04\/Transferts-USAP-Avenir-scelle-pour-le-staff-de-Perpignan.png\",\"datePublished\":\"2024-04-30T07:44:37+00:00\",\"dateModified\":\"2024-05-01T12:06:25+00:00\",\"description\":\"TOP 14 2023-2024 - L'USAP a annonc\u00e9 la prolongation de tous les membres de son staff pour deux saisons suppl\u00e9mentaires.\u00a0\",\"breadcrumb\":{\"@id\":\"https:\/\/dicodusport.fr\/blog\/transferts-usap-avenir-scelle-pour-le-staff-de-perpignan\/#breadcrumb\"},\"inLanguage\":\"fr-FR\",\"potentialAction\":[{\"@type\":\"ReadAction\",\"target\":[\"https:\/\/dicodusport.fr\/blog\/transferts-usap-avenir-scelle-pour-le-staff-de-perpignan\/\"]}]},{\"@type\":\"ImageObject\",\"inLanguage\":\"fr-FR\",\"@id\":\"https:\/\/dicodusport.fr\/blog\/transferts-usap-avenir-scelle-pour-le-staff-de-perpignan\/#primaryimage\",\"url\":\"https:\/\/dicodusport.fr\/blog\/wp-content\/uploads\/2024\/04\/Transferts-USAP-Avenir-scelle-pour-le-staff-de-Perpignan.png\",\"contentUrl\":\"https:\/\/dicodusport.fr\/blog\/wp-content\/uploads\/2024\/04\/Transferts-USAP-Avenir-scelle-pour-le-staff-de-Perpignan.png\",\"width\":1200,\"height\":674},{\"@type\":\"BreadcrumbList\",\"@id\":\"https:\/\/dicodusport.fr\/blog\/transferts-usap-avenir-scelle-pour-le-staff-de-perpignan\/#breadcrumb\",\"itemListElement\":[{\"@type\":\"ListItem\",\"position\":1,\"name\":\"Accueil\",\"item\":\"https:\/\/dicodusport.fr\/blog\/\"},{\"@type\":\"ListItem\",\"position\":2,\"name\":\"Transferts USAP : Avenir scell\u00e9 pour le staff de Perpignan\"}]},{\"@type\":\"WebSite\",\"@id\":\"https:\/\/dicodusport.fr\/blog\/#website\",\"url\":\"https:\/\/dicodusport.fr\/blog\/\",\"name\":\"Dicodusport\",\"description\":\"L&#039;encyclop\u00e9die de l&#039;actualit\u00e9 sportive\",\"publisher\":{\"@id\":\"https:\/\/dicodusport.fr\/blog\/#organization\"},\"potentialAction\":[{\"@type\":\"SearchAction\",\"target\":{\"@type\":\"EntryPoint\",\"urlTemplate\":\"https:\/\/dicodusport.fr\/blog\/?s={search_term_string}\"},\"query-input\":{\"@type\":\"PropertyValueSpecification\",\"valueRequired\":true,\"valueName\":\"search_term_string\"}}],\"inLanguage\":\"fr-FR\"},{\"@type\":\"NewsMediaOrganization\",\"@id\":\"https:\/\/dicodusport.fr\/blog\/#organization\",\"name\":\"Dicodusport\",\"url\":\"https:\/\/dicodusport.fr\/blog\/\",\"logo\":{\"@type\":\"ImageObject\",\"inLanguage\":\"fr-FR\",\"@id\":\"https:\/\/dicodusport.fr\/blog\/#\/schema\/logo\/image\/\",\"url\":\"https:\/\/dicodusport.fr\/blog\/wp-content\/uploads\/2020\/06\/cropped-LOGO-DICODUSPORT-2020-SANS-FOND-SANS-TEXTE.png\",\"contentUrl\":\"https:\/\/dicodusport.fr\/blog\/wp-content\/uploads\/2020\/06\/cropped-LOGO-DICODUSPORT-2020-SANS-FOND-SANS-TEXTE.png\",\"width\":512,\"height\":512,\"caption\":\"Dicodusport\"},\"image\":{\"@id\":\"https:\/\/dicodusport.fr\/blog\/#\/schema\/logo\/image\/\"},\"sameAs\":[\"https:\/\/www.facebook.com\/dicodusport\",\"https:\/\/x.com\/dicodusport\",\"https:\/\/www.instagram.com\/dicodusport\/\",\"https:\/\/www.youtube.com\/channel\/UC7V2KZ5sd3htJivAbA4ZG3w\"],\"description\":\"Dicodusport est l'encyclop\u00e9die de l'actualit\u00e9 sportive.\",\"email\":\"bonjour@dicodusport.fr\",\"legalName\":\"DICODUSPORT\",\"foundingDate\":\"2018-01-14\",\"vatID\":\"FR71834470973\",\"taxID\":\"83447097300043\",\"numberOfEmployees\":{\"@type\":\"QuantitativeValue\",\"minValue\":\"1\",\"maxValue\":\"10\"}},{\"@type\":\"Person\",\"@id\":\"https:\/\/dicodusport.fr\/blog\/#\/schema\/person\/55dcb50ad410894e431ed812bbb70191\",\"name\":\"Nicolas Jacquemard\",\"image\":{\"@type\":\"ImageObject\",\"inLanguage\":\"fr-FR\",\"@id\":\"https:\/\/dicodusport.fr\/blog\/#\/schema\/person\/image\/\",\"url\":\"https:\/\/dicodusport.fr\/blog\/wp-content\/uploads\/2021\/05\/Nicolas-Jacquemard-150x150.jpeg\",\"contentUrl\":\"https:\/\/dicodusport.fr\/blog\/wp-content\/uploads\/2021\/05\/Nicolas-Jacquemard-150x150.jpeg\",\"caption\":\"Nicolas Jacquemard\"},\"description\":\"Passionn\u00e9 de sport et entrepreneur depuis mes 18 ans, la cr\u00e9ation de Dicodusport m'a sembl\u00e9 \u00e9vidente pour participer \u00e0 la m\u00e9diatisation d'un plus grand nombre de sports. Le chemin est long mais avec une \u00e9quipe des plus motiv\u00e9es et les Jeux Olympiques de Paris 2024 en point de mire, nous y arriverons ! Journaliste dans le monde du sport depuis plus de 5 ans, je traite aussi bien de football, de rugby, de biathlon que de cyclisme.\",\"sameAs\":[\"https:\/\/www.facebook.com\/dicodusport\",\"https:\/\/x.com\/https:\/\/twitter.com\/Nico_Jacquemard\"],\"url\":\"https:\/\/dicodusport.fr\/blog\/author\/dicodusport\/\"}]}<\/script>\n<!-- \/ Yoast SEO Premium plugin. -->","yoast_head_json":{"title":"Transferts USAP : Avenir scell\u00e9 pour le staff de Perpignan","description":"TOP 14 2023-2024 - L'USAP a annonc\u00e9 la prolongation de tous les membres de son staff pour deux saisons suppl\u00e9mentaires.\u00a0","robots":{"index":"index","follow":"follow","max-snippet":"max-snippet:-1","max-image-preview":"max-image-preview:large","max-video-preview":"max-video-preview:-1"},"canonical":"https:\/\/dicodusport.fr\/blog\/transferts-usap-avenir-scelle-pour-le-staff-de-perpignan\/","og_locale":"fr_FR","og_type":"article","og_title":"Transferts USAP : Avenir scell\u00e9 pour le staff de Perpignan","og_description":"TOP 14 2023-2024 - L'USAP a annonc\u00e9 la prolongation de tous les membres de son staff pour deux saisons suppl\u00e9mentaires.\u00a0","og_url":"https:\/\/dicodusport.fr\/blog\/transferts-usap-avenir-scelle-pour-le-staff-de-perpignan\/","og_site_name":"Dicodusport","article_publisher":"https:\/\/www.facebook.com\/dicodusport","article_author":"https:\/\/www.facebook.com\/dicodusport","article_published_time":"2024-04-30T07:44:37+00:00","article_modified_time":"2024-05-01T12:06:25+00:00","og_image":[{"width":1200,"height":674,"url":"https:\/\/dicodusport.fr\/blog\/wp-content\/uploads\/2024\/04\/Transferts-USAP-Avenir-scelle-pour-le-staff-de-Perpignan.png","type":"image\/png"}],"author":"Nicolas Jacquemard","twitter_card":"summary_large_image","twitter_title":"Transferts USAP : Avenir scell\u00e9 pour le staff de Perpignan","twitter_creator":"@https:\/\/twitter.com\/Nico_Jacquemard","twitter_site":"@dicodusport","schema":{"@context":"https:\/\/schema.org","@graph":[{"@type":"NewsArticle","@id":"https:\/\/dicodusport.fr\/blog\/transferts-usap-avenir-scelle-pour-le-staff-de-perpignan\/#article","isPartOf":{"@id":"https:\/\/dicodusport.fr\/blog\/transferts-usap-avenir-scelle-pour-le-staff-de-perpignan\/"},"author":{"name":"Nicolas Jacquemard","@id":"https:\/\/dicodusport.fr\/blog\/#\/schema\/person\/55dcb50ad410894e431ed812bbb70191"},"headline":"Transferts USAP : Avenir scell\u00e9 pour le staff de Perpignan","datePublished":"2024-04-30T07:44:37+00:00","dateModified":"2024-05-01T12:06:25+00:00","mainEntityOfPage":{"@id":"https:\/\/dicodusport.fr\/blog\/transferts-usap-avenir-scelle-pour-le-staff-de-perpignan\/"},"wordCount":231,"commentCount":0,"publisher":{"@id":"https:\/\/dicodusport.fr\/blog\/#organization"},"image":{"@id":"https:\/\/dicodusport.fr\/blog\/transferts-usap-avenir-scelle-pour-le-staff-de-perpignan\/#primaryimage"},"thumbnailUrl":"https:\/\/dicodusport.fr\/blog\/wp-content\/uploads\/2024\/04\/Transferts-USAP-Avenir-scelle-pour-le-staff-de-Perpignan.png","keywords":["br\u00e8ve","Perpignan","USAP"],"articleSection":["Rugby \u00e0 XV","Top 14"],"inLanguage":"fr-FR","potentialAction":[{"@type":"CommentAction","name":"Comment","target":["https:\/\/dicodusport.fr\/blog\/transferts-usap-avenir-scelle-pour-le-staff-de-perpignan\/#respond"]}],"copyrightYear":"2024","copyrightHolder":{"@id":"https:\/\/dicodusport.fr\/blog\/#organization"}},{"@type":"WebPage","@id":"https:\/\/dicodusport.fr\/blog\/transferts-usap-avenir-scelle-pour-le-staff-de-perpignan\/","url":"https:\/\/dicodusport.fr\/blog\/transferts-usap-avenir-scelle-pour-le-staff-de-perpignan\/","name":"Transferts USAP : Avenir scell\u00e9 pour le staff de Perpignan","isPartOf":{"@id":"https:\/\/dicodusport.fr\/blog\/#website"},"primaryImageOfPage":{"@id":"https:\/\/dicodusport.fr\/blog\/transferts-usap-avenir-scelle-pour-le-staff-de-perpignan\/#primaryimage"},"image":{"@id":"https:\/\/dicodusport.fr\/blog\/transferts-usap-avenir-scelle-pour-le-staff-de-perpignan\/#primaryimage"},"thumbnailUrl":"https:\/\/dicodusport.fr\/blog\/wp-content\/uploads\/2024\/04\/Transferts-USAP-Avenir-scelle-pour-le-staff-de-Perpignan.png","datePublished":"2024-04-30T07:44:37+00:00","dateModified":"2024-05-01T12:06:25+00:00","description":"TOP 14 2023-2024 - L'USAP a annonc\u00e9 la prolongation de tous les membres de son staff pour deux saisons suppl\u00e9mentaires.\u00a0","breadcrumb":{"@id":"https:\/\/dicodusport.fr\/blog\/transferts-usap-avenir-scelle-pour-le-staff-de-perpignan\/#breadcrumb"},"inLanguage":"fr-FR","potentialAction":[{"@type":"ReadAction","target":["https:\/\/dicodusport.fr\/blog\/transferts-usap-avenir-scelle-pour-le-staff-de-perpignan\/"]}]},{"@type":"ImageObject","inLanguage":"fr-FR","@id":"https:\/\/dicodusport.fr\/blog\/transferts-usap-avenir-scelle-pour-le-staff-de-perpignan\/#primaryimage","url":"https:\/\/dicodusport.fr\/blog\/wp-content\/uploads\/2024\/04\/Transferts-USAP-Avenir-scelle-pour-le-staff-de-Perpignan.png","contentUrl":"https:\/\/dicodusport.fr\/blog\/wp-content\/uploads\/2024\/04\/Transferts-USAP-Avenir-scelle-pour-le-staff-de-Perpignan.png","width":1200,"height":674},{"@type":"BreadcrumbList","@id":"https:\/\/dicodusport.fr\/blog\/transferts-usap-avenir-scelle-pour-le-staff-de-perpignan\/#breadcrumb","itemListElement":[{"@type":"ListItem","position":1,"name":"Accueil","item":"https:\/\/dicodusport.fr\/blog\/"},{"@type":"ListItem","position":2,"name":"Transferts USAP : Avenir scell\u00e9 pour le staff de Perpignan"}]},{"@type":"WebSite","@id":"https:\/\/dicodusport.fr\/blog\/#website","url":"https:\/\/dicodusport.fr\/blog\/","name":"Dicodusport","description":"L&#039;encyclop\u00e9die de l&#039;actualit\u00e9 sportive","publisher":{"@id":"https:\/\/dicodusport.fr\/blog\/#organization"},"potentialAction":[{"@type":"SearchAction","target":{"@type":"EntryPoint","urlTemplate":"https:\/\/dicodusport.fr\/blog\/?s={search_term_string}"},"query-input":{"@type":"PropertyValueSpecification","valueRequired":true,"valueName":"search_term_string"}}],"inLanguage":"fr-FR"},{"@type":"NewsMediaOrganization","@id":"https:\/\/dicodusport.fr\/blog\/#organization","name":"Dicodusport","url":"https:\/\/dicodusport.fr\/blog\/","logo":{"@type":"ImageObject","inLanguage":"fr-FR","@id":"https:\/\/dicodusport.fr\/blog\/#\/schema\/logo\/image\/","url":"https:\/\/dicodusport.fr\/blog\/wp-content\/uploads\/2020\/06\/cropped-LOGO-DICODUSPORT-2020-SANS-FOND-SANS-TEXTE.png","contentUrl":"https:\/\/dicodusport.fr\/blog\/wp-content\/uploads\/2020\/06\/cropped-LOGO-DICODUSPORT-2020-SANS-FOND-SANS-TEXTE.png","width":512,"height":512,"caption":"Dicodusport"},"image":{"@id":"https:\/\/dicodusport.fr\/blog\/#\/schema\/logo\/image\/"},"sameAs":["https:\/\/www.facebook.com\/dicodusport","https:\/\/x.com\/dicodusport","https:\/\/www.instagram.com\/dicodusport\/","https:\/\/www.youtube.com\/channel\/UC7V2KZ5sd3htJivAbA4ZG3w"],"description":"Dicodusport est l'encyclop\u00e9die de l'actualit\u00e9 sportive.","email":"bonjour@dicodusport.fr","legalName":"DICODUSPORT","foundingDate":"2018-01-14","vatID":"FR71834470973","taxID":"83447097300043","numberOfEmployees":{"@type":"QuantitativeValue","minValue":"1","maxValue":"10"}},{"@type":"Person","@id":"https:\/\/dicodusport.fr\/blog\/#\/schema\/person\/55dcb50ad410894e431ed812bbb70191","name":"Nicolas Jacquemard","image":{"@type":"ImageObject","inLanguage":"fr-FR","@id":"https:\/\/dicodusport.fr\/blog\/#\/schema\/person\/image\/","url":"https:\/\/dicodusport.fr\/blog\/wp-content\/uploads\/2021\/05\/Nicolas-Jacquemard-150x150.jpeg","contentUrl":"https:\/\/dicodusport.fr\/blog\/wp-content\/uploads\/2021\/05\/Nicolas-Jacquemard-150x150.jpeg","caption":"Nicolas Jacquemard"},"description":"Passionn\u00e9 de sport et entrepreneur depuis mes 18 ans, la cr\u00e9ation de Dicodusport m'a sembl\u00e9 \u00e9vidente pour participer \u00e0 la m\u00e9diatisation d'un plus grand nombre de sports. Le chemin est long mais avec une \u00e9quipe des plus motiv\u00e9es et les Jeux Olympiques de Paris 2024 en point de mire, nous y arriverons ! Journaliste dans le monde du sport depuis plus de 5 ans, je traite aussi bien de football, de rugby, de biathlon que de cyclisme.","sameAs":["https:\/\/www.facebook.com\/dicodusport","https:\/\/x.com\/https:\/\/twitter.com\/Nico_Jacquemard"],"url":"https:\/\/dicodusport.fr\/blog\/author\/dicodusport\/"}]}},"_links":{"self":[{"href":"https:\/\/dicodusport.fr\/blog\/wp-json\/wp\/v2\/posts\/482446","targetHints":{"allow":["GET"]}}],"collection":[{"href":"https:\/\/dicodusport.fr\/blog\/wp-json\/wp\/v2\/posts"}],"about":[{"href":"https:\/\/dicodusport.fr\/blog\/wp-json\/wp\/v2\/types\/post"}],"author":[{"embeddable":true,"href":"https:\/\/dicodusport.fr\/blog\/wp-json\/wp\/v2\/users\/1"}],"replies":[{"embeddable":true,"href":"https:\/\/dicodusport.fr\/blog\/wp-json\/wp\/v2\/comments?post=482446"}],"version-history":[{"count":3,"href":"https:\/\/dicodusport.fr\/blog\/wp-json\/wp\/v2\/posts\/482446\/revisions"}],"predecessor-version":[{"id":482660,"href":"https:\/\/dicodusport.fr\/blog\/wp-json\/wp\/v2\/posts\/482446\/revisions\/482660"}],"wp:featuredmedia":[{"embeddable":true,"href":"https:\/\/dicodusport.fr\/blog\/wp-json\/wp\/v2\/media\/482453"}],"wp:attachment":[{"href":"https:\/\/dicodusport.fr\/blog\/wp-json\/wp\/v2\/media?parent=482446"}],"wp:term":[{"taxonomy":"category","embeddable":true,"href":"https:\/\/dicodusport.fr\/blog\/wp-json\/wp\/v2\/categories?post=482446"},{"taxonomy":"post_tag","embeddable":true,"href":"https:\/\/dicodusport.fr\/blog\/wp-json\/wp\/v2\/tags?post=482446"}],"curies":[{"name":"wp","href":"https:\/\/api.w.org\/{rel}","templated":true}]}}