{"id":482457,"date":"2024-07-09T14:48:05","date_gmt":"2024-07-09T12:48:05","guid":{"rendered":"https:\/\/dicodusport.fr\/blog\/?p=482457&#038;preview=true&#038;preview_id=482457"},"modified":"2024-07-09T16:30:30","modified_gmt":"2024-07-09T14:30:30","slug":"jo-2024-ces-bleus-qui-peuvent-surprendre-pablo-mateo-athletisme","status":"publish","type":"post","link":"https:\/\/dicodusport.fr\/blog\/jo-2024-ces-bleus-qui-peuvent-surprendre-pablo-mateo-athletisme\/","title":{"rendered":"JO 2024, ces Bleus qui peuvent surprendre : Pablo Mat\u00e9o (athl\u00e9tisme)"},"content":{"rendered":"<p style=\"text-align: justify;\"><strong><em><a href=\"https:\/\/dicodusport.fr\/blog\/jo-paris-2024\/\">JO PARIS 2024<\/a> &#8211; Loin de se livrer au jeu des pronostics, Dicodusport vous propose de d\u00e9couvrir une s\u00e9rie d&rsquo;athl\u00e8tes fran\u00e7ais qui pourraient profiter des Jeux Olympiques pour se r\u00e9v\u00e9ler un peu plus aux yeux du grand public. Non cit\u00e9s parmi les favoris, parfois m\u00e9connus ou fort d&rsquo;un palmar\u00e8s peu fourni, certains d&rsquo;entre eux ont tout pour briller \u00e0 Paris. De l\u00e0 \u00e0 aller chercher une m\u00e9daille, seul l&rsquo;avenir nous le dira. Aujourd&rsquo;hui, focus sur le sprinteur Pablo Mat\u00e9o.<\/em><\/strong><\/p>\n<ul>\n<li style=\"text-align: justify;\"><strong>\u00c0 ce sujet &#8211; <a href=\"https:\/\/dicodusport.fr\/blog\/jo-2024-potentielles-surprises-francaises-1-equipe-de-france-masculine-water-polo\/\">JO 2024, ces Bleus qui peuvent surprendre : L\u2019\u00e9quipe de France masculine de water-polo<\/a>\u00a0<\/strong><\/li>\n<\/ul>\n<h2>Direction les \u00c9tats-Unis<\/h2>\n<p style=\"text-align: justify;\">En d\u00e9but de saison, il fallait avoir les yeux riv\u00e9s outre-Atlantique si l&rsquo;on s&rsquo;estimait \u00eatre un amateur d&rsquo;athl\u00e9tisme. En effet, \u00e0 ce stade de l&rsquo;ann\u00e9e, alors que les meetings de Ligue de Diamant reprenaient doucement leur rythme, la saison estivale \u00e9tait d\u00e9j\u00e0 bien lanc\u00e9e aux \u00c9tats-Unis. La raison ? Les universit\u00e9s am\u00e9ricaines se livrent bataille \u00e0 cette p\u00e9riode lors de comp\u00e9titions offrant des plateaux tr\u00e8s relev\u00e9s. De tr\u00e8s nombreux athl\u00e8tes am\u00e9ricains &#8211; et mondiaux &#8211; sont effectivement li\u00e9s \u00e0 une universit\u00e9. Le syst\u00e8me universitaire am\u00e9ricain et l&rsquo;agence Track and field &#8211; Elite Athletes apparaissent pour beaucoup comme le meilleur moyen de lier le sport \u00e0 haut niveau et les \u00e9tudes.<\/p>\n<p style=\"text-align: justify;\">De fait, il ne faut pas chercher plus loin pour comprendre l&rsquo;int\u00e9r\u00eat autour de ces comp\u00e9titions printani\u00e8res. Du c\u00f4t\u00e9 des Fran\u00e7ais, nombre d&rsquo;entre eux ont d\u00e9cid\u00e9 d&rsquo;aller fouler les tartans am\u00e9ricains. Parmi eux, <strong>Pablo Mat\u00e9o<\/strong>, sprinteur de 23 ans, s\u00e9lectionn\u00e9 au sein du 4x100m lors des derniers championnats d&rsquo;Europe en 2022, et du monde en 2023, mais qui ne comptait encore aucune s\u00e9lection individuelle en grand championnat. Le moins que l&rsquo;on puisse dire est que le jeune sprinteur semble avoir pass\u00e9 un cap, tant il a impressionn\u00e9.<\/p>\n<p style=\"text-align: justify;\">Sa saison estivale a d\u00e9but\u00e9 t\u00f4t, tr\u00e8s t\u00f4t m\u00eame. Le 16 mars dernier, le natif d&rsquo;Evry disputait l&rsquo;Arizona spring break fiesta, modeste comp\u00e9tition dont les listes de d\u00e9part ne contenaient aucun grand nom. Sa participation s&rsquo;inscrivait ainsi dans le cadre du programme men\u00e9 par l&rsquo;ancien sauteur en hauteur fran\u00e7ais, <strong>Mickael Hanany<\/strong>, le Hanany Oly Projet. L&rsquo;\u00e9quipe d&rsquo;athl\u00e8tes, bas\u00e9e \u00e0 El Paso au Texas, alignait ainsi plusieurs de ses membres comme <strong>Fanny Peltier<\/strong> ou <strong>Ryan Zeze<\/strong>. <strong>Mat\u00e9o<\/strong> signait donc, pour sa rentr\u00e9e, deux chronos tr\u00e8s probants de 10.17 sur 100m et 20.25 sur 200m. Remarquable performance alors que son record personnel \u00e9tait alors de 20.82.<\/p>\n<h2>Un nouveau cap de franchi<\/h2>\n<p style=\"text-align: justify;\">Mais le Fran\u00e7ais ne s&rsquo;est pas content\u00e9 de ces temps. Align\u00e9 sur les Texas Relays, dont les listes de d\u00e9part pr\u00e9sentaient des noms plus connus &#8211; <strong>Chijindu Ujah, Emmanuel Matadi<\/strong> ou encore <strong>Sondre Guttormsen<\/strong> et <strong>Josephus Lyles<\/strong> &#8211; le Fran\u00e7ais crevait l&rsquo;\u00e9cran. Auteur de 20.03 sur 200m (vent \u00e0 la limite autoris\u00e9e, 2m\/s) et 9.92 sur 100m (3m\/s, chrono non homologu\u00e9), <strong>Pablo Mat\u00e9o<\/strong> <a href=\"https:\/\/dicodusport.fr\/blog\/athletisme-minima-olympiques-pour-pablo-mateo-sur-200-m\/\">validait ainsi les<em> minima<\/em> olympiques sur le demi-tour de piste<\/a>. En 2022, ce chrono lui aurait permis de d\u00e9crocher l&rsquo;or aux Championnats d&rsquo;Europe tandis qu&rsquo;il aurait \u00e9t\u00e9 le troisi\u00e8me performeur europ\u00e9en la saison derni\u00e8re. Il devient ainsi le troisi\u00e8me performeur fran\u00e7ais de l&rsquo;histoire sur la distance.<\/p>\n<blockquote class=\"twitter-tweet\">\n<p dir=\"ltr\" lang=\"en\">2024 TOP 3 BEST 100M TIMES!!\ud83d\udc40<\/p>\n<p>Isaac BOTSIO \ud83c\uddec\ud83c\udded ran 9.90s(+2.2) at the Jo Meaker Classic &amp; Multi!<\/p>\n<p>Kenneth BEDNAREK \ud83c\uddfa\ud83c\uddf2 ran 9.91s(+2.2) at the Kip Keino Classic!<\/p>\n<p>Pablo MATEO \ud83c\uddeb\ud83c\uddf7 ran 9.92s(+3.0) at the Texas Relays!<\/p>\n<p>\ud83d\udcf8: les_athletes_francais\/IG <a href=\"https:\/\/t.co\/4nZI62Sy3e\">pic.twitter.com\/4nZI62Sy3e<\/a><\/p>\n<p>\u2014 Track Extreme | Track and Field (@TrackExtremeTV) <a href=\"https:\/\/twitter.com\/TrackExtremeTV\/status\/1784603852781896084?ref_src=twsrc%5Etfw\">April 28, 2024<\/a><\/p><\/blockquote>\n<p><script async src=\"https:\/\/platform.twitter.com\/widgets.js\" charset=\"utf-8\"><\/script><\/p>\n<p style=\"text-align: justify;\">Le 26 avril, Mat\u00e9o validait ce nouveau statut en r\u00e9alisant 20&Prime;12 lors des East Coast Relays de Jakcsonville en Floride, o\u00f9 de nombreux Fran\u00e7ais \u00e9taient pr\u00e9sents en stage afin de pr\u00e9parer les Relais Mondiaux qui se sont tenus d\u00e9but mai. N\u00e9anmoins, ce temps, r\u00e9alis\u00e9 dans des conditions de vent au-del\u00e0 de la limite autoris\u00e9e (3,1m\/s) n&rsquo;a pas \u00e9t\u00e9 homologu\u00e9.<\/p>\n<h2>Une premi\u00e8re participation aux Championnats d&rsquo;Europe d\u00e9but juin<\/h2>\n<p style=\"text-align: justify;\">L&rsquo;essentiel est ailleurs. La France, \u00e0 la peine depuis quelques saisons sur le sprint, se trouve peut-\u00eatre \u00e0 travers <strong>Mat\u00e9o<\/strong>, un nouveau <em>leader<\/em> \u00e0 quelques semaines des Jeux. N\u00e9anmoins, cela ne sera pas sur 100m o\u00f9 le Fran\u00e7ais n&rsquo;a pas r\u00e9alis\u00e9 les <em>minima<\/em> demand\u00e9s (10.00). Il s&rsquo;en est approch\u00e9 lors des Championnats de France en s&rsquo;imposant en finale avec un temps de 10.08. Pour la premi\u00e8re fois, depuis 1932, aucun tricolore ne disputera l&rsquo;\u00e9preuve reine de l&rsquo;athl\u00e9tisme.<\/p>\n<p style=\"text-align: justify;\">Le Fran\u00e7ais disputera n\u00e9anmoins le 200m et sera sans doute revenchard apr\u00e8s sa disqualification en finale lors des Championnats d&rsquo;Europe, d\u00e9but juin, alors qu&rsquo;il venait de remporter sa demi-finale. Une premi\u00e8re exp\u00e9rience am\u00e8re, accompagn\u00e9e d&rsquo;une 8e place sur 100m, lui qui venait de perdre son fr\u00e8re, quelques jours auparavant.<\/p>\n<p style=\"text-align: justify;\">Si la m\u00e9daille est pour l&rsquo;heure utopique sur 200m, une place en finale serait d\u00e9j\u00e0 une performance remarquable. Mais un autre objectif est sans doute dans un coin de sa t\u00eate&#8230; le record de France du 200m, d\u00e9tenu par Christophe Lemaitre, en 19.80&#8230;<\/p>\n","protected":false},"excerpt":{"rendered":"<p>Focus sur Pablo Mat\u00e9o (athl\u00e9tisme).<\/p>\n","protected":false},"author":91,"featured_media":499170,"comment_status":"open","ping_status":"closed","sticky":false,"template":"","format":"standard","meta":{"_acf_changed":false,"_daextam_enable_autolinks":"1","footnotes":""},"categories":[2308,8436],"tags":[143,16878,1506,32822,24],"class_list":["post-482457","post","type-post","status-publish","format-standard","has-post-thumbnail","hentry","category-athletisme","category-jo-paris-2024","tag-athletisme","tag-breve","tag-jeux-olympiques-2024","tag-pablo-mateo","tag-sport"],"acf":[],"yoast_head":"<!-- This site is optimized with the Yoast SEO Premium plugin v26.7 (Yoast SEO v26.7) - https:\/\/yoast.com\/wordpress\/plugins\/seo\/ -->\n<title>JO 2024, ces Bleus qui peuvent surprendre : Pablo Mat\u00e9o (athl\u00e9tisme)<\/title>\n<meta name=\"description\" content=\"JO 2024 - Dicodusport vous fait d\u00e9couvrir de potentielles surprises fran\u00e7aises aux JO 2024. Focus sur Pablo Mat\u00e9o (athl\u00e9tisme).\" \/>\n<meta name=\"robots\" content=\"index, follow, max-snippet:-1, max-image-preview:large, max-video-preview:-1\" \/>\n<link rel=\"canonical\" href=\"https:\/\/dicodusport.fr\/blog\/jo-2024-ces-bleus-qui-peuvent-surprendre-pablo-mateo-athletisme\/\" \/>\n<meta property=\"og:locale\" content=\"fr_FR\" \/>\n<meta property=\"og:type\" content=\"article\" \/>\n<meta property=\"og:title\" content=\"JO 2024, ces Bleus qui peuvent surprendre : Pablo Mat\u00e9o (athl\u00e9tisme)\" \/>\n<meta property=\"og:description\" content=\"JO 2024 - Dicodusport vous fait d\u00e9couvrir de potentielles surprises fran\u00e7aises aux JO 2024. Focus sur Pablo Mat\u00e9o (athl\u00e9tisme).\" \/>\n<meta property=\"og:url\" content=\"https:\/\/dicodusport.fr\/blog\/jo-2024-ces-bleus-qui-peuvent-surprendre-pablo-mateo-athletisme\/\" \/>\n<meta property=\"og:site_name\" content=\"Dicodusport\" \/>\n<meta property=\"article:publisher\" content=\"https:\/\/www.facebook.com\/dicodusport\" \/>\n<meta property=\"article:published_time\" content=\"2024-07-09T12:48:05+00:00\" \/>\n<meta property=\"article:modified_time\" content=\"2024-07-09T14:30:30+00:00\" \/>\n<meta property=\"og:image\" content=\"https:\/\/dicodusport.fr\/blog\/wp-content\/uploads\/2024\/07\/JO-2024-ces-Bleus-qui-peuvent-surprendre-Pablo-Mateo-athletisme.png\" \/>\n\t<meta property=\"og:image:width\" content=\"1200\" \/>\n\t<meta property=\"og:image:height\" content=\"674\" \/>\n\t<meta property=\"og:image:type\" content=\"image\/png\" \/>\n<meta name=\"author\" content=\"Victor Clot-Amiot\" \/>\n<meta name=\"twitter:card\" content=\"summary_large_image\" \/>\n<meta name=\"twitter:title\" content=\"JO 2024, ces Bleus qui peuvent surprendre : Pablo Mat\u00e9o (athl\u00e9tisme)\" \/>\n<meta name=\"twitter:creator\" content=\"@https:\/\/x.com\/VictorClotAmiot\" \/>\n<meta name=\"twitter:site\" content=\"@dicodusport\" \/>\n<script type=\"application\/ld+json\" class=\"yoast-schema-graph\">{\"@context\":\"https:\/\/schema.org\",\"@graph\":[{\"@type\":\"NewsArticle\",\"@id\":\"https:\/\/dicodusport.fr\/blog\/jo-2024-ces-bleus-qui-peuvent-surprendre-pablo-mateo-athletisme\/#article\",\"isPartOf\":{\"@id\":\"https:\/\/dicodusport.fr\/blog\/jo-2024-ces-bleus-qui-peuvent-surprendre-pablo-mateo-athletisme\/\"},\"author\":{\"name\":\"Victor Clot-Amiot\",\"@id\":\"https:\/\/dicodusport.fr\/blog\/#\/schema\/person\/b623199cba9ba90fe84a3d16e9282360\"},\"headline\":\"JO 2024, ces Bleus qui peuvent surprendre : Pablo Mat\u00e9o (athl\u00e9tisme)\",\"datePublished\":\"2024-07-09T12:48:05+00:00\",\"dateModified\":\"2024-07-09T14:30:30+00:00\",\"mainEntityOfPage\":{\"@id\":\"https:\/\/dicodusport.fr\/blog\/jo-2024-ces-bleus-qui-peuvent-surprendre-pablo-mateo-athletisme\/\"},\"wordCount\":920,\"commentCount\":0,\"publisher\":{\"@id\":\"https:\/\/dicodusport.fr\/blog\/#organization\"},\"image\":{\"@id\":\"https:\/\/dicodusport.fr\/blog\/jo-2024-ces-bleus-qui-peuvent-surprendre-pablo-mateo-athletisme\/#primaryimage\"},\"thumbnailUrl\":\"https:\/\/dicodusport.fr\/blog\/wp-content\/uploads\/2024\/07\/JO-2024-ces-Bleus-qui-peuvent-surprendre-Pablo-Mateo-athletisme.png\",\"keywords\":[\"Athl\u00e9tisme\",\"br\u00e8ve\",\"Jeux olympiques 2024\",\"Pablo Mateo\",\"sport\"],\"articleSection\":[\"Athl\u00e9tisme\",\"JO Paris 2024\"],\"inLanguage\":\"fr-FR\",\"potentialAction\":[{\"@type\":\"CommentAction\",\"name\":\"Comment\",\"target\":[\"https:\/\/dicodusport.fr\/blog\/jo-2024-ces-bleus-qui-peuvent-surprendre-pablo-mateo-athletisme\/#respond\"]}],\"copyrightYear\":\"2024\",\"copyrightHolder\":{\"@id\":\"https:\/\/dicodusport.fr\/blog\/#organization\"}},{\"@type\":\"WebPage\",\"@id\":\"https:\/\/dicodusport.fr\/blog\/jo-2024-ces-bleus-qui-peuvent-surprendre-pablo-mateo-athletisme\/\",\"url\":\"https:\/\/dicodusport.fr\/blog\/jo-2024-ces-bleus-qui-peuvent-surprendre-pablo-mateo-athletisme\/\",\"name\":\"JO 2024, ces Bleus qui peuvent surprendre : Pablo Mat\u00e9o (athl\u00e9tisme)\",\"isPartOf\":{\"@id\":\"https:\/\/dicodusport.fr\/blog\/#website\"},\"primaryImageOfPage\":{\"@id\":\"https:\/\/dicodusport.fr\/blog\/jo-2024-ces-bleus-qui-peuvent-surprendre-pablo-mateo-athletisme\/#primaryimage\"},\"image\":{\"@id\":\"https:\/\/dicodusport.fr\/blog\/jo-2024-ces-bleus-qui-peuvent-surprendre-pablo-mateo-athletisme\/#primaryimage\"},\"thumbnailUrl\":\"https:\/\/dicodusport.fr\/blog\/wp-content\/uploads\/2024\/07\/JO-2024-ces-Bleus-qui-peuvent-surprendre-Pablo-Mateo-athletisme.png\",\"datePublished\":\"2024-07-09T12:48:05+00:00\",\"dateModified\":\"2024-07-09T14:30:30+00:00\",\"description\":\"JO 2024 - Dicodusport vous fait d\u00e9couvrir de potentielles surprises fran\u00e7aises aux JO 2024. Focus sur Pablo Mat\u00e9o (athl\u00e9tisme).\",\"breadcrumb\":{\"@id\":\"https:\/\/dicodusport.fr\/blog\/jo-2024-ces-bleus-qui-peuvent-surprendre-pablo-mateo-athletisme\/#breadcrumb\"},\"inLanguage\":\"fr-FR\",\"potentialAction\":[{\"@type\":\"ReadAction\",\"target\":[\"https:\/\/dicodusport.fr\/blog\/jo-2024-ces-bleus-qui-peuvent-surprendre-pablo-mateo-athletisme\/\"]}]},{\"@type\":\"ImageObject\",\"inLanguage\":\"fr-FR\",\"@id\":\"https:\/\/dicodusport.fr\/blog\/jo-2024-ces-bleus-qui-peuvent-surprendre-pablo-mateo-athletisme\/#primaryimage\",\"url\":\"https:\/\/dicodusport.fr\/blog\/wp-content\/uploads\/2024\/07\/JO-2024-ces-Bleus-qui-peuvent-surprendre-Pablo-Mateo-athletisme.png\",\"contentUrl\":\"https:\/\/dicodusport.fr\/blog\/wp-content\/uploads\/2024\/07\/JO-2024-ces-Bleus-qui-peuvent-surprendre-Pablo-Mateo-athletisme.png\",\"width\":1200,\"height\":674,\"caption\":\"JO 2024, ces Bleus qui peuvent surprendre Pablo Mat\u00e9o athl\u00e9tisme\"},{\"@type\":\"BreadcrumbList\",\"@id\":\"https:\/\/dicodusport.fr\/blog\/jo-2024-ces-bleus-qui-peuvent-surprendre-pablo-mateo-athletisme\/#breadcrumb\",\"itemListElement\":[{\"@type\":\"ListItem\",\"position\":1,\"name\":\"Accueil\",\"item\":\"https:\/\/dicodusport.fr\/blog\/\"},{\"@type\":\"ListItem\",\"position\":2,\"name\":\"JO 2024, ces Bleus qui peuvent surprendre : Pablo Mat\u00e9o (athl\u00e9tisme)\"}]},{\"@type\":\"WebSite\",\"@id\":\"https:\/\/dicodusport.fr\/blog\/#website\",\"url\":\"https:\/\/dicodusport.fr\/blog\/\",\"name\":\"Dicodusport\",\"description\":\"L&#039;encyclop\u00e9die de l&#039;actualit\u00e9 sportive\",\"publisher\":{\"@id\":\"https:\/\/dicodusport.fr\/blog\/#organization\"},\"potentialAction\":[{\"@type\":\"SearchAction\",\"target\":{\"@type\":\"EntryPoint\",\"urlTemplate\":\"https:\/\/dicodusport.fr\/blog\/?s={search_term_string}\"},\"query-input\":{\"@type\":\"PropertyValueSpecification\",\"valueRequired\":true,\"valueName\":\"search_term_string\"}}],\"inLanguage\":\"fr-FR\"},{\"@type\":\"NewsMediaOrganization\",\"@id\":\"https:\/\/dicodusport.fr\/blog\/#organization\",\"name\":\"Dicodusport\",\"url\":\"https:\/\/dicodusport.fr\/blog\/\",\"logo\":{\"@type\":\"ImageObject\",\"inLanguage\":\"fr-FR\",\"@id\":\"https:\/\/dicodusport.fr\/blog\/#\/schema\/logo\/image\/\",\"url\":\"https:\/\/dicodusport.fr\/blog\/wp-content\/uploads\/2020\/06\/cropped-LOGO-DICODUSPORT-2020-SANS-FOND-SANS-TEXTE.png\",\"contentUrl\":\"https:\/\/dicodusport.fr\/blog\/wp-content\/uploads\/2020\/06\/cropped-LOGO-DICODUSPORT-2020-SANS-FOND-SANS-TEXTE.png\",\"width\":512,\"height\":512,\"caption\":\"Dicodusport\"},\"image\":{\"@id\":\"https:\/\/dicodusport.fr\/blog\/#\/schema\/logo\/image\/\"},\"sameAs\":[\"https:\/\/www.facebook.com\/dicodusport\",\"https:\/\/x.com\/dicodusport\",\"https:\/\/www.instagram.com\/dicodusport\/\",\"https:\/\/www.youtube.com\/channel\/UC7V2KZ5sd3htJivAbA4ZG3w\"],\"description\":\"Dicodusport est l'encyclop\u00e9die de l'actualit\u00e9 sportive.\",\"email\":\"bonjour@dicodusport.fr\",\"legalName\":\"DICODUSPORT\",\"foundingDate\":\"2018-01-14\",\"vatID\":\"FR71834470973\",\"taxID\":\"83447097300043\",\"numberOfEmployees\":{\"@type\":\"QuantitativeValue\",\"minValue\":\"1\",\"maxValue\":\"10\"}},{\"@type\":\"Person\",\"@id\":\"https:\/\/dicodusport.fr\/blog\/#\/schema\/person\/b623199cba9ba90fe84a3d16e9282360\",\"name\":\"Victor Clot-Amiot\",\"image\":{\"@type\":\"ImageObject\",\"inLanguage\":\"fr-FR\",\"@id\":\"https:\/\/dicodusport.fr\/blog\/#\/schema\/person\/image\/\",\"url\":\"https:\/\/dicodusport.fr\/blog\/wp-content\/uploads\/2023\/09\/IMG_20190826_114722-150x150.jpg\",\"contentUrl\":\"https:\/\/dicodusport.fr\/blog\/wp-content\/uploads\/2023\/09\/IMG_20190826_114722-150x150.jpg\",\"caption\":\"Victor Clot-Amiot\"},\"description\":\"Passionn\u00e9 de sport depuis toujours, un jour \u00e0 l'adolescence mes parents m'ont dit : \\\"quitte \u00e0 passer ton temps \u00e0 regarder du sport, au moins va le voir en vrai\\\" ! Depuis, cette remarque ne m'a plus quitt\u00e9 et je passe une grande partie de mon temps libre \u00e0 assister \u00e0 des comp\u00e9titions de tous sports. Je m\u00eale d'ailleurs mes deux passions, le sport et les voyages afin de faire une pierre deux coups ! Outre l'US Open ou l'Euro 2021 par exemple, j'ai assist\u00e9 cet \u00e9t\u00e9 aux Mondiaux d'athl\u00e9tisme \u00e0 Budapest. Mon plus gros coup dur est et restera les JO 2020-2021 pour lesquels j'avais r\u00e9serv\u00e9 17 \u00e9preuves. La suite, vous la connaissez...\",\"sameAs\":[\"https:\/\/x.com\/https:\/\/x.com\/VictorClotAmiot\"],\"url\":\"https:\/\/dicodusport.fr\/blog\/author\/victor-clot-amiot\/\"}]}<\/script>\n<!-- \/ Yoast SEO Premium plugin. -->","yoast_head_json":{"title":"JO 2024, ces Bleus qui peuvent surprendre : Pablo Mat\u00e9o (athl\u00e9tisme)","description":"JO 2024 - Dicodusport vous fait d\u00e9couvrir de potentielles surprises fran\u00e7aises aux JO 2024. Focus sur Pablo Mat\u00e9o (athl\u00e9tisme).","robots":{"index":"index","follow":"follow","max-snippet":"max-snippet:-1","max-image-preview":"max-image-preview:large","max-video-preview":"max-video-preview:-1"},"canonical":"https:\/\/dicodusport.fr\/blog\/jo-2024-ces-bleus-qui-peuvent-surprendre-pablo-mateo-athletisme\/","og_locale":"fr_FR","og_type":"article","og_title":"JO 2024, ces Bleus qui peuvent surprendre : Pablo Mat\u00e9o (athl\u00e9tisme)","og_description":"JO 2024 - Dicodusport vous fait d\u00e9couvrir de potentielles surprises fran\u00e7aises aux JO 2024. Focus sur Pablo Mat\u00e9o (athl\u00e9tisme).","og_url":"https:\/\/dicodusport.fr\/blog\/jo-2024-ces-bleus-qui-peuvent-surprendre-pablo-mateo-athletisme\/","og_site_name":"Dicodusport","article_publisher":"https:\/\/www.facebook.com\/dicodusport","article_published_time":"2024-07-09T12:48:05+00:00","article_modified_time":"2024-07-09T14:30:30+00:00","og_image":[{"width":1200,"height":674,"url":"https:\/\/dicodusport.fr\/blog\/wp-content\/uploads\/2024\/07\/JO-2024-ces-Bleus-qui-peuvent-surprendre-Pablo-Mateo-athletisme.png","type":"image\/png"}],"author":"Victor Clot-Amiot","twitter_card":"summary_large_image","twitter_title":"JO 2024, ces Bleus qui peuvent surprendre : Pablo Mat\u00e9o (athl\u00e9tisme)","twitter_creator":"@https:\/\/x.com\/VictorClotAmiot","twitter_site":"@dicodusport","schema":{"@context":"https:\/\/schema.org","@graph":[{"@type":"NewsArticle","@id":"https:\/\/dicodusport.fr\/blog\/jo-2024-ces-bleus-qui-peuvent-surprendre-pablo-mateo-athletisme\/#article","isPartOf":{"@id":"https:\/\/dicodusport.fr\/blog\/jo-2024-ces-bleus-qui-peuvent-surprendre-pablo-mateo-athletisme\/"},"author":{"name":"Victor Clot-Amiot","@id":"https:\/\/dicodusport.fr\/blog\/#\/schema\/person\/b623199cba9ba90fe84a3d16e9282360"},"headline":"JO 2024, ces Bleus qui peuvent surprendre : Pablo Mat\u00e9o (athl\u00e9tisme)","datePublished":"2024-07-09T12:48:05+00:00","dateModified":"2024-07-09T14:30:30+00:00","mainEntityOfPage":{"@id":"https:\/\/dicodusport.fr\/blog\/jo-2024-ces-bleus-qui-peuvent-surprendre-pablo-mateo-athletisme\/"},"wordCount":920,"commentCount":0,"publisher":{"@id":"https:\/\/dicodusport.fr\/blog\/#organization"},"image":{"@id":"https:\/\/dicodusport.fr\/blog\/jo-2024-ces-bleus-qui-peuvent-surprendre-pablo-mateo-athletisme\/#primaryimage"},"thumbnailUrl":"https:\/\/dicodusport.fr\/blog\/wp-content\/uploads\/2024\/07\/JO-2024-ces-Bleus-qui-peuvent-surprendre-Pablo-Mateo-athletisme.png","keywords":["Athl\u00e9tisme","br\u00e8ve","Jeux olympiques 2024","Pablo Mateo","sport"],"articleSection":["Athl\u00e9tisme","JO Paris 2024"],"inLanguage":"fr-FR","potentialAction":[{"@type":"CommentAction","name":"Comment","target":["https:\/\/dicodusport.fr\/blog\/jo-2024-ces-bleus-qui-peuvent-surprendre-pablo-mateo-athletisme\/#respond"]}],"copyrightYear":"2024","copyrightHolder":{"@id":"https:\/\/dicodusport.fr\/blog\/#organization"}},{"@type":"WebPage","@id":"https:\/\/dicodusport.fr\/blog\/jo-2024-ces-bleus-qui-peuvent-surprendre-pablo-mateo-athletisme\/","url":"https:\/\/dicodusport.fr\/blog\/jo-2024-ces-bleus-qui-peuvent-surprendre-pablo-mateo-athletisme\/","name":"JO 2024, ces Bleus qui peuvent surprendre : Pablo Mat\u00e9o (athl\u00e9tisme)","isPartOf":{"@id":"https:\/\/dicodusport.fr\/blog\/#website"},"primaryImageOfPage":{"@id":"https:\/\/dicodusport.fr\/blog\/jo-2024-ces-bleus-qui-peuvent-surprendre-pablo-mateo-athletisme\/#primaryimage"},"image":{"@id":"https:\/\/dicodusport.fr\/blog\/jo-2024-ces-bleus-qui-peuvent-surprendre-pablo-mateo-athletisme\/#primaryimage"},"thumbnailUrl":"https:\/\/dicodusport.fr\/blog\/wp-content\/uploads\/2024\/07\/JO-2024-ces-Bleus-qui-peuvent-surprendre-Pablo-Mateo-athletisme.png","datePublished":"2024-07-09T12:48:05+00:00","dateModified":"2024-07-09T14:30:30+00:00","description":"JO 2024 - Dicodusport vous fait d\u00e9couvrir de potentielles surprises fran\u00e7aises aux JO 2024. Focus sur Pablo Mat\u00e9o (athl\u00e9tisme).","breadcrumb":{"@id":"https:\/\/dicodusport.fr\/blog\/jo-2024-ces-bleus-qui-peuvent-surprendre-pablo-mateo-athletisme\/#breadcrumb"},"inLanguage":"fr-FR","potentialAction":[{"@type":"ReadAction","target":["https:\/\/dicodusport.fr\/blog\/jo-2024-ces-bleus-qui-peuvent-surprendre-pablo-mateo-athletisme\/"]}]},{"@type":"ImageObject","inLanguage":"fr-FR","@id":"https:\/\/dicodusport.fr\/blog\/jo-2024-ces-bleus-qui-peuvent-surprendre-pablo-mateo-athletisme\/#primaryimage","url":"https:\/\/dicodusport.fr\/blog\/wp-content\/uploads\/2024\/07\/JO-2024-ces-Bleus-qui-peuvent-surprendre-Pablo-Mateo-athletisme.png","contentUrl":"https:\/\/dicodusport.fr\/blog\/wp-content\/uploads\/2024\/07\/JO-2024-ces-Bleus-qui-peuvent-surprendre-Pablo-Mateo-athletisme.png","width":1200,"height":674,"caption":"JO 2024, ces Bleus qui peuvent surprendre Pablo Mat\u00e9o athl\u00e9tisme"},{"@type":"BreadcrumbList","@id":"https:\/\/dicodusport.fr\/blog\/jo-2024-ces-bleus-qui-peuvent-surprendre-pablo-mateo-athletisme\/#breadcrumb","itemListElement":[{"@type":"ListItem","position":1,"name":"Accueil","item":"https:\/\/dicodusport.fr\/blog\/"},{"@type":"ListItem","position":2,"name":"JO 2024, ces Bleus qui peuvent surprendre : Pablo Mat\u00e9o (athl\u00e9tisme)"}]},{"@type":"WebSite","@id":"https:\/\/dicodusport.fr\/blog\/#website","url":"https:\/\/dicodusport.fr\/blog\/","name":"Dicodusport","description":"L&#039;encyclop\u00e9die de l&#039;actualit\u00e9 sportive","publisher":{"@id":"https:\/\/dicodusport.fr\/blog\/#organization"},"potentialAction":[{"@type":"SearchAction","target":{"@type":"EntryPoint","urlTemplate":"https:\/\/dicodusport.fr\/blog\/?s={search_term_string}"},"query-input":{"@type":"PropertyValueSpecification","valueRequired":true,"valueName":"search_term_string"}}],"inLanguage":"fr-FR"},{"@type":"NewsMediaOrganization","@id":"https:\/\/dicodusport.fr\/blog\/#organization","name":"Dicodusport","url":"https:\/\/dicodusport.fr\/blog\/","logo":{"@type":"ImageObject","inLanguage":"fr-FR","@id":"https:\/\/dicodusport.fr\/blog\/#\/schema\/logo\/image\/","url":"https:\/\/dicodusport.fr\/blog\/wp-content\/uploads\/2020\/06\/cropped-LOGO-DICODUSPORT-2020-SANS-FOND-SANS-TEXTE.png","contentUrl":"https:\/\/dicodusport.fr\/blog\/wp-content\/uploads\/2020\/06\/cropped-LOGO-DICODUSPORT-2020-SANS-FOND-SANS-TEXTE.png","width":512,"height":512,"caption":"Dicodusport"},"image":{"@id":"https:\/\/dicodusport.fr\/blog\/#\/schema\/logo\/image\/"},"sameAs":["https:\/\/www.facebook.com\/dicodusport","https:\/\/x.com\/dicodusport","https:\/\/www.instagram.com\/dicodusport\/","https:\/\/www.youtube.com\/channel\/UC7V2KZ5sd3htJivAbA4ZG3w"],"description":"Dicodusport est l'encyclop\u00e9die de l'actualit\u00e9 sportive.","email":"bonjour@dicodusport.fr","legalName":"DICODUSPORT","foundingDate":"2018-01-14","vatID":"FR71834470973","taxID":"83447097300043","numberOfEmployees":{"@type":"QuantitativeValue","minValue":"1","maxValue":"10"}},{"@type":"Person","@id":"https:\/\/dicodusport.fr\/blog\/#\/schema\/person\/b623199cba9ba90fe84a3d16e9282360","name":"Victor Clot-Amiot","image":{"@type":"ImageObject","inLanguage":"fr-FR","@id":"https:\/\/dicodusport.fr\/blog\/#\/schema\/person\/image\/","url":"https:\/\/dicodusport.fr\/blog\/wp-content\/uploads\/2023\/09\/IMG_20190826_114722-150x150.jpg","contentUrl":"https:\/\/dicodusport.fr\/blog\/wp-content\/uploads\/2023\/09\/IMG_20190826_114722-150x150.jpg","caption":"Victor Clot-Amiot"},"description":"Passionn\u00e9 de sport depuis toujours, un jour \u00e0 l'adolescence mes parents m'ont dit : \"quitte \u00e0 passer ton temps \u00e0 regarder du sport, au moins va le voir en vrai\" ! Depuis, cette remarque ne m'a plus quitt\u00e9 et je passe une grande partie de mon temps libre \u00e0 assister \u00e0 des comp\u00e9titions de tous sports. Je m\u00eale d'ailleurs mes deux passions, le sport et les voyages afin de faire une pierre deux coups ! Outre l'US Open ou l'Euro 2021 par exemple, j'ai assist\u00e9 cet \u00e9t\u00e9 aux Mondiaux d'athl\u00e9tisme \u00e0 Budapest. Mon plus gros coup dur est et restera les JO 2020-2021 pour lesquels j'avais r\u00e9serv\u00e9 17 \u00e9preuves. La suite, vous la connaissez...","sameAs":["https:\/\/x.com\/https:\/\/x.com\/VictorClotAmiot"],"url":"https:\/\/dicodusport.fr\/blog\/author\/victor-clot-amiot\/"}]}},"_links":{"self":[{"href":"https:\/\/dicodusport.fr\/blog\/wp-json\/wp\/v2\/posts\/482457","targetHints":{"allow":["GET"]}}],"collection":[{"href":"https:\/\/dicodusport.fr\/blog\/wp-json\/wp\/v2\/posts"}],"about":[{"href":"https:\/\/dicodusport.fr\/blog\/wp-json\/wp\/v2\/types\/post"}],"author":[{"embeddable":true,"href":"https:\/\/dicodusport.fr\/blog\/wp-json\/wp\/v2\/users\/91"}],"replies":[{"embeddable":true,"href":"https:\/\/dicodusport.fr\/blog\/wp-json\/wp\/v2\/comments?post=482457"}],"version-history":[{"count":6,"href":"https:\/\/dicodusport.fr\/blog\/wp-json\/wp\/v2\/posts\/482457\/revisions"}],"predecessor-version":[{"id":499183,"href":"https:\/\/dicodusport.fr\/blog\/wp-json\/wp\/v2\/posts\/482457\/revisions\/499183"}],"wp:featuredmedia":[{"embeddable":true,"href":"https:\/\/dicodusport.fr\/blog\/wp-json\/wp\/v2\/media\/499170"}],"wp:attachment":[{"href":"https:\/\/dicodusport.fr\/blog\/wp-json\/wp\/v2\/media?parent=482457"}],"wp:term":[{"taxonomy":"category","embeddable":true,"href":"https:\/\/dicodusport.fr\/blog\/wp-json\/wp\/v2\/categories?post=482457"},{"taxonomy":"post_tag","embeddable":true,"href":"https:\/\/dicodusport.fr\/blog\/wp-json\/wp\/v2\/tags?post=482457"}],"curies":[{"name":"wp","href":"https:\/\/api.w.org\/{rel}","templated":true}]}}