{"id":482728,"date":"2024-05-01T19:52:59","date_gmt":"2024-05-01T17:52:59","guid":{"rendered":"https:\/\/dicodusport.fr\/blog\/?p=482728&#038;preview=true&#038;preview_id=482728"},"modified":"2024-05-01T20:08:05","modified_gmt":"2024-05-01T18:08:05","slug":"psg-la-composition-de-paris-pour-affronter-dortmund","status":"publish","type":"post","link":"https:\/\/dicodusport.fr\/blog\/psg-la-composition-de-paris-pour-affronter-dortmund\/","title":{"rendered":"PSG : La composition de Paris pour affronter Dortmund"},"content":{"rendered":"<p style=\"text-align: justify;\" align=\"justify\"><em><strong>LIGUE DES CHAMPIONS 2023-2024 &#8211; Le PSG \u00e9voluera dans son sch\u00e9ma habituel pour le match aller face \u00e0 Dortmund ce mercredi 1er mai.<\/strong><\/em><\/p>\n<ul style=\"text-align: justify;\">\n<li style=\"text-align: justify;\"><strong>\u00c0 ce sujet &#8211; <a href=\"https:\/\/dicodusport.fr\/blog\/pronostic-dortmund-psg-cotes-analyse-et-conseil-demi-finale\/\" target=\"_blank\" rel=\"noopener\">Pronostic Dortmund \u2013 PSG : Cotes, analyse et conseil<\/a><br \/>\n<\/strong><\/li>\n<\/ul>\n<p style=\"text-align: justify;\">La composition parisienne \u00e9tait tr\u00e8s attendue et <strong>Luis<\/strong> <strong>Enrique<\/strong> n&rsquo;a r\u00e9serv\u00e9 aucune surprise puisqu&rsquo;il aligne les m\u00eames onze joueurs que pour le match retour face au <strong>FC<\/strong> <strong>Barcelone<\/strong>.<\/p>\n<p style=\"text-align: justify;\"><strong>Gon\u00e7alo<\/strong> <strong>Ramos<\/strong> esp\u00e9rait d\u00e9buter apr\u00e8s ses tr\u00e8s bonnes performances des derni\u00e8res semaines, mais l&rsquo;entra\u00eeneur espagnol a pr\u00e9f\u00e9r\u00e9 titulariser <strong>Bradley<\/strong> <strong>Barcola<\/strong> avec <strong>Kylian<\/strong> <strong>Mbapp\u00e9<\/strong> et <strong>Ousmane Demb\u00e9l\u00e9<\/strong>. L&rsquo;ancien Lyonnais a \u00e9t\u00e9 tr\u00e8s convaincant lors de ses derniers matchs en <strong>Ligue des<\/strong> <strong>Champions<\/strong>.<\/p>\n<p style=\"text-align: justify;\"><strong>Nuno<\/strong> <strong>Mendes<\/strong> \u00e9tait incertain, mais il est bien titulaire \u00e0 gauche, alors qu&rsquo;<strong>Achraf Hakimi<\/strong> sera dans l&rsquo;autre couloir. Au milieu de terrain, <strong>Warren Za\u00efre-Emery<\/strong>, rempla\u00e7ant au match aller face \u00e0 <strong>Barcelone<\/strong>, est bien pr\u00e9sent.<\/p>\n<ul>\n<li style=\"text-align: justify;\"><strong>\u00c0 ce sujet &#8211; <a href=\"https:\/\/dicodusport.fr\/blog\/dortmund-psg-chaine-tv-et-heure-du-match-de-ligue-des-champions\/\" target=\"_blank\" rel=\"noopener\">Dortmund \u2013 PSG : Cha\u00eene TV et Heure du match de Ligue des Champions<\/a><\/strong><\/li>\n<\/ul>\n<h2 style=\"text-align: justify;\" align=\"justify\">La composition du PSG face \u00e0 Dortmund<\/h2>\n<p style=\"text-align: justify;\" align=\"justify\">Donnarumma \u2013 Hakimi, Marquinhos, Lucas Hernandez, Nuno Mendes \u2013 Za\u00efre-Emery, Vitinha, Fabian Ruiz \u2013 Demb\u00e9l\u00e9, Barcola, Mbapp\u00e9.<\/p>\n","protected":false},"excerpt":{"rendered":"<p>LIGUE DES CHAMPIONS 2023-2024 &#8211; Le PSG \u00e9voluera dans son sch\u00e9ma habituel pour le match aller face \u00e0 Dortmund ce mercredi 1er mai.<\/p>\n","protected":false},"author":1,"featured_media":482749,"comment_status":"open","ping_status":"closed","sticky":false,"template":"","format":"standard","meta":{"_acf_changed":false,"_daextam_enable_autolinks":"1","footnotes":""},"categories":[2301],"tags":[16878,4085,75,429,910],"class_list":["post-482728","post","type-post","status-publish","format-standard","has-post-thumbnail","hentry","category-football","tag-breve","tag-dortmund","tag-football","tag-paris","tag-psg"],"acf":[],"yoast_head":"<!-- This site is optimized with the Yoast SEO Premium plugin v26.7 (Yoast SEO v26.7) - https:\/\/yoast.com\/wordpress\/plugins\/seo\/ -->\n<title>PSG : La composition de Paris pour affronter Dortmund<\/title>\n<meta name=\"description\" content=\"LIGUE DES CHAMPIONS 2023-2024 - Le PSG \u00e9voluera dans son sch\u00e9ma habituel pour le match aller face \u00e0 Dortmund ce mercredi 1er mai.\" \/>\n<meta name=\"robots\" content=\"index, follow, max-snippet:-1, max-image-preview:large, max-video-preview:-1\" \/>\n<link rel=\"canonical\" href=\"https:\/\/dicodusport.fr\/blog\/psg-la-composition-de-paris-pour-affronter-dortmund\/\" \/>\n<meta property=\"og:locale\" content=\"fr_FR\" \/>\n<meta property=\"og:type\" content=\"article\" \/>\n<meta property=\"og:title\" content=\"PSG : La composition de Paris pour affronter Dortmund\" \/>\n<meta property=\"og:description\" content=\"LIGUE DES CHAMPIONS 2023-2024 - Le PSG \u00e9voluera dans son sch\u00e9ma habituel pour le match aller face \u00e0 Dortmund ce mercredi 1er mai.\" \/>\n<meta property=\"og:url\" content=\"https:\/\/dicodusport.fr\/blog\/psg-la-composition-de-paris-pour-affronter-dortmund\/\" \/>\n<meta property=\"og:site_name\" content=\"Dicodusport\" \/>\n<meta property=\"article:publisher\" content=\"https:\/\/www.facebook.com\/dicodusport\" \/>\n<meta property=\"article:author\" content=\"https:\/\/www.facebook.com\/dicodusport\" \/>\n<meta property=\"article:published_time\" content=\"2024-05-01T17:52:59+00:00\" \/>\n<meta property=\"article:modified_time\" content=\"2024-05-01T18:08:05+00:00\" \/>\n<meta property=\"og:image\" content=\"https:\/\/dicodusport.fr\/blog\/wp-content\/uploads\/2024\/05\/PSG-La-composition-de-Paris-pour-affronter-Dortmund.png\" \/>\n\t<meta property=\"og:image:width\" content=\"1200\" \/>\n\t<meta property=\"og:image:height\" content=\"674\" \/>\n\t<meta property=\"og:image:type\" content=\"image\/png\" \/>\n<meta name=\"author\" content=\"Nicolas Jacquemard\" \/>\n<meta name=\"twitter:card\" content=\"summary_large_image\" \/>\n<meta name=\"twitter:title\" content=\"PSG : La composition de Paris pour affronter Dortmund\" \/>\n<meta name=\"twitter:creator\" content=\"@https:\/\/twitter.com\/Nico_Jacquemard\" \/>\n<meta name=\"twitter:site\" content=\"@dicodusport\" \/>\n<script type=\"application\/ld+json\" class=\"yoast-schema-graph\">{\"@context\":\"https:\/\/schema.org\",\"@graph\":[{\"@type\":\"NewsArticle\",\"@id\":\"https:\/\/dicodusport.fr\/blog\/psg-la-composition-de-paris-pour-affronter-dortmund\/#article\",\"isPartOf\":{\"@id\":\"https:\/\/dicodusport.fr\/blog\/psg-la-composition-de-paris-pour-affronter-dortmund\/\"},\"author\":{\"name\":\"Nicolas Jacquemard\",\"@id\":\"https:\/\/dicodusport.fr\/blog\/#\/schema\/person\/55dcb50ad410894e431ed812bbb70191\"},\"headline\":\"PSG : La composition de Paris pour affronter Dortmund\",\"datePublished\":\"2024-05-01T17:52:59+00:00\",\"dateModified\":\"2024-05-01T18:08:05+00:00\",\"mainEntityOfPage\":{\"@id\":\"https:\/\/dicodusport.fr\/blog\/psg-la-composition-de-paris-pour-affronter-dortmund\/\"},\"wordCount\":203,\"commentCount\":0,\"publisher\":{\"@id\":\"https:\/\/dicodusport.fr\/blog\/#organization\"},\"image\":{\"@id\":\"https:\/\/dicodusport.fr\/blog\/psg-la-composition-de-paris-pour-affronter-dortmund\/#primaryimage\"},\"thumbnailUrl\":\"https:\/\/dicodusport.fr\/blog\/wp-content\/uploads\/2024\/05\/PSG-La-composition-de-Paris-pour-affronter-Dortmund.png\",\"keywords\":[\"br\u00e8ve\",\"Dortmund\",\"Football\",\"Paris\",\"PSG\"],\"articleSection\":[\"Football\"],\"inLanguage\":\"fr-FR\",\"potentialAction\":[{\"@type\":\"CommentAction\",\"name\":\"Comment\",\"target\":[\"https:\/\/dicodusport.fr\/blog\/psg-la-composition-de-paris-pour-affronter-dortmund\/#respond\"]}],\"copyrightYear\":\"2024\",\"copyrightHolder\":{\"@id\":\"https:\/\/dicodusport.fr\/blog\/#organization\"}},{\"@type\":\"WebPage\",\"@id\":\"https:\/\/dicodusport.fr\/blog\/psg-la-composition-de-paris-pour-affronter-dortmund\/\",\"url\":\"https:\/\/dicodusport.fr\/blog\/psg-la-composition-de-paris-pour-affronter-dortmund\/\",\"name\":\"PSG : La composition de Paris pour affronter Dortmund\",\"isPartOf\":{\"@id\":\"https:\/\/dicodusport.fr\/blog\/#website\"},\"primaryImageOfPage\":{\"@id\":\"https:\/\/dicodusport.fr\/blog\/psg-la-composition-de-paris-pour-affronter-dortmund\/#primaryimage\"},\"image\":{\"@id\":\"https:\/\/dicodusport.fr\/blog\/psg-la-composition-de-paris-pour-affronter-dortmund\/#primaryimage\"},\"thumbnailUrl\":\"https:\/\/dicodusport.fr\/blog\/wp-content\/uploads\/2024\/05\/PSG-La-composition-de-Paris-pour-affronter-Dortmund.png\",\"datePublished\":\"2024-05-01T17:52:59+00:00\",\"dateModified\":\"2024-05-01T18:08:05+00:00\",\"description\":\"LIGUE DES CHAMPIONS 2023-2024 - Le PSG \u00e9voluera dans son sch\u00e9ma habituel pour le match aller face \u00e0 Dortmund ce mercredi 1er mai.\",\"breadcrumb\":{\"@id\":\"https:\/\/dicodusport.fr\/blog\/psg-la-composition-de-paris-pour-affronter-dortmund\/#breadcrumb\"},\"inLanguage\":\"fr-FR\",\"potentialAction\":[{\"@type\":\"ReadAction\",\"target\":[\"https:\/\/dicodusport.fr\/blog\/psg-la-composition-de-paris-pour-affronter-dortmund\/\"]}]},{\"@type\":\"ImageObject\",\"inLanguage\":\"fr-FR\",\"@id\":\"https:\/\/dicodusport.fr\/blog\/psg-la-composition-de-paris-pour-affronter-dortmund\/#primaryimage\",\"url\":\"https:\/\/dicodusport.fr\/blog\/wp-content\/uploads\/2024\/05\/PSG-La-composition-de-Paris-pour-affronter-Dortmund.png\",\"contentUrl\":\"https:\/\/dicodusport.fr\/blog\/wp-content\/uploads\/2024\/05\/PSG-La-composition-de-Paris-pour-affronter-Dortmund.png\",\"width\":1200,\"height\":674},{\"@type\":\"BreadcrumbList\",\"@id\":\"https:\/\/dicodusport.fr\/blog\/psg-la-composition-de-paris-pour-affronter-dortmund\/#breadcrumb\",\"itemListElement\":[{\"@type\":\"ListItem\",\"position\":1,\"name\":\"Accueil\",\"item\":\"https:\/\/dicodusport.fr\/blog\/\"},{\"@type\":\"ListItem\",\"position\":2,\"name\":\"PSG : La composition de Paris pour affronter Dortmund\"}]},{\"@type\":\"WebSite\",\"@id\":\"https:\/\/dicodusport.fr\/blog\/#website\",\"url\":\"https:\/\/dicodusport.fr\/blog\/\",\"name\":\"Dicodusport\",\"description\":\"L&#039;encyclop\u00e9die de l&#039;actualit\u00e9 sportive\",\"publisher\":{\"@id\":\"https:\/\/dicodusport.fr\/blog\/#organization\"},\"potentialAction\":[{\"@type\":\"SearchAction\",\"target\":{\"@type\":\"EntryPoint\",\"urlTemplate\":\"https:\/\/dicodusport.fr\/blog\/?s={search_term_string}\"},\"query-input\":{\"@type\":\"PropertyValueSpecification\",\"valueRequired\":true,\"valueName\":\"search_term_string\"}}],\"inLanguage\":\"fr-FR\"},{\"@type\":\"NewsMediaOrganization\",\"@id\":\"https:\/\/dicodusport.fr\/blog\/#organization\",\"name\":\"Dicodusport\",\"url\":\"https:\/\/dicodusport.fr\/blog\/\",\"logo\":{\"@type\":\"ImageObject\",\"inLanguage\":\"fr-FR\",\"@id\":\"https:\/\/dicodusport.fr\/blog\/#\/schema\/logo\/image\/\",\"url\":\"https:\/\/dicodusport.fr\/blog\/wp-content\/uploads\/2020\/06\/cropped-LOGO-DICODUSPORT-2020-SANS-FOND-SANS-TEXTE.png\",\"contentUrl\":\"https:\/\/dicodusport.fr\/blog\/wp-content\/uploads\/2020\/06\/cropped-LOGO-DICODUSPORT-2020-SANS-FOND-SANS-TEXTE.png\",\"width\":512,\"height\":512,\"caption\":\"Dicodusport\"},\"image\":{\"@id\":\"https:\/\/dicodusport.fr\/blog\/#\/schema\/logo\/image\/\"},\"sameAs\":[\"https:\/\/www.facebook.com\/dicodusport\",\"https:\/\/x.com\/dicodusport\",\"https:\/\/www.instagram.com\/dicodusport\/\",\"https:\/\/www.youtube.com\/channel\/UC7V2KZ5sd3htJivAbA4ZG3w\"],\"description\":\"Dicodusport est l'encyclop\u00e9die de l'actualit\u00e9 sportive.\",\"email\":\"bonjour@dicodusport.fr\",\"legalName\":\"DICODUSPORT\",\"foundingDate\":\"2018-01-14\",\"vatID\":\"FR71834470973\",\"taxID\":\"83447097300043\",\"numberOfEmployees\":{\"@type\":\"QuantitativeValue\",\"minValue\":\"1\",\"maxValue\":\"10\"}},{\"@type\":\"Person\",\"@id\":\"https:\/\/dicodusport.fr\/blog\/#\/schema\/person\/55dcb50ad410894e431ed812bbb70191\",\"name\":\"Nicolas Jacquemard\",\"image\":{\"@type\":\"ImageObject\",\"inLanguage\":\"fr-FR\",\"@id\":\"https:\/\/dicodusport.fr\/blog\/#\/schema\/person\/image\/\",\"url\":\"https:\/\/dicodusport.fr\/blog\/wp-content\/uploads\/2021\/05\/Nicolas-Jacquemard-150x150.jpeg\",\"contentUrl\":\"https:\/\/dicodusport.fr\/blog\/wp-content\/uploads\/2021\/05\/Nicolas-Jacquemard-150x150.jpeg\",\"caption\":\"Nicolas Jacquemard\"},\"description\":\"Passionn\u00e9 de sport et entrepreneur depuis mes 18 ans, la cr\u00e9ation de Dicodusport m'a sembl\u00e9 \u00e9vidente pour participer \u00e0 la m\u00e9diatisation d'un plus grand nombre de sports. Le chemin est long mais avec une \u00e9quipe des plus motiv\u00e9es et les Jeux Olympiques de Paris 2024 en point de mire, nous y arriverons ! Journaliste dans le monde du sport depuis plus de 5 ans, je traite aussi bien de football, de rugby, de biathlon que de cyclisme.\",\"sameAs\":[\"https:\/\/www.facebook.com\/dicodusport\",\"https:\/\/x.com\/https:\/\/twitter.com\/Nico_Jacquemard\"],\"url\":\"https:\/\/dicodusport.fr\/blog\/author\/dicodusport\/\"}]}<\/script>\n<!-- \/ Yoast SEO Premium plugin. -->","yoast_head_json":{"title":"PSG : La composition de Paris pour affronter Dortmund","description":"LIGUE DES CHAMPIONS 2023-2024 - Le PSG \u00e9voluera dans son sch\u00e9ma habituel pour le match aller face \u00e0 Dortmund ce mercredi 1er mai.","robots":{"index":"index","follow":"follow","max-snippet":"max-snippet:-1","max-image-preview":"max-image-preview:large","max-video-preview":"max-video-preview:-1"},"canonical":"https:\/\/dicodusport.fr\/blog\/psg-la-composition-de-paris-pour-affronter-dortmund\/","og_locale":"fr_FR","og_type":"article","og_title":"PSG : La composition de Paris pour affronter Dortmund","og_description":"LIGUE DES CHAMPIONS 2023-2024 - Le PSG \u00e9voluera dans son sch\u00e9ma habituel pour le match aller face \u00e0 Dortmund ce mercredi 1er mai.","og_url":"https:\/\/dicodusport.fr\/blog\/psg-la-composition-de-paris-pour-affronter-dortmund\/","og_site_name":"Dicodusport","article_publisher":"https:\/\/www.facebook.com\/dicodusport","article_author":"https:\/\/www.facebook.com\/dicodusport","article_published_time":"2024-05-01T17:52:59+00:00","article_modified_time":"2024-05-01T18:08:05+00:00","og_image":[{"width":1200,"height":674,"url":"https:\/\/dicodusport.fr\/blog\/wp-content\/uploads\/2024\/05\/PSG-La-composition-de-Paris-pour-affronter-Dortmund.png","type":"image\/png"}],"author":"Nicolas Jacquemard","twitter_card":"summary_large_image","twitter_title":"PSG : La composition de Paris pour affronter Dortmund","twitter_creator":"@https:\/\/twitter.com\/Nico_Jacquemard","twitter_site":"@dicodusport","schema":{"@context":"https:\/\/schema.org","@graph":[{"@type":"NewsArticle","@id":"https:\/\/dicodusport.fr\/blog\/psg-la-composition-de-paris-pour-affronter-dortmund\/#article","isPartOf":{"@id":"https:\/\/dicodusport.fr\/blog\/psg-la-composition-de-paris-pour-affronter-dortmund\/"},"author":{"name":"Nicolas Jacquemard","@id":"https:\/\/dicodusport.fr\/blog\/#\/schema\/person\/55dcb50ad410894e431ed812bbb70191"},"headline":"PSG : La composition de Paris pour affronter Dortmund","datePublished":"2024-05-01T17:52:59+00:00","dateModified":"2024-05-01T18:08:05+00:00","mainEntityOfPage":{"@id":"https:\/\/dicodusport.fr\/blog\/psg-la-composition-de-paris-pour-affronter-dortmund\/"},"wordCount":203,"commentCount":0,"publisher":{"@id":"https:\/\/dicodusport.fr\/blog\/#organization"},"image":{"@id":"https:\/\/dicodusport.fr\/blog\/psg-la-composition-de-paris-pour-affronter-dortmund\/#primaryimage"},"thumbnailUrl":"https:\/\/dicodusport.fr\/blog\/wp-content\/uploads\/2024\/05\/PSG-La-composition-de-Paris-pour-affronter-Dortmund.png","keywords":["br\u00e8ve","Dortmund","Football","Paris","PSG"],"articleSection":["Football"],"inLanguage":"fr-FR","potentialAction":[{"@type":"CommentAction","name":"Comment","target":["https:\/\/dicodusport.fr\/blog\/psg-la-composition-de-paris-pour-affronter-dortmund\/#respond"]}],"copyrightYear":"2024","copyrightHolder":{"@id":"https:\/\/dicodusport.fr\/blog\/#organization"}},{"@type":"WebPage","@id":"https:\/\/dicodusport.fr\/blog\/psg-la-composition-de-paris-pour-affronter-dortmund\/","url":"https:\/\/dicodusport.fr\/blog\/psg-la-composition-de-paris-pour-affronter-dortmund\/","name":"PSG : La composition de Paris pour affronter Dortmund","isPartOf":{"@id":"https:\/\/dicodusport.fr\/blog\/#website"},"primaryImageOfPage":{"@id":"https:\/\/dicodusport.fr\/blog\/psg-la-composition-de-paris-pour-affronter-dortmund\/#primaryimage"},"image":{"@id":"https:\/\/dicodusport.fr\/blog\/psg-la-composition-de-paris-pour-affronter-dortmund\/#primaryimage"},"thumbnailUrl":"https:\/\/dicodusport.fr\/blog\/wp-content\/uploads\/2024\/05\/PSG-La-composition-de-Paris-pour-affronter-Dortmund.png","datePublished":"2024-05-01T17:52:59+00:00","dateModified":"2024-05-01T18:08:05+00:00","description":"LIGUE DES CHAMPIONS 2023-2024 - Le PSG \u00e9voluera dans son sch\u00e9ma habituel pour le match aller face \u00e0 Dortmund ce mercredi 1er mai.","breadcrumb":{"@id":"https:\/\/dicodusport.fr\/blog\/psg-la-composition-de-paris-pour-affronter-dortmund\/#breadcrumb"},"inLanguage":"fr-FR","potentialAction":[{"@type":"ReadAction","target":["https:\/\/dicodusport.fr\/blog\/psg-la-composition-de-paris-pour-affronter-dortmund\/"]}]},{"@type":"ImageObject","inLanguage":"fr-FR","@id":"https:\/\/dicodusport.fr\/blog\/psg-la-composition-de-paris-pour-affronter-dortmund\/#primaryimage","url":"https:\/\/dicodusport.fr\/blog\/wp-content\/uploads\/2024\/05\/PSG-La-composition-de-Paris-pour-affronter-Dortmund.png","contentUrl":"https:\/\/dicodusport.fr\/blog\/wp-content\/uploads\/2024\/05\/PSG-La-composition-de-Paris-pour-affronter-Dortmund.png","width":1200,"height":674},{"@type":"BreadcrumbList","@id":"https:\/\/dicodusport.fr\/blog\/psg-la-composition-de-paris-pour-affronter-dortmund\/#breadcrumb","itemListElement":[{"@type":"ListItem","position":1,"name":"Accueil","item":"https:\/\/dicodusport.fr\/blog\/"},{"@type":"ListItem","position":2,"name":"PSG : La composition de Paris pour affronter Dortmund"}]},{"@type":"WebSite","@id":"https:\/\/dicodusport.fr\/blog\/#website","url":"https:\/\/dicodusport.fr\/blog\/","name":"Dicodusport","description":"L&#039;encyclop\u00e9die de l&#039;actualit\u00e9 sportive","publisher":{"@id":"https:\/\/dicodusport.fr\/blog\/#organization"},"potentialAction":[{"@type":"SearchAction","target":{"@type":"EntryPoint","urlTemplate":"https:\/\/dicodusport.fr\/blog\/?s={search_term_string}"},"query-input":{"@type":"PropertyValueSpecification","valueRequired":true,"valueName":"search_term_string"}}],"inLanguage":"fr-FR"},{"@type":"NewsMediaOrganization","@id":"https:\/\/dicodusport.fr\/blog\/#organization","name":"Dicodusport","url":"https:\/\/dicodusport.fr\/blog\/","logo":{"@type":"ImageObject","inLanguage":"fr-FR","@id":"https:\/\/dicodusport.fr\/blog\/#\/schema\/logo\/image\/","url":"https:\/\/dicodusport.fr\/blog\/wp-content\/uploads\/2020\/06\/cropped-LOGO-DICODUSPORT-2020-SANS-FOND-SANS-TEXTE.png","contentUrl":"https:\/\/dicodusport.fr\/blog\/wp-content\/uploads\/2020\/06\/cropped-LOGO-DICODUSPORT-2020-SANS-FOND-SANS-TEXTE.png","width":512,"height":512,"caption":"Dicodusport"},"image":{"@id":"https:\/\/dicodusport.fr\/blog\/#\/schema\/logo\/image\/"},"sameAs":["https:\/\/www.facebook.com\/dicodusport","https:\/\/x.com\/dicodusport","https:\/\/www.instagram.com\/dicodusport\/","https:\/\/www.youtube.com\/channel\/UC7V2KZ5sd3htJivAbA4ZG3w"],"description":"Dicodusport est l'encyclop\u00e9die de l'actualit\u00e9 sportive.","email":"bonjour@dicodusport.fr","legalName":"DICODUSPORT","foundingDate":"2018-01-14","vatID":"FR71834470973","taxID":"83447097300043","numberOfEmployees":{"@type":"QuantitativeValue","minValue":"1","maxValue":"10"}},{"@type":"Person","@id":"https:\/\/dicodusport.fr\/blog\/#\/schema\/person\/55dcb50ad410894e431ed812bbb70191","name":"Nicolas Jacquemard","image":{"@type":"ImageObject","inLanguage":"fr-FR","@id":"https:\/\/dicodusport.fr\/blog\/#\/schema\/person\/image\/","url":"https:\/\/dicodusport.fr\/blog\/wp-content\/uploads\/2021\/05\/Nicolas-Jacquemard-150x150.jpeg","contentUrl":"https:\/\/dicodusport.fr\/blog\/wp-content\/uploads\/2021\/05\/Nicolas-Jacquemard-150x150.jpeg","caption":"Nicolas Jacquemard"},"description":"Passionn\u00e9 de sport et entrepreneur depuis mes 18 ans, la cr\u00e9ation de Dicodusport m'a sembl\u00e9 \u00e9vidente pour participer \u00e0 la m\u00e9diatisation d'un plus grand nombre de sports. Le chemin est long mais avec une \u00e9quipe des plus motiv\u00e9es et les Jeux Olympiques de Paris 2024 en point de mire, nous y arriverons ! Journaliste dans le monde du sport depuis plus de 5 ans, je traite aussi bien de football, de rugby, de biathlon que de cyclisme.","sameAs":["https:\/\/www.facebook.com\/dicodusport","https:\/\/x.com\/https:\/\/twitter.com\/Nico_Jacquemard"],"url":"https:\/\/dicodusport.fr\/blog\/author\/dicodusport\/"}]}},"_links":{"self":[{"href":"https:\/\/dicodusport.fr\/blog\/wp-json\/wp\/v2\/posts\/482728","targetHints":{"allow":["GET"]}}],"collection":[{"href":"https:\/\/dicodusport.fr\/blog\/wp-json\/wp\/v2\/posts"}],"about":[{"href":"https:\/\/dicodusport.fr\/blog\/wp-json\/wp\/v2\/types\/post"}],"author":[{"embeddable":true,"href":"https:\/\/dicodusport.fr\/blog\/wp-json\/wp\/v2\/users\/1"}],"replies":[{"embeddable":true,"href":"https:\/\/dicodusport.fr\/blog\/wp-json\/wp\/v2\/comments?post=482728"}],"version-history":[{"count":5,"href":"https:\/\/dicodusport.fr\/blog\/wp-json\/wp\/v2\/posts\/482728\/revisions"}],"predecessor-version":[{"id":482773,"href":"https:\/\/dicodusport.fr\/blog\/wp-json\/wp\/v2\/posts\/482728\/revisions\/482773"}],"wp:featuredmedia":[{"embeddable":true,"href":"https:\/\/dicodusport.fr\/blog\/wp-json\/wp\/v2\/media\/482749"}],"wp:attachment":[{"href":"https:\/\/dicodusport.fr\/blog\/wp-json\/wp\/v2\/media?parent=482728"}],"wp:term":[{"taxonomy":"category","embeddable":true,"href":"https:\/\/dicodusport.fr\/blog\/wp-json\/wp\/v2\/categories?post=482728"},{"taxonomy":"post_tag","embeddable":true,"href":"https:\/\/dicodusport.fr\/blog\/wp-json\/wp\/v2\/tags?post=482728"}],"curies":[{"name":"wp","href":"https:\/\/api.w.org\/{rel}","templated":true}]}}