{"id":483010,"date":"2024-05-03T10:46:33","date_gmt":"2024-05-03T08:46:33","guid":{"rendered":"https:\/\/dicodusport.fr\/blog\/?p=483010&#038;preview=true&#038;preview_id=483010"},"modified":"2024-05-03T10:46:33","modified_gmt":"2024-05-03T08:46:33","slug":"tour-ditalie-2024-quattendre-de-la-visma-lease-a-bike","status":"publish","type":"post","link":"https:\/\/dicodusport.fr\/blog\/tour-ditalie-2024-quattendre-de-la-visma-lease-a-bike\/","title":{"rendered":"Tour d&rsquo;Italie 2024 : Qu&rsquo;attendre de la Visma-Lease a Bike ?"},"content":{"rendered":"<p style=\"text-align: justify;\"><strong><em>TOUR D&rsquo;ITALIE 2024 &#8211; En retrait (relatif) depuis quelques semaines, la formation Visma &#8211; Lease a Bike se pr\u00e9sente sur le Giro avec une confiance mod\u00e9r\u00e9e. Au point de moins peser sur la course et de revoir les ambitions \u00e0 la baisse ?<\/em><\/strong><\/p>\n<ul>\n<li style=\"text-align: justify;\"><strong>\u00c0 ce sujet \u2013\u00a0<a href=\"https:\/\/dicodusport.fr\/blog\/actualites\/cyclisme\/cyclisme-sur-route-2024\/tour-italie-2024\/\">L\u2019actualit\u00e9 du Tour d\u2019Italie 2024<\/a><\/strong><\/li>\n<\/ul>\n<p style=\"text-align: justify;\">La <strong>Visma &#8211; Lease a Bike<\/strong> version 2024 n&rsquo;a rien \u00e0 voir avec ses s\u0153urs de 2022 et 2023. L&rsquo;\u00e9quipe batave, ogresse des ann\u00e9es 2020, d\u00e9\u00e7oit depuis ce d\u00e9but d&rsquo;ann\u00e9e. La faute, il faut le rappeler, \u00e0 une bonne dose de malchance avec d&rsquo;innombrables chutes, comme <strong>Jonas Vingegaard<\/strong> sur le Tour du Pays Basque et <strong>Wout Van Aert<\/strong> sur \u00c0 Travers la Flandre. Le Belge devait d&rsquo;ailleurs \u00eatre du voyage en Italie, mais, insuffisamment remis de ses blessures, il a d\u00fb finalement renoncer \u00e0 prendre le d\u00e9part.<\/p>\n<blockquote class=\"twitter-tweet\">\n<p dir=\"ltr\" lang=\"en\">\ud83c\uddee\ud83c\uddf9 <a href=\"https:\/\/twitter.com\/hashtag\/GirodItalia?src=hash&amp;ref_src=twsrc%5Etfw\">#GirodItalia<\/a><\/p>\n<p>Ciao tutti! \ud83d\udc4b Chasing stage wins in the first grand tour of the season. \ud83d\udc9e Discover our line-up. <a href=\"https:\/\/t.co\/Km7fIZsqmh\">pic.twitter.com\/Km7fIZsqmh<\/a><\/p>\n<p>\u2014 Team Visma | Lease a Bike (@vismaleaseabike) <a href=\"https:\/\/twitter.com\/vismaleaseabike\/status\/1785626229279752290?ref_src=twsrc%5Etfw\">May 1, 2024<\/a><\/p><\/blockquote>\n<p><script async src=\"https:\/\/platform.twitter.com\/widgets.js\" charset=\"utf-8\"><\/script><\/p>\n<h2 style=\"text-align: justify;\">La confiance retrouv\u00e9e autour du p\u00f4le sprint ?<\/h2>\n<p style=\"text-align: justify;\">Il apparait que les meilleures chances de victoires sur ce Tour d&rsquo;Italie pour la <strong>Visma &#8211; Lease a Bike<\/strong> portent un nom, en la personne d&rsquo;<strong>Olav Kooij<\/strong>. Le sprinteur n\u00e9erlandais, 22 ans, vient avec de s\u00e9rieux atouts pour tenter de remporter sa (ou ses) premi\u00e8re(s) \u00e9tape(s) sur un Grand Tour. Double vainqueur d&rsquo;\u00e9tapes sur Paris-Nice, il devra toutefois composer avec une concurrence importante emmen\u00e9e par <strong>Tim Merlier<\/strong> (Soudal Quick-Step), <strong>Jonathan Milan<\/strong> (Lidl &#8211; Trek) ou encore <strong>Fabio Jakobsen<\/strong> (Team DSM firmenich PostNL). <strong>Kooij<\/strong> pourra compter sur un train d\u00e9di\u00e9 avec notamment <strong>Tim van Dijke<\/strong> et surtout <strong>Christophe Laporte<\/strong>.<\/p>\n<ul>\n<li style=\"text-align: justify;\"><span style=\"font-size: 16px;\"><strong>\u00c0 ce sujet &#8211; <a href=\"https:\/\/dicodusport.fr\/blog\/tour-ditalie-2024-4-coureurs-francais-a-suivre-sur-le-giro\/\">Tour d\u2019Italie 2024 : 4 coureurs fran\u00e7ais \u00e0 suivre sur le Giro<\/a><\/strong><\/span><\/li>\n<\/ul>\n<h2 style=\"text-align: justify;\">O\u00f9 situer Cian Uijtdebroeks ?<\/h2>\n<p style=\"text-align: justify;\">Avec une concurrence limit\u00e9e derri\u00e8re l&rsquo;ogre <strong>Tadej Pogacar<\/strong>, le jeune Belge <strong>Cian Uijtdebroeks<\/strong> pourrait avoir une carte \u00e0 jouer au Classement G\u00e9n\u00e9ral. D&rsquo;abord, l&rsquo;ancien vainqueur du Tour de l&rsquo;Avenir en 2022 devra beaucoup limiter sur les 70 km de contre-la-montre au programme. Un Top 5 parait envisageable m\u00eame si des incertitudes r\u00e8gnent dues \u00e0 son d\u00e9but de saison relativement poussif. Parmi ses principaux adversaires pour le podium, citons <strong>Geraint Thomas<\/strong> (INEOS Grenadiers), <strong>Romain Bardet<\/strong> (Team DSM firmenich PostNL) et <strong>Ben O&rsquo;Connor<\/strong> (Decathlon AG2R la Mondiale). En outre, avec les seuls <strong>Attila Valter<\/strong> et <strong>Jan Tratnik<\/strong> pour le soutenir en montagne, <strong>Uijtdebroeks<\/strong> va devoir souvent s&#8217;employer seul.<\/p>\n<ul>\n<li style=\"text-align: justify;\"><strong>\u00c0 ce sujet \u2013\u00a0<a href=\"https:\/\/dicodusport.fr\/blog\/favoris-tour-ditalie-2024-tadej-pogacar-contre-le-reste-du-monde\/\">Favoris Tour d\u2019Italie 2024 : Tadej Pogacar contre le reste du monde<\/a><\/strong><\/li>\n<\/ul>\n<p>&nbsp;<\/p>\n","protected":false},"excerpt":{"rendered":"<p>TOUR D&rsquo;ITALIE 2024 &#8211; En retrait (relatif) depuis quelques mois, la formation Visma &#8211; Lease a Bike se pr\u00e9sente sur le Giro avec une confiance mod\u00e9r\u00e9e.<\/p>\n","protected":false},"author":92,"featured_media":483032,"comment_status":"open","ping_status":"closed","sticky":false,"template":"","format":"standard","meta":{"_acf_changed":false,"_daextam_enable_autolinks":"1","footnotes":""},"categories":[47041],"tags":[16878,24122,25413,4722,35284],"class_list":["post-483010","post","type-post","status-publish","format-standard","has-post-thumbnail","hentry","category-tour-d-italie","tag-breve","tag-cian-uijtdebroeks","tag-olav-kooij","tag-tour-ditalie","tag-visma-lease-a-bike"],"acf":[],"yoast_head":"<!-- This site is optimized with the Yoast SEO Premium plugin v26.7 (Yoast SEO v26.7) - https:\/\/yoast.com\/wordpress\/plugins\/seo\/ -->\n<title>Tour d&#039;Italie 2024 : Qu&#039;attendre de la Visma-Lease a Bike ?<\/title>\n<meta name=\"description\" content=\"Tour d&#039;Italie 2024 - En retrait depuis quelques mois, la formation Visma - Lease a Bike se pr\u00e9sente sur le Giro avec une confiance mod\u00e9r\u00e9e.\" \/>\n<meta name=\"robots\" content=\"index, follow, max-snippet:-1, max-image-preview:large, max-video-preview:-1\" \/>\n<link rel=\"canonical\" href=\"https:\/\/dicodusport.fr\/blog\/tour-ditalie-2024-quattendre-de-la-visma-lease-a-bike\/\" \/>\n<meta property=\"og:locale\" content=\"fr_FR\" \/>\n<meta property=\"og:type\" content=\"article\" \/>\n<meta property=\"og:title\" content=\"Tour d&#039;Italie 2024 : Qu&#039;attendre de la Visma-Lease a Bike ?\" \/>\n<meta property=\"og:description\" content=\"Tour d&#039;Italie 2024 - En retrait depuis quelques mois, la formation Visma - Lease a Bike se pr\u00e9sente sur le Giro avec une confiance mod\u00e9r\u00e9e.\" \/>\n<meta property=\"og:url\" content=\"https:\/\/dicodusport.fr\/blog\/tour-ditalie-2024-quattendre-de-la-visma-lease-a-bike\/\" \/>\n<meta property=\"og:site_name\" content=\"Dicodusport\" \/>\n<meta property=\"article:publisher\" content=\"https:\/\/www.facebook.com\/dicodusport\" \/>\n<meta property=\"article:published_time\" content=\"2024-05-03T08:46:33+00:00\" \/>\n<meta property=\"og:image\" content=\"https:\/\/dicodusport.fr\/blog\/wp-content\/uploads\/2024\/05\/Tour-dItalie-2024-Quattendre-de-la-Visma-Lease-a-Bike-.png\" \/>\n\t<meta property=\"og:image:width\" content=\"1200\" \/>\n\t<meta property=\"og:image:height\" content=\"674\" \/>\n\t<meta property=\"og:image:type\" content=\"image\/png\" \/>\n<meta name=\"author\" content=\"Olivier Dobiezynski\" \/>\n<meta name=\"twitter:card\" content=\"summary_large_image\" \/>\n<meta name=\"twitter:title\" content=\"Tour d&#039;Italie 2024 : Qu&#039;attendre de la Visma-Lease a Bike ?\" \/>\n<meta name=\"twitter:creator\" content=\"@https:\/\/x.com\/Olivier_Matros\" \/>\n<meta name=\"twitter:site\" content=\"@dicodusport\" \/>\n<script type=\"application\/ld+json\" class=\"yoast-schema-graph\">{\"@context\":\"https:\/\/schema.org\",\"@graph\":[{\"@type\":\"NewsArticle\",\"@id\":\"https:\/\/dicodusport.fr\/blog\/tour-ditalie-2024-quattendre-de-la-visma-lease-a-bike\/#article\",\"isPartOf\":{\"@id\":\"https:\/\/dicodusport.fr\/blog\/tour-ditalie-2024-quattendre-de-la-visma-lease-a-bike\/\"},\"author\":{\"name\":\"Olivier Dobiezynski\",\"@id\":\"https:\/\/dicodusport.fr\/blog\/#\/schema\/person\/fe500246414ca17ddf0c0312d7a792cc\"},\"headline\":\"Tour d&rsquo;Italie 2024 : Qu&rsquo;attendre de la Visma-Lease a Bike ?\",\"datePublished\":\"2024-05-03T08:46:33+00:00\",\"mainEntityOfPage\":{\"@id\":\"https:\/\/dicodusport.fr\/blog\/tour-ditalie-2024-quattendre-de-la-visma-lease-a-bike\/\"},\"wordCount\":443,\"commentCount\":0,\"publisher\":{\"@id\":\"https:\/\/dicodusport.fr\/blog\/#organization\"},\"image\":{\"@id\":\"https:\/\/dicodusport.fr\/blog\/tour-ditalie-2024-quattendre-de-la-visma-lease-a-bike\/#primaryimage\"},\"thumbnailUrl\":\"https:\/\/dicodusport.fr\/blog\/wp-content\/uploads\/2024\/05\/Tour-dItalie-2024-Quattendre-de-la-Visma-Lease-a-Bike-.png\",\"keywords\":[\"br\u00e8ve\",\"Cian Uijtdebroeks\",\"Olav Kooij\",\"Tour d'Italie\",\"Visma - Lease a Bike\"],\"articleSection\":[\"Tour d'Italie\"],\"inLanguage\":\"fr-FR\",\"potentialAction\":[{\"@type\":\"CommentAction\",\"name\":\"Comment\",\"target\":[\"https:\/\/dicodusport.fr\/blog\/tour-ditalie-2024-quattendre-de-la-visma-lease-a-bike\/#respond\"]}],\"copyrightYear\":\"2024\",\"copyrightHolder\":{\"@id\":\"https:\/\/dicodusport.fr\/blog\/#organization\"}},{\"@type\":\"WebPage\",\"@id\":\"https:\/\/dicodusport.fr\/blog\/tour-ditalie-2024-quattendre-de-la-visma-lease-a-bike\/\",\"url\":\"https:\/\/dicodusport.fr\/blog\/tour-ditalie-2024-quattendre-de-la-visma-lease-a-bike\/\",\"name\":\"Tour d'Italie 2024 : Qu'attendre de la Visma-Lease a Bike ?\",\"isPartOf\":{\"@id\":\"https:\/\/dicodusport.fr\/blog\/#website\"},\"primaryImageOfPage\":{\"@id\":\"https:\/\/dicodusport.fr\/blog\/tour-ditalie-2024-quattendre-de-la-visma-lease-a-bike\/#primaryimage\"},\"image\":{\"@id\":\"https:\/\/dicodusport.fr\/blog\/tour-ditalie-2024-quattendre-de-la-visma-lease-a-bike\/#primaryimage\"},\"thumbnailUrl\":\"https:\/\/dicodusport.fr\/blog\/wp-content\/uploads\/2024\/05\/Tour-dItalie-2024-Quattendre-de-la-Visma-Lease-a-Bike-.png\",\"datePublished\":\"2024-05-03T08:46:33+00:00\",\"description\":\"Tour d'Italie 2024 - En retrait depuis quelques mois, la formation Visma - Lease a Bike se pr\u00e9sente sur le Giro avec une confiance mod\u00e9r\u00e9e.\",\"breadcrumb\":{\"@id\":\"https:\/\/dicodusport.fr\/blog\/tour-ditalie-2024-quattendre-de-la-visma-lease-a-bike\/#breadcrumb\"},\"inLanguage\":\"fr-FR\",\"potentialAction\":[{\"@type\":\"ReadAction\",\"target\":[\"https:\/\/dicodusport.fr\/blog\/tour-ditalie-2024-quattendre-de-la-visma-lease-a-bike\/\"]}]},{\"@type\":\"ImageObject\",\"inLanguage\":\"fr-FR\",\"@id\":\"https:\/\/dicodusport.fr\/blog\/tour-ditalie-2024-quattendre-de-la-visma-lease-a-bike\/#primaryimage\",\"url\":\"https:\/\/dicodusport.fr\/blog\/wp-content\/uploads\/2024\/05\/Tour-dItalie-2024-Quattendre-de-la-Visma-Lease-a-Bike-.png\",\"contentUrl\":\"https:\/\/dicodusport.fr\/blog\/wp-content\/uploads\/2024\/05\/Tour-dItalie-2024-Quattendre-de-la-Visma-Lease-a-Bike-.png\",\"width\":1200,\"height\":674,\"caption\":\"Tour d'Italie 2024 Qu'attendre de la Visma-Lease a Bike\"},{\"@type\":\"BreadcrumbList\",\"@id\":\"https:\/\/dicodusport.fr\/blog\/tour-ditalie-2024-quattendre-de-la-visma-lease-a-bike\/#breadcrumb\",\"itemListElement\":[{\"@type\":\"ListItem\",\"position\":1,\"name\":\"Accueil\",\"item\":\"https:\/\/dicodusport.fr\/blog\/\"},{\"@type\":\"ListItem\",\"position\":2,\"name\":\"Tour d&rsquo;Italie 2024 : Qu&rsquo;attendre de la Visma-Lease a Bike ?\"}]},{\"@type\":\"WebSite\",\"@id\":\"https:\/\/dicodusport.fr\/blog\/#website\",\"url\":\"https:\/\/dicodusport.fr\/blog\/\",\"name\":\"Dicodusport\",\"description\":\"L&#039;encyclop\u00e9die de l&#039;actualit\u00e9 sportive\",\"publisher\":{\"@id\":\"https:\/\/dicodusport.fr\/blog\/#organization\"},\"potentialAction\":[{\"@type\":\"SearchAction\",\"target\":{\"@type\":\"EntryPoint\",\"urlTemplate\":\"https:\/\/dicodusport.fr\/blog\/?s={search_term_string}\"},\"query-input\":{\"@type\":\"PropertyValueSpecification\",\"valueRequired\":true,\"valueName\":\"search_term_string\"}}],\"inLanguage\":\"fr-FR\"},{\"@type\":\"NewsMediaOrganization\",\"@id\":\"https:\/\/dicodusport.fr\/blog\/#organization\",\"name\":\"Dicodusport\",\"url\":\"https:\/\/dicodusport.fr\/blog\/\",\"logo\":{\"@type\":\"ImageObject\",\"inLanguage\":\"fr-FR\",\"@id\":\"https:\/\/dicodusport.fr\/blog\/#\/schema\/logo\/image\/\",\"url\":\"https:\/\/dicodusport.fr\/blog\/wp-content\/uploads\/2020\/06\/cropped-LOGO-DICODUSPORT-2020-SANS-FOND-SANS-TEXTE.png\",\"contentUrl\":\"https:\/\/dicodusport.fr\/blog\/wp-content\/uploads\/2020\/06\/cropped-LOGO-DICODUSPORT-2020-SANS-FOND-SANS-TEXTE.png\",\"width\":512,\"height\":512,\"caption\":\"Dicodusport\"},\"image\":{\"@id\":\"https:\/\/dicodusport.fr\/blog\/#\/schema\/logo\/image\/\"},\"sameAs\":[\"https:\/\/www.facebook.com\/dicodusport\",\"https:\/\/x.com\/dicodusport\",\"https:\/\/www.instagram.com\/dicodusport\/\",\"https:\/\/www.youtube.com\/channel\/UC7V2KZ5sd3htJivAbA4ZG3w\"],\"description\":\"Dicodusport est l'encyclop\u00e9die de l'actualit\u00e9 sportive.\",\"email\":\"bonjour@dicodusport.fr\",\"legalName\":\"DICODUSPORT\",\"foundingDate\":\"2018-01-14\",\"vatID\":\"FR71834470973\",\"taxID\":\"83447097300043\",\"numberOfEmployees\":{\"@type\":\"QuantitativeValue\",\"minValue\":\"1\",\"maxValue\":\"10\"}},{\"@type\":\"Person\",\"@id\":\"https:\/\/dicodusport.fr\/blog\/#\/schema\/person\/fe500246414ca17ddf0c0312d7a792cc\",\"name\":\"Olivier Dobiezynski\",\"image\":{\"@type\":\"ImageObject\",\"inLanguage\":\"fr-FR\",\"@id\":\"https:\/\/dicodusport.fr\/blog\/#\/schema\/person\/image\/\",\"url\":\"https:\/\/dicodusport.fr\/blog\/wp-content\/uploads\/2024\/09\/5be8fe8d-9962-4f1e-ad06-d6f9dee30e6d-150x150.jpg\",\"contentUrl\":\"https:\/\/dicodusport.fr\/blog\/wp-content\/uploads\/2024\/09\/5be8fe8d-9962-4f1e-ad06-d6f9dee30e6d-150x150.jpg\",\"caption\":\"Olivier Dobiezynski\"},\"description\":\"Depuis le milieu des ann\u00e9es 90, la passion du cyclisme m'anime. Mes h\u00e9ros s'appellent Luc Leblanc, Piotr Ugrumov, Paolo Savoldelli, Peter Sagan et bien \u00e9videmment Romain Bardet. R\u00e9dacteur depuis 2023, je suis ici pour partager cet amour de la Petite Reine. Vous pourrez me lire \u00e9galement sur du trail, du ski de fond et tout autre sujet susceptible d'\u00e9veiller ma curiosit\u00e9 sportive.\",\"sameAs\":[\"https:\/\/x.com\/https:\/\/x.com\/Olivier_Matros\"],\"url\":\"https:\/\/dicodusport.fr\/blog\/author\/olivier-gh\/\"}]}<\/script>\n<!-- \/ Yoast SEO Premium plugin. -->","yoast_head_json":{"title":"Tour d'Italie 2024 : Qu'attendre de la Visma-Lease a Bike ?","description":"Tour d'Italie 2024 - En retrait depuis quelques mois, la formation Visma - Lease a Bike se pr\u00e9sente sur le Giro avec une confiance mod\u00e9r\u00e9e.","robots":{"index":"index","follow":"follow","max-snippet":"max-snippet:-1","max-image-preview":"max-image-preview:large","max-video-preview":"max-video-preview:-1"},"canonical":"https:\/\/dicodusport.fr\/blog\/tour-ditalie-2024-quattendre-de-la-visma-lease-a-bike\/","og_locale":"fr_FR","og_type":"article","og_title":"Tour d'Italie 2024 : Qu'attendre de la Visma-Lease a Bike ?","og_description":"Tour d'Italie 2024 - En retrait depuis quelques mois, la formation Visma - Lease a Bike se pr\u00e9sente sur le Giro avec une confiance mod\u00e9r\u00e9e.","og_url":"https:\/\/dicodusport.fr\/blog\/tour-ditalie-2024-quattendre-de-la-visma-lease-a-bike\/","og_site_name":"Dicodusport","article_publisher":"https:\/\/www.facebook.com\/dicodusport","article_published_time":"2024-05-03T08:46:33+00:00","og_image":[{"width":1200,"height":674,"url":"https:\/\/dicodusport.fr\/blog\/wp-content\/uploads\/2024\/05\/Tour-dItalie-2024-Quattendre-de-la-Visma-Lease-a-Bike-.png","type":"image\/png"}],"author":"Olivier Dobiezynski","twitter_card":"summary_large_image","twitter_title":"Tour d'Italie 2024 : Qu'attendre de la Visma-Lease a Bike ?","twitter_creator":"@https:\/\/x.com\/Olivier_Matros","twitter_site":"@dicodusport","schema":{"@context":"https:\/\/schema.org","@graph":[{"@type":"NewsArticle","@id":"https:\/\/dicodusport.fr\/blog\/tour-ditalie-2024-quattendre-de-la-visma-lease-a-bike\/#article","isPartOf":{"@id":"https:\/\/dicodusport.fr\/blog\/tour-ditalie-2024-quattendre-de-la-visma-lease-a-bike\/"},"author":{"name":"Olivier Dobiezynski","@id":"https:\/\/dicodusport.fr\/blog\/#\/schema\/person\/fe500246414ca17ddf0c0312d7a792cc"},"headline":"Tour d&rsquo;Italie 2024 : Qu&rsquo;attendre de la Visma-Lease a Bike ?","datePublished":"2024-05-03T08:46:33+00:00","mainEntityOfPage":{"@id":"https:\/\/dicodusport.fr\/blog\/tour-ditalie-2024-quattendre-de-la-visma-lease-a-bike\/"},"wordCount":443,"commentCount":0,"publisher":{"@id":"https:\/\/dicodusport.fr\/blog\/#organization"},"image":{"@id":"https:\/\/dicodusport.fr\/blog\/tour-ditalie-2024-quattendre-de-la-visma-lease-a-bike\/#primaryimage"},"thumbnailUrl":"https:\/\/dicodusport.fr\/blog\/wp-content\/uploads\/2024\/05\/Tour-dItalie-2024-Quattendre-de-la-Visma-Lease-a-Bike-.png","keywords":["br\u00e8ve","Cian Uijtdebroeks","Olav Kooij","Tour d'Italie","Visma - Lease a Bike"],"articleSection":["Tour d'Italie"],"inLanguage":"fr-FR","potentialAction":[{"@type":"CommentAction","name":"Comment","target":["https:\/\/dicodusport.fr\/blog\/tour-ditalie-2024-quattendre-de-la-visma-lease-a-bike\/#respond"]}],"copyrightYear":"2024","copyrightHolder":{"@id":"https:\/\/dicodusport.fr\/blog\/#organization"}},{"@type":"WebPage","@id":"https:\/\/dicodusport.fr\/blog\/tour-ditalie-2024-quattendre-de-la-visma-lease-a-bike\/","url":"https:\/\/dicodusport.fr\/blog\/tour-ditalie-2024-quattendre-de-la-visma-lease-a-bike\/","name":"Tour d'Italie 2024 : Qu'attendre de la Visma-Lease a Bike ?","isPartOf":{"@id":"https:\/\/dicodusport.fr\/blog\/#website"},"primaryImageOfPage":{"@id":"https:\/\/dicodusport.fr\/blog\/tour-ditalie-2024-quattendre-de-la-visma-lease-a-bike\/#primaryimage"},"image":{"@id":"https:\/\/dicodusport.fr\/blog\/tour-ditalie-2024-quattendre-de-la-visma-lease-a-bike\/#primaryimage"},"thumbnailUrl":"https:\/\/dicodusport.fr\/blog\/wp-content\/uploads\/2024\/05\/Tour-dItalie-2024-Quattendre-de-la-Visma-Lease-a-Bike-.png","datePublished":"2024-05-03T08:46:33+00:00","description":"Tour d'Italie 2024 - En retrait depuis quelques mois, la formation Visma - Lease a Bike se pr\u00e9sente sur le Giro avec une confiance mod\u00e9r\u00e9e.","breadcrumb":{"@id":"https:\/\/dicodusport.fr\/blog\/tour-ditalie-2024-quattendre-de-la-visma-lease-a-bike\/#breadcrumb"},"inLanguage":"fr-FR","potentialAction":[{"@type":"ReadAction","target":["https:\/\/dicodusport.fr\/blog\/tour-ditalie-2024-quattendre-de-la-visma-lease-a-bike\/"]}]},{"@type":"ImageObject","inLanguage":"fr-FR","@id":"https:\/\/dicodusport.fr\/blog\/tour-ditalie-2024-quattendre-de-la-visma-lease-a-bike\/#primaryimage","url":"https:\/\/dicodusport.fr\/blog\/wp-content\/uploads\/2024\/05\/Tour-dItalie-2024-Quattendre-de-la-Visma-Lease-a-Bike-.png","contentUrl":"https:\/\/dicodusport.fr\/blog\/wp-content\/uploads\/2024\/05\/Tour-dItalie-2024-Quattendre-de-la-Visma-Lease-a-Bike-.png","width":1200,"height":674,"caption":"Tour d'Italie 2024 Qu'attendre de la Visma-Lease a Bike"},{"@type":"BreadcrumbList","@id":"https:\/\/dicodusport.fr\/blog\/tour-ditalie-2024-quattendre-de-la-visma-lease-a-bike\/#breadcrumb","itemListElement":[{"@type":"ListItem","position":1,"name":"Accueil","item":"https:\/\/dicodusport.fr\/blog\/"},{"@type":"ListItem","position":2,"name":"Tour d&rsquo;Italie 2024 : Qu&rsquo;attendre de la Visma-Lease a Bike ?"}]},{"@type":"WebSite","@id":"https:\/\/dicodusport.fr\/blog\/#website","url":"https:\/\/dicodusport.fr\/blog\/","name":"Dicodusport","description":"L&#039;encyclop\u00e9die de l&#039;actualit\u00e9 sportive","publisher":{"@id":"https:\/\/dicodusport.fr\/blog\/#organization"},"potentialAction":[{"@type":"SearchAction","target":{"@type":"EntryPoint","urlTemplate":"https:\/\/dicodusport.fr\/blog\/?s={search_term_string}"},"query-input":{"@type":"PropertyValueSpecification","valueRequired":true,"valueName":"search_term_string"}}],"inLanguage":"fr-FR"},{"@type":"NewsMediaOrganization","@id":"https:\/\/dicodusport.fr\/blog\/#organization","name":"Dicodusport","url":"https:\/\/dicodusport.fr\/blog\/","logo":{"@type":"ImageObject","inLanguage":"fr-FR","@id":"https:\/\/dicodusport.fr\/blog\/#\/schema\/logo\/image\/","url":"https:\/\/dicodusport.fr\/blog\/wp-content\/uploads\/2020\/06\/cropped-LOGO-DICODUSPORT-2020-SANS-FOND-SANS-TEXTE.png","contentUrl":"https:\/\/dicodusport.fr\/blog\/wp-content\/uploads\/2020\/06\/cropped-LOGO-DICODUSPORT-2020-SANS-FOND-SANS-TEXTE.png","width":512,"height":512,"caption":"Dicodusport"},"image":{"@id":"https:\/\/dicodusport.fr\/blog\/#\/schema\/logo\/image\/"},"sameAs":["https:\/\/www.facebook.com\/dicodusport","https:\/\/x.com\/dicodusport","https:\/\/www.instagram.com\/dicodusport\/","https:\/\/www.youtube.com\/channel\/UC7V2KZ5sd3htJivAbA4ZG3w"],"description":"Dicodusport est l'encyclop\u00e9die de l'actualit\u00e9 sportive.","email":"bonjour@dicodusport.fr","legalName":"DICODUSPORT","foundingDate":"2018-01-14","vatID":"FR71834470973","taxID":"83447097300043","numberOfEmployees":{"@type":"QuantitativeValue","minValue":"1","maxValue":"10"}},{"@type":"Person","@id":"https:\/\/dicodusport.fr\/blog\/#\/schema\/person\/fe500246414ca17ddf0c0312d7a792cc","name":"Olivier Dobiezynski","image":{"@type":"ImageObject","inLanguage":"fr-FR","@id":"https:\/\/dicodusport.fr\/blog\/#\/schema\/person\/image\/","url":"https:\/\/dicodusport.fr\/blog\/wp-content\/uploads\/2024\/09\/5be8fe8d-9962-4f1e-ad06-d6f9dee30e6d-150x150.jpg","contentUrl":"https:\/\/dicodusport.fr\/blog\/wp-content\/uploads\/2024\/09\/5be8fe8d-9962-4f1e-ad06-d6f9dee30e6d-150x150.jpg","caption":"Olivier Dobiezynski"},"description":"Depuis le milieu des ann\u00e9es 90, la passion du cyclisme m'anime. Mes h\u00e9ros s'appellent Luc Leblanc, Piotr Ugrumov, Paolo Savoldelli, Peter Sagan et bien \u00e9videmment Romain Bardet. R\u00e9dacteur depuis 2023, je suis ici pour partager cet amour de la Petite Reine. Vous pourrez me lire \u00e9galement sur du trail, du ski de fond et tout autre sujet susceptible d'\u00e9veiller ma curiosit\u00e9 sportive.","sameAs":["https:\/\/x.com\/https:\/\/x.com\/Olivier_Matros"],"url":"https:\/\/dicodusport.fr\/blog\/author\/olivier-gh\/"}]}},"_links":{"self":[{"href":"https:\/\/dicodusport.fr\/blog\/wp-json\/wp\/v2\/posts\/483010","targetHints":{"allow":["GET"]}}],"collection":[{"href":"https:\/\/dicodusport.fr\/blog\/wp-json\/wp\/v2\/posts"}],"about":[{"href":"https:\/\/dicodusport.fr\/blog\/wp-json\/wp\/v2\/types\/post"}],"author":[{"embeddable":true,"href":"https:\/\/dicodusport.fr\/blog\/wp-json\/wp\/v2\/users\/92"}],"replies":[{"embeddable":true,"href":"https:\/\/dicodusport.fr\/blog\/wp-json\/wp\/v2\/comments?post=483010"}],"version-history":[{"count":5,"href":"https:\/\/dicodusport.fr\/blog\/wp-json\/wp\/v2\/posts\/483010\/revisions"}],"predecessor-version":[{"id":483038,"href":"https:\/\/dicodusport.fr\/blog\/wp-json\/wp\/v2\/posts\/483010\/revisions\/483038"}],"wp:featuredmedia":[{"embeddable":true,"href":"https:\/\/dicodusport.fr\/blog\/wp-json\/wp\/v2\/media\/483032"}],"wp:attachment":[{"href":"https:\/\/dicodusport.fr\/blog\/wp-json\/wp\/v2\/media?parent=483010"}],"wp:term":[{"taxonomy":"category","embeddable":true,"href":"https:\/\/dicodusport.fr\/blog\/wp-json\/wp\/v2\/categories?post=483010"},{"taxonomy":"post_tag","embeddable":true,"href":"https:\/\/dicodusport.fr\/blog\/wp-json\/wp\/v2\/tags?post=483010"}],"curies":[{"name":"wp","href":"https:\/\/api.w.org\/{rel}","templated":true}]}}