{"id":483936,"date":"2024-05-06T10:17:26","date_gmt":"2024-05-06T08:17:26","guid":{"rendered":"https:\/\/dicodusport.fr\/blog\/?p=483936&#038;preview=true&#038;preview_id=483936"},"modified":"2024-05-06T10:17:26","modified_gmt":"2024-05-06T08:17:26","slug":"coupe-du-monde-descalade-oriane-bertone-et-naile-meignan-sur-le-podium-a-salt-lake-city","status":"publish","type":"post","link":"https:\/\/dicodusport.fr\/blog\/coupe-du-monde-descalade-oriane-bertone-et-naile-meignan-sur-le-podium-a-salt-lake-city\/","title":{"rendered":"Coupe du monde d&rsquo;escalade : Oriane Bertone et Nail\u00e9 Meignan sur le podium \u00e0 Salt Lake City"},"content":{"rendered":"<p style=\"text-align: justify;\"><strong><em>COUPE DU MONDE D&rsquo;ESCALADE 2024 &#8211; Premier podium de la saison pour la France, qui place deux repr\u00e9sentantes sur la bo\u00eete aux \u00c9tats-Unis en la personne de Oriane Bertone et Nail\u00e9 Meignan sur l&rsquo;\u00e9preuve de bloc.\u00a0<\/em><\/strong><\/p>\n<p style=\"text-align: justify;\">Les premi\u00e8res manches asiatique de la Coupe du monde d&rsquo;escalade n&rsquo;avaient pas sp\u00e9cialement souri aux Bleus, qui n&rsquo;y avaient rafl\u00e9 aucun podium. Pour celle de Salt Lake City ce weekend, vitesse et bloc \u00e9taient au programme. Et c&rsquo;est dans la deuxi\u00e8me sp\u00e9cialit\u00e9 que les m\u00e9dailles sont tomb\u00e9es. Si aucun homme n&rsquo;\u00e9tait pr\u00e9sent en finale, <strong>Oriane Bertone<\/strong> et <strong>Nail\u00e9 Meignan<\/strong>, qualifi\u00e9e d&rsquo;extr\u00eame justesse, ont frapp\u00e9 fort chez les femmes.<\/p>\n<blockquote class=\"twitter-tweet\">\n<p dir=\"ltr\" lang=\"en\">The podium of the women\u2019s Boulder event in Salt Lake City \ud83c\uddfa\ud83c\uddf8<\/p>\n<p>\ud83e\udd47Natalia Grossman \ud83c\uddfa\ud83c\uddf8<br \/>\n\ud83e\udd48Oriane Bertone \ud83c\uddeb\ud83c\uddf7<br \/>\n\ud83e\udd49Na\u00efl\u00e9 Meignan \ud83c\uddeb\ud83c\uddf7 <a href=\"https:\/\/twitter.com\/hashtag\/sportclimbing?src=hash&amp;ref_src=twsrc%5Etfw\">#sportclimbing<\/a> <a href=\"https:\/\/twitter.com\/hashtag\/worldcup?src=hash&amp;ref_src=twsrc%5Etfw\">#worldcup<\/a> <a href=\"https:\/\/twitter.com\/hashtag\/saltlakecity2024?src=hash&amp;ref_src=twsrc%5Etfw\">#saltlakecity2024<\/a> <a href=\"https:\/\/twitter.com\/hashtag\/WorldClimbing?src=hash&amp;ref_src=twsrc%5Etfw\">#WorldClimbing<\/a> <a href=\"https:\/\/twitter.com\/hashtag\/SLCWC?src=hash&amp;ref_src=twsrc%5Etfw\">#SLCWC<\/a> <a href=\"https:\/\/t.co\/ycmlcQkkJD\">pic.twitter.com\/ycmlcQkkJD<\/a><\/p>\n<p>\u2014 International Federation of Sport Climbing (@ifsclimbing) <a href=\"https:\/\/twitter.com\/ifsclimbing\/status\/1787313226138402950?ref_src=twsrc%5Etfw\">May 6, 2024<\/a><\/p><\/blockquote>\n<p style=\"text-align: justify;\"><script async src=\"https:\/\/platform.twitter.com\/widgets.js\" charset=\"utf-8\"><\/script><br \/>\nCertes, <strong>Natalia Grossman<\/strong> \u00e9tait intouchable. \u00c0 domicile, la championne du monde 2021 de la sp\u00e9cialit\u00e9 a survol\u00e9 l&rsquo;\u00e9preuve, remportant qualification, demi-finale et finale ! Mais sa plus farouche rivale a \u00e9t\u00e9 <strong>Oriane Bertone<\/strong>, qui remonte sur le podium dans sa discipline pr\u00e9f\u00e9r\u00e9e, celle dont elle est <a href=\"https:\/\/dicodusport.fr\/blog\/mondiaux-escalade-2023-oriane-bertone-en-argent-au-bloc-derriere-lintouchable-janja-garnbret\/\">vice-championne du monde<\/a>. <a href=\"https:\/\/dicodusport.fr\/blog\/escalade-oriane-bertrone-qualifiee-pour-les-jo-de-paris\/\">D\u00e9j\u00e0 qualifi\u00e9e pour les JO<\/a>, la Tricolore monte en puissance. <strong>Nail\u00e9 Meignan<\/strong>, en revanche, confirme enfin son grand potentiel. Championne du monde juniors de la sp\u00e9cialit\u00e9 en 2021, elle signe un premier podium en Coupe du monde \u00e0 20 ans, apr\u00e8s deux ann\u00e9es de gal\u00e8re suite \u00e0 de nombreuses blessures. De quoi voir loin pour l&rsquo;escalade fran\u00e7aise.<\/p>\n","protected":false},"excerpt":{"rendered":"<p>COUPE DU MONDE D&rsquo;ESCALADE 2024 &#8211; Premier podium de la saison pour la France, qui place deux repr\u00e9sentantes sur la bo\u00eete aux \u00c9tats-Unis en la personne de Oriane Bertone et Nail\u00e9 Meignan sur l&rsquo;\u00e9preuve de bloc.\u00a0<\/p>\n","protected":false},"author":59,"featured_media":483940,"comment_status":"open","ping_status":"closed","sticky":false,"template":"","format":"standard","meta":{"_acf_changed":false,"_daextam_enable_autolinks":"1","footnotes":""},"categories":[10930],"tags":[16878,25798],"class_list":["post-483936","post","type-post","status-publish","format-standard","has-post-thumbnail","hentry","category-escalade","tag-breve","tag-oriane-bertone"],"acf":[],"yoast_head":"<!-- This site is optimized with the Yoast SEO Premium plugin v26.7 (Yoast SEO v26.7) - https:\/\/yoast.com\/wordpress\/plugins\/seo\/ -->\n<title>Coupe du monde d&#039;escalade : Oriane Bertone et Nail\u00e9 Meignan sur le podium \u00e0 Salt Lake City<\/title>\n<meta name=\"description\" content=\"COUPE DU MONDE D&#039;ESCALADE 2024 - Premier podium de la saison pour la France gr\u00e2ce \u00e0 Oriane Bertone et Nail\u00e9 Meignan sur l&#039;\u00e9preuve de bloc.\u00a0\" \/>\n<meta name=\"robots\" content=\"index, follow, max-snippet:-1, max-image-preview:large, max-video-preview:-1\" \/>\n<link rel=\"canonical\" href=\"https:\/\/dicodusport.fr\/blog\/coupe-du-monde-descalade-oriane-bertone-et-naile-meignan-sur-le-podium-a-salt-lake-city\/\" \/>\n<meta property=\"og:locale\" content=\"fr_FR\" \/>\n<meta property=\"og:type\" content=\"article\" \/>\n<meta property=\"og:title\" content=\"Coupe du monde d&#039;escalade : Oriane Bertone et Nail\u00e9 Meignan sur le podium \u00e0 Salt Lake City\" \/>\n<meta property=\"og:description\" content=\"COUPE DU MONDE D&#039;ESCALADE 2024 - Premier podium de la saison pour la France gr\u00e2ce \u00e0 Oriane Bertone et Nail\u00e9 Meignan sur l&#039;\u00e9preuve de bloc.\u00a0\" \/>\n<meta property=\"og:url\" content=\"https:\/\/dicodusport.fr\/blog\/coupe-du-monde-descalade-oriane-bertone-et-naile-meignan-sur-le-podium-a-salt-lake-city\/\" \/>\n<meta property=\"og:site_name\" content=\"Dicodusport\" \/>\n<meta property=\"article:publisher\" content=\"https:\/\/www.facebook.com\/dicodusport\" \/>\n<meta property=\"article:author\" content=\"https:\/\/www.facebook.com\/sebastien.gente\/\" \/>\n<meta property=\"article:published_time\" content=\"2024-05-06T08:17:26+00:00\" \/>\n<meta property=\"og:image\" content=\"https:\/\/dicodusport.fr\/blog\/wp-content\/uploads\/2024\/05\/Coupe-du-monde-descalade-Oriane-Bertone-et-Naile-Meignan-sur-le-podium-a-Salt-Lake-City.png\" \/>\n\t<meta property=\"og:image:width\" content=\"1200\" \/>\n\t<meta property=\"og:image:height\" content=\"674\" \/>\n\t<meta property=\"og:image:type\" content=\"image\/png\" \/>\n<meta name=\"author\" content=\"S\u00e9bastien Gente\" \/>\n<meta name=\"twitter:card\" content=\"summary_large_image\" \/>\n<meta name=\"twitter:title\" content=\"Coupe du monde d&#039;escalade : Oriane Bertone et Nail\u00e9 Meignan sur le podium \u00e0 Salt Lake City\" \/>\n<meta name=\"twitter:creator\" content=\"@https:\/\/twitter.com\/globulo24\" \/>\n<meta name=\"twitter:site\" content=\"@dicodusport\" \/>\n<script type=\"application\/ld+json\" class=\"yoast-schema-graph\">{\"@context\":\"https:\/\/schema.org\",\"@graph\":[{\"@type\":\"NewsArticle\",\"@id\":\"https:\/\/dicodusport.fr\/blog\/coupe-du-monde-descalade-oriane-bertone-et-naile-meignan-sur-le-podium-a-salt-lake-city\/#article\",\"isPartOf\":{\"@id\":\"https:\/\/dicodusport.fr\/blog\/coupe-du-monde-descalade-oriane-bertone-et-naile-meignan-sur-le-podium-a-salt-lake-city\/\"},\"author\":{\"name\":\"S\u00e9bastien Gente\",\"@id\":\"https:\/\/dicodusport.fr\/blog\/#\/schema\/person\/627966a6cde45dbd8c5e36ac85d783da\"},\"headline\":\"Coupe du monde d&rsquo;escalade : Oriane Bertone et Nail\u00e9 Meignan sur le podium \u00e0 Salt Lake City\",\"datePublished\":\"2024-05-06T08:17:26+00:00\",\"mainEntityOfPage\":{\"@id\":\"https:\/\/dicodusport.fr\/blog\/coupe-du-monde-descalade-oriane-bertone-et-naile-meignan-sur-le-podium-a-salt-lake-city\/\"},\"wordCount\":285,\"commentCount\":0,\"publisher\":{\"@id\":\"https:\/\/dicodusport.fr\/blog\/#organization\"},\"image\":{\"@id\":\"https:\/\/dicodusport.fr\/blog\/coupe-du-monde-descalade-oriane-bertone-et-naile-meignan-sur-le-podium-a-salt-lake-city\/#primaryimage\"},\"thumbnailUrl\":\"https:\/\/dicodusport.fr\/blog\/wp-content\/uploads\/2024\/05\/Coupe-du-monde-descalade-Oriane-Bertone-et-Naile-Meignan-sur-le-podium-a-Salt-Lake-City.png\",\"keywords\":[\"br\u00e8ve\",\"Oriane Bertone\"],\"articleSection\":[\"Escalade\"],\"inLanguage\":\"fr-FR\",\"potentialAction\":[{\"@type\":\"CommentAction\",\"name\":\"Comment\",\"target\":[\"https:\/\/dicodusport.fr\/blog\/coupe-du-monde-descalade-oriane-bertone-et-naile-meignan-sur-le-podium-a-salt-lake-city\/#respond\"]}],\"copyrightYear\":\"2024\",\"copyrightHolder\":{\"@id\":\"https:\/\/dicodusport.fr\/blog\/#organization\"}},{\"@type\":\"WebPage\",\"@id\":\"https:\/\/dicodusport.fr\/blog\/coupe-du-monde-descalade-oriane-bertone-et-naile-meignan-sur-le-podium-a-salt-lake-city\/\",\"url\":\"https:\/\/dicodusport.fr\/blog\/coupe-du-monde-descalade-oriane-bertone-et-naile-meignan-sur-le-podium-a-salt-lake-city\/\",\"name\":\"Coupe du monde d'escalade : Oriane Bertone et Nail\u00e9 Meignan sur le podium \u00e0 Salt Lake City\",\"isPartOf\":{\"@id\":\"https:\/\/dicodusport.fr\/blog\/#website\"},\"primaryImageOfPage\":{\"@id\":\"https:\/\/dicodusport.fr\/blog\/coupe-du-monde-descalade-oriane-bertone-et-naile-meignan-sur-le-podium-a-salt-lake-city\/#primaryimage\"},\"image\":{\"@id\":\"https:\/\/dicodusport.fr\/blog\/coupe-du-monde-descalade-oriane-bertone-et-naile-meignan-sur-le-podium-a-salt-lake-city\/#primaryimage\"},\"thumbnailUrl\":\"https:\/\/dicodusport.fr\/blog\/wp-content\/uploads\/2024\/05\/Coupe-du-monde-descalade-Oriane-Bertone-et-Naile-Meignan-sur-le-podium-a-Salt-Lake-City.png\",\"datePublished\":\"2024-05-06T08:17:26+00:00\",\"description\":\"COUPE DU MONDE D'ESCALADE 2024 - Premier podium de la saison pour la France gr\u00e2ce \u00e0 Oriane Bertone et Nail\u00e9 Meignan sur l'\u00e9preuve de bloc.\u00a0\",\"breadcrumb\":{\"@id\":\"https:\/\/dicodusport.fr\/blog\/coupe-du-monde-descalade-oriane-bertone-et-naile-meignan-sur-le-podium-a-salt-lake-city\/#breadcrumb\"},\"inLanguage\":\"fr-FR\",\"potentialAction\":[{\"@type\":\"ReadAction\",\"target\":[\"https:\/\/dicodusport.fr\/blog\/coupe-du-monde-descalade-oriane-bertone-et-naile-meignan-sur-le-podium-a-salt-lake-city\/\"]}]},{\"@type\":\"ImageObject\",\"inLanguage\":\"fr-FR\",\"@id\":\"https:\/\/dicodusport.fr\/blog\/coupe-du-monde-descalade-oriane-bertone-et-naile-meignan-sur-le-podium-a-salt-lake-city\/#primaryimage\",\"url\":\"https:\/\/dicodusport.fr\/blog\/wp-content\/uploads\/2024\/05\/Coupe-du-monde-descalade-Oriane-Bertone-et-Naile-Meignan-sur-le-podium-a-Salt-Lake-City.png\",\"contentUrl\":\"https:\/\/dicodusport.fr\/blog\/wp-content\/uploads\/2024\/05\/Coupe-du-monde-descalade-Oriane-Bertone-et-Naile-Meignan-sur-le-podium-a-Salt-Lake-City.png\",\"width\":1200,\"height\":674,\"caption\":\"Coupe du monde d'escalade Oriane Bertone et Nail\u00e9 Meignan sur le podium \u00e0 Salt Lake City\"},{\"@type\":\"BreadcrumbList\",\"@id\":\"https:\/\/dicodusport.fr\/blog\/coupe-du-monde-descalade-oriane-bertone-et-naile-meignan-sur-le-podium-a-salt-lake-city\/#breadcrumb\",\"itemListElement\":[{\"@type\":\"ListItem\",\"position\":1,\"name\":\"Accueil\",\"item\":\"https:\/\/dicodusport.fr\/blog\/\"},{\"@type\":\"ListItem\",\"position\":2,\"name\":\"Coupe du monde d&rsquo;escalade : Oriane Bertone et Nail\u00e9 Meignan sur le podium \u00e0 Salt Lake City\"}]},{\"@type\":\"WebSite\",\"@id\":\"https:\/\/dicodusport.fr\/blog\/#website\",\"url\":\"https:\/\/dicodusport.fr\/blog\/\",\"name\":\"Dicodusport\",\"description\":\"L&#039;encyclop\u00e9die de l&#039;actualit\u00e9 sportive\",\"publisher\":{\"@id\":\"https:\/\/dicodusport.fr\/blog\/#organization\"},\"potentialAction\":[{\"@type\":\"SearchAction\",\"target\":{\"@type\":\"EntryPoint\",\"urlTemplate\":\"https:\/\/dicodusport.fr\/blog\/?s={search_term_string}\"},\"query-input\":{\"@type\":\"PropertyValueSpecification\",\"valueRequired\":true,\"valueName\":\"search_term_string\"}}],\"inLanguage\":\"fr-FR\"},{\"@type\":\"NewsMediaOrganization\",\"@id\":\"https:\/\/dicodusport.fr\/blog\/#organization\",\"name\":\"Dicodusport\",\"url\":\"https:\/\/dicodusport.fr\/blog\/\",\"logo\":{\"@type\":\"ImageObject\",\"inLanguage\":\"fr-FR\",\"@id\":\"https:\/\/dicodusport.fr\/blog\/#\/schema\/logo\/image\/\",\"url\":\"https:\/\/dicodusport.fr\/blog\/wp-content\/uploads\/2020\/06\/cropped-LOGO-DICODUSPORT-2020-SANS-FOND-SANS-TEXTE.png\",\"contentUrl\":\"https:\/\/dicodusport.fr\/blog\/wp-content\/uploads\/2020\/06\/cropped-LOGO-DICODUSPORT-2020-SANS-FOND-SANS-TEXTE.png\",\"width\":512,\"height\":512,\"caption\":\"Dicodusport\"},\"image\":{\"@id\":\"https:\/\/dicodusport.fr\/blog\/#\/schema\/logo\/image\/\"},\"sameAs\":[\"https:\/\/www.facebook.com\/dicodusport\",\"https:\/\/x.com\/dicodusport\",\"https:\/\/www.instagram.com\/dicodusport\/\",\"https:\/\/www.youtube.com\/channel\/UC7V2KZ5sd3htJivAbA4ZG3w\"],\"description\":\"Dicodusport est l'encyclop\u00e9die de l'actualit\u00e9 sportive.\",\"email\":\"bonjour@dicodusport.fr\",\"legalName\":\"DICODUSPORT\",\"foundingDate\":\"2018-01-14\",\"vatID\":\"FR71834470973\",\"taxID\":\"83447097300043\",\"numberOfEmployees\":{\"@type\":\"QuantitativeValue\",\"minValue\":\"1\",\"maxValue\":\"10\"}},{\"@type\":\"Person\",\"@id\":\"https:\/\/dicodusport.fr\/blog\/#\/schema\/person\/627966a6cde45dbd8c5e36ac85d783da\",\"name\":\"S\u00e9bastien Gente\",\"image\":{\"@type\":\"ImageObject\",\"inLanguage\":\"fr-FR\",\"@id\":\"https:\/\/dicodusport.fr\/blog\/#\/schema\/person\/image\/\",\"url\":\"https:\/\/dicodusport.fr\/blog\/wp-content\/uploads\/2021\/09\/1510990_10205810251400683_4124423575079401707_n-150x150.jpg\",\"contentUrl\":\"https:\/\/dicodusport.fr\/blog\/wp-content\/uploads\/2021\/09\/1510990_10205810251400683_4124423575079401707_n-150x150.jpg\",\"caption\":\"S\u00e9bastien Gente\"},\"description\":\"John Stockton, Gianni Bugno, Zinedine Zidane, Steffi Graf, Frode Andresen, St\u00e9phane Stoecklin, Davis Kamoga, Primoz Peterka, Werner Schlager et Aur\u00e9lien Rougerie. Point commun entre ces sportifs? Ils m'ont fait r\u00eaver et ont berc\u00e9 mon adolescence. Je suis un fondu de sports et j'essaie de retranscrire ma passion \u00e0 travers mes articles. Originaire du P\u00e9rigord, ma passion pour les Girondins, les Jaunards et les Jazzmen transpire dans mes \u00e9crits. \u00c0 Dicodusport depuis 2021, je d\u00e9niche les sports m\u00e9connus dans lesquels la France brille, et il y en a !\",\"sameAs\":[\"https:\/\/www.facebook.com\/sebastien.gente\/\",\"https:\/\/www.instagram.com\/sebgente\/\",\"https:\/\/www.linkedin.com\/in\/sbastien-gente-a29583169\/\",\"https:\/\/x.com\/https:\/\/twitter.com\/globulo24\",\"SebastienGente\"],\"worksFor\":\"S\u00e9bastien GENTE\",\"url\":\"https:\/\/dicodusport.fr\/blog\/author\/sebastiengente\/\"}]}<\/script>\n<!-- \/ Yoast SEO Premium plugin. -->","yoast_head_json":{"title":"Coupe du monde d'escalade : Oriane Bertone et Nail\u00e9 Meignan sur le podium \u00e0 Salt Lake City","description":"COUPE DU MONDE D'ESCALADE 2024 - Premier podium de la saison pour la France gr\u00e2ce \u00e0 Oriane Bertone et Nail\u00e9 Meignan sur l'\u00e9preuve de bloc.\u00a0","robots":{"index":"index","follow":"follow","max-snippet":"max-snippet:-1","max-image-preview":"max-image-preview:large","max-video-preview":"max-video-preview:-1"},"canonical":"https:\/\/dicodusport.fr\/blog\/coupe-du-monde-descalade-oriane-bertone-et-naile-meignan-sur-le-podium-a-salt-lake-city\/","og_locale":"fr_FR","og_type":"article","og_title":"Coupe du monde d'escalade : Oriane Bertone et Nail\u00e9 Meignan sur le podium \u00e0 Salt Lake City","og_description":"COUPE DU MONDE D'ESCALADE 2024 - Premier podium de la saison pour la France gr\u00e2ce \u00e0 Oriane Bertone et Nail\u00e9 Meignan sur l'\u00e9preuve de bloc.\u00a0","og_url":"https:\/\/dicodusport.fr\/blog\/coupe-du-monde-descalade-oriane-bertone-et-naile-meignan-sur-le-podium-a-salt-lake-city\/","og_site_name":"Dicodusport","article_publisher":"https:\/\/www.facebook.com\/dicodusport","article_author":"https:\/\/www.facebook.com\/sebastien.gente\/","article_published_time":"2024-05-06T08:17:26+00:00","og_image":[{"width":1200,"height":674,"url":"https:\/\/dicodusport.fr\/blog\/wp-content\/uploads\/2024\/05\/Coupe-du-monde-descalade-Oriane-Bertone-et-Naile-Meignan-sur-le-podium-a-Salt-Lake-City.png","type":"image\/png"}],"author":"S\u00e9bastien Gente","twitter_card":"summary_large_image","twitter_title":"Coupe du monde d'escalade : Oriane Bertone et Nail\u00e9 Meignan sur le podium \u00e0 Salt Lake City","twitter_creator":"@https:\/\/twitter.com\/globulo24","twitter_site":"@dicodusport","schema":{"@context":"https:\/\/schema.org","@graph":[{"@type":"NewsArticle","@id":"https:\/\/dicodusport.fr\/blog\/coupe-du-monde-descalade-oriane-bertone-et-naile-meignan-sur-le-podium-a-salt-lake-city\/#article","isPartOf":{"@id":"https:\/\/dicodusport.fr\/blog\/coupe-du-monde-descalade-oriane-bertone-et-naile-meignan-sur-le-podium-a-salt-lake-city\/"},"author":{"name":"S\u00e9bastien Gente","@id":"https:\/\/dicodusport.fr\/blog\/#\/schema\/person\/627966a6cde45dbd8c5e36ac85d783da"},"headline":"Coupe du monde d&rsquo;escalade : Oriane Bertone et Nail\u00e9 Meignan sur le podium \u00e0 Salt Lake City","datePublished":"2024-05-06T08:17:26+00:00","mainEntityOfPage":{"@id":"https:\/\/dicodusport.fr\/blog\/coupe-du-monde-descalade-oriane-bertone-et-naile-meignan-sur-le-podium-a-salt-lake-city\/"},"wordCount":285,"commentCount":0,"publisher":{"@id":"https:\/\/dicodusport.fr\/blog\/#organization"},"image":{"@id":"https:\/\/dicodusport.fr\/blog\/coupe-du-monde-descalade-oriane-bertone-et-naile-meignan-sur-le-podium-a-salt-lake-city\/#primaryimage"},"thumbnailUrl":"https:\/\/dicodusport.fr\/blog\/wp-content\/uploads\/2024\/05\/Coupe-du-monde-descalade-Oriane-Bertone-et-Naile-Meignan-sur-le-podium-a-Salt-Lake-City.png","keywords":["br\u00e8ve","Oriane Bertone"],"articleSection":["Escalade"],"inLanguage":"fr-FR","potentialAction":[{"@type":"CommentAction","name":"Comment","target":["https:\/\/dicodusport.fr\/blog\/coupe-du-monde-descalade-oriane-bertone-et-naile-meignan-sur-le-podium-a-salt-lake-city\/#respond"]}],"copyrightYear":"2024","copyrightHolder":{"@id":"https:\/\/dicodusport.fr\/blog\/#organization"}},{"@type":"WebPage","@id":"https:\/\/dicodusport.fr\/blog\/coupe-du-monde-descalade-oriane-bertone-et-naile-meignan-sur-le-podium-a-salt-lake-city\/","url":"https:\/\/dicodusport.fr\/blog\/coupe-du-monde-descalade-oriane-bertone-et-naile-meignan-sur-le-podium-a-salt-lake-city\/","name":"Coupe du monde d'escalade : Oriane Bertone et Nail\u00e9 Meignan sur le podium \u00e0 Salt Lake City","isPartOf":{"@id":"https:\/\/dicodusport.fr\/blog\/#website"},"primaryImageOfPage":{"@id":"https:\/\/dicodusport.fr\/blog\/coupe-du-monde-descalade-oriane-bertone-et-naile-meignan-sur-le-podium-a-salt-lake-city\/#primaryimage"},"image":{"@id":"https:\/\/dicodusport.fr\/blog\/coupe-du-monde-descalade-oriane-bertone-et-naile-meignan-sur-le-podium-a-salt-lake-city\/#primaryimage"},"thumbnailUrl":"https:\/\/dicodusport.fr\/blog\/wp-content\/uploads\/2024\/05\/Coupe-du-monde-descalade-Oriane-Bertone-et-Naile-Meignan-sur-le-podium-a-Salt-Lake-City.png","datePublished":"2024-05-06T08:17:26+00:00","description":"COUPE DU MONDE D'ESCALADE 2024 - Premier podium de la saison pour la France gr\u00e2ce \u00e0 Oriane Bertone et Nail\u00e9 Meignan sur l'\u00e9preuve de bloc.\u00a0","breadcrumb":{"@id":"https:\/\/dicodusport.fr\/blog\/coupe-du-monde-descalade-oriane-bertone-et-naile-meignan-sur-le-podium-a-salt-lake-city\/#breadcrumb"},"inLanguage":"fr-FR","potentialAction":[{"@type":"ReadAction","target":["https:\/\/dicodusport.fr\/blog\/coupe-du-monde-descalade-oriane-bertone-et-naile-meignan-sur-le-podium-a-salt-lake-city\/"]}]},{"@type":"ImageObject","inLanguage":"fr-FR","@id":"https:\/\/dicodusport.fr\/blog\/coupe-du-monde-descalade-oriane-bertone-et-naile-meignan-sur-le-podium-a-salt-lake-city\/#primaryimage","url":"https:\/\/dicodusport.fr\/blog\/wp-content\/uploads\/2024\/05\/Coupe-du-monde-descalade-Oriane-Bertone-et-Naile-Meignan-sur-le-podium-a-Salt-Lake-City.png","contentUrl":"https:\/\/dicodusport.fr\/blog\/wp-content\/uploads\/2024\/05\/Coupe-du-monde-descalade-Oriane-Bertone-et-Naile-Meignan-sur-le-podium-a-Salt-Lake-City.png","width":1200,"height":674,"caption":"Coupe du monde d'escalade Oriane Bertone et Nail\u00e9 Meignan sur le podium \u00e0 Salt Lake City"},{"@type":"BreadcrumbList","@id":"https:\/\/dicodusport.fr\/blog\/coupe-du-monde-descalade-oriane-bertone-et-naile-meignan-sur-le-podium-a-salt-lake-city\/#breadcrumb","itemListElement":[{"@type":"ListItem","position":1,"name":"Accueil","item":"https:\/\/dicodusport.fr\/blog\/"},{"@type":"ListItem","position":2,"name":"Coupe du monde d&rsquo;escalade : Oriane Bertone et Nail\u00e9 Meignan sur le podium \u00e0 Salt Lake City"}]},{"@type":"WebSite","@id":"https:\/\/dicodusport.fr\/blog\/#website","url":"https:\/\/dicodusport.fr\/blog\/","name":"Dicodusport","description":"L&#039;encyclop\u00e9die de l&#039;actualit\u00e9 sportive","publisher":{"@id":"https:\/\/dicodusport.fr\/blog\/#organization"},"potentialAction":[{"@type":"SearchAction","target":{"@type":"EntryPoint","urlTemplate":"https:\/\/dicodusport.fr\/blog\/?s={search_term_string}"},"query-input":{"@type":"PropertyValueSpecification","valueRequired":true,"valueName":"search_term_string"}}],"inLanguage":"fr-FR"},{"@type":"NewsMediaOrganization","@id":"https:\/\/dicodusport.fr\/blog\/#organization","name":"Dicodusport","url":"https:\/\/dicodusport.fr\/blog\/","logo":{"@type":"ImageObject","inLanguage":"fr-FR","@id":"https:\/\/dicodusport.fr\/blog\/#\/schema\/logo\/image\/","url":"https:\/\/dicodusport.fr\/blog\/wp-content\/uploads\/2020\/06\/cropped-LOGO-DICODUSPORT-2020-SANS-FOND-SANS-TEXTE.png","contentUrl":"https:\/\/dicodusport.fr\/blog\/wp-content\/uploads\/2020\/06\/cropped-LOGO-DICODUSPORT-2020-SANS-FOND-SANS-TEXTE.png","width":512,"height":512,"caption":"Dicodusport"},"image":{"@id":"https:\/\/dicodusport.fr\/blog\/#\/schema\/logo\/image\/"},"sameAs":["https:\/\/www.facebook.com\/dicodusport","https:\/\/x.com\/dicodusport","https:\/\/www.instagram.com\/dicodusport\/","https:\/\/www.youtube.com\/channel\/UC7V2KZ5sd3htJivAbA4ZG3w"],"description":"Dicodusport est l'encyclop\u00e9die de l'actualit\u00e9 sportive.","email":"bonjour@dicodusport.fr","legalName":"DICODUSPORT","foundingDate":"2018-01-14","vatID":"FR71834470973","taxID":"83447097300043","numberOfEmployees":{"@type":"QuantitativeValue","minValue":"1","maxValue":"10"}},{"@type":"Person","@id":"https:\/\/dicodusport.fr\/blog\/#\/schema\/person\/627966a6cde45dbd8c5e36ac85d783da","name":"S\u00e9bastien Gente","image":{"@type":"ImageObject","inLanguage":"fr-FR","@id":"https:\/\/dicodusport.fr\/blog\/#\/schema\/person\/image\/","url":"https:\/\/dicodusport.fr\/blog\/wp-content\/uploads\/2021\/09\/1510990_10205810251400683_4124423575079401707_n-150x150.jpg","contentUrl":"https:\/\/dicodusport.fr\/blog\/wp-content\/uploads\/2021\/09\/1510990_10205810251400683_4124423575079401707_n-150x150.jpg","caption":"S\u00e9bastien Gente"},"description":"John Stockton, Gianni Bugno, Zinedine Zidane, Steffi Graf, Frode Andresen, St\u00e9phane Stoecklin, Davis Kamoga, Primoz Peterka, Werner Schlager et Aur\u00e9lien Rougerie. Point commun entre ces sportifs? Ils m'ont fait r\u00eaver et ont berc\u00e9 mon adolescence. Je suis un fondu de sports et j'essaie de retranscrire ma passion \u00e0 travers mes articles. Originaire du P\u00e9rigord, ma passion pour les Girondins, les Jaunards et les Jazzmen transpire dans mes \u00e9crits. \u00c0 Dicodusport depuis 2021, je d\u00e9niche les sports m\u00e9connus dans lesquels la France brille, et il y en a !","sameAs":["https:\/\/www.facebook.com\/sebastien.gente\/","https:\/\/www.instagram.com\/sebgente\/","https:\/\/www.linkedin.com\/in\/sbastien-gente-a29583169\/","https:\/\/x.com\/https:\/\/twitter.com\/globulo24","SebastienGente"],"worksFor":"S\u00e9bastien GENTE","url":"https:\/\/dicodusport.fr\/blog\/author\/sebastiengente\/"}]}},"_links":{"self":[{"href":"https:\/\/dicodusport.fr\/blog\/wp-json\/wp\/v2\/posts\/483936","targetHints":{"allow":["GET"]}}],"collection":[{"href":"https:\/\/dicodusport.fr\/blog\/wp-json\/wp\/v2\/posts"}],"about":[{"href":"https:\/\/dicodusport.fr\/blog\/wp-json\/wp\/v2\/types\/post"}],"author":[{"embeddable":true,"href":"https:\/\/dicodusport.fr\/blog\/wp-json\/wp\/v2\/users\/59"}],"replies":[{"embeddable":true,"href":"https:\/\/dicodusport.fr\/blog\/wp-json\/wp\/v2\/comments?post=483936"}],"version-history":[{"count":1,"href":"https:\/\/dicodusport.fr\/blog\/wp-json\/wp\/v2\/posts\/483936\/revisions"}],"predecessor-version":[{"id":483944,"href":"https:\/\/dicodusport.fr\/blog\/wp-json\/wp\/v2\/posts\/483936\/revisions\/483944"}],"wp:featuredmedia":[{"embeddable":true,"href":"https:\/\/dicodusport.fr\/blog\/wp-json\/wp\/v2\/media\/483940"}],"wp:attachment":[{"href":"https:\/\/dicodusport.fr\/blog\/wp-json\/wp\/v2\/media?parent=483936"}],"wp:term":[{"taxonomy":"category","embeddable":true,"href":"https:\/\/dicodusport.fr\/blog\/wp-json\/wp\/v2\/categories?post=483936"},{"taxonomy":"post_tag","embeddable":true,"href":"https:\/\/dicodusport.fr\/blog\/wp-json\/wp\/v2\/tags?post=483936"}],"curies":[{"name":"wp","href":"https:\/\/api.w.org\/{rel}","templated":true}]}}