{"id":484084,"date":"2024-05-07T14:19:39","date_gmt":"2024-05-07T12:19:39","guid":{"rendered":"https:\/\/dicodusport.fr\/blog\/?p=484084&#038;preview=true&#038;preview_id=484084"},"modified":"2024-05-07T14:35:09","modified_gmt":"2024-05-07T12:35:09","slug":"tour-de-france-2024-jonas-vingegaard-espere-etre-au-depart","status":"publish","type":"post","link":"https:\/\/dicodusport.fr\/blog\/tour-de-france-2024-jonas-vingegaard-espere-etre-au-depart\/","title":{"rendered":"Tour de France 2024 : Jonas Vingegaard esp\u00e8re \u00eatre au d\u00e9part"},"content":{"rendered":"<p style=\"text-align: justify;\"><strong><em>TOUR DE FRANCE 2024 &#8211; Jonas Vingegaard (Visma Lease a Bike) a repris l&rsquo;entra\u00eenement ces derniers jours, apr\u00e8s sa chute au Pays Basque. Le Danois esp\u00e8re \u00eatre au d\u00e9part de la Grande Boucle \u00e0 Florence le 29 juin prochain.<\/em><\/strong><\/p>\n<ul>\n<li style=\"text-align: justify;\"><strong>\u00c0 ce sujet &#8211; <a href=\"https:\/\/dicodusport.fr\/blog\/actualites\/cyclisme\/tour-de-france-2024\/\">L&rsquo;actualit\u00e9 du Tour de France 2024<\/a><\/strong><\/li>\n<\/ul>\n<p style=\"text-align: justify;\"><strong>Jonas Vingegaard<\/strong> (Visma Lease a Bike) a repris l&rsquo;entra\u00eenement. C&rsquo;est une bonne nouvelle communiqu\u00e9e par sa formation. Le Danois avait lourdement chut\u00e9 <a href=\"https:\/\/dicodusport.fr\/blog\/tour-du-pays-basque-2024-vingegaard-evenepoel-et-roglic-abandonnent-apres-une-terrible-chute\/\">sur les routes du Tour du Pays Basque<\/a>, en avril dernier. Une chute qui lui avait entra\u00een\u00e9 des fractures des c\u00f4tes, de la clavicule, ainsi qu&rsquo;un poumon perfor\u00e9. <a href=\"https:\/\/dicodusport.fr\/blog\/tour-du-pays-basque-vingegaard-evenepoel-cras-vine-le-bilan-medical-est-lourd\/\">Un bilan m\u00e9dical lourd<\/a>. Mais, un mois apr\u00e8s, revoil\u00e0 le double tenant du titre sur le Tour de France, de nouveau sur un v\u00e9lo.<\/p>\n<p style=\"text-align: justify;\">D&rsquo;ores et d\u00e9j\u00e0 forfait pour le Crit\u00e9rium du Dauphin\u00e9, dont il est aussi tenant du titre, le Danois esp\u00e8re \u00eatre au d\u00e9part du Tour de France, le 29 juin prochain, \u00e0 Florence. Pour d\u00e9fendre son double titre. Pendant que <strong>Tadej Pogacar<\/strong> (UAE-Team Emirates) \u00e9cume les routes du Giro dont il est, \u00e0 l&rsquo;heure o\u00f9 on \u00e9crit ces lignes, maillot rose, Vingegaard compte les jours qui lui reste, pour arriver en forme. Cependant, il a moins de deux mois pour reprendre une bonne condition. Cela semble jouable pour <strong>Jonas Vingegaard<\/strong>. Un temps menac\u00e9, le truel entre Vingegaard, Pogacar, Evenepoel pourrait bien avoir lieu. Pour le plus grand bonheur des suiveurs.<\/p>\n<blockquote class=\"twitter-tweet\">\n<p dir=\"ltr\" lang=\"fr\">La Visma-Lease a Bike a partag\u00e9 une vid\u00e9o de Jonas Vingegaard, qui a repris l&rsquo;entra\u00eenement en ext\u00e9rieur plus d&rsquo;un mois apr\u00e8s sa grave chute. Le Danois, dont l&rsquo;\u00e9tat \u00ab\u00a0s&rsquo;am\u00e9liore de jour en jour\u00a0\u00bb, esp\u00e8re \u00eatre sur le Tour de France et \u00ab\u00a0au top\u00a0\u00bb de sa forme.<a href=\"https:\/\/t.co\/ASYFxX0ZcQ\">pic.twitter.com\/ASYFxX0ZcQ<\/a><\/p>\n<p>\u2014 Le Gruppetto (@LeGruppetto) <a href=\"https:\/\/twitter.com\/LeGruppetto\/status\/1787808109366214879?ref_src=twsrc%5Etfw\">May 7, 2024<\/a><\/p><\/blockquote>\n<p><script async src=\"https:\/\/platform.twitter.com\/widgets.js\" charset=\"utf-8\"><\/script><\/p>\n","protected":false},"excerpt":{"rendered":"<p>TOUR DE FRANCE 2024 &#8211; Jonas Vingegaard (Visma Lease a Bike) a repris l&rsquo;entra\u00eenement ces derniers jours, apr\u00e8s sa chute au Pays Basque.<\/p>\n","protected":false},"author":83,"featured_media":476758,"comment_status":"open","ping_status":"closed","sticky":false,"template":"","format":"standard","meta":{"_acf_changed":false,"_daextam_enable_autolinks":"1","footnotes":""},"categories":[46995],"tags":[16878,574,17721],"class_list":["post-484084","post","type-post","status-publish","format-standard","has-post-thumbnail","hentry","category-tour-de-france","tag-breve","tag-cyclisme","tag-jonas-vingegaard"],"acf":[],"yoast_head":"<!-- This site is optimized with the Yoast SEO Premium plugin v26.7 (Yoast SEO v26.7) - https:\/\/yoast.com\/wordpress\/plugins\/seo\/ -->\n<title>Tour de France 2024 : Jonas Vingegaard esp\u00e8re \u00eatre au d\u00e9part<\/title>\n<meta name=\"description\" content=\"TOUR DE FRANCE 2024 - Jonas Vingegaard (Visma-Lease a bike) a repris l&#039;entra\u00eenement ces derniers jours, apr\u00e8s sa chute au Pays Basque.\" \/>\n<meta name=\"robots\" content=\"index, follow, max-snippet:-1, max-image-preview:large, max-video-preview:-1\" \/>\n<link rel=\"canonical\" href=\"https:\/\/dicodusport.fr\/blog\/tour-de-france-2024-jonas-vingegaard-espere-etre-au-depart\/\" \/>\n<meta property=\"og:locale\" content=\"fr_FR\" \/>\n<meta property=\"og:type\" content=\"article\" \/>\n<meta property=\"og:title\" content=\"Tour de France 2024 : Jonas Vingegaard esp\u00e8re \u00eatre au d\u00e9part\" \/>\n<meta property=\"og:description\" content=\"TOUR DE FRANCE 2024 - Jonas Vingegaard (Visma-Lease a bike) a repris l&#039;entra\u00eenement ces derniers jours, apr\u00e8s sa chute au Pays Basque.\" \/>\n<meta property=\"og:url\" content=\"https:\/\/dicodusport.fr\/blog\/tour-de-france-2024-jonas-vingegaard-espere-etre-au-depart\/\" \/>\n<meta property=\"og:site_name\" content=\"Dicodusport\" \/>\n<meta property=\"article:publisher\" content=\"https:\/\/www.facebook.com\/dicodusport\" \/>\n<meta property=\"article:published_time\" content=\"2024-05-07T12:19:39+00:00\" \/>\n<meta property=\"article:modified_time\" content=\"2024-05-07T12:35:09+00:00\" \/>\n<meta property=\"og:image\" content=\"https:\/\/dicodusport.fr\/blog\/wp-content\/uploads\/2024\/04\/Tour-du-Pays-Basque-Vingegaard-Evenepoel-Cras-Vine.-le-bilan-medical-est-lourd.png\" \/>\n\t<meta property=\"og:image:width\" content=\"1200\" \/>\n\t<meta property=\"og:image:height\" content=\"674\" \/>\n\t<meta property=\"og:image:type\" content=\"image\/png\" \/>\n<meta name=\"author\" content=\"Etienne Goursaud\" \/>\n<meta name=\"twitter:card\" content=\"summary_large_image\" \/>\n<meta name=\"twitter:title\" content=\"Tour de France 2024 : Jonas Vingegaard esp\u00e8re \u00eatre au d\u00e9part\" \/>\n<meta name=\"twitter:creator\" content=\"@dicodusport\" \/>\n<meta name=\"twitter:site\" content=\"@dicodusport\" \/>\n<script type=\"application\/ld+json\" class=\"yoast-schema-graph\">{\"@context\":\"https:\/\/schema.org\",\"@graph\":[{\"@type\":\"NewsArticle\",\"@id\":\"https:\/\/dicodusport.fr\/blog\/tour-de-france-2024-jonas-vingegaard-espere-etre-au-depart\/#article\",\"isPartOf\":{\"@id\":\"https:\/\/dicodusport.fr\/blog\/tour-de-france-2024-jonas-vingegaard-espere-etre-au-depart\/\"},\"author\":{\"name\":\"Etienne Goursaud\",\"@id\":\"https:\/\/dicodusport.fr\/blog\/#\/schema\/person\/d603dd7da31fb2b46c82b9835a77ec13\"},\"headline\":\"Tour de France 2024 : Jonas Vingegaard esp\u00e8re \u00eatre au d\u00e9part\",\"datePublished\":\"2024-05-07T12:19:39+00:00\",\"dateModified\":\"2024-05-07T12:35:09+00:00\",\"mainEntityOfPage\":{\"@id\":\"https:\/\/dicodusport.fr\/blog\/tour-de-france-2024-jonas-vingegaard-espere-etre-au-depart\/\"},\"wordCount\":323,\"commentCount\":0,\"publisher\":{\"@id\":\"https:\/\/dicodusport.fr\/blog\/#organization\"},\"image\":{\"@id\":\"https:\/\/dicodusport.fr\/blog\/tour-de-france-2024-jonas-vingegaard-espere-etre-au-depart\/#primaryimage\"},\"thumbnailUrl\":\"https:\/\/dicodusport.fr\/blog\/wp-content\/uploads\/2024\/04\/Tour-du-Pays-Basque-Vingegaard-Evenepoel-Cras-Vine.-le-bilan-medical-est-lourd.png\",\"keywords\":[\"br\u00e8ve\",\"Cyclisme\",\"Jonas Vingegaard\"],\"articleSection\":[\"Tour de France\"],\"inLanguage\":\"fr-FR\",\"potentialAction\":[{\"@type\":\"CommentAction\",\"name\":\"Comment\",\"target\":[\"https:\/\/dicodusport.fr\/blog\/tour-de-france-2024-jonas-vingegaard-espere-etre-au-depart\/#respond\"]}],\"copyrightYear\":\"2024\",\"copyrightHolder\":{\"@id\":\"https:\/\/dicodusport.fr\/blog\/#organization\"}},{\"@type\":\"WebPage\",\"@id\":\"https:\/\/dicodusport.fr\/blog\/tour-de-france-2024-jonas-vingegaard-espere-etre-au-depart\/\",\"url\":\"https:\/\/dicodusport.fr\/blog\/tour-de-france-2024-jonas-vingegaard-espere-etre-au-depart\/\",\"name\":\"Tour de France 2024 : Jonas Vingegaard esp\u00e8re \u00eatre au d\u00e9part\",\"isPartOf\":{\"@id\":\"https:\/\/dicodusport.fr\/blog\/#website\"},\"primaryImageOfPage\":{\"@id\":\"https:\/\/dicodusport.fr\/blog\/tour-de-france-2024-jonas-vingegaard-espere-etre-au-depart\/#primaryimage\"},\"image\":{\"@id\":\"https:\/\/dicodusport.fr\/blog\/tour-de-france-2024-jonas-vingegaard-espere-etre-au-depart\/#primaryimage\"},\"thumbnailUrl\":\"https:\/\/dicodusport.fr\/blog\/wp-content\/uploads\/2024\/04\/Tour-du-Pays-Basque-Vingegaard-Evenepoel-Cras-Vine.-le-bilan-medical-est-lourd.png\",\"datePublished\":\"2024-05-07T12:19:39+00:00\",\"dateModified\":\"2024-05-07T12:35:09+00:00\",\"description\":\"TOUR DE FRANCE 2024 - Jonas Vingegaard (Visma-Lease a bike) a repris l'entra\u00eenement ces derniers jours, apr\u00e8s sa chute au Pays Basque.\",\"breadcrumb\":{\"@id\":\"https:\/\/dicodusport.fr\/blog\/tour-de-france-2024-jonas-vingegaard-espere-etre-au-depart\/#breadcrumb\"},\"inLanguage\":\"fr-FR\",\"potentialAction\":[{\"@type\":\"ReadAction\",\"target\":[\"https:\/\/dicodusport.fr\/blog\/tour-de-france-2024-jonas-vingegaard-espere-etre-au-depart\/\"]}]},{\"@type\":\"ImageObject\",\"inLanguage\":\"fr-FR\",\"@id\":\"https:\/\/dicodusport.fr\/blog\/tour-de-france-2024-jonas-vingegaard-espere-etre-au-depart\/#primaryimage\",\"url\":\"https:\/\/dicodusport.fr\/blog\/wp-content\/uploads\/2024\/04\/Tour-du-Pays-Basque-Vingegaard-Evenepoel-Cras-Vine.-le-bilan-medical-est-lourd.png\",\"contentUrl\":\"https:\/\/dicodusport.fr\/blog\/wp-content\/uploads\/2024\/04\/Tour-du-Pays-Basque-Vingegaard-Evenepoel-Cras-Vine.-le-bilan-medical-est-lourd.png\",\"width\":1200,\"height\":674,\"caption\":\"Tour du Pays Basque Vingegaard, Evenepoel, Cras, Vine... le bilan m\u00e9dical est lourd\"},{\"@type\":\"BreadcrumbList\",\"@id\":\"https:\/\/dicodusport.fr\/blog\/tour-de-france-2024-jonas-vingegaard-espere-etre-au-depart\/#breadcrumb\",\"itemListElement\":[{\"@type\":\"ListItem\",\"position\":1,\"name\":\"Accueil\",\"item\":\"https:\/\/dicodusport.fr\/blog\/\"},{\"@type\":\"ListItem\",\"position\":2,\"name\":\"Tour de France 2024 : Jonas Vingegaard esp\u00e8re \u00eatre au d\u00e9part\"}]},{\"@type\":\"WebSite\",\"@id\":\"https:\/\/dicodusport.fr\/blog\/#website\",\"url\":\"https:\/\/dicodusport.fr\/blog\/\",\"name\":\"Dicodusport\",\"description\":\"L&#039;encyclop\u00e9die de l&#039;actualit\u00e9 sportive\",\"publisher\":{\"@id\":\"https:\/\/dicodusport.fr\/blog\/#organization\"},\"potentialAction\":[{\"@type\":\"SearchAction\",\"target\":{\"@type\":\"EntryPoint\",\"urlTemplate\":\"https:\/\/dicodusport.fr\/blog\/?s={search_term_string}\"},\"query-input\":{\"@type\":\"PropertyValueSpecification\",\"valueRequired\":true,\"valueName\":\"search_term_string\"}}],\"inLanguage\":\"fr-FR\"},{\"@type\":\"NewsMediaOrganization\",\"@id\":\"https:\/\/dicodusport.fr\/blog\/#organization\",\"name\":\"Dicodusport\",\"url\":\"https:\/\/dicodusport.fr\/blog\/\",\"logo\":{\"@type\":\"ImageObject\",\"inLanguage\":\"fr-FR\",\"@id\":\"https:\/\/dicodusport.fr\/blog\/#\/schema\/logo\/image\/\",\"url\":\"https:\/\/dicodusport.fr\/blog\/wp-content\/uploads\/2020\/06\/cropped-LOGO-DICODUSPORT-2020-SANS-FOND-SANS-TEXTE.png\",\"contentUrl\":\"https:\/\/dicodusport.fr\/blog\/wp-content\/uploads\/2020\/06\/cropped-LOGO-DICODUSPORT-2020-SANS-FOND-SANS-TEXTE.png\",\"width\":512,\"height\":512,\"caption\":\"Dicodusport\"},\"image\":{\"@id\":\"https:\/\/dicodusport.fr\/blog\/#\/schema\/logo\/image\/\"},\"sameAs\":[\"https:\/\/www.facebook.com\/dicodusport\",\"https:\/\/x.com\/dicodusport\",\"https:\/\/www.instagram.com\/dicodusport\/\",\"https:\/\/www.youtube.com\/channel\/UC7V2KZ5sd3htJivAbA4ZG3w\"],\"description\":\"Dicodusport est l'encyclop\u00e9die de l'actualit\u00e9 sportive.\",\"email\":\"bonjour@dicodusport.fr\",\"legalName\":\"DICODUSPORT\",\"foundingDate\":\"2018-01-14\",\"vatID\":\"FR71834470973\",\"taxID\":\"83447097300043\",\"numberOfEmployees\":{\"@type\":\"QuantitativeValue\",\"minValue\":\"1\",\"maxValue\":\"10\"}},{\"@type\":\"Person\",\"@id\":\"https:\/\/dicodusport.fr\/blog\/#\/schema\/person\/d603dd7da31fb2b46c82b9835a77ec13\",\"name\":\"Etienne Goursaud\",\"image\":{\"@type\":\"ImageObject\",\"inLanguage\":\"fr-FR\",\"@id\":\"https:\/\/dicodusport.fr\/blog\/#\/schema\/person\/image\/\",\"url\":\"https:\/\/dicodusport.fr\/blog\/wp-content\/uploads\/2023\/12\/410122264_10231602061736049_5565839791558026645_n-150x150.jpg\",\"contentUrl\":\"https:\/\/dicodusport.fr\/blog\/wp-content\/uploads\/2023\/12\/410122264_10231602061736049_5565839791558026645_n-150x150.jpg\",\"caption\":\"Etienne Goursaud\"},\"description\":\"Journaliste et amoureux de sport. Ancien footballeur reconverti athl\u00e8te quand ses muscles le laissent tranquille. \u00c9lev\u00e9 \u00e0 la sauce des exploits de Thomas Voeckler en 2004, du dernier essai de l\u00e9gende de Eunice Barber \u00e0 la longueur lors des championnats du monde d'athl\u00e9tisme de 2003 mais aussi Zidane, Omeyer et Titou Lamaison.\",\"url\":\"https:\/\/dicodusport.fr\/blog\/author\/etienne-goursaud\/\"}]}<\/script>\n<!-- \/ Yoast SEO Premium plugin. -->","yoast_head_json":{"title":"Tour de France 2024 : Jonas Vingegaard esp\u00e8re \u00eatre au d\u00e9part","description":"TOUR DE FRANCE 2024 - Jonas Vingegaard (Visma-Lease a bike) a repris l'entra\u00eenement ces derniers jours, apr\u00e8s sa chute au Pays Basque.","robots":{"index":"index","follow":"follow","max-snippet":"max-snippet:-1","max-image-preview":"max-image-preview:large","max-video-preview":"max-video-preview:-1"},"canonical":"https:\/\/dicodusport.fr\/blog\/tour-de-france-2024-jonas-vingegaard-espere-etre-au-depart\/","og_locale":"fr_FR","og_type":"article","og_title":"Tour de France 2024 : Jonas Vingegaard esp\u00e8re \u00eatre au d\u00e9part","og_description":"TOUR DE FRANCE 2024 - Jonas Vingegaard (Visma-Lease a bike) a repris l'entra\u00eenement ces derniers jours, apr\u00e8s sa chute au Pays Basque.","og_url":"https:\/\/dicodusport.fr\/blog\/tour-de-france-2024-jonas-vingegaard-espere-etre-au-depart\/","og_site_name":"Dicodusport","article_publisher":"https:\/\/www.facebook.com\/dicodusport","article_published_time":"2024-05-07T12:19:39+00:00","article_modified_time":"2024-05-07T12:35:09+00:00","og_image":[{"width":1200,"height":674,"url":"https:\/\/dicodusport.fr\/blog\/wp-content\/uploads\/2024\/04\/Tour-du-Pays-Basque-Vingegaard-Evenepoel-Cras-Vine.-le-bilan-medical-est-lourd.png","type":"image\/png"}],"author":"Etienne Goursaud","twitter_card":"summary_large_image","twitter_title":"Tour de France 2024 : Jonas Vingegaard esp\u00e8re \u00eatre au d\u00e9part","twitter_creator":"@dicodusport","twitter_site":"@dicodusport","schema":{"@context":"https:\/\/schema.org","@graph":[{"@type":"NewsArticle","@id":"https:\/\/dicodusport.fr\/blog\/tour-de-france-2024-jonas-vingegaard-espere-etre-au-depart\/#article","isPartOf":{"@id":"https:\/\/dicodusport.fr\/blog\/tour-de-france-2024-jonas-vingegaard-espere-etre-au-depart\/"},"author":{"name":"Etienne Goursaud","@id":"https:\/\/dicodusport.fr\/blog\/#\/schema\/person\/d603dd7da31fb2b46c82b9835a77ec13"},"headline":"Tour de France 2024 : Jonas Vingegaard esp\u00e8re \u00eatre au d\u00e9part","datePublished":"2024-05-07T12:19:39+00:00","dateModified":"2024-05-07T12:35:09+00:00","mainEntityOfPage":{"@id":"https:\/\/dicodusport.fr\/blog\/tour-de-france-2024-jonas-vingegaard-espere-etre-au-depart\/"},"wordCount":323,"commentCount":0,"publisher":{"@id":"https:\/\/dicodusport.fr\/blog\/#organization"},"image":{"@id":"https:\/\/dicodusport.fr\/blog\/tour-de-france-2024-jonas-vingegaard-espere-etre-au-depart\/#primaryimage"},"thumbnailUrl":"https:\/\/dicodusport.fr\/blog\/wp-content\/uploads\/2024\/04\/Tour-du-Pays-Basque-Vingegaard-Evenepoel-Cras-Vine.-le-bilan-medical-est-lourd.png","keywords":["br\u00e8ve","Cyclisme","Jonas Vingegaard"],"articleSection":["Tour de France"],"inLanguage":"fr-FR","potentialAction":[{"@type":"CommentAction","name":"Comment","target":["https:\/\/dicodusport.fr\/blog\/tour-de-france-2024-jonas-vingegaard-espere-etre-au-depart\/#respond"]}],"copyrightYear":"2024","copyrightHolder":{"@id":"https:\/\/dicodusport.fr\/blog\/#organization"}},{"@type":"WebPage","@id":"https:\/\/dicodusport.fr\/blog\/tour-de-france-2024-jonas-vingegaard-espere-etre-au-depart\/","url":"https:\/\/dicodusport.fr\/blog\/tour-de-france-2024-jonas-vingegaard-espere-etre-au-depart\/","name":"Tour de France 2024 : Jonas Vingegaard esp\u00e8re \u00eatre au d\u00e9part","isPartOf":{"@id":"https:\/\/dicodusport.fr\/blog\/#website"},"primaryImageOfPage":{"@id":"https:\/\/dicodusport.fr\/blog\/tour-de-france-2024-jonas-vingegaard-espere-etre-au-depart\/#primaryimage"},"image":{"@id":"https:\/\/dicodusport.fr\/blog\/tour-de-france-2024-jonas-vingegaard-espere-etre-au-depart\/#primaryimage"},"thumbnailUrl":"https:\/\/dicodusport.fr\/blog\/wp-content\/uploads\/2024\/04\/Tour-du-Pays-Basque-Vingegaard-Evenepoel-Cras-Vine.-le-bilan-medical-est-lourd.png","datePublished":"2024-05-07T12:19:39+00:00","dateModified":"2024-05-07T12:35:09+00:00","description":"TOUR DE FRANCE 2024 - Jonas Vingegaard (Visma-Lease a bike) a repris l'entra\u00eenement ces derniers jours, apr\u00e8s sa chute au Pays Basque.","breadcrumb":{"@id":"https:\/\/dicodusport.fr\/blog\/tour-de-france-2024-jonas-vingegaard-espere-etre-au-depart\/#breadcrumb"},"inLanguage":"fr-FR","potentialAction":[{"@type":"ReadAction","target":["https:\/\/dicodusport.fr\/blog\/tour-de-france-2024-jonas-vingegaard-espere-etre-au-depart\/"]}]},{"@type":"ImageObject","inLanguage":"fr-FR","@id":"https:\/\/dicodusport.fr\/blog\/tour-de-france-2024-jonas-vingegaard-espere-etre-au-depart\/#primaryimage","url":"https:\/\/dicodusport.fr\/blog\/wp-content\/uploads\/2024\/04\/Tour-du-Pays-Basque-Vingegaard-Evenepoel-Cras-Vine.-le-bilan-medical-est-lourd.png","contentUrl":"https:\/\/dicodusport.fr\/blog\/wp-content\/uploads\/2024\/04\/Tour-du-Pays-Basque-Vingegaard-Evenepoel-Cras-Vine.-le-bilan-medical-est-lourd.png","width":1200,"height":674,"caption":"Tour du Pays Basque Vingegaard, Evenepoel, Cras, Vine... le bilan m\u00e9dical est lourd"},{"@type":"BreadcrumbList","@id":"https:\/\/dicodusport.fr\/blog\/tour-de-france-2024-jonas-vingegaard-espere-etre-au-depart\/#breadcrumb","itemListElement":[{"@type":"ListItem","position":1,"name":"Accueil","item":"https:\/\/dicodusport.fr\/blog\/"},{"@type":"ListItem","position":2,"name":"Tour de France 2024 : Jonas Vingegaard esp\u00e8re \u00eatre au d\u00e9part"}]},{"@type":"WebSite","@id":"https:\/\/dicodusport.fr\/blog\/#website","url":"https:\/\/dicodusport.fr\/blog\/","name":"Dicodusport","description":"L&#039;encyclop\u00e9die de l&#039;actualit\u00e9 sportive","publisher":{"@id":"https:\/\/dicodusport.fr\/blog\/#organization"},"potentialAction":[{"@type":"SearchAction","target":{"@type":"EntryPoint","urlTemplate":"https:\/\/dicodusport.fr\/blog\/?s={search_term_string}"},"query-input":{"@type":"PropertyValueSpecification","valueRequired":true,"valueName":"search_term_string"}}],"inLanguage":"fr-FR"},{"@type":"NewsMediaOrganization","@id":"https:\/\/dicodusport.fr\/blog\/#organization","name":"Dicodusport","url":"https:\/\/dicodusport.fr\/blog\/","logo":{"@type":"ImageObject","inLanguage":"fr-FR","@id":"https:\/\/dicodusport.fr\/blog\/#\/schema\/logo\/image\/","url":"https:\/\/dicodusport.fr\/blog\/wp-content\/uploads\/2020\/06\/cropped-LOGO-DICODUSPORT-2020-SANS-FOND-SANS-TEXTE.png","contentUrl":"https:\/\/dicodusport.fr\/blog\/wp-content\/uploads\/2020\/06\/cropped-LOGO-DICODUSPORT-2020-SANS-FOND-SANS-TEXTE.png","width":512,"height":512,"caption":"Dicodusport"},"image":{"@id":"https:\/\/dicodusport.fr\/blog\/#\/schema\/logo\/image\/"},"sameAs":["https:\/\/www.facebook.com\/dicodusport","https:\/\/x.com\/dicodusport","https:\/\/www.instagram.com\/dicodusport\/","https:\/\/www.youtube.com\/channel\/UC7V2KZ5sd3htJivAbA4ZG3w"],"description":"Dicodusport est l'encyclop\u00e9die de l'actualit\u00e9 sportive.","email":"bonjour@dicodusport.fr","legalName":"DICODUSPORT","foundingDate":"2018-01-14","vatID":"FR71834470973","taxID":"83447097300043","numberOfEmployees":{"@type":"QuantitativeValue","minValue":"1","maxValue":"10"}},{"@type":"Person","@id":"https:\/\/dicodusport.fr\/blog\/#\/schema\/person\/d603dd7da31fb2b46c82b9835a77ec13","name":"Etienne Goursaud","image":{"@type":"ImageObject","inLanguage":"fr-FR","@id":"https:\/\/dicodusport.fr\/blog\/#\/schema\/person\/image\/","url":"https:\/\/dicodusport.fr\/blog\/wp-content\/uploads\/2023\/12\/410122264_10231602061736049_5565839791558026645_n-150x150.jpg","contentUrl":"https:\/\/dicodusport.fr\/blog\/wp-content\/uploads\/2023\/12\/410122264_10231602061736049_5565839791558026645_n-150x150.jpg","caption":"Etienne Goursaud"},"description":"Journaliste et amoureux de sport. Ancien footballeur reconverti athl\u00e8te quand ses muscles le laissent tranquille. \u00c9lev\u00e9 \u00e0 la sauce des exploits de Thomas Voeckler en 2004, du dernier essai de l\u00e9gende de Eunice Barber \u00e0 la longueur lors des championnats du monde d'athl\u00e9tisme de 2003 mais aussi Zidane, Omeyer et Titou Lamaison.","url":"https:\/\/dicodusport.fr\/blog\/author\/etienne-goursaud\/"}]}},"_links":{"self":[{"href":"https:\/\/dicodusport.fr\/blog\/wp-json\/wp\/v2\/posts\/484084","targetHints":{"allow":["GET"]}}],"collection":[{"href":"https:\/\/dicodusport.fr\/blog\/wp-json\/wp\/v2\/posts"}],"about":[{"href":"https:\/\/dicodusport.fr\/blog\/wp-json\/wp\/v2\/types\/post"}],"author":[{"embeddable":true,"href":"https:\/\/dicodusport.fr\/blog\/wp-json\/wp\/v2\/users\/83"}],"replies":[{"embeddable":true,"href":"https:\/\/dicodusport.fr\/blog\/wp-json\/wp\/v2\/comments?post=484084"}],"version-history":[{"count":4,"href":"https:\/\/dicodusport.fr\/blog\/wp-json\/wp\/v2\/posts\/484084\/revisions"}],"predecessor-version":[{"id":484090,"href":"https:\/\/dicodusport.fr\/blog\/wp-json\/wp\/v2\/posts\/484084\/revisions\/484090"}],"wp:featuredmedia":[{"embeddable":true,"href":"https:\/\/dicodusport.fr\/blog\/wp-json\/wp\/v2\/media\/476758"}],"wp:attachment":[{"href":"https:\/\/dicodusport.fr\/blog\/wp-json\/wp\/v2\/media?parent=484084"}],"wp:term":[{"taxonomy":"category","embeddable":true,"href":"https:\/\/dicodusport.fr\/blog\/wp-json\/wp\/v2\/categories?post=484084"},{"taxonomy":"post_tag","embeddable":true,"href":"https:\/\/dicodusport.fr\/blog\/wp-json\/wp\/v2\/tags?post=484084"}],"curies":[{"name":"wp","href":"https:\/\/api.w.org\/{rel}","templated":true}]}}