{"id":484230,"date":"2024-05-08T16:28:06","date_gmt":"2024-05-08T14:28:06","guid":{"rendered":"https:\/\/dicodusport.fr\/blog\/?p=484230&#038;preview=true&#038;preview_id=484230"},"modified":"2024-05-08T19:54:40","modified_gmt":"2024-05-08T17:54:40","slug":"euro-de-vtt-pauline-ferrand-prevot-vs-puck-pieterse-saison-2-episode-1","status":"publish","type":"post","link":"https:\/\/dicodusport.fr\/blog\/euro-de-vtt-pauline-ferrand-prevot-vs-puck-pieterse-saison-2-episode-1\/","title":{"rendered":"Euro de VTT : Pauline Ferrand-Pr\u00e9vot vs Puck Pieterse, saison 2, \u00e9pisode 1"},"content":{"rendered":"<p style=\"text-align: justify;\"><strong><em>CHAMPIONNATS D&rsquo;EUROPE DE VTT 2024 &#8211; Pauline Ferrand-Pr\u00e9vot et Puck Pieterse vont se retrouver sur la m\u00eame ligne de d\u00e9part lors des championnats d\u2019Europe de VTT en Roumanie. Un premier duel attendu, avant les \u00e9ch\u00e9ances mondiale et olympique. <\/em><\/strong><\/p>\n<p style=\"text-align: justify;\"><span style=\"font-weight: 400;\">Les deux principales actrices de la saison 2023 de VTT se retrouvent cette semaine. \u00c0 l\u2019occasion des championnats d\u2019Europe \u00e0 <\/span><span style=\"font-weight: 400;\">Cheile Gr\u0103di\u0219tei, en Roumanie, <\/span><b>Pauline Ferrand-Pr\u00e9vot<\/b><span style=\"font-weight: 400;\"> et <\/span><b>Puck Pieterse<\/b><span style=\"font-weight: 400;\"> vont s\u2019affronter pour la premi\u00e8re fois de l\u2019ann\u00e9e. Un duel avec beaucoup d\u2019attentes, \u00e0 la vue de leur forme respective.<\/span><\/p>\n<h2 style=\"text-align: justify;\">Ferrand-Pr\u00e9vot convaincante depuis cet hiver<\/h2>\n<p style=\"text-align: justify;\"><b>PFP<\/b><span style=\"font-weight: 400;\">, championne du monde en titre en XCC et XCO, semble \u00eatre d\u00e9j\u00e0 \u00e0 un niveau tr\u00e8s \u00e9lev\u00e9. La Nucia, Banyoles, Marseille, Rivera, Nalles, Chur, six lieux et six victoires sur le format long pour la Champenoise, toutes en solitaire. Une domination nette pour celle qui a pr\u00e9f\u00e9r\u00e9 zapper les deux premi\u00e8res \u00e9tapes de la Coupe du monde, au Br\u00e9sil. Une d\u00e9cision justifi\u00e9e par le fait qu\u2019elle voulait continuer \u00e0 s\u2019entra\u00eener de son c\u00f4t\u00e9. Alors que les Jeux Olympiques restent son seul objectif majeur.<br \/>\n<\/span><\/p>\n<p style=\"text-align: justify;\"><span style=\"font-weight: 400;\">Ce sch\u00e9ma a fonctionn\u00e9 en 2023, alors pourquoi ne pas s\u2019appuyer dessus ? L\u2019ann\u00e9e derni\u00e8re, la v\u00e9t\u00e9tiste de 32 ans avait surlign\u00e9 les Mondiaux en \u00c9cosse comme moment \u00e0 ne pas rater. Toujours plac\u00e9e, mais gagnante une seule fois en Coupe du monde (le XCC de Leogang), <\/span><b>Pauline Ferrand-Pr\u00e9vot<\/b><span style=\"font-weight: 400;\"> avait rafl\u00e9 avec autorit\u00e9 les deux maillots arc-en-ciel \u00e0 Glasgow. Sa saison \u00e9tait r\u00e9ussie. Attention tout de m\u00eame \u00e0 bien g\u00e9rer ses pics de forme, comme elle le disait apr\u00e8s la Coupe de France \u00e0 Marseille. <em>\u00ab<\/em> <em>J\u2019ai fait un hiver complet et je sens que j&rsquo;ai une base de niveau assez \u00e9lev\u00e9e, m\u00eame sans travailler les intensit\u00e9s hautes. Je sens que je peux tenir ce rythme-l\u00e0 longtemps donc c&rsquo;est cool. Je suis un peu en avance par rapport \u00e0 ce qu&rsquo;on avait pr\u00e9vu, c&rsquo;est pour \u00e7a qu&rsquo;il faut g\u00e9rer \u00e0 fond maintenant \u00bb,<\/em> affirmait la Fran\u00e7aise en mars dernier, dans les colonnes de <a href=\"https:\/\/www.directvelo.com\/actualite\/111458\/pauline-ferrand-prevot-un-peu-en-avance\"><em>Direct V\u00e9lo<\/em><\/a>.<\/span><\/p>\n<div class=\"vlp-link-container vlp-layout-article\"><a href=\"https:\/\/dicodusport.fr\/blog\/mondiaux-vtt-2023-double-xcc-xco-pour-pauline-ferrand-prevot-loana-lecomte-en-argent\/\" class=\"vlp-link\" title=\"Mondiaux VTT 2023 : Doubl\u00e9 XCC - XCO pour Pauline Ferrand-Pr\u00e9vot, Loana Lecomte en argent !\"><\/a><div class=\"vlp-layout-zone-side\"><div class=\"vlp-block-4 vlp-link-image\"><img loading=\"lazy\" decoding=\"async\" style=\"max-width: 800px;\" width=\"800\" height=\"445\" src=\"https:\/\/dicodusport.fr\/blog\/wp-content\/uploads\/2023\/08\/Mondiaux-VTT-2023-Double-XCC-XCO-pour-Pauline-Ferrand-Prevot-Loana-Lecomte-en-argent-1-1.png\" class=\"attachment-800x445 size-800x445\" alt=\"Mondiaux VTT 2023 Doubl\u00e9 XCC - XCO pour Pauline Ferrand-Pr\u00e9vot, Loana Lecomte en argent !\" srcset=\"https:\/\/dicodusport.fr\/blog\/wp-content\/uploads\/2023\/08\/Mondiaux-VTT-2023-Double-XCC-XCO-pour-Pauline-Ferrand-Prevot-Loana-Lecomte-en-argent-1-1.png 800w, https:\/\/dicodusport.fr\/blog\/wp-content\/uploads\/2023\/08\/Mondiaux-VTT-2023-Double-XCC-XCO-pour-Pauline-Ferrand-Prevot-Loana-Lecomte-en-argent-1-1-300x167.png 300w, https:\/\/dicodusport.fr\/blog\/wp-content\/uploads\/2023\/08\/Mondiaux-VTT-2023-Double-XCC-XCO-pour-Pauline-Ferrand-Prevot-Loana-Lecomte-en-argent-1-1-768x427.png 768w\" sizes=\"auto, (max-width: 800px) 100vw, 800px\" \/><\/div><\/div><div class=\"vlp-layout-zone-main\"><div class=\"vlp-block-0 vlp-link-title\">Mondiaux VTT 2023 : Doubl\u00e9 XCC - XCO pour Pauline Ferrand-Pr\u00e9vot, Loana Lecomte en argent !<\/div><div class=\"vlp-block-1 vlp-link-summary\">MONDIAUX VTT 2023 - Pauline Ferrand-Pr\u00e9vot a refait le coup. Comme l'an pass\u00e9, la Fran\u00e7aise remporte les deux \u00e9preuves individuelles des Mondiaux. Loana Lecomte se classe 2e pour un doubl\u00e9 tricolore.<\/div><div class=\"vlp-block-2 vlp-link-button\">Lire l'article<\/div><div class=\"vlp-block-3 vlp-link-url\">dicodusport.fr<\/div><\/div><\/div>\n<h2 style=\"text-align: justify;\">Pieterse sur tous les terrains<\/h2>\n<p style=\"text-align: justify;\"><span style=\"font-weight: 400;\">Cette semaine, en Roumanie, deux courses sont \u00e0 son programme avec la short-track jeudi et le XCO dimanche. Le moment pour elle de retrouver <\/span><b>Puck Pieterse<\/b><span style=\"font-weight: 400;\">. Il y a un an, la jeune N\u00e9erlandaise est entr\u00e9e dans la cour des grandes par la petite porte et a fini par triompher partout o\u00f9 elle est pass\u00e9e. Une victoire finale au classement g\u00e9n\u00e9ral alors qu\u2019elle \u00e9tait encore U23, comme l\u2019avait fait <\/span><b>Loana Lecomte<\/b><span style=\"font-weight: 400;\"> en 2021.\u00a0<\/span><\/p>\n<p style=\"text-align: justify;\"><span style=\"font-weight: 400;\">Une cycliste tout aussi polyvalente que sa principale adversaire pour cet Euro roumain. Arriv\u00e9e par le cyclo-cross, <\/span><b>Pieterse <\/b><span style=\"font-weight: 400;\">a \u00e9t\u00e9 r\u00e9cemment championne d\u2019Europe et championne du monde espoirs. Sur le podium des deux derni\u00e8res saisons de Coupe du monde, la native d\u2019Amersfoort brille de mille feux dans les sous-bois. Et donc, comme son illustre concurrente, elle s&rsquo;essaie \u00e0 la route.\u00a0<\/span><\/p>\n<blockquote class=\"twitter-tweet\">\n<p dir=\"ltr\" lang=\"en\">One week left until the 2024 European MTB Championships in Cheile Gr\u0103di\u0219tei, Romania. \ud83d\ude0d\ud83c\uddf7\ud83c\uddf4 I&rsquo;m reading that Puck Pieterse and Pauline Ferrand-Prevot will both be there OMG. And for the U23 men&rsquo;s race, the mighty Joseph Blackmore!<\/p>\n<p>\ud83d\udcf8 Traian Olinici\/FRC<a href=\"https:\/\/twitter.com\/hashtag\/EuroMTB24?src=hash&amp;ref_src=twsrc%5Etfw\">#EuroMTB24<\/a> <a href=\"https:\/\/t.co\/ZNcyodax5q\">pic.twitter.com\/ZNcyodax5q<\/a><\/p>\n<p>\u2014 Mihai Simion (@faustocoppi60) <a href=\"https:\/\/twitter.com\/faustocoppi60\/status\/1785750052146761851?ref_src=twsrc%5Etfw\">May 1, 2024<\/a><\/p><\/blockquote>\n<p><script async src=\"https:\/\/platform.twitter.com\/widgets.js\" charset=\"utf-8\"><\/script><\/p>\n<h2 style=\"text-align: justify;\">L&rsquo;exp\u00e9rience des classiques avant le VTT<\/h2>\n<p style=\"text-align: justify;\"><span style=\"font-weight: 400;\">Depuis le mois de f\u00e9vrier, la cycliste d\u2019Alpecin-Deceuninck \u00e9cume le Vieux-Continent sur son v\u00e9lo de route et multiplie les places d&rsquo;honneur. Huiti\u00e8me sur le Het Nieuwsblad, 13e sur les Strade Bianche, 5e sur \u00c0 Travers la Flandre, 6e du Tour des Flandres, <\/span><b>Puck Pieterse<\/b><span style=\"font-weight: 400;\"> \u00e9tait pr\u00e9sente partout. Et elle le sera encore dans un futur proche. <em>\u00ab\u00a0Oui, c&rsquo;est s\u00fbr qu&rsquo;\u00e0 l&rsquo;avenir je ferai plus de courses sur route, mais l&rsquo;ann\u00e9e prochaine, avec les Jeux olympiques, ce n&rsquo;est pas l&rsquo;id\u00e9al\u00a0\u00bb<\/em>\u00a0 avait-elle d\u00e9clar\u00e9 \u00e0 <em>GCN<\/em> fin 2023. Sa rentr\u00e9e sur un VTT ne s\u2019est faite que le 5 mai, \u00e0 Eupen. Un succ\u00e8s obtenu avec 1 minute et 23 secondes d\u2019avance sur la championne de Belgique <\/span><b>\u00c9meline Detilleux<\/b><span style=\"font-weight: 400;\">. Une premi\u00e8re solide face \u00e0 un plateau peu relev\u00e9.<\/span><\/p>\n<p style=\"text-align: justify;\"><b>Pauline Ferrand-Pr\u00e9vot<\/b><span style=\"font-weight: 400;\"> et <strong>Puck Pieterse<\/strong> ont donc emprunt\u00e9 des chemins diff\u00e9rents ces derniers mois. Leur route se croise \u00e0 nouveau d\u00e8s cette semaine en Roumanie avant quatre \u00e9tapes europ\u00e9ennes sur la Coupe du monde. D\u2019aujourd\u2019hui au passage de la ligne d\u2019arriv\u00e9e de la course olympique, ces deux-l\u00e0 ne vont plus beaucoup se quitter. Pour rappel, la N\u00e9erlandaise est championne d\u2019Europe en titre apr\u00e8s sa victoire sur les pistes polonaises de Krynica-Zdroj, en 2023. La v\u00e9t\u00e9tiste d\u2019INEOS Grenadiers visera, elle, une troisi\u00e8me tunique \u00e9toil\u00e9e apr\u00e8s les sacres de 2020 et 2021. <\/span><\/p>\n","protected":false},"excerpt":{"rendered":"<p>Pauline Ferrand-Pr\u00e9vot et Puck Pieterse vont se retrouver sur la m\u00eame ligne de d\u00e9part lors des championnats d\u2019Europe de VTT en Roumanie.<\/p>\n","protected":false},"author":61,"featured_media":484275,"comment_status":"open","ping_status":"closed","sticky":false,"template":"","format":"standard","meta":{"_acf_changed":false,"_daextam_enable_autolinks":"1","footnotes":""},"categories":[10279],"tags":[16878,1340,37234,692,24673,14103],"class_list":["post-484230","post","type-post","status-publish","format-standard","has-post-thumbnail","hentry","category-vtt","tag-breve","tag-pauline-ferrand-prevot","tag-puck-pieterse","tag-vtt","tag-vtt-xcc","tag-vtt-xco"],"acf":[],"yoast_head":"<!-- This site is optimized with the Yoast SEO Premium plugin v26.7 (Yoast SEO v26.7) - https:\/\/yoast.com\/wordpress\/plugins\/seo\/ -->\n<title>Euro de VTT : Pauline Ferrand-Pr\u00e9vot vs Puck Pieterse, saison 2, \u00e9pisode 1<\/title>\n<meta name=\"description\" content=\"Pauline Ferrand-Pr\u00e9vot et Puck Pieterse vont se retrouver sur la m\u00eame ligne de d\u00e9part lors des championnats d\u2019Europe de VTT en Roumanie.\" \/>\n<meta name=\"robots\" content=\"index, follow, max-snippet:-1, max-image-preview:large, max-video-preview:-1\" \/>\n<link rel=\"canonical\" href=\"https:\/\/dicodusport.fr\/blog\/euro-de-vtt-pauline-ferrand-prevot-vs-puck-pieterse-saison-2-episode-1\/\" \/>\n<meta property=\"og:locale\" content=\"fr_FR\" \/>\n<meta property=\"og:type\" content=\"article\" \/>\n<meta property=\"og:title\" content=\"Euro de VTT : Pauline Ferrand-Pr\u00e9vot vs Puck Pieterse, saison 2, \u00e9pisode 1\" \/>\n<meta property=\"og:description\" content=\"Pauline Ferrand-Pr\u00e9vot et Puck Pieterse vont se retrouver sur la m\u00eame ligne de d\u00e9part lors des championnats d\u2019Europe de VTT en Roumanie.\" \/>\n<meta property=\"og:url\" content=\"https:\/\/dicodusport.fr\/blog\/euro-de-vtt-pauline-ferrand-prevot-vs-puck-pieterse-saison-2-episode-1\/\" \/>\n<meta property=\"og:site_name\" content=\"Dicodusport\" \/>\n<meta property=\"article:publisher\" content=\"https:\/\/www.facebook.com\/dicodusport\" \/>\n<meta property=\"article:published_time\" content=\"2024-05-08T14:28:06+00:00\" \/>\n<meta property=\"article:modified_time\" content=\"2024-05-08T17:54:40+00:00\" \/>\n<meta property=\"og:image\" content=\"https:\/\/dicodusport.fr\/blog\/wp-content\/uploads\/2024\/05\/Euro-de-VTT-Pauline-Ferrand-Prevot-vs-Puck-Pieterse-saison-2-episode-1.png\" \/>\n\t<meta property=\"og:image:width\" content=\"1200\" \/>\n\t<meta property=\"og:image:height\" content=\"674\" \/>\n\t<meta property=\"og:image:type\" content=\"image\/png\" \/>\n<meta name=\"author\" content=\"Pierre Gorce\" \/>\n<meta name=\"twitter:card\" content=\"summary_large_image\" \/>\n<meta name=\"twitter:title\" content=\"Euro de VTT : Pauline Ferrand-Pr\u00e9vot vs Puck Pieterse, saison 2, \u00e9pisode 1\" \/>\n<meta name=\"twitter:creator\" content=\"@https:\/\/twitter.com\/pierregorce12\" \/>\n<meta name=\"twitter:site\" content=\"@dicodusport\" \/>\n<script type=\"application\/ld+json\" class=\"yoast-schema-graph\">{\"@context\":\"https:\/\/schema.org\",\"@graph\":[{\"@type\":\"NewsArticle\",\"@id\":\"https:\/\/dicodusport.fr\/blog\/euro-de-vtt-pauline-ferrand-prevot-vs-puck-pieterse-saison-2-episode-1\/#article\",\"isPartOf\":{\"@id\":\"https:\/\/dicodusport.fr\/blog\/euro-de-vtt-pauline-ferrand-prevot-vs-puck-pieterse-saison-2-episode-1\/\"},\"author\":{\"name\":\"Pierre Gorce\",\"@id\":\"https:\/\/dicodusport.fr\/blog\/#\/schema\/person\/0eaf70b33d703a1a66b1155ac1bda018\"},\"headline\":\"Euro de VTT : Pauline Ferrand-Pr\u00e9vot vs Puck Pieterse, saison 2, \u00e9pisode 1\",\"datePublished\":\"2024-05-08T14:28:06+00:00\",\"dateModified\":\"2024-05-08T17:54:40+00:00\",\"mainEntityOfPage\":{\"@id\":\"https:\/\/dicodusport.fr\/blog\/euro-de-vtt-pauline-ferrand-prevot-vs-puck-pieterse-saison-2-episode-1\/\"},\"wordCount\":921,\"commentCount\":0,\"publisher\":{\"@id\":\"https:\/\/dicodusport.fr\/blog\/#organization\"},\"image\":{\"@id\":\"https:\/\/dicodusport.fr\/blog\/euro-de-vtt-pauline-ferrand-prevot-vs-puck-pieterse-saison-2-episode-1\/#primaryimage\"},\"thumbnailUrl\":\"https:\/\/dicodusport.fr\/blog\/wp-content\/uploads\/2024\/05\/Euro-de-VTT-Pauline-Ferrand-Prevot-vs-Puck-Pieterse-saison-2-episode-1.png\",\"keywords\":[\"br\u00e8ve\",\"Pauline Ferrand-Pr\u00e9vot\",\"Puck Pieterse\",\"VTT\",\"VTT XCC\",\"VTT XCO\"],\"articleSection\":[\"VTT\"],\"inLanguage\":\"fr-FR\",\"potentialAction\":[{\"@type\":\"CommentAction\",\"name\":\"Comment\",\"target\":[\"https:\/\/dicodusport.fr\/blog\/euro-de-vtt-pauline-ferrand-prevot-vs-puck-pieterse-saison-2-episode-1\/#respond\"]}],\"copyrightYear\":\"2024\",\"copyrightHolder\":{\"@id\":\"https:\/\/dicodusport.fr\/blog\/#organization\"}},{\"@type\":\"WebPage\",\"@id\":\"https:\/\/dicodusport.fr\/blog\/euro-de-vtt-pauline-ferrand-prevot-vs-puck-pieterse-saison-2-episode-1\/\",\"url\":\"https:\/\/dicodusport.fr\/blog\/euro-de-vtt-pauline-ferrand-prevot-vs-puck-pieterse-saison-2-episode-1\/\",\"name\":\"Euro de VTT : Pauline Ferrand-Pr\u00e9vot vs Puck Pieterse, saison 2, \u00e9pisode 1\",\"isPartOf\":{\"@id\":\"https:\/\/dicodusport.fr\/blog\/#website\"},\"primaryImageOfPage\":{\"@id\":\"https:\/\/dicodusport.fr\/blog\/euro-de-vtt-pauline-ferrand-prevot-vs-puck-pieterse-saison-2-episode-1\/#primaryimage\"},\"image\":{\"@id\":\"https:\/\/dicodusport.fr\/blog\/euro-de-vtt-pauline-ferrand-prevot-vs-puck-pieterse-saison-2-episode-1\/#primaryimage\"},\"thumbnailUrl\":\"https:\/\/dicodusport.fr\/blog\/wp-content\/uploads\/2024\/05\/Euro-de-VTT-Pauline-Ferrand-Prevot-vs-Puck-Pieterse-saison-2-episode-1.png\",\"datePublished\":\"2024-05-08T14:28:06+00:00\",\"dateModified\":\"2024-05-08T17:54:40+00:00\",\"description\":\"Pauline Ferrand-Pr\u00e9vot et Puck Pieterse vont se retrouver sur la m\u00eame ligne de d\u00e9part lors des championnats d\u2019Europe de VTT en Roumanie.\",\"breadcrumb\":{\"@id\":\"https:\/\/dicodusport.fr\/blog\/euro-de-vtt-pauline-ferrand-prevot-vs-puck-pieterse-saison-2-episode-1\/#breadcrumb\"},\"inLanguage\":\"fr-FR\",\"potentialAction\":[{\"@type\":\"ReadAction\",\"target\":[\"https:\/\/dicodusport.fr\/blog\/euro-de-vtt-pauline-ferrand-prevot-vs-puck-pieterse-saison-2-episode-1\/\"]}]},{\"@type\":\"ImageObject\",\"inLanguage\":\"fr-FR\",\"@id\":\"https:\/\/dicodusport.fr\/blog\/euro-de-vtt-pauline-ferrand-prevot-vs-puck-pieterse-saison-2-episode-1\/#primaryimage\",\"url\":\"https:\/\/dicodusport.fr\/blog\/wp-content\/uploads\/2024\/05\/Euro-de-VTT-Pauline-Ferrand-Prevot-vs-Puck-Pieterse-saison-2-episode-1.png\",\"contentUrl\":\"https:\/\/dicodusport.fr\/blog\/wp-content\/uploads\/2024\/05\/Euro-de-VTT-Pauline-Ferrand-Prevot-vs-Puck-Pieterse-saison-2-episode-1.png\",\"width\":1200,\"height\":674,\"caption\":\"Euro de VTT Pauline Ferrand-Pr\u00e9vot vs Puck Pieterse, saison 2, \u00e9pisode 1\"},{\"@type\":\"BreadcrumbList\",\"@id\":\"https:\/\/dicodusport.fr\/blog\/euro-de-vtt-pauline-ferrand-prevot-vs-puck-pieterse-saison-2-episode-1\/#breadcrumb\",\"itemListElement\":[{\"@type\":\"ListItem\",\"position\":1,\"name\":\"Accueil\",\"item\":\"https:\/\/dicodusport.fr\/blog\/\"},{\"@type\":\"ListItem\",\"position\":2,\"name\":\"Euro de VTT : Pauline Ferrand-Pr\u00e9vot vs Puck Pieterse, saison 2, \u00e9pisode 1\"}]},{\"@type\":\"WebSite\",\"@id\":\"https:\/\/dicodusport.fr\/blog\/#website\",\"url\":\"https:\/\/dicodusport.fr\/blog\/\",\"name\":\"Dicodusport\",\"description\":\"L&#039;encyclop\u00e9die de l&#039;actualit\u00e9 sportive\",\"publisher\":{\"@id\":\"https:\/\/dicodusport.fr\/blog\/#organization\"},\"potentialAction\":[{\"@type\":\"SearchAction\",\"target\":{\"@type\":\"EntryPoint\",\"urlTemplate\":\"https:\/\/dicodusport.fr\/blog\/?s={search_term_string}\"},\"query-input\":{\"@type\":\"PropertyValueSpecification\",\"valueRequired\":true,\"valueName\":\"search_term_string\"}}],\"inLanguage\":\"fr-FR\"},{\"@type\":\"NewsMediaOrganization\",\"@id\":\"https:\/\/dicodusport.fr\/blog\/#organization\",\"name\":\"Dicodusport\",\"url\":\"https:\/\/dicodusport.fr\/blog\/\",\"logo\":{\"@type\":\"ImageObject\",\"inLanguage\":\"fr-FR\",\"@id\":\"https:\/\/dicodusport.fr\/blog\/#\/schema\/logo\/image\/\",\"url\":\"https:\/\/dicodusport.fr\/blog\/wp-content\/uploads\/2020\/06\/cropped-LOGO-DICODUSPORT-2020-SANS-FOND-SANS-TEXTE.png\",\"contentUrl\":\"https:\/\/dicodusport.fr\/blog\/wp-content\/uploads\/2020\/06\/cropped-LOGO-DICODUSPORT-2020-SANS-FOND-SANS-TEXTE.png\",\"width\":512,\"height\":512,\"caption\":\"Dicodusport\"},\"image\":{\"@id\":\"https:\/\/dicodusport.fr\/blog\/#\/schema\/logo\/image\/\"},\"sameAs\":[\"https:\/\/www.facebook.com\/dicodusport\",\"https:\/\/x.com\/dicodusport\",\"https:\/\/www.instagram.com\/dicodusport\/\",\"https:\/\/www.youtube.com\/channel\/UC7V2KZ5sd3htJivAbA4ZG3w\"],\"description\":\"Dicodusport est l'encyclop\u00e9die de l'actualit\u00e9 sportive.\",\"email\":\"bonjour@dicodusport.fr\",\"legalName\":\"DICODUSPORT\",\"foundingDate\":\"2018-01-14\",\"vatID\":\"FR71834470973\",\"taxID\":\"83447097300043\",\"numberOfEmployees\":{\"@type\":\"QuantitativeValue\",\"minValue\":\"1\",\"maxValue\":\"10\"}},{\"@type\":\"Person\",\"@id\":\"https:\/\/dicodusport.fr\/blog\/#\/schema\/person\/0eaf70b33d703a1a66b1155ac1bda018\",\"name\":\"Pierre Gorce\",\"image\":{\"@type\":\"ImageObject\",\"inLanguage\":\"fr-FR\",\"@id\":\"https:\/\/dicodusport.fr\/blog\/#\/schema\/person\/image\/\",\"url\":\"https:\/\/dicodusport.fr\/blog\/wp-content\/uploads\/2022\/03\/IMG_20211214_233053_722-150x150.jpg\",\"contentUrl\":\"https:\/\/dicodusport.fr\/blog\/wp-content\/uploads\/2022\/03\/IMG_20211214_233053_722-150x150.jpg\",\"caption\":\"Pierre Gorce\"},\"description\":\"Couteau suisse venant tout droit de Haute-Savoie. Habitu\u00e9 \u00e0 regarder du sport depuis petit, j'en ai maintenant fait mon m\u00e9tier. Des sports d'hiver au surf, en passant par le tennis, la F1, le handball et l'athl\u00e9tisme, j'essaie d'avoir mes yeux sur l'enti\u00e8ret\u00e9 de l'actualit\u00e9. Jeune homme berc\u00e9 par les exploits de Jean-Baptiste Grange, Sebastian Vettel et des Experts. Membre de la g\u00e9n\u00e9ration 1999 comme Luka Doncic, Sydney McLaughlin, Lando Norris et Loana Lecomte, mais avec beaucoup moins de talent qu'eux.\",\"sameAs\":[\"https:\/\/x.com\/https:\/\/twitter.com\/pierregorce12\"],\"birthDate\":\"1999-08-29\",\"url\":\"https:\/\/dicodusport.fr\/blog\/author\/pierreg\/\"}]}<\/script>\n<!-- \/ Yoast SEO Premium plugin. -->","yoast_head_json":{"title":"Euro de VTT : Pauline Ferrand-Pr\u00e9vot vs Puck Pieterse, saison 2, \u00e9pisode 1","description":"Pauline Ferrand-Pr\u00e9vot et Puck Pieterse vont se retrouver sur la m\u00eame ligne de d\u00e9part lors des championnats d\u2019Europe de VTT en Roumanie.","robots":{"index":"index","follow":"follow","max-snippet":"max-snippet:-1","max-image-preview":"max-image-preview:large","max-video-preview":"max-video-preview:-1"},"canonical":"https:\/\/dicodusport.fr\/blog\/euro-de-vtt-pauline-ferrand-prevot-vs-puck-pieterse-saison-2-episode-1\/","og_locale":"fr_FR","og_type":"article","og_title":"Euro de VTT : Pauline Ferrand-Pr\u00e9vot vs Puck Pieterse, saison 2, \u00e9pisode 1","og_description":"Pauline Ferrand-Pr\u00e9vot et Puck Pieterse vont se retrouver sur la m\u00eame ligne de d\u00e9part lors des championnats d\u2019Europe de VTT en Roumanie.","og_url":"https:\/\/dicodusport.fr\/blog\/euro-de-vtt-pauline-ferrand-prevot-vs-puck-pieterse-saison-2-episode-1\/","og_site_name":"Dicodusport","article_publisher":"https:\/\/www.facebook.com\/dicodusport","article_published_time":"2024-05-08T14:28:06+00:00","article_modified_time":"2024-05-08T17:54:40+00:00","og_image":[{"width":1200,"height":674,"url":"https:\/\/dicodusport.fr\/blog\/wp-content\/uploads\/2024\/05\/Euro-de-VTT-Pauline-Ferrand-Prevot-vs-Puck-Pieterse-saison-2-episode-1.png","type":"image\/png"}],"author":"Pierre Gorce","twitter_card":"summary_large_image","twitter_title":"Euro de VTT : Pauline Ferrand-Pr\u00e9vot vs Puck Pieterse, saison 2, \u00e9pisode 1","twitter_creator":"@https:\/\/twitter.com\/pierregorce12","twitter_site":"@dicodusport","schema":{"@context":"https:\/\/schema.org","@graph":[{"@type":"NewsArticle","@id":"https:\/\/dicodusport.fr\/blog\/euro-de-vtt-pauline-ferrand-prevot-vs-puck-pieterse-saison-2-episode-1\/#article","isPartOf":{"@id":"https:\/\/dicodusport.fr\/blog\/euro-de-vtt-pauline-ferrand-prevot-vs-puck-pieterse-saison-2-episode-1\/"},"author":{"name":"Pierre Gorce","@id":"https:\/\/dicodusport.fr\/blog\/#\/schema\/person\/0eaf70b33d703a1a66b1155ac1bda018"},"headline":"Euro de VTT : Pauline Ferrand-Pr\u00e9vot vs Puck Pieterse, saison 2, \u00e9pisode 1","datePublished":"2024-05-08T14:28:06+00:00","dateModified":"2024-05-08T17:54:40+00:00","mainEntityOfPage":{"@id":"https:\/\/dicodusport.fr\/blog\/euro-de-vtt-pauline-ferrand-prevot-vs-puck-pieterse-saison-2-episode-1\/"},"wordCount":921,"commentCount":0,"publisher":{"@id":"https:\/\/dicodusport.fr\/blog\/#organization"},"image":{"@id":"https:\/\/dicodusport.fr\/blog\/euro-de-vtt-pauline-ferrand-prevot-vs-puck-pieterse-saison-2-episode-1\/#primaryimage"},"thumbnailUrl":"https:\/\/dicodusport.fr\/blog\/wp-content\/uploads\/2024\/05\/Euro-de-VTT-Pauline-Ferrand-Prevot-vs-Puck-Pieterse-saison-2-episode-1.png","keywords":["br\u00e8ve","Pauline Ferrand-Pr\u00e9vot","Puck Pieterse","VTT","VTT XCC","VTT XCO"],"articleSection":["VTT"],"inLanguage":"fr-FR","potentialAction":[{"@type":"CommentAction","name":"Comment","target":["https:\/\/dicodusport.fr\/blog\/euro-de-vtt-pauline-ferrand-prevot-vs-puck-pieterse-saison-2-episode-1\/#respond"]}],"copyrightYear":"2024","copyrightHolder":{"@id":"https:\/\/dicodusport.fr\/blog\/#organization"}},{"@type":"WebPage","@id":"https:\/\/dicodusport.fr\/blog\/euro-de-vtt-pauline-ferrand-prevot-vs-puck-pieterse-saison-2-episode-1\/","url":"https:\/\/dicodusport.fr\/blog\/euro-de-vtt-pauline-ferrand-prevot-vs-puck-pieterse-saison-2-episode-1\/","name":"Euro de VTT : Pauline Ferrand-Pr\u00e9vot vs Puck Pieterse, saison 2, \u00e9pisode 1","isPartOf":{"@id":"https:\/\/dicodusport.fr\/blog\/#website"},"primaryImageOfPage":{"@id":"https:\/\/dicodusport.fr\/blog\/euro-de-vtt-pauline-ferrand-prevot-vs-puck-pieterse-saison-2-episode-1\/#primaryimage"},"image":{"@id":"https:\/\/dicodusport.fr\/blog\/euro-de-vtt-pauline-ferrand-prevot-vs-puck-pieterse-saison-2-episode-1\/#primaryimage"},"thumbnailUrl":"https:\/\/dicodusport.fr\/blog\/wp-content\/uploads\/2024\/05\/Euro-de-VTT-Pauline-Ferrand-Prevot-vs-Puck-Pieterse-saison-2-episode-1.png","datePublished":"2024-05-08T14:28:06+00:00","dateModified":"2024-05-08T17:54:40+00:00","description":"Pauline Ferrand-Pr\u00e9vot et Puck Pieterse vont se retrouver sur la m\u00eame ligne de d\u00e9part lors des championnats d\u2019Europe de VTT en Roumanie.","breadcrumb":{"@id":"https:\/\/dicodusport.fr\/blog\/euro-de-vtt-pauline-ferrand-prevot-vs-puck-pieterse-saison-2-episode-1\/#breadcrumb"},"inLanguage":"fr-FR","potentialAction":[{"@type":"ReadAction","target":["https:\/\/dicodusport.fr\/blog\/euro-de-vtt-pauline-ferrand-prevot-vs-puck-pieterse-saison-2-episode-1\/"]}]},{"@type":"ImageObject","inLanguage":"fr-FR","@id":"https:\/\/dicodusport.fr\/blog\/euro-de-vtt-pauline-ferrand-prevot-vs-puck-pieterse-saison-2-episode-1\/#primaryimage","url":"https:\/\/dicodusport.fr\/blog\/wp-content\/uploads\/2024\/05\/Euro-de-VTT-Pauline-Ferrand-Prevot-vs-Puck-Pieterse-saison-2-episode-1.png","contentUrl":"https:\/\/dicodusport.fr\/blog\/wp-content\/uploads\/2024\/05\/Euro-de-VTT-Pauline-Ferrand-Prevot-vs-Puck-Pieterse-saison-2-episode-1.png","width":1200,"height":674,"caption":"Euro de VTT Pauline Ferrand-Pr\u00e9vot vs Puck Pieterse, saison 2, \u00e9pisode 1"},{"@type":"BreadcrumbList","@id":"https:\/\/dicodusport.fr\/blog\/euro-de-vtt-pauline-ferrand-prevot-vs-puck-pieterse-saison-2-episode-1\/#breadcrumb","itemListElement":[{"@type":"ListItem","position":1,"name":"Accueil","item":"https:\/\/dicodusport.fr\/blog\/"},{"@type":"ListItem","position":2,"name":"Euro de VTT : Pauline Ferrand-Pr\u00e9vot vs Puck Pieterse, saison 2, \u00e9pisode 1"}]},{"@type":"WebSite","@id":"https:\/\/dicodusport.fr\/blog\/#website","url":"https:\/\/dicodusport.fr\/blog\/","name":"Dicodusport","description":"L&#039;encyclop\u00e9die de l&#039;actualit\u00e9 sportive","publisher":{"@id":"https:\/\/dicodusport.fr\/blog\/#organization"},"potentialAction":[{"@type":"SearchAction","target":{"@type":"EntryPoint","urlTemplate":"https:\/\/dicodusport.fr\/blog\/?s={search_term_string}"},"query-input":{"@type":"PropertyValueSpecification","valueRequired":true,"valueName":"search_term_string"}}],"inLanguage":"fr-FR"},{"@type":"NewsMediaOrganization","@id":"https:\/\/dicodusport.fr\/blog\/#organization","name":"Dicodusport","url":"https:\/\/dicodusport.fr\/blog\/","logo":{"@type":"ImageObject","inLanguage":"fr-FR","@id":"https:\/\/dicodusport.fr\/blog\/#\/schema\/logo\/image\/","url":"https:\/\/dicodusport.fr\/blog\/wp-content\/uploads\/2020\/06\/cropped-LOGO-DICODUSPORT-2020-SANS-FOND-SANS-TEXTE.png","contentUrl":"https:\/\/dicodusport.fr\/blog\/wp-content\/uploads\/2020\/06\/cropped-LOGO-DICODUSPORT-2020-SANS-FOND-SANS-TEXTE.png","width":512,"height":512,"caption":"Dicodusport"},"image":{"@id":"https:\/\/dicodusport.fr\/blog\/#\/schema\/logo\/image\/"},"sameAs":["https:\/\/www.facebook.com\/dicodusport","https:\/\/x.com\/dicodusport","https:\/\/www.instagram.com\/dicodusport\/","https:\/\/www.youtube.com\/channel\/UC7V2KZ5sd3htJivAbA4ZG3w"],"description":"Dicodusport est l'encyclop\u00e9die de l'actualit\u00e9 sportive.","email":"bonjour@dicodusport.fr","legalName":"DICODUSPORT","foundingDate":"2018-01-14","vatID":"FR71834470973","taxID":"83447097300043","numberOfEmployees":{"@type":"QuantitativeValue","minValue":"1","maxValue":"10"}},{"@type":"Person","@id":"https:\/\/dicodusport.fr\/blog\/#\/schema\/person\/0eaf70b33d703a1a66b1155ac1bda018","name":"Pierre Gorce","image":{"@type":"ImageObject","inLanguage":"fr-FR","@id":"https:\/\/dicodusport.fr\/blog\/#\/schema\/person\/image\/","url":"https:\/\/dicodusport.fr\/blog\/wp-content\/uploads\/2022\/03\/IMG_20211214_233053_722-150x150.jpg","contentUrl":"https:\/\/dicodusport.fr\/blog\/wp-content\/uploads\/2022\/03\/IMG_20211214_233053_722-150x150.jpg","caption":"Pierre Gorce"},"description":"Couteau suisse venant tout droit de Haute-Savoie. Habitu\u00e9 \u00e0 regarder du sport depuis petit, j'en ai maintenant fait mon m\u00e9tier. Des sports d'hiver au surf, en passant par le tennis, la F1, le handball et l'athl\u00e9tisme, j'essaie d'avoir mes yeux sur l'enti\u00e8ret\u00e9 de l'actualit\u00e9. Jeune homme berc\u00e9 par les exploits de Jean-Baptiste Grange, Sebastian Vettel et des Experts. Membre de la g\u00e9n\u00e9ration 1999 comme Luka Doncic, Sydney McLaughlin, Lando Norris et Loana Lecomte, mais avec beaucoup moins de talent qu'eux.","sameAs":["https:\/\/x.com\/https:\/\/twitter.com\/pierregorce12"],"birthDate":"1999-08-29","url":"https:\/\/dicodusport.fr\/blog\/author\/pierreg\/"}]}},"_links":{"self":[{"href":"https:\/\/dicodusport.fr\/blog\/wp-json\/wp\/v2\/posts\/484230","targetHints":{"allow":["GET"]}}],"collection":[{"href":"https:\/\/dicodusport.fr\/blog\/wp-json\/wp\/v2\/posts"}],"about":[{"href":"https:\/\/dicodusport.fr\/blog\/wp-json\/wp\/v2\/types\/post"}],"author":[{"embeddable":true,"href":"https:\/\/dicodusport.fr\/blog\/wp-json\/wp\/v2\/users\/61"}],"replies":[{"embeddable":true,"href":"https:\/\/dicodusport.fr\/blog\/wp-json\/wp\/v2\/comments?post=484230"}],"version-history":[{"count":5,"href":"https:\/\/dicodusport.fr\/blog\/wp-json\/wp\/v2\/posts\/484230\/revisions"}],"predecessor-version":[{"id":484358,"href":"https:\/\/dicodusport.fr\/blog\/wp-json\/wp\/v2\/posts\/484230\/revisions\/484358"}],"wp:featuredmedia":[{"embeddable":true,"href":"https:\/\/dicodusport.fr\/blog\/wp-json\/wp\/v2\/media\/484275"}],"wp:attachment":[{"href":"https:\/\/dicodusport.fr\/blog\/wp-json\/wp\/v2\/media?parent=484230"}],"wp:term":[{"taxonomy":"category","embeddable":true,"href":"https:\/\/dicodusport.fr\/blog\/wp-json\/wp\/v2\/categories?post=484230"},{"taxonomy":"post_tag","embeddable":true,"href":"https:\/\/dicodusport.fr\/blog\/wp-json\/wp\/v2\/tags?post=484230"}],"curies":[{"name":"wp","href":"https:\/\/api.w.org\/{rel}","templated":true}]}}