{"id":484361,"date":"2024-05-12T14:36:08","date_gmt":"2024-05-12T12:36:08","guid":{"rendered":"https:\/\/dicodusport.fr\/blog\/?p=484361&#038;preview=true&#038;preview_id=484361"},"modified":"2024-05-12T14:36:16","modified_gmt":"2024-05-12T12:36:16","slug":"rallye-du-portugal-2024-programme-des-speciales-et-resultats","status":"publish","type":"post","link":"https:\/\/dicodusport.fr\/blog\/rallye-du-portugal-2024-programme-des-speciales-et-resultats\/","title":{"rendered":"Rallye du Portugal 2024 : Programme des sp\u00e9ciales et r\u00e9sultats"},"content":{"rendered":"<p style=\"text-align: justify;\"><strong><em>RALLYE DU PORTUGAL 2024 &#8211; D\u00e9couvrez le programme, les horaires et les r\u00e9sultats du Rallye WRC du Portugal, cinqui\u00e8me manche du championnat des rallyes 2024, qui se d\u00e9roule du jeudi 9 au dimanche 12 mai 2024<\/em><\/strong><\/p>\n<ul>\n<li style=\"text-align: justify;\"><strong>\u00c0 ce sujet &#8211; <a href=\"https:\/\/dicodusport.fr\/blog\/wrc-calendrier-des-rallyes-2024\/\">WRC \u2013 Calendrier des rallyes 2024<\/a><\/strong><\/li>\n<\/ul>\n<p style=\"text-align: justify;\">Du 9 au 12 mai 2024, se d\u00e9roule la 48\u00e8me \u00e9dition du <strong>Rallye du Portugal<\/strong>. Vainqueur \u00e0 cinq reprises de l&rsquo;\u00e9preuve portugaise (2010, 2011, 2013, 2014 et 2017), le Fran\u00e7ais <strong>S\u00e9bastien Ogier<\/strong> (Toyota) sera au d\u00e9part de cette \u00e9dition 2024. M\u00eame chose pour le double champion du monde et tenant du titre au Portugal, <strong>Kalle Rovanper\u00e4<\/strong> (Toyota). Non pr\u00e9sent sur le <a href=\"https:\/\/dicodusport.fr\/blog\/rallye-de-croatie-2024-le-classement-general\/\">Rallye de Croatie<\/a> remport\u00e9 par <strong>Ogier<\/strong>, le Finlandais est bien align\u00e9 au d\u00e9part de la 5\u00e8me manche du championnat du monde 2024. <strong>Rovanper\u00e4<\/strong> a, pour rappel, remport\u00e9 le <a href=\"https:\/\/dicodusport.fr\/blog\/rallye-du-kenya-2024-le-classement-general\/\">Rallye du Kenya<\/a> en mars.<\/p>\n<p style=\"text-align: justify;\">Leader du championnat du monde des rallyes 2024 et victorieux du <a href=\"https:\/\/dicodusport.fr\/blog\/rallye-monte-carlo-2024-le-classement-general\/\">Rallye Monte-Carlo<\/a>, <strong>Thierry Neuville<\/strong> (Hyundai) tentera de remporter le Rallye du Portugal pour la deuxi\u00e8me fois, apr\u00e8s son succ\u00e8s en 2018. Vainqueur sur le <a href=\"https:\/\/dicodusport.fr\/blog\/rallye-de-suede-2024-le-classement-general\/\">Rallye de Su\u00e8de<\/a>, <strong>Esapekka Lappi<\/strong> (Hyundai) n&rsquo;est lui pas pr\u00e9sent en terres portugaises.<\/p>\n<ul>\n<li class=\"mvp-post-title left entry-title\" style=\"text-align: justify;\"><strong>\u00c0 ce sujet \u2013\u00a0<a href=\"https:\/\/dicodusport.fr\/blog\/rallyes-wrc-2024-classement-pilotes-championnat-du-monde\/\">Rallyes WRC 2024 \u2013 Classement pilotes Championnat du monde<\/a><\/strong><\/li>\n<\/ul>\n<h2 style=\"text-align: justify;\">Le palmar\u00e8s du Rallye WRC du Portugal depuis 2013<\/h2>\n<p>2023 : Rovanper\u00e4, Sordo, Lappi<br \/>\n2022 : Rovanper\u00e4, Evans, Sordo<br \/>\n2021 : Evans, Sordo, Ogier<br \/>\n2020 : Annul\u00e9 en raison de la Covid-19<br \/>\n2019 : T\u00e4nak, Neuville, Ogier<br \/>\n2018 : Neuville, Evans, Suninen<br \/>\n2017 : Ogier, Neuville, Sordo<br \/>\n2016 : Meeke, Mikkelsen, Ogier<br \/>\n2015 : Latvala, Ogier, Mikkelsen<br \/>\n2014 : Ogier, Hirvonen, Ostberg<br \/>\n2013 : Ogier, Hirvonen, Latvala<\/p>\n<p style=\"text-align: justify;\"><em><strong>Canal+ Sport et Canal+ Sport 360 se partageront la plupart des sp\u00e9ciales.<\/strong><\/em><\/p>\n<h2 style=\"text-align: justify;\">Rallye du Portugal 2024 &#8211; Programme, horaires et r\u00e9sultats<\/h2>\n<table style=\"width: 800px; border-collapse: collapse;\">\n<tbody>\n<tr>\n<td style=\"background-color: #fc4c02; width: 959.492px; text-align: center; vertical-align: middle;\" colspan=\"5\"><span style=\"color: #ffffff;\"><strong>JEUDI 9 MAI 2024<\/strong><\/span><span style=\"color: #ffffff;\"><strong><br \/>\n<\/strong><\/span><\/td>\n<\/tr>\n<tr>\n<td style=\"text-align: center; vertical-align: middle; width: 80px; background-color: #000000;\"><span style=\"color: #ffffff; font-size: 0.9em;\"><strong>Horaire<\/strong><\/span><\/td>\n<td style=\"text-align: center; vertical-align: middle; width: 399.492px; background-color: #000000;\" colspan=\"2\"><span style=\"color: #ffffff;\"><span style=\"font-size: 0.9em;\"><b>Sp\u00e9ciale<\/b><\/span><\/span><\/td>\n<td style=\"text-align: center; vertical-align: middle; width: 240px; background-color: #000000;\"><span style=\"color: #ffffff; font-size: 0.9em;\"><strong>Vainqueurs<\/strong><\/span><\/td>\n<td style=\"text-align: center; vertical-align: middle; width: 240px; background-color: #000000;\"><span style=\"color: #ffffff; font-size: 0.9em;\"><strong>Leaders<\/strong><\/span><\/td>\n<\/tr>\n<tr>\n<td style=\"text-align: center; vertical-align: middle; width: 80px; font-size: 0.9em;\"><strong>9h01<\/strong><\/td>\n<td style=\"text-align: center; vertical-align: middle; width: 399.492px; font-size: 0.9em;\" colspan=\"2\"><strong>Shakedown (4,61 km)<br \/>\n<a href=\"https:\/\/www.rally.tv\/c\/calendar\/lLrv_WRC-Vodafone-Rally-de-Portugal?liveTimingMenu=stageTiming_livetiming\"><span style=\"font-size: 11.52px;\"><i>Classement<\/i><\/span><\/a><br \/>\n<\/strong><\/td>\n<td style=\"text-align: center; vertical-align: middle; width: 240px;\"><span style=\"font-size: 0.9em;\"><strong>\ud83c\uddea\ud83c\uddf8 Dani SORDO \/ \ud83c\uddea\ud83c\uddf8 Candido CARRERA<\/strong><br \/>\n<span style=\"font-size: 0.8em;\">HYUNDAI<\/span><\/span><\/td>\n<td style=\"text-align: center; vertical-align: middle; width: 240px;\"><span style=\"font-size: 0.9em;\"><strong>\ud83c\uddea\ud83c\uddf8 Dani SORDO \/ \ud83c\uddea\ud83c\uddf8 Candido CARRERA<\/strong><br \/>\n<span style=\"font-size: 0.8em;\">HYUNDAI<\/span><\/span><\/td>\n<\/tr>\n<tr>\n<td style=\"text-align: center; vertical-align: middle; width: 80px; font-size: 0.9em;\"><strong>20h05<\/strong><\/td>\n<td style=\"text-align: center; vertical-align: middle; width: 399.492px; font-size: 0.9em;\" colspan=\"2\"><strong><span style=\"font-size: 0.9em;\">ES1 (2,94 km)<\/span><br \/>\n<a href=\"https:\/\/www.rally.tv\/c\/calendar\/lLrv_WRC-Vodafone-Rally-de-Portugal?liveTimingMenu=stageTiming_livetiming&amp;stage=6697&amp;championshipId=245\"><span style=\"font-size: 11.52px;\"><i>Classement<\/i><\/span><\/a><br \/>\n<\/strong><\/td>\n<td style=\"text-align: center; vertical-align: middle; width: 240px;\"><span style=\"font-size: 0.9em;\"><strong>\ud83c\udde7\ud83c\uddea Thierry NEUVILLE \/ \ud83c\udde7\ud83c\uddea Martijn WYDAEGHE<\/strong><br \/>\n<span style=\"font-size: 0.8em;\">HYUNDAI<\/span><\/span><\/td>\n<td style=\"text-align: center; vertical-align: middle; width: 240px;\"><span style=\"font-size: 0.9em;\"><strong>\ud83c\udde7\ud83c\uddea Thierry NEUVILLE \/ \ud83c\udde7\ud83c\uddea Martijn WYDAEGHE<\/strong><br \/>\n<span style=\"font-size: 0.8em;\">HYUNDAI<\/span><\/span><\/td>\n<\/tr>\n<tr>\n<td style=\"background-color: #fc4c02; width: 959.492px; text-align: center; vertical-align: middle;\" colspan=\"5\"><span style=\"color: #ffffff;\"><strong>VENDREDI 10 MAI 2024<\/strong><\/span><span style=\"color: #ffffff;\"><strong><br \/>\n<\/strong><\/span><\/td>\n<\/tr>\n<tr>\n<td style=\"text-align: center; vertical-align: middle; width: 80px; background-color: #000000;\"><span style=\"color: #ffffff; font-size: 0.9em;\"><strong>Horaire<\/strong><\/span><\/td>\n<td style=\"text-align: center; vertical-align: middle; width: 399.492px; background-color: #000000;\" colspan=\"2\"><span style=\"color: #ffffff;\"><span style=\"font-size: 0.9em;\"><b>Sp\u00e9ciale<\/b><\/span><\/span><\/td>\n<td style=\"text-align: center; vertical-align: middle; width: 240px; background-color: #000000;\"><span style=\"color: #ffffff; font-size: 0.9em;\"><strong>Vainqueurs<\/strong><\/span><\/td>\n<td style=\"text-align: center; vertical-align: middle; width: 240px; background-color: #000000;\"><span style=\"color: #ffffff; font-size: 0.9em;\"><strong>Leaders<\/strong><\/span><\/td>\n<\/tr>\n<tr>\n<td style=\"text-align: center; vertical-align: middle; width: 80px; font-size: 0.9em;\"><strong>9h05<\/strong><\/td>\n<td style=\"text-align: center; vertical-align: middle; width: 399.492px; font-size: 0.9em;\" colspan=\"2\"><strong>ES2 (18,15 km)<br \/>\n<a href=\"https:\/\/www.rally.tv\/c\/calendar\/lLrv_WRC-Vodafone-Rally-de-Portugal?liveTimingMenu=stageTiming_livetiming&amp;stage=6698&amp;championshipId=245\"><span style=\"font-size: 11.52px;\"><i>Classement<\/i><\/span><\/a><br \/>\n<\/strong><\/td>\n<td style=\"text-align: center; vertical-align: middle; width: 240px;\"><span style=\"font-size: 0.9em;\"><strong>\ud83c\uddef\ud83c\uddf5 Takamoto KATSUTA \/ \ud83c\uddee\ud83c\uddea Aaron JOHNSTON<br \/>\n<\/strong><span style=\"font-size: 0.8em;\">TOYOTA<\/span><\/span><\/td>\n<td style=\"text-align: center; vertical-align: middle; width: 240px;\"><span style=\"font-size: 0.9em;\"><strong>\ud83c\udde7\ud83c\uddea Thierry NEUVILLE \/ \ud83c\udde7\ud83c\uddea Martijn WYDAEGHE<\/strong><br \/>\n<span style=\"font-size: 0.8em;\">HYUNDAI<\/span><\/span><\/td>\n<\/tr>\n<tr>\n<td style=\"text-align: center; vertical-align: middle; width: 80px; font-size: 0.9em;\"><strong>10h35<\/strong><\/td>\n<td style=\"text-align: center; vertical-align: middle; width: 399.492px; font-size: 0.9em;\" colspan=\"2\"><strong>ES3 (12,28 km)<br \/>\n<a href=\"https:\/\/www.rally.tv\/c\/calendar\/lLrv_WRC-Vodafone-Rally-de-Portugal?liveTimingMenu=stageTiming_livetiming&amp;stage=6699&amp;championshipId=245\"><span style=\"font-size: 11.52px;\"><i>Classement<\/i><\/span><\/a><br \/>\n<\/strong><\/td>\n<td style=\"text-align: center; vertical-align: middle; width: 240px;\"><span style=\"font-size: 0.9em;\"><strong>\ud83c\uddea\ud83c\uddf8 Dani SORDO \/ \ud83c\uddea\ud83c\uddf8 Candido CARRERA<\/strong><br \/>\n<span style=\"font-size: 0.8em;\">HYUNDAI<\/span><\/span><\/td>\n<td style=\"text-align: center; vertical-align: middle; width: 240px;\"><span style=\"font-size: 0.9em;\"><strong>\ud83c\uddef\ud83c\uddf5 Takamoto KATSUTA \/ \ud83c\uddee\ud83c\uddea Aaron JOHNSTON<br \/>\n<\/strong><span style=\"font-size: 0.8em;\">TOYOTA<\/span><\/span><\/td>\n<\/tr>\n<tr>\n<td style=\"text-align: center; vertical-align: middle; width: 80px; font-size: 0.9em;\"><strong>11h35<\/strong><\/td>\n<td style=\"text-align: center; vertical-align: middle; width: 399.492px; font-size: 0.9em;\" colspan=\"2\"><strong>ES4 (14,30 km)<br \/>\n<a href=\"https:\/\/www.rally.tv\/c\/calendar\/lLrv_WRC-Vodafone-Rally-de-Portugal?liveTimingMenu=stageTiming_livetiming&amp;stage=6700&amp;championshipId=245\" rel=\"\"><span style=\"font-size: 11.52px;\"><i>Classement<\/i><\/span><\/a><br \/>\n<\/strong><\/td>\n<td style=\"text-align: center; vertical-align: middle; width: 240px;\"><span style=\"font-size: 0.9em;\"><strong>\ud83c\uddea\ud83c\uddf8 Dani SORDO \/ \ud83c\uddea\ud83c\uddf8 Candido CARRERA<\/strong><br \/>\n<span style=\"font-size: 0.8em;\">HYUNDAI<\/span><\/span><\/td>\n<td style=\"text-align: center; vertical-align: middle; width: 240px;\"><span style=\"font-size: 0.9em;\"><strong>\ud83c\uddef\ud83c\uddf5 Takamoto KATSUTA \/ \ud83c\uddee\ud83c\uddea Aaron JOHNSTON<br \/>\n<\/strong><span style=\"font-size: 0.8em;\">TOYOTA<\/span><\/span><\/td>\n<\/tr>\n<tr>\n<td style=\"text-align: center; vertical-align: middle; width: 80px; font-size: 0.9em;\"><strong>12h35<\/strong><\/td>\n<td style=\"text-align: center; vertical-align: middle; width: 399.492px; font-size: 0.9em;\" colspan=\"2\"><strong>ES5 (18,72 km)<br \/>\n<a href=\"https:\/\/www.rally.tv\/c\/calendar\/lLrv_WRC-Vodafone-Rally-de-Portugal?liveTimingMenu=stageTiming_livetiming&amp;stage=6701&amp;championshipId=245\" rel=\"\"><span style=\"font-size: 11.52px;\"><i>Classement<\/i><\/span><\/a><br \/>\n<\/strong><\/td>\n<td style=\"text-align: center; vertical-align: middle; width: 240px;\"><span style=\"font-size: 0.9em;\"><strong>\ud83c\udde7\ud83c\uddea Thierry NEUVILLE \/ \ud83c\udde7\ud83c\uddea Martijn WYDAEGHE<\/strong><br \/>\n<span style=\"font-size: 0.8em;\">HYUNDAI<\/span><\/span><\/td>\n<td style=\"text-align: center; vertical-align: middle; width: 240px;\"><span style=\"font-size: 0.9em;\"><strong>\ud83c\uddef\ud83c\uddf5 Takamoto KATSUTA \/ \ud83c\uddee\ud83c\uddea Aaron JOHNSTON<br \/>\n<\/strong><span style=\"font-size: 0.8em;\">TOYOTA<\/span><\/span><\/td>\n<\/tr>\n<tr>\n<td style=\"text-align: center; vertical-align: middle; width: 80px; font-size: 0.9em;\"><strong>15h05<\/strong><\/td>\n<td style=\"text-align: center; vertical-align: middle; width: 399.492px; font-size: 0.9em;\" colspan=\"2\"><strong>ES6 (12,28 km)<br \/>\n<a href=\"https:\/\/www.rally.tv\/c\/calendar\/lLrv_WRC-Vodafone-Rally-de-Portugal?liveTimingMenu=stageTiming_livetiming&amp;stage=6702&amp;championshipId=245\" rel=\"\"><span style=\"font-size: 11.52px;\"><i>Classement<\/i><\/span><\/a><br \/>\n<\/strong><\/td>\n<td style=\"text-align: center; vertical-align: middle; width: 240px;\"><span style=\"font-size: 0.9em;\"><strong>\ud83c\uddeb\ud83c\uddf7 S\u00e9bastien OGIER \/ \ud83c\uddeb\ud83c\uddf7 Vincent LANDAIS<\/strong><br \/>\n<span style=\"font-size: 0.8em;\">TOYOTA<\/span><\/span><\/td>\n<td style=\"text-align: center; vertical-align: middle; width: 240px;\"><span style=\"font-size: 0.9em;\"><strong>\ud83c\uddeb\ud83c\uddee Kalle ROVANPER\u00c4 \/ \ud83c\uddeb\ud83c\uddee Jonne HALTTUNEN<\/strong><br \/>\n<span style=\"font-size: 0.8em;\">TOYOTA<\/span><\/span><\/td>\n<\/tr>\n<tr>\n<td style=\"text-align: center; vertical-align: middle; width: 80px; font-size: 0.9em;\"><strong>16h05<\/strong><\/td>\n<td style=\"text-align: center; vertical-align: middle; width: 399.492px; font-size: 0.9em;\" colspan=\"2\"><strong>ES7 (14,30 km)<br \/>\n<a href=\"https:\/\/www.rally.tv\/c\/calendar\/lLrv_WRC-Vodafone-Rally-de-Portugal?liveTimingMenu=stageTiming_livetiming&amp;stage=6703&amp;championshipId=245\" rel=\"\"><span style=\"font-size: 11.52px;\"><i>Classement<\/i><\/span><\/a><br \/>\n<\/strong><\/td>\n<td style=\"text-align: center; vertical-align: middle; width: 240px;\"><span style=\"font-size: 0.9em;\"><strong>\ud83c\uddea\ud83c\uddf8 Dani SORDO \/ \ud83c\uddea\ud83c\uddf8 Candido CARRERA<\/strong><br \/>\n<span style=\"font-size: 0.8em;\">HYUNDAI<\/span><\/span><\/td>\n<td style=\"text-align: center; vertical-align: middle; width: 240px;\"><span style=\"font-size: 0.9em;\"><strong>\ud83c\uddeb\ud83c\uddee Kalle ROVANPER\u00c4 \/ \ud83c\uddeb\ud83c\uddee Jonne HALTTUNEN<\/strong><br \/>\n<span style=\"font-size: 0.8em;\">TOYOTA<\/span><\/span><\/td>\n<\/tr>\n<tr>\n<td style=\"text-align: center; vertical-align: middle; width: 80px; font-size: 0.9em;\"><strong>17h05<\/strong><\/td>\n<td style=\"text-align: center; vertical-align: middle; font-size: 0.9em; width: 399.492px;\" colspan=\"2\"><strong>ES8 (18,72 km)<br \/>\n<a href=\"https:\/\/www.rally.tv\/c\/calendar\/lLrv_WRC-Vodafone-Rally-de-Portugal?liveTimingMenu=stageTiming_livetiming&amp;stage=6704&amp;championshipId=245\" rel=\"\"><span style=\"font-size: 11.52px;\"><i>Classement<\/i><\/span><\/a><br \/>\n<\/strong><\/td>\n<td style=\"text-align: center; vertical-align: middle; width: 240px;\"><span style=\"font-size: 0.9em;\"><strong>\ud83c\uddeb\ud83c\uddee Kalle ROVANPER\u00c4 \/ \ud83c\uddeb\ud83c\uddee Jonne HALTTUNEN<\/strong><br \/>\n<span style=\"font-size: 0.8em;\">TOYOTA<\/span><\/span><\/td>\n<td style=\"text-align: center; vertical-align: middle; width: 240px;\"><span style=\"font-size: 0.9em;\"><strong>\ud83c\uddeb\ud83c\uddee Kalle ROVANPER\u00c4 \/ \ud83c\uddeb\ud83c\uddee Jonne HALTTUNEN<\/strong><br \/>\n<span style=\"font-size: 0.8em;\">TOYOTA<\/span><\/span><\/td>\n<\/tr>\n<tr>\n<td style=\"text-align: center; vertical-align: middle; width: 80px; font-size: 0.9em;\"><strong>18h35<\/strong><\/td>\n<td style=\"text-align: center; vertical-align: middle; width: 399.492px; font-size: 0.9em;\" colspan=\"2\"><strong>ES9 (18,15 km)<br \/>\n<a href=\"https:\/\/www.rally.tv\/c\/calendar\/lLrv_WRC-Vodafone-Rally-de-Portugal?liveTimingMenu=stageTiming_livetiming&amp;stage=6705&amp;championshipId=245\" rel=\"\"><span style=\"font-size: 11.52px;\"><i>Classement<\/i><\/span><\/a><br \/>\n<\/strong><\/td>\n<td style=\"text-align: center; vertical-align: middle; width: 240px;\"><span style=\"font-size: 0.9em;\"><strong>\ud83c\uddeb\ud83c\uddf7 S\u00e9bastien OGIER \/ \ud83c\uddeb\ud83c\uddf7 Vincent LANDAIS<\/strong><br \/>\n<span style=\"font-size: 0.8em;\">TOYOTA<\/span><\/span><\/td>\n<td style=\"text-align: center; vertical-align: middle; width: 240px;\"><span style=\"font-size: 0.9em;\"><strong>\ud83c\uddeb\ud83c\uddee Kalle ROVANPER\u00c4 \/ \ud83c\uddeb\ud83c\uddee Jonne HALTTUNEN<\/strong><br \/>\n<span style=\"font-size: 0.8em;\">TOYOTA<\/span><\/span><\/td>\n<\/tr>\n<tr>\n<td style=\"background-color: #fc4c02; width: 959.492px; text-align: center; vertical-align: middle;\" colspan=\"5\"><span style=\"color: #ffffff;\"><strong>SAMEDI 11 MAI 2024<\/strong><\/span><span style=\"color: #ffffff;\"><strong><br \/>\n<\/strong><\/span><\/td>\n<\/tr>\n<tr>\n<td style=\"text-align: center; vertical-align: middle; width: 80px; background-color: #000000;\"><span style=\"color: #ffffff; font-size: 0.9em;\"><strong>Horaire<\/strong><\/span><\/td>\n<td style=\"text-align: center; vertical-align: middle; width: 399.492px; background-color: #000000;\" colspan=\"2\"><span style=\"color: #ffffff;\"><span style=\"font-size: 0.9em;\"><b>Sp\u00e9ciale<\/b><\/span><\/span><\/td>\n<td style=\"text-align: center; vertical-align: middle; width: 240px; background-color: #000000;\"><span style=\"color: #ffffff; font-size: 0.9em;\"><strong>Vainqueurs<\/strong><\/span><\/td>\n<td style=\"text-align: center; vertical-align: middle; width: 240px; background-color: #000000;\"><span style=\"color: #ffffff; font-size: 0.9em;\"><strong>Leaders<\/strong><\/span><\/td>\n<\/tr>\n<tr>\n<td style=\"text-align: center; vertical-align: middle; width: 80px; font-size: 0.9em;\"><strong>9h05<\/strong><\/td>\n<td style=\"text-align: center; vertical-align: middle; width: 399.492px; font-size: 0.9em;\" colspan=\"2\"><strong>ES10 (8,81 km)<br \/>\n<a href=\"https:\/\/www.rally.tv\/c\/calendar\/lLrv_WRC-Vodafone-Rally-de-Portugal?liveTimingMenu=stageTiming_livetiming&amp;stage=6706&amp;championshipId=245\" rel=\"\"><span style=\"font-size: 11.52px;\"><i>Classement<\/i><\/span><\/a><br \/>\n<\/strong><\/td>\n<td style=\"text-align: center; vertical-align: middle; width: 240px;\"><span style=\"font-size: 0.9em;\"><strong>\ud83c\uddeb\ud83c\uddee Kalle ROVANPER\u00c4 \/ \ud83c\uddeb\ud83c\uddee Jonne HALTTUNEN<\/strong><br \/>\n<span style=\"font-size: 0.8em;\">TOYOTA<\/span><\/span><\/td>\n<td style=\"text-align: center; vertical-align: middle; width: 240px;\"><span style=\"font-size: 0.9em;\"><strong>\ud83c\uddeb\ud83c\uddee Kalle ROVANPER\u00c4 \/ \ud83c\uddeb\ud83c\uddee Jonne HALTTUNEN<\/strong><br \/>\n<span style=\"font-size: 0.8em;\">TOYOTA<\/span><\/span><\/td>\n<\/tr>\n<tr>\n<td style=\"text-align: center; vertical-align: middle; width: 80px; font-size: 0.9em;\"><strong>10h05<\/strong><\/td>\n<td style=\"text-align: center; vertical-align: middle; width: 399.492px; font-size: 0.9em;\" colspan=\"2\"><strong>ES11 (8,69 km)<br \/>\n<a href=\"https:\/\/www.rally.tv\/c\/calendar\/lLrv_WRC-Vodafone-Rally-de-Portugal?liveTimingMenu=stageTiming_livetiming&amp;stage=6707&amp;championshipId=245\" rel=\"\"><span style=\"font-size: 11.52px;\"><i>Classement<\/i><\/span><\/a><br \/>\n<\/strong><\/td>\n<td style=\"text-align: center; vertical-align: middle; width: 240px;\"><span style=\"font-size: 0.9em;\"><strong>\ud83c\uddeb\ud83c\uddf7 S\u00e9bastien OGIER \/ \ud83c\uddeb\ud83c\uddf7 Vincent LANDAIS<\/strong><br \/>\n<span style=\"font-size: 0.8em;\">TOYOTA<\/span><\/span><\/td>\n<td style=\"text-align: center; vertical-align: middle; width: 240px;\"><span style=\"font-size: 0.9em;\"><strong>\ud83c\uddeb\ud83c\uddf7 S\u00e9bastien OGIER \/ \ud83c\uddeb\ud83c\uddf7 Vincent LANDAIS<\/strong><br \/>\n<span style=\"font-size: 0.8em;\">TOYOTA<\/span><\/span><\/td>\n<\/tr>\n<tr>\n<td style=\"text-align: center; vertical-align: middle; width: 80px; font-size: 0.9em;\"><strong>11h10<\/strong><\/td>\n<td style=\"text-align: center; vertical-align: middle; width: 399.492px; font-size: 0.9em;\" colspan=\"2\"><strong>ES12 (37,24 km)<br \/>\n<a href=\"https:\/\/www.rally.tv\/c\/calendar\/lLrv_WRC-Vodafone-Rally-de-Portugal?liveTimingMenu=stageTiming_livetiming&amp;stage=6708&amp;championshipId=245\" rel=\"\"><span style=\"font-size: 11.52px;\"><i>Classement<\/i><\/span><\/a><br \/>\n<\/strong><\/td>\n<td style=\"text-align: center; vertical-align: middle; width: 240px;\"><span style=\"font-size: 0.9em;\"><strong>\ud83c\uddea\ud83c\uddea Ott T\u00c4NAK \/ \ud83c\uddea\ud83c\uddea Martin J\u00c4RVEOJA<\/strong><br \/>\n<span style=\"font-size: 0.8em;\">HYUNDAI<\/span><\/span><\/td>\n<td style=\"text-align: center; vertical-align: middle; width: 240px;\"><span style=\"font-size: 0.9em;\"><strong>\ud83c\uddea\ud83c\uddea Ott T\u00c4NAK \/ \ud83c\uddea\ud83c\uddea Martin J\u00c4RVEOJA<\/strong><br \/>\n<span style=\"font-size: 0.8em;\">HYUNDAI<\/span><\/span><\/td>\n<\/tr>\n<tr>\n<td style=\"text-align: center; vertical-align: middle; width: 80px; font-size: 0.9em;\"><strong>12h35<\/strong><\/td>\n<td style=\"text-align: center; vertical-align: middle; width: 399.492px; font-size: 0.9em;\" colspan=\"2\"><strong>ES13 (16,09 km)<br \/>\n<a href=\"https:\/\/www.rally.tv\/c\/calendar\/lLrv_WRC-Vodafone-Rally-de-Portugal?liveTimingMenu=stageTiming_livetiming&amp;stage=6709&amp;championshipId=245\" rel=\"\"><span style=\"font-size: 11.52px;\"><i>Classement<\/i><\/span><\/a><br \/>\n<\/strong><\/td>\n<td style=\"text-align: center; vertical-align: middle; width: 240px;\"><span style=\"font-size: 0.9em;\"><strong>\ud83c\uddeb\ud83c\uddf7 S\u00e9bastien OGIER \/ \ud83c\uddeb\ud83c\uddf7 Vincent LANDAIS<\/strong><br \/>\n<span style=\"font-size: 0.8em;\">TOYOTA<\/span><\/span><\/td>\n<td style=\"text-align: center; vertical-align: middle; width: 240px;\"><span style=\"font-size: 0.9em;\"><strong>\ud83c\uddeb\ud83c\uddf7 S\u00e9bastien OGIER \/ \ud83c\uddeb\ud83c\uddf7 Vincent LANDAIS<\/strong><br \/>\n<span style=\"font-size: 0.8em;\">TOYOTA<\/span><\/span><\/td>\n<\/tr>\n<tr>\n<td style=\"text-align: center; vertical-align: middle; width: 80px; font-size: 0.9em;\"><strong>15h35<\/strong><\/td>\n<td style=\"text-align: center; vertical-align: middle; font-size: 0.9em; width: 399.492px;\" colspan=\"2\"><strong>ES14 (8,81 km)<br \/>\n<a href=\"https:\/\/www.rally.tv\/c\/calendar\/lLrv_WRC-Vodafone-Rally-de-Portugal?liveTimingMenu=stageTiming_livetiming&amp;stage=6710&amp;championshipId=245\" rel=\"\"><span style=\"font-size: 11.52px;\"><i>Classement<\/i><\/span><\/a><br \/>\n<\/strong><\/td>\n<td style=\"text-align: center; vertical-align: middle; width: 240px;\"><span style=\"font-size: 0.9em;\"><strong>\ud83c\uddea\ud83c\uddea Ott T\u00c4NAK \/ \ud83c\uddea\ud83c\uddea Martin J\u00c4RVEOJA<\/strong><br \/>\n<span style=\"font-size: 0.8em;\">HYUNDAI<\/span><\/span><\/td>\n<td style=\"text-align: center; vertical-align: middle; width: 240px;\"><span style=\"font-size: 0.9em;\"><strong>\ud83c\uddeb\ud83c\uddf7 S\u00e9bastien OGIER \/ \ud83c\uddeb\ud83c\uddf7 Vincent LANDAIS<\/strong><br \/>\n<span style=\"font-size: 0.8em;\">TOYOTA<\/span><\/span><\/td>\n<\/tr>\n<tr>\n<td style=\"text-align: center; vertical-align: middle; width: 80px; font-size: 0.9em;\"><strong>16h35<\/strong><\/td>\n<td style=\"text-align: center; vertical-align: middle; width: 399.492px; font-size: 0.9em;\" colspan=\"2\"><strong>ES15 (8,69 km)<br \/>\n<a href=\"https:\/\/www.rally.tv\/c\/calendar\/lLrv_WRC-Vodafone-Rally-de-Portugal?liveTimingMenu=stageTiming_livetiming&amp;stage=6711&amp;championshipId=245\" rel=\"\"><span style=\"font-size: 11.52px;\"><i>Classement<\/i><\/span><\/a><br \/>\n<\/strong><\/td>\n<td style=\"text-align: center; vertical-align: middle; width: 240px;\"><span style=\"font-size: 0.9em;\"><strong>\ud83c\uddea\ud83c\uddea Ott T\u00c4NAK \/ \ud83c\uddea\ud83c\uddea Martin J\u00c4RVEOJA<\/strong><br \/>\n<span style=\"font-size: 0.8em;\">HYUNDAI<\/span><\/span><\/td>\n<td style=\"text-align: center; vertical-align: middle; width: 240px;\"><span style=\"font-size: 0.9em;\"><strong>\ud83c\uddeb\ud83c\uddf7 S\u00e9bastien OGIER \/ \ud83c\uddeb\ud83c\uddf7 Vincent LANDAIS<\/strong><br \/>\n<span style=\"font-size: 0.8em;\">TOYOTA<\/span><\/span><\/td>\n<\/tr>\n<tr>\n<td style=\"text-align: center; vertical-align: middle; width: 80px; font-size: 0.9em;\"><strong>17h40<\/strong><\/td>\n<td style=\"text-align: center; vertical-align: middle; width: 399.492px; font-size: 0.9em;\" colspan=\"2\"><strong>ES16 (37,24 km)<br \/>\n<a href=\"https:\/\/www.rally.tv\/c\/calendar\/lLrv_WRC-Vodafone-Rally-de-Portugal?liveTimingMenu=stageTiming_livetiming&amp;stage=6712&amp;championshipId=245\" rel=\"\"><span style=\"font-size: 11.52px;\"><i>Classement<\/i><\/span><\/a><br \/>\n<\/strong><\/td>\n<td style=\"text-align: center; vertical-align: middle; width: 240px;\"><span style=\"font-size: 0.9em;\"><strong>\ud83c\uddeb\ud83c\uddf7 S\u00e9bastien OGIER \/ \ud83c\uddeb\ud83c\uddf7 Vincent LANDAIS<\/strong><br \/>\n<span style=\"font-size: 0.8em;\">TOYOTA<\/span><\/span><\/td>\n<td style=\"text-align: center; vertical-align: middle; width: 240px;\"><span style=\"font-size: 0.9em;\"><strong>\ud83c\uddeb\ud83c\uddf7 S\u00e9bastien OGIER \/ \ud83c\uddeb\ud83c\uddf7 Vincent LANDAIS<\/strong><br \/>\n<span style=\"font-size: 0.8em;\">TOYOTA<\/span><\/span><\/td>\n<\/tr>\n<tr>\n<td style=\"text-align: center; vertical-align: middle; width: 80px; font-size: 0.9em;\"><strong>19h05<\/strong><\/td>\n<td style=\"text-align: center; vertical-align: middle; width: 399.492px; font-size: 0.9em;\" colspan=\"2\"><strong>ES17 (16,09 km)<br \/>\n<a href=\"https:\/\/www.rally.tv\/c\/calendar\/lLrv_WRC-Vodafone-Rally-de-Portugal?liveTimingMenu=stageTiming_livetiming&amp;stage=6713&amp;championshipId=245\" rel=\"\"><span style=\"font-size: 11.52px;\"><i>Classement<\/i><\/span><\/a><br \/>\n<\/strong><\/td>\n<td style=\"text-align: center; vertical-align: middle; width: 240px;\"><span style=\"font-size: 0.9em;\"><strong>\ud83c\uddeb\ud83c\uddf7 S\u00e9bastien OGIER \/ \ud83c\uddeb\ud83c\uddf7 Vincent LANDAIS<\/strong><br \/>\n<span style=\"font-size: 0.8em;\">TOYOTA<\/span><\/span><\/td>\n<td style=\"text-align: center; vertical-align: middle; width: 240px;\"><span style=\"font-size: 0.9em;\"><strong>\ud83c\uddeb\ud83c\uddf7 S\u00e9bastien OGIER \/ \ud83c\uddeb\ud83c\uddf7 Vincent LANDAIS<\/strong><br \/>\n<span style=\"font-size: 0.8em;\">TOYOTA<\/span><\/span><\/td>\n<\/tr>\n<tr>\n<td style=\"text-align: center; vertical-align: middle; width: 80px; font-size: 0.9em;\"><strong>20h05<\/strong><\/td>\n<td style=\"text-align: center; vertical-align: middle; font-size: 0.9em;\" colspan=\"2\"><strong>ES18 (3,36 km)<br \/>\n<a href=\"https:\/\/www.rally.tv\/c\/calendar\/lLrv_WRC-Vodafone-Rally-de-Portugal?liveTimingMenu=stageTiming_livetiming&amp;stage=6714&amp;championshipId=245\" rel=\"\"><span style=\"font-size: 11.52px;\"><i>Classement<\/i><\/span><\/a><br \/>\n<\/strong><\/td>\n<td style=\"text-align: center; vertical-align: middle; width: 240px;\"><span style=\"font-size: 0.9em;\"><strong>\ud83c\uddeb\ud83c\uddf7 Adrien FOURMAUX \/ \ud83c\uddeb\ud83c\uddf7 Alexandre CORIA<\/strong><br \/>\n<span style=\"font-size: 0.8em;\">FORD<\/span><\/span><\/td>\n<td style=\"text-align: center; vertical-align: middle; width: 240px;\"><span style=\"font-size: 0.9em;\"><strong>\ud83c\uddeb\ud83c\uddf7 S\u00e9bastien OGIER \/ \ud83c\uddeb\ud83c\uddf7 Vincent LANDAIS<\/strong><br \/>\n<span style=\"font-size: 0.8em;\">TOYOTA<\/span><\/span><\/td>\n<\/tr>\n<tr>\n<td style=\"background-color: #fc4c02; width: 959.492px; text-align: center; vertical-align: middle;\" colspan=\"5\"><span style=\"color: #ffffff;\"><strong>DIMANCHE 12 MAI 2024<\/strong><\/span><\/td>\n<\/tr>\n<tr>\n<td style=\"text-align: center; vertical-align: middle; width: 80px; background-color: #000000;\"><span style=\"color: #ffffff; font-size: 0.9em;\"><strong>Horaire<\/strong><\/span><\/td>\n<td style=\"text-align: center; vertical-align: middle; width: 399.492px; background-color: #000000;\" colspan=\"2\"><span style=\"color: #ffffff;\"><span style=\"font-size: 0.9em;\"><b>Sp\u00e9ciale<\/b><\/span><\/span><\/td>\n<td style=\"text-align: center; vertical-align: middle; width: 240px; background-color: #000000;\"><span style=\"color: #ffffff; font-size: 0.9em;\"><strong>Vainqueurs<\/strong><\/span><\/td>\n<td style=\"text-align: center; vertical-align: middle; width: 240px; background-color: #000000;\"><span style=\"color: #ffffff; font-size: 0.9em;\"><strong>Leaders<\/strong><\/span><\/td>\n<\/tr>\n<tr>\n<td style=\"text-align: center; vertical-align: middle; width: 80px; font-size: 0.9em;\"><strong>8h05<\/strong><\/td>\n<td style=\"text-align: center; vertical-align: middle; font-size: 0.9em; width: 399.492px;\" colspan=\"2\"><strong>ES19 (19,91 km)<br \/>\n<a href=\"https:\/\/www.rally.tv\/c\/calendar\/lLrv_WRC-Vodafone-Rally-de-Portugal?liveTimingMenu=stageTiming_livetiming&amp;stage=6715&amp;championshipId=245\" rel=\"\"><span style=\"font-size: 11.52px;\"><i>Classement<\/i><\/span><\/a><br \/>\n<\/strong><\/td>\n<td style=\"text-align: center; vertical-align: middle; width: 240px;\"><span style=\"font-size: 0.9em;\"><strong>\ud83c\uddeb\ud83c\uddf7 S\u00e9bastien OGIER \/ \ud83c\uddeb\ud83c\uddf7 Vincent LANDAIS<\/strong><br \/>\n<span style=\"font-size: 0.8em;\">TOYOTA<\/span><\/span><\/td>\n<td style=\"text-align: center; vertical-align: middle; width: 240px;\"><span style=\"font-size: 0.9em;\"><strong>\ud83c\uddeb\ud83c\uddf7 S\u00e9bastien OGIER \/ \ud83c\uddeb\ud83c\uddf7 Vincent LANDAIS<\/strong><br \/>\n<span style=\"font-size: 0.8em;\">TOYOTA<\/span><\/span><\/td>\n<\/tr>\n<tr>\n<td style=\"text-align: center; vertical-align: middle; width: 80px; font-size: 0.9em;\"><strong>9h35\u00a0<\/strong><\/td>\n<td style=\"text-align: center; vertical-align: middle; font-size: 0.9em; width: 399.492px;\" colspan=\"2\"><strong>ES20 (11,18 km)<br \/>\n<a href=\"https:\/\/www.rally.tv\/c\/calendar\/lLrv_WRC-Vodafone-Rally-de-Portugal?liveTimingMenu=stageTiming_livetiming&amp;stage=6716&amp;championshipId=245\" rel=\"\"><span style=\"font-size: 11.52px;\"><i>Classement<\/i><\/span><\/a><br \/>\n<\/strong><\/td>\n<td style=\"text-align: center; vertical-align: middle; width: 240px;\"><span style=\"font-size: 0.9em;\"><strong>\ud83c\uddea\ud83c\uddea Ott T\u00c4NAK \/ \ud83c\uddea\ud83c\uddea Martin J\u00c4RVEOJA<\/strong><br \/>\n<span style=\"font-size: 0.8em;\">HYUNDAI<\/span><\/span><\/td>\n<td style=\"text-align: center; vertical-align: middle; width: 240px;\"><span style=\"font-size: 0.9em;\"><strong>\ud83c\uddeb\ud83c\uddf7 S\u00e9bastien OGIER \/ \ud83c\uddeb\ud83c\uddf7 Vincent LANDAIS<\/strong><br \/>\n<span style=\"font-size: 0.8em;\">TOYOTA<\/span><\/span><\/td>\n<\/tr>\n<tr>\n<td style=\"text-align: center; vertical-align: middle; width: 80px; font-size: 0.9em;\"><strong>10h32<\/strong><\/td>\n<td style=\"text-align: center; vertical-align: middle; font-size: 0.9em; width: 399.492px;\" colspan=\"2\"><strong>ES21 (19,91 km)<br \/>\n<a href=\"https:\/\/www.rally.tv\/c\/calendar\/lLrv_WRC-Vodafone-Rally-de-Portugal?liveTimingMenu=stageTiming_livetiming&amp;stage=6717&amp;championshipId=245\" rel=\"\"><span style=\"font-size: 11.52px;\"><i>Classement<\/i><\/span><\/a><br \/>\n<\/strong><\/td>\n<td style=\"text-align: center; vertical-align: middle; width: 240px;\"><span style=\"font-size: 0.9em;\"><strong>\ud83c\uddea\ud83c\uddea Ott T\u00c4NAK \/ \ud83c\uddea\ud83c\uddea Martin J\u00c4RVEOJA<\/strong><br \/>\n<span style=\"font-size: 0.8em;\">HYUNDAI<\/span><\/span><\/td>\n<td style=\"text-align: center; vertical-align: middle; width: 240px;\"><span style=\"font-size: 0.9em;\"><strong>\ud83c\uddeb\ud83c\uddf7 S\u00e9bastien OGIER \/ \ud83c\uddeb\ud83c\uddf7 Vincent LANDAIS<\/strong><br \/>\n<span style=\"font-size: 0.8em;\">TOYOTA<\/span><\/span><\/td>\n<\/tr>\n<tr>\n<td style=\"text-align: center; vertical-align: middle; width: 80px; font-size: 0.9em;\"><strong>13h15\u00a0<\/strong><\/td>\n<td style=\"text-align: center; vertical-align: middle; font-size: 0.9em; width: 399.492px;\" colspan=\"2\"><strong>ES22 &#8211; Power Stage (11,18 km)<br \/>\n<a href=\"https:\/\/www.rally.tv\/c\/calendar\/lLrv_WRC-Vodafone-Rally-de-Portugal?liveTimingMenu=stageTiming_livetiming&amp;stage=6718&amp;championshipId=245\" rel=\"\"><span style=\"font-size: 11.52px;\"><i>Classement<\/i><\/span><\/a><br \/>\n<\/strong><\/td>\n<td style=\"text-align: center; vertical-align: middle; width: 240px;\"><span style=\"font-size: 0.9em;\"><strong>\ud83c\udde7\ud83c\uddea Thierry NEUVILLE \/ \ud83c\udde7\ud83c\uddea Martijn WYDAEGHE<\/strong><br \/>\n<span style=\"font-size: 0.8em;\">HYUNDAI<\/span><\/span><\/td>\n<td style=\"text-align: center; vertical-align: middle; width: 240px;\"><span style=\"font-size: 0.9em;\"><strong>\ud83c\uddeb\ud83c\uddf7 S\u00e9bastien OGIER \/ \ud83c\uddeb\ud83c\uddf7 Vincent LANDAIS<\/strong><br \/>\n<span style=\"font-size: 0.8em;\">TOYOTA<\/span><\/span><\/td>\n<\/tr>\n<\/tbody>\n<\/table>\n<h2 style=\"text-align: justify;\">Le classement g\u00e9n\u00e9ral du Rallye du Portugal<\/h2>\n<div class=\"vlp-link-container vlp-layout-article\"><a href=\"https:\/\/dicodusport.fr\/blog\/rallye-du-portugal-2024-le-classement-general\/\" class=\"vlp-link\" title=\"Rallye du Portugal 2024 - Le classement g\u00e9n\u00e9ral\"><\/a><div class=\"vlp-layout-zone-side\"><div class=\"vlp-block-4 vlp-link-image\"><img loading=\"lazy\" decoding=\"async\" style=\"max-width: 792px;\" width=\"792\" height=\"445\" src=\"https:\/\/dicodusport.fr\/blog\/wp-content\/uploads\/2024\/05\/Rallye-du-Portugal-2024-Le-classement-general-1.png\" class=\"attachment-800x445 size-800x445\" alt=\"Rallye du Portugal 2024 - Le classement g\u00e9n\u00e9ral (1)\" srcset=\"https:\/\/dicodusport.fr\/blog\/wp-content\/uploads\/2024\/05\/Rallye-du-Portugal-2024-Le-classement-general-1.png 1200w, https:\/\/dicodusport.fr\/blog\/wp-content\/uploads\/2024\/05\/Rallye-du-Portugal-2024-Le-classement-general-1-300x169.png 300w, https:\/\/dicodusport.fr\/blog\/wp-content\/uploads\/2024\/05\/Rallye-du-Portugal-2024-Le-classement-general-1-1024x575.png 1024w, https:\/\/dicodusport.fr\/blog\/wp-content\/uploads\/2024\/05\/Rallye-du-Portugal-2024-Le-classement-general-1-768x431.png 768w\" sizes=\"auto, (max-width: 792px) 100vw, 792px\" \/><\/div><\/div><div class=\"vlp-layout-zone-main\"><div class=\"vlp-block-0 vlp-link-title\">Rallye du Portugal 2024 - Le classement g\u00e9n\u00e9ral<\/div><div class=\"vlp-block-1 vlp-link-summary\">RALLYE DU PORTUGAL 2024 - D\u00e9couvrez le classement g\u00e9n\u00e9ral du Rallye du Portugal 2024, qui se d\u00e9roule du jeudi 9 au dimanche 12 mai 2024.<\/div><div class=\"vlp-block-2 vlp-link-button\">Lire l'article<\/div><div class=\"vlp-block-3 vlp-link-url\">dicodusport.fr<\/div><\/div><\/div>\n","protected":false},"excerpt":{"rendered":"<p>RALLYE DE CROATIE 2024 &#8211; D\u00e9couvrez le programme des sp\u00e9ciales, les horaires et les r\u00e9sultats du Rallye WRC de Croatie.<\/p>\n","protected":false},"author":4,"featured_media":484808,"comment_status":"open","ping_status":"closed","sticky":false,"template":"","format":"standard","meta":{"_acf_changed":false,"_daextam_enable_autolinks":"1","footnotes":""},"categories":[47088],"tags":[16878,16819,16822],"class_list":["post-484361","post","type-post","status-publish","format-standard","has-post-thumbnail","hentry","category-rallye-wrc","tag-breve","tag-rallye-du-portugal","tag-wrc-portugal"],"acf":[],"yoast_head":"<!-- This site is optimized with the Yoast SEO Premium plugin v26.7 (Yoast SEO v26.7) - https:\/\/yoast.com\/wordpress\/plugins\/seo\/ -->\n<title>Rallye du Portugal 2024 : Programme des sp\u00e9ciales et r\u00e9sultats<\/title>\n<meta name=\"description\" content=\"RALLYE DU PORTUGAL 2024 - D\u00e9couvrez le programme des sp\u00e9ciales, les horaires et les r\u00e9sultats du Rallye WRC du Portugal.\" \/>\n<meta name=\"robots\" content=\"index, follow, max-snippet:-1, max-image-preview:large, max-video-preview:-1\" \/>\n<link rel=\"canonical\" href=\"https:\/\/dicodusport.fr\/blog\/rallye-du-portugal-2024-programme-des-speciales-et-resultats\/\" \/>\n<meta property=\"og:locale\" content=\"fr_FR\" \/>\n<meta property=\"og:type\" content=\"article\" \/>\n<meta property=\"og:title\" content=\"Rallye du Portugal 2024 : Programme des sp\u00e9ciales et r\u00e9sultats\" \/>\n<meta property=\"og:description\" content=\"RALLYE DU PORTUGAL 2024 - D\u00e9couvrez le programme des sp\u00e9ciales, les horaires et les r\u00e9sultats du Rallye WRC du Portugal.\" \/>\n<meta property=\"og:url\" content=\"https:\/\/dicodusport.fr\/blog\/rallye-du-portugal-2024-programme-des-speciales-et-resultats\/\" \/>\n<meta property=\"og:site_name\" content=\"Dicodusport\" \/>\n<meta property=\"article:publisher\" content=\"https:\/\/www.facebook.com\/dicodusport\" \/>\n<meta property=\"article:author\" content=\"https:\/\/www.facebook.com\/florent.ostermann\" \/>\n<meta property=\"article:published_time\" content=\"2024-05-12T12:36:08+00:00\" \/>\n<meta property=\"article:modified_time\" content=\"2024-05-12T12:36:16+00:00\" \/>\n<meta property=\"og:image\" content=\"https:\/\/dicodusport.fr\/blog\/wp-content\/uploads\/2024\/05\/Rallye-du-Portugal-2024-Programme-des-speciales-et-resultats-1.png\" \/>\n\t<meta property=\"og:image:width\" content=\"1200\" \/>\n\t<meta property=\"og:image:height\" content=\"674\" \/>\n\t<meta property=\"og:image:type\" content=\"image\/png\" \/>\n<meta name=\"author\" content=\"Flo Ostermann\" \/>\n<meta name=\"twitter:card\" content=\"summary_large_image\" \/>\n<meta name=\"twitter:title\" content=\"Rallye du Portugal 2024 : Programme des sp\u00e9ciales et r\u00e9sultats\" \/>\n<meta name=\"twitter:creator\" content=\"@https:\/\/twitter.com\/FlOstermann\" \/>\n<meta name=\"twitter:site\" content=\"@dicodusport\" \/>\n<script type=\"application\/ld+json\" class=\"yoast-schema-graph\">{\"@context\":\"https:\/\/schema.org\",\"@graph\":[{\"@type\":\"NewsArticle\",\"@id\":\"https:\/\/dicodusport.fr\/blog\/rallye-du-portugal-2024-programme-des-speciales-et-resultats\/#article\",\"isPartOf\":{\"@id\":\"https:\/\/dicodusport.fr\/blog\/rallye-du-portugal-2024-programme-des-speciales-et-resultats\/\"},\"author\":{\"name\":\"Flo Ostermann\",\"@id\":\"https:\/\/dicodusport.fr\/blog\/#\/schema\/person\/cb02af4c173ce4a653b55e9baf388d4a\"},\"headline\":\"Rallye du Portugal 2024 : Programme des sp\u00e9ciales et r\u00e9sultats\",\"datePublished\":\"2024-05-12T12:36:08+00:00\",\"dateModified\":\"2024-05-12T12:36:16+00:00\",\"mainEntityOfPage\":{\"@id\":\"https:\/\/dicodusport.fr\/blog\/rallye-du-portugal-2024-programme-des-speciales-et-resultats\/\"},\"wordCount\":729,\"commentCount\":0,\"publisher\":{\"@id\":\"https:\/\/dicodusport.fr\/blog\/#organization\"},\"image\":{\"@id\":\"https:\/\/dicodusport.fr\/blog\/rallye-du-portugal-2024-programme-des-speciales-et-resultats\/#primaryimage\"},\"thumbnailUrl\":\"https:\/\/dicodusport.fr\/blog\/wp-content\/uploads\/2024\/05\/Rallye-du-Portugal-2024-Programme-des-speciales-et-resultats-1.png\",\"keywords\":[\"br\u00e8ve\",\"Rallye du Portugal\",\"WRC Portugal\"],\"articleSection\":[\"Rallye WRC\"],\"inLanguage\":\"fr-FR\",\"potentialAction\":[{\"@type\":\"CommentAction\",\"name\":\"Comment\",\"target\":[\"https:\/\/dicodusport.fr\/blog\/rallye-du-portugal-2024-programme-des-speciales-et-resultats\/#respond\"]}],\"copyrightYear\":\"2024\",\"copyrightHolder\":{\"@id\":\"https:\/\/dicodusport.fr\/blog\/#organization\"}},{\"@type\":\"WebPage\",\"@id\":\"https:\/\/dicodusport.fr\/blog\/rallye-du-portugal-2024-programme-des-speciales-et-resultats\/\",\"url\":\"https:\/\/dicodusport.fr\/blog\/rallye-du-portugal-2024-programme-des-speciales-et-resultats\/\",\"name\":\"Rallye du Portugal 2024 : Programme des sp\u00e9ciales et r\u00e9sultats\",\"isPartOf\":{\"@id\":\"https:\/\/dicodusport.fr\/blog\/#website\"},\"primaryImageOfPage\":{\"@id\":\"https:\/\/dicodusport.fr\/blog\/rallye-du-portugal-2024-programme-des-speciales-et-resultats\/#primaryimage\"},\"image\":{\"@id\":\"https:\/\/dicodusport.fr\/blog\/rallye-du-portugal-2024-programme-des-speciales-et-resultats\/#primaryimage\"},\"thumbnailUrl\":\"https:\/\/dicodusport.fr\/blog\/wp-content\/uploads\/2024\/05\/Rallye-du-Portugal-2024-Programme-des-speciales-et-resultats-1.png\",\"datePublished\":\"2024-05-12T12:36:08+00:00\",\"dateModified\":\"2024-05-12T12:36:16+00:00\",\"description\":\"RALLYE DU PORTUGAL 2024 - D\u00e9couvrez le programme des sp\u00e9ciales, les horaires et les r\u00e9sultats du Rallye WRC du Portugal.\",\"breadcrumb\":{\"@id\":\"https:\/\/dicodusport.fr\/blog\/rallye-du-portugal-2024-programme-des-speciales-et-resultats\/#breadcrumb\"},\"inLanguage\":\"fr-FR\",\"potentialAction\":[{\"@type\":\"ReadAction\",\"target\":[\"https:\/\/dicodusport.fr\/blog\/rallye-du-portugal-2024-programme-des-speciales-et-resultats\/\"]}]},{\"@type\":\"ImageObject\",\"inLanguage\":\"fr-FR\",\"@id\":\"https:\/\/dicodusport.fr\/blog\/rallye-du-portugal-2024-programme-des-speciales-et-resultats\/#primaryimage\",\"url\":\"https:\/\/dicodusport.fr\/blog\/wp-content\/uploads\/2024\/05\/Rallye-du-Portugal-2024-Programme-des-speciales-et-resultats-1.png\",\"contentUrl\":\"https:\/\/dicodusport.fr\/blog\/wp-content\/uploads\/2024\/05\/Rallye-du-Portugal-2024-Programme-des-speciales-et-resultats-1.png\",\"width\":1200,\"height\":674,\"caption\":\"Rallye du Portugal 2024 Programme des sp\u00e9ciales et r\u00e9sultats\"},{\"@type\":\"BreadcrumbList\",\"@id\":\"https:\/\/dicodusport.fr\/blog\/rallye-du-portugal-2024-programme-des-speciales-et-resultats\/#breadcrumb\",\"itemListElement\":[{\"@type\":\"ListItem\",\"position\":1,\"name\":\"Accueil\",\"item\":\"https:\/\/dicodusport.fr\/blog\/\"},{\"@type\":\"ListItem\",\"position\":2,\"name\":\"Rallye du Portugal 2024 : Programme des sp\u00e9ciales et r\u00e9sultats\"}]},{\"@type\":\"WebSite\",\"@id\":\"https:\/\/dicodusport.fr\/blog\/#website\",\"url\":\"https:\/\/dicodusport.fr\/blog\/\",\"name\":\"Dicodusport\",\"description\":\"L&#039;encyclop\u00e9die de l&#039;actualit\u00e9 sportive\",\"publisher\":{\"@id\":\"https:\/\/dicodusport.fr\/blog\/#organization\"},\"potentialAction\":[{\"@type\":\"SearchAction\",\"target\":{\"@type\":\"EntryPoint\",\"urlTemplate\":\"https:\/\/dicodusport.fr\/blog\/?s={search_term_string}\"},\"query-input\":{\"@type\":\"PropertyValueSpecification\",\"valueRequired\":true,\"valueName\":\"search_term_string\"}}],\"inLanguage\":\"fr-FR\"},{\"@type\":\"NewsMediaOrganization\",\"@id\":\"https:\/\/dicodusport.fr\/blog\/#organization\",\"name\":\"Dicodusport\",\"url\":\"https:\/\/dicodusport.fr\/blog\/\",\"logo\":{\"@type\":\"ImageObject\",\"inLanguage\":\"fr-FR\",\"@id\":\"https:\/\/dicodusport.fr\/blog\/#\/schema\/logo\/image\/\",\"url\":\"https:\/\/dicodusport.fr\/blog\/wp-content\/uploads\/2020\/06\/cropped-LOGO-DICODUSPORT-2020-SANS-FOND-SANS-TEXTE.png\",\"contentUrl\":\"https:\/\/dicodusport.fr\/blog\/wp-content\/uploads\/2020\/06\/cropped-LOGO-DICODUSPORT-2020-SANS-FOND-SANS-TEXTE.png\",\"width\":512,\"height\":512,\"caption\":\"Dicodusport\"},\"image\":{\"@id\":\"https:\/\/dicodusport.fr\/blog\/#\/schema\/logo\/image\/\"},\"sameAs\":[\"https:\/\/www.facebook.com\/dicodusport\",\"https:\/\/x.com\/dicodusport\",\"https:\/\/www.instagram.com\/dicodusport\/\",\"https:\/\/www.youtube.com\/channel\/UC7V2KZ5sd3htJivAbA4ZG3w\"],\"description\":\"Dicodusport est l'encyclop\u00e9die de l'actualit\u00e9 sportive.\",\"email\":\"bonjour@dicodusport.fr\",\"legalName\":\"DICODUSPORT\",\"foundingDate\":\"2018-01-14\",\"vatID\":\"FR71834470973\",\"taxID\":\"83447097300043\",\"numberOfEmployees\":{\"@type\":\"QuantitativeValue\",\"minValue\":\"1\",\"maxValue\":\"10\"}},{\"@type\":\"Person\",\"@id\":\"https:\/\/dicodusport.fr\/blog\/#\/schema\/person\/cb02af4c173ce4a653b55e9baf388d4a\",\"name\":\"Flo Ostermann\",\"image\":{\"@type\":\"ImageObject\",\"inLanguage\":\"fr-FR\",\"@id\":\"https:\/\/dicodusport.fr\/blog\/#\/schema\/person\/image\/\",\"url\":\"https:\/\/dicodusport.fr\/blog\/wp-content\/uploads\/2021\/05\/Flo-Ostermann-150x150.jpg\",\"contentUrl\":\"https:\/\/dicodusport.fr\/blog\/wp-content\/uploads\/2021\/05\/Flo-Ostermann-150x150.jpg\",\"caption\":\"Flo Ostermann\"},\"description\":\"Journaliste\/R\u00e9dacteur depuis septembre 2015 - Mes premiers souvenirs dans le sport ? Les envol\u00e9es du Stade Toulousain et les duels Villeneuve-Schumacher et H\u00e4kkinen-Schumacher \u00e0 la fin des ann\u00e9es 90, la Coupe du monde de football en 1998, l\u2019exploit du XV de France face aux All Blacks en 1999, mais aussi Richard C\u0153ur de Lion qui vole sur les montagnes du Tour de France. Bien parti pour devenir professeur d\u2019EPS, les \u00e9v\u00e9nements de la vie (et la flemme d\u2019animer des s\u00e9ances de 3x500 m\u00e8tres toute ma vie) m\u2019ont conduit \u00e0 revoir mes plans. Me voil\u00e0 depuis fin 2017 sur Dicodusport, m\u00e9dia gr\u00e2ce (et pour) lequel je partage ma passion : le sport dans tous ses \u00e9tats. Le tout accompagn\u00e9 par les fous furieux et folles furieuses cit\u00e9s sur cette page !\",\"sameAs\":[\"https:\/\/www.facebook.com\/florent.ostermann\",\"https:\/\/x.com\/https:\/\/twitter.com\/FlOstermann\",\"admin\"],\"url\":\"https:\/\/dicodusport.fr\/blog\/author\/flo\/\"}]}<\/script>\n<!-- \/ Yoast SEO Premium plugin. -->","yoast_head_json":{"title":"Rallye du Portugal 2024 : Programme des sp\u00e9ciales et r\u00e9sultats","description":"RALLYE DU PORTUGAL 2024 - D\u00e9couvrez le programme des sp\u00e9ciales, les horaires et les r\u00e9sultats du Rallye WRC du Portugal.","robots":{"index":"index","follow":"follow","max-snippet":"max-snippet:-1","max-image-preview":"max-image-preview:large","max-video-preview":"max-video-preview:-1"},"canonical":"https:\/\/dicodusport.fr\/blog\/rallye-du-portugal-2024-programme-des-speciales-et-resultats\/","og_locale":"fr_FR","og_type":"article","og_title":"Rallye du Portugal 2024 : Programme des sp\u00e9ciales et r\u00e9sultats","og_description":"RALLYE DU PORTUGAL 2024 - D\u00e9couvrez le programme des sp\u00e9ciales, les horaires et les r\u00e9sultats du Rallye WRC du Portugal.","og_url":"https:\/\/dicodusport.fr\/blog\/rallye-du-portugal-2024-programme-des-speciales-et-resultats\/","og_site_name":"Dicodusport","article_publisher":"https:\/\/www.facebook.com\/dicodusport","article_author":"https:\/\/www.facebook.com\/florent.ostermann","article_published_time":"2024-05-12T12:36:08+00:00","article_modified_time":"2024-05-12T12:36:16+00:00","og_image":[{"width":1200,"height":674,"url":"https:\/\/dicodusport.fr\/blog\/wp-content\/uploads\/2024\/05\/Rallye-du-Portugal-2024-Programme-des-speciales-et-resultats-1.png","type":"image\/png"}],"author":"Flo Ostermann","twitter_card":"summary_large_image","twitter_title":"Rallye du Portugal 2024 : Programme des sp\u00e9ciales et r\u00e9sultats","twitter_creator":"@https:\/\/twitter.com\/FlOstermann","twitter_site":"@dicodusport","schema":{"@context":"https:\/\/schema.org","@graph":[{"@type":"NewsArticle","@id":"https:\/\/dicodusport.fr\/blog\/rallye-du-portugal-2024-programme-des-speciales-et-resultats\/#article","isPartOf":{"@id":"https:\/\/dicodusport.fr\/blog\/rallye-du-portugal-2024-programme-des-speciales-et-resultats\/"},"author":{"name":"Flo Ostermann","@id":"https:\/\/dicodusport.fr\/blog\/#\/schema\/person\/cb02af4c173ce4a653b55e9baf388d4a"},"headline":"Rallye du Portugal 2024 : Programme des sp\u00e9ciales et r\u00e9sultats","datePublished":"2024-05-12T12:36:08+00:00","dateModified":"2024-05-12T12:36:16+00:00","mainEntityOfPage":{"@id":"https:\/\/dicodusport.fr\/blog\/rallye-du-portugal-2024-programme-des-speciales-et-resultats\/"},"wordCount":729,"commentCount":0,"publisher":{"@id":"https:\/\/dicodusport.fr\/blog\/#organization"},"image":{"@id":"https:\/\/dicodusport.fr\/blog\/rallye-du-portugal-2024-programme-des-speciales-et-resultats\/#primaryimage"},"thumbnailUrl":"https:\/\/dicodusport.fr\/blog\/wp-content\/uploads\/2024\/05\/Rallye-du-Portugal-2024-Programme-des-speciales-et-resultats-1.png","keywords":["br\u00e8ve","Rallye du Portugal","WRC Portugal"],"articleSection":["Rallye WRC"],"inLanguage":"fr-FR","potentialAction":[{"@type":"CommentAction","name":"Comment","target":["https:\/\/dicodusport.fr\/blog\/rallye-du-portugal-2024-programme-des-speciales-et-resultats\/#respond"]}],"copyrightYear":"2024","copyrightHolder":{"@id":"https:\/\/dicodusport.fr\/blog\/#organization"}},{"@type":"WebPage","@id":"https:\/\/dicodusport.fr\/blog\/rallye-du-portugal-2024-programme-des-speciales-et-resultats\/","url":"https:\/\/dicodusport.fr\/blog\/rallye-du-portugal-2024-programme-des-speciales-et-resultats\/","name":"Rallye du Portugal 2024 : Programme des sp\u00e9ciales et r\u00e9sultats","isPartOf":{"@id":"https:\/\/dicodusport.fr\/blog\/#website"},"primaryImageOfPage":{"@id":"https:\/\/dicodusport.fr\/blog\/rallye-du-portugal-2024-programme-des-speciales-et-resultats\/#primaryimage"},"image":{"@id":"https:\/\/dicodusport.fr\/blog\/rallye-du-portugal-2024-programme-des-speciales-et-resultats\/#primaryimage"},"thumbnailUrl":"https:\/\/dicodusport.fr\/blog\/wp-content\/uploads\/2024\/05\/Rallye-du-Portugal-2024-Programme-des-speciales-et-resultats-1.png","datePublished":"2024-05-12T12:36:08+00:00","dateModified":"2024-05-12T12:36:16+00:00","description":"RALLYE DU PORTUGAL 2024 - D\u00e9couvrez le programme des sp\u00e9ciales, les horaires et les r\u00e9sultats du Rallye WRC du Portugal.","breadcrumb":{"@id":"https:\/\/dicodusport.fr\/blog\/rallye-du-portugal-2024-programme-des-speciales-et-resultats\/#breadcrumb"},"inLanguage":"fr-FR","potentialAction":[{"@type":"ReadAction","target":["https:\/\/dicodusport.fr\/blog\/rallye-du-portugal-2024-programme-des-speciales-et-resultats\/"]}]},{"@type":"ImageObject","inLanguage":"fr-FR","@id":"https:\/\/dicodusport.fr\/blog\/rallye-du-portugal-2024-programme-des-speciales-et-resultats\/#primaryimage","url":"https:\/\/dicodusport.fr\/blog\/wp-content\/uploads\/2024\/05\/Rallye-du-Portugal-2024-Programme-des-speciales-et-resultats-1.png","contentUrl":"https:\/\/dicodusport.fr\/blog\/wp-content\/uploads\/2024\/05\/Rallye-du-Portugal-2024-Programme-des-speciales-et-resultats-1.png","width":1200,"height":674,"caption":"Rallye du Portugal 2024 Programme des sp\u00e9ciales et r\u00e9sultats"},{"@type":"BreadcrumbList","@id":"https:\/\/dicodusport.fr\/blog\/rallye-du-portugal-2024-programme-des-speciales-et-resultats\/#breadcrumb","itemListElement":[{"@type":"ListItem","position":1,"name":"Accueil","item":"https:\/\/dicodusport.fr\/blog\/"},{"@type":"ListItem","position":2,"name":"Rallye du Portugal 2024 : Programme des sp\u00e9ciales et r\u00e9sultats"}]},{"@type":"WebSite","@id":"https:\/\/dicodusport.fr\/blog\/#website","url":"https:\/\/dicodusport.fr\/blog\/","name":"Dicodusport","description":"L&#039;encyclop\u00e9die de l&#039;actualit\u00e9 sportive","publisher":{"@id":"https:\/\/dicodusport.fr\/blog\/#organization"},"potentialAction":[{"@type":"SearchAction","target":{"@type":"EntryPoint","urlTemplate":"https:\/\/dicodusport.fr\/blog\/?s={search_term_string}"},"query-input":{"@type":"PropertyValueSpecification","valueRequired":true,"valueName":"search_term_string"}}],"inLanguage":"fr-FR"},{"@type":"NewsMediaOrganization","@id":"https:\/\/dicodusport.fr\/blog\/#organization","name":"Dicodusport","url":"https:\/\/dicodusport.fr\/blog\/","logo":{"@type":"ImageObject","inLanguage":"fr-FR","@id":"https:\/\/dicodusport.fr\/blog\/#\/schema\/logo\/image\/","url":"https:\/\/dicodusport.fr\/blog\/wp-content\/uploads\/2020\/06\/cropped-LOGO-DICODUSPORT-2020-SANS-FOND-SANS-TEXTE.png","contentUrl":"https:\/\/dicodusport.fr\/blog\/wp-content\/uploads\/2020\/06\/cropped-LOGO-DICODUSPORT-2020-SANS-FOND-SANS-TEXTE.png","width":512,"height":512,"caption":"Dicodusport"},"image":{"@id":"https:\/\/dicodusport.fr\/blog\/#\/schema\/logo\/image\/"},"sameAs":["https:\/\/www.facebook.com\/dicodusport","https:\/\/x.com\/dicodusport","https:\/\/www.instagram.com\/dicodusport\/","https:\/\/www.youtube.com\/channel\/UC7V2KZ5sd3htJivAbA4ZG3w"],"description":"Dicodusport est l'encyclop\u00e9die de l'actualit\u00e9 sportive.","email":"bonjour@dicodusport.fr","legalName":"DICODUSPORT","foundingDate":"2018-01-14","vatID":"FR71834470973","taxID":"83447097300043","numberOfEmployees":{"@type":"QuantitativeValue","minValue":"1","maxValue":"10"}},{"@type":"Person","@id":"https:\/\/dicodusport.fr\/blog\/#\/schema\/person\/cb02af4c173ce4a653b55e9baf388d4a","name":"Flo Ostermann","image":{"@type":"ImageObject","inLanguage":"fr-FR","@id":"https:\/\/dicodusport.fr\/blog\/#\/schema\/person\/image\/","url":"https:\/\/dicodusport.fr\/blog\/wp-content\/uploads\/2021\/05\/Flo-Ostermann-150x150.jpg","contentUrl":"https:\/\/dicodusport.fr\/blog\/wp-content\/uploads\/2021\/05\/Flo-Ostermann-150x150.jpg","caption":"Flo Ostermann"},"description":"Journaliste\/R\u00e9dacteur depuis septembre 2015 - Mes premiers souvenirs dans le sport ? Les envol\u00e9es du Stade Toulousain et les duels Villeneuve-Schumacher et H\u00e4kkinen-Schumacher \u00e0 la fin des ann\u00e9es 90, la Coupe du monde de football en 1998, l\u2019exploit du XV de France face aux All Blacks en 1999, mais aussi Richard C\u0153ur de Lion qui vole sur les montagnes du Tour de France. Bien parti pour devenir professeur d\u2019EPS, les \u00e9v\u00e9nements de la vie (et la flemme d\u2019animer des s\u00e9ances de 3x500 m\u00e8tres toute ma vie) m\u2019ont conduit \u00e0 revoir mes plans. Me voil\u00e0 depuis fin 2017 sur Dicodusport, m\u00e9dia gr\u00e2ce (et pour) lequel je partage ma passion : le sport dans tous ses \u00e9tats. Le tout accompagn\u00e9 par les fous furieux et folles furieuses cit\u00e9s sur cette page !","sameAs":["https:\/\/www.facebook.com\/florent.ostermann","https:\/\/x.com\/https:\/\/twitter.com\/FlOstermann","admin"],"url":"https:\/\/dicodusport.fr\/blog\/author\/flo\/"}]}},"_links":{"self":[{"href":"https:\/\/dicodusport.fr\/blog\/wp-json\/wp\/v2\/posts\/484361","targetHints":{"allow":["GET"]}}],"collection":[{"href":"https:\/\/dicodusport.fr\/blog\/wp-json\/wp\/v2\/posts"}],"about":[{"href":"https:\/\/dicodusport.fr\/blog\/wp-json\/wp\/v2\/types\/post"}],"author":[{"embeddable":true,"href":"https:\/\/dicodusport.fr\/blog\/wp-json\/wp\/v2\/users\/4"}],"replies":[{"embeddable":true,"href":"https:\/\/dicodusport.fr\/blog\/wp-json\/wp\/v2\/comments?post=484361"}],"version-history":[{"count":6,"href":"https:\/\/dicodusport.fr\/blog\/wp-json\/wp\/v2\/posts\/484361\/revisions"}],"predecessor-version":[{"id":485215,"href":"https:\/\/dicodusport.fr\/blog\/wp-json\/wp\/v2\/posts\/484361\/revisions\/485215"}],"wp:featuredmedia":[{"embeddable":true,"href":"https:\/\/dicodusport.fr\/blog\/wp-json\/wp\/v2\/media\/484808"}],"wp:attachment":[{"href":"https:\/\/dicodusport.fr\/blog\/wp-json\/wp\/v2\/media?parent=484361"}],"wp:term":[{"taxonomy":"category","embeddable":true,"href":"https:\/\/dicodusport.fr\/blog\/wp-json\/wp\/v2\/categories?post=484361"},{"taxonomy":"post_tag","embeddable":true,"href":"https:\/\/dicodusport.fr\/blog\/wp-json\/wp\/v2\/tags?post=484361"}],"curies":[{"name":"wp","href":"https:\/\/api.w.org\/{rel}","templated":true}]}}