{"id":484473,"date":"2024-05-09T16:28:22","date_gmt":"2024-05-09T14:28:22","guid":{"rendered":"https:\/\/dicodusport.fr\/blog\/?p=484473&#038;preview=true&#038;preview_id=484473"},"modified":"2024-05-09T21:09:00","modified_gmt":"2024-05-09T19:09:00","slug":"vtt-simon-andreassen-champion-deurope-du-xcc","status":"publish","type":"post","link":"https:\/\/dicodusport.fr\/blog\/vtt-simon-andreassen-champion-deurope-du-xcc\/","title":{"rendered":"VTT : Simon Andreassen champion d&rsquo;Europe du XCC"},"content":{"rendered":"<p style=\"text-align: justify;\"><strong><em>CHAMPIONNATS D&rsquo;EUROPE DE VTT 2024 &#8211; Simon Andreassen devient champion d&rsquo;Europe XCC apr\u00e8s son large succ\u00e8s sur les pistes roumaines de Cheile Gr\u0103di\u0219tei. Mathis Guay est le premier Fran\u00e7ais (14e).<\/em><\/strong><\/p>\n<p style=\"text-align: justify;\"><strong>Simon Andreassen\u00a0<\/strong>se l&rsquo;est jou\u00e9 comme\u00a0<a href=\"https:\/\/dicodusport.fr\/blog\/vtt-pauline-ferrand-prevot-sacree-championne-deurope-du-xcc\/\"><strong>Pauline Ferrand-Pr\u00e9vot<\/strong><\/a> quelques minutes plus t\u00f4t. Le Danois est parti en solitaire d\u00e8s les premiers tours de course pour obtenir le titre europ\u00e9en sur le format court. Un succ\u00e8s net et large. Trente-sept secondes d&rsquo;avance sur l&rsquo;\u00e9tonnant allemand <strong>Julian Schelb<\/strong>, accompagn\u00e9 du Transalpin\u00a0<strong>Luca Braidot.<\/strong><\/p>\n<h2 style=\"text-align: justify;\">Andreassen intouchable<\/h2>\n<p style=\"text-align: justify;\"><strong>Simon Andreassen\u00a0<\/strong>confirme ce qui a \u00e9t\u00e9 aper\u00e7u au Br\u00e9sil. Vainqueur sur le <a href=\"https:\/\/dicodusport.fr\/blog\/vtt-xco-araxa-classement-course-hommes\/\">XCO d&rsquo;Araxa<\/a>, le v\u00e9t\u00e9tiste de la Specialized confirme en ayant fait exploser tous ses adversaires rapidement. Un triomphe plus que convaincant \u00e0 Cheile Gr\u0103di\u0219tei, en Roumanie. La cat\u00e9gorie U23 a couronn\u00e9 le Britannique\u00a0<strong>Peter Blackmore<\/strong>. 8\u1d49 toutes cat\u00e9gories confondues, il a devanc\u00e9 le Suisse <strong>Dario Lillo<\/strong>.<\/p>\n<p style=\"text-align: justify;\">La France \u00e9tait proche d&rsquo;obtenir une nouvelle m\u00e9daille. Meilleur Fran\u00e7ais du jour alors qu&rsquo;il n&rsquo;est encore que moins de 23 ans,\u00a0<strong>Mathis Guay\u00a0<\/strong>prend la 4e place dans sa cat\u00e9gorie et une 14e position au global.\u00a0<strong>Mathis Azzaro\u00a0<\/strong>se classe 16e. Ce dimanche aura lieu les XCO hommes et femmes avec des nouvelles chances de titre pour l&rsquo;\u00e9quipe de France men\u00e9e par <strong>Pauline Ferrand-Pr\u00e9vot\u00a0<\/strong>et <strong>Thomas Griot<\/strong>.<\/p>\n","protected":false},"excerpt":{"rendered":"<p>Simon Andreassen devient champion d&rsquo;Europe XCC apr\u00e8s son large succ\u00e8s sur les pistes roumaines de Cheile Gr\u0103di\u0219tei.<\/p>\n","protected":false},"author":61,"featured_media":484563,"comment_status":"open","ping_status":"closed","sticky":false,"template":"","format":"standard","meta":{"_acf_changed":false,"_daextam_enable_autolinks":"1","footnotes":""},"categories":[10279],"tags":[16878,4799,692,24673],"class_list":["post-484473","post","type-post","status-publish","format-standard","has-post-thumbnail","hentry","category-vtt","tag-breve","tag-championnats-deurope","tag-vtt","tag-vtt-xcc"],"acf":[],"yoast_head":"<!-- This site is optimized with the Yoast SEO Premium plugin v26.7 (Yoast SEO v26.7) - https:\/\/yoast.com\/wordpress\/plugins\/seo\/ -->\n<title>VTT : Simon Andreassen champion d&#039;Europe du XCC<\/title>\n<meta name=\"description\" content=\"Simon Andreassen devient champion d&#039;Europe XCC apr\u00e8s son large succ\u00e8s sur les pistes roumaines de Cheile Gr\u0103di\u0219tei.\" \/>\n<meta name=\"robots\" content=\"index, follow, max-snippet:-1, max-image-preview:large, max-video-preview:-1\" \/>\n<link rel=\"canonical\" href=\"https:\/\/dicodusport.fr\/blog\/vtt-simon-andreassen-champion-deurope-du-xcc\/\" \/>\n<meta property=\"og:locale\" content=\"fr_FR\" \/>\n<meta property=\"og:type\" content=\"article\" \/>\n<meta property=\"og:title\" content=\"VTT : Simon Andreassen champion d&#039;Europe du XCC\" \/>\n<meta property=\"og:description\" content=\"Simon Andreassen devient champion d&#039;Europe XCC apr\u00e8s son large succ\u00e8s sur les pistes roumaines de Cheile Gr\u0103di\u0219tei.\" \/>\n<meta property=\"og:url\" content=\"https:\/\/dicodusport.fr\/blog\/vtt-simon-andreassen-champion-deurope-du-xcc\/\" \/>\n<meta property=\"og:site_name\" content=\"Dicodusport\" \/>\n<meta property=\"article:publisher\" content=\"https:\/\/www.facebook.com\/dicodusport\" \/>\n<meta property=\"article:published_time\" content=\"2024-05-09T14:28:22+00:00\" \/>\n<meta property=\"article:modified_time\" content=\"2024-05-09T19:09:00+00:00\" \/>\n<meta property=\"og:image\" content=\"https:\/\/dicodusport.fr\/blog\/wp-content\/uploads\/2024\/05\/VTT-Simon-Andreassen-champion-dEurope-du-XCC.png\" \/>\n\t<meta property=\"og:image:width\" content=\"1200\" \/>\n\t<meta property=\"og:image:height\" content=\"674\" \/>\n\t<meta property=\"og:image:type\" content=\"image\/png\" \/>\n<meta name=\"author\" content=\"Pierre Gorce\" \/>\n<meta name=\"twitter:card\" content=\"summary_large_image\" \/>\n<meta name=\"twitter:title\" content=\"VTT : Simon Andreassen champion d&#039;Europe du XCC\" \/>\n<meta name=\"twitter:creator\" content=\"@https:\/\/twitter.com\/pierregorce12\" \/>\n<meta name=\"twitter:site\" content=\"@dicodusport\" \/>\n<script type=\"application\/ld+json\" class=\"yoast-schema-graph\">{\"@context\":\"https:\/\/schema.org\",\"@graph\":[{\"@type\":\"NewsArticle\",\"@id\":\"https:\/\/dicodusport.fr\/blog\/vtt-simon-andreassen-champion-deurope-du-xcc\/#article\",\"isPartOf\":{\"@id\":\"https:\/\/dicodusport.fr\/blog\/vtt-simon-andreassen-champion-deurope-du-xcc\/\"},\"author\":{\"name\":\"Pierre Gorce\",\"@id\":\"https:\/\/dicodusport.fr\/blog\/#\/schema\/person\/0eaf70b33d703a1a66b1155ac1bda018\"},\"headline\":\"VTT : Simon Andreassen champion d&rsquo;Europe du XCC\",\"datePublished\":\"2024-05-09T14:28:22+00:00\",\"dateModified\":\"2024-05-09T19:09:00+00:00\",\"mainEntityOfPage\":{\"@id\":\"https:\/\/dicodusport.fr\/blog\/vtt-simon-andreassen-champion-deurope-du-xcc\/\"},\"wordCount\":246,\"commentCount\":0,\"publisher\":{\"@id\":\"https:\/\/dicodusport.fr\/blog\/#organization\"},\"image\":{\"@id\":\"https:\/\/dicodusport.fr\/blog\/vtt-simon-andreassen-champion-deurope-du-xcc\/#primaryimage\"},\"thumbnailUrl\":\"https:\/\/dicodusport.fr\/blog\/wp-content\/uploads\/2024\/05\/VTT-Simon-Andreassen-champion-dEurope-du-XCC.png\",\"keywords\":[\"br\u00e8ve\",\"Championnats d'Europe\",\"VTT\",\"VTT XCC\"],\"articleSection\":[\"VTT\"],\"inLanguage\":\"fr-FR\",\"potentialAction\":[{\"@type\":\"CommentAction\",\"name\":\"Comment\",\"target\":[\"https:\/\/dicodusport.fr\/blog\/vtt-simon-andreassen-champion-deurope-du-xcc\/#respond\"]}],\"copyrightYear\":\"2024\",\"copyrightHolder\":{\"@id\":\"https:\/\/dicodusport.fr\/blog\/#organization\"}},{\"@type\":\"WebPage\",\"@id\":\"https:\/\/dicodusport.fr\/blog\/vtt-simon-andreassen-champion-deurope-du-xcc\/\",\"url\":\"https:\/\/dicodusport.fr\/blog\/vtt-simon-andreassen-champion-deurope-du-xcc\/\",\"name\":\"VTT : Simon Andreassen champion d'Europe du XCC\",\"isPartOf\":{\"@id\":\"https:\/\/dicodusport.fr\/blog\/#website\"},\"primaryImageOfPage\":{\"@id\":\"https:\/\/dicodusport.fr\/blog\/vtt-simon-andreassen-champion-deurope-du-xcc\/#primaryimage\"},\"image\":{\"@id\":\"https:\/\/dicodusport.fr\/blog\/vtt-simon-andreassen-champion-deurope-du-xcc\/#primaryimage\"},\"thumbnailUrl\":\"https:\/\/dicodusport.fr\/blog\/wp-content\/uploads\/2024\/05\/VTT-Simon-Andreassen-champion-dEurope-du-XCC.png\",\"datePublished\":\"2024-05-09T14:28:22+00:00\",\"dateModified\":\"2024-05-09T19:09:00+00:00\",\"description\":\"Simon Andreassen devient champion d'Europe XCC apr\u00e8s son large succ\u00e8s sur les pistes roumaines de Cheile Gr\u0103di\u0219tei.\",\"breadcrumb\":{\"@id\":\"https:\/\/dicodusport.fr\/blog\/vtt-simon-andreassen-champion-deurope-du-xcc\/#breadcrumb\"},\"inLanguage\":\"fr-FR\",\"potentialAction\":[{\"@type\":\"ReadAction\",\"target\":[\"https:\/\/dicodusport.fr\/blog\/vtt-simon-andreassen-champion-deurope-du-xcc\/\"]}]},{\"@type\":\"ImageObject\",\"inLanguage\":\"fr-FR\",\"@id\":\"https:\/\/dicodusport.fr\/blog\/vtt-simon-andreassen-champion-deurope-du-xcc\/#primaryimage\",\"url\":\"https:\/\/dicodusport.fr\/blog\/wp-content\/uploads\/2024\/05\/VTT-Simon-Andreassen-champion-dEurope-du-XCC.png\",\"contentUrl\":\"https:\/\/dicodusport.fr\/blog\/wp-content\/uploads\/2024\/05\/VTT-Simon-Andreassen-champion-dEurope-du-XCC.png\",\"width\":1200,\"height\":674,\"caption\":\"VTT Simon Andreassen champion d'Europe du XCC\"},{\"@type\":\"BreadcrumbList\",\"@id\":\"https:\/\/dicodusport.fr\/blog\/vtt-simon-andreassen-champion-deurope-du-xcc\/#breadcrumb\",\"itemListElement\":[{\"@type\":\"ListItem\",\"position\":1,\"name\":\"Accueil\",\"item\":\"https:\/\/dicodusport.fr\/blog\/\"},{\"@type\":\"ListItem\",\"position\":2,\"name\":\"VTT : Simon Andreassen champion d&rsquo;Europe du XCC\"}]},{\"@type\":\"WebSite\",\"@id\":\"https:\/\/dicodusport.fr\/blog\/#website\",\"url\":\"https:\/\/dicodusport.fr\/blog\/\",\"name\":\"Dicodusport\",\"description\":\"L&#039;encyclop\u00e9die de l&#039;actualit\u00e9 sportive\",\"publisher\":{\"@id\":\"https:\/\/dicodusport.fr\/blog\/#organization\"},\"potentialAction\":[{\"@type\":\"SearchAction\",\"target\":{\"@type\":\"EntryPoint\",\"urlTemplate\":\"https:\/\/dicodusport.fr\/blog\/?s={search_term_string}\"},\"query-input\":{\"@type\":\"PropertyValueSpecification\",\"valueRequired\":true,\"valueName\":\"search_term_string\"}}],\"inLanguage\":\"fr-FR\"},{\"@type\":\"NewsMediaOrganization\",\"@id\":\"https:\/\/dicodusport.fr\/blog\/#organization\",\"name\":\"Dicodusport\",\"url\":\"https:\/\/dicodusport.fr\/blog\/\",\"logo\":{\"@type\":\"ImageObject\",\"inLanguage\":\"fr-FR\",\"@id\":\"https:\/\/dicodusport.fr\/blog\/#\/schema\/logo\/image\/\",\"url\":\"https:\/\/dicodusport.fr\/blog\/wp-content\/uploads\/2020\/06\/cropped-LOGO-DICODUSPORT-2020-SANS-FOND-SANS-TEXTE.png\",\"contentUrl\":\"https:\/\/dicodusport.fr\/blog\/wp-content\/uploads\/2020\/06\/cropped-LOGO-DICODUSPORT-2020-SANS-FOND-SANS-TEXTE.png\",\"width\":512,\"height\":512,\"caption\":\"Dicodusport\"},\"image\":{\"@id\":\"https:\/\/dicodusport.fr\/blog\/#\/schema\/logo\/image\/\"},\"sameAs\":[\"https:\/\/www.facebook.com\/dicodusport\",\"https:\/\/x.com\/dicodusport\",\"https:\/\/www.instagram.com\/dicodusport\/\",\"https:\/\/www.youtube.com\/channel\/UC7V2KZ5sd3htJivAbA4ZG3w\"],\"description\":\"Dicodusport est l'encyclop\u00e9die de l'actualit\u00e9 sportive.\",\"email\":\"bonjour@dicodusport.fr\",\"legalName\":\"DICODUSPORT\",\"foundingDate\":\"2018-01-14\",\"vatID\":\"FR71834470973\",\"taxID\":\"83447097300043\",\"numberOfEmployees\":{\"@type\":\"QuantitativeValue\",\"minValue\":\"1\",\"maxValue\":\"10\"}},{\"@type\":\"Person\",\"@id\":\"https:\/\/dicodusport.fr\/blog\/#\/schema\/person\/0eaf70b33d703a1a66b1155ac1bda018\",\"name\":\"Pierre Gorce\",\"image\":{\"@type\":\"ImageObject\",\"inLanguage\":\"fr-FR\",\"@id\":\"https:\/\/dicodusport.fr\/blog\/#\/schema\/person\/image\/\",\"url\":\"https:\/\/dicodusport.fr\/blog\/wp-content\/uploads\/2022\/03\/IMG_20211214_233053_722-150x150.jpg\",\"contentUrl\":\"https:\/\/dicodusport.fr\/blog\/wp-content\/uploads\/2022\/03\/IMG_20211214_233053_722-150x150.jpg\",\"caption\":\"Pierre Gorce\"},\"description\":\"Couteau suisse venant tout droit de Haute-Savoie. Habitu\u00e9 \u00e0 regarder du sport depuis petit, j'en ai maintenant fait mon m\u00e9tier. Des sports d'hiver au surf, en passant par le tennis, la F1, le handball et l'athl\u00e9tisme, j'essaie d'avoir mes yeux sur l'enti\u00e8ret\u00e9 de l'actualit\u00e9. Jeune homme berc\u00e9 par les exploits de Jean-Baptiste Grange, Sebastian Vettel et des Experts. Membre de la g\u00e9n\u00e9ration 1999 comme Luka Doncic, Sydney McLaughlin, Lando Norris et Loana Lecomte, mais avec beaucoup moins de talent qu'eux.\",\"sameAs\":[\"https:\/\/x.com\/https:\/\/twitter.com\/pierregorce12\"],\"birthDate\":\"1999-08-29\",\"url\":\"https:\/\/dicodusport.fr\/blog\/author\/pierreg\/\"}]}<\/script>\n<!-- \/ Yoast SEO Premium plugin. -->","yoast_head_json":{"title":"VTT : Simon Andreassen champion d'Europe du XCC","description":"Simon Andreassen devient champion d'Europe XCC apr\u00e8s son large succ\u00e8s sur les pistes roumaines de Cheile Gr\u0103di\u0219tei.","robots":{"index":"index","follow":"follow","max-snippet":"max-snippet:-1","max-image-preview":"max-image-preview:large","max-video-preview":"max-video-preview:-1"},"canonical":"https:\/\/dicodusport.fr\/blog\/vtt-simon-andreassen-champion-deurope-du-xcc\/","og_locale":"fr_FR","og_type":"article","og_title":"VTT : Simon Andreassen champion d'Europe du XCC","og_description":"Simon Andreassen devient champion d'Europe XCC apr\u00e8s son large succ\u00e8s sur les pistes roumaines de Cheile Gr\u0103di\u0219tei.","og_url":"https:\/\/dicodusport.fr\/blog\/vtt-simon-andreassen-champion-deurope-du-xcc\/","og_site_name":"Dicodusport","article_publisher":"https:\/\/www.facebook.com\/dicodusport","article_published_time":"2024-05-09T14:28:22+00:00","article_modified_time":"2024-05-09T19:09:00+00:00","og_image":[{"width":1200,"height":674,"url":"https:\/\/dicodusport.fr\/blog\/wp-content\/uploads\/2024\/05\/VTT-Simon-Andreassen-champion-dEurope-du-XCC.png","type":"image\/png"}],"author":"Pierre Gorce","twitter_card":"summary_large_image","twitter_title":"VTT : Simon Andreassen champion d'Europe du XCC","twitter_creator":"@https:\/\/twitter.com\/pierregorce12","twitter_site":"@dicodusport","schema":{"@context":"https:\/\/schema.org","@graph":[{"@type":"NewsArticle","@id":"https:\/\/dicodusport.fr\/blog\/vtt-simon-andreassen-champion-deurope-du-xcc\/#article","isPartOf":{"@id":"https:\/\/dicodusport.fr\/blog\/vtt-simon-andreassen-champion-deurope-du-xcc\/"},"author":{"name":"Pierre Gorce","@id":"https:\/\/dicodusport.fr\/blog\/#\/schema\/person\/0eaf70b33d703a1a66b1155ac1bda018"},"headline":"VTT : Simon Andreassen champion d&rsquo;Europe du XCC","datePublished":"2024-05-09T14:28:22+00:00","dateModified":"2024-05-09T19:09:00+00:00","mainEntityOfPage":{"@id":"https:\/\/dicodusport.fr\/blog\/vtt-simon-andreassen-champion-deurope-du-xcc\/"},"wordCount":246,"commentCount":0,"publisher":{"@id":"https:\/\/dicodusport.fr\/blog\/#organization"},"image":{"@id":"https:\/\/dicodusport.fr\/blog\/vtt-simon-andreassen-champion-deurope-du-xcc\/#primaryimage"},"thumbnailUrl":"https:\/\/dicodusport.fr\/blog\/wp-content\/uploads\/2024\/05\/VTT-Simon-Andreassen-champion-dEurope-du-XCC.png","keywords":["br\u00e8ve","Championnats d'Europe","VTT","VTT XCC"],"articleSection":["VTT"],"inLanguage":"fr-FR","potentialAction":[{"@type":"CommentAction","name":"Comment","target":["https:\/\/dicodusport.fr\/blog\/vtt-simon-andreassen-champion-deurope-du-xcc\/#respond"]}],"copyrightYear":"2024","copyrightHolder":{"@id":"https:\/\/dicodusport.fr\/blog\/#organization"}},{"@type":"WebPage","@id":"https:\/\/dicodusport.fr\/blog\/vtt-simon-andreassen-champion-deurope-du-xcc\/","url":"https:\/\/dicodusport.fr\/blog\/vtt-simon-andreassen-champion-deurope-du-xcc\/","name":"VTT : Simon Andreassen champion d'Europe du XCC","isPartOf":{"@id":"https:\/\/dicodusport.fr\/blog\/#website"},"primaryImageOfPage":{"@id":"https:\/\/dicodusport.fr\/blog\/vtt-simon-andreassen-champion-deurope-du-xcc\/#primaryimage"},"image":{"@id":"https:\/\/dicodusport.fr\/blog\/vtt-simon-andreassen-champion-deurope-du-xcc\/#primaryimage"},"thumbnailUrl":"https:\/\/dicodusport.fr\/blog\/wp-content\/uploads\/2024\/05\/VTT-Simon-Andreassen-champion-dEurope-du-XCC.png","datePublished":"2024-05-09T14:28:22+00:00","dateModified":"2024-05-09T19:09:00+00:00","description":"Simon Andreassen devient champion d'Europe XCC apr\u00e8s son large succ\u00e8s sur les pistes roumaines de Cheile Gr\u0103di\u0219tei.","breadcrumb":{"@id":"https:\/\/dicodusport.fr\/blog\/vtt-simon-andreassen-champion-deurope-du-xcc\/#breadcrumb"},"inLanguage":"fr-FR","potentialAction":[{"@type":"ReadAction","target":["https:\/\/dicodusport.fr\/blog\/vtt-simon-andreassen-champion-deurope-du-xcc\/"]}]},{"@type":"ImageObject","inLanguage":"fr-FR","@id":"https:\/\/dicodusport.fr\/blog\/vtt-simon-andreassen-champion-deurope-du-xcc\/#primaryimage","url":"https:\/\/dicodusport.fr\/blog\/wp-content\/uploads\/2024\/05\/VTT-Simon-Andreassen-champion-dEurope-du-XCC.png","contentUrl":"https:\/\/dicodusport.fr\/blog\/wp-content\/uploads\/2024\/05\/VTT-Simon-Andreassen-champion-dEurope-du-XCC.png","width":1200,"height":674,"caption":"VTT Simon Andreassen champion d'Europe du XCC"},{"@type":"BreadcrumbList","@id":"https:\/\/dicodusport.fr\/blog\/vtt-simon-andreassen-champion-deurope-du-xcc\/#breadcrumb","itemListElement":[{"@type":"ListItem","position":1,"name":"Accueil","item":"https:\/\/dicodusport.fr\/blog\/"},{"@type":"ListItem","position":2,"name":"VTT : Simon Andreassen champion d&rsquo;Europe du XCC"}]},{"@type":"WebSite","@id":"https:\/\/dicodusport.fr\/blog\/#website","url":"https:\/\/dicodusport.fr\/blog\/","name":"Dicodusport","description":"L&#039;encyclop\u00e9die de l&#039;actualit\u00e9 sportive","publisher":{"@id":"https:\/\/dicodusport.fr\/blog\/#organization"},"potentialAction":[{"@type":"SearchAction","target":{"@type":"EntryPoint","urlTemplate":"https:\/\/dicodusport.fr\/blog\/?s={search_term_string}"},"query-input":{"@type":"PropertyValueSpecification","valueRequired":true,"valueName":"search_term_string"}}],"inLanguage":"fr-FR"},{"@type":"NewsMediaOrganization","@id":"https:\/\/dicodusport.fr\/blog\/#organization","name":"Dicodusport","url":"https:\/\/dicodusport.fr\/blog\/","logo":{"@type":"ImageObject","inLanguage":"fr-FR","@id":"https:\/\/dicodusport.fr\/blog\/#\/schema\/logo\/image\/","url":"https:\/\/dicodusport.fr\/blog\/wp-content\/uploads\/2020\/06\/cropped-LOGO-DICODUSPORT-2020-SANS-FOND-SANS-TEXTE.png","contentUrl":"https:\/\/dicodusport.fr\/blog\/wp-content\/uploads\/2020\/06\/cropped-LOGO-DICODUSPORT-2020-SANS-FOND-SANS-TEXTE.png","width":512,"height":512,"caption":"Dicodusport"},"image":{"@id":"https:\/\/dicodusport.fr\/blog\/#\/schema\/logo\/image\/"},"sameAs":["https:\/\/www.facebook.com\/dicodusport","https:\/\/x.com\/dicodusport","https:\/\/www.instagram.com\/dicodusport\/","https:\/\/www.youtube.com\/channel\/UC7V2KZ5sd3htJivAbA4ZG3w"],"description":"Dicodusport est l'encyclop\u00e9die de l'actualit\u00e9 sportive.","email":"bonjour@dicodusport.fr","legalName":"DICODUSPORT","foundingDate":"2018-01-14","vatID":"FR71834470973","taxID":"83447097300043","numberOfEmployees":{"@type":"QuantitativeValue","minValue":"1","maxValue":"10"}},{"@type":"Person","@id":"https:\/\/dicodusport.fr\/blog\/#\/schema\/person\/0eaf70b33d703a1a66b1155ac1bda018","name":"Pierre Gorce","image":{"@type":"ImageObject","inLanguage":"fr-FR","@id":"https:\/\/dicodusport.fr\/blog\/#\/schema\/person\/image\/","url":"https:\/\/dicodusport.fr\/blog\/wp-content\/uploads\/2022\/03\/IMG_20211214_233053_722-150x150.jpg","contentUrl":"https:\/\/dicodusport.fr\/blog\/wp-content\/uploads\/2022\/03\/IMG_20211214_233053_722-150x150.jpg","caption":"Pierre Gorce"},"description":"Couteau suisse venant tout droit de Haute-Savoie. Habitu\u00e9 \u00e0 regarder du sport depuis petit, j'en ai maintenant fait mon m\u00e9tier. Des sports d'hiver au surf, en passant par le tennis, la F1, le handball et l'athl\u00e9tisme, j'essaie d'avoir mes yeux sur l'enti\u00e8ret\u00e9 de l'actualit\u00e9. Jeune homme berc\u00e9 par les exploits de Jean-Baptiste Grange, Sebastian Vettel et des Experts. Membre de la g\u00e9n\u00e9ration 1999 comme Luka Doncic, Sydney McLaughlin, Lando Norris et Loana Lecomte, mais avec beaucoup moins de talent qu'eux.","sameAs":["https:\/\/x.com\/https:\/\/twitter.com\/pierregorce12"],"birthDate":"1999-08-29","url":"https:\/\/dicodusport.fr\/blog\/author\/pierreg\/"}]}},"_links":{"self":[{"href":"https:\/\/dicodusport.fr\/blog\/wp-json\/wp\/v2\/posts\/484473","targetHints":{"allow":["GET"]}}],"collection":[{"href":"https:\/\/dicodusport.fr\/blog\/wp-json\/wp\/v2\/posts"}],"about":[{"href":"https:\/\/dicodusport.fr\/blog\/wp-json\/wp\/v2\/types\/post"}],"author":[{"embeddable":true,"href":"https:\/\/dicodusport.fr\/blog\/wp-json\/wp\/v2\/users\/61"}],"replies":[{"embeddable":true,"href":"https:\/\/dicodusport.fr\/blog\/wp-json\/wp\/v2\/comments?post=484473"}],"version-history":[{"count":3,"href":"https:\/\/dicodusport.fr\/blog\/wp-json\/wp\/v2\/posts\/484473\/revisions"}],"predecessor-version":[{"id":484478,"href":"https:\/\/dicodusport.fr\/blog\/wp-json\/wp\/v2\/posts\/484473\/revisions\/484478"}],"wp:featuredmedia":[{"embeddable":true,"href":"https:\/\/dicodusport.fr\/blog\/wp-json\/wp\/v2\/media\/484563"}],"wp:attachment":[{"href":"https:\/\/dicodusport.fr\/blog\/wp-json\/wp\/v2\/media?parent=484473"}],"wp:term":[{"taxonomy":"category","embeddable":true,"href":"https:\/\/dicodusport.fr\/blog\/wp-json\/wp\/v2\/categories?post=484473"},{"taxonomy":"post_tag","embeddable":true,"href":"https:\/\/dicodusport.fr\/blog\/wp-json\/wp\/v2\/tags?post=484473"}],"curies":[{"name":"wp","href":"https:\/\/api.w.org\/{rel}","templated":true}]}}