{"id":484610,"date":"2024-05-10T10:14:01","date_gmt":"2024-05-10T08:14:01","guid":{"rendered":"https:\/\/dicodusport.fr\/blog\/?p=484610&#038;preview=true&#038;preview_id=484610"},"modified":"2024-05-10T17:52:27","modified_gmt":"2024-05-10T15:52:27","slug":"transferts-ubb-yoram-moefana-a-tranche-pour-son-avenir","status":"publish","type":"post","link":"https:\/\/dicodusport.fr\/blog\/transferts-ubb-yoram-moefana-a-tranche-pour-son-avenir\/","title":{"rendered":"Transferts UBB : Yoram Moefana a tranch\u00e9 pour son avenir"},"content":{"rendered":"<p style=\"text-align: justify;\"><strong><em>TOP 14 2023-2024 &#8211; Selon le Midi Olympique, Yoram Moefana va prolonger son contrat avec l&rsquo;Union Bordeaux-B\u00e8gles pour plusieurs saisons.<\/em><\/strong><\/p>\n<p style=\"text-align: justify;\">Apr\u00e8s avoir r\u00e9alis\u00e9 un gros recrutement, l&rsquo;<strong>Union Bordeaux-B\u00e8gles<\/strong> travaille sur les prolongations, et notamment celles de ses cadres qui sont en fin de contrat en juin 2025. <strong>Matthieu<\/strong> <strong>Jalibert<\/strong> est le plus gros dossier et comme il l&rsquo;a confirm\u00e9 dans la presse, les discussions ont d\u00e9but\u00e9 autour d&rsquo;une \u00e9ventuelle prolongation en Gironde.<\/p>\n<ul style=\"text-align: justify;\">\n<li style=\"text-align: justify;\"><strong>\u00c0 ce sujet &#8211; <a href=\"https:\/\/dicodusport.fr\/blog\/transferts-ubb-pierre-bochaton-a-tranche-pour-son-avenir\/\" target=\"_blank\" rel=\"noopener\">Transferts UBB : Pierre Bochaton a tranch\u00e9 pour son avenir<\/a><\/strong><\/li>\n<\/ul>\n<h2 style=\"text-align: justify;\">2 ou 3 ans de prolongation pour Yoram Moefana ?<\/h2>\n<p style=\"text-align: justify;\">En attendant d&rsquo;avancer sur ce dossier prioritaire, <strong>Laurent<\/strong> <strong>Marti<\/strong> est en train de finaliser la prolongation d&rsquo;un autre international. <strong>Yoram<\/strong> <strong>Moefana<\/strong>, sous contrat espoirs jusqu&rsquo;en juin 2025 avec le club girondin, est en passe de prolonger son bail. Le centre de 23 ans, arriv\u00e9 en 2019 \u00e0 l&rsquo;UBB, est un \u00e9l\u00e9ment incontournable de la ligne de trois-quarts de <strong>Yannick<\/strong> <strong>Bru<\/strong>.<\/p>\n<p style=\"text-align: justify;\">Cette saison, il a pris part \u00e0 15 matchs avec son club dont 12 comme titulaire, pour deux essais inscrits. S&rsquo;il a si peu jou\u00e9 en club, c&rsquo;est qu&rsquo;il a aussi accumul\u00e9 12 feuilles de match avec le <strong>XV<\/strong> <strong>de<\/strong> <strong>France<\/strong>. Si la prolongation est act\u00e9e, la dur\u00e9e du futur contrat ne l&rsquo;est pas encore. <strong>Yoram<\/strong> <strong>Moefana<\/strong> va prolonger de deux ou trois ans avec son club.<\/p>\n<blockquote class=\"twitter-tweet\">\n<p dir=\"ltr\" lang=\"fr\">\u00ab\u00a0Faites vos jeux !\u00a0\u00bb en Une de votre Midi Olympique \ud83d\uddde\ufe0f<\/p>\n<p>\u00c0 lire sans attendre &gt; <a href=\"https:\/\/t.co\/ZoTSvPV6Yv\">https:\/\/t.co\/ZoTSvPV6Yv<\/a> <a href=\"https:\/\/t.co\/oMILaKJh3i\">pic.twitter.com\/oMILaKJh3i<\/a><\/p>\n<p>\u2014 RUGBYRAMA (@RugbyramaFR) <a href=\"https:\/\/twitter.com\/RugbyramaFR\/status\/1788613672358560085?ref_src=twsrc%5Etfw\">May 9, 2024<\/a><\/p><\/blockquote>\n<p style=\"text-align: justify;\"><script async src=\"https:\/\/platform.twitter.com\/widgets.js\" charset=\"utf-8\"><\/script><\/p>\n","protected":false},"excerpt":{"rendered":"<p>TOP 14 2023-2024 &#8211; Selon le Midi Olympique, Yoram Moefana va prolonger son contrat avec l&rsquo;Union Bordeaux-B\u00e8gles pour plusieurs saisons.<\/p>\n","protected":false},"author":1,"featured_media":484612,"comment_status":"open","ping_status":"closed","sticky":false,"template":"","format":"standard","meta":{"_acf_changed":false,"_daextam_enable_autolinks":"1","footnotes":""},"categories":[9129,47050],"tags":[16878,1567,21741],"class_list":["post-484610","post","type-post","status-publish","format-standard","has-post-thumbnail","hentry","category-rugby-a-xv","category-top-14","tag-breve","tag-ubb","tag-yoram-moefana"],"acf":[],"yoast_head":"<!-- This site is optimized with the Yoast SEO Premium plugin v26.7 (Yoast SEO v26.7) - https:\/\/yoast.com\/wordpress\/plugins\/seo\/ -->\n<title>Transferts UBB : Yoram Moefana a tranch\u00e9 pour son avenir<\/title>\n<meta name=\"description\" content=\"TOP 14 2023-2024 - Selon le Midi Olympique, Yoram Moefana va prolonger son contrat avec l&#039;Union Bordeaux-B\u00e8gles pour plusieurs saisons.\" \/>\n<meta name=\"robots\" content=\"index, follow, max-snippet:-1, max-image-preview:large, max-video-preview:-1\" \/>\n<link rel=\"canonical\" href=\"https:\/\/dicodusport.fr\/blog\/transferts-ubb-yoram-moefana-a-tranche-pour-son-avenir\/\" \/>\n<meta property=\"og:locale\" content=\"fr_FR\" \/>\n<meta property=\"og:type\" content=\"article\" \/>\n<meta property=\"og:title\" content=\"Transferts UBB : Yoram Moefana a tranch\u00e9 pour son avenir\" \/>\n<meta property=\"og:description\" content=\"TOP 14 2023-2024 - Selon le Midi Olympique, Yoram Moefana va prolonger son contrat avec l&#039;Union Bordeaux-B\u00e8gles pour plusieurs saisons.\" \/>\n<meta property=\"og:url\" content=\"https:\/\/dicodusport.fr\/blog\/transferts-ubb-yoram-moefana-a-tranche-pour-son-avenir\/\" \/>\n<meta property=\"og:site_name\" content=\"Dicodusport\" \/>\n<meta property=\"article:publisher\" content=\"https:\/\/www.facebook.com\/dicodusport\" \/>\n<meta property=\"article:author\" content=\"https:\/\/www.facebook.com\/dicodusport\" \/>\n<meta property=\"article:published_time\" content=\"2024-05-10T08:14:01+00:00\" \/>\n<meta property=\"article:modified_time\" content=\"2024-05-10T15:52:27+00:00\" \/>\n<meta property=\"og:image\" content=\"https:\/\/dicodusport.fr\/blog\/wp-content\/uploads\/2024\/05\/Transferts-UBB-Yoram-Moefana-a-tranche-pour-son-avenir.png\" \/>\n\t<meta property=\"og:image:width\" content=\"1200\" \/>\n\t<meta property=\"og:image:height\" content=\"674\" \/>\n\t<meta property=\"og:image:type\" content=\"image\/png\" \/>\n<meta name=\"author\" content=\"Nicolas Jacquemard\" \/>\n<meta name=\"twitter:card\" content=\"summary_large_image\" \/>\n<meta name=\"twitter:title\" content=\"Transferts UBB : Yoram Moefana a tranch\u00e9 pour son avenir\" \/>\n<meta name=\"twitter:creator\" content=\"@https:\/\/twitter.com\/Nico_Jacquemard\" \/>\n<meta name=\"twitter:site\" content=\"@dicodusport\" \/>\n<script type=\"application\/ld+json\" class=\"yoast-schema-graph\">{\"@context\":\"https:\/\/schema.org\",\"@graph\":[{\"@type\":\"NewsArticle\",\"@id\":\"https:\/\/dicodusport.fr\/blog\/transferts-ubb-yoram-moefana-a-tranche-pour-son-avenir\/#article\",\"isPartOf\":{\"@id\":\"https:\/\/dicodusport.fr\/blog\/transferts-ubb-yoram-moefana-a-tranche-pour-son-avenir\/\"},\"author\":{\"name\":\"Nicolas Jacquemard\",\"@id\":\"https:\/\/dicodusport.fr\/blog\/#\/schema\/person\/55dcb50ad410894e431ed812bbb70191\"},\"headline\":\"Transferts UBB : Yoram Moefana a tranch\u00e9 pour son avenir\",\"datePublished\":\"2024-05-10T08:14:01+00:00\",\"dateModified\":\"2024-05-10T15:52:27+00:00\",\"mainEntityOfPage\":{\"@id\":\"https:\/\/dicodusport.fr\/blog\/transferts-ubb-yoram-moefana-a-tranche-pour-son-avenir\/\"},\"wordCount\":263,\"commentCount\":0,\"publisher\":{\"@id\":\"https:\/\/dicodusport.fr\/blog\/#organization\"},\"image\":{\"@id\":\"https:\/\/dicodusport.fr\/blog\/transferts-ubb-yoram-moefana-a-tranche-pour-son-avenir\/#primaryimage\"},\"thumbnailUrl\":\"https:\/\/dicodusport.fr\/blog\/wp-content\/uploads\/2024\/05\/Transferts-UBB-Yoram-Moefana-a-tranche-pour-son-avenir.png\",\"keywords\":[\"br\u00e8ve\",\"UBB\",\"Yoram Moefana\"],\"articleSection\":[\"Rugby \u00e0 XV\",\"Top 14\"],\"inLanguage\":\"fr-FR\",\"potentialAction\":[{\"@type\":\"CommentAction\",\"name\":\"Comment\",\"target\":[\"https:\/\/dicodusport.fr\/blog\/transferts-ubb-yoram-moefana-a-tranche-pour-son-avenir\/#respond\"]}],\"copyrightYear\":\"2024\",\"copyrightHolder\":{\"@id\":\"https:\/\/dicodusport.fr\/blog\/#organization\"}},{\"@type\":\"WebPage\",\"@id\":\"https:\/\/dicodusport.fr\/blog\/transferts-ubb-yoram-moefana-a-tranche-pour-son-avenir\/\",\"url\":\"https:\/\/dicodusport.fr\/blog\/transferts-ubb-yoram-moefana-a-tranche-pour-son-avenir\/\",\"name\":\"Transferts UBB : Yoram Moefana a tranch\u00e9 pour son avenir\",\"isPartOf\":{\"@id\":\"https:\/\/dicodusport.fr\/blog\/#website\"},\"primaryImageOfPage\":{\"@id\":\"https:\/\/dicodusport.fr\/blog\/transferts-ubb-yoram-moefana-a-tranche-pour-son-avenir\/#primaryimage\"},\"image\":{\"@id\":\"https:\/\/dicodusport.fr\/blog\/transferts-ubb-yoram-moefana-a-tranche-pour-son-avenir\/#primaryimage\"},\"thumbnailUrl\":\"https:\/\/dicodusport.fr\/blog\/wp-content\/uploads\/2024\/05\/Transferts-UBB-Yoram-Moefana-a-tranche-pour-son-avenir.png\",\"datePublished\":\"2024-05-10T08:14:01+00:00\",\"dateModified\":\"2024-05-10T15:52:27+00:00\",\"description\":\"TOP 14 2023-2024 - Selon le Midi Olympique, Yoram Moefana va prolonger son contrat avec l'Union Bordeaux-B\u00e8gles pour plusieurs saisons.\",\"breadcrumb\":{\"@id\":\"https:\/\/dicodusport.fr\/blog\/transferts-ubb-yoram-moefana-a-tranche-pour-son-avenir\/#breadcrumb\"},\"inLanguage\":\"fr-FR\",\"potentialAction\":[{\"@type\":\"ReadAction\",\"target\":[\"https:\/\/dicodusport.fr\/blog\/transferts-ubb-yoram-moefana-a-tranche-pour-son-avenir\/\"]}]},{\"@type\":\"ImageObject\",\"inLanguage\":\"fr-FR\",\"@id\":\"https:\/\/dicodusport.fr\/blog\/transferts-ubb-yoram-moefana-a-tranche-pour-son-avenir\/#primaryimage\",\"url\":\"https:\/\/dicodusport.fr\/blog\/wp-content\/uploads\/2024\/05\/Transferts-UBB-Yoram-Moefana-a-tranche-pour-son-avenir.png\",\"contentUrl\":\"https:\/\/dicodusport.fr\/blog\/wp-content\/uploads\/2024\/05\/Transferts-UBB-Yoram-Moefana-a-tranche-pour-son-avenir.png\",\"width\":1200,\"height\":674},{\"@type\":\"BreadcrumbList\",\"@id\":\"https:\/\/dicodusport.fr\/blog\/transferts-ubb-yoram-moefana-a-tranche-pour-son-avenir\/#breadcrumb\",\"itemListElement\":[{\"@type\":\"ListItem\",\"position\":1,\"name\":\"Accueil\",\"item\":\"https:\/\/dicodusport.fr\/blog\/\"},{\"@type\":\"ListItem\",\"position\":2,\"name\":\"Transferts UBB : Yoram Moefana a tranch\u00e9 pour son avenir\"}]},{\"@type\":\"WebSite\",\"@id\":\"https:\/\/dicodusport.fr\/blog\/#website\",\"url\":\"https:\/\/dicodusport.fr\/blog\/\",\"name\":\"Dicodusport\",\"description\":\"L&#039;encyclop\u00e9die de l&#039;actualit\u00e9 sportive\",\"publisher\":{\"@id\":\"https:\/\/dicodusport.fr\/blog\/#organization\"},\"potentialAction\":[{\"@type\":\"SearchAction\",\"target\":{\"@type\":\"EntryPoint\",\"urlTemplate\":\"https:\/\/dicodusport.fr\/blog\/?s={search_term_string}\"},\"query-input\":{\"@type\":\"PropertyValueSpecification\",\"valueRequired\":true,\"valueName\":\"search_term_string\"}}],\"inLanguage\":\"fr-FR\"},{\"@type\":\"NewsMediaOrganization\",\"@id\":\"https:\/\/dicodusport.fr\/blog\/#organization\",\"name\":\"Dicodusport\",\"url\":\"https:\/\/dicodusport.fr\/blog\/\",\"logo\":{\"@type\":\"ImageObject\",\"inLanguage\":\"fr-FR\",\"@id\":\"https:\/\/dicodusport.fr\/blog\/#\/schema\/logo\/image\/\",\"url\":\"https:\/\/dicodusport.fr\/blog\/wp-content\/uploads\/2020\/06\/cropped-LOGO-DICODUSPORT-2020-SANS-FOND-SANS-TEXTE.png\",\"contentUrl\":\"https:\/\/dicodusport.fr\/blog\/wp-content\/uploads\/2020\/06\/cropped-LOGO-DICODUSPORT-2020-SANS-FOND-SANS-TEXTE.png\",\"width\":512,\"height\":512,\"caption\":\"Dicodusport\"},\"image\":{\"@id\":\"https:\/\/dicodusport.fr\/blog\/#\/schema\/logo\/image\/\"},\"sameAs\":[\"https:\/\/www.facebook.com\/dicodusport\",\"https:\/\/x.com\/dicodusport\",\"https:\/\/www.instagram.com\/dicodusport\/\",\"https:\/\/www.youtube.com\/channel\/UC7V2KZ5sd3htJivAbA4ZG3w\"],\"description\":\"Dicodusport est l'encyclop\u00e9die de l'actualit\u00e9 sportive.\",\"email\":\"bonjour@dicodusport.fr\",\"legalName\":\"DICODUSPORT\",\"foundingDate\":\"2018-01-14\",\"vatID\":\"FR71834470973\",\"taxID\":\"83447097300043\",\"numberOfEmployees\":{\"@type\":\"QuantitativeValue\",\"minValue\":\"1\",\"maxValue\":\"10\"}},{\"@type\":\"Person\",\"@id\":\"https:\/\/dicodusport.fr\/blog\/#\/schema\/person\/55dcb50ad410894e431ed812bbb70191\",\"name\":\"Nicolas Jacquemard\",\"image\":{\"@type\":\"ImageObject\",\"inLanguage\":\"fr-FR\",\"@id\":\"https:\/\/dicodusport.fr\/blog\/#\/schema\/person\/image\/\",\"url\":\"https:\/\/dicodusport.fr\/blog\/wp-content\/uploads\/2021\/05\/Nicolas-Jacquemard-150x150.jpeg\",\"contentUrl\":\"https:\/\/dicodusport.fr\/blog\/wp-content\/uploads\/2021\/05\/Nicolas-Jacquemard-150x150.jpeg\",\"caption\":\"Nicolas Jacquemard\"},\"description\":\"Passionn\u00e9 de sport et entrepreneur depuis mes 18 ans, la cr\u00e9ation de Dicodusport m'a sembl\u00e9 \u00e9vidente pour participer \u00e0 la m\u00e9diatisation d'un plus grand nombre de sports. Le chemin est long mais avec une \u00e9quipe des plus motiv\u00e9es et les Jeux Olympiques de Paris 2024 en point de mire, nous y arriverons ! Journaliste dans le monde du sport depuis plus de 5 ans, je traite aussi bien de football, de rugby, de biathlon que de cyclisme.\",\"sameAs\":[\"https:\/\/www.facebook.com\/dicodusport\",\"https:\/\/x.com\/https:\/\/twitter.com\/Nico_Jacquemard\"],\"url\":\"https:\/\/dicodusport.fr\/blog\/author\/dicodusport\/\"}]}<\/script>\n<!-- \/ Yoast SEO Premium plugin. -->","yoast_head_json":{"title":"Transferts UBB : Yoram Moefana a tranch\u00e9 pour son avenir","description":"TOP 14 2023-2024 - Selon le Midi Olympique, Yoram Moefana va prolonger son contrat avec l'Union Bordeaux-B\u00e8gles pour plusieurs saisons.","robots":{"index":"index","follow":"follow","max-snippet":"max-snippet:-1","max-image-preview":"max-image-preview:large","max-video-preview":"max-video-preview:-1"},"canonical":"https:\/\/dicodusport.fr\/blog\/transferts-ubb-yoram-moefana-a-tranche-pour-son-avenir\/","og_locale":"fr_FR","og_type":"article","og_title":"Transferts UBB : Yoram Moefana a tranch\u00e9 pour son avenir","og_description":"TOP 14 2023-2024 - Selon le Midi Olympique, Yoram Moefana va prolonger son contrat avec l'Union Bordeaux-B\u00e8gles pour plusieurs saisons.","og_url":"https:\/\/dicodusport.fr\/blog\/transferts-ubb-yoram-moefana-a-tranche-pour-son-avenir\/","og_site_name":"Dicodusport","article_publisher":"https:\/\/www.facebook.com\/dicodusport","article_author":"https:\/\/www.facebook.com\/dicodusport","article_published_time":"2024-05-10T08:14:01+00:00","article_modified_time":"2024-05-10T15:52:27+00:00","og_image":[{"width":1200,"height":674,"url":"https:\/\/dicodusport.fr\/blog\/wp-content\/uploads\/2024\/05\/Transferts-UBB-Yoram-Moefana-a-tranche-pour-son-avenir.png","type":"image\/png"}],"author":"Nicolas Jacquemard","twitter_card":"summary_large_image","twitter_title":"Transferts UBB : Yoram Moefana a tranch\u00e9 pour son avenir","twitter_creator":"@https:\/\/twitter.com\/Nico_Jacquemard","twitter_site":"@dicodusport","schema":{"@context":"https:\/\/schema.org","@graph":[{"@type":"NewsArticle","@id":"https:\/\/dicodusport.fr\/blog\/transferts-ubb-yoram-moefana-a-tranche-pour-son-avenir\/#article","isPartOf":{"@id":"https:\/\/dicodusport.fr\/blog\/transferts-ubb-yoram-moefana-a-tranche-pour-son-avenir\/"},"author":{"name":"Nicolas Jacquemard","@id":"https:\/\/dicodusport.fr\/blog\/#\/schema\/person\/55dcb50ad410894e431ed812bbb70191"},"headline":"Transferts UBB : Yoram Moefana a tranch\u00e9 pour son avenir","datePublished":"2024-05-10T08:14:01+00:00","dateModified":"2024-05-10T15:52:27+00:00","mainEntityOfPage":{"@id":"https:\/\/dicodusport.fr\/blog\/transferts-ubb-yoram-moefana-a-tranche-pour-son-avenir\/"},"wordCount":263,"commentCount":0,"publisher":{"@id":"https:\/\/dicodusport.fr\/blog\/#organization"},"image":{"@id":"https:\/\/dicodusport.fr\/blog\/transferts-ubb-yoram-moefana-a-tranche-pour-son-avenir\/#primaryimage"},"thumbnailUrl":"https:\/\/dicodusport.fr\/blog\/wp-content\/uploads\/2024\/05\/Transferts-UBB-Yoram-Moefana-a-tranche-pour-son-avenir.png","keywords":["br\u00e8ve","UBB","Yoram Moefana"],"articleSection":["Rugby \u00e0 XV","Top 14"],"inLanguage":"fr-FR","potentialAction":[{"@type":"CommentAction","name":"Comment","target":["https:\/\/dicodusport.fr\/blog\/transferts-ubb-yoram-moefana-a-tranche-pour-son-avenir\/#respond"]}],"copyrightYear":"2024","copyrightHolder":{"@id":"https:\/\/dicodusport.fr\/blog\/#organization"}},{"@type":"WebPage","@id":"https:\/\/dicodusport.fr\/blog\/transferts-ubb-yoram-moefana-a-tranche-pour-son-avenir\/","url":"https:\/\/dicodusport.fr\/blog\/transferts-ubb-yoram-moefana-a-tranche-pour-son-avenir\/","name":"Transferts UBB : Yoram Moefana a tranch\u00e9 pour son avenir","isPartOf":{"@id":"https:\/\/dicodusport.fr\/blog\/#website"},"primaryImageOfPage":{"@id":"https:\/\/dicodusport.fr\/blog\/transferts-ubb-yoram-moefana-a-tranche-pour-son-avenir\/#primaryimage"},"image":{"@id":"https:\/\/dicodusport.fr\/blog\/transferts-ubb-yoram-moefana-a-tranche-pour-son-avenir\/#primaryimage"},"thumbnailUrl":"https:\/\/dicodusport.fr\/blog\/wp-content\/uploads\/2024\/05\/Transferts-UBB-Yoram-Moefana-a-tranche-pour-son-avenir.png","datePublished":"2024-05-10T08:14:01+00:00","dateModified":"2024-05-10T15:52:27+00:00","description":"TOP 14 2023-2024 - Selon le Midi Olympique, Yoram Moefana va prolonger son contrat avec l'Union Bordeaux-B\u00e8gles pour plusieurs saisons.","breadcrumb":{"@id":"https:\/\/dicodusport.fr\/blog\/transferts-ubb-yoram-moefana-a-tranche-pour-son-avenir\/#breadcrumb"},"inLanguage":"fr-FR","potentialAction":[{"@type":"ReadAction","target":["https:\/\/dicodusport.fr\/blog\/transferts-ubb-yoram-moefana-a-tranche-pour-son-avenir\/"]}]},{"@type":"ImageObject","inLanguage":"fr-FR","@id":"https:\/\/dicodusport.fr\/blog\/transferts-ubb-yoram-moefana-a-tranche-pour-son-avenir\/#primaryimage","url":"https:\/\/dicodusport.fr\/blog\/wp-content\/uploads\/2024\/05\/Transferts-UBB-Yoram-Moefana-a-tranche-pour-son-avenir.png","contentUrl":"https:\/\/dicodusport.fr\/blog\/wp-content\/uploads\/2024\/05\/Transferts-UBB-Yoram-Moefana-a-tranche-pour-son-avenir.png","width":1200,"height":674},{"@type":"BreadcrumbList","@id":"https:\/\/dicodusport.fr\/blog\/transferts-ubb-yoram-moefana-a-tranche-pour-son-avenir\/#breadcrumb","itemListElement":[{"@type":"ListItem","position":1,"name":"Accueil","item":"https:\/\/dicodusport.fr\/blog\/"},{"@type":"ListItem","position":2,"name":"Transferts UBB : Yoram Moefana a tranch\u00e9 pour son avenir"}]},{"@type":"WebSite","@id":"https:\/\/dicodusport.fr\/blog\/#website","url":"https:\/\/dicodusport.fr\/blog\/","name":"Dicodusport","description":"L&#039;encyclop\u00e9die de l&#039;actualit\u00e9 sportive","publisher":{"@id":"https:\/\/dicodusport.fr\/blog\/#organization"},"potentialAction":[{"@type":"SearchAction","target":{"@type":"EntryPoint","urlTemplate":"https:\/\/dicodusport.fr\/blog\/?s={search_term_string}"},"query-input":{"@type":"PropertyValueSpecification","valueRequired":true,"valueName":"search_term_string"}}],"inLanguage":"fr-FR"},{"@type":"NewsMediaOrganization","@id":"https:\/\/dicodusport.fr\/blog\/#organization","name":"Dicodusport","url":"https:\/\/dicodusport.fr\/blog\/","logo":{"@type":"ImageObject","inLanguage":"fr-FR","@id":"https:\/\/dicodusport.fr\/blog\/#\/schema\/logo\/image\/","url":"https:\/\/dicodusport.fr\/blog\/wp-content\/uploads\/2020\/06\/cropped-LOGO-DICODUSPORT-2020-SANS-FOND-SANS-TEXTE.png","contentUrl":"https:\/\/dicodusport.fr\/blog\/wp-content\/uploads\/2020\/06\/cropped-LOGO-DICODUSPORT-2020-SANS-FOND-SANS-TEXTE.png","width":512,"height":512,"caption":"Dicodusport"},"image":{"@id":"https:\/\/dicodusport.fr\/blog\/#\/schema\/logo\/image\/"},"sameAs":["https:\/\/www.facebook.com\/dicodusport","https:\/\/x.com\/dicodusport","https:\/\/www.instagram.com\/dicodusport\/","https:\/\/www.youtube.com\/channel\/UC7V2KZ5sd3htJivAbA4ZG3w"],"description":"Dicodusport est l'encyclop\u00e9die de l'actualit\u00e9 sportive.","email":"bonjour@dicodusport.fr","legalName":"DICODUSPORT","foundingDate":"2018-01-14","vatID":"FR71834470973","taxID":"83447097300043","numberOfEmployees":{"@type":"QuantitativeValue","minValue":"1","maxValue":"10"}},{"@type":"Person","@id":"https:\/\/dicodusport.fr\/blog\/#\/schema\/person\/55dcb50ad410894e431ed812bbb70191","name":"Nicolas Jacquemard","image":{"@type":"ImageObject","inLanguage":"fr-FR","@id":"https:\/\/dicodusport.fr\/blog\/#\/schema\/person\/image\/","url":"https:\/\/dicodusport.fr\/blog\/wp-content\/uploads\/2021\/05\/Nicolas-Jacquemard-150x150.jpeg","contentUrl":"https:\/\/dicodusport.fr\/blog\/wp-content\/uploads\/2021\/05\/Nicolas-Jacquemard-150x150.jpeg","caption":"Nicolas Jacquemard"},"description":"Passionn\u00e9 de sport et entrepreneur depuis mes 18 ans, la cr\u00e9ation de Dicodusport m'a sembl\u00e9 \u00e9vidente pour participer \u00e0 la m\u00e9diatisation d'un plus grand nombre de sports. Le chemin est long mais avec une \u00e9quipe des plus motiv\u00e9es et les Jeux Olympiques de Paris 2024 en point de mire, nous y arriverons ! Journaliste dans le monde du sport depuis plus de 5 ans, je traite aussi bien de football, de rugby, de biathlon que de cyclisme.","sameAs":["https:\/\/www.facebook.com\/dicodusport","https:\/\/x.com\/https:\/\/twitter.com\/Nico_Jacquemard"],"url":"https:\/\/dicodusport.fr\/blog\/author\/dicodusport\/"}]}},"_links":{"self":[{"href":"https:\/\/dicodusport.fr\/blog\/wp-json\/wp\/v2\/posts\/484610","targetHints":{"allow":["GET"]}}],"collection":[{"href":"https:\/\/dicodusport.fr\/blog\/wp-json\/wp\/v2\/posts"}],"about":[{"href":"https:\/\/dicodusport.fr\/blog\/wp-json\/wp\/v2\/types\/post"}],"author":[{"embeddable":true,"href":"https:\/\/dicodusport.fr\/blog\/wp-json\/wp\/v2\/users\/1"}],"replies":[{"embeddable":true,"href":"https:\/\/dicodusport.fr\/blog\/wp-json\/wp\/v2\/comments?post=484610"}],"version-history":[{"count":4,"href":"https:\/\/dicodusport.fr\/blog\/wp-json\/wp\/v2\/posts\/484610\/revisions"}],"predecessor-version":[{"id":484769,"href":"https:\/\/dicodusport.fr\/blog\/wp-json\/wp\/v2\/posts\/484610\/revisions\/484769"}],"wp:featuredmedia":[{"embeddable":true,"href":"https:\/\/dicodusport.fr\/blog\/wp-json\/wp\/v2\/media\/484612"}],"wp:attachment":[{"href":"https:\/\/dicodusport.fr\/blog\/wp-json\/wp\/v2\/media?parent=484610"}],"wp:term":[{"taxonomy":"category","embeddable":true,"href":"https:\/\/dicodusport.fr\/blog\/wp-json\/wp\/v2\/categories?post=484610"},{"taxonomy":"post_tag","embeddable":true,"href":"https:\/\/dicodusport.fr\/blog\/wp-json\/wp\/v2\/tags?post=484610"}],"curies":[{"name":"wp","href":"https:\/\/api.w.org\/{rel}","templated":true}]}}