{"id":484676,"date":"2024-05-10T15:07:57","date_gmt":"2024-05-10T13:07:57","guid":{"rendered":"https:\/\/dicodusport.fr\/blog\/?p=484676&#038;preview=true&#038;preview_id=484676"},"modified":"2024-05-10T19:02:45","modified_gmt":"2024-05-10T17:02:45","slug":"vtt-la-france-vice-championne-deurope-du-relais-mixte","status":"publish","type":"post","link":"https:\/\/dicodusport.fr\/blog\/vtt-la-france-vice-championne-deurope-du-relais-mixte\/","title":{"rendered":"VTT : La France vice-championne d&rsquo;Europe du relais mixte"},"content":{"rendered":"<p style=\"text-align: justify;\"><strong><em>CHAMPIONNATS D&rsquo;EUROPE DE VTT 2024 &#8211; Apr\u00e8s une belle bataille face \u00e0 l&rsquo;Italie, les Bleus ont finalement d\u00fb renoncer \u00e0 l&rsquo;or, mais raflent quand m\u00eame une belle deuxi\u00e8me place.<\/em><\/strong><\/p>\n<p style=\"text-align: justify;\">Avec une \u00e9quipe mixte, et sans <strong>Pauline Ferrand-Pr\u00e9vot<\/strong>, <a href=\"https:\/\/dicodusport.fr\/blog\/vtt-pauline-ferrand-prevot-sacree-championne-deurope-du-xcc\/\">sacr\u00e9e sur le XCC la veille<\/a>, l&rsquo;\u00e9quipe de France ne figurait pas parmi les favorites du relais mixte. <strong>Yannis Musy, Nicolas Kalanquin, Olivia Onesti, Tatiana Tournout, Ana\u00efs Moulin<\/strong> et<strong> Titouan Carod<\/strong> ne semblaient pas en mesure de rivaliser avec les favoris italiens, suisses ou danois.<\/p>\n<h2 style=\"text-align: justify;\">Carod \u00e9choue de peu<\/h2>\n<p style=\"text-align: justify;\">Mais cela ne veut pas dire qu&rsquo;ils n&rsquo;avaient pas le droit d&rsquo;essayer. Mis en orbite pas <strong>Musy<\/strong> qui a pass\u00e9 le relais premier ex\u00e6quo, les Bleus ont pris place dans le trio de t\u00eate et ne l&rsquo;ont jamais quitt\u00e9. Deuxi\u00e8mes \u00e0 tous les passages de t\u00e9moin, les Fran\u00e7ais ont repouss\u00e9 les assauts suisses et scandinaves avant que <strong>Titouan Carod<\/strong> ne se lance \u00e0 la poursuite de <strong>Mattia Stenico<\/strong> pour tenter d&rsquo;arracher la m\u00e9daille d&rsquo;or.<\/p>\n<p style=\"text-align: justify;\">Une bataille farouche qui leur a valu de passer au coude-\u00e0-coude aux deux checkpoints de la boucle. Mais le Transalpin a finalement arrach\u00e9 la d\u00e9cision et mis KO le Tricolore dans les derniers hectom\u00e8tres pour rafler la mise. M\u00e9daille d&rsquo;argent donc pour les Bleus, la premi\u00e8re depuis 2020 dans cette discipline. Assez inattendue, mais repr\u00e9sentative de la densit\u00e9 de la France dans cette discipline. Place aux XCO dans les six cat\u00e9gories ce weekend, avec de belles chances de m\u00e9daille.<\/p>\n<blockquote class=\"twitter-tweet\">\n<p dir=\"ltr\" lang=\"en\"><a href=\"https:\/\/twitter.com\/hashtag\/EuroMTB24?src=hash&amp;ref_src=twsrc%5Etfw\">#EuroMTB24<\/a> &#8211; Team Relay<\/p>\n<p>1 Italy<br \/>\n2 France<br \/>\n3 Switzerland<\/p>\n<p>\u2014 UEC_cycling (@UEC_cycling) <a href=\"https:\/\/twitter.com\/UEC_cycling\/status\/1788917637268811849?ref_src=twsrc%5Etfw\">May 10, 2024<\/a><\/p><\/blockquote>\n<p><script async src=\"https:\/\/platform.twitter.com\/widgets.js\" charset=\"utf-8\"><\/script><\/p>\n","protected":false},"excerpt":{"rendered":"<p>CHAMPIONNATS D&rsquo;EUROPE DE VTT 2024 &#8211; Apr\u00e8s une belle bataille face \u00e0 l&rsquo;Italie, les Bleus ont finalement d\u00fb renoncer \u00e0 l&rsquo;or, mais raflent quand m\u00eame une belle deuxi\u00e8me place.<\/p>\n","protected":false},"author":59,"featured_media":484764,"comment_status":"open","ping_status":"closed","sticky":false,"template":"","format":"standard","meta":{"_acf_changed":false,"_daextam_enable_autolinks":"1","footnotes":""},"categories":[10279],"tags":[16878,692],"class_list":["post-484676","post","type-post","status-publish","format-standard","has-post-thumbnail","hentry","category-vtt","tag-breve","tag-vtt"],"acf":[],"yoast_head":"<!-- This site is optimized with the Yoast SEO Premium plugin v26.7 (Yoast SEO v26.7) - https:\/\/yoast.com\/wordpress\/plugins\/seo\/ -->\n<title>VTT : La France vice-championne d&#039;Europe du relais mixte<\/title>\n<meta name=\"description\" content=\"CHAMPIONNATS D&#039;EUROPE DE VTT 2024 - Les Bleus ont finalement d\u00fb renoncer \u00e0 l&#039;or, mais raflent quand m\u00eame une belle deuxi\u00e8me place.\" \/>\n<meta name=\"robots\" content=\"index, follow, max-snippet:-1, max-image-preview:large, max-video-preview:-1\" \/>\n<link rel=\"canonical\" href=\"https:\/\/dicodusport.fr\/blog\/vtt-la-france-vice-championne-deurope-du-relais-mixte\/\" \/>\n<meta property=\"og:locale\" content=\"fr_FR\" \/>\n<meta property=\"og:type\" content=\"article\" \/>\n<meta property=\"og:title\" content=\"VTT : La France vice-championne d&#039;Europe du relais mixte\" \/>\n<meta property=\"og:description\" content=\"CHAMPIONNATS D&#039;EUROPE DE VTT 2024 - Les Bleus ont finalement d\u00fb renoncer \u00e0 l&#039;or, mais raflent quand m\u00eame une belle deuxi\u00e8me place.\" \/>\n<meta property=\"og:url\" content=\"https:\/\/dicodusport.fr\/blog\/vtt-la-france-vice-championne-deurope-du-relais-mixte\/\" \/>\n<meta property=\"og:site_name\" content=\"Dicodusport\" \/>\n<meta property=\"article:publisher\" content=\"https:\/\/www.facebook.com\/dicodusport\" \/>\n<meta property=\"article:author\" content=\"https:\/\/www.facebook.com\/sebastien.gente\/\" \/>\n<meta property=\"article:published_time\" content=\"2024-05-10T13:07:57+00:00\" \/>\n<meta property=\"article:modified_time\" content=\"2024-05-10T17:02:45+00:00\" \/>\n<meta property=\"og:image\" content=\"https:\/\/dicodusport.fr\/blog\/wp-content\/uploads\/2024\/05\/VTT-La-France-vice-championne-dEurope-du-relais-mixte-1.png\" \/>\n\t<meta property=\"og:image:width\" content=\"1200\" \/>\n\t<meta property=\"og:image:height\" content=\"674\" \/>\n\t<meta property=\"og:image:type\" content=\"image\/png\" \/>\n<meta name=\"author\" content=\"S\u00e9bastien Gente\" \/>\n<meta name=\"twitter:card\" content=\"summary_large_image\" \/>\n<meta name=\"twitter:title\" content=\"VTT : La France vice-championne d&#039;Europe du relais mixte\" \/>\n<meta name=\"twitter:creator\" content=\"@https:\/\/twitter.com\/globulo24\" \/>\n<meta name=\"twitter:site\" content=\"@dicodusport\" \/>\n<script type=\"application\/ld+json\" class=\"yoast-schema-graph\">{\"@context\":\"https:\/\/schema.org\",\"@graph\":[{\"@type\":\"NewsArticle\",\"@id\":\"https:\/\/dicodusport.fr\/blog\/vtt-la-france-vice-championne-deurope-du-relais-mixte\/#article\",\"isPartOf\":{\"@id\":\"https:\/\/dicodusport.fr\/blog\/vtt-la-france-vice-championne-deurope-du-relais-mixte\/\"},\"author\":{\"name\":\"S\u00e9bastien Gente\",\"@id\":\"https:\/\/dicodusport.fr\/blog\/#\/schema\/person\/627966a6cde45dbd8c5e36ac85d783da\"},\"headline\":\"VTT : La France vice-championne d&rsquo;Europe du relais mixte\",\"datePublished\":\"2024-05-10T13:07:57+00:00\",\"dateModified\":\"2024-05-10T17:02:45+00:00\",\"mainEntityOfPage\":{\"@id\":\"https:\/\/dicodusport.fr\/blog\/vtt-la-france-vice-championne-deurope-du-relais-mixte\/\"},\"wordCount\":285,\"commentCount\":0,\"publisher\":{\"@id\":\"https:\/\/dicodusport.fr\/blog\/#organization\"},\"image\":{\"@id\":\"https:\/\/dicodusport.fr\/blog\/vtt-la-france-vice-championne-deurope-du-relais-mixte\/#primaryimage\"},\"thumbnailUrl\":\"https:\/\/dicodusport.fr\/blog\/wp-content\/uploads\/2024\/05\/VTT-La-France-vice-championne-dEurope-du-relais-mixte-1.png\",\"keywords\":[\"br\u00e8ve\",\"VTT\"],\"articleSection\":[\"VTT\"],\"inLanguage\":\"fr-FR\",\"potentialAction\":[{\"@type\":\"CommentAction\",\"name\":\"Comment\",\"target\":[\"https:\/\/dicodusport.fr\/blog\/vtt-la-france-vice-championne-deurope-du-relais-mixte\/#respond\"]}],\"copyrightYear\":\"2024\",\"copyrightHolder\":{\"@id\":\"https:\/\/dicodusport.fr\/blog\/#organization\"}},{\"@type\":\"WebPage\",\"@id\":\"https:\/\/dicodusport.fr\/blog\/vtt-la-france-vice-championne-deurope-du-relais-mixte\/\",\"url\":\"https:\/\/dicodusport.fr\/blog\/vtt-la-france-vice-championne-deurope-du-relais-mixte\/\",\"name\":\"VTT : La France vice-championne d'Europe du relais mixte\",\"isPartOf\":{\"@id\":\"https:\/\/dicodusport.fr\/blog\/#website\"},\"primaryImageOfPage\":{\"@id\":\"https:\/\/dicodusport.fr\/blog\/vtt-la-france-vice-championne-deurope-du-relais-mixte\/#primaryimage\"},\"image\":{\"@id\":\"https:\/\/dicodusport.fr\/blog\/vtt-la-france-vice-championne-deurope-du-relais-mixte\/#primaryimage\"},\"thumbnailUrl\":\"https:\/\/dicodusport.fr\/blog\/wp-content\/uploads\/2024\/05\/VTT-La-France-vice-championne-dEurope-du-relais-mixte-1.png\",\"datePublished\":\"2024-05-10T13:07:57+00:00\",\"dateModified\":\"2024-05-10T17:02:45+00:00\",\"description\":\"CHAMPIONNATS D'EUROPE DE VTT 2024 - Les Bleus ont finalement d\u00fb renoncer \u00e0 l'or, mais raflent quand m\u00eame une belle deuxi\u00e8me place.\",\"breadcrumb\":{\"@id\":\"https:\/\/dicodusport.fr\/blog\/vtt-la-france-vice-championne-deurope-du-relais-mixte\/#breadcrumb\"},\"inLanguage\":\"fr-FR\",\"potentialAction\":[{\"@type\":\"ReadAction\",\"target\":[\"https:\/\/dicodusport.fr\/blog\/vtt-la-france-vice-championne-deurope-du-relais-mixte\/\"]}]},{\"@type\":\"ImageObject\",\"inLanguage\":\"fr-FR\",\"@id\":\"https:\/\/dicodusport.fr\/blog\/vtt-la-france-vice-championne-deurope-du-relais-mixte\/#primaryimage\",\"url\":\"https:\/\/dicodusport.fr\/blog\/wp-content\/uploads\/2024\/05\/VTT-La-France-vice-championne-dEurope-du-relais-mixte-1.png\",\"contentUrl\":\"https:\/\/dicodusport.fr\/blog\/wp-content\/uploads\/2024\/05\/VTT-La-France-vice-championne-dEurope-du-relais-mixte-1.png\",\"width\":1200,\"height\":674,\"caption\":\"VTT La France vice-championne d'Europe du relais mixte\"},{\"@type\":\"BreadcrumbList\",\"@id\":\"https:\/\/dicodusport.fr\/blog\/vtt-la-france-vice-championne-deurope-du-relais-mixte\/#breadcrumb\",\"itemListElement\":[{\"@type\":\"ListItem\",\"position\":1,\"name\":\"Accueil\",\"item\":\"https:\/\/dicodusport.fr\/blog\/\"},{\"@type\":\"ListItem\",\"position\":2,\"name\":\"VTT : La France vice-championne d&rsquo;Europe du relais mixte\"}]},{\"@type\":\"WebSite\",\"@id\":\"https:\/\/dicodusport.fr\/blog\/#website\",\"url\":\"https:\/\/dicodusport.fr\/blog\/\",\"name\":\"Dicodusport\",\"description\":\"L&#039;encyclop\u00e9die de l&#039;actualit\u00e9 sportive\",\"publisher\":{\"@id\":\"https:\/\/dicodusport.fr\/blog\/#organization\"},\"potentialAction\":[{\"@type\":\"SearchAction\",\"target\":{\"@type\":\"EntryPoint\",\"urlTemplate\":\"https:\/\/dicodusport.fr\/blog\/?s={search_term_string}\"},\"query-input\":{\"@type\":\"PropertyValueSpecification\",\"valueRequired\":true,\"valueName\":\"search_term_string\"}}],\"inLanguage\":\"fr-FR\"},{\"@type\":\"NewsMediaOrganization\",\"@id\":\"https:\/\/dicodusport.fr\/blog\/#organization\",\"name\":\"Dicodusport\",\"url\":\"https:\/\/dicodusport.fr\/blog\/\",\"logo\":{\"@type\":\"ImageObject\",\"inLanguage\":\"fr-FR\",\"@id\":\"https:\/\/dicodusport.fr\/blog\/#\/schema\/logo\/image\/\",\"url\":\"https:\/\/dicodusport.fr\/blog\/wp-content\/uploads\/2020\/06\/cropped-LOGO-DICODUSPORT-2020-SANS-FOND-SANS-TEXTE.png\",\"contentUrl\":\"https:\/\/dicodusport.fr\/blog\/wp-content\/uploads\/2020\/06\/cropped-LOGO-DICODUSPORT-2020-SANS-FOND-SANS-TEXTE.png\",\"width\":512,\"height\":512,\"caption\":\"Dicodusport\"},\"image\":{\"@id\":\"https:\/\/dicodusport.fr\/blog\/#\/schema\/logo\/image\/\"},\"sameAs\":[\"https:\/\/www.facebook.com\/dicodusport\",\"https:\/\/x.com\/dicodusport\",\"https:\/\/www.instagram.com\/dicodusport\/\",\"https:\/\/www.youtube.com\/channel\/UC7V2KZ5sd3htJivAbA4ZG3w\"],\"description\":\"Dicodusport est l'encyclop\u00e9die de l'actualit\u00e9 sportive.\",\"email\":\"bonjour@dicodusport.fr\",\"legalName\":\"DICODUSPORT\",\"foundingDate\":\"2018-01-14\",\"vatID\":\"FR71834470973\",\"taxID\":\"83447097300043\",\"numberOfEmployees\":{\"@type\":\"QuantitativeValue\",\"minValue\":\"1\",\"maxValue\":\"10\"}},{\"@type\":\"Person\",\"@id\":\"https:\/\/dicodusport.fr\/blog\/#\/schema\/person\/627966a6cde45dbd8c5e36ac85d783da\",\"name\":\"S\u00e9bastien Gente\",\"image\":{\"@type\":\"ImageObject\",\"inLanguage\":\"fr-FR\",\"@id\":\"https:\/\/dicodusport.fr\/blog\/#\/schema\/person\/image\/\",\"url\":\"https:\/\/dicodusport.fr\/blog\/wp-content\/uploads\/2021\/09\/1510990_10205810251400683_4124423575079401707_n-150x150.jpg\",\"contentUrl\":\"https:\/\/dicodusport.fr\/blog\/wp-content\/uploads\/2021\/09\/1510990_10205810251400683_4124423575079401707_n-150x150.jpg\",\"caption\":\"S\u00e9bastien Gente\"},\"description\":\"John Stockton, Gianni Bugno, Zinedine Zidane, Steffi Graf, Frode Andresen, St\u00e9phane Stoecklin, Davis Kamoga, Primoz Peterka, Werner Schlager et Aur\u00e9lien Rougerie. Point commun entre ces sportifs? Ils m'ont fait r\u00eaver et ont berc\u00e9 mon adolescence. Je suis un fondu de sports et j'essaie de retranscrire ma passion \u00e0 travers mes articles. Originaire du P\u00e9rigord, ma passion pour les Girondins, les Jaunards et les Jazzmen transpire dans mes \u00e9crits. \u00c0 Dicodusport depuis 2021, je d\u00e9niche les sports m\u00e9connus dans lesquels la France brille, et il y en a !\",\"sameAs\":[\"https:\/\/www.facebook.com\/sebastien.gente\/\",\"https:\/\/www.instagram.com\/sebgente\/\",\"https:\/\/www.linkedin.com\/in\/sbastien-gente-a29583169\/\",\"https:\/\/x.com\/https:\/\/twitter.com\/globulo24\",\"SebastienGente\"],\"worksFor\":\"S\u00e9bastien GENTE\",\"url\":\"https:\/\/dicodusport.fr\/blog\/author\/sebastiengente\/\"}]}<\/script>\n<!-- \/ Yoast SEO Premium plugin. -->","yoast_head_json":{"title":"VTT : La France vice-championne d'Europe du relais mixte","description":"CHAMPIONNATS D'EUROPE DE VTT 2024 - Les Bleus ont finalement d\u00fb renoncer \u00e0 l'or, mais raflent quand m\u00eame une belle deuxi\u00e8me place.","robots":{"index":"index","follow":"follow","max-snippet":"max-snippet:-1","max-image-preview":"max-image-preview:large","max-video-preview":"max-video-preview:-1"},"canonical":"https:\/\/dicodusport.fr\/blog\/vtt-la-france-vice-championne-deurope-du-relais-mixte\/","og_locale":"fr_FR","og_type":"article","og_title":"VTT : La France vice-championne d'Europe du relais mixte","og_description":"CHAMPIONNATS D'EUROPE DE VTT 2024 - Les Bleus ont finalement d\u00fb renoncer \u00e0 l'or, mais raflent quand m\u00eame une belle deuxi\u00e8me place.","og_url":"https:\/\/dicodusport.fr\/blog\/vtt-la-france-vice-championne-deurope-du-relais-mixte\/","og_site_name":"Dicodusport","article_publisher":"https:\/\/www.facebook.com\/dicodusport","article_author":"https:\/\/www.facebook.com\/sebastien.gente\/","article_published_time":"2024-05-10T13:07:57+00:00","article_modified_time":"2024-05-10T17:02:45+00:00","og_image":[{"width":1200,"height":674,"url":"https:\/\/dicodusport.fr\/blog\/wp-content\/uploads\/2024\/05\/VTT-La-France-vice-championne-dEurope-du-relais-mixte-1.png","type":"image\/png"}],"author":"S\u00e9bastien Gente","twitter_card":"summary_large_image","twitter_title":"VTT : La France vice-championne d'Europe du relais mixte","twitter_creator":"@https:\/\/twitter.com\/globulo24","twitter_site":"@dicodusport","schema":{"@context":"https:\/\/schema.org","@graph":[{"@type":"NewsArticle","@id":"https:\/\/dicodusport.fr\/blog\/vtt-la-france-vice-championne-deurope-du-relais-mixte\/#article","isPartOf":{"@id":"https:\/\/dicodusport.fr\/blog\/vtt-la-france-vice-championne-deurope-du-relais-mixte\/"},"author":{"name":"S\u00e9bastien Gente","@id":"https:\/\/dicodusport.fr\/blog\/#\/schema\/person\/627966a6cde45dbd8c5e36ac85d783da"},"headline":"VTT : La France vice-championne d&rsquo;Europe du relais mixte","datePublished":"2024-05-10T13:07:57+00:00","dateModified":"2024-05-10T17:02:45+00:00","mainEntityOfPage":{"@id":"https:\/\/dicodusport.fr\/blog\/vtt-la-france-vice-championne-deurope-du-relais-mixte\/"},"wordCount":285,"commentCount":0,"publisher":{"@id":"https:\/\/dicodusport.fr\/blog\/#organization"},"image":{"@id":"https:\/\/dicodusport.fr\/blog\/vtt-la-france-vice-championne-deurope-du-relais-mixte\/#primaryimage"},"thumbnailUrl":"https:\/\/dicodusport.fr\/blog\/wp-content\/uploads\/2024\/05\/VTT-La-France-vice-championne-dEurope-du-relais-mixte-1.png","keywords":["br\u00e8ve","VTT"],"articleSection":["VTT"],"inLanguage":"fr-FR","potentialAction":[{"@type":"CommentAction","name":"Comment","target":["https:\/\/dicodusport.fr\/blog\/vtt-la-france-vice-championne-deurope-du-relais-mixte\/#respond"]}],"copyrightYear":"2024","copyrightHolder":{"@id":"https:\/\/dicodusport.fr\/blog\/#organization"}},{"@type":"WebPage","@id":"https:\/\/dicodusport.fr\/blog\/vtt-la-france-vice-championne-deurope-du-relais-mixte\/","url":"https:\/\/dicodusport.fr\/blog\/vtt-la-france-vice-championne-deurope-du-relais-mixte\/","name":"VTT : La France vice-championne d'Europe du relais mixte","isPartOf":{"@id":"https:\/\/dicodusport.fr\/blog\/#website"},"primaryImageOfPage":{"@id":"https:\/\/dicodusport.fr\/blog\/vtt-la-france-vice-championne-deurope-du-relais-mixte\/#primaryimage"},"image":{"@id":"https:\/\/dicodusport.fr\/blog\/vtt-la-france-vice-championne-deurope-du-relais-mixte\/#primaryimage"},"thumbnailUrl":"https:\/\/dicodusport.fr\/blog\/wp-content\/uploads\/2024\/05\/VTT-La-France-vice-championne-dEurope-du-relais-mixte-1.png","datePublished":"2024-05-10T13:07:57+00:00","dateModified":"2024-05-10T17:02:45+00:00","description":"CHAMPIONNATS D'EUROPE DE VTT 2024 - Les Bleus ont finalement d\u00fb renoncer \u00e0 l'or, mais raflent quand m\u00eame une belle deuxi\u00e8me place.","breadcrumb":{"@id":"https:\/\/dicodusport.fr\/blog\/vtt-la-france-vice-championne-deurope-du-relais-mixte\/#breadcrumb"},"inLanguage":"fr-FR","potentialAction":[{"@type":"ReadAction","target":["https:\/\/dicodusport.fr\/blog\/vtt-la-france-vice-championne-deurope-du-relais-mixte\/"]}]},{"@type":"ImageObject","inLanguage":"fr-FR","@id":"https:\/\/dicodusport.fr\/blog\/vtt-la-france-vice-championne-deurope-du-relais-mixte\/#primaryimage","url":"https:\/\/dicodusport.fr\/blog\/wp-content\/uploads\/2024\/05\/VTT-La-France-vice-championne-dEurope-du-relais-mixte-1.png","contentUrl":"https:\/\/dicodusport.fr\/blog\/wp-content\/uploads\/2024\/05\/VTT-La-France-vice-championne-dEurope-du-relais-mixte-1.png","width":1200,"height":674,"caption":"VTT La France vice-championne d'Europe du relais mixte"},{"@type":"BreadcrumbList","@id":"https:\/\/dicodusport.fr\/blog\/vtt-la-france-vice-championne-deurope-du-relais-mixte\/#breadcrumb","itemListElement":[{"@type":"ListItem","position":1,"name":"Accueil","item":"https:\/\/dicodusport.fr\/blog\/"},{"@type":"ListItem","position":2,"name":"VTT : La France vice-championne d&rsquo;Europe du relais mixte"}]},{"@type":"WebSite","@id":"https:\/\/dicodusport.fr\/blog\/#website","url":"https:\/\/dicodusport.fr\/blog\/","name":"Dicodusport","description":"L&#039;encyclop\u00e9die de l&#039;actualit\u00e9 sportive","publisher":{"@id":"https:\/\/dicodusport.fr\/blog\/#organization"},"potentialAction":[{"@type":"SearchAction","target":{"@type":"EntryPoint","urlTemplate":"https:\/\/dicodusport.fr\/blog\/?s={search_term_string}"},"query-input":{"@type":"PropertyValueSpecification","valueRequired":true,"valueName":"search_term_string"}}],"inLanguage":"fr-FR"},{"@type":"NewsMediaOrganization","@id":"https:\/\/dicodusport.fr\/blog\/#organization","name":"Dicodusport","url":"https:\/\/dicodusport.fr\/blog\/","logo":{"@type":"ImageObject","inLanguage":"fr-FR","@id":"https:\/\/dicodusport.fr\/blog\/#\/schema\/logo\/image\/","url":"https:\/\/dicodusport.fr\/blog\/wp-content\/uploads\/2020\/06\/cropped-LOGO-DICODUSPORT-2020-SANS-FOND-SANS-TEXTE.png","contentUrl":"https:\/\/dicodusport.fr\/blog\/wp-content\/uploads\/2020\/06\/cropped-LOGO-DICODUSPORT-2020-SANS-FOND-SANS-TEXTE.png","width":512,"height":512,"caption":"Dicodusport"},"image":{"@id":"https:\/\/dicodusport.fr\/blog\/#\/schema\/logo\/image\/"},"sameAs":["https:\/\/www.facebook.com\/dicodusport","https:\/\/x.com\/dicodusport","https:\/\/www.instagram.com\/dicodusport\/","https:\/\/www.youtube.com\/channel\/UC7V2KZ5sd3htJivAbA4ZG3w"],"description":"Dicodusport est l'encyclop\u00e9die de l'actualit\u00e9 sportive.","email":"bonjour@dicodusport.fr","legalName":"DICODUSPORT","foundingDate":"2018-01-14","vatID":"FR71834470973","taxID":"83447097300043","numberOfEmployees":{"@type":"QuantitativeValue","minValue":"1","maxValue":"10"}},{"@type":"Person","@id":"https:\/\/dicodusport.fr\/blog\/#\/schema\/person\/627966a6cde45dbd8c5e36ac85d783da","name":"S\u00e9bastien Gente","image":{"@type":"ImageObject","inLanguage":"fr-FR","@id":"https:\/\/dicodusport.fr\/blog\/#\/schema\/person\/image\/","url":"https:\/\/dicodusport.fr\/blog\/wp-content\/uploads\/2021\/09\/1510990_10205810251400683_4124423575079401707_n-150x150.jpg","contentUrl":"https:\/\/dicodusport.fr\/blog\/wp-content\/uploads\/2021\/09\/1510990_10205810251400683_4124423575079401707_n-150x150.jpg","caption":"S\u00e9bastien Gente"},"description":"John Stockton, Gianni Bugno, Zinedine Zidane, Steffi Graf, Frode Andresen, St\u00e9phane Stoecklin, Davis Kamoga, Primoz Peterka, Werner Schlager et Aur\u00e9lien Rougerie. Point commun entre ces sportifs? Ils m'ont fait r\u00eaver et ont berc\u00e9 mon adolescence. Je suis un fondu de sports et j'essaie de retranscrire ma passion \u00e0 travers mes articles. Originaire du P\u00e9rigord, ma passion pour les Girondins, les Jaunards et les Jazzmen transpire dans mes \u00e9crits. \u00c0 Dicodusport depuis 2021, je d\u00e9niche les sports m\u00e9connus dans lesquels la France brille, et il y en a !","sameAs":["https:\/\/www.facebook.com\/sebastien.gente\/","https:\/\/www.instagram.com\/sebgente\/","https:\/\/www.linkedin.com\/in\/sbastien-gente-a29583169\/","https:\/\/x.com\/https:\/\/twitter.com\/globulo24","SebastienGente"],"worksFor":"S\u00e9bastien GENTE","url":"https:\/\/dicodusport.fr\/blog\/author\/sebastiengente\/"}]}},"_links":{"self":[{"href":"https:\/\/dicodusport.fr\/blog\/wp-json\/wp\/v2\/posts\/484676","targetHints":{"allow":["GET"]}}],"collection":[{"href":"https:\/\/dicodusport.fr\/blog\/wp-json\/wp\/v2\/posts"}],"about":[{"href":"https:\/\/dicodusport.fr\/blog\/wp-json\/wp\/v2\/types\/post"}],"author":[{"embeddable":true,"href":"https:\/\/dicodusport.fr\/blog\/wp-json\/wp\/v2\/users\/59"}],"replies":[{"embeddable":true,"href":"https:\/\/dicodusport.fr\/blog\/wp-json\/wp\/v2\/comments?post=484676"}],"version-history":[{"count":3,"href":"https:\/\/dicodusport.fr\/blog\/wp-json\/wp\/v2\/posts\/484676\/revisions"}],"predecessor-version":[{"id":484798,"href":"https:\/\/dicodusport.fr\/blog\/wp-json\/wp\/v2\/posts\/484676\/revisions\/484798"}],"wp:featuredmedia":[{"embeddable":true,"href":"https:\/\/dicodusport.fr\/blog\/wp-json\/wp\/v2\/media\/484764"}],"wp:attachment":[{"href":"https:\/\/dicodusport.fr\/blog\/wp-json\/wp\/v2\/media?parent=484676"}],"wp:term":[{"taxonomy":"category","embeddable":true,"href":"https:\/\/dicodusport.fr\/blog\/wp-json\/wp\/v2\/categories?post=484676"},{"taxonomy":"post_tag","embeddable":true,"href":"https:\/\/dicodusport.fr\/blog\/wp-json\/wp\/v2\/tags?post=484676"}],"curies":[{"name":"wp","href":"https:\/\/api.w.org\/{rel}","templated":true}]}}