{"id":484679,"date":"2024-05-10T15:49:56","date_gmt":"2024-05-10T13:49:56","guid":{"rendered":"https:\/\/dicodusport.fr\/blog\/?p=484679&#038;preview=true&#038;preview_id=484679"},"modified":"2024-05-10T18:01:43","modified_gmt":"2024-05-10T16:01:43","slug":"transferts-usap-jake-gordon-ne-viendra-pas-a-perpignan","status":"publish","type":"post","link":"https:\/\/dicodusport.fr\/blog\/transferts-usap-jake-gordon-ne-viendra-pas-a-perpignan\/","title":{"rendered":"Transferts USAP : Jake Gordon ne viendra pas \u00e0 Perpignan"},"content":{"rendered":"<p style=\"text-align: justify;\"><strong><em>TOP 14 2023-2024 &#8211; Selon L&rsquo;\u00c9quipe, Jake Gordon ne va finalement pas signer \u00e0 l&rsquo;USAP pour les saisons \u00e0 venir.\u00a0<\/em><\/strong><\/p>\n<p style=\"text-align: justify;\">Perpignan a bien avanc\u00e9 son recrutement pour la saison prochaine avec notamment des renforts pour son paquet d&rsquo;avants. Les piliers toulonnais <strong>Kieran<\/strong> <strong>Brookes<\/strong> et <strong>Bruce<\/strong> <strong>Devaux<\/strong> ont sign\u00e9 tout comme l&rsquo;excellent Clermontois <strong>Giorgi<\/strong> <strong>Beria<\/strong>. <strong>Antoine<\/strong> <strong>Aucagne<\/strong> arrivera lui d&rsquo;<strong>Aurillac<\/strong> pour venir densifier le poste de demi d&rsquo;ouverture.<\/p>\n<ul style=\"text-align: justify;\">\n<li style=\"text-align: justify;\"><strong>\u00c0 ce sujet &#8211; <a href=\"https:\/\/dicodusport.fr\/blog\/transferts-ubb-yoram-moefana-a-tranche-pour-son-avenir\/\" target=\"_blank\" rel=\"noopener\">Transferts UBB : Yoram Moefana a tranch\u00e9 pour son avenir<\/a><br \/>\n<\/strong><\/li>\n<\/ul>\n<h2 style=\"text-align: justify;\">L&rsquo;Australie ne veut pas lib\u00e9rer Jake Gordon<\/h2>\n<p style=\"text-align: justify;\">S&rsquo;il a trouv\u00e9 un num\u00e9ro 10, <strong>Franck Az\u00e9ma<\/strong> est toujours en qu\u00eate d&rsquo;un demi de m\u00eal\u00e9e de premier plan pour compl\u00e9ter son effectif. L&rsquo;<strong>USAP<\/strong> avait trouv\u00e9 un accord avec l&rsquo;Australien <strong>Jake Gordon<\/strong>, qui devait s&rsquo;engager pour plusieurs saisons. Alors que tout semblait en bonne voie, il ne devrait finalement pas poser ses valises en terre catalane.<\/p>\n<p style=\"text-align: justify;\">La raison est simple : <strong>Jake<\/strong> <strong>Gordon<\/strong> est encore engag\u00e9 avec la F\u00e9d\u00e9ration Australienne pour 2025 et devait donc trouver un accord pour une lib\u00e9ration anticip\u00e9e. Mais l&rsquo;instance ne serait pas d&rsquo;accord pour le laisser partir et aurait tout simplement bloqu\u00e9 le dossier. Sauf revirement de situation, il ne sera donc pas le num\u00e9ro 9 de <strong>Perpignan<\/strong> et les Usapistes doivent donc se remettre en qu\u00eate de la perle rare.<\/p>\n<blockquote class=\"twitter-tweet\">\n<p dir=\"ltr\" lang=\"zxx\"><a href=\"https:\/\/t.co\/Cb7zOBibL1\">https:\/\/t.co\/Cb7zOBibL1<\/a><\/p>\n<p>\u2014 Nicolas Jacquemard (@Nico_Jacquemard) <a href=\"https:\/\/twitter.com\/Nico_Jacquemard\/status\/1788922150704799906?ref_src=twsrc%5Etfw\">May 10, 2024<\/a><\/p><\/blockquote>\n<p style=\"text-align: justify;\"><script async src=\"https:\/\/platform.twitter.com\/widgets.js\" charset=\"utf-8\"><\/script><\/p>\n","protected":false},"excerpt":{"rendered":"<p>TOP 14 2023-2024 &#8211; Selon L&rsquo;\u00c9quipe, Jake Gordon ne va finalement pas signer \u00e0 l&rsquo;USAP pour les saisons \u00e0 venir.\u00a0<\/p>\n","protected":false},"author":1,"featured_media":484684,"comment_status":"open","ping_status":"closed","sticky":false,"template":"","format":"standard","meta":{"_acf_changed":false,"_daextam_enable_autolinks":"1","footnotes":""},"categories":[9129,47050],"tags":[16878],"class_list":["post-484679","post","type-post","status-publish","format-standard","has-post-thumbnail","hentry","category-rugby-a-xv","category-top-14","tag-breve"],"acf":[],"yoast_head":"<!-- This site is optimized with the Yoast SEO Premium plugin v26.7 (Yoast SEO v26.7) - https:\/\/yoast.com\/wordpress\/plugins\/seo\/ -->\n<title>Transferts USAP : Jake Gordon ne viendra pas \u00e0 Perpignan<\/title>\n<meta name=\"description\" content=\"TOP 14 2023-2024 - Selon L&#039;\u00c9quipe, Jake Gordon ne va finalement pas signer \u00e0 l&#039;USAP pour les saisons \u00e0 venir.\u00a0\" \/>\n<meta name=\"robots\" content=\"index, follow, max-snippet:-1, max-image-preview:large, max-video-preview:-1\" \/>\n<link rel=\"canonical\" href=\"https:\/\/dicodusport.fr\/blog\/transferts-usap-jake-gordon-ne-viendra-pas-a-perpignan\/\" \/>\n<meta property=\"og:locale\" content=\"fr_FR\" \/>\n<meta property=\"og:type\" content=\"article\" \/>\n<meta property=\"og:title\" content=\"Transferts USAP : Jake Gordon ne viendra pas \u00e0 Perpignan\" \/>\n<meta property=\"og:description\" content=\"TOP 14 2023-2024 - Selon L&#039;\u00c9quipe, Jake Gordon ne va finalement pas signer \u00e0 l&#039;USAP pour les saisons \u00e0 venir.\u00a0\" \/>\n<meta property=\"og:url\" content=\"https:\/\/dicodusport.fr\/blog\/transferts-usap-jake-gordon-ne-viendra-pas-a-perpignan\/\" \/>\n<meta property=\"og:site_name\" content=\"Dicodusport\" \/>\n<meta property=\"article:publisher\" content=\"https:\/\/www.facebook.com\/dicodusport\" \/>\n<meta property=\"article:author\" content=\"https:\/\/www.facebook.com\/dicodusport\" \/>\n<meta property=\"article:published_time\" content=\"2024-05-10T13:49:56+00:00\" \/>\n<meta property=\"article:modified_time\" content=\"2024-05-10T16:01:43+00:00\" \/>\n<meta property=\"og:image\" content=\"https:\/\/dicodusport.fr\/blog\/wp-content\/uploads\/2024\/05\/Transferts-USAP-Jake-Gordon-ne-viendra-pas-a-Perpignan.png\" \/>\n\t<meta property=\"og:image:width\" content=\"1200\" \/>\n\t<meta property=\"og:image:height\" content=\"674\" \/>\n\t<meta property=\"og:image:type\" content=\"image\/png\" \/>\n<meta name=\"author\" content=\"Nicolas Jacquemard\" \/>\n<meta name=\"twitter:card\" content=\"summary_large_image\" \/>\n<meta name=\"twitter:title\" content=\"Transferts USAP : Jake Gordon ne viendra pas \u00e0 Perpignan\" \/>\n<meta name=\"twitter:creator\" content=\"@https:\/\/twitter.com\/Nico_Jacquemard\" \/>\n<meta name=\"twitter:site\" content=\"@dicodusport\" \/>\n<script type=\"application\/ld+json\" class=\"yoast-schema-graph\">{\"@context\":\"https:\/\/schema.org\",\"@graph\":[{\"@type\":\"NewsArticle\",\"@id\":\"https:\/\/dicodusport.fr\/blog\/transferts-usap-jake-gordon-ne-viendra-pas-a-perpignan\/#article\",\"isPartOf\":{\"@id\":\"https:\/\/dicodusport.fr\/blog\/transferts-usap-jake-gordon-ne-viendra-pas-a-perpignan\/\"},\"author\":{\"name\":\"Nicolas Jacquemard\",\"@id\":\"https:\/\/dicodusport.fr\/blog\/#\/schema\/person\/55dcb50ad410894e431ed812bbb70191\"},\"headline\":\"Transferts USAP : Jake Gordon ne viendra pas \u00e0 Perpignan\",\"datePublished\":\"2024-05-10T13:49:56+00:00\",\"dateModified\":\"2024-05-10T16:01:43+00:00\",\"mainEntityOfPage\":{\"@id\":\"https:\/\/dicodusport.fr\/blog\/transferts-usap-jake-gordon-ne-viendra-pas-a-perpignan\/\"},\"wordCount\":250,\"commentCount\":0,\"publisher\":{\"@id\":\"https:\/\/dicodusport.fr\/blog\/#organization\"},\"image\":{\"@id\":\"https:\/\/dicodusport.fr\/blog\/transferts-usap-jake-gordon-ne-viendra-pas-a-perpignan\/#primaryimage\"},\"thumbnailUrl\":\"https:\/\/dicodusport.fr\/blog\/wp-content\/uploads\/2024\/05\/Transferts-USAP-Jake-Gordon-ne-viendra-pas-a-Perpignan.png\",\"keywords\":[\"br\u00e8ve\"],\"articleSection\":[\"Rugby \u00e0 XV\",\"Top 14\"],\"inLanguage\":\"fr-FR\",\"potentialAction\":[{\"@type\":\"CommentAction\",\"name\":\"Comment\",\"target\":[\"https:\/\/dicodusport.fr\/blog\/transferts-usap-jake-gordon-ne-viendra-pas-a-perpignan\/#respond\"]}],\"copyrightYear\":\"2024\",\"copyrightHolder\":{\"@id\":\"https:\/\/dicodusport.fr\/blog\/#organization\"}},{\"@type\":\"WebPage\",\"@id\":\"https:\/\/dicodusport.fr\/blog\/transferts-usap-jake-gordon-ne-viendra-pas-a-perpignan\/\",\"url\":\"https:\/\/dicodusport.fr\/blog\/transferts-usap-jake-gordon-ne-viendra-pas-a-perpignan\/\",\"name\":\"Transferts USAP : Jake Gordon ne viendra pas \u00e0 Perpignan\",\"isPartOf\":{\"@id\":\"https:\/\/dicodusport.fr\/blog\/#website\"},\"primaryImageOfPage\":{\"@id\":\"https:\/\/dicodusport.fr\/blog\/transferts-usap-jake-gordon-ne-viendra-pas-a-perpignan\/#primaryimage\"},\"image\":{\"@id\":\"https:\/\/dicodusport.fr\/blog\/transferts-usap-jake-gordon-ne-viendra-pas-a-perpignan\/#primaryimage\"},\"thumbnailUrl\":\"https:\/\/dicodusport.fr\/blog\/wp-content\/uploads\/2024\/05\/Transferts-USAP-Jake-Gordon-ne-viendra-pas-a-Perpignan.png\",\"datePublished\":\"2024-05-10T13:49:56+00:00\",\"dateModified\":\"2024-05-10T16:01:43+00:00\",\"description\":\"TOP 14 2023-2024 - Selon L'\u00c9quipe, Jake Gordon ne va finalement pas signer \u00e0 l'USAP pour les saisons \u00e0 venir.\u00a0\",\"breadcrumb\":{\"@id\":\"https:\/\/dicodusport.fr\/blog\/transferts-usap-jake-gordon-ne-viendra-pas-a-perpignan\/#breadcrumb\"},\"inLanguage\":\"fr-FR\",\"potentialAction\":[{\"@type\":\"ReadAction\",\"target\":[\"https:\/\/dicodusport.fr\/blog\/transferts-usap-jake-gordon-ne-viendra-pas-a-perpignan\/\"]}]},{\"@type\":\"ImageObject\",\"inLanguage\":\"fr-FR\",\"@id\":\"https:\/\/dicodusport.fr\/blog\/transferts-usap-jake-gordon-ne-viendra-pas-a-perpignan\/#primaryimage\",\"url\":\"https:\/\/dicodusport.fr\/blog\/wp-content\/uploads\/2024\/05\/Transferts-USAP-Jake-Gordon-ne-viendra-pas-a-Perpignan.png\",\"contentUrl\":\"https:\/\/dicodusport.fr\/blog\/wp-content\/uploads\/2024\/05\/Transferts-USAP-Jake-Gordon-ne-viendra-pas-a-Perpignan.png\",\"width\":1200,\"height\":674},{\"@type\":\"BreadcrumbList\",\"@id\":\"https:\/\/dicodusport.fr\/blog\/transferts-usap-jake-gordon-ne-viendra-pas-a-perpignan\/#breadcrumb\",\"itemListElement\":[{\"@type\":\"ListItem\",\"position\":1,\"name\":\"Accueil\",\"item\":\"https:\/\/dicodusport.fr\/blog\/\"},{\"@type\":\"ListItem\",\"position\":2,\"name\":\"Transferts USAP : Jake Gordon ne viendra pas \u00e0 Perpignan\"}]},{\"@type\":\"WebSite\",\"@id\":\"https:\/\/dicodusport.fr\/blog\/#website\",\"url\":\"https:\/\/dicodusport.fr\/blog\/\",\"name\":\"Dicodusport\",\"description\":\"L&#039;encyclop\u00e9die de l&#039;actualit\u00e9 sportive\",\"publisher\":{\"@id\":\"https:\/\/dicodusport.fr\/blog\/#organization\"},\"potentialAction\":[{\"@type\":\"SearchAction\",\"target\":{\"@type\":\"EntryPoint\",\"urlTemplate\":\"https:\/\/dicodusport.fr\/blog\/?s={search_term_string}\"},\"query-input\":{\"@type\":\"PropertyValueSpecification\",\"valueRequired\":true,\"valueName\":\"search_term_string\"}}],\"inLanguage\":\"fr-FR\"},{\"@type\":\"NewsMediaOrganization\",\"@id\":\"https:\/\/dicodusport.fr\/blog\/#organization\",\"name\":\"Dicodusport\",\"url\":\"https:\/\/dicodusport.fr\/blog\/\",\"logo\":{\"@type\":\"ImageObject\",\"inLanguage\":\"fr-FR\",\"@id\":\"https:\/\/dicodusport.fr\/blog\/#\/schema\/logo\/image\/\",\"url\":\"https:\/\/dicodusport.fr\/blog\/wp-content\/uploads\/2020\/06\/cropped-LOGO-DICODUSPORT-2020-SANS-FOND-SANS-TEXTE.png\",\"contentUrl\":\"https:\/\/dicodusport.fr\/blog\/wp-content\/uploads\/2020\/06\/cropped-LOGO-DICODUSPORT-2020-SANS-FOND-SANS-TEXTE.png\",\"width\":512,\"height\":512,\"caption\":\"Dicodusport\"},\"image\":{\"@id\":\"https:\/\/dicodusport.fr\/blog\/#\/schema\/logo\/image\/\"},\"sameAs\":[\"https:\/\/www.facebook.com\/dicodusport\",\"https:\/\/x.com\/dicodusport\",\"https:\/\/www.instagram.com\/dicodusport\/\",\"https:\/\/www.youtube.com\/channel\/UC7V2KZ5sd3htJivAbA4ZG3w\"],\"description\":\"Dicodusport est l'encyclop\u00e9die de l'actualit\u00e9 sportive.\",\"email\":\"bonjour@dicodusport.fr\",\"legalName\":\"DICODUSPORT\",\"foundingDate\":\"2018-01-14\",\"vatID\":\"FR71834470973\",\"taxID\":\"83447097300043\",\"numberOfEmployees\":{\"@type\":\"QuantitativeValue\",\"minValue\":\"1\",\"maxValue\":\"10\"}},{\"@type\":\"Person\",\"@id\":\"https:\/\/dicodusport.fr\/blog\/#\/schema\/person\/55dcb50ad410894e431ed812bbb70191\",\"name\":\"Nicolas Jacquemard\",\"image\":{\"@type\":\"ImageObject\",\"inLanguage\":\"fr-FR\",\"@id\":\"https:\/\/dicodusport.fr\/blog\/#\/schema\/person\/image\/\",\"url\":\"https:\/\/dicodusport.fr\/blog\/wp-content\/uploads\/2021\/05\/Nicolas-Jacquemard-150x150.jpeg\",\"contentUrl\":\"https:\/\/dicodusport.fr\/blog\/wp-content\/uploads\/2021\/05\/Nicolas-Jacquemard-150x150.jpeg\",\"caption\":\"Nicolas Jacquemard\"},\"description\":\"Passionn\u00e9 de sport et entrepreneur depuis mes 18 ans, la cr\u00e9ation de Dicodusport m'a sembl\u00e9 \u00e9vidente pour participer \u00e0 la m\u00e9diatisation d'un plus grand nombre de sports. Le chemin est long mais avec une \u00e9quipe des plus motiv\u00e9es et les Jeux Olympiques de Paris 2024 en point de mire, nous y arriverons ! Journaliste dans le monde du sport depuis plus de 5 ans, je traite aussi bien de football, de rugby, de biathlon que de cyclisme.\",\"sameAs\":[\"https:\/\/www.facebook.com\/dicodusport\",\"https:\/\/x.com\/https:\/\/twitter.com\/Nico_Jacquemard\"],\"url\":\"https:\/\/dicodusport.fr\/blog\/author\/dicodusport\/\"}]}<\/script>\n<!-- \/ Yoast SEO Premium plugin. -->","yoast_head_json":{"title":"Transferts USAP : Jake Gordon ne viendra pas \u00e0 Perpignan","description":"TOP 14 2023-2024 - Selon L'\u00c9quipe, Jake Gordon ne va finalement pas signer \u00e0 l'USAP pour les saisons \u00e0 venir.\u00a0","robots":{"index":"index","follow":"follow","max-snippet":"max-snippet:-1","max-image-preview":"max-image-preview:large","max-video-preview":"max-video-preview:-1"},"canonical":"https:\/\/dicodusport.fr\/blog\/transferts-usap-jake-gordon-ne-viendra-pas-a-perpignan\/","og_locale":"fr_FR","og_type":"article","og_title":"Transferts USAP : Jake Gordon ne viendra pas \u00e0 Perpignan","og_description":"TOP 14 2023-2024 - Selon L'\u00c9quipe, Jake Gordon ne va finalement pas signer \u00e0 l'USAP pour les saisons \u00e0 venir.\u00a0","og_url":"https:\/\/dicodusport.fr\/blog\/transferts-usap-jake-gordon-ne-viendra-pas-a-perpignan\/","og_site_name":"Dicodusport","article_publisher":"https:\/\/www.facebook.com\/dicodusport","article_author":"https:\/\/www.facebook.com\/dicodusport","article_published_time":"2024-05-10T13:49:56+00:00","article_modified_time":"2024-05-10T16:01:43+00:00","og_image":[{"width":1200,"height":674,"url":"https:\/\/dicodusport.fr\/blog\/wp-content\/uploads\/2024\/05\/Transferts-USAP-Jake-Gordon-ne-viendra-pas-a-Perpignan.png","type":"image\/png"}],"author":"Nicolas Jacquemard","twitter_card":"summary_large_image","twitter_title":"Transferts USAP : Jake Gordon ne viendra pas \u00e0 Perpignan","twitter_creator":"@https:\/\/twitter.com\/Nico_Jacquemard","twitter_site":"@dicodusport","schema":{"@context":"https:\/\/schema.org","@graph":[{"@type":"NewsArticle","@id":"https:\/\/dicodusport.fr\/blog\/transferts-usap-jake-gordon-ne-viendra-pas-a-perpignan\/#article","isPartOf":{"@id":"https:\/\/dicodusport.fr\/blog\/transferts-usap-jake-gordon-ne-viendra-pas-a-perpignan\/"},"author":{"name":"Nicolas Jacquemard","@id":"https:\/\/dicodusport.fr\/blog\/#\/schema\/person\/55dcb50ad410894e431ed812bbb70191"},"headline":"Transferts USAP : Jake Gordon ne viendra pas \u00e0 Perpignan","datePublished":"2024-05-10T13:49:56+00:00","dateModified":"2024-05-10T16:01:43+00:00","mainEntityOfPage":{"@id":"https:\/\/dicodusport.fr\/blog\/transferts-usap-jake-gordon-ne-viendra-pas-a-perpignan\/"},"wordCount":250,"commentCount":0,"publisher":{"@id":"https:\/\/dicodusport.fr\/blog\/#organization"},"image":{"@id":"https:\/\/dicodusport.fr\/blog\/transferts-usap-jake-gordon-ne-viendra-pas-a-perpignan\/#primaryimage"},"thumbnailUrl":"https:\/\/dicodusport.fr\/blog\/wp-content\/uploads\/2024\/05\/Transferts-USAP-Jake-Gordon-ne-viendra-pas-a-Perpignan.png","keywords":["br\u00e8ve"],"articleSection":["Rugby \u00e0 XV","Top 14"],"inLanguage":"fr-FR","potentialAction":[{"@type":"CommentAction","name":"Comment","target":["https:\/\/dicodusport.fr\/blog\/transferts-usap-jake-gordon-ne-viendra-pas-a-perpignan\/#respond"]}],"copyrightYear":"2024","copyrightHolder":{"@id":"https:\/\/dicodusport.fr\/blog\/#organization"}},{"@type":"WebPage","@id":"https:\/\/dicodusport.fr\/blog\/transferts-usap-jake-gordon-ne-viendra-pas-a-perpignan\/","url":"https:\/\/dicodusport.fr\/blog\/transferts-usap-jake-gordon-ne-viendra-pas-a-perpignan\/","name":"Transferts USAP : Jake Gordon ne viendra pas \u00e0 Perpignan","isPartOf":{"@id":"https:\/\/dicodusport.fr\/blog\/#website"},"primaryImageOfPage":{"@id":"https:\/\/dicodusport.fr\/blog\/transferts-usap-jake-gordon-ne-viendra-pas-a-perpignan\/#primaryimage"},"image":{"@id":"https:\/\/dicodusport.fr\/blog\/transferts-usap-jake-gordon-ne-viendra-pas-a-perpignan\/#primaryimage"},"thumbnailUrl":"https:\/\/dicodusport.fr\/blog\/wp-content\/uploads\/2024\/05\/Transferts-USAP-Jake-Gordon-ne-viendra-pas-a-Perpignan.png","datePublished":"2024-05-10T13:49:56+00:00","dateModified":"2024-05-10T16:01:43+00:00","description":"TOP 14 2023-2024 - Selon L'\u00c9quipe, Jake Gordon ne va finalement pas signer \u00e0 l'USAP pour les saisons \u00e0 venir.\u00a0","breadcrumb":{"@id":"https:\/\/dicodusport.fr\/blog\/transferts-usap-jake-gordon-ne-viendra-pas-a-perpignan\/#breadcrumb"},"inLanguage":"fr-FR","potentialAction":[{"@type":"ReadAction","target":["https:\/\/dicodusport.fr\/blog\/transferts-usap-jake-gordon-ne-viendra-pas-a-perpignan\/"]}]},{"@type":"ImageObject","inLanguage":"fr-FR","@id":"https:\/\/dicodusport.fr\/blog\/transferts-usap-jake-gordon-ne-viendra-pas-a-perpignan\/#primaryimage","url":"https:\/\/dicodusport.fr\/blog\/wp-content\/uploads\/2024\/05\/Transferts-USAP-Jake-Gordon-ne-viendra-pas-a-Perpignan.png","contentUrl":"https:\/\/dicodusport.fr\/blog\/wp-content\/uploads\/2024\/05\/Transferts-USAP-Jake-Gordon-ne-viendra-pas-a-Perpignan.png","width":1200,"height":674},{"@type":"BreadcrumbList","@id":"https:\/\/dicodusport.fr\/blog\/transferts-usap-jake-gordon-ne-viendra-pas-a-perpignan\/#breadcrumb","itemListElement":[{"@type":"ListItem","position":1,"name":"Accueil","item":"https:\/\/dicodusport.fr\/blog\/"},{"@type":"ListItem","position":2,"name":"Transferts USAP : Jake Gordon ne viendra pas \u00e0 Perpignan"}]},{"@type":"WebSite","@id":"https:\/\/dicodusport.fr\/blog\/#website","url":"https:\/\/dicodusport.fr\/blog\/","name":"Dicodusport","description":"L&#039;encyclop\u00e9die de l&#039;actualit\u00e9 sportive","publisher":{"@id":"https:\/\/dicodusport.fr\/blog\/#organization"},"potentialAction":[{"@type":"SearchAction","target":{"@type":"EntryPoint","urlTemplate":"https:\/\/dicodusport.fr\/blog\/?s={search_term_string}"},"query-input":{"@type":"PropertyValueSpecification","valueRequired":true,"valueName":"search_term_string"}}],"inLanguage":"fr-FR"},{"@type":"NewsMediaOrganization","@id":"https:\/\/dicodusport.fr\/blog\/#organization","name":"Dicodusport","url":"https:\/\/dicodusport.fr\/blog\/","logo":{"@type":"ImageObject","inLanguage":"fr-FR","@id":"https:\/\/dicodusport.fr\/blog\/#\/schema\/logo\/image\/","url":"https:\/\/dicodusport.fr\/blog\/wp-content\/uploads\/2020\/06\/cropped-LOGO-DICODUSPORT-2020-SANS-FOND-SANS-TEXTE.png","contentUrl":"https:\/\/dicodusport.fr\/blog\/wp-content\/uploads\/2020\/06\/cropped-LOGO-DICODUSPORT-2020-SANS-FOND-SANS-TEXTE.png","width":512,"height":512,"caption":"Dicodusport"},"image":{"@id":"https:\/\/dicodusport.fr\/blog\/#\/schema\/logo\/image\/"},"sameAs":["https:\/\/www.facebook.com\/dicodusport","https:\/\/x.com\/dicodusport","https:\/\/www.instagram.com\/dicodusport\/","https:\/\/www.youtube.com\/channel\/UC7V2KZ5sd3htJivAbA4ZG3w"],"description":"Dicodusport est l'encyclop\u00e9die de l'actualit\u00e9 sportive.","email":"bonjour@dicodusport.fr","legalName":"DICODUSPORT","foundingDate":"2018-01-14","vatID":"FR71834470973","taxID":"83447097300043","numberOfEmployees":{"@type":"QuantitativeValue","minValue":"1","maxValue":"10"}},{"@type":"Person","@id":"https:\/\/dicodusport.fr\/blog\/#\/schema\/person\/55dcb50ad410894e431ed812bbb70191","name":"Nicolas Jacquemard","image":{"@type":"ImageObject","inLanguage":"fr-FR","@id":"https:\/\/dicodusport.fr\/blog\/#\/schema\/person\/image\/","url":"https:\/\/dicodusport.fr\/blog\/wp-content\/uploads\/2021\/05\/Nicolas-Jacquemard-150x150.jpeg","contentUrl":"https:\/\/dicodusport.fr\/blog\/wp-content\/uploads\/2021\/05\/Nicolas-Jacquemard-150x150.jpeg","caption":"Nicolas Jacquemard"},"description":"Passionn\u00e9 de sport et entrepreneur depuis mes 18 ans, la cr\u00e9ation de Dicodusport m'a sembl\u00e9 \u00e9vidente pour participer \u00e0 la m\u00e9diatisation d'un plus grand nombre de sports. Le chemin est long mais avec une \u00e9quipe des plus motiv\u00e9es et les Jeux Olympiques de Paris 2024 en point de mire, nous y arriverons ! Journaliste dans le monde du sport depuis plus de 5 ans, je traite aussi bien de football, de rugby, de biathlon que de cyclisme.","sameAs":["https:\/\/www.facebook.com\/dicodusport","https:\/\/x.com\/https:\/\/twitter.com\/Nico_Jacquemard"],"url":"https:\/\/dicodusport.fr\/blog\/author\/dicodusport\/"}]}},"_links":{"self":[{"href":"https:\/\/dicodusport.fr\/blog\/wp-json\/wp\/v2\/posts\/484679","targetHints":{"allow":["GET"]}}],"collection":[{"href":"https:\/\/dicodusport.fr\/blog\/wp-json\/wp\/v2\/posts"}],"about":[{"href":"https:\/\/dicodusport.fr\/blog\/wp-json\/wp\/v2\/types\/post"}],"author":[{"embeddable":true,"href":"https:\/\/dicodusport.fr\/blog\/wp-json\/wp\/v2\/users\/1"}],"replies":[{"embeddable":true,"href":"https:\/\/dicodusport.fr\/blog\/wp-json\/wp\/v2\/comments?post=484679"}],"version-history":[{"count":4,"href":"https:\/\/dicodusport.fr\/blog\/wp-json\/wp\/v2\/posts\/484679\/revisions"}],"predecessor-version":[{"id":484697,"href":"https:\/\/dicodusport.fr\/blog\/wp-json\/wp\/v2\/posts\/484679\/revisions\/484697"}],"wp:featuredmedia":[{"embeddable":true,"href":"https:\/\/dicodusport.fr\/blog\/wp-json\/wp\/v2\/media\/484684"}],"wp:attachment":[{"href":"https:\/\/dicodusport.fr\/blog\/wp-json\/wp\/v2\/media?parent=484679"}],"wp:term":[{"taxonomy":"category","embeddable":true,"href":"https:\/\/dicodusport.fr\/blog\/wp-json\/wp\/v2\/categories?post=484679"},{"taxonomy":"post_tag","embeddable":true,"href":"https:\/\/dicodusport.fr\/blog\/wp-json\/wp\/v2\/tags?post=484679"}],"curies":[{"name":"wp","href":"https:\/\/api.w.org\/{rel}","templated":true}]}}