{"id":485230,"date":"2024-05-12T16:21:12","date_gmt":"2024-05-12T14:21:12","guid":{"rendered":"https:\/\/dicodusport.fr\/blog\/?p=485230&#038;preview=true&#038;preview_id=485230"},"modified":"2024-05-12T16:25:30","modified_gmt":"2024-05-12T14:25:30","slug":"vtt-xco-simone-avondetto-sacre-dans-des-conditions-affreuses-les-bleus-au-pied-du-podium","status":"publish","type":"post","link":"https:\/\/dicodusport.fr\/blog\/vtt-xco-simone-avondetto-sacre-dans-des-conditions-affreuses-les-bleus-au-pied-du-podium\/","title":{"rendered":"VTT XCO : Simone Avondetto sacr\u00e9 dans des conditions affreuses, les Bleus au pied du podium"},"content":{"rendered":"<p style=\"text-align: justify;\"><strong><em>CHAMPIONNATS D&rsquo;EUROPE DE VTT 2024 &#8211; Sous la pluie et dans le froid, Simone Avondetto remporte son premier titre majeur en \u00e9lites avec l&rsquo;or en Roumanie. Thomas Griot \u00e9choue au pied du podium.\u00a0<\/em><\/strong><\/p>\n<p style=\"text-align: justify;\"><span style=\"font-weight: 400;\">Un maillot \u00e9toil\u00e9 qui r\u00e9compense son grand d\u00e9but de saison. <\/span><b>Simone Avondetto <\/b><span style=\"font-weight: 400;\">est sacr\u00e9 champion d\u2019Europe de VTT XCO sur les pistes de <\/span><span style=\"font-weight: 400;\">Cheile Gr\u0103di\u0219tei, en Roumanie. L\u2019Italien est parti dans la premi\u00e8re partie de la course et a su conserver son avance pour battre <\/span><b>Simon Andreassen <\/b><span style=\"font-weight: 400;\">et <\/span><b>Julian Schelb<\/b><span style=\"font-weight: 400;\">. <\/span><b>Thomas Griot <\/b><span style=\"font-weight: 400;\">\u00e9tait proche d\u2019obtenir sa premi\u00e8re m\u00e9daille internationale mais il a manqu\u00e9 100 m\u00e8tres \u00e0 l\u2019Ann\u00e9cien, doubl\u00e9 par l\u2019Allemand.<\/span><\/p>\n<p style=\"text-align: justify;\"><span style=\"font-weight: 400;\">Oui, les conditions sont tout aussi mauvaises que pour les femmes. Pluie intensive, boue et froid pour les hommes ce dimanche apr\u00e8s-midi. <\/span><b>Mathis Azzaro <\/b><span style=\"font-weight: 400;\">est le Fran\u00e7ais le mieux plac\u00e9 \u00e0 l\u2019issue du premier tour. Le jeune tricolore se trouve en 4e place derri\u00e8re <\/span><b>Daniele Braidot, Charlie Aldridge <\/b><span style=\"font-weight: 400;\">et <\/span><b>Simon Andreassen<\/b><span style=\"font-weight: 400;\">. Ce dernier a pris les devants d\u00e8s le d\u00e9part, fort de son titre en XCC. Il engrange une vingtaine de secondes avec un groupe de 6 qui se met \u00e0 sa poursuite.\u00a0<\/span><\/p>\n<h2 style=\"text-align: justify;\">Thomas Griot se fait chiper le podium<\/h2>\n<p style=\"text-align: justify;\"><span style=\"font-weight: 400;\">Premier rebondissement lors du 3e tour. <\/span><b>Andreassen <\/b><span style=\"font-weight: 400;\">cr\u00e8ve de la roue arri\u00e8re alors que <\/span><b>Simone Avondetto <\/b><span style=\"font-weight: 400;\">revient comme une balle. L\u2019Italien, impressionnant lors des \u00e9tapes br\u00e9siliennes de la Coupe du monde, rejoint la t\u00eate et se retrouve leader avec une meute derri\u00e8re lui. Les \u00e9carts et les positions se stabilisent. Le Transalpin poss\u00e8de 25 secondes d\u2019avance sur <\/span><b>Maximilian Brandl <\/b><span style=\"font-weight: 400;\">\u00e0 deux boucles de l\u2019arriv\u00e9e. <\/span><b>Simon Andreassen <\/b><span style=\"font-weight: 400;\">revient progressivement apr\u00e8s sa crevaison, il est 3e devant les deux Fran\u00e7ais <\/span><b>Thomas Griot <\/b><span style=\"font-weight: 400;\">et <\/span><b>Mathis Azzaro<\/b><span style=\"font-weight: 400;\">.\u00a0<\/span><\/p>\n<p style=\"text-align: justify;\"><b>Avondetto <\/b><span style=\"font-weight: 400;\">a tenu jusqu\u2019au bout, sans d\u00e9faillance. Une victoire nette avec une r\u00e9gularit\u00e9 impressionnante au fil des tours. Personne n\u2019a pu revenir. La lutte pour la derni\u00e8re place sur le podium semblait \u00eatre r\u00e9gl\u00e9e mais <\/span><b>Julian Schelb <\/b><span style=\"font-weight: 400;\">a fini au sprint dans les derniers hectom\u00e8tres pour battre <\/span><b>Griot<\/b><span style=\"font-weight: 400;\">. <\/span><b>Mathis Azzaro <\/b><span style=\"font-weight: 400;\">termine 7e et le dernier tricolore <\/span><b>Titouan Carod <\/b><span style=\"font-weight: 400;\">se classe 12e, apr\u00e8s une belle remont\u00e9e.<\/span><\/p>\n<blockquote class=\"twitter-tweet\">\n<p dir=\"ltr\" lang=\"de\"><a href=\"https:\/\/twitter.com\/hashtag\/EuroMTB24?src=hash&amp;ref_src=twsrc%5Etfw\">#EuroMTB24<\/a> &#8211; XCO Men Elite<\/p>\n<p>1 Avondetto (Ita)<br \/>\n2 Andreassen (Den)<br \/>\n3 Schelb (Ger)<\/p>\n<p>\u2014 UEC_cycling (@UEC_cycling) <a href=\"https:\/\/twitter.com\/UEC_cycling\/status\/1789662343665729807?ref_src=twsrc%5Etfw\">May 12, 2024<\/a><\/p><\/blockquote>\n<p style=\"text-align: justify;\"><script async src=\"https:\/\/platform.twitter.com\/widgets.js\" charset=\"utf-8\"><\/script>\n<\/p>\n<ul>\n<li style=\"text-align: justify;\"><strong>\u00c0 ce sujet &#8211; <a href=\"https:\/\/dicodusport.fr\/blog\/vtt-xco-classement-course-hommes-championnats-deurope-2024\/\">Le classement du XCO messieurs des Championnats d&rsquo;Europe<\/a><\/strong><\/li>\n<\/ul>\n","protected":false},"excerpt":{"rendered":"<p>CHAMPIONNATS D&rsquo;EUROPE DE VTT 2024 &#8211; Sous la pluie et dans le froid, Simone Avondetto remporte son premier titre majeur en \u00e9lites avec l&rsquo;or en Roumanie. Thomas Griot \u00e9choue au pied du podium.\u00a0<\/p>\n","protected":false},"author":61,"featured_media":485262,"comment_status":"open","ping_status":"closed","sticky":false,"template":"","format":"standard","meta":{"_acf_changed":false,"_daextam_enable_autolinks":"1","footnotes":""},"categories":[10279],"tags":[16878,4799,692,14103],"class_list":["post-485230","post","type-post","status-publish","format-standard","has-post-thumbnail","hentry","category-vtt","tag-breve","tag-championnats-deurope","tag-vtt","tag-vtt-xco"],"acf":[],"yoast_head":"<!-- This site is optimized with the Yoast SEO Premium plugin v26.7 (Yoast SEO v26.7) - https:\/\/yoast.com\/wordpress\/plugins\/seo\/ -->\n<title>VTT XCO : Simone Avondetto sacr\u00e9 dans des conditions affreuses, les Bleus au pied du podium<\/title>\n<meta name=\"description\" content=\"CHAMPIONNATS D&#039;EUROPE DE VTT 2024 - Sous la pluie et dans le froid, Simone Avondetto remporte son premier titre majeur en \u00e9lites avec l&#039;or en Roumanie.\" \/>\n<meta name=\"robots\" content=\"index, follow, max-snippet:-1, max-image-preview:large, max-video-preview:-1\" \/>\n<link rel=\"canonical\" href=\"https:\/\/dicodusport.fr\/blog\/vtt-xco-simone-avondetto-sacre-dans-des-conditions-affreuses-les-bleus-au-pied-du-podium\/\" \/>\n<meta property=\"og:locale\" content=\"fr_FR\" \/>\n<meta property=\"og:type\" content=\"article\" \/>\n<meta property=\"og:title\" content=\"VTT XCO : Simone Avondetto sacr\u00e9 dans des conditions affreuses, les Bleus au pied du podium\" \/>\n<meta property=\"og:description\" content=\"CHAMPIONNATS D&#039;EUROPE DE VTT 2024 - Sous la pluie et dans le froid, Simone Avondetto remporte son premier titre majeur en \u00e9lites avec l&#039;or en Roumanie.\" \/>\n<meta property=\"og:url\" content=\"https:\/\/dicodusport.fr\/blog\/vtt-xco-simone-avondetto-sacre-dans-des-conditions-affreuses-les-bleus-au-pied-du-podium\/\" \/>\n<meta property=\"og:site_name\" content=\"Dicodusport\" \/>\n<meta property=\"article:publisher\" content=\"https:\/\/www.facebook.com\/dicodusport\" \/>\n<meta property=\"article:published_time\" content=\"2024-05-12T14:21:12+00:00\" \/>\n<meta property=\"article:modified_time\" content=\"2024-05-12T14:25:30+00:00\" \/>\n<meta property=\"og:image\" content=\"https:\/\/dicodusport.fr\/blog\/wp-content\/uploads\/2024\/05\/VTT-XCO-Simone-Avondetto-sacre-dans-des-conditions-affreuses-les-Bleus-au-pied-du-podium.png\" \/>\n\t<meta property=\"og:image:width\" content=\"1200\" \/>\n\t<meta property=\"og:image:height\" content=\"674\" \/>\n\t<meta property=\"og:image:type\" content=\"image\/png\" \/>\n<meta name=\"author\" content=\"Pierre Gorce\" \/>\n<meta name=\"twitter:card\" content=\"summary_large_image\" \/>\n<meta name=\"twitter:title\" content=\"VTT XCO : Simone Avondetto sacr\u00e9 dans des conditions affreuses, les Bleus au pied du podium\" \/>\n<meta name=\"twitter:creator\" content=\"@https:\/\/twitter.com\/pierregorce12\" \/>\n<meta name=\"twitter:site\" content=\"@dicodusport\" \/>\n<script type=\"application\/ld+json\" class=\"yoast-schema-graph\">{\"@context\":\"https:\/\/schema.org\",\"@graph\":[{\"@type\":\"NewsArticle\",\"@id\":\"https:\/\/dicodusport.fr\/blog\/vtt-xco-simone-avondetto-sacre-dans-des-conditions-affreuses-les-bleus-au-pied-du-podium\/#article\",\"isPartOf\":{\"@id\":\"https:\/\/dicodusport.fr\/blog\/vtt-xco-simone-avondetto-sacre-dans-des-conditions-affreuses-les-bleus-au-pied-du-podium\/\"},\"author\":{\"name\":\"Pierre Gorce\",\"@id\":\"https:\/\/dicodusport.fr\/blog\/#\/schema\/person\/0eaf70b33d703a1a66b1155ac1bda018\"},\"headline\":\"VTT XCO : Simone Avondetto sacr\u00e9 dans des conditions affreuses, les Bleus au pied du podium\",\"datePublished\":\"2024-05-12T14:21:12+00:00\",\"dateModified\":\"2024-05-12T14:25:30+00:00\",\"mainEntityOfPage\":{\"@id\":\"https:\/\/dicodusport.fr\/blog\/vtt-xco-simone-avondetto-sacre-dans-des-conditions-affreuses-les-bleus-au-pied-du-podium\/\"},\"wordCount\":420,\"commentCount\":0,\"publisher\":{\"@id\":\"https:\/\/dicodusport.fr\/blog\/#organization\"},\"image\":{\"@id\":\"https:\/\/dicodusport.fr\/blog\/vtt-xco-simone-avondetto-sacre-dans-des-conditions-affreuses-les-bleus-au-pied-du-podium\/#primaryimage\"},\"thumbnailUrl\":\"https:\/\/dicodusport.fr\/blog\/wp-content\/uploads\/2024\/05\/VTT-XCO-Simone-Avondetto-sacre-dans-des-conditions-affreuses-les-Bleus-au-pied-du-podium.png\",\"keywords\":[\"br\u00e8ve\",\"Championnats d'Europe\",\"VTT\",\"VTT XCO\"],\"articleSection\":[\"VTT\"],\"inLanguage\":\"fr-FR\",\"potentialAction\":[{\"@type\":\"CommentAction\",\"name\":\"Comment\",\"target\":[\"https:\/\/dicodusport.fr\/blog\/vtt-xco-simone-avondetto-sacre-dans-des-conditions-affreuses-les-bleus-au-pied-du-podium\/#respond\"]}],\"copyrightYear\":\"2024\",\"copyrightHolder\":{\"@id\":\"https:\/\/dicodusport.fr\/blog\/#organization\"}},{\"@type\":\"WebPage\",\"@id\":\"https:\/\/dicodusport.fr\/blog\/vtt-xco-simone-avondetto-sacre-dans-des-conditions-affreuses-les-bleus-au-pied-du-podium\/\",\"url\":\"https:\/\/dicodusport.fr\/blog\/vtt-xco-simone-avondetto-sacre-dans-des-conditions-affreuses-les-bleus-au-pied-du-podium\/\",\"name\":\"VTT XCO : Simone Avondetto sacr\u00e9 dans des conditions affreuses, les Bleus au pied du podium\",\"isPartOf\":{\"@id\":\"https:\/\/dicodusport.fr\/blog\/#website\"},\"primaryImageOfPage\":{\"@id\":\"https:\/\/dicodusport.fr\/blog\/vtt-xco-simone-avondetto-sacre-dans-des-conditions-affreuses-les-bleus-au-pied-du-podium\/#primaryimage\"},\"image\":{\"@id\":\"https:\/\/dicodusport.fr\/blog\/vtt-xco-simone-avondetto-sacre-dans-des-conditions-affreuses-les-bleus-au-pied-du-podium\/#primaryimage\"},\"thumbnailUrl\":\"https:\/\/dicodusport.fr\/blog\/wp-content\/uploads\/2024\/05\/VTT-XCO-Simone-Avondetto-sacre-dans-des-conditions-affreuses-les-Bleus-au-pied-du-podium.png\",\"datePublished\":\"2024-05-12T14:21:12+00:00\",\"dateModified\":\"2024-05-12T14:25:30+00:00\",\"description\":\"CHAMPIONNATS D'EUROPE DE VTT 2024 - Sous la pluie et dans le froid, Simone Avondetto remporte son premier titre majeur en \u00e9lites avec l'or en Roumanie.\",\"breadcrumb\":{\"@id\":\"https:\/\/dicodusport.fr\/blog\/vtt-xco-simone-avondetto-sacre-dans-des-conditions-affreuses-les-bleus-au-pied-du-podium\/#breadcrumb\"},\"inLanguage\":\"fr-FR\",\"potentialAction\":[{\"@type\":\"ReadAction\",\"target\":[\"https:\/\/dicodusport.fr\/blog\/vtt-xco-simone-avondetto-sacre-dans-des-conditions-affreuses-les-bleus-au-pied-du-podium\/\"]}]},{\"@type\":\"ImageObject\",\"inLanguage\":\"fr-FR\",\"@id\":\"https:\/\/dicodusport.fr\/blog\/vtt-xco-simone-avondetto-sacre-dans-des-conditions-affreuses-les-bleus-au-pied-du-podium\/#primaryimage\",\"url\":\"https:\/\/dicodusport.fr\/blog\/wp-content\/uploads\/2024\/05\/VTT-XCO-Simone-Avondetto-sacre-dans-des-conditions-affreuses-les-Bleus-au-pied-du-podium.png\",\"contentUrl\":\"https:\/\/dicodusport.fr\/blog\/wp-content\/uploads\/2024\/05\/VTT-XCO-Simone-Avondetto-sacre-dans-des-conditions-affreuses-les-Bleus-au-pied-du-podium.png\",\"width\":1200,\"height\":674,\"caption\":\"VTT XCO Simone Avondetto sacr\u00e9 dans des conditions affreuses, les Bleus au pied du podium\"},{\"@type\":\"BreadcrumbList\",\"@id\":\"https:\/\/dicodusport.fr\/blog\/vtt-xco-simone-avondetto-sacre-dans-des-conditions-affreuses-les-bleus-au-pied-du-podium\/#breadcrumb\",\"itemListElement\":[{\"@type\":\"ListItem\",\"position\":1,\"name\":\"Accueil\",\"item\":\"https:\/\/dicodusport.fr\/blog\/\"},{\"@type\":\"ListItem\",\"position\":2,\"name\":\"VTT XCO : Simone Avondetto sacr\u00e9 dans des conditions affreuses, les Bleus au pied du podium\"}]},{\"@type\":\"WebSite\",\"@id\":\"https:\/\/dicodusport.fr\/blog\/#website\",\"url\":\"https:\/\/dicodusport.fr\/blog\/\",\"name\":\"Dicodusport\",\"description\":\"L&#039;encyclop\u00e9die de l&#039;actualit\u00e9 sportive\",\"publisher\":{\"@id\":\"https:\/\/dicodusport.fr\/blog\/#organization\"},\"potentialAction\":[{\"@type\":\"SearchAction\",\"target\":{\"@type\":\"EntryPoint\",\"urlTemplate\":\"https:\/\/dicodusport.fr\/blog\/?s={search_term_string}\"},\"query-input\":{\"@type\":\"PropertyValueSpecification\",\"valueRequired\":true,\"valueName\":\"search_term_string\"}}],\"inLanguage\":\"fr-FR\"},{\"@type\":\"NewsMediaOrganization\",\"@id\":\"https:\/\/dicodusport.fr\/blog\/#organization\",\"name\":\"Dicodusport\",\"url\":\"https:\/\/dicodusport.fr\/blog\/\",\"logo\":{\"@type\":\"ImageObject\",\"inLanguage\":\"fr-FR\",\"@id\":\"https:\/\/dicodusport.fr\/blog\/#\/schema\/logo\/image\/\",\"url\":\"https:\/\/dicodusport.fr\/blog\/wp-content\/uploads\/2020\/06\/cropped-LOGO-DICODUSPORT-2020-SANS-FOND-SANS-TEXTE.png\",\"contentUrl\":\"https:\/\/dicodusport.fr\/blog\/wp-content\/uploads\/2020\/06\/cropped-LOGO-DICODUSPORT-2020-SANS-FOND-SANS-TEXTE.png\",\"width\":512,\"height\":512,\"caption\":\"Dicodusport\"},\"image\":{\"@id\":\"https:\/\/dicodusport.fr\/blog\/#\/schema\/logo\/image\/\"},\"sameAs\":[\"https:\/\/www.facebook.com\/dicodusport\",\"https:\/\/x.com\/dicodusport\",\"https:\/\/www.instagram.com\/dicodusport\/\",\"https:\/\/www.youtube.com\/channel\/UC7V2KZ5sd3htJivAbA4ZG3w\"],\"description\":\"Dicodusport est l'encyclop\u00e9die de l'actualit\u00e9 sportive.\",\"email\":\"bonjour@dicodusport.fr\",\"legalName\":\"DICODUSPORT\",\"foundingDate\":\"2018-01-14\",\"vatID\":\"FR71834470973\",\"taxID\":\"83447097300043\",\"numberOfEmployees\":{\"@type\":\"QuantitativeValue\",\"minValue\":\"1\",\"maxValue\":\"10\"}},{\"@type\":\"Person\",\"@id\":\"https:\/\/dicodusport.fr\/blog\/#\/schema\/person\/0eaf70b33d703a1a66b1155ac1bda018\",\"name\":\"Pierre Gorce\",\"image\":{\"@type\":\"ImageObject\",\"inLanguage\":\"fr-FR\",\"@id\":\"https:\/\/dicodusport.fr\/blog\/#\/schema\/person\/image\/\",\"url\":\"https:\/\/dicodusport.fr\/blog\/wp-content\/uploads\/2022\/03\/IMG_20211214_233053_722-150x150.jpg\",\"contentUrl\":\"https:\/\/dicodusport.fr\/blog\/wp-content\/uploads\/2022\/03\/IMG_20211214_233053_722-150x150.jpg\",\"caption\":\"Pierre Gorce\"},\"description\":\"Couteau suisse venant tout droit de Haute-Savoie. Habitu\u00e9 \u00e0 regarder du sport depuis petit, j'en ai maintenant fait mon m\u00e9tier. Des sports d'hiver au surf, en passant par le tennis, la F1, le handball et l'athl\u00e9tisme, j'essaie d'avoir mes yeux sur l'enti\u00e8ret\u00e9 de l'actualit\u00e9. Jeune homme berc\u00e9 par les exploits de Jean-Baptiste Grange, Sebastian Vettel et des Experts. Membre de la g\u00e9n\u00e9ration 1999 comme Luka Doncic, Sydney McLaughlin, Lando Norris et Loana Lecomte, mais avec beaucoup moins de talent qu'eux.\",\"sameAs\":[\"https:\/\/x.com\/https:\/\/twitter.com\/pierregorce12\"],\"birthDate\":\"1999-08-29\",\"url\":\"https:\/\/dicodusport.fr\/blog\/author\/pierreg\/\"}]}<\/script>\n<!-- \/ Yoast SEO Premium plugin. -->","yoast_head_json":{"title":"VTT XCO : Simone Avondetto sacr\u00e9 dans des conditions affreuses, les Bleus au pied du podium","description":"CHAMPIONNATS D'EUROPE DE VTT 2024 - Sous la pluie et dans le froid, Simone Avondetto remporte son premier titre majeur en \u00e9lites avec l'or en Roumanie.","robots":{"index":"index","follow":"follow","max-snippet":"max-snippet:-1","max-image-preview":"max-image-preview:large","max-video-preview":"max-video-preview:-1"},"canonical":"https:\/\/dicodusport.fr\/blog\/vtt-xco-simone-avondetto-sacre-dans-des-conditions-affreuses-les-bleus-au-pied-du-podium\/","og_locale":"fr_FR","og_type":"article","og_title":"VTT XCO : Simone Avondetto sacr\u00e9 dans des conditions affreuses, les Bleus au pied du podium","og_description":"CHAMPIONNATS D'EUROPE DE VTT 2024 - Sous la pluie et dans le froid, Simone Avondetto remporte son premier titre majeur en \u00e9lites avec l'or en Roumanie.","og_url":"https:\/\/dicodusport.fr\/blog\/vtt-xco-simone-avondetto-sacre-dans-des-conditions-affreuses-les-bleus-au-pied-du-podium\/","og_site_name":"Dicodusport","article_publisher":"https:\/\/www.facebook.com\/dicodusport","article_published_time":"2024-05-12T14:21:12+00:00","article_modified_time":"2024-05-12T14:25:30+00:00","og_image":[{"width":1200,"height":674,"url":"https:\/\/dicodusport.fr\/blog\/wp-content\/uploads\/2024\/05\/VTT-XCO-Simone-Avondetto-sacre-dans-des-conditions-affreuses-les-Bleus-au-pied-du-podium.png","type":"image\/png"}],"author":"Pierre Gorce","twitter_card":"summary_large_image","twitter_title":"VTT XCO : Simone Avondetto sacr\u00e9 dans des conditions affreuses, les Bleus au pied du podium","twitter_creator":"@https:\/\/twitter.com\/pierregorce12","twitter_site":"@dicodusport","schema":{"@context":"https:\/\/schema.org","@graph":[{"@type":"NewsArticle","@id":"https:\/\/dicodusport.fr\/blog\/vtt-xco-simone-avondetto-sacre-dans-des-conditions-affreuses-les-bleus-au-pied-du-podium\/#article","isPartOf":{"@id":"https:\/\/dicodusport.fr\/blog\/vtt-xco-simone-avondetto-sacre-dans-des-conditions-affreuses-les-bleus-au-pied-du-podium\/"},"author":{"name":"Pierre Gorce","@id":"https:\/\/dicodusport.fr\/blog\/#\/schema\/person\/0eaf70b33d703a1a66b1155ac1bda018"},"headline":"VTT XCO : Simone Avondetto sacr\u00e9 dans des conditions affreuses, les Bleus au pied du podium","datePublished":"2024-05-12T14:21:12+00:00","dateModified":"2024-05-12T14:25:30+00:00","mainEntityOfPage":{"@id":"https:\/\/dicodusport.fr\/blog\/vtt-xco-simone-avondetto-sacre-dans-des-conditions-affreuses-les-bleus-au-pied-du-podium\/"},"wordCount":420,"commentCount":0,"publisher":{"@id":"https:\/\/dicodusport.fr\/blog\/#organization"},"image":{"@id":"https:\/\/dicodusport.fr\/blog\/vtt-xco-simone-avondetto-sacre-dans-des-conditions-affreuses-les-bleus-au-pied-du-podium\/#primaryimage"},"thumbnailUrl":"https:\/\/dicodusport.fr\/blog\/wp-content\/uploads\/2024\/05\/VTT-XCO-Simone-Avondetto-sacre-dans-des-conditions-affreuses-les-Bleus-au-pied-du-podium.png","keywords":["br\u00e8ve","Championnats d'Europe","VTT","VTT XCO"],"articleSection":["VTT"],"inLanguage":"fr-FR","potentialAction":[{"@type":"CommentAction","name":"Comment","target":["https:\/\/dicodusport.fr\/blog\/vtt-xco-simone-avondetto-sacre-dans-des-conditions-affreuses-les-bleus-au-pied-du-podium\/#respond"]}],"copyrightYear":"2024","copyrightHolder":{"@id":"https:\/\/dicodusport.fr\/blog\/#organization"}},{"@type":"WebPage","@id":"https:\/\/dicodusport.fr\/blog\/vtt-xco-simone-avondetto-sacre-dans-des-conditions-affreuses-les-bleus-au-pied-du-podium\/","url":"https:\/\/dicodusport.fr\/blog\/vtt-xco-simone-avondetto-sacre-dans-des-conditions-affreuses-les-bleus-au-pied-du-podium\/","name":"VTT XCO : Simone Avondetto sacr\u00e9 dans des conditions affreuses, les Bleus au pied du podium","isPartOf":{"@id":"https:\/\/dicodusport.fr\/blog\/#website"},"primaryImageOfPage":{"@id":"https:\/\/dicodusport.fr\/blog\/vtt-xco-simone-avondetto-sacre-dans-des-conditions-affreuses-les-bleus-au-pied-du-podium\/#primaryimage"},"image":{"@id":"https:\/\/dicodusport.fr\/blog\/vtt-xco-simone-avondetto-sacre-dans-des-conditions-affreuses-les-bleus-au-pied-du-podium\/#primaryimage"},"thumbnailUrl":"https:\/\/dicodusport.fr\/blog\/wp-content\/uploads\/2024\/05\/VTT-XCO-Simone-Avondetto-sacre-dans-des-conditions-affreuses-les-Bleus-au-pied-du-podium.png","datePublished":"2024-05-12T14:21:12+00:00","dateModified":"2024-05-12T14:25:30+00:00","description":"CHAMPIONNATS D'EUROPE DE VTT 2024 - Sous la pluie et dans le froid, Simone Avondetto remporte son premier titre majeur en \u00e9lites avec l'or en Roumanie.","breadcrumb":{"@id":"https:\/\/dicodusport.fr\/blog\/vtt-xco-simone-avondetto-sacre-dans-des-conditions-affreuses-les-bleus-au-pied-du-podium\/#breadcrumb"},"inLanguage":"fr-FR","potentialAction":[{"@type":"ReadAction","target":["https:\/\/dicodusport.fr\/blog\/vtt-xco-simone-avondetto-sacre-dans-des-conditions-affreuses-les-bleus-au-pied-du-podium\/"]}]},{"@type":"ImageObject","inLanguage":"fr-FR","@id":"https:\/\/dicodusport.fr\/blog\/vtt-xco-simone-avondetto-sacre-dans-des-conditions-affreuses-les-bleus-au-pied-du-podium\/#primaryimage","url":"https:\/\/dicodusport.fr\/blog\/wp-content\/uploads\/2024\/05\/VTT-XCO-Simone-Avondetto-sacre-dans-des-conditions-affreuses-les-Bleus-au-pied-du-podium.png","contentUrl":"https:\/\/dicodusport.fr\/blog\/wp-content\/uploads\/2024\/05\/VTT-XCO-Simone-Avondetto-sacre-dans-des-conditions-affreuses-les-Bleus-au-pied-du-podium.png","width":1200,"height":674,"caption":"VTT XCO Simone Avondetto sacr\u00e9 dans des conditions affreuses, les Bleus au pied du podium"},{"@type":"BreadcrumbList","@id":"https:\/\/dicodusport.fr\/blog\/vtt-xco-simone-avondetto-sacre-dans-des-conditions-affreuses-les-bleus-au-pied-du-podium\/#breadcrumb","itemListElement":[{"@type":"ListItem","position":1,"name":"Accueil","item":"https:\/\/dicodusport.fr\/blog\/"},{"@type":"ListItem","position":2,"name":"VTT XCO : Simone Avondetto sacr\u00e9 dans des conditions affreuses, les Bleus au pied du podium"}]},{"@type":"WebSite","@id":"https:\/\/dicodusport.fr\/blog\/#website","url":"https:\/\/dicodusport.fr\/blog\/","name":"Dicodusport","description":"L&#039;encyclop\u00e9die de l&#039;actualit\u00e9 sportive","publisher":{"@id":"https:\/\/dicodusport.fr\/blog\/#organization"},"potentialAction":[{"@type":"SearchAction","target":{"@type":"EntryPoint","urlTemplate":"https:\/\/dicodusport.fr\/blog\/?s={search_term_string}"},"query-input":{"@type":"PropertyValueSpecification","valueRequired":true,"valueName":"search_term_string"}}],"inLanguage":"fr-FR"},{"@type":"NewsMediaOrganization","@id":"https:\/\/dicodusport.fr\/blog\/#organization","name":"Dicodusport","url":"https:\/\/dicodusport.fr\/blog\/","logo":{"@type":"ImageObject","inLanguage":"fr-FR","@id":"https:\/\/dicodusport.fr\/blog\/#\/schema\/logo\/image\/","url":"https:\/\/dicodusport.fr\/blog\/wp-content\/uploads\/2020\/06\/cropped-LOGO-DICODUSPORT-2020-SANS-FOND-SANS-TEXTE.png","contentUrl":"https:\/\/dicodusport.fr\/blog\/wp-content\/uploads\/2020\/06\/cropped-LOGO-DICODUSPORT-2020-SANS-FOND-SANS-TEXTE.png","width":512,"height":512,"caption":"Dicodusport"},"image":{"@id":"https:\/\/dicodusport.fr\/blog\/#\/schema\/logo\/image\/"},"sameAs":["https:\/\/www.facebook.com\/dicodusport","https:\/\/x.com\/dicodusport","https:\/\/www.instagram.com\/dicodusport\/","https:\/\/www.youtube.com\/channel\/UC7V2KZ5sd3htJivAbA4ZG3w"],"description":"Dicodusport est l'encyclop\u00e9die de l'actualit\u00e9 sportive.","email":"bonjour@dicodusport.fr","legalName":"DICODUSPORT","foundingDate":"2018-01-14","vatID":"FR71834470973","taxID":"83447097300043","numberOfEmployees":{"@type":"QuantitativeValue","minValue":"1","maxValue":"10"}},{"@type":"Person","@id":"https:\/\/dicodusport.fr\/blog\/#\/schema\/person\/0eaf70b33d703a1a66b1155ac1bda018","name":"Pierre Gorce","image":{"@type":"ImageObject","inLanguage":"fr-FR","@id":"https:\/\/dicodusport.fr\/blog\/#\/schema\/person\/image\/","url":"https:\/\/dicodusport.fr\/blog\/wp-content\/uploads\/2022\/03\/IMG_20211214_233053_722-150x150.jpg","contentUrl":"https:\/\/dicodusport.fr\/blog\/wp-content\/uploads\/2022\/03\/IMG_20211214_233053_722-150x150.jpg","caption":"Pierre Gorce"},"description":"Couteau suisse venant tout droit de Haute-Savoie. Habitu\u00e9 \u00e0 regarder du sport depuis petit, j'en ai maintenant fait mon m\u00e9tier. Des sports d'hiver au surf, en passant par le tennis, la F1, le handball et l'athl\u00e9tisme, j'essaie d'avoir mes yeux sur l'enti\u00e8ret\u00e9 de l'actualit\u00e9. Jeune homme berc\u00e9 par les exploits de Jean-Baptiste Grange, Sebastian Vettel et des Experts. Membre de la g\u00e9n\u00e9ration 1999 comme Luka Doncic, Sydney McLaughlin, Lando Norris et Loana Lecomte, mais avec beaucoup moins de talent qu'eux.","sameAs":["https:\/\/x.com\/https:\/\/twitter.com\/pierregorce12"],"birthDate":"1999-08-29","url":"https:\/\/dicodusport.fr\/blog\/author\/pierreg\/"}]}},"_links":{"self":[{"href":"https:\/\/dicodusport.fr\/blog\/wp-json\/wp\/v2\/posts\/485230","targetHints":{"allow":["GET"]}}],"collection":[{"href":"https:\/\/dicodusport.fr\/blog\/wp-json\/wp\/v2\/posts"}],"about":[{"href":"https:\/\/dicodusport.fr\/blog\/wp-json\/wp\/v2\/types\/post"}],"author":[{"embeddable":true,"href":"https:\/\/dicodusport.fr\/blog\/wp-json\/wp\/v2\/users\/61"}],"replies":[{"embeddable":true,"href":"https:\/\/dicodusport.fr\/blog\/wp-json\/wp\/v2\/comments?post=485230"}],"version-history":[{"count":4,"href":"https:\/\/dicodusport.fr\/blog\/wp-json\/wp\/v2\/posts\/485230\/revisions"}],"predecessor-version":[{"id":485269,"href":"https:\/\/dicodusport.fr\/blog\/wp-json\/wp\/v2\/posts\/485230\/revisions\/485269"}],"wp:featuredmedia":[{"embeddable":true,"href":"https:\/\/dicodusport.fr\/blog\/wp-json\/wp\/v2\/media\/485262"}],"wp:attachment":[{"href":"https:\/\/dicodusport.fr\/blog\/wp-json\/wp\/v2\/media?parent=485230"}],"wp:term":[{"taxonomy":"category","embeddable":true,"href":"https:\/\/dicodusport.fr\/blog\/wp-json\/wp\/v2\/categories?post=485230"},{"taxonomy":"post_tag","embeddable":true,"href":"https:\/\/dicodusport.fr\/blog\/wp-json\/wp\/v2\/tags?post=485230"}],"curies":[{"name":"wp","href":"https:\/\/api.w.org\/{rel}","templated":true}]}}