{"id":485239,"date":"2024-05-12T16:17:38","date_gmt":"2024-05-12T14:17:38","guid":{"rendered":"https:\/\/dicodusport.fr\/blog\/?p=485239&#038;preview=true&#038;preview_id=485239"},"modified":"2024-05-12T16:35:58","modified_gmt":"2024-05-12T14:35:58","slug":"tour-de-hongrie-2024-la-derniere-pour-wout-poels-le-general-pour-thibau-nys","status":"publish","type":"post","link":"https:\/\/dicodusport.fr\/blog\/tour-de-hongrie-2024-la-derniere-pour-wout-poels-le-general-pour-thibau-nys\/","title":{"rendered":"Tour de Hongrie 2024 : La derni\u00e8re pour Wout Poels, le g\u00e9n\u00e9ral pour Thibau Nys"},"content":{"rendered":"<p style=\"text-align: justify;\"><strong><em>TOUR DE HONGRIE 2024 &#8211; Le N\u00e9erlandais Wout Poels (Bahrain &#8211; Victorious) remporte la derni\u00e8re \u00e9tape avec une arriv\u00e9e en bosse. Pas de souci pour Thibau Nys (Lidl &#8211; Trek) qui s&rsquo;adjuge le classement g\u00e9n\u00e9ral.<\/em><\/strong><\/p>\n<p style=\"text-align: justify;\"><strong>Wout Poels<\/strong> a encore de beaux restes. Tr\u00e8s en jambes aujourd&rsquo;hui, et d\u00e9j\u00e0 entreprenant \u00e0 30 km de l&rsquo;arriv\u00e9e, le coureur de la Bahrain &#8211; Victorious s&rsquo;est montr\u00e9 le plus rapide dans la courte, mais pentue, mont\u00e9e finale de Pecs (1,7 km \u00e0 10,5%). Il devance au sprint <strong>Damian Howson<\/strong> (Q36.5 Pro Cycling Team) et <strong>Emmanuel Buchmann<\/strong> (Bora &#8211; Hansgrohe). <strong>Thibau Nys<\/strong> (Lidl &#8211; Trek) a sembl\u00e9 surtout contr\u00f4ler les diff\u00e9rentes attaques de ses rivaux au classement g\u00e9n\u00e9ral dans la bosse, dans un r\u00f4le plus d\u00e9fensif que sur les deux pr\u00e9c\u00e9dentes \u00e9tapes. Finalement quatri\u00e8me \u00e0 couper la ligne, il assure l&rsquo;essentiel et remporte facilement, \u00e0 21 ans, ce Tour de Hongrie. Il laisse entrevoir de belles capacit\u00e9s de grimpeur, lui qui est plut\u00f4t catalogu\u00e9 sprinteur.<\/p>\n<blockquote class=\"twitter-tweet\">\n<p dir=\"ltr\" lang=\"fr\">Wout Poels (Bahrain-Victorious) remporte la 5e et derni\u00e8re \u00e9tape du <a href=\"https:\/\/twitter.com\/hashtag\/TourdeHongrie?src=hash&amp;ref_src=twsrc%5Etfw\">#TourdeHongrie<\/a> ! 4e du jour derri\u00e8re Damien Howson (Q36.5) et Emanuel Buchmann (Bora-Hansgrohe), le Belge Thibau Nys (Lidl-Trek) d\u00e9croche pour la premi\u00e8re fois une course par \u00e9tapes, \u00e0 21 ans. <a href=\"https:\/\/t.co\/tvQYliNnsi\">pic.twitter.com\/tvQYliNnsi<\/a><\/p>\n<p>\u2014 Le Gruppetto (@LeGruppetto) <a href=\"https:\/\/twitter.com\/LeGruppetto\/status\/1789660095455916043?ref_src=twsrc%5Etfw\">May 12, 2024<\/a><\/p><\/blockquote>\n<p style=\"text-align: justify;\"><script async src=\"https:\/\/platform.twitter.com\/widgets.js\" charset=\"utf-8\"><\/script><\/p>\n<ul>\n<li style=\"text-align: justify;\"><strong>\u00c0 ce sujet \u2013\u00a0<a href=\"https:\/\/dicodusport.fr\/blog\/tour-de-hongrie-2024-classement-5eme-etape\/\">Le classement de la 5e \u00e9tape du Tour de Hongrie<\/a><\/strong><\/li>\n<\/ul>\n<h2 style=\"text-align: justify;\">Une \u00e9chapp\u00e9e \u00e0 6 pour animer l&rsquo;\u00e9tape<\/h2>\n<p style=\"text-align: justify;\">Des six coureurs qui ont ouvert la route, les deux plus forts \u00e9taient <strong>Kelland O&rsquo;Brien<\/strong> (Team Jayco &#8211; AlUla) et <strong>Vincent Van Hemelen<\/strong> (Team Flanders Baloise). Ce dernier est pass\u00e9 en t\u00eate des deux premi\u00e8res ascensions de Pecs en d\u00e9fense du maillot de meilleur grimpeur de son \u00e9quipier <strong>Siebe Deweirdt<\/strong>. L&rsquo;\u00e9chapp\u00e9e, qui comptait aussi dans ses rangs le jeune <strong>Andrew August <\/strong>(Ineos Grenadiers) ou encore <strong>Pavel Bittner<\/strong> (Team DSM firmenich &#8211; PostNL), a compt\u00e9 jusqu&rsquo;\u00e0 4 minutes d&rsquo;avance sur le peloton. Mais les ambitions de l&rsquo;\u00e9quipe UAE Emirates Team, finalement loin du compte \u00e0 l&rsquo;arriv\u00e9e, a eu raison de leur fuite.<\/p>\n<ul>\n<li style=\"text-align: justify;\"><strong>\u00c0 ce sujet \u2013\u00a0<a href=\"https:\/\/dicodusport.fr\/blog\/tour-de-hongrie-2024-classement-general\/\">Le classement g\u00e9n\u00e9ral du Tour de Hongrie<\/a><\/strong><\/li>\n<\/ul>\n","protected":false},"excerpt":{"rendered":"<p>TOUR DE HONGRIE 2024 &#8211; Le N\u00e9erlandais Wout Poels (Bahrain &#8211; Victorious) remporte la derni\u00e8re \u00e9tape avec une arriv\u00e9e en bosse. Pas de souci pour Thibau Nys (Lidl &#8211; Trek) qui s&rsquo;adjuge le classement g\u00e9n\u00e9ral.<\/p>\n","protected":false},"author":92,"featured_media":485257,"comment_status":"open","ping_status":"closed","sticky":false,"template":"","format":"standard","meta":{"_acf_changed":false,"_daextam_enable_autolinks":"1","footnotes":""},"categories":[46994],"tags":[16878,32405,37428,23414],"class_list":["post-485239","post","type-post","status-publish","format-standard","has-post-thumbnail","hentry","category-cyclisme-sur-route","tag-breve","tag-lidl-trek","tag-thibau-nys","tag-tour-de-hongrie"],"acf":[],"yoast_head":"<!-- This site is optimized with the Yoast SEO Premium plugin v26.7 (Yoast SEO v26.7) - https:\/\/yoast.com\/wordpress\/plugins\/seo\/ -->\n<title>Tour de Hongrie 2024 : La derni\u00e8re pour Wout Poels, le g\u00e9n\u00e9ral pour Thibau Nys<\/title>\n<meta name=\"description\" content=\"TOUR DE HONGRIE 2024 - Wout Poels (Bahrain - Victorious) remporte la derni\u00e8re \u00e9tape, le g\u00e9n\u00e9ral pour Thibau Nys (Lidl - Trek).\" \/>\n<meta name=\"robots\" content=\"index, follow, max-snippet:-1, max-image-preview:large, max-video-preview:-1\" \/>\n<link rel=\"canonical\" href=\"https:\/\/dicodusport.fr\/blog\/tour-de-hongrie-2024-la-derniere-pour-wout-poels-le-general-pour-thibau-nys\/\" \/>\n<meta property=\"og:locale\" content=\"fr_FR\" \/>\n<meta property=\"og:type\" content=\"article\" \/>\n<meta property=\"og:title\" content=\"Tour de Hongrie 2024 : La derni\u00e8re pour Wout Poels, le g\u00e9n\u00e9ral pour Thibau Nys\" \/>\n<meta property=\"og:description\" content=\"TOUR DE HONGRIE 2024 - Wout Poels (Bahrain - Victorious) remporte la derni\u00e8re \u00e9tape, le g\u00e9n\u00e9ral pour Thibau Nys (Lidl - Trek).\" \/>\n<meta property=\"og:url\" content=\"https:\/\/dicodusport.fr\/blog\/tour-de-hongrie-2024-la-derniere-pour-wout-poels-le-general-pour-thibau-nys\/\" \/>\n<meta property=\"og:site_name\" content=\"Dicodusport\" \/>\n<meta property=\"article:publisher\" content=\"https:\/\/www.facebook.com\/dicodusport\" \/>\n<meta property=\"article:published_time\" content=\"2024-05-12T14:17:38+00:00\" \/>\n<meta property=\"article:modified_time\" content=\"2024-05-12T14:35:58+00:00\" \/>\n<meta property=\"og:image\" content=\"https:\/\/dicodusport.fr\/blog\/wp-content\/uploads\/2024\/05\/Tour-de-Hongrie-2024-La-derniere-pour-Wout-Poels-le-general-pour-Thibau-Nys.png\" \/>\n\t<meta property=\"og:image:width\" content=\"1200\" \/>\n\t<meta property=\"og:image:height\" content=\"674\" \/>\n\t<meta property=\"og:image:type\" content=\"image\/png\" \/>\n<meta name=\"author\" content=\"Olivier Dobiezynski\" \/>\n<meta name=\"twitter:card\" content=\"summary_large_image\" \/>\n<meta name=\"twitter:title\" content=\"Tour de Hongrie 2024 : La derni\u00e8re pour Wout Poels, le g\u00e9n\u00e9ral pour Thibau Nys\" \/>\n<meta name=\"twitter:creator\" content=\"@https:\/\/x.com\/Olivier_Matros\" \/>\n<meta name=\"twitter:site\" content=\"@dicodusport\" \/>\n<script type=\"application\/ld+json\" class=\"yoast-schema-graph\">{\"@context\":\"https:\/\/schema.org\",\"@graph\":[{\"@type\":\"NewsArticle\",\"@id\":\"https:\/\/dicodusport.fr\/blog\/tour-de-hongrie-2024-la-derniere-pour-wout-poels-le-general-pour-thibau-nys\/#article\",\"isPartOf\":{\"@id\":\"https:\/\/dicodusport.fr\/blog\/tour-de-hongrie-2024-la-derniere-pour-wout-poels-le-general-pour-thibau-nys\/\"},\"author\":{\"name\":\"Olivier Dobiezynski\",\"@id\":\"https:\/\/dicodusport.fr\/blog\/#\/schema\/person\/fe500246414ca17ddf0c0312d7a792cc\"},\"headline\":\"Tour de Hongrie 2024 : La derni\u00e8re pour Wout Poels, le g\u00e9n\u00e9ral pour Thibau Nys\",\"datePublished\":\"2024-05-12T14:17:38+00:00\",\"dateModified\":\"2024-05-12T14:35:58+00:00\",\"mainEntityOfPage\":{\"@id\":\"https:\/\/dicodusport.fr\/blog\/tour-de-hongrie-2024-la-derniere-pour-wout-poels-le-general-pour-thibau-nys\/\"},\"wordCount\":380,\"commentCount\":0,\"publisher\":{\"@id\":\"https:\/\/dicodusport.fr\/blog\/#organization\"},\"image\":{\"@id\":\"https:\/\/dicodusport.fr\/blog\/tour-de-hongrie-2024-la-derniere-pour-wout-poels-le-general-pour-thibau-nys\/#primaryimage\"},\"thumbnailUrl\":\"https:\/\/dicodusport.fr\/blog\/wp-content\/uploads\/2024\/05\/Tour-de-Hongrie-2024-La-derniere-pour-Wout-Poels-le-general-pour-Thibau-Nys.png\",\"keywords\":[\"br\u00e8ve\",\"Lidl-Trek\",\"Thibau Nys\",\"Tour de Hongrie\"],\"articleSection\":[\"Cyclisme sur route\"],\"inLanguage\":\"fr-FR\",\"potentialAction\":[{\"@type\":\"CommentAction\",\"name\":\"Comment\",\"target\":[\"https:\/\/dicodusport.fr\/blog\/tour-de-hongrie-2024-la-derniere-pour-wout-poels-le-general-pour-thibau-nys\/#respond\"]}],\"copyrightYear\":\"2024\",\"copyrightHolder\":{\"@id\":\"https:\/\/dicodusport.fr\/blog\/#organization\"}},{\"@type\":\"WebPage\",\"@id\":\"https:\/\/dicodusport.fr\/blog\/tour-de-hongrie-2024-la-derniere-pour-wout-poels-le-general-pour-thibau-nys\/\",\"url\":\"https:\/\/dicodusport.fr\/blog\/tour-de-hongrie-2024-la-derniere-pour-wout-poels-le-general-pour-thibau-nys\/\",\"name\":\"Tour de Hongrie 2024 : La derni\u00e8re pour Wout Poels, le g\u00e9n\u00e9ral pour Thibau Nys\",\"isPartOf\":{\"@id\":\"https:\/\/dicodusport.fr\/blog\/#website\"},\"primaryImageOfPage\":{\"@id\":\"https:\/\/dicodusport.fr\/blog\/tour-de-hongrie-2024-la-derniere-pour-wout-poels-le-general-pour-thibau-nys\/#primaryimage\"},\"image\":{\"@id\":\"https:\/\/dicodusport.fr\/blog\/tour-de-hongrie-2024-la-derniere-pour-wout-poels-le-general-pour-thibau-nys\/#primaryimage\"},\"thumbnailUrl\":\"https:\/\/dicodusport.fr\/blog\/wp-content\/uploads\/2024\/05\/Tour-de-Hongrie-2024-La-derniere-pour-Wout-Poels-le-general-pour-Thibau-Nys.png\",\"datePublished\":\"2024-05-12T14:17:38+00:00\",\"dateModified\":\"2024-05-12T14:35:58+00:00\",\"description\":\"TOUR DE HONGRIE 2024 - Wout Poels (Bahrain - Victorious) remporte la derni\u00e8re \u00e9tape, le g\u00e9n\u00e9ral pour Thibau Nys (Lidl - Trek).\",\"breadcrumb\":{\"@id\":\"https:\/\/dicodusport.fr\/blog\/tour-de-hongrie-2024-la-derniere-pour-wout-poels-le-general-pour-thibau-nys\/#breadcrumb\"},\"inLanguage\":\"fr-FR\",\"potentialAction\":[{\"@type\":\"ReadAction\",\"target\":[\"https:\/\/dicodusport.fr\/blog\/tour-de-hongrie-2024-la-derniere-pour-wout-poels-le-general-pour-thibau-nys\/\"]}]},{\"@type\":\"ImageObject\",\"inLanguage\":\"fr-FR\",\"@id\":\"https:\/\/dicodusport.fr\/blog\/tour-de-hongrie-2024-la-derniere-pour-wout-poels-le-general-pour-thibau-nys\/#primaryimage\",\"url\":\"https:\/\/dicodusport.fr\/blog\/wp-content\/uploads\/2024\/05\/Tour-de-Hongrie-2024-La-derniere-pour-Wout-Poels-le-general-pour-Thibau-Nys.png\",\"contentUrl\":\"https:\/\/dicodusport.fr\/blog\/wp-content\/uploads\/2024\/05\/Tour-de-Hongrie-2024-La-derniere-pour-Wout-Poels-le-general-pour-Thibau-Nys.png\",\"width\":1200,\"height\":674,\"caption\":\"Tour de Hongrie 2024 La derni\u00e8re pour Wout Poels, le g\u00e9n\u00e9ral pour Thibau Nys\"},{\"@type\":\"BreadcrumbList\",\"@id\":\"https:\/\/dicodusport.fr\/blog\/tour-de-hongrie-2024-la-derniere-pour-wout-poels-le-general-pour-thibau-nys\/#breadcrumb\",\"itemListElement\":[{\"@type\":\"ListItem\",\"position\":1,\"name\":\"Accueil\",\"item\":\"https:\/\/dicodusport.fr\/blog\/\"},{\"@type\":\"ListItem\",\"position\":2,\"name\":\"Tour de Hongrie 2024 : La derni\u00e8re pour Wout Poels, le g\u00e9n\u00e9ral pour Thibau Nys\"}]},{\"@type\":\"WebSite\",\"@id\":\"https:\/\/dicodusport.fr\/blog\/#website\",\"url\":\"https:\/\/dicodusport.fr\/blog\/\",\"name\":\"Dicodusport\",\"description\":\"L&#039;encyclop\u00e9die de l&#039;actualit\u00e9 sportive\",\"publisher\":{\"@id\":\"https:\/\/dicodusport.fr\/blog\/#organization\"},\"potentialAction\":[{\"@type\":\"SearchAction\",\"target\":{\"@type\":\"EntryPoint\",\"urlTemplate\":\"https:\/\/dicodusport.fr\/blog\/?s={search_term_string}\"},\"query-input\":{\"@type\":\"PropertyValueSpecification\",\"valueRequired\":true,\"valueName\":\"search_term_string\"}}],\"inLanguage\":\"fr-FR\"},{\"@type\":\"NewsMediaOrganization\",\"@id\":\"https:\/\/dicodusport.fr\/blog\/#organization\",\"name\":\"Dicodusport\",\"url\":\"https:\/\/dicodusport.fr\/blog\/\",\"logo\":{\"@type\":\"ImageObject\",\"inLanguage\":\"fr-FR\",\"@id\":\"https:\/\/dicodusport.fr\/blog\/#\/schema\/logo\/image\/\",\"url\":\"https:\/\/dicodusport.fr\/blog\/wp-content\/uploads\/2020\/06\/cropped-LOGO-DICODUSPORT-2020-SANS-FOND-SANS-TEXTE.png\",\"contentUrl\":\"https:\/\/dicodusport.fr\/blog\/wp-content\/uploads\/2020\/06\/cropped-LOGO-DICODUSPORT-2020-SANS-FOND-SANS-TEXTE.png\",\"width\":512,\"height\":512,\"caption\":\"Dicodusport\"},\"image\":{\"@id\":\"https:\/\/dicodusport.fr\/blog\/#\/schema\/logo\/image\/\"},\"sameAs\":[\"https:\/\/www.facebook.com\/dicodusport\",\"https:\/\/x.com\/dicodusport\",\"https:\/\/www.instagram.com\/dicodusport\/\",\"https:\/\/www.youtube.com\/channel\/UC7V2KZ5sd3htJivAbA4ZG3w\"],\"description\":\"Dicodusport est l'encyclop\u00e9die de l'actualit\u00e9 sportive.\",\"email\":\"bonjour@dicodusport.fr\",\"legalName\":\"DICODUSPORT\",\"foundingDate\":\"2018-01-14\",\"vatID\":\"FR71834470973\",\"taxID\":\"83447097300043\",\"numberOfEmployees\":{\"@type\":\"QuantitativeValue\",\"minValue\":\"1\",\"maxValue\":\"10\"}},{\"@type\":\"Person\",\"@id\":\"https:\/\/dicodusport.fr\/blog\/#\/schema\/person\/fe500246414ca17ddf0c0312d7a792cc\",\"name\":\"Olivier Dobiezynski\",\"image\":{\"@type\":\"ImageObject\",\"inLanguage\":\"fr-FR\",\"@id\":\"https:\/\/dicodusport.fr\/blog\/#\/schema\/person\/image\/\",\"url\":\"https:\/\/dicodusport.fr\/blog\/wp-content\/uploads\/2024\/09\/5be8fe8d-9962-4f1e-ad06-d6f9dee30e6d-150x150.jpg\",\"contentUrl\":\"https:\/\/dicodusport.fr\/blog\/wp-content\/uploads\/2024\/09\/5be8fe8d-9962-4f1e-ad06-d6f9dee30e6d-150x150.jpg\",\"caption\":\"Olivier Dobiezynski\"},\"description\":\"Depuis le milieu des ann\u00e9es 90, la passion du cyclisme m'anime. Mes h\u00e9ros s'appellent Luc Leblanc, Piotr Ugrumov, Paolo Savoldelli, Peter Sagan et bien \u00e9videmment Romain Bardet. R\u00e9dacteur depuis 2023, je suis ici pour partager cet amour de la Petite Reine. Vous pourrez me lire \u00e9galement sur du trail, du ski de fond et tout autre sujet susceptible d'\u00e9veiller ma curiosit\u00e9 sportive.\",\"sameAs\":[\"https:\/\/x.com\/https:\/\/x.com\/Olivier_Matros\"],\"url\":\"https:\/\/dicodusport.fr\/blog\/author\/olivier-gh\/\"}]}<\/script>\n<!-- \/ Yoast SEO Premium plugin. -->","yoast_head_json":{"title":"Tour de Hongrie 2024 : La derni\u00e8re pour Wout Poels, le g\u00e9n\u00e9ral pour Thibau Nys","description":"TOUR DE HONGRIE 2024 - Wout Poels (Bahrain - Victorious) remporte la derni\u00e8re \u00e9tape, le g\u00e9n\u00e9ral pour Thibau Nys (Lidl - Trek).","robots":{"index":"index","follow":"follow","max-snippet":"max-snippet:-1","max-image-preview":"max-image-preview:large","max-video-preview":"max-video-preview:-1"},"canonical":"https:\/\/dicodusport.fr\/blog\/tour-de-hongrie-2024-la-derniere-pour-wout-poels-le-general-pour-thibau-nys\/","og_locale":"fr_FR","og_type":"article","og_title":"Tour de Hongrie 2024 : La derni\u00e8re pour Wout Poels, le g\u00e9n\u00e9ral pour Thibau Nys","og_description":"TOUR DE HONGRIE 2024 - Wout Poels (Bahrain - Victorious) remporte la derni\u00e8re \u00e9tape, le g\u00e9n\u00e9ral pour Thibau Nys (Lidl - Trek).","og_url":"https:\/\/dicodusport.fr\/blog\/tour-de-hongrie-2024-la-derniere-pour-wout-poels-le-general-pour-thibau-nys\/","og_site_name":"Dicodusport","article_publisher":"https:\/\/www.facebook.com\/dicodusport","article_published_time":"2024-05-12T14:17:38+00:00","article_modified_time":"2024-05-12T14:35:58+00:00","og_image":[{"width":1200,"height":674,"url":"https:\/\/dicodusport.fr\/blog\/wp-content\/uploads\/2024\/05\/Tour-de-Hongrie-2024-La-derniere-pour-Wout-Poels-le-general-pour-Thibau-Nys.png","type":"image\/png"}],"author":"Olivier Dobiezynski","twitter_card":"summary_large_image","twitter_title":"Tour de Hongrie 2024 : La derni\u00e8re pour Wout Poels, le g\u00e9n\u00e9ral pour Thibau Nys","twitter_creator":"@https:\/\/x.com\/Olivier_Matros","twitter_site":"@dicodusport","schema":{"@context":"https:\/\/schema.org","@graph":[{"@type":"NewsArticle","@id":"https:\/\/dicodusport.fr\/blog\/tour-de-hongrie-2024-la-derniere-pour-wout-poels-le-general-pour-thibau-nys\/#article","isPartOf":{"@id":"https:\/\/dicodusport.fr\/blog\/tour-de-hongrie-2024-la-derniere-pour-wout-poels-le-general-pour-thibau-nys\/"},"author":{"name":"Olivier Dobiezynski","@id":"https:\/\/dicodusport.fr\/blog\/#\/schema\/person\/fe500246414ca17ddf0c0312d7a792cc"},"headline":"Tour de Hongrie 2024 : La derni\u00e8re pour Wout Poels, le g\u00e9n\u00e9ral pour Thibau Nys","datePublished":"2024-05-12T14:17:38+00:00","dateModified":"2024-05-12T14:35:58+00:00","mainEntityOfPage":{"@id":"https:\/\/dicodusport.fr\/blog\/tour-de-hongrie-2024-la-derniere-pour-wout-poels-le-general-pour-thibau-nys\/"},"wordCount":380,"commentCount":0,"publisher":{"@id":"https:\/\/dicodusport.fr\/blog\/#organization"},"image":{"@id":"https:\/\/dicodusport.fr\/blog\/tour-de-hongrie-2024-la-derniere-pour-wout-poels-le-general-pour-thibau-nys\/#primaryimage"},"thumbnailUrl":"https:\/\/dicodusport.fr\/blog\/wp-content\/uploads\/2024\/05\/Tour-de-Hongrie-2024-La-derniere-pour-Wout-Poels-le-general-pour-Thibau-Nys.png","keywords":["br\u00e8ve","Lidl-Trek","Thibau Nys","Tour de Hongrie"],"articleSection":["Cyclisme sur route"],"inLanguage":"fr-FR","potentialAction":[{"@type":"CommentAction","name":"Comment","target":["https:\/\/dicodusport.fr\/blog\/tour-de-hongrie-2024-la-derniere-pour-wout-poels-le-general-pour-thibau-nys\/#respond"]}],"copyrightYear":"2024","copyrightHolder":{"@id":"https:\/\/dicodusport.fr\/blog\/#organization"}},{"@type":"WebPage","@id":"https:\/\/dicodusport.fr\/blog\/tour-de-hongrie-2024-la-derniere-pour-wout-poels-le-general-pour-thibau-nys\/","url":"https:\/\/dicodusport.fr\/blog\/tour-de-hongrie-2024-la-derniere-pour-wout-poels-le-general-pour-thibau-nys\/","name":"Tour de Hongrie 2024 : La derni\u00e8re pour Wout Poels, le g\u00e9n\u00e9ral pour Thibau Nys","isPartOf":{"@id":"https:\/\/dicodusport.fr\/blog\/#website"},"primaryImageOfPage":{"@id":"https:\/\/dicodusport.fr\/blog\/tour-de-hongrie-2024-la-derniere-pour-wout-poels-le-general-pour-thibau-nys\/#primaryimage"},"image":{"@id":"https:\/\/dicodusport.fr\/blog\/tour-de-hongrie-2024-la-derniere-pour-wout-poels-le-general-pour-thibau-nys\/#primaryimage"},"thumbnailUrl":"https:\/\/dicodusport.fr\/blog\/wp-content\/uploads\/2024\/05\/Tour-de-Hongrie-2024-La-derniere-pour-Wout-Poels-le-general-pour-Thibau-Nys.png","datePublished":"2024-05-12T14:17:38+00:00","dateModified":"2024-05-12T14:35:58+00:00","description":"TOUR DE HONGRIE 2024 - Wout Poels (Bahrain - Victorious) remporte la derni\u00e8re \u00e9tape, le g\u00e9n\u00e9ral pour Thibau Nys (Lidl - Trek).","breadcrumb":{"@id":"https:\/\/dicodusport.fr\/blog\/tour-de-hongrie-2024-la-derniere-pour-wout-poels-le-general-pour-thibau-nys\/#breadcrumb"},"inLanguage":"fr-FR","potentialAction":[{"@type":"ReadAction","target":["https:\/\/dicodusport.fr\/blog\/tour-de-hongrie-2024-la-derniere-pour-wout-poels-le-general-pour-thibau-nys\/"]}]},{"@type":"ImageObject","inLanguage":"fr-FR","@id":"https:\/\/dicodusport.fr\/blog\/tour-de-hongrie-2024-la-derniere-pour-wout-poels-le-general-pour-thibau-nys\/#primaryimage","url":"https:\/\/dicodusport.fr\/blog\/wp-content\/uploads\/2024\/05\/Tour-de-Hongrie-2024-La-derniere-pour-Wout-Poels-le-general-pour-Thibau-Nys.png","contentUrl":"https:\/\/dicodusport.fr\/blog\/wp-content\/uploads\/2024\/05\/Tour-de-Hongrie-2024-La-derniere-pour-Wout-Poels-le-general-pour-Thibau-Nys.png","width":1200,"height":674,"caption":"Tour de Hongrie 2024 La derni\u00e8re pour Wout Poels, le g\u00e9n\u00e9ral pour Thibau Nys"},{"@type":"BreadcrumbList","@id":"https:\/\/dicodusport.fr\/blog\/tour-de-hongrie-2024-la-derniere-pour-wout-poels-le-general-pour-thibau-nys\/#breadcrumb","itemListElement":[{"@type":"ListItem","position":1,"name":"Accueil","item":"https:\/\/dicodusport.fr\/blog\/"},{"@type":"ListItem","position":2,"name":"Tour de Hongrie 2024 : La derni\u00e8re pour Wout Poels, le g\u00e9n\u00e9ral pour Thibau Nys"}]},{"@type":"WebSite","@id":"https:\/\/dicodusport.fr\/blog\/#website","url":"https:\/\/dicodusport.fr\/blog\/","name":"Dicodusport","description":"L&#039;encyclop\u00e9die de l&#039;actualit\u00e9 sportive","publisher":{"@id":"https:\/\/dicodusport.fr\/blog\/#organization"},"potentialAction":[{"@type":"SearchAction","target":{"@type":"EntryPoint","urlTemplate":"https:\/\/dicodusport.fr\/blog\/?s={search_term_string}"},"query-input":{"@type":"PropertyValueSpecification","valueRequired":true,"valueName":"search_term_string"}}],"inLanguage":"fr-FR"},{"@type":"NewsMediaOrganization","@id":"https:\/\/dicodusport.fr\/blog\/#organization","name":"Dicodusport","url":"https:\/\/dicodusport.fr\/blog\/","logo":{"@type":"ImageObject","inLanguage":"fr-FR","@id":"https:\/\/dicodusport.fr\/blog\/#\/schema\/logo\/image\/","url":"https:\/\/dicodusport.fr\/blog\/wp-content\/uploads\/2020\/06\/cropped-LOGO-DICODUSPORT-2020-SANS-FOND-SANS-TEXTE.png","contentUrl":"https:\/\/dicodusport.fr\/blog\/wp-content\/uploads\/2020\/06\/cropped-LOGO-DICODUSPORT-2020-SANS-FOND-SANS-TEXTE.png","width":512,"height":512,"caption":"Dicodusport"},"image":{"@id":"https:\/\/dicodusport.fr\/blog\/#\/schema\/logo\/image\/"},"sameAs":["https:\/\/www.facebook.com\/dicodusport","https:\/\/x.com\/dicodusport","https:\/\/www.instagram.com\/dicodusport\/","https:\/\/www.youtube.com\/channel\/UC7V2KZ5sd3htJivAbA4ZG3w"],"description":"Dicodusport est l'encyclop\u00e9die de l'actualit\u00e9 sportive.","email":"bonjour@dicodusport.fr","legalName":"DICODUSPORT","foundingDate":"2018-01-14","vatID":"FR71834470973","taxID":"83447097300043","numberOfEmployees":{"@type":"QuantitativeValue","minValue":"1","maxValue":"10"}},{"@type":"Person","@id":"https:\/\/dicodusport.fr\/blog\/#\/schema\/person\/fe500246414ca17ddf0c0312d7a792cc","name":"Olivier Dobiezynski","image":{"@type":"ImageObject","inLanguage":"fr-FR","@id":"https:\/\/dicodusport.fr\/blog\/#\/schema\/person\/image\/","url":"https:\/\/dicodusport.fr\/blog\/wp-content\/uploads\/2024\/09\/5be8fe8d-9962-4f1e-ad06-d6f9dee30e6d-150x150.jpg","contentUrl":"https:\/\/dicodusport.fr\/blog\/wp-content\/uploads\/2024\/09\/5be8fe8d-9962-4f1e-ad06-d6f9dee30e6d-150x150.jpg","caption":"Olivier Dobiezynski"},"description":"Depuis le milieu des ann\u00e9es 90, la passion du cyclisme m'anime. Mes h\u00e9ros s'appellent Luc Leblanc, Piotr Ugrumov, Paolo Savoldelli, Peter Sagan et bien \u00e9videmment Romain Bardet. R\u00e9dacteur depuis 2023, je suis ici pour partager cet amour de la Petite Reine. Vous pourrez me lire \u00e9galement sur du trail, du ski de fond et tout autre sujet susceptible d'\u00e9veiller ma curiosit\u00e9 sportive.","sameAs":["https:\/\/x.com\/https:\/\/x.com\/Olivier_Matros"],"url":"https:\/\/dicodusport.fr\/blog\/author\/olivier-gh\/"}]}},"_links":{"self":[{"href":"https:\/\/dicodusport.fr\/blog\/wp-json\/wp\/v2\/posts\/485239","targetHints":{"allow":["GET"]}}],"collection":[{"href":"https:\/\/dicodusport.fr\/blog\/wp-json\/wp\/v2\/posts"}],"about":[{"href":"https:\/\/dicodusport.fr\/blog\/wp-json\/wp\/v2\/types\/post"}],"author":[{"embeddable":true,"href":"https:\/\/dicodusport.fr\/blog\/wp-json\/wp\/v2\/users\/92"}],"replies":[{"embeddable":true,"href":"https:\/\/dicodusport.fr\/blog\/wp-json\/wp\/v2\/comments?post=485239"}],"version-history":[{"count":5,"href":"https:\/\/dicodusport.fr\/blog\/wp-json\/wp\/v2\/posts\/485239\/revisions"}],"predecessor-version":[{"id":485274,"href":"https:\/\/dicodusport.fr\/blog\/wp-json\/wp\/v2\/posts\/485239\/revisions\/485274"}],"wp:featuredmedia":[{"embeddable":true,"href":"https:\/\/dicodusport.fr\/blog\/wp-json\/wp\/v2\/media\/485257"}],"wp:attachment":[{"href":"https:\/\/dicodusport.fr\/blog\/wp-json\/wp\/v2\/media?parent=485239"}],"wp:term":[{"taxonomy":"category","embeddable":true,"href":"https:\/\/dicodusport.fr\/blog\/wp-json\/wp\/v2\/categories?post=485239"},{"taxonomy":"post_tag","embeddable":true,"href":"https:\/\/dicodusport.fr\/blog\/wp-json\/wp\/v2\/tags?post=485239"}],"curies":[{"name":"wp","href":"https:\/\/api.w.org\/{rel}","templated":true}]}}