{"id":485565,"date":"2024-05-14T17:08:12","date_gmt":"2024-05-14T15:08:12","guid":{"rendered":"https:\/\/dicodusport.fr\/blog\/?p=485565&#038;preview=true&#038;preview_id=485565"},"modified":"2024-05-14T17:33:04","modified_gmt":"2024-05-14T15:33:04","slug":"tour-ditalie-2024-valentin-paret-peintre-ouvre-son-palmares-professionnel-sur-la-10e-etape","status":"publish","type":"post","link":"https:\/\/dicodusport.fr\/blog\/tour-ditalie-2024-valentin-paret-peintre-ouvre-son-palmares-professionnel-sur-la-10e-etape\/","title":{"rendered":"Tour d&rsquo;Italie 2024 : Valentin Paret-Peintre ouvre son palmar\u00e8s professionnel sur la 10e \u00e9tape !"},"content":{"rendered":"<p style=\"text-align: justify;\"><strong><em>TOUR D&rsquo;ITALIE 2024 &#8211; Valentin Paret-Peintre (Decathlon AG2R La Mondiale) a d\u00e9croch\u00e9 ce mardi la premi\u00e8re victoire professionnelle de sa carri\u00e8re. Le jeune grimpeur de 23 ans a confirm\u00e9 les bonnes dispositions entraper\u00e7ues dans la premi\u00e8re semaine en tirant son \u00e9pingle du jeu dans une \u00e9chapp\u00e9e royale. Romain Bardet (DSM-Firmenich PostNL) \u00e9choue en 2e position, mais reprend du temps dans un classement g\u00e9n\u00e9ral toujours domin\u00e9 sereinement par Tadej Pogacar (Team UAE).<\/em><\/strong><\/p>\n<ul style=\"text-align: justify;\">\n<li style=\"text-align: justify;\"><strong>\u00c0 ce sujet \u2013 <a href=\"https:\/\/dicodusport.fr\/blog\/tour-ditalie-2024-classement-10eme-etape-du-giro\/\">Tour d\u2019Italie 2024 &#8211; Classement 10\u00e8me \u00e9tape<\/a><\/strong><\/li>\n<li style=\"text-align: justify;\"><strong>\u00c0 ce sujet \u2013\u00a0<a href=\"https:\/\/dicodusport.fr\/blog\/tour-ditalie-2024-classement-general-du-giro\/\">Tour d&rsquo;Italie 2024 &#8211; Classement g\u00e9n\u00e9ral<\/a>\u00a0<\/strong><\/li>\n<\/ul>\n<p style=\"text-align: justify;\">Au lendemain de la premi\u00e8re journ\u00e9e de repos, une <strong>10e \u00e9tape<\/strong> anim\u00e9e \u00e9tait attendue entre <strong>Pompei<\/strong> et le <strong>Bocca della Selva<\/strong>. Un profil vallonn\u00e9 s&rsquo;offrait aux coureurs avec notamment une ascension finale de pr\u00e8s de 18 km \u00e0 plus de 5% de moyenne. En toute logique, les puncheurs et baroudeurs avaient l\u00e0 un terrain de jeu id\u00e9al pour tenter de mener \u00e0 bien une \u00e9chapp\u00e9e. Mais encore fallait-il \u00eatre assez fort pour s&rsquo;immiscer en son sein.<\/p>\n<h2 style=\"text-align: justify;\">Une guerre sans r\u00e9pit pour prendre l&rsquo;\u00e9chapp\u00e9e<\/h2>\n<p style=\"text-align: justify;\">D\u00e8s les premiers kilom\u00e8tres, <strong>Simon Clarke<\/strong> (Israel Premier-Tech), <strong>Quinten Hermans<\/strong> (Alpecin-Deceuninck) et <strong>Alessandro De Marchi<\/strong> (Jayco-AlUla) s&rsquo;isolent en t\u00eate de course. Ce trio va ouvrir la route durant de longues dizaines de bornes, sans r\u00e9ellement se d\u00e9tacher, la faute \u00e0 une bataille ininterrompue en t\u00eate de peloton. Apr\u00e8s une heure \u00e0 plus de 50km\/h, Hermans l\u00e2che prise au sprint interm\u00e9diaire pour laisser son co\u00e9quipier <strong>Kaden Groves<\/strong> marquer des points, laissant Clarke et De Marchi seuls \u00e0 l&rsquo;avant pour entamer la premi\u00e8re difficult\u00e9 du jour, non r\u00e9pertori\u00e9e au classement de la montagne.<\/p>\n<ul style=\"text-align: justify;\">\n<li style=\"text-align: justify;\"><strong>\u00c0 ce sujet \u2013\u00a0<a href=\"https:\/\/dicodusport.fr\/blog\/actualites\/cyclisme\/cyclisme-sur-route-2024\/tour-italie-2024\/\">L\u2019actualit\u00e9 du Tour d\u2019Italie 2024<\/a><\/strong><\/li>\n<\/ul>\n<p style=\"text-align: justify;\">La guerre se poursuit inlassablement et un \u00e9norme groupe d&rsquo;une vingtaine de coureurs se forme \u00e0 la bascule avec de gros noms. La Team UAE de <strong>Tadej Pogacar<\/strong> laisse filer et l&rsquo;\u00e9cart va gonfler rapidement. Repr\u00e9sent\u00e9s par trois coureurs, les DSM-Firmenich et les Bardiani maintiennent un tempo r\u00e9gulier pour favoriser l&rsquo;avanc\u00e9e de cette \u00e9chapp\u00e9e aux allures de mini-peloton.<\/p>\n<p style=\"text-align: justify;\">Le nombre rend la collaboration d\u00e9licate et le sprint Intergiro situ\u00e9 \u00e0 36 km de la ligne fait tout exploser. <strong>Jan Tratnik<\/strong> (Visma Lease a Bike) en profite alors pour s&rsquo;extirper du groupe tandis qu&rsquo;un groupe compos\u00e9 de\u00a0<strong>Romain Bardet<\/strong> (DSM-Firmenich PostNL), <strong>Valentin Paret-Peintre<\/strong> (Decathlon AG2R La Mondiale), <strong>Andrea Bagioli<\/strong> (Lidl-Trek) et <strong>Marco Frigo<\/strong> (Israel Premier Tech) se forme en contre. L&rsquo;\u00e9cart d\u00e9passe alors les six minutes et les Bahra\u00efn Victorious sont les premiers \u00e0 craquer dans le peloton pour mener la chasse, avant que les Ineos Grenadiers ne prennent le relais.<\/p>\n<blockquote class=\"twitter-tweet\">\n<p dir=\"ltr\" lang=\"nl\">\ud83c\udfc1 28 KM<\/p>\n<p>1\ufe0f\u20e3 \ud83d\udeb4\u200d\u2642\ufe0f &lt; 5\u201930&Prime; &lt; \ud83d\udeb4\u200d\u2642\ufe0f\ud83d\udeb4\u200d\u2642\ufe0f\ud83d\udeb4\u200d\u2642\ufe0f\ud83d\udc97\ud83d\ude97<\/p>\n<p>\ud83c\uddf8\ud83c\uddee <a href=\"https:\/\/twitter.com\/JTratnik?ref_src=twsrc%5Etfw\">@JTratnik<\/a> (TVL)<br \/>\n&#8211; 30&Prime;<br \/>\n\ud83c\uddeb\ud83c\uddf7 <a href=\"https:\/\/twitter.com\/romainbardet?ref_src=twsrc%5Etfw\">@RomainBardet<\/a> (DSM)<br \/>\n\ud83c\uddeb\ud83c\uddf7 <a href=\"https:\/\/twitter.com\/Valent1_Paret?ref_src=twsrc%5Etfw\">@Valent1_Paret<\/a> (DAT)<br \/>\n\ud83c\uddee\ud83c\uddf9 <a href=\"https:\/\/twitter.com\/AndreaBagioli?ref_src=twsrc%5Etfw\">@AndreaBagioli<\/a> (LTK)<br \/>\n\ud83c\uddee\ud83c\uddf9 <a href=\"https:\/\/twitter.com\/frigomarco_?ref_src=twsrc%5Etfw\">@frigomarco_<\/a> (IPT)<a href=\"https:\/\/twitter.com\/hashtag\/GirodItalia?src=hash&amp;ref_src=twsrc%5Etfw\">#GirodItalia<\/a> <a href=\"https:\/\/t.co\/qMcfnLO7Ki\">pic.twitter.com\/qMcfnLO7Ki<\/a><\/p>\n<p>\u2014 Giro d&rsquo;Italia (@giroditalia) <a href=\"https:\/\/twitter.com\/giroditalia\/status\/1790382952167121021?ref_src=twsrc%5Etfw\">May 14, 2024<\/a><\/p><\/blockquote>\n<p><script async src=\"https:\/\/platform.twitter.com\/widgets.js\" charset=\"utf-8\"><\/script><\/p>\n<h2 style=\"text-align: justify;\">Le num\u00e9ro de Tratnik, Paret-Peintre en feu<\/h2>\n<p style=\"text-align: justify;\">Tratnik aborde donc l&rsquo;ascension finale en t\u00eate et creuse progressivement l&rsquo;\u00e9cart sur ses poursuivants dans les premi\u00e8res pentes de la Bocca della Selva. Le Slov\u00e8ne prend plus d&rsquo;une minute d&rsquo;avance. Le troisi\u00e8me groupe est alors d\u00e9j\u00e0 battu et ne reviendra pas sur l&rsquo;avant. Sentant le feu, les Fran\u00e7ais <strong>Valentin Paret-Peintre<\/strong> et <strong>Romain Bardet<\/strong> acc\u00e9l\u00e8rent drastiquement dans le groupe de contre et l\u00e2chent leurs deux comp\u00e8res. Le duo tricolore reprend quelques secondes, mais bute sur le Slov\u00e8ne.<\/p>\n<p style=\"text-align: justify;\">Avec des pourcentages plus violents dans les quatre derni\u00e8res bornes, Jan Tratnik va commencer \u00e0 baisser pavillon. <strong>Valentin Paret-Peintre<\/strong> caresse lui les p\u00e9dales et sort<strong> Romain Bardet<\/strong> de sa roue pour aller avaler le Slov\u00e8ne. Au bout de son effort, ce dernier ne peut plus suivre. Seul au monde, le jeune coureur fran\u00e7ais s&rsquo;envole sur les pentes de la Bocca della Selva. \u00c0 23 ans, le coureur de la Decathlon AG2R La Mondiale va ainsi lever les bras et s&rsquo;offrir la premi\u00e8re victoire de sa carri\u00e8re en ayant \u00e9t\u00e9 le plus malin et le plus fort dans un groupe de vingt-six coureurs cinq \u00e9toiles ! <strong>Romain Bardet<\/strong> \u00e9choue lui en 2e position, mais reprend du temps au classement g\u00e9n\u00e9ral. \u00c0 noter \u00e9galement la place dans le Top 10 gratt\u00e9e par <strong>Aur\u00e9lien Paret-Peintre<\/strong>, 5e.<\/p>\n<p style=\"text-align: justify;\">Le peloton aura donc laiss\u00e9 la victoire d&rsquo;\u00e9tape se jouer \u00e0 l&rsquo;avant. Au train, l&rsquo;\u00e9cr\u00e9mage va se r\u00e9aliser par l&rsquo;arri\u00e8re, mais les principaux favoris ne vont pas \u00eatre inqui\u00e9t\u00e9s. Ces derniers vont se jauger avec de faibles attaques, mais finiront par arriver group\u00e9s. Seuls <strong>Cian Uijtdebroeks<\/strong> (Visma Lease a bike) va perdre quelques secondes. <strong>Tadej Pogacar<\/strong> (UAE Team Emirates) conserve donc le maillot rose, et les positions n&rsquo;ont pas boug\u00e9 dans les plus hautes positions.<\/p>\n<blockquote class=\"twitter-tweet\">\n<p dir=\"ltr\" lang=\"fr\">\ud83c\uddeb\ud83c\uddf7\ud83d\ude0d \ud835\udc03\ud835\udc28\ud835\udc2e\ud835\udc1b\ud835\udc25\u00e9 \ud835\udc1f\ud835\udc2b\ud835\udc1a\ud835\udc27\u00e7\ud835\udc1a\ud835\udc22\ud835\udc2c \ud835\udc2c\ud835\udc2e\ud835\udc2b \ud835\udc25\ud835\udc1e \ud835\udc06\ud835\udc22\ud835\udc2b\ud835\udc28 ! \ud83d\ude0d\ud83c\uddeb\ud83c\uddf7<\/p>\n<p>Valentin Paret-Peintre s&rsquo;offre la 10e \u00e9tape du Tour d&rsquo;Italie et son premier succ\u00e8s pro devant Romain Bardet \u00e0 Cusano Mutri <a href=\"https:\/\/twitter.com\/hashtag\/Giro?src=hash&amp;ref_src=twsrc%5Etfw\">#Giro<\/a> <a href=\"https:\/\/twitter.com\/hashtag\/LesRP?src=hash&amp;ref_src=twsrc%5Etfw\">#LesRP<\/a> <a href=\"https:\/\/t.co\/tbbNN3GpGp\">pic.twitter.com\/tbbNN3GpGp<\/a><\/p>\n<p>\u2014 Eurosport France (@Eurosport_FR) <a href=\"https:\/\/twitter.com\/Eurosport_FR\/status\/1790399390999248925?ref_src=twsrc%5Etfw\">May 14, 2024<\/a><\/p><\/blockquote>\n<p><script async src=\"https:\/\/platform.twitter.com\/widgets.js\" charset=\"utf-8\"><\/script><\/p>\n","protected":false},"excerpt":{"rendered":"<p>TOUR D&rsquo;ITALIE 2024 &#8211; Valentin Paret-Peintre (Decathlon AG2R) a d\u00e9croch\u00e9 ce mardi la premi\u00e8re victoire\u00a0 de sa carri\u00e8re. Le jeune grimpeur de 23 ans a confirm\u00e9 les bonnes dispositions entraper\u00e7ues dans la premi\u00e8re semaine en tirant son \u00e9pingle du jeu dans une \u00e9chapp\u00e9e royale. Romain Bardet (DSM-Firmenich) \u00e9choue en 2e position mais reprend du temps dans un classement g\u00e9n\u00e9ral toujours domin\u00e9 sereinement par Tadej Pogacar (Team UAE).<\/p>\n","protected":false},"author":55,"featured_media":485610,"comment_status":"open","ping_status":"closed","sticky":false,"template":"","format":"standard","meta":{"_acf_changed":false,"_daextam_enable_autolinks":"1","footnotes":""},"categories":[47041],"tags":[16878,574,24,4722],"class_list":["post-485565","post","type-post","status-publish","format-standard","has-post-thumbnail","hentry","category-tour-d-italie","tag-breve","tag-cyclisme","tag-sport","tag-tour-ditalie"],"acf":[],"yoast_head":"<!-- This site is optimized with the Yoast SEO Premium plugin v26.7 (Yoast SEO v26.7) - https:\/\/yoast.com\/wordpress\/plugins\/seo\/ -->\n<title>Tour d&#039;Italie 2024 : Valentin Paret-Peintre ouvre son palmar\u00e8s professionnel sur la 10e \u00e9tape !<\/title>\n<meta name=\"description\" content=\"TOUR D&#039;ITALIE 2024 - Valentin Paret-Peintre a remport\u00e9 la premi\u00e8re victoire de sa carri\u00e8re professionnelle sur la 10e \u00e9tape !\" \/>\n<meta name=\"robots\" content=\"index, follow, max-snippet:-1, max-image-preview:large, max-video-preview:-1\" \/>\n<link rel=\"canonical\" href=\"https:\/\/dicodusport.fr\/blog\/tour-ditalie-2024-valentin-paret-peintre-ouvre-son-palmares-professionnel-sur-la-10e-etape\/\" \/>\n<meta property=\"og:locale\" content=\"fr_FR\" \/>\n<meta property=\"og:type\" content=\"article\" \/>\n<meta property=\"og:title\" content=\"Tour d&#039;Italie 2024 : Valentin Paret-Peintre ouvre son palmar\u00e8s professionnel sur la 10e \u00e9tape !\" \/>\n<meta property=\"og:description\" content=\"TOUR D&#039;ITALIE 2024 - Valentin Paret-Peintre a remport\u00e9 la premi\u00e8re victoire de sa carri\u00e8re professionnelle sur la 10e \u00e9tape !\" \/>\n<meta property=\"og:url\" content=\"https:\/\/dicodusport.fr\/blog\/tour-ditalie-2024-valentin-paret-peintre-ouvre-son-palmares-professionnel-sur-la-10e-etape\/\" \/>\n<meta property=\"og:site_name\" content=\"Dicodusport\" \/>\n<meta property=\"article:publisher\" content=\"https:\/\/www.facebook.com\/dicodusport\" \/>\n<meta property=\"article:published_time\" content=\"2024-05-14T15:08:12+00:00\" \/>\n<meta property=\"article:modified_time\" content=\"2024-05-14T15:33:04+00:00\" \/>\n<meta property=\"og:image\" content=\"https:\/\/dicodusport.fr\/blog\/wp-content\/uploads\/2024\/05\/Tour-dItalie-2024-Valentin-Paret-Peintre-ouvre-son-palmares-professionnel-sur-la-10e-etape-1-1.png\" \/>\n\t<meta property=\"og:image:width\" content=\"1200\" \/>\n\t<meta property=\"og:image:height\" content=\"674\" \/>\n\t<meta property=\"og:image:type\" content=\"image\/png\" \/>\n<meta name=\"author\" content=\"Maxime Cazenave\" \/>\n<meta name=\"twitter:card\" content=\"summary_large_image\" \/>\n<meta name=\"twitter:title\" content=\"Tour d&#039;Italie 2024 : Valentin Paret-Peintre ouvre son palmar\u00e8s professionnel sur la 10e \u00e9tape !\" \/>\n<meta name=\"twitter:creator\" content=\"@https:\/\/twitter.com\/Maxime_Caze\" \/>\n<meta name=\"twitter:site\" content=\"@dicodusport\" \/>\n<script type=\"application\/ld+json\" class=\"yoast-schema-graph\">{\"@context\":\"https:\/\/schema.org\",\"@graph\":[{\"@type\":\"NewsArticle\",\"@id\":\"https:\/\/dicodusport.fr\/blog\/tour-ditalie-2024-valentin-paret-peintre-ouvre-son-palmares-professionnel-sur-la-10e-etape\/#article\",\"isPartOf\":{\"@id\":\"https:\/\/dicodusport.fr\/blog\/tour-ditalie-2024-valentin-paret-peintre-ouvre-son-palmares-professionnel-sur-la-10e-etape\/\"},\"author\":{\"name\":\"Maxime Cazenave\",\"@id\":\"https:\/\/dicodusport.fr\/blog\/#\/schema\/person\/37def232098a7a5cbab3974a3690abb0\"},\"headline\":\"Tour d&rsquo;Italie 2024 : Valentin Paret-Peintre ouvre son palmar\u00e8s professionnel sur la 10e \u00e9tape !\",\"datePublished\":\"2024-05-14T15:08:12+00:00\",\"dateModified\":\"2024-05-14T15:33:04+00:00\",\"mainEntityOfPage\":{\"@id\":\"https:\/\/dicodusport.fr\/blog\/tour-ditalie-2024-valentin-paret-peintre-ouvre-son-palmares-professionnel-sur-la-10e-etape\/\"},\"wordCount\":860,\"commentCount\":0,\"publisher\":{\"@id\":\"https:\/\/dicodusport.fr\/blog\/#organization\"},\"image\":{\"@id\":\"https:\/\/dicodusport.fr\/blog\/tour-ditalie-2024-valentin-paret-peintre-ouvre-son-palmares-professionnel-sur-la-10e-etape\/#primaryimage\"},\"thumbnailUrl\":\"https:\/\/dicodusport.fr\/blog\/wp-content\/uploads\/2024\/05\/Tour-dItalie-2024-Valentin-Paret-Peintre-ouvre-son-palmares-professionnel-sur-la-10e-etape-1-1.png\",\"keywords\":[\"br\u00e8ve\",\"Cyclisme\",\"sport\",\"Tour d'Italie\"],\"articleSection\":[\"Tour d'Italie\"],\"inLanguage\":\"fr-FR\",\"potentialAction\":[{\"@type\":\"CommentAction\",\"name\":\"Comment\",\"target\":[\"https:\/\/dicodusport.fr\/blog\/tour-ditalie-2024-valentin-paret-peintre-ouvre-son-palmares-professionnel-sur-la-10e-etape\/#respond\"]}],\"copyrightYear\":\"2024\",\"copyrightHolder\":{\"@id\":\"https:\/\/dicodusport.fr\/blog\/#organization\"}},{\"@type\":\"WebPage\",\"@id\":\"https:\/\/dicodusport.fr\/blog\/tour-ditalie-2024-valentin-paret-peintre-ouvre-son-palmares-professionnel-sur-la-10e-etape\/\",\"url\":\"https:\/\/dicodusport.fr\/blog\/tour-ditalie-2024-valentin-paret-peintre-ouvre-son-palmares-professionnel-sur-la-10e-etape\/\",\"name\":\"Tour d'Italie 2024 : Valentin Paret-Peintre ouvre son palmar\u00e8s professionnel sur la 10e \u00e9tape !\",\"isPartOf\":{\"@id\":\"https:\/\/dicodusport.fr\/blog\/#website\"},\"primaryImageOfPage\":{\"@id\":\"https:\/\/dicodusport.fr\/blog\/tour-ditalie-2024-valentin-paret-peintre-ouvre-son-palmares-professionnel-sur-la-10e-etape\/#primaryimage\"},\"image\":{\"@id\":\"https:\/\/dicodusport.fr\/blog\/tour-ditalie-2024-valentin-paret-peintre-ouvre-son-palmares-professionnel-sur-la-10e-etape\/#primaryimage\"},\"thumbnailUrl\":\"https:\/\/dicodusport.fr\/blog\/wp-content\/uploads\/2024\/05\/Tour-dItalie-2024-Valentin-Paret-Peintre-ouvre-son-palmares-professionnel-sur-la-10e-etape-1-1.png\",\"datePublished\":\"2024-05-14T15:08:12+00:00\",\"dateModified\":\"2024-05-14T15:33:04+00:00\",\"description\":\"TOUR D'ITALIE 2024 - Valentin Paret-Peintre a remport\u00e9 la premi\u00e8re victoire de sa carri\u00e8re professionnelle sur la 10e \u00e9tape !\",\"breadcrumb\":{\"@id\":\"https:\/\/dicodusport.fr\/blog\/tour-ditalie-2024-valentin-paret-peintre-ouvre-son-palmares-professionnel-sur-la-10e-etape\/#breadcrumb\"},\"inLanguage\":\"fr-FR\",\"potentialAction\":[{\"@type\":\"ReadAction\",\"target\":[\"https:\/\/dicodusport.fr\/blog\/tour-ditalie-2024-valentin-paret-peintre-ouvre-son-palmares-professionnel-sur-la-10e-etape\/\"]}]},{\"@type\":\"ImageObject\",\"inLanguage\":\"fr-FR\",\"@id\":\"https:\/\/dicodusport.fr\/blog\/tour-ditalie-2024-valentin-paret-peintre-ouvre-son-palmares-professionnel-sur-la-10e-etape\/#primaryimage\",\"url\":\"https:\/\/dicodusport.fr\/blog\/wp-content\/uploads\/2024\/05\/Tour-dItalie-2024-Valentin-Paret-Peintre-ouvre-son-palmares-professionnel-sur-la-10e-etape-1-1.png\",\"contentUrl\":\"https:\/\/dicodusport.fr\/blog\/wp-content\/uploads\/2024\/05\/Tour-dItalie-2024-Valentin-Paret-Peintre-ouvre-son-palmares-professionnel-sur-la-10e-etape-1-1.png\",\"width\":1200,\"height\":674,\"caption\":\"Tour d'Italie 2024 Valentin Paret-Peintre ouvre son palmar\u00e8s professionnel sur la 10e \u00e9tape !\"},{\"@type\":\"BreadcrumbList\",\"@id\":\"https:\/\/dicodusport.fr\/blog\/tour-ditalie-2024-valentin-paret-peintre-ouvre-son-palmares-professionnel-sur-la-10e-etape\/#breadcrumb\",\"itemListElement\":[{\"@type\":\"ListItem\",\"position\":1,\"name\":\"Accueil\",\"item\":\"https:\/\/dicodusport.fr\/blog\/\"},{\"@type\":\"ListItem\",\"position\":2,\"name\":\"Tour d&rsquo;Italie 2024 : Valentin Paret-Peintre ouvre son palmar\u00e8s professionnel sur la 10e \u00e9tape !\"}]},{\"@type\":\"WebSite\",\"@id\":\"https:\/\/dicodusport.fr\/blog\/#website\",\"url\":\"https:\/\/dicodusport.fr\/blog\/\",\"name\":\"Dicodusport\",\"description\":\"L&#039;encyclop\u00e9die de l&#039;actualit\u00e9 sportive\",\"publisher\":{\"@id\":\"https:\/\/dicodusport.fr\/blog\/#organization\"},\"potentialAction\":[{\"@type\":\"SearchAction\",\"target\":{\"@type\":\"EntryPoint\",\"urlTemplate\":\"https:\/\/dicodusport.fr\/blog\/?s={search_term_string}\"},\"query-input\":{\"@type\":\"PropertyValueSpecification\",\"valueRequired\":true,\"valueName\":\"search_term_string\"}}],\"inLanguage\":\"fr-FR\"},{\"@type\":\"NewsMediaOrganization\",\"@id\":\"https:\/\/dicodusport.fr\/blog\/#organization\",\"name\":\"Dicodusport\",\"url\":\"https:\/\/dicodusport.fr\/blog\/\",\"logo\":{\"@type\":\"ImageObject\",\"inLanguage\":\"fr-FR\",\"@id\":\"https:\/\/dicodusport.fr\/blog\/#\/schema\/logo\/image\/\",\"url\":\"https:\/\/dicodusport.fr\/blog\/wp-content\/uploads\/2020\/06\/cropped-LOGO-DICODUSPORT-2020-SANS-FOND-SANS-TEXTE.png\",\"contentUrl\":\"https:\/\/dicodusport.fr\/blog\/wp-content\/uploads\/2020\/06\/cropped-LOGO-DICODUSPORT-2020-SANS-FOND-SANS-TEXTE.png\",\"width\":512,\"height\":512,\"caption\":\"Dicodusport\"},\"image\":{\"@id\":\"https:\/\/dicodusport.fr\/blog\/#\/schema\/logo\/image\/\"},\"sameAs\":[\"https:\/\/www.facebook.com\/dicodusport\",\"https:\/\/x.com\/dicodusport\",\"https:\/\/www.instagram.com\/dicodusport\/\",\"https:\/\/www.youtube.com\/channel\/UC7V2KZ5sd3htJivAbA4ZG3w\"],\"description\":\"Dicodusport est l'encyclop\u00e9die de l'actualit\u00e9 sportive.\",\"email\":\"bonjour@dicodusport.fr\",\"legalName\":\"DICODUSPORT\",\"foundingDate\":\"2018-01-14\",\"vatID\":\"FR71834470973\",\"taxID\":\"83447097300043\",\"numberOfEmployees\":{\"@type\":\"QuantitativeValue\",\"minValue\":\"1\",\"maxValue\":\"10\"}},{\"@type\":\"Person\",\"@id\":\"https:\/\/dicodusport.fr\/blog\/#\/schema\/person\/37def232098a7a5cbab3974a3690abb0\",\"name\":\"Maxime Cazenave\",\"image\":{\"@type\":\"ImageObject\",\"inLanguage\":\"fr-FR\",\"@id\":\"https:\/\/dicodusport.fr\/blog\/#\/schema\/person\/image\/\",\"url\":\"https:\/\/dicodusport.fr\/blog\/wp-content\/uploads\/2021\/05\/Maxime-Cazenave-150x150.jpg\",\"contentUrl\":\"https:\/\/dicodusport.fr\/blog\/wp-content\/uploads\/2021\/05\/Maxime-Cazenave-150x150.jpg\",\"caption\":\"Maxime Cazenave\"},\"description\":\"Journaliste\/R\u00e9dacteur depuis 2012 - Berc\u00e9 par l\u2019amour des Girondins de Bordeaux, les \u00e9checs de Christophe Moreau sur le Tour de France sous l'\u00e8re Lance Armstrong et le fade-away l\u00e9tal de Dirk Nowitzki, ma passion d\u00e9vorante pour le sport a toujours \u00e9t\u00e9 un pan incontournable de ma vie. Transmettre ma passion \u00e0 l\u2019\u00e9crit a \u00e9t\u00e9 une transition naturelle. Suiveur assidu de basket et de hockey sur glace, je garde toujours un peu de place pour suivre le cyclisme, le football et le maximum de performances fran\u00e7aises.\",\"sameAs\":[\"https:\/\/x.com\/https:\/\/twitter.com\/Maxime_Caze\"],\"url\":\"https:\/\/dicodusport.fr\/blog\/author\/maximec\/\"}]}<\/script>\n<!-- \/ Yoast SEO Premium plugin. -->","yoast_head_json":{"title":"Tour d'Italie 2024 : Valentin Paret-Peintre ouvre son palmar\u00e8s professionnel sur la 10e \u00e9tape !","description":"TOUR D'ITALIE 2024 - Valentin Paret-Peintre a remport\u00e9 la premi\u00e8re victoire de sa carri\u00e8re professionnelle sur la 10e \u00e9tape !","robots":{"index":"index","follow":"follow","max-snippet":"max-snippet:-1","max-image-preview":"max-image-preview:large","max-video-preview":"max-video-preview:-1"},"canonical":"https:\/\/dicodusport.fr\/blog\/tour-ditalie-2024-valentin-paret-peintre-ouvre-son-palmares-professionnel-sur-la-10e-etape\/","og_locale":"fr_FR","og_type":"article","og_title":"Tour d'Italie 2024 : Valentin Paret-Peintre ouvre son palmar\u00e8s professionnel sur la 10e \u00e9tape !","og_description":"TOUR D'ITALIE 2024 - Valentin Paret-Peintre a remport\u00e9 la premi\u00e8re victoire de sa carri\u00e8re professionnelle sur la 10e \u00e9tape !","og_url":"https:\/\/dicodusport.fr\/blog\/tour-ditalie-2024-valentin-paret-peintre-ouvre-son-palmares-professionnel-sur-la-10e-etape\/","og_site_name":"Dicodusport","article_publisher":"https:\/\/www.facebook.com\/dicodusport","article_published_time":"2024-05-14T15:08:12+00:00","article_modified_time":"2024-05-14T15:33:04+00:00","og_image":[{"width":1200,"height":674,"url":"https:\/\/dicodusport.fr\/blog\/wp-content\/uploads\/2024\/05\/Tour-dItalie-2024-Valentin-Paret-Peintre-ouvre-son-palmares-professionnel-sur-la-10e-etape-1-1.png","type":"image\/png"}],"author":"Maxime Cazenave","twitter_card":"summary_large_image","twitter_title":"Tour d'Italie 2024 : Valentin Paret-Peintre ouvre son palmar\u00e8s professionnel sur la 10e \u00e9tape !","twitter_creator":"@https:\/\/twitter.com\/Maxime_Caze","twitter_site":"@dicodusport","schema":{"@context":"https:\/\/schema.org","@graph":[{"@type":"NewsArticle","@id":"https:\/\/dicodusport.fr\/blog\/tour-ditalie-2024-valentin-paret-peintre-ouvre-son-palmares-professionnel-sur-la-10e-etape\/#article","isPartOf":{"@id":"https:\/\/dicodusport.fr\/blog\/tour-ditalie-2024-valentin-paret-peintre-ouvre-son-palmares-professionnel-sur-la-10e-etape\/"},"author":{"name":"Maxime Cazenave","@id":"https:\/\/dicodusport.fr\/blog\/#\/schema\/person\/37def232098a7a5cbab3974a3690abb0"},"headline":"Tour d&rsquo;Italie 2024 : Valentin Paret-Peintre ouvre son palmar\u00e8s professionnel sur la 10e \u00e9tape !","datePublished":"2024-05-14T15:08:12+00:00","dateModified":"2024-05-14T15:33:04+00:00","mainEntityOfPage":{"@id":"https:\/\/dicodusport.fr\/blog\/tour-ditalie-2024-valentin-paret-peintre-ouvre-son-palmares-professionnel-sur-la-10e-etape\/"},"wordCount":860,"commentCount":0,"publisher":{"@id":"https:\/\/dicodusport.fr\/blog\/#organization"},"image":{"@id":"https:\/\/dicodusport.fr\/blog\/tour-ditalie-2024-valentin-paret-peintre-ouvre-son-palmares-professionnel-sur-la-10e-etape\/#primaryimage"},"thumbnailUrl":"https:\/\/dicodusport.fr\/blog\/wp-content\/uploads\/2024\/05\/Tour-dItalie-2024-Valentin-Paret-Peintre-ouvre-son-palmares-professionnel-sur-la-10e-etape-1-1.png","keywords":["br\u00e8ve","Cyclisme","sport","Tour d'Italie"],"articleSection":["Tour d'Italie"],"inLanguage":"fr-FR","potentialAction":[{"@type":"CommentAction","name":"Comment","target":["https:\/\/dicodusport.fr\/blog\/tour-ditalie-2024-valentin-paret-peintre-ouvre-son-palmares-professionnel-sur-la-10e-etape\/#respond"]}],"copyrightYear":"2024","copyrightHolder":{"@id":"https:\/\/dicodusport.fr\/blog\/#organization"}},{"@type":"WebPage","@id":"https:\/\/dicodusport.fr\/blog\/tour-ditalie-2024-valentin-paret-peintre-ouvre-son-palmares-professionnel-sur-la-10e-etape\/","url":"https:\/\/dicodusport.fr\/blog\/tour-ditalie-2024-valentin-paret-peintre-ouvre-son-palmares-professionnel-sur-la-10e-etape\/","name":"Tour d'Italie 2024 : Valentin Paret-Peintre ouvre son palmar\u00e8s professionnel sur la 10e \u00e9tape !","isPartOf":{"@id":"https:\/\/dicodusport.fr\/blog\/#website"},"primaryImageOfPage":{"@id":"https:\/\/dicodusport.fr\/blog\/tour-ditalie-2024-valentin-paret-peintre-ouvre-son-palmares-professionnel-sur-la-10e-etape\/#primaryimage"},"image":{"@id":"https:\/\/dicodusport.fr\/blog\/tour-ditalie-2024-valentin-paret-peintre-ouvre-son-palmares-professionnel-sur-la-10e-etape\/#primaryimage"},"thumbnailUrl":"https:\/\/dicodusport.fr\/blog\/wp-content\/uploads\/2024\/05\/Tour-dItalie-2024-Valentin-Paret-Peintre-ouvre-son-palmares-professionnel-sur-la-10e-etape-1-1.png","datePublished":"2024-05-14T15:08:12+00:00","dateModified":"2024-05-14T15:33:04+00:00","description":"TOUR D'ITALIE 2024 - Valentin Paret-Peintre a remport\u00e9 la premi\u00e8re victoire de sa carri\u00e8re professionnelle sur la 10e \u00e9tape !","breadcrumb":{"@id":"https:\/\/dicodusport.fr\/blog\/tour-ditalie-2024-valentin-paret-peintre-ouvre-son-palmares-professionnel-sur-la-10e-etape\/#breadcrumb"},"inLanguage":"fr-FR","potentialAction":[{"@type":"ReadAction","target":["https:\/\/dicodusport.fr\/blog\/tour-ditalie-2024-valentin-paret-peintre-ouvre-son-palmares-professionnel-sur-la-10e-etape\/"]}]},{"@type":"ImageObject","inLanguage":"fr-FR","@id":"https:\/\/dicodusport.fr\/blog\/tour-ditalie-2024-valentin-paret-peintre-ouvre-son-palmares-professionnel-sur-la-10e-etape\/#primaryimage","url":"https:\/\/dicodusport.fr\/blog\/wp-content\/uploads\/2024\/05\/Tour-dItalie-2024-Valentin-Paret-Peintre-ouvre-son-palmares-professionnel-sur-la-10e-etape-1-1.png","contentUrl":"https:\/\/dicodusport.fr\/blog\/wp-content\/uploads\/2024\/05\/Tour-dItalie-2024-Valentin-Paret-Peintre-ouvre-son-palmares-professionnel-sur-la-10e-etape-1-1.png","width":1200,"height":674,"caption":"Tour d'Italie 2024 Valentin Paret-Peintre ouvre son palmar\u00e8s professionnel sur la 10e \u00e9tape !"},{"@type":"BreadcrumbList","@id":"https:\/\/dicodusport.fr\/blog\/tour-ditalie-2024-valentin-paret-peintre-ouvre-son-palmares-professionnel-sur-la-10e-etape\/#breadcrumb","itemListElement":[{"@type":"ListItem","position":1,"name":"Accueil","item":"https:\/\/dicodusport.fr\/blog\/"},{"@type":"ListItem","position":2,"name":"Tour d&rsquo;Italie 2024 : Valentin Paret-Peintre ouvre son palmar\u00e8s professionnel sur la 10e \u00e9tape !"}]},{"@type":"WebSite","@id":"https:\/\/dicodusport.fr\/blog\/#website","url":"https:\/\/dicodusport.fr\/blog\/","name":"Dicodusport","description":"L&#039;encyclop\u00e9die de l&#039;actualit\u00e9 sportive","publisher":{"@id":"https:\/\/dicodusport.fr\/blog\/#organization"},"potentialAction":[{"@type":"SearchAction","target":{"@type":"EntryPoint","urlTemplate":"https:\/\/dicodusport.fr\/blog\/?s={search_term_string}"},"query-input":{"@type":"PropertyValueSpecification","valueRequired":true,"valueName":"search_term_string"}}],"inLanguage":"fr-FR"},{"@type":"NewsMediaOrganization","@id":"https:\/\/dicodusport.fr\/blog\/#organization","name":"Dicodusport","url":"https:\/\/dicodusport.fr\/blog\/","logo":{"@type":"ImageObject","inLanguage":"fr-FR","@id":"https:\/\/dicodusport.fr\/blog\/#\/schema\/logo\/image\/","url":"https:\/\/dicodusport.fr\/blog\/wp-content\/uploads\/2020\/06\/cropped-LOGO-DICODUSPORT-2020-SANS-FOND-SANS-TEXTE.png","contentUrl":"https:\/\/dicodusport.fr\/blog\/wp-content\/uploads\/2020\/06\/cropped-LOGO-DICODUSPORT-2020-SANS-FOND-SANS-TEXTE.png","width":512,"height":512,"caption":"Dicodusport"},"image":{"@id":"https:\/\/dicodusport.fr\/blog\/#\/schema\/logo\/image\/"},"sameAs":["https:\/\/www.facebook.com\/dicodusport","https:\/\/x.com\/dicodusport","https:\/\/www.instagram.com\/dicodusport\/","https:\/\/www.youtube.com\/channel\/UC7V2KZ5sd3htJivAbA4ZG3w"],"description":"Dicodusport est l'encyclop\u00e9die de l'actualit\u00e9 sportive.","email":"bonjour@dicodusport.fr","legalName":"DICODUSPORT","foundingDate":"2018-01-14","vatID":"FR71834470973","taxID":"83447097300043","numberOfEmployees":{"@type":"QuantitativeValue","minValue":"1","maxValue":"10"}},{"@type":"Person","@id":"https:\/\/dicodusport.fr\/blog\/#\/schema\/person\/37def232098a7a5cbab3974a3690abb0","name":"Maxime Cazenave","image":{"@type":"ImageObject","inLanguage":"fr-FR","@id":"https:\/\/dicodusport.fr\/blog\/#\/schema\/person\/image\/","url":"https:\/\/dicodusport.fr\/blog\/wp-content\/uploads\/2021\/05\/Maxime-Cazenave-150x150.jpg","contentUrl":"https:\/\/dicodusport.fr\/blog\/wp-content\/uploads\/2021\/05\/Maxime-Cazenave-150x150.jpg","caption":"Maxime Cazenave"},"description":"Journaliste\/R\u00e9dacteur depuis 2012 - Berc\u00e9 par l\u2019amour des Girondins de Bordeaux, les \u00e9checs de Christophe Moreau sur le Tour de France sous l'\u00e8re Lance Armstrong et le fade-away l\u00e9tal de Dirk Nowitzki, ma passion d\u00e9vorante pour le sport a toujours \u00e9t\u00e9 un pan incontournable de ma vie. Transmettre ma passion \u00e0 l\u2019\u00e9crit a \u00e9t\u00e9 une transition naturelle. Suiveur assidu de basket et de hockey sur glace, je garde toujours un peu de place pour suivre le cyclisme, le football et le maximum de performances fran\u00e7aises.","sameAs":["https:\/\/x.com\/https:\/\/twitter.com\/Maxime_Caze"],"url":"https:\/\/dicodusport.fr\/blog\/author\/maximec\/"}]}},"_links":{"self":[{"href":"https:\/\/dicodusport.fr\/blog\/wp-json\/wp\/v2\/posts\/485565","targetHints":{"allow":["GET"]}}],"collection":[{"href":"https:\/\/dicodusport.fr\/blog\/wp-json\/wp\/v2\/posts"}],"about":[{"href":"https:\/\/dicodusport.fr\/blog\/wp-json\/wp\/v2\/types\/post"}],"author":[{"embeddable":true,"href":"https:\/\/dicodusport.fr\/blog\/wp-json\/wp\/v2\/users\/55"}],"replies":[{"embeddable":true,"href":"https:\/\/dicodusport.fr\/blog\/wp-json\/wp\/v2\/comments?post=485565"}],"version-history":[{"count":6,"href":"https:\/\/dicodusport.fr\/blog\/wp-json\/wp\/v2\/posts\/485565\/revisions"}],"predecessor-version":[{"id":485613,"href":"https:\/\/dicodusport.fr\/blog\/wp-json\/wp\/v2\/posts\/485565\/revisions\/485613"}],"wp:featuredmedia":[{"embeddable":true,"href":"https:\/\/dicodusport.fr\/blog\/wp-json\/wp\/v2\/media\/485610"}],"wp:attachment":[{"href":"https:\/\/dicodusport.fr\/blog\/wp-json\/wp\/v2\/media?parent=485565"}],"wp:term":[{"taxonomy":"category","embeddable":true,"href":"https:\/\/dicodusport.fr\/blog\/wp-json\/wp\/v2\/categories?post=485565"},{"taxonomy":"post_tag","embeddable":true,"href":"https:\/\/dicodusport.fr\/blog\/wp-json\/wp\/v2\/tags?post=485565"}],"curies":[{"name":"wp","href":"https:\/\/api.w.org\/{rel}","templated":true}]}}