{"id":48557,"date":"2019-09-21T10:00:50","date_gmt":"2019-09-21T08:00:50","guid":{"rendered":"http:\/\/dicodusport.fr\/blog\/?p=48557&#038;preview=true&#038;preview_id=48557"},"modified":"2023-02-02T14:06:36","modified_gmt":"2023-02-02T13:06:36","slug":"mondiaux-athletisme-focus-sur-le-3000m-steeple","status":"publish","type":"post","link":"https:\/\/dicodusport.fr\/blog\/mondiaux-athletisme-focus-sur-le-3000m-steeple\/","title":{"rendered":"Mondiaux d&rsquo;athl\u00e9tisme : focus sur le 3000 m steeple"},"content":{"rendered":"<p style=\"text-align: justify;\"><strong><em>\u00c0 quelques jours des Mondiaux d&rsquo;athl\u00e9tisme \u00e0 Doha, Dicodusport vous propose un focus sur les athl\u00e8tes \u00e0 suivre pour chaque \u00e9preuve.\u00a0Aujourd&rsquo;hui, place au 3000 m steeple.<br \/>\n<\/em><\/strong><\/p>\n<p style=\"text-align: justify;\">Champion olympique et du monde en titre, <strong>Conseslus Kipruto<\/strong> n&rsquo;est pas au meilleur de sa forme. \u00c9loign\u00e9 des pistes pendant 5 mois en raison d&rsquo;une fracture de fatigue du talus du pied gauche, il a seulement couru trois fois cette saison et n&rsquo;a pas fini sa course aux Jeux Africains. Pareil aux s\u00e9lections k\u00e9nyanes il y a quelques jours o\u00f9 il a abandonn\u00e9 apr\u00e8s quatre tours d&rsquo;une course qui a d\u00e9but\u00e9 rapidement. D\u00e9j\u00e0 qualifi\u00e9 pour les Mondiaux en tant que champion du monde, il n&rsquo;\u00e9tait pas vraiment pr\u00e9par\u00e9 et a voulu faire plaisir aux fans. Arrivera-t-il \u00e0 retrouver son niveau \u00e0 Doha ? Il a en tout cas un voeu, qu&rsquo;un <strong>K\u00e9nyan s&#8217;empare du record du monde<\/strong>, au pays de l&rsquo;actuel d\u00e9tenteur du record depuis 15 ans :<strong> Saif Saaeed Shaheen<\/strong> (7&rsquo;53&Prime;63). S\u00fbr de lui, il sait qu&rsquo;il arrivera en forme \u00e0 Doha et esp\u00e8re m\u00eame un podium 100 % k\u00e9nyan. Mais la concurrence sera rude.<\/p>\n<div class=\"su-row\">\n<div class=\"su-column su-column-size-1-2\"><div class=\"su-column-inner su-u-clearfix su-u-trim\">\n<\/div><\/div>\n<div class=\"su-column su-column-size-1-2\"><div class=\"su-column-inner su-u-clearfix su-u-trim\">\n<p><strong>Soufiane El Bakkali<\/strong><br \/>\nMaroc \ud83c\uddf2\ud83c\udde6<br \/>\n23 ans<br \/>\n<u><\/u><span style=\"text-decoration: underline;\">Championnats du monde<\/span><br \/>\nM\u00e9daille d&rsquo;argent (2017)<br \/>\n<\/div><\/div><\/div>\n<p>Meilleur performeur de la saison, le Marocain s&rsquo;est impos\u00e9 \u00e0 trois reprises en Diamond League.<\/p>\n<p>Vice-champion du monde en 2017 derri\u00e8re Kipruto, il incarne le <strong>renouveau de l\u2019athl\u00e9tisme marocain.<\/strong> L&rsquo;ann\u00e9e\u00a0derni\u00e8re, il r\u00e9alisait le meilleur chrono de sa carri\u00e8re en <strong>7&rsquo;58&Prime;15<\/strong> sur la m\u00eame piste que celle \u00a0o\u00f9 il a \u00e9tabli la meilleure performance mondiale de la saison cette ann\u00e9e : \u00e0 Monaco (8&rsquo;04&Prime;82). Quatri\u00e8me aux JO 2016, il pourrait \u00eatre l&rsquo;h\u00e9ritier d&rsquo;<strong>Hicham El Guerrouj<\/strong> que le Maroc attend.<\/p>\n<p>Il devra se m\u00e9fier du jeune \u00e9thiopien <strong>Getnet Wale<\/strong> (19 ans) qui l&rsquo;a bloqu\u00e9 lors du sprint final et coiff\u00e9 sur la ligne en finale de la Diamond League \u00e0 Bruxelles.<\/p>\n<hr \/>\n<div class=\"su-row\">\n<div class=\"su-column su-column-size-1-2\"><div class=\"su-column-inner su-u-clearfix su-u-trim\">\n<div id=\"attachment_48551\" style=\"width: 750px\" class=\"wp-caption alignnone\"><a href=\"http:\/\/dicodusport.fr\/blog\/wp-content\/uploads\/2019\/09\/Beatrice-Chepkoech.jpg\"><img loading=\"lazy\" decoding=\"async\" aria-describedby=\"caption-attachment-48551\" class=\"size-large wp-image-48551\" src=\"http:\/\/dicodusport.fr\/blog\/wp-content\/uploads\/2019\/09\/Beatrice-Chepkoech-1024x575.jpg\" alt=\"\" width=\"740\" height=\"416\" srcset=\"https:\/\/dicodusport.fr\/blog\/wp-content\/uploads\/2019\/09\/Beatrice-Chepkoech-1024x575.jpg 1024w, https:\/\/dicodusport.fr\/blog\/wp-content\/uploads\/2019\/09\/Beatrice-Chepkoech-300x169.jpg 300w, https:\/\/dicodusport.fr\/blog\/wp-content\/uploads\/2019\/09\/Beatrice-Chepkoech-768x432.jpg 768w, https:\/\/dicodusport.fr\/blog\/wp-content\/uploads\/2019\/09\/Beatrice-Chepkoech.jpg 1050w\" sizes=\"auto, (max-width: 740px) 100vw, 740px\" \/><\/a><p id=\"caption-attachment-48551\" class=\"wp-caption-text\">\u00a9 AFP<\/p><\/div>\n<\/div><\/div>\n<div class=\"su-column su-column-size-1-2\"><div class=\"su-column-inner su-u-clearfix su-u-trim\">\n<p style=\"text-align: justify;\"><strong>Beatrice Chepkoech<\/strong><br \/>\nKenya \ud83c\uddf0\ud83c\uddea<br \/>\n28 ans<\/div><\/div><\/div>\n<p>Quatri\u00e8me lors des deux grandes derni\u00e8res comp\u00e9titions internationales (JO 2016, Mondiaux 2017), la K\u00e9nyane aspire \u00e0 sa premi\u00e8re m\u00e9daille mondiale. Et elle r\u00eave m\u00eame d&rsquo;un <strong>tripl\u00e9 k\u00e9nyan<\/strong>. Sa deuxi\u00e8me victoire cons\u00e9cutive en finale de la Diamond League \u00e0 Zurich a ouvert une place suppl\u00e9mentaire et elles seront donc 4 K\u00e9nyanes \u00e0 s&rsquo;aligner sur 3000 m steeple : <strong>Beatrice Chepkoech, Hyvin Kiyeng, Celliphine Chespol et Fancy Cherono<\/strong>. Les trois premi\u00e8res cit\u00e9es sont dans le top 6 mondial.<\/p>\n<p>Les K\u00e9nyanes comptent courir en<strong> \u00e9quipe<\/strong> et reconqu\u00e9rir l&rsquo;or mondial et pourquoi pas un podium 100 % k\u00e9nyan. M\u00e9daill\u00e9e de bronze en 2017, Kiyeng estime qu&rsquo;elles ont retenu la le\u00e7on de 2017 lorsque les Am\u00e9ricaines Emma Coburn et Courtney Frerichs avaient fait 1 et 2. Chepkoech \u00e9tait la favorite mais a rat\u00e9 une rivi\u00e8re et a d\u00fb revenir en arri\u00e8re et Kiyeng qui revenait de blessure a d\u00fb se contenter du bronze. Chepkoech est une nouvelle fois favorite et a retenu la le\u00e7on. D\u00e9j\u00e0 assur\u00e9e de sa participation aux Mondiaux gr\u00e2ce \u00e0 sa victoire en Diamond League,\u00a0elle a tout de m\u00eame particip\u00e9 aux Trials pour offrir son soutien \u00e0 ses compatriotes et les pousser \u00e0 aller vite. Chepkoech, Kiyeng (championne du monde 2015) et Chespol (vice-championne du monde U20) ont m\u00eame franchi la ligne d&rsquo;arriv\u00e9e main dans la main.<\/p>\n<div class=\"su-quote su-quote-style-default\"><div class=\"su-quote-inner su-u-clearfix su-u-trim\">C&rsquo;\u00e9tait une manifestation d&rsquo;unit\u00e9 et c&rsquo;est notre plan d&rsquo;aller et conqu\u00e9rir le monde de la m\u00eame mani\u00e8re \u00e0 Doha<\/div><\/div>\n<p>Au meeting de Monaco au mois de juillet 2018, Chepkoech s&rsquo;est empar\u00e9e du record du monde : 8&rsquo;44&Prime;32.<\/p>\n<hr \/>\n<h2>C\u00f4t\u00e9 Fran\u00e7ais<\/h2>\n<p>Le triple m\u00e9daill\u00e9 olympique (argent en 2008 et 2012, bronze en 2016), double m\u00e9daill\u00e9 mondial (bronze en 2011 et 2013) et quadruple champion d&rsquo;Europe (2010, 2012, 2016, 2018) <strong>Mahiedine Mekhissi-Benabbad<\/strong> a d\u00e9clar\u00e9 forfait pour ces Mondiaux suite \u00e0 une op\u00e9ration au tendon d&rsquo;Achille.<\/p>\n<div class=\"su-row\">\n<div class=\"su-column su-column-size-1-2\"><div class=\"su-column-inner su-u-clearfix su-u-trim\">\n<div id=\"attachment_48554\" style=\"width: 750px\" class=\"wp-caption alignnone\"><a href=\"http:\/\/dicodusport.fr\/blog\/wp-content\/uploads\/2019\/09\/Bedrani.jpg\"><img loading=\"lazy\" decoding=\"async\" aria-describedby=\"caption-attachment-48554\" class=\"size-large wp-image-48554\" src=\"http:\/\/dicodusport.fr\/blog\/wp-content\/uploads\/2019\/09\/Bedrani-1024x683.jpg\" alt=\"\" width=\"740\" height=\"494\" srcset=\"https:\/\/dicodusport.fr\/blog\/wp-content\/uploads\/2019\/09\/Bedrani-1024x683.jpg 1024w, https:\/\/dicodusport.fr\/blog\/wp-content\/uploads\/2019\/09\/Bedrani-300x200.jpg 300w, https:\/\/dicodusport.fr\/blog\/wp-content\/uploads\/2019\/09\/Bedrani-768x512.jpg 768w\" sizes=\"auto, (max-width: 740px) 100vw, 740px\" \/><\/a><p id=\"caption-attachment-48554\" class=\"wp-caption-text\">\u00a9 Photoathl\u00e9\/FFA<\/p><\/div>\n<\/div><\/div>\n<div class=\"su-column su-column-size-1-2\"><div class=\"su-column-inner su-u-clearfix su-u-trim\">\n<p style=\"text-align: justify;\"><strong>Djilali Bedrani<\/strong><br \/>\n25 ans<br \/>\n<\/div><\/div>\n<\/div>\n<p style=\"text-align: justify;\">Djilali Bedrani r\u00e9alise une tr\u00e8s belle saison 2019. L&rsquo;ancien militaire de premi\u00e8re classe au 3e R\u00e9giment du Mat\u00e9riel \u00e0 Muret a d\u00e9couvert l&rsquo;athl\u00e9tisme et l&rsquo;endurance apr\u00e8s 8 ans de football. Il a tr\u00e8s bien d\u00e9but\u00e9 l&rsquo;ann\u00e9e en remportant <strong>l&rsquo;or au 3000 m et l&rsquo;argent au 1500 m<\/strong> des Championnats de France en salle. Aux Europe indoor, il a fini quatri\u00e8me puis encha\u00een\u00e9 avec un deuxi\u00e8me titre cons\u00e9cutif de champion de France de cross court. Il a d&rsquo;abord battu son <strong>record sur 15000 m<\/strong> \u00e0 Marseille (3&rsquo;37&Prime;71) avant de battre son <strong>record personnel sur 3000 m steeple<\/strong> au meeting de Monaco (8&rsquo;09&Prime;47). Cette performance l&rsquo;a plac\u00e9 au <strong>quatri\u00e8me rang des meilleurs chronos fran\u00e7ais<\/strong> derri\u00e8re Mahiedine Mekhissi-Benabbad (8&rsquo;00&Prime;09), Bouabdellah Tahri (8&rsquo;01\u203318) et Joseph Mahmoud (8&rsquo;07\u203362). C&rsquo;est finalement une belle r\u00e9compense puisqu&rsquo;avec son coach, ils avaient planifi\u00e9 d&rsquo;atteindre son pic de forme \u00e0 Monaco.<\/p>\n<p style=\"text-align: justify;\">Lors du meeting de Rabat au mois de juin, il avait d\u00e9j\u00e0 r\u00e9alis\u00e9 le temps requis pour Doha et pour les JO de Tokyo 2020. Son entra\u00eeneur S\u00e9bastien Gamel a confi\u00e9 qu&rsquo;il franchissait un palier chaque saison et qu&rsquo;il a encore une grosse marge de progression.<\/p>\n<p style=\"text-align: justify;\">Fin juillet, il a remport\u00e9 son premier titre de champion de France en plein air devant Yoann Kowal.<br \/>\nCelui qui f\u00eatera ses 26 ans le 1er octobre prochain se donne les moyens pour progresser. Cette ann\u00e9e, il a pu s&rsquo;entra\u00eener 1 mois au Kenya et 3 semaines en Afrique du Sud \u00e0 plus de 1400 et 1300 m\u00e8tres d&rsquo;altitude.<br \/>\nLes <strong>JO de Paris<\/strong> sont son ultime objectif en carri\u00e8re mais celui qui poss\u00e8de la 10e meilleure performance de la saison pourrait d\u00e9j\u00e0 nous \u00e9blouir d\u00e8s les prochaines \u00e9ch\u00e9ances.<\/p>\n<hr \/>\n<div class=\"su-row\">\n<div class=\"su-column su-column-size-1-2\"><div class=\"su-column-inner su-u-clearfix su-u-trim\">\n<div id=\"attachment_48555\" style=\"width: 750px\" class=\"wp-caption aligncenter\"><a href=\"http:\/\/dicodusport.fr\/blog\/wp-content\/uploads\/2019\/09\/Boxberger.jpg\"><img loading=\"lazy\" decoding=\"async\" aria-describedby=\"caption-attachment-48555\" class=\"size-large wp-image-48555\" src=\"http:\/\/dicodusport.fr\/blog\/wp-content\/uploads\/2019\/09\/Boxberger-1024x683.jpg\" alt=\"\" width=\"740\" height=\"494\" srcset=\"https:\/\/dicodusport.fr\/blog\/wp-content\/uploads\/2019\/09\/Boxberger-1024x683.jpg 1024w, https:\/\/dicodusport.fr\/blog\/wp-content\/uploads\/2019\/09\/Boxberger-300x200.jpg 300w, https:\/\/dicodusport.fr\/blog\/wp-content\/uploads\/2019\/09\/Boxberger-768x512.jpg 768w\" sizes=\"auto, (max-width: 740px) 100vw, 740px\" \/><\/a><p id=\"caption-attachment-48555\" class=\"wp-caption-text\">\u00a9 Photoathl\u00e9\/FFA<\/p><\/div>\n<\/div><\/div>\n<div class=\"su-column su-column-size-1-2\"><div class=\"su-column-inner su-u-clearfix su-u-trim\">\n<p style=\"text-align: justify;\"><strong>Oph\u00e9lie Claude-Boxberger<\/strong><br \/>\n30 ans<br \/>\n<\/div><\/div> <\/div>\n<p style=\"text-align: justify;\">La Fran\u00e7aise est dans une p\u00e9riode d\u00e9licate depuis 2018. En effet, elle a travers\u00e9 une p\u00e9riode d&rsquo;usure physique et mentale : en 2018, elle a connu cinq s\u00e9lections internationales et a \u00e9t\u00e9 au bout de ses limites et elle n&rsquo;a pas eu de coupure apr\u00e8s la saison estivale. Des soucis extra-sportifs se sont ajout\u00e9s et elle a d\u00fb \u00eatre hospitalis\u00e9e \u00e0 deux reprises. Elle n&rsquo;en reste pas moins motiv\u00e9e pour ces Championnats du monde. Championne de France en salle sur 1500 m et 3000 m en d\u00e9but d&rsquo;ann\u00e9e, elle a perdu son titre sur 3000 m steeple en plein air cet \u00e9t\u00e9. En effet, depuis la fin de la saison en salle, elle souffre de probl\u00e8mes gastro-intestinaux et lors des Championnats de France, elle a de nouveau \u00e9t\u00e9 victime de douleurs au ventre (possiblement li\u00e9s \u00e0 la prise d&rsquo;un antibiotique) et si elle a tent\u00e9 d&rsquo;attaquer \u00e0 800 m de l&rsquo;arriv\u00e9e, elle n&rsquo;\u00e9tait pas en forme pour s&rsquo;imposer et elle s&rsquo;est arrach\u00e9e pour le bronze (9&rsquo;36&Prime;38). Elle a r\u00e9alis\u00e9 le niveau de performance requis par l&rsquo;IAAF au meeting ib\u00e9ro-am\u00e9ricain fin juin mais n&rsquo;a pas termin\u00e9 sa course au meeting de Li\u00e8ge, a eu une course difficile aux Championnats de France et a termin\u00e9 6e aux Championnats d&rsquo;Europe par \u00e9quipes en 9&rsquo;54&Prime;66, bien loin de son niveau de 2018.<\/p>\n<p>&nbsp;<\/p>\n<div class=\"su-box su-box-style-default\" id=\"\" style=\"border-color:#001852;border-radius:3px;\"><div class=\"su-box-title\" style=\"background-color:#124b85;color:#FFFFFF;border-top-left-radius:1px;border-top-right-radius:1px\">Focus sur...<\/div><div class=\"su-box-content su-u-clearfix su-u-trim\" style=\"border-bottom-left-radius:1px;border-bottom-right-radius:1px\">\n<div class=\"su-row\">\n<div class=\"su-column su-column-size-1-2\"><div class=\"su-column-inner su-u-clearfix su-u-trim\">\n<p><a href=\"http:\/\/dicodusport.fr\/blog\/mondiaux-athletisme-focus-sur-le-100m\/\" target=\"_blank\" rel=\"noopener\">100 m<\/a><\/p>\n<p><a href=\"http:\/\/dicodusport.fr\/blog\/mondiaux-athletisme-focus-sur-le-triple-saut\/\" target=\"_blank\" rel=\"noopener\">Triple saut<\/a><\/p>\n<p><a href=\"http:\/\/dicodusport.fr\/blog\/mondiaux-athletisme-focus-sur-le-lancer-du-disque\/\" target=\"_blank\" rel=\"noopener\">Disque<\/a><\/p>\n<p><a href=\"http:\/\/dicodusport.fr\/blog\/mondiaux-athletisme-focus-sur-la-marche\/\" target=\"_blank\" rel=\"noopener\">Marche<\/a><\/p>\n<p><a href=\"http:\/\/dicodusport.fr\/blog\/mondiaux-athletisme-focus-sur-le-lancer-du-marteau\/\" target=\"_blank\" rel=\"noopener\">Marteau<\/a><\/p>\n<p><a href=\"http:\/\/dicodusport.fr\/blog\/mondiaux-athletisme-focus-sur-le-saut-en-hauteur\/\" target=\"_blank\" rel=\"noopener\">Hauteur<\/a><\/p>\n<p><a href=\"http:\/\/dicodusport.fr\/blog\/mondiaux-athletisme-focus-sur-le-lancer-du-poids\/\" target=\"_blank\" rel=\"noopener\">Poids<\/a><\/p>\n<p><a href=\"http:\/\/dicodusport.fr\/blog\/mondiaux-athletisme-focus-sur-le-saut-en-longueur\/\" target=\"_blank\" rel=\"noopener\">Longueur<\/a><\/p>\n<p><a href=\"http:\/\/dicodusport.fr\/blog\/mondiaux-athletisme-focus-sur-le-saut-a-la-perche\/\" target=\"_blank\" rel=\"noopener\">Perche<\/a><\/p>\n<p><a href=\"http:\/\/dicodusport.fr\/blog\/mondiaux-athletisme-focus-sur-le-200m\/\" target=\"_blank\" rel=\"noopener\">200 m<\/a><\/p>\n<\/div><\/div>\n<div class=\"su-column su-column-size-1-2\"><div class=\"su-column-inner su-u-clearfix su-u-trim\">\n<p><a href=\"http:\/\/dicodusport.fr\/blog\/mondiaux-athletisme-focus-sur-le-1500m\/\" target=\"_blank\" rel=\"noopener\">1500 m<\/a><\/p>\n<p><a href=\"http:\/\/dicodusport.fr\/blog\/mondiaux-athletisme-focus-sur-le-lancer-du-javelot\/\" target=\"_blank\" rel=\"noopener\">Javelot<\/a><\/p>\n<p><a href=\"http:\/\/dicodusport.fr\/blog\/mondiaux-athletisme-focus-sur-les-courses-de-fond\/\" target=\"_blank\" rel=\"noopener\">Courses de fond<\/a><\/p>\n<p><a href=\"http:\/\/dicodusport.fr\/blog\/mondiaux-athletisme-focus-sur-le-marathon\/\" target=\"_blank\" rel=\"noopener\">Marathon<\/a><\/p>\n<p><a href=\"http:\/\/dicodusport.fr\/blog\/mondiaux-athletisme-focus-sur-le-800m\/\" target=\"_blank\" rel=\"noopener\">800 m<\/a><\/p>\n<p><a href=\"http:\/\/dicodusport.fr\/blog\/mondiaux-athletisme-focus-sur-le-decathlon-heptathlon\/\" target=\"_blank\" rel=\"noopener\">D\u00e9cathlon\/Heptathlon<\/a><\/p>\n<p><a href=\"http:\/\/dicodusport.fr\/blog\/mondiaux-athletisme-focus-sur-le-100-m-110-m-haies\/\" target=\"_blank\" rel=\"noopener\">100 m\/110 m haies<\/a><\/p>\n<p><a href=\"http:\/\/dicodusport.fr\/blog\/mondiaux-athletisme-focus-sur-le-400m\/\" target=\"_blank\" rel=\"noopener\">400 m<\/a><\/p>\n<p><a href=\"http:\/\/dicodusport.fr\/blog\/mondiaux-athletisme-focus-sur-le-400m-haies\/\" target=\"_blank\" rel=\"noopener\">400 m haies<\/a><\/p>\n<p><a href=\"http:\/\/dicodusport.fr\/blog\/mondiaux-athletisme-focus-sur-les-relais\/\" target=\"_blank\" rel=\"noopener\">Relais<\/a><\/div><\/div>\n<\/div>\n<\/div><\/div>\n<p><strong><em>Arlette<\/em><\/strong><br \/>\n<a href=\"http:\/\/twitter.com\/Shiclette94\"><img loading=\"lazy\" decoding=\"async\" class=\"alignnone size-full wp-image-2908\" src=\"http:\/\/dicodusport.fr\/blog\/wp-content\/uploads\/2017\/07\/logo-twitter-e1516110106986.png\" alt=\"\" width=\"39\" height=\"39\" \/><\/a><\/p>\n","protected":false},"excerpt":{"rendered":"<p>A quelques semaines des Mondiaux d&rsquo;athl\u00e9tisme \u00e0 Doha, Dicodusport vous propose un focus sur les athl\u00e8tes \u00e0 suivre pour chaque \u00e9preuve. Aujourd&rsquo;hui, place au 3000 m steeple.<\/p>\n","protected":false},"author":12,"featured_media":48546,"comment_status":"open","ping_status":"closed","sticky":false,"template":"","format":"standard","meta":{"_acf_changed":false,"_daextam_enable_autolinks":"","footnotes":""},"categories":[46997],"tags":[8594,8813,8593,24],"class_list":["post-48557","post","type-post","status-publish","format-standard","has-post-thumbnail","hentry","category-championnats-du-monde-athletisme","tag-championnats-du-monde-dathletisme","tag-djilali-bedrani","tag-mondiaux-dathletisme","tag-sport"],"acf":[],"yoast_head":"<!-- This site is optimized with the Yoast SEO Premium plugin v26.7 (Yoast SEO v26.7) - https:\/\/yoast.com\/wordpress\/plugins\/seo\/ -->\n<title>Mondiaux d&#039;athl\u00e9tisme : focus sur le 3000 m steeple<\/title>\n<meta name=\"description\" content=\"A quelques semaines des Mondiaux d&#039;athl\u00e9tisme, Dicodusport vous propose un focus sur les athl\u00e8tes \u00e0 suivre. Aujourd&#039;hui, place au 3000 m steeple\" \/>\n<meta name=\"robots\" content=\"index, follow, max-snippet:-1, max-image-preview:large, max-video-preview:-1\" \/>\n<link rel=\"canonical\" href=\"https:\/\/dicodusport.fr\/blog\/mondiaux-athletisme-focus-sur-le-3000m-steeple\/\" \/>\n<meta property=\"og:locale\" content=\"fr_FR\" \/>\n<meta property=\"og:type\" content=\"article\" \/>\n<meta property=\"og:title\" content=\"Mondiaux d&#039;athl\u00e9tisme : focus sur le 3000 m steeple\" \/>\n<meta property=\"og:description\" content=\"A quelques semaines des Mondiaux d&#039;athl\u00e9tisme, Dicodusport vous propose un focus sur les athl\u00e8tes \u00e0 suivre. Aujourd&#039;hui, place au 3000 m steeple\" \/>\n<meta property=\"og:url\" content=\"https:\/\/dicodusport.fr\/blog\/mondiaux-athletisme-focus-sur-le-3000m-steeple\/\" \/>\n<meta property=\"og:site_name\" content=\"Dicodusport\" \/>\n<meta property=\"article:publisher\" content=\"https:\/\/www.facebook.com\/dicodusport\" \/>\n<meta property=\"article:published_time\" content=\"2019-09-21T08:00:50+00:00\" \/>\n<meta property=\"article:modified_time\" content=\"2023-02-02T13:06:36+00:00\" \/>\n<meta property=\"og:image\" content=\"https:\/\/dicodusport.fr\/blog\/wp-content\/uploads\/2019\/09\/Soufiane-El-Bakkali.jpg\" \/>\n\t<meta property=\"og:image:width\" content=\"800\" \/>\n\t<meta property=\"og:image:height\" content=\"452\" \/>\n\t<meta property=\"og:image:type\" content=\"image\/jpeg\" \/>\n<meta name=\"author\" content=\"Arlette Yeye\" \/>\n<meta name=\"twitter:card\" content=\"summary_large_image\" \/>\n<meta name=\"twitter:title\" content=\"Mondiaux d&#039;athl\u00e9tisme : focus sur le 3000 m steeple\" \/>\n<meta name=\"twitter:creator\" content=\"@https:\/\/twitter.com\/Shiclette94\" \/>\n<meta name=\"twitter:site\" content=\"@dicodusport\" \/>\n<script type=\"application\/ld+json\" class=\"yoast-schema-graph\">{\"@context\":\"https:\/\/schema.org\",\"@graph\":[{\"@type\":\"NewsArticle\",\"@id\":\"https:\/\/dicodusport.fr\/blog\/mondiaux-athletisme-focus-sur-le-3000m-steeple\/#article\",\"isPartOf\":{\"@id\":\"https:\/\/dicodusport.fr\/blog\/mondiaux-athletisme-focus-sur-le-3000m-steeple\/\"},\"author\":{\"name\":\"Arlette Yeye\",\"@id\":\"https:\/\/dicodusport.fr\/blog\/#\/schema\/person\/cce96fa88785bd8573e3d43078ac8c79\"},\"headline\":\"Mondiaux d&rsquo;athl\u00e9tisme : focus sur le 3000 m steeple\",\"datePublished\":\"2019-09-21T08:00:50+00:00\",\"dateModified\":\"2023-02-02T13:06:36+00:00\",\"mainEntityOfPage\":{\"@id\":\"https:\/\/dicodusport.fr\/blog\/mondiaux-athletisme-focus-sur-le-3000m-steeple\/\"},\"wordCount\":1375,\"commentCount\":0,\"publisher\":{\"@id\":\"https:\/\/dicodusport.fr\/blog\/#organization\"},\"image\":{\"@id\":\"https:\/\/dicodusport.fr\/blog\/mondiaux-athletisme-focus-sur-le-3000m-steeple\/#primaryimage\"},\"thumbnailUrl\":\"https:\/\/dicodusport.fr\/blog\/wp-content\/uploads\/2019\/09\/Soufiane-El-Bakkali.jpg\",\"keywords\":[\"Championnats du monde d'athl\u00e9tisme\",\"Djilali Bedrani\",\"Mondiaux d'athl\u00e9tisme\",\"sport\"],\"articleSection\":[\"Championnats du monde d'athl\u00e9tisme\"],\"inLanguage\":\"fr-FR\",\"potentialAction\":[{\"@type\":\"CommentAction\",\"name\":\"Comment\",\"target\":[\"https:\/\/dicodusport.fr\/blog\/mondiaux-athletisme-focus-sur-le-3000m-steeple\/#respond\"]}],\"copyrightYear\":\"2019\",\"copyrightHolder\":{\"@id\":\"https:\/\/dicodusport.fr\/blog\/#organization\"}},{\"@type\":\"WebPage\",\"@id\":\"https:\/\/dicodusport.fr\/blog\/mondiaux-athletisme-focus-sur-le-3000m-steeple\/\",\"url\":\"https:\/\/dicodusport.fr\/blog\/mondiaux-athletisme-focus-sur-le-3000m-steeple\/\",\"name\":\"Mondiaux d'athl\u00e9tisme : focus sur le 3000 m steeple\",\"isPartOf\":{\"@id\":\"https:\/\/dicodusport.fr\/blog\/#website\"},\"primaryImageOfPage\":{\"@id\":\"https:\/\/dicodusport.fr\/blog\/mondiaux-athletisme-focus-sur-le-3000m-steeple\/#primaryimage\"},\"image\":{\"@id\":\"https:\/\/dicodusport.fr\/blog\/mondiaux-athletisme-focus-sur-le-3000m-steeple\/#primaryimage\"},\"thumbnailUrl\":\"https:\/\/dicodusport.fr\/blog\/wp-content\/uploads\/2019\/09\/Soufiane-El-Bakkali.jpg\",\"datePublished\":\"2019-09-21T08:00:50+00:00\",\"dateModified\":\"2023-02-02T13:06:36+00:00\",\"description\":\"A quelques semaines des Mondiaux d'athl\u00e9tisme, Dicodusport vous propose un focus sur les athl\u00e8tes \u00e0 suivre. Aujourd'hui, place au 3000 m steeple\",\"breadcrumb\":{\"@id\":\"https:\/\/dicodusport.fr\/blog\/mondiaux-athletisme-focus-sur-le-3000m-steeple\/#breadcrumb\"},\"inLanguage\":\"fr-FR\",\"potentialAction\":[{\"@type\":\"ReadAction\",\"target\":[\"https:\/\/dicodusport.fr\/blog\/mondiaux-athletisme-focus-sur-le-3000m-steeple\/\"]}]},{\"@type\":\"ImageObject\",\"inLanguage\":\"fr-FR\",\"@id\":\"https:\/\/dicodusport.fr\/blog\/mondiaux-athletisme-focus-sur-le-3000m-steeple\/#primaryimage\",\"url\":\"https:\/\/dicodusport.fr\/blog\/wp-content\/uploads\/2019\/09\/Soufiane-El-Bakkali.jpg\",\"contentUrl\":\"https:\/\/dicodusport.fr\/blog\/wp-content\/uploads\/2019\/09\/Soufiane-El-Bakkali.jpg\",\"width\":800,\"height\":452},{\"@type\":\"BreadcrumbList\",\"@id\":\"https:\/\/dicodusport.fr\/blog\/mondiaux-athletisme-focus-sur-le-3000m-steeple\/#breadcrumb\",\"itemListElement\":[{\"@type\":\"ListItem\",\"position\":1,\"name\":\"Accueil\",\"item\":\"https:\/\/dicodusport.fr\/blog\/\"},{\"@type\":\"ListItem\",\"position\":2,\"name\":\"Mondiaux d&rsquo;athl\u00e9tisme : focus sur le 3000 m steeple\"}]},{\"@type\":\"WebSite\",\"@id\":\"https:\/\/dicodusport.fr\/blog\/#website\",\"url\":\"https:\/\/dicodusport.fr\/blog\/\",\"name\":\"Dicodusport\",\"description\":\"L&#039;encyclop\u00e9die de l&#039;actualit\u00e9 sportive\",\"publisher\":{\"@id\":\"https:\/\/dicodusport.fr\/blog\/#organization\"},\"potentialAction\":[{\"@type\":\"SearchAction\",\"target\":{\"@type\":\"EntryPoint\",\"urlTemplate\":\"https:\/\/dicodusport.fr\/blog\/?s={search_term_string}\"},\"query-input\":{\"@type\":\"PropertyValueSpecification\",\"valueRequired\":true,\"valueName\":\"search_term_string\"}}],\"inLanguage\":\"fr-FR\"},{\"@type\":\"NewsMediaOrganization\",\"@id\":\"https:\/\/dicodusport.fr\/blog\/#organization\",\"name\":\"Dicodusport\",\"url\":\"https:\/\/dicodusport.fr\/blog\/\",\"logo\":{\"@type\":\"ImageObject\",\"inLanguage\":\"fr-FR\",\"@id\":\"https:\/\/dicodusport.fr\/blog\/#\/schema\/logo\/image\/\",\"url\":\"https:\/\/dicodusport.fr\/blog\/wp-content\/uploads\/2020\/06\/cropped-LOGO-DICODUSPORT-2020-SANS-FOND-SANS-TEXTE.png\",\"contentUrl\":\"https:\/\/dicodusport.fr\/blog\/wp-content\/uploads\/2020\/06\/cropped-LOGO-DICODUSPORT-2020-SANS-FOND-SANS-TEXTE.png\",\"width\":512,\"height\":512,\"caption\":\"Dicodusport\"},\"image\":{\"@id\":\"https:\/\/dicodusport.fr\/blog\/#\/schema\/logo\/image\/\"},\"sameAs\":[\"https:\/\/www.facebook.com\/dicodusport\",\"https:\/\/x.com\/dicodusport\",\"https:\/\/www.instagram.com\/dicodusport\/\",\"https:\/\/www.youtube.com\/channel\/UC7V2KZ5sd3htJivAbA4ZG3w\"],\"description\":\"Dicodusport est l'encyclop\u00e9die de l'actualit\u00e9 sportive.\",\"email\":\"bonjour@dicodusport.fr\",\"legalName\":\"DICODUSPORT\",\"foundingDate\":\"2018-01-14\",\"vatID\":\"FR71834470973\",\"taxID\":\"83447097300043\",\"numberOfEmployees\":{\"@type\":\"QuantitativeValue\",\"minValue\":\"1\",\"maxValue\":\"10\"}},{\"@type\":\"Person\",\"@id\":\"https:\/\/dicodusport.fr\/blog\/#\/schema\/person\/cce96fa88785bd8573e3d43078ac8c79\",\"name\":\"Arlette Yeye\",\"image\":{\"@type\":\"ImageObject\",\"inLanguage\":\"fr-FR\",\"@id\":\"https:\/\/dicodusport.fr\/blog\/#\/schema\/person\/image\/\",\"url\":\"https:\/\/secure.gravatar.com\/avatar\/dca4a6239e6d708e46c45d60e160de6c?s=96&d=wp_user_avatar&r=g\",\"contentUrl\":\"https:\/\/secure.gravatar.com\/avatar\/dca4a6239e6d708e46c45d60e160de6c?s=96&d=wp_user_avatar&r=g\",\"caption\":\"Arlette Yeye\"},\"description\":\"Journaliste\/r\u00e9dactrice depuis septembre 2015 - Supportrice de Chelsea, j'ai pour sports de pr\u00e9dilection le handball, l'athl\u00e9tisme et le tennis. Si je tweete plus vite que mon ombre, vous pouvez aussi me retrouver les week-ends sur les playgrounds de Bruxelles pour un petit foot ou basket entre potes. Parcourir la France, l'Europe et plus si affinit\u00e9s pour suivre mes sportifs pr\u00e9f\u00e9r\u00e9s ? Mon kif ! Et c'est avec plaisir que je partage les r\u00e9sultats des sports populaires mais \u00e9galement plus confidentiels pour Dicodusport.\",\"sameAs\":[\"https:\/\/x.com\/https:\/\/twitter.com\/Shiclette94\"],\"url\":\"https:\/\/dicodusport.fr\/blog\/author\/arlette\/\"}]}<\/script>\n<!-- \/ Yoast SEO Premium plugin. -->","yoast_head_json":{"title":"Mondiaux d'athl\u00e9tisme : focus sur le 3000 m steeple","description":"A quelques semaines des Mondiaux d'athl\u00e9tisme, Dicodusport vous propose un focus sur les athl\u00e8tes \u00e0 suivre. Aujourd'hui, place au 3000 m steeple","robots":{"index":"index","follow":"follow","max-snippet":"max-snippet:-1","max-image-preview":"max-image-preview:large","max-video-preview":"max-video-preview:-1"},"canonical":"https:\/\/dicodusport.fr\/blog\/mondiaux-athletisme-focus-sur-le-3000m-steeple\/","og_locale":"fr_FR","og_type":"article","og_title":"Mondiaux d'athl\u00e9tisme : focus sur le 3000 m steeple","og_description":"A quelques semaines des Mondiaux d'athl\u00e9tisme, Dicodusport vous propose un focus sur les athl\u00e8tes \u00e0 suivre. Aujourd'hui, place au 3000 m steeple","og_url":"https:\/\/dicodusport.fr\/blog\/mondiaux-athletisme-focus-sur-le-3000m-steeple\/","og_site_name":"Dicodusport","article_publisher":"https:\/\/www.facebook.com\/dicodusport","article_published_time":"2019-09-21T08:00:50+00:00","article_modified_time":"2023-02-02T13:06:36+00:00","og_image":[{"width":800,"height":452,"url":"https:\/\/dicodusport.fr\/blog\/wp-content\/uploads\/2019\/09\/Soufiane-El-Bakkali.jpg","type":"image\/jpeg"}],"author":"Arlette Yeye","twitter_card":"summary_large_image","twitter_title":"Mondiaux d'athl\u00e9tisme : focus sur le 3000 m steeple","twitter_creator":"@https:\/\/twitter.com\/Shiclette94","twitter_site":"@dicodusport","schema":{"@context":"https:\/\/schema.org","@graph":[{"@type":"NewsArticle","@id":"https:\/\/dicodusport.fr\/blog\/mondiaux-athletisme-focus-sur-le-3000m-steeple\/#article","isPartOf":{"@id":"https:\/\/dicodusport.fr\/blog\/mondiaux-athletisme-focus-sur-le-3000m-steeple\/"},"author":{"name":"Arlette Yeye","@id":"https:\/\/dicodusport.fr\/blog\/#\/schema\/person\/cce96fa88785bd8573e3d43078ac8c79"},"headline":"Mondiaux d&rsquo;athl\u00e9tisme : focus sur le 3000 m steeple","datePublished":"2019-09-21T08:00:50+00:00","dateModified":"2023-02-02T13:06:36+00:00","mainEntityOfPage":{"@id":"https:\/\/dicodusport.fr\/blog\/mondiaux-athletisme-focus-sur-le-3000m-steeple\/"},"wordCount":1375,"commentCount":0,"publisher":{"@id":"https:\/\/dicodusport.fr\/blog\/#organization"},"image":{"@id":"https:\/\/dicodusport.fr\/blog\/mondiaux-athletisme-focus-sur-le-3000m-steeple\/#primaryimage"},"thumbnailUrl":"https:\/\/dicodusport.fr\/blog\/wp-content\/uploads\/2019\/09\/Soufiane-El-Bakkali.jpg","keywords":["Championnats du monde d'athl\u00e9tisme","Djilali Bedrani","Mondiaux d'athl\u00e9tisme","sport"],"articleSection":["Championnats du monde d'athl\u00e9tisme"],"inLanguage":"fr-FR","potentialAction":[{"@type":"CommentAction","name":"Comment","target":["https:\/\/dicodusport.fr\/blog\/mondiaux-athletisme-focus-sur-le-3000m-steeple\/#respond"]}],"copyrightYear":"2019","copyrightHolder":{"@id":"https:\/\/dicodusport.fr\/blog\/#organization"}},{"@type":"WebPage","@id":"https:\/\/dicodusport.fr\/blog\/mondiaux-athletisme-focus-sur-le-3000m-steeple\/","url":"https:\/\/dicodusport.fr\/blog\/mondiaux-athletisme-focus-sur-le-3000m-steeple\/","name":"Mondiaux d'athl\u00e9tisme : focus sur le 3000 m steeple","isPartOf":{"@id":"https:\/\/dicodusport.fr\/blog\/#website"},"primaryImageOfPage":{"@id":"https:\/\/dicodusport.fr\/blog\/mondiaux-athletisme-focus-sur-le-3000m-steeple\/#primaryimage"},"image":{"@id":"https:\/\/dicodusport.fr\/blog\/mondiaux-athletisme-focus-sur-le-3000m-steeple\/#primaryimage"},"thumbnailUrl":"https:\/\/dicodusport.fr\/blog\/wp-content\/uploads\/2019\/09\/Soufiane-El-Bakkali.jpg","datePublished":"2019-09-21T08:00:50+00:00","dateModified":"2023-02-02T13:06:36+00:00","description":"A quelques semaines des Mondiaux d'athl\u00e9tisme, Dicodusport vous propose un focus sur les athl\u00e8tes \u00e0 suivre. Aujourd'hui, place au 3000 m steeple","breadcrumb":{"@id":"https:\/\/dicodusport.fr\/blog\/mondiaux-athletisme-focus-sur-le-3000m-steeple\/#breadcrumb"},"inLanguage":"fr-FR","potentialAction":[{"@type":"ReadAction","target":["https:\/\/dicodusport.fr\/blog\/mondiaux-athletisme-focus-sur-le-3000m-steeple\/"]}]},{"@type":"ImageObject","inLanguage":"fr-FR","@id":"https:\/\/dicodusport.fr\/blog\/mondiaux-athletisme-focus-sur-le-3000m-steeple\/#primaryimage","url":"https:\/\/dicodusport.fr\/blog\/wp-content\/uploads\/2019\/09\/Soufiane-El-Bakkali.jpg","contentUrl":"https:\/\/dicodusport.fr\/blog\/wp-content\/uploads\/2019\/09\/Soufiane-El-Bakkali.jpg","width":800,"height":452},{"@type":"BreadcrumbList","@id":"https:\/\/dicodusport.fr\/blog\/mondiaux-athletisme-focus-sur-le-3000m-steeple\/#breadcrumb","itemListElement":[{"@type":"ListItem","position":1,"name":"Accueil","item":"https:\/\/dicodusport.fr\/blog\/"},{"@type":"ListItem","position":2,"name":"Mondiaux d&rsquo;athl\u00e9tisme : focus sur le 3000 m steeple"}]},{"@type":"WebSite","@id":"https:\/\/dicodusport.fr\/blog\/#website","url":"https:\/\/dicodusport.fr\/blog\/","name":"Dicodusport","description":"L&#039;encyclop\u00e9die de l&#039;actualit\u00e9 sportive","publisher":{"@id":"https:\/\/dicodusport.fr\/blog\/#organization"},"potentialAction":[{"@type":"SearchAction","target":{"@type":"EntryPoint","urlTemplate":"https:\/\/dicodusport.fr\/blog\/?s={search_term_string}"},"query-input":{"@type":"PropertyValueSpecification","valueRequired":true,"valueName":"search_term_string"}}],"inLanguage":"fr-FR"},{"@type":"NewsMediaOrganization","@id":"https:\/\/dicodusport.fr\/blog\/#organization","name":"Dicodusport","url":"https:\/\/dicodusport.fr\/blog\/","logo":{"@type":"ImageObject","inLanguage":"fr-FR","@id":"https:\/\/dicodusport.fr\/blog\/#\/schema\/logo\/image\/","url":"https:\/\/dicodusport.fr\/blog\/wp-content\/uploads\/2020\/06\/cropped-LOGO-DICODUSPORT-2020-SANS-FOND-SANS-TEXTE.png","contentUrl":"https:\/\/dicodusport.fr\/blog\/wp-content\/uploads\/2020\/06\/cropped-LOGO-DICODUSPORT-2020-SANS-FOND-SANS-TEXTE.png","width":512,"height":512,"caption":"Dicodusport"},"image":{"@id":"https:\/\/dicodusport.fr\/blog\/#\/schema\/logo\/image\/"},"sameAs":["https:\/\/www.facebook.com\/dicodusport","https:\/\/x.com\/dicodusport","https:\/\/www.instagram.com\/dicodusport\/","https:\/\/www.youtube.com\/channel\/UC7V2KZ5sd3htJivAbA4ZG3w"],"description":"Dicodusport est l'encyclop\u00e9die de l'actualit\u00e9 sportive.","email":"bonjour@dicodusport.fr","legalName":"DICODUSPORT","foundingDate":"2018-01-14","vatID":"FR71834470973","taxID":"83447097300043","numberOfEmployees":{"@type":"QuantitativeValue","minValue":"1","maxValue":"10"}},{"@type":"Person","@id":"https:\/\/dicodusport.fr\/blog\/#\/schema\/person\/cce96fa88785bd8573e3d43078ac8c79","name":"Arlette Yeye","image":{"@type":"ImageObject","inLanguage":"fr-FR","@id":"https:\/\/dicodusport.fr\/blog\/#\/schema\/person\/image\/","url":"https:\/\/secure.gravatar.com\/avatar\/dca4a6239e6d708e46c45d60e160de6c?s=96&d=wp_user_avatar&r=g","contentUrl":"https:\/\/secure.gravatar.com\/avatar\/dca4a6239e6d708e46c45d60e160de6c?s=96&d=wp_user_avatar&r=g","caption":"Arlette Yeye"},"description":"Journaliste\/r\u00e9dactrice depuis septembre 2015 - Supportrice de Chelsea, j'ai pour sports de pr\u00e9dilection le handball, l'athl\u00e9tisme et le tennis. Si je tweete plus vite que mon ombre, vous pouvez aussi me retrouver les week-ends sur les playgrounds de Bruxelles pour un petit foot ou basket entre potes. Parcourir la France, l'Europe et plus si affinit\u00e9s pour suivre mes sportifs pr\u00e9f\u00e9r\u00e9s ? Mon kif ! Et c'est avec plaisir que je partage les r\u00e9sultats des sports populaires mais \u00e9galement plus confidentiels pour Dicodusport.","sameAs":["https:\/\/x.com\/https:\/\/twitter.com\/Shiclette94"],"url":"https:\/\/dicodusport.fr\/blog\/author\/arlette\/"}]}},"_links":{"self":[{"href":"https:\/\/dicodusport.fr\/blog\/wp-json\/wp\/v2\/posts\/48557","targetHints":{"allow":["GET"]}}],"collection":[{"href":"https:\/\/dicodusport.fr\/blog\/wp-json\/wp\/v2\/posts"}],"about":[{"href":"https:\/\/dicodusport.fr\/blog\/wp-json\/wp\/v2\/types\/post"}],"author":[{"embeddable":true,"href":"https:\/\/dicodusport.fr\/blog\/wp-json\/wp\/v2\/users\/12"}],"replies":[{"embeddable":true,"href":"https:\/\/dicodusport.fr\/blog\/wp-json\/wp\/v2\/comments?post=48557"}],"version-history":[{"count":0,"href":"https:\/\/dicodusport.fr\/blog\/wp-json\/wp\/v2\/posts\/48557\/revisions"}],"wp:featuredmedia":[{"embeddable":true,"href":"https:\/\/dicodusport.fr\/blog\/wp-json\/wp\/v2\/media\/48546"}],"wp:attachment":[{"href":"https:\/\/dicodusport.fr\/blog\/wp-json\/wp\/v2\/media?parent=48557"}],"wp:term":[{"taxonomy":"category","embeddable":true,"href":"https:\/\/dicodusport.fr\/blog\/wp-json\/wp\/v2\/categories?post=48557"},{"taxonomy":"post_tag","embeddable":true,"href":"https:\/\/dicodusport.fr\/blog\/wp-json\/wp\/v2\/tags?post=48557"}],"curies":[{"name":"wp","href":"https:\/\/api.w.org\/{rel}","templated":true}]}}