{"id":485679,"date":"2024-05-15T14:20:03","date_gmt":"2024-05-15T12:20:03","guid":{"rendered":"https:\/\/dicodusport.fr\/blog\/?p=485679&#038;preview=true&#038;preview_id=485679"},"modified":"2024-05-16T05:11:22","modified_gmt":"2024-05-16T03:11:22","slug":"meeting-de-montreuil-2024-programme-favoris-et-chaine-tv","status":"publish","type":"post","link":"https:\/\/dicodusport.fr\/blog\/meeting-de-montreuil-2024-programme-favoris-et-chaine-tv\/","title":{"rendered":"Meeting de Montreuil 2024 : Programme, favoris et cha\u00eene TV"},"content":{"rendered":"<p style=\"text-align: justify;\"><strong><em>MEETING DE MONTREUIL 2024 &#8211; D\u00e9couvrez les t\u00eates d&rsquo;affiches et le programme du Meeting de Montreuil 2024, qui aura lieu ce jeudi 16 mai.<\/em><\/strong><\/p>\n<h2 style=\"text-align: justify;\">Un gros plateau au marteau masculin<\/h2>\n<p style=\"text-align: justify;\">Le concours le plus fourni, ce jeudi soir au Meeting de Montreuil, est incontestablement celui du marteau hommes. Avec le l\u00e9gendaire polonais <strong>Pawel Fajdek,<\/strong> quintuple champion du monde de la sp\u00e9cialit\u00e9, mais aussi <strong>Wojciech Nowicki<\/strong>, son compatriote, champion olympique et multiple m\u00e9daill\u00e9 mondial. Cela promet un beau duel entre les deux costauds. Qu&rsquo;aimerait arbitrer <strong>Quentin Bigot.<\/strong> Le Fran\u00e7ais fait son grand retour, apr\u00e8s une ann\u00e9e 2023 blanche \u00e0 cause de son dos. Et briguera les minima pour les championnats d&rsquo;Europe (76.50 m). L&rsquo;\u00c9gyptien <strong>Mostafa Elgamel<\/strong> et ses 81.27 m en record personnel, sera \u00e0 surveiller. C\u00f4t\u00e9 Fran\u00e7ais, <strong>Jean-Baptiste Bruxelle<\/strong> et <strong>Enguerrand Decroix-T\u00eatu<\/strong> seront aussi de la partie.<\/p>\n<p style=\"text-align: justify;\">Parmi les autres t\u00eates d&rsquo;affiche, la K\u00e9nyane<strong> Vivian Chebet Kiprotich<\/strong>, avec un record port\u00e9 \u00e0 1:58.26 cet \u00e9t\u00e9 sur 800 m et d\u00e8s le d\u00e9but de saison. Et qui a termin\u00e9 4e des Mondiaux en salle, cet hiver \u00e0 Glasgow. Si <strong>Arthur Ciss\u00e9<\/strong> a le seul record sous les 10 secondes, parmi les engag\u00e9s (9.93), <strong>Orlann Oli\u00e8re<\/strong> pourrait bien \u00eatre la favorite du 100 m. Revenue cet hiver \u00e0 son meilleur niveau, elle a un record en 11.06. Le m\u00e9daill\u00e9 mondial sur 110 m haies, en 2022, <strong>Asier Martinez<\/strong>, sera la t\u00eate d&rsquo;affiche de la course. Le vice-champion du monde avec le relais 4&#215;400 m<strong> Gilles Biron<\/strong>, sera le meilleur coureur engag\u00e9 sur 400 m.<\/p>\n<h2 style=\"text-align: justify;\">M\u00e9lina Robert-Michon pr\u00e9sente o\u00f9 elle a brill\u00e9 en 2023<\/h2>\n<p style=\"text-align: justify;\">En qu\u00eate de ses 7e Jeux Olympiques, <strong>M\u00e9lina Robert-Michon<\/strong> sera align\u00e9e dans un meeting qui lui avait r\u00e9ussi en 2023. Avec des minima pour les championnats du monde, obtenus gr\u00e2ce \u00e0 un jet \u00e0 65.49 m. La Fran\u00e7aise esp\u00e8re <a href=\"https:\/\/dicodusport.fr\/blog\/athletisme-les-minima-pour-les-jeux-olympiques-de-paris-2024\/\">les minima olympiques (64.50 m)<\/a>. Dans un concours assez fourni, avec la l\u00e9gendaire cubaine <strong>Denia Caballero<\/strong>, mais aussi la Portugaise<strong> Liliana Ca<\/strong>. C\u00f4t\u00e9 Fran\u00e7aises,<strong> Amanda Ngandu-Ntumba<\/strong>, et un record port\u00e9 cette ann\u00e9e \u00e0 62.03 m, sera align\u00e9e.<\/p>\n<div class=\"vlp-link-container vlp-layout-article\"><a href=\"https:\/\/dicodusport.fr\/blog\/meeting-de-montreuil-robert-michon-camacho-quinn-gressier-tous-les-resultats\/\" class=\"vlp-link\" title=\"Meeting de Montreuil : Robert-Michon, Camacho-Quinn, Gressier, tous les r\u00e9sultats\"><\/a><div class=\"vlp-layout-zone-side\"><div class=\"vlp-block-4 vlp-link-image\"><img loading=\"lazy\" decoding=\"async\" style=\"max-width: 800px;\" width=\"800\" height=\"445\" src=\"https:\/\/dicodusport.fr\/blog\/wp-content\/uploads\/2023\/05\/Athle-Robert-Michon-Camacho-Quinn-Belocian-les-resultats-du-meeting-de-Montreuil.png\" class=\"attachment-800x445 size-800x445\" alt=\"Athl\u00e9 - Robert-Michon, Camacho-Quinn, Belocian, les r\u00e9sultats du meeting de Montreuil\" srcset=\"https:\/\/dicodusport.fr\/blog\/wp-content\/uploads\/2023\/05\/Athle-Robert-Michon-Camacho-Quinn-Belocian-les-resultats-du-meeting-de-Montreuil.png 800w, https:\/\/dicodusport.fr\/blog\/wp-content\/uploads\/2023\/05\/Athle-Robert-Michon-Camacho-Quinn-Belocian-les-resultats-du-meeting-de-Montreuil-300x167.png 300w, https:\/\/dicodusport.fr\/blog\/wp-content\/uploads\/2023\/05\/Athle-Robert-Michon-Camacho-Quinn-Belocian-les-resultats-du-meeting-de-Montreuil-768x427.png 768w\" sizes=\"auto, (max-width: 800px) 100vw, 800px\" \/><\/div><\/div><div class=\"vlp-layout-zone-main\"><div class=\"vlp-block-0 vlp-link-title\">Meeting de Montreuil : Robert-Michon, Camacho-Quinn, Gressier, tous les r\u00e9sultats<\/div><div class=\"vlp-block-1 vlp-link-summary\">MEETING DE MONTREUIL 2023 - M\u00e9lina Robert-Michon, avec 65.49 m au disque, Just Kwaou-Mathey avec 13.28 au 110 m haies et Jimmy Gressier avec 3:34.08 sur 1 500 m, ont r\u00e9alis\u00e9 les minima pour Budapest. Dans une comp\u00e9tition o\u00f9 Jasmine Camacho-Quinn et Hugues-Fabrice Zango ont brill\u00e9 au 100 m haies et au triple saut.<\/div><div class=\"vlp-block-2 vlp-link-button\">Lire l'article<\/div><div class=\"vlp-block-3 vlp-link-url\">dicodusport.fr<\/div><\/div><\/div>\n<h2 style=\"text-align: justify;\">Les autres fran\u00e7ais \u00e0 suivre au Meeting de Montreuil 2024<\/h2>\n<p style=\"text-align: justify;\"><strong>Sol\u00e8ne Gicquel<\/strong>, qui a bondi \u00e0 1.90 m, avec son club aux Interclubs, cherchera \u00e0 approcher son record personnel (1.92 m). Dans un concours o\u00f9<strong> Lola Picard<\/strong> et <strong>Laura Salin-Eyike<\/strong> seront pr\u00e9sentes. Dans un concours de perche ouvert, <strong>Marie-Julie Bonnin<\/strong>, <strong>Alix Dehaynain<\/strong> et<strong> Albane Dordain<\/strong> vont chercher \u00e0 se placer. La premi\u00e8re cit\u00e9e a d\u00e9coll\u00e9 \u00e0 4.40 m aux interclubs, contre 4.30 m pour les deux autres. <strong>Sacha Alessandrini<\/strong>, en s&rsquo;approchant \u00e0 deux centi\u00e8mes de son record personnel aux Interclubs, avec ses 13.07, sera peut-\u00eatre la Fran\u00e7aise la mieux plac\u00e9e pour briller sur le 100 m haies. Les minima europ\u00e9ens sont \u00e0 12.98. On surveillera <strong>Sol\u00e8ne Ndama<\/strong> et <strong>Judy Chalcou<\/strong>.<\/p>\n<p style=\"text-align: justify;\">Aucune femme n&rsquo;affiche un record sous les 4 minutes au 1500 m.<strong> Aurore Fleury<\/strong>, qui a couru en 4:09.77 samedi dernier et <strong>Charlotte Mouchet<\/strong>, qui a r\u00e9alis\u00e9 4:10.22, vont tenter de faire descendre leur chrono. Les minima europ\u00e9ens sont \u00e0 4:05.00.<strong> Agn\u00e8s Raharolahy<\/strong>, <strong>Charlotte Pizzo<\/strong> et<strong> Ana\u00efs Bourgoin<\/strong>, auront sans doute le m\u00eame objectif sur 800 m, avec des minima \u00e0 2:00.00. Comme <strong>Corentin Le Clezio<\/strong>, pass\u00e9 tout pr\u00e8s, avec ses 1:45.24.<\/p>\n<p style=\"text-align: justify;\">Sur 100 m, <strong>Cynthia Leduc <\/strong>et<strong> Sarah Richard <\/strong>chez les femmes et<strong> Harold Achi-Yao <\/strong>et<strong> Marvin Ren\u00e9<\/strong> chez les hommes, vont chercher \u00e0 faire descendre le chrono. Sur 110 m haies, <strong>Aurel Manga<\/strong> et les prometteurs<strong> Romain Lecoeur, Erwann Cinna et Rapha\u00ebl Mohamed<\/strong>, peuvent briller sur le 110 m haies. Comme <strong>Baptiste Mischler, Pierrik Jocteur, Arthur Gervais, Ma\u00ebl Gouyette<\/strong> ou <strong>Flavien Szot<\/strong>, dans une discipline du 1500 m o\u00f9 les Fran\u00e7ais ont d\u00e9j\u00e0 montr\u00e9 qu&rsquo;ils \u00e9taient en feu. <strong>Ludovic Ouceni <\/strong>et<strong> Fabrisio Saidy<\/strong> seront align\u00e9s sur 400 m.<\/p>\n<ul>\n<li class=\"mvp-post-title left entry-title\" style=\"text-align: justify;\"><strong>\u00c0 lire aussi \u2013\u00a0<a href=\"https:\/\/dicodusport.fr\/blog\/athletisme-jo-2024-les-francais-qui-ont-realise-les-minima\/\">Athl\u00e9tisme JO 2024 : Les Fran\u00e7ais qui ont r\u00e9alis\u00e9 les minima<\/a><\/strong><\/li>\n<\/ul>\n<h2>Le programme et cha\u00eene TV du Meeting de Montreuil 2024<\/h2>\n<p style=\"text-align: justify;\">Le Meeting de Montreuil sera retransmis en direct \u00e0 la t\u00e9l\u00e9vision sur\u00a0<b>Sport en France<\/b>.<\/p>\n<p style=\"text-align: justify;\">18h : Disque femmes<\/p>\n<p style=\"text-align: justify;\">20h05 : Perche femmes<\/p>\n<p style=\"text-align: justify;\">20h10 : 110 m haies<\/p>\n<p style=\"text-align: justify;\">20h20 : Marteau hommes<\/p>\n<p style=\"text-align: justify;\">20h30 : Hauteur femmes<\/p>\n<p style=\"text-align: justify;\">20h40 : 100 m haies femmes<\/p>\n<p style=\"text-align: justify;\">20h55 : 800 m femmes<\/p>\n<p style=\"text-align: justify;\">21h05 : 800 m hommes<\/p>\n<p style=\"text-align: justify;\">21h15 : 400 m hommes<\/p>\n<p style=\"text-align: justify;\">21h25 : 100 m femmes<\/p>\n<p style=\"text-align: justify;\">21h30 : 100 m hommes<\/p>\n<p style=\"text-align: justify;\">21h40 : 1500 m femmes<\/p>\n<p style=\"text-align: justify;\">21h50 : 1500 m hommes<\/p>\n","protected":false},"excerpt":{"rendered":"<p>MEETING DE MONTREUIL 2024 &#8211; D\u00e9couvrez les t\u00eates d&rsquo;affiches et le programme du Meeting de Montreuil 2024, qui aura lieu ce jeudi 16 mai.<\/p>\n","protected":false},"author":83,"featured_media":485692,"comment_status":"open","ping_status":"closed","sticky":false,"template":"","format":"standard","meta":{"_acf_changed":false,"_daextam_enable_autolinks":"1","footnotes":""},"categories":[2308],"tags":[143,16878,5506],"class_list":["post-485679","post","type-post","status-publish","format-standard","has-post-thumbnail","hentry","category-athletisme","tag-athletisme","tag-breve","tag-melina-robert-michon"],"acf":[],"yoast_head":"<!-- This site is optimized with the Yoast SEO Premium plugin v26.7 (Yoast SEO v26.7) - https:\/\/yoast.com\/wordpress\/plugins\/seo\/ -->\n<title>Meeting de Montreuil 2024 : Programme, favoris et cha\u00eene TV<\/title>\n<meta name=\"description\" content=\"MEETING DE MONTREUIL 2024 - D\u00e9couvrez les t\u00eates d&#039;affiches et le programme du Meeting de Montreuil 2024, qui aura lieu ce jeudi 16 mai.\" \/>\n<meta name=\"robots\" content=\"index, follow, max-snippet:-1, max-image-preview:large, max-video-preview:-1\" \/>\n<link rel=\"canonical\" href=\"https:\/\/dicodusport.fr\/blog\/meeting-de-montreuil-2024-programme-favoris-et-chaine-tv\/\" \/>\n<meta property=\"og:locale\" content=\"fr_FR\" \/>\n<meta property=\"og:type\" content=\"article\" \/>\n<meta property=\"og:title\" content=\"Meeting de Montreuil 2024 : Programme, favoris et cha\u00eene TV\" \/>\n<meta property=\"og:description\" content=\"MEETING DE MONTREUIL 2024 - D\u00e9couvrez les t\u00eates d&#039;affiches et le programme du Meeting de Montreuil 2024, qui aura lieu ce jeudi 16 mai.\" \/>\n<meta property=\"og:url\" content=\"https:\/\/dicodusport.fr\/blog\/meeting-de-montreuil-2024-programme-favoris-et-chaine-tv\/\" \/>\n<meta property=\"og:site_name\" content=\"Dicodusport\" \/>\n<meta property=\"article:publisher\" content=\"https:\/\/www.facebook.com\/dicodusport\" \/>\n<meta property=\"article:published_time\" content=\"2024-05-15T12:20:03+00:00\" \/>\n<meta property=\"article:modified_time\" content=\"2024-05-16T03:11:22+00:00\" \/>\n<meta property=\"og:image\" content=\"https:\/\/dicodusport.fr\/blog\/wp-content\/uploads\/2024\/05\/Meeting-de-Montreuil-2024-Favoris-chaine-et-programme-de-la-competition.png\" \/>\n\t<meta property=\"og:image:width\" content=\"1200\" \/>\n\t<meta property=\"og:image:height\" content=\"674\" \/>\n\t<meta property=\"og:image:type\" content=\"image\/png\" \/>\n<meta name=\"author\" content=\"Etienne Goursaud\" \/>\n<meta name=\"twitter:card\" content=\"summary_large_image\" \/>\n<meta name=\"twitter:title\" content=\"Meeting de Montreuil 2024 : Programme, favoris et cha\u00eene TV\" \/>\n<meta name=\"twitter:creator\" content=\"@dicodusport\" \/>\n<meta name=\"twitter:site\" content=\"@dicodusport\" \/>\n<script type=\"application\/ld+json\" class=\"yoast-schema-graph\">{\"@context\":\"https:\/\/schema.org\",\"@graph\":[{\"@type\":\"NewsArticle\",\"@id\":\"https:\/\/dicodusport.fr\/blog\/meeting-de-montreuil-2024-programme-favoris-et-chaine-tv\/#article\",\"isPartOf\":{\"@id\":\"https:\/\/dicodusport.fr\/blog\/meeting-de-montreuil-2024-programme-favoris-et-chaine-tv\/\"},\"author\":{\"name\":\"Etienne Goursaud\",\"@id\":\"https:\/\/dicodusport.fr\/blog\/#\/schema\/person\/d603dd7da31fb2b46c82b9835a77ec13\"},\"headline\":\"Meeting de Montreuil 2024 : Programme, favoris et cha\u00eene TV\",\"datePublished\":\"2024-05-15T12:20:03+00:00\",\"dateModified\":\"2024-05-16T03:11:22+00:00\",\"mainEntityOfPage\":{\"@id\":\"https:\/\/dicodusport.fr\/blog\/meeting-de-montreuil-2024-programme-favoris-et-chaine-tv\/\"},\"wordCount\":823,\"commentCount\":0,\"publisher\":{\"@id\":\"https:\/\/dicodusport.fr\/blog\/#organization\"},\"image\":{\"@id\":\"https:\/\/dicodusport.fr\/blog\/meeting-de-montreuil-2024-programme-favoris-et-chaine-tv\/#primaryimage\"},\"thumbnailUrl\":\"https:\/\/dicodusport.fr\/blog\/wp-content\/uploads\/2024\/05\/Meeting-de-Montreuil-2024-Favoris-chaine-et-programme-de-la-competition.png\",\"keywords\":[\"Athl\u00e9tisme\",\"br\u00e8ve\",\"M\u00e9lina Robert-Michon\"],\"articleSection\":[\"Athl\u00e9tisme\"],\"inLanguage\":\"fr-FR\",\"potentialAction\":[{\"@type\":\"CommentAction\",\"name\":\"Comment\",\"target\":[\"https:\/\/dicodusport.fr\/blog\/meeting-de-montreuil-2024-programme-favoris-et-chaine-tv\/#respond\"]}],\"copyrightYear\":\"2024\",\"copyrightHolder\":{\"@id\":\"https:\/\/dicodusport.fr\/blog\/#organization\"}},{\"@type\":\"WebPage\",\"@id\":\"https:\/\/dicodusport.fr\/blog\/meeting-de-montreuil-2024-programme-favoris-et-chaine-tv\/\",\"url\":\"https:\/\/dicodusport.fr\/blog\/meeting-de-montreuil-2024-programme-favoris-et-chaine-tv\/\",\"name\":\"Meeting de Montreuil 2024 : Programme, favoris et cha\u00eene TV\",\"isPartOf\":{\"@id\":\"https:\/\/dicodusport.fr\/blog\/#website\"},\"primaryImageOfPage\":{\"@id\":\"https:\/\/dicodusport.fr\/blog\/meeting-de-montreuil-2024-programme-favoris-et-chaine-tv\/#primaryimage\"},\"image\":{\"@id\":\"https:\/\/dicodusport.fr\/blog\/meeting-de-montreuil-2024-programme-favoris-et-chaine-tv\/#primaryimage\"},\"thumbnailUrl\":\"https:\/\/dicodusport.fr\/blog\/wp-content\/uploads\/2024\/05\/Meeting-de-Montreuil-2024-Favoris-chaine-et-programme-de-la-competition.png\",\"datePublished\":\"2024-05-15T12:20:03+00:00\",\"dateModified\":\"2024-05-16T03:11:22+00:00\",\"description\":\"MEETING DE MONTREUIL 2024 - D\u00e9couvrez les t\u00eates d'affiches et le programme du Meeting de Montreuil 2024, qui aura lieu ce jeudi 16 mai.\",\"breadcrumb\":{\"@id\":\"https:\/\/dicodusport.fr\/blog\/meeting-de-montreuil-2024-programme-favoris-et-chaine-tv\/#breadcrumb\"},\"inLanguage\":\"fr-FR\",\"potentialAction\":[{\"@type\":\"ReadAction\",\"target\":[\"https:\/\/dicodusport.fr\/blog\/meeting-de-montreuil-2024-programme-favoris-et-chaine-tv\/\"]}]},{\"@type\":\"ImageObject\",\"inLanguage\":\"fr-FR\",\"@id\":\"https:\/\/dicodusport.fr\/blog\/meeting-de-montreuil-2024-programme-favoris-et-chaine-tv\/#primaryimage\",\"url\":\"https:\/\/dicodusport.fr\/blog\/wp-content\/uploads\/2024\/05\/Meeting-de-Montreuil-2024-Favoris-chaine-et-programme-de-la-competition.png\",\"contentUrl\":\"https:\/\/dicodusport.fr\/blog\/wp-content\/uploads\/2024\/05\/Meeting-de-Montreuil-2024-Favoris-chaine-et-programme-de-la-competition.png\",\"width\":1200,\"height\":674,\"caption\":\"Meeting de Montreuil 2024 - Favoris, chaine et programme de la comp\u00e9tition\"},{\"@type\":\"BreadcrumbList\",\"@id\":\"https:\/\/dicodusport.fr\/blog\/meeting-de-montreuil-2024-programme-favoris-et-chaine-tv\/#breadcrumb\",\"itemListElement\":[{\"@type\":\"ListItem\",\"position\":1,\"name\":\"Accueil\",\"item\":\"https:\/\/dicodusport.fr\/blog\/\"},{\"@type\":\"ListItem\",\"position\":2,\"name\":\"Meeting de Montreuil 2024 : Programme, favoris et cha\u00eene TV\"}]},{\"@type\":\"WebSite\",\"@id\":\"https:\/\/dicodusport.fr\/blog\/#website\",\"url\":\"https:\/\/dicodusport.fr\/blog\/\",\"name\":\"Dicodusport\",\"description\":\"L&#039;encyclop\u00e9die de l&#039;actualit\u00e9 sportive\",\"publisher\":{\"@id\":\"https:\/\/dicodusport.fr\/blog\/#organization\"},\"potentialAction\":[{\"@type\":\"SearchAction\",\"target\":{\"@type\":\"EntryPoint\",\"urlTemplate\":\"https:\/\/dicodusport.fr\/blog\/?s={search_term_string}\"},\"query-input\":{\"@type\":\"PropertyValueSpecification\",\"valueRequired\":true,\"valueName\":\"search_term_string\"}}],\"inLanguage\":\"fr-FR\"},{\"@type\":\"NewsMediaOrganization\",\"@id\":\"https:\/\/dicodusport.fr\/blog\/#organization\",\"name\":\"Dicodusport\",\"url\":\"https:\/\/dicodusport.fr\/blog\/\",\"logo\":{\"@type\":\"ImageObject\",\"inLanguage\":\"fr-FR\",\"@id\":\"https:\/\/dicodusport.fr\/blog\/#\/schema\/logo\/image\/\",\"url\":\"https:\/\/dicodusport.fr\/blog\/wp-content\/uploads\/2020\/06\/cropped-LOGO-DICODUSPORT-2020-SANS-FOND-SANS-TEXTE.png\",\"contentUrl\":\"https:\/\/dicodusport.fr\/blog\/wp-content\/uploads\/2020\/06\/cropped-LOGO-DICODUSPORT-2020-SANS-FOND-SANS-TEXTE.png\",\"width\":512,\"height\":512,\"caption\":\"Dicodusport\"},\"image\":{\"@id\":\"https:\/\/dicodusport.fr\/blog\/#\/schema\/logo\/image\/\"},\"sameAs\":[\"https:\/\/www.facebook.com\/dicodusport\",\"https:\/\/x.com\/dicodusport\",\"https:\/\/www.instagram.com\/dicodusport\/\",\"https:\/\/www.youtube.com\/channel\/UC7V2KZ5sd3htJivAbA4ZG3w\"],\"description\":\"Dicodusport est l'encyclop\u00e9die de l'actualit\u00e9 sportive.\",\"email\":\"bonjour@dicodusport.fr\",\"legalName\":\"DICODUSPORT\",\"foundingDate\":\"2018-01-14\",\"vatID\":\"FR71834470973\",\"taxID\":\"83447097300043\",\"numberOfEmployees\":{\"@type\":\"QuantitativeValue\",\"minValue\":\"1\",\"maxValue\":\"10\"}},{\"@type\":\"Person\",\"@id\":\"https:\/\/dicodusport.fr\/blog\/#\/schema\/person\/d603dd7da31fb2b46c82b9835a77ec13\",\"name\":\"Etienne Goursaud\",\"image\":{\"@type\":\"ImageObject\",\"inLanguage\":\"fr-FR\",\"@id\":\"https:\/\/dicodusport.fr\/blog\/#\/schema\/person\/image\/\",\"url\":\"https:\/\/dicodusport.fr\/blog\/wp-content\/uploads\/2023\/12\/410122264_10231602061736049_5565839791558026645_n-150x150.jpg\",\"contentUrl\":\"https:\/\/dicodusport.fr\/blog\/wp-content\/uploads\/2023\/12\/410122264_10231602061736049_5565839791558026645_n-150x150.jpg\",\"caption\":\"Etienne Goursaud\"},\"description\":\"Journaliste et amoureux de sport. Ancien footballeur reconverti athl\u00e8te quand ses muscles le laissent tranquille. \u00c9lev\u00e9 \u00e0 la sauce des exploits de Thomas Voeckler en 2004, du dernier essai de l\u00e9gende de Eunice Barber \u00e0 la longueur lors des championnats du monde d'athl\u00e9tisme de 2003 mais aussi Zidane, Omeyer et Titou Lamaison.\",\"url\":\"https:\/\/dicodusport.fr\/blog\/author\/etienne-goursaud\/\"}]}<\/script>\n<!-- \/ Yoast SEO Premium plugin. -->","yoast_head_json":{"title":"Meeting de Montreuil 2024 : Programme, favoris et cha\u00eene TV","description":"MEETING DE MONTREUIL 2024 - D\u00e9couvrez les t\u00eates d'affiches et le programme du Meeting de Montreuil 2024, qui aura lieu ce jeudi 16 mai.","robots":{"index":"index","follow":"follow","max-snippet":"max-snippet:-1","max-image-preview":"max-image-preview:large","max-video-preview":"max-video-preview:-1"},"canonical":"https:\/\/dicodusport.fr\/blog\/meeting-de-montreuil-2024-programme-favoris-et-chaine-tv\/","og_locale":"fr_FR","og_type":"article","og_title":"Meeting de Montreuil 2024 : Programme, favoris et cha\u00eene TV","og_description":"MEETING DE MONTREUIL 2024 - D\u00e9couvrez les t\u00eates d'affiches et le programme du Meeting de Montreuil 2024, qui aura lieu ce jeudi 16 mai.","og_url":"https:\/\/dicodusport.fr\/blog\/meeting-de-montreuil-2024-programme-favoris-et-chaine-tv\/","og_site_name":"Dicodusport","article_publisher":"https:\/\/www.facebook.com\/dicodusport","article_published_time":"2024-05-15T12:20:03+00:00","article_modified_time":"2024-05-16T03:11:22+00:00","og_image":[{"width":1200,"height":674,"url":"https:\/\/dicodusport.fr\/blog\/wp-content\/uploads\/2024\/05\/Meeting-de-Montreuil-2024-Favoris-chaine-et-programme-de-la-competition.png","type":"image\/png"}],"author":"Etienne Goursaud","twitter_card":"summary_large_image","twitter_title":"Meeting de Montreuil 2024 : Programme, favoris et cha\u00eene TV","twitter_creator":"@dicodusport","twitter_site":"@dicodusport","schema":{"@context":"https:\/\/schema.org","@graph":[{"@type":"NewsArticle","@id":"https:\/\/dicodusport.fr\/blog\/meeting-de-montreuil-2024-programme-favoris-et-chaine-tv\/#article","isPartOf":{"@id":"https:\/\/dicodusport.fr\/blog\/meeting-de-montreuil-2024-programme-favoris-et-chaine-tv\/"},"author":{"name":"Etienne Goursaud","@id":"https:\/\/dicodusport.fr\/blog\/#\/schema\/person\/d603dd7da31fb2b46c82b9835a77ec13"},"headline":"Meeting de Montreuil 2024 : Programme, favoris et cha\u00eene TV","datePublished":"2024-05-15T12:20:03+00:00","dateModified":"2024-05-16T03:11:22+00:00","mainEntityOfPage":{"@id":"https:\/\/dicodusport.fr\/blog\/meeting-de-montreuil-2024-programme-favoris-et-chaine-tv\/"},"wordCount":823,"commentCount":0,"publisher":{"@id":"https:\/\/dicodusport.fr\/blog\/#organization"},"image":{"@id":"https:\/\/dicodusport.fr\/blog\/meeting-de-montreuil-2024-programme-favoris-et-chaine-tv\/#primaryimage"},"thumbnailUrl":"https:\/\/dicodusport.fr\/blog\/wp-content\/uploads\/2024\/05\/Meeting-de-Montreuil-2024-Favoris-chaine-et-programme-de-la-competition.png","keywords":["Athl\u00e9tisme","br\u00e8ve","M\u00e9lina Robert-Michon"],"articleSection":["Athl\u00e9tisme"],"inLanguage":"fr-FR","potentialAction":[{"@type":"CommentAction","name":"Comment","target":["https:\/\/dicodusport.fr\/blog\/meeting-de-montreuil-2024-programme-favoris-et-chaine-tv\/#respond"]}],"copyrightYear":"2024","copyrightHolder":{"@id":"https:\/\/dicodusport.fr\/blog\/#organization"}},{"@type":"WebPage","@id":"https:\/\/dicodusport.fr\/blog\/meeting-de-montreuil-2024-programme-favoris-et-chaine-tv\/","url":"https:\/\/dicodusport.fr\/blog\/meeting-de-montreuil-2024-programme-favoris-et-chaine-tv\/","name":"Meeting de Montreuil 2024 : Programme, favoris et cha\u00eene TV","isPartOf":{"@id":"https:\/\/dicodusport.fr\/blog\/#website"},"primaryImageOfPage":{"@id":"https:\/\/dicodusport.fr\/blog\/meeting-de-montreuil-2024-programme-favoris-et-chaine-tv\/#primaryimage"},"image":{"@id":"https:\/\/dicodusport.fr\/blog\/meeting-de-montreuil-2024-programme-favoris-et-chaine-tv\/#primaryimage"},"thumbnailUrl":"https:\/\/dicodusport.fr\/blog\/wp-content\/uploads\/2024\/05\/Meeting-de-Montreuil-2024-Favoris-chaine-et-programme-de-la-competition.png","datePublished":"2024-05-15T12:20:03+00:00","dateModified":"2024-05-16T03:11:22+00:00","description":"MEETING DE MONTREUIL 2024 - D\u00e9couvrez les t\u00eates d'affiches et le programme du Meeting de Montreuil 2024, qui aura lieu ce jeudi 16 mai.","breadcrumb":{"@id":"https:\/\/dicodusport.fr\/blog\/meeting-de-montreuil-2024-programme-favoris-et-chaine-tv\/#breadcrumb"},"inLanguage":"fr-FR","potentialAction":[{"@type":"ReadAction","target":["https:\/\/dicodusport.fr\/blog\/meeting-de-montreuil-2024-programme-favoris-et-chaine-tv\/"]}]},{"@type":"ImageObject","inLanguage":"fr-FR","@id":"https:\/\/dicodusport.fr\/blog\/meeting-de-montreuil-2024-programme-favoris-et-chaine-tv\/#primaryimage","url":"https:\/\/dicodusport.fr\/blog\/wp-content\/uploads\/2024\/05\/Meeting-de-Montreuil-2024-Favoris-chaine-et-programme-de-la-competition.png","contentUrl":"https:\/\/dicodusport.fr\/blog\/wp-content\/uploads\/2024\/05\/Meeting-de-Montreuil-2024-Favoris-chaine-et-programme-de-la-competition.png","width":1200,"height":674,"caption":"Meeting de Montreuil 2024 - Favoris, chaine et programme de la comp\u00e9tition"},{"@type":"BreadcrumbList","@id":"https:\/\/dicodusport.fr\/blog\/meeting-de-montreuil-2024-programme-favoris-et-chaine-tv\/#breadcrumb","itemListElement":[{"@type":"ListItem","position":1,"name":"Accueil","item":"https:\/\/dicodusport.fr\/blog\/"},{"@type":"ListItem","position":2,"name":"Meeting de Montreuil 2024 : Programme, favoris et cha\u00eene TV"}]},{"@type":"WebSite","@id":"https:\/\/dicodusport.fr\/blog\/#website","url":"https:\/\/dicodusport.fr\/blog\/","name":"Dicodusport","description":"L&#039;encyclop\u00e9die de l&#039;actualit\u00e9 sportive","publisher":{"@id":"https:\/\/dicodusport.fr\/blog\/#organization"},"potentialAction":[{"@type":"SearchAction","target":{"@type":"EntryPoint","urlTemplate":"https:\/\/dicodusport.fr\/blog\/?s={search_term_string}"},"query-input":{"@type":"PropertyValueSpecification","valueRequired":true,"valueName":"search_term_string"}}],"inLanguage":"fr-FR"},{"@type":"NewsMediaOrganization","@id":"https:\/\/dicodusport.fr\/blog\/#organization","name":"Dicodusport","url":"https:\/\/dicodusport.fr\/blog\/","logo":{"@type":"ImageObject","inLanguage":"fr-FR","@id":"https:\/\/dicodusport.fr\/blog\/#\/schema\/logo\/image\/","url":"https:\/\/dicodusport.fr\/blog\/wp-content\/uploads\/2020\/06\/cropped-LOGO-DICODUSPORT-2020-SANS-FOND-SANS-TEXTE.png","contentUrl":"https:\/\/dicodusport.fr\/blog\/wp-content\/uploads\/2020\/06\/cropped-LOGO-DICODUSPORT-2020-SANS-FOND-SANS-TEXTE.png","width":512,"height":512,"caption":"Dicodusport"},"image":{"@id":"https:\/\/dicodusport.fr\/blog\/#\/schema\/logo\/image\/"},"sameAs":["https:\/\/www.facebook.com\/dicodusport","https:\/\/x.com\/dicodusport","https:\/\/www.instagram.com\/dicodusport\/","https:\/\/www.youtube.com\/channel\/UC7V2KZ5sd3htJivAbA4ZG3w"],"description":"Dicodusport est l'encyclop\u00e9die de l'actualit\u00e9 sportive.","email":"bonjour@dicodusport.fr","legalName":"DICODUSPORT","foundingDate":"2018-01-14","vatID":"FR71834470973","taxID":"83447097300043","numberOfEmployees":{"@type":"QuantitativeValue","minValue":"1","maxValue":"10"}},{"@type":"Person","@id":"https:\/\/dicodusport.fr\/blog\/#\/schema\/person\/d603dd7da31fb2b46c82b9835a77ec13","name":"Etienne Goursaud","image":{"@type":"ImageObject","inLanguage":"fr-FR","@id":"https:\/\/dicodusport.fr\/blog\/#\/schema\/person\/image\/","url":"https:\/\/dicodusport.fr\/blog\/wp-content\/uploads\/2023\/12\/410122264_10231602061736049_5565839791558026645_n-150x150.jpg","contentUrl":"https:\/\/dicodusport.fr\/blog\/wp-content\/uploads\/2023\/12\/410122264_10231602061736049_5565839791558026645_n-150x150.jpg","caption":"Etienne Goursaud"},"description":"Journaliste et amoureux de sport. Ancien footballeur reconverti athl\u00e8te quand ses muscles le laissent tranquille. \u00c9lev\u00e9 \u00e0 la sauce des exploits de Thomas Voeckler en 2004, du dernier essai de l\u00e9gende de Eunice Barber \u00e0 la longueur lors des championnats du monde d'athl\u00e9tisme de 2003 mais aussi Zidane, Omeyer et Titou Lamaison.","url":"https:\/\/dicodusport.fr\/blog\/author\/etienne-goursaud\/"}]}},"_links":{"self":[{"href":"https:\/\/dicodusport.fr\/blog\/wp-json\/wp\/v2\/posts\/485679","targetHints":{"allow":["GET"]}}],"collection":[{"href":"https:\/\/dicodusport.fr\/blog\/wp-json\/wp\/v2\/posts"}],"about":[{"href":"https:\/\/dicodusport.fr\/blog\/wp-json\/wp\/v2\/types\/post"}],"author":[{"embeddable":true,"href":"https:\/\/dicodusport.fr\/blog\/wp-json\/wp\/v2\/users\/83"}],"replies":[{"embeddable":true,"href":"https:\/\/dicodusport.fr\/blog\/wp-json\/wp\/v2\/comments?post=485679"}],"version-history":[{"count":5,"href":"https:\/\/dicodusport.fr\/blog\/wp-json\/wp\/v2\/posts\/485679\/revisions"}],"predecessor-version":[{"id":485874,"href":"https:\/\/dicodusport.fr\/blog\/wp-json\/wp\/v2\/posts\/485679\/revisions\/485874"}],"wp:featuredmedia":[{"embeddable":true,"href":"https:\/\/dicodusport.fr\/blog\/wp-json\/wp\/v2\/media\/485692"}],"wp:attachment":[{"href":"https:\/\/dicodusport.fr\/blog\/wp-json\/wp\/v2\/media?parent=485679"}],"wp:term":[{"taxonomy":"category","embeddable":true,"href":"https:\/\/dicodusport.fr\/blog\/wp-json\/wp\/v2\/categories?post=485679"},{"taxonomy":"post_tag","embeddable":true,"href":"https:\/\/dicodusport.fr\/blog\/wp-json\/wp\/v2\/tags?post=485679"}],"curies":[{"name":"wp","href":"https:\/\/api.w.org\/{rel}","templated":true}]}}