{"id":485716,"date":"2024-05-16T11:02:01","date_gmt":"2024-05-16T09:02:01","guid":{"rendered":"https:\/\/dicodusport.fr\/blog\/?p=485716&#038;preview=true&#038;preview_id=485716"},"modified":"2024-05-16T11:02:01","modified_gmt":"2024-05-16T09:02:01","slug":"para-athletisme-les-mondiaux-a-kobe-avant-les-jeux-a-paris","status":"publish","type":"post","link":"https:\/\/dicodusport.fr\/blog\/para-athletisme-les-mondiaux-a-kobe-avant-les-jeux-a-paris\/","title":{"rendered":"Para athl\u00e9tisme : les Mondiaux \u00e0 Kobe, avant les Jeux \u00e0 Paris"},"content":{"rendered":"<p style=\"text-align: justify;\"><strong><em>PARA ATHL\u00c9TISME \u2013 Les championnats du monde de para athl\u00e9tisme, qui d\u00e9marrent ce vendredi au Japon, sont les derni\u00e8res possibilit\u00e9s pour l\u2019\u00e9quipe de France de se mesurer \u00e0 la concurrence internationale. Elle se pr\u00e9sente en petit comit\u00e9, avec pour objectif d\u2019aller chercher des billets pour les Jeux Paralympiques de cet \u00e9t\u00e9.\u00a0<\/em><\/strong><\/p>\n<p style=\"text-align: justify;\">Moins d\u2019un an apr\u00e8s les <a href=\"https:\/\/dicodusport.fr\/blog\/calendrier-et-resultats-championnats-du-monde-de-para-athletisme-2023\/\">Mondiaux \u00e0 Paris<\/a>, les <strong>championnats du monde de para-athl\u00e9tisme<\/strong> sont \u00e0 nouveau au programme. Du 17 au 25 mai, les athl\u00e8tes ont rendez-vous \u00e0 <strong>Kobe<\/strong> (Japon) pour s\u2019affronter une derni\u00e8re fois avant les Jeux. Mais au <strong>Japon<\/strong>, tous ne seront pas pr\u00e9sents. \u00c0 un peu plus de 100 jours de la c\u00e9r\u00e9monie d\u2019ouverture (28 ao\u00fbt 2024), nombreux sont ceux qui ont pr\u00e9f\u00e9r\u00e9 faire l\u2019impasse.<\/p>\n<p style=\"text-align: justify;\">La d\u00e9l\u00e9gation fran\u00e7aise se pr\u00e9sente avec un comit\u00e9 r\u00e9duit de seulement 11 athl\u00e8tes. Parmi eux, quatre sont d\u00e9j\u00e0 qualifi\u00e9s pour les Jeux\u00a0: <strong>Valentin Bertrand <\/strong>(saut en longueur), <strong>Manon Genest <\/strong>(saut en longueur), <strong>Badr Touzi<\/strong> (lancer du poids) et <strong>Arnaud Assoumani<\/strong> (saut en longueur).<\/p>\n<blockquote class=\"twitter-tweet\">\n<p dir=\"ltr\" lang=\"fr\">Kobe 2024, c&rsquo;est maintenant \u00e0 votre tour \ud83e\udd1d <a href=\"https:\/\/twitter.com\/kobe2022wpac?ref_src=twsrc%5Etfw\">@kobe2022wpac<\/a><\/p>\n<p>\ud83d\udcf8 Florent Pervill\u00e9 \/ Didier Echelard<a href=\"https:\/\/twitter.com\/hashtag\/PARIS23?src=hash&amp;ref_src=twsrc%5Etfw\">#PARIS23<\/a> <a href=\"https:\/\/twitter.com\/hashtag\/Handisport?src=hash&amp;ref_src=twsrc%5Etfw\">#Handisport<\/a> <a href=\"https:\/\/twitter.com\/ParaAthletics?ref_src=twsrc%5Etfw\">@paraathletics<\/a> <a href=\"https:\/\/t.co\/XxQl6y6eFk\">pic.twitter.com\/XxQl6y6eFk<\/a><\/p>\n<p>\u2014 Championnats du monde de para athl\u00e9tisme PARIS&rsquo;23 (@wpaparis23) <a href=\"https:\/\/twitter.com\/wpaparis23\/status\/1681047425681588225?ref_src=twsrc%5Etfw\">July 17, 2023<\/a><\/p><\/blockquote>\n<p><script async src=\"https:\/\/platform.twitter.com\/widgets.js\" charset=\"utf-8\"><\/script><\/p>\n<h2 style=\"text-align: justify;\">Des <em>\u00ab <\/em>r\u00e9elles chances <em>\u00bb<\/em>, mais aussi des surprises<\/h2>\n<p style=\"text-align: justify;\">Sept autres athl\u00e8tes tricolores tenteront d\u2019obtenir leur billet pendant ces championnats du monde. <em>\u00ab En termes de quotas directs potentiels \u00e0 aller chercher pour Paris 2024, nous misons entre deux et trois avec de r\u00e9elles chances comme <strong>Pierre Fairbank<\/strong> <\/em>(100, 400 et 800 m)<em>, <strong>Yasser Musanganya<\/strong> <\/em>(100, 400 m)<em>, <strong>F\u00e9licien Siapo<\/strong> <\/em>(100 m)<em> ou <strong>Dimitri Jozwicki<\/strong>\u00a0<\/em>(100 m) <em>\u00bb<\/em>, expose <strong>Guy Ontanon<\/strong>, le manager de la performance. Pour cela, ils devront monter sur l\u2019une des deux premi\u00e8res places du podium.<\/p>\n<p style=\"text-align: justify;\"><strong>Guy Ontanon<\/strong> n\u2019oublie pas les potentielles surprises <em>\u00ab puisque l\u2019on n\u2019a aucune visu sur l\u2019opposition. Il y aura surement des d\u00e9l\u00e9gations r\u00e9duites comme nous, mais je pense que l\u2019on peut esp\u00e9rer deux \u00e0 trois quotas suppl\u00e9mentaires. \u00bb<\/em> Parmi eux, <strong>Alexandra<\/strong> <strong>Nouchet<\/strong> (lancer du poids), <strong>Vitolio Kavakava<\/strong> (lancer du poids et du javelot) et <strong>Angelina Lanza<\/strong> (saut en longueur et 200 m\u00e8tres).<\/p>\n","protected":false},"excerpt":{"rendered":"<p>Les championnats du monde de para athl\u00e9tisme, qui d\u00e9marrent ce vendredi au Japon, sont les derni\u00e8res possibilit\u00e9s pour l\u2019\u00e9quipe de France de se mesurer \u00e0 la concurrence internationale<\/p>\n","protected":false},"author":80,"featured_media":485911,"comment_status":"open","ping_status":"closed","sticky":false,"template":"","format":"standard","meta":{"_acf_changed":false,"_daextam_enable_autolinks":"1","footnotes":""},"categories":[2308,5753],"tags":[16878,29208],"class_list":["post-485716","post","type-post","status-publish","format-standard","has-post-thumbnail","hentry","category-athletisme","category-handisport","tag-breve","tag-para-athletisme"],"acf":[],"yoast_head":"<!-- This site is optimized with the Yoast SEO Premium plugin v26.7 (Yoast SEO v26.7) - https:\/\/yoast.com\/wordpress\/plugins\/seo\/ -->\n<title>Para athl\u00e9tisme : les Mondiaux \u00e0 Kobe, avant les Jeux \u00e0 Paris<\/title>\n<meta name=\"description\" content=\"Les championnats du monde de para athl\u00e9tisme, qui d\u00e9marrent ce vendredi au Japon, sont les derni\u00e8res possibilit\u00e9s pour l\u2019\u00e9quipe de France de se mesurer \u00e0 la concurrence internationale.\" \/>\n<meta name=\"robots\" content=\"index, follow, max-snippet:-1, max-image-preview:large, max-video-preview:-1\" \/>\n<link rel=\"canonical\" href=\"https:\/\/dicodusport.fr\/blog\/para-athletisme-les-mondiaux-a-kobe-avant-les-jeux-a-paris\/\" \/>\n<meta property=\"og:locale\" content=\"fr_FR\" \/>\n<meta property=\"og:type\" content=\"article\" \/>\n<meta property=\"og:title\" content=\"Para athl\u00e9tisme : les Mondiaux \u00e0 Kobe, avant les Jeux \u00e0 Paris\" \/>\n<meta property=\"og:description\" content=\"Les championnats du monde de para athl\u00e9tisme, qui d\u00e9marrent ce vendredi au Japon, sont les derni\u00e8res possibilit\u00e9s pour l\u2019\u00e9quipe de France de se mesurer \u00e0 la concurrence internationale.\" \/>\n<meta property=\"og:url\" content=\"https:\/\/dicodusport.fr\/blog\/para-athletisme-les-mondiaux-a-kobe-avant-les-jeux-a-paris\/\" \/>\n<meta property=\"og:site_name\" content=\"Dicodusport\" \/>\n<meta property=\"article:publisher\" content=\"https:\/\/www.facebook.com\/dicodusport\" \/>\n<meta property=\"article:author\" content=\"https:\/\/www.facebook.com\/profile.php?id=100009753662352\" \/>\n<meta property=\"article:published_time\" content=\"2024-05-16T09:02:01+00:00\" \/>\n<meta property=\"og:image\" content=\"https:\/\/dicodusport.fr\/blog\/wp-content\/uploads\/2024\/05\/Para-athletisme-les-Mondiaux-a-Kobe-avant-les-Jeux-a-Paris.png\" \/>\n\t<meta property=\"og:image:width\" content=\"1200\" \/>\n\t<meta property=\"og:image:height\" content=\"674\" \/>\n\t<meta property=\"og:image:type\" content=\"image\/png\" \/>\n<meta name=\"author\" content=\"Killian Tanguy\" \/>\n<meta name=\"twitter:card\" content=\"summary_large_image\" \/>\n<meta name=\"twitter:title\" content=\"Para athl\u00e9tisme : les Mondiaux \u00e0 Kobe, avant les Jeux \u00e0 Paris\" \/>\n<meta name=\"twitter:creator\" content=\"@https:\/\/twitter.com\/sport_ktanguy\" \/>\n<meta name=\"twitter:site\" content=\"@dicodusport\" \/>\n<script type=\"application\/ld+json\" class=\"yoast-schema-graph\">{\"@context\":\"https:\/\/schema.org\",\"@graph\":[{\"@type\":\"NewsArticle\",\"@id\":\"https:\/\/dicodusport.fr\/blog\/para-athletisme-les-mondiaux-a-kobe-avant-les-jeux-a-paris\/#article\",\"isPartOf\":{\"@id\":\"https:\/\/dicodusport.fr\/blog\/para-athletisme-les-mondiaux-a-kobe-avant-les-jeux-a-paris\/\"},\"author\":{\"name\":\"Killian Tanguy\",\"@id\":\"https:\/\/dicodusport.fr\/blog\/#\/schema\/person\/ff2feeb71ea78ad31eeb3390ffe96b46\"},\"headline\":\"Para athl\u00e9tisme : les Mondiaux \u00e0 Kobe, avant les Jeux \u00e0 Paris\",\"datePublished\":\"2024-05-16T09:02:01+00:00\",\"mainEntityOfPage\":{\"@id\":\"https:\/\/dicodusport.fr\/blog\/para-athletisme-les-mondiaux-a-kobe-avant-les-jeux-a-paris\/\"},\"wordCount\":373,\"commentCount\":0,\"publisher\":{\"@id\":\"https:\/\/dicodusport.fr\/blog\/#organization\"},\"image\":{\"@id\":\"https:\/\/dicodusport.fr\/blog\/para-athletisme-les-mondiaux-a-kobe-avant-les-jeux-a-paris\/#primaryimage\"},\"thumbnailUrl\":\"https:\/\/dicodusport.fr\/blog\/wp-content\/uploads\/2024\/05\/Para-athletisme-les-Mondiaux-a-Kobe-avant-les-Jeux-a-Paris.png\",\"keywords\":[\"br\u00e8ve\",\"para athl\u00e9tisme\"],\"articleSection\":[\"Athl\u00e9tisme\",\"Handisport\"],\"inLanguage\":\"fr-FR\",\"potentialAction\":[{\"@type\":\"CommentAction\",\"name\":\"Comment\",\"target\":[\"https:\/\/dicodusport.fr\/blog\/para-athletisme-les-mondiaux-a-kobe-avant-les-jeux-a-paris\/#respond\"]}],\"copyrightYear\":\"2024\",\"copyrightHolder\":{\"@id\":\"https:\/\/dicodusport.fr\/blog\/#organization\"}},{\"@type\":\"WebPage\",\"@id\":\"https:\/\/dicodusport.fr\/blog\/para-athletisme-les-mondiaux-a-kobe-avant-les-jeux-a-paris\/\",\"url\":\"https:\/\/dicodusport.fr\/blog\/para-athletisme-les-mondiaux-a-kobe-avant-les-jeux-a-paris\/\",\"name\":\"Para athl\u00e9tisme : les Mondiaux \u00e0 Kobe, avant les Jeux \u00e0 Paris\",\"isPartOf\":{\"@id\":\"https:\/\/dicodusport.fr\/blog\/#website\"},\"primaryImageOfPage\":{\"@id\":\"https:\/\/dicodusport.fr\/blog\/para-athletisme-les-mondiaux-a-kobe-avant-les-jeux-a-paris\/#primaryimage\"},\"image\":{\"@id\":\"https:\/\/dicodusport.fr\/blog\/para-athletisme-les-mondiaux-a-kobe-avant-les-jeux-a-paris\/#primaryimage\"},\"thumbnailUrl\":\"https:\/\/dicodusport.fr\/blog\/wp-content\/uploads\/2024\/05\/Para-athletisme-les-Mondiaux-a-Kobe-avant-les-Jeux-a-Paris.png\",\"datePublished\":\"2024-05-16T09:02:01+00:00\",\"description\":\"Les championnats du monde de para athl\u00e9tisme, qui d\u00e9marrent ce vendredi au Japon, sont les derni\u00e8res possibilit\u00e9s pour l\u2019\u00e9quipe de France de se mesurer \u00e0 la concurrence internationale.\",\"breadcrumb\":{\"@id\":\"https:\/\/dicodusport.fr\/blog\/para-athletisme-les-mondiaux-a-kobe-avant-les-jeux-a-paris\/#breadcrumb\"},\"inLanguage\":\"fr-FR\",\"potentialAction\":[{\"@type\":\"ReadAction\",\"target\":[\"https:\/\/dicodusport.fr\/blog\/para-athletisme-les-mondiaux-a-kobe-avant-les-jeux-a-paris\/\"]}]},{\"@type\":\"ImageObject\",\"inLanguage\":\"fr-FR\",\"@id\":\"https:\/\/dicodusport.fr\/blog\/para-athletisme-les-mondiaux-a-kobe-avant-les-jeux-a-paris\/#primaryimage\",\"url\":\"https:\/\/dicodusport.fr\/blog\/wp-content\/uploads\/2024\/05\/Para-athletisme-les-Mondiaux-a-Kobe-avant-les-Jeux-a-Paris.png\",\"contentUrl\":\"https:\/\/dicodusport.fr\/blog\/wp-content\/uploads\/2024\/05\/Para-athletisme-les-Mondiaux-a-Kobe-avant-les-Jeux-a-Paris.png\",\"width\":1200,\"height\":674,\"caption\":\"Para athl\u00e9tisme les Mondiaux \u00e0 Kobe, avant les Jeux \u00e0 Paris\"},{\"@type\":\"BreadcrumbList\",\"@id\":\"https:\/\/dicodusport.fr\/blog\/para-athletisme-les-mondiaux-a-kobe-avant-les-jeux-a-paris\/#breadcrumb\",\"itemListElement\":[{\"@type\":\"ListItem\",\"position\":1,\"name\":\"Accueil\",\"item\":\"https:\/\/dicodusport.fr\/blog\/\"},{\"@type\":\"ListItem\",\"position\":2,\"name\":\"Para athl\u00e9tisme : les Mondiaux \u00e0 Kobe, avant les Jeux \u00e0 Paris\"}]},{\"@type\":\"WebSite\",\"@id\":\"https:\/\/dicodusport.fr\/blog\/#website\",\"url\":\"https:\/\/dicodusport.fr\/blog\/\",\"name\":\"Dicodusport\",\"description\":\"L&#039;encyclop\u00e9die de l&#039;actualit\u00e9 sportive\",\"publisher\":{\"@id\":\"https:\/\/dicodusport.fr\/blog\/#organization\"},\"potentialAction\":[{\"@type\":\"SearchAction\",\"target\":{\"@type\":\"EntryPoint\",\"urlTemplate\":\"https:\/\/dicodusport.fr\/blog\/?s={search_term_string}\"},\"query-input\":{\"@type\":\"PropertyValueSpecification\",\"valueRequired\":true,\"valueName\":\"search_term_string\"}}],\"inLanguage\":\"fr-FR\"},{\"@type\":\"NewsMediaOrganization\",\"@id\":\"https:\/\/dicodusport.fr\/blog\/#organization\",\"name\":\"Dicodusport\",\"url\":\"https:\/\/dicodusport.fr\/blog\/\",\"logo\":{\"@type\":\"ImageObject\",\"inLanguage\":\"fr-FR\",\"@id\":\"https:\/\/dicodusport.fr\/blog\/#\/schema\/logo\/image\/\",\"url\":\"https:\/\/dicodusport.fr\/blog\/wp-content\/uploads\/2020\/06\/cropped-LOGO-DICODUSPORT-2020-SANS-FOND-SANS-TEXTE.png\",\"contentUrl\":\"https:\/\/dicodusport.fr\/blog\/wp-content\/uploads\/2020\/06\/cropped-LOGO-DICODUSPORT-2020-SANS-FOND-SANS-TEXTE.png\",\"width\":512,\"height\":512,\"caption\":\"Dicodusport\"},\"image\":{\"@id\":\"https:\/\/dicodusport.fr\/blog\/#\/schema\/logo\/image\/\"},\"sameAs\":[\"https:\/\/www.facebook.com\/dicodusport\",\"https:\/\/x.com\/dicodusport\",\"https:\/\/www.instagram.com\/dicodusport\/\",\"https:\/\/www.youtube.com\/channel\/UC7V2KZ5sd3htJivAbA4ZG3w\"],\"description\":\"Dicodusport est l'encyclop\u00e9die de l'actualit\u00e9 sportive.\",\"email\":\"bonjour@dicodusport.fr\",\"legalName\":\"DICODUSPORT\",\"foundingDate\":\"2018-01-14\",\"vatID\":\"FR71834470973\",\"taxID\":\"83447097300043\",\"numberOfEmployees\":{\"@type\":\"QuantitativeValue\",\"minValue\":\"1\",\"maxValue\":\"10\"}},{\"@type\":\"Person\",\"@id\":\"https:\/\/dicodusport.fr\/blog\/#\/schema\/person\/ff2feeb71ea78ad31eeb3390ffe96b46\",\"name\":\"Killian Tanguy\",\"image\":{\"@type\":\"ImageObject\",\"inLanguage\":\"fr-FR\",\"@id\":\"https:\/\/dicodusport.fr\/blog\/#\/schema\/person\/image\/\",\"url\":\"https:\/\/dicodusport.fr\/blog\/wp-content\/uploads\/2022\/12\/Killian-Tanguy-150x150.png\",\"contentUrl\":\"https:\/\/dicodusport.fr\/blog\/wp-content\/uploads\/2022\/12\/Killian-Tanguy-150x150.png\",\"caption\":\"Killian Tanguy\"},\"description\":\"Journaliste qui parle de tout et surtout de sport. Rugby, handball, sports d'hiver, football, cyclisme... Et ce que j'aime par-dessus tout : couvrir une discipline que je ne connais pas. Rien de mieux pour s'enrichir et apprendre.\",\"sameAs\":[\"https:\/\/killiantanguy.wixsite.com\/monsite\",\"https:\/\/www.facebook.com\/profile.php?id=100009753662352\",\"https:\/\/www.instagram.com\/sport.killiantanguy\/\",\"https:\/\/www.linkedin.com\/in\/killiantanguy\/\",\"https:\/\/x.com\/https:\/\/twitter.com\/sport_ktanguy\",\"https:\/\/www.youtube.com\/channel\/UCRfZkHKJL0wK7wvnJjCry-Q\"],\"url\":\"https:\/\/dicodusport.fr\/blog\/author\/killian-tanguy\/\"}]}<\/script>\n<!-- \/ Yoast SEO Premium plugin. -->","yoast_head_json":{"title":"Para athl\u00e9tisme : les Mondiaux \u00e0 Kobe, avant les Jeux \u00e0 Paris","description":"Les championnats du monde de para athl\u00e9tisme, qui d\u00e9marrent ce vendredi au Japon, sont les derni\u00e8res possibilit\u00e9s pour l\u2019\u00e9quipe de France de se mesurer \u00e0 la concurrence internationale.","robots":{"index":"index","follow":"follow","max-snippet":"max-snippet:-1","max-image-preview":"max-image-preview:large","max-video-preview":"max-video-preview:-1"},"canonical":"https:\/\/dicodusport.fr\/blog\/para-athletisme-les-mondiaux-a-kobe-avant-les-jeux-a-paris\/","og_locale":"fr_FR","og_type":"article","og_title":"Para athl\u00e9tisme : les Mondiaux \u00e0 Kobe, avant les Jeux \u00e0 Paris","og_description":"Les championnats du monde de para athl\u00e9tisme, qui d\u00e9marrent ce vendredi au Japon, sont les derni\u00e8res possibilit\u00e9s pour l\u2019\u00e9quipe de France de se mesurer \u00e0 la concurrence internationale.","og_url":"https:\/\/dicodusport.fr\/blog\/para-athletisme-les-mondiaux-a-kobe-avant-les-jeux-a-paris\/","og_site_name":"Dicodusport","article_publisher":"https:\/\/www.facebook.com\/dicodusport","article_author":"https:\/\/www.facebook.com\/profile.php?id=100009753662352","article_published_time":"2024-05-16T09:02:01+00:00","og_image":[{"width":1200,"height":674,"url":"https:\/\/dicodusport.fr\/blog\/wp-content\/uploads\/2024\/05\/Para-athletisme-les-Mondiaux-a-Kobe-avant-les-Jeux-a-Paris.png","type":"image\/png"}],"author":"Killian Tanguy","twitter_card":"summary_large_image","twitter_title":"Para athl\u00e9tisme : les Mondiaux \u00e0 Kobe, avant les Jeux \u00e0 Paris","twitter_creator":"@https:\/\/twitter.com\/sport_ktanguy","twitter_site":"@dicodusport","schema":{"@context":"https:\/\/schema.org","@graph":[{"@type":"NewsArticle","@id":"https:\/\/dicodusport.fr\/blog\/para-athletisme-les-mondiaux-a-kobe-avant-les-jeux-a-paris\/#article","isPartOf":{"@id":"https:\/\/dicodusport.fr\/blog\/para-athletisme-les-mondiaux-a-kobe-avant-les-jeux-a-paris\/"},"author":{"name":"Killian Tanguy","@id":"https:\/\/dicodusport.fr\/blog\/#\/schema\/person\/ff2feeb71ea78ad31eeb3390ffe96b46"},"headline":"Para athl\u00e9tisme : les Mondiaux \u00e0 Kobe, avant les Jeux \u00e0 Paris","datePublished":"2024-05-16T09:02:01+00:00","mainEntityOfPage":{"@id":"https:\/\/dicodusport.fr\/blog\/para-athletisme-les-mondiaux-a-kobe-avant-les-jeux-a-paris\/"},"wordCount":373,"commentCount":0,"publisher":{"@id":"https:\/\/dicodusport.fr\/blog\/#organization"},"image":{"@id":"https:\/\/dicodusport.fr\/blog\/para-athletisme-les-mondiaux-a-kobe-avant-les-jeux-a-paris\/#primaryimage"},"thumbnailUrl":"https:\/\/dicodusport.fr\/blog\/wp-content\/uploads\/2024\/05\/Para-athletisme-les-Mondiaux-a-Kobe-avant-les-Jeux-a-Paris.png","keywords":["br\u00e8ve","para athl\u00e9tisme"],"articleSection":["Athl\u00e9tisme","Handisport"],"inLanguage":"fr-FR","potentialAction":[{"@type":"CommentAction","name":"Comment","target":["https:\/\/dicodusport.fr\/blog\/para-athletisme-les-mondiaux-a-kobe-avant-les-jeux-a-paris\/#respond"]}],"copyrightYear":"2024","copyrightHolder":{"@id":"https:\/\/dicodusport.fr\/blog\/#organization"}},{"@type":"WebPage","@id":"https:\/\/dicodusport.fr\/blog\/para-athletisme-les-mondiaux-a-kobe-avant-les-jeux-a-paris\/","url":"https:\/\/dicodusport.fr\/blog\/para-athletisme-les-mondiaux-a-kobe-avant-les-jeux-a-paris\/","name":"Para athl\u00e9tisme : les Mondiaux \u00e0 Kobe, avant les Jeux \u00e0 Paris","isPartOf":{"@id":"https:\/\/dicodusport.fr\/blog\/#website"},"primaryImageOfPage":{"@id":"https:\/\/dicodusport.fr\/blog\/para-athletisme-les-mondiaux-a-kobe-avant-les-jeux-a-paris\/#primaryimage"},"image":{"@id":"https:\/\/dicodusport.fr\/blog\/para-athletisme-les-mondiaux-a-kobe-avant-les-jeux-a-paris\/#primaryimage"},"thumbnailUrl":"https:\/\/dicodusport.fr\/blog\/wp-content\/uploads\/2024\/05\/Para-athletisme-les-Mondiaux-a-Kobe-avant-les-Jeux-a-Paris.png","datePublished":"2024-05-16T09:02:01+00:00","description":"Les championnats du monde de para athl\u00e9tisme, qui d\u00e9marrent ce vendredi au Japon, sont les derni\u00e8res possibilit\u00e9s pour l\u2019\u00e9quipe de France de se mesurer \u00e0 la concurrence internationale.","breadcrumb":{"@id":"https:\/\/dicodusport.fr\/blog\/para-athletisme-les-mondiaux-a-kobe-avant-les-jeux-a-paris\/#breadcrumb"},"inLanguage":"fr-FR","potentialAction":[{"@type":"ReadAction","target":["https:\/\/dicodusport.fr\/blog\/para-athletisme-les-mondiaux-a-kobe-avant-les-jeux-a-paris\/"]}]},{"@type":"ImageObject","inLanguage":"fr-FR","@id":"https:\/\/dicodusport.fr\/blog\/para-athletisme-les-mondiaux-a-kobe-avant-les-jeux-a-paris\/#primaryimage","url":"https:\/\/dicodusport.fr\/blog\/wp-content\/uploads\/2024\/05\/Para-athletisme-les-Mondiaux-a-Kobe-avant-les-Jeux-a-Paris.png","contentUrl":"https:\/\/dicodusport.fr\/blog\/wp-content\/uploads\/2024\/05\/Para-athletisme-les-Mondiaux-a-Kobe-avant-les-Jeux-a-Paris.png","width":1200,"height":674,"caption":"Para athl\u00e9tisme les Mondiaux \u00e0 Kobe, avant les Jeux \u00e0 Paris"},{"@type":"BreadcrumbList","@id":"https:\/\/dicodusport.fr\/blog\/para-athletisme-les-mondiaux-a-kobe-avant-les-jeux-a-paris\/#breadcrumb","itemListElement":[{"@type":"ListItem","position":1,"name":"Accueil","item":"https:\/\/dicodusport.fr\/blog\/"},{"@type":"ListItem","position":2,"name":"Para athl\u00e9tisme : les Mondiaux \u00e0 Kobe, avant les Jeux \u00e0 Paris"}]},{"@type":"WebSite","@id":"https:\/\/dicodusport.fr\/blog\/#website","url":"https:\/\/dicodusport.fr\/blog\/","name":"Dicodusport","description":"L&#039;encyclop\u00e9die de l&#039;actualit\u00e9 sportive","publisher":{"@id":"https:\/\/dicodusport.fr\/blog\/#organization"},"potentialAction":[{"@type":"SearchAction","target":{"@type":"EntryPoint","urlTemplate":"https:\/\/dicodusport.fr\/blog\/?s={search_term_string}"},"query-input":{"@type":"PropertyValueSpecification","valueRequired":true,"valueName":"search_term_string"}}],"inLanguage":"fr-FR"},{"@type":"NewsMediaOrganization","@id":"https:\/\/dicodusport.fr\/blog\/#organization","name":"Dicodusport","url":"https:\/\/dicodusport.fr\/blog\/","logo":{"@type":"ImageObject","inLanguage":"fr-FR","@id":"https:\/\/dicodusport.fr\/blog\/#\/schema\/logo\/image\/","url":"https:\/\/dicodusport.fr\/blog\/wp-content\/uploads\/2020\/06\/cropped-LOGO-DICODUSPORT-2020-SANS-FOND-SANS-TEXTE.png","contentUrl":"https:\/\/dicodusport.fr\/blog\/wp-content\/uploads\/2020\/06\/cropped-LOGO-DICODUSPORT-2020-SANS-FOND-SANS-TEXTE.png","width":512,"height":512,"caption":"Dicodusport"},"image":{"@id":"https:\/\/dicodusport.fr\/blog\/#\/schema\/logo\/image\/"},"sameAs":["https:\/\/www.facebook.com\/dicodusport","https:\/\/x.com\/dicodusport","https:\/\/www.instagram.com\/dicodusport\/","https:\/\/www.youtube.com\/channel\/UC7V2KZ5sd3htJivAbA4ZG3w"],"description":"Dicodusport est l'encyclop\u00e9die de l'actualit\u00e9 sportive.","email":"bonjour@dicodusport.fr","legalName":"DICODUSPORT","foundingDate":"2018-01-14","vatID":"FR71834470973","taxID":"83447097300043","numberOfEmployees":{"@type":"QuantitativeValue","minValue":"1","maxValue":"10"}},{"@type":"Person","@id":"https:\/\/dicodusport.fr\/blog\/#\/schema\/person\/ff2feeb71ea78ad31eeb3390ffe96b46","name":"Killian Tanguy","image":{"@type":"ImageObject","inLanguage":"fr-FR","@id":"https:\/\/dicodusport.fr\/blog\/#\/schema\/person\/image\/","url":"https:\/\/dicodusport.fr\/blog\/wp-content\/uploads\/2022\/12\/Killian-Tanguy-150x150.png","contentUrl":"https:\/\/dicodusport.fr\/blog\/wp-content\/uploads\/2022\/12\/Killian-Tanguy-150x150.png","caption":"Killian Tanguy"},"description":"Journaliste qui parle de tout et surtout de sport. Rugby, handball, sports d'hiver, football, cyclisme... Et ce que j'aime par-dessus tout : couvrir une discipline que je ne connais pas. Rien de mieux pour s'enrichir et apprendre.","sameAs":["https:\/\/killiantanguy.wixsite.com\/monsite","https:\/\/www.facebook.com\/profile.php?id=100009753662352","https:\/\/www.instagram.com\/sport.killiantanguy\/","https:\/\/www.linkedin.com\/in\/killiantanguy\/","https:\/\/x.com\/https:\/\/twitter.com\/sport_ktanguy","https:\/\/www.youtube.com\/channel\/UCRfZkHKJL0wK7wvnJjCry-Q"],"url":"https:\/\/dicodusport.fr\/blog\/author\/killian-tanguy\/"}]}},"_links":{"self":[{"href":"https:\/\/dicodusport.fr\/blog\/wp-json\/wp\/v2\/posts\/485716","targetHints":{"allow":["GET"]}}],"collection":[{"href":"https:\/\/dicodusport.fr\/blog\/wp-json\/wp\/v2\/posts"}],"about":[{"href":"https:\/\/dicodusport.fr\/blog\/wp-json\/wp\/v2\/types\/post"}],"author":[{"embeddable":true,"href":"https:\/\/dicodusport.fr\/blog\/wp-json\/wp\/v2\/users\/80"}],"replies":[{"embeddable":true,"href":"https:\/\/dicodusport.fr\/blog\/wp-json\/wp\/v2\/comments?post=485716"}],"version-history":[{"count":5,"href":"https:\/\/dicodusport.fr\/blog\/wp-json\/wp\/v2\/posts\/485716\/revisions"}],"predecessor-version":[{"id":485912,"href":"https:\/\/dicodusport.fr\/blog\/wp-json\/wp\/v2\/posts\/485716\/revisions\/485912"}],"wp:featuredmedia":[{"embeddable":true,"href":"https:\/\/dicodusport.fr\/blog\/wp-json\/wp\/v2\/media\/485911"}],"wp:attachment":[{"href":"https:\/\/dicodusport.fr\/blog\/wp-json\/wp\/v2\/media?parent=485716"}],"wp:term":[{"taxonomy":"category","embeddable":true,"href":"https:\/\/dicodusport.fr\/blog\/wp-json\/wp\/v2\/categories?post=485716"},{"taxonomy":"post_tag","embeddable":true,"href":"https:\/\/dicodusport.fr\/blog\/wp-json\/wp\/v2\/tags?post=485716"}],"curies":[{"name":"wp","href":"https:\/\/api.w.org\/{rel}","templated":true}]}}